{"id":3518,"date":"2026-05-02T07:11:08","date_gmt":"2026-05-02T07:11:08","guid":{"rendered":"https:\/\/www.sebastien-auziere.fr\/blog\/?p=3518"},"modified":"2026-05-02T07:11:31","modified_gmt":"2026-05-02T07:11:31","slug":"emmanuel-e-brigitte-macron-profundamente-emocionados-com-sua-troca-com-a-equipe-do-filme-um-ptit-truc-en-plus","status":"publish","type":"post","link":"https:\/\/www.sebastien-auziere.fr\/blog\/pt\/emmanuel-e-brigitte-macron-profundamente-emocionados-com-sua-troca-com-a-equipe-do-filme-um-ptit-truc-en-plus\/","title":{"rendered":"Emmanuel e Brigitte Macron profundamente emocionados com sua troca com a equipe do filme &lsquo;Um p\u2019tit truc en plus&rsquo;"},"content":{"rendered":"<p><strong>Emmanuel Macron<\/strong> e <strong>Brigitte Macron<\/strong> pareceram visivelmente tocados durante sua intera\u00e7\u00e3o com a <strong>equipe do filme<\/strong> <strong>Um p\u2019tit truc en plus<\/strong>, revelado no document\u00e1rio exibido no dia 30 de abril na M6. Voc\u00ea sente imediatamente a calorosidade do momento: abra\u00e7os, sorrisos e palavras sinceras marcaram esse <strong>encontro<\/strong> no Pal\u00e1cio do Eliseu.<\/p>\n\n<p>Em resumo: o document\u00e1rio mostrou a visita de ver\u00e3o de 2024 ao pal\u00e1cio; o presidente elogiou a ternura do <strong>filme franc\u00eas<\/strong> e o ator Stanislas Carmont at\u00e9 se sentou na cadeira presidencial. Esse testemunho refor\u00e7ou a <strong>emo\u00e7\u00e3o<\/strong> em torno do projeto e reacendeu o interesse pelo <strong>cinema franc\u00eas<\/strong>.<\/p>\n\n<h2 class=\"wp-block-heading\">Uma visita ao Eliseu que ficar\u00e1 na mem\u00f3ria<\/h2>\n\n<p>A sequ\u00eancia in\u00e9dita, mostrada no final do reportagens, imortaliza o <strong>encontro<\/strong> entre o casal presidencial e a trupe de Artus. Emmanuel Macron parabeniza o elenco pelo sucesso do longa-metragem e menciona seu papel para mudar a vis\u00e3o do p\u00fablico.<\/p>\n\n<p>Essas imagens e rea\u00e7\u00f5es podem ser encontradas no relato do <a href=\"https:\/\/www.programme-tv.net\/news\/tv\/401535-cest-mignon-chez-vous-ce-jour-ou-emmanuel-macron-a-fait-la-rencontre-des-comediens-du-film-d-artus-un-ptit-truc-en-plus\/\" rel=\"nofollow\">encontro dos atores<\/a>; um instante em que Stanislas Carmont at\u00e9 p\u00f4de se sentar na mesa do presidente \u2014 uma lembran\u00e7a forte para a equipe.<\/p>\n\n<h2 class=\"wp-block-heading\">As palavras que suscitaram emo\u00e7\u00e3o<\/h2>\n\n<p>Emmanuel Macron elogiou \u201ca ternura e o humor\u201d do filme, afirmando que esse tipo de obra \u201c <strong>\u00e9 o que precisamos<\/strong>\u201d em tempos dif\u00edceis. Essas palavras emocionaram a trupe e refor\u00e7aram o car\u00e1ter social do projeto.<\/p>\n\n<p>O document\u00e1rio tamb\u00e9m destaca testemunhos concretos: Gad Abecassis contou como esse <strong>encontro<\/strong> levou a uma oportunidade profissional no Eliseu, ilustrando o impacto humano de um interc\u00e2mbio entre p\u00fablico e artistas.<\/p>\n\n<h2 class=\"wp-block-heading\">Impacto no cinema franc\u00eas e feedback da equipe do filme<\/h2>\n\n<p><strong>Um p\u2019tit truc en plus<\/strong> levou quase dez anos para ser realizado e sua estreia em Cannes, seguida de um sucesso nas salas, explica por que o casal presidencial fez quest\u00e3o de parabenizar a distribui\u00e7\u00e3o. Os atores, questionados no document\u00e1rio, falam sobre a g\u00eanese e as primeiras rea\u00e7\u00f5es do p\u00fablico.<\/p>\n\n<p>Essa reportagem destaca o lugar do <strong>filme franc\u00eas<\/strong> no debate cultural: uma mistura de ternura e humor que tocou o Eliseu e o grande p\u00fablico. Insight: o cinema pode provocar verdadeiras mudan\u00e7as de percep\u00e7\u00e3o.<\/p>\n\n<h2 class=\"wp-block-heading\">Rumores, viralidade e apaziguamento ap\u00f3s a exibi\u00e7\u00e3o<\/h2>\n\n<p>A exibi\u00e7\u00e3o coincidiu com um per\u00edodo em que um v\u00eddeo viral mostrava o casal Macron durante um deslocamento, alimentando rumores e teorias. V\u00e1rios meios de comunica\u00e7\u00e3o analisaram essas imagens e o Eliseu pediu calmaria para recontextualizar as interpreta\u00e7\u00f5es.<\/p>\n\n<p>Para uma contextualiza\u00e7\u00e3o factual sobre a viralidade e as an\u00e1lises, veja a reportagem publicada no <a href=\"https:\/\/www.nouvelobs.com\/politique\/20250526.OBS104311\/d-une-fake-news-generee-a-une-scene-de-menage-le-recit-mouvant-autour-de-la-video-d-emmanuel-et-brigitte-macron.html\" rel=\"nofollow\">Nouvel Obs<\/a> e a reportagem da <a href=\"https:\/\/www.rtbf.be\/article\/la-video-d-un-echange-entre-brigitte-et-emmanuel-macron-devient-virale-le-president-dement-toute-scene-de-menage-et-appelle-au-calme-11552762\" rel=\"nofollow\">RTBF<\/a>. O essencial: a intera\u00e7\u00e3o filmada com a equipe do filme permanece um momento de compartilhamento aut\u00eantico.<\/p>\n\n<p>Para saber mais sobre S\u00e9bastien Auzi\u00e8re e acompanhar os eventos que envolvem a fam\u00edlia presidencial, descubra os artigos dedicados aos seus momentos p\u00fablicos, como a <a href=\"https:\/\/www.sebastien-auziere.fr\/blog\/brigitte-macron-elysee\/\" rel=\"nofollow\">visita ao Eliseu<\/a> ou os artigos recentes sobre a <a href=\"https:\/\/www.sebastien-auziere.fr\/blog\/brigitte-macron-tristesse\/\" rel=\"nofollow\">tristeza<\/a> \u00e0s vezes mencionada na imprensa. Para um aprofundamento, acesse <a href=\"https:\/\/www.sebastien-auziere.fr\/blog\/brigitte-macron-epreuves-elysee\/\" rel=\"nofollow\">sebastien-auziere.fr<\/a> e mergulhe nesses testemunhos e bastidores.<\/p>","protected":false},"excerpt":{"rendered":"<p>Emmanuel Macron e Brigitte Macron pareceram visivelmente tocados durante sua intera\u00e7\u00e3o com a equipe do filme Um p\u2019tit truc en plus, revelado no document\u00e1rio exibido no dia 30 de abril na M6. Voc\u00ea sente imediatamente a calorosidade do momento: abra\u00e7os, sorrisos e palavras sinceras marcaram esse encontro no Pal\u00e1cio do Eliseu. Em resumo: o document\u00e1rio &#8230; <a title=\"Emmanuel e Brigitte Macron profundamente emocionados com sua troca com a equipe do filme &lsquo;Um p\u2019tit truc en plus&rsquo;\" class=\"read-more\" href=\"https:\/\/www.sebastien-auziere.fr\/blog\/pt\/emmanuel-e-brigitte-macron-profundamente-emocionados-com-sua-troca-com-a-equipe-do-filme-um-ptit-truc-en-plus\/\" aria-label=\"En savoir plus sur Emmanuel e Brigitte Macron profundamente emocionados com sua troca com a equipe do filme &lsquo;Um p\u2019tit truc en plus&rsquo;\">Lire plus<\/a><\/p>\n","protected":false},"author":9,"featured_media":3508,"comment_status":"open","ping_status":"open","sticky":false,"template":"","format":"standard","meta":{"footnotes":""},"categories":[862],"tags":[959,1202,5141,5144,5138],"class_list":["post-3518","post","type-post","status-publish","format-standard","has-post-thumbnail","hentry","category-actualidades-pt","tag-brigitte-macron-pt","tag-emmanuel-macron-pt","tag-equipe-do-filme-pt","tag-film-uma-coisinha-a-mais-pt","tag-troca-emocional-pt"],"yoast_head":"<!-- This site is optimized with the Yoast SEO plugin v27.5 - https:\/\/yoast.com\/product\/yoast-seo-wordpress\/ -->\n<title>Emmanuel e Brigitte Macron profundamente emocionados com sua troca com a equipe do filme &#039;Um p\u2019tit truc en plus&#039; - Fan site S\u00e9bastien Auzi\u00e8re<\/title>\n<meta name=\"description\" content=\"Emmanuel et Brigitte Macron profond\u00e9ment touch\u00e9s par leur \u00e9change \u00e9mouvant avec l\u2019\u00e9quipe du film &#039;Un p\u2019tit truc en plus&#039;.\" \/>\n<meta name=\"robots\" content=\"index, follow, max-snippet:-1, max-image-preview:large, max-video-preview:-1\" \/>\n<link rel=\"canonical\" href=\"https:\/\/www.sebastien-auziere.fr\/blog\/pt\/emmanuel-e-brigitte-macron-profundamente-emocionados-com-sua-troca-com-a-equipe-do-filme-um-ptit-truc-en-plus\/\" \/>\n<meta property=\"og:locale\" content=\"fr_FR\" \/>\n<meta property=\"og:type\" content=\"article\" \/>\n<meta property=\"og:title\" content=\"Emmanuel e Brigitte Macron profundamente emocionados com sua troca com a equipe do filme &#039;Um p\u2019tit truc en plus&#039; - Fan site S\u00e9bastien Auzi\u00e8re\" \/>\n<meta property=\"og:description\" content=\"Emmanuel et Brigitte Macron profond\u00e9ment touch\u00e9s par leur \u00e9change \u00e9mouvant avec l\u2019\u00e9quipe du film &#039;Un p\u2019tit truc en plus&#039;.\" \/>\n<meta property=\"og:url\" content=\"https:\/\/www.sebastien-auziere.fr\/blog\/pt\/emmanuel-e-brigitte-macron-profundamente-emocionados-com-sua-troca-com-a-equipe-do-filme-um-ptit-truc-en-plus\/\" \/>\n<meta property=\"og:site_name\" content=\"Fan site S\u00e9bastien Auzi\u00e8re\" \/>\n<meta property=\"article:published_time\" content=\"2026-05-02T07:11:08+00:00\" \/>\n<meta property=\"article:modified_time\" content=\"2026-05-02T07:11:31+00:00\" \/>\n<meta property=\"og:image\" content=\"https:\/\/www.sebastien-auziere.fr\/blog\/wp-content\/uploads\/2026\/05\/Emmanuel-et-Brigitte-Macron-profondement-emus-par-leur-echange-avec-lequipe-du-film-Un-ptit-truc-en-plus.jpg\" \/>\n\t<meta property=\"og:image:width\" content=\"2560\" \/>\n\t<meta property=\"og:image:height\" content=\"1429\" \/>\n\t<meta property=\"og:image:type\" content=\"image\/jpeg\" \/>\n<meta name=\"author\" content=\"Chloe Gauthier\" \/>\n<meta name=\"twitter:card\" content=\"summary_large_image\" \/>\n<meta name=\"twitter:label1\" content=\"\u00c9crit par\" \/>\n\t<meta name=\"twitter:data1\" content=\"Chloe Gauthier\" \/>\n\t<meta name=\"twitter:label2\" content=\"Dur\u00e9e de lecture estim\u00e9e\" \/>\n\t<meta name=\"twitter:data2\" content=\"3 minutes\" \/>\n<script type=\"application\/ld+json\" class=\"yoast-schema-graph\">{\"@context\":\"https:\\\/\\\/schema.org\",\"@graph\":[{\"@type\":\"Article\",\"@id\":\"https:\\\/\\\/www.sebastien-auziere.fr\\\/blog\\\/pt\\\/emmanuel-e-brigitte-macron-profundamente-emocionados-com-sua-troca-com-a-equipe-do-filme-um-ptit-truc-en-plus\\\/#article\",\"isPartOf\":{\"@id\":\"https:\\\/\\\/www.sebastien-auziere.fr\\\/blog\\\/pt\\\/emmanuel-e-brigitte-macron-profundamente-emocionados-com-sua-troca-com-a-equipe-do-filme-um-ptit-truc-en-plus\\\/\"},\"author\":{\"name\":\"Chloe Gauthier\",\"@id\":\"https:\\\/\\\/www.sebastien-auziere.fr\\\/blog\\\/#\\\/schema\\\/person\\\/149f1acdbfd85149c6c3e59adeae2f4d\"},\"headline\":\"Emmanuel e Brigitte Macron profundamente emocionados com sua troca com a equipe do filme &lsquo;Um p\u2019tit truc en plus&rsquo;\",\"datePublished\":\"2026-05-02T07:11:08+00:00\",\"dateModified\":\"2026-05-02T07:11:31+00:00\",\"mainEntityOfPage\":{\"@id\":\"https:\\\/\\\/www.sebastien-auziere.fr\\\/blog\\\/pt\\\/emmanuel-e-brigitte-macron-profundamente-emocionados-com-sua-troca-com-a-equipe-do-filme-um-ptit-truc-en-plus\\\/\"},\"wordCount\":551,\"commentCount\":0,\"publisher\":{\"@id\":\"https:\\\/\\\/www.sebastien-auziere.fr\\\/blog\\\/#organization\"},\"image\":{\"@id\":\"https:\\\/\\\/www.sebastien-auziere.fr\\\/blog\\\/pt\\\/emmanuel-e-brigitte-macron-profundamente-emocionados-com-sua-troca-com-a-equipe-do-filme-um-ptit-truc-en-plus\\\/#primaryimage\"},\"thumbnailUrl\":\"https:\\\/\\\/www.sebastien-auziere.fr\\\/blog\\\/wp-content\\\/uploads\\\/2026\\\/05\\\/Emmanuel-et-Brigitte-Macron-profondement-emus-par-leur-echange-avec-lequipe-du-film-Un-ptit-truc-en-plus.jpg\",\"keywords\":[\"brigitte macron\",\"emmanuel macron\",\"equipe do filme\",\"film uma coisinha a mais\",\"troca emocional\"],\"articleSection\":[\"Actualidades\"],\"inLanguage\":\"fr-FR\",\"potentialAction\":[{\"@type\":\"CommentAction\",\"name\":\"Comment\",\"target\":[\"https:\\\/\\\/www.sebastien-auziere.fr\\\/blog\\\/pt\\\/emmanuel-e-brigitte-macron-profundamente-emocionados-com-sua-troca-com-a-equipe-do-filme-um-ptit-truc-en-plus\\\/#respond\"]}]},{\"@type\":\"WebPage\",\"@id\":\"https:\\\/\\\/www.sebastien-auziere.fr\\\/blog\\\/pt\\\/emmanuel-e-brigitte-macron-profundamente-emocionados-com-sua-troca-com-a-equipe-do-filme-um-ptit-truc-en-plus\\\/\",\"url\":\"https:\\\/\\\/www.sebastien-auziere.fr\\\/blog\\\/pt\\\/emmanuel-e-brigitte-macron-profundamente-emocionados-com-sua-troca-com-a-equipe-do-filme-um-ptit-truc-en-plus\\\/\",\"name\":\"Emmanuel e Brigitte Macron profundamente emocionados com sua troca com a equipe do filme 'Um p\u2019tit truc en plus' - Fan site S\u00e9bastien Auzi\u00e8re\",\"isPartOf\":{\"@id\":\"https:\\\/\\\/www.sebastien-auziere.fr\\\/blog\\\/#website\"},\"primaryImageOfPage\":{\"@id\":\"https:\\\/\\\/www.sebastien-auziere.fr\\\/blog\\\/pt\\\/emmanuel-e-brigitte-macron-profundamente-emocionados-com-sua-troca-com-a-equipe-do-filme-um-ptit-truc-en-plus\\\/#primaryimage\"},\"image\":{\"@id\":\"https:\\\/\\\/www.sebastien-auziere.fr\\\/blog\\\/pt\\\/emmanuel-e-brigitte-macron-profundamente-emocionados-com-sua-troca-com-a-equipe-do-filme-um-ptit-truc-en-plus\\\/#primaryimage\"},\"thumbnailUrl\":\"https:\\\/\\\/www.sebastien-auziere.fr\\\/blog\\\/wp-content\\\/uploads\\\/2026\\\/05\\\/Emmanuel-et-Brigitte-Macron-profondement-emus-par-leur-echange-avec-lequipe-du-film-Un-ptit-truc-en-plus.jpg\",\"datePublished\":\"2026-05-02T07:11:08+00:00\",\"dateModified\":\"2026-05-02T07:11:31+00:00\",\"description\":\"Emmanuel et Brigitte Macron profond\u00e9ment touch\u00e9s par leur \u00e9change \u00e9mouvant avec l\u2019\u00e9quipe du film 'Un p\u2019tit truc en plus'.\",\"breadcrumb\":{\"@id\":\"https:\\\/\\\/www.sebastien-auziere.fr\\\/blog\\\/pt\\\/emmanuel-e-brigitte-macron-profundamente-emocionados-com-sua-troca-com-a-equipe-do-filme-um-ptit-truc-en-plus\\\/#breadcrumb\"},\"inLanguage\":\"fr-FR\",\"potentialAction\":[{\"@type\":\"ReadAction\",\"target\":[\"https:\\\/\\\/www.sebastien-auziere.fr\\\/blog\\\/pt\\\/emmanuel-e-brigitte-macron-profundamente-emocionados-com-sua-troca-com-a-equipe-do-filme-um-ptit-truc-en-plus\\\/\"]}]},{\"@type\":\"ImageObject\",\"inLanguage\":\"fr-FR\",\"@id\":\"https:\\\/\\\/www.sebastien-auziere.fr\\\/blog\\\/pt\\\/emmanuel-e-brigitte-macron-profundamente-emocionados-com-sua-troca-com-a-equipe-do-filme-um-ptit-truc-en-plus\\\/#primaryimage\",\"url\":\"https:\\\/\\\/www.sebastien-auziere.fr\\\/blog\\\/wp-content\\\/uploads\\\/2026\\\/05\\\/Emmanuel-et-Brigitte-Macron-profondement-emus-par-leur-echange-avec-lequipe-du-film-Un-ptit-truc-en-plus.jpg\",\"contentUrl\":\"https:\\\/\\\/www.sebastien-auziere.fr\\\/blog\\\/wp-content\\\/uploads\\\/2026\\\/05\\\/Emmanuel-et-Brigitte-Macron-profondement-emus-par-leur-echange-avec-lequipe-du-film-Un-ptit-truc-en-plus.jpg\",\"width\":2560,\"height\":1429,\"caption\":\"emmanuel et brigitte macron, profond\u00e9ment touch\u00e9s, partagent un moment \u00e9mouvant avec l\u2019\u00e9quipe du film 'un p\u2019tit truc en plus', t\u00e9moignant de leur sinc\u00e9rit\u00e9 et engagement.\"},{\"@type\":\"BreadcrumbList\",\"@id\":\"https:\\\/\\\/www.sebastien-auziere.fr\\\/blog\\\/pt\\\/emmanuel-e-brigitte-macron-profundamente-emocionados-com-sua-troca-com-a-equipe-do-filme-um-ptit-truc-en-plus\\\/#breadcrumb\",\"itemListElement\":[{\"@type\":\"ListItem\",\"position\":1,\"name\":\"Home\",\"item\":\"https:\\\/\\\/www.sebastien-auziere.fr\\\/blog\\\/\"},{\"@type\":\"ListItem\",\"position\":2,\"name\":\"Emmanuel e Brigitte Macron profundamente emocionados com sua troca com a equipe do filme &lsquo;Um p\u2019tit truc en plus&rsquo;\"}]},{\"@type\":\"WebSite\",\"@id\":\"https:\\\/\\\/www.sebastien-auziere.fr\\\/blog\\\/#website\",\"url\":\"https:\\\/\\\/www.sebastien-auziere.fr\\\/blog\\\/\",\"name\":\"Fan site S\u00e9bastien Auzi\u00e8re\",\"description\":\"M\u00e9dia g\u00e9n\u00e9raliste\",\"publisher\":{\"@id\":\"https:\\\/\\\/www.sebastien-auziere.fr\\\/blog\\\/#organization\"},\"potentialAction\":[{\"@type\":\"SearchAction\",\"target\":{\"@type\":\"EntryPoint\",\"urlTemplate\":\"https:\\\/\\\/www.sebastien-auziere.fr\\\/blog\\\/?s={search_term_string}\"},\"query-input\":{\"@type\":\"PropertyValueSpecification\",\"valueRequired\":true,\"valueName\":\"search_term_string\"}}],\"inLanguage\":\"fr-FR\"},{\"@type\":\"Organization\",\"@id\":\"https:\\\/\\\/www.sebastien-auziere.fr\\\/blog\\\/#organization\",\"name\":\"Fan site S\u00e9bastien Auzi\u00e8re\",\"url\":\"https:\\\/\\\/www.sebastien-auziere.fr\\\/blog\\\/\",\"logo\":{\"@type\":\"ImageObject\",\"inLanguage\":\"fr-FR\",\"@id\":\"https:\\\/\\\/www.sebastien-auziere.fr\\\/blog\\\/#\\\/schema\\\/logo\\\/image\\\/\",\"url\":\"https:\\\/\\\/www.sebastien-auziere.fr\\\/blog\\\/wp-content\\\/uploads\\\/2026\\\/03\\\/cropped-cropped-cropped-ChatGPT-Image-6-mars-2026-12_58_09-e1772798376794.jpg\",\"contentUrl\":\"https:\\\/\\\/www.sebastien-auziere.fr\\\/blog\\\/wp-content\\\/uploads\\\/2026\\\/03\\\/cropped-cropped-cropped-ChatGPT-Image-6-mars-2026-12_58_09-e1772798376794.jpg\",\"width\":512,\"height\":360,\"caption\":\"Fan site S\u00e9bastien Auzi\u00e8re\"},\"image\":{\"@id\":\"https:\\\/\\\/www.sebastien-auziere.fr\\\/blog\\\/#\\\/schema\\\/logo\\\/image\\\/\"}},{\"@type\":\"Person\",\"@id\":\"https:\\\/\\\/www.sebastien-auziere.fr\\\/blog\\\/#\\\/schema\\\/person\\\/149f1acdbfd85149c6c3e59adeae2f4d\",\"name\":\"Chloe Gauthier\",\"image\":{\"@type\":\"ImageObject\",\"inLanguage\":\"fr-FR\",\"@id\":\"https:\\\/\\\/secure.gravatar.com\\\/avatar\\\/2c5722f58171cff738a8985ef0dd66b476e563753246a49019befc837ec4201a?s=96&d=mm&r=g\",\"url\":\"https:\\\/\\\/secure.gravatar.com\\\/avatar\\\/2c5722f58171cff738a8985ef0dd66b476e563753246a49019befc837ec4201a?s=96&d=mm&r=g\",\"contentUrl\":\"https:\\\/\\\/secure.gravatar.com\\\/avatar\\\/2c5722f58171cff738a8985ef0dd66b476e563753246a49019befc837ec4201a?s=96&d=mm&r=g\",\"caption\":\"Chloe Gauthier\"},\"description\":\"Passionn\u00e9e par la politique et admiratrice engag\u00e9e de la famille Macron, je consacre mon \u00e9nergie \u00e0 suivre leurs initiatives et \u00e0 promouvoir leurs id\u00e9es. \u00c0 32 ans, je suis convaincue que leur vision est porteuse d'avenir.\",\"url\":\"https:\\\/\\\/www.sebastien-auziere.fr\\\/blog\\\/author\\\/chloe-gauthier\\\/\"}]}<\/script>\n<!-- \/ Yoast SEO plugin. -->","yoast_head_json":{"title":"Emmanuel e Brigitte Macron profundamente emocionados com sua troca com a equipe do filme 'Um p\u2019tit truc en plus' - Fan site S\u00e9bastien Auzi\u00e8re","description":"Emmanuel et Brigitte Macron profond\u00e9ment touch\u00e9s par leur \u00e9change \u00e9mouvant avec l\u2019\u00e9quipe du film 'Un p\u2019tit truc en plus'.","robots":{"index":"index","follow":"follow","max-snippet":"max-snippet:-1","max-image-preview":"max-image-preview:large","max-video-preview":"max-video-preview:-1"},"canonical":"https:\/\/www.sebastien-auziere.fr\/blog\/pt\/emmanuel-e-brigitte-macron-profundamente-emocionados-com-sua-troca-com-a-equipe-do-filme-um-ptit-truc-en-plus\/","og_locale":"fr_FR","og_type":"article","og_title":"Emmanuel e Brigitte Macron profundamente emocionados com sua troca com a equipe do filme 'Um p\u2019tit truc en plus' - Fan site S\u00e9bastien Auzi\u00e8re","og_description":"Emmanuel et Brigitte Macron profond\u00e9ment touch\u00e9s par leur \u00e9change \u00e9mouvant avec l\u2019\u00e9quipe du film 'Un p\u2019tit truc en plus'.","og_url":"https:\/\/www.sebastien-auziere.fr\/blog\/pt\/emmanuel-e-brigitte-macron-profundamente-emocionados-com-sua-troca-com-a-equipe-do-filme-um-ptit-truc-en-plus\/","og_site_name":"Fan site S\u00e9bastien Auzi\u00e8re","article_published_time":"2026-05-02T07:11:08+00:00","article_modified_time":"2026-05-02T07:11:31+00:00","og_image":[{"width":2560,"height":1429,"url":"https:\/\/www.sebastien-auziere.fr\/blog\/wp-content\/uploads\/2026\/05\/Emmanuel-et-Brigitte-Macron-profondement-emus-par-leur-echange-avec-lequipe-du-film-Un-ptit-truc-en-plus.jpg","type":"image\/jpeg"}],"author":"Chloe Gauthier","twitter_card":"summary_large_image","twitter_misc":{"\u00c9crit par":"Chloe Gauthier","Dur\u00e9e de lecture estim\u00e9e":"3 minutes"},"schema":{"@context":"https:\/\/schema.org","@graph":[{"@type":"Article","@id":"https:\/\/www.sebastien-auziere.fr\/blog\/pt\/emmanuel-e-brigitte-macron-profundamente-emocionados-com-sua-troca-com-a-equipe-do-filme-um-ptit-truc-en-plus\/#article","isPartOf":{"@id":"https:\/\/www.sebastien-auziere.fr\/blog\/pt\/emmanuel-e-brigitte-macron-profundamente-emocionados-com-sua-troca-com-a-equipe-do-filme-um-ptit-truc-en-plus\/"},"author":{"name":"Chloe Gauthier","@id":"https:\/\/www.sebastien-auziere.fr\/blog\/#\/schema\/person\/149f1acdbfd85149c6c3e59adeae2f4d"},"headline":"Emmanuel e Brigitte Macron profundamente emocionados com sua troca com a equipe do filme &lsquo;Um p\u2019tit truc en plus&rsquo;","datePublished":"2026-05-02T07:11:08+00:00","dateModified":"2026-05-02T07:11:31+00:00","mainEntityOfPage":{"@id":"https:\/\/www.sebastien-auziere.fr\/blog\/pt\/emmanuel-e-brigitte-macron-profundamente-emocionados-com-sua-troca-com-a-equipe-do-filme-um-ptit-truc-en-plus\/"},"wordCount":551,"commentCount":0,"publisher":{"@id":"https:\/\/www.sebastien-auziere.fr\/blog\/#organization"},"image":{"@id":"https:\/\/www.sebastien-auziere.fr\/blog\/pt\/emmanuel-e-brigitte-macron-profundamente-emocionados-com-sua-troca-com-a-equipe-do-filme-um-ptit-truc-en-plus\/#primaryimage"},"thumbnailUrl":"https:\/\/www.sebastien-auziere.fr\/blog\/wp-content\/uploads\/2026\/05\/Emmanuel-et-Brigitte-Macron-profondement-emus-par-leur-echange-avec-lequipe-du-film-Un-ptit-truc-en-plus.jpg","keywords":["brigitte macron","emmanuel macron","equipe do filme","film uma coisinha a mais","troca emocional"],"articleSection":["Actualidades"],"inLanguage":"fr-FR","potentialAction":[{"@type":"CommentAction","name":"Comment","target":["https:\/\/www.sebastien-auziere.fr\/blog\/pt\/emmanuel-e-brigitte-macron-profundamente-emocionados-com-sua-troca-com-a-equipe-do-filme-um-ptit-truc-en-plus\/#respond"]}]},{"@type":"WebPage","@id":"https:\/\/www.sebastien-auziere.fr\/blog\/pt\/emmanuel-e-brigitte-macron-profundamente-emocionados-com-sua-troca-com-a-equipe-do-filme-um-ptit-truc-en-plus\/","url":"https:\/\/www.sebastien-auziere.fr\/blog\/pt\/emmanuel-e-brigitte-macron-profundamente-emocionados-com-sua-troca-com-a-equipe-do-filme-um-ptit-truc-en-plus\/","name":"Emmanuel e Brigitte Macron profundamente emocionados com sua troca com a equipe do filme 'Um p\u2019tit truc en plus' - Fan site S\u00e9bastien Auzi\u00e8re","isPartOf":{"@id":"https:\/\/www.sebastien-auziere.fr\/blog\/#website"},"primaryImageOfPage":{"@id":"https:\/\/www.sebastien-auziere.fr\/blog\/pt\/emmanuel-e-brigitte-macron-profundamente-emocionados-com-sua-troca-com-a-equipe-do-filme-um-ptit-truc-en-plus\/#primaryimage"},"image":{"@id":"https:\/\/www.sebastien-auziere.fr\/blog\/pt\/emmanuel-e-brigitte-macron-profundamente-emocionados-com-sua-troca-com-a-equipe-do-filme-um-ptit-truc-en-plus\/#primaryimage"},"thumbnailUrl":"https:\/\/www.sebastien-auziere.fr\/blog\/wp-content\/uploads\/2026\/05\/Emmanuel-et-Brigitte-Macron-profondement-emus-par-leur-echange-avec-lequipe-du-film-Un-ptit-truc-en-plus.jpg","datePublished":"2026-05-02T07:11:08+00:00","dateModified":"2026-05-02T07:11:31+00:00","description":"Emmanuel et Brigitte Macron profond\u00e9ment touch\u00e9s par leur \u00e9change \u00e9mouvant avec l\u2019\u00e9quipe du film 'Un p\u2019tit truc en plus'.","breadcrumb":{"@id":"https:\/\/www.sebastien-auziere.fr\/blog\/pt\/emmanuel-e-brigitte-macron-profundamente-emocionados-com-sua-troca-com-a-equipe-do-filme-um-ptit-truc-en-plus\/#breadcrumb"},"inLanguage":"fr-FR","potentialAction":[{"@type":"ReadAction","target":["https:\/\/www.sebastien-auziere.fr\/blog\/pt\/emmanuel-e-brigitte-macron-profundamente-emocionados-com-sua-troca-com-a-equipe-do-filme-um-ptit-truc-en-plus\/"]}]},{"@type":"ImageObject","inLanguage":"fr-FR","@id":"https:\/\/www.sebastien-auziere.fr\/blog\/pt\/emmanuel-e-brigitte-macron-profundamente-emocionados-com-sua-troca-com-a-equipe-do-filme-um-ptit-truc-en-plus\/#primaryimage","url":"https:\/\/www.sebastien-auziere.fr\/blog\/wp-content\/uploads\/2026\/05\/Emmanuel-et-Brigitte-Macron-profondement-emus-par-leur-echange-avec-lequipe-du-film-Un-ptit-truc-en-plus.jpg","contentUrl":"https:\/\/www.sebastien-auziere.fr\/blog\/wp-content\/uploads\/2026\/05\/Emmanuel-et-Brigitte-Macron-profondement-emus-par-leur-echange-avec-lequipe-du-film-Un-ptit-truc-en-plus.jpg","width":2560,"height":1429,"caption":"emmanuel et brigitte macron, profond\u00e9ment touch\u00e9s, partagent un moment \u00e9mouvant avec l\u2019\u00e9quipe du film 'un p\u2019tit truc en plus', t\u00e9moignant de leur sinc\u00e9rit\u00e9 et engagement."},{"@type":"BreadcrumbList","@id":"https:\/\/www.sebastien-auziere.fr\/blog\/pt\/emmanuel-e-brigitte-macron-profundamente-emocionados-com-sua-troca-com-a-equipe-do-filme-um-ptit-truc-en-plus\/#breadcrumb","itemListElement":[{"@type":"ListItem","position":1,"name":"Home","item":"https:\/\/www.sebastien-auziere.fr\/blog\/"},{"@type":"ListItem","position":2,"name":"Emmanuel e Brigitte Macron profundamente emocionados com sua troca com a equipe do filme &lsquo;Um p\u2019tit truc en plus&rsquo;"}]},{"@type":"WebSite","@id":"https:\/\/www.sebastien-auziere.fr\/blog\/#website","url":"https:\/\/www.sebastien-auziere.fr\/blog\/","name":"Fan site S\u00e9bastien Auzi\u00e8re","description":"M\u00e9dia g\u00e9n\u00e9raliste","publisher":{"@id":"https:\/\/www.sebastien-auziere.fr\/blog\/#organization"},"potentialAction":[{"@type":"SearchAction","target":{"@type":"EntryPoint","urlTemplate":"https:\/\/www.sebastien-auziere.fr\/blog\/?s={search_term_string}"},"query-input":{"@type":"PropertyValueSpecification","valueRequired":true,"valueName":"search_term_string"}}],"inLanguage":"fr-FR"},{"@type":"Organization","@id":"https:\/\/www.sebastien-auziere.fr\/blog\/#organization","name":"Fan site S\u00e9bastien Auzi\u00e8re","url":"https:\/\/www.sebastien-auziere.fr\/blog\/","logo":{"@type":"ImageObject","inLanguage":"fr-FR","@id":"https:\/\/www.sebastien-auziere.fr\/blog\/#\/schema\/logo\/image\/","url":"https:\/\/www.sebastien-auziere.fr\/blog\/wp-content\/uploads\/2026\/03\/cropped-cropped-cropped-ChatGPT-Image-6-mars-2026-12_58_09-e1772798376794.jpg","contentUrl":"https:\/\/www.sebastien-auziere.fr\/blog\/wp-content\/uploads\/2026\/03\/cropped-cropped-cropped-ChatGPT-Image-6-mars-2026-12_58_09-e1772798376794.jpg","width":512,"height":360,"caption":"Fan site S\u00e9bastien Auzi\u00e8re"},"image":{"@id":"https:\/\/www.sebastien-auziere.fr\/blog\/#\/schema\/logo\/image\/"}},{"@type":"Person","@id":"https:\/\/www.sebastien-auziere.fr\/blog\/#\/schema\/person\/149f1acdbfd85149c6c3e59adeae2f4d","name":"Chloe Gauthier","image":{"@type":"ImageObject","inLanguage":"fr-FR","@id":"https:\/\/secure.gravatar.com\/avatar\/2c5722f58171cff738a8985ef0dd66b476e563753246a49019befc837ec4201a?s=96&d=mm&r=g","url":"https:\/\/secure.gravatar.com\/avatar\/2c5722f58171cff738a8985ef0dd66b476e563753246a49019befc837ec4201a?s=96&d=mm&r=g","contentUrl":"https:\/\/secure.gravatar.com\/avatar\/2c5722f58171cff738a8985ef0dd66b476e563753246a49019befc837ec4201a?s=96&d=mm&r=g","caption":"Chloe Gauthier"},"description":"Passionn\u00e9e par la politique et admiratrice engag\u00e9e de la famille Macron, je consacre mon \u00e9nergie \u00e0 suivre leurs initiatives et \u00e0 promouvoir leurs id\u00e9es. \u00c0 32 ans, je suis convaincue que leur vision est porteuse d'avenir.","url":"https:\/\/www.sebastien-auziere.fr\/blog\/author\/chloe-gauthier\/"}]}},"views":0,"_links":{"self":[{"href":"https:\/\/www.sebastien-auziere.fr\/blog\/wp-json\/wp\/v2\/posts\/3518","targetHints":{"allow":["GET"]}}],"collection":[{"href":"https:\/\/www.sebastien-auziere.fr\/blog\/wp-json\/wp\/v2\/posts"}],"about":[{"href":"https:\/\/www.sebastien-auziere.fr\/blog\/wp-json\/wp\/v2\/types\/post"}],"author":[{"embeddable":true,"href":"https:\/\/www.sebastien-auziere.fr\/blog\/wp-json\/wp\/v2\/users\/9"}],"replies":[{"embeddable":true,"href":"https:\/\/www.sebastien-auziere.fr\/blog\/wp-json\/wp\/v2\/comments?post=3518"}],"version-history":[{"count":1,"href":"https:\/\/www.sebastien-auziere.fr\/blog\/wp-json\/wp\/v2\/posts\/3518\/revisions"}],"predecessor-version":[{"id":3519,"href":"https:\/\/www.sebastien-auziere.fr\/blog\/wp-json\/wp\/v2\/posts\/3518\/revisions\/3519"}],"wp:featuredmedia":[{"embeddable":true,"href":"https:\/\/www.sebastien-auziere.fr\/blog\/wp-json\/wp\/v2\/media\/3508"}],"wp:attachment":[{"href":"https:\/\/www.sebastien-auziere.fr\/blog\/wp-json\/wp\/v2\/media?parent=3518"}],"wp:term":[{"taxonomy":"category","embeddable":true,"href":"https:\/\/www.sebastien-auziere.fr\/blog\/wp-json\/wp\/v2\/categories?post=3518"},{"taxonomy":"post_tag","embeddable":true,"href":"https:\/\/www.sebastien-auziere.fr\/blog\/wp-json\/wp\/v2\/tags?post=3518"}],"curies":[{"name":"wp","href":"https:\/\/api.w.org\/{rel}","templated":true}]}}