{"id":3516,"date":"2026-05-02T07:10:16","date_gmt":"2026-05-02T07:10:16","guid":{"rendered":"https:\/\/www.sebastien-auziere.fr\/blog\/?p=3516"},"modified":"2026-05-02T07:10:41","modified_gmt":"2026-05-02T07:10:41","slug":"emmanuel-e-brigitte-macron-profondamente-emozionati-per-il-loro-scambio-con-il-team-del-film-un-ptit-truc-en-plus","status":"publish","type":"post","link":"https:\/\/www.sebastien-auziere.fr\/blog\/it\/emmanuel-e-brigitte-macron-profondamente-emozionati-per-il-loro-scambio-con-il-team-del-film-un-ptit-truc-en-plus\/","title":{"rendered":"Emmanuel e Brigitte Macron profondamente emozionati per il loro scambio con il team del film &lsquo;Un p\u2019tit truc en plus&rsquo;"},"content":{"rendered":"<p><strong>Emmanuel Macron<\/strong> e <strong>Brigitte Macron<\/strong> sono apparsi visibilmente colpiti durante il loro scambio con il <strong>team del film<\/strong> <strong>Un p\u2019tit truc en plus<\/strong>, rivelato nel documentario trasmesso il 30 aprile su M6. Si percepisce subito il calore del momento: abbracci, sorrisi e parole sincere hanno caratterizzato questo <strong>incontro<\/strong> all\u2019\u00c9lys\u00e9e.<\/p>\n\n<p>In sintesi: il documentario ha mostrato la visita estiva 2024 al palazzo; il presidente ha lodato la tenerezza del <strong>film francese<\/strong> e l\u2019attore Stanislas Carmont ha persino posato sulla sedia presidenziale. Questa testimonianza ha rafforzato l\u2019<strong>emozione<\/strong> attorno al progetto e ha riacceso l&rsquo;interesse per il <strong>cinema francese<\/strong>.<\/p>\n\n<h2 class=\"wp-block-heading\">Una visita all\u2019\u00c9lys\u00e9e che rimarr\u00e0 nella memoria<\/h2>\n\n<p>La sequenza inedita, mostrata alla fine del reportage, immortalizza il <strong>incontro<\/strong> tra la coppia presidenziale e la troupe di Artus. Emmanuel Macron complimenta il cast per il successo del lungometraggio ed evoca il suo ruolo nel far evolvere lo sguardo del pubblico.<\/p>\n\n<p>Possiamo trovare queste immagini e reazioni nel racconto dell\u2019<a href=\"https:\/\/www.programme-tv.net\/news\/tv\/401535-cest-mignon-chez-vous-ce-jour-ou-emmanuel-macron-a-fait-la-rencontre-des-comediens-du-film-d-artus-un-ptit-truc-en-plus\/\" rel=\"nofollow\">incontro con i comici<\/a>; un momento in cui Stanislas Carmont ha persino potuto sedersi alla scrivania del presidente \u2014 un ricordo forte per la troupe.<\/p>\n\n<h2 class=\"wp-block-heading\">Le parole che hanno suscitato emozione<\/h2>\n\n<p>Emmanuel Macron ha lodato \u00ab la tenerezza e l&rsquo;umorismo \u00bb del film, ritenendo che questo tipo di opera \u00ab <strong>\u00e8 ci\u00f2 di cui abbiamo bisogno<\/strong> \u00bb in momenti difficili. Queste parole hanno commosso la troupe e rinforzato il carattere sociale del progetto.<\/p>\n\n<p>Il documentario ritorna anche su testimonianze concrete: Gad Abecassis ha raccontato come questo <strong>incontro<\/strong> ha sfociato in un&rsquo;opportunit\u00e0 professionale all\u2019\u00c9lys\u00e9e, illustrando l\u2019impatto umano di uno scambio tra pubblico e artisti.<\/p>\n\n<h2 class=\"wp-block-heading\">Impatto sul cinema francese e reazioni del team del film<\/h2>\n\n<p><strong>Un p\u2019tit truc en plus<\/strong> ha impiegato quasi dieci anni per vedere la luce e la sua ascesa al festival di Cannes, seguita da un successo al botteghino, spiega perch\u00e9 la coppia presidenziale ha voluto congratularsi con il cast. Gli attori, intervistati nel documentario, tornano sulla genesi e i primi riscontri del pubblico.<\/p>\n\n<p>Questo reportage mette in luce il posto del <strong>film francese<\/strong> nel dibattito culturale: un misto di tenerezza e umorismo che ha toccato l\u2019\u00c9lys\u00e9e e il grande pubblico. Insight: il cinema pu\u00f2 provocare veri cambiamenti di percezione.<\/p>\n\n<h2 class=\"wp-block-heading\">Rumori, viralit\u00e0 e quiete dopo la trasmissione<\/h2>\n\n<p>La trasmissione \u00e8 coincisa con un periodo in cui un video virale mostrava la coppia Macron durante un\u2019uscita, alimentando voci e teorie. Diverse testate hanno analizzato queste immagini e l\u2019\u00c9lys\u00e9e ha chiamato alla calma per ricondurre le interpretazioni.<\/p>\n\n<p>Per un inquadramento fattuale sulla viralit\u00e0 e le analisi, vedere il decryptage apparso su <a href=\"https:\/\/www.nouvelobs.com\/politique\/20250526.OBS104311\/d-une-fake-news-generee-a-une-scene-de-menage-le-recit-mouvant-autour-de-la-video-d-emmanuel-et-brigitte-macron.html\" rel=\"nofollow\">Nouvel Obs<\/a> e il reportage di <a href=\"https:\/\/www.rtbf.be\/article\/la-video-d-un-echange-entre-brigitte-et-emmanuel-macron-devient-virale-le-president-dement-toute-scene-de-menage-et-appelle-au-calme-11552762\" rel=\"nofollow\">RTBF<\/a>. L&rsquo;essenziale: lo scambio filmato con il team del film rimane un momento di condivisione autentica.<\/p>\n\n<p>Per saperne di pi\u00f9 su S\u00e9bastien Auzi\u00e8re e seguire gli eventi che riguardano la famiglia presidenziale, scopri gli articoli dedicati ai loro momenti pubblici, come la <a href=\"https:\/\/www.sebastien-auziere.fr\/blog\/brigitte-macron-elysee\/\" rel=\"nofollow\">visita all&rsquo;\u00c9lys\u00e9e<\/a> o i recenti articoli sulla <a href=\"https:\/\/www.sebastien-auziere.fr\/blog\/brigitte-macron-tristesse\/\" rel=\"nofollow\">tristezza<\/a> talvolta evocata dalla stampa. Per approfondire, vai su <a href=\"https:\/\/www.sebastien-auziere.fr\/blog\/brigitte-macron-epreuves-elysee\/\" rel=\"nofollow\">sebastien-auziere.fr<\/a> e immergiti in queste testimonianze e retroscena. <\/p>","protected":false},"excerpt":{"rendered":"<p>Emmanuel Macron e Brigitte Macron sono apparsi visibilmente colpiti durante il loro scambio con il team del film Un p\u2019tit truc en plus, rivelato nel documentario trasmesso il 30 aprile su M6. Si percepisce subito il calore del momento: abbracci, sorrisi e parole sincere hanno caratterizzato questo incontro all\u2019\u00c9lys\u00e9e. In sintesi: il documentario ha mostrato &#8230; <a title=\"Emmanuel e Brigitte Macron profondamente emozionati per il loro scambio con il team del film &lsquo;Un p\u2019tit truc en plus&rsquo;\" class=\"read-more\" href=\"https:\/\/www.sebastien-auziere.fr\/blog\/it\/emmanuel-e-brigitte-macron-profondamente-emozionati-per-il-loro-scambio-con-il-team-del-film-un-ptit-truc-en-plus\/\" aria-label=\"En savoir plus sur Emmanuel e Brigitte Macron profondamente emozionati per il loro scambio con il team del film &lsquo;Un p\u2019tit truc en plus&rsquo;\">Lire plus<\/a><\/p>\n","protected":false},"author":9,"featured_media":3508,"comment_status":"open","ping_status":"open","sticky":false,"template":"","format":"standard","meta":{"footnotes":""},"categories":[859],"tags":[944,1190,5132,5135,5129],"class_list":["post-3516","post","type-post","status-publish","format-standard","has-post-thumbnail","hentry","category-actualita-it","tag-brigitte-macron-it","tag-emmanuel-macron-it","tag-equipo-del-film-it","tag-film-un-piccolo-trucco-in-piu-it","tag-scambio-emotivo-it"],"yoast_head":"<!-- This site is optimized with the Yoast SEO plugin v27.5 - https:\/\/yoast.com\/product\/yoast-seo-wordpress\/ -->\n<title>Emmanuel e Brigitte Macron profondamente emozionati per il loro scambio con il team del film &#039;Un p\u2019tit truc en plus&#039; - Fan site S\u00e9bastien Auzi\u00e8re<\/title>\n<meta name=\"description\" content=\"Emmanuel et Brigitte Macron profond\u00e9ment touch\u00e9s par leur \u00e9change \u00e9mouvant avec l\u2019\u00e9quipe du film &#039;Un p\u2019tit truc en plus&#039;.\" \/>\n<meta name=\"robots\" content=\"index, follow, max-snippet:-1, max-image-preview:large, max-video-preview:-1\" \/>\n<link rel=\"canonical\" href=\"https:\/\/www.sebastien-auziere.fr\/blog\/it\/emmanuel-e-brigitte-macron-profondamente-emozionati-per-il-loro-scambio-con-il-team-del-film-un-ptit-truc-en-plus\/\" \/>\n<meta property=\"og:locale\" content=\"fr_FR\" \/>\n<meta property=\"og:type\" content=\"article\" \/>\n<meta property=\"og:title\" content=\"Emmanuel e Brigitte Macron profondamente emozionati per il loro scambio con il team del film &#039;Un p\u2019tit truc en plus&#039; - Fan site S\u00e9bastien Auzi\u00e8re\" \/>\n<meta property=\"og:description\" content=\"Emmanuel et Brigitte Macron profond\u00e9ment touch\u00e9s par leur \u00e9change \u00e9mouvant avec l\u2019\u00e9quipe du film &#039;Un p\u2019tit truc en plus&#039;.\" \/>\n<meta property=\"og:url\" content=\"https:\/\/www.sebastien-auziere.fr\/blog\/it\/emmanuel-e-brigitte-macron-profondamente-emozionati-per-il-loro-scambio-con-il-team-del-film-un-ptit-truc-en-plus\/\" \/>\n<meta property=\"og:site_name\" content=\"Fan site S\u00e9bastien Auzi\u00e8re\" \/>\n<meta property=\"article:published_time\" content=\"2026-05-02T07:10:16+00:00\" \/>\n<meta property=\"article:modified_time\" content=\"2026-05-02T07:10:41+00:00\" \/>\n<meta property=\"og:image\" content=\"https:\/\/www.sebastien-auziere.fr\/blog\/wp-content\/uploads\/2026\/05\/Emmanuel-et-Brigitte-Macron-profondement-emus-par-leur-echange-avec-lequipe-du-film-Un-ptit-truc-en-plus.jpg\" \/>\n\t<meta property=\"og:image:width\" content=\"2560\" \/>\n\t<meta property=\"og:image:height\" content=\"1429\" \/>\n\t<meta property=\"og:image:type\" content=\"image\/jpeg\" \/>\n<meta name=\"author\" content=\"Chloe Gauthier\" \/>\n<meta name=\"twitter:card\" content=\"summary_large_image\" \/>\n<meta name=\"twitter:label1\" content=\"\u00c9crit par\" \/>\n\t<meta name=\"twitter:data1\" content=\"Chloe Gauthier\" \/>\n\t<meta name=\"twitter:label2\" content=\"Dur\u00e9e de lecture estim\u00e9e\" \/>\n\t<meta name=\"twitter:data2\" content=\"2 minutes\" \/>\n<script type=\"application\/ld+json\" class=\"yoast-schema-graph\">{\"@context\":\"https:\\\/\\\/schema.org\",\"@graph\":[{\"@type\":\"Article\",\"@id\":\"https:\\\/\\\/www.sebastien-auziere.fr\\\/blog\\\/it\\\/emmanuel-e-brigitte-macron-profondamente-emozionati-per-il-loro-scambio-con-il-team-del-film-un-ptit-truc-en-plus\\\/#article\",\"isPartOf\":{\"@id\":\"https:\\\/\\\/www.sebastien-auziere.fr\\\/blog\\\/it\\\/emmanuel-e-brigitte-macron-profondamente-emozionati-per-il-loro-scambio-con-il-team-del-film-un-ptit-truc-en-plus\\\/\"},\"author\":{\"name\":\"Chloe Gauthier\",\"@id\":\"https:\\\/\\\/www.sebastien-auziere.fr\\\/blog\\\/#\\\/schema\\\/person\\\/149f1acdbfd85149c6c3e59adeae2f4d\"},\"headline\":\"Emmanuel e Brigitte Macron profondamente emozionati per il loro scambio con il team del film &lsquo;Un p\u2019tit truc en plus&rsquo;\",\"datePublished\":\"2026-05-02T07:10:16+00:00\",\"dateModified\":\"2026-05-02T07:10:41+00:00\",\"mainEntityOfPage\":{\"@id\":\"https:\\\/\\\/www.sebastien-auziere.fr\\\/blog\\\/it\\\/emmanuel-e-brigitte-macron-profondamente-emozionati-per-il-loro-scambio-con-il-team-del-film-un-ptit-truc-en-plus\\\/\"},\"wordCount\":520,\"commentCount\":0,\"publisher\":{\"@id\":\"https:\\\/\\\/www.sebastien-auziere.fr\\\/blog\\\/#organization\"},\"image\":{\"@id\":\"https:\\\/\\\/www.sebastien-auziere.fr\\\/blog\\\/it\\\/emmanuel-e-brigitte-macron-profondamente-emozionati-per-il-loro-scambio-con-il-team-del-film-un-ptit-truc-en-plus\\\/#primaryimage\"},\"thumbnailUrl\":\"https:\\\/\\\/www.sebastien-auziere.fr\\\/blog\\\/wp-content\\\/uploads\\\/2026\\\/05\\\/Emmanuel-et-Brigitte-Macron-profondement-emus-par-leur-echange-avec-lequipe-du-film-Un-ptit-truc-en-plus.jpg\",\"keywords\":[\"brigitte macron\",\"emmanuel macron\",\"equipo del film\",\"film un piccolo trucco in pi\u00f9\",\"scambio emotivo\"],\"articleSection\":[\"Actualit\u00e0\"],\"inLanguage\":\"fr-FR\",\"potentialAction\":[{\"@type\":\"CommentAction\",\"name\":\"Comment\",\"target\":[\"https:\\\/\\\/www.sebastien-auziere.fr\\\/blog\\\/it\\\/emmanuel-e-brigitte-macron-profondamente-emozionati-per-il-loro-scambio-con-il-team-del-film-un-ptit-truc-en-plus\\\/#respond\"]}]},{\"@type\":\"WebPage\",\"@id\":\"https:\\\/\\\/www.sebastien-auziere.fr\\\/blog\\\/it\\\/emmanuel-e-brigitte-macron-profondamente-emozionati-per-il-loro-scambio-con-il-team-del-film-un-ptit-truc-en-plus\\\/\",\"url\":\"https:\\\/\\\/www.sebastien-auziere.fr\\\/blog\\\/it\\\/emmanuel-e-brigitte-macron-profondamente-emozionati-per-il-loro-scambio-con-il-team-del-film-un-ptit-truc-en-plus\\\/\",\"name\":\"Emmanuel e Brigitte Macron profondamente emozionati per il loro scambio con il team del film 'Un p\u2019tit truc en plus' - Fan site S\u00e9bastien Auzi\u00e8re\",\"isPartOf\":{\"@id\":\"https:\\\/\\\/www.sebastien-auziere.fr\\\/blog\\\/#website\"},\"primaryImageOfPage\":{\"@id\":\"https:\\\/\\\/www.sebastien-auziere.fr\\\/blog\\\/it\\\/emmanuel-e-brigitte-macron-profondamente-emozionati-per-il-loro-scambio-con-il-team-del-film-un-ptit-truc-en-plus\\\/#primaryimage\"},\"image\":{\"@id\":\"https:\\\/\\\/www.sebastien-auziere.fr\\\/blog\\\/it\\\/emmanuel-e-brigitte-macron-profondamente-emozionati-per-il-loro-scambio-con-il-team-del-film-un-ptit-truc-en-plus\\\/#primaryimage\"},\"thumbnailUrl\":\"https:\\\/\\\/www.sebastien-auziere.fr\\\/blog\\\/wp-content\\\/uploads\\\/2026\\\/05\\\/Emmanuel-et-Brigitte-Macron-profondement-emus-par-leur-echange-avec-lequipe-du-film-Un-ptit-truc-en-plus.jpg\",\"datePublished\":\"2026-05-02T07:10:16+00:00\",\"dateModified\":\"2026-05-02T07:10:41+00:00\",\"description\":\"Emmanuel et Brigitte Macron profond\u00e9ment touch\u00e9s par leur \u00e9change \u00e9mouvant avec l\u2019\u00e9quipe du film 'Un p\u2019tit truc en plus'.\",\"breadcrumb\":{\"@id\":\"https:\\\/\\\/www.sebastien-auziere.fr\\\/blog\\\/it\\\/emmanuel-e-brigitte-macron-profondamente-emozionati-per-il-loro-scambio-con-il-team-del-film-un-ptit-truc-en-plus\\\/#breadcrumb\"},\"inLanguage\":\"fr-FR\",\"potentialAction\":[{\"@type\":\"ReadAction\",\"target\":[\"https:\\\/\\\/www.sebastien-auziere.fr\\\/blog\\\/it\\\/emmanuel-e-brigitte-macron-profondamente-emozionati-per-il-loro-scambio-con-il-team-del-film-un-ptit-truc-en-plus\\\/\"]}]},{\"@type\":\"ImageObject\",\"inLanguage\":\"fr-FR\",\"@id\":\"https:\\\/\\\/www.sebastien-auziere.fr\\\/blog\\\/it\\\/emmanuel-e-brigitte-macron-profondamente-emozionati-per-il-loro-scambio-con-il-team-del-film-un-ptit-truc-en-plus\\\/#primaryimage\",\"url\":\"https:\\\/\\\/www.sebastien-auziere.fr\\\/blog\\\/wp-content\\\/uploads\\\/2026\\\/05\\\/Emmanuel-et-Brigitte-Macron-profondement-emus-par-leur-echange-avec-lequipe-du-film-Un-ptit-truc-en-plus.jpg\",\"contentUrl\":\"https:\\\/\\\/www.sebastien-auziere.fr\\\/blog\\\/wp-content\\\/uploads\\\/2026\\\/05\\\/Emmanuel-et-Brigitte-Macron-profondement-emus-par-leur-echange-avec-lequipe-du-film-Un-ptit-truc-en-plus.jpg\",\"width\":2560,\"height\":1429,\"caption\":\"emmanuel et brigitte macron, profond\u00e9ment touch\u00e9s, partagent un moment \u00e9mouvant avec l\u2019\u00e9quipe du film 'un p\u2019tit truc en plus', t\u00e9moignant de leur sinc\u00e9rit\u00e9 et engagement.\"},{\"@type\":\"BreadcrumbList\",\"@id\":\"https:\\\/\\\/www.sebastien-auziere.fr\\\/blog\\\/it\\\/emmanuel-e-brigitte-macron-profondamente-emozionati-per-il-loro-scambio-con-il-team-del-film-un-ptit-truc-en-plus\\\/#breadcrumb\",\"itemListElement\":[{\"@type\":\"ListItem\",\"position\":1,\"name\":\"Home\",\"item\":\"https:\\\/\\\/www.sebastien-auziere.fr\\\/blog\\\/\"},{\"@type\":\"ListItem\",\"position\":2,\"name\":\"Emmanuel e Brigitte Macron profondamente emozionati per il loro scambio con il team del film &lsquo;Un p\u2019tit truc en plus&rsquo;\"}]},{\"@type\":\"WebSite\",\"@id\":\"https:\\\/\\\/www.sebastien-auziere.fr\\\/blog\\\/#website\",\"url\":\"https:\\\/\\\/www.sebastien-auziere.fr\\\/blog\\\/\",\"name\":\"Fan site S\u00e9bastien Auzi\u00e8re\",\"description\":\"M\u00e9dia g\u00e9n\u00e9raliste\",\"publisher\":{\"@id\":\"https:\\\/\\\/www.sebastien-auziere.fr\\\/blog\\\/#organization\"},\"potentialAction\":[{\"@type\":\"SearchAction\",\"target\":{\"@type\":\"EntryPoint\",\"urlTemplate\":\"https:\\\/\\\/www.sebastien-auziere.fr\\\/blog\\\/?s={search_term_string}\"},\"query-input\":{\"@type\":\"PropertyValueSpecification\",\"valueRequired\":true,\"valueName\":\"search_term_string\"}}],\"inLanguage\":\"fr-FR\"},{\"@type\":\"Organization\",\"@id\":\"https:\\\/\\\/www.sebastien-auziere.fr\\\/blog\\\/#organization\",\"name\":\"Fan site S\u00e9bastien Auzi\u00e8re\",\"url\":\"https:\\\/\\\/www.sebastien-auziere.fr\\\/blog\\\/\",\"logo\":{\"@type\":\"ImageObject\",\"inLanguage\":\"fr-FR\",\"@id\":\"https:\\\/\\\/www.sebastien-auziere.fr\\\/blog\\\/#\\\/schema\\\/logo\\\/image\\\/\",\"url\":\"https:\\\/\\\/www.sebastien-auziere.fr\\\/blog\\\/wp-content\\\/uploads\\\/2026\\\/03\\\/cropped-cropped-cropped-ChatGPT-Image-6-mars-2026-12_58_09-e1772798376794.jpg\",\"contentUrl\":\"https:\\\/\\\/www.sebastien-auziere.fr\\\/blog\\\/wp-content\\\/uploads\\\/2026\\\/03\\\/cropped-cropped-cropped-ChatGPT-Image-6-mars-2026-12_58_09-e1772798376794.jpg\",\"width\":512,\"height\":360,\"caption\":\"Fan site S\u00e9bastien Auzi\u00e8re\"},\"image\":{\"@id\":\"https:\\\/\\\/www.sebastien-auziere.fr\\\/blog\\\/#\\\/schema\\\/logo\\\/image\\\/\"}},{\"@type\":\"Person\",\"@id\":\"https:\\\/\\\/www.sebastien-auziere.fr\\\/blog\\\/#\\\/schema\\\/person\\\/149f1acdbfd85149c6c3e59adeae2f4d\",\"name\":\"Chloe Gauthier\",\"image\":{\"@type\":\"ImageObject\",\"inLanguage\":\"fr-FR\",\"@id\":\"https:\\\/\\\/secure.gravatar.com\\\/avatar\\\/2c5722f58171cff738a8985ef0dd66b476e563753246a49019befc837ec4201a?s=96&d=mm&r=g\",\"url\":\"https:\\\/\\\/secure.gravatar.com\\\/avatar\\\/2c5722f58171cff738a8985ef0dd66b476e563753246a49019befc837ec4201a?s=96&d=mm&r=g\",\"contentUrl\":\"https:\\\/\\\/secure.gravatar.com\\\/avatar\\\/2c5722f58171cff738a8985ef0dd66b476e563753246a49019befc837ec4201a?s=96&d=mm&r=g\",\"caption\":\"Chloe Gauthier\"},\"description\":\"Passionn\u00e9e par la politique et admiratrice engag\u00e9e de la famille Macron, je consacre mon \u00e9nergie \u00e0 suivre leurs initiatives et \u00e0 promouvoir leurs id\u00e9es. \u00c0 32 ans, je suis convaincue que leur vision est porteuse d'avenir.\",\"url\":\"https:\\\/\\\/www.sebastien-auziere.fr\\\/blog\\\/author\\\/chloe-gauthier\\\/\"}]}<\/script>\n<!-- \/ Yoast SEO plugin. -->","yoast_head_json":{"title":"Emmanuel e Brigitte Macron profondamente emozionati per il loro scambio con il team del film 'Un p\u2019tit truc en plus' - Fan site S\u00e9bastien Auzi\u00e8re","description":"Emmanuel et Brigitte Macron profond\u00e9ment touch\u00e9s par leur \u00e9change \u00e9mouvant avec l\u2019\u00e9quipe du film 'Un p\u2019tit truc en plus'.","robots":{"index":"index","follow":"follow","max-snippet":"max-snippet:-1","max-image-preview":"max-image-preview:large","max-video-preview":"max-video-preview:-1"},"canonical":"https:\/\/www.sebastien-auziere.fr\/blog\/it\/emmanuel-e-brigitte-macron-profondamente-emozionati-per-il-loro-scambio-con-il-team-del-film-un-ptit-truc-en-plus\/","og_locale":"fr_FR","og_type":"article","og_title":"Emmanuel e Brigitte Macron profondamente emozionati per il loro scambio con il team del film 'Un p\u2019tit truc en plus' - Fan site S\u00e9bastien Auzi\u00e8re","og_description":"Emmanuel et Brigitte Macron profond\u00e9ment touch\u00e9s par leur \u00e9change \u00e9mouvant avec l\u2019\u00e9quipe du film 'Un p\u2019tit truc en plus'.","og_url":"https:\/\/www.sebastien-auziere.fr\/blog\/it\/emmanuel-e-brigitte-macron-profondamente-emozionati-per-il-loro-scambio-con-il-team-del-film-un-ptit-truc-en-plus\/","og_site_name":"Fan site S\u00e9bastien Auzi\u00e8re","article_published_time":"2026-05-02T07:10:16+00:00","article_modified_time":"2026-05-02T07:10:41+00:00","og_image":[{"width":2560,"height":1429,"url":"https:\/\/www.sebastien-auziere.fr\/blog\/wp-content\/uploads\/2026\/05\/Emmanuel-et-Brigitte-Macron-profondement-emus-par-leur-echange-avec-lequipe-du-film-Un-ptit-truc-en-plus.jpg","type":"image\/jpeg"}],"author":"Chloe Gauthier","twitter_card":"summary_large_image","twitter_misc":{"\u00c9crit par":"Chloe Gauthier","Dur\u00e9e de lecture estim\u00e9e":"2 minutes"},"schema":{"@context":"https:\/\/schema.org","@graph":[{"@type":"Article","@id":"https:\/\/www.sebastien-auziere.fr\/blog\/it\/emmanuel-e-brigitte-macron-profondamente-emozionati-per-il-loro-scambio-con-il-team-del-film-un-ptit-truc-en-plus\/#article","isPartOf":{"@id":"https:\/\/www.sebastien-auziere.fr\/blog\/it\/emmanuel-e-brigitte-macron-profondamente-emozionati-per-il-loro-scambio-con-il-team-del-film-un-ptit-truc-en-plus\/"},"author":{"name":"Chloe Gauthier","@id":"https:\/\/www.sebastien-auziere.fr\/blog\/#\/schema\/person\/149f1acdbfd85149c6c3e59adeae2f4d"},"headline":"Emmanuel e Brigitte Macron profondamente emozionati per il loro scambio con il team del film &lsquo;Un p\u2019tit truc en plus&rsquo;","datePublished":"2026-05-02T07:10:16+00:00","dateModified":"2026-05-02T07:10:41+00:00","mainEntityOfPage":{"@id":"https:\/\/www.sebastien-auziere.fr\/blog\/it\/emmanuel-e-brigitte-macron-profondamente-emozionati-per-il-loro-scambio-con-il-team-del-film-un-ptit-truc-en-plus\/"},"wordCount":520,"commentCount":0,"publisher":{"@id":"https:\/\/www.sebastien-auziere.fr\/blog\/#organization"},"image":{"@id":"https:\/\/www.sebastien-auziere.fr\/blog\/it\/emmanuel-e-brigitte-macron-profondamente-emozionati-per-il-loro-scambio-con-il-team-del-film-un-ptit-truc-en-plus\/#primaryimage"},"thumbnailUrl":"https:\/\/www.sebastien-auziere.fr\/blog\/wp-content\/uploads\/2026\/05\/Emmanuel-et-Brigitte-Macron-profondement-emus-par-leur-echange-avec-lequipe-du-film-Un-ptit-truc-en-plus.jpg","keywords":["brigitte macron","emmanuel macron","equipo del film","film un piccolo trucco in pi\u00f9","scambio emotivo"],"articleSection":["Actualit\u00e0"],"inLanguage":"fr-FR","potentialAction":[{"@type":"CommentAction","name":"Comment","target":["https:\/\/www.sebastien-auziere.fr\/blog\/it\/emmanuel-e-brigitte-macron-profondamente-emozionati-per-il-loro-scambio-con-il-team-del-film-un-ptit-truc-en-plus\/#respond"]}]},{"@type":"WebPage","@id":"https:\/\/www.sebastien-auziere.fr\/blog\/it\/emmanuel-e-brigitte-macron-profondamente-emozionati-per-il-loro-scambio-con-il-team-del-film-un-ptit-truc-en-plus\/","url":"https:\/\/www.sebastien-auziere.fr\/blog\/it\/emmanuel-e-brigitte-macron-profondamente-emozionati-per-il-loro-scambio-con-il-team-del-film-un-ptit-truc-en-plus\/","name":"Emmanuel e Brigitte Macron profondamente emozionati per il loro scambio con il team del film 'Un p\u2019tit truc en plus' - Fan site S\u00e9bastien Auzi\u00e8re","isPartOf":{"@id":"https:\/\/www.sebastien-auziere.fr\/blog\/#website"},"primaryImageOfPage":{"@id":"https:\/\/www.sebastien-auziere.fr\/blog\/it\/emmanuel-e-brigitte-macron-profondamente-emozionati-per-il-loro-scambio-con-il-team-del-film-un-ptit-truc-en-plus\/#primaryimage"},"image":{"@id":"https:\/\/www.sebastien-auziere.fr\/blog\/it\/emmanuel-e-brigitte-macron-profondamente-emozionati-per-il-loro-scambio-con-il-team-del-film-un-ptit-truc-en-plus\/#primaryimage"},"thumbnailUrl":"https:\/\/www.sebastien-auziere.fr\/blog\/wp-content\/uploads\/2026\/05\/Emmanuel-et-Brigitte-Macron-profondement-emus-par-leur-echange-avec-lequipe-du-film-Un-ptit-truc-en-plus.jpg","datePublished":"2026-05-02T07:10:16+00:00","dateModified":"2026-05-02T07:10:41+00:00","description":"Emmanuel et Brigitte Macron profond\u00e9ment touch\u00e9s par leur \u00e9change \u00e9mouvant avec l\u2019\u00e9quipe du film 'Un p\u2019tit truc en plus'.","breadcrumb":{"@id":"https:\/\/www.sebastien-auziere.fr\/blog\/it\/emmanuel-e-brigitte-macron-profondamente-emozionati-per-il-loro-scambio-con-il-team-del-film-un-ptit-truc-en-plus\/#breadcrumb"},"inLanguage":"fr-FR","potentialAction":[{"@type":"ReadAction","target":["https:\/\/www.sebastien-auziere.fr\/blog\/it\/emmanuel-e-brigitte-macron-profondamente-emozionati-per-il-loro-scambio-con-il-team-del-film-un-ptit-truc-en-plus\/"]}]},{"@type":"ImageObject","inLanguage":"fr-FR","@id":"https:\/\/www.sebastien-auziere.fr\/blog\/it\/emmanuel-e-brigitte-macron-profondamente-emozionati-per-il-loro-scambio-con-il-team-del-film-un-ptit-truc-en-plus\/#primaryimage","url":"https:\/\/www.sebastien-auziere.fr\/blog\/wp-content\/uploads\/2026\/05\/Emmanuel-et-Brigitte-Macron-profondement-emus-par-leur-echange-avec-lequipe-du-film-Un-ptit-truc-en-plus.jpg","contentUrl":"https:\/\/www.sebastien-auziere.fr\/blog\/wp-content\/uploads\/2026\/05\/Emmanuel-et-Brigitte-Macron-profondement-emus-par-leur-echange-avec-lequipe-du-film-Un-ptit-truc-en-plus.jpg","width":2560,"height":1429,"caption":"emmanuel et brigitte macron, profond\u00e9ment touch\u00e9s, partagent un moment \u00e9mouvant avec l\u2019\u00e9quipe du film 'un p\u2019tit truc en plus', t\u00e9moignant de leur sinc\u00e9rit\u00e9 et engagement."},{"@type":"BreadcrumbList","@id":"https:\/\/www.sebastien-auziere.fr\/blog\/it\/emmanuel-e-brigitte-macron-profondamente-emozionati-per-il-loro-scambio-con-il-team-del-film-un-ptit-truc-en-plus\/#breadcrumb","itemListElement":[{"@type":"ListItem","position":1,"name":"Home","item":"https:\/\/www.sebastien-auziere.fr\/blog\/"},{"@type":"ListItem","position":2,"name":"Emmanuel e Brigitte Macron profondamente emozionati per il loro scambio con il team del film &lsquo;Un p\u2019tit truc en plus&rsquo;"}]},{"@type":"WebSite","@id":"https:\/\/www.sebastien-auziere.fr\/blog\/#website","url":"https:\/\/www.sebastien-auziere.fr\/blog\/","name":"Fan site S\u00e9bastien Auzi\u00e8re","description":"M\u00e9dia g\u00e9n\u00e9raliste","publisher":{"@id":"https:\/\/www.sebastien-auziere.fr\/blog\/#organization"},"potentialAction":[{"@type":"SearchAction","target":{"@type":"EntryPoint","urlTemplate":"https:\/\/www.sebastien-auziere.fr\/blog\/?s={search_term_string}"},"query-input":{"@type":"PropertyValueSpecification","valueRequired":true,"valueName":"search_term_string"}}],"inLanguage":"fr-FR"},{"@type":"Organization","@id":"https:\/\/www.sebastien-auziere.fr\/blog\/#organization","name":"Fan site S\u00e9bastien Auzi\u00e8re","url":"https:\/\/www.sebastien-auziere.fr\/blog\/","logo":{"@type":"ImageObject","inLanguage":"fr-FR","@id":"https:\/\/www.sebastien-auziere.fr\/blog\/#\/schema\/logo\/image\/","url":"https:\/\/www.sebastien-auziere.fr\/blog\/wp-content\/uploads\/2026\/03\/cropped-cropped-cropped-ChatGPT-Image-6-mars-2026-12_58_09-e1772798376794.jpg","contentUrl":"https:\/\/www.sebastien-auziere.fr\/blog\/wp-content\/uploads\/2026\/03\/cropped-cropped-cropped-ChatGPT-Image-6-mars-2026-12_58_09-e1772798376794.jpg","width":512,"height":360,"caption":"Fan site S\u00e9bastien Auzi\u00e8re"},"image":{"@id":"https:\/\/www.sebastien-auziere.fr\/blog\/#\/schema\/logo\/image\/"}},{"@type":"Person","@id":"https:\/\/www.sebastien-auziere.fr\/blog\/#\/schema\/person\/149f1acdbfd85149c6c3e59adeae2f4d","name":"Chloe Gauthier","image":{"@type":"ImageObject","inLanguage":"fr-FR","@id":"https:\/\/secure.gravatar.com\/avatar\/2c5722f58171cff738a8985ef0dd66b476e563753246a49019befc837ec4201a?s=96&d=mm&r=g","url":"https:\/\/secure.gravatar.com\/avatar\/2c5722f58171cff738a8985ef0dd66b476e563753246a49019befc837ec4201a?s=96&d=mm&r=g","contentUrl":"https:\/\/secure.gravatar.com\/avatar\/2c5722f58171cff738a8985ef0dd66b476e563753246a49019befc837ec4201a?s=96&d=mm&r=g","caption":"Chloe Gauthier"},"description":"Passionn\u00e9e par la politique et admiratrice engag\u00e9e de la famille Macron, je consacre mon \u00e9nergie \u00e0 suivre leurs initiatives et \u00e0 promouvoir leurs id\u00e9es. \u00c0 32 ans, je suis convaincue que leur vision est porteuse d'avenir.","url":"https:\/\/www.sebastien-auziere.fr\/blog\/author\/chloe-gauthier\/"}]}},"views":0,"_links":{"self":[{"href":"https:\/\/www.sebastien-auziere.fr\/blog\/wp-json\/wp\/v2\/posts\/3516","targetHints":{"allow":["GET"]}}],"collection":[{"href":"https:\/\/www.sebastien-auziere.fr\/blog\/wp-json\/wp\/v2\/posts"}],"about":[{"href":"https:\/\/www.sebastien-auziere.fr\/blog\/wp-json\/wp\/v2\/types\/post"}],"author":[{"embeddable":true,"href":"https:\/\/www.sebastien-auziere.fr\/blog\/wp-json\/wp\/v2\/users\/9"}],"replies":[{"embeddable":true,"href":"https:\/\/www.sebastien-auziere.fr\/blog\/wp-json\/wp\/v2\/comments?post=3516"}],"version-history":[{"count":1,"href":"https:\/\/www.sebastien-auziere.fr\/blog\/wp-json\/wp\/v2\/posts\/3516\/revisions"}],"predecessor-version":[{"id":3517,"href":"https:\/\/www.sebastien-auziere.fr\/blog\/wp-json\/wp\/v2\/posts\/3516\/revisions\/3517"}],"wp:featuredmedia":[{"embeddable":true,"href":"https:\/\/www.sebastien-auziere.fr\/blog\/wp-json\/wp\/v2\/media\/3508"}],"wp:attachment":[{"href":"https:\/\/www.sebastien-auziere.fr\/blog\/wp-json\/wp\/v2\/media?parent=3516"}],"wp:term":[{"taxonomy":"category","embeddable":true,"href":"https:\/\/www.sebastien-auziere.fr\/blog\/wp-json\/wp\/v2\/categories?post=3516"},{"taxonomy":"post_tag","embeddable":true,"href":"https:\/\/www.sebastien-auziere.fr\/blog\/wp-json\/wp\/v2\/tags?post=3516"}],"curies":[{"name":"wp","href":"https:\/\/api.w.org\/{rel}","templated":true}]}}