{"id":3514,"date":"2026-05-02T07:08:20","date_gmt":"2026-05-02T07:08:20","guid":{"rendered":"https:\/\/www.sebastien-auziere.fr\/blog\/?p=3514"},"modified":"2026-05-02T07:08:49","modified_gmt":"2026-05-02T07:08:49","slug":"emmanuel-und-brigitte-macron-waren-tief-beruhrt-von-ihrem-austausch-mit-dem-team-des-films-un-ptit-truc-en-plus","status":"publish","type":"post","link":"https:\/\/www.sebastien-auziere.fr\/blog\/de\/emmanuel-und-brigitte-macron-waren-tief-beruhrt-von-ihrem-austausch-mit-dem-team-des-films-un-ptit-truc-en-plus\/","title":{"rendered":"Emmanuel und Brigitte Macron waren tief ber\u00fchrt von ihrem Austausch mit dem Team des Films &lsquo;Un p\u2019tit truc en plus&rsquo;"},"content":{"rendered":"<p><strong>Emmanuel Macron<\/strong> und <strong>Brigitte Macron<\/strong> schienen w\u00e4hrend ihres Austauschs mit dem <strong>Team des Films<\/strong> <strong>Un p\u2019tit truc en plus<\/strong> sichtbar ber\u00fchrt zu sein, wie im Dokumentarfilm zu sehen war, der am 30. April auf M6 ausgestrahlt wurde. Man sp\u00fcrt sofort die W\u00e4rme des Moments: Umarmungen, L\u00e4cheln und aufrichtige Worte pr\u00e4gten dieses <strong>Treffen<\/strong> im \u00c9lys\u00e9e-Palast.<\/p>\n\n<p>Zusammenfassend l\u00e4sst sich sagen: Der Dokumentarfilm zeigte den Sommerbesuch 2024 im Palais; der Pr\u00e4sident lobte die Z\u00e4rtlichkeit des <strong>franz\u00f6sischen Films<\/strong> und der Schauspieler Stanislas Carmont durfte sogar auf dem Pr\u00e4sidentensessel Platz nehmen. Dieses Zeugnis verst\u00e4rkte die <strong>Emotion<\/strong> rund um das Projekt und belebt das Interesse am <strong>franz\u00f6sischen Kino<\/strong>.<\/p>\n\n<h2 class=\"wp-block-heading\">Ein Besuch im \u00c9lys\u00e9e, der in Erinnerung bleiben wird<\/h2>\n\n<p>Die unver\u00f6ffentlichte Sequenz, die am Ende des Berichts gezeigt wurde, h\u00e4lt das <strong>Treffen<\/strong> zwischen dem Pr\u00e4sidentenpaar und der Truppe von Artus fest. Emmanuel Macron gratuliert dem Cast zum Erfolg des Spielfilms und spricht \u00fcber seine Rolle, den Blick des Publikums zu ver\u00e4ndern.<\/p>\n\n<p>Diese Bilder und Reaktionen finden sich im Bericht \u00fcber die <a href=\"https:\/\/www.programme-tv.net\/news\/tv\/401535-cest-mignon-chez-vous-ce-jour-ou-emmanuel-macron-a-fait-la-rencontre-des-comediens-du-film-d-artus-un-ptit-truc-en-plus\/\" rel=\"nofollow\">Begegnung der Schauspieler<\/a>; ein Moment, in dem Stanislas Carmont sogar am Schreibtisch des Pr\u00e4sidenten Platz nehmen konnte &#8211; eine eindrucksvolle Erinnerung f\u00fcr das Team.<\/p>\n\n<h2 class=\"wp-block-heading\">Die Worte, die Emotionen weckten<\/h2>\n\n<p>Emmanuel Macron lobte \u00ab die Z\u00e4rtlichkeit und den Humor \u00bb des Films und stellte fest, dass diese Art von Werk \u00ab <strong>das ist, was wir brauchen<\/strong> \u00bb in schwierigen Zeiten. Diese Worte bewegten die Truppe und verst\u00e4rkten den sozialen Charakter des Projekts.<\/p>\n\n<p>Der Dokumentarfilm geht auch auf konkrete Zeugnisse ein: Gad Abecassis erz\u00e4hlte, wie dieses <strong>Treffen<\/strong> zu einer beruflichen Gelegenheit im \u00c9lys\u00e9e f\u00fchrte, und veranschaulicht die menschliche Wirkung eines Austauschs zwischen dem Publikum und den K\u00fcnstlern.<\/p>\n\n<h2 class=\"wp-block-heading\">Einfluss auf das franz\u00f6sische Kino und R\u00fcckmeldungen vom Filmteam<\/h2>\n\n<p><strong>Un p\u2019tit truc en plus<\/strong> ben\u00f6tigte fast zehn Jahre, um realisiert zu werden, und sein Aufstieg auf die Cannes-B\u00fchne, gefolgt von einem Erfolg in den Kinos, erkl\u00e4rt, warum das Pr\u00e4sidentenpaar die Verleihung gratulieren wollte. Die Schauspieler, die im Dokumentarfilm interviewt wurden, erinnern sich an die Entstehung und die ersten R\u00fcckmeldungen des Publikums.<\/p>\n\n<p>Dieser Bericht beleuchtet die Stellung des <strong>franz\u00f6sischen Films<\/strong> im kulturellen Diskurs: eine Mischung aus Z\u00e4rtlichkeit und Humor, die das \u00c9lys\u00e9e und die breite \u00d6ffentlichkeit ber\u00fchrt hat. Insight: Kino kann echte Ver\u00e4nderungen in der Perspektive bewirken.<\/p>\n\n<h2 class=\"wp-block-heading\">Ger\u00fcchte, Viralit\u00e4t und Beruhigung nach der Ausstrahlung<\/h2>\n\n<p>Die Ausstrahlung fiel zusammen mit einer Zeit, in der ein virales Video das Paar Macron w\u00e4hrend eines Einsatzes zeigte, was Ger\u00fcchte und Theorien anheizte. Mehrere Medien analysierten diese Bilder, und das \u00c9lys\u00e9e rief zur Ruhe auf, um die Interpretationen zu kl\u00e4ren.<\/p>\n\n<p>F\u00fcr eine sachliche Betrachtung der Viralit\u00e4t und Analysen siehe die Analyse, die auf <a href=\"https:\/\/www.nouvelobs.com\/politique\/20250526.OBS104311\/d-une-fake-news-generee-a-une-scene-de-menage-le-recit-mouvant-autour-de-la-video-d-emmanuel-et-brigitte-macron.html\" rel=\"nofollow\">Nouvel Obs<\/a> ver\u00f6ffentlicht wurde, sowie den Bericht von <a href=\"https:\/\/www.rtbf.be\/article\/la-video-d-un-echange-entre-brigitte-et-emmanuel-macron-devient-virale-le-president-dement-toute-scene-de-menage-et-appelle-au-calme-11552762\" rel=\"nofollow\">RTBF<\/a>. Das Wesentliche: Der gefilmte Austausch mit dem Team des Films bleibt ein Moment authentischen Teilens.<\/p>\n\n<p>Um mehr \u00fcber S\u00e9bastien Auzi\u00e8re zu erfahren und die Ereignisse, die die Pr\u00e4sidialfamilie betreffen, zu verfolgen, entdecke die Artikel \u00fcber ihre \u00f6ffentlichen Momente, wie den <a href=\"https:\/\/www.sebastien-auziere.fr\/blog\/brigitte-macron-elysee\/\" rel=\"nofollow\">Besuch im \u00c9lys\u00e9e<\/a> oder die letzten Artikel \u00fcber die <a href=\"https:\/\/www.sebastien-auziere.fr\/blog\/brigitte-macron-tristesse\/\" rel=\"nofollow\">Traurigkeit<\/a>, die manchmal in der Presse erw\u00e4hnt wird. F\u00fcr mehr Informationen besuche <a href=\"https:\/\/www.sebastien-auziere.fr\/blog\/brigitte-macron-epreuves-elysee\/\" rel=\"nofollow\">sebastien-auziere.fr<\/a> und tauche ein in diese Zeugnisse und Hintergr\u00fcnde. <\/p>","protected":false},"excerpt":{"rendered":"<p>Emmanuel Macron und Brigitte Macron schienen w\u00e4hrend ihres Austauschs mit dem Team des Films Un p\u2019tit truc en plus sichtbar ber\u00fchrt zu sein, wie im Dokumentarfilm zu sehen war, der am 30. April auf M6 ausgestrahlt wurde. Man sp\u00fcrt sofort die W\u00e4rme des Moments: Umarmungen, L\u00e4cheln und aufrichtige Worte pr\u00e4gten dieses Treffen im \u00c9lys\u00e9e-Palast. Zusammenfassend &#8230; <a title=\"Emmanuel und Brigitte Macron waren tief ber\u00fchrt von ihrem Austausch mit dem Team des Films &lsquo;Un p\u2019tit truc en plus&rsquo;\" class=\"read-more\" href=\"https:\/\/www.sebastien-auziere.fr\/blog\/de\/emmanuel-und-brigitte-macron-waren-tief-beruhrt-von-ihrem-austausch-mit-dem-team-des-films-un-ptit-truc-en-plus\/\" aria-label=\"En savoir plus sur Emmanuel und Brigitte Macron waren tief ber\u00fchrt von ihrem Austausch mit dem Team des Films &lsquo;Un p\u2019tit truc en plus&rsquo;\">Lire plus<\/a><\/p>\n","protected":false},"author":9,"featured_media":3508,"comment_status":"open","ping_status":"open","sticky":false,"template":"","format":"standard","meta":{"footnotes":""},"categories":[856],"tags":[929,1178,5120,5126,5123],"class_list":["post-3514","post","type-post","status-publish","format-standard","has-post-thumbnail","hentry","category-aktuelles-de","tag-brigitte-macron-de","tag-emmanuel-macron-de","tag-emotionaler-austausch-de","tag-film-ein-kleines-zusatzliches-ding-de","tag-filmteam-de"],"yoast_head":"<!-- This site is optimized with the Yoast SEO plugin v27.5 - https:\/\/yoast.com\/product\/yoast-seo-wordpress\/ -->\n<title>Emmanuel und Brigitte Macron waren tief ber\u00fchrt von ihrem Austausch mit dem Team des Films &#039;Un p\u2019tit truc en plus&#039; - Fan site S\u00e9bastien Auzi\u00e8re<\/title>\n<meta name=\"description\" content=\"Emmanuel et Brigitte Macron profond\u00e9ment touch\u00e9s par leur \u00e9change \u00e9mouvant avec l\u2019\u00e9quipe du film &#039;Un p\u2019tit truc en plus&#039;.\" \/>\n<meta name=\"robots\" content=\"index, follow, max-snippet:-1, max-image-preview:large, max-video-preview:-1\" \/>\n<link rel=\"canonical\" href=\"https:\/\/www.sebastien-auziere.fr\/blog\/de\/emmanuel-und-brigitte-macron-waren-tief-beruhrt-von-ihrem-austausch-mit-dem-team-des-films-un-ptit-truc-en-plus\/\" \/>\n<meta property=\"og:locale\" content=\"fr_FR\" \/>\n<meta property=\"og:type\" content=\"article\" \/>\n<meta property=\"og:title\" content=\"Emmanuel und Brigitte Macron waren tief ber\u00fchrt von ihrem Austausch mit dem Team des Films &#039;Un p\u2019tit truc en plus&#039; - Fan site S\u00e9bastien Auzi\u00e8re\" \/>\n<meta property=\"og:description\" content=\"Emmanuel et Brigitte Macron profond\u00e9ment touch\u00e9s par leur \u00e9change \u00e9mouvant avec l\u2019\u00e9quipe du film &#039;Un p\u2019tit truc en plus&#039;.\" \/>\n<meta property=\"og:url\" content=\"https:\/\/www.sebastien-auziere.fr\/blog\/de\/emmanuel-und-brigitte-macron-waren-tief-beruhrt-von-ihrem-austausch-mit-dem-team-des-films-un-ptit-truc-en-plus\/\" \/>\n<meta property=\"og:site_name\" content=\"Fan site S\u00e9bastien Auzi\u00e8re\" \/>\n<meta property=\"article:published_time\" content=\"2026-05-02T07:08:20+00:00\" \/>\n<meta property=\"article:modified_time\" content=\"2026-05-02T07:08:49+00:00\" \/>\n<meta property=\"og:image\" content=\"https:\/\/www.sebastien-auziere.fr\/blog\/wp-content\/uploads\/2026\/05\/Emmanuel-et-Brigitte-Macron-profondement-emus-par-leur-echange-avec-lequipe-du-film-Un-ptit-truc-en-plus.jpg\" \/>\n\t<meta property=\"og:image:width\" content=\"2560\" \/>\n\t<meta property=\"og:image:height\" content=\"1429\" \/>\n\t<meta property=\"og:image:type\" content=\"image\/jpeg\" \/>\n<meta name=\"author\" content=\"Chloe Gauthier\" \/>\n<meta name=\"twitter:card\" content=\"summary_large_image\" \/>\n<meta name=\"twitter:label1\" content=\"\u00c9crit par\" \/>\n\t<meta name=\"twitter:data1\" content=\"Chloe Gauthier\" \/>\n\t<meta name=\"twitter:label2\" content=\"Dur\u00e9e de lecture estim\u00e9e\" \/>\n\t<meta name=\"twitter:data2\" content=\"3 minutes\" \/>\n<script type=\"application\/ld+json\" class=\"yoast-schema-graph\">{\"@context\":\"https:\\\/\\\/schema.org\",\"@graph\":[{\"@type\":\"Article\",\"@id\":\"https:\\\/\\\/www.sebastien-auziere.fr\\\/blog\\\/de\\\/emmanuel-und-brigitte-macron-waren-tief-beruhrt-von-ihrem-austausch-mit-dem-team-des-films-un-ptit-truc-en-plus\\\/#article\",\"isPartOf\":{\"@id\":\"https:\\\/\\\/www.sebastien-auziere.fr\\\/blog\\\/de\\\/emmanuel-und-brigitte-macron-waren-tief-beruhrt-von-ihrem-austausch-mit-dem-team-des-films-un-ptit-truc-en-plus\\\/\"},\"author\":{\"name\":\"Chloe Gauthier\",\"@id\":\"https:\\\/\\\/www.sebastien-auziere.fr\\\/blog\\\/#\\\/schema\\\/person\\\/149f1acdbfd85149c6c3e59adeae2f4d\"},\"headline\":\"Emmanuel und Brigitte Macron waren tief ber\u00fchrt von ihrem Austausch mit dem Team des Films &lsquo;Un p\u2019tit truc en plus&rsquo;\",\"datePublished\":\"2026-05-02T07:08:20+00:00\",\"dateModified\":\"2026-05-02T07:08:49+00:00\",\"mainEntityOfPage\":{\"@id\":\"https:\\\/\\\/www.sebastien-auziere.fr\\\/blog\\\/de\\\/emmanuel-und-brigitte-macron-waren-tief-beruhrt-von-ihrem-austausch-mit-dem-team-des-films-un-ptit-truc-en-plus\\\/\"},\"wordCount\":578,\"commentCount\":0,\"publisher\":{\"@id\":\"https:\\\/\\\/www.sebastien-auziere.fr\\\/blog\\\/#organization\"},\"image\":{\"@id\":\"https:\\\/\\\/www.sebastien-auziere.fr\\\/blog\\\/de\\\/emmanuel-und-brigitte-macron-waren-tief-beruhrt-von-ihrem-austausch-mit-dem-team-des-films-un-ptit-truc-en-plus\\\/#primaryimage\"},\"thumbnailUrl\":\"https:\\\/\\\/www.sebastien-auziere.fr\\\/blog\\\/wp-content\\\/uploads\\\/2026\\\/05\\\/Emmanuel-et-Brigitte-Macron-profondement-emus-par-leur-echange-avec-lequipe-du-film-Un-ptit-truc-en-plus.jpg\",\"keywords\":[\"brigitte macron\",\"emmanuel macron\",\"emotionaler Austausch\",\"film ein kleines zus\u00e4tzliches Ding\",\"Filmteam\"],\"articleSection\":[\"Aktuelles\"],\"inLanguage\":\"fr-FR\",\"potentialAction\":[{\"@type\":\"CommentAction\",\"name\":\"Comment\",\"target\":[\"https:\\\/\\\/www.sebastien-auziere.fr\\\/blog\\\/de\\\/emmanuel-und-brigitte-macron-waren-tief-beruhrt-von-ihrem-austausch-mit-dem-team-des-films-un-ptit-truc-en-plus\\\/#respond\"]}]},{\"@type\":\"WebPage\",\"@id\":\"https:\\\/\\\/www.sebastien-auziere.fr\\\/blog\\\/de\\\/emmanuel-und-brigitte-macron-waren-tief-beruhrt-von-ihrem-austausch-mit-dem-team-des-films-un-ptit-truc-en-plus\\\/\",\"url\":\"https:\\\/\\\/www.sebastien-auziere.fr\\\/blog\\\/de\\\/emmanuel-und-brigitte-macron-waren-tief-beruhrt-von-ihrem-austausch-mit-dem-team-des-films-un-ptit-truc-en-plus\\\/\",\"name\":\"Emmanuel und Brigitte Macron waren tief ber\u00fchrt von ihrem Austausch mit dem Team des Films 'Un p\u2019tit truc en plus' - Fan site S\u00e9bastien Auzi\u00e8re\",\"isPartOf\":{\"@id\":\"https:\\\/\\\/www.sebastien-auziere.fr\\\/blog\\\/#website\"},\"primaryImageOfPage\":{\"@id\":\"https:\\\/\\\/www.sebastien-auziere.fr\\\/blog\\\/de\\\/emmanuel-und-brigitte-macron-waren-tief-beruhrt-von-ihrem-austausch-mit-dem-team-des-films-un-ptit-truc-en-plus\\\/#primaryimage\"},\"image\":{\"@id\":\"https:\\\/\\\/www.sebastien-auziere.fr\\\/blog\\\/de\\\/emmanuel-und-brigitte-macron-waren-tief-beruhrt-von-ihrem-austausch-mit-dem-team-des-films-un-ptit-truc-en-plus\\\/#primaryimage\"},\"thumbnailUrl\":\"https:\\\/\\\/www.sebastien-auziere.fr\\\/blog\\\/wp-content\\\/uploads\\\/2026\\\/05\\\/Emmanuel-et-Brigitte-Macron-profondement-emus-par-leur-echange-avec-lequipe-du-film-Un-ptit-truc-en-plus.jpg\",\"datePublished\":\"2026-05-02T07:08:20+00:00\",\"dateModified\":\"2026-05-02T07:08:49+00:00\",\"description\":\"Emmanuel et Brigitte Macron profond\u00e9ment touch\u00e9s par leur \u00e9change \u00e9mouvant avec l\u2019\u00e9quipe du film 'Un p\u2019tit truc en plus'.\",\"breadcrumb\":{\"@id\":\"https:\\\/\\\/www.sebastien-auziere.fr\\\/blog\\\/de\\\/emmanuel-und-brigitte-macron-waren-tief-beruhrt-von-ihrem-austausch-mit-dem-team-des-films-un-ptit-truc-en-plus\\\/#breadcrumb\"},\"inLanguage\":\"fr-FR\",\"potentialAction\":[{\"@type\":\"ReadAction\",\"target\":[\"https:\\\/\\\/www.sebastien-auziere.fr\\\/blog\\\/de\\\/emmanuel-und-brigitte-macron-waren-tief-beruhrt-von-ihrem-austausch-mit-dem-team-des-films-un-ptit-truc-en-plus\\\/\"]}]},{\"@type\":\"ImageObject\",\"inLanguage\":\"fr-FR\",\"@id\":\"https:\\\/\\\/www.sebastien-auziere.fr\\\/blog\\\/de\\\/emmanuel-und-brigitte-macron-waren-tief-beruhrt-von-ihrem-austausch-mit-dem-team-des-films-un-ptit-truc-en-plus\\\/#primaryimage\",\"url\":\"https:\\\/\\\/www.sebastien-auziere.fr\\\/blog\\\/wp-content\\\/uploads\\\/2026\\\/05\\\/Emmanuel-et-Brigitte-Macron-profondement-emus-par-leur-echange-avec-lequipe-du-film-Un-ptit-truc-en-plus.jpg\",\"contentUrl\":\"https:\\\/\\\/www.sebastien-auziere.fr\\\/blog\\\/wp-content\\\/uploads\\\/2026\\\/05\\\/Emmanuel-et-Brigitte-Macron-profondement-emus-par-leur-echange-avec-lequipe-du-film-Un-ptit-truc-en-plus.jpg\",\"width\":2560,\"height\":1429,\"caption\":\"emmanuel et brigitte macron, profond\u00e9ment touch\u00e9s, partagent un moment \u00e9mouvant avec l\u2019\u00e9quipe du film 'un p\u2019tit truc en plus', t\u00e9moignant de leur sinc\u00e9rit\u00e9 et engagement.\"},{\"@type\":\"BreadcrumbList\",\"@id\":\"https:\\\/\\\/www.sebastien-auziere.fr\\\/blog\\\/de\\\/emmanuel-und-brigitte-macron-waren-tief-beruhrt-von-ihrem-austausch-mit-dem-team-des-films-un-ptit-truc-en-plus\\\/#breadcrumb\",\"itemListElement\":[{\"@type\":\"ListItem\",\"position\":1,\"name\":\"Home\",\"item\":\"https:\\\/\\\/www.sebastien-auziere.fr\\\/blog\\\/\"},{\"@type\":\"ListItem\",\"position\":2,\"name\":\"Emmanuel und Brigitte Macron waren tief ber\u00fchrt von ihrem Austausch mit dem Team des Films &lsquo;Un p\u2019tit truc en plus&rsquo;\"}]},{\"@type\":\"WebSite\",\"@id\":\"https:\\\/\\\/www.sebastien-auziere.fr\\\/blog\\\/#website\",\"url\":\"https:\\\/\\\/www.sebastien-auziere.fr\\\/blog\\\/\",\"name\":\"Fan site S\u00e9bastien Auzi\u00e8re\",\"description\":\"M\u00e9dia g\u00e9n\u00e9raliste\",\"publisher\":{\"@id\":\"https:\\\/\\\/www.sebastien-auziere.fr\\\/blog\\\/#organization\"},\"potentialAction\":[{\"@type\":\"SearchAction\",\"target\":{\"@type\":\"EntryPoint\",\"urlTemplate\":\"https:\\\/\\\/www.sebastien-auziere.fr\\\/blog\\\/?s={search_term_string}\"},\"query-input\":{\"@type\":\"PropertyValueSpecification\",\"valueRequired\":true,\"valueName\":\"search_term_string\"}}],\"inLanguage\":\"fr-FR\"},{\"@type\":\"Organization\",\"@id\":\"https:\\\/\\\/www.sebastien-auziere.fr\\\/blog\\\/#organization\",\"name\":\"Fan site S\u00e9bastien Auzi\u00e8re\",\"url\":\"https:\\\/\\\/www.sebastien-auziere.fr\\\/blog\\\/\",\"logo\":{\"@type\":\"ImageObject\",\"inLanguage\":\"fr-FR\",\"@id\":\"https:\\\/\\\/www.sebastien-auziere.fr\\\/blog\\\/#\\\/schema\\\/logo\\\/image\\\/\",\"url\":\"https:\\\/\\\/www.sebastien-auziere.fr\\\/blog\\\/wp-content\\\/uploads\\\/2026\\\/03\\\/cropped-cropped-cropped-ChatGPT-Image-6-mars-2026-12_58_09-e1772798376794.jpg\",\"contentUrl\":\"https:\\\/\\\/www.sebastien-auziere.fr\\\/blog\\\/wp-content\\\/uploads\\\/2026\\\/03\\\/cropped-cropped-cropped-ChatGPT-Image-6-mars-2026-12_58_09-e1772798376794.jpg\",\"width\":512,\"height\":360,\"caption\":\"Fan site S\u00e9bastien Auzi\u00e8re\"},\"image\":{\"@id\":\"https:\\\/\\\/www.sebastien-auziere.fr\\\/blog\\\/#\\\/schema\\\/logo\\\/image\\\/\"}},{\"@type\":\"Person\",\"@id\":\"https:\\\/\\\/www.sebastien-auziere.fr\\\/blog\\\/#\\\/schema\\\/person\\\/149f1acdbfd85149c6c3e59adeae2f4d\",\"name\":\"Chloe Gauthier\",\"image\":{\"@type\":\"ImageObject\",\"inLanguage\":\"fr-FR\",\"@id\":\"https:\\\/\\\/secure.gravatar.com\\\/avatar\\\/2c5722f58171cff738a8985ef0dd66b476e563753246a49019befc837ec4201a?s=96&d=mm&r=g\",\"url\":\"https:\\\/\\\/secure.gravatar.com\\\/avatar\\\/2c5722f58171cff738a8985ef0dd66b476e563753246a49019befc837ec4201a?s=96&d=mm&r=g\",\"contentUrl\":\"https:\\\/\\\/secure.gravatar.com\\\/avatar\\\/2c5722f58171cff738a8985ef0dd66b476e563753246a49019befc837ec4201a?s=96&d=mm&r=g\",\"caption\":\"Chloe Gauthier\"},\"description\":\"Passionn\u00e9e par la politique et admiratrice engag\u00e9e de la famille Macron, je consacre mon \u00e9nergie \u00e0 suivre leurs initiatives et \u00e0 promouvoir leurs id\u00e9es. \u00c0 32 ans, je suis convaincue que leur vision est porteuse d'avenir.\",\"url\":\"https:\\\/\\\/www.sebastien-auziere.fr\\\/blog\\\/author\\\/chloe-gauthier\\\/\"}]}<\/script>\n<!-- \/ Yoast SEO plugin. -->","yoast_head_json":{"title":"Emmanuel und Brigitte Macron waren tief ber\u00fchrt von ihrem Austausch mit dem Team des Films 'Un p\u2019tit truc en plus' - Fan site S\u00e9bastien Auzi\u00e8re","description":"Emmanuel et Brigitte Macron profond\u00e9ment touch\u00e9s par leur \u00e9change \u00e9mouvant avec l\u2019\u00e9quipe du film 'Un p\u2019tit truc en plus'.","robots":{"index":"index","follow":"follow","max-snippet":"max-snippet:-1","max-image-preview":"max-image-preview:large","max-video-preview":"max-video-preview:-1"},"canonical":"https:\/\/www.sebastien-auziere.fr\/blog\/de\/emmanuel-und-brigitte-macron-waren-tief-beruhrt-von-ihrem-austausch-mit-dem-team-des-films-un-ptit-truc-en-plus\/","og_locale":"fr_FR","og_type":"article","og_title":"Emmanuel und Brigitte Macron waren tief ber\u00fchrt von ihrem Austausch mit dem Team des Films 'Un p\u2019tit truc en plus' - Fan site S\u00e9bastien Auzi\u00e8re","og_description":"Emmanuel et Brigitte Macron profond\u00e9ment touch\u00e9s par leur \u00e9change \u00e9mouvant avec l\u2019\u00e9quipe du film 'Un p\u2019tit truc en plus'.","og_url":"https:\/\/www.sebastien-auziere.fr\/blog\/de\/emmanuel-und-brigitte-macron-waren-tief-beruhrt-von-ihrem-austausch-mit-dem-team-des-films-un-ptit-truc-en-plus\/","og_site_name":"Fan site S\u00e9bastien Auzi\u00e8re","article_published_time":"2026-05-02T07:08:20+00:00","article_modified_time":"2026-05-02T07:08:49+00:00","og_image":[{"width":2560,"height":1429,"url":"https:\/\/www.sebastien-auziere.fr\/blog\/wp-content\/uploads\/2026\/05\/Emmanuel-et-Brigitte-Macron-profondement-emus-par-leur-echange-avec-lequipe-du-film-Un-ptit-truc-en-plus.jpg","type":"image\/jpeg"}],"author":"Chloe Gauthier","twitter_card":"summary_large_image","twitter_misc":{"\u00c9crit par":"Chloe Gauthier","Dur\u00e9e de lecture estim\u00e9e":"3 minutes"},"schema":{"@context":"https:\/\/schema.org","@graph":[{"@type":"Article","@id":"https:\/\/www.sebastien-auziere.fr\/blog\/de\/emmanuel-und-brigitte-macron-waren-tief-beruhrt-von-ihrem-austausch-mit-dem-team-des-films-un-ptit-truc-en-plus\/#article","isPartOf":{"@id":"https:\/\/www.sebastien-auziere.fr\/blog\/de\/emmanuel-und-brigitte-macron-waren-tief-beruhrt-von-ihrem-austausch-mit-dem-team-des-films-un-ptit-truc-en-plus\/"},"author":{"name":"Chloe Gauthier","@id":"https:\/\/www.sebastien-auziere.fr\/blog\/#\/schema\/person\/149f1acdbfd85149c6c3e59adeae2f4d"},"headline":"Emmanuel und Brigitte Macron waren tief ber\u00fchrt von ihrem Austausch mit dem Team des Films &lsquo;Un p\u2019tit truc en plus&rsquo;","datePublished":"2026-05-02T07:08:20+00:00","dateModified":"2026-05-02T07:08:49+00:00","mainEntityOfPage":{"@id":"https:\/\/www.sebastien-auziere.fr\/blog\/de\/emmanuel-und-brigitte-macron-waren-tief-beruhrt-von-ihrem-austausch-mit-dem-team-des-films-un-ptit-truc-en-plus\/"},"wordCount":578,"commentCount":0,"publisher":{"@id":"https:\/\/www.sebastien-auziere.fr\/blog\/#organization"},"image":{"@id":"https:\/\/www.sebastien-auziere.fr\/blog\/de\/emmanuel-und-brigitte-macron-waren-tief-beruhrt-von-ihrem-austausch-mit-dem-team-des-films-un-ptit-truc-en-plus\/#primaryimage"},"thumbnailUrl":"https:\/\/www.sebastien-auziere.fr\/blog\/wp-content\/uploads\/2026\/05\/Emmanuel-et-Brigitte-Macron-profondement-emus-par-leur-echange-avec-lequipe-du-film-Un-ptit-truc-en-plus.jpg","keywords":["brigitte macron","emmanuel macron","emotionaler Austausch","film ein kleines zus\u00e4tzliches Ding","Filmteam"],"articleSection":["Aktuelles"],"inLanguage":"fr-FR","potentialAction":[{"@type":"CommentAction","name":"Comment","target":["https:\/\/www.sebastien-auziere.fr\/blog\/de\/emmanuel-und-brigitte-macron-waren-tief-beruhrt-von-ihrem-austausch-mit-dem-team-des-films-un-ptit-truc-en-plus\/#respond"]}]},{"@type":"WebPage","@id":"https:\/\/www.sebastien-auziere.fr\/blog\/de\/emmanuel-und-brigitte-macron-waren-tief-beruhrt-von-ihrem-austausch-mit-dem-team-des-films-un-ptit-truc-en-plus\/","url":"https:\/\/www.sebastien-auziere.fr\/blog\/de\/emmanuel-und-brigitte-macron-waren-tief-beruhrt-von-ihrem-austausch-mit-dem-team-des-films-un-ptit-truc-en-plus\/","name":"Emmanuel und Brigitte Macron waren tief ber\u00fchrt von ihrem Austausch mit dem Team des Films 'Un p\u2019tit truc en plus' - Fan site S\u00e9bastien Auzi\u00e8re","isPartOf":{"@id":"https:\/\/www.sebastien-auziere.fr\/blog\/#website"},"primaryImageOfPage":{"@id":"https:\/\/www.sebastien-auziere.fr\/blog\/de\/emmanuel-und-brigitte-macron-waren-tief-beruhrt-von-ihrem-austausch-mit-dem-team-des-films-un-ptit-truc-en-plus\/#primaryimage"},"image":{"@id":"https:\/\/www.sebastien-auziere.fr\/blog\/de\/emmanuel-und-brigitte-macron-waren-tief-beruhrt-von-ihrem-austausch-mit-dem-team-des-films-un-ptit-truc-en-plus\/#primaryimage"},"thumbnailUrl":"https:\/\/www.sebastien-auziere.fr\/blog\/wp-content\/uploads\/2026\/05\/Emmanuel-et-Brigitte-Macron-profondement-emus-par-leur-echange-avec-lequipe-du-film-Un-ptit-truc-en-plus.jpg","datePublished":"2026-05-02T07:08:20+00:00","dateModified":"2026-05-02T07:08:49+00:00","description":"Emmanuel et Brigitte Macron profond\u00e9ment touch\u00e9s par leur \u00e9change \u00e9mouvant avec l\u2019\u00e9quipe du film 'Un p\u2019tit truc en plus'.","breadcrumb":{"@id":"https:\/\/www.sebastien-auziere.fr\/blog\/de\/emmanuel-und-brigitte-macron-waren-tief-beruhrt-von-ihrem-austausch-mit-dem-team-des-films-un-ptit-truc-en-plus\/#breadcrumb"},"inLanguage":"fr-FR","potentialAction":[{"@type":"ReadAction","target":["https:\/\/www.sebastien-auziere.fr\/blog\/de\/emmanuel-und-brigitte-macron-waren-tief-beruhrt-von-ihrem-austausch-mit-dem-team-des-films-un-ptit-truc-en-plus\/"]}]},{"@type":"ImageObject","inLanguage":"fr-FR","@id":"https:\/\/www.sebastien-auziere.fr\/blog\/de\/emmanuel-und-brigitte-macron-waren-tief-beruhrt-von-ihrem-austausch-mit-dem-team-des-films-un-ptit-truc-en-plus\/#primaryimage","url":"https:\/\/www.sebastien-auziere.fr\/blog\/wp-content\/uploads\/2026\/05\/Emmanuel-et-Brigitte-Macron-profondement-emus-par-leur-echange-avec-lequipe-du-film-Un-ptit-truc-en-plus.jpg","contentUrl":"https:\/\/www.sebastien-auziere.fr\/blog\/wp-content\/uploads\/2026\/05\/Emmanuel-et-Brigitte-Macron-profondement-emus-par-leur-echange-avec-lequipe-du-film-Un-ptit-truc-en-plus.jpg","width":2560,"height":1429,"caption":"emmanuel et brigitte macron, profond\u00e9ment touch\u00e9s, partagent un moment \u00e9mouvant avec l\u2019\u00e9quipe du film 'un p\u2019tit truc en plus', t\u00e9moignant de leur sinc\u00e9rit\u00e9 et engagement."},{"@type":"BreadcrumbList","@id":"https:\/\/www.sebastien-auziere.fr\/blog\/de\/emmanuel-und-brigitte-macron-waren-tief-beruhrt-von-ihrem-austausch-mit-dem-team-des-films-un-ptit-truc-en-plus\/#breadcrumb","itemListElement":[{"@type":"ListItem","position":1,"name":"Home","item":"https:\/\/www.sebastien-auziere.fr\/blog\/"},{"@type":"ListItem","position":2,"name":"Emmanuel und Brigitte Macron waren tief ber\u00fchrt von ihrem Austausch mit dem Team des Films &lsquo;Un p\u2019tit truc en plus&rsquo;"}]},{"@type":"WebSite","@id":"https:\/\/www.sebastien-auziere.fr\/blog\/#website","url":"https:\/\/www.sebastien-auziere.fr\/blog\/","name":"Fan site S\u00e9bastien Auzi\u00e8re","description":"M\u00e9dia g\u00e9n\u00e9raliste","publisher":{"@id":"https:\/\/www.sebastien-auziere.fr\/blog\/#organization"},"potentialAction":[{"@type":"SearchAction","target":{"@type":"EntryPoint","urlTemplate":"https:\/\/www.sebastien-auziere.fr\/blog\/?s={search_term_string}"},"query-input":{"@type":"PropertyValueSpecification","valueRequired":true,"valueName":"search_term_string"}}],"inLanguage":"fr-FR"},{"@type":"Organization","@id":"https:\/\/www.sebastien-auziere.fr\/blog\/#organization","name":"Fan site S\u00e9bastien Auzi\u00e8re","url":"https:\/\/www.sebastien-auziere.fr\/blog\/","logo":{"@type":"ImageObject","inLanguage":"fr-FR","@id":"https:\/\/www.sebastien-auziere.fr\/blog\/#\/schema\/logo\/image\/","url":"https:\/\/www.sebastien-auziere.fr\/blog\/wp-content\/uploads\/2026\/03\/cropped-cropped-cropped-ChatGPT-Image-6-mars-2026-12_58_09-e1772798376794.jpg","contentUrl":"https:\/\/www.sebastien-auziere.fr\/blog\/wp-content\/uploads\/2026\/03\/cropped-cropped-cropped-ChatGPT-Image-6-mars-2026-12_58_09-e1772798376794.jpg","width":512,"height":360,"caption":"Fan site S\u00e9bastien Auzi\u00e8re"},"image":{"@id":"https:\/\/www.sebastien-auziere.fr\/blog\/#\/schema\/logo\/image\/"}},{"@type":"Person","@id":"https:\/\/www.sebastien-auziere.fr\/blog\/#\/schema\/person\/149f1acdbfd85149c6c3e59adeae2f4d","name":"Chloe Gauthier","image":{"@type":"ImageObject","inLanguage":"fr-FR","@id":"https:\/\/secure.gravatar.com\/avatar\/2c5722f58171cff738a8985ef0dd66b476e563753246a49019befc837ec4201a?s=96&d=mm&r=g","url":"https:\/\/secure.gravatar.com\/avatar\/2c5722f58171cff738a8985ef0dd66b476e563753246a49019befc837ec4201a?s=96&d=mm&r=g","contentUrl":"https:\/\/secure.gravatar.com\/avatar\/2c5722f58171cff738a8985ef0dd66b476e563753246a49019befc837ec4201a?s=96&d=mm&r=g","caption":"Chloe Gauthier"},"description":"Passionn\u00e9e par la politique et admiratrice engag\u00e9e de la famille Macron, je consacre mon \u00e9nergie \u00e0 suivre leurs initiatives et \u00e0 promouvoir leurs id\u00e9es. \u00c0 32 ans, je suis convaincue que leur vision est porteuse d'avenir.","url":"https:\/\/www.sebastien-auziere.fr\/blog\/author\/chloe-gauthier\/"}]}},"views":0,"_links":{"self":[{"href":"https:\/\/www.sebastien-auziere.fr\/blog\/wp-json\/wp\/v2\/posts\/3514","targetHints":{"allow":["GET"]}}],"collection":[{"href":"https:\/\/www.sebastien-auziere.fr\/blog\/wp-json\/wp\/v2\/posts"}],"about":[{"href":"https:\/\/www.sebastien-auziere.fr\/blog\/wp-json\/wp\/v2\/types\/post"}],"author":[{"embeddable":true,"href":"https:\/\/www.sebastien-auziere.fr\/blog\/wp-json\/wp\/v2\/users\/9"}],"replies":[{"embeddable":true,"href":"https:\/\/www.sebastien-auziere.fr\/blog\/wp-json\/wp\/v2\/comments?post=3514"}],"version-history":[{"count":1,"href":"https:\/\/www.sebastien-auziere.fr\/blog\/wp-json\/wp\/v2\/posts\/3514\/revisions"}],"predecessor-version":[{"id":3515,"href":"https:\/\/www.sebastien-auziere.fr\/blog\/wp-json\/wp\/v2\/posts\/3514\/revisions\/3515"}],"wp:featuredmedia":[{"embeddable":true,"href":"https:\/\/www.sebastien-auziere.fr\/blog\/wp-json\/wp\/v2\/media\/3508"}],"wp:attachment":[{"href":"https:\/\/www.sebastien-auziere.fr\/blog\/wp-json\/wp\/v2\/media?parent=3514"}],"wp:term":[{"taxonomy":"category","embeddable":true,"href":"https:\/\/www.sebastien-auziere.fr\/blog\/wp-json\/wp\/v2\/categories?post=3514"},{"taxonomy":"post_tag","embeddable":true,"href":"https:\/\/www.sebastien-auziere.fr\/blog\/wp-json\/wp\/v2\/tags?post=3514"}],"curies":[{"name":"wp","href":"https:\/\/api.w.org\/{rel}","templated":true}]}}