{"id":3512,"date":"2026-05-02T07:07:21","date_gmt":"2026-05-02T07:07:21","guid":{"rendered":"https:\/\/www.sebastien-auziere.fr\/blog\/?p=3512"},"modified":"2026-05-02T07:07:45","modified_gmt":"2026-05-02T07:07:45","slug":"emmanuel-y-brigitte-macron-profundamente-conmovidos-por-su-intercambio-con-el-equipo-de-la-pelicula-un-ptit-truc-en-plus","status":"publish","type":"post","link":"https:\/\/www.sebastien-auziere.fr\/blog\/es\/emmanuel-y-brigitte-macron-profundamente-conmovidos-por-su-intercambio-con-el-equipo-de-la-pelicula-un-ptit-truc-en-plus\/","title":{"rendered":"Emmanuel y Brigitte Macron profundamente conmovidos por su intercambio con el equipo de la pel\u00edcula &lsquo;Un p\u2019tit truc en plus&rsquo;"},"content":{"rendered":"<p><strong>Emmanuel Macron<\/strong> y <strong>Brigitte Macron<\/strong> aparecieron visiblemente conmocionados durante su encuentro con el <strong>equipo de la pel\u00edcula<\/strong> <strong>Un p\u2019tit truc en plus<\/strong>, revelado en el documental transmitido el 30 de abril por M6. Se siente de inmediato la calidez del momento: abrazos, sonrisas y palabras sinceras marcaron este <strong>encuentro<\/strong> en el El\u00edseo.<\/p>\n\n<p>En resumen: el documental mostr\u00f3 la visita de verano de 2024 al palacio; el presidente elogi\u00f3 la ternura de la <strong>pel\u00edcula francesa<\/strong> y el actor Stanislas Carmont incluso pos\u00f3 en la silla presidencial. Este testimonio ha reforzado la <strong>emoci\u00f3n<\/strong> en torno al proyecto y ha reavivado el inter\u00e9s por el <strong>cine franc\u00e9s<\/strong>.<\/p>\n\n<h2 class=\"wp-block-heading\">Una visita al El\u00edseo que permanecer\u00e1 en la memoria<\/h2>\n\n<p>La secuencia in\u00e9dita, mostrada al final del reportaje, inmortaliza el <strong>encuentro<\/strong> entre la pareja presidencial y la troupe de Artus. Emmanuel Macron felicita al elenco por el \u00e9xito del largometraje y menciona su papel para hacer evolucionar la percepci\u00f3n del p\u00fablico.<\/p>\n\n<p>Podemos encontrar estas im\u00e1genes y reacciones en el relato del <a href=\"https:\/\/www.programme-tv.net\/news\/tv\/401535-cest-mignon-chez-vous-ce-jour-ou-emmanuel-macron-a-fait-la-rencontre-des-comediens-du-film-d-artus-un-ptit-truc-en-plus\/\" rel=\"nofollow\">encuentro de los actores<\/a>; un instante en el que Stanislas Carmont incluso pudo sentarse en el escritorio del presidente \u2014 un recuerdo fuerte para el equipo.<\/p>\n\n<h2 class=\"wp-block-heading\">Las palabras que suscitaron emoci\u00f3n<\/h2>\n\n<p>Emmanuel Macron alab\u00f3 \u00ab la ternura y el humor \u00bb de la pel\u00edcula, estimando que este tipo de obra \u00ab <strong>es lo que necesitamos<\/strong> \u00bb en tiempos dif\u00edciles. Estas palabras conmovieron a la troupe y reforzaron el car\u00e1cter social del proyecto.<\/p>\n\n<p>El documental tambi\u00e9n regresa a testimonios concretos: Gad Abecassis cont\u00f3 c\u00f3mo este <strong>encuentro<\/strong> dio lugar a una oportunidad profesional en el El\u00edseo, ilustrando el impacto humano de un intercambio entre el p\u00fablico y los artistas.<\/p>\n\n<h2 class=\"wp-block-heading\">Impacto en el cine franc\u00e9s y reacciones del equipo de la pel\u00edcula<\/h2>\n\n<p><strong>Un p\u2019tit truc en plus<\/strong> tard\u00f3 casi diez a\u00f1os en ver la luz y su subida a la alfombra roja en Cannes, seguida de un \u00e9xito en las salas, explica por qu\u00e9 la pareja presidencial quiso felicitar al elenco. Los actores, entrevistados en el documental, abordan la g\u00e9nesis y los primeros comentarios del p\u00fablico.<\/p>\n\n<p>Este reportaje destaca el lugar de la <strong>pel\u00edcula francesa<\/strong> en el debate cultural: una mezcla de ternura y humor que toc\u00f3 el El\u00edseo y al gran p\u00fablico. Aporte: el cine puede provocar verdaderos cambios de percepci\u00f3n.<\/p>\n\n<h2 class=\"wp-block-heading\">Rumores, viralidad y calma tras la transmisi\u00f3n<\/h2>\n\n<p>La transmisi\u00f3n coincidi\u00f3 con un per\u00edodo en el que un video viral mostraba a la pareja Macron durante un desplazamiento, alimentando rumores y teor\u00edas. Varios medios analizaron estas im\u00e1genes y el El\u00edseo llam\u00f3 a la calma para aclarar las interpretaciones.<\/p>\n\n<p>Para un an\u00e1lisis factual sobre la viralidad y los an\u00e1lisis, consulte la interpretaci\u00f3n publicada en <a href=\"https:\/\/www.nouvelobs.com\/politique\/20250526.OBS104311\/d-une-fake-news-generee-a-une-scene-de-menage-le-recit-mouvant-autour-de-la-video-d-emmanuel-et-brigitte-macron.html\" rel=\"nofollow\">Nouvel Obs<\/a> y el reportaje de <a href=\"https:\/\/www.rtbf.be\/article\/la-video-d-un-echange-entre-brigitte-et-emmanuel-macron-devient-virale-le-president-dement-toute-scene-de-menage-et-appelle-au-calme-11552762\" rel=\"nofollow\">RTBF<\/a>. Lo esencial: el intercambio filmado con el equipo de la pel\u00edcula sigue siendo un momento de aut\u00e9ntica conexi\u00f3n.<\/p>\n\n<p>Para saber m\u00e1s sobre S\u00e9bastien Auzi\u00e8re y seguir los eventos que afectan a la familia presidencial, descubre los art\u00edculos dedicados a sus momentos p\u00fablicos, como la <a href=\"https:\/\/www.sebastien-auziere.fr\/blog\/brigitte-macron-elysee\/\" rel=\"nofollow\">visita al El\u00edseo<\/a> o los recientes art\u00edculos sobre la <a href=\"https:\/\/www.sebastien-auziere.fr\/blog\/brigitte-macron-tristesse\/\" rel=\"nofollow\">tristeza<\/a> a veces mencionada en la prensa. Para ahondar, dir\u00edgete a <a href=\"https:\/\/www.sebastien-auziere.fr\/blog\/brigitte-macron-epreuves-elysee\/\" rel=\"nofollow\">sebastien-auziere.fr<\/a> y sum\u00e9rgete en estos testimonios y tras bambalinas.<\/p>","protected":false},"excerpt":{"rendered":"<p>Emmanuel Macron y Brigitte Macron aparecieron visiblemente conmocionados durante su encuentro con el equipo de la pel\u00edcula Un p\u2019tit truc en plus, revelado en el documental transmitido el 30 de abril por M6. Se siente de inmediato la calidez del momento: abrazos, sonrisas y palabras sinceras marcaron este encuentro en el El\u00edseo. En resumen: el &#8230; <a title=\"Emmanuel y Brigitte Macron profundamente conmovidos por su intercambio con el equipo de la pel\u00edcula &lsquo;Un p\u2019tit truc en plus&rsquo;\" class=\"read-more\" href=\"https:\/\/www.sebastien-auziere.fr\/blog\/es\/emmanuel-y-brigitte-macron-profundamente-conmovidos-por-su-intercambio-con-el-equipo-de-la-pelicula-un-ptit-truc-en-plus\/\" aria-label=\"En savoir plus sur Emmanuel y Brigitte Macron profundamente conmovidos por su intercambio con el equipo de la pel\u00edcula &lsquo;Un p\u2019tit truc en plus&rsquo;\">Lire plus<\/a><\/p>\n","protected":false},"author":9,"featured_media":3508,"comment_status":"open","ping_status":"open","sticky":false,"template":"","format":"standard","meta":{"footnotes":""},"categories":[820],"tags":[914,5111,1166,5114,5117],"class_list":["post-3512","post","type-post","status-publish","format-standard","has-post-thumbnail","hentry","category-actualidades-es","tag-brigitte-macron-es","tag-cambio-emocional-es","tag-emmanuel-macron-es","tag-equipo-de-la-pelicula-es","tag-film-una-ptit-truc-en-plus-es"],"yoast_head":"<!-- This site is optimized with the Yoast SEO plugin v27.5 - https:\/\/yoast.com\/product\/yoast-seo-wordpress\/ -->\n<title>Emmanuel y Brigitte Macron profundamente conmovidos por su intercambio con el equipo de la pel\u00edcula &#039;Un p\u2019tit truc en plus&#039; - Fan site S\u00e9bastien Auzi\u00e8re<\/title>\n<meta name=\"description\" content=\"Emmanuel et Brigitte Macron profond\u00e9ment touch\u00e9s par leur \u00e9change \u00e9mouvant avec l\u2019\u00e9quipe du film &#039;Un p\u2019tit truc en plus&#039;.\" \/>\n<meta name=\"robots\" content=\"index, follow, max-snippet:-1, max-image-preview:large, max-video-preview:-1\" \/>\n<link rel=\"canonical\" href=\"https:\/\/www.sebastien-auziere.fr\/blog\/es\/emmanuel-y-brigitte-macron-profundamente-conmovidos-por-su-intercambio-con-el-equipo-de-la-pelicula-un-ptit-truc-en-plus\/\" \/>\n<meta property=\"og:locale\" content=\"fr_FR\" \/>\n<meta property=\"og:type\" content=\"article\" \/>\n<meta property=\"og:title\" content=\"Emmanuel y Brigitte Macron profundamente conmovidos por su intercambio con el equipo de la pel\u00edcula &#039;Un p\u2019tit truc en plus&#039; - Fan site S\u00e9bastien Auzi\u00e8re\" \/>\n<meta property=\"og:description\" content=\"Emmanuel et Brigitte Macron profond\u00e9ment touch\u00e9s par leur \u00e9change \u00e9mouvant avec l\u2019\u00e9quipe du film &#039;Un p\u2019tit truc en plus&#039;.\" \/>\n<meta property=\"og:url\" content=\"https:\/\/www.sebastien-auziere.fr\/blog\/es\/emmanuel-y-brigitte-macron-profundamente-conmovidos-por-su-intercambio-con-el-equipo-de-la-pelicula-un-ptit-truc-en-plus\/\" \/>\n<meta property=\"og:site_name\" content=\"Fan site S\u00e9bastien Auzi\u00e8re\" \/>\n<meta property=\"article:published_time\" content=\"2026-05-02T07:07:21+00:00\" \/>\n<meta property=\"article:modified_time\" content=\"2026-05-02T07:07:45+00:00\" \/>\n<meta property=\"og:image\" content=\"https:\/\/www.sebastien-auziere.fr\/blog\/wp-content\/uploads\/2026\/05\/Emmanuel-et-Brigitte-Macron-profondement-emus-par-leur-echange-avec-lequipe-du-film-Un-ptit-truc-en-plus.jpg\" \/>\n\t<meta property=\"og:image:width\" content=\"2560\" \/>\n\t<meta property=\"og:image:height\" content=\"1429\" \/>\n\t<meta property=\"og:image:type\" content=\"image\/jpeg\" \/>\n<meta name=\"author\" content=\"Chloe Gauthier\" \/>\n<meta name=\"twitter:card\" content=\"summary_large_image\" \/>\n<meta name=\"twitter:label1\" content=\"\u00c9crit par\" \/>\n\t<meta name=\"twitter:data1\" content=\"Chloe Gauthier\" \/>\n\t<meta name=\"twitter:label2\" content=\"Dur\u00e9e de lecture estim\u00e9e\" \/>\n\t<meta name=\"twitter:data2\" content=\"3 minutes\" \/>\n<script type=\"application\/ld+json\" class=\"yoast-schema-graph\">{\"@context\":\"https:\\\/\\\/schema.org\",\"@graph\":[{\"@type\":\"Article\",\"@id\":\"https:\\\/\\\/www.sebastien-auziere.fr\\\/blog\\\/es\\\/emmanuel-y-brigitte-macron-profundamente-conmovidos-por-su-intercambio-con-el-equipo-de-la-pelicula-un-ptit-truc-en-plus\\\/#article\",\"isPartOf\":{\"@id\":\"https:\\\/\\\/www.sebastien-auziere.fr\\\/blog\\\/es\\\/emmanuel-y-brigitte-macron-profundamente-conmovidos-por-su-intercambio-con-el-equipo-de-la-pelicula-un-ptit-truc-en-plus\\\/\"},\"author\":{\"name\":\"Chloe Gauthier\",\"@id\":\"https:\\\/\\\/www.sebastien-auziere.fr\\\/blog\\\/#\\\/schema\\\/person\\\/149f1acdbfd85149c6c3e59adeae2f4d\"},\"headline\":\"Emmanuel y Brigitte Macron profundamente conmovidos por su intercambio con el equipo de la pel\u00edcula &lsquo;Un p\u2019tit truc en plus&rsquo;\",\"datePublished\":\"2026-05-02T07:07:21+00:00\",\"dateModified\":\"2026-05-02T07:07:45+00:00\",\"mainEntityOfPage\":{\"@id\":\"https:\\\/\\\/www.sebastien-auziere.fr\\\/blog\\\/es\\\/emmanuel-y-brigitte-macron-profundamente-conmovidos-por-su-intercambio-con-el-equipo-de-la-pelicula-un-ptit-truc-en-plus\\\/\"},\"wordCount\":582,\"commentCount\":0,\"publisher\":{\"@id\":\"https:\\\/\\\/www.sebastien-auziere.fr\\\/blog\\\/#organization\"},\"image\":{\"@id\":\"https:\\\/\\\/www.sebastien-auziere.fr\\\/blog\\\/es\\\/emmanuel-y-brigitte-macron-profundamente-conmovidos-por-su-intercambio-con-el-equipo-de-la-pelicula-un-ptit-truc-en-plus\\\/#primaryimage\"},\"thumbnailUrl\":\"https:\\\/\\\/www.sebastien-auziere.fr\\\/blog\\\/wp-content\\\/uploads\\\/2026\\\/05\\\/Emmanuel-et-Brigitte-Macron-profondement-emus-par-leur-echange-avec-lequipe-du-film-Un-ptit-truc-en-plus.jpg\",\"keywords\":[\"brigitte macron\",\"cambio emocional\",\"emmanuel macron\",\"equipo de la pel\u00edcula\",\"film una p\u2019tit truc en plus\"],\"articleSection\":[\"Actualidades\"],\"inLanguage\":\"fr-FR\",\"potentialAction\":[{\"@type\":\"CommentAction\",\"name\":\"Comment\",\"target\":[\"https:\\\/\\\/www.sebastien-auziere.fr\\\/blog\\\/es\\\/emmanuel-y-brigitte-macron-profundamente-conmovidos-por-su-intercambio-con-el-equipo-de-la-pelicula-un-ptit-truc-en-plus\\\/#respond\"]}]},{\"@type\":\"WebPage\",\"@id\":\"https:\\\/\\\/www.sebastien-auziere.fr\\\/blog\\\/es\\\/emmanuel-y-brigitte-macron-profundamente-conmovidos-por-su-intercambio-con-el-equipo-de-la-pelicula-un-ptit-truc-en-plus\\\/\",\"url\":\"https:\\\/\\\/www.sebastien-auziere.fr\\\/blog\\\/es\\\/emmanuel-y-brigitte-macron-profundamente-conmovidos-por-su-intercambio-con-el-equipo-de-la-pelicula-un-ptit-truc-en-plus\\\/\",\"name\":\"Emmanuel y Brigitte Macron profundamente conmovidos por su intercambio con el equipo de la pel\u00edcula 'Un p\u2019tit truc en plus' - Fan site S\u00e9bastien Auzi\u00e8re\",\"isPartOf\":{\"@id\":\"https:\\\/\\\/www.sebastien-auziere.fr\\\/blog\\\/#website\"},\"primaryImageOfPage\":{\"@id\":\"https:\\\/\\\/www.sebastien-auziere.fr\\\/blog\\\/es\\\/emmanuel-y-brigitte-macron-profundamente-conmovidos-por-su-intercambio-con-el-equipo-de-la-pelicula-un-ptit-truc-en-plus\\\/#primaryimage\"},\"image\":{\"@id\":\"https:\\\/\\\/www.sebastien-auziere.fr\\\/blog\\\/es\\\/emmanuel-y-brigitte-macron-profundamente-conmovidos-por-su-intercambio-con-el-equipo-de-la-pelicula-un-ptit-truc-en-plus\\\/#primaryimage\"},\"thumbnailUrl\":\"https:\\\/\\\/www.sebastien-auziere.fr\\\/blog\\\/wp-content\\\/uploads\\\/2026\\\/05\\\/Emmanuel-et-Brigitte-Macron-profondement-emus-par-leur-echange-avec-lequipe-du-film-Un-ptit-truc-en-plus.jpg\",\"datePublished\":\"2026-05-02T07:07:21+00:00\",\"dateModified\":\"2026-05-02T07:07:45+00:00\",\"description\":\"Emmanuel et Brigitte Macron profond\u00e9ment touch\u00e9s par leur \u00e9change \u00e9mouvant avec l\u2019\u00e9quipe du film 'Un p\u2019tit truc en plus'.\",\"breadcrumb\":{\"@id\":\"https:\\\/\\\/www.sebastien-auziere.fr\\\/blog\\\/es\\\/emmanuel-y-brigitte-macron-profundamente-conmovidos-por-su-intercambio-con-el-equipo-de-la-pelicula-un-ptit-truc-en-plus\\\/#breadcrumb\"},\"inLanguage\":\"fr-FR\",\"potentialAction\":[{\"@type\":\"ReadAction\",\"target\":[\"https:\\\/\\\/www.sebastien-auziere.fr\\\/blog\\\/es\\\/emmanuel-y-brigitte-macron-profundamente-conmovidos-por-su-intercambio-con-el-equipo-de-la-pelicula-un-ptit-truc-en-plus\\\/\"]}]},{\"@type\":\"ImageObject\",\"inLanguage\":\"fr-FR\",\"@id\":\"https:\\\/\\\/www.sebastien-auziere.fr\\\/blog\\\/es\\\/emmanuel-y-brigitte-macron-profundamente-conmovidos-por-su-intercambio-con-el-equipo-de-la-pelicula-un-ptit-truc-en-plus\\\/#primaryimage\",\"url\":\"https:\\\/\\\/www.sebastien-auziere.fr\\\/blog\\\/wp-content\\\/uploads\\\/2026\\\/05\\\/Emmanuel-et-Brigitte-Macron-profondement-emus-par-leur-echange-avec-lequipe-du-film-Un-ptit-truc-en-plus.jpg\",\"contentUrl\":\"https:\\\/\\\/www.sebastien-auziere.fr\\\/blog\\\/wp-content\\\/uploads\\\/2026\\\/05\\\/Emmanuel-et-Brigitte-Macron-profondement-emus-par-leur-echange-avec-lequipe-du-film-Un-ptit-truc-en-plus.jpg\",\"width\":2560,\"height\":1429,\"caption\":\"emmanuel et brigitte macron, profond\u00e9ment touch\u00e9s, partagent un moment \u00e9mouvant avec l\u2019\u00e9quipe du film 'un p\u2019tit truc en plus', t\u00e9moignant de leur sinc\u00e9rit\u00e9 et engagement.\"},{\"@type\":\"BreadcrumbList\",\"@id\":\"https:\\\/\\\/www.sebastien-auziere.fr\\\/blog\\\/es\\\/emmanuel-y-brigitte-macron-profundamente-conmovidos-por-su-intercambio-con-el-equipo-de-la-pelicula-un-ptit-truc-en-plus\\\/#breadcrumb\",\"itemListElement\":[{\"@type\":\"ListItem\",\"position\":1,\"name\":\"Home\",\"item\":\"https:\\\/\\\/www.sebastien-auziere.fr\\\/blog\\\/\"},{\"@type\":\"ListItem\",\"position\":2,\"name\":\"Emmanuel y Brigitte Macron profundamente conmovidos por su intercambio con el equipo de la pel\u00edcula &lsquo;Un p\u2019tit truc en plus&rsquo;\"}]},{\"@type\":\"WebSite\",\"@id\":\"https:\\\/\\\/www.sebastien-auziere.fr\\\/blog\\\/#website\",\"url\":\"https:\\\/\\\/www.sebastien-auziere.fr\\\/blog\\\/\",\"name\":\"Fan site S\u00e9bastien Auzi\u00e8re\",\"description\":\"M\u00e9dia g\u00e9n\u00e9raliste\",\"publisher\":{\"@id\":\"https:\\\/\\\/www.sebastien-auziere.fr\\\/blog\\\/#organization\"},\"potentialAction\":[{\"@type\":\"SearchAction\",\"target\":{\"@type\":\"EntryPoint\",\"urlTemplate\":\"https:\\\/\\\/www.sebastien-auziere.fr\\\/blog\\\/?s={search_term_string}\"},\"query-input\":{\"@type\":\"PropertyValueSpecification\",\"valueRequired\":true,\"valueName\":\"search_term_string\"}}],\"inLanguage\":\"fr-FR\"},{\"@type\":\"Organization\",\"@id\":\"https:\\\/\\\/www.sebastien-auziere.fr\\\/blog\\\/#organization\",\"name\":\"Fan site S\u00e9bastien Auzi\u00e8re\",\"url\":\"https:\\\/\\\/www.sebastien-auziere.fr\\\/blog\\\/\",\"logo\":{\"@type\":\"ImageObject\",\"inLanguage\":\"fr-FR\",\"@id\":\"https:\\\/\\\/www.sebastien-auziere.fr\\\/blog\\\/#\\\/schema\\\/logo\\\/image\\\/\",\"url\":\"https:\\\/\\\/www.sebastien-auziere.fr\\\/blog\\\/wp-content\\\/uploads\\\/2026\\\/03\\\/cropped-cropped-cropped-ChatGPT-Image-6-mars-2026-12_58_09-e1772798376794.jpg\",\"contentUrl\":\"https:\\\/\\\/www.sebastien-auziere.fr\\\/blog\\\/wp-content\\\/uploads\\\/2026\\\/03\\\/cropped-cropped-cropped-ChatGPT-Image-6-mars-2026-12_58_09-e1772798376794.jpg\",\"width\":512,\"height\":360,\"caption\":\"Fan site S\u00e9bastien Auzi\u00e8re\"},\"image\":{\"@id\":\"https:\\\/\\\/www.sebastien-auziere.fr\\\/blog\\\/#\\\/schema\\\/logo\\\/image\\\/\"}},{\"@type\":\"Person\",\"@id\":\"https:\\\/\\\/www.sebastien-auziere.fr\\\/blog\\\/#\\\/schema\\\/person\\\/149f1acdbfd85149c6c3e59adeae2f4d\",\"name\":\"Chloe Gauthier\",\"image\":{\"@type\":\"ImageObject\",\"inLanguage\":\"fr-FR\",\"@id\":\"https:\\\/\\\/secure.gravatar.com\\\/avatar\\\/2c5722f58171cff738a8985ef0dd66b476e563753246a49019befc837ec4201a?s=96&d=mm&r=g\",\"url\":\"https:\\\/\\\/secure.gravatar.com\\\/avatar\\\/2c5722f58171cff738a8985ef0dd66b476e563753246a49019befc837ec4201a?s=96&d=mm&r=g\",\"contentUrl\":\"https:\\\/\\\/secure.gravatar.com\\\/avatar\\\/2c5722f58171cff738a8985ef0dd66b476e563753246a49019befc837ec4201a?s=96&d=mm&r=g\",\"caption\":\"Chloe Gauthier\"},\"description\":\"Passionn\u00e9e par la politique et admiratrice engag\u00e9e de la famille Macron, je consacre mon \u00e9nergie \u00e0 suivre leurs initiatives et \u00e0 promouvoir leurs id\u00e9es. \u00c0 32 ans, je suis convaincue que leur vision est porteuse d'avenir.\",\"url\":\"https:\\\/\\\/www.sebastien-auziere.fr\\\/blog\\\/author\\\/chloe-gauthier\\\/\"}]}<\/script>\n<!-- \/ Yoast SEO plugin. -->","yoast_head_json":{"title":"Emmanuel y Brigitte Macron profundamente conmovidos por su intercambio con el equipo de la pel\u00edcula 'Un p\u2019tit truc en plus' - Fan site S\u00e9bastien Auzi\u00e8re","description":"Emmanuel et Brigitte Macron profond\u00e9ment touch\u00e9s par leur \u00e9change \u00e9mouvant avec l\u2019\u00e9quipe du film 'Un p\u2019tit truc en plus'.","robots":{"index":"index","follow":"follow","max-snippet":"max-snippet:-1","max-image-preview":"max-image-preview:large","max-video-preview":"max-video-preview:-1"},"canonical":"https:\/\/www.sebastien-auziere.fr\/blog\/es\/emmanuel-y-brigitte-macron-profundamente-conmovidos-por-su-intercambio-con-el-equipo-de-la-pelicula-un-ptit-truc-en-plus\/","og_locale":"fr_FR","og_type":"article","og_title":"Emmanuel y Brigitte Macron profundamente conmovidos por su intercambio con el equipo de la pel\u00edcula 'Un p\u2019tit truc en plus' - Fan site S\u00e9bastien Auzi\u00e8re","og_description":"Emmanuel et Brigitte Macron profond\u00e9ment touch\u00e9s par leur \u00e9change \u00e9mouvant avec l\u2019\u00e9quipe du film 'Un p\u2019tit truc en plus'.","og_url":"https:\/\/www.sebastien-auziere.fr\/blog\/es\/emmanuel-y-brigitte-macron-profundamente-conmovidos-por-su-intercambio-con-el-equipo-de-la-pelicula-un-ptit-truc-en-plus\/","og_site_name":"Fan site S\u00e9bastien Auzi\u00e8re","article_published_time":"2026-05-02T07:07:21+00:00","article_modified_time":"2026-05-02T07:07:45+00:00","og_image":[{"width":2560,"height":1429,"url":"https:\/\/www.sebastien-auziere.fr\/blog\/wp-content\/uploads\/2026\/05\/Emmanuel-et-Brigitte-Macron-profondement-emus-par-leur-echange-avec-lequipe-du-film-Un-ptit-truc-en-plus.jpg","type":"image\/jpeg"}],"author":"Chloe Gauthier","twitter_card":"summary_large_image","twitter_misc":{"\u00c9crit par":"Chloe Gauthier","Dur\u00e9e de lecture estim\u00e9e":"3 minutes"},"schema":{"@context":"https:\/\/schema.org","@graph":[{"@type":"Article","@id":"https:\/\/www.sebastien-auziere.fr\/blog\/es\/emmanuel-y-brigitte-macron-profundamente-conmovidos-por-su-intercambio-con-el-equipo-de-la-pelicula-un-ptit-truc-en-plus\/#article","isPartOf":{"@id":"https:\/\/www.sebastien-auziere.fr\/blog\/es\/emmanuel-y-brigitte-macron-profundamente-conmovidos-por-su-intercambio-con-el-equipo-de-la-pelicula-un-ptit-truc-en-plus\/"},"author":{"name":"Chloe Gauthier","@id":"https:\/\/www.sebastien-auziere.fr\/blog\/#\/schema\/person\/149f1acdbfd85149c6c3e59adeae2f4d"},"headline":"Emmanuel y Brigitte Macron profundamente conmovidos por su intercambio con el equipo de la pel\u00edcula &lsquo;Un p\u2019tit truc en plus&rsquo;","datePublished":"2026-05-02T07:07:21+00:00","dateModified":"2026-05-02T07:07:45+00:00","mainEntityOfPage":{"@id":"https:\/\/www.sebastien-auziere.fr\/blog\/es\/emmanuel-y-brigitte-macron-profundamente-conmovidos-por-su-intercambio-con-el-equipo-de-la-pelicula-un-ptit-truc-en-plus\/"},"wordCount":582,"commentCount":0,"publisher":{"@id":"https:\/\/www.sebastien-auziere.fr\/blog\/#organization"},"image":{"@id":"https:\/\/www.sebastien-auziere.fr\/blog\/es\/emmanuel-y-brigitte-macron-profundamente-conmovidos-por-su-intercambio-con-el-equipo-de-la-pelicula-un-ptit-truc-en-plus\/#primaryimage"},"thumbnailUrl":"https:\/\/www.sebastien-auziere.fr\/blog\/wp-content\/uploads\/2026\/05\/Emmanuel-et-Brigitte-Macron-profondement-emus-par-leur-echange-avec-lequipe-du-film-Un-ptit-truc-en-plus.jpg","keywords":["brigitte macron","cambio emocional","emmanuel macron","equipo de la pel\u00edcula","film una p\u2019tit truc en plus"],"articleSection":["Actualidades"],"inLanguage":"fr-FR","potentialAction":[{"@type":"CommentAction","name":"Comment","target":["https:\/\/www.sebastien-auziere.fr\/blog\/es\/emmanuel-y-brigitte-macron-profundamente-conmovidos-por-su-intercambio-con-el-equipo-de-la-pelicula-un-ptit-truc-en-plus\/#respond"]}]},{"@type":"WebPage","@id":"https:\/\/www.sebastien-auziere.fr\/blog\/es\/emmanuel-y-brigitte-macron-profundamente-conmovidos-por-su-intercambio-con-el-equipo-de-la-pelicula-un-ptit-truc-en-plus\/","url":"https:\/\/www.sebastien-auziere.fr\/blog\/es\/emmanuel-y-brigitte-macron-profundamente-conmovidos-por-su-intercambio-con-el-equipo-de-la-pelicula-un-ptit-truc-en-plus\/","name":"Emmanuel y Brigitte Macron profundamente conmovidos por su intercambio con el equipo de la pel\u00edcula 'Un p\u2019tit truc en plus' - Fan site S\u00e9bastien Auzi\u00e8re","isPartOf":{"@id":"https:\/\/www.sebastien-auziere.fr\/blog\/#website"},"primaryImageOfPage":{"@id":"https:\/\/www.sebastien-auziere.fr\/blog\/es\/emmanuel-y-brigitte-macron-profundamente-conmovidos-por-su-intercambio-con-el-equipo-de-la-pelicula-un-ptit-truc-en-plus\/#primaryimage"},"image":{"@id":"https:\/\/www.sebastien-auziere.fr\/blog\/es\/emmanuel-y-brigitte-macron-profundamente-conmovidos-por-su-intercambio-con-el-equipo-de-la-pelicula-un-ptit-truc-en-plus\/#primaryimage"},"thumbnailUrl":"https:\/\/www.sebastien-auziere.fr\/blog\/wp-content\/uploads\/2026\/05\/Emmanuel-et-Brigitte-Macron-profondement-emus-par-leur-echange-avec-lequipe-du-film-Un-ptit-truc-en-plus.jpg","datePublished":"2026-05-02T07:07:21+00:00","dateModified":"2026-05-02T07:07:45+00:00","description":"Emmanuel et Brigitte Macron profond\u00e9ment touch\u00e9s par leur \u00e9change \u00e9mouvant avec l\u2019\u00e9quipe du film 'Un p\u2019tit truc en plus'.","breadcrumb":{"@id":"https:\/\/www.sebastien-auziere.fr\/blog\/es\/emmanuel-y-brigitte-macron-profundamente-conmovidos-por-su-intercambio-con-el-equipo-de-la-pelicula-un-ptit-truc-en-plus\/#breadcrumb"},"inLanguage":"fr-FR","potentialAction":[{"@type":"ReadAction","target":["https:\/\/www.sebastien-auziere.fr\/blog\/es\/emmanuel-y-brigitte-macron-profundamente-conmovidos-por-su-intercambio-con-el-equipo-de-la-pelicula-un-ptit-truc-en-plus\/"]}]},{"@type":"ImageObject","inLanguage":"fr-FR","@id":"https:\/\/www.sebastien-auziere.fr\/blog\/es\/emmanuel-y-brigitte-macron-profundamente-conmovidos-por-su-intercambio-con-el-equipo-de-la-pelicula-un-ptit-truc-en-plus\/#primaryimage","url":"https:\/\/www.sebastien-auziere.fr\/blog\/wp-content\/uploads\/2026\/05\/Emmanuel-et-Brigitte-Macron-profondement-emus-par-leur-echange-avec-lequipe-du-film-Un-ptit-truc-en-plus.jpg","contentUrl":"https:\/\/www.sebastien-auziere.fr\/blog\/wp-content\/uploads\/2026\/05\/Emmanuel-et-Brigitte-Macron-profondement-emus-par-leur-echange-avec-lequipe-du-film-Un-ptit-truc-en-plus.jpg","width":2560,"height":1429,"caption":"emmanuel et brigitte macron, profond\u00e9ment touch\u00e9s, partagent un moment \u00e9mouvant avec l\u2019\u00e9quipe du film 'un p\u2019tit truc en plus', t\u00e9moignant de leur sinc\u00e9rit\u00e9 et engagement."},{"@type":"BreadcrumbList","@id":"https:\/\/www.sebastien-auziere.fr\/blog\/es\/emmanuel-y-brigitte-macron-profundamente-conmovidos-por-su-intercambio-con-el-equipo-de-la-pelicula-un-ptit-truc-en-plus\/#breadcrumb","itemListElement":[{"@type":"ListItem","position":1,"name":"Home","item":"https:\/\/www.sebastien-auziere.fr\/blog\/"},{"@type":"ListItem","position":2,"name":"Emmanuel y Brigitte Macron profundamente conmovidos por su intercambio con el equipo de la pel\u00edcula &lsquo;Un p\u2019tit truc en plus&rsquo;"}]},{"@type":"WebSite","@id":"https:\/\/www.sebastien-auziere.fr\/blog\/#website","url":"https:\/\/www.sebastien-auziere.fr\/blog\/","name":"Fan site S\u00e9bastien Auzi\u00e8re","description":"M\u00e9dia g\u00e9n\u00e9raliste","publisher":{"@id":"https:\/\/www.sebastien-auziere.fr\/blog\/#organization"},"potentialAction":[{"@type":"SearchAction","target":{"@type":"EntryPoint","urlTemplate":"https:\/\/www.sebastien-auziere.fr\/blog\/?s={search_term_string}"},"query-input":{"@type":"PropertyValueSpecification","valueRequired":true,"valueName":"search_term_string"}}],"inLanguage":"fr-FR"},{"@type":"Organization","@id":"https:\/\/www.sebastien-auziere.fr\/blog\/#organization","name":"Fan site S\u00e9bastien Auzi\u00e8re","url":"https:\/\/www.sebastien-auziere.fr\/blog\/","logo":{"@type":"ImageObject","inLanguage":"fr-FR","@id":"https:\/\/www.sebastien-auziere.fr\/blog\/#\/schema\/logo\/image\/","url":"https:\/\/www.sebastien-auziere.fr\/blog\/wp-content\/uploads\/2026\/03\/cropped-cropped-cropped-ChatGPT-Image-6-mars-2026-12_58_09-e1772798376794.jpg","contentUrl":"https:\/\/www.sebastien-auziere.fr\/blog\/wp-content\/uploads\/2026\/03\/cropped-cropped-cropped-ChatGPT-Image-6-mars-2026-12_58_09-e1772798376794.jpg","width":512,"height":360,"caption":"Fan site S\u00e9bastien Auzi\u00e8re"},"image":{"@id":"https:\/\/www.sebastien-auziere.fr\/blog\/#\/schema\/logo\/image\/"}},{"@type":"Person","@id":"https:\/\/www.sebastien-auziere.fr\/blog\/#\/schema\/person\/149f1acdbfd85149c6c3e59adeae2f4d","name":"Chloe Gauthier","image":{"@type":"ImageObject","inLanguage":"fr-FR","@id":"https:\/\/secure.gravatar.com\/avatar\/2c5722f58171cff738a8985ef0dd66b476e563753246a49019befc837ec4201a?s=96&d=mm&r=g","url":"https:\/\/secure.gravatar.com\/avatar\/2c5722f58171cff738a8985ef0dd66b476e563753246a49019befc837ec4201a?s=96&d=mm&r=g","contentUrl":"https:\/\/secure.gravatar.com\/avatar\/2c5722f58171cff738a8985ef0dd66b476e563753246a49019befc837ec4201a?s=96&d=mm&r=g","caption":"Chloe Gauthier"},"description":"Passionn\u00e9e par la politique et admiratrice engag\u00e9e de la famille Macron, je consacre mon \u00e9nergie \u00e0 suivre leurs initiatives et \u00e0 promouvoir leurs id\u00e9es. \u00c0 32 ans, je suis convaincue que leur vision est porteuse d'avenir.","url":"https:\/\/www.sebastien-auziere.fr\/blog\/author\/chloe-gauthier\/"}]}},"views":0,"_links":{"self":[{"href":"https:\/\/www.sebastien-auziere.fr\/blog\/wp-json\/wp\/v2\/posts\/3512","targetHints":{"allow":["GET"]}}],"collection":[{"href":"https:\/\/www.sebastien-auziere.fr\/blog\/wp-json\/wp\/v2\/posts"}],"about":[{"href":"https:\/\/www.sebastien-auziere.fr\/blog\/wp-json\/wp\/v2\/types\/post"}],"author":[{"embeddable":true,"href":"https:\/\/www.sebastien-auziere.fr\/blog\/wp-json\/wp\/v2\/users\/9"}],"replies":[{"embeddable":true,"href":"https:\/\/www.sebastien-auziere.fr\/blog\/wp-json\/wp\/v2\/comments?post=3512"}],"version-history":[{"count":1,"href":"https:\/\/www.sebastien-auziere.fr\/blog\/wp-json\/wp\/v2\/posts\/3512\/revisions"}],"predecessor-version":[{"id":3513,"href":"https:\/\/www.sebastien-auziere.fr\/blog\/wp-json\/wp\/v2\/posts\/3512\/revisions\/3513"}],"wp:featuredmedia":[{"embeddable":true,"href":"https:\/\/www.sebastien-auziere.fr\/blog\/wp-json\/wp\/v2\/media\/3508"}],"wp:attachment":[{"href":"https:\/\/www.sebastien-auziere.fr\/blog\/wp-json\/wp\/v2\/media?parent=3512"}],"wp:term":[{"taxonomy":"category","embeddable":true,"href":"https:\/\/www.sebastien-auziere.fr\/blog\/wp-json\/wp\/v2\/categories?post=3512"},{"taxonomy":"post_tag","embeddable":true,"href":"https:\/\/www.sebastien-auziere.fr\/blog\/wp-json\/wp\/v2\/tags?post=3512"}],"curies":[{"name":"wp","href":"https:\/\/api.w.org\/{rel}","templated":true}]}}