{"id":3510,"date":"2026-05-02T07:06:55","date_gmt":"2026-05-02T07:06:55","guid":{"rendered":"https:\/\/www.sebastien-auziere.fr\/blog\/?p=3510"},"modified":"2026-05-02T07:07:20","modified_gmt":"2026-05-02T07:07:20","slug":"emmanuel-and-brigitte-macron-deeply-moved-by-their-exchange-with-the-team-of-the-film-a-little-something-extra","status":"publish","type":"post","link":"https:\/\/www.sebastien-auziere.fr\/blog\/en\/emmanuel-and-brigitte-macron-deeply-moved-by-their-exchange-with-the-team-of-the-film-a-little-something-extra\/","title":{"rendered":"Emmanuel and Brigitte Macron deeply moved by their exchange with the team of the film &lsquo;A Little Something Extra&rsquo;"},"content":{"rendered":"<p><strong>Emmanuel Macron<\/strong> and <strong>Brigitte Macron<\/strong> appeared visibly touched during their exchange with the <strong>film team<\/strong> <strong>Un p\u2019tit truc en plus<\/strong>, revealed in the documentary aired on April 30 on M6. You can immediately feel the warmth of the moment: hugs, smiles, and sincere words marked this <strong>meeting<\/strong> at the \u00c9lys\u00e9e.<\/p>\n\n<p>In short: the documentary showed the summer 2024 visit to the palace; the president praised the tenderness of the <strong>French film<\/strong> and actor Stanislas Carmont even posed on the presidential chair. This testimony strengthened the <strong>emotion<\/strong> surrounding the project and rekindled interest in <strong>French cinema<\/strong>.<\/p>\n\n<h2 class=\"wp-block-heading\">A visit to the \u00c9lys\u00e9e that will be remembered<\/h2>\n\n<p>The unprecedented sequence, shown at the very end of the report, immortalizes the <strong>meeting<\/strong> between the presidential couple and the Artus troupe. Emmanuel Macron congratulates the cast on the success of the feature film and discusses his role in changing public perceptions.<\/p>\n\n<p>These images and reactions can be found in the account of the <a href=\"https:\/\/www.programme-tv.net\/news\/tv\/401535-cest-mignon-chez-vous-ce-jour-ou-emmanuel-macron-a-fait-la-rencontre-des-comediens-du-film-d-artus-un-ptit-truc-en-plus\/\" rel=\"nofollow\">meeting with the actors<\/a>; a moment where Stanislas Carmont even got to sit at the president&rsquo;s desk \u2014 a strong memory for the team.<\/p>\n\n<h2 class=\"wp-block-heading\">The words that stirred emotion<\/h2>\n\n<p>Emmanuel Macron praised \u00ab\u00a0the tenderness and humor\u00a0\u00bb of the film, believing that this type of work \u00ab\u00a0is what we need\u00a0\u00bb in difficult times. These words moved the troupe and reinforced the social aspect of the project.<\/p>\n\n<p>The documentary also revisits concrete testimonies: Gad Abecassis shared how this <strong>meeting<\/strong> led to a professional opportunity at the \u00c9lys\u00e9e, illustrating the human impact of an exchange between the public and artists.<\/p>\n\n<h2 class=\"wp-block-heading\">Impact on French cinema and feedback from the film team<\/h2>\n\n<p><strong>Un p\u2019tit truc en plus<\/strong> took nearly ten years to come to fruition, and its premiere at Cannes, followed by box office success, explains why the presidential couple felt it important to congratulate the cast. The actors, interviewed in the documentary, reflect on the genesis and early public feedback.<\/p>\n\n<p>This report highlights the place of <strong>French film<\/strong> in the cultural debate: a blend of tenderness and humor that touched the \u00c9lys\u00e9e and the general public. Insight: cinema can provoke real changes in perspective.<\/p>\n\n<h2 class=\"wp-block-heading\">Rumors, virality, and calming down after the broadcast<\/h2>\n\n<p>The broadcast coincided with a time when a viral video showed the Macron couple during an outing, fueling rumors and theories. Several media outlets analyzed these images, and the \u00c9lys\u00e9e called for calm to clarify interpretations.<\/p>\n\n<p>For a factual framing on virality and analyses, see the breakdown published on <a href=\"https:\/\/www.nouvelobs.com\/politique\/20250526.OBS104311\/d-une-fake-news-generee-a-une-scene-de-menage-le-recit-mouvant-autour-de-la-video-d-emmanuel-et-brigitte-macron.html\" rel=\"nofollow\">Nouvel Obs<\/a> and the report from <a href=\"https:\/\/www.rtbf.be\/article\/la-video-d-un-echange-entre-brigitte-et-emmanuel-macron-devient-virale-le-president-dement-toute-scene-de-menage-et-appelle-au-calme-11552762\" rel=\"nofollow\">RTBF<\/a>. The essential point: the filmed exchange with the film team remains a moment of authentic sharing.<\/p>\n\n<p>To learn more about S\u00e9bastien Auzi\u00e8re and follow events affecting the presidential family, discover the articles dedicated to their public moments, such as the <a href=\"https:\/\/www.sebastien-auziere.fr\/blog\/brigitte-macron-elysee\/\" rel=\"nofollow\">visit to the \u00c9lys\u00e9e<\/a> or recent articles on the <a href=\"https:\/\/www.sebastien-auziere.fr\/blog\/brigitte-macron-tristesse\/\" rel=\"nofollow\">sadness<\/a> sometimes mentioned in the press. For further deepening, visit <a href=\"https:\/\/www.sebastien-auziere.fr\/blog\/brigitte-macron-epreuves-elysee\/\" rel=\"nofollow\">sebastien-auziere.fr<\/a> and dive into these testimonies and behind-the-scenes stories.<\/p>","protected":false},"excerpt":{"rendered":"<p>Emmanuel Macron and Brigitte Macron appeared visibly touched during their exchange with the film team Un p\u2019tit truc en plus, revealed in the documentary aired on April 30 on M6. You can immediately feel the warmth of the moment: hugs, smiles, and sincere words marked this meeting at the \u00c9lys\u00e9e. In short: the documentary showed &#8230; <a title=\"Emmanuel and Brigitte Macron deeply moved by their exchange with the team of the film &lsquo;A Little Something Extra&rsquo;\" class=\"read-more\" href=\"https:\/\/www.sebastien-auziere.fr\/blog\/en\/emmanuel-and-brigitte-macron-deeply-moved-by-their-exchange-with-the-team-of-the-film-a-little-something-extra\/\" aria-label=\"En savoir plus sur Emmanuel and Brigitte Macron deeply moved by their exchange with the team of the film &lsquo;A Little Something Extra&rsquo;\">Lire plus<\/a><\/p>\n","protected":false},"author":9,"featured_media":3508,"comment_status":"open","ping_status":"open","sticky":false,"template":"","format":"standard","meta":{"footnotes":""},"categories":[816],"tags":[898,1153,5101,5107,5104],"class_list":["post-3510","post","type-post","status-publish","format-standard","has-post-thumbnail","hentry","category-news","tag-brigitte-macron-en","tag-emmanuel-macron-en","tag-emotional-exchange-en","tag-film-a-little-something-extra-en","tag-film-crew-en"],"yoast_head":"<!-- This site is optimized with the Yoast SEO plugin v27.5 - https:\/\/yoast.com\/product\/yoast-seo-wordpress\/ -->\n<title>Emmanuel and Brigitte Macron deeply moved by their exchange with the team of the film &#039;A Little Something Extra&#039; - Fan site S\u00e9bastien Auzi\u00e8re<\/title>\n<meta name=\"description\" content=\"Emmanuel et Brigitte Macron profond\u00e9ment touch\u00e9s par leur \u00e9change \u00e9mouvant avec l\u2019\u00e9quipe du film &#039;Un p\u2019tit truc en plus&#039;.\" \/>\n<meta name=\"robots\" content=\"index, follow, max-snippet:-1, max-image-preview:large, max-video-preview:-1\" \/>\n<link rel=\"canonical\" href=\"https:\/\/www.sebastien-auziere.fr\/blog\/en\/emmanuel-and-brigitte-macron-deeply-moved-by-their-exchange-with-the-team-of-the-film-a-little-something-extra\/\" \/>\n<meta property=\"og:locale\" content=\"fr_FR\" \/>\n<meta property=\"og:type\" content=\"article\" \/>\n<meta property=\"og:title\" content=\"Emmanuel and Brigitte Macron deeply moved by their exchange with the team of the film &#039;A Little Something Extra&#039; - Fan site S\u00e9bastien Auzi\u00e8re\" \/>\n<meta property=\"og:description\" content=\"Emmanuel et Brigitte Macron profond\u00e9ment touch\u00e9s par leur \u00e9change \u00e9mouvant avec l\u2019\u00e9quipe du film &#039;Un p\u2019tit truc en plus&#039;.\" \/>\n<meta property=\"og:url\" content=\"https:\/\/www.sebastien-auziere.fr\/blog\/en\/emmanuel-and-brigitte-macron-deeply-moved-by-their-exchange-with-the-team-of-the-film-a-little-something-extra\/\" \/>\n<meta property=\"og:site_name\" content=\"Fan site S\u00e9bastien Auzi\u00e8re\" \/>\n<meta property=\"article:published_time\" content=\"2026-05-02T07:06:55+00:00\" \/>\n<meta property=\"article:modified_time\" content=\"2026-05-02T07:07:20+00:00\" \/>\n<meta property=\"og:image\" content=\"https:\/\/www.sebastien-auziere.fr\/blog\/wp-content\/uploads\/2026\/05\/Emmanuel-et-Brigitte-Macron-profondement-emus-par-leur-echange-avec-lequipe-du-film-Un-ptit-truc-en-plus.jpg\" \/>\n\t<meta property=\"og:image:width\" content=\"2560\" \/>\n\t<meta property=\"og:image:height\" content=\"1429\" \/>\n\t<meta property=\"og:image:type\" content=\"image\/jpeg\" \/>\n<meta name=\"author\" content=\"Chloe Gauthier\" \/>\n<meta name=\"twitter:card\" content=\"summary_large_image\" \/>\n<meta name=\"twitter:label1\" content=\"\u00c9crit par\" \/>\n\t<meta name=\"twitter:data1\" content=\"Chloe Gauthier\" \/>\n\t<meta name=\"twitter:label2\" content=\"Dur\u00e9e de lecture estim\u00e9e\" \/>\n\t<meta name=\"twitter:data2\" content=\"2 minutes\" \/>\n<script type=\"application\/ld+json\" class=\"yoast-schema-graph\">{\"@context\":\"https:\\\/\\\/schema.org\",\"@graph\":[{\"@type\":\"Article\",\"@id\":\"https:\\\/\\\/www.sebastien-auziere.fr\\\/blog\\\/en\\\/emmanuel-and-brigitte-macron-deeply-moved-by-their-exchange-with-the-team-of-the-film-a-little-something-extra\\\/#article\",\"isPartOf\":{\"@id\":\"https:\\\/\\\/www.sebastien-auziere.fr\\\/blog\\\/en\\\/emmanuel-and-brigitte-macron-deeply-moved-by-their-exchange-with-the-team-of-the-film-a-little-something-extra\\\/\"},\"author\":{\"name\":\"Chloe Gauthier\",\"@id\":\"https:\\\/\\\/www.sebastien-auziere.fr\\\/blog\\\/#\\\/schema\\\/person\\\/149f1acdbfd85149c6c3e59adeae2f4d\"},\"headline\":\"Emmanuel and Brigitte Macron deeply moved by their exchange with the team of the film &lsquo;A Little Something Extra&rsquo;\",\"datePublished\":\"2026-05-02T07:06:55+00:00\",\"dateModified\":\"2026-05-02T07:07:20+00:00\",\"mainEntityOfPage\":{\"@id\":\"https:\\\/\\\/www.sebastien-auziere.fr\\\/blog\\\/en\\\/emmanuel-and-brigitte-macron-deeply-moved-by-their-exchange-with-the-team-of-the-film-a-little-something-extra\\\/\"},\"wordCount\":507,\"commentCount\":0,\"publisher\":{\"@id\":\"https:\\\/\\\/www.sebastien-auziere.fr\\\/blog\\\/#organization\"},\"image\":{\"@id\":\"https:\\\/\\\/www.sebastien-auziere.fr\\\/blog\\\/en\\\/emmanuel-and-brigitte-macron-deeply-moved-by-their-exchange-with-the-team-of-the-film-a-little-something-extra\\\/#primaryimage\"},\"thumbnailUrl\":\"https:\\\/\\\/www.sebastien-auziere.fr\\\/blog\\\/wp-content\\\/uploads\\\/2026\\\/05\\\/Emmanuel-et-Brigitte-Macron-profondement-emus-par-leur-echange-avec-lequipe-du-film-Un-ptit-truc-en-plus.jpg\",\"keywords\":[\"brigitte macron\",\"emmanuel macron\",\"emotional exchange\",\"film a little something extra\",\"film crew\"],\"articleSection\":[\"News\"],\"inLanguage\":\"fr-FR\",\"potentialAction\":[{\"@type\":\"CommentAction\",\"name\":\"Comment\",\"target\":[\"https:\\\/\\\/www.sebastien-auziere.fr\\\/blog\\\/en\\\/emmanuel-and-brigitte-macron-deeply-moved-by-their-exchange-with-the-team-of-the-film-a-little-something-extra\\\/#respond\"]}]},{\"@type\":\"WebPage\",\"@id\":\"https:\\\/\\\/www.sebastien-auziere.fr\\\/blog\\\/en\\\/emmanuel-and-brigitte-macron-deeply-moved-by-their-exchange-with-the-team-of-the-film-a-little-something-extra\\\/\",\"url\":\"https:\\\/\\\/www.sebastien-auziere.fr\\\/blog\\\/en\\\/emmanuel-and-brigitte-macron-deeply-moved-by-their-exchange-with-the-team-of-the-film-a-little-something-extra\\\/\",\"name\":\"Emmanuel and Brigitte Macron deeply moved by their exchange with the team of the film 'A Little Something Extra' - Fan site S\u00e9bastien Auzi\u00e8re\",\"isPartOf\":{\"@id\":\"https:\\\/\\\/www.sebastien-auziere.fr\\\/blog\\\/#website\"},\"primaryImageOfPage\":{\"@id\":\"https:\\\/\\\/www.sebastien-auziere.fr\\\/blog\\\/en\\\/emmanuel-and-brigitte-macron-deeply-moved-by-their-exchange-with-the-team-of-the-film-a-little-something-extra\\\/#primaryimage\"},\"image\":{\"@id\":\"https:\\\/\\\/www.sebastien-auziere.fr\\\/blog\\\/en\\\/emmanuel-and-brigitte-macron-deeply-moved-by-their-exchange-with-the-team-of-the-film-a-little-something-extra\\\/#primaryimage\"},\"thumbnailUrl\":\"https:\\\/\\\/www.sebastien-auziere.fr\\\/blog\\\/wp-content\\\/uploads\\\/2026\\\/05\\\/Emmanuel-et-Brigitte-Macron-profondement-emus-par-leur-echange-avec-lequipe-du-film-Un-ptit-truc-en-plus.jpg\",\"datePublished\":\"2026-05-02T07:06:55+00:00\",\"dateModified\":\"2026-05-02T07:07:20+00:00\",\"description\":\"Emmanuel et Brigitte Macron profond\u00e9ment touch\u00e9s par leur \u00e9change \u00e9mouvant avec l\u2019\u00e9quipe du film 'Un p\u2019tit truc en plus'.\",\"breadcrumb\":{\"@id\":\"https:\\\/\\\/www.sebastien-auziere.fr\\\/blog\\\/en\\\/emmanuel-and-brigitte-macron-deeply-moved-by-their-exchange-with-the-team-of-the-film-a-little-something-extra\\\/#breadcrumb\"},\"inLanguage\":\"fr-FR\",\"potentialAction\":[{\"@type\":\"ReadAction\",\"target\":[\"https:\\\/\\\/www.sebastien-auziere.fr\\\/blog\\\/en\\\/emmanuel-and-brigitte-macron-deeply-moved-by-their-exchange-with-the-team-of-the-film-a-little-something-extra\\\/\"]}]},{\"@type\":\"ImageObject\",\"inLanguage\":\"fr-FR\",\"@id\":\"https:\\\/\\\/www.sebastien-auziere.fr\\\/blog\\\/en\\\/emmanuel-and-brigitte-macron-deeply-moved-by-their-exchange-with-the-team-of-the-film-a-little-something-extra\\\/#primaryimage\",\"url\":\"https:\\\/\\\/www.sebastien-auziere.fr\\\/blog\\\/wp-content\\\/uploads\\\/2026\\\/05\\\/Emmanuel-et-Brigitte-Macron-profondement-emus-par-leur-echange-avec-lequipe-du-film-Un-ptit-truc-en-plus.jpg\",\"contentUrl\":\"https:\\\/\\\/www.sebastien-auziere.fr\\\/blog\\\/wp-content\\\/uploads\\\/2026\\\/05\\\/Emmanuel-et-Brigitte-Macron-profondement-emus-par-leur-echange-avec-lequipe-du-film-Un-ptit-truc-en-plus.jpg\",\"width\":2560,\"height\":1429,\"caption\":\"emmanuel et brigitte macron, profond\u00e9ment touch\u00e9s, partagent un moment \u00e9mouvant avec l\u2019\u00e9quipe du film 'un p\u2019tit truc en plus', t\u00e9moignant de leur sinc\u00e9rit\u00e9 et engagement.\"},{\"@type\":\"BreadcrumbList\",\"@id\":\"https:\\\/\\\/www.sebastien-auziere.fr\\\/blog\\\/en\\\/emmanuel-and-brigitte-macron-deeply-moved-by-their-exchange-with-the-team-of-the-film-a-little-something-extra\\\/#breadcrumb\",\"itemListElement\":[{\"@type\":\"ListItem\",\"position\":1,\"name\":\"Home\",\"item\":\"https:\\\/\\\/www.sebastien-auziere.fr\\\/blog\\\/\"},{\"@type\":\"ListItem\",\"position\":2,\"name\":\"Emmanuel and Brigitte Macron deeply moved by their exchange with the team of the film &lsquo;A Little Something Extra&rsquo;\"}]},{\"@type\":\"WebSite\",\"@id\":\"https:\\\/\\\/www.sebastien-auziere.fr\\\/blog\\\/#website\",\"url\":\"https:\\\/\\\/www.sebastien-auziere.fr\\\/blog\\\/\",\"name\":\"Fan site S\u00e9bastien Auzi\u00e8re\",\"description\":\"M\u00e9dia g\u00e9n\u00e9raliste\",\"publisher\":{\"@id\":\"https:\\\/\\\/www.sebastien-auziere.fr\\\/blog\\\/#organization\"},\"potentialAction\":[{\"@type\":\"SearchAction\",\"target\":{\"@type\":\"EntryPoint\",\"urlTemplate\":\"https:\\\/\\\/www.sebastien-auziere.fr\\\/blog\\\/?s={search_term_string}\"},\"query-input\":{\"@type\":\"PropertyValueSpecification\",\"valueRequired\":true,\"valueName\":\"search_term_string\"}}],\"inLanguage\":\"fr-FR\"},{\"@type\":\"Organization\",\"@id\":\"https:\\\/\\\/www.sebastien-auziere.fr\\\/blog\\\/#organization\",\"name\":\"Fan site S\u00e9bastien Auzi\u00e8re\",\"url\":\"https:\\\/\\\/www.sebastien-auziere.fr\\\/blog\\\/\",\"logo\":{\"@type\":\"ImageObject\",\"inLanguage\":\"fr-FR\",\"@id\":\"https:\\\/\\\/www.sebastien-auziere.fr\\\/blog\\\/#\\\/schema\\\/logo\\\/image\\\/\",\"url\":\"https:\\\/\\\/www.sebastien-auziere.fr\\\/blog\\\/wp-content\\\/uploads\\\/2026\\\/03\\\/cropped-cropped-cropped-ChatGPT-Image-6-mars-2026-12_58_09-e1772798376794.jpg\",\"contentUrl\":\"https:\\\/\\\/www.sebastien-auziere.fr\\\/blog\\\/wp-content\\\/uploads\\\/2026\\\/03\\\/cropped-cropped-cropped-ChatGPT-Image-6-mars-2026-12_58_09-e1772798376794.jpg\",\"width\":512,\"height\":360,\"caption\":\"Fan site S\u00e9bastien Auzi\u00e8re\"},\"image\":{\"@id\":\"https:\\\/\\\/www.sebastien-auziere.fr\\\/blog\\\/#\\\/schema\\\/logo\\\/image\\\/\"}},{\"@type\":\"Person\",\"@id\":\"https:\\\/\\\/www.sebastien-auziere.fr\\\/blog\\\/#\\\/schema\\\/person\\\/149f1acdbfd85149c6c3e59adeae2f4d\",\"name\":\"Chloe Gauthier\",\"image\":{\"@type\":\"ImageObject\",\"inLanguage\":\"fr-FR\",\"@id\":\"https:\\\/\\\/secure.gravatar.com\\\/avatar\\\/2c5722f58171cff738a8985ef0dd66b476e563753246a49019befc837ec4201a?s=96&d=mm&r=g\",\"url\":\"https:\\\/\\\/secure.gravatar.com\\\/avatar\\\/2c5722f58171cff738a8985ef0dd66b476e563753246a49019befc837ec4201a?s=96&d=mm&r=g\",\"contentUrl\":\"https:\\\/\\\/secure.gravatar.com\\\/avatar\\\/2c5722f58171cff738a8985ef0dd66b476e563753246a49019befc837ec4201a?s=96&d=mm&r=g\",\"caption\":\"Chloe Gauthier\"},\"description\":\"Passionn\u00e9e par la politique et admiratrice engag\u00e9e de la famille Macron, je consacre mon \u00e9nergie \u00e0 suivre leurs initiatives et \u00e0 promouvoir leurs id\u00e9es. \u00c0 32 ans, je suis convaincue que leur vision est porteuse d'avenir.\",\"url\":\"https:\\\/\\\/www.sebastien-auziere.fr\\\/blog\\\/author\\\/chloe-gauthier\\\/\"}]}<\/script>\n<!-- \/ Yoast SEO plugin. -->","yoast_head_json":{"title":"Emmanuel and Brigitte Macron deeply moved by their exchange with the team of the film 'A Little Something Extra' - Fan site S\u00e9bastien Auzi\u00e8re","description":"Emmanuel et Brigitte Macron profond\u00e9ment touch\u00e9s par leur \u00e9change \u00e9mouvant avec l\u2019\u00e9quipe du film 'Un p\u2019tit truc en plus'.","robots":{"index":"index","follow":"follow","max-snippet":"max-snippet:-1","max-image-preview":"max-image-preview:large","max-video-preview":"max-video-preview:-1"},"canonical":"https:\/\/www.sebastien-auziere.fr\/blog\/en\/emmanuel-and-brigitte-macron-deeply-moved-by-their-exchange-with-the-team-of-the-film-a-little-something-extra\/","og_locale":"fr_FR","og_type":"article","og_title":"Emmanuel and Brigitte Macron deeply moved by their exchange with the team of the film 'A Little Something Extra' - Fan site S\u00e9bastien Auzi\u00e8re","og_description":"Emmanuel et Brigitte Macron profond\u00e9ment touch\u00e9s par leur \u00e9change \u00e9mouvant avec l\u2019\u00e9quipe du film 'Un p\u2019tit truc en plus'.","og_url":"https:\/\/www.sebastien-auziere.fr\/blog\/en\/emmanuel-and-brigitte-macron-deeply-moved-by-their-exchange-with-the-team-of-the-film-a-little-something-extra\/","og_site_name":"Fan site S\u00e9bastien Auzi\u00e8re","article_published_time":"2026-05-02T07:06:55+00:00","article_modified_time":"2026-05-02T07:07:20+00:00","og_image":[{"width":2560,"height":1429,"url":"https:\/\/www.sebastien-auziere.fr\/blog\/wp-content\/uploads\/2026\/05\/Emmanuel-et-Brigitte-Macron-profondement-emus-par-leur-echange-avec-lequipe-du-film-Un-ptit-truc-en-plus.jpg","type":"image\/jpeg"}],"author":"Chloe Gauthier","twitter_card":"summary_large_image","twitter_misc":{"\u00c9crit par":"Chloe Gauthier","Dur\u00e9e de lecture estim\u00e9e":"2 minutes"},"schema":{"@context":"https:\/\/schema.org","@graph":[{"@type":"Article","@id":"https:\/\/www.sebastien-auziere.fr\/blog\/en\/emmanuel-and-brigitte-macron-deeply-moved-by-their-exchange-with-the-team-of-the-film-a-little-something-extra\/#article","isPartOf":{"@id":"https:\/\/www.sebastien-auziere.fr\/blog\/en\/emmanuel-and-brigitte-macron-deeply-moved-by-their-exchange-with-the-team-of-the-film-a-little-something-extra\/"},"author":{"name":"Chloe Gauthier","@id":"https:\/\/www.sebastien-auziere.fr\/blog\/#\/schema\/person\/149f1acdbfd85149c6c3e59adeae2f4d"},"headline":"Emmanuel and Brigitte Macron deeply moved by their exchange with the team of the film &lsquo;A Little Something Extra&rsquo;","datePublished":"2026-05-02T07:06:55+00:00","dateModified":"2026-05-02T07:07:20+00:00","mainEntityOfPage":{"@id":"https:\/\/www.sebastien-auziere.fr\/blog\/en\/emmanuel-and-brigitte-macron-deeply-moved-by-their-exchange-with-the-team-of-the-film-a-little-something-extra\/"},"wordCount":507,"commentCount":0,"publisher":{"@id":"https:\/\/www.sebastien-auziere.fr\/blog\/#organization"},"image":{"@id":"https:\/\/www.sebastien-auziere.fr\/blog\/en\/emmanuel-and-brigitte-macron-deeply-moved-by-their-exchange-with-the-team-of-the-film-a-little-something-extra\/#primaryimage"},"thumbnailUrl":"https:\/\/www.sebastien-auziere.fr\/blog\/wp-content\/uploads\/2026\/05\/Emmanuel-et-Brigitte-Macron-profondement-emus-par-leur-echange-avec-lequipe-du-film-Un-ptit-truc-en-plus.jpg","keywords":["brigitte macron","emmanuel macron","emotional exchange","film a little something extra","film crew"],"articleSection":["News"],"inLanguage":"fr-FR","potentialAction":[{"@type":"CommentAction","name":"Comment","target":["https:\/\/www.sebastien-auziere.fr\/blog\/en\/emmanuel-and-brigitte-macron-deeply-moved-by-their-exchange-with-the-team-of-the-film-a-little-something-extra\/#respond"]}]},{"@type":"WebPage","@id":"https:\/\/www.sebastien-auziere.fr\/blog\/en\/emmanuel-and-brigitte-macron-deeply-moved-by-their-exchange-with-the-team-of-the-film-a-little-something-extra\/","url":"https:\/\/www.sebastien-auziere.fr\/blog\/en\/emmanuel-and-brigitte-macron-deeply-moved-by-their-exchange-with-the-team-of-the-film-a-little-something-extra\/","name":"Emmanuel and Brigitte Macron deeply moved by their exchange with the team of the film 'A Little Something Extra' - Fan site S\u00e9bastien Auzi\u00e8re","isPartOf":{"@id":"https:\/\/www.sebastien-auziere.fr\/blog\/#website"},"primaryImageOfPage":{"@id":"https:\/\/www.sebastien-auziere.fr\/blog\/en\/emmanuel-and-brigitte-macron-deeply-moved-by-their-exchange-with-the-team-of-the-film-a-little-something-extra\/#primaryimage"},"image":{"@id":"https:\/\/www.sebastien-auziere.fr\/blog\/en\/emmanuel-and-brigitte-macron-deeply-moved-by-their-exchange-with-the-team-of-the-film-a-little-something-extra\/#primaryimage"},"thumbnailUrl":"https:\/\/www.sebastien-auziere.fr\/blog\/wp-content\/uploads\/2026\/05\/Emmanuel-et-Brigitte-Macron-profondement-emus-par-leur-echange-avec-lequipe-du-film-Un-ptit-truc-en-plus.jpg","datePublished":"2026-05-02T07:06:55+00:00","dateModified":"2026-05-02T07:07:20+00:00","description":"Emmanuel et Brigitte Macron profond\u00e9ment touch\u00e9s par leur \u00e9change \u00e9mouvant avec l\u2019\u00e9quipe du film 'Un p\u2019tit truc en plus'.","breadcrumb":{"@id":"https:\/\/www.sebastien-auziere.fr\/blog\/en\/emmanuel-and-brigitte-macron-deeply-moved-by-their-exchange-with-the-team-of-the-film-a-little-something-extra\/#breadcrumb"},"inLanguage":"fr-FR","potentialAction":[{"@type":"ReadAction","target":["https:\/\/www.sebastien-auziere.fr\/blog\/en\/emmanuel-and-brigitte-macron-deeply-moved-by-their-exchange-with-the-team-of-the-film-a-little-something-extra\/"]}]},{"@type":"ImageObject","inLanguage":"fr-FR","@id":"https:\/\/www.sebastien-auziere.fr\/blog\/en\/emmanuel-and-brigitte-macron-deeply-moved-by-their-exchange-with-the-team-of-the-film-a-little-something-extra\/#primaryimage","url":"https:\/\/www.sebastien-auziere.fr\/blog\/wp-content\/uploads\/2026\/05\/Emmanuel-et-Brigitte-Macron-profondement-emus-par-leur-echange-avec-lequipe-du-film-Un-ptit-truc-en-plus.jpg","contentUrl":"https:\/\/www.sebastien-auziere.fr\/blog\/wp-content\/uploads\/2026\/05\/Emmanuel-et-Brigitte-Macron-profondement-emus-par-leur-echange-avec-lequipe-du-film-Un-ptit-truc-en-plus.jpg","width":2560,"height":1429,"caption":"emmanuel et brigitte macron, profond\u00e9ment touch\u00e9s, partagent un moment \u00e9mouvant avec l\u2019\u00e9quipe du film 'un p\u2019tit truc en plus', t\u00e9moignant de leur sinc\u00e9rit\u00e9 et engagement."},{"@type":"BreadcrumbList","@id":"https:\/\/www.sebastien-auziere.fr\/blog\/en\/emmanuel-and-brigitte-macron-deeply-moved-by-their-exchange-with-the-team-of-the-film-a-little-something-extra\/#breadcrumb","itemListElement":[{"@type":"ListItem","position":1,"name":"Home","item":"https:\/\/www.sebastien-auziere.fr\/blog\/"},{"@type":"ListItem","position":2,"name":"Emmanuel and Brigitte Macron deeply moved by their exchange with the team of the film &lsquo;A Little Something Extra&rsquo;"}]},{"@type":"WebSite","@id":"https:\/\/www.sebastien-auziere.fr\/blog\/#website","url":"https:\/\/www.sebastien-auziere.fr\/blog\/","name":"Fan site S\u00e9bastien Auzi\u00e8re","description":"M\u00e9dia g\u00e9n\u00e9raliste","publisher":{"@id":"https:\/\/www.sebastien-auziere.fr\/blog\/#organization"},"potentialAction":[{"@type":"SearchAction","target":{"@type":"EntryPoint","urlTemplate":"https:\/\/www.sebastien-auziere.fr\/blog\/?s={search_term_string}"},"query-input":{"@type":"PropertyValueSpecification","valueRequired":true,"valueName":"search_term_string"}}],"inLanguage":"fr-FR"},{"@type":"Organization","@id":"https:\/\/www.sebastien-auziere.fr\/blog\/#organization","name":"Fan site S\u00e9bastien Auzi\u00e8re","url":"https:\/\/www.sebastien-auziere.fr\/blog\/","logo":{"@type":"ImageObject","inLanguage":"fr-FR","@id":"https:\/\/www.sebastien-auziere.fr\/blog\/#\/schema\/logo\/image\/","url":"https:\/\/www.sebastien-auziere.fr\/blog\/wp-content\/uploads\/2026\/03\/cropped-cropped-cropped-ChatGPT-Image-6-mars-2026-12_58_09-e1772798376794.jpg","contentUrl":"https:\/\/www.sebastien-auziere.fr\/blog\/wp-content\/uploads\/2026\/03\/cropped-cropped-cropped-ChatGPT-Image-6-mars-2026-12_58_09-e1772798376794.jpg","width":512,"height":360,"caption":"Fan site S\u00e9bastien Auzi\u00e8re"},"image":{"@id":"https:\/\/www.sebastien-auziere.fr\/blog\/#\/schema\/logo\/image\/"}},{"@type":"Person","@id":"https:\/\/www.sebastien-auziere.fr\/blog\/#\/schema\/person\/149f1acdbfd85149c6c3e59adeae2f4d","name":"Chloe Gauthier","image":{"@type":"ImageObject","inLanguage":"fr-FR","@id":"https:\/\/secure.gravatar.com\/avatar\/2c5722f58171cff738a8985ef0dd66b476e563753246a49019befc837ec4201a?s=96&d=mm&r=g","url":"https:\/\/secure.gravatar.com\/avatar\/2c5722f58171cff738a8985ef0dd66b476e563753246a49019befc837ec4201a?s=96&d=mm&r=g","contentUrl":"https:\/\/secure.gravatar.com\/avatar\/2c5722f58171cff738a8985ef0dd66b476e563753246a49019befc837ec4201a?s=96&d=mm&r=g","caption":"Chloe Gauthier"},"description":"Passionn\u00e9e par la politique et admiratrice engag\u00e9e de la famille Macron, je consacre mon \u00e9nergie \u00e0 suivre leurs initiatives et \u00e0 promouvoir leurs id\u00e9es. \u00c0 32 ans, je suis convaincue que leur vision est porteuse d'avenir.","url":"https:\/\/www.sebastien-auziere.fr\/blog\/author\/chloe-gauthier\/"}]}},"views":0,"_links":{"self":[{"href":"https:\/\/www.sebastien-auziere.fr\/blog\/wp-json\/wp\/v2\/posts\/3510","targetHints":{"allow":["GET"]}}],"collection":[{"href":"https:\/\/www.sebastien-auziere.fr\/blog\/wp-json\/wp\/v2\/posts"}],"about":[{"href":"https:\/\/www.sebastien-auziere.fr\/blog\/wp-json\/wp\/v2\/types\/post"}],"author":[{"embeddable":true,"href":"https:\/\/www.sebastien-auziere.fr\/blog\/wp-json\/wp\/v2\/users\/9"}],"replies":[{"embeddable":true,"href":"https:\/\/www.sebastien-auziere.fr\/blog\/wp-json\/wp\/v2\/comments?post=3510"}],"version-history":[{"count":1,"href":"https:\/\/www.sebastien-auziere.fr\/blog\/wp-json\/wp\/v2\/posts\/3510\/revisions"}],"predecessor-version":[{"id":3511,"href":"https:\/\/www.sebastien-auziere.fr\/blog\/wp-json\/wp\/v2\/posts\/3510\/revisions\/3511"}],"wp:featuredmedia":[{"embeddable":true,"href":"https:\/\/www.sebastien-auziere.fr\/blog\/wp-json\/wp\/v2\/media\/3508"}],"wp:attachment":[{"href":"https:\/\/www.sebastien-auziere.fr\/blog\/wp-json\/wp\/v2\/media?parent=3510"}],"wp:term":[{"taxonomy":"category","embeddable":true,"href":"https:\/\/www.sebastien-auziere.fr\/blog\/wp-json\/wp\/v2\/categories?post=3510"},{"taxonomy":"post_tag","embeddable":true,"href":"https:\/\/www.sebastien-auziere.fr\/blog\/wp-json\/wp\/v2\/tags?post=3510"}],"curies":[{"name":"wp","href":"https:\/\/api.w.org\/{rel}","templated":true}]}}