{"id":3509,"date":"2026-05-02T07:06:53","date_gmt":"2026-05-02T07:06:53","guid":{"rendered":"https:\/\/www.sebastien-auziere.fr\/blog\/macron-echange-film\/"},"modified":"2026-05-02T07:06:53","modified_gmt":"2026-05-02T07:06:53","slug":"macron-echange-film","status":"publish","type":"post","link":"https:\/\/www.sebastien-auziere.fr\/blog\/macron-echange-film\/","title":{"rendered":"Emmanuel et Brigitte Macron profond\u00e9ment \u00e9mus par leur \u00e9change avec l\u2019\u00e9quipe du film &lsquo;Un p\u2019tit truc en plus"},"content":{"rendered":"<p><strong>Emmanuel Macron<\/strong> et <strong>Brigitte Macron<\/strong> sont apparus visiblement touch\u00e9s lors de leur \u00e9change avec l\u2019<strong>\u00e9quipe du film<\/strong> <strong>Un p\u2019tit truc en plus<\/strong>, d\u00e9voil\u00e9 dans le documentaire diffus\u00e9 le 30 avril sur M6. Tu sens tout de suite la chaleur du moment : accolades, sourires et paroles sinc\u00e8res ont marqu\u00e9 cette <strong>rencontre<\/strong> \u00e0 l\u2019\u00c9lys\u00e9e.<\/p>\n\n<p>En bref : le documentaire a montr\u00e9 la visite d\u2019\u00e9t\u00e9 2024 au palais ; le pr\u00e9sident a salu\u00e9 la tendresse du <strong>film fran\u00e7ais<\/strong> et l\u2019acteur Stanislas Carmont a m\u00eame pos\u00e9 sur la chaise pr\u00e9sidentielle. Ce t\u00e9moignage a renforc\u00e9 l\u2019<strong>\u00e9motion<\/strong> autour du projet et relanc\u00e9 l\u2019int\u00e9r\u00eat pour le <strong>cin\u00e9ma fran\u00e7ais<\/strong>.<\/p>\n\n<h2 class=\"wp-block-heading\">Une visite \u00e0 l\u2019\u00c9lys\u00e9e qui restera dans les m\u00e9moires<\/h2>\n\n<p>La s\u00e9quence in\u00e9dite, montr\u00e9e en toute fin de reportage, immortalise la <strong>rencontre<\/strong> entre le couple pr\u00e9sidentiel et la troupe d\u2019Artus. Emmanuel Macron f\u00e9licite le casting pour le succ\u00e8s du long-m\u00e9trage et \u00e9voque son r\u00f4le pour faire \u00e9voluer le regard du public.<\/p>\n\n<p>On retrouve ces images et r\u00e9actions dans le r\u00e9cit de la <a href=\"https:\/\/www.programme-tv.net\/news\/tv\/401535-cest-mignon-chez-vous-ce-jour-ou-emmanuel-macron-a-fait-la-rencontre-des-comediens-du-film-d-artus-un-ptit-truc-en-plus\/\" rel=\"nofollow\">rencontre des com\u00e9diens<\/a> ; un instant o\u00f9 Stanislas Carmont a m\u00eame pu s\u2019asseoir au bureau du pr\u00e9sident \u2014 un souvenir fort pour l\u2019\u00e9quipe.<\/p>\n\n<h2 class=\"wp-block-heading\">Les mots qui ont suscit\u00e9 l\u2019\u00e9motion<\/h2>\n\n<p>Emmanuel Macron a salu\u00e9 \u00ab la tendresse et l\u2019humour \u00bb du film, estimant que ce type d\u2019\u0153uvre \u00ab <strong>c\u2019est ce dont nous avons besoin<\/strong> \u00bb en p\u00e9riode difficile. Ces mots ont \u00e9mu la troupe et renforc\u00e9 le caract\u00e8re social du projet.<\/p>\n\n<p>Le documentaire revient aussi sur des t\u00e9moignages concrets : Gad Abecassis a racont\u00e9 comment cette <strong>rencontre<\/strong> a d\u00e9bouch\u00e9 sur une opportunit\u00e9 professionnelle \u00e0 l\u2019\u00c9lys\u00e9e, illustrant l\u2019impact humain d\u2019un \u00e9change entre public et artistes.<\/p>\n\n<h2 class=\"wp-block-heading\">Impact sur le cin\u00e9ma fran\u00e7ais et retours de l\u2019\u00e9quipe du film<\/h2>\n\n<p><strong>Un p\u2019tit truc en plus<\/strong> a mis pr\u00e8s de dix ans \u00e0 voir le jour et sa mont\u00e9e des marches \u00e0 Cannes, suivie d\u2019un succ\u00e8s en salles, explique pourquoi le couple pr\u00e9sidentiel a tenu \u00e0 f\u00e9liciter la distribution. Les com\u00e9diens, interrog\u00e9s dans le documentaire, reviennent sur la gen\u00e8se et les premiers retours du public.<\/p>\n\n<p>Ce reportage met en lumi\u00e8re la place du <strong>film fran\u00e7ais<\/strong> dans le d\u00e9bat culturel : un m\u00e9lange de tendresse et d\u2019humour qui a touch\u00e9 l\u2019\u00c9lys\u00e9e et le grand public. Insight : le cin\u00e9ma peut provoquer de vrais changements de regard.<\/p>\n\n<h2 class=\"wp-block-heading\">Rumeurs, viralit\u00e9 et apaisement apr\u00e8s la diffusion<\/h2>\n\n<p>La diffusion a co\u00efncid\u00e9 avec une p\u00e9riode o\u00f9 une vid\u00e9o virale montrait le couple Macron lors d\u2019un d\u00e9placement, alimentant rumeurs et th\u00e9ories. Plusieurs m\u00e9dias ont analys\u00e9 ces images et l\u2019\u00c9lys\u00e9e a appel\u00e9 au calme pour recadrer les interpr\u00e9tations.<\/p>\n\n<p>Pour un cadrage factuel sur la viralit\u00e9 et les analyses, voir le d\u00e9cryptage paru sur <a href=\"https:\/\/www.nouvelobs.com\/politique\/20250526.OBS104311\/d-une-fake-news-generee-a-une-scene-de-menage-le-recit-mouvant-autour-de-la-video-d-emmanuel-et-brigitte-macron.html\" rel=\"nofollow\">Nouvel Obs<\/a> et le reportage de <a href=\"https:\/\/www.rtbf.be\/article\/la-video-d-un-echange-entre-brigitte-et-emmanuel-macron-devient-virale-le-president-dement-toute-scene-de-menage-et-appelle-au-calme-11552762\" rel=\"nofollow\">RTBF<\/a>. L\u2019essentiel : l\u2019\u00e9change film\u00e9 avec l\u2019\u00e9quipe du film reste un moment de partage authentique.<\/p>\n\n<p>Pour en savoir plus sur S\u00e9bastien Auzi\u00e8re et suivre les \u00e9v\u00e9nements touchant la famille pr\u00e9sidentielle, d\u00e9couvre les articles d\u00e9di\u00e9s \u00e0 leurs moments publics, comme la <a href=\"https:\/\/www.sebastien-auziere.fr\/blog\/brigitte-macron-elysee\/\" rel=\"nofollow\">visite \u00e0 l&rsquo;\u00c9lys\u00e9e<\/a> ou les r\u00e9cents articles sur la <a href=\"https:\/\/www.sebastien-auziere.fr\/blog\/brigitte-macron-tristesse\/\" rel=\"nofollow\">tristesse<\/a> parfois \u00e9voqu\u00e9e dans la presse. Pour approfondir, rends-toi sur <a href=\"https:\/\/www.sebastien-auziere.fr\/blog\/brigitte-macron-epreuves-elysee\/\" rel=\"nofollow\">sebastien-auziere.fr<\/a> et plonge dans ces t\u00e9moignages et coulisses. <\/p>\n\n","protected":false},"excerpt":{"rendered":"<p>Emmanuel Macron et Brigitte Macron sont apparus visiblement touch\u00e9s lors de leur \u00e9change avec l\u2019\u00e9quipe du film Un p\u2019tit truc en plus, d\u00e9voil\u00e9 dans le documentaire diffus\u00e9 le 30 avril sur M6. Tu sens tout de suite la chaleur du moment : accolades, sourires et paroles sinc\u00e8res ont marqu\u00e9 cette rencontre \u00e0 l\u2019\u00c9lys\u00e9e. En bref &#8230; <a title=\"Emmanuel et Brigitte Macron profond\u00e9ment \u00e9mus par leur \u00e9change avec l\u2019\u00e9quipe du film &lsquo;Un p\u2019tit truc en plus\" class=\"read-more\" href=\"https:\/\/www.sebastien-auziere.fr\/blog\/macron-echange-film\/\" aria-label=\"En savoir plus sur Emmanuel et Brigitte Macron profond\u00e9ment \u00e9mus par leur \u00e9change avec l\u2019\u00e9quipe du film &lsquo;Un p\u2019tit truc en plus\">Lire plus<\/a><\/p>\n","protected":false},"author":9,"featured_media":3508,"comment_status":"open","ping_status":"open","sticky":false,"template":"","format":"standard","meta":{"footnotes":""},"categories":[597],"tags":[892,5095,1139,5099,5097],"class_list":["post-3509","post","type-post","status-publish","format-standard","has-post-thumbnail","hentry","category-actualites","tag-brigitte-macron","tag-echange-emotionnel","tag-emmanuel-macron","tag-equipe-du-film","tag-film-un-ptit-truc-en-plus"],"yoast_head":"<!-- This site is optimized with the Yoast SEO plugin v27.5 - https:\/\/yoast.com\/product\/yoast-seo-wordpress\/ -->\n<title>Emmanuel et Brigitte Macron profond\u00e9ment \u00e9mus par leur \u00e9change avec l\u2019\u00e9quipe du film &#039;Un p\u2019tit truc en plus - Fan site S\u00e9bastien Auzi\u00e8re<\/title>\n<meta name=\"description\" content=\"Emmanuel et Brigitte Macron profond\u00e9ment touch\u00e9s par leur \u00e9change \u00e9mouvant avec l\u2019\u00e9quipe du film &#039;Un p\u2019tit truc en plus&#039;.\" \/>\n<meta name=\"robots\" content=\"index, follow, max-snippet:-1, max-image-preview:large, max-video-preview:-1\" \/>\n<link rel=\"canonical\" href=\"https:\/\/www.sebastien-auziere.fr\/blog\/macron-echange-film\/\" \/>\n<meta property=\"og:locale\" content=\"fr_FR\" \/>\n<meta property=\"og:type\" content=\"article\" \/>\n<meta property=\"og:title\" content=\"Emmanuel et Brigitte Macron profond\u00e9ment \u00e9mus par leur \u00e9change avec l\u2019\u00e9quipe du film &#039;Un p\u2019tit truc en plus - Fan site S\u00e9bastien Auzi\u00e8re\" \/>\n<meta property=\"og:description\" content=\"Emmanuel et Brigitte Macron profond\u00e9ment touch\u00e9s par leur \u00e9change \u00e9mouvant avec l\u2019\u00e9quipe du film &#039;Un p\u2019tit truc en plus&#039;.\" \/>\n<meta property=\"og:url\" content=\"https:\/\/www.sebastien-auziere.fr\/blog\/macron-echange-film\/\" \/>\n<meta property=\"og:site_name\" content=\"Fan site S\u00e9bastien Auzi\u00e8re\" \/>\n<meta property=\"article:published_time\" content=\"2026-05-02T07:06:53+00:00\" \/>\n<meta property=\"og:image\" content=\"https:\/\/www.sebastien-auziere.fr\/blog\/wp-content\/uploads\/2026\/05\/Emmanuel-et-Brigitte-Macron-profondement-emus-par-leur-echange-avec-lequipe-du-film-Un-ptit-truc-en-plus.jpg\" \/>\n\t<meta property=\"og:image:width\" content=\"2560\" \/>\n\t<meta property=\"og:image:height\" content=\"1429\" \/>\n\t<meta property=\"og:image:type\" content=\"image\/jpeg\" \/>\n<meta name=\"author\" content=\"Chloe Gauthier\" \/>\n<meta name=\"twitter:card\" content=\"summary_large_image\" \/>\n<meta name=\"twitter:label1\" content=\"\u00c9crit par\" \/>\n\t<meta name=\"twitter:data1\" content=\"Chloe Gauthier\" \/>\n\t<meta name=\"twitter:label2\" content=\"Dur\u00e9e de lecture estim\u00e9e\" \/>\n\t<meta name=\"twitter:data2\" content=\"3 minutes\" \/>\n<script type=\"application\/ld+json\" class=\"yoast-schema-graph\">{\"@context\":\"https:\\\/\\\/schema.org\",\"@graph\":[{\"@type\":\"Article\",\"@id\":\"https:\\\/\\\/www.sebastien-auziere.fr\\\/blog\\\/macron-echange-film\\\/#article\",\"isPartOf\":{\"@id\":\"https:\\\/\\\/www.sebastien-auziere.fr\\\/blog\\\/macron-echange-film\\\/\"},\"author\":{\"name\":\"Chloe Gauthier\",\"@id\":\"https:\\\/\\\/www.sebastien-auziere.fr\\\/blog\\\/#\\\/schema\\\/person\\\/149f1acdbfd85149c6c3e59adeae2f4d\"},\"headline\":\"Emmanuel et Brigitte Macron profond\u00e9ment \u00e9mus par leur \u00e9change avec l\u2019\u00e9quipe du film &lsquo;Un p\u2019tit truc en plus\",\"datePublished\":\"2026-05-02T07:06:53+00:00\",\"mainEntityOfPage\":{\"@id\":\"https:\\\/\\\/www.sebastien-auziere.fr\\\/blog\\\/macron-echange-film\\\/\"},\"wordCount\":602,\"commentCount\":0,\"publisher\":{\"@id\":\"https:\\\/\\\/www.sebastien-auziere.fr\\\/blog\\\/#organization\"},\"image\":{\"@id\":\"https:\\\/\\\/www.sebastien-auziere.fr\\\/blog\\\/macron-echange-film\\\/#primaryimage\"},\"thumbnailUrl\":\"https:\\\/\\\/www.sebastien-auziere.fr\\\/blog\\\/wp-content\\\/uploads\\\/2026\\\/05\\\/Emmanuel-et-Brigitte-Macron-profondement-emus-par-leur-echange-avec-lequipe-du-film-Un-ptit-truc-en-plus.jpg\",\"keywords\":[\"brigitte macron\",\"\u00e9change \u00e9motionnel\",\"emmanuel macron\",\"\u00e9quipe du film\",\"film un p\u2019tit truc en plus\"],\"articleSection\":[\"Actualit\u00e9s\"],\"inLanguage\":\"fr-FR\",\"potentialAction\":[{\"@type\":\"CommentAction\",\"name\":\"Comment\",\"target\":[\"https:\\\/\\\/www.sebastien-auziere.fr\\\/blog\\\/macron-echange-film\\\/#respond\"]}]},{\"@type\":\"WebPage\",\"@id\":\"https:\\\/\\\/www.sebastien-auziere.fr\\\/blog\\\/macron-echange-film\\\/\",\"url\":\"https:\\\/\\\/www.sebastien-auziere.fr\\\/blog\\\/macron-echange-film\\\/\",\"name\":\"Emmanuel et Brigitte Macron profond\u00e9ment \u00e9mus par leur \u00e9change avec l\u2019\u00e9quipe du film 'Un p\u2019tit truc en plus - Fan site S\u00e9bastien Auzi\u00e8re\",\"isPartOf\":{\"@id\":\"https:\\\/\\\/www.sebastien-auziere.fr\\\/blog\\\/#website\"},\"primaryImageOfPage\":{\"@id\":\"https:\\\/\\\/www.sebastien-auziere.fr\\\/blog\\\/macron-echange-film\\\/#primaryimage\"},\"image\":{\"@id\":\"https:\\\/\\\/www.sebastien-auziere.fr\\\/blog\\\/macron-echange-film\\\/#primaryimage\"},\"thumbnailUrl\":\"https:\\\/\\\/www.sebastien-auziere.fr\\\/blog\\\/wp-content\\\/uploads\\\/2026\\\/05\\\/Emmanuel-et-Brigitte-Macron-profondement-emus-par-leur-echange-avec-lequipe-du-film-Un-ptit-truc-en-plus.jpg\",\"datePublished\":\"2026-05-02T07:06:53+00:00\",\"description\":\"Emmanuel et Brigitte Macron profond\u00e9ment touch\u00e9s par leur \u00e9change \u00e9mouvant avec l\u2019\u00e9quipe du film 'Un p\u2019tit truc en plus'.\",\"breadcrumb\":{\"@id\":\"https:\\\/\\\/www.sebastien-auziere.fr\\\/blog\\\/macron-echange-film\\\/#breadcrumb\"},\"inLanguage\":\"fr-FR\",\"potentialAction\":[{\"@type\":\"ReadAction\",\"target\":[\"https:\\\/\\\/www.sebastien-auziere.fr\\\/blog\\\/macron-echange-film\\\/\"]}]},{\"@type\":\"ImageObject\",\"inLanguage\":\"fr-FR\",\"@id\":\"https:\\\/\\\/www.sebastien-auziere.fr\\\/blog\\\/macron-echange-film\\\/#primaryimage\",\"url\":\"https:\\\/\\\/www.sebastien-auziere.fr\\\/blog\\\/wp-content\\\/uploads\\\/2026\\\/05\\\/Emmanuel-et-Brigitte-Macron-profondement-emus-par-leur-echange-avec-lequipe-du-film-Un-ptit-truc-en-plus.jpg\",\"contentUrl\":\"https:\\\/\\\/www.sebastien-auziere.fr\\\/blog\\\/wp-content\\\/uploads\\\/2026\\\/05\\\/Emmanuel-et-Brigitte-Macron-profondement-emus-par-leur-echange-avec-lequipe-du-film-Un-ptit-truc-en-plus.jpg\",\"width\":2560,\"height\":1429,\"caption\":\"emmanuel et brigitte macron, profond\u00e9ment touch\u00e9s, partagent un moment \u00e9mouvant avec l\u2019\u00e9quipe du film 'un p\u2019tit truc en plus', t\u00e9moignant de leur sinc\u00e9rit\u00e9 et engagement.\"},{\"@type\":\"BreadcrumbList\",\"@id\":\"https:\\\/\\\/www.sebastien-auziere.fr\\\/blog\\\/macron-echange-film\\\/#breadcrumb\",\"itemListElement\":[{\"@type\":\"ListItem\",\"position\":1,\"name\":\"Home\",\"item\":\"https:\\\/\\\/www.sebastien-auziere.fr\\\/blog\\\/\"},{\"@type\":\"ListItem\",\"position\":2,\"name\":\"Emmanuel et Brigitte Macron profond\u00e9ment \u00e9mus par leur \u00e9change avec l\u2019\u00e9quipe du film &lsquo;Un p\u2019tit truc en plus\"}]},{\"@type\":\"WebSite\",\"@id\":\"https:\\\/\\\/www.sebastien-auziere.fr\\\/blog\\\/#website\",\"url\":\"https:\\\/\\\/www.sebastien-auziere.fr\\\/blog\\\/\",\"name\":\"Fan site S\u00e9bastien Auzi\u00e8re\",\"description\":\"M\u00e9dia g\u00e9n\u00e9raliste\",\"publisher\":{\"@id\":\"https:\\\/\\\/www.sebastien-auziere.fr\\\/blog\\\/#organization\"},\"potentialAction\":[{\"@type\":\"SearchAction\",\"target\":{\"@type\":\"EntryPoint\",\"urlTemplate\":\"https:\\\/\\\/www.sebastien-auziere.fr\\\/blog\\\/?s={search_term_string}\"},\"query-input\":{\"@type\":\"PropertyValueSpecification\",\"valueRequired\":true,\"valueName\":\"search_term_string\"}}],\"inLanguage\":\"fr-FR\"},{\"@type\":\"Organization\",\"@id\":\"https:\\\/\\\/www.sebastien-auziere.fr\\\/blog\\\/#organization\",\"name\":\"Fan site S\u00e9bastien Auzi\u00e8re\",\"url\":\"https:\\\/\\\/www.sebastien-auziere.fr\\\/blog\\\/\",\"logo\":{\"@type\":\"ImageObject\",\"inLanguage\":\"fr-FR\",\"@id\":\"https:\\\/\\\/www.sebastien-auziere.fr\\\/blog\\\/#\\\/schema\\\/logo\\\/image\\\/\",\"url\":\"https:\\\/\\\/www.sebastien-auziere.fr\\\/blog\\\/wp-content\\\/uploads\\\/2026\\\/03\\\/cropped-cropped-cropped-ChatGPT-Image-6-mars-2026-12_58_09-e1772798376794.jpg\",\"contentUrl\":\"https:\\\/\\\/www.sebastien-auziere.fr\\\/blog\\\/wp-content\\\/uploads\\\/2026\\\/03\\\/cropped-cropped-cropped-ChatGPT-Image-6-mars-2026-12_58_09-e1772798376794.jpg\",\"width\":512,\"height\":360,\"caption\":\"Fan site S\u00e9bastien Auzi\u00e8re\"},\"image\":{\"@id\":\"https:\\\/\\\/www.sebastien-auziere.fr\\\/blog\\\/#\\\/schema\\\/logo\\\/image\\\/\"}},{\"@type\":\"Person\",\"@id\":\"https:\\\/\\\/www.sebastien-auziere.fr\\\/blog\\\/#\\\/schema\\\/person\\\/149f1acdbfd85149c6c3e59adeae2f4d\",\"name\":\"Chloe Gauthier\",\"image\":{\"@type\":\"ImageObject\",\"inLanguage\":\"fr-FR\",\"@id\":\"https:\\\/\\\/secure.gravatar.com\\\/avatar\\\/2c5722f58171cff738a8985ef0dd66b476e563753246a49019befc837ec4201a?s=96&d=mm&r=g\",\"url\":\"https:\\\/\\\/secure.gravatar.com\\\/avatar\\\/2c5722f58171cff738a8985ef0dd66b476e563753246a49019befc837ec4201a?s=96&d=mm&r=g\",\"contentUrl\":\"https:\\\/\\\/secure.gravatar.com\\\/avatar\\\/2c5722f58171cff738a8985ef0dd66b476e563753246a49019befc837ec4201a?s=96&d=mm&r=g\",\"caption\":\"Chloe Gauthier\"},\"description\":\"Passionn\u00e9e par la politique et admiratrice engag\u00e9e de la famille Macron, je consacre mon \u00e9nergie \u00e0 suivre leurs initiatives et \u00e0 promouvoir leurs id\u00e9es. \u00c0 32 ans, je suis convaincue que leur vision est porteuse d'avenir.\",\"url\":\"https:\\\/\\\/www.sebastien-auziere.fr\\\/blog\\\/author\\\/chloe-gauthier\\\/\"}]}<\/script>\n<!-- \/ Yoast SEO plugin. -->","yoast_head_json":{"title":"Emmanuel et Brigitte Macron profond\u00e9ment \u00e9mus par leur \u00e9change avec l\u2019\u00e9quipe du film 'Un p\u2019tit truc en plus - Fan site S\u00e9bastien Auzi\u00e8re","description":"Emmanuel et Brigitte Macron profond\u00e9ment touch\u00e9s par leur \u00e9change \u00e9mouvant avec l\u2019\u00e9quipe du film 'Un p\u2019tit truc en plus'.","robots":{"index":"index","follow":"follow","max-snippet":"max-snippet:-1","max-image-preview":"max-image-preview:large","max-video-preview":"max-video-preview:-1"},"canonical":"https:\/\/www.sebastien-auziere.fr\/blog\/macron-echange-film\/","og_locale":"fr_FR","og_type":"article","og_title":"Emmanuel et Brigitte Macron profond\u00e9ment \u00e9mus par leur \u00e9change avec l\u2019\u00e9quipe du film 'Un p\u2019tit truc en plus - Fan site S\u00e9bastien Auzi\u00e8re","og_description":"Emmanuel et Brigitte Macron profond\u00e9ment touch\u00e9s par leur \u00e9change \u00e9mouvant avec l\u2019\u00e9quipe du film 'Un p\u2019tit truc en plus'.","og_url":"https:\/\/www.sebastien-auziere.fr\/blog\/macron-echange-film\/","og_site_name":"Fan site S\u00e9bastien Auzi\u00e8re","article_published_time":"2026-05-02T07:06:53+00:00","og_image":[{"width":2560,"height":1429,"url":"https:\/\/www.sebastien-auziere.fr\/blog\/wp-content\/uploads\/2026\/05\/Emmanuel-et-Brigitte-Macron-profondement-emus-par-leur-echange-avec-lequipe-du-film-Un-ptit-truc-en-plus.jpg","type":"image\/jpeg"}],"author":"Chloe Gauthier","twitter_card":"summary_large_image","twitter_misc":{"\u00c9crit par":"Chloe Gauthier","Dur\u00e9e de lecture estim\u00e9e":"3 minutes"},"schema":{"@context":"https:\/\/schema.org","@graph":[{"@type":"Article","@id":"https:\/\/www.sebastien-auziere.fr\/blog\/macron-echange-film\/#article","isPartOf":{"@id":"https:\/\/www.sebastien-auziere.fr\/blog\/macron-echange-film\/"},"author":{"name":"Chloe Gauthier","@id":"https:\/\/www.sebastien-auziere.fr\/blog\/#\/schema\/person\/149f1acdbfd85149c6c3e59adeae2f4d"},"headline":"Emmanuel et Brigitte Macron profond\u00e9ment \u00e9mus par leur \u00e9change avec l\u2019\u00e9quipe du film &lsquo;Un p\u2019tit truc en plus","datePublished":"2026-05-02T07:06:53+00:00","mainEntityOfPage":{"@id":"https:\/\/www.sebastien-auziere.fr\/blog\/macron-echange-film\/"},"wordCount":602,"commentCount":0,"publisher":{"@id":"https:\/\/www.sebastien-auziere.fr\/blog\/#organization"},"image":{"@id":"https:\/\/www.sebastien-auziere.fr\/blog\/macron-echange-film\/#primaryimage"},"thumbnailUrl":"https:\/\/www.sebastien-auziere.fr\/blog\/wp-content\/uploads\/2026\/05\/Emmanuel-et-Brigitte-Macron-profondement-emus-par-leur-echange-avec-lequipe-du-film-Un-ptit-truc-en-plus.jpg","keywords":["brigitte macron","\u00e9change \u00e9motionnel","emmanuel macron","\u00e9quipe du film","film un p\u2019tit truc en plus"],"articleSection":["Actualit\u00e9s"],"inLanguage":"fr-FR","potentialAction":[{"@type":"CommentAction","name":"Comment","target":["https:\/\/www.sebastien-auziere.fr\/blog\/macron-echange-film\/#respond"]}]},{"@type":"WebPage","@id":"https:\/\/www.sebastien-auziere.fr\/blog\/macron-echange-film\/","url":"https:\/\/www.sebastien-auziere.fr\/blog\/macron-echange-film\/","name":"Emmanuel et Brigitte Macron profond\u00e9ment \u00e9mus par leur \u00e9change avec l\u2019\u00e9quipe du film 'Un p\u2019tit truc en plus - Fan site S\u00e9bastien Auzi\u00e8re","isPartOf":{"@id":"https:\/\/www.sebastien-auziere.fr\/blog\/#website"},"primaryImageOfPage":{"@id":"https:\/\/www.sebastien-auziere.fr\/blog\/macron-echange-film\/#primaryimage"},"image":{"@id":"https:\/\/www.sebastien-auziere.fr\/blog\/macron-echange-film\/#primaryimage"},"thumbnailUrl":"https:\/\/www.sebastien-auziere.fr\/blog\/wp-content\/uploads\/2026\/05\/Emmanuel-et-Brigitte-Macron-profondement-emus-par-leur-echange-avec-lequipe-du-film-Un-ptit-truc-en-plus.jpg","datePublished":"2026-05-02T07:06:53+00:00","description":"Emmanuel et Brigitte Macron profond\u00e9ment touch\u00e9s par leur \u00e9change \u00e9mouvant avec l\u2019\u00e9quipe du film 'Un p\u2019tit truc en plus'.","breadcrumb":{"@id":"https:\/\/www.sebastien-auziere.fr\/blog\/macron-echange-film\/#breadcrumb"},"inLanguage":"fr-FR","potentialAction":[{"@type":"ReadAction","target":["https:\/\/www.sebastien-auziere.fr\/blog\/macron-echange-film\/"]}]},{"@type":"ImageObject","inLanguage":"fr-FR","@id":"https:\/\/www.sebastien-auziere.fr\/blog\/macron-echange-film\/#primaryimage","url":"https:\/\/www.sebastien-auziere.fr\/blog\/wp-content\/uploads\/2026\/05\/Emmanuel-et-Brigitte-Macron-profondement-emus-par-leur-echange-avec-lequipe-du-film-Un-ptit-truc-en-plus.jpg","contentUrl":"https:\/\/www.sebastien-auziere.fr\/blog\/wp-content\/uploads\/2026\/05\/Emmanuel-et-Brigitte-Macron-profondement-emus-par-leur-echange-avec-lequipe-du-film-Un-ptit-truc-en-plus.jpg","width":2560,"height":1429,"caption":"emmanuel et brigitte macron, profond\u00e9ment touch\u00e9s, partagent un moment \u00e9mouvant avec l\u2019\u00e9quipe du film 'un p\u2019tit truc en plus', t\u00e9moignant de leur sinc\u00e9rit\u00e9 et engagement."},{"@type":"BreadcrumbList","@id":"https:\/\/www.sebastien-auziere.fr\/blog\/macron-echange-film\/#breadcrumb","itemListElement":[{"@type":"ListItem","position":1,"name":"Home","item":"https:\/\/www.sebastien-auziere.fr\/blog\/"},{"@type":"ListItem","position":2,"name":"Emmanuel et Brigitte Macron profond\u00e9ment \u00e9mus par leur \u00e9change avec l\u2019\u00e9quipe du film &lsquo;Un p\u2019tit truc en plus"}]},{"@type":"WebSite","@id":"https:\/\/www.sebastien-auziere.fr\/blog\/#website","url":"https:\/\/www.sebastien-auziere.fr\/blog\/","name":"Fan site S\u00e9bastien Auzi\u00e8re","description":"M\u00e9dia g\u00e9n\u00e9raliste","publisher":{"@id":"https:\/\/www.sebastien-auziere.fr\/blog\/#organization"},"potentialAction":[{"@type":"SearchAction","target":{"@type":"EntryPoint","urlTemplate":"https:\/\/www.sebastien-auziere.fr\/blog\/?s={search_term_string}"},"query-input":{"@type":"PropertyValueSpecification","valueRequired":true,"valueName":"search_term_string"}}],"inLanguage":"fr-FR"},{"@type":"Organization","@id":"https:\/\/www.sebastien-auziere.fr\/blog\/#organization","name":"Fan site S\u00e9bastien Auzi\u00e8re","url":"https:\/\/www.sebastien-auziere.fr\/blog\/","logo":{"@type":"ImageObject","inLanguage":"fr-FR","@id":"https:\/\/www.sebastien-auziere.fr\/blog\/#\/schema\/logo\/image\/","url":"https:\/\/www.sebastien-auziere.fr\/blog\/wp-content\/uploads\/2026\/03\/cropped-cropped-cropped-ChatGPT-Image-6-mars-2026-12_58_09-e1772798376794.jpg","contentUrl":"https:\/\/www.sebastien-auziere.fr\/blog\/wp-content\/uploads\/2026\/03\/cropped-cropped-cropped-ChatGPT-Image-6-mars-2026-12_58_09-e1772798376794.jpg","width":512,"height":360,"caption":"Fan site S\u00e9bastien Auzi\u00e8re"},"image":{"@id":"https:\/\/www.sebastien-auziere.fr\/blog\/#\/schema\/logo\/image\/"}},{"@type":"Person","@id":"https:\/\/www.sebastien-auziere.fr\/blog\/#\/schema\/person\/149f1acdbfd85149c6c3e59adeae2f4d","name":"Chloe Gauthier","image":{"@type":"ImageObject","inLanguage":"fr-FR","@id":"https:\/\/secure.gravatar.com\/avatar\/2c5722f58171cff738a8985ef0dd66b476e563753246a49019befc837ec4201a?s=96&d=mm&r=g","url":"https:\/\/secure.gravatar.com\/avatar\/2c5722f58171cff738a8985ef0dd66b476e563753246a49019befc837ec4201a?s=96&d=mm&r=g","contentUrl":"https:\/\/secure.gravatar.com\/avatar\/2c5722f58171cff738a8985ef0dd66b476e563753246a49019befc837ec4201a?s=96&d=mm&r=g","caption":"Chloe Gauthier"},"description":"Passionn\u00e9e par la politique et admiratrice engag\u00e9e de la famille Macron, je consacre mon \u00e9nergie \u00e0 suivre leurs initiatives et \u00e0 promouvoir leurs id\u00e9es. \u00c0 32 ans, je suis convaincue que leur vision est porteuse d'avenir.","url":"https:\/\/www.sebastien-auziere.fr\/blog\/author\/chloe-gauthier\/"}]}},"views":562,"_links":{"self":[{"href":"https:\/\/www.sebastien-auziere.fr\/blog\/wp-json\/wp\/v2\/posts\/3509","targetHints":{"allow":["GET"]}}],"collection":[{"href":"https:\/\/www.sebastien-auziere.fr\/blog\/wp-json\/wp\/v2\/posts"}],"about":[{"href":"https:\/\/www.sebastien-auziere.fr\/blog\/wp-json\/wp\/v2\/types\/post"}],"author":[{"embeddable":true,"href":"https:\/\/www.sebastien-auziere.fr\/blog\/wp-json\/wp\/v2\/users\/9"}],"replies":[{"embeddable":true,"href":"https:\/\/www.sebastien-auziere.fr\/blog\/wp-json\/wp\/v2\/comments?post=3509"}],"version-history":[{"count":0,"href":"https:\/\/www.sebastien-auziere.fr\/blog\/wp-json\/wp\/v2\/posts\/3509\/revisions"}],"wp:featuredmedia":[{"embeddable":true,"href":"https:\/\/www.sebastien-auziere.fr\/blog\/wp-json\/wp\/v2\/media\/3508"}],"wp:attachment":[{"href":"https:\/\/www.sebastien-auziere.fr\/blog\/wp-json\/wp\/v2\/media?parent=3509"}],"wp:term":[{"taxonomy":"category","embeddable":true,"href":"https:\/\/www.sebastien-auziere.fr\/blog\/wp-json\/wp\/v2\/categories?post=3509"},{"taxonomy":"post_tag","embeddable":true,"href":"https:\/\/www.sebastien-auziere.fr\/blog\/wp-json\/wp\/v2\/tags?post=3509"}],"curies":[{"name":"wp","href":"https:\/\/api.w.org\/{rel}","templated":true}]}}