{"id":3504,"date":"2026-05-01T19:13:41","date_gmt":"2026-05-01T19:13:41","guid":{"rendered":"https:\/\/www.sebastien-auziere.fr\/blog\/?p=3504"},"modified":"2026-05-01T19:14:05","modified_gmt":"2026-05-01T19:14:05","slug":"brigitte-e-emmanuel-macron-o-palacio-do-eliseu-colabora-com-um-chefe-estrelado-para-uma-criacao-culinaria-gourmet","status":"publish","type":"post","link":"https:\/\/www.sebastien-auziere.fr\/blog\/pt\/brigitte-e-emmanuel-macron-o-palacio-do-eliseu-colabora-com-um-chefe-estrelado-para-uma-criacao-culinaria-gourmet\/","title":{"rendered":"Brigitte e Emmanuel Macron: o Pal\u00e1cio do Eliseu colabora com um chefe estrelado para uma cria\u00e7\u00e3o culin\u00e1ria gourmet"},"content":{"rendered":"<p><strong>Brigitte Macron<\/strong> e <strong>Emmanuel Macron<\/strong> se associam oficialmente a um <strong>chef estrelado<\/strong> para uma <strong>cria\u00e7\u00e3o culin\u00e1ria<\/strong> assinada Maison \u00c9lys\u00e9e: macarons tricolores imaginados por <strong>Pierre Herm\u00e9<\/strong>, dispon\u00edveis a partir de <strong>7 de maio<\/strong>. Voc\u00ea vai descobrir uma iniciativa que mistura <strong>gastronomia<\/strong>, patrim\u00f4nio e alta visibilidade midi\u00e1tica.<\/p>\n\n<p><strong>Em resumo:<\/strong> uma edi\u00e7\u00e3o limitada de macarons nas cores da Fran\u00e7a, composta por um creme de lim\u00e3o da C\u00f3rsega, uma ganache \u00e0 baunilha da Nova Caled\u00f4nia e flor de laranjeira de Grasse. Pre\u00e7o anunciado: <strong>3,40 \u20ac a unidade<\/strong> ou conjunto de oito entre <strong>29 \u20ac e 33 \u20ac<\/strong>. Os lucros contribuem para a valoriza\u00e7\u00e3o do patrim\u00f4nio do <strong>\u00c9lys\u00e9e<\/strong>.<\/p>\n\n<h2 class=\"wp-block-heading\">Uma colabora\u00e7\u00e3o in\u00e9dita entre o \u00c9lys\u00e9e e um chef estrelado<\/h2>\n\n<p>A <strong>colabora\u00e7\u00e3o<\/strong> foi oficializada por comunicado: <strong>Pierre Herm\u00e9<\/strong> concebeu uma receita \u00ab\u00a0\u00fanica\u00a0\u00bb a partir de ingredientes franceses para a <strong>Maison \u00c9lys\u00e9e<\/strong>. Esta opera\u00e7\u00e3o lembra a aten\u00e7\u00e3o dedicada \u00e0 <strong>culin\u00e1ria francesa<\/strong> no mais alto n\u00edvel do Estado e desperta o interesse da m\u00eddia nacional.<\/p>\n\n<p>Para situar o evento no percurso culin\u00e1rio da Presid\u00eancia, veja o relato do chef do \u00c9lys\u00e9e sobre uma noite improvisada que marcou os bastidores do pal\u00e1cio: <a href=\"https:\/\/www.msn.com\/fr-fr\/alimentation-et-boissons\/g%C3%A9n%C3%A9ral\/j-ai-d%C3%BB-improviser-quand-le-chef-de-l-%C3%A9lys%C3%A9e-a-cuisin%C3%A9-pour-emmanuel-et-brigitte-macron-dans-leur-salle-de-bains\/ar-AA20CsMC\">relato do chef do \u00c9lys\u00e9e<\/a>. Esta alian\u00e7a est\u00e1 decididamente voltada para a <strong>alta culin\u00e1ria<\/strong>.<\/p>\n\n<h2 class=\"wp-block-heading\">Os macarons tricolores: receita, pre\u00e7o e disponibilidade<\/h2>\n\n<p>A caixa re\u00fane macarons que misturam <strong>lim\u00e3o da C\u00f3rsega<\/strong>, <strong>baunilha da Nova Caled\u00f4nia<\/strong> e <strong>flor de laranjeira de Grasse<\/strong>, componentes claramente especificados pelo comunicado. Dispon\u00edveis em edi\u00e7\u00e3o limitada a partir de <strong>7 de maio<\/strong> no <strong>caf\u00e9 da Maison \u00c9lys\u00e9e<\/strong> e no site do confeiteiro.<\/p>\n\n<p>O posicionamento de pre\u00e7os, a <strong>3,40 \u20ac a unidade<\/strong> ou conjunto de oito de <strong>29 \u20ac a 33 \u20ac<\/strong>, mistura acessibilidade e prest\u00edgio, e refor\u00e7a a ideia de um produto ao mesmo tempo <strong>gourmet<\/strong> e solid\u00e1rio.<\/p>\n\n<h2 class=\"wp-block-heading\">Patrim\u00f4nio, Maison Trogneux e alcance simb\u00f3lico<\/h2>\n\n<p>A alus\u00e3o \u00e0 tradi\u00e7\u00e3o confeiteira n\u00e3o \u00e9 acidental: se <strong>Brigitte Macron<\/strong> n\u00e3o assumiu a chocolateria familiar Maison Trogneux, esta cria\u00e7\u00e3o evoca esse la\u00e7o com o patrim\u00f4nio gourmet franc\u00eas. O comunicado enfatiza a contribui\u00e7\u00e3o para a valoriza\u00e7\u00e3o do pal\u00e1cio, constru\u00eddo h\u00e1 mais de <strong>300 anos<\/strong>.<\/p>\n\n<p>A iniciativa combina celebra\u00e7\u00e3o do terroir e financiamento cultural, um \u00e2ngulo que deve seduzir os amantes da <strong>gastronomia<\/strong> ao mesmo tempo que destaca a dimens\u00e3o institucional da opera\u00e7\u00e3o.<\/p>\n\n<h2 class=\"wp-block-heading\">Gastronomia, alta culin\u00e1ria e ecos midi\u00e1ticos<\/h2>\n\n<p>Esta iniciativa chega ap\u00f3s outras cria\u00e7\u00f5es presidenciais, como o Saint-Honor\u00e9 de chocolate proposto para o Dia dos Namorados por Fabrice Desvignes e Lun Yi Hsing, que j\u00e1 haviam demonstrado o apetite da Maison \u00c9lys\u00e9e por <strong>colabora\u00e7\u00f5es<\/strong> com grandes chefs.<\/p>\n\n<p>Prepare-se para uma ampla cobertura midi\u00e1tica e retornos para a <strong>culin\u00e1ria francesa<\/strong> de prest\u00edgio; a \u00eanfase em ingredientes franceses \u00e9 uma mensagem forte para o setor.<\/p>\n\n<p>Para saber mais sobre os bastidores, as rela\u00e7\u00f5es familiares e as pessoas pr\u00f3ximas que gravitarem em torno da Presid\u00eancia, descubra mais no <a href=\"https:\/\/www.sebastien-auziere.fr\/blog\/macron-rencontre-k-pop\/\">site dedicado<\/a>, onde \u00e9 poss\u00edvel explorar a liga\u00e7\u00e3o entre <strong>S\u00e9bastien Auzi\u00e8re<\/strong> e a fam\u00edlia Macron, bem como outras anedotas verificadas.<\/p>","protected":false},"excerpt":{"rendered":"<p>Brigitte Macron e Emmanuel Macron se associam oficialmente a um chef estrelado para uma cria\u00e7\u00e3o culin\u00e1ria assinada Maison \u00c9lys\u00e9e: macarons tricolores imaginados por Pierre Herm\u00e9, dispon\u00edveis a partir de 7 de maio. Voc\u00ea vai descobrir uma iniciativa que mistura gastronomia, patrim\u00f4nio e alta visibilidade midi\u00e1tica. Em resumo: uma edi\u00e7\u00e3o limitada de macarons nas cores da &#8230; <a title=\"Brigitte e Emmanuel Macron: o Pal\u00e1cio do Eliseu colabora com um chefe estrelado para uma cria\u00e7\u00e3o culin\u00e1ria gourmet\" class=\"read-more\" href=\"https:\/\/www.sebastien-auziere.fr\/blog\/pt\/brigitte-e-emmanuel-macron-o-palacio-do-eliseu-colabora-com-um-chefe-estrelado-para-uma-criacao-culinaria-gourmet\/\" aria-label=\"En savoir plus sur Brigitte e Emmanuel Macron: o Pal\u00e1cio do Eliseu colabora com um chefe estrelado para uma cria\u00e7\u00e3o culin\u00e1ria gourmet\">Lire plus<\/a><\/p>\n","protected":false},"author":9,"featured_media":3494,"comment_status":"open","ping_status":"open","sticky":false,"template":"","format":"standard","meta":{"footnotes":""},"categories":[862],"tags":[959,5083,5086,3384,1202],"class_list":["post-3504","post","type-post","status-publish","format-standard","has-post-thumbnail","hentry","category-actualidades-pt","tag-brigitte-macron-pt","tag-chef-estrelado-pt","tag-criacao-culinaria-pt","tag-elysee-pt","tag-emmanuel-macron-pt"],"yoast_head":"<!-- This site is optimized with the Yoast SEO plugin v27.5 - https:\/\/yoast.com\/product\/yoast-seo-wordpress\/ -->\n<title>Brigitte e Emmanuel Macron: o Pal\u00e1cio do Eliseu colabora com um chefe estrelado para uma cria\u00e7\u00e3o culin\u00e1ria gourmet - Fan site S\u00e9bastien Auzi\u00e8re<\/title>\n<meta name=\"description\" content=\"D\u00e9couvrez la collaboration gourmande entre Brigitte et Emmanuel Macron \u00e0 l\u2019\u00c9lys\u00e9e avec un chef \u00e9toil\u00e9 pour une cr\u00e9ation culinaire unique.\" \/>\n<meta name=\"robots\" content=\"index, follow, max-snippet:-1, max-image-preview:large, max-video-preview:-1\" \/>\n<link rel=\"canonical\" href=\"https:\/\/www.sebastien-auziere.fr\/blog\/pt\/brigitte-e-emmanuel-macron-o-palacio-do-eliseu-colabora-com-um-chefe-estrelado-para-uma-criacao-culinaria-gourmet\/\" \/>\n<meta property=\"og:locale\" content=\"fr_FR\" \/>\n<meta property=\"og:type\" content=\"article\" \/>\n<meta property=\"og:title\" content=\"Brigitte e Emmanuel Macron: o Pal\u00e1cio do Eliseu colabora com um chefe estrelado para uma cria\u00e7\u00e3o culin\u00e1ria gourmet - Fan site S\u00e9bastien Auzi\u00e8re\" \/>\n<meta property=\"og:description\" content=\"D\u00e9couvrez la collaboration gourmande entre Brigitte et Emmanuel Macron \u00e0 l\u2019\u00c9lys\u00e9e avec un chef \u00e9toil\u00e9 pour une cr\u00e9ation culinaire unique.\" \/>\n<meta property=\"og:url\" content=\"https:\/\/www.sebastien-auziere.fr\/blog\/pt\/brigitte-e-emmanuel-macron-o-palacio-do-eliseu-colabora-com-um-chefe-estrelado-para-uma-criacao-culinaria-gourmet\/\" \/>\n<meta property=\"og:site_name\" content=\"Fan site S\u00e9bastien Auzi\u00e8re\" \/>\n<meta property=\"article:published_time\" content=\"2026-05-01T19:13:41+00:00\" \/>\n<meta property=\"article:modified_time\" content=\"2026-05-01T19:14:05+00:00\" \/>\n<meta property=\"og:image\" content=\"https:\/\/www.sebastien-auziere.fr\/blog\/wp-content\/uploads\/2026\/05\/Brigitte-et-Emmanuel-Macron-lElysee-collabore-avec-un-chef-etoile-pour-une-creation-culinaire-gourmande.jpg\" \/>\n\t<meta property=\"og:image:width\" content=\"2560\" \/>\n\t<meta property=\"og:image:height\" content=\"1429\" \/>\n\t<meta property=\"og:image:type\" content=\"image\/jpeg\" \/>\n<meta name=\"author\" content=\"Chloe Gauthier\" \/>\n<meta name=\"twitter:card\" content=\"summary_large_image\" \/>\n<meta name=\"twitter:label1\" content=\"\u00c9crit par\" \/>\n\t<meta name=\"twitter:data1\" content=\"Chloe Gauthier\" \/>\n\t<meta name=\"twitter:label2\" content=\"Dur\u00e9e de lecture estim\u00e9e\" \/>\n\t<meta name=\"twitter:data2\" content=\"3 minutes\" \/>\n<script type=\"application\/ld+json\" class=\"yoast-schema-graph\">{\"@context\":\"https:\\\/\\\/schema.org\",\"@graph\":[{\"@type\":\"Article\",\"@id\":\"https:\\\/\\\/www.sebastien-auziere.fr\\\/blog\\\/pt\\\/brigitte-e-emmanuel-macron-o-palacio-do-eliseu-colabora-com-um-chefe-estrelado-para-uma-criacao-culinaria-gourmet\\\/#article\",\"isPartOf\":{\"@id\":\"https:\\\/\\\/www.sebastien-auziere.fr\\\/blog\\\/pt\\\/brigitte-e-emmanuel-macron-o-palacio-do-eliseu-colabora-com-um-chefe-estrelado-para-uma-criacao-culinaria-gourmet\\\/\"},\"author\":{\"name\":\"Chloe Gauthier\",\"@id\":\"https:\\\/\\\/www.sebastien-auziere.fr\\\/blog\\\/#\\\/schema\\\/person\\\/149f1acdbfd85149c6c3e59adeae2f4d\"},\"headline\":\"Brigitte e Emmanuel Macron: o Pal\u00e1cio do Eliseu colabora com um chefe estrelado para uma cria\u00e7\u00e3o culin\u00e1ria gourmet\",\"datePublished\":\"2026-05-01T19:13:41+00:00\",\"dateModified\":\"2026-05-01T19:14:05+00:00\",\"mainEntityOfPage\":{\"@id\":\"https:\\\/\\\/www.sebastien-auziere.fr\\\/blog\\\/pt\\\/brigitte-e-emmanuel-macron-o-palacio-do-eliseu-colabora-com-um-chefe-estrelado-para-uma-criacao-culinaria-gourmet\\\/\"},\"wordCount\":552,\"commentCount\":0,\"publisher\":{\"@id\":\"https:\\\/\\\/www.sebastien-auziere.fr\\\/blog\\\/#organization\"},\"image\":{\"@id\":\"https:\\\/\\\/www.sebastien-auziere.fr\\\/blog\\\/pt\\\/brigitte-e-emmanuel-macron-o-palacio-do-eliseu-colabora-com-um-chefe-estrelado-para-uma-criacao-culinaria-gourmet\\\/#primaryimage\"},\"thumbnailUrl\":\"https:\\\/\\\/www.sebastien-auziere.fr\\\/blog\\\/wp-content\\\/uploads\\\/2026\\\/05\\\/Brigitte-et-Emmanuel-Macron-lElysee-collabore-avec-un-chef-etoile-pour-une-creation-culinaire-gourmande.jpg\",\"keywords\":[\"brigitte macron\",\"chef estrelado\",\"cria\u00e7\u00e3o culin\u00e1ria\",\"\u00e9lys\u00e9e\",\"emmanuel macron\"],\"articleSection\":[\"Actualidades\"],\"inLanguage\":\"fr-FR\",\"potentialAction\":[{\"@type\":\"CommentAction\",\"name\":\"Comment\",\"target\":[\"https:\\\/\\\/www.sebastien-auziere.fr\\\/blog\\\/pt\\\/brigitte-e-emmanuel-macron-o-palacio-do-eliseu-colabora-com-um-chefe-estrelado-para-uma-criacao-culinaria-gourmet\\\/#respond\"]}]},{\"@type\":\"WebPage\",\"@id\":\"https:\\\/\\\/www.sebastien-auziere.fr\\\/blog\\\/pt\\\/brigitte-e-emmanuel-macron-o-palacio-do-eliseu-colabora-com-um-chefe-estrelado-para-uma-criacao-culinaria-gourmet\\\/\",\"url\":\"https:\\\/\\\/www.sebastien-auziere.fr\\\/blog\\\/pt\\\/brigitte-e-emmanuel-macron-o-palacio-do-eliseu-colabora-com-um-chefe-estrelado-para-uma-criacao-culinaria-gourmet\\\/\",\"name\":\"Brigitte e Emmanuel Macron: o Pal\u00e1cio do Eliseu colabora com um chefe estrelado para uma cria\u00e7\u00e3o culin\u00e1ria gourmet - Fan site S\u00e9bastien Auzi\u00e8re\",\"isPartOf\":{\"@id\":\"https:\\\/\\\/www.sebastien-auziere.fr\\\/blog\\\/#website\"},\"primaryImageOfPage\":{\"@id\":\"https:\\\/\\\/www.sebastien-auziere.fr\\\/blog\\\/pt\\\/brigitte-e-emmanuel-macron-o-palacio-do-eliseu-colabora-com-um-chefe-estrelado-para-uma-criacao-culinaria-gourmet\\\/#primaryimage\"},\"image\":{\"@id\":\"https:\\\/\\\/www.sebastien-auziere.fr\\\/blog\\\/pt\\\/brigitte-e-emmanuel-macron-o-palacio-do-eliseu-colabora-com-um-chefe-estrelado-para-uma-criacao-culinaria-gourmet\\\/#primaryimage\"},\"thumbnailUrl\":\"https:\\\/\\\/www.sebastien-auziere.fr\\\/blog\\\/wp-content\\\/uploads\\\/2026\\\/05\\\/Brigitte-et-Emmanuel-Macron-lElysee-collabore-avec-un-chef-etoile-pour-une-creation-culinaire-gourmande.jpg\",\"datePublished\":\"2026-05-01T19:13:41+00:00\",\"dateModified\":\"2026-05-01T19:14:05+00:00\",\"description\":\"D\u00e9couvrez la collaboration gourmande entre Brigitte et Emmanuel Macron \u00e0 l\u2019\u00c9lys\u00e9e avec un chef \u00e9toil\u00e9 pour une cr\u00e9ation culinaire unique.\",\"breadcrumb\":{\"@id\":\"https:\\\/\\\/www.sebastien-auziere.fr\\\/blog\\\/pt\\\/brigitte-e-emmanuel-macron-o-palacio-do-eliseu-colabora-com-um-chefe-estrelado-para-uma-criacao-culinaria-gourmet\\\/#breadcrumb\"},\"inLanguage\":\"fr-FR\",\"potentialAction\":[{\"@type\":\"ReadAction\",\"target\":[\"https:\\\/\\\/www.sebastien-auziere.fr\\\/blog\\\/pt\\\/brigitte-e-emmanuel-macron-o-palacio-do-eliseu-colabora-com-um-chefe-estrelado-para-uma-criacao-culinaria-gourmet\\\/\"]}]},{\"@type\":\"ImageObject\",\"inLanguage\":\"fr-FR\",\"@id\":\"https:\\\/\\\/www.sebastien-auziere.fr\\\/blog\\\/pt\\\/brigitte-e-emmanuel-macron-o-palacio-do-eliseu-colabora-com-um-chefe-estrelado-para-uma-criacao-culinaria-gourmet\\\/#primaryimage\",\"url\":\"https:\\\/\\\/www.sebastien-auziere.fr\\\/blog\\\/wp-content\\\/uploads\\\/2026\\\/05\\\/Brigitte-et-Emmanuel-Macron-lElysee-collabore-avec-un-chef-etoile-pour-une-creation-culinaire-gourmande.jpg\",\"contentUrl\":\"https:\\\/\\\/www.sebastien-auziere.fr\\\/blog\\\/wp-content\\\/uploads\\\/2026\\\/05\\\/Brigitte-et-Emmanuel-Macron-lElysee-collabore-avec-un-chef-etoile-pour-une-creation-culinaire-gourmande.jpg\",\"width\":2560,\"height\":1429,\"caption\":\"d\u00e9couvrez comment brigitte et emmanuel macron unissent leurs go\u00fbts avec un chef \u00e9toil\u00e9 \u00e0 l\u2019\u00e9lys\u00e9e pour cr\u00e9er une recette gourmande et raffin\u00e9e, symbole d'\u00e9l\u00e9gance et de plaisir culinaire.\"},{\"@type\":\"BreadcrumbList\",\"@id\":\"https:\\\/\\\/www.sebastien-auziere.fr\\\/blog\\\/pt\\\/brigitte-e-emmanuel-macron-o-palacio-do-eliseu-colabora-com-um-chefe-estrelado-para-uma-criacao-culinaria-gourmet\\\/#breadcrumb\",\"itemListElement\":[{\"@type\":\"ListItem\",\"position\":1,\"name\":\"Home\",\"item\":\"https:\\\/\\\/www.sebastien-auziere.fr\\\/blog\\\/\"},{\"@type\":\"ListItem\",\"position\":2,\"name\":\"Brigitte e Emmanuel Macron: o Pal\u00e1cio do Eliseu colabora com um chefe estrelado para uma cria\u00e7\u00e3o culin\u00e1ria gourmet\"}]},{\"@type\":\"WebSite\",\"@id\":\"https:\\\/\\\/www.sebastien-auziere.fr\\\/blog\\\/#website\",\"url\":\"https:\\\/\\\/www.sebastien-auziere.fr\\\/blog\\\/\",\"name\":\"Fan site S\u00e9bastien Auzi\u00e8re\",\"description\":\"M\u00e9dia g\u00e9n\u00e9raliste\",\"publisher\":{\"@id\":\"https:\\\/\\\/www.sebastien-auziere.fr\\\/blog\\\/#organization\"},\"potentialAction\":[{\"@type\":\"SearchAction\",\"target\":{\"@type\":\"EntryPoint\",\"urlTemplate\":\"https:\\\/\\\/www.sebastien-auziere.fr\\\/blog\\\/?s={search_term_string}\"},\"query-input\":{\"@type\":\"PropertyValueSpecification\",\"valueRequired\":true,\"valueName\":\"search_term_string\"}}],\"inLanguage\":\"fr-FR\"},{\"@type\":\"Organization\",\"@id\":\"https:\\\/\\\/www.sebastien-auziere.fr\\\/blog\\\/#organization\",\"name\":\"Fan site S\u00e9bastien Auzi\u00e8re\",\"url\":\"https:\\\/\\\/www.sebastien-auziere.fr\\\/blog\\\/\",\"logo\":{\"@type\":\"ImageObject\",\"inLanguage\":\"fr-FR\",\"@id\":\"https:\\\/\\\/www.sebastien-auziere.fr\\\/blog\\\/#\\\/schema\\\/logo\\\/image\\\/\",\"url\":\"https:\\\/\\\/www.sebastien-auziere.fr\\\/blog\\\/wp-content\\\/uploads\\\/2026\\\/03\\\/cropped-cropped-cropped-ChatGPT-Image-6-mars-2026-12_58_09-e1772798376794.jpg\",\"contentUrl\":\"https:\\\/\\\/www.sebastien-auziere.fr\\\/blog\\\/wp-content\\\/uploads\\\/2026\\\/03\\\/cropped-cropped-cropped-ChatGPT-Image-6-mars-2026-12_58_09-e1772798376794.jpg\",\"width\":512,\"height\":360,\"caption\":\"Fan site S\u00e9bastien Auzi\u00e8re\"},\"image\":{\"@id\":\"https:\\\/\\\/www.sebastien-auziere.fr\\\/blog\\\/#\\\/schema\\\/logo\\\/image\\\/\"}},{\"@type\":\"Person\",\"@id\":\"https:\\\/\\\/www.sebastien-auziere.fr\\\/blog\\\/#\\\/schema\\\/person\\\/149f1acdbfd85149c6c3e59adeae2f4d\",\"name\":\"Chloe Gauthier\",\"image\":{\"@type\":\"ImageObject\",\"inLanguage\":\"fr-FR\",\"@id\":\"https:\\\/\\\/secure.gravatar.com\\\/avatar\\\/2c5722f58171cff738a8985ef0dd66b476e563753246a49019befc837ec4201a?s=96&d=mm&r=g\",\"url\":\"https:\\\/\\\/secure.gravatar.com\\\/avatar\\\/2c5722f58171cff738a8985ef0dd66b476e563753246a49019befc837ec4201a?s=96&d=mm&r=g\",\"contentUrl\":\"https:\\\/\\\/secure.gravatar.com\\\/avatar\\\/2c5722f58171cff738a8985ef0dd66b476e563753246a49019befc837ec4201a?s=96&d=mm&r=g\",\"caption\":\"Chloe Gauthier\"},\"description\":\"Passionn\u00e9e par la politique et admiratrice engag\u00e9e de la famille Macron, je consacre mon \u00e9nergie \u00e0 suivre leurs initiatives et \u00e0 promouvoir leurs id\u00e9es. \u00c0 32 ans, je suis convaincue que leur vision est porteuse d'avenir.\",\"url\":\"https:\\\/\\\/www.sebastien-auziere.fr\\\/blog\\\/author\\\/chloe-gauthier\\\/\"}]}<\/script>\n<!-- \/ Yoast SEO plugin. -->","yoast_head_json":{"title":"Brigitte e Emmanuel Macron: o Pal\u00e1cio do Eliseu colabora com um chefe estrelado para uma cria\u00e7\u00e3o culin\u00e1ria gourmet - Fan site S\u00e9bastien Auzi\u00e8re","description":"D\u00e9couvrez la collaboration gourmande entre Brigitte et Emmanuel Macron \u00e0 l\u2019\u00c9lys\u00e9e avec un chef \u00e9toil\u00e9 pour une cr\u00e9ation culinaire unique.","robots":{"index":"index","follow":"follow","max-snippet":"max-snippet:-1","max-image-preview":"max-image-preview:large","max-video-preview":"max-video-preview:-1"},"canonical":"https:\/\/www.sebastien-auziere.fr\/blog\/pt\/brigitte-e-emmanuel-macron-o-palacio-do-eliseu-colabora-com-um-chefe-estrelado-para-uma-criacao-culinaria-gourmet\/","og_locale":"fr_FR","og_type":"article","og_title":"Brigitte e Emmanuel Macron: o Pal\u00e1cio do Eliseu colabora com um chefe estrelado para uma cria\u00e7\u00e3o culin\u00e1ria gourmet - Fan site S\u00e9bastien Auzi\u00e8re","og_description":"D\u00e9couvrez la collaboration gourmande entre Brigitte et Emmanuel Macron \u00e0 l\u2019\u00c9lys\u00e9e avec un chef \u00e9toil\u00e9 pour une cr\u00e9ation culinaire unique.","og_url":"https:\/\/www.sebastien-auziere.fr\/blog\/pt\/brigitte-e-emmanuel-macron-o-palacio-do-eliseu-colabora-com-um-chefe-estrelado-para-uma-criacao-culinaria-gourmet\/","og_site_name":"Fan site S\u00e9bastien Auzi\u00e8re","article_published_time":"2026-05-01T19:13:41+00:00","article_modified_time":"2026-05-01T19:14:05+00:00","og_image":[{"width":2560,"height":1429,"url":"https:\/\/www.sebastien-auziere.fr\/blog\/wp-content\/uploads\/2026\/05\/Brigitte-et-Emmanuel-Macron-lElysee-collabore-avec-un-chef-etoile-pour-une-creation-culinaire-gourmande.jpg","type":"image\/jpeg"}],"author":"Chloe Gauthier","twitter_card":"summary_large_image","twitter_misc":{"\u00c9crit par":"Chloe Gauthier","Dur\u00e9e de lecture estim\u00e9e":"3 minutes"},"schema":{"@context":"https:\/\/schema.org","@graph":[{"@type":"Article","@id":"https:\/\/www.sebastien-auziere.fr\/blog\/pt\/brigitte-e-emmanuel-macron-o-palacio-do-eliseu-colabora-com-um-chefe-estrelado-para-uma-criacao-culinaria-gourmet\/#article","isPartOf":{"@id":"https:\/\/www.sebastien-auziere.fr\/blog\/pt\/brigitte-e-emmanuel-macron-o-palacio-do-eliseu-colabora-com-um-chefe-estrelado-para-uma-criacao-culinaria-gourmet\/"},"author":{"name":"Chloe Gauthier","@id":"https:\/\/www.sebastien-auziere.fr\/blog\/#\/schema\/person\/149f1acdbfd85149c6c3e59adeae2f4d"},"headline":"Brigitte e Emmanuel Macron: o Pal\u00e1cio do Eliseu colabora com um chefe estrelado para uma cria\u00e7\u00e3o culin\u00e1ria gourmet","datePublished":"2026-05-01T19:13:41+00:00","dateModified":"2026-05-01T19:14:05+00:00","mainEntityOfPage":{"@id":"https:\/\/www.sebastien-auziere.fr\/blog\/pt\/brigitte-e-emmanuel-macron-o-palacio-do-eliseu-colabora-com-um-chefe-estrelado-para-uma-criacao-culinaria-gourmet\/"},"wordCount":552,"commentCount":0,"publisher":{"@id":"https:\/\/www.sebastien-auziere.fr\/blog\/#organization"},"image":{"@id":"https:\/\/www.sebastien-auziere.fr\/blog\/pt\/brigitte-e-emmanuel-macron-o-palacio-do-eliseu-colabora-com-um-chefe-estrelado-para-uma-criacao-culinaria-gourmet\/#primaryimage"},"thumbnailUrl":"https:\/\/www.sebastien-auziere.fr\/blog\/wp-content\/uploads\/2026\/05\/Brigitte-et-Emmanuel-Macron-lElysee-collabore-avec-un-chef-etoile-pour-une-creation-culinaire-gourmande.jpg","keywords":["brigitte macron","chef estrelado","cria\u00e7\u00e3o culin\u00e1ria","\u00e9lys\u00e9e","emmanuel macron"],"articleSection":["Actualidades"],"inLanguage":"fr-FR","potentialAction":[{"@type":"CommentAction","name":"Comment","target":["https:\/\/www.sebastien-auziere.fr\/blog\/pt\/brigitte-e-emmanuel-macron-o-palacio-do-eliseu-colabora-com-um-chefe-estrelado-para-uma-criacao-culinaria-gourmet\/#respond"]}]},{"@type":"WebPage","@id":"https:\/\/www.sebastien-auziere.fr\/blog\/pt\/brigitte-e-emmanuel-macron-o-palacio-do-eliseu-colabora-com-um-chefe-estrelado-para-uma-criacao-culinaria-gourmet\/","url":"https:\/\/www.sebastien-auziere.fr\/blog\/pt\/brigitte-e-emmanuel-macron-o-palacio-do-eliseu-colabora-com-um-chefe-estrelado-para-uma-criacao-culinaria-gourmet\/","name":"Brigitte e Emmanuel Macron: o Pal\u00e1cio do Eliseu colabora com um chefe estrelado para uma cria\u00e7\u00e3o culin\u00e1ria gourmet - Fan site S\u00e9bastien Auzi\u00e8re","isPartOf":{"@id":"https:\/\/www.sebastien-auziere.fr\/blog\/#website"},"primaryImageOfPage":{"@id":"https:\/\/www.sebastien-auziere.fr\/blog\/pt\/brigitte-e-emmanuel-macron-o-palacio-do-eliseu-colabora-com-um-chefe-estrelado-para-uma-criacao-culinaria-gourmet\/#primaryimage"},"image":{"@id":"https:\/\/www.sebastien-auziere.fr\/blog\/pt\/brigitte-e-emmanuel-macron-o-palacio-do-eliseu-colabora-com-um-chefe-estrelado-para-uma-criacao-culinaria-gourmet\/#primaryimage"},"thumbnailUrl":"https:\/\/www.sebastien-auziere.fr\/blog\/wp-content\/uploads\/2026\/05\/Brigitte-et-Emmanuel-Macron-lElysee-collabore-avec-un-chef-etoile-pour-une-creation-culinaire-gourmande.jpg","datePublished":"2026-05-01T19:13:41+00:00","dateModified":"2026-05-01T19:14:05+00:00","description":"D\u00e9couvrez la collaboration gourmande entre Brigitte et Emmanuel Macron \u00e0 l\u2019\u00c9lys\u00e9e avec un chef \u00e9toil\u00e9 pour une cr\u00e9ation culinaire unique.","breadcrumb":{"@id":"https:\/\/www.sebastien-auziere.fr\/blog\/pt\/brigitte-e-emmanuel-macron-o-palacio-do-eliseu-colabora-com-um-chefe-estrelado-para-uma-criacao-culinaria-gourmet\/#breadcrumb"},"inLanguage":"fr-FR","potentialAction":[{"@type":"ReadAction","target":["https:\/\/www.sebastien-auziere.fr\/blog\/pt\/brigitte-e-emmanuel-macron-o-palacio-do-eliseu-colabora-com-um-chefe-estrelado-para-uma-criacao-culinaria-gourmet\/"]}]},{"@type":"ImageObject","inLanguage":"fr-FR","@id":"https:\/\/www.sebastien-auziere.fr\/blog\/pt\/brigitte-e-emmanuel-macron-o-palacio-do-eliseu-colabora-com-um-chefe-estrelado-para-uma-criacao-culinaria-gourmet\/#primaryimage","url":"https:\/\/www.sebastien-auziere.fr\/blog\/wp-content\/uploads\/2026\/05\/Brigitte-et-Emmanuel-Macron-lElysee-collabore-avec-un-chef-etoile-pour-une-creation-culinaire-gourmande.jpg","contentUrl":"https:\/\/www.sebastien-auziere.fr\/blog\/wp-content\/uploads\/2026\/05\/Brigitte-et-Emmanuel-Macron-lElysee-collabore-avec-un-chef-etoile-pour-une-creation-culinaire-gourmande.jpg","width":2560,"height":1429,"caption":"d\u00e9couvrez comment brigitte et emmanuel macron unissent leurs go\u00fbts avec un chef \u00e9toil\u00e9 \u00e0 l\u2019\u00e9lys\u00e9e pour cr\u00e9er une recette gourmande et raffin\u00e9e, symbole d'\u00e9l\u00e9gance et de plaisir culinaire."},{"@type":"BreadcrumbList","@id":"https:\/\/www.sebastien-auziere.fr\/blog\/pt\/brigitte-e-emmanuel-macron-o-palacio-do-eliseu-colabora-com-um-chefe-estrelado-para-uma-criacao-culinaria-gourmet\/#breadcrumb","itemListElement":[{"@type":"ListItem","position":1,"name":"Home","item":"https:\/\/www.sebastien-auziere.fr\/blog\/"},{"@type":"ListItem","position":2,"name":"Brigitte e Emmanuel Macron: o Pal\u00e1cio do Eliseu colabora com um chefe estrelado para uma cria\u00e7\u00e3o culin\u00e1ria gourmet"}]},{"@type":"WebSite","@id":"https:\/\/www.sebastien-auziere.fr\/blog\/#website","url":"https:\/\/www.sebastien-auziere.fr\/blog\/","name":"Fan site S\u00e9bastien Auzi\u00e8re","description":"M\u00e9dia g\u00e9n\u00e9raliste","publisher":{"@id":"https:\/\/www.sebastien-auziere.fr\/blog\/#organization"},"potentialAction":[{"@type":"SearchAction","target":{"@type":"EntryPoint","urlTemplate":"https:\/\/www.sebastien-auziere.fr\/blog\/?s={search_term_string}"},"query-input":{"@type":"PropertyValueSpecification","valueRequired":true,"valueName":"search_term_string"}}],"inLanguage":"fr-FR"},{"@type":"Organization","@id":"https:\/\/www.sebastien-auziere.fr\/blog\/#organization","name":"Fan site S\u00e9bastien Auzi\u00e8re","url":"https:\/\/www.sebastien-auziere.fr\/blog\/","logo":{"@type":"ImageObject","inLanguage":"fr-FR","@id":"https:\/\/www.sebastien-auziere.fr\/blog\/#\/schema\/logo\/image\/","url":"https:\/\/www.sebastien-auziere.fr\/blog\/wp-content\/uploads\/2026\/03\/cropped-cropped-cropped-ChatGPT-Image-6-mars-2026-12_58_09-e1772798376794.jpg","contentUrl":"https:\/\/www.sebastien-auziere.fr\/blog\/wp-content\/uploads\/2026\/03\/cropped-cropped-cropped-ChatGPT-Image-6-mars-2026-12_58_09-e1772798376794.jpg","width":512,"height":360,"caption":"Fan site S\u00e9bastien Auzi\u00e8re"},"image":{"@id":"https:\/\/www.sebastien-auziere.fr\/blog\/#\/schema\/logo\/image\/"}},{"@type":"Person","@id":"https:\/\/www.sebastien-auziere.fr\/blog\/#\/schema\/person\/149f1acdbfd85149c6c3e59adeae2f4d","name":"Chloe Gauthier","image":{"@type":"ImageObject","inLanguage":"fr-FR","@id":"https:\/\/secure.gravatar.com\/avatar\/2c5722f58171cff738a8985ef0dd66b476e563753246a49019befc837ec4201a?s=96&d=mm&r=g","url":"https:\/\/secure.gravatar.com\/avatar\/2c5722f58171cff738a8985ef0dd66b476e563753246a49019befc837ec4201a?s=96&d=mm&r=g","contentUrl":"https:\/\/secure.gravatar.com\/avatar\/2c5722f58171cff738a8985ef0dd66b476e563753246a49019befc837ec4201a?s=96&d=mm&r=g","caption":"Chloe Gauthier"},"description":"Passionn\u00e9e par la politique et admiratrice engag\u00e9e de la famille Macron, je consacre mon \u00e9nergie \u00e0 suivre leurs initiatives et \u00e0 promouvoir leurs id\u00e9es. \u00c0 32 ans, je suis convaincue que leur vision est porteuse d'avenir.","url":"https:\/\/www.sebastien-auziere.fr\/blog\/author\/chloe-gauthier\/"}]}},"views":0,"_links":{"self":[{"href":"https:\/\/www.sebastien-auziere.fr\/blog\/wp-json\/wp\/v2\/posts\/3504","targetHints":{"allow":["GET"]}}],"collection":[{"href":"https:\/\/www.sebastien-auziere.fr\/blog\/wp-json\/wp\/v2\/posts"}],"about":[{"href":"https:\/\/www.sebastien-auziere.fr\/blog\/wp-json\/wp\/v2\/types\/post"}],"author":[{"embeddable":true,"href":"https:\/\/www.sebastien-auziere.fr\/blog\/wp-json\/wp\/v2\/users\/9"}],"replies":[{"embeddable":true,"href":"https:\/\/www.sebastien-auziere.fr\/blog\/wp-json\/wp\/v2\/comments?post=3504"}],"version-history":[{"count":1,"href":"https:\/\/www.sebastien-auziere.fr\/blog\/wp-json\/wp\/v2\/posts\/3504\/revisions"}],"predecessor-version":[{"id":3505,"href":"https:\/\/www.sebastien-auziere.fr\/blog\/wp-json\/wp\/v2\/posts\/3504\/revisions\/3505"}],"wp:featuredmedia":[{"embeddable":true,"href":"https:\/\/www.sebastien-auziere.fr\/blog\/wp-json\/wp\/v2\/media\/3494"}],"wp:attachment":[{"href":"https:\/\/www.sebastien-auziere.fr\/blog\/wp-json\/wp\/v2\/media?parent=3504"}],"wp:term":[{"taxonomy":"category","embeddable":true,"href":"https:\/\/www.sebastien-auziere.fr\/blog\/wp-json\/wp\/v2\/categories?post=3504"},{"taxonomy":"post_tag","embeddable":true,"href":"https:\/\/www.sebastien-auziere.fr\/blog\/wp-json\/wp\/v2\/tags?post=3504"}],"curies":[{"name":"wp","href":"https:\/\/api.w.org\/{rel}","templated":true}]}}