{"id":3502,"date":"2026-05-01T19:12:33","date_gmt":"2026-05-01T19:12:33","guid":{"rendered":"https:\/\/www.sebastien-auziere.fr\/blog\/?p=3502"},"modified":"2026-05-01T19:13:07","modified_gmt":"2026-05-01T19:13:07","slug":"brigitte-ed-emmanuel-macron-lelysee-collabora-con-uno-chef-stellato-per-una-creazione-culinaria-gourmet","status":"publish","type":"post","link":"https:\/\/www.sebastien-auziere.fr\/blog\/it\/brigitte-ed-emmanuel-macron-lelysee-collabora-con-uno-chef-stellato-per-una-creazione-culinaria-gourmet\/","title":{"rendered":"Brigitte ed Emmanuel Macron: l&rsquo;\u00c9lys\u00e9e collabora con uno chef stellato per una creazione culinaria gourmet"},"content":{"rendered":"<p><strong>Brigitte Macron<\/strong> e <strong>Emmanuel Macron<\/strong> si uniscono ufficialmente a uno <strong>chef stellato<\/strong> per una <strong>creazione culinaria<\/strong> firmata Maison \u00c9lys\u00e9e: macarons tricolori ideati da <strong>Pierre Herm\u00e9<\/strong>, disponibili dal <strong>7 maggio<\/strong>. Scoprirai un&rsquo;iniziativa che mescola <strong>gastronomia<\/strong>, patrimonio e alta visibilit\u00e0 mediatica.<\/p>\n\n<p><strong>In breve:<\/strong> un&rsquo;edizione limitata di macarons nei colori della Francia, composta da una crema al limone di Corsica, una ganache alla vaniglia della Nuova Caledonia e fiori d&rsquo;arancio di Grasse. Prezzo annunciato: <strong>3,40 \u20ac l&rsquo;uno<\/strong> o cofanetto di otto tra <strong>29 \u20ac e 33 \u20ac<\/strong>. I profitti contribuiscono alla valorizzazione del patrimonio dell&rsquo; <strong>\u00c9lys\u00e9e<\/strong>.<\/p>\n\n<h2 class=\"wp-block-heading\">Una collaborazione inedita tra l&rsquo;\u00c9lys\u00e9e e uno chef stellato<\/h2>\n\n<p>La <strong>collaborazione<\/strong> \u00e8 stata ufficializzata tramite comunicato: <strong>Pierre Herm\u00e9<\/strong> ha ideato una ricetta \u00ab\u00a0unica\u00a0\u00bb a partire da ingredienti francesi per la <strong>Maison \u00c9lys\u00e9e<\/strong>. Quest&rsquo;operazione ricorda l&rsquo;attenzione riservata alla <strong>cucina francese<\/strong> ai massimi livelli dello Stato e suscita l&rsquo;interesse dei media nazionali.<\/p>\n\n<p>Per collocare l&rsquo;evento nel percorso culinario della Presidenza, dai un&rsquo;occhiata al racconto del chef dell&rsquo;\u00c9lys\u00e9e su una serata improvvisata che ha segnato le quinte del palazzo: <a href=\"https:\/\/www.msn.com\/fr-fr\/alimentation-et-boissons\/g%C3%A9n%C3%A9ral\/j-ai-d%C3%BB-improviser-quand-le-chef-de-l-%C3%A9lys%C3%A9e-a-cuisin%C3%A9-pour-emmanuel-et-brigitte-macron-dans-leur-salle-de-bains\/ar-AA20CsMC\">racconto del chef dell&rsquo;\u00c9lys\u00e9e<\/a>. Questa alleanza \u00e8 decisamente orientata verso la <strong>alta cucina<\/strong>.<\/p>\n\n<h2 class=\"wp-block-heading\">I macarons tricolori: ricetta, prezzo e disponibilit\u00e0<\/h2>\n\n<p>La scatola riunisce macarons mescolando <strong>limone di Corsica<\/strong>, <strong>vaniglia della Nuova Caledonia<\/strong> e <strong>fiori d&rsquo;arancio di Grasse<\/strong>, componenti chiaramente specificati dal comunicato. Disponibili in edizione limitata a partire dal <strong>7 maggio<\/strong> al <strong>caff\u00e8 della Maison \u00c9lys\u00e9e<\/strong> e sul sito del pasticcere.<\/p>\n\n<p>Il posizionamento tariffario, a <strong>3,40 \u20ac l&rsquo;uno<\/strong> o cofanetto di otto da <strong>29 \u20ac a 33 \u20ac<\/strong>, combina accessibilit\u00e0 e prestigio, e rafforza l&rsquo;idea di un prodotto sia <strong>gourmand<\/strong> che solidale.<\/p>\n\n<h2 class=\"wp-block-heading\">Patrimonio, Maison Trogneux e portata simbolica<\/h2>\n\n<p>Il richiamo alla tradizione pasticcera non \u00e8 casuale: se <strong>Brigitte Macron<\/strong> non ha ripreso la cioccolateria familiare Maison Trogneux, questa creazione evoca quel legame al patrimonio gastronomico francese. Il comunicato insiste sulla contribuzione alla valorizzazione del palazzo, costruito pi\u00f9 di <strong>300 anni<\/strong> fa.<\/p>\n\n<p>La iniziativa combina celebrazione del territorio e finanziamento culturale, un aspetto che dovrebbe sedurre gli amanti della <strong>gastronomia<\/strong> mentre sottolinea la dimensione istituzionale dell&rsquo;operazione.<\/p>\n\n<h2 class=\"wp-block-heading\">Gustoso, alta cucina e echi mediatici<\/h2>\n\n<p>Questa iniziativa arriva dopo altre creazioni presidenziali, come il Saint-Honor\u00e9 al cioccolato proposto per San Valentino da Fabrice Desvignes e Lun Yi Hsing, che aveva gi\u00e0 mostrato l&rsquo;appetito della Maison \u00c9lys\u00e9e per le <strong>collaborazioni<\/strong> con grandi chef.<\/p>\n\n<p>Prevedi una ampia copertura mediatica e ritorni per la <strong>cucina francese<\/strong> di prestigio; la valorizzazione di ingredienti francesi \u00e8 un messaggio forte per il settore.<\/p>\n\n<p>Per saperne di pi\u00f9 sulle quinte, le relazioni familiari e le persone vicine alla Presidenza, scopri di pi\u00f9 su <a href=\"https:\/\/www.sebastien-auziere.fr\/blog\/macron-rencontre-k-pop\/\">il sito dedicato<\/a>, dove \u00e8 possibile esplorare il legame tra <strong>S\u00e9bastien Auzi\u00e8re<\/strong> e la famiglia Macron e altre aneddoti verificati.<\/p>","protected":false},"excerpt":{"rendered":"<p>Brigitte Macron e Emmanuel Macron si uniscono ufficialmente a uno chef stellato per una creazione culinaria firmata Maison \u00c9lys\u00e9e: macarons tricolori ideati da Pierre Herm\u00e9, disponibili dal 7 maggio. Scoprirai un&rsquo;iniziativa che mescola gastronomia, patrimonio e alta visibilit\u00e0 mediatica. In breve: un&rsquo;edizione limitata di macarons nei colori della Francia, composta da una crema al limone &#8230; <a title=\"Brigitte ed Emmanuel Macron: l&rsquo;\u00c9lys\u00e9e collabora con uno chef stellato per una creazione culinaria gourmet\" class=\"read-more\" href=\"https:\/\/www.sebastien-auziere.fr\/blog\/it\/brigitte-ed-emmanuel-macron-lelysee-collabora-con-uno-chef-stellato-per-una-creazione-culinaria-gourmet\/\" aria-label=\"En savoir plus sur Brigitte ed Emmanuel Macron: l&rsquo;\u00c9lys\u00e9e collabora con uno chef stellato per una creazione culinaria gourmet\">Lire plus<\/a><\/p>\n","protected":false},"author":9,"featured_media":3494,"comment_status":"open","ping_status":"open","sticky":false,"template":"","format":"standard","meta":{"footnotes":""},"categories":[859],"tags":[944,5077,5080,3372,1190],"class_list":["post-3502","post","type-post","status-publish","format-standard","has-post-thumbnail","hentry","category-actualita-it","tag-brigitte-macron-it","tag-chef-stellato-it","tag-creazione-culinaria-it","tag-elysee-it","tag-emmanuel-macron-it"],"yoast_head":"<!-- This site is optimized with the Yoast SEO plugin v27.5 - https:\/\/yoast.com\/product\/yoast-seo-wordpress\/ -->\n<title>Brigitte ed Emmanuel Macron: l&#039;\u00c9lys\u00e9e collabora con uno chef stellato per una creazione culinaria gourmet - Fan site S\u00e9bastien Auzi\u00e8re<\/title>\n<meta name=\"description\" content=\"D\u00e9couvrez la collaboration gourmande entre Brigitte et Emmanuel Macron \u00e0 l\u2019\u00c9lys\u00e9e avec un chef \u00e9toil\u00e9 pour une cr\u00e9ation culinaire unique.\" \/>\n<meta name=\"robots\" content=\"index, follow, max-snippet:-1, max-image-preview:large, max-video-preview:-1\" \/>\n<link rel=\"canonical\" href=\"https:\/\/www.sebastien-auziere.fr\/blog\/it\/brigitte-ed-emmanuel-macron-lelysee-collabora-con-uno-chef-stellato-per-una-creazione-culinaria-gourmet\/\" \/>\n<meta property=\"og:locale\" content=\"fr_FR\" \/>\n<meta property=\"og:type\" content=\"article\" \/>\n<meta property=\"og:title\" content=\"Brigitte ed Emmanuel Macron: l&#039;\u00c9lys\u00e9e collabora con uno chef stellato per una creazione culinaria gourmet - Fan site S\u00e9bastien Auzi\u00e8re\" \/>\n<meta property=\"og:description\" content=\"D\u00e9couvrez la collaboration gourmande entre Brigitte et Emmanuel Macron \u00e0 l\u2019\u00c9lys\u00e9e avec un chef \u00e9toil\u00e9 pour une cr\u00e9ation culinaire unique.\" \/>\n<meta property=\"og:url\" content=\"https:\/\/www.sebastien-auziere.fr\/blog\/it\/brigitte-ed-emmanuel-macron-lelysee-collabora-con-uno-chef-stellato-per-una-creazione-culinaria-gourmet\/\" \/>\n<meta property=\"og:site_name\" content=\"Fan site S\u00e9bastien Auzi\u00e8re\" \/>\n<meta property=\"article:published_time\" content=\"2026-05-01T19:12:33+00:00\" \/>\n<meta property=\"article:modified_time\" content=\"2026-05-01T19:13:07+00:00\" \/>\n<meta property=\"og:image\" content=\"https:\/\/www.sebastien-auziere.fr\/blog\/wp-content\/uploads\/2026\/05\/Brigitte-et-Emmanuel-Macron-lElysee-collabore-avec-un-chef-etoile-pour-une-creation-culinaire-gourmande.jpg\" \/>\n\t<meta property=\"og:image:width\" content=\"2560\" \/>\n\t<meta property=\"og:image:height\" content=\"1429\" \/>\n\t<meta property=\"og:image:type\" content=\"image\/jpeg\" \/>\n<meta name=\"author\" content=\"Chloe Gauthier\" \/>\n<meta name=\"twitter:card\" content=\"summary_large_image\" \/>\n<meta name=\"twitter:label1\" content=\"\u00c9crit par\" \/>\n\t<meta name=\"twitter:data1\" content=\"Chloe Gauthier\" \/>\n\t<meta name=\"twitter:label2\" content=\"Dur\u00e9e de lecture estim\u00e9e\" \/>\n\t<meta name=\"twitter:data2\" content=\"2 minutes\" \/>\n<script type=\"application\/ld+json\" class=\"yoast-schema-graph\">{\"@context\":\"https:\\\/\\\/schema.org\",\"@graph\":[{\"@type\":\"Article\",\"@id\":\"https:\\\/\\\/www.sebastien-auziere.fr\\\/blog\\\/it\\\/brigitte-ed-emmanuel-macron-lelysee-collabora-con-uno-chef-stellato-per-una-creazione-culinaria-gourmet\\\/#article\",\"isPartOf\":{\"@id\":\"https:\\\/\\\/www.sebastien-auziere.fr\\\/blog\\\/it\\\/brigitte-ed-emmanuel-macron-lelysee-collabora-con-uno-chef-stellato-per-una-creazione-culinaria-gourmet\\\/\"},\"author\":{\"name\":\"Chloe Gauthier\",\"@id\":\"https:\\\/\\\/www.sebastien-auziere.fr\\\/blog\\\/#\\\/schema\\\/person\\\/149f1acdbfd85149c6c3e59adeae2f4d\"},\"headline\":\"Brigitte ed Emmanuel Macron: l&rsquo;\u00c9lys\u00e9e collabora con uno chef stellato per una creazione culinaria gourmet\",\"datePublished\":\"2026-05-01T19:12:33+00:00\",\"dateModified\":\"2026-05-01T19:13:07+00:00\",\"mainEntityOfPage\":{\"@id\":\"https:\\\/\\\/www.sebastien-auziere.fr\\\/blog\\\/it\\\/brigitte-ed-emmanuel-macron-lelysee-collabora-con-uno-chef-stellato-per-una-creazione-culinaria-gourmet\\\/\"},\"wordCount\":451,\"commentCount\":0,\"publisher\":{\"@id\":\"https:\\\/\\\/www.sebastien-auziere.fr\\\/blog\\\/#organization\"},\"image\":{\"@id\":\"https:\\\/\\\/www.sebastien-auziere.fr\\\/blog\\\/it\\\/brigitte-ed-emmanuel-macron-lelysee-collabora-con-uno-chef-stellato-per-una-creazione-culinaria-gourmet\\\/#primaryimage\"},\"thumbnailUrl\":\"https:\\\/\\\/www.sebastien-auziere.fr\\\/blog\\\/wp-content\\\/uploads\\\/2026\\\/05\\\/Brigitte-et-Emmanuel-Macron-lElysee-collabore-avec-un-chef-etoile-pour-une-creation-culinaire-gourmande.jpg\",\"keywords\":[\"brigitte macron\",\"chef stellato\",\"creazione culinaria\",\"\u00e9lys\u00e9e\",\"emmanuel macron\"],\"articleSection\":[\"Actualit\u00e0\"],\"inLanguage\":\"fr-FR\",\"potentialAction\":[{\"@type\":\"CommentAction\",\"name\":\"Comment\",\"target\":[\"https:\\\/\\\/www.sebastien-auziere.fr\\\/blog\\\/it\\\/brigitte-ed-emmanuel-macron-lelysee-collabora-con-uno-chef-stellato-per-una-creazione-culinaria-gourmet\\\/#respond\"]}]},{\"@type\":\"WebPage\",\"@id\":\"https:\\\/\\\/www.sebastien-auziere.fr\\\/blog\\\/it\\\/brigitte-ed-emmanuel-macron-lelysee-collabora-con-uno-chef-stellato-per-una-creazione-culinaria-gourmet\\\/\",\"url\":\"https:\\\/\\\/www.sebastien-auziere.fr\\\/blog\\\/it\\\/brigitte-ed-emmanuel-macron-lelysee-collabora-con-uno-chef-stellato-per-una-creazione-culinaria-gourmet\\\/\",\"name\":\"Brigitte ed Emmanuel Macron: l'\u00c9lys\u00e9e collabora con uno chef stellato per una creazione culinaria gourmet - Fan site S\u00e9bastien Auzi\u00e8re\",\"isPartOf\":{\"@id\":\"https:\\\/\\\/www.sebastien-auziere.fr\\\/blog\\\/#website\"},\"primaryImageOfPage\":{\"@id\":\"https:\\\/\\\/www.sebastien-auziere.fr\\\/blog\\\/it\\\/brigitte-ed-emmanuel-macron-lelysee-collabora-con-uno-chef-stellato-per-una-creazione-culinaria-gourmet\\\/#primaryimage\"},\"image\":{\"@id\":\"https:\\\/\\\/www.sebastien-auziere.fr\\\/blog\\\/it\\\/brigitte-ed-emmanuel-macron-lelysee-collabora-con-uno-chef-stellato-per-una-creazione-culinaria-gourmet\\\/#primaryimage\"},\"thumbnailUrl\":\"https:\\\/\\\/www.sebastien-auziere.fr\\\/blog\\\/wp-content\\\/uploads\\\/2026\\\/05\\\/Brigitte-et-Emmanuel-Macron-lElysee-collabore-avec-un-chef-etoile-pour-une-creation-culinaire-gourmande.jpg\",\"datePublished\":\"2026-05-01T19:12:33+00:00\",\"dateModified\":\"2026-05-01T19:13:07+00:00\",\"description\":\"D\u00e9couvrez la collaboration gourmande entre Brigitte et Emmanuel Macron \u00e0 l\u2019\u00c9lys\u00e9e avec un chef \u00e9toil\u00e9 pour une cr\u00e9ation culinaire unique.\",\"breadcrumb\":{\"@id\":\"https:\\\/\\\/www.sebastien-auziere.fr\\\/blog\\\/it\\\/brigitte-ed-emmanuel-macron-lelysee-collabora-con-uno-chef-stellato-per-una-creazione-culinaria-gourmet\\\/#breadcrumb\"},\"inLanguage\":\"fr-FR\",\"potentialAction\":[{\"@type\":\"ReadAction\",\"target\":[\"https:\\\/\\\/www.sebastien-auziere.fr\\\/blog\\\/it\\\/brigitte-ed-emmanuel-macron-lelysee-collabora-con-uno-chef-stellato-per-una-creazione-culinaria-gourmet\\\/\"]}]},{\"@type\":\"ImageObject\",\"inLanguage\":\"fr-FR\",\"@id\":\"https:\\\/\\\/www.sebastien-auziere.fr\\\/blog\\\/it\\\/brigitte-ed-emmanuel-macron-lelysee-collabora-con-uno-chef-stellato-per-una-creazione-culinaria-gourmet\\\/#primaryimage\",\"url\":\"https:\\\/\\\/www.sebastien-auziere.fr\\\/blog\\\/wp-content\\\/uploads\\\/2026\\\/05\\\/Brigitte-et-Emmanuel-Macron-lElysee-collabore-avec-un-chef-etoile-pour-une-creation-culinaire-gourmande.jpg\",\"contentUrl\":\"https:\\\/\\\/www.sebastien-auziere.fr\\\/blog\\\/wp-content\\\/uploads\\\/2026\\\/05\\\/Brigitte-et-Emmanuel-Macron-lElysee-collabore-avec-un-chef-etoile-pour-une-creation-culinaire-gourmande.jpg\",\"width\":2560,\"height\":1429,\"caption\":\"d\u00e9couvrez comment brigitte et emmanuel macron unissent leurs go\u00fbts avec un chef \u00e9toil\u00e9 \u00e0 l\u2019\u00e9lys\u00e9e pour cr\u00e9er une recette gourmande et raffin\u00e9e, symbole d'\u00e9l\u00e9gance et de plaisir culinaire.\"},{\"@type\":\"BreadcrumbList\",\"@id\":\"https:\\\/\\\/www.sebastien-auziere.fr\\\/blog\\\/it\\\/brigitte-ed-emmanuel-macron-lelysee-collabora-con-uno-chef-stellato-per-una-creazione-culinaria-gourmet\\\/#breadcrumb\",\"itemListElement\":[{\"@type\":\"ListItem\",\"position\":1,\"name\":\"Home\",\"item\":\"https:\\\/\\\/www.sebastien-auziere.fr\\\/blog\\\/\"},{\"@type\":\"ListItem\",\"position\":2,\"name\":\"Brigitte ed Emmanuel Macron: l&rsquo;\u00c9lys\u00e9e collabora con uno chef stellato per una creazione culinaria gourmet\"}]},{\"@type\":\"WebSite\",\"@id\":\"https:\\\/\\\/www.sebastien-auziere.fr\\\/blog\\\/#website\",\"url\":\"https:\\\/\\\/www.sebastien-auziere.fr\\\/blog\\\/\",\"name\":\"Fan site S\u00e9bastien Auzi\u00e8re\",\"description\":\"M\u00e9dia g\u00e9n\u00e9raliste\",\"publisher\":{\"@id\":\"https:\\\/\\\/www.sebastien-auziere.fr\\\/blog\\\/#organization\"},\"potentialAction\":[{\"@type\":\"SearchAction\",\"target\":{\"@type\":\"EntryPoint\",\"urlTemplate\":\"https:\\\/\\\/www.sebastien-auziere.fr\\\/blog\\\/?s={search_term_string}\"},\"query-input\":{\"@type\":\"PropertyValueSpecification\",\"valueRequired\":true,\"valueName\":\"search_term_string\"}}],\"inLanguage\":\"fr-FR\"},{\"@type\":\"Organization\",\"@id\":\"https:\\\/\\\/www.sebastien-auziere.fr\\\/blog\\\/#organization\",\"name\":\"Fan site S\u00e9bastien Auzi\u00e8re\",\"url\":\"https:\\\/\\\/www.sebastien-auziere.fr\\\/blog\\\/\",\"logo\":{\"@type\":\"ImageObject\",\"inLanguage\":\"fr-FR\",\"@id\":\"https:\\\/\\\/www.sebastien-auziere.fr\\\/blog\\\/#\\\/schema\\\/logo\\\/image\\\/\",\"url\":\"https:\\\/\\\/www.sebastien-auziere.fr\\\/blog\\\/wp-content\\\/uploads\\\/2026\\\/03\\\/cropped-cropped-cropped-ChatGPT-Image-6-mars-2026-12_58_09-e1772798376794.jpg\",\"contentUrl\":\"https:\\\/\\\/www.sebastien-auziere.fr\\\/blog\\\/wp-content\\\/uploads\\\/2026\\\/03\\\/cropped-cropped-cropped-ChatGPT-Image-6-mars-2026-12_58_09-e1772798376794.jpg\",\"width\":512,\"height\":360,\"caption\":\"Fan site S\u00e9bastien Auzi\u00e8re\"},\"image\":{\"@id\":\"https:\\\/\\\/www.sebastien-auziere.fr\\\/blog\\\/#\\\/schema\\\/logo\\\/image\\\/\"}},{\"@type\":\"Person\",\"@id\":\"https:\\\/\\\/www.sebastien-auziere.fr\\\/blog\\\/#\\\/schema\\\/person\\\/149f1acdbfd85149c6c3e59adeae2f4d\",\"name\":\"Chloe Gauthier\",\"image\":{\"@type\":\"ImageObject\",\"inLanguage\":\"fr-FR\",\"@id\":\"https:\\\/\\\/secure.gravatar.com\\\/avatar\\\/2c5722f58171cff738a8985ef0dd66b476e563753246a49019befc837ec4201a?s=96&d=mm&r=g\",\"url\":\"https:\\\/\\\/secure.gravatar.com\\\/avatar\\\/2c5722f58171cff738a8985ef0dd66b476e563753246a49019befc837ec4201a?s=96&d=mm&r=g\",\"contentUrl\":\"https:\\\/\\\/secure.gravatar.com\\\/avatar\\\/2c5722f58171cff738a8985ef0dd66b476e563753246a49019befc837ec4201a?s=96&d=mm&r=g\",\"caption\":\"Chloe Gauthier\"},\"description\":\"Passionn\u00e9e par la politique et admiratrice engag\u00e9e de la famille Macron, je consacre mon \u00e9nergie \u00e0 suivre leurs initiatives et \u00e0 promouvoir leurs id\u00e9es. \u00c0 32 ans, je suis convaincue que leur vision est porteuse d'avenir.\",\"url\":\"https:\\\/\\\/www.sebastien-auziere.fr\\\/blog\\\/author\\\/chloe-gauthier\\\/\"}]}<\/script>\n<!-- \/ Yoast SEO plugin. -->","yoast_head_json":{"title":"Brigitte ed Emmanuel Macron: l'\u00c9lys\u00e9e collabora con uno chef stellato per una creazione culinaria gourmet - Fan site S\u00e9bastien Auzi\u00e8re","description":"D\u00e9couvrez la collaboration gourmande entre Brigitte et Emmanuel Macron \u00e0 l\u2019\u00c9lys\u00e9e avec un chef \u00e9toil\u00e9 pour une cr\u00e9ation culinaire unique.","robots":{"index":"index","follow":"follow","max-snippet":"max-snippet:-1","max-image-preview":"max-image-preview:large","max-video-preview":"max-video-preview:-1"},"canonical":"https:\/\/www.sebastien-auziere.fr\/blog\/it\/brigitte-ed-emmanuel-macron-lelysee-collabora-con-uno-chef-stellato-per-una-creazione-culinaria-gourmet\/","og_locale":"fr_FR","og_type":"article","og_title":"Brigitte ed Emmanuel Macron: l'\u00c9lys\u00e9e collabora con uno chef stellato per una creazione culinaria gourmet - Fan site S\u00e9bastien Auzi\u00e8re","og_description":"D\u00e9couvrez la collaboration gourmande entre Brigitte et Emmanuel Macron \u00e0 l\u2019\u00c9lys\u00e9e avec un chef \u00e9toil\u00e9 pour une cr\u00e9ation culinaire unique.","og_url":"https:\/\/www.sebastien-auziere.fr\/blog\/it\/brigitte-ed-emmanuel-macron-lelysee-collabora-con-uno-chef-stellato-per-una-creazione-culinaria-gourmet\/","og_site_name":"Fan site S\u00e9bastien Auzi\u00e8re","article_published_time":"2026-05-01T19:12:33+00:00","article_modified_time":"2026-05-01T19:13:07+00:00","og_image":[{"width":2560,"height":1429,"url":"https:\/\/www.sebastien-auziere.fr\/blog\/wp-content\/uploads\/2026\/05\/Brigitte-et-Emmanuel-Macron-lElysee-collabore-avec-un-chef-etoile-pour-une-creation-culinaire-gourmande.jpg","type":"image\/jpeg"}],"author":"Chloe Gauthier","twitter_card":"summary_large_image","twitter_misc":{"\u00c9crit par":"Chloe Gauthier","Dur\u00e9e de lecture estim\u00e9e":"2 minutes"},"schema":{"@context":"https:\/\/schema.org","@graph":[{"@type":"Article","@id":"https:\/\/www.sebastien-auziere.fr\/blog\/it\/brigitte-ed-emmanuel-macron-lelysee-collabora-con-uno-chef-stellato-per-una-creazione-culinaria-gourmet\/#article","isPartOf":{"@id":"https:\/\/www.sebastien-auziere.fr\/blog\/it\/brigitte-ed-emmanuel-macron-lelysee-collabora-con-uno-chef-stellato-per-una-creazione-culinaria-gourmet\/"},"author":{"name":"Chloe Gauthier","@id":"https:\/\/www.sebastien-auziere.fr\/blog\/#\/schema\/person\/149f1acdbfd85149c6c3e59adeae2f4d"},"headline":"Brigitte ed Emmanuel Macron: l&rsquo;\u00c9lys\u00e9e collabora con uno chef stellato per una creazione culinaria gourmet","datePublished":"2026-05-01T19:12:33+00:00","dateModified":"2026-05-01T19:13:07+00:00","mainEntityOfPage":{"@id":"https:\/\/www.sebastien-auziere.fr\/blog\/it\/brigitte-ed-emmanuel-macron-lelysee-collabora-con-uno-chef-stellato-per-una-creazione-culinaria-gourmet\/"},"wordCount":451,"commentCount":0,"publisher":{"@id":"https:\/\/www.sebastien-auziere.fr\/blog\/#organization"},"image":{"@id":"https:\/\/www.sebastien-auziere.fr\/blog\/it\/brigitte-ed-emmanuel-macron-lelysee-collabora-con-uno-chef-stellato-per-una-creazione-culinaria-gourmet\/#primaryimage"},"thumbnailUrl":"https:\/\/www.sebastien-auziere.fr\/blog\/wp-content\/uploads\/2026\/05\/Brigitte-et-Emmanuel-Macron-lElysee-collabore-avec-un-chef-etoile-pour-une-creation-culinaire-gourmande.jpg","keywords":["brigitte macron","chef stellato","creazione culinaria","\u00e9lys\u00e9e","emmanuel macron"],"articleSection":["Actualit\u00e0"],"inLanguage":"fr-FR","potentialAction":[{"@type":"CommentAction","name":"Comment","target":["https:\/\/www.sebastien-auziere.fr\/blog\/it\/brigitte-ed-emmanuel-macron-lelysee-collabora-con-uno-chef-stellato-per-una-creazione-culinaria-gourmet\/#respond"]}]},{"@type":"WebPage","@id":"https:\/\/www.sebastien-auziere.fr\/blog\/it\/brigitte-ed-emmanuel-macron-lelysee-collabora-con-uno-chef-stellato-per-una-creazione-culinaria-gourmet\/","url":"https:\/\/www.sebastien-auziere.fr\/blog\/it\/brigitte-ed-emmanuel-macron-lelysee-collabora-con-uno-chef-stellato-per-una-creazione-culinaria-gourmet\/","name":"Brigitte ed Emmanuel Macron: l'\u00c9lys\u00e9e collabora con uno chef stellato per una creazione culinaria gourmet - Fan site S\u00e9bastien Auzi\u00e8re","isPartOf":{"@id":"https:\/\/www.sebastien-auziere.fr\/blog\/#website"},"primaryImageOfPage":{"@id":"https:\/\/www.sebastien-auziere.fr\/blog\/it\/brigitte-ed-emmanuel-macron-lelysee-collabora-con-uno-chef-stellato-per-una-creazione-culinaria-gourmet\/#primaryimage"},"image":{"@id":"https:\/\/www.sebastien-auziere.fr\/blog\/it\/brigitte-ed-emmanuel-macron-lelysee-collabora-con-uno-chef-stellato-per-una-creazione-culinaria-gourmet\/#primaryimage"},"thumbnailUrl":"https:\/\/www.sebastien-auziere.fr\/blog\/wp-content\/uploads\/2026\/05\/Brigitte-et-Emmanuel-Macron-lElysee-collabore-avec-un-chef-etoile-pour-une-creation-culinaire-gourmande.jpg","datePublished":"2026-05-01T19:12:33+00:00","dateModified":"2026-05-01T19:13:07+00:00","description":"D\u00e9couvrez la collaboration gourmande entre Brigitte et Emmanuel Macron \u00e0 l\u2019\u00c9lys\u00e9e avec un chef \u00e9toil\u00e9 pour une cr\u00e9ation culinaire unique.","breadcrumb":{"@id":"https:\/\/www.sebastien-auziere.fr\/blog\/it\/brigitte-ed-emmanuel-macron-lelysee-collabora-con-uno-chef-stellato-per-una-creazione-culinaria-gourmet\/#breadcrumb"},"inLanguage":"fr-FR","potentialAction":[{"@type":"ReadAction","target":["https:\/\/www.sebastien-auziere.fr\/blog\/it\/brigitte-ed-emmanuel-macron-lelysee-collabora-con-uno-chef-stellato-per-una-creazione-culinaria-gourmet\/"]}]},{"@type":"ImageObject","inLanguage":"fr-FR","@id":"https:\/\/www.sebastien-auziere.fr\/blog\/it\/brigitte-ed-emmanuel-macron-lelysee-collabora-con-uno-chef-stellato-per-una-creazione-culinaria-gourmet\/#primaryimage","url":"https:\/\/www.sebastien-auziere.fr\/blog\/wp-content\/uploads\/2026\/05\/Brigitte-et-Emmanuel-Macron-lElysee-collabore-avec-un-chef-etoile-pour-une-creation-culinaire-gourmande.jpg","contentUrl":"https:\/\/www.sebastien-auziere.fr\/blog\/wp-content\/uploads\/2026\/05\/Brigitte-et-Emmanuel-Macron-lElysee-collabore-avec-un-chef-etoile-pour-une-creation-culinaire-gourmande.jpg","width":2560,"height":1429,"caption":"d\u00e9couvrez comment brigitte et emmanuel macron unissent leurs go\u00fbts avec un chef \u00e9toil\u00e9 \u00e0 l\u2019\u00e9lys\u00e9e pour cr\u00e9er une recette gourmande et raffin\u00e9e, symbole d'\u00e9l\u00e9gance et de plaisir culinaire."},{"@type":"BreadcrumbList","@id":"https:\/\/www.sebastien-auziere.fr\/blog\/it\/brigitte-ed-emmanuel-macron-lelysee-collabora-con-uno-chef-stellato-per-una-creazione-culinaria-gourmet\/#breadcrumb","itemListElement":[{"@type":"ListItem","position":1,"name":"Home","item":"https:\/\/www.sebastien-auziere.fr\/blog\/"},{"@type":"ListItem","position":2,"name":"Brigitte ed Emmanuel Macron: l&rsquo;\u00c9lys\u00e9e collabora con uno chef stellato per una creazione culinaria gourmet"}]},{"@type":"WebSite","@id":"https:\/\/www.sebastien-auziere.fr\/blog\/#website","url":"https:\/\/www.sebastien-auziere.fr\/blog\/","name":"Fan site S\u00e9bastien Auzi\u00e8re","description":"M\u00e9dia g\u00e9n\u00e9raliste","publisher":{"@id":"https:\/\/www.sebastien-auziere.fr\/blog\/#organization"},"potentialAction":[{"@type":"SearchAction","target":{"@type":"EntryPoint","urlTemplate":"https:\/\/www.sebastien-auziere.fr\/blog\/?s={search_term_string}"},"query-input":{"@type":"PropertyValueSpecification","valueRequired":true,"valueName":"search_term_string"}}],"inLanguage":"fr-FR"},{"@type":"Organization","@id":"https:\/\/www.sebastien-auziere.fr\/blog\/#organization","name":"Fan site S\u00e9bastien Auzi\u00e8re","url":"https:\/\/www.sebastien-auziere.fr\/blog\/","logo":{"@type":"ImageObject","inLanguage":"fr-FR","@id":"https:\/\/www.sebastien-auziere.fr\/blog\/#\/schema\/logo\/image\/","url":"https:\/\/www.sebastien-auziere.fr\/blog\/wp-content\/uploads\/2026\/03\/cropped-cropped-cropped-ChatGPT-Image-6-mars-2026-12_58_09-e1772798376794.jpg","contentUrl":"https:\/\/www.sebastien-auziere.fr\/blog\/wp-content\/uploads\/2026\/03\/cropped-cropped-cropped-ChatGPT-Image-6-mars-2026-12_58_09-e1772798376794.jpg","width":512,"height":360,"caption":"Fan site S\u00e9bastien Auzi\u00e8re"},"image":{"@id":"https:\/\/www.sebastien-auziere.fr\/blog\/#\/schema\/logo\/image\/"}},{"@type":"Person","@id":"https:\/\/www.sebastien-auziere.fr\/blog\/#\/schema\/person\/149f1acdbfd85149c6c3e59adeae2f4d","name":"Chloe Gauthier","image":{"@type":"ImageObject","inLanguage":"fr-FR","@id":"https:\/\/secure.gravatar.com\/avatar\/2c5722f58171cff738a8985ef0dd66b476e563753246a49019befc837ec4201a?s=96&d=mm&r=g","url":"https:\/\/secure.gravatar.com\/avatar\/2c5722f58171cff738a8985ef0dd66b476e563753246a49019befc837ec4201a?s=96&d=mm&r=g","contentUrl":"https:\/\/secure.gravatar.com\/avatar\/2c5722f58171cff738a8985ef0dd66b476e563753246a49019befc837ec4201a?s=96&d=mm&r=g","caption":"Chloe Gauthier"},"description":"Passionn\u00e9e par la politique et admiratrice engag\u00e9e de la famille Macron, je consacre mon \u00e9nergie \u00e0 suivre leurs initiatives et \u00e0 promouvoir leurs id\u00e9es. \u00c0 32 ans, je suis convaincue que leur vision est porteuse d'avenir.","url":"https:\/\/www.sebastien-auziere.fr\/blog\/author\/chloe-gauthier\/"}]}},"views":0,"_links":{"self":[{"href":"https:\/\/www.sebastien-auziere.fr\/blog\/wp-json\/wp\/v2\/posts\/3502","targetHints":{"allow":["GET"]}}],"collection":[{"href":"https:\/\/www.sebastien-auziere.fr\/blog\/wp-json\/wp\/v2\/posts"}],"about":[{"href":"https:\/\/www.sebastien-auziere.fr\/blog\/wp-json\/wp\/v2\/types\/post"}],"author":[{"embeddable":true,"href":"https:\/\/www.sebastien-auziere.fr\/blog\/wp-json\/wp\/v2\/users\/9"}],"replies":[{"embeddable":true,"href":"https:\/\/www.sebastien-auziere.fr\/blog\/wp-json\/wp\/v2\/comments?post=3502"}],"version-history":[{"count":1,"href":"https:\/\/www.sebastien-auziere.fr\/blog\/wp-json\/wp\/v2\/posts\/3502\/revisions"}],"predecessor-version":[{"id":3503,"href":"https:\/\/www.sebastien-auziere.fr\/blog\/wp-json\/wp\/v2\/posts\/3502\/revisions\/3503"}],"wp:featuredmedia":[{"embeddable":true,"href":"https:\/\/www.sebastien-auziere.fr\/blog\/wp-json\/wp\/v2\/media\/3494"}],"wp:attachment":[{"href":"https:\/\/www.sebastien-auziere.fr\/blog\/wp-json\/wp\/v2\/media?parent=3502"}],"wp:term":[{"taxonomy":"category","embeddable":true,"href":"https:\/\/www.sebastien-auziere.fr\/blog\/wp-json\/wp\/v2\/categories?post=3502"},{"taxonomy":"post_tag","embeddable":true,"href":"https:\/\/www.sebastien-auziere.fr\/blog\/wp-json\/wp\/v2\/tags?post=3502"}],"curies":[{"name":"wp","href":"https:\/\/api.w.org\/{rel}","templated":true}]}}