{"id":3500,"date":"2026-05-01T19:11:39","date_gmt":"2026-05-01T19:11:39","guid":{"rendered":"https:\/\/www.sebastien-auziere.fr\/blog\/?p=3500"},"modified":"2026-05-01T19:12:25","modified_gmt":"2026-05-01T19:12:25","slug":"brigitte-und-emmanuel-macron-der-elysee-arbeitet-mit-einem-sternekoch-fur-eine-genussvolle-kulinarische-kreation-zusammen","status":"publish","type":"post","link":"https:\/\/www.sebastien-auziere.fr\/blog\/de\/brigitte-und-emmanuel-macron-der-elysee-arbeitet-mit-einem-sternekoch-fur-eine-genussvolle-kulinarische-kreation-zusammen\/","title":{"rendered":"Brigitte und Emmanuel Macron: Der \u00c9lys\u00e9e arbeitet mit einem Sternekoch f\u00fcr eine genussvolle kulinarische Kreation zusammen"},"content":{"rendered":"<p><strong>Brigitte Macron<\/strong> und <strong>Emmanuel Macron<\/strong> arbeiten offiziell mit einem <strong>Sternkoch<\/strong> zusammen f\u00fcr eine <strong>kulinarische Kreation<\/strong>, die von Maison \u00c9lys\u00e9e signiert ist: tricolore Macarons, die von <strong>Pierre Herm\u00e9<\/strong> entworfen wurden und ab dem <strong>7. Mai<\/strong> erh\u00e4ltlich sind. Du wirst eine Initiative entdecken, die <strong>Gastronomie<\/strong>, Erbe und hohe Medienpr\u00e4senz miteinander verbindet.<\/p>\n\n<p><strong>Kurz gesagt:<\/strong> eine limitierte Auflage von Macarons in den Farben Frankreichs, bestehend aus einer Zitronencreme aus Korsika, einer Vanille-Ganache aus Neukaledonien und Orangenbl\u00fcte aus Grasse. Angek\u00fcndigter Preis: <strong>3,40 \u20ac das St\u00fcck<\/strong> oder Schachtel mit acht zwischen <strong>29 \u20ac und 33 \u20ac<\/strong>. Die Gewinne tragen zur Wertsch\u00e4tzung des Erbes des <strong>\u00c9lys\u00e9e<\/strong> bei.<\/p>\n\n<h2 class=\"wp-block-heading\">Eine neuartige Zusammenarbeit zwischen dem \u00c9lys\u00e9e und einem Sternekoch<\/h2>\n\n<p>Die <strong>Zusammenarbeit<\/strong> wurde per Pressemitteilung offiziell bekannt gegeben: <strong>Pierre Herm\u00e9<\/strong> hat ein \u201eeinzigartiges\u201c Rezept aus franz\u00f6sischen Zutaten f\u00fcr die <strong>Maison \u00c9lys\u00e9e<\/strong> kreiert. Diese Aktion erinnert an die Wertsch\u00e4tzung f\u00fcr die <strong>franz\u00f6sische K\u00fcche<\/strong> auf h\u00f6chster staatlicher Ebene und weckt das Interesse der nationalen Medien.<\/p>\n\n<p>Um das Ereignis im kulinarischen Verlauf der Pr\u00e4sidentschaft einzuordnen, siehe den Bericht des Chefs des \u00c9lys\u00e9e \u00fcber einen improvisierten Abend, der die Kulissen des Palais gepr\u00e4gt hat: <a href=\"https:\/\/www.msn.com\/fr-fr\/alimentation-et-boissons\/g%C3%A9n%C3%A9ral\/j-ai-d%C3%BB-improviser-quand-le-chef-de-l-%C3%A9lys%C3%A9e-a-cuisin%C3%A9-pour-emmanuel-et-brigitte-macron-dans-leur-salle-de-bains\/ar-AA20CsMC\">Bericht des Chefs des \u00c9lys\u00e9e<\/a>. Diese Allianz ist entschieden auf die <strong>feine K\u00fcche<\/strong> ausgerichtet.<\/p>\n\n<h2 class=\"wp-block-heading\">Die tricoloren Macarons: Rezept, Preis und Verf\u00fcgbarkeit<\/h2>\n\n<p>Die Schachtel vereint Macarons, die <strong>Korsikazitrone<\/strong>, <strong>Neukaledonienvanille<\/strong> und <strong>Orangenbl\u00fcte aus Grasse<\/strong> kombinieren, Komponenten, die in der Pressemitteilung klar benannt sind. Ab dem <strong>7. Mai<\/strong> im <strong>Caf\u00e9 der Maison \u00c9lys\u00e9e<\/strong> und auf der Website des Konditors in limitierter Auflage erh\u00e4ltlich.<\/p>\n\n<p>Die Preisgestaltung von <strong>3,40 \u20ac das St\u00fcck<\/strong> oder Schachtel mit acht von <strong>29 \u20ac bis 33 \u20ac<\/strong> kombiniert Zug\u00e4nglichkeit und Prestige und verst\u00e4rkt die Idee eines sowohl <strong>leckeren<\/strong> als auch solidarischen Produkts.<\/p>\n\n<h2 class=\"wp-block-heading\">Erbe, Maison Trogneux und symbolische Bedeutung<\/h2>\n\n<p>Der Hinweis auf die Konditortradition ist nicht zuf\u00e4llig: Wenn <strong>Brigitte Macron<\/strong> die Familienchocolaterie Maison Trogneux nicht \u00fcbernommen hat, weckt diese Kreation dennoch die Verbindung zum franz\u00f6sischen kulinarischen Erbe. Die Pressemitteilung betont den Beitrag zur Aufwertung des Palais, das vor mehr als <strong>300 Jahren<\/strong> erbaut wurde.<\/p>\n\n<p>Der Ansatz kombiniert die Feier des Terroirs mit kultureller Finanzierung, eine Perspektive, die Gourmets <strong>Gastronomie<\/strong> ansprechen sollte und gleichzeitig die institutionelle Dimension der Aktion hervorhebt.<\/p>\n\n<h2 class=\"wp-block-heading\">Genuss, feine K\u00fcche und mediale Resonanz<\/h2>\n\n<p>Diese Initiative kommt nach anderen pr\u00e4sidentiellen Kreationen, wie dem Schokoladen-Saint-Honor\u00e9, das f\u00fcr den Valentinstag von Fabrice Desvignes und Lun Yi Hsing angeboten wurde und bereits das Interesse der Maison \u00c9lys\u00e9e an <strong>Zusammenarbeiten<\/strong> mit gro\u00dfen K\u00f6chen gezeigt hat.<\/p>\n\n<p>Erwarte eine gro\u00dfe Medienberichterstattung und R\u00fcckwirkungen auf die <strong>franz\u00f6sische K\u00fcche<\/strong> von Prestige; die Hervorhebung franz\u00f6sischer Zutaten ist eine starke Botschaft f\u00fcr die Branche.<\/p>\n\n<p>Um mehr \u00fcber die Kulissen, die famili\u00e4ren Beziehungen und die Bekannten zu erfahren, die um die Pr\u00e4sidentschaft kreisen, entdecke mehr auf <a href=\"https:\/\/www.sebastien-auziere.fr\/blog\/macron-rencontre-k-pop\/\">der speziellen Website<\/a>, wo es m\u00f6glich ist, die Verbindung zwischen <strong>S\u00e9bastien Auzi\u00e8re<\/strong> und der Familie Macron sowie andere \u00fcberpr\u00fcfte Anekdoten zu erkunden.<\/p>","protected":false},"excerpt":{"rendered":"<p>Brigitte Macron und Emmanuel Macron arbeiten offiziell mit einem Sternkoch zusammen f\u00fcr eine kulinarische Kreation, die von Maison \u00c9lys\u00e9e signiert ist: tricolore Macarons, die von Pierre Herm\u00e9 entworfen wurden und ab dem 7. Mai erh\u00e4ltlich sind. Du wirst eine Initiative entdecken, die Gastronomie, Erbe und hohe Medienpr\u00e4senz miteinander verbindet. Kurz gesagt: eine limitierte Auflage von &#8230; <a title=\"Brigitte und Emmanuel Macron: Der \u00c9lys\u00e9e arbeitet mit einem Sternekoch f\u00fcr eine genussvolle kulinarische Kreation zusammen\" class=\"read-more\" href=\"https:\/\/www.sebastien-auziere.fr\/blog\/de\/brigitte-und-emmanuel-macron-der-elysee-arbeitet-mit-einem-sternekoch-fur-eine-genussvolle-kulinarische-kreation-zusammen\/\" aria-label=\"En savoir plus sur Brigitte und Emmanuel Macron: Der \u00c9lys\u00e9e arbeitet mit einem Sternekoch f\u00fcr eine genussvolle kulinarische Kreation zusammen\">Lire plus<\/a><\/p>\n","protected":false},"author":9,"featured_media":3494,"comment_status":"open","ping_status":"open","sticky":false,"template":"","format":"standard","meta":{"footnotes":""},"categories":[856],"tags":[929,3360,1178,5071,5074],"class_list":["post-3500","post","type-post","status-publish","format-standard","has-post-thumbnail","hentry","category-aktuelles-de","tag-brigitte-macron-de","tag-elysee-de","tag-emmanuel-macron-de","tag-koch-mit-stern-de","tag-kulinarische-kreation-de"],"yoast_head":"<!-- This site is optimized with the Yoast SEO plugin v27.5 - https:\/\/yoast.com\/product\/yoast-seo-wordpress\/ -->\n<title>Brigitte und Emmanuel Macron: Der \u00c9lys\u00e9e arbeitet mit einem Sternekoch f\u00fcr eine genussvolle kulinarische Kreation zusammen - Fan site S\u00e9bastien Auzi\u00e8re<\/title>\n<meta name=\"description\" content=\"D\u00e9couvrez la collaboration gourmande entre Brigitte et Emmanuel Macron \u00e0 l\u2019\u00c9lys\u00e9e avec un chef \u00e9toil\u00e9 pour une cr\u00e9ation culinaire unique.\" \/>\n<meta name=\"robots\" content=\"index, follow, max-snippet:-1, max-image-preview:large, max-video-preview:-1\" \/>\n<link rel=\"canonical\" href=\"https:\/\/www.sebastien-auziere.fr\/blog\/de\/brigitte-und-emmanuel-macron-der-elysee-arbeitet-mit-einem-sternekoch-fur-eine-genussvolle-kulinarische-kreation-zusammen\/\" \/>\n<meta property=\"og:locale\" content=\"fr_FR\" \/>\n<meta property=\"og:type\" content=\"article\" \/>\n<meta property=\"og:title\" content=\"Brigitte und Emmanuel Macron: Der \u00c9lys\u00e9e arbeitet mit einem Sternekoch f\u00fcr eine genussvolle kulinarische Kreation zusammen - Fan site S\u00e9bastien Auzi\u00e8re\" \/>\n<meta property=\"og:description\" content=\"D\u00e9couvrez la collaboration gourmande entre Brigitte et Emmanuel Macron \u00e0 l\u2019\u00c9lys\u00e9e avec un chef \u00e9toil\u00e9 pour une cr\u00e9ation culinaire unique.\" \/>\n<meta property=\"og:url\" content=\"https:\/\/www.sebastien-auziere.fr\/blog\/de\/brigitte-und-emmanuel-macron-der-elysee-arbeitet-mit-einem-sternekoch-fur-eine-genussvolle-kulinarische-kreation-zusammen\/\" \/>\n<meta property=\"og:site_name\" content=\"Fan site S\u00e9bastien Auzi\u00e8re\" \/>\n<meta property=\"article:published_time\" content=\"2026-05-01T19:11:39+00:00\" \/>\n<meta property=\"article:modified_time\" content=\"2026-05-01T19:12:25+00:00\" \/>\n<meta property=\"og:image\" content=\"https:\/\/www.sebastien-auziere.fr\/blog\/wp-content\/uploads\/2026\/05\/Brigitte-et-Emmanuel-Macron-lElysee-collabore-avec-un-chef-etoile-pour-une-creation-culinaire-gourmande.jpg\" \/>\n\t<meta property=\"og:image:width\" content=\"2560\" \/>\n\t<meta property=\"og:image:height\" content=\"1429\" \/>\n\t<meta property=\"og:image:type\" content=\"image\/jpeg\" \/>\n<meta name=\"author\" content=\"Chloe Gauthier\" \/>\n<meta name=\"twitter:card\" content=\"summary_large_image\" \/>\n<meta name=\"twitter:label1\" content=\"\u00c9crit par\" \/>\n\t<meta name=\"twitter:data1\" content=\"Chloe Gauthier\" \/>\n\t<meta name=\"twitter:label2\" content=\"Dur\u00e9e de lecture estim\u00e9e\" \/>\n\t<meta name=\"twitter:data2\" content=\"2 minutes\" \/>\n<script type=\"application\/ld+json\" class=\"yoast-schema-graph\">{\"@context\":\"https:\\\/\\\/schema.org\",\"@graph\":[{\"@type\":\"Article\",\"@id\":\"https:\\\/\\\/www.sebastien-auziere.fr\\\/blog\\\/de\\\/brigitte-und-emmanuel-macron-der-elysee-arbeitet-mit-einem-sternekoch-fur-eine-genussvolle-kulinarische-kreation-zusammen\\\/#article\",\"isPartOf\":{\"@id\":\"https:\\\/\\\/www.sebastien-auziere.fr\\\/blog\\\/de\\\/brigitte-und-emmanuel-macron-der-elysee-arbeitet-mit-einem-sternekoch-fur-eine-genussvolle-kulinarische-kreation-zusammen\\\/\"},\"author\":{\"name\":\"Chloe Gauthier\",\"@id\":\"https:\\\/\\\/www.sebastien-auziere.fr\\\/blog\\\/#\\\/schema\\\/person\\\/149f1acdbfd85149c6c3e59adeae2f4d\"},\"headline\":\"Brigitte und Emmanuel Macron: Der \u00c9lys\u00e9e arbeitet mit einem Sternekoch f\u00fcr eine genussvolle kulinarische Kreation zusammen\",\"datePublished\":\"2026-05-01T19:11:39+00:00\",\"dateModified\":\"2026-05-01T19:12:25+00:00\",\"mainEntityOfPage\":{\"@id\":\"https:\\\/\\\/www.sebastien-auziere.fr\\\/blog\\\/de\\\/brigitte-und-emmanuel-macron-der-elysee-arbeitet-mit-einem-sternekoch-fur-eine-genussvolle-kulinarische-kreation-zusammen\\\/\"},\"wordCount\":509,\"commentCount\":0,\"publisher\":{\"@id\":\"https:\\\/\\\/www.sebastien-auziere.fr\\\/blog\\\/#organization\"},\"image\":{\"@id\":\"https:\\\/\\\/www.sebastien-auziere.fr\\\/blog\\\/de\\\/brigitte-und-emmanuel-macron-der-elysee-arbeitet-mit-einem-sternekoch-fur-eine-genussvolle-kulinarische-kreation-zusammen\\\/#primaryimage\"},\"thumbnailUrl\":\"https:\\\/\\\/www.sebastien-auziere.fr\\\/blog\\\/wp-content\\\/uploads\\\/2026\\\/05\\\/Brigitte-et-Emmanuel-Macron-lElysee-collabore-avec-un-chef-etoile-pour-une-creation-culinaire-gourmande.jpg\",\"keywords\":[\"brigitte macron\",\"\u00e9lys\u00e9e\",\"emmanuel macron\",\"koch mit stern\",\"kulinarische Kreation\"],\"articleSection\":[\"Aktuelles\"],\"inLanguage\":\"fr-FR\",\"potentialAction\":[{\"@type\":\"CommentAction\",\"name\":\"Comment\",\"target\":[\"https:\\\/\\\/www.sebastien-auziere.fr\\\/blog\\\/de\\\/brigitte-und-emmanuel-macron-der-elysee-arbeitet-mit-einem-sternekoch-fur-eine-genussvolle-kulinarische-kreation-zusammen\\\/#respond\"]}]},{\"@type\":\"WebPage\",\"@id\":\"https:\\\/\\\/www.sebastien-auziere.fr\\\/blog\\\/de\\\/brigitte-und-emmanuel-macron-der-elysee-arbeitet-mit-einem-sternekoch-fur-eine-genussvolle-kulinarische-kreation-zusammen\\\/\",\"url\":\"https:\\\/\\\/www.sebastien-auziere.fr\\\/blog\\\/de\\\/brigitte-und-emmanuel-macron-der-elysee-arbeitet-mit-einem-sternekoch-fur-eine-genussvolle-kulinarische-kreation-zusammen\\\/\",\"name\":\"Brigitte und Emmanuel Macron: Der \u00c9lys\u00e9e arbeitet mit einem Sternekoch f\u00fcr eine genussvolle kulinarische Kreation zusammen - Fan site S\u00e9bastien Auzi\u00e8re\",\"isPartOf\":{\"@id\":\"https:\\\/\\\/www.sebastien-auziere.fr\\\/blog\\\/#website\"},\"primaryImageOfPage\":{\"@id\":\"https:\\\/\\\/www.sebastien-auziere.fr\\\/blog\\\/de\\\/brigitte-und-emmanuel-macron-der-elysee-arbeitet-mit-einem-sternekoch-fur-eine-genussvolle-kulinarische-kreation-zusammen\\\/#primaryimage\"},\"image\":{\"@id\":\"https:\\\/\\\/www.sebastien-auziere.fr\\\/blog\\\/de\\\/brigitte-und-emmanuel-macron-der-elysee-arbeitet-mit-einem-sternekoch-fur-eine-genussvolle-kulinarische-kreation-zusammen\\\/#primaryimage\"},\"thumbnailUrl\":\"https:\\\/\\\/www.sebastien-auziere.fr\\\/blog\\\/wp-content\\\/uploads\\\/2026\\\/05\\\/Brigitte-et-Emmanuel-Macron-lElysee-collabore-avec-un-chef-etoile-pour-une-creation-culinaire-gourmande.jpg\",\"datePublished\":\"2026-05-01T19:11:39+00:00\",\"dateModified\":\"2026-05-01T19:12:25+00:00\",\"description\":\"D\u00e9couvrez la collaboration gourmande entre Brigitte et Emmanuel Macron \u00e0 l\u2019\u00c9lys\u00e9e avec un chef \u00e9toil\u00e9 pour une cr\u00e9ation culinaire unique.\",\"breadcrumb\":{\"@id\":\"https:\\\/\\\/www.sebastien-auziere.fr\\\/blog\\\/de\\\/brigitte-und-emmanuel-macron-der-elysee-arbeitet-mit-einem-sternekoch-fur-eine-genussvolle-kulinarische-kreation-zusammen\\\/#breadcrumb\"},\"inLanguage\":\"fr-FR\",\"potentialAction\":[{\"@type\":\"ReadAction\",\"target\":[\"https:\\\/\\\/www.sebastien-auziere.fr\\\/blog\\\/de\\\/brigitte-und-emmanuel-macron-der-elysee-arbeitet-mit-einem-sternekoch-fur-eine-genussvolle-kulinarische-kreation-zusammen\\\/\"]}]},{\"@type\":\"ImageObject\",\"inLanguage\":\"fr-FR\",\"@id\":\"https:\\\/\\\/www.sebastien-auziere.fr\\\/blog\\\/de\\\/brigitte-und-emmanuel-macron-der-elysee-arbeitet-mit-einem-sternekoch-fur-eine-genussvolle-kulinarische-kreation-zusammen\\\/#primaryimage\",\"url\":\"https:\\\/\\\/www.sebastien-auziere.fr\\\/blog\\\/wp-content\\\/uploads\\\/2026\\\/05\\\/Brigitte-et-Emmanuel-Macron-lElysee-collabore-avec-un-chef-etoile-pour-une-creation-culinaire-gourmande.jpg\",\"contentUrl\":\"https:\\\/\\\/www.sebastien-auziere.fr\\\/blog\\\/wp-content\\\/uploads\\\/2026\\\/05\\\/Brigitte-et-Emmanuel-Macron-lElysee-collabore-avec-un-chef-etoile-pour-une-creation-culinaire-gourmande.jpg\",\"width\":2560,\"height\":1429,\"caption\":\"d\u00e9couvrez comment brigitte et emmanuel macron unissent leurs go\u00fbts avec un chef \u00e9toil\u00e9 \u00e0 l\u2019\u00e9lys\u00e9e pour cr\u00e9er une recette gourmande et raffin\u00e9e, symbole d'\u00e9l\u00e9gance et de plaisir culinaire.\"},{\"@type\":\"BreadcrumbList\",\"@id\":\"https:\\\/\\\/www.sebastien-auziere.fr\\\/blog\\\/de\\\/brigitte-und-emmanuel-macron-der-elysee-arbeitet-mit-einem-sternekoch-fur-eine-genussvolle-kulinarische-kreation-zusammen\\\/#breadcrumb\",\"itemListElement\":[{\"@type\":\"ListItem\",\"position\":1,\"name\":\"Home\",\"item\":\"https:\\\/\\\/www.sebastien-auziere.fr\\\/blog\\\/\"},{\"@type\":\"ListItem\",\"position\":2,\"name\":\"Brigitte und Emmanuel Macron: Der \u00c9lys\u00e9e arbeitet mit einem Sternekoch f\u00fcr eine genussvolle kulinarische Kreation zusammen\"}]},{\"@type\":\"WebSite\",\"@id\":\"https:\\\/\\\/www.sebastien-auziere.fr\\\/blog\\\/#website\",\"url\":\"https:\\\/\\\/www.sebastien-auziere.fr\\\/blog\\\/\",\"name\":\"Fan site S\u00e9bastien Auzi\u00e8re\",\"description\":\"M\u00e9dia g\u00e9n\u00e9raliste\",\"publisher\":{\"@id\":\"https:\\\/\\\/www.sebastien-auziere.fr\\\/blog\\\/#organization\"},\"potentialAction\":[{\"@type\":\"SearchAction\",\"target\":{\"@type\":\"EntryPoint\",\"urlTemplate\":\"https:\\\/\\\/www.sebastien-auziere.fr\\\/blog\\\/?s={search_term_string}\"},\"query-input\":{\"@type\":\"PropertyValueSpecification\",\"valueRequired\":true,\"valueName\":\"search_term_string\"}}],\"inLanguage\":\"fr-FR\"},{\"@type\":\"Organization\",\"@id\":\"https:\\\/\\\/www.sebastien-auziere.fr\\\/blog\\\/#organization\",\"name\":\"Fan site S\u00e9bastien Auzi\u00e8re\",\"url\":\"https:\\\/\\\/www.sebastien-auziere.fr\\\/blog\\\/\",\"logo\":{\"@type\":\"ImageObject\",\"inLanguage\":\"fr-FR\",\"@id\":\"https:\\\/\\\/www.sebastien-auziere.fr\\\/blog\\\/#\\\/schema\\\/logo\\\/image\\\/\",\"url\":\"https:\\\/\\\/www.sebastien-auziere.fr\\\/blog\\\/wp-content\\\/uploads\\\/2026\\\/03\\\/cropped-cropped-cropped-ChatGPT-Image-6-mars-2026-12_58_09-e1772798376794.jpg\",\"contentUrl\":\"https:\\\/\\\/www.sebastien-auziere.fr\\\/blog\\\/wp-content\\\/uploads\\\/2026\\\/03\\\/cropped-cropped-cropped-ChatGPT-Image-6-mars-2026-12_58_09-e1772798376794.jpg\",\"width\":512,\"height\":360,\"caption\":\"Fan site S\u00e9bastien Auzi\u00e8re\"},\"image\":{\"@id\":\"https:\\\/\\\/www.sebastien-auziere.fr\\\/blog\\\/#\\\/schema\\\/logo\\\/image\\\/\"}},{\"@type\":\"Person\",\"@id\":\"https:\\\/\\\/www.sebastien-auziere.fr\\\/blog\\\/#\\\/schema\\\/person\\\/149f1acdbfd85149c6c3e59adeae2f4d\",\"name\":\"Chloe Gauthier\",\"image\":{\"@type\":\"ImageObject\",\"inLanguage\":\"fr-FR\",\"@id\":\"https:\\\/\\\/secure.gravatar.com\\\/avatar\\\/2c5722f58171cff738a8985ef0dd66b476e563753246a49019befc837ec4201a?s=96&d=mm&r=g\",\"url\":\"https:\\\/\\\/secure.gravatar.com\\\/avatar\\\/2c5722f58171cff738a8985ef0dd66b476e563753246a49019befc837ec4201a?s=96&d=mm&r=g\",\"contentUrl\":\"https:\\\/\\\/secure.gravatar.com\\\/avatar\\\/2c5722f58171cff738a8985ef0dd66b476e563753246a49019befc837ec4201a?s=96&d=mm&r=g\",\"caption\":\"Chloe Gauthier\"},\"description\":\"Passionn\u00e9e par la politique et admiratrice engag\u00e9e de la famille Macron, je consacre mon \u00e9nergie \u00e0 suivre leurs initiatives et \u00e0 promouvoir leurs id\u00e9es. \u00c0 32 ans, je suis convaincue que leur vision est porteuse d'avenir.\",\"url\":\"https:\\\/\\\/www.sebastien-auziere.fr\\\/blog\\\/author\\\/chloe-gauthier\\\/\"}]}<\/script>\n<!-- \/ Yoast SEO plugin. -->","yoast_head_json":{"title":"Brigitte und Emmanuel Macron: Der \u00c9lys\u00e9e arbeitet mit einem Sternekoch f\u00fcr eine genussvolle kulinarische Kreation zusammen - Fan site S\u00e9bastien Auzi\u00e8re","description":"D\u00e9couvrez la collaboration gourmande entre Brigitte et Emmanuel Macron \u00e0 l\u2019\u00c9lys\u00e9e avec un chef \u00e9toil\u00e9 pour une cr\u00e9ation culinaire unique.","robots":{"index":"index","follow":"follow","max-snippet":"max-snippet:-1","max-image-preview":"max-image-preview:large","max-video-preview":"max-video-preview:-1"},"canonical":"https:\/\/www.sebastien-auziere.fr\/blog\/de\/brigitte-und-emmanuel-macron-der-elysee-arbeitet-mit-einem-sternekoch-fur-eine-genussvolle-kulinarische-kreation-zusammen\/","og_locale":"fr_FR","og_type":"article","og_title":"Brigitte und Emmanuel Macron: Der \u00c9lys\u00e9e arbeitet mit einem Sternekoch f\u00fcr eine genussvolle kulinarische Kreation zusammen - Fan site S\u00e9bastien Auzi\u00e8re","og_description":"D\u00e9couvrez la collaboration gourmande entre Brigitte et Emmanuel Macron \u00e0 l\u2019\u00c9lys\u00e9e avec un chef \u00e9toil\u00e9 pour une cr\u00e9ation culinaire unique.","og_url":"https:\/\/www.sebastien-auziere.fr\/blog\/de\/brigitte-und-emmanuel-macron-der-elysee-arbeitet-mit-einem-sternekoch-fur-eine-genussvolle-kulinarische-kreation-zusammen\/","og_site_name":"Fan site S\u00e9bastien Auzi\u00e8re","article_published_time":"2026-05-01T19:11:39+00:00","article_modified_time":"2026-05-01T19:12:25+00:00","og_image":[{"width":2560,"height":1429,"url":"https:\/\/www.sebastien-auziere.fr\/blog\/wp-content\/uploads\/2026\/05\/Brigitte-et-Emmanuel-Macron-lElysee-collabore-avec-un-chef-etoile-pour-une-creation-culinaire-gourmande.jpg","type":"image\/jpeg"}],"author":"Chloe Gauthier","twitter_card":"summary_large_image","twitter_misc":{"\u00c9crit par":"Chloe Gauthier","Dur\u00e9e de lecture estim\u00e9e":"2 minutes"},"schema":{"@context":"https:\/\/schema.org","@graph":[{"@type":"Article","@id":"https:\/\/www.sebastien-auziere.fr\/blog\/de\/brigitte-und-emmanuel-macron-der-elysee-arbeitet-mit-einem-sternekoch-fur-eine-genussvolle-kulinarische-kreation-zusammen\/#article","isPartOf":{"@id":"https:\/\/www.sebastien-auziere.fr\/blog\/de\/brigitte-und-emmanuel-macron-der-elysee-arbeitet-mit-einem-sternekoch-fur-eine-genussvolle-kulinarische-kreation-zusammen\/"},"author":{"name":"Chloe Gauthier","@id":"https:\/\/www.sebastien-auziere.fr\/blog\/#\/schema\/person\/149f1acdbfd85149c6c3e59adeae2f4d"},"headline":"Brigitte und Emmanuel Macron: Der \u00c9lys\u00e9e arbeitet mit einem Sternekoch f\u00fcr eine genussvolle kulinarische Kreation zusammen","datePublished":"2026-05-01T19:11:39+00:00","dateModified":"2026-05-01T19:12:25+00:00","mainEntityOfPage":{"@id":"https:\/\/www.sebastien-auziere.fr\/blog\/de\/brigitte-und-emmanuel-macron-der-elysee-arbeitet-mit-einem-sternekoch-fur-eine-genussvolle-kulinarische-kreation-zusammen\/"},"wordCount":509,"commentCount":0,"publisher":{"@id":"https:\/\/www.sebastien-auziere.fr\/blog\/#organization"},"image":{"@id":"https:\/\/www.sebastien-auziere.fr\/blog\/de\/brigitte-und-emmanuel-macron-der-elysee-arbeitet-mit-einem-sternekoch-fur-eine-genussvolle-kulinarische-kreation-zusammen\/#primaryimage"},"thumbnailUrl":"https:\/\/www.sebastien-auziere.fr\/blog\/wp-content\/uploads\/2026\/05\/Brigitte-et-Emmanuel-Macron-lElysee-collabore-avec-un-chef-etoile-pour-une-creation-culinaire-gourmande.jpg","keywords":["brigitte macron","\u00e9lys\u00e9e","emmanuel macron","koch mit stern","kulinarische Kreation"],"articleSection":["Aktuelles"],"inLanguage":"fr-FR","potentialAction":[{"@type":"CommentAction","name":"Comment","target":["https:\/\/www.sebastien-auziere.fr\/blog\/de\/brigitte-und-emmanuel-macron-der-elysee-arbeitet-mit-einem-sternekoch-fur-eine-genussvolle-kulinarische-kreation-zusammen\/#respond"]}]},{"@type":"WebPage","@id":"https:\/\/www.sebastien-auziere.fr\/blog\/de\/brigitte-und-emmanuel-macron-der-elysee-arbeitet-mit-einem-sternekoch-fur-eine-genussvolle-kulinarische-kreation-zusammen\/","url":"https:\/\/www.sebastien-auziere.fr\/blog\/de\/brigitte-und-emmanuel-macron-der-elysee-arbeitet-mit-einem-sternekoch-fur-eine-genussvolle-kulinarische-kreation-zusammen\/","name":"Brigitte und Emmanuel Macron: Der \u00c9lys\u00e9e arbeitet mit einem Sternekoch f\u00fcr eine genussvolle kulinarische Kreation zusammen - Fan site S\u00e9bastien Auzi\u00e8re","isPartOf":{"@id":"https:\/\/www.sebastien-auziere.fr\/blog\/#website"},"primaryImageOfPage":{"@id":"https:\/\/www.sebastien-auziere.fr\/blog\/de\/brigitte-und-emmanuel-macron-der-elysee-arbeitet-mit-einem-sternekoch-fur-eine-genussvolle-kulinarische-kreation-zusammen\/#primaryimage"},"image":{"@id":"https:\/\/www.sebastien-auziere.fr\/blog\/de\/brigitte-und-emmanuel-macron-der-elysee-arbeitet-mit-einem-sternekoch-fur-eine-genussvolle-kulinarische-kreation-zusammen\/#primaryimage"},"thumbnailUrl":"https:\/\/www.sebastien-auziere.fr\/blog\/wp-content\/uploads\/2026\/05\/Brigitte-et-Emmanuel-Macron-lElysee-collabore-avec-un-chef-etoile-pour-une-creation-culinaire-gourmande.jpg","datePublished":"2026-05-01T19:11:39+00:00","dateModified":"2026-05-01T19:12:25+00:00","description":"D\u00e9couvrez la collaboration gourmande entre Brigitte et Emmanuel Macron \u00e0 l\u2019\u00c9lys\u00e9e avec un chef \u00e9toil\u00e9 pour une cr\u00e9ation culinaire unique.","breadcrumb":{"@id":"https:\/\/www.sebastien-auziere.fr\/blog\/de\/brigitte-und-emmanuel-macron-der-elysee-arbeitet-mit-einem-sternekoch-fur-eine-genussvolle-kulinarische-kreation-zusammen\/#breadcrumb"},"inLanguage":"fr-FR","potentialAction":[{"@type":"ReadAction","target":["https:\/\/www.sebastien-auziere.fr\/blog\/de\/brigitte-und-emmanuel-macron-der-elysee-arbeitet-mit-einem-sternekoch-fur-eine-genussvolle-kulinarische-kreation-zusammen\/"]}]},{"@type":"ImageObject","inLanguage":"fr-FR","@id":"https:\/\/www.sebastien-auziere.fr\/blog\/de\/brigitte-und-emmanuel-macron-der-elysee-arbeitet-mit-einem-sternekoch-fur-eine-genussvolle-kulinarische-kreation-zusammen\/#primaryimage","url":"https:\/\/www.sebastien-auziere.fr\/blog\/wp-content\/uploads\/2026\/05\/Brigitte-et-Emmanuel-Macron-lElysee-collabore-avec-un-chef-etoile-pour-une-creation-culinaire-gourmande.jpg","contentUrl":"https:\/\/www.sebastien-auziere.fr\/blog\/wp-content\/uploads\/2026\/05\/Brigitte-et-Emmanuel-Macron-lElysee-collabore-avec-un-chef-etoile-pour-une-creation-culinaire-gourmande.jpg","width":2560,"height":1429,"caption":"d\u00e9couvrez comment brigitte et emmanuel macron unissent leurs go\u00fbts avec un chef \u00e9toil\u00e9 \u00e0 l\u2019\u00e9lys\u00e9e pour cr\u00e9er une recette gourmande et raffin\u00e9e, symbole d'\u00e9l\u00e9gance et de plaisir culinaire."},{"@type":"BreadcrumbList","@id":"https:\/\/www.sebastien-auziere.fr\/blog\/de\/brigitte-und-emmanuel-macron-der-elysee-arbeitet-mit-einem-sternekoch-fur-eine-genussvolle-kulinarische-kreation-zusammen\/#breadcrumb","itemListElement":[{"@type":"ListItem","position":1,"name":"Home","item":"https:\/\/www.sebastien-auziere.fr\/blog\/"},{"@type":"ListItem","position":2,"name":"Brigitte und Emmanuel Macron: Der \u00c9lys\u00e9e arbeitet mit einem Sternekoch f\u00fcr eine genussvolle kulinarische Kreation zusammen"}]},{"@type":"WebSite","@id":"https:\/\/www.sebastien-auziere.fr\/blog\/#website","url":"https:\/\/www.sebastien-auziere.fr\/blog\/","name":"Fan site S\u00e9bastien Auzi\u00e8re","description":"M\u00e9dia g\u00e9n\u00e9raliste","publisher":{"@id":"https:\/\/www.sebastien-auziere.fr\/blog\/#organization"},"potentialAction":[{"@type":"SearchAction","target":{"@type":"EntryPoint","urlTemplate":"https:\/\/www.sebastien-auziere.fr\/blog\/?s={search_term_string}"},"query-input":{"@type":"PropertyValueSpecification","valueRequired":true,"valueName":"search_term_string"}}],"inLanguage":"fr-FR"},{"@type":"Organization","@id":"https:\/\/www.sebastien-auziere.fr\/blog\/#organization","name":"Fan site S\u00e9bastien Auzi\u00e8re","url":"https:\/\/www.sebastien-auziere.fr\/blog\/","logo":{"@type":"ImageObject","inLanguage":"fr-FR","@id":"https:\/\/www.sebastien-auziere.fr\/blog\/#\/schema\/logo\/image\/","url":"https:\/\/www.sebastien-auziere.fr\/blog\/wp-content\/uploads\/2026\/03\/cropped-cropped-cropped-ChatGPT-Image-6-mars-2026-12_58_09-e1772798376794.jpg","contentUrl":"https:\/\/www.sebastien-auziere.fr\/blog\/wp-content\/uploads\/2026\/03\/cropped-cropped-cropped-ChatGPT-Image-6-mars-2026-12_58_09-e1772798376794.jpg","width":512,"height":360,"caption":"Fan site S\u00e9bastien Auzi\u00e8re"},"image":{"@id":"https:\/\/www.sebastien-auziere.fr\/blog\/#\/schema\/logo\/image\/"}},{"@type":"Person","@id":"https:\/\/www.sebastien-auziere.fr\/blog\/#\/schema\/person\/149f1acdbfd85149c6c3e59adeae2f4d","name":"Chloe Gauthier","image":{"@type":"ImageObject","inLanguage":"fr-FR","@id":"https:\/\/secure.gravatar.com\/avatar\/2c5722f58171cff738a8985ef0dd66b476e563753246a49019befc837ec4201a?s=96&d=mm&r=g","url":"https:\/\/secure.gravatar.com\/avatar\/2c5722f58171cff738a8985ef0dd66b476e563753246a49019befc837ec4201a?s=96&d=mm&r=g","contentUrl":"https:\/\/secure.gravatar.com\/avatar\/2c5722f58171cff738a8985ef0dd66b476e563753246a49019befc837ec4201a?s=96&d=mm&r=g","caption":"Chloe Gauthier"},"description":"Passionn\u00e9e par la politique et admiratrice engag\u00e9e de la famille Macron, je consacre mon \u00e9nergie \u00e0 suivre leurs initiatives et \u00e0 promouvoir leurs id\u00e9es. \u00c0 32 ans, je suis convaincue que leur vision est porteuse d'avenir.","url":"https:\/\/www.sebastien-auziere.fr\/blog\/author\/chloe-gauthier\/"}]}},"views":0,"_links":{"self":[{"href":"https:\/\/www.sebastien-auziere.fr\/blog\/wp-json\/wp\/v2\/posts\/3500","targetHints":{"allow":["GET"]}}],"collection":[{"href":"https:\/\/www.sebastien-auziere.fr\/blog\/wp-json\/wp\/v2\/posts"}],"about":[{"href":"https:\/\/www.sebastien-auziere.fr\/blog\/wp-json\/wp\/v2\/types\/post"}],"author":[{"embeddable":true,"href":"https:\/\/www.sebastien-auziere.fr\/blog\/wp-json\/wp\/v2\/users\/9"}],"replies":[{"embeddable":true,"href":"https:\/\/www.sebastien-auziere.fr\/blog\/wp-json\/wp\/v2\/comments?post=3500"}],"version-history":[{"count":1,"href":"https:\/\/www.sebastien-auziere.fr\/blog\/wp-json\/wp\/v2\/posts\/3500\/revisions"}],"predecessor-version":[{"id":3501,"href":"https:\/\/www.sebastien-auziere.fr\/blog\/wp-json\/wp\/v2\/posts\/3500\/revisions\/3501"}],"wp:featuredmedia":[{"embeddable":true,"href":"https:\/\/www.sebastien-auziere.fr\/blog\/wp-json\/wp\/v2\/media\/3494"}],"wp:attachment":[{"href":"https:\/\/www.sebastien-auziere.fr\/blog\/wp-json\/wp\/v2\/media?parent=3500"}],"wp:term":[{"taxonomy":"category","embeddable":true,"href":"https:\/\/www.sebastien-auziere.fr\/blog\/wp-json\/wp\/v2\/categories?post=3500"},{"taxonomy":"post_tag","embeddable":true,"href":"https:\/\/www.sebastien-auziere.fr\/blog\/wp-json\/wp\/v2\/tags?post=3500"}],"curies":[{"name":"wp","href":"https:\/\/api.w.org\/{rel}","templated":true}]}}