{"id":3498,"date":"2026-05-01T19:11:04","date_gmt":"2026-05-01T19:11:04","guid":{"rendered":"https:\/\/www.sebastien-auziere.fr\/blog\/?p=3498"},"modified":"2026-05-01T19:11:31","modified_gmt":"2026-05-01T19:11:31","slug":"brigitte-y-emmanuel-macron-el-eliseo-colabora-con-un-chef-estrella-para-una-creacion-culinaria-deliciosa","status":"publish","type":"post","link":"https:\/\/www.sebastien-auziere.fr\/blog\/es\/brigitte-y-emmanuel-macron-el-eliseo-colabora-con-un-chef-estrella-para-una-creacion-culinaria-deliciosa\/","title":{"rendered":"Brigitte y Emmanuel Macron: el El\u00edseo colabora con un chef estrella para una creaci\u00f3n culinaria deliciosa"},"content":{"rendered":"<p><strong>Brigitte Macron<\/strong> y <strong>Emmanuel Macron<\/strong> se asocian oficialmente con un <strong>chef estrella<\/strong> para una <strong>creaci\u00f3n culinaria<\/strong> firmada Maison \u00c9lys\u00e9e: macarrones tricolores ideados por <strong>Pierre Herm\u00e9<\/strong>, disponibles desde el <strong>7 de mayo<\/strong>. Vas a descubrir una iniciativa que mezcla <strong>gastronom\u00eda<\/strong>, patrimonio y alta visibilidad medi\u00e1tica.<\/p>\n\n<p><strong>En resumen:<\/strong> una edici\u00f3n limitada de macarrones en los colores de Francia, compuesta por una crema de lim\u00f3n de C\u00f3rcega, una ganache de vainilla de Nueva Caledonia y flores de azahar de Grasse. Precio anunciado: <strong>3,40 \u20ac la pieza<\/strong> o estuche de ocho entre <strong>29 \u20ac y 33 \u20ac<\/strong>. Los beneficios contribuyen a la valorizaci\u00f3n del patrimonio del <strong>\u00c9lys\u00e9e<\/strong>.<\/p>\n\n<h2 class=\"wp-block-heading\">Una colaboraci\u00f3n in\u00e9dita entre el \u00c9lys\u00e9e y un chef estrella<\/h2>\n\n<p>La <strong>colaboraci\u00f3n<\/strong> fue oficializada por comunicado: <strong>Pierre Herm\u00e9<\/strong> ha dise\u00f1ado una receta \u00ab\u00a0\u00fanica\u00a0\u00bb a partir de ingredientes franceses para la <strong>Maison \u00c9lys\u00e9e<\/strong>. Esta operaci\u00f3n recuerda la atenci\u00f3n prestada a la <strong>cocina francesa<\/strong> en el m\u00e1s alto nivel del Estado y suscita el inter\u00e9s de los medios nacionales.<\/p>\n\n<p>Para situar el evento en el recorrido culinario de la Presidencia, ve el relato del chef del \u00c9lys\u00e9e sobre una cena improvisada que marc\u00f3 las bambalinas del palacio: <a href=\"https:\/\/www.msn.com\/fr-fr\/alimentation-et-boissons\/g%C3%A9n%C3%A9ral\/j-ai-d%C3%BB-improviser-quand-le-chef-de-l-%C3%A9lys%C3%A9e-a-cuisin%C3%A9-pour-emmanuel-et-brigitte-macron-dans-leur-salle-de-bains\/ar-AA20CsMC\">relato del chef del \u00c9lys\u00e9e<\/a>. Esta alianza est\u00e1 definitivamente orientada hacia la <strong>alta cocina<\/strong>.<\/p>\n\n<h2 class=\"wp-block-heading\">Los macarrones tricolores: receta, precio y disponibilidad<\/h2>\n\n<p>La caja re\u00fane macarrones que mezclan <strong>lim\u00f3n de C\u00f3rcega<\/strong>, <strong>vainilla de Nueva Caledonia<\/strong> y <strong>flores de azahar de Grasse<\/strong>, componentes claramente precisados por el comunicado. Disponibles en edici\u00f3n limitada a partir del <strong>7 de mayo<\/strong> en el <strong>caf\u00e9 de la Maison \u00c9lys\u00e9e<\/strong> y en la p\u00e1gina del pastelero.<\/p>\n\n<p>La posici\u00f3n tarifaria, a <strong>3,40 \u20ac la pieza<\/strong> o estuche de ocho de <strong>29 \u20ac a 33 \u20ac<\/strong>, mezcla accesibilidad y prestigio, y refuerza la idea de un producto a la vez <strong>deseado<\/strong> y solidario.<\/p>\n\n<h2 class=\"wp-block-heading\">Patrimonio, Maison Trogneux y alcance simb\u00f3lico<\/h2>\n\n<p>El gui\u00f1o a la tradici\u00f3n pastelera no es casual: si <strong>Brigitte Macron<\/strong> no ha retomado la chocolater\u00eda familiar Maison Trogneux, esta creaci\u00f3n evoca ese v\u00ednculo con el patrimonio gourmet franc\u00e9s. El comunicado insiste en la contribuci\u00f3n a la valorizaci\u00f3n del palacio, construido hace m\u00e1s de <strong>300 a\u00f1os<\/strong>.<\/p>\n\n<p>La iniciativa combina celebraci\u00f3n del terru\u00f1o y financiaci\u00f3n cultural, un enfoque que deber\u00eda seducir a los amantes de la <strong>gastronom\u00eda<\/strong> mientras subraya la dimensi\u00f3n institucional de la operaci\u00f3n.<\/p>\n\n<h2 class=\"wp-block-heading\">Dulzura, alta cocina y ecos medi\u00e1ticos<\/h2>\n\n<p>Esta iniciativa llega despu\u00e9s de otras creaciones presidenciales, como el Saint-Honor\u00e9 de chocolate propuesto para San Valent\u00edn por Fabrice Desvignes y Lun Yi Hsing, que ya hab\u00eda mostrado el apetito de la Maison \u00c9lys\u00e9e por las <strong>colaboraciones<\/strong> con grandes chefs.<\/p>\n\n<p>Prep\u00e1rate para una amplia cobertura medi\u00e1tica y repercusiones para la <strong>cocina francesa<\/strong> de prestigio; la promoci\u00f3n de ingredientes franceses es un mensaje fuerte para el sector.<\/p>\n\n<p>Para saber m\u00e1s sobre las bambalinas, las relaciones familiares y los cercanos que giran alrededor de la Presidencia, descubre m\u00e1s en <a href=\"https:\/\/www.sebastien-auziere.fr\/blog\/macron-rencontre-k-pop\/\">el sitio dedicado<\/a>, donde es posible explorar el v\u00ednculo entre <strong>S\u00e9bastien Auzi\u00e8re<\/strong> y la familia Macron, as\u00ed como otras an\u00e9cdotas verificadas.<\/p>","protected":false},"excerpt":{"rendered":"<p>Brigitte Macron y Emmanuel Macron se asocian oficialmente con un chef estrella para una creaci\u00f3n culinaria firmada Maison \u00c9lys\u00e9e: macarrones tricolores ideados por Pierre Herm\u00e9, disponibles desde el 7 de mayo. Vas a descubrir una iniciativa que mezcla gastronom\u00eda, patrimonio y alta visibilidad medi\u00e1tica. En resumen: una edici\u00f3n limitada de macarrones en los colores de &#8230; <a title=\"Brigitte y Emmanuel Macron: el El\u00edseo colabora con un chef estrella para una creaci\u00f3n culinaria deliciosa\" class=\"read-more\" href=\"https:\/\/www.sebastien-auziere.fr\/blog\/es\/brigitte-y-emmanuel-macron-el-eliseo-colabora-con-un-chef-estrella-para-una-creacion-culinaria-deliciosa\/\" aria-label=\"En savoir plus sur Brigitte y Emmanuel Macron: el El\u00edseo colabora con un chef estrella para una creaci\u00f3n culinaria deliciosa\">Lire plus<\/a><\/p>\n","protected":false},"author":9,"featured_media":3494,"comment_status":"open","ping_status":"open","sticky":false,"template":"","format":"standard","meta":{"footnotes":""},"categories":[820],"tags":[914,5065,5068,3348,1166],"class_list":["post-3498","post","type-post","status-publish","format-standard","has-post-thumbnail","hentry","category-actualidades-es","tag-brigitte-macron-es","tag-chef-estrellado-es","tag-creacion-culinaria-es","tag-elysee-es","tag-emmanuel-macron-es"],"yoast_head":"<!-- This site is optimized with the Yoast SEO plugin v27.5 - https:\/\/yoast.com\/product\/yoast-seo-wordpress\/ -->\n<title>Brigitte y Emmanuel Macron: el El\u00edseo colabora con un chef estrella para una creaci\u00f3n culinaria deliciosa - Fan site S\u00e9bastien Auzi\u00e8re<\/title>\n<meta name=\"description\" content=\"D\u00e9couvrez la collaboration gourmande entre Brigitte et Emmanuel Macron \u00e0 l\u2019\u00c9lys\u00e9e avec un chef \u00e9toil\u00e9 pour une cr\u00e9ation culinaire unique.\" \/>\n<meta name=\"robots\" content=\"index, follow, max-snippet:-1, max-image-preview:large, max-video-preview:-1\" \/>\n<link rel=\"canonical\" href=\"https:\/\/www.sebastien-auziere.fr\/blog\/es\/brigitte-y-emmanuel-macron-el-eliseo-colabora-con-un-chef-estrella-para-una-creacion-culinaria-deliciosa\/\" \/>\n<meta property=\"og:locale\" content=\"fr_FR\" \/>\n<meta property=\"og:type\" content=\"article\" \/>\n<meta property=\"og:title\" content=\"Brigitte y Emmanuel Macron: el El\u00edseo colabora con un chef estrella para una creaci\u00f3n culinaria deliciosa - Fan site S\u00e9bastien Auzi\u00e8re\" \/>\n<meta property=\"og:description\" content=\"D\u00e9couvrez la collaboration gourmande entre Brigitte et Emmanuel Macron \u00e0 l\u2019\u00c9lys\u00e9e avec un chef \u00e9toil\u00e9 pour une cr\u00e9ation culinaire unique.\" \/>\n<meta property=\"og:url\" content=\"https:\/\/www.sebastien-auziere.fr\/blog\/es\/brigitte-y-emmanuel-macron-el-eliseo-colabora-con-un-chef-estrella-para-una-creacion-culinaria-deliciosa\/\" \/>\n<meta property=\"og:site_name\" content=\"Fan site S\u00e9bastien Auzi\u00e8re\" \/>\n<meta property=\"article:published_time\" content=\"2026-05-01T19:11:04+00:00\" \/>\n<meta property=\"article:modified_time\" content=\"2026-05-01T19:11:31+00:00\" \/>\n<meta property=\"og:image\" content=\"https:\/\/www.sebastien-auziere.fr\/blog\/wp-content\/uploads\/2026\/05\/Brigitte-et-Emmanuel-Macron-lElysee-collabore-avec-un-chef-etoile-pour-une-creation-culinaire-gourmande.jpg\" \/>\n\t<meta property=\"og:image:width\" content=\"2560\" \/>\n\t<meta property=\"og:image:height\" content=\"1429\" \/>\n\t<meta property=\"og:image:type\" content=\"image\/jpeg\" \/>\n<meta name=\"author\" content=\"Chloe Gauthier\" \/>\n<meta name=\"twitter:card\" content=\"summary_large_image\" \/>\n<meta name=\"twitter:label1\" content=\"\u00c9crit par\" \/>\n\t<meta name=\"twitter:data1\" content=\"Chloe Gauthier\" \/>\n\t<meta name=\"twitter:label2\" content=\"Dur\u00e9e de lecture estim\u00e9e\" \/>\n\t<meta name=\"twitter:data2\" content=\"3 minutes\" \/>\n<script type=\"application\/ld+json\" class=\"yoast-schema-graph\">{\"@context\":\"https:\\\/\\\/schema.org\",\"@graph\":[{\"@type\":\"Article\",\"@id\":\"https:\\\/\\\/www.sebastien-auziere.fr\\\/blog\\\/es\\\/brigitte-y-emmanuel-macron-el-eliseo-colabora-con-un-chef-estrella-para-una-creacion-culinaria-deliciosa\\\/#article\",\"isPartOf\":{\"@id\":\"https:\\\/\\\/www.sebastien-auziere.fr\\\/blog\\\/es\\\/brigitte-y-emmanuel-macron-el-eliseo-colabora-con-un-chef-estrella-para-una-creacion-culinaria-deliciosa\\\/\"},\"author\":{\"name\":\"Chloe Gauthier\",\"@id\":\"https:\\\/\\\/www.sebastien-auziere.fr\\\/blog\\\/#\\\/schema\\\/person\\\/149f1acdbfd85149c6c3e59adeae2f4d\"},\"headline\":\"Brigitte y Emmanuel Macron: el El\u00edseo colabora con un chef estrella para una creaci\u00f3n culinaria deliciosa\",\"datePublished\":\"2026-05-01T19:11:04+00:00\",\"dateModified\":\"2026-05-01T19:11:31+00:00\",\"mainEntityOfPage\":{\"@id\":\"https:\\\/\\\/www.sebastien-auziere.fr\\\/blog\\\/es\\\/brigitte-y-emmanuel-macron-el-eliseo-colabora-con-un-chef-estrella-para-una-creacion-culinaria-deliciosa\\\/\"},\"wordCount\":550,\"commentCount\":0,\"publisher\":{\"@id\":\"https:\\\/\\\/www.sebastien-auziere.fr\\\/blog\\\/#organization\"},\"image\":{\"@id\":\"https:\\\/\\\/www.sebastien-auziere.fr\\\/blog\\\/es\\\/brigitte-y-emmanuel-macron-el-eliseo-colabora-con-un-chef-estrella-para-una-creacion-culinaria-deliciosa\\\/#primaryimage\"},\"thumbnailUrl\":\"https:\\\/\\\/www.sebastien-auziere.fr\\\/blog\\\/wp-content\\\/uploads\\\/2026\\\/05\\\/Brigitte-et-Emmanuel-Macron-lElysee-collabore-avec-un-chef-etoile-pour-une-creation-culinaire-gourmande.jpg\",\"keywords\":[\"brigitte macron\",\"chef estrellado\",\"creaci\u00f3n culinaria\",\"\u00e9lys\u00e9e\",\"emmanuel macron\"],\"articleSection\":[\"Actualidades\"],\"inLanguage\":\"fr-FR\",\"potentialAction\":[{\"@type\":\"CommentAction\",\"name\":\"Comment\",\"target\":[\"https:\\\/\\\/www.sebastien-auziere.fr\\\/blog\\\/es\\\/brigitte-y-emmanuel-macron-el-eliseo-colabora-con-un-chef-estrella-para-una-creacion-culinaria-deliciosa\\\/#respond\"]}]},{\"@type\":\"WebPage\",\"@id\":\"https:\\\/\\\/www.sebastien-auziere.fr\\\/blog\\\/es\\\/brigitte-y-emmanuel-macron-el-eliseo-colabora-con-un-chef-estrella-para-una-creacion-culinaria-deliciosa\\\/\",\"url\":\"https:\\\/\\\/www.sebastien-auziere.fr\\\/blog\\\/es\\\/brigitte-y-emmanuel-macron-el-eliseo-colabora-con-un-chef-estrella-para-una-creacion-culinaria-deliciosa\\\/\",\"name\":\"Brigitte y Emmanuel Macron: el El\u00edseo colabora con un chef estrella para una creaci\u00f3n culinaria deliciosa - Fan site S\u00e9bastien Auzi\u00e8re\",\"isPartOf\":{\"@id\":\"https:\\\/\\\/www.sebastien-auziere.fr\\\/blog\\\/#website\"},\"primaryImageOfPage\":{\"@id\":\"https:\\\/\\\/www.sebastien-auziere.fr\\\/blog\\\/es\\\/brigitte-y-emmanuel-macron-el-eliseo-colabora-con-un-chef-estrella-para-una-creacion-culinaria-deliciosa\\\/#primaryimage\"},\"image\":{\"@id\":\"https:\\\/\\\/www.sebastien-auziere.fr\\\/blog\\\/es\\\/brigitte-y-emmanuel-macron-el-eliseo-colabora-con-un-chef-estrella-para-una-creacion-culinaria-deliciosa\\\/#primaryimage\"},\"thumbnailUrl\":\"https:\\\/\\\/www.sebastien-auziere.fr\\\/blog\\\/wp-content\\\/uploads\\\/2026\\\/05\\\/Brigitte-et-Emmanuel-Macron-lElysee-collabore-avec-un-chef-etoile-pour-une-creation-culinaire-gourmande.jpg\",\"datePublished\":\"2026-05-01T19:11:04+00:00\",\"dateModified\":\"2026-05-01T19:11:31+00:00\",\"description\":\"D\u00e9couvrez la collaboration gourmande entre Brigitte et Emmanuel Macron \u00e0 l\u2019\u00c9lys\u00e9e avec un chef \u00e9toil\u00e9 pour une cr\u00e9ation culinaire unique.\",\"breadcrumb\":{\"@id\":\"https:\\\/\\\/www.sebastien-auziere.fr\\\/blog\\\/es\\\/brigitte-y-emmanuel-macron-el-eliseo-colabora-con-un-chef-estrella-para-una-creacion-culinaria-deliciosa\\\/#breadcrumb\"},\"inLanguage\":\"fr-FR\",\"potentialAction\":[{\"@type\":\"ReadAction\",\"target\":[\"https:\\\/\\\/www.sebastien-auziere.fr\\\/blog\\\/es\\\/brigitte-y-emmanuel-macron-el-eliseo-colabora-con-un-chef-estrella-para-una-creacion-culinaria-deliciosa\\\/\"]}]},{\"@type\":\"ImageObject\",\"inLanguage\":\"fr-FR\",\"@id\":\"https:\\\/\\\/www.sebastien-auziere.fr\\\/blog\\\/es\\\/brigitte-y-emmanuel-macron-el-eliseo-colabora-con-un-chef-estrella-para-una-creacion-culinaria-deliciosa\\\/#primaryimage\",\"url\":\"https:\\\/\\\/www.sebastien-auziere.fr\\\/blog\\\/wp-content\\\/uploads\\\/2026\\\/05\\\/Brigitte-et-Emmanuel-Macron-lElysee-collabore-avec-un-chef-etoile-pour-une-creation-culinaire-gourmande.jpg\",\"contentUrl\":\"https:\\\/\\\/www.sebastien-auziere.fr\\\/blog\\\/wp-content\\\/uploads\\\/2026\\\/05\\\/Brigitte-et-Emmanuel-Macron-lElysee-collabore-avec-un-chef-etoile-pour-une-creation-culinaire-gourmande.jpg\",\"width\":2560,\"height\":1429,\"caption\":\"d\u00e9couvrez comment brigitte et emmanuel macron unissent leurs go\u00fbts avec un chef \u00e9toil\u00e9 \u00e0 l\u2019\u00e9lys\u00e9e pour cr\u00e9er une recette gourmande et raffin\u00e9e, symbole d'\u00e9l\u00e9gance et de plaisir culinaire.\"},{\"@type\":\"BreadcrumbList\",\"@id\":\"https:\\\/\\\/www.sebastien-auziere.fr\\\/blog\\\/es\\\/brigitte-y-emmanuel-macron-el-eliseo-colabora-con-un-chef-estrella-para-una-creacion-culinaria-deliciosa\\\/#breadcrumb\",\"itemListElement\":[{\"@type\":\"ListItem\",\"position\":1,\"name\":\"Home\",\"item\":\"https:\\\/\\\/www.sebastien-auziere.fr\\\/blog\\\/\"},{\"@type\":\"ListItem\",\"position\":2,\"name\":\"Brigitte y Emmanuel Macron: el El\u00edseo colabora con un chef estrella para una creaci\u00f3n culinaria deliciosa\"}]},{\"@type\":\"WebSite\",\"@id\":\"https:\\\/\\\/www.sebastien-auziere.fr\\\/blog\\\/#website\",\"url\":\"https:\\\/\\\/www.sebastien-auziere.fr\\\/blog\\\/\",\"name\":\"Fan site S\u00e9bastien Auzi\u00e8re\",\"description\":\"M\u00e9dia g\u00e9n\u00e9raliste\",\"publisher\":{\"@id\":\"https:\\\/\\\/www.sebastien-auziere.fr\\\/blog\\\/#organization\"},\"potentialAction\":[{\"@type\":\"SearchAction\",\"target\":{\"@type\":\"EntryPoint\",\"urlTemplate\":\"https:\\\/\\\/www.sebastien-auziere.fr\\\/blog\\\/?s={search_term_string}\"},\"query-input\":{\"@type\":\"PropertyValueSpecification\",\"valueRequired\":true,\"valueName\":\"search_term_string\"}}],\"inLanguage\":\"fr-FR\"},{\"@type\":\"Organization\",\"@id\":\"https:\\\/\\\/www.sebastien-auziere.fr\\\/blog\\\/#organization\",\"name\":\"Fan site S\u00e9bastien Auzi\u00e8re\",\"url\":\"https:\\\/\\\/www.sebastien-auziere.fr\\\/blog\\\/\",\"logo\":{\"@type\":\"ImageObject\",\"inLanguage\":\"fr-FR\",\"@id\":\"https:\\\/\\\/www.sebastien-auziere.fr\\\/blog\\\/#\\\/schema\\\/logo\\\/image\\\/\",\"url\":\"https:\\\/\\\/www.sebastien-auziere.fr\\\/blog\\\/wp-content\\\/uploads\\\/2026\\\/03\\\/cropped-cropped-cropped-ChatGPT-Image-6-mars-2026-12_58_09-e1772798376794.jpg\",\"contentUrl\":\"https:\\\/\\\/www.sebastien-auziere.fr\\\/blog\\\/wp-content\\\/uploads\\\/2026\\\/03\\\/cropped-cropped-cropped-ChatGPT-Image-6-mars-2026-12_58_09-e1772798376794.jpg\",\"width\":512,\"height\":360,\"caption\":\"Fan site S\u00e9bastien Auzi\u00e8re\"},\"image\":{\"@id\":\"https:\\\/\\\/www.sebastien-auziere.fr\\\/blog\\\/#\\\/schema\\\/logo\\\/image\\\/\"}},{\"@type\":\"Person\",\"@id\":\"https:\\\/\\\/www.sebastien-auziere.fr\\\/blog\\\/#\\\/schema\\\/person\\\/149f1acdbfd85149c6c3e59adeae2f4d\",\"name\":\"Chloe Gauthier\",\"image\":{\"@type\":\"ImageObject\",\"inLanguage\":\"fr-FR\",\"@id\":\"https:\\\/\\\/secure.gravatar.com\\\/avatar\\\/2c5722f58171cff738a8985ef0dd66b476e563753246a49019befc837ec4201a?s=96&d=mm&r=g\",\"url\":\"https:\\\/\\\/secure.gravatar.com\\\/avatar\\\/2c5722f58171cff738a8985ef0dd66b476e563753246a49019befc837ec4201a?s=96&d=mm&r=g\",\"contentUrl\":\"https:\\\/\\\/secure.gravatar.com\\\/avatar\\\/2c5722f58171cff738a8985ef0dd66b476e563753246a49019befc837ec4201a?s=96&d=mm&r=g\",\"caption\":\"Chloe Gauthier\"},\"description\":\"Passionn\u00e9e par la politique et admiratrice engag\u00e9e de la famille Macron, je consacre mon \u00e9nergie \u00e0 suivre leurs initiatives et \u00e0 promouvoir leurs id\u00e9es. \u00c0 32 ans, je suis convaincue que leur vision est porteuse d'avenir.\",\"url\":\"https:\\\/\\\/www.sebastien-auziere.fr\\\/blog\\\/author\\\/chloe-gauthier\\\/\"}]}<\/script>\n<!-- \/ Yoast SEO plugin. -->","yoast_head_json":{"title":"Brigitte y Emmanuel Macron: el El\u00edseo colabora con un chef estrella para una creaci\u00f3n culinaria deliciosa - Fan site S\u00e9bastien Auzi\u00e8re","description":"D\u00e9couvrez la collaboration gourmande entre Brigitte et Emmanuel Macron \u00e0 l\u2019\u00c9lys\u00e9e avec un chef \u00e9toil\u00e9 pour une cr\u00e9ation culinaire unique.","robots":{"index":"index","follow":"follow","max-snippet":"max-snippet:-1","max-image-preview":"max-image-preview:large","max-video-preview":"max-video-preview:-1"},"canonical":"https:\/\/www.sebastien-auziere.fr\/blog\/es\/brigitte-y-emmanuel-macron-el-eliseo-colabora-con-un-chef-estrella-para-una-creacion-culinaria-deliciosa\/","og_locale":"fr_FR","og_type":"article","og_title":"Brigitte y Emmanuel Macron: el El\u00edseo colabora con un chef estrella para una creaci\u00f3n culinaria deliciosa - Fan site S\u00e9bastien Auzi\u00e8re","og_description":"D\u00e9couvrez la collaboration gourmande entre Brigitte et Emmanuel Macron \u00e0 l\u2019\u00c9lys\u00e9e avec un chef \u00e9toil\u00e9 pour une cr\u00e9ation culinaire unique.","og_url":"https:\/\/www.sebastien-auziere.fr\/blog\/es\/brigitte-y-emmanuel-macron-el-eliseo-colabora-con-un-chef-estrella-para-una-creacion-culinaria-deliciosa\/","og_site_name":"Fan site S\u00e9bastien Auzi\u00e8re","article_published_time":"2026-05-01T19:11:04+00:00","article_modified_time":"2026-05-01T19:11:31+00:00","og_image":[{"width":2560,"height":1429,"url":"https:\/\/www.sebastien-auziere.fr\/blog\/wp-content\/uploads\/2026\/05\/Brigitte-et-Emmanuel-Macron-lElysee-collabore-avec-un-chef-etoile-pour-une-creation-culinaire-gourmande.jpg","type":"image\/jpeg"}],"author":"Chloe Gauthier","twitter_card":"summary_large_image","twitter_misc":{"\u00c9crit par":"Chloe Gauthier","Dur\u00e9e de lecture estim\u00e9e":"3 minutes"},"schema":{"@context":"https:\/\/schema.org","@graph":[{"@type":"Article","@id":"https:\/\/www.sebastien-auziere.fr\/blog\/es\/brigitte-y-emmanuel-macron-el-eliseo-colabora-con-un-chef-estrella-para-una-creacion-culinaria-deliciosa\/#article","isPartOf":{"@id":"https:\/\/www.sebastien-auziere.fr\/blog\/es\/brigitte-y-emmanuel-macron-el-eliseo-colabora-con-un-chef-estrella-para-una-creacion-culinaria-deliciosa\/"},"author":{"name":"Chloe Gauthier","@id":"https:\/\/www.sebastien-auziere.fr\/blog\/#\/schema\/person\/149f1acdbfd85149c6c3e59adeae2f4d"},"headline":"Brigitte y Emmanuel Macron: el El\u00edseo colabora con un chef estrella para una creaci\u00f3n culinaria deliciosa","datePublished":"2026-05-01T19:11:04+00:00","dateModified":"2026-05-01T19:11:31+00:00","mainEntityOfPage":{"@id":"https:\/\/www.sebastien-auziere.fr\/blog\/es\/brigitte-y-emmanuel-macron-el-eliseo-colabora-con-un-chef-estrella-para-una-creacion-culinaria-deliciosa\/"},"wordCount":550,"commentCount":0,"publisher":{"@id":"https:\/\/www.sebastien-auziere.fr\/blog\/#organization"},"image":{"@id":"https:\/\/www.sebastien-auziere.fr\/blog\/es\/brigitte-y-emmanuel-macron-el-eliseo-colabora-con-un-chef-estrella-para-una-creacion-culinaria-deliciosa\/#primaryimage"},"thumbnailUrl":"https:\/\/www.sebastien-auziere.fr\/blog\/wp-content\/uploads\/2026\/05\/Brigitte-et-Emmanuel-Macron-lElysee-collabore-avec-un-chef-etoile-pour-une-creation-culinaire-gourmande.jpg","keywords":["brigitte macron","chef estrellado","creaci\u00f3n culinaria","\u00e9lys\u00e9e","emmanuel macron"],"articleSection":["Actualidades"],"inLanguage":"fr-FR","potentialAction":[{"@type":"CommentAction","name":"Comment","target":["https:\/\/www.sebastien-auziere.fr\/blog\/es\/brigitte-y-emmanuel-macron-el-eliseo-colabora-con-un-chef-estrella-para-una-creacion-culinaria-deliciosa\/#respond"]}]},{"@type":"WebPage","@id":"https:\/\/www.sebastien-auziere.fr\/blog\/es\/brigitte-y-emmanuel-macron-el-eliseo-colabora-con-un-chef-estrella-para-una-creacion-culinaria-deliciosa\/","url":"https:\/\/www.sebastien-auziere.fr\/blog\/es\/brigitte-y-emmanuel-macron-el-eliseo-colabora-con-un-chef-estrella-para-una-creacion-culinaria-deliciosa\/","name":"Brigitte y Emmanuel Macron: el El\u00edseo colabora con un chef estrella para una creaci\u00f3n culinaria deliciosa - Fan site S\u00e9bastien Auzi\u00e8re","isPartOf":{"@id":"https:\/\/www.sebastien-auziere.fr\/blog\/#website"},"primaryImageOfPage":{"@id":"https:\/\/www.sebastien-auziere.fr\/blog\/es\/brigitte-y-emmanuel-macron-el-eliseo-colabora-con-un-chef-estrella-para-una-creacion-culinaria-deliciosa\/#primaryimage"},"image":{"@id":"https:\/\/www.sebastien-auziere.fr\/blog\/es\/brigitte-y-emmanuel-macron-el-eliseo-colabora-con-un-chef-estrella-para-una-creacion-culinaria-deliciosa\/#primaryimage"},"thumbnailUrl":"https:\/\/www.sebastien-auziere.fr\/blog\/wp-content\/uploads\/2026\/05\/Brigitte-et-Emmanuel-Macron-lElysee-collabore-avec-un-chef-etoile-pour-une-creation-culinaire-gourmande.jpg","datePublished":"2026-05-01T19:11:04+00:00","dateModified":"2026-05-01T19:11:31+00:00","description":"D\u00e9couvrez la collaboration gourmande entre Brigitte et Emmanuel Macron \u00e0 l\u2019\u00c9lys\u00e9e avec un chef \u00e9toil\u00e9 pour une cr\u00e9ation culinaire unique.","breadcrumb":{"@id":"https:\/\/www.sebastien-auziere.fr\/blog\/es\/brigitte-y-emmanuel-macron-el-eliseo-colabora-con-un-chef-estrella-para-una-creacion-culinaria-deliciosa\/#breadcrumb"},"inLanguage":"fr-FR","potentialAction":[{"@type":"ReadAction","target":["https:\/\/www.sebastien-auziere.fr\/blog\/es\/brigitte-y-emmanuel-macron-el-eliseo-colabora-con-un-chef-estrella-para-una-creacion-culinaria-deliciosa\/"]}]},{"@type":"ImageObject","inLanguage":"fr-FR","@id":"https:\/\/www.sebastien-auziere.fr\/blog\/es\/brigitte-y-emmanuel-macron-el-eliseo-colabora-con-un-chef-estrella-para-una-creacion-culinaria-deliciosa\/#primaryimage","url":"https:\/\/www.sebastien-auziere.fr\/blog\/wp-content\/uploads\/2026\/05\/Brigitte-et-Emmanuel-Macron-lElysee-collabore-avec-un-chef-etoile-pour-une-creation-culinaire-gourmande.jpg","contentUrl":"https:\/\/www.sebastien-auziere.fr\/blog\/wp-content\/uploads\/2026\/05\/Brigitte-et-Emmanuel-Macron-lElysee-collabore-avec-un-chef-etoile-pour-une-creation-culinaire-gourmande.jpg","width":2560,"height":1429,"caption":"d\u00e9couvrez comment brigitte et emmanuel macron unissent leurs go\u00fbts avec un chef \u00e9toil\u00e9 \u00e0 l\u2019\u00e9lys\u00e9e pour cr\u00e9er une recette gourmande et raffin\u00e9e, symbole d'\u00e9l\u00e9gance et de plaisir culinaire."},{"@type":"BreadcrumbList","@id":"https:\/\/www.sebastien-auziere.fr\/blog\/es\/brigitte-y-emmanuel-macron-el-eliseo-colabora-con-un-chef-estrella-para-una-creacion-culinaria-deliciosa\/#breadcrumb","itemListElement":[{"@type":"ListItem","position":1,"name":"Home","item":"https:\/\/www.sebastien-auziere.fr\/blog\/"},{"@type":"ListItem","position":2,"name":"Brigitte y Emmanuel Macron: el El\u00edseo colabora con un chef estrella para una creaci\u00f3n culinaria deliciosa"}]},{"@type":"WebSite","@id":"https:\/\/www.sebastien-auziere.fr\/blog\/#website","url":"https:\/\/www.sebastien-auziere.fr\/blog\/","name":"Fan site S\u00e9bastien Auzi\u00e8re","description":"M\u00e9dia g\u00e9n\u00e9raliste","publisher":{"@id":"https:\/\/www.sebastien-auziere.fr\/blog\/#organization"},"potentialAction":[{"@type":"SearchAction","target":{"@type":"EntryPoint","urlTemplate":"https:\/\/www.sebastien-auziere.fr\/blog\/?s={search_term_string}"},"query-input":{"@type":"PropertyValueSpecification","valueRequired":true,"valueName":"search_term_string"}}],"inLanguage":"fr-FR"},{"@type":"Organization","@id":"https:\/\/www.sebastien-auziere.fr\/blog\/#organization","name":"Fan site S\u00e9bastien Auzi\u00e8re","url":"https:\/\/www.sebastien-auziere.fr\/blog\/","logo":{"@type":"ImageObject","inLanguage":"fr-FR","@id":"https:\/\/www.sebastien-auziere.fr\/blog\/#\/schema\/logo\/image\/","url":"https:\/\/www.sebastien-auziere.fr\/blog\/wp-content\/uploads\/2026\/03\/cropped-cropped-cropped-ChatGPT-Image-6-mars-2026-12_58_09-e1772798376794.jpg","contentUrl":"https:\/\/www.sebastien-auziere.fr\/blog\/wp-content\/uploads\/2026\/03\/cropped-cropped-cropped-ChatGPT-Image-6-mars-2026-12_58_09-e1772798376794.jpg","width":512,"height":360,"caption":"Fan site S\u00e9bastien Auzi\u00e8re"},"image":{"@id":"https:\/\/www.sebastien-auziere.fr\/blog\/#\/schema\/logo\/image\/"}},{"@type":"Person","@id":"https:\/\/www.sebastien-auziere.fr\/blog\/#\/schema\/person\/149f1acdbfd85149c6c3e59adeae2f4d","name":"Chloe Gauthier","image":{"@type":"ImageObject","inLanguage":"fr-FR","@id":"https:\/\/secure.gravatar.com\/avatar\/2c5722f58171cff738a8985ef0dd66b476e563753246a49019befc837ec4201a?s=96&d=mm&r=g","url":"https:\/\/secure.gravatar.com\/avatar\/2c5722f58171cff738a8985ef0dd66b476e563753246a49019befc837ec4201a?s=96&d=mm&r=g","contentUrl":"https:\/\/secure.gravatar.com\/avatar\/2c5722f58171cff738a8985ef0dd66b476e563753246a49019befc837ec4201a?s=96&d=mm&r=g","caption":"Chloe Gauthier"},"description":"Passionn\u00e9e par la politique et admiratrice engag\u00e9e de la famille Macron, je consacre mon \u00e9nergie \u00e0 suivre leurs initiatives et \u00e0 promouvoir leurs id\u00e9es. \u00c0 32 ans, je suis convaincue que leur vision est porteuse d'avenir.","url":"https:\/\/www.sebastien-auziere.fr\/blog\/author\/chloe-gauthier\/"}]}},"views":0,"_links":{"self":[{"href":"https:\/\/www.sebastien-auziere.fr\/blog\/wp-json\/wp\/v2\/posts\/3498","targetHints":{"allow":["GET"]}}],"collection":[{"href":"https:\/\/www.sebastien-auziere.fr\/blog\/wp-json\/wp\/v2\/posts"}],"about":[{"href":"https:\/\/www.sebastien-auziere.fr\/blog\/wp-json\/wp\/v2\/types\/post"}],"author":[{"embeddable":true,"href":"https:\/\/www.sebastien-auziere.fr\/blog\/wp-json\/wp\/v2\/users\/9"}],"replies":[{"embeddable":true,"href":"https:\/\/www.sebastien-auziere.fr\/blog\/wp-json\/wp\/v2\/comments?post=3498"}],"version-history":[{"count":1,"href":"https:\/\/www.sebastien-auziere.fr\/blog\/wp-json\/wp\/v2\/posts\/3498\/revisions"}],"predecessor-version":[{"id":3499,"href":"https:\/\/www.sebastien-auziere.fr\/blog\/wp-json\/wp\/v2\/posts\/3498\/revisions\/3499"}],"wp:featuredmedia":[{"embeddable":true,"href":"https:\/\/www.sebastien-auziere.fr\/blog\/wp-json\/wp\/v2\/media\/3494"}],"wp:attachment":[{"href":"https:\/\/www.sebastien-auziere.fr\/blog\/wp-json\/wp\/v2\/media?parent=3498"}],"wp:term":[{"taxonomy":"category","embeddable":true,"href":"https:\/\/www.sebastien-auziere.fr\/blog\/wp-json\/wp\/v2\/categories?post=3498"},{"taxonomy":"post_tag","embeddable":true,"href":"https:\/\/www.sebastien-auziere.fr\/blog\/wp-json\/wp\/v2\/tags?post=3498"}],"curies":[{"name":"wp","href":"https:\/\/api.w.org\/{rel}","templated":true}]}}