{"id":3496,"date":"2026-05-01T19:10:38","date_gmt":"2026-05-01T19:10:38","guid":{"rendered":"https:\/\/www.sebastien-auziere.fr\/blog\/?p=3496"},"modified":"2026-05-01T19:11:03","modified_gmt":"2026-05-01T19:11:03","slug":"brigitte-and-emmanuel-macron-the-elysee-collaborates-with-a-starred-chef-for-a-gourmet-culinary-creation","status":"publish","type":"post","link":"https:\/\/www.sebastien-auziere.fr\/blog\/en\/brigitte-and-emmanuel-macron-the-elysee-collaborates-with-a-starred-chef-for-a-gourmet-culinary-creation\/","title":{"rendered":"Brigitte and Emmanuel Macron: the \u00c9lys\u00e9e collaborates with a starred chef for a gourmet culinary creation"},"content":{"rendered":"<p><strong>Brigitte Macron<\/strong> and <strong>Emmanuel Macron<\/strong> are officially partnering with a <strong>Michelin-starred chef<\/strong> for a <strong>culinary creation<\/strong> signed Maison \u00c9lys\u00e9e: tricolor macarons imagined by <strong>Pierre Herm\u00e9<\/strong>, available from <strong>May 7<\/strong>. You will discover an initiative that blends <strong>gastronomy<\/strong>, heritage, and high media visibility.<\/p>\n\n<p><strong>In brief:<\/strong> a limited edition of macarons in the colors of France, made with a Corsican lemon cream, a New Caledonian vanilla ganache, and orange blossom from Grasse. Announced price: <strong>\u20ac3.40 each<\/strong> or box of eight between <strong>\u20ac29 and \u20ac33<\/strong>. The profits contribute to the enhancement of the <strong>\u00c9lys\u00e9e<\/strong> heritage.<\/p>\n\n<h2 class=\"wp-block-heading\">An unprecedented collaboration between the \u00c9lys\u00e9e and a Michelin-starred chef<\/h2>\n\n<p>The <strong>collaboration<\/strong> was formalized by a press release: <strong>Pierre Herm\u00e9<\/strong> designed a \u00ab\u00a0unique\u00a0\u00bb recipe using French ingredients for the <strong>Maison \u00c9lys\u00e9e<\/strong>. This operation recalls the attention paid to <strong>French cuisine<\/strong> at the highest level of the State and sparks the interest of national media.<\/p>\n\n<p>To place the event in the culinary journey of the Presidency, see the chef\u2019s recount of an improvised evening that marked the behind-the-scenes of the palace: <a href=\"https:\/\/www.msn.com\/fr-fr\/alimentation-et-boissons\/g%C3%A9n%C3%A9ral\/j-ai-d%C3%BB-improviser-quand-le-chef-de-l-%C3%A9lys%C3%A9e-a-cuisin%C3%A9-pour-emmanuel-et-brigitte-macron-dans-leur-salle-de-bains\/ar-AA20CsMC\">recount of the \u00c9lys\u00e9e chef<\/a>. This alliance is resolutely focused on <strong>fine dining<\/strong>.<\/p>\n\n<h2 class=\"wp-block-heading\">The tricolor macarons: recipe, price, and availability<\/h2>\n\n<p>The box contains macarons mixing <strong>Corsican lemon<\/strong>, <strong>New Caledonian vanilla<\/strong>, and <strong>orange blossom from Grasse<\/strong>, components clearly specified by the press release. Available in limited edition starting from <strong>May 7<\/strong> at the <strong>caf\u00e9 de la Maison \u00c9lys\u00e9e<\/strong> and on the pastry chef&rsquo;s website.<\/p>\n\n<p>The pricing, at <strong>\u20ac3.40 each<\/strong> or a box of eight from <strong>\u20ac29 to \u20ac33<\/strong>, blends accessibility and prestige, reinforcing the idea of a product that is both <strong>delicious<\/strong> and supportive.<\/p>\n\n<h2 class=\"wp-block-heading\">Heritage, Maison Trogneux, and symbolic significance<\/h2>\n\n<p>The nod to pastry tradition is not trivial: if <strong>Brigitte Macron<\/strong> has not taken over the family chocolate shop Maison Trogneux, this creation evokes the link to French gourmet heritage. The press release emphasizes the contribution to highlighting the palace, built over <strong>300 years<\/strong> ago.<\/p>\n\n<p>The approach combines celebration of the terroir and cultural funding, an angle that should appeal to fans of <strong>gastronomy<\/strong> while emphasizing the institutional aspect of the operation.<\/p>\n\n<h2 class=\"wp-block-heading\">Delicacies, fine dining, and media echoes<\/h2>\n\n<p>This initiative comes after other presidential creations, such as the chocolate Saint-Honor\u00e9 offered for Valentine&rsquo;s Day by Fabrice Desvignes and Lun Yi Hsing, which had already shown the \u00c9lys\u00e9e&rsquo;s appetite for <strong>collaborations<\/strong> with great chefs.<\/p>\n\n<p>Expect a wide media coverage and impacts for <strong>prestigious French cuisine<\/strong>; the highlighting of French ingredients sends a strong message for the sector.<\/p>\n\n<p>To learn more about the behind-the-scenes, family relations, and those close to the Presidency, discover more on <a href=\"https:\/\/www.sebastien-auziere.fr\/blog\/macron-rencontre-k-pop\/\">the dedicated site<\/a>, where you can explore the link between <strong>S\u00e9bastien Auzi\u00e8re<\/strong> and the Macron family, as well as other verified anecdotes.<\/p>","protected":false},"excerpt":{"rendered":"<p>Brigitte Macron and Emmanuel Macron are officially partnering with a Michelin-starred chef for a culinary creation signed Maison \u00c9lys\u00e9e: tricolor macarons imagined by Pierre Herm\u00e9, available from May 7. You will discover an initiative that blends gastronomy, heritage, and high media visibility. In brief: a limited edition of macarons in the colors of France, made &#8230; <a title=\"Brigitte and Emmanuel Macron: the \u00c9lys\u00e9e collaborates with a starred chef for a gourmet culinary creation\" class=\"read-more\" href=\"https:\/\/www.sebastien-auziere.fr\/blog\/en\/brigitte-and-emmanuel-macron-the-elysee-collaborates-with-a-starred-chef-for-a-gourmet-culinary-creation\/\" aria-label=\"En savoir plus sur Brigitte and Emmanuel Macron: the \u00c9lys\u00e9e collaborates with a starred chef for a gourmet culinary creation\">Lire plus<\/a><\/p>\n","protected":false},"author":9,"featured_media":3494,"comment_status":"open","ping_status":"open","sticky":false,"template":"","format":"standard","meta":{"footnotes":""},"categories":[816],"tags":[898,5058,5061,3335,1153],"class_list":["post-3496","post","type-post","status-publish","format-standard","has-post-thumbnail","hentry","category-news","tag-brigitte-macron-en","tag-chef-star-en","tag-cooking-creation-en","tag-elysee-en","tag-emmanuel-macron-en"],"yoast_head":"<!-- This site is optimized with the Yoast SEO plugin v27.5 - https:\/\/yoast.com\/product\/yoast-seo-wordpress\/ -->\n<title>Brigitte and Emmanuel Macron: the \u00c9lys\u00e9e collaborates with a starred chef for a gourmet culinary creation - Fan site S\u00e9bastien Auzi\u00e8re<\/title>\n<meta name=\"description\" content=\"D\u00e9couvrez la collaboration gourmande entre Brigitte et Emmanuel Macron \u00e0 l\u2019\u00c9lys\u00e9e avec un chef \u00e9toil\u00e9 pour une cr\u00e9ation culinaire unique.\" \/>\n<meta name=\"robots\" content=\"index, follow, max-snippet:-1, max-image-preview:large, max-video-preview:-1\" \/>\n<link rel=\"canonical\" href=\"https:\/\/www.sebastien-auziere.fr\/blog\/en\/brigitte-and-emmanuel-macron-the-elysee-collaborates-with-a-starred-chef-for-a-gourmet-culinary-creation\/\" \/>\n<meta property=\"og:locale\" content=\"fr_FR\" \/>\n<meta property=\"og:type\" content=\"article\" \/>\n<meta property=\"og:title\" content=\"Brigitte and Emmanuel Macron: the \u00c9lys\u00e9e collaborates with a starred chef for a gourmet culinary creation - Fan site S\u00e9bastien Auzi\u00e8re\" \/>\n<meta property=\"og:description\" content=\"D\u00e9couvrez la collaboration gourmande entre Brigitte et Emmanuel Macron \u00e0 l\u2019\u00c9lys\u00e9e avec un chef \u00e9toil\u00e9 pour une cr\u00e9ation culinaire unique.\" \/>\n<meta property=\"og:url\" content=\"https:\/\/www.sebastien-auziere.fr\/blog\/en\/brigitte-and-emmanuel-macron-the-elysee-collaborates-with-a-starred-chef-for-a-gourmet-culinary-creation\/\" \/>\n<meta property=\"og:site_name\" content=\"Fan site S\u00e9bastien Auzi\u00e8re\" \/>\n<meta property=\"article:published_time\" content=\"2026-05-01T19:10:38+00:00\" \/>\n<meta property=\"article:modified_time\" content=\"2026-05-01T19:11:03+00:00\" \/>\n<meta property=\"og:image\" content=\"https:\/\/www.sebastien-auziere.fr\/blog\/wp-content\/uploads\/2026\/05\/Brigitte-et-Emmanuel-Macron-lElysee-collabore-avec-un-chef-etoile-pour-une-creation-culinaire-gourmande.jpg\" \/>\n\t<meta property=\"og:image:width\" content=\"2560\" \/>\n\t<meta property=\"og:image:height\" content=\"1429\" \/>\n\t<meta property=\"og:image:type\" content=\"image\/jpeg\" \/>\n<meta name=\"author\" content=\"Chloe Gauthier\" \/>\n<meta name=\"twitter:card\" content=\"summary_large_image\" \/>\n<meta name=\"twitter:label1\" content=\"\u00c9crit par\" \/>\n\t<meta name=\"twitter:data1\" content=\"Chloe Gauthier\" \/>\n\t<meta name=\"twitter:label2\" content=\"Dur\u00e9e de lecture estim\u00e9e\" \/>\n\t<meta name=\"twitter:data2\" content=\"2 minutes\" \/>\n<script type=\"application\/ld+json\" class=\"yoast-schema-graph\">{\"@context\":\"https:\\\/\\\/schema.org\",\"@graph\":[{\"@type\":\"Article\",\"@id\":\"https:\\\/\\\/www.sebastien-auziere.fr\\\/blog\\\/en\\\/brigitte-and-emmanuel-macron-the-elysee-collaborates-with-a-starred-chef-for-a-gourmet-culinary-creation\\\/#article\",\"isPartOf\":{\"@id\":\"https:\\\/\\\/www.sebastien-auziere.fr\\\/blog\\\/en\\\/brigitte-and-emmanuel-macron-the-elysee-collaborates-with-a-starred-chef-for-a-gourmet-culinary-creation\\\/\"},\"author\":{\"name\":\"Chloe Gauthier\",\"@id\":\"https:\\\/\\\/www.sebastien-auziere.fr\\\/blog\\\/#\\\/schema\\\/person\\\/149f1acdbfd85149c6c3e59adeae2f4d\"},\"headline\":\"Brigitte and Emmanuel Macron: the \u00c9lys\u00e9e collaborates with a starred chef for a gourmet culinary creation\",\"datePublished\":\"2026-05-01T19:10:38+00:00\",\"dateModified\":\"2026-05-01T19:11:03+00:00\",\"mainEntityOfPage\":{\"@id\":\"https:\\\/\\\/www.sebastien-auziere.fr\\\/blog\\\/en\\\/brigitte-and-emmanuel-macron-the-elysee-collaborates-with-a-starred-chef-for-a-gourmet-culinary-creation\\\/\"},\"wordCount\":464,\"commentCount\":0,\"publisher\":{\"@id\":\"https:\\\/\\\/www.sebastien-auziere.fr\\\/blog\\\/#organization\"},\"image\":{\"@id\":\"https:\\\/\\\/www.sebastien-auziere.fr\\\/blog\\\/en\\\/brigitte-and-emmanuel-macron-the-elysee-collaborates-with-a-starred-chef-for-a-gourmet-culinary-creation\\\/#primaryimage\"},\"thumbnailUrl\":\"https:\\\/\\\/www.sebastien-auziere.fr\\\/blog\\\/wp-content\\\/uploads\\\/2026\\\/05\\\/Brigitte-et-Emmanuel-Macron-lElysee-collabore-avec-un-chef-etoile-pour-une-creation-culinaire-gourmande.jpg\",\"keywords\":[\"brigitte macron\",\"chef star\",\"cooking creation\",\"\u00e9lys\u00e9e\",\"emmanuel macron\"],\"articleSection\":[\"News\"],\"inLanguage\":\"fr-FR\",\"potentialAction\":[{\"@type\":\"CommentAction\",\"name\":\"Comment\",\"target\":[\"https:\\\/\\\/www.sebastien-auziere.fr\\\/blog\\\/en\\\/brigitte-and-emmanuel-macron-the-elysee-collaborates-with-a-starred-chef-for-a-gourmet-culinary-creation\\\/#respond\"]}]},{\"@type\":\"WebPage\",\"@id\":\"https:\\\/\\\/www.sebastien-auziere.fr\\\/blog\\\/en\\\/brigitte-and-emmanuel-macron-the-elysee-collaborates-with-a-starred-chef-for-a-gourmet-culinary-creation\\\/\",\"url\":\"https:\\\/\\\/www.sebastien-auziere.fr\\\/blog\\\/en\\\/brigitte-and-emmanuel-macron-the-elysee-collaborates-with-a-starred-chef-for-a-gourmet-culinary-creation\\\/\",\"name\":\"Brigitte and Emmanuel Macron: the \u00c9lys\u00e9e collaborates with a starred chef for a gourmet culinary creation - Fan site S\u00e9bastien Auzi\u00e8re\",\"isPartOf\":{\"@id\":\"https:\\\/\\\/www.sebastien-auziere.fr\\\/blog\\\/#website\"},\"primaryImageOfPage\":{\"@id\":\"https:\\\/\\\/www.sebastien-auziere.fr\\\/blog\\\/en\\\/brigitte-and-emmanuel-macron-the-elysee-collaborates-with-a-starred-chef-for-a-gourmet-culinary-creation\\\/#primaryimage\"},\"image\":{\"@id\":\"https:\\\/\\\/www.sebastien-auziere.fr\\\/blog\\\/en\\\/brigitte-and-emmanuel-macron-the-elysee-collaborates-with-a-starred-chef-for-a-gourmet-culinary-creation\\\/#primaryimage\"},\"thumbnailUrl\":\"https:\\\/\\\/www.sebastien-auziere.fr\\\/blog\\\/wp-content\\\/uploads\\\/2026\\\/05\\\/Brigitte-et-Emmanuel-Macron-lElysee-collabore-avec-un-chef-etoile-pour-une-creation-culinaire-gourmande.jpg\",\"datePublished\":\"2026-05-01T19:10:38+00:00\",\"dateModified\":\"2026-05-01T19:11:03+00:00\",\"description\":\"D\u00e9couvrez la collaboration gourmande entre Brigitte et Emmanuel Macron \u00e0 l\u2019\u00c9lys\u00e9e avec un chef \u00e9toil\u00e9 pour une cr\u00e9ation culinaire unique.\",\"breadcrumb\":{\"@id\":\"https:\\\/\\\/www.sebastien-auziere.fr\\\/blog\\\/en\\\/brigitte-and-emmanuel-macron-the-elysee-collaborates-with-a-starred-chef-for-a-gourmet-culinary-creation\\\/#breadcrumb\"},\"inLanguage\":\"fr-FR\",\"potentialAction\":[{\"@type\":\"ReadAction\",\"target\":[\"https:\\\/\\\/www.sebastien-auziere.fr\\\/blog\\\/en\\\/brigitte-and-emmanuel-macron-the-elysee-collaborates-with-a-starred-chef-for-a-gourmet-culinary-creation\\\/\"]}]},{\"@type\":\"ImageObject\",\"inLanguage\":\"fr-FR\",\"@id\":\"https:\\\/\\\/www.sebastien-auziere.fr\\\/blog\\\/en\\\/brigitte-and-emmanuel-macron-the-elysee-collaborates-with-a-starred-chef-for-a-gourmet-culinary-creation\\\/#primaryimage\",\"url\":\"https:\\\/\\\/www.sebastien-auziere.fr\\\/blog\\\/wp-content\\\/uploads\\\/2026\\\/05\\\/Brigitte-et-Emmanuel-Macron-lElysee-collabore-avec-un-chef-etoile-pour-une-creation-culinaire-gourmande.jpg\",\"contentUrl\":\"https:\\\/\\\/www.sebastien-auziere.fr\\\/blog\\\/wp-content\\\/uploads\\\/2026\\\/05\\\/Brigitte-et-Emmanuel-Macron-lElysee-collabore-avec-un-chef-etoile-pour-une-creation-culinaire-gourmande.jpg\",\"width\":2560,\"height\":1429,\"caption\":\"d\u00e9couvrez comment brigitte et emmanuel macron unissent leurs go\u00fbts avec un chef \u00e9toil\u00e9 \u00e0 l\u2019\u00e9lys\u00e9e pour cr\u00e9er une recette gourmande et raffin\u00e9e, symbole d'\u00e9l\u00e9gance et de plaisir culinaire.\"},{\"@type\":\"BreadcrumbList\",\"@id\":\"https:\\\/\\\/www.sebastien-auziere.fr\\\/blog\\\/en\\\/brigitte-and-emmanuel-macron-the-elysee-collaborates-with-a-starred-chef-for-a-gourmet-culinary-creation\\\/#breadcrumb\",\"itemListElement\":[{\"@type\":\"ListItem\",\"position\":1,\"name\":\"Home\",\"item\":\"https:\\\/\\\/www.sebastien-auziere.fr\\\/blog\\\/\"},{\"@type\":\"ListItem\",\"position\":2,\"name\":\"Brigitte and Emmanuel Macron: the \u00c9lys\u00e9e collaborates with a starred chef for a gourmet culinary creation\"}]},{\"@type\":\"WebSite\",\"@id\":\"https:\\\/\\\/www.sebastien-auziere.fr\\\/blog\\\/#website\",\"url\":\"https:\\\/\\\/www.sebastien-auziere.fr\\\/blog\\\/\",\"name\":\"Fan site S\u00e9bastien Auzi\u00e8re\",\"description\":\"M\u00e9dia g\u00e9n\u00e9raliste\",\"publisher\":{\"@id\":\"https:\\\/\\\/www.sebastien-auziere.fr\\\/blog\\\/#organization\"},\"potentialAction\":[{\"@type\":\"SearchAction\",\"target\":{\"@type\":\"EntryPoint\",\"urlTemplate\":\"https:\\\/\\\/www.sebastien-auziere.fr\\\/blog\\\/?s={search_term_string}\"},\"query-input\":{\"@type\":\"PropertyValueSpecification\",\"valueRequired\":true,\"valueName\":\"search_term_string\"}}],\"inLanguage\":\"fr-FR\"},{\"@type\":\"Organization\",\"@id\":\"https:\\\/\\\/www.sebastien-auziere.fr\\\/blog\\\/#organization\",\"name\":\"Fan site S\u00e9bastien Auzi\u00e8re\",\"url\":\"https:\\\/\\\/www.sebastien-auziere.fr\\\/blog\\\/\",\"logo\":{\"@type\":\"ImageObject\",\"inLanguage\":\"fr-FR\",\"@id\":\"https:\\\/\\\/www.sebastien-auziere.fr\\\/blog\\\/#\\\/schema\\\/logo\\\/image\\\/\",\"url\":\"https:\\\/\\\/www.sebastien-auziere.fr\\\/blog\\\/wp-content\\\/uploads\\\/2026\\\/03\\\/cropped-cropped-cropped-ChatGPT-Image-6-mars-2026-12_58_09-e1772798376794.jpg\",\"contentUrl\":\"https:\\\/\\\/www.sebastien-auziere.fr\\\/blog\\\/wp-content\\\/uploads\\\/2026\\\/03\\\/cropped-cropped-cropped-ChatGPT-Image-6-mars-2026-12_58_09-e1772798376794.jpg\",\"width\":512,\"height\":360,\"caption\":\"Fan site S\u00e9bastien Auzi\u00e8re\"},\"image\":{\"@id\":\"https:\\\/\\\/www.sebastien-auziere.fr\\\/blog\\\/#\\\/schema\\\/logo\\\/image\\\/\"}},{\"@type\":\"Person\",\"@id\":\"https:\\\/\\\/www.sebastien-auziere.fr\\\/blog\\\/#\\\/schema\\\/person\\\/149f1acdbfd85149c6c3e59adeae2f4d\",\"name\":\"Chloe Gauthier\",\"image\":{\"@type\":\"ImageObject\",\"inLanguage\":\"fr-FR\",\"@id\":\"https:\\\/\\\/secure.gravatar.com\\\/avatar\\\/2c5722f58171cff738a8985ef0dd66b476e563753246a49019befc837ec4201a?s=96&d=mm&r=g\",\"url\":\"https:\\\/\\\/secure.gravatar.com\\\/avatar\\\/2c5722f58171cff738a8985ef0dd66b476e563753246a49019befc837ec4201a?s=96&d=mm&r=g\",\"contentUrl\":\"https:\\\/\\\/secure.gravatar.com\\\/avatar\\\/2c5722f58171cff738a8985ef0dd66b476e563753246a49019befc837ec4201a?s=96&d=mm&r=g\",\"caption\":\"Chloe Gauthier\"},\"description\":\"Passionn\u00e9e par la politique et admiratrice engag\u00e9e de la famille Macron, je consacre mon \u00e9nergie \u00e0 suivre leurs initiatives et \u00e0 promouvoir leurs id\u00e9es. \u00c0 32 ans, je suis convaincue que leur vision est porteuse d'avenir.\",\"url\":\"https:\\\/\\\/www.sebastien-auziere.fr\\\/blog\\\/author\\\/chloe-gauthier\\\/\"}]}<\/script>\n<!-- \/ Yoast SEO plugin. -->","yoast_head_json":{"title":"Brigitte and Emmanuel Macron: the \u00c9lys\u00e9e collaborates with a starred chef for a gourmet culinary creation - Fan site S\u00e9bastien Auzi\u00e8re","description":"D\u00e9couvrez la collaboration gourmande entre Brigitte et Emmanuel Macron \u00e0 l\u2019\u00c9lys\u00e9e avec un chef \u00e9toil\u00e9 pour une cr\u00e9ation culinaire unique.","robots":{"index":"index","follow":"follow","max-snippet":"max-snippet:-1","max-image-preview":"max-image-preview:large","max-video-preview":"max-video-preview:-1"},"canonical":"https:\/\/www.sebastien-auziere.fr\/blog\/en\/brigitte-and-emmanuel-macron-the-elysee-collaborates-with-a-starred-chef-for-a-gourmet-culinary-creation\/","og_locale":"fr_FR","og_type":"article","og_title":"Brigitte and Emmanuel Macron: the \u00c9lys\u00e9e collaborates with a starred chef for a gourmet culinary creation - Fan site S\u00e9bastien Auzi\u00e8re","og_description":"D\u00e9couvrez la collaboration gourmande entre Brigitte et Emmanuel Macron \u00e0 l\u2019\u00c9lys\u00e9e avec un chef \u00e9toil\u00e9 pour une cr\u00e9ation culinaire unique.","og_url":"https:\/\/www.sebastien-auziere.fr\/blog\/en\/brigitte-and-emmanuel-macron-the-elysee-collaborates-with-a-starred-chef-for-a-gourmet-culinary-creation\/","og_site_name":"Fan site S\u00e9bastien Auzi\u00e8re","article_published_time":"2026-05-01T19:10:38+00:00","article_modified_time":"2026-05-01T19:11:03+00:00","og_image":[{"width":2560,"height":1429,"url":"https:\/\/www.sebastien-auziere.fr\/blog\/wp-content\/uploads\/2026\/05\/Brigitte-et-Emmanuel-Macron-lElysee-collabore-avec-un-chef-etoile-pour-une-creation-culinaire-gourmande.jpg","type":"image\/jpeg"}],"author":"Chloe Gauthier","twitter_card":"summary_large_image","twitter_misc":{"\u00c9crit par":"Chloe Gauthier","Dur\u00e9e de lecture estim\u00e9e":"2 minutes"},"schema":{"@context":"https:\/\/schema.org","@graph":[{"@type":"Article","@id":"https:\/\/www.sebastien-auziere.fr\/blog\/en\/brigitte-and-emmanuel-macron-the-elysee-collaborates-with-a-starred-chef-for-a-gourmet-culinary-creation\/#article","isPartOf":{"@id":"https:\/\/www.sebastien-auziere.fr\/blog\/en\/brigitte-and-emmanuel-macron-the-elysee-collaborates-with-a-starred-chef-for-a-gourmet-culinary-creation\/"},"author":{"name":"Chloe Gauthier","@id":"https:\/\/www.sebastien-auziere.fr\/blog\/#\/schema\/person\/149f1acdbfd85149c6c3e59adeae2f4d"},"headline":"Brigitte and Emmanuel Macron: the \u00c9lys\u00e9e collaborates with a starred chef for a gourmet culinary creation","datePublished":"2026-05-01T19:10:38+00:00","dateModified":"2026-05-01T19:11:03+00:00","mainEntityOfPage":{"@id":"https:\/\/www.sebastien-auziere.fr\/blog\/en\/brigitte-and-emmanuel-macron-the-elysee-collaborates-with-a-starred-chef-for-a-gourmet-culinary-creation\/"},"wordCount":464,"commentCount":0,"publisher":{"@id":"https:\/\/www.sebastien-auziere.fr\/blog\/#organization"},"image":{"@id":"https:\/\/www.sebastien-auziere.fr\/blog\/en\/brigitte-and-emmanuel-macron-the-elysee-collaborates-with-a-starred-chef-for-a-gourmet-culinary-creation\/#primaryimage"},"thumbnailUrl":"https:\/\/www.sebastien-auziere.fr\/blog\/wp-content\/uploads\/2026\/05\/Brigitte-et-Emmanuel-Macron-lElysee-collabore-avec-un-chef-etoile-pour-une-creation-culinaire-gourmande.jpg","keywords":["brigitte macron","chef star","cooking creation","\u00e9lys\u00e9e","emmanuel macron"],"articleSection":["News"],"inLanguage":"fr-FR","potentialAction":[{"@type":"CommentAction","name":"Comment","target":["https:\/\/www.sebastien-auziere.fr\/blog\/en\/brigitte-and-emmanuel-macron-the-elysee-collaborates-with-a-starred-chef-for-a-gourmet-culinary-creation\/#respond"]}]},{"@type":"WebPage","@id":"https:\/\/www.sebastien-auziere.fr\/blog\/en\/brigitte-and-emmanuel-macron-the-elysee-collaborates-with-a-starred-chef-for-a-gourmet-culinary-creation\/","url":"https:\/\/www.sebastien-auziere.fr\/blog\/en\/brigitte-and-emmanuel-macron-the-elysee-collaborates-with-a-starred-chef-for-a-gourmet-culinary-creation\/","name":"Brigitte and Emmanuel Macron: the \u00c9lys\u00e9e collaborates with a starred chef for a gourmet culinary creation - Fan site S\u00e9bastien Auzi\u00e8re","isPartOf":{"@id":"https:\/\/www.sebastien-auziere.fr\/blog\/#website"},"primaryImageOfPage":{"@id":"https:\/\/www.sebastien-auziere.fr\/blog\/en\/brigitte-and-emmanuel-macron-the-elysee-collaborates-with-a-starred-chef-for-a-gourmet-culinary-creation\/#primaryimage"},"image":{"@id":"https:\/\/www.sebastien-auziere.fr\/blog\/en\/brigitte-and-emmanuel-macron-the-elysee-collaborates-with-a-starred-chef-for-a-gourmet-culinary-creation\/#primaryimage"},"thumbnailUrl":"https:\/\/www.sebastien-auziere.fr\/blog\/wp-content\/uploads\/2026\/05\/Brigitte-et-Emmanuel-Macron-lElysee-collabore-avec-un-chef-etoile-pour-une-creation-culinaire-gourmande.jpg","datePublished":"2026-05-01T19:10:38+00:00","dateModified":"2026-05-01T19:11:03+00:00","description":"D\u00e9couvrez la collaboration gourmande entre Brigitte et Emmanuel Macron \u00e0 l\u2019\u00c9lys\u00e9e avec un chef \u00e9toil\u00e9 pour une cr\u00e9ation culinaire unique.","breadcrumb":{"@id":"https:\/\/www.sebastien-auziere.fr\/blog\/en\/brigitte-and-emmanuel-macron-the-elysee-collaborates-with-a-starred-chef-for-a-gourmet-culinary-creation\/#breadcrumb"},"inLanguage":"fr-FR","potentialAction":[{"@type":"ReadAction","target":["https:\/\/www.sebastien-auziere.fr\/blog\/en\/brigitte-and-emmanuel-macron-the-elysee-collaborates-with-a-starred-chef-for-a-gourmet-culinary-creation\/"]}]},{"@type":"ImageObject","inLanguage":"fr-FR","@id":"https:\/\/www.sebastien-auziere.fr\/blog\/en\/brigitte-and-emmanuel-macron-the-elysee-collaborates-with-a-starred-chef-for-a-gourmet-culinary-creation\/#primaryimage","url":"https:\/\/www.sebastien-auziere.fr\/blog\/wp-content\/uploads\/2026\/05\/Brigitte-et-Emmanuel-Macron-lElysee-collabore-avec-un-chef-etoile-pour-une-creation-culinaire-gourmande.jpg","contentUrl":"https:\/\/www.sebastien-auziere.fr\/blog\/wp-content\/uploads\/2026\/05\/Brigitte-et-Emmanuel-Macron-lElysee-collabore-avec-un-chef-etoile-pour-une-creation-culinaire-gourmande.jpg","width":2560,"height":1429,"caption":"d\u00e9couvrez comment brigitte et emmanuel macron unissent leurs go\u00fbts avec un chef \u00e9toil\u00e9 \u00e0 l\u2019\u00e9lys\u00e9e pour cr\u00e9er une recette gourmande et raffin\u00e9e, symbole d'\u00e9l\u00e9gance et de plaisir culinaire."},{"@type":"BreadcrumbList","@id":"https:\/\/www.sebastien-auziere.fr\/blog\/en\/brigitte-and-emmanuel-macron-the-elysee-collaborates-with-a-starred-chef-for-a-gourmet-culinary-creation\/#breadcrumb","itemListElement":[{"@type":"ListItem","position":1,"name":"Home","item":"https:\/\/www.sebastien-auziere.fr\/blog\/"},{"@type":"ListItem","position":2,"name":"Brigitte and Emmanuel Macron: the \u00c9lys\u00e9e collaborates with a starred chef for a gourmet culinary creation"}]},{"@type":"WebSite","@id":"https:\/\/www.sebastien-auziere.fr\/blog\/#website","url":"https:\/\/www.sebastien-auziere.fr\/blog\/","name":"Fan site S\u00e9bastien Auzi\u00e8re","description":"M\u00e9dia g\u00e9n\u00e9raliste","publisher":{"@id":"https:\/\/www.sebastien-auziere.fr\/blog\/#organization"},"potentialAction":[{"@type":"SearchAction","target":{"@type":"EntryPoint","urlTemplate":"https:\/\/www.sebastien-auziere.fr\/blog\/?s={search_term_string}"},"query-input":{"@type":"PropertyValueSpecification","valueRequired":true,"valueName":"search_term_string"}}],"inLanguage":"fr-FR"},{"@type":"Organization","@id":"https:\/\/www.sebastien-auziere.fr\/blog\/#organization","name":"Fan site S\u00e9bastien Auzi\u00e8re","url":"https:\/\/www.sebastien-auziere.fr\/blog\/","logo":{"@type":"ImageObject","inLanguage":"fr-FR","@id":"https:\/\/www.sebastien-auziere.fr\/blog\/#\/schema\/logo\/image\/","url":"https:\/\/www.sebastien-auziere.fr\/blog\/wp-content\/uploads\/2026\/03\/cropped-cropped-cropped-ChatGPT-Image-6-mars-2026-12_58_09-e1772798376794.jpg","contentUrl":"https:\/\/www.sebastien-auziere.fr\/blog\/wp-content\/uploads\/2026\/03\/cropped-cropped-cropped-ChatGPT-Image-6-mars-2026-12_58_09-e1772798376794.jpg","width":512,"height":360,"caption":"Fan site S\u00e9bastien Auzi\u00e8re"},"image":{"@id":"https:\/\/www.sebastien-auziere.fr\/blog\/#\/schema\/logo\/image\/"}},{"@type":"Person","@id":"https:\/\/www.sebastien-auziere.fr\/blog\/#\/schema\/person\/149f1acdbfd85149c6c3e59adeae2f4d","name":"Chloe Gauthier","image":{"@type":"ImageObject","inLanguage":"fr-FR","@id":"https:\/\/secure.gravatar.com\/avatar\/2c5722f58171cff738a8985ef0dd66b476e563753246a49019befc837ec4201a?s=96&d=mm&r=g","url":"https:\/\/secure.gravatar.com\/avatar\/2c5722f58171cff738a8985ef0dd66b476e563753246a49019befc837ec4201a?s=96&d=mm&r=g","contentUrl":"https:\/\/secure.gravatar.com\/avatar\/2c5722f58171cff738a8985ef0dd66b476e563753246a49019befc837ec4201a?s=96&d=mm&r=g","caption":"Chloe Gauthier"},"description":"Passionn\u00e9e par la politique et admiratrice engag\u00e9e de la famille Macron, je consacre mon \u00e9nergie \u00e0 suivre leurs initiatives et \u00e0 promouvoir leurs id\u00e9es. \u00c0 32 ans, je suis convaincue que leur vision est porteuse d'avenir.","url":"https:\/\/www.sebastien-auziere.fr\/blog\/author\/chloe-gauthier\/"}]}},"views":0,"_links":{"self":[{"href":"https:\/\/www.sebastien-auziere.fr\/blog\/wp-json\/wp\/v2\/posts\/3496","targetHints":{"allow":["GET"]}}],"collection":[{"href":"https:\/\/www.sebastien-auziere.fr\/blog\/wp-json\/wp\/v2\/posts"}],"about":[{"href":"https:\/\/www.sebastien-auziere.fr\/blog\/wp-json\/wp\/v2\/types\/post"}],"author":[{"embeddable":true,"href":"https:\/\/www.sebastien-auziere.fr\/blog\/wp-json\/wp\/v2\/users\/9"}],"replies":[{"embeddable":true,"href":"https:\/\/www.sebastien-auziere.fr\/blog\/wp-json\/wp\/v2\/comments?post=3496"}],"version-history":[{"count":1,"href":"https:\/\/www.sebastien-auziere.fr\/blog\/wp-json\/wp\/v2\/posts\/3496\/revisions"}],"predecessor-version":[{"id":3497,"href":"https:\/\/www.sebastien-auziere.fr\/blog\/wp-json\/wp\/v2\/posts\/3496\/revisions\/3497"}],"wp:featuredmedia":[{"embeddable":true,"href":"https:\/\/www.sebastien-auziere.fr\/blog\/wp-json\/wp\/v2\/media\/3494"}],"wp:attachment":[{"href":"https:\/\/www.sebastien-auziere.fr\/blog\/wp-json\/wp\/v2\/media?parent=3496"}],"wp:term":[{"taxonomy":"category","embeddable":true,"href":"https:\/\/www.sebastien-auziere.fr\/blog\/wp-json\/wp\/v2\/categories?post=3496"},{"taxonomy":"post_tag","embeddable":true,"href":"https:\/\/www.sebastien-auziere.fr\/blog\/wp-json\/wp\/v2\/tags?post=3496"}],"curies":[{"name":"wp","href":"https:\/\/api.w.org\/{rel}","templated":true}]}}