{"id":3495,"date":"2026-05-01T19:10:36","date_gmt":"2026-05-01T19:10:36","guid":{"rendered":"https:\/\/www.sebastien-auziere.fr\/blog\/macron-elysee-chef-etoile\/"},"modified":"2026-05-01T19:10:36","modified_gmt":"2026-05-01T19:10:36","slug":"macron-elysee-chef-etoile","status":"publish","type":"post","link":"https:\/\/www.sebastien-auziere.fr\/blog\/macron-elysee-chef-etoile\/","title":{"rendered":"Brigitte et Emmanuel Macron : l\u2019\u00c9lys\u00e9e collabore avec un chef \u00e9toil\u00e9 pour une cr\u00e9ation culinaire gourmande"},"content":{"rendered":"<p><strong>Brigitte Macron<\/strong> et <strong>Emmanuel Macron<\/strong> s\u2019associent officiellement \u00e0 un <strong>chef \u00e9toil\u00e9<\/strong> pour une <strong>cr\u00e9ation culinaire<\/strong> sign\u00e9e Maison \u00c9lys\u00e9e : des macarons tricolores imagin\u00e9s par <strong>Pierre Herm\u00e9<\/strong>, disponibles d\u00e8s le <strong>7 mai<\/strong>. Tu vas d\u00e9couvrir une initiative qui m\u00eale <strong>gastronomie<\/strong>, patrimoine et haute visibilit\u00e9 m\u00e9diatique.<\/p>\n\n<p><strong>En bref :<\/strong> une \u00e9dition limit\u00e9e de macarons aux couleurs de la France, compos\u00e9e d\u2019une cr\u00e8me de citron de Corse, d\u2019une ganache \u00e0 la vanille de Nouvelle-Cal\u00e9donie et de fleur d\u2019oranger de Grasse. Prix annonc\u00e9 : <strong>3,40 \u20ac la pi\u00e8ce<\/strong> ou coffret de huit entre <strong>29 \u20ac et 33 \u20ac<\/strong>. Les b\u00e9n\u00e9fices contribuent \u00e0 la valorisation du patrimoine de l\u2019<strong>\u00c9lys\u00e9e<\/strong>.<\/p>\n\n<h2 class=\"wp-block-heading\">Une collaboration in\u00e9dite entre l&rsquo;\u00c9lys\u00e9e et un chef \u00e9toil\u00e9<\/h2>\n\n<p>La <strong>collaboration<\/strong> a \u00e9t\u00e9 officialis\u00e9e par communiqu\u00e9 : <strong>Pierre Herm\u00e9<\/strong> a con\u00e7u une recette \u00ab unique \u00bb \u00e0 partir d\u2019ingr\u00e9dients fran\u00e7ais pour la <strong>Maison \u00c9lys\u00e9e<\/strong>. Cette op\u00e9ration rappelle l\u2019attention port\u00e9e \u00e0 la <strong>cuisine fran\u00e7aise<\/strong> au plus haut niveau de l\u2019\u00c9tat et suscite l\u2019int\u00e9r\u00eat des m\u00e9dias nationaux.<\/p>\n\n<p>Pour replacer l\u2019\u00e9v\u00e9nement dans le parcours culinaire de la Pr\u00e9sidence, vois le r\u00e9cit du chef de l\u2019\u00c9lys\u00e9e sur une soir\u00e9e improvis\u00e9e qui a marqu\u00e9 les coulisses du palais : <a href=\"https:\/\/www.msn.com\/fr-fr\/alimentation-et-boissons\/g%C3%A9n%C3%A9ral\/j-ai-d%C3%BB-improviser-quand-le-chef-de-l-%C3%A9lys%C3%A9e-a-cuisin%C3%A9-pour-emmanuel-et-brigitte-macron-dans-leur-salle-de-bains\/ar-AA20CsMC\">r\u00e9cit du chef de l\u2019\u00c9lys\u00e9e<\/a>. Cette alliance est r\u00e9solument tourn\u00e9e vers la <strong>haute cuisine<\/strong>.<\/p>\n\n<h2 class=\"wp-block-heading\">Les macarons tricolores : recette, prix et disponibilit\u00e9<\/h2>\n\n<p>La bo\u00eete r\u00e9unit des macarons m\u00ealant <strong>citron de Corse<\/strong>, <strong>vanille de Nouvelle-Cal\u00e9donie<\/strong> et <strong>fleur d\u2019oranger de Grasse<\/strong>, composantes clairement pr\u00e9cis\u00e9es par le communiqu\u00e9. Disponibles en \u00e9dition limit\u00e9e \u00e0 partir du <strong>7 mai<\/strong> au <strong>caf\u00e9 de la Maison \u00c9lys\u00e9e<\/strong> et sur le site du p\u00e2tissier.<\/p>\n\n<p>Le positionnement tarifaire, \u00e0 <strong>3,40 \u20ac la pi\u00e8ce<\/strong> ou coffret de huit de <strong>29 \u20ac \u00e0 33 \u20ac<\/strong>, m\u00eale accessibilit\u00e9 et prestige, et renforce l\u2019id\u00e9e d\u2019un produit \u00e0 la fois <strong>gourmand<\/strong> et solidaire.<\/p>\n\n<h2 class=\"wp-block-heading\">Patrimoine, Maison Trogneux et port\u00e9e symbolique<\/h2>\n\n<p>Le clin d\u2019\u0153il \u00e0 la tradition p\u00e2tissi\u00e8re n\u2019est pas anodin : si <strong>Brigitte Macron<\/strong> n\u2019a pas repris la chocolaterie familiale Maison Trogneux, cette cr\u00e9ation \u00e9voque ce lien au patrimoine gourmand fran\u00e7ais. Le communiqu\u00e9 insiste sur la contribution \u00e0 la mise en valeur du palais, construit il y a plus de <strong>300 ans<\/strong>.<\/p>\n\n<p>La d\u00e9marche combine c\u00e9l\u00e9bration du terroir et financement culturel, un angle qui devrait s\u00e9duire les amateurs de <strong>gastronomie<\/strong> tout en soulignant la dimension institutionnelle de l\u2019op\u00e9ration.<\/p>\n\n<h2 class=\"wp-block-heading\">Gourmandise, haute cuisine et \u00e9chos m\u00e9diatiques<\/h2>\n\n<p>Cette initiative arrive apr\u00e8s d\u2019autres cr\u00e9ations pr\u00e9sidentielles, comme le Saint-Honor\u00e9 au chocolat propos\u00e9 pour la Saint-Valentin par Fabrice Desvignes et Lun Yi Hsing, qui avait d\u00e9j\u00e0 montr\u00e9 l\u2019app\u00e9tence de la Maison \u00c9lys\u00e9e pour les <strong>collaborations<\/strong> avec de grands chefs.<\/p>\n\n<p>Attends-toi \u00e0 une large couverture m\u00e9diatique et \u00e0 des retomb\u00e9es pour la <strong>cuisine fran\u00e7aise<\/strong> de prestige ; la mise en avant d\u2019ingr\u00e9dients fran\u00e7ais est un message fort pour le secteur.<\/p>\n\n<p>Pour en savoir plus sur les coulisses, les relations familiales et les proches qui gravitent autour de la Pr\u00e9sidence, d\u00e9couvre davantage sur <a href=\"https:\/\/www.sebastien-auziere.fr\/blog\/macron-rencontre-k-pop\/\">le site d\u00e9di\u00e9<\/a>, o\u00f9 il est possible d\u2019explorer le lien entre <strong>S\u00e9bastien Auzi\u00e8re<\/strong> et la famille Macron ainsi que d\u2019autres anecdotes v\u00e9rifi\u00e9es.<\/p>\n\n","protected":false},"excerpt":{"rendered":"<p>Brigitte Macron et Emmanuel Macron s\u2019associent officiellement \u00e0 un chef \u00e9toil\u00e9 pour une cr\u00e9ation culinaire sign\u00e9e Maison \u00c9lys\u00e9e : des macarons tricolores imagin\u00e9s par Pierre Herm\u00e9, disponibles d\u00e8s le 7 mai. Tu vas d\u00e9couvrir une initiative qui m\u00eale gastronomie, patrimoine et haute visibilit\u00e9 m\u00e9diatique. En bref : une \u00e9dition limit\u00e9e de macarons aux couleurs de &#8230; <a title=\"Brigitte et Emmanuel Macron : l\u2019\u00c9lys\u00e9e collabore avec un chef \u00e9toil\u00e9 pour une cr\u00e9ation culinaire gourmande\" class=\"read-more\" href=\"https:\/\/www.sebastien-auziere.fr\/blog\/macron-elysee-chef-etoile\/\" aria-label=\"En savoir plus sur Brigitte et Emmanuel Macron : l\u2019\u00c9lys\u00e9e collabore avec un chef \u00e9toil\u00e9 pour une cr\u00e9ation culinaire gourmande\">Lire plus<\/a><\/p>\n","protected":false},"author":9,"featured_media":3494,"comment_status":"open","ping_status":"open","sticky":false,"template":"","format":"standard","meta":{"footnotes":""},"categories":[597],"tags":[892,5054,5056,3329,1139],"class_list":["post-3495","post","type-post","status-publish","format-standard","has-post-thumbnail","hentry","category-actualites","tag-brigitte-macron","tag-chef-etoile","tag-creation-culinaire","tag-elysee","tag-emmanuel-macron"],"yoast_head":"<!-- This site is optimized with the Yoast SEO plugin v27.5 - https:\/\/yoast.com\/product\/yoast-seo-wordpress\/ -->\n<title>Brigitte et Emmanuel Macron : l\u2019\u00c9lys\u00e9e collabore avec un chef \u00e9toil\u00e9 pour une cr\u00e9ation culinaire gourmande - Fan site S\u00e9bastien Auzi\u00e8re<\/title>\n<meta name=\"description\" content=\"D\u00e9couvrez la collaboration gourmande entre Brigitte et Emmanuel Macron \u00e0 l\u2019\u00c9lys\u00e9e avec un chef \u00e9toil\u00e9 pour une cr\u00e9ation culinaire unique.\" \/>\n<meta name=\"robots\" content=\"index, follow, max-snippet:-1, max-image-preview:large, max-video-preview:-1\" \/>\n<link rel=\"canonical\" href=\"https:\/\/www.sebastien-auziere.fr\/blog\/macron-elysee-chef-etoile\/\" \/>\n<meta property=\"og:locale\" content=\"fr_FR\" \/>\n<meta property=\"og:type\" content=\"article\" \/>\n<meta property=\"og:title\" content=\"Brigitte et Emmanuel Macron : l\u2019\u00c9lys\u00e9e collabore avec un chef \u00e9toil\u00e9 pour une cr\u00e9ation culinaire gourmande - Fan site S\u00e9bastien Auzi\u00e8re\" \/>\n<meta property=\"og:description\" content=\"D\u00e9couvrez la collaboration gourmande entre Brigitte et Emmanuel Macron \u00e0 l\u2019\u00c9lys\u00e9e avec un chef \u00e9toil\u00e9 pour une cr\u00e9ation culinaire unique.\" \/>\n<meta property=\"og:url\" content=\"https:\/\/www.sebastien-auziere.fr\/blog\/macron-elysee-chef-etoile\/\" \/>\n<meta property=\"og:site_name\" content=\"Fan site S\u00e9bastien Auzi\u00e8re\" \/>\n<meta property=\"article:published_time\" content=\"2026-05-01T19:10:36+00:00\" \/>\n<meta property=\"og:image\" content=\"https:\/\/www.sebastien-auziere.fr\/blog\/wp-content\/uploads\/2026\/05\/Brigitte-et-Emmanuel-Macron-lElysee-collabore-avec-un-chef-etoile-pour-une-creation-culinaire-gourmande.jpg\" \/>\n\t<meta property=\"og:image:width\" content=\"2560\" \/>\n\t<meta property=\"og:image:height\" content=\"1429\" \/>\n\t<meta property=\"og:image:type\" content=\"image\/jpeg\" \/>\n<meta name=\"author\" content=\"Chloe Gauthier\" \/>\n<meta name=\"twitter:card\" content=\"summary_large_image\" \/>\n<meta name=\"twitter:label1\" content=\"\u00c9crit par\" \/>\n\t<meta name=\"twitter:data1\" content=\"Chloe Gauthier\" \/>\n\t<meta name=\"twitter:label2\" content=\"Dur\u00e9e de lecture estim\u00e9e\" \/>\n\t<meta name=\"twitter:data2\" content=\"3 minutes\" \/>\n<script type=\"application\/ld+json\" class=\"yoast-schema-graph\">{\"@context\":\"https:\\\/\\\/schema.org\",\"@graph\":[{\"@type\":\"Article\",\"@id\":\"https:\\\/\\\/www.sebastien-auziere.fr\\\/blog\\\/macron-elysee-chef-etoile\\\/#article\",\"isPartOf\":{\"@id\":\"https:\\\/\\\/www.sebastien-auziere.fr\\\/blog\\\/macron-elysee-chef-etoile\\\/\"},\"author\":{\"name\":\"Chloe Gauthier\",\"@id\":\"https:\\\/\\\/www.sebastien-auziere.fr\\\/blog\\\/#\\\/schema\\\/person\\\/149f1acdbfd85149c6c3e59adeae2f4d\"},\"headline\":\"Brigitte et Emmanuel Macron : l\u2019\u00c9lys\u00e9e collabore avec un chef \u00e9toil\u00e9 pour une cr\u00e9ation culinaire gourmande\",\"datePublished\":\"2026-05-01T19:10:36+00:00\",\"mainEntityOfPage\":{\"@id\":\"https:\\\/\\\/www.sebastien-auziere.fr\\\/blog\\\/macron-elysee-chef-etoile\\\/\"},\"wordCount\":575,\"commentCount\":0,\"publisher\":{\"@id\":\"https:\\\/\\\/www.sebastien-auziere.fr\\\/blog\\\/#organization\"},\"image\":{\"@id\":\"https:\\\/\\\/www.sebastien-auziere.fr\\\/blog\\\/macron-elysee-chef-etoile\\\/#primaryimage\"},\"thumbnailUrl\":\"https:\\\/\\\/www.sebastien-auziere.fr\\\/blog\\\/wp-content\\\/uploads\\\/2026\\\/05\\\/Brigitte-et-Emmanuel-Macron-lElysee-collabore-avec-un-chef-etoile-pour-une-creation-culinaire-gourmande.jpg\",\"keywords\":[\"brigitte macron\",\"chef \u00e9toil\u00e9\",\"cr\u00e9ation culinaire\",\"\u00e9lys\u00e9e\",\"emmanuel macron\"],\"articleSection\":[\"Actualit\u00e9s\"],\"inLanguage\":\"fr-FR\",\"potentialAction\":[{\"@type\":\"CommentAction\",\"name\":\"Comment\",\"target\":[\"https:\\\/\\\/www.sebastien-auziere.fr\\\/blog\\\/macron-elysee-chef-etoile\\\/#respond\"]}]},{\"@type\":\"WebPage\",\"@id\":\"https:\\\/\\\/www.sebastien-auziere.fr\\\/blog\\\/macron-elysee-chef-etoile\\\/\",\"url\":\"https:\\\/\\\/www.sebastien-auziere.fr\\\/blog\\\/macron-elysee-chef-etoile\\\/\",\"name\":\"Brigitte et Emmanuel Macron : l\u2019\u00c9lys\u00e9e collabore avec un chef \u00e9toil\u00e9 pour une cr\u00e9ation culinaire gourmande - Fan site S\u00e9bastien Auzi\u00e8re\",\"isPartOf\":{\"@id\":\"https:\\\/\\\/www.sebastien-auziere.fr\\\/blog\\\/#website\"},\"primaryImageOfPage\":{\"@id\":\"https:\\\/\\\/www.sebastien-auziere.fr\\\/blog\\\/macron-elysee-chef-etoile\\\/#primaryimage\"},\"image\":{\"@id\":\"https:\\\/\\\/www.sebastien-auziere.fr\\\/blog\\\/macron-elysee-chef-etoile\\\/#primaryimage\"},\"thumbnailUrl\":\"https:\\\/\\\/www.sebastien-auziere.fr\\\/blog\\\/wp-content\\\/uploads\\\/2026\\\/05\\\/Brigitte-et-Emmanuel-Macron-lElysee-collabore-avec-un-chef-etoile-pour-une-creation-culinaire-gourmande.jpg\",\"datePublished\":\"2026-05-01T19:10:36+00:00\",\"description\":\"D\u00e9couvrez la collaboration gourmande entre Brigitte et Emmanuel Macron \u00e0 l\u2019\u00c9lys\u00e9e avec un chef \u00e9toil\u00e9 pour une cr\u00e9ation culinaire unique.\",\"breadcrumb\":{\"@id\":\"https:\\\/\\\/www.sebastien-auziere.fr\\\/blog\\\/macron-elysee-chef-etoile\\\/#breadcrumb\"},\"inLanguage\":\"fr-FR\",\"potentialAction\":[{\"@type\":\"ReadAction\",\"target\":[\"https:\\\/\\\/www.sebastien-auziere.fr\\\/blog\\\/macron-elysee-chef-etoile\\\/\"]}]},{\"@type\":\"ImageObject\",\"inLanguage\":\"fr-FR\",\"@id\":\"https:\\\/\\\/www.sebastien-auziere.fr\\\/blog\\\/macron-elysee-chef-etoile\\\/#primaryimage\",\"url\":\"https:\\\/\\\/www.sebastien-auziere.fr\\\/blog\\\/wp-content\\\/uploads\\\/2026\\\/05\\\/Brigitte-et-Emmanuel-Macron-lElysee-collabore-avec-un-chef-etoile-pour-une-creation-culinaire-gourmande.jpg\",\"contentUrl\":\"https:\\\/\\\/www.sebastien-auziere.fr\\\/blog\\\/wp-content\\\/uploads\\\/2026\\\/05\\\/Brigitte-et-Emmanuel-Macron-lElysee-collabore-avec-un-chef-etoile-pour-une-creation-culinaire-gourmande.jpg\",\"width\":2560,\"height\":1429,\"caption\":\"d\u00e9couvrez comment brigitte et emmanuel macron unissent leurs go\u00fbts avec un chef \u00e9toil\u00e9 \u00e0 l\u2019\u00e9lys\u00e9e pour cr\u00e9er une recette gourmande et raffin\u00e9e, symbole d'\u00e9l\u00e9gance et de plaisir culinaire.\"},{\"@type\":\"BreadcrumbList\",\"@id\":\"https:\\\/\\\/www.sebastien-auziere.fr\\\/blog\\\/macron-elysee-chef-etoile\\\/#breadcrumb\",\"itemListElement\":[{\"@type\":\"ListItem\",\"position\":1,\"name\":\"Home\",\"item\":\"https:\\\/\\\/www.sebastien-auziere.fr\\\/blog\\\/\"},{\"@type\":\"ListItem\",\"position\":2,\"name\":\"Brigitte et Emmanuel Macron : l\u2019\u00c9lys\u00e9e collabore avec un chef \u00e9toil\u00e9 pour une cr\u00e9ation culinaire gourmande\"}]},{\"@type\":\"WebSite\",\"@id\":\"https:\\\/\\\/www.sebastien-auziere.fr\\\/blog\\\/#website\",\"url\":\"https:\\\/\\\/www.sebastien-auziere.fr\\\/blog\\\/\",\"name\":\"Fan site S\u00e9bastien Auzi\u00e8re\",\"description\":\"M\u00e9dia g\u00e9n\u00e9raliste\",\"publisher\":{\"@id\":\"https:\\\/\\\/www.sebastien-auziere.fr\\\/blog\\\/#organization\"},\"potentialAction\":[{\"@type\":\"SearchAction\",\"target\":{\"@type\":\"EntryPoint\",\"urlTemplate\":\"https:\\\/\\\/www.sebastien-auziere.fr\\\/blog\\\/?s={search_term_string}\"},\"query-input\":{\"@type\":\"PropertyValueSpecification\",\"valueRequired\":true,\"valueName\":\"search_term_string\"}}],\"inLanguage\":\"fr-FR\"},{\"@type\":\"Organization\",\"@id\":\"https:\\\/\\\/www.sebastien-auziere.fr\\\/blog\\\/#organization\",\"name\":\"Fan site S\u00e9bastien Auzi\u00e8re\",\"url\":\"https:\\\/\\\/www.sebastien-auziere.fr\\\/blog\\\/\",\"logo\":{\"@type\":\"ImageObject\",\"inLanguage\":\"fr-FR\",\"@id\":\"https:\\\/\\\/www.sebastien-auziere.fr\\\/blog\\\/#\\\/schema\\\/logo\\\/image\\\/\",\"url\":\"https:\\\/\\\/www.sebastien-auziere.fr\\\/blog\\\/wp-content\\\/uploads\\\/2026\\\/03\\\/cropped-cropped-cropped-ChatGPT-Image-6-mars-2026-12_58_09-e1772798376794.jpg\",\"contentUrl\":\"https:\\\/\\\/www.sebastien-auziere.fr\\\/blog\\\/wp-content\\\/uploads\\\/2026\\\/03\\\/cropped-cropped-cropped-ChatGPT-Image-6-mars-2026-12_58_09-e1772798376794.jpg\",\"width\":512,\"height\":360,\"caption\":\"Fan site S\u00e9bastien Auzi\u00e8re\"},\"image\":{\"@id\":\"https:\\\/\\\/www.sebastien-auziere.fr\\\/blog\\\/#\\\/schema\\\/logo\\\/image\\\/\"}},{\"@type\":\"Person\",\"@id\":\"https:\\\/\\\/www.sebastien-auziere.fr\\\/blog\\\/#\\\/schema\\\/person\\\/149f1acdbfd85149c6c3e59adeae2f4d\",\"name\":\"Chloe Gauthier\",\"image\":{\"@type\":\"ImageObject\",\"inLanguage\":\"fr-FR\",\"@id\":\"https:\\\/\\\/secure.gravatar.com\\\/avatar\\\/2c5722f58171cff738a8985ef0dd66b476e563753246a49019befc837ec4201a?s=96&d=mm&r=g\",\"url\":\"https:\\\/\\\/secure.gravatar.com\\\/avatar\\\/2c5722f58171cff738a8985ef0dd66b476e563753246a49019befc837ec4201a?s=96&d=mm&r=g\",\"contentUrl\":\"https:\\\/\\\/secure.gravatar.com\\\/avatar\\\/2c5722f58171cff738a8985ef0dd66b476e563753246a49019befc837ec4201a?s=96&d=mm&r=g\",\"caption\":\"Chloe Gauthier\"},\"description\":\"Passionn\u00e9e par la politique et admiratrice engag\u00e9e de la famille Macron, je consacre mon \u00e9nergie \u00e0 suivre leurs initiatives et \u00e0 promouvoir leurs id\u00e9es. \u00c0 32 ans, je suis convaincue que leur vision est porteuse d'avenir.\",\"url\":\"https:\\\/\\\/www.sebastien-auziere.fr\\\/blog\\\/author\\\/chloe-gauthier\\\/\"}]}<\/script>\n<!-- \/ Yoast SEO plugin. -->","yoast_head_json":{"title":"Brigitte et Emmanuel Macron : l\u2019\u00c9lys\u00e9e collabore avec un chef \u00e9toil\u00e9 pour une cr\u00e9ation culinaire gourmande - Fan site S\u00e9bastien Auzi\u00e8re","description":"D\u00e9couvrez la collaboration gourmande entre Brigitte et Emmanuel Macron \u00e0 l\u2019\u00c9lys\u00e9e avec un chef \u00e9toil\u00e9 pour une cr\u00e9ation culinaire unique.","robots":{"index":"index","follow":"follow","max-snippet":"max-snippet:-1","max-image-preview":"max-image-preview:large","max-video-preview":"max-video-preview:-1"},"canonical":"https:\/\/www.sebastien-auziere.fr\/blog\/macron-elysee-chef-etoile\/","og_locale":"fr_FR","og_type":"article","og_title":"Brigitte et Emmanuel Macron : l\u2019\u00c9lys\u00e9e collabore avec un chef \u00e9toil\u00e9 pour une cr\u00e9ation culinaire gourmande - Fan site S\u00e9bastien Auzi\u00e8re","og_description":"D\u00e9couvrez la collaboration gourmande entre Brigitte et Emmanuel Macron \u00e0 l\u2019\u00c9lys\u00e9e avec un chef \u00e9toil\u00e9 pour une cr\u00e9ation culinaire unique.","og_url":"https:\/\/www.sebastien-auziere.fr\/blog\/macron-elysee-chef-etoile\/","og_site_name":"Fan site S\u00e9bastien Auzi\u00e8re","article_published_time":"2026-05-01T19:10:36+00:00","og_image":[{"width":2560,"height":1429,"url":"https:\/\/www.sebastien-auziere.fr\/blog\/wp-content\/uploads\/2026\/05\/Brigitte-et-Emmanuel-Macron-lElysee-collabore-avec-un-chef-etoile-pour-une-creation-culinaire-gourmande.jpg","type":"image\/jpeg"}],"author":"Chloe Gauthier","twitter_card":"summary_large_image","twitter_misc":{"\u00c9crit par":"Chloe Gauthier","Dur\u00e9e de lecture estim\u00e9e":"3 minutes"},"schema":{"@context":"https:\/\/schema.org","@graph":[{"@type":"Article","@id":"https:\/\/www.sebastien-auziere.fr\/blog\/macron-elysee-chef-etoile\/#article","isPartOf":{"@id":"https:\/\/www.sebastien-auziere.fr\/blog\/macron-elysee-chef-etoile\/"},"author":{"name":"Chloe Gauthier","@id":"https:\/\/www.sebastien-auziere.fr\/blog\/#\/schema\/person\/149f1acdbfd85149c6c3e59adeae2f4d"},"headline":"Brigitte et Emmanuel Macron : l\u2019\u00c9lys\u00e9e collabore avec un chef \u00e9toil\u00e9 pour une cr\u00e9ation culinaire gourmande","datePublished":"2026-05-01T19:10:36+00:00","mainEntityOfPage":{"@id":"https:\/\/www.sebastien-auziere.fr\/blog\/macron-elysee-chef-etoile\/"},"wordCount":575,"commentCount":0,"publisher":{"@id":"https:\/\/www.sebastien-auziere.fr\/blog\/#organization"},"image":{"@id":"https:\/\/www.sebastien-auziere.fr\/blog\/macron-elysee-chef-etoile\/#primaryimage"},"thumbnailUrl":"https:\/\/www.sebastien-auziere.fr\/blog\/wp-content\/uploads\/2026\/05\/Brigitte-et-Emmanuel-Macron-lElysee-collabore-avec-un-chef-etoile-pour-une-creation-culinaire-gourmande.jpg","keywords":["brigitte macron","chef \u00e9toil\u00e9","cr\u00e9ation culinaire","\u00e9lys\u00e9e","emmanuel macron"],"articleSection":["Actualit\u00e9s"],"inLanguage":"fr-FR","potentialAction":[{"@type":"CommentAction","name":"Comment","target":["https:\/\/www.sebastien-auziere.fr\/blog\/macron-elysee-chef-etoile\/#respond"]}]},{"@type":"WebPage","@id":"https:\/\/www.sebastien-auziere.fr\/blog\/macron-elysee-chef-etoile\/","url":"https:\/\/www.sebastien-auziere.fr\/blog\/macron-elysee-chef-etoile\/","name":"Brigitte et Emmanuel Macron : l\u2019\u00c9lys\u00e9e collabore avec un chef \u00e9toil\u00e9 pour une cr\u00e9ation culinaire gourmande - Fan site S\u00e9bastien Auzi\u00e8re","isPartOf":{"@id":"https:\/\/www.sebastien-auziere.fr\/blog\/#website"},"primaryImageOfPage":{"@id":"https:\/\/www.sebastien-auziere.fr\/blog\/macron-elysee-chef-etoile\/#primaryimage"},"image":{"@id":"https:\/\/www.sebastien-auziere.fr\/blog\/macron-elysee-chef-etoile\/#primaryimage"},"thumbnailUrl":"https:\/\/www.sebastien-auziere.fr\/blog\/wp-content\/uploads\/2026\/05\/Brigitte-et-Emmanuel-Macron-lElysee-collabore-avec-un-chef-etoile-pour-une-creation-culinaire-gourmande.jpg","datePublished":"2026-05-01T19:10:36+00:00","description":"D\u00e9couvrez la collaboration gourmande entre Brigitte et Emmanuel Macron \u00e0 l\u2019\u00c9lys\u00e9e avec un chef \u00e9toil\u00e9 pour une cr\u00e9ation culinaire unique.","breadcrumb":{"@id":"https:\/\/www.sebastien-auziere.fr\/blog\/macron-elysee-chef-etoile\/#breadcrumb"},"inLanguage":"fr-FR","potentialAction":[{"@type":"ReadAction","target":["https:\/\/www.sebastien-auziere.fr\/blog\/macron-elysee-chef-etoile\/"]}]},{"@type":"ImageObject","inLanguage":"fr-FR","@id":"https:\/\/www.sebastien-auziere.fr\/blog\/macron-elysee-chef-etoile\/#primaryimage","url":"https:\/\/www.sebastien-auziere.fr\/blog\/wp-content\/uploads\/2026\/05\/Brigitte-et-Emmanuel-Macron-lElysee-collabore-avec-un-chef-etoile-pour-une-creation-culinaire-gourmande.jpg","contentUrl":"https:\/\/www.sebastien-auziere.fr\/blog\/wp-content\/uploads\/2026\/05\/Brigitte-et-Emmanuel-Macron-lElysee-collabore-avec-un-chef-etoile-pour-une-creation-culinaire-gourmande.jpg","width":2560,"height":1429,"caption":"d\u00e9couvrez comment brigitte et emmanuel macron unissent leurs go\u00fbts avec un chef \u00e9toil\u00e9 \u00e0 l\u2019\u00e9lys\u00e9e pour cr\u00e9er une recette gourmande et raffin\u00e9e, symbole d'\u00e9l\u00e9gance et de plaisir culinaire."},{"@type":"BreadcrumbList","@id":"https:\/\/www.sebastien-auziere.fr\/blog\/macron-elysee-chef-etoile\/#breadcrumb","itemListElement":[{"@type":"ListItem","position":1,"name":"Home","item":"https:\/\/www.sebastien-auziere.fr\/blog\/"},{"@type":"ListItem","position":2,"name":"Brigitte et Emmanuel Macron : l\u2019\u00c9lys\u00e9e collabore avec un chef \u00e9toil\u00e9 pour une cr\u00e9ation culinaire gourmande"}]},{"@type":"WebSite","@id":"https:\/\/www.sebastien-auziere.fr\/blog\/#website","url":"https:\/\/www.sebastien-auziere.fr\/blog\/","name":"Fan site S\u00e9bastien Auzi\u00e8re","description":"M\u00e9dia g\u00e9n\u00e9raliste","publisher":{"@id":"https:\/\/www.sebastien-auziere.fr\/blog\/#organization"},"potentialAction":[{"@type":"SearchAction","target":{"@type":"EntryPoint","urlTemplate":"https:\/\/www.sebastien-auziere.fr\/blog\/?s={search_term_string}"},"query-input":{"@type":"PropertyValueSpecification","valueRequired":true,"valueName":"search_term_string"}}],"inLanguage":"fr-FR"},{"@type":"Organization","@id":"https:\/\/www.sebastien-auziere.fr\/blog\/#organization","name":"Fan site S\u00e9bastien Auzi\u00e8re","url":"https:\/\/www.sebastien-auziere.fr\/blog\/","logo":{"@type":"ImageObject","inLanguage":"fr-FR","@id":"https:\/\/www.sebastien-auziere.fr\/blog\/#\/schema\/logo\/image\/","url":"https:\/\/www.sebastien-auziere.fr\/blog\/wp-content\/uploads\/2026\/03\/cropped-cropped-cropped-ChatGPT-Image-6-mars-2026-12_58_09-e1772798376794.jpg","contentUrl":"https:\/\/www.sebastien-auziere.fr\/blog\/wp-content\/uploads\/2026\/03\/cropped-cropped-cropped-ChatGPT-Image-6-mars-2026-12_58_09-e1772798376794.jpg","width":512,"height":360,"caption":"Fan site S\u00e9bastien Auzi\u00e8re"},"image":{"@id":"https:\/\/www.sebastien-auziere.fr\/blog\/#\/schema\/logo\/image\/"}},{"@type":"Person","@id":"https:\/\/www.sebastien-auziere.fr\/blog\/#\/schema\/person\/149f1acdbfd85149c6c3e59adeae2f4d","name":"Chloe Gauthier","image":{"@type":"ImageObject","inLanguage":"fr-FR","@id":"https:\/\/secure.gravatar.com\/avatar\/2c5722f58171cff738a8985ef0dd66b476e563753246a49019befc837ec4201a?s=96&d=mm&r=g","url":"https:\/\/secure.gravatar.com\/avatar\/2c5722f58171cff738a8985ef0dd66b476e563753246a49019befc837ec4201a?s=96&d=mm&r=g","contentUrl":"https:\/\/secure.gravatar.com\/avatar\/2c5722f58171cff738a8985ef0dd66b476e563753246a49019befc837ec4201a?s=96&d=mm&r=g","caption":"Chloe Gauthier"},"description":"Passionn\u00e9e par la politique et admiratrice engag\u00e9e de la famille Macron, je consacre mon \u00e9nergie \u00e0 suivre leurs initiatives et \u00e0 promouvoir leurs id\u00e9es. \u00c0 32 ans, je suis convaincue que leur vision est porteuse d'avenir.","url":"https:\/\/www.sebastien-auziere.fr\/blog\/author\/chloe-gauthier\/"}]}},"views":0,"_links":{"self":[{"href":"https:\/\/www.sebastien-auziere.fr\/blog\/wp-json\/wp\/v2\/posts\/3495","targetHints":{"allow":["GET"]}}],"collection":[{"href":"https:\/\/www.sebastien-auziere.fr\/blog\/wp-json\/wp\/v2\/posts"}],"about":[{"href":"https:\/\/www.sebastien-auziere.fr\/blog\/wp-json\/wp\/v2\/types\/post"}],"author":[{"embeddable":true,"href":"https:\/\/www.sebastien-auziere.fr\/blog\/wp-json\/wp\/v2\/users\/9"}],"replies":[{"embeddable":true,"href":"https:\/\/www.sebastien-auziere.fr\/blog\/wp-json\/wp\/v2\/comments?post=3495"}],"version-history":[{"count":0,"href":"https:\/\/www.sebastien-auziere.fr\/blog\/wp-json\/wp\/v2\/posts\/3495\/revisions"}],"wp:featuredmedia":[{"embeddable":true,"href":"https:\/\/www.sebastien-auziere.fr\/blog\/wp-json\/wp\/v2\/media\/3494"}],"wp:attachment":[{"href":"https:\/\/www.sebastien-auziere.fr\/blog\/wp-json\/wp\/v2\/media?parent=3495"}],"wp:term":[{"taxonomy":"category","embeddable":true,"href":"https:\/\/www.sebastien-auziere.fr\/blog\/wp-json\/wp\/v2\/categories?post=3495"},{"taxonomy":"post_tag","embeddable":true,"href":"https:\/\/www.sebastien-auziere.fr\/blog\/wp-json\/wp\/v2\/tags?post=3495"}],"curies":[{"name":"wp","href":"https:\/\/api.w.org\/{rel}","templated":true}]}}