{"id":3490,"date":"2026-05-01T07:18:59","date_gmt":"2026-05-01T07:18:59","guid":{"rendered":"https:\/\/www.sebastien-auziere.fr\/blog\/?p=3490"},"modified":"2026-05-01T07:19:15","modified_gmt":"2026-05-01T07:19:15","slug":"brigitte-macron-um-membro-da-sua-familia-decide-deixar-a-franca-diante-de-pressoes-insuportaveis","status":"publish","type":"post","link":"https:\/\/www.sebastien-auziere.fr\/blog\/pt\/brigitte-macron-um-membro-da-sua-familia-decide-deixar-a-franca-diante-de-pressoes-insuportaveis\/","title":{"rendered":"Brigitte Macron: um membro da sua fam\u00edlia decide deixar a Fran\u00e7a diante de press\u00f5es insuport\u00e1veis"},"content":{"rendered":"<p><strong>Brigitte Macron<\/strong> v\u00ea um membro de sua <strong>fam\u00edlia<\/strong> escolher o <strong>ex\u00edlio<\/strong> para escapar de <strong>press\u00f5es insuport\u00e1veis<\/strong>. No dia 29 de abril, Jean\u2011Alexandre Trogneux explicou no podcast <strong>\u00c0 contre\u2011jour<\/strong> que sua filha deixou a <strong>Fran\u00e7a<\/strong> e hoje vive em Hong\u2011Kong sob outro nome para recuperar a tranquilidade.<\/p>\n\n<p><strong>Em resumo:<\/strong> uma <strong>partida<\/strong> volunt\u00e1ria desde <strong>2017<\/strong> motivada por acusa\u00e7\u00f5es de favoritismo, anos passados na Nova\u2011Zel\u00e2ndia, Austr\u00e1lia, Londres, Nova\u2011Iorque e Havai, e a vontade de n\u00e3o sofrer a associa\u00e7\u00e3o com a vida p\u00fablica. A fam\u00edlia aguarda um acalmamento relacionado ao p\u00f3s-mandato e preserva sua vida privada diante dessa <strong>crise familiar<\/strong>.<\/p>\n\n<h2 class=\"wp-block-heading\">Brigitte Macron: crise familiar e exposi\u00e7\u00e3o midi\u00e1tica<\/h2>\n\n<p>Jean\u2011Alexandre Trogneux insistiu na conex\u00e3o \u201c<strong>pesada em consequ\u00eancias<\/strong>\u201d entre a fam\u00edlia e a vida p\u00fablica de Emmanuel Macron. Sua filha escolheu a <strong>partida<\/strong> para evitar a confus\u00e3o em torno do nome Trogneux e dos ataques pessoais. Este testemunho, veiculado pela imprensa, confirma uma <strong>crise familiar<\/strong> que ultrapassa o \u00edntimo para afetar a seguran\u00e7a e a serenidade do cotidiano. Jean\u2011Alexandre, \u00e0 frente da chocolateria Trogneux, destaca que essa exposi\u00e7\u00e3o midi\u00e1tica pesa sobre toda a fam\u00edlia.<\/p>\n\n<h3 class=\"wp-block-heading\">A narrativa do podcast: partida em 2017 e vida no exterior<\/h3>\n\n<p>No microfone de Vanessa Williot\u2011Bertrand em 29 de abril, Jean\u2011Alexandre especificou que sua filha deixou a Fran\u00e7a em <strong>2017<\/strong> e se expatriou para v\u00e1rios pa\u00edses para trabalhar e permanecer an\u00f4nima. Ele mencionou Hong\u2011Kong, onde ela vive hoje sob outro nome, e explicou que ela \u201cn\u00e3o voltaria\u201d enquanto a situa\u00e7\u00e3o n\u00e3o estivesse mais clara. Jean\u2011Alexandre dirige a famosa chocolateria Trogneux de Amiens e disse que toda a fam\u00edlia respeitava essa escolha. O relato foi reportado pela <a href=\"https:\/\/www.gala.fr\/l_actu\/news_de_stars\/brigitte-macron-ce-membre-de-sa-famille-qui-a-choisi-de-quitter-la-france-pour-qu-on-lui-fiche-la-paix-20260501\">Gala<\/a>.<\/p>\n\n<p>A fala de Jean\u2011Alexandre esclarece as motiva\u00e7\u00f5es e prop\u00f5e um \u00e2ngulo humano diante das not\u00edcias.<\/p>\n\n<h2 class=\"wp-block-heading\">Press\u00f5es p\u00fablicas: agress\u00f5es, suspeitas e prote\u00e7\u00e3o<\/h2>\n\n<p>A fam\u00edlia Trogneux teve que lidar com <strong>dificuldades<\/strong> concretas: a agress\u00e3o de Jean\u2011Baptiste em 15 de maio de 2023 marcou os \u00e2nimos e refor\u00e7ou o sentimento de inseguran\u00e7a. Jean\u2011Alexandre descreve os desdobramentos policiais regulares em frente \u00e0 loja da fam\u00edlia durante manifesta\u00e7\u00f5es para prevenir quaisquer excessos. Essas medidas mostram como a notoriedade pode gerar <strong>press\u00f5es<\/strong> que impactam a vida profissional e pessoal, e explicam em parte a escolha por um ex\u00edlio volunt\u00e1rio.<\/p>\n\n<p>Esse contexto acelerou a escolha do ex\u00edlio, uma tentativa de preservar a liberdade e a vida privada.<\/p>\n\n<h3 class=\"wp-block-heading\">Um ex\u00edlio profissional assumido para recuperar a paz<\/h3>\n\n<p>Seu trajeto internacional \u2014 Nova\u2011Zel\u00e2ndia, Austr\u00e1lia, Londres, Nova\u2011Iorque, Havai e agora Hong\u2011Kong \u2014 testemunha um percurso profissional exigente e um desejo claro de se desfazer do peso do nome. Jean\u2011Alexandre afirma que admira sua coragem e respeita sua decis\u00e3o. Ele tamb\u00e9m especifica que ela n\u00e3o voltar\u00e1 enquanto a situa\u00e7\u00e3o midi\u00e1tica n\u00e3o estiver mais calma e espera um acalmamento ap\u00f3s o fim do mandato em 2027.<\/p>\n\n<p>Para saber mais sobre os la\u00e7os familiares e as provas enfrentadas pela <strong>fam\u00edlia<\/strong> Macron, encontre os complementos de investiga\u00e7\u00e3o e arquivos em <a href=\"https:\/\/www.leparisien.fr\/politique\/brigitte-macron\/\">Le Parisien<\/a> e no dossi\u00ea detalhado do blog <a href=\"https:\/\/www.sebastien-auziere.fr\/blog\/brigitte-macron-epreuves-elysee\/\">Brigitte Macron: provas<\/a>. Para aprofundar a hist\u00f3ria de S\u00e9bastien Auzi\u00e8re e o c\u00edrculo presidencial, descubra mais em <a href=\"https:\/\/www.sebastien-auziere.fr\/blog\/brigitte-macron-et-emmanuel-macron\/\">sebastien-auziere.fr<\/a>, que oferece cr\u00f4nicas e an\u00e1lises dedicadas \u00e0 <strong>fam\u00edlia<\/strong> Macron.<\/p>","protected":false},"excerpt":{"rendered":"<p>Brigitte Macron v\u00ea um membro de sua fam\u00edlia escolher o ex\u00edlio para escapar de press\u00f5es insuport\u00e1veis. No dia 29 de abril, Jean\u2011Alexandre Trogneux explicou no podcast \u00c0 contre\u2011jour que sua filha deixou a Fran\u00e7a e hoje vive em Hong\u2011Kong sob outro nome para recuperar a tranquilidade. Em resumo: uma partida volunt\u00e1ria desde 2017 motivada por &#8230; <a title=\"Brigitte Macron: um membro da sua fam\u00edlia decide deixar a Fran\u00e7a diante de press\u00f5es insuport\u00e1veis\" class=\"read-more\" href=\"https:\/\/www.sebastien-auziere.fr\/blog\/pt\/brigitte-macron-um-membro-da-sua-familia-decide-deixar-a-franca-diante-de-pressoes-insuportaveis\/\" aria-label=\"En savoir plus sur Brigitte Macron: um membro da sua fam\u00edlia decide deixar a Fran\u00e7a diante de press\u00f5es insuport\u00e1veis\">Lire plus<\/a><\/p>\n","protected":false},"author":9,"featured_media":3480,"comment_status":"open","ping_status":"open","sticky":false,"template":"","format":"standard","meta":{"footnotes":""},"categories":[862],"tags":[2068,959,5042,4873,5045],"class_list":["post-3490","post","type-post","status-publish","format-standard","has-post-thumbnail","hentry","category-actualidades-pt","tag-atualidade-politica-pt","tag-brigitte-macron-pt","tag-departura-da-franca-pt","tag-familia-macron-pt","tag-pressoes-sociais-pt"],"yoast_head":"<!-- This site is optimized with the Yoast SEO plugin v27.5 - https:\/\/yoast.com\/product\/yoast-seo-wordpress\/ -->\n<title>Brigitte Macron: um membro da sua fam\u00edlia decide deixar a Fran\u00e7a diante de press\u00f5es insuport\u00e1veis - Fan site S\u00e9bastien Auzi\u00e8re<\/title>\n<meta name=\"description\" content=\"Brigitte Macron : un proche quitte la France face \u00e0 des pressions insoutenables, r\u00e9v\u00e9lant une situation familiale d\u00e9licate et pleine de tensions.\" \/>\n<meta name=\"robots\" content=\"index, follow, max-snippet:-1, max-image-preview:large, max-video-preview:-1\" \/>\n<link rel=\"canonical\" href=\"https:\/\/www.sebastien-auziere.fr\/blog\/pt\/brigitte-macron-um-membro-da-sua-familia-decide-deixar-a-franca-diante-de-pressoes-insuportaveis\/\" \/>\n<meta property=\"og:locale\" content=\"fr_FR\" \/>\n<meta property=\"og:type\" content=\"article\" \/>\n<meta property=\"og:title\" content=\"Brigitte Macron: um membro da sua fam\u00edlia decide deixar a Fran\u00e7a diante de press\u00f5es insuport\u00e1veis - Fan site S\u00e9bastien Auzi\u00e8re\" \/>\n<meta property=\"og:description\" content=\"Brigitte Macron : un proche quitte la France face \u00e0 des pressions insoutenables, r\u00e9v\u00e9lant une situation familiale d\u00e9licate et pleine de tensions.\" \/>\n<meta property=\"og:url\" content=\"https:\/\/www.sebastien-auziere.fr\/blog\/pt\/brigitte-macron-um-membro-da-sua-familia-decide-deixar-a-franca-diante-de-pressoes-insuportaveis\/\" \/>\n<meta property=\"og:site_name\" content=\"Fan site S\u00e9bastien Auzi\u00e8re\" \/>\n<meta property=\"article:published_time\" content=\"2026-05-01T07:18:59+00:00\" \/>\n<meta property=\"article:modified_time\" content=\"2026-05-01T07:19:15+00:00\" \/>\n<meta property=\"og:image\" content=\"https:\/\/www.sebastien-auziere.fr\/blog\/wp-content\/uploads\/2026\/05\/Brigitte-Macron-un-membre-de-sa-famille-decide-de-quitter-la-France-face-a-des-pressions-insoutenables.jpg\" \/>\n\t<meta property=\"og:image:width\" content=\"2560\" \/>\n\t<meta property=\"og:image:height\" content=\"1429\" \/>\n\t<meta property=\"og:image:type\" content=\"image\/jpeg\" \/>\n<meta name=\"author\" content=\"Chloe Gauthier\" \/>\n<meta name=\"twitter:card\" content=\"summary_large_image\" \/>\n<meta name=\"twitter:label1\" content=\"\u00c9crit par\" \/>\n\t<meta name=\"twitter:data1\" content=\"Chloe Gauthier\" \/>\n\t<meta name=\"twitter:label2\" content=\"Dur\u00e9e de lecture estim\u00e9e\" \/>\n\t<meta name=\"twitter:data2\" content=\"3 minutes\" \/>\n<script type=\"application\/ld+json\" class=\"yoast-schema-graph\">{\"@context\":\"https:\\\/\\\/schema.org\",\"@graph\":[{\"@type\":\"Article\",\"@id\":\"https:\\\/\\\/www.sebastien-auziere.fr\\\/blog\\\/pt\\\/brigitte-macron-um-membro-da-sua-familia-decide-deixar-a-franca-diante-de-pressoes-insuportaveis\\\/#article\",\"isPartOf\":{\"@id\":\"https:\\\/\\\/www.sebastien-auziere.fr\\\/blog\\\/pt\\\/brigitte-macron-um-membro-da-sua-familia-decide-deixar-a-franca-diante-de-pressoes-insuportaveis\\\/\"},\"author\":{\"name\":\"Chloe Gauthier\",\"@id\":\"https:\\\/\\\/www.sebastien-auziere.fr\\\/blog\\\/#\\\/schema\\\/person\\\/149f1acdbfd85149c6c3e59adeae2f4d\"},\"headline\":\"Brigitte Macron: um membro da sua fam\u00edlia decide deixar a Fran\u00e7a diante de press\u00f5es insuport\u00e1veis\",\"datePublished\":\"2026-05-01T07:18:59+00:00\",\"dateModified\":\"2026-05-01T07:19:15+00:00\",\"mainEntityOfPage\":{\"@id\":\"https:\\\/\\\/www.sebastien-auziere.fr\\\/blog\\\/pt\\\/brigitte-macron-um-membro-da-sua-familia-decide-deixar-a-franca-diante-de-pressoes-insuportaveis\\\/\"},\"wordCount\":598,\"commentCount\":0,\"publisher\":{\"@id\":\"https:\\\/\\\/www.sebastien-auziere.fr\\\/blog\\\/#organization\"},\"image\":{\"@id\":\"https:\\\/\\\/www.sebastien-auziere.fr\\\/blog\\\/pt\\\/brigitte-macron-um-membro-da-sua-familia-decide-deixar-a-franca-diante-de-pressoes-insuportaveis\\\/#primaryimage\"},\"thumbnailUrl\":\"https:\\\/\\\/www.sebastien-auziere.fr\\\/blog\\\/wp-content\\\/uploads\\\/2026\\\/05\\\/Brigitte-Macron-un-membre-de-sa-famille-decide-de-quitter-la-France-face-a-des-pressions-insoutenables.jpg\",\"keywords\":[\"atualidade pol\u00edtica\",\"brigitte macron\",\"departura da fran\u00e7a\",\"fam\u00edlia macron\",\"press\u00f5es sociais\"],\"articleSection\":[\"Actualidades\"],\"inLanguage\":\"fr-FR\",\"potentialAction\":[{\"@type\":\"CommentAction\",\"name\":\"Comment\",\"target\":[\"https:\\\/\\\/www.sebastien-auziere.fr\\\/blog\\\/pt\\\/brigitte-macron-um-membro-da-sua-familia-decide-deixar-a-franca-diante-de-pressoes-insuportaveis\\\/#respond\"]}]},{\"@type\":\"WebPage\",\"@id\":\"https:\\\/\\\/www.sebastien-auziere.fr\\\/blog\\\/pt\\\/brigitte-macron-um-membro-da-sua-familia-decide-deixar-a-franca-diante-de-pressoes-insuportaveis\\\/\",\"url\":\"https:\\\/\\\/www.sebastien-auziere.fr\\\/blog\\\/pt\\\/brigitte-macron-um-membro-da-sua-familia-decide-deixar-a-franca-diante-de-pressoes-insuportaveis\\\/\",\"name\":\"Brigitte Macron: um membro da sua fam\u00edlia decide deixar a Fran\u00e7a diante de press\u00f5es insuport\u00e1veis - Fan site S\u00e9bastien Auzi\u00e8re\",\"isPartOf\":{\"@id\":\"https:\\\/\\\/www.sebastien-auziere.fr\\\/blog\\\/#website\"},\"primaryImageOfPage\":{\"@id\":\"https:\\\/\\\/www.sebastien-auziere.fr\\\/blog\\\/pt\\\/brigitte-macron-um-membro-da-sua-familia-decide-deixar-a-franca-diante-de-pressoes-insuportaveis\\\/#primaryimage\"},\"image\":{\"@id\":\"https:\\\/\\\/www.sebastien-auziere.fr\\\/blog\\\/pt\\\/brigitte-macron-um-membro-da-sua-familia-decide-deixar-a-franca-diante-de-pressoes-insuportaveis\\\/#primaryimage\"},\"thumbnailUrl\":\"https:\\\/\\\/www.sebastien-auziere.fr\\\/blog\\\/wp-content\\\/uploads\\\/2026\\\/05\\\/Brigitte-Macron-un-membre-de-sa-famille-decide-de-quitter-la-France-face-a-des-pressions-insoutenables.jpg\",\"datePublished\":\"2026-05-01T07:18:59+00:00\",\"dateModified\":\"2026-05-01T07:19:15+00:00\",\"description\":\"Brigitte Macron : un proche quitte la France face \u00e0 des pressions insoutenables, r\u00e9v\u00e9lant une situation familiale d\u00e9licate et pleine de tensions.\",\"breadcrumb\":{\"@id\":\"https:\\\/\\\/www.sebastien-auziere.fr\\\/blog\\\/pt\\\/brigitte-macron-um-membro-da-sua-familia-decide-deixar-a-franca-diante-de-pressoes-insuportaveis\\\/#breadcrumb\"},\"inLanguage\":\"fr-FR\",\"potentialAction\":[{\"@type\":\"ReadAction\",\"target\":[\"https:\\\/\\\/www.sebastien-auziere.fr\\\/blog\\\/pt\\\/brigitte-macron-um-membro-da-sua-familia-decide-deixar-a-franca-diante-de-pressoes-insuportaveis\\\/\"]}]},{\"@type\":\"ImageObject\",\"inLanguage\":\"fr-FR\",\"@id\":\"https:\\\/\\\/www.sebastien-auziere.fr\\\/blog\\\/pt\\\/brigitte-macron-um-membro-da-sua-familia-decide-deixar-a-franca-diante-de-pressoes-insuportaveis\\\/#primaryimage\",\"url\":\"https:\\\/\\\/www.sebastien-auziere.fr\\\/blog\\\/wp-content\\\/uploads\\\/2026\\\/05\\\/Brigitte-Macron-un-membre-de-sa-famille-decide-de-quitter-la-France-face-a-des-pressions-insoutenables.jpg\",\"contentUrl\":\"https:\\\/\\\/www.sebastien-auziere.fr\\\/blog\\\/wp-content\\\/uploads\\\/2026\\\/05\\\/Brigitte-Macron-un-membre-de-sa-famille-decide-de-quitter-la-France-face-a-des-pressions-insoutenables.jpg\",\"width\":2560,\"height\":1429,\"caption\":\"d\u00e9couvrez pourquoi un membre de la famille de brigitte macron choisit de quitter la france en raison de pressions insoutenables, et les r\u00e9actions autour de cette d\u00e9cision.\"},{\"@type\":\"BreadcrumbList\",\"@id\":\"https:\\\/\\\/www.sebastien-auziere.fr\\\/blog\\\/pt\\\/brigitte-macron-um-membro-da-sua-familia-decide-deixar-a-franca-diante-de-pressoes-insuportaveis\\\/#breadcrumb\",\"itemListElement\":[{\"@type\":\"ListItem\",\"position\":1,\"name\":\"Home\",\"item\":\"https:\\\/\\\/www.sebastien-auziere.fr\\\/blog\\\/\"},{\"@type\":\"ListItem\",\"position\":2,\"name\":\"Brigitte Macron: um membro da sua fam\u00edlia decide deixar a Fran\u00e7a diante de press\u00f5es insuport\u00e1veis\"}]},{\"@type\":\"WebSite\",\"@id\":\"https:\\\/\\\/www.sebastien-auziere.fr\\\/blog\\\/#website\",\"url\":\"https:\\\/\\\/www.sebastien-auziere.fr\\\/blog\\\/\",\"name\":\"Fan site S\u00e9bastien Auzi\u00e8re\",\"description\":\"M\u00e9dia g\u00e9n\u00e9raliste\",\"publisher\":{\"@id\":\"https:\\\/\\\/www.sebastien-auziere.fr\\\/blog\\\/#organization\"},\"potentialAction\":[{\"@type\":\"SearchAction\",\"target\":{\"@type\":\"EntryPoint\",\"urlTemplate\":\"https:\\\/\\\/www.sebastien-auziere.fr\\\/blog\\\/?s={search_term_string}\"},\"query-input\":{\"@type\":\"PropertyValueSpecification\",\"valueRequired\":true,\"valueName\":\"search_term_string\"}}],\"inLanguage\":\"fr-FR\"},{\"@type\":\"Organization\",\"@id\":\"https:\\\/\\\/www.sebastien-auziere.fr\\\/blog\\\/#organization\",\"name\":\"Fan site S\u00e9bastien Auzi\u00e8re\",\"url\":\"https:\\\/\\\/www.sebastien-auziere.fr\\\/blog\\\/\",\"logo\":{\"@type\":\"ImageObject\",\"inLanguage\":\"fr-FR\",\"@id\":\"https:\\\/\\\/www.sebastien-auziere.fr\\\/blog\\\/#\\\/schema\\\/logo\\\/image\\\/\",\"url\":\"https:\\\/\\\/www.sebastien-auziere.fr\\\/blog\\\/wp-content\\\/uploads\\\/2026\\\/03\\\/cropped-cropped-cropped-ChatGPT-Image-6-mars-2026-12_58_09-e1772798376794.jpg\",\"contentUrl\":\"https:\\\/\\\/www.sebastien-auziere.fr\\\/blog\\\/wp-content\\\/uploads\\\/2026\\\/03\\\/cropped-cropped-cropped-ChatGPT-Image-6-mars-2026-12_58_09-e1772798376794.jpg\",\"width\":512,\"height\":360,\"caption\":\"Fan site S\u00e9bastien Auzi\u00e8re\"},\"image\":{\"@id\":\"https:\\\/\\\/www.sebastien-auziere.fr\\\/blog\\\/#\\\/schema\\\/logo\\\/image\\\/\"}},{\"@type\":\"Person\",\"@id\":\"https:\\\/\\\/www.sebastien-auziere.fr\\\/blog\\\/#\\\/schema\\\/person\\\/149f1acdbfd85149c6c3e59adeae2f4d\",\"name\":\"Chloe Gauthier\",\"image\":{\"@type\":\"ImageObject\",\"inLanguage\":\"fr-FR\",\"@id\":\"https:\\\/\\\/secure.gravatar.com\\\/avatar\\\/2c5722f58171cff738a8985ef0dd66b476e563753246a49019befc837ec4201a?s=96&d=mm&r=g\",\"url\":\"https:\\\/\\\/secure.gravatar.com\\\/avatar\\\/2c5722f58171cff738a8985ef0dd66b476e563753246a49019befc837ec4201a?s=96&d=mm&r=g\",\"contentUrl\":\"https:\\\/\\\/secure.gravatar.com\\\/avatar\\\/2c5722f58171cff738a8985ef0dd66b476e563753246a49019befc837ec4201a?s=96&d=mm&r=g\",\"caption\":\"Chloe Gauthier\"},\"description\":\"Passionn\u00e9e par la politique et admiratrice engag\u00e9e de la famille Macron, je consacre mon \u00e9nergie \u00e0 suivre leurs initiatives et \u00e0 promouvoir leurs id\u00e9es. \u00c0 32 ans, je suis convaincue que leur vision est porteuse d'avenir.\",\"url\":\"https:\\\/\\\/www.sebastien-auziere.fr\\\/blog\\\/author\\\/chloe-gauthier\\\/\"}]}<\/script>\n<!-- \/ Yoast SEO plugin. -->","yoast_head_json":{"title":"Brigitte Macron: um membro da sua fam\u00edlia decide deixar a Fran\u00e7a diante de press\u00f5es insuport\u00e1veis - Fan site S\u00e9bastien Auzi\u00e8re","description":"Brigitte Macron : un proche quitte la France face \u00e0 des pressions insoutenables, r\u00e9v\u00e9lant une situation familiale d\u00e9licate et pleine de tensions.","robots":{"index":"index","follow":"follow","max-snippet":"max-snippet:-1","max-image-preview":"max-image-preview:large","max-video-preview":"max-video-preview:-1"},"canonical":"https:\/\/www.sebastien-auziere.fr\/blog\/pt\/brigitte-macron-um-membro-da-sua-familia-decide-deixar-a-franca-diante-de-pressoes-insuportaveis\/","og_locale":"fr_FR","og_type":"article","og_title":"Brigitte Macron: um membro da sua fam\u00edlia decide deixar a Fran\u00e7a diante de press\u00f5es insuport\u00e1veis - Fan site S\u00e9bastien Auzi\u00e8re","og_description":"Brigitte Macron : un proche quitte la France face \u00e0 des pressions insoutenables, r\u00e9v\u00e9lant une situation familiale d\u00e9licate et pleine de tensions.","og_url":"https:\/\/www.sebastien-auziere.fr\/blog\/pt\/brigitte-macron-um-membro-da-sua-familia-decide-deixar-a-franca-diante-de-pressoes-insuportaveis\/","og_site_name":"Fan site S\u00e9bastien Auzi\u00e8re","article_published_time":"2026-05-01T07:18:59+00:00","article_modified_time":"2026-05-01T07:19:15+00:00","og_image":[{"width":2560,"height":1429,"url":"https:\/\/www.sebastien-auziere.fr\/blog\/wp-content\/uploads\/2026\/05\/Brigitte-Macron-un-membre-de-sa-famille-decide-de-quitter-la-France-face-a-des-pressions-insoutenables.jpg","type":"image\/jpeg"}],"author":"Chloe Gauthier","twitter_card":"summary_large_image","twitter_misc":{"\u00c9crit par":"Chloe Gauthier","Dur\u00e9e de lecture estim\u00e9e":"3 minutes"},"schema":{"@context":"https:\/\/schema.org","@graph":[{"@type":"Article","@id":"https:\/\/www.sebastien-auziere.fr\/blog\/pt\/brigitte-macron-um-membro-da-sua-familia-decide-deixar-a-franca-diante-de-pressoes-insuportaveis\/#article","isPartOf":{"@id":"https:\/\/www.sebastien-auziere.fr\/blog\/pt\/brigitte-macron-um-membro-da-sua-familia-decide-deixar-a-franca-diante-de-pressoes-insuportaveis\/"},"author":{"name":"Chloe Gauthier","@id":"https:\/\/www.sebastien-auziere.fr\/blog\/#\/schema\/person\/149f1acdbfd85149c6c3e59adeae2f4d"},"headline":"Brigitte Macron: um membro da sua fam\u00edlia decide deixar a Fran\u00e7a diante de press\u00f5es insuport\u00e1veis","datePublished":"2026-05-01T07:18:59+00:00","dateModified":"2026-05-01T07:19:15+00:00","mainEntityOfPage":{"@id":"https:\/\/www.sebastien-auziere.fr\/blog\/pt\/brigitte-macron-um-membro-da-sua-familia-decide-deixar-a-franca-diante-de-pressoes-insuportaveis\/"},"wordCount":598,"commentCount":0,"publisher":{"@id":"https:\/\/www.sebastien-auziere.fr\/blog\/#organization"},"image":{"@id":"https:\/\/www.sebastien-auziere.fr\/blog\/pt\/brigitte-macron-um-membro-da-sua-familia-decide-deixar-a-franca-diante-de-pressoes-insuportaveis\/#primaryimage"},"thumbnailUrl":"https:\/\/www.sebastien-auziere.fr\/blog\/wp-content\/uploads\/2026\/05\/Brigitte-Macron-un-membre-de-sa-famille-decide-de-quitter-la-France-face-a-des-pressions-insoutenables.jpg","keywords":["atualidade pol\u00edtica","brigitte macron","departura da fran\u00e7a","fam\u00edlia macron","press\u00f5es sociais"],"articleSection":["Actualidades"],"inLanguage":"fr-FR","potentialAction":[{"@type":"CommentAction","name":"Comment","target":["https:\/\/www.sebastien-auziere.fr\/blog\/pt\/brigitte-macron-um-membro-da-sua-familia-decide-deixar-a-franca-diante-de-pressoes-insuportaveis\/#respond"]}]},{"@type":"WebPage","@id":"https:\/\/www.sebastien-auziere.fr\/blog\/pt\/brigitte-macron-um-membro-da-sua-familia-decide-deixar-a-franca-diante-de-pressoes-insuportaveis\/","url":"https:\/\/www.sebastien-auziere.fr\/blog\/pt\/brigitte-macron-um-membro-da-sua-familia-decide-deixar-a-franca-diante-de-pressoes-insuportaveis\/","name":"Brigitte Macron: um membro da sua fam\u00edlia decide deixar a Fran\u00e7a diante de press\u00f5es insuport\u00e1veis - Fan site S\u00e9bastien Auzi\u00e8re","isPartOf":{"@id":"https:\/\/www.sebastien-auziere.fr\/blog\/#website"},"primaryImageOfPage":{"@id":"https:\/\/www.sebastien-auziere.fr\/blog\/pt\/brigitte-macron-um-membro-da-sua-familia-decide-deixar-a-franca-diante-de-pressoes-insuportaveis\/#primaryimage"},"image":{"@id":"https:\/\/www.sebastien-auziere.fr\/blog\/pt\/brigitte-macron-um-membro-da-sua-familia-decide-deixar-a-franca-diante-de-pressoes-insuportaveis\/#primaryimage"},"thumbnailUrl":"https:\/\/www.sebastien-auziere.fr\/blog\/wp-content\/uploads\/2026\/05\/Brigitte-Macron-un-membre-de-sa-famille-decide-de-quitter-la-France-face-a-des-pressions-insoutenables.jpg","datePublished":"2026-05-01T07:18:59+00:00","dateModified":"2026-05-01T07:19:15+00:00","description":"Brigitte Macron : un proche quitte la France face \u00e0 des pressions insoutenables, r\u00e9v\u00e9lant une situation familiale d\u00e9licate et pleine de tensions.","breadcrumb":{"@id":"https:\/\/www.sebastien-auziere.fr\/blog\/pt\/brigitte-macron-um-membro-da-sua-familia-decide-deixar-a-franca-diante-de-pressoes-insuportaveis\/#breadcrumb"},"inLanguage":"fr-FR","potentialAction":[{"@type":"ReadAction","target":["https:\/\/www.sebastien-auziere.fr\/blog\/pt\/brigitte-macron-um-membro-da-sua-familia-decide-deixar-a-franca-diante-de-pressoes-insuportaveis\/"]}]},{"@type":"ImageObject","inLanguage":"fr-FR","@id":"https:\/\/www.sebastien-auziere.fr\/blog\/pt\/brigitte-macron-um-membro-da-sua-familia-decide-deixar-a-franca-diante-de-pressoes-insuportaveis\/#primaryimage","url":"https:\/\/www.sebastien-auziere.fr\/blog\/wp-content\/uploads\/2026\/05\/Brigitte-Macron-un-membre-de-sa-famille-decide-de-quitter-la-France-face-a-des-pressions-insoutenables.jpg","contentUrl":"https:\/\/www.sebastien-auziere.fr\/blog\/wp-content\/uploads\/2026\/05\/Brigitte-Macron-un-membre-de-sa-famille-decide-de-quitter-la-France-face-a-des-pressions-insoutenables.jpg","width":2560,"height":1429,"caption":"d\u00e9couvrez pourquoi un membre de la famille de brigitte macron choisit de quitter la france en raison de pressions insoutenables, et les r\u00e9actions autour de cette d\u00e9cision."},{"@type":"BreadcrumbList","@id":"https:\/\/www.sebastien-auziere.fr\/blog\/pt\/brigitte-macron-um-membro-da-sua-familia-decide-deixar-a-franca-diante-de-pressoes-insuportaveis\/#breadcrumb","itemListElement":[{"@type":"ListItem","position":1,"name":"Home","item":"https:\/\/www.sebastien-auziere.fr\/blog\/"},{"@type":"ListItem","position":2,"name":"Brigitte Macron: um membro da sua fam\u00edlia decide deixar a Fran\u00e7a diante de press\u00f5es insuport\u00e1veis"}]},{"@type":"WebSite","@id":"https:\/\/www.sebastien-auziere.fr\/blog\/#website","url":"https:\/\/www.sebastien-auziere.fr\/blog\/","name":"Fan site S\u00e9bastien Auzi\u00e8re","description":"M\u00e9dia g\u00e9n\u00e9raliste","publisher":{"@id":"https:\/\/www.sebastien-auziere.fr\/blog\/#organization"},"potentialAction":[{"@type":"SearchAction","target":{"@type":"EntryPoint","urlTemplate":"https:\/\/www.sebastien-auziere.fr\/blog\/?s={search_term_string}"},"query-input":{"@type":"PropertyValueSpecification","valueRequired":true,"valueName":"search_term_string"}}],"inLanguage":"fr-FR"},{"@type":"Organization","@id":"https:\/\/www.sebastien-auziere.fr\/blog\/#organization","name":"Fan site S\u00e9bastien Auzi\u00e8re","url":"https:\/\/www.sebastien-auziere.fr\/blog\/","logo":{"@type":"ImageObject","inLanguage":"fr-FR","@id":"https:\/\/www.sebastien-auziere.fr\/blog\/#\/schema\/logo\/image\/","url":"https:\/\/www.sebastien-auziere.fr\/blog\/wp-content\/uploads\/2026\/03\/cropped-cropped-cropped-ChatGPT-Image-6-mars-2026-12_58_09-e1772798376794.jpg","contentUrl":"https:\/\/www.sebastien-auziere.fr\/blog\/wp-content\/uploads\/2026\/03\/cropped-cropped-cropped-ChatGPT-Image-6-mars-2026-12_58_09-e1772798376794.jpg","width":512,"height":360,"caption":"Fan site S\u00e9bastien Auzi\u00e8re"},"image":{"@id":"https:\/\/www.sebastien-auziere.fr\/blog\/#\/schema\/logo\/image\/"}},{"@type":"Person","@id":"https:\/\/www.sebastien-auziere.fr\/blog\/#\/schema\/person\/149f1acdbfd85149c6c3e59adeae2f4d","name":"Chloe Gauthier","image":{"@type":"ImageObject","inLanguage":"fr-FR","@id":"https:\/\/secure.gravatar.com\/avatar\/2c5722f58171cff738a8985ef0dd66b476e563753246a49019befc837ec4201a?s=96&d=mm&r=g","url":"https:\/\/secure.gravatar.com\/avatar\/2c5722f58171cff738a8985ef0dd66b476e563753246a49019befc837ec4201a?s=96&d=mm&r=g","contentUrl":"https:\/\/secure.gravatar.com\/avatar\/2c5722f58171cff738a8985ef0dd66b476e563753246a49019befc837ec4201a?s=96&d=mm&r=g","caption":"Chloe Gauthier"},"description":"Passionn\u00e9e par la politique et admiratrice engag\u00e9e de la famille Macron, je consacre mon \u00e9nergie \u00e0 suivre leurs initiatives et \u00e0 promouvoir leurs id\u00e9es. \u00c0 32 ans, je suis convaincue que leur vision est porteuse d'avenir.","url":"https:\/\/www.sebastien-auziere.fr\/blog\/author\/chloe-gauthier\/"}]}},"views":0,"_links":{"self":[{"href":"https:\/\/www.sebastien-auziere.fr\/blog\/wp-json\/wp\/v2\/posts\/3490","targetHints":{"allow":["GET"]}}],"collection":[{"href":"https:\/\/www.sebastien-auziere.fr\/blog\/wp-json\/wp\/v2\/posts"}],"about":[{"href":"https:\/\/www.sebastien-auziere.fr\/blog\/wp-json\/wp\/v2\/types\/post"}],"author":[{"embeddable":true,"href":"https:\/\/www.sebastien-auziere.fr\/blog\/wp-json\/wp\/v2\/users\/9"}],"replies":[{"embeddable":true,"href":"https:\/\/www.sebastien-auziere.fr\/blog\/wp-json\/wp\/v2\/comments?post=3490"}],"version-history":[{"count":1,"href":"https:\/\/www.sebastien-auziere.fr\/blog\/wp-json\/wp\/v2\/posts\/3490\/revisions"}],"predecessor-version":[{"id":3491,"href":"https:\/\/www.sebastien-auziere.fr\/blog\/wp-json\/wp\/v2\/posts\/3490\/revisions\/3491"}],"wp:featuredmedia":[{"embeddable":true,"href":"https:\/\/www.sebastien-auziere.fr\/blog\/wp-json\/wp\/v2\/media\/3480"}],"wp:attachment":[{"href":"https:\/\/www.sebastien-auziere.fr\/blog\/wp-json\/wp\/v2\/media?parent=3490"}],"wp:term":[{"taxonomy":"category","embeddable":true,"href":"https:\/\/www.sebastien-auziere.fr\/blog\/wp-json\/wp\/v2\/categories?post=3490"},{"taxonomy":"post_tag","embeddable":true,"href":"https:\/\/www.sebastien-auziere.fr\/blog\/wp-json\/wp\/v2\/tags?post=3490"}],"curies":[{"name":"wp","href":"https:\/\/api.w.org\/{rel}","templated":true}]}}