{"id":3488,"date":"2026-05-01T07:16:56","date_gmt":"2026-05-01T07:16:56","guid":{"rendered":"https:\/\/www.sebastien-auziere.fr\/blog\/?p=3488"},"modified":"2026-05-01T07:17:13","modified_gmt":"2026-05-01T07:17:13","slug":"brigitte-macron-un-membro-della-sua-famiglia-decide-di-lasciare-la-francia-di-fronte-a-pressioni-insostenibili","status":"publish","type":"post","link":"https:\/\/www.sebastien-auziere.fr\/blog\/it\/brigitte-macron-un-membro-della-sua-famiglia-decide-di-lasciare-la-francia-di-fronte-a-pressioni-insostenibili\/","title":{"rendered":"Brigitte Macron: un membro della sua famiglia decide di lasciare la Francia di fronte a pressioni insostenibili"},"content":{"rendered":"<p><strong>Brigitte Macron<\/strong> vede un membro della sua <strong>famiglia<\/strong> scegliere l&rsquo;<strong>esilio<\/strong> per sfuggire a <strong>pressioni insostenibili<\/strong>. Il 29 aprile, Jean\u2011Alexandre Trogneux ha spiegato al podcast <strong>A contro\u2011luce<\/strong> che sua figlia ha lasciato la <strong>Francia<\/strong> e vive oggi a Hong\u2011Kong con un altro nome per ritrovare la tranquillit\u00e0.<\/p>\n\n<p><strong>In breve:<\/strong> una <strong>partenza<\/strong> volontaria dal <strong>2017<\/strong> motivata da accuse di favoritismo, anni trascorsi in Nuova Zelanda, Australia, Londra, New York e Hawaii, e la volont\u00e0 di non subire l&rsquo;amalgama con la vita pubblica. La famiglia attende un appianamento legato all&rsquo;epoca post-mandato e preserva la propria vita privata di fronte a questa <strong>crisi familiare<\/strong>.<\/p>\n\n<h2 class=\"wp-block-heading\">Brigitte Macron: crisi familiare ed esposizione mediatica<\/h2>\n\n<p>Jean\u2011Alexandre Trogneux ha insistito sul legame \u00ab<strong>pesante di conseguenze<\/strong>\u00bb tra la famiglia e la vita pubblica di Emmanuel Macron. Sua figlia ha scelto la <strong>partenza<\/strong> per evitare l&rsquo;amalgama attorno al nome Trogneux e agli attacchi personali. Questa testimonianza, ripresa dalla stampa, conferma una <strong>crisi familiare<\/strong> che supera l&rsquo;intimo per toccare la sicurezza e la serenit\u00e0 del quotidiano. Jean\u2011Alexandre, a capo della cioccolateria Trogneux, sottolinea che questa esposizione mediatica grava su tutto il nucleo familiare.<\/p>\n\n<h3 class=\"wp-block-heading\">Il racconto del podcast: partenza nel 2017 e vita all&rsquo;estero<\/h3>\n\n<p>Al microfono di Vanessa Williot\u2011Bertrand il 29 aprile, Jean\u2011Alexandre ha precisato che sua figlia ha lasciato la Francia nel <strong>2017<\/strong> ed \u00e8 stata espatriata in diversi paesi per lavorare e rimanere anonima. Ha menzionato Hong\u2011Kong dove vive oggi con un altro nome, e ha spiegato che \u00abnon torner\u00e0\u00bb finch\u00e9 la situazione non sar\u00e0 pi\u00f9 chiara. Jean\u2011Alexandre dirige la famosa cioccolateria di Amiens Trogneux e ha detto che tutta la famiglia rispetta questa scelta. Il racconto \u00e8 stato riportato da <a href=\"https:\/\/www.gala.fr\/l_actu\/news_de_stars\/brigitte-macron-ce-membre-de-sa-famille-qui-a-choisi-de-quitter-la-france-pour-qu-on-lui-fiche-la-paix-20260501\">Gala<\/a>.<\/p>\n\n<p>La voce di Jean\u2011Alexandre illumina le motivazioni e propone un angolo umano di fronte all&rsquo;attualit\u00e0.<\/p>\n\n<h2 class=\"wp-block-heading\">Pressioni pubbliche: aggressioni, sospetti e protezione<\/h2>\n\n<p>La famiglia Trogneux ha dovuto confrontarsi con <strong>difficolt\u00e0<\/strong> concrete: l&rsquo;aggressione di Jean\u2011Baptiste il 15 maggio 2023 ha lasciato il segno e rafforzato il senso di insicurezza. Jean\u2011Alexandre descrive dispiegamenti regolari di polizia davanti alla boutique familiare durante le manifestazioni per prevenire ogni eccesso. Queste misure mostrano quanto la notoriet\u00e0 possa generare <strong>pressioni<\/strong> che impattano sulla vita professionale e personale, e spiegano in parte la scelta di un esilio volontario.<\/p>\n\n<p>Questo contesto ha accelerato la scelta dell&rsquo;esilio, un tentativo di preservare la libert\u00e0 e la vita privata.<\/p>\n\n<h3 class=\"wp-block-heading\">Un esilio professionale assunto per ritrovare la pace<\/h3>\n\n<p>Il suo percorso internazionale \u2014 Nuova Zelanda, Australia, Londra, New York, Hawaii, poi Hong\u2011Kong \u2014 testimonia un cammino professionale esigente e un chiaro desiderio di liberarsi dal peso del nome. Jean\u2011Alexandre afferma che ammira il suo coraggio e rispetta la sua decisione. Precisa anche che non torner\u00e0 finch\u00e9 la situazione mediatica non sar\u00e0 pi\u00f9 calma e spera in un appianamento dopo la fine del mandato nel 2027.<\/p>\n\n<p>Per saperne di pi\u00f9 sui legami familiari e le prove vissute dalla <strong>famiglia<\/strong> Macron, trova i supplementi di indagine e gli archivi su <a href=\"https:\/\/www.leparisien.fr\/politique\/brigitte-macron\/\">Le Parisien<\/a> e sul dossier dettagliato del blog <a href=\"https:\/\/www.sebastien-auziere.fr\/blog\/brigitte-macron-epreuves-elysee\/\">Brigitte Macron: prove<\/a>. Per approfondire la storia di S\u00e9bastien Auzi\u00e8re e dell&rsquo;entourage presidenziale, scopri di pi\u00f9 su <a href=\"https:\/\/www.sebastien-auziere.fr\/blog\/brigitte-macron-e-emmanuel-macron\/\">sebastien-auziere.fr<\/a>, che propone cronache e analisi dedicate alla <strong>famiglia<\/strong> Macron.<\/p>","protected":false},"excerpt":{"rendered":"<p>Brigitte Macron vede un membro della sua famiglia scegliere l&rsquo;esilio per sfuggire a pressioni insostenibili. Il 29 aprile, Jean\u2011Alexandre Trogneux ha spiegato al podcast A contro\u2011luce che sua figlia ha lasciato la Francia e vive oggi a Hong\u2011Kong con un altro nome per ritrovare la tranquillit\u00e0. In breve: una partenza volontaria dal 2017 motivata da &#8230; <a title=\"Brigitte Macron: un membro della sua famiglia decide di lasciare la Francia di fronte a pressioni insostenibili\" class=\"read-more\" href=\"https:\/\/www.sebastien-auziere.fr\/blog\/it\/brigitte-macron-un-membro-della-sua-famiglia-decide-di-lasciare-la-francia-di-fronte-a-pressioni-insostenibili\/\" aria-label=\"En savoir plus sur Brigitte Macron: un membro della sua famiglia decide di lasciare la Francia di fronte a pressioni insostenibili\">Lire plus<\/a><\/p>\n","protected":false},"author":9,"featured_media":3480,"comment_status":"open","ping_status":"open","sticky":false,"template":"","format":"standard","meta":{"footnotes":""},"categories":[859],"tags":[2056,944,4861,5036,5039],"class_list":["post-3488","post","type-post","status-publish","format-standard","has-post-thumbnail","hentry","category-actualita-it","tag-attualita-politica-it","tag-brigitte-macron-it","tag-famiglia-macron-it","tag-partenza-dalla-francia-it","tag-pressioni-sociali-it"],"yoast_head":"<!-- This site is optimized with the Yoast SEO plugin v27.5 - https:\/\/yoast.com\/product\/yoast-seo-wordpress\/ -->\n<title>Brigitte Macron: un membro della sua famiglia decide di lasciare la Francia di fronte a pressioni insostenibili - Fan site S\u00e9bastien Auzi\u00e8re<\/title>\n<meta name=\"description\" content=\"Brigitte Macron : un proche quitte la France face \u00e0 des pressions insoutenables, r\u00e9v\u00e9lant une situation familiale d\u00e9licate et pleine de tensions.\" \/>\n<meta name=\"robots\" content=\"index, follow, max-snippet:-1, max-image-preview:large, max-video-preview:-1\" \/>\n<link rel=\"canonical\" href=\"https:\/\/www.sebastien-auziere.fr\/blog\/it\/brigitte-macron-un-membro-della-sua-famiglia-decide-di-lasciare-la-francia-di-fronte-a-pressioni-insostenibili\/\" \/>\n<meta property=\"og:locale\" content=\"fr_FR\" \/>\n<meta property=\"og:type\" content=\"article\" \/>\n<meta property=\"og:title\" content=\"Brigitte Macron: un membro della sua famiglia decide di lasciare la Francia di fronte a pressioni insostenibili - Fan site S\u00e9bastien Auzi\u00e8re\" \/>\n<meta property=\"og:description\" content=\"Brigitte Macron : un proche quitte la France face \u00e0 des pressions insoutenables, r\u00e9v\u00e9lant une situation familiale d\u00e9licate et pleine de tensions.\" \/>\n<meta property=\"og:url\" content=\"https:\/\/www.sebastien-auziere.fr\/blog\/it\/brigitte-macron-un-membro-della-sua-famiglia-decide-di-lasciare-la-francia-di-fronte-a-pressioni-insostenibili\/\" \/>\n<meta property=\"og:site_name\" content=\"Fan site S\u00e9bastien Auzi\u00e8re\" \/>\n<meta property=\"article:published_time\" content=\"2026-05-01T07:16:56+00:00\" \/>\n<meta property=\"article:modified_time\" content=\"2026-05-01T07:17:13+00:00\" \/>\n<meta property=\"og:image\" content=\"https:\/\/www.sebastien-auziere.fr\/blog\/wp-content\/uploads\/2026\/05\/Brigitte-Macron-un-membre-de-sa-famille-decide-de-quitter-la-France-face-a-des-pressions-insoutenables.jpg\" \/>\n\t<meta property=\"og:image:width\" content=\"2560\" \/>\n\t<meta property=\"og:image:height\" content=\"1429\" \/>\n\t<meta property=\"og:image:type\" content=\"image\/jpeg\" \/>\n<meta name=\"author\" content=\"Chloe Gauthier\" \/>\n<meta name=\"twitter:card\" content=\"summary_large_image\" \/>\n<meta name=\"twitter:label1\" content=\"\u00c9crit par\" \/>\n\t<meta name=\"twitter:data1\" content=\"Chloe Gauthier\" \/>\n\t<meta name=\"twitter:label2\" content=\"Dur\u00e9e de lecture estim\u00e9e\" \/>\n\t<meta name=\"twitter:data2\" content=\"3 minutes\" \/>\n<script type=\"application\/ld+json\" class=\"yoast-schema-graph\">{\"@context\":\"https:\\\/\\\/schema.org\",\"@graph\":[{\"@type\":\"Article\",\"@id\":\"https:\\\/\\\/www.sebastien-auziere.fr\\\/blog\\\/it\\\/brigitte-macron-un-membro-della-sua-famiglia-decide-di-lasciare-la-francia-di-fronte-a-pressioni-insostenibili\\\/#article\",\"isPartOf\":{\"@id\":\"https:\\\/\\\/www.sebastien-auziere.fr\\\/blog\\\/it\\\/brigitte-macron-un-membro-della-sua-famiglia-decide-di-lasciare-la-francia-di-fronte-a-pressioni-insostenibili\\\/\"},\"author\":{\"name\":\"Chloe Gauthier\",\"@id\":\"https:\\\/\\\/www.sebastien-auziere.fr\\\/blog\\\/#\\\/schema\\\/person\\\/149f1acdbfd85149c6c3e59adeae2f4d\"},\"headline\":\"Brigitte Macron: un membro della sua famiglia decide di lasciare la Francia di fronte a pressioni insostenibili\",\"datePublished\":\"2026-05-01T07:16:56+00:00\",\"dateModified\":\"2026-05-01T07:17:13+00:00\",\"mainEntityOfPage\":{\"@id\":\"https:\\\/\\\/www.sebastien-auziere.fr\\\/blog\\\/it\\\/brigitte-macron-un-membro-della-sua-famiglia-decide-di-lasciare-la-francia-di-fronte-a-pressioni-insostenibili\\\/\"},\"wordCount\":533,\"commentCount\":0,\"publisher\":{\"@id\":\"https:\\\/\\\/www.sebastien-auziere.fr\\\/blog\\\/#organization\"},\"image\":{\"@id\":\"https:\\\/\\\/www.sebastien-auziere.fr\\\/blog\\\/it\\\/brigitte-macron-un-membro-della-sua-famiglia-decide-di-lasciare-la-francia-di-fronte-a-pressioni-insostenibili\\\/#primaryimage\"},\"thumbnailUrl\":\"https:\\\/\\\/www.sebastien-auziere.fr\\\/blog\\\/wp-content\\\/uploads\\\/2026\\\/05\\\/Brigitte-Macron-un-membre-de-sa-famille-decide-de-quitter-la-France-face-a-des-pressions-insoutenables.jpg\",\"keywords\":[\"attualit\u00e0 politica\",\"brigitte macron\",\"famiglia macron\",\"partenza dalla francia\",\"pressioni sociali\"],\"articleSection\":[\"Actualit\u00e0\"],\"inLanguage\":\"fr-FR\",\"potentialAction\":[{\"@type\":\"CommentAction\",\"name\":\"Comment\",\"target\":[\"https:\\\/\\\/www.sebastien-auziere.fr\\\/blog\\\/it\\\/brigitte-macron-un-membro-della-sua-famiglia-decide-di-lasciare-la-francia-di-fronte-a-pressioni-insostenibili\\\/#respond\"]}]},{\"@type\":\"WebPage\",\"@id\":\"https:\\\/\\\/www.sebastien-auziere.fr\\\/blog\\\/it\\\/brigitte-macron-un-membro-della-sua-famiglia-decide-di-lasciare-la-francia-di-fronte-a-pressioni-insostenibili\\\/\",\"url\":\"https:\\\/\\\/www.sebastien-auziere.fr\\\/blog\\\/it\\\/brigitte-macron-un-membro-della-sua-famiglia-decide-di-lasciare-la-francia-di-fronte-a-pressioni-insostenibili\\\/\",\"name\":\"Brigitte Macron: un membro della sua famiglia decide di lasciare la Francia di fronte a pressioni insostenibili - Fan site S\u00e9bastien Auzi\u00e8re\",\"isPartOf\":{\"@id\":\"https:\\\/\\\/www.sebastien-auziere.fr\\\/blog\\\/#website\"},\"primaryImageOfPage\":{\"@id\":\"https:\\\/\\\/www.sebastien-auziere.fr\\\/blog\\\/it\\\/brigitte-macron-un-membro-della-sua-famiglia-decide-di-lasciare-la-francia-di-fronte-a-pressioni-insostenibili\\\/#primaryimage\"},\"image\":{\"@id\":\"https:\\\/\\\/www.sebastien-auziere.fr\\\/blog\\\/it\\\/brigitte-macron-un-membro-della-sua-famiglia-decide-di-lasciare-la-francia-di-fronte-a-pressioni-insostenibili\\\/#primaryimage\"},\"thumbnailUrl\":\"https:\\\/\\\/www.sebastien-auziere.fr\\\/blog\\\/wp-content\\\/uploads\\\/2026\\\/05\\\/Brigitte-Macron-un-membre-de-sa-famille-decide-de-quitter-la-France-face-a-des-pressions-insoutenables.jpg\",\"datePublished\":\"2026-05-01T07:16:56+00:00\",\"dateModified\":\"2026-05-01T07:17:13+00:00\",\"description\":\"Brigitte Macron : un proche quitte la France face \u00e0 des pressions insoutenables, r\u00e9v\u00e9lant une situation familiale d\u00e9licate et pleine de tensions.\",\"breadcrumb\":{\"@id\":\"https:\\\/\\\/www.sebastien-auziere.fr\\\/blog\\\/it\\\/brigitte-macron-un-membro-della-sua-famiglia-decide-di-lasciare-la-francia-di-fronte-a-pressioni-insostenibili\\\/#breadcrumb\"},\"inLanguage\":\"fr-FR\",\"potentialAction\":[{\"@type\":\"ReadAction\",\"target\":[\"https:\\\/\\\/www.sebastien-auziere.fr\\\/blog\\\/it\\\/brigitte-macron-un-membro-della-sua-famiglia-decide-di-lasciare-la-francia-di-fronte-a-pressioni-insostenibili\\\/\"]}]},{\"@type\":\"ImageObject\",\"inLanguage\":\"fr-FR\",\"@id\":\"https:\\\/\\\/www.sebastien-auziere.fr\\\/blog\\\/it\\\/brigitte-macron-un-membro-della-sua-famiglia-decide-di-lasciare-la-francia-di-fronte-a-pressioni-insostenibili\\\/#primaryimage\",\"url\":\"https:\\\/\\\/www.sebastien-auziere.fr\\\/blog\\\/wp-content\\\/uploads\\\/2026\\\/05\\\/Brigitte-Macron-un-membre-de-sa-famille-decide-de-quitter-la-France-face-a-des-pressions-insoutenables.jpg\",\"contentUrl\":\"https:\\\/\\\/www.sebastien-auziere.fr\\\/blog\\\/wp-content\\\/uploads\\\/2026\\\/05\\\/Brigitte-Macron-un-membre-de-sa-famille-decide-de-quitter-la-France-face-a-des-pressions-insoutenables.jpg\",\"width\":2560,\"height\":1429,\"caption\":\"d\u00e9couvrez pourquoi un membre de la famille de brigitte macron choisit de quitter la france en raison de pressions insoutenables, et les r\u00e9actions autour de cette d\u00e9cision.\"},{\"@type\":\"BreadcrumbList\",\"@id\":\"https:\\\/\\\/www.sebastien-auziere.fr\\\/blog\\\/it\\\/brigitte-macron-un-membro-della-sua-famiglia-decide-di-lasciare-la-francia-di-fronte-a-pressioni-insostenibili\\\/#breadcrumb\",\"itemListElement\":[{\"@type\":\"ListItem\",\"position\":1,\"name\":\"Home\",\"item\":\"https:\\\/\\\/www.sebastien-auziere.fr\\\/blog\\\/\"},{\"@type\":\"ListItem\",\"position\":2,\"name\":\"Brigitte Macron: un membro della sua famiglia decide di lasciare la Francia di fronte a pressioni insostenibili\"}]},{\"@type\":\"WebSite\",\"@id\":\"https:\\\/\\\/www.sebastien-auziere.fr\\\/blog\\\/#website\",\"url\":\"https:\\\/\\\/www.sebastien-auziere.fr\\\/blog\\\/\",\"name\":\"Fan site S\u00e9bastien Auzi\u00e8re\",\"description\":\"M\u00e9dia g\u00e9n\u00e9raliste\",\"publisher\":{\"@id\":\"https:\\\/\\\/www.sebastien-auziere.fr\\\/blog\\\/#organization\"},\"potentialAction\":[{\"@type\":\"SearchAction\",\"target\":{\"@type\":\"EntryPoint\",\"urlTemplate\":\"https:\\\/\\\/www.sebastien-auziere.fr\\\/blog\\\/?s={search_term_string}\"},\"query-input\":{\"@type\":\"PropertyValueSpecification\",\"valueRequired\":true,\"valueName\":\"search_term_string\"}}],\"inLanguage\":\"fr-FR\"},{\"@type\":\"Organization\",\"@id\":\"https:\\\/\\\/www.sebastien-auziere.fr\\\/blog\\\/#organization\",\"name\":\"Fan site S\u00e9bastien Auzi\u00e8re\",\"url\":\"https:\\\/\\\/www.sebastien-auziere.fr\\\/blog\\\/\",\"logo\":{\"@type\":\"ImageObject\",\"inLanguage\":\"fr-FR\",\"@id\":\"https:\\\/\\\/www.sebastien-auziere.fr\\\/blog\\\/#\\\/schema\\\/logo\\\/image\\\/\",\"url\":\"https:\\\/\\\/www.sebastien-auziere.fr\\\/blog\\\/wp-content\\\/uploads\\\/2026\\\/03\\\/cropped-cropped-cropped-ChatGPT-Image-6-mars-2026-12_58_09-e1772798376794.jpg\",\"contentUrl\":\"https:\\\/\\\/www.sebastien-auziere.fr\\\/blog\\\/wp-content\\\/uploads\\\/2026\\\/03\\\/cropped-cropped-cropped-ChatGPT-Image-6-mars-2026-12_58_09-e1772798376794.jpg\",\"width\":512,\"height\":360,\"caption\":\"Fan site S\u00e9bastien Auzi\u00e8re\"},\"image\":{\"@id\":\"https:\\\/\\\/www.sebastien-auziere.fr\\\/blog\\\/#\\\/schema\\\/logo\\\/image\\\/\"}},{\"@type\":\"Person\",\"@id\":\"https:\\\/\\\/www.sebastien-auziere.fr\\\/blog\\\/#\\\/schema\\\/person\\\/149f1acdbfd85149c6c3e59adeae2f4d\",\"name\":\"Chloe Gauthier\",\"image\":{\"@type\":\"ImageObject\",\"inLanguage\":\"fr-FR\",\"@id\":\"https:\\\/\\\/secure.gravatar.com\\\/avatar\\\/2c5722f58171cff738a8985ef0dd66b476e563753246a49019befc837ec4201a?s=96&d=mm&r=g\",\"url\":\"https:\\\/\\\/secure.gravatar.com\\\/avatar\\\/2c5722f58171cff738a8985ef0dd66b476e563753246a49019befc837ec4201a?s=96&d=mm&r=g\",\"contentUrl\":\"https:\\\/\\\/secure.gravatar.com\\\/avatar\\\/2c5722f58171cff738a8985ef0dd66b476e563753246a49019befc837ec4201a?s=96&d=mm&r=g\",\"caption\":\"Chloe Gauthier\"},\"description\":\"Passionn\u00e9e par la politique et admiratrice engag\u00e9e de la famille Macron, je consacre mon \u00e9nergie \u00e0 suivre leurs initiatives et \u00e0 promouvoir leurs id\u00e9es. \u00c0 32 ans, je suis convaincue que leur vision est porteuse d'avenir.\",\"url\":\"https:\\\/\\\/www.sebastien-auziere.fr\\\/blog\\\/author\\\/chloe-gauthier\\\/\"}]}<\/script>\n<!-- \/ Yoast SEO plugin. -->","yoast_head_json":{"title":"Brigitte Macron: un membro della sua famiglia decide di lasciare la Francia di fronte a pressioni insostenibili - Fan site S\u00e9bastien Auzi\u00e8re","description":"Brigitte Macron : un proche quitte la France face \u00e0 des pressions insoutenables, r\u00e9v\u00e9lant une situation familiale d\u00e9licate et pleine de tensions.","robots":{"index":"index","follow":"follow","max-snippet":"max-snippet:-1","max-image-preview":"max-image-preview:large","max-video-preview":"max-video-preview:-1"},"canonical":"https:\/\/www.sebastien-auziere.fr\/blog\/it\/brigitte-macron-un-membro-della-sua-famiglia-decide-di-lasciare-la-francia-di-fronte-a-pressioni-insostenibili\/","og_locale":"fr_FR","og_type":"article","og_title":"Brigitte Macron: un membro della sua famiglia decide di lasciare la Francia di fronte a pressioni insostenibili - Fan site S\u00e9bastien Auzi\u00e8re","og_description":"Brigitte Macron : un proche quitte la France face \u00e0 des pressions insoutenables, r\u00e9v\u00e9lant une situation familiale d\u00e9licate et pleine de tensions.","og_url":"https:\/\/www.sebastien-auziere.fr\/blog\/it\/brigitte-macron-un-membro-della-sua-famiglia-decide-di-lasciare-la-francia-di-fronte-a-pressioni-insostenibili\/","og_site_name":"Fan site S\u00e9bastien Auzi\u00e8re","article_published_time":"2026-05-01T07:16:56+00:00","article_modified_time":"2026-05-01T07:17:13+00:00","og_image":[{"width":2560,"height":1429,"url":"https:\/\/www.sebastien-auziere.fr\/blog\/wp-content\/uploads\/2026\/05\/Brigitte-Macron-un-membre-de-sa-famille-decide-de-quitter-la-France-face-a-des-pressions-insoutenables.jpg","type":"image\/jpeg"}],"author":"Chloe Gauthier","twitter_card":"summary_large_image","twitter_misc":{"\u00c9crit par":"Chloe Gauthier","Dur\u00e9e de lecture estim\u00e9e":"3 minutes"},"schema":{"@context":"https:\/\/schema.org","@graph":[{"@type":"Article","@id":"https:\/\/www.sebastien-auziere.fr\/blog\/it\/brigitte-macron-un-membro-della-sua-famiglia-decide-di-lasciare-la-francia-di-fronte-a-pressioni-insostenibili\/#article","isPartOf":{"@id":"https:\/\/www.sebastien-auziere.fr\/blog\/it\/brigitte-macron-un-membro-della-sua-famiglia-decide-di-lasciare-la-francia-di-fronte-a-pressioni-insostenibili\/"},"author":{"name":"Chloe Gauthier","@id":"https:\/\/www.sebastien-auziere.fr\/blog\/#\/schema\/person\/149f1acdbfd85149c6c3e59adeae2f4d"},"headline":"Brigitte Macron: un membro della sua famiglia decide di lasciare la Francia di fronte a pressioni insostenibili","datePublished":"2026-05-01T07:16:56+00:00","dateModified":"2026-05-01T07:17:13+00:00","mainEntityOfPage":{"@id":"https:\/\/www.sebastien-auziere.fr\/blog\/it\/brigitte-macron-un-membro-della-sua-famiglia-decide-di-lasciare-la-francia-di-fronte-a-pressioni-insostenibili\/"},"wordCount":533,"commentCount":0,"publisher":{"@id":"https:\/\/www.sebastien-auziere.fr\/blog\/#organization"},"image":{"@id":"https:\/\/www.sebastien-auziere.fr\/blog\/it\/brigitte-macron-un-membro-della-sua-famiglia-decide-di-lasciare-la-francia-di-fronte-a-pressioni-insostenibili\/#primaryimage"},"thumbnailUrl":"https:\/\/www.sebastien-auziere.fr\/blog\/wp-content\/uploads\/2026\/05\/Brigitte-Macron-un-membre-de-sa-famille-decide-de-quitter-la-France-face-a-des-pressions-insoutenables.jpg","keywords":["attualit\u00e0 politica","brigitte macron","famiglia macron","partenza dalla francia","pressioni sociali"],"articleSection":["Actualit\u00e0"],"inLanguage":"fr-FR","potentialAction":[{"@type":"CommentAction","name":"Comment","target":["https:\/\/www.sebastien-auziere.fr\/blog\/it\/brigitte-macron-un-membro-della-sua-famiglia-decide-di-lasciare-la-francia-di-fronte-a-pressioni-insostenibili\/#respond"]}]},{"@type":"WebPage","@id":"https:\/\/www.sebastien-auziere.fr\/blog\/it\/brigitte-macron-un-membro-della-sua-famiglia-decide-di-lasciare-la-francia-di-fronte-a-pressioni-insostenibili\/","url":"https:\/\/www.sebastien-auziere.fr\/blog\/it\/brigitte-macron-un-membro-della-sua-famiglia-decide-di-lasciare-la-francia-di-fronte-a-pressioni-insostenibili\/","name":"Brigitte Macron: un membro della sua famiglia decide di lasciare la Francia di fronte a pressioni insostenibili - Fan site S\u00e9bastien Auzi\u00e8re","isPartOf":{"@id":"https:\/\/www.sebastien-auziere.fr\/blog\/#website"},"primaryImageOfPage":{"@id":"https:\/\/www.sebastien-auziere.fr\/blog\/it\/brigitte-macron-un-membro-della-sua-famiglia-decide-di-lasciare-la-francia-di-fronte-a-pressioni-insostenibili\/#primaryimage"},"image":{"@id":"https:\/\/www.sebastien-auziere.fr\/blog\/it\/brigitte-macron-un-membro-della-sua-famiglia-decide-di-lasciare-la-francia-di-fronte-a-pressioni-insostenibili\/#primaryimage"},"thumbnailUrl":"https:\/\/www.sebastien-auziere.fr\/blog\/wp-content\/uploads\/2026\/05\/Brigitte-Macron-un-membre-de-sa-famille-decide-de-quitter-la-France-face-a-des-pressions-insoutenables.jpg","datePublished":"2026-05-01T07:16:56+00:00","dateModified":"2026-05-01T07:17:13+00:00","description":"Brigitte Macron : un proche quitte la France face \u00e0 des pressions insoutenables, r\u00e9v\u00e9lant une situation familiale d\u00e9licate et pleine de tensions.","breadcrumb":{"@id":"https:\/\/www.sebastien-auziere.fr\/blog\/it\/brigitte-macron-un-membro-della-sua-famiglia-decide-di-lasciare-la-francia-di-fronte-a-pressioni-insostenibili\/#breadcrumb"},"inLanguage":"fr-FR","potentialAction":[{"@type":"ReadAction","target":["https:\/\/www.sebastien-auziere.fr\/blog\/it\/brigitte-macron-un-membro-della-sua-famiglia-decide-di-lasciare-la-francia-di-fronte-a-pressioni-insostenibili\/"]}]},{"@type":"ImageObject","inLanguage":"fr-FR","@id":"https:\/\/www.sebastien-auziere.fr\/blog\/it\/brigitte-macron-un-membro-della-sua-famiglia-decide-di-lasciare-la-francia-di-fronte-a-pressioni-insostenibili\/#primaryimage","url":"https:\/\/www.sebastien-auziere.fr\/blog\/wp-content\/uploads\/2026\/05\/Brigitte-Macron-un-membre-de-sa-famille-decide-de-quitter-la-France-face-a-des-pressions-insoutenables.jpg","contentUrl":"https:\/\/www.sebastien-auziere.fr\/blog\/wp-content\/uploads\/2026\/05\/Brigitte-Macron-un-membre-de-sa-famille-decide-de-quitter-la-France-face-a-des-pressions-insoutenables.jpg","width":2560,"height":1429,"caption":"d\u00e9couvrez pourquoi un membre de la famille de brigitte macron choisit de quitter la france en raison de pressions insoutenables, et les r\u00e9actions autour de cette d\u00e9cision."},{"@type":"BreadcrumbList","@id":"https:\/\/www.sebastien-auziere.fr\/blog\/it\/brigitte-macron-un-membro-della-sua-famiglia-decide-di-lasciare-la-francia-di-fronte-a-pressioni-insostenibili\/#breadcrumb","itemListElement":[{"@type":"ListItem","position":1,"name":"Home","item":"https:\/\/www.sebastien-auziere.fr\/blog\/"},{"@type":"ListItem","position":2,"name":"Brigitte Macron: un membro della sua famiglia decide di lasciare la Francia di fronte a pressioni insostenibili"}]},{"@type":"WebSite","@id":"https:\/\/www.sebastien-auziere.fr\/blog\/#website","url":"https:\/\/www.sebastien-auziere.fr\/blog\/","name":"Fan site S\u00e9bastien Auzi\u00e8re","description":"M\u00e9dia g\u00e9n\u00e9raliste","publisher":{"@id":"https:\/\/www.sebastien-auziere.fr\/blog\/#organization"},"potentialAction":[{"@type":"SearchAction","target":{"@type":"EntryPoint","urlTemplate":"https:\/\/www.sebastien-auziere.fr\/blog\/?s={search_term_string}"},"query-input":{"@type":"PropertyValueSpecification","valueRequired":true,"valueName":"search_term_string"}}],"inLanguage":"fr-FR"},{"@type":"Organization","@id":"https:\/\/www.sebastien-auziere.fr\/blog\/#organization","name":"Fan site S\u00e9bastien Auzi\u00e8re","url":"https:\/\/www.sebastien-auziere.fr\/blog\/","logo":{"@type":"ImageObject","inLanguage":"fr-FR","@id":"https:\/\/www.sebastien-auziere.fr\/blog\/#\/schema\/logo\/image\/","url":"https:\/\/www.sebastien-auziere.fr\/blog\/wp-content\/uploads\/2026\/03\/cropped-cropped-cropped-ChatGPT-Image-6-mars-2026-12_58_09-e1772798376794.jpg","contentUrl":"https:\/\/www.sebastien-auziere.fr\/blog\/wp-content\/uploads\/2026\/03\/cropped-cropped-cropped-ChatGPT-Image-6-mars-2026-12_58_09-e1772798376794.jpg","width":512,"height":360,"caption":"Fan site S\u00e9bastien Auzi\u00e8re"},"image":{"@id":"https:\/\/www.sebastien-auziere.fr\/blog\/#\/schema\/logo\/image\/"}},{"@type":"Person","@id":"https:\/\/www.sebastien-auziere.fr\/blog\/#\/schema\/person\/149f1acdbfd85149c6c3e59adeae2f4d","name":"Chloe Gauthier","image":{"@type":"ImageObject","inLanguage":"fr-FR","@id":"https:\/\/secure.gravatar.com\/avatar\/2c5722f58171cff738a8985ef0dd66b476e563753246a49019befc837ec4201a?s=96&d=mm&r=g","url":"https:\/\/secure.gravatar.com\/avatar\/2c5722f58171cff738a8985ef0dd66b476e563753246a49019befc837ec4201a?s=96&d=mm&r=g","contentUrl":"https:\/\/secure.gravatar.com\/avatar\/2c5722f58171cff738a8985ef0dd66b476e563753246a49019befc837ec4201a?s=96&d=mm&r=g","caption":"Chloe Gauthier"},"description":"Passionn\u00e9e par la politique et admiratrice engag\u00e9e de la famille Macron, je consacre mon \u00e9nergie \u00e0 suivre leurs initiatives et \u00e0 promouvoir leurs id\u00e9es. \u00c0 32 ans, je suis convaincue que leur vision est porteuse d'avenir.","url":"https:\/\/www.sebastien-auziere.fr\/blog\/author\/chloe-gauthier\/"}]}},"views":0,"_links":{"self":[{"href":"https:\/\/www.sebastien-auziere.fr\/blog\/wp-json\/wp\/v2\/posts\/3488","targetHints":{"allow":["GET"]}}],"collection":[{"href":"https:\/\/www.sebastien-auziere.fr\/blog\/wp-json\/wp\/v2\/posts"}],"about":[{"href":"https:\/\/www.sebastien-auziere.fr\/blog\/wp-json\/wp\/v2\/types\/post"}],"author":[{"embeddable":true,"href":"https:\/\/www.sebastien-auziere.fr\/blog\/wp-json\/wp\/v2\/users\/9"}],"replies":[{"embeddable":true,"href":"https:\/\/www.sebastien-auziere.fr\/blog\/wp-json\/wp\/v2\/comments?post=3488"}],"version-history":[{"count":1,"href":"https:\/\/www.sebastien-auziere.fr\/blog\/wp-json\/wp\/v2\/posts\/3488\/revisions"}],"predecessor-version":[{"id":3489,"href":"https:\/\/www.sebastien-auziere.fr\/blog\/wp-json\/wp\/v2\/posts\/3488\/revisions\/3489"}],"wp:featuredmedia":[{"embeddable":true,"href":"https:\/\/www.sebastien-auziere.fr\/blog\/wp-json\/wp\/v2\/media\/3480"}],"wp:attachment":[{"href":"https:\/\/www.sebastien-auziere.fr\/blog\/wp-json\/wp\/v2\/media?parent=3488"}],"wp:term":[{"taxonomy":"category","embeddable":true,"href":"https:\/\/www.sebastien-auziere.fr\/blog\/wp-json\/wp\/v2\/categories?post=3488"},{"taxonomy":"post_tag","embeddable":true,"href":"https:\/\/www.sebastien-auziere.fr\/blog\/wp-json\/wp\/v2\/tags?post=3488"}],"curies":[{"name":"wp","href":"https:\/\/api.w.org\/{rel}","templated":true}]}}