{"id":3484,"date":"2026-05-01T07:16:03","date_gmt":"2026-05-01T07:16:03","guid":{"rendered":"https:\/\/www.sebastien-auziere.fr\/blog\/?p=3484"},"modified":"2026-05-01T07:16:18","modified_gmt":"2026-05-01T07:16:18","slug":"brigitte-macron-un-miembro-de-su-familia-decide-abandonar-francia-ante-presiones-insostenibles","status":"publish","type":"post","link":"https:\/\/www.sebastien-auziere.fr\/blog\/es\/brigitte-macron-un-miembro-de-su-familia-decide-abandonar-francia-ante-presiones-insostenibles\/","title":{"rendered":"Brigitte Macron: un miembro de su familia decide abandonar Francia ante presiones insostenibles"},"content":{"rendered":"<p><strong>Brigitte Macron<\/strong> ve a un miembro de su <strong>familia<\/strong> elegir el <strong>exilio<\/strong> para escapar de <strong>presiones insoportables<\/strong>. El 29 de abril, Jean\u2011Alexandre Trogneux explic\u00f3 en el p\u00f3dcast <strong>A contra luz<\/strong> que su hija dej\u00f3 <strong>Francia<\/strong> y vive hoy en Hong\u2011Kong bajo otro nombre para recuperar la tranquilidad.<\/p>\n\n<p><strong>En resumen:<\/strong> una <strong>salida<\/strong> voluntaria desde <strong>2017<\/strong> motivada por acusaciones de favoritismo, a\u00f1os pasados en Nueva Zelanda, Australia, Londres, Nueva York y Haw\u00e1i, y la voluntad de no sufrir la amalgama con la vida p\u00fablica. La familia espera un alivio relacionado con el post-mandato y preserva su vida privada frente a esta <strong>crisis familiar<\/strong>.<\/p>\n\n<h2 class=\"wp-block-heading\">Brigitte Macron: crisis familiar y exposici\u00f3n medi\u00e1tica<\/h2>\n\n<p>Jean\u2011Alexandre Trogneux insisti\u00f3 en el v\u00ednculo \u201c<strong>cargado de consecuencias<\/strong>\u201d entre la familia y la vida p\u00fablica de Emmanuel Macron. Su hija eligi\u00f3 la <strong>salida<\/strong> para evitar la amalgama en torno al nombre Trogneux y los ataques personales. Este testimonio, reproducido por la prensa, confirma una <strong>crisis familiar<\/strong> que trasciende lo \u00edntimo para afectar la seguridad y la serenidad del d\u00eda a d\u00eda. Jean\u2011Alexandre, al frente de la chocolater\u00eda Trogneux, subraya que esta exposici\u00f3n medi\u00e1tica pesa sobre toda la casa.<\/p>\n\n<h3 class=\"wp-block-heading\">El relato del p\u00f3dcast: salida en 2017 y vida en el extranjero<\/h3>\n\n<p>Ante el micr\u00f3fono de Vanessa Williot\u2011Bertrand el 29 de abril, Jean\u2011Alexandre precis\u00f3 que su hija dej\u00f3 Francia en <strong>2017<\/strong> y se expatri\u00f3 a varios pa\u00edses para trabajar y mantenerse an\u00f3nima. Mencion\u00f3 Hong\u2011Kong, donde vive hoy bajo otro nombre, y explic\u00f3 que \u201cno regresar\u00eda\u201d mientras la situaci\u00f3n no fuera m\u00e1s clara. Jean\u2011Alexandre dirige la famosa chocolater\u00eda ami\u00e9noise Trogneux y dijo que toda la familia respeta esta decisi\u00f3n. El relato fue reportado por <a href=\"https:\/\/www.gala.fr\/l_actu\/news_de_stars\/brigitte-macron-ce-membre-de-sa-famille-qui-a-choisi-de-quitter-la-france-pour-qu-on-lui-fiche-la-paix-20260501\">Gala<\/a>.<\/p>\n\n<p>La declaraci\u00f3n de Jean\u2011Alexandre aclara las motivaciones y propone un \u00e1ngulo humano ante la actualidad.<\/p>\n\n<h2 class=\"wp-block-heading\">Presiones p\u00fablicas: agresiones, sospechas y protecci\u00f3n<\/h2>\n\n<p>La familia Trogneux ha tenido que lidiar con <strong>dificultades<\/strong> concretas: la agresi\u00f3n a Jean\u2011Baptiste el 15 de mayo de 2023 dej\u00f3 huella y acentu\u00f3 el sentimiento de inseguridad. Jean\u2011Alexandre describe despliegues policiales regulares frente a la tienda familiar durante manifestaciones para prevenir cualquier desbordamiento. Estas medidas muestran cu\u00e1nto puede generar la notoriedad <strong>presiones<\/strong> que impactan la vida profesional y personal, y explican en parte la elecci\u00f3n de un exilio voluntario.<\/p>\n\n<p>Este contexto ha acelerado la elecci\u00f3n del exilio, un intento de preservar la libertad y la vida privada.<\/p>\n\n<h3 class=\"wp-block-heading\">Un exilio profesional asumido para recuperar la paz<\/h3>\n\n<p>Su trayectoria internacional \u2014 Nueva Zelanda, Australia, Londres, Nueva York, Haw\u00e1i y luego Hong\u2011Kong \u2014 da testimonio de un recorrido profesional exigente y de un claro deseo de deshacerse del peso del nombre. Jean\u2011Alexandre afirma que admira su valent\u00eda y respeta su decisi\u00f3n. Tambi\u00e9n precisa que no regresar\u00e1 mientras la situaci\u00f3n medi\u00e1tica no sea m\u00e1s tranquila y espera un alivio tras el final del mandato en 2027.<\/p>\n\n<p>Para saber m\u00e1s sobre los lazos familiares y las pruebas vividas por la <strong>familia<\/strong> Macron, encuentra los complementos de investigaci\u00f3n y archivos en <a href=\"https:\/\/www.leparisien.fr\/politique\/brigitte-macron\/\">Le Parisien<\/a> y en el dossier detallado del blog <a href=\"https:\/\/www.sebastien-auziere.fr\/blog\/brigitte-macron-epreuves-elysee\/\">Brigitte Macron: pruebas<\/a>. Para profundizar en la historia de S\u00e9bastien Auzi\u00e8re y el entorno presidencial, descubre m\u00e1s en <a href=\"https:\/\/www.sebastien-auziere.fr\/blog\/brigitte-macron-et-emmanuel-macron\/\">sebastien-auziere.fr<\/a>, que ofrece cr\u00f3nicas y an\u00e1lisis dedicados a la <strong>familia<\/strong> Macron.<\/p>","protected":false},"excerpt":{"rendered":"<p>Brigitte Macron ve a un miembro de su familia elegir el exilio para escapar de presiones insoportables. El 29 de abril, Jean\u2011Alexandre Trogneux explic\u00f3 en el p\u00f3dcast A contra luz que su hija dej\u00f3 Francia y vive hoy en Hong\u2011Kong bajo otro nombre para recuperar la tranquilidad. En resumen: una salida voluntaria desde 2017 motivada &#8230; <a title=\"Brigitte Macron: un miembro de su familia decide abandonar Francia ante presiones insostenibles\" class=\"read-more\" href=\"https:\/\/www.sebastien-auziere.fr\/blog\/es\/brigitte-macron-un-miembro-de-su-familia-decide-abandonar-francia-ante-presiones-insostenibles\/\" aria-label=\"En savoir plus sur Brigitte Macron: un miembro de su familia decide abandonar Francia ante presiones insostenibles\">Lire plus<\/a><\/p>\n","protected":false},"author":9,"featured_media":3480,"comment_status":"open","ping_status":"open","sticky":false,"template":"","format":"standard","meta":{"footnotes":""},"categories":[820],"tags":[2032,914,4837,5027,5024],"class_list":["post-3484","post","type-post","status-publish","format-standard","has-post-thumbnail","hentry","category-actualidades-es","tag-actualite-politica-es","tag-brigitte-macron-es","tag-familia-macron-es","tag-presiones-sociales-es","tag-salida-de-francia-es"],"yoast_head":"<!-- This site is optimized with the Yoast SEO plugin v27.5 - https:\/\/yoast.com\/product\/yoast-seo-wordpress\/ -->\n<title>Brigitte Macron: un miembro de su familia decide abandonar Francia ante presiones insostenibles - Fan site S\u00e9bastien Auzi\u00e8re<\/title>\n<meta name=\"description\" content=\"Brigitte Macron : un proche quitte la France face \u00e0 des pressions insoutenables, r\u00e9v\u00e9lant une situation familiale d\u00e9licate et pleine de tensions.\" \/>\n<meta name=\"robots\" content=\"index, follow, max-snippet:-1, max-image-preview:large, max-video-preview:-1\" \/>\n<link rel=\"canonical\" href=\"https:\/\/www.sebastien-auziere.fr\/blog\/es\/brigitte-macron-un-miembro-de-su-familia-decide-abandonar-francia-ante-presiones-insostenibles\/\" \/>\n<meta property=\"og:locale\" content=\"fr_FR\" \/>\n<meta property=\"og:type\" content=\"article\" \/>\n<meta property=\"og:title\" content=\"Brigitte Macron: un miembro de su familia decide abandonar Francia ante presiones insostenibles - Fan site S\u00e9bastien Auzi\u00e8re\" \/>\n<meta property=\"og:description\" content=\"Brigitte Macron : un proche quitte la France face \u00e0 des pressions insoutenables, r\u00e9v\u00e9lant une situation familiale d\u00e9licate et pleine de tensions.\" \/>\n<meta property=\"og:url\" content=\"https:\/\/www.sebastien-auziere.fr\/blog\/es\/brigitte-macron-un-miembro-de-su-familia-decide-abandonar-francia-ante-presiones-insostenibles\/\" \/>\n<meta property=\"og:site_name\" content=\"Fan site S\u00e9bastien Auzi\u00e8re\" \/>\n<meta property=\"article:published_time\" content=\"2026-05-01T07:16:03+00:00\" \/>\n<meta property=\"article:modified_time\" content=\"2026-05-01T07:16:18+00:00\" \/>\n<meta property=\"og:image\" content=\"https:\/\/www.sebastien-auziere.fr\/blog\/wp-content\/uploads\/2026\/05\/Brigitte-Macron-un-membre-de-sa-famille-decide-de-quitter-la-France-face-a-des-pressions-insoutenables.jpg\" \/>\n\t<meta property=\"og:image:width\" content=\"2560\" \/>\n\t<meta property=\"og:image:height\" content=\"1429\" \/>\n\t<meta property=\"og:image:type\" content=\"image\/jpeg\" \/>\n<meta name=\"author\" content=\"Chloe Gauthier\" \/>\n<meta name=\"twitter:card\" content=\"summary_large_image\" \/>\n<meta name=\"twitter:label1\" content=\"\u00c9crit par\" \/>\n\t<meta name=\"twitter:data1\" content=\"Chloe Gauthier\" \/>\n\t<meta name=\"twitter:label2\" content=\"Dur\u00e9e de lecture estim\u00e9e\" \/>\n\t<meta name=\"twitter:data2\" content=\"3 minutes\" \/>\n<script type=\"application\/ld+json\" class=\"yoast-schema-graph\">{\"@context\":\"https:\\\/\\\/schema.org\",\"@graph\":[{\"@type\":\"Article\",\"@id\":\"https:\\\/\\\/www.sebastien-auziere.fr\\\/blog\\\/es\\\/brigitte-macron-un-miembro-de-su-familia-decide-abandonar-francia-ante-presiones-insostenibles\\\/#article\",\"isPartOf\":{\"@id\":\"https:\\\/\\\/www.sebastien-auziere.fr\\\/blog\\\/es\\\/brigitte-macron-un-miembro-de-su-familia-decide-abandonar-francia-ante-presiones-insostenibles\\\/\"},\"author\":{\"name\":\"Chloe Gauthier\",\"@id\":\"https:\\\/\\\/www.sebastien-auziere.fr\\\/blog\\\/#\\\/schema\\\/person\\\/149f1acdbfd85149c6c3e59adeae2f4d\"},\"headline\":\"Brigitte Macron: un miembro de su familia decide abandonar Francia ante presiones insostenibles\",\"datePublished\":\"2026-05-01T07:16:03+00:00\",\"dateModified\":\"2026-05-01T07:16:18+00:00\",\"mainEntityOfPage\":{\"@id\":\"https:\\\/\\\/www.sebastien-auziere.fr\\\/blog\\\/es\\\/brigitte-macron-un-miembro-de-su-familia-decide-abandonar-francia-ante-presiones-insostenibles\\\/\"},\"wordCount\":577,\"commentCount\":0,\"publisher\":{\"@id\":\"https:\\\/\\\/www.sebastien-auziere.fr\\\/blog\\\/#organization\"},\"image\":{\"@id\":\"https:\\\/\\\/www.sebastien-auziere.fr\\\/blog\\\/es\\\/brigitte-macron-un-miembro-de-su-familia-decide-abandonar-francia-ante-presiones-insostenibles\\\/#primaryimage\"},\"thumbnailUrl\":\"https:\\\/\\\/www.sebastien-auziere.fr\\\/blog\\\/wp-content\\\/uploads\\\/2026\\\/05\\\/Brigitte-Macron-un-membre-de-sa-famille-decide-de-quitter-la-France-face-a-des-pressions-insoutenables.jpg\",\"keywords\":[\"actualit\u00e9 pol\u00edtica\",\"brigitte macron\",\"familia macron\",\"presiones sociales\",\"salida de francia\"],\"articleSection\":[\"Actualidades\"],\"inLanguage\":\"fr-FR\",\"potentialAction\":[{\"@type\":\"CommentAction\",\"name\":\"Comment\",\"target\":[\"https:\\\/\\\/www.sebastien-auziere.fr\\\/blog\\\/es\\\/brigitte-macron-un-miembro-de-su-familia-decide-abandonar-francia-ante-presiones-insostenibles\\\/#respond\"]}]},{\"@type\":\"WebPage\",\"@id\":\"https:\\\/\\\/www.sebastien-auziere.fr\\\/blog\\\/es\\\/brigitte-macron-un-miembro-de-su-familia-decide-abandonar-francia-ante-presiones-insostenibles\\\/\",\"url\":\"https:\\\/\\\/www.sebastien-auziere.fr\\\/blog\\\/es\\\/brigitte-macron-un-miembro-de-su-familia-decide-abandonar-francia-ante-presiones-insostenibles\\\/\",\"name\":\"Brigitte Macron: un miembro de su familia decide abandonar Francia ante presiones insostenibles - Fan site S\u00e9bastien Auzi\u00e8re\",\"isPartOf\":{\"@id\":\"https:\\\/\\\/www.sebastien-auziere.fr\\\/blog\\\/#website\"},\"primaryImageOfPage\":{\"@id\":\"https:\\\/\\\/www.sebastien-auziere.fr\\\/blog\\\/es\\\/brigitte-macron-un-miembro-de-su-familia-decide-abandonar-francia-ante-presiones-insostenibles\\\/#primaryimage\"},\"image\":{\"@id\":\"https:\\\/\\\/www.sebastien-auziere.fr\\\/blog\\\/es\\\/brigitte-macron-un-miembro-de-su-familia-decide-abandonar-francia-ante-presiones-insostenibles\\\/#primaryimage\"},\"thumbnailUrl\":\"https:\\\/\\\/www.sebastien-auziere.fr\\\/blog\\\/wp-content\\\/uploads\\\/2026\\\/05\\\/Brigitte-Macron-un-membre-de-sa-famille-decide-de-quitter-la-France-face-a-des-pressions-insoutenables.jpg\",\"datePublished\":\"2026-05-01T07:16:03+00:00\",\"dateModified\":\"2026-05-01T07:16:18+00:00\",\"description\":\"Brigitte Macron : un proche quitte la France face \u00e0 des pressions insoutenables, r\u00e9v\u00e9lant une situation familiale d\u00e9licate et pleine de tensions.\",\"breadcrumb\":{\"@id\":\"https:\\\/\\\/www.sebastien-auziere.fr\\\/blog\\\/es\\\/brigitte-macron-un-miembro-de-su-familia-decide-abandonar-francia-ante-presiones-insostenibles\\\/#breadcrumb\"},\"inLanguage\":\"fr-FR\",\"potentialAction\":[{\"@type\":\"ReadAction\",\"target\":[\"https:\\\/\\\/www.sebastien-auziere.fr\\\/blog\\\/es\\\/brigitte-macron-un-miembro-de-su-familia-decide-abandonar-francia-ante-presiones-insostenibles\\\/\"]}]},{\"@type\":\"ImageObject\",\"inLanguage\":\"fr-FR\",\"@id\":\"https:\\\/\\\/www.sebastien-auziere.fr\\\/blog\\\/es\\\/brigitte-macron-un-miembro-de-su-familia-decide-abandonar-francia-ante-presiones-insostenibles\\\/#primaryimage\",\"url\":\"https:\\\/\\\/www.sebastien-auziere.fr\\\/blog\\\/wp-content\\\/uploads\\\/2026\\\/05\\\/Brigitte-Macron-un-membre-de-sa-famille-decide-de-quitter-la-France-face-a-des-pressions-insoutenables.jpg\",\"contentUrl\":\"https:\\\/\\\/www.sebastien-auziere.fr\\\/blog\\\/wp-content\\\/uploads\\\/2026\\\/05\\\/Brigitte-Macron-un-membre-de-sa-famille-decide-de-quitter-la-France-face-a-des-pressions-insoutenables.jpg\",\"width\":2560,\"height\":1429,\"caption\":\"d\u00e9couvrez pourquoi un membre de la famille de brigitte macron choisit de quitter la france en raison de pressions insoutenables, et les r\u00e9actions autour de cette d\u00e9cision.\"},{\"@type\":\"BreadcrumbList\",\"@id\":\"https:\\\/\\\/www.sebastien-auziere.fr\\\/blog\\\/es\\\/brigitte-macron-un-miembro-de-su-familia-decide-abandonar-francia-ante-presiones-insostenibles\\\/#breadcrumb\",\"itemListElement\":[{\"@type\":\"ListItem\",\"position\":1,\"name\":\"Home\",\"item\":\"https:\\\/\\\/www.sebastien-auziere.fr\\\/blog\\\/\"},{\"@type\":\"ListItem\",\"position\":2,\"name\":\"Brigitte Macron: un miembro de su familia decide abandonar Francia ante presiones insostenibles\"}]},{\"@type\":\"WebSite\",\"@id\":\"https:\\\/\\\/www.sebastien-auziere.fr\\\/blog\\\/#website\",\"url\":\"https:\\\/\\\/www.sebastien-auziere.fr\\\/blog\\\/\",\"name\":\"Fan site S\u00e9bastien Auzi\u00e8re\",\"description\":\"M\u00e9dia g\u00e9n\u00e9raliste\",\"publisher\":{\"@id\":\"https:\\\/\\\/www.sebastien-auziere.fr\\\/blog\\\/#organization\"},\"potentialAction\":[{\"@type\":\"SearchAction\",\"target\":{\"@type\":\"EntryPoint\",\"urlTemplate\":\"https:\\\/\\\/www.sebastien-auziere.fr\\\/blog\\\/?s={search_term_string}\"},\"query-input\":{\"@type\":\"PropertyValueSpecification\",\"valueRequired\":true,\"valueName\":\"search_term_string\"}}],\"inLanguage\":\"fr-FR\"},{\"@type\":\"Organization\",\"@id\":\"https:\\\/\\\/www.sebastien-auziere.fr\\\/blog\\\/#organization\",\"name\":\"Fan site S\u00e9bastien Auzi\u00e8re\",\"url\":\"https:\\\/\\\/www.sebastien-auziere.fr\\\/blog\\\/\",\"logo\":{\"@type\":\"ImageObject\",\"inLanguage\":\"fr-FR\",\"@id\":\"https:\\\/\\\/www.sebastien-auziere.fr\\\/blog\\\/#\\\/schema\\\/logo\\\/image\\\/\",\"url\":\"https:\\\/\\\/www.sebastien-auziere.fr\\\/blog\\\/wp-content\\\/uploads\\\/2026\\\/03\\\/cropped-cropped-cropped-ChatGPT-Image-6-mars-2026-12_58_09-e1772798376794.jpg\",\"contentUrl\":\"https:\\\/\\\/www.sebastien-auziere.fr\\\/blog\\\/wp-content\\\/uploads\\\/2026\\\/03\\\/cropped-cropped-cropped-ChatGPT-Image-6-mars-2026-12_58_09-e1772798376794.jpg\",\"width\":512,\"height\":360,\"caption\":\"Fan site S\u00e9bastien Auzi\u00e8re\"},\"image\":{\"@id\":\"https:\\\/\\\/www.sebastien-auziere.fr\\\/blog\\\/#\\\/schema\\\/logo\\\/image\\\/\"}},{\"@type\":\"Person\",\"@id\":\"https:\\\/\\\/www.sebastien-auziere.fr\\\/blog\\\/#\\\/schema\\\/person\\\/149f1acdbfd85149c6c3e59adeae2f4d\",\"name\":\"Chloe Gauthier\",\"image\":{\"@type\":\"ImageObject\",\"inLanguage\":\"fr-FR\",\"@id\":\"https:\\\/\\\/secure.gravatar.com\\\/avatar\\\/2c5722f58171cff738a8985ef0dd66b476e563753246a49019befc837ec4201a?s=96&d=mm&r=g\",\"url\":\"https:\\\/\\\/secure.gravatar.com\\\/avatar\\\/2c5722f58171cff738a8985ef0dd66b476e563753246a49019befc837ec4201a?s=96&d=mm&r=g\",\"contentUrl\":\"https:\\\/\\\/secure.gravatar.com\\\/avatar\\\/2c5722f58171cff738a8985ef0dd66b476e563753246a49019befc837ec4201a?s=96&d=mm&r=g\",\"caption\":\"Chloe Gauthier\"},\"description\":\"Passionn\u00e9e par la politique et admiratrice engag\u00e9e de la famille Macron, je consacre mon \u00e9nergie \u00e0 suivre leurs initiatives et \u00e0 promouvoir leurs id\u00e9es. \u00c0 32 ans, je suis convaincue que leur vision est porteuse d'avenir.\",\"url\":\"https:\\\/\\\/www.sebastien-auziere.fr\\\/blog\\\/author\\\/chloe-gauthier\\\/\"}]}<\/script>\n<!-- \/ Yoast SEO plugin. -->","yoast_head_json":{"title":"Brigitte Macron: un miembro de su familia decide abandonar Francia ante presiones insostenibles - Fan site S\u00e9bastien Auzi\u00e8re","description":"Brigitte Macron : un proche quitte la France face \u00e0 des pressions insoutenables, r\u00e9v\u00e9lant une situation familiale d\u00e9licate et pleine de tensions.","robots":{"index":"index","follow":"follow","max-snippet":"max-snippet:-1","max-image-preview":"max-image-preview:large","max-video-preview":"max-video-preview:-1"},"canonical":"https:\/\/www.sebastien-auziere.fr\/blog\/es\/brigitte-macron-un-miembro-de-su-familia-decide-abandonar-francia-ante-presiones-insostenibles\/","og_locale":"fr_FR","og_type":"article","og_title":"Brigitte Macron: un miembro de su familia decide abandonar Francia ante presiones insostenibles - Fan site S\u00e9bastien Auzi\u00e8re","og_description":"Brigitte Macron : un proche quitte la France face \u00e0 des pressions insoutenables, r\u00e9v\u00e9lant une situation familiale d\u00e9licate et pleine de tensions.","og_url":"https:\/\/www.sebastien-auziere.fr\/blog\/es\/brigitte-macron-un-miembro-de-su-familia-decide-abandonar-francia-ante-presiones-insostenibles\/","og_site_name":"Fan site S\u00e9bastien Auzi\u00e8re","article_published_time":"2026-05-01T07:16:03+00:00","article_modified_time":"2026-05-01T07:16:18+00:00","og_image":[{"width":2560,"height":1429,"url":"https:\/\/www.sebastien-auziere.fr\/blog\/wp-content\/uploads\/2026\/05\/Brigitte-Macron-un-membre-de-sa-famille-decide-de-quitter-la-France-face-a-des-pressions-insoutenables.jpg","type":"image\/jpeg"}],"author":"Chloe Gauthier","twitter_card":"summary_large_image","twitter_misc":{"\u00c9crit par":"Chloe Gauthier","Dur\u00e9e de lecture estim\u00e9e":"3 minutes"},"schema":{"@context":"https:\/\/schema.org","@graph":[{"@type":"Article","@id":"https:\/\/www.sebastien-auziere.fr\/blog\/es\/brigitte-macron-un-miembro-de-su-familia-decide-abandonar-francia-ante-presiones-insostenibles\/#article","isPartOf":{"@id":"https:\/\/www.sebastien-auziere.fr\/blog\/es\/brigitte-macron-un-miembro-de-su-familia-decide-abandonar-francia-ante-presiones-insostenibles\/"},"author":{"name":"Chloe Gauthier","@id":"https:\/\/www.sebastien-auziere.fr\/blog\/#\/schema\/person\/149f1acdbfd85149c6c3e59adeae2f4d"},"headline":"Brigitte Macron: un miembro de su familia decide abandonar Francia ante presiones insostenibles","datePublished":"2026-05-01T07:16:03+00:00","dateModified":"2026-05-01T07:16:18+00:00","mainEntityOfPage":{"@id":"https:\/\/www.sebastien-auziere.fr\/blog\/es\/brigitte-macron-un-miembro-de-su-familia-decide-abandonar-francia-ante-presiones-insostenibles\/"},"wordCount":577,"commentCount":0,"publisher":{"@id":"https:\/\/www.sebastien-auziere.fr\/blog\/#organization"},"image":{"@id":"https:\/\/www.sebastien-auziere.fr\/blog\/es\/brigitte-macron-un-miembro-de-su-familia-decide-abandonar-francia-ante-presiones-insostenibles\/#primaryimage"},"thumbnailUrl":"https:\/\/www.sebastien-auziere.fr\/blog\/wp-content\/uploads\/2026\/05\/Brigitte-Macron-un-membre-de-sa-famille-decide-de-quitter-la-France-face-a-des-pressions-insoutenables.jpg","keywords":["actualit\u00e9 pol\u00edtica","brigitte macron","familia macron","presiones sociales","salida de francia"],"articleSection":["Actualidades"],"inLanguage":"fr-FR","potentialAction":[{"@type":"CommentAction","name":"Comment","target":["https:\/\/www.sebastien-auziere.fr\/blog\/es\/brigitte-macron-un-miembro-de-su-familia-decide-abandonar-francia-ante-presiones-insostenibles\/#respond"]}]},{"@type":"WebPage","@id":"https:\/\/www.sebastien-auziere.fr\/blog\/es\/brigitte-macron-un-miembro-de-su-familia-decide-abandonar-francia-ante-presiones-insostenibles\/","url":"https:\/\/www.sebastien-auziere.fr\/blog\/es\/brigitte-macron-un-miembro-de-su-familia-decide-abandonar-francia-ante-presiones-insostenibles\/","name":"Brigitte Macron: un miembro de su familia decide abandonar Francia ante presiones insostenibles - Fan site S\u00e9bastien Auzi\u00e8re","isPartOf":{"@id":"https:\/\/www.sebastien-auziere.fr\/blog\/#website"},"primaryImageOfPage":{"@id":"https:\/\/www.sebastien-auziere.fr\/blog\/es\/brigitte-macron-un-miembro-de-su-familia-decide-abandonar-francia-ante-presiones-insostenibles\/#primaryimage"},"image":{"@id":"https:\/\/www.sebastien-auziere.fr\/blog\/es\/brigitte-macron-un-miembro-de-su-familia-decide-abandonar-francia-ante-presiones-insostenibles\/#primaryimage"},"thumbnailUrl":"https:\/\/www.sebastien-auziere.fr\/blog\/wp-content\/uploads\/2026\/05\/Brigitte-Macron-un-membre-de-sa-famille-decide-de-quitter-la-France-face-a-des-pressions-insoutenables.jpg","datePublished":"2026-05-01T07:16:03+00:00","dateModified":"2026-05-01T07:16:18+00:00","description":"Brigitte Macron : un proche quitte la France face \u00e0 des pressions insoutenables, r\u00e9v\u00e9lant une situation familiale d\u00e9licate et pleine de tensions.","breadcrumb":{"@id":"https:\/\/www.sebastien-auziere.fr\/blog\/es\/brigitte-macron-un-miembro-de-su-familia-decide-abandonar-francia-ante-presiones-insostenibles\/#breadcrumb"},"inLanguage":"fr-FR","potentialAction":[{"@type":"ReadAction","target":["https:\/\/www.sebastien-auziere.fr\/blog\/es\/brigitte-macron-un-miembro-de-su-familia-decide-abandonar-francia-ante-presiones-insostenibles\/"]}]},{"@type":"ImageObject","inLanguage":"fr-FR","@id":"https:\/\/www.sebastien-auziere.fr\/blog\/es\/brigitte-macron-un-miembro-de-su-familia-decide-abandonar-francia-ante-presiones-insostenibles\/#primaryimage","url":"https:\/\/www.sebastien-auziere.fr\/blog\/wp-content\/uploads\/2026\/05\/Brigitte-Macron-un-membre-de-sa-famille-decide-de-quitter-la-France-face-a-des-pressions-insoutenables.jpg","contentUrl":"https:\/\/www.sebastien-auziere.fr\/blog\/wp-content\/uploads\/2026\/05\/Brigitte-Macron-un-membre-de-sa-famille-decide-de-quitter-la-France-face-a-des-pressions-insoutenables.jpg","width":2560,"height":1429,"caption":"d\u00e9couvrez pourquoi un membre de la famille de brigitte macron choisit de quitter la france en raison de pressions insoutenables, et les r\u00e9actions autour de cette d\u00e9cision."},{"@type":"BreadcrumbList","@id":"https:\/\/www.sebastien-auziere.fr\/blog\/es\/brigitte-macron-un-miembro-de-su-familia-decide-abandonar-francia-ante-presiones-insostenibles\/#breadcrumb","itemListElement":[{"@type":"ListItem","position":1,"name":"Home","item":"https:\/\/www.sebastien-auziere.fr\/blog\/"},{"@type":"ListItem","position":2,"name":"Brigitte Macron: un miembro de su familia decide abandonar Francia ante presiones insostenibles"}]},{"@type":"WebSite","@id":"https:\/\/www.sebastien-auziere.fr\/blog\/#website","url":"https:\/\/www.sebastien-auziere.fr\/blog\/","name":"Fan site S\u00e9bastien Auzi\u00e8re","description":"M\u00e9dia g\u00e9n\u00e9raliste","publisher":{"@id":"https:\/\/www.sebastien-auziere.fr\/blog\/#organization"},"potentialAction":[{"@type":"SearchAction","target":{"@type":"EntryPoint","urlTemplate":"https:\/\/www.sebastien-auziere.fr\/blog\/?s={search_term_string}"},"query-input":{"@type":"PropertyValueSpecification","valueRequired":true,"valueName":"search_term_string"}}],"inLanguage":"fr-FR"},{"@type":"Organization","@id":"https:\/\/www.sebastien-auziere.fr\/blog\/#organization","name":"Fan site S\u00e9bastien Auzi\u00e8re","url":"https:\/\/www.sebastien-auziere.fr\/blog\/","logo":{"@type":"ImageObject","inLanguage":"fr-FR","@id":"https:\/\/www.sebastien-auziere.fr\/blog\/#\/schema\/logo\/image\/","url":"https:\/\/www.sebastien-auziere.fr\/blog\/wp-content\/uploads\/2026\/03\/cropped-cropped-cropped-ChatGPT-Image-6-mars-2026-12_58_09-e1772798376794.jpg","contentUrl":"https:\/\/www.sebastien-auziere.fr\/blog\/wp-content\/uploads\/2026\/03\/cropped-cropped-cropped-ChatGPT-Image-6-mars-2026-12_58_09-e1772798376794.jpg","width":512,"height":360,"caption":"Fan site S\u00e9bastien Auzi\u00e8re"},"image":{"@id":"https:\/\/www.sebastien-auziere.fr\/blog\/#\/schema\/logo\/image\/"}},{"@type":"Person","@id":"https:\/\/www.sebastien-auziere.fr\/blog\/#\/schema\/person\/149f1acdbfd85149c6c3e59adeae2f4d","name":"Chloe Gauthier","image":{"@type":"ImageObject","inLanguage":"fr-FR","@id":"https:\/\/secure.gravatar.com\/avatar\/2c5722f58171cff738a8985ef0dd66b476e563753246a49019befc837ec4201a?s=96&d=mm&r=g","url":"https:\/\/secure.gravatar.com\/avatar\/2c5722f58171cff738a8985ef0dd66b476e563753246a49019befc837ec4201a?s=96&d=mm&r=g","contentUrl":"https:\/\/secure.gravatar.com\/avatar\/2c5722f58171cff738a8985ef0dd66b476e563753246a49019befc837ec4201a?s=96&d=mm&r=g","caption":"Chloe Gauthier"},"description":"Passionn\u00e9e par la politique et admiratrice engag\u00e9e de la famille Macron, je consacre mon \u00e9nergie \u00e0 suivre leurs initiatives et \u00e0 promouvoir leurs id\u00e9es. \u00c0 32 ans, je suis convaincue que leur vision est porteuse d'avenir.","url":"https:\/\/www.sebastien-auziere.fr\/blog\/author\/chloe-gauthier\/"}]}},"views":0,"_links":{"self":[{"href":"https:\/\/www.sebastien-auziere.fr\/blog\/wp-json\/wp\/v2\/posts\/3484","targetHints":{"allow":["GET"]}}],"collection":[{"href":"https:\/\/www.sebastien-auziere.fr\/blog\/wp-json\/wp\/v2\/posts"}],"about":[{"href":"https:\/\/www.sebastien-auziere.fr\/blog\/wp-json\/wp\/v2\/types\/post"}],"author":[{"embeddable":true,"href":"https:\/\/www.sebastien-auziere.fr\/blog\/wp-json\/wp\/v2\/users\/9"}],"replies":[{"embeddable":true,"href":"https:\/\/www.sebastien-auziere.fr\/blog\/wp-json\/wp\/v2\/comments?post=3484"}],"version-history":[{"count":1,"href":"https:\/\/www.sebastien-auziere.fr\/blog\/wp-json\/wp\/v2\/posts\/3484\/revisions"}],"predecessor-version":[{"id":3485,"href":"https:\/\/www.sebastien-auziere.fr\/blog\/wp-json\/wp\/v2\/posts\/3484\/revisions\/3485"}],"wp:featuredmedia":[{"embeddable":true,"href":"https:\/\/www.sebastien-auziere.fr\/blog\/wp-json\/wp\/v2\/media\/3480"}],"wp:attachment":[{"href":"https:\/\/www.sebastien-auziere.fr\/blog\/wp-json\/wp\/v2\/media?parent=3484"}],"wp:term":[{"taxonomy":"category","embeddable":true,"href":"https:\/\/www.sebastien-auziere.fr\/blog\/wp-json\/wp\/v2\/categories?post=3484"},{"taxonomy":"post_tag","embeddable":true,"href":"https:\/\/www.sebastien-auziere.fr\/blog\/wp-json\/wp\/v2\/tags?post=3484"}],"curies":[{"name":"wp","href":"https:\/\/api.w.org\/{rel}","templated":true}]}}