{"id":3481,"date":"2026-05-01T07:15:45","date_gmt":"2026-05-01T07:15:45","guid":{"rendered":"https:\/\/www.sebastien-auziere.fr\/blog\/brigitte-macron-famille-quitte-france\/"},"modified":"2026-05-01T07:15:45","modified_gmt":"2026-05-01T07:15:45","slug":"brigitte-macron-famille-quitte-france","status":"publish","type":"post","link":"https:\/\/www.sebastien-auziere.fr\/blog\/brigitte-macron-famille-quitte-france\/","title":{"rendered":"Brigitte Macron : un membre de sa famille d\u00e9cide de quitter la France face \u00e0 des pressions insoutenables"},"content":{"rendered":"<p><strong>Brigitte Macron<\/strong> voit un membre de sa <strong>famille<\/strong> choisir l&rsquo;<strong>exil<\/strong> pour \u00e9chapper \u00e0 des <strong>pressions insoutenables<\/strong>. Le 29 avril, Jean\u2011Alexandre Trogneux a expliqu\u00e9 au podcast <strong>\u00c0 contre\u2011jour<\/strong> que sa fille a quitt\u00e9 la <strong>France<\/strong> et vit aujourd&rsquo;hui \u00e0 Hong\u2011Kong sous un autre nom pour retrouver la tranquillit\u00e9.<\/p>\n\n<p><strong>En bref :<\/strong> un <strong>d\u00e9part<\/strong> volontaire depuis <strong>2017<\/strong> motiv\u00e9 par des accusations de favoritisme, des ann\u00e9es pass\u00e9es en Nouvelle\u2011Z\u00e9lande, Australie, Londres, New\u2011York et Hawa\u00ef, et la volont\u00e9 de ne pas subir l&rsquo;amalgame avec la vie publique. La famille attend un apaisement li\u00e9 \u00e0 l&rsquo;apr\u00e8s\u2011mandat et pr\u00e9serve sa vie priv\u00e9e face \u00e0 cette <strong>crise familiale<\/strong>.<\/p>\n\n<h2 class=\"wp-block-heading\">Brigitte Macron : crise familiale et exposition m\u00e9diatique<\/h2>\n\n<p>Jean\u2011Alexandre Trogneux a insist\u00e9 sur le lien \u00ab<strong>lourd de cons\u00e9quences<\/strong>\u00bb entre la famille et la vie publique d&rsquo;Emmanuel Macron. Sa fille a choisi le <strong>d\u00e9part<\/strong> pour \u00e9viter l&rsquo;amalgame autour du nom Trogneux et des attaques personnelles. Ce t\u00e9moignage, relay\u00e9 par la presse, confirme une <strong>crise familiale<\/strong> qui d\u00e9passe l&rsquo;intime pour toucher la s\u00e9curit\u00e9 et la s\u00e9r\u00e9nit\u00e9 du quotidien. Jean\u2011Alexandre, \u00e0 la t\u00eate de la chocolaterie Trogneux, souligne que cette exposition m\u00e9diatique p\u00e8se sur l&rsquo;ensemble de la maisonn\u00e9e.<\/p>\n\n<h3 class=\"wp-block-heading\">Le r\u00e9cit du podcast : d\u00e9part en 2017 et vie \u00e0 l&rsquo;\u00e9tranger<\/h3>\n\n<p>Au micro de Vanessa Williot\u2011Bertrand le 29 avril, Jean\u2011Alexandre a pr\u00e9cis\u00e9 que sa fille avait quitt\u00e9 la France en <strong>2017<\/strong> et s&rsquo;\u00e9tait expatri\u00e9e dans plusieurs pays pour travailler et rester anonyme. Il a \u00e9voqu\u00e9 Hong\u2011Kong o\u00f9 elle vit aujourd&rsquo;hui sous un autre nom, et expliqu\u00e9 qu&rsquo;elle \u00abne rentrerait pas\u00bb tant que la situation ne serait pas plus claire. Jean\u2011Alexandre dirige la c\u00e9l\u00e8bre maison de chocolaterie ami\u00e9noise Trogneux et a dit que toute la famille respectait ce choix. Le r\u00e9cit a \u00e9t\u00e9 rapport\u00e9 par <a href=\"https:\/\/www.gala.fr\/l_actu\/news_de_stars\/brigitte-macron-ce-membre-de-sa-famille-qui-a-choisi-de-quitter-la-france-pour-qu-on-lui-fiche-la-paix-20260501\">Gala<\/a>.<\/p>\n\n<p>La parole de Jean\u2011Alexandre \u00e9claire les motivations et propose un angle humain face \u00e0 l&rsquo;actualit\u00e9.<\/p>\n\n<h2 class=\"wp-block-heading\">Pressions publiques : agressions, soup\u00e7ons et protection<\/h2>\n\n<p>La famille Trogneux a d\u00fb composer avec des <strong>difficult\u00e9s<\/strong> concr\u00e8tes : l&rsquo;agression de Jean\u2011Baptiste le 15 mai 2023 a marqu\u00e9 les esprits et renforc\u00e9 le sentiment d&rsquo;ins\u00e9curit\u00e9. Jean\u2011Alexandre d\u00e9crit des d\u00e9ploiements policiers r\u00e9guliers devant la boutique familiale lors de manifestations pour pr\u00e9venir tout d\u00e9bordement. Ces mesures montrent combien la notori\u00e9t\u00e9 peut g\u00e9n\u00e9rer des <strong>pressions<\/strong> qui impactent la vie professionnelle et personnelle, et expliquent en partie le choix d&rsquo;un exil volontaire.<\/p>\n\n<p>Ce contexte a acc\u00e9l\u00e9r\u00e9 le choix de l&rsquo;exil, une tentative de pr\u00e9server la libert\u00e9 et la vie priv\u00e9e.<\/p>\n\n<h3 class=\"wp-block-heading\">Un exil professionnel assum\u00e9 pour retrouver la paix<\/h3>\n\n<p>Sa trajectoire internationale \u2014 Nouvelle\u2011Z\u00e9lande, Australie, Londres, New\u2011York, Hawa\u00ef puis Hong\u2011Kong \u2014 t\u00e9moigne d&rsquo;un parcours professionnel exigeant et d&rsquo;un d\u00e9sir clair de se d\u00e9faire du poids du nom. Jean\u2011Alexandre affirme qu&rsquo;il admire son courage et respecte sa d\u00e9cision. Il pr\u00e9cise aussi qu&rsquo;elle ne rentrera pas tant que la situation m\u00e9diatique n&rsquo;est pas plus calme et esp\u00e8re un apaisement apr\u00e8s la fin du mandat en 2027.<\/p>\n\n<p>Pour en savoir plus sur les liens familiaux et les \u00e9preuves v\u00e9cues par la <strong>famille<\/strong> Macron, retrouve les compl\u00e9ments d&rsquo;enqu\u00eate et d&rsquo;archives sur <a href=\"https:\/\/www.leparisien.fr\/politique\/brigitte-macron\/\">Le Parisien<\/a> et sur le dossier d\u00e9taill\u00e9 du blog <a href=\"https:\/\/www.sebastien-auziere.fr\/blog\/brigitte-macron-epreuves-elysee\/\">Brigitte Macron : \u00e9preuves<\/a>. Pour approfondir l&rsquo;histoire de S\u00e9bastien Auzi\u00e8re et l&rsquo;entourage pr\u00e9sidentiel, d\u00e9couvre davantage sur <a href=\"https:\/\/www.sebastien-auziere.fr\/blog\/brigitte-macron-et-emmanuel-macron\/\">sebastien-auziere.fr<\/a>, qui propose des chroniques et analyses d\u00e9di\u00e9es \u00e0 la <strong>famille<\/strong> Macron.<\/p>\n\n","protected":false},"excerpt":{"rendered":"<p>Brigitte Macron voit un membre de sa famille choisir l&rsquo;exil pour \u00e9chapper \u00e0 des pressions insoutenables. Le 29 avril, Jean\u2011Alexandre Trogneux a expliqu\u00e9 au podcast \u00c0 contre\u2011jour que sa fille a quitt\u00e9 la France et vit aujourd&rsquo;hui \u00e0 Hong\u2011Kong sous un autre nom pour retrouver la tranquillit\u00e9. En bref : un d\u00e9part volontaire depuis 2017 &#8230; <a title=\"Brigitte Macron : un membre de sa famille d\u00e9cide de quitter la France face \u00e0 des pressions insoutenables\" class=\"read-more\" href=\"https:\/\/www.sebastien-auziere.fr\/blog\/brigitte-macron-famille-quitte-france\/\" aria-label=\"En savoir plus sur Brigitte Macron : un membre de sa famille d\u00e9cide de quitter la France face \u00e0 des pressions insoutenables\">Lire plus<\/a><\/p>\n","protected":false},"author":9,"featured_media":3480,"comment_status":"open","ping_status":"open","sticky":false,"template":"","format":"standard","meta":{"footnotes":""},"categories":[597],"tags":[2017,892,5013,4816,5015],"class_list":["post-3481","post","type-post","status-publish","format-standard","has-post-thumbnail","hentry","category-actualites","tag-actualite-politique","tag-brigitte-macron","tag-depart-de-france","tag-famille-macron","tag-pressions-sociales"],"yoast_head":"<!-- This site is optimized with the Yoast SEO plugin v27.5 - https:\/\/yoast.com\/product\/yoast-seo-wordpress\/ -->\n<title>Brigitte Macron : un membre de sa famille d\u00e9cide de quitter la France face \u00e0 des pressions insoutenables - Fan site S\u00e9bastien Auzi\u00e8re<\/title>\n<meta name=\"description\" content=\"Brigitte Macron : un proche quitte la France face \u00e0 des pressions insoutenables, r\u00e9v\u00e9lant une situation familiale d\u00e9licate et pleine de tensions.\" \/>\n<meta name=\"robots\" content=\"index, follow, max-snippet:-1, max-image-preview:large, max-video-preview:-1\" \/>\n<link rel=\"canonical\" href=\"https:\/\/www.sebastien-auziere.fr\/blog\/brigitte-macron-famille-quitte-france\/\" \/>\n<meta property=\"og:locale\" content=\"fr_FR\" \/>\n<meta property=\"og:type\" content=\"article\" \/>\n<meta property=\"og:title\" content=\"Brigitte Macron : un membre de sa famille d\u00e9cide de quitter la France face \u00e0 des pressions insoutenables - Fan site S\u00e9bastien Auzi\u00e8re\" \/>\n<meta property=\"og:description\" content=\"Brigitte Macron : un proche quitte la France face \u00e0 des pressions insoutenables, r\u00e9v\u00e9lant une situation familiale d\u00e9licate et pleine de tensions.\" \/>\n<meta property=\"og:url\" content=\"https:\/\/www.sebastien-auziere.fr\/blog\/brigitte-macron-famille-quitte-france\/\" \/>\n<meta property=\"og:site_name\" content=\"Fan site S\u00e9bastien Auzi\u00e8re\" \/>\n<meta property=\"article:published_time\" content=\"2026-05-01T07:15:45+00:00\" \/>\n<meta property=\"og:image\" content=\"https:\/\/www.sebastien-auziere.fr\/blog\/wp-content\/uploads\/2026\/05\/Brigitte-Macron-un-membre-de-sa-famille-decide-de-quitter-la-France-face-a-des-pressions-insoutenables.jpg\" \/>\n\t<meta property=\"og:image:width\" content=\"2560\" \/>\n\t<meta property=\"og:image:height\" content=\"1429\" \/>\n\t<meta property=\"og:image:type\" content=\"image\/jpeg\" \/>\n<meta name=\"author\" content=\"Chloe Gauthier\" \/>\n<meta name=\"twitter:card\" content=\"summary_large_image\" \/>\n<meta name=\"twitter:label1\" content=\"\u00c9crit par\" \/>\n\t<meta name=\"twitter:data1\" content=\"Chloe Gauthier\" \/>\n\t<meta name=\"twitter:label2\" content=\"Dur\u00e9e de lecture estim\u00e9e\" \/>\n\t<meta name=\"twitter:data2\" content=\"3 minutes\" \/>\n<script type=\"application\/ld+json\" class=\"yoast-schema-graph\">{\"@context\":\"https:\\\/\\\/schema.org\",\"@graph\":[{\"@type\":\"Article\",\"@id\":\"https:\\\/\\\/www.sebastien-auziere.fr\\\/blog\\\/brigitte-macron-famille-quitte-france\\\/#article\",\"isPartOf\":{\"@id\":\"https:\\\/\\\/www.sebastien-auziere.fr\\\/blog\\\/brigitte-macron-famille-quitte-france\\\/\"},\"author\":{\"name\":\"Chloe Gauthier\",\"@id\":\"https:\\\/\\\/www.sebastien-auziere.fr\\\/blog\\\/#\\\/schema\\\/person\\\/149f1acdbfd85149c6c3e59adeae2f4d\"},\"headline\":\"Brigitte Macron : un membre de sa famille d\u00e9cide de quitter la France face \u00e0 des pressions insoutenables\",\"datePublished\":\"2026-05-01T07:15:45+00:00\",\"mainEntityOfPage\":{\"@id\":\"https:\\\/\\\/www.sebastien-auziere.fr\\\/blog\\\/brigitte-macron-famille-quitte-france\\\/\"},\"wordCount\":601,\"commentCount\":0,\"publisher\":{\"@id\":\"https:\\\/\\\/www.sebastien-auziere.fr\\\/blog\\\/#organization\"},\"image\":{\"@id\":\"https:\\\/\\\/www.sebastien-auziere.fr\\\/blog\\\/brigitte-macron-famille-quitte-france\\\/#primaryimage\"},\"thumbnailUrl\":\"https:\\\/\\\/www.sebastien-auziere.fr\\\/blog\\\/wp-content\\\/uploads\\\/2026\\\/05\\\/Brigitte-Macron-un-membre-de-sa-famille-decide-de-quitter-la-France-face-a-des-pressions-insoutenables.jpg\",\"keywords\":[\"actualit\u00e9 politique\",\"brigitte macron\",\"d\u00e9part de france\",\"famille macron\",\"pressions sociales\"],\"articleSection\":[\"Actualit\u00e9s\"],\"inLanguage\":\"fr-FR\",\"potentialAction\":[{\"@type\":\"CommentAction\",\"name\":\"Comment\",\"target\":[\"https:\\\/\\\/www.sebastien-auziere.fr\\\/blog\\\/brigitte-macron-famille-quitte-france\\\/#respond\"]}]},{\"@type\":\"WebPage\",\"@id\":\"https:\\\/\\\/www.sebastien-auziere.fr\\\/blog\\\/brigitte-macron-famille-quitte-france\\\/\",\"url\":\"https:\\\/\\\/www.sebastien-auziere.fr\\\/blog\\\/brigitte-macron-famille-quitte-france\\\/\",\"name\":\"Brigitte Macron : un membre de sa famille d\u00e9cide de quitter la France face \u00e0 des pressions insoutenables - Fan site S\u00e9bastien Auzi\u00e8re\",\"isPartOf\":{\"@id\":\"https:\\\/\\\/www.sebastien-auziere.fr\\\/blog\\\/#website\"},\"primaryImageOfPage\":{\"@id\":\"https:\\\/\\\/www.sebastien-auziere.fr\\\/blog\\\/brigitte-macron-famille-quitte-france\\\/#primaryimage\"},\"image\":{\"@id\":\"https:\\\/\\\/www.sebastien-auziere.fr\\\/blog\\\/brigitte-macron-famille-quitte-france\\\/#primaryimage\"},\"thumbnailUrl\":\"https:\\\/\\\/www.sebastien-auziere.fr\\\/blog\\\/wp-content\\\/uploads\\\/2026\\\/05\\\/Brigitte-Macron-un-membre-de-sa-famille-decide-de-quitter-la-France-face-a-des-pressions-insoutenables.jpg\",\"datePublished\":\"2026-05-01T07:15:45+00:00\",\"description\":\"Brigitte Macron : un proche quitte la France face \u00e0 des pressions insoutenables, r\u00e9v\u00e9lant une situation familiale d\u00e9licate et pleine de tensions.\",\"breadcrumb\":{\"@id\":\"https:\\\/\\\/www.sebastien-auziere.fr\\\/blog\\\/brigitte-macron-famille-quitte-france\\\/#breadcrumb\"},\"inLanguage\":\"fr-FR\",\"potentialAction\":[{\"@type\":\"ReadAction\",\"target\":[\"https:\\\/\\\/www.sebastien-auziere.fr\\\/blog\\\/brigitte-macron-famille-quitte-france\\\/\"]}]},{\"@type\":\"ImageObject\",\"inLanguage\":\"fr-FR\",\"@id\":\"https:\\\/\\\/www.sebastien-auziere.fr\\\/blog\\\/brigitte-macron-famille-quitte-france\\\/#primaryimage\",\"url\":\"https:\\\/\\\/www.sebastien-auziere.fr\\\/blog\\\/wp-content\\\/uploads\\\/2026\\\/05\\\/Brigitte-Macron-un-membre-de-sa-famille-decide-de-quitter-la-France-face-a-des-pressions-insoutenables.jpg\",\"contentUrl\":\"https:\\\/\\\/www.sebastien-auziere.fr\\\/blog\\\/wp-content\\\/uploads\\\/2026\\\/05\\\/Brigitte-Macron-un-membre-de-sa-famille-decide-de-quitter-la-France-face-a-des-pressions-insoutenables.jpg\",\"width\":2560,\"height\":1429,\"caption\":\"d\u00e9couvrez pourquoi un membre de la famille de brigitte macron choisit de quitter la france en raison de pressions insoutenables, et les r\u00e9actions autour de cette d\u00e9cision.\"},{\"@type\":\"BreadcrumbList\",\"@id\":\"https:\\\/\\\/www.sebastien-auziere.fr\\\/blog\\\/brigitte-macron-famille-quitte-france\\\/#breadcrumb\",\"itemListElement\":[{\"@type\":\"ListItem\",\"position\":1,\"name\":\"Home\",\"item\":\"https:\\\/\\\/www.sebastien-auziere.fr\\\/blog\\\/\"},{\"@type\":\"ListItem\",\"position\":2,\"name\":\"Brigitte Macron : un membre de sa famille d\u00e9cide de quitter la France face \u00e0 des pressions insoutenables\"}]},{\"@type\":\"WebSite\",\"@id\":\"https:\\\/\\\/www.sebastien-auziere.fr\\\/blog\\\/#website\",\"url\":\"https:\\\/\\\/www.sebastien-auziere.fr\\\/blog\\\/\",\"name\":\"Fan site S\u00e9bastien Auzi\u00e8re\",\"description\":\"M\u00e9dia g\u00e9n\u00e9raliste\",\"publisher\":{\"@id\":\"https:\\\/\\\/www.sebastien-auziere.fr\\\/blog\\\/#organization\"},\"potentialAction\":[{\"@type\":\"SearchAction\",\"target\":{\"@type\":\"EntryPoint\",\"urlTemplate\":\"https:\\\/\\\/www.sebastien-auziere.fr\\\/blog\\\/?s={search_term_string}\"},\"query-input\":{\"@type\":\"PropertyValueSpecification\",\"valueRequired\":true,\"valueName\":\"search_term_string\"}}],\"inLanguage\":\"fr-FR\"},{\"@type\":\"Organization\",\"@id\":\"https:\\\/\\\/www.sebastien-auziere.fr\\\/blog\\\/#organization\",\"name\":\"Fan site S\u00e9bastien Auzi\u00e8re\",\"url\":\"https:\\\/\\\/www.sebastien-auziere.fr\\\/blog\\\/\",\"logo\":{\"@type\":\"ImageObject\",\"inLanguage\":\"fr-FR\",\"@id\":\"https:\\\/\\\/www.sebastien-auziere.fr\\\/blog\\\/#\\\/schema\\\/logo\\\/image\\\/\",\"url\":\"https:\\\/\\\/www.sebastien-auziere.fr\\\/blog\\\/wp-content\\\/uploads\\\/2026\\\/03\\\/cropped-cropped-cropped-ChatGPT-Image-6-mars-2026-12_58_09-e1772798376794.jpg\",\"contentUrl\":\"https:\\\/\\\/www.sebastien-auziere.fr\\\/blog\\\/wp-content\\\/uploads\\\/2026\\\/03\\\/cropped-cropped-cropped-ChatGPT-Image-6-mars-2026-12_58_09-e1772798376794.jpg\",\"width\":512,\"height\":360,\"caption\":\"Fan site S\u00e9bastien Auzi\u00e8re\"},\"image\":{\"@id\":\"https:\\\/\\\/www.sebastien-auziere.fr\\\/blog\\\/#\\\/schema\\\/logo\\\/image\\\/\"}},{\"@type\":\"Person\",\"@id\":\"https:\\\/\\\/www.sebastien-auziere.fr\\\/blog\\\/#\\\/schema\\\/person\\\/149f1acdbfd85149c6c3e59adeae2f4d\",\"name\":\"Chloe Gauthier\",\"image\":{\"@type\":\"ImageObject\",\"inLanguage\":\"fr-FR\",\"@id\":\"https:\\\/\\\/secure.gravatar.com\\\/avatar\\\/2c5722f58171cff738a8985ef0dd66b476e563753246a49019befc837ec4201a?s=96&d=mm&r=g\",\"url\":\"https:\\\/\\\/secure.gravatar.com\\\/avatar\\\/2c5722f58171cff738a8985ef0dd66b476e563753246a49019befc837ec4201a?s=96&d=mm&r=g\",\"contentUrl\":\"https:\\\/\\\/secure.gravatar.com\\\/avatar\\\/2c5722f58171cff738a8985ef0dd66b476e563753246a49019befc837ec4201a?s=96&d=mm&r=g\",\"caption\":\"Chloe Gauthier\"},\"description\":\"Passionn\u00e9e par la politique et admiratrice engag\u00e9e de la famille Macron, je consacre mon \u00e9nergie \u00e0 suivre leurs initiatives et \u00e0 promouvoir leurs id\u00e9es. \u00c0 32 ans, je suis convaincue que leur vision est porteuse d'avenir.\",\"url\":\"https:\\\/\\\/www.sebastien-auziere.fr\\\/blog\\\/author\\\/chloe-gauthier\\\/\"}]}<\/script>\n<!-- \/ Yoast SEO plugin. -->","yoast_head_json":{"title":"Brigitte Macron : un membre de sa famille d\u00e9cide de quitter la France face \u00e0 des pressions insoutenables - Fan site S\u00e9bastien Auzi\u00e8re","description":"Brigitte Macron : un proche quitte la France face \u00e0 des pressions insoutenables, r\u00e9v\u00e9lant une situation familiale d\u00e9licate et pleine de tensions.","robots":{"index":"index","follow":"follow","max-snippet":"max-snippet:-1","max-image-preview":"max-image-preview:large","max-video-preview":"max-video-preview:-1"},"canonical":"https:\/\/www.sebastien-auziere.fr\/blog\/brigitte-macron-famille-quitte-france\/","og_locale":"fr_FR","og_type":"article","og_title":"Brigitte Macron : un membre de sa famille d\u00e9cide de quitter la France face \u00e0 des pressions insoutenables - Fan site S\u00e9bastien Auzi\u00e8re","og_description":"Brigitte Macron : un proche quitte la France face \u00e0 des pressions insoutenables, r\u00e9v\u00e9lant une situation familiale d\u00e9licate et pleine de tensions.","og_url":"https:\/\/www.sebastien-auziere.fr\/blog\/brigitte-macron-famille-quitte-france\/","og_site_name":"Fan site S\u00e9bastien Auzi\u00e8re","article_published_time":"2026-05-01T07:15:45+00:00","og_image":[{"width":2560,"height":1429,"url":"https:\/\/www.sebastien-auziere.fr\/blog\/wp-content\/uploads\/2026\/05\/Brigitte-Macron-un-membre-de-sa-famille-decide-de-quitter-la-France-face-a-des-pressions-insoutenables.jpg","type":"image\/jpeg"}],"author":"Chloe Gauthier","twitter_card":"summary_large_image","twitter_misc":{"\u00c9crit par":"Chloe Gauthier","Dur\u00e9e de lecture estim\u00e9e":"3 minutes"},"schema":{"@context":"https:\/\/schema.org","@graph":[{"@type":"Article","@id":"https:\/\/www.sebastien-auziere.fr\/blog\/brigitte-macron-famille-quitte-france\/#article","isPartOf":{"@id":"https:\/\/www.sebastien-auziere.fr\/blog\/brigitte-macron-famille-quitte-france\/"},"author":{"name":"Chloe Gauthier","@id":"https:\/\/www.sebastien-auziere.fr\/blog\/#\/schema\/person\/149f1acdbfd85149c6c3e59adeae2f4d"},"headline":"Brigitte Macron : un membre de sa famille d\u00e9cide de quitter la France face \u00e0 des pressions insoutenables","datePublished":"2026-05-01T07:15:45+00:00","mainEntityOfPage":{"@id":"https:\/\/www.sebastien-auziere.fr\/blog\/brigitte-macron-famille-quitte-france\/"},"wordCount":601,"commentCount":0,"publisher":{"@id":"https:\/\/www.sebastien-auziere.fr\/blog\/#organization"},"image":{"@id":"https:\/\/www.sebastien-auziere.fr\/blog\/brigitte-macron-famille-quitte-france\/#primaryimage"},"thumbnailUrl":"https:\/\/www.sebastien-auziere.fr\/blog\/wp-content\/uploads\/2026\/05\/Brigitte-Macron-un-membre-de-sa-famille-decide-de-quitter-la-France-face-a-des-pressions-insoutenables.jpg","keywords":["actualit\u00e9 politique","brigitte macron","d\u00e9part de france","famille macron","pressions sociales"],"articleSection":["Actualit\u00e9s"],"inLanguage":"fr-FR","potentialAction":[{"@type":"CommentAction","name":"Comment","target":["https:\/\/www.sebastien-auziere.fr\/blog\/brigitte-macron-famille-quitte-france\/#respond"]}]},{"@type":"WebPage","@id":"https:\/\/www.sebastien-auziere.fr\/blog\/brigitte-macron-famille-quitte-france\/","url":"https:\/\/www.sebastien-auziere.fr\/blog\/brigitte-macron-famille-quitte-france\/","name":"Brigitte Macron : un membre de sa famille d\u00e9cide de quitter la France face \u00e0 des pressions insoutenables - Fan site S\u00e9bastien Auzi\u00e8re","isPartOf":{"@id":"https:\/\/www.sebastien-auziere.fr\/blog\/#website"},"primaryImageOfPage":{"@id":"https:\/\/www.sebastien-auziere.fr\/blog\/brigitte-macron-famille-quitte-france\/#primaryimage"},"image":{"@id":"https:\/\/www.sebastien-auziere.fr\/blog\/brigitte-macron-famille-quitte-france\/#primaryimage"},"thumbnailUrl":"https:\/\/www.sebastien-auziere.fr\/blog\/wp-content\/uploads\/2026\/05\/Brigitte-Macron-un-membre-de-sa-famille-decide-de-quitter-la-France-face-a-des-pressions-insoutenables.jpg","datePublished":"2026-05-01T07:15:45+00:00","description":"Brigitte Macron : un proche quitte la France face \u00e0 des pressions insoutenables, r\u00e9v\u00e9lant une situation familiale d\u00e9licate et pleine de tensions.","breadcrumb":{"@id":"https:\/\/www.sebastien-auziere.fr\/blog\/brigitte-macron-famille-quitte-france\/#breadcrumb"},"inLanguage":"fr-FR","potentialAction":[{"@type":"ReadAction","target":["https:\/\/www.sebastien-auziere.fr\/blog\/brigitte-macron-famille-quitte-france\/"]}]},{"@type":"ImageObject","inLanguage":"fr-FR","@id":"https:\/\/www.sebastien-auziere.fr\/blog\/brigitte-macron-famille-quitte-france\/#primaryimage","url":"https:\/\/www.sebastien-auziere.fr\/blog\/wp-content\/uploads\/2026\/05\/Brigitte-Macron-un-membre-de-sa-famille-decide-de-quitter-la-France-face-a-des-pressions-insoutenables.jpg","contentUrl":"https:\/\/www.sebastien-auziere.fr\/blog\/wp-content\/uploads\/2026\/05\/Brigitte-Macron-un-membre-de-sa-famille-decide-de-quitter-la-France-face-a-des-pressions-insoutenables.jpg","width":2560,"height":1429,"caption":"d\u00e9couvrez pourquoi un membre de la famille de brigitte macron choisit de quitter la france en raison de pressions insoutenables, et les r\u00e9actions autour de cette d\u00e9cision."},{"@type":"BreadcrumbList","@id":"https:\/\/www.sebastien-auziere.fr\/blog\/brigitte-macron-famille-quitte-france\/#breadcrumb","itemListElement":[{"@type":"ListItem","position":1,"name":"Home","item":"https:\/\/www.sebastien-auziere.fr\/blog\/"},{"@type":"ListItem","position":2,"name":"Brigitte Macron : un membre de sa famille d\u00e9cide de quitter la France face \u00e0 des pressions insoutenables"}]},{"@type":"WebSite","@id":"https:\/\/www.sebastien-auziere.fr\/blog\/#website","url":"https:\/\/www.sebastien-auziere.fr\/blog\/","name":"Fan site S\u00e9bastien Auzi\u00e8re","description":"M\u00e9dia g\u00e9n\u00e9raliste","publisher":{"@id":"https:\/\/www.sebastien-auziere.fr\/blog\/#organization"},"potentialAction":[{"@type":"SearchAction","target":{"@type":"EntryPoint","urlTemplate":"https:\/\/www.sebastien-auziere.fr\/blog\/?s={search_term_string}"},"query-input":{"@type":"PropertyValueSpecification","valueRequired":true,"valueName":"search_term_string"}}],"inLanguage":"fr-FR"},{"@type":"Organization","@id":"https:\/\/www.sebastien-auziere.fr\/blog\/#organization","name":"Fan site S\u00e9bastien Auzi\u00e8re","url":"https:\/\/www.sebastien-auziere.fr\/blog\/","logo":{"@type":"ImageObject","inLanguage":"fr-FR","@id":"https:\/\/www.sebastien-auziere.fr\/blog\/#\/schema\/logo\/image\/","url":"https:\/\/www.sebastien-auziere.fr\/blog\/wp-content\/uploads\/2026\/03\/cropped-cropped-cropped-ChatGPT-Image-6-mars-2026-12_58_09-e1772798376794.jpg","contentUrl":"https:\/\/www.sebastien-auziere.fr\/blog\/wp-content\/uploads\/2026\/03\/cropped-cropped-cropped-ChatGPT-Image-6-mars-2026-12_58_09-e1772798376794.jpg","width":512,"height":360,"caption":"Fan site S\u00e9bastien Auzi\u00e8re"},"image":{"@id":"https:\/\/www.sebastien-auziere.fr\/blog\/#\/schema\/logo\/image\/"}},{"@type":"Person","@id":"https:\/\/www.sebastien-auziere.fr\/blog\/#\/schema\/person\/149f1acdbfd85149c6c3e59adeae2f4d","name":"Chloe Gauthier","image":{"@type":"ImageObject","inLanguage":"fr-FR","@id":"https:\/\/secure.gravatar.com\/avatar\/2c5722f58171cff738a8985ef0dd66b476e563753246a49019befc837ec4201a?s=96&d=mm&r=g","url":"https:\/\/secure.gravatar.com\/avatar\/2c5722f58171cff738a8985ef0dd66b476e563753246a49019befc837ec4201a?s=96&d=mm&r=g","contentUrl":"https:\/\/secure.gravatar.com\/avatar\/2c5722f58171cff738a8985ef0dd66b476e563753246a49019befc837ec4201a?s=96&d=mm&r=g","caption":"Chloe Gauthier"},"description":"Passionn\u00e9e par la politique et admiratrice engag\u00e9e de la famille Macron, je consacre mon \u00e9nergie \u00e0 suivre leurs initiatives et \u00e0 promouvoir leurs id\u00e9es. \u00c0 32 ans, je suis convaincue que leur vision est porteuse d'avenir.","url":"https:\/\/www.sebastien-auziere.fr\/blog\/author\/chloe-gauthier\/"}]}},"views":1092,"_links":{"self":[{"href":"https:\/\/www.sebastien-auziere.fr\/blog\/wp-json\/wp\/v2\/posts\/3481","targetHints":{"allow":["GET"]}}],"collection":[{"href":"https:\/\/www.sebastien-auziere.fr\/blog\/wp-json\/wp\/v2\/posts"}],"about":[{"href":"https:\/\/www.sebastien-auziere.fr\/blog\/wp-json\/wp\/v2\/types\/post"}],"author":[{"embeddable":true,"href":"https:\/\/www.sebastien-auziere.fr\/blog\/wp-json\/wp\/v2\/users\/9"}],"replies":[{"embeddable":true,"href":"https:\/\/www.sebastien-auziere.fr\/blog\/wp-json\/wp\/v2\/comments?post=3481"}],"version-history":[{"count":0,"href":"https:\/\/www.sebastien-auziere.fr\/blog\/wp-json\/wp\/v2\/posts\/3481\/revisions"}],"wp:featuredmedia":[{"embeddable":true,"href":"https:\/\/www.sebastien-auziere.fr\/blog\/wp-json\/wp\/v2\/media\/3480"}],"wp:attachment":[{"href":"https:\/\/www.sebastien-auziere.fr\/blog\/wp-json\/wp\/v2\/media?parent=3481"}],"wp:term":[{"taxonomy":"category","embeddable":true,"href":"https:\/\/www.sebastien-auziere.fr\/blog\/wp-json\/wp\/v2\/categories?post=3481"},{"taxonomy":"post_tag","embeddable":true,"href":"https:\/\/www.sebastien-auziere.fr\/blog\/wp-json\/wp\/v2\/tags?post=3481"}],"curies":[{"name":"wp","href":"https:\/\/api.w.org\/{rel}","templated":true}]}}