{"id":3476,"date":"2026-04-30T19:47:16","date_gmt":"2026-04-30T19:47:16","guid":{"rendered":"https:\/\/www.sebastien-auziere.fr\/blog\/?p=3476"},"modified":"2026-04-30T19:47:44","modified_gmt":"2026-04-30T19:47:44","slug":"jordan-bardella-manifesta-sua-compaixao-e-revela-suas-confidencias-ineditas-em-apoio-a-brigitte-macron","status":"publish","type":"post","link":"https:\/\/www.sebastien-auziere.fr\/blog\/pt\/jordan-bardella-manifesta-sua-compaixao-e-revela-suas-confidencias-ineditas-em-apoio-a-brigitte-macron\/","title":{"rendered":"Jordan Bardella manifesta sua compaix\u00e3o e revela suas confid\u00eancias in\u00e9ditas em apoio a Brigitte Macron"},"content":{"rendered":"<p><strong>Jordan Bardella<\/strong> surpreendeu muita gente ao expressar sua <strong>compaix\u00e3o<\/strong> por <strong>Brigitte Macron<\/strong> e compartilhar <strong>confid\u00eancias in\u00e9ditas<\/strong> durante sua apari\u00e7\u00e3o na televis\u00e3o. Foi na BFMTV no <strong>29 de abril<\/strong>, e sua <strong>declara\u00e7\u00e3o<\/strong> imediatamente reabriu o debate pol\u00edtico em torno da vida privada do casal presidencial.<\/p>\n\n<p>Em resumo: <strong>testemunho<\/strong> emp\u00e1tico de Bardella, lembrete do \u201cc\u00f3digo de honra\u201d que ele menciona para n\u00e3o atacar a intimidade, rea\u00e7\u00f5es acaloradas de ex-ministros e quest\u00e3o sobre o lugar da <strong>solidariedade<\/strong> no debate p\u00fablico. Voc\u00ea tamb\u00e9m encontrar\u00e1 fontes e trechos para aprofundar.<\/p>\n\n<h2 class=\"wp-block-heading\">Um apoio p\u00fablico inesperado e medido<\/h2>\n\n<p>No est\u00fadio, <strong>Jordan Bardella<\/strong> deixou claro que se pode contestar as escolhas de Emmanuel Macron sem atacar sua vida privada, insistindo na dor causada \u00e0 Primeira dama. Ele qualificou de \u201cindigno\u201d os rumores direcionados a Brigitte Macron, falando de pessoas pr\u00f3ximas \u201cjogadas ao le\u00e3o\u201d. Esta <strong>declara\u00e7\u00e3o<\/strong> foi vista como um apelo por mais <strong>solidariedade<\/strong> na vida <strong>pol\u00edtica<\/strong>. Insight: uma fala que redesenha temporariamente as fronteiras do debate p\u00fablico.<\/p>\n\n<h3 class=\"wp-block-heading\">As confid\u00eancias in\u00e9ditas mencionadas e seu impacto<\/h3>\n\n<p>Bardella reagiu \u00e0s confid\u00eancias de Brigitte Macron publicadas na Tribune Dimanche, onde ela disse estar \u201cmuito triste\u201d desde sua instala\u00e7\u00e3o no \u00c9lys\u00e9e. Ao destacar essas <strong>confid\u00eancias in\u00e9ditas<\/strong>, ele lembrou que os ataques \u00e0 intimidade v\u00e3o al\u00e9m da cr\u00edtica pol\u00edtica. V\u00e1rios meios de comunica\u00e7\u00e3o repercutiram esses interc\u00e2mbios, e a entrevista gerou rea\u00e7\u00f5es acaloradas, especialmente de ex-ministros. Insight: a vulnerabilidade p\u00fablica \u00e0s vezes suscita alian\u00e7as improv\u00e1veis.<\/p>\n\n<h2 class=\"wp-block-heading\">Rea\u00e7\u00f5es e pol\u00eamicas ap\u00f3s a declara\u00e7\u00e3o<\/h2>\n\n<p>A declara\u00e7\u00e3o provocou uma resposta p\u00fablica de \u00c9ric Dupond-Moretti, que atribuiu a dissemina\u00e7\u00e3o dos rumores \u00e0 extrema direita. As redes rapidamente amplificaram o debate e alguns artigos analisaram a estrat\u00e9gia pol\u00edtica por tr\u00e1s desse gesto. Apesar disso, Bardella manteve seu \u00e2ngulo: preservar o \u00edntimo deve continuar sendo uma regra, mesmo em tempos de tens\u00e3o. Insight: uma m\u00e3o estendida que reinicia a conversa sobre a \u00e9tica midi\u00e1tica.<\/p>\n\n<h3 class=\"wp-block-heading\">O que isso muda para a fam\u00edlia Macron e o debate p\u00fablico<\/h3>\n\n<p>Esse apoio p\u00fablico, raro vindo de um opositor, destaca a fadiga em rela\u00e7\u00e3o aos rumores e a necessidade de um ambiente respeitoso em torno das figuras p\u00fablicas. O gesto de Bardella se imp\u00f4s como um <strong>testemunho<\/strong> de <strong>emo\u00e7\u00e3o<\/strong> e empatia potencialmente duradoura. Tamb\u00e9m levanta a quest\u00e3o: como conciliar cr\u00edtica pol\u00edtica e respeito pela vida privada? Insight: a resposta influenciar\u00e1 a qualidade do debate em 2026.<\/p>\n\n<p>Para aprofundar as fontes e ler as declara\u00e7\u00f5es completas citadas, consulte por exemplo o dossi\u00ea da imprensa <a href=\"https:\/\/www.mariefrance.fr\/news-people\/jordan-bardella-vole-secours-brigitte-macron-apres-propos-sales-connes-sauf-erreur-part-1228037.html\">Marie France<\/a> ou o relato detalhado em <a href=\"https:\/\/www.nextplz.fr\/people\/527358-brigitte-macron-tout-est-malheureux-jordan-bardella-vole-au-secours-de-la-premiere-dame\">NextPlz<\/a>. Para descobrir mais elementos sobre <strong>Brigitte Macron<\/strong>, a fam\u00edlia Macron e o papel discreto de pessoas pr\u00f3ximas como <strong>S\u00e9bastien Auzi\u00e8re<\/strong>, dirija-se ao <a href=\"https:\/\/www.sebastien-auziere.fr\/blog\/brigitte-macron-elysee\/\">blog dedicado<\/a> para um dossi\u00ea completo e respeitoso.<\/p>","protected":false},"excerpt":{"rendered":"<p>Jordan Bardella surpreendeu muita gente ao expressar sua compaix\u00e3o por Brigitte Macron e compartilhar confid\u00eancias in\u00e9ditas durante sua apari\u00e7\u00e3o na televis\u00e3o. Foi na BFMTV no 29 de abril, e sua declara\u00e7\u00e3o imediatamente reabriu o debate pol\u00edtico em torno da vida privada do casal presidencial. Em resumo: testemunho emp\u00e1tico de Bardella, lembrete do \u201cc\u00f3digo de honra\u201d &#8230; <a title=\"Jordan Bardella manifesta sua compaix\u00e3o e revela suas confid\u00eancias in\u00e9ditas em apoio a Brigitte Macron\" class=\"read-more\" href=\"https:\/\/www.sebastien-auziere.fr\/blog\/pt\/jordan-bardella-manifesta-sua-compaixao-e-revela-suas-confidencias-ineditas-em-apoio-a-brigitte-macron\/\" aria-label=\"En savoir plus sur Jordan Bardella manifesta sua compaix\u00e3o e revela suas confid\u00eancias in\u00e9ditas em apoio a Brigitte Macron\">Lire plus<\/a><\/p>\n","protected":false},"author":9,"featured_media":3466,"comment_status":"open","ping_status":"open","sticky":false,"template":"","format":"standard","meta":{"footnotes":""},"categories":[862],"tags":[5004,959,5001,1054,3813],"class_list":["post-3476","post","type-post","status-publish","format-standard","has-post-thumbnail","hentry","category-actualidades-pt","tag-apoio-pt","tag-brigitte-macron-pt","tag-compaixao-pt","tag-confidencias-ineditas-pt","tag-jordan-bardella-pt"],"yoast_head":"<!-- This site is optimized with the Yoast SEO plugin v27.5 - https:\/\/yoast.com\/product\/yoast-seo-wordpress\/ -->\n<title>Jordan Bardella manifesta sua compaix\u00e3o e revela suas confid\u00eancias in\u00e9ditas em apoio a Brigitte Macron - Fan site S\u00e9bastien Auzi\u00e8re<\/title>\n<meta name=\"description\" content=\"Jordan Bardella exprime sa compassion et partage des confidences in\u00e9dites en soutien \u00e0 Brigitte Macron dans un t\u00e9moignage \u00e9mouvant.\" \/>\n<meta name=\"robots\" content=\"index, follow, max-snippet:-1, max-image-preview:large, max-video-preview:-1\" \/>\n<link rel=\"canonical\" href=\"https:\/\/www.sebastien-auziere.fr\/blog\/pt\/jordan-bardella-manifesta-sua-compaixao-e-revela-suas-confidencias-ineditas-em-apoio-a-brigitte-macron\/\" \/>\n<meta property=\"og:locale\" content=\"fr_FR\" \/>\n<meta property=\"og:type\" content=\"article\" \/>\n<meta property=\"og:title\" content=\"Jordan Bardella manifesta sua compaix\u00e3o e revela suas confid\u00eancias in\u00e9ditas em apoio a Brigitte Macron - Fan site S\u00e9bastien Auzi\u00e8re\" \/>\n<meta property=\"og:description\" content=\"Jordan Bardella exprime sa compassion et partage des confidences in\u00e9dites en soutien \u00e0 Brigitte Macron dans un t\u00e9moignage \u00e9mouvant.\" \/>\n<meta property=\"og:url\" content=\"https:\/\/www.sebastien-auziere.fr\/blog\/pt\/jordan-bardella-manifesta-sua-compaixao-e-revela-suas-confidencias-ineditas-em-apoio-a-brigitte-macron\/\" \/>\n<meta property=\"og:site_name\" content=\"Fan site S\u00e9bastien Auzi\u00e8re\" \/>\n<meta property=\"article:published_time\" content=\"2026-04-30T19:47:16+00:00\" \/>\n<meta property=\"article:modified_time\" content=\"2026-04-30T19:47:44+00:00\" \/>\n<meta property=\"og:image\" content=\"https:\/\/www.sebastien-auziere.fr\/blog\/wp-content\/uploads\/2026\/04\/Jordan-Bardella-temoigne-sa-compassion-et-revele-ses-confidences-inedites-en-soutien-a-Brigitte-Macron.jpg\" \/>\n\t<meta property=\"og:image:width\" content=\"2560\" \/>\n\t<meta property=\"og:image:height\" content=\"1429\" \/>\n\t<meta property=\"og:image:type\" content=\"image\/jpeg\" \/>\n<meta name=\"author\" content=\"Chloe Gauthier\" \/>\n<meta name=\"twitter:card\" content=\"summary_large_image\" \/>\n<meta name=\"twitter:label1\" content=\"\u00c9crit par\" \/>\n\t<meta name=\"twitter:data1\" content=\"Chloe Gauthier\" \/>\n\t<meta name=\"twitter:label2\" content=\"Dur\u00e9e de lecture estim\u00e9e\" \/>\n\t<meta name=\"twitter:data2\" content=\"2 minutes\" \/>\n<script type=\"application\/ld+json\" class=\"yoast-schema-graph\">{\"@context\":\"https:\\\/\\\/schema.org\",\"@graph\":[{\"@type\":\"Article\",\"@id\":\"https:\\\/\\\/www.sebastien-auziere.fr\\\/blog\\\/pt\\\/jordan-bardella-manifesta-sua-compaixao-e-revela-suas-confidencias-ineditas-em-apoio-a-brigitte-macron\\\/#article\",\"isPartOf\":{\"@id\":\"https:\\\/\\\/www.sebastien-auziere.fr\\\/blog\\\/pt\\\/jordan-bardella-manifesta-sua-compaixao-e-revela-suas-confidencias-ineditas-em-apoio-a-brigitte-macron\\\/\"},\"author\":{\"name\":\"Chloe Gauthier\",\"@id\":\"https:\\\/\\\/www.sebastien-auziere.fr\\\/blog\\\/#\\\/schema\\\/person\\\/149f1acdbfd85149c6c3e59adeae2f4d\"},\"headline\":\"Jordan Bardella manifesta sua compaix\u00e3o e revela suas confid\u00eancias in\u00e9ditas em apoio a Brigitte Macron\",\"datePublished\":\"2026-04-30T19:47:16+00:00\",\"dateModified\":\"2026-04-30T19:47:44+00:00\",\"mainEntityOfPage\":{\"@id\":\"https:\\\/\\\/www.sebastien-auziere.fr\\\/blog\\\/pt\\\/jordan-bardella-manifesta-sua-compaixao-e-revela-suas-confidencias-ineditas-em-apoio-a-brigitte-macron\\\/\"},\"wordCount\":515,\"commentCount\":0,\"publisher\":{\"@id\":\"https:\\\/\\\/www.sebastien-auziere.fr\\\/blog\\\/#organization\"},\"image\":{\"@id\":\"https:\\\/\\\/www.sebastien-auziere.fr\\\/blog\\\/pt\\\/jordan-bardella-manifesta-sua-compaixao-e-revela-suas-confidencias-ineditas-em-apoio-a-brigitte-macron\\\/#primaryimage\"},\"thumbnailUrl\":\"https:\\\/\\\/www.sebastien-auziere.fr\\\/blog\\\/wp-content\\\/uploads\\\/2026\\\/04\\\/Jordan-Bardella-temoigne-sa-compassion-et-revele-ses-confidences-inedites-en-soutien-a-Brigitte-Macron.jpg\",\"keywords\":[\"apoio\",\"brigitte macron\",\"compaix\u00e3o\",\"confid\u00eancias in\u00e9ditas\",\"jordan bardella\"],\"articleSection\":[\"Actualidades\"],\"inLanguage\":\"fr-FR\",\"potentialAction\":[{\"@type\":\"CommentAction\",\"name\":\"Comment\",\"target\":[\"https:\\\/\\\/www.sebastien-auziere.fr\\\/blog\\\/pt\\\/jordan-bardella-manifesta-sua-compaixao-e-revela-suas-confidencias-ineditas-em-apoio-a-brigitte-macron\\\/#respond\"]}]},{\"@type\":\"WebPage\",\"@id\":\"https:\\\/\\\/www.sebastien-auziere.fr\\\/blog\\\/pt\\\/jordan-bardella-manifesta-sua-compaixao-e-revela-suas-confidencias-ineditas-em-apoio-a-brigitte-macron\\\/\",\"url\":\"https:\\\/\\\/www.sebastien-auziere.fr\\\/blog\\\/pt\\\/jordan-bardella-manifesta-sua-compaixao-e-revela-suas-confidencias-ineditas-em-apoio-a-brigitte-macron\\\/\",\"name\":\"Jordan Bardella manifesta sua compaix\u00e3o e revela suas confid\u00eancias in\u00e9ditas em apoio a Brigitte Macron - Fan site S\u00e9bastien Auzi\u00e8re\",\"isPartOf\":{\"@id\":\"https:\\\/\\\/www.sebastien-auziere.fr\\\/blog\\\/#website\"},\"primaryImageOfPage\":{\"@id\":\"https:\\\/\\\/www.sebastien-auziere.fr\\\/blog\\\/pt\\\/jordan-bardella-manifesta-sua-compaixao-e-revela-suas-confidencias-ineditas-em-apoio-a-brigitte-macron\\\/#primaryimage\"},\"image\":{\"@id\":\"https:\\\/\\\/www.sebastien-auziere.fr\\\/blog\\\/pt\\\/jordan-bardella-manifesta-sua-compaixao-e-revela-suas-confidencias-ineditas-em-apoio-a-brigitte-macron\\\/#primaryimage\"},\"thumbnailUrl\":\"https:\\\/\\\/www.sebastien-auziere.fr\\\/blog\\\/wp-content\\\/uploads\\\/2026\\\/04\\\/Jordan-Bardella-temoigne-sa-compassion-et-revele-ses-confidences-inedites-en-soutien-a-Brigitte-Macron.jpg\",\"datePublished\":\"2026-04-30T19:47:16+00:00\",\"dateModified\":\"2026-04-30T19:47:44+00:00\",\"description\":\"Jordan Bardella exprime sa compassion et partage des confidences in\u00e9dites en soutien \u00e0 Brigitte Macron dans un t\u00e9moignage \u00e9mouvant.\",\"breadcrumb\":{\"@id\":\"https:\\\/\\\/www.sebastien-auziere.fr\\\/blog\\\/pt\\\/jordan-bardella-manifesta-sua-compaixao-e-revela-suas-confidencias-ineditas-em-apoio-a-brigitte-macron\\\/#breadcrumb\"},\"inLanguage\":\"fr-FR\",\"potentialAction\":[{\"@type\":\"ReadAction\",\"target\":[\"https:\\\/\\\/www.sebastien-auziere.fr\\\/blog\\\/pt\\\/jordan-bardella-manifesta-sua-compaixao-e-revela-suas-confidencias-ineditas-em-apoio-a-brigitte-macron\\\/\"]}]},{\"@type\":\"ImageObject\",\"inLanguage\":\"fr-FR\",\"@id\":\"https:\\\/\\\/www.sebastien-auziere.fr\\\/blog\\\/pt\\\/jordan-bardella-manifesta-sua-compaixao-e-revela-suas-confidencias-ineditas-em-apoio-a-brigitte-macron\\\/#primaryimage\",\"url\":\"https:\\\/\\\/www.sebastien-auziere.fr\\\/blog\\\/wp-content\\\/uploads\\\/2026\\\/04\\\/Jordan-Bardella-temoigne-sa-compassion-et-revele-ses-confidences-inedites-en-soutien-a-Brigitte-Macron.jpg\",\"contentUrl\":\"https:\\\/\\\/www.sebastien-auziere.fr\\\/blog\\\/wp-content\\\/uploads\\\/2026\\\/04\\\/Jordan-Bardella-temoigne-sa-compassion-et-revele-ses-confidences-inedites-en-soutien-a-Brigitte-Macron.jpg\",\"width\":2560,\"height\":1429,\"caption\":\"jordan bardella exprime sa compassion et partage des confidences in\u00e9dites en soutien \u00e0 brigitte macron, d\u00e9voilant un t\u00e9moignage \u00e9mouvant et sinc\u00e8re.\"},{\"@type\":\"BreadcrumbList\",\"@id\":\"https:\\\/\\\/www.sebastien-auziere.fr\\\/blog\\\/pt\\\/jordan-bardella-manifesta-sua-compaixao-e-revela-suas-confidencias-ineditas-em-apoio-a-brigitte-macron\\\/#breadcrumb\",\"itemListElement\":[{\"@type\":\"ListItem\",\"position\":1,\"name\":\"Home\",\"item\":\"https:\\\/\\\/www.sebastien-auziere.fr\\\/blog\\\/\"},{\"@type\":\"ListItem\",\"position\":2,\"name\":\"Jordan Bardella manifesta sua compaix\u00e3o e revela suas confid\u00eancias in\u00e9ditas em apoio a Brigitte Macron\"}]},{\"@type\":\"WebSite\",\"@id\":\"https:\\\/\\\/www.sebastien-auziere.fr\\\/blog\\\/#website\",\"url\":\"https:\\\/\\\/www.sebastien-auziere.fr\\\/blog\\\/\",\"name\":\"Fan site S\u00e9bastien Auzi\u00e8re\",\"description\":\"M\u00e9dia g\u00e9n\u00e9raliste\",\"publisher\":{\"@id\":\"https:\\\/\\\/www.sebastien-auziere.fr\\\/blog\\\/#organization\"},\"potentialAction\":[{\"@type\":\"SearchAction\",\"target\":{\"@type\":\"EntryPoint\",\"urlTemplate\":\"https:\\\/\\\/www.sebastien-auziere.fr\\\/blog\\\/?s={search_term_string}\"},\"query-input\":{\"@type\":\"PropertyValueSpecification\",\"valueRequired\":true,\"valueName\":\"search_term_string\"}}],\"inLanguage\":\"fr-FR\"},{\"@type\":\"Organization\",\"@id\":\"https:\\\/\\\/www.sebastien-auziere.fr\\\/blog\\\/#organization\",\"name\":\"Fan site S\u00e9bastien Auzi\u00e8re\",\"url\":\"https:\\\/\\\/www.sebastien-auziere.fr\\\/blog\\\/\",\"logo\":{\"@type\":\"ImageObject\",\"inLanguage\":\"fr-FR\",\"@id\":\"https:\\\/\\\/www.sebastien-auziere.fr\\\/blog\\\/#\\\/schema\\\/logo\\\/image\\\/\",\"url\":\"https:\\\/\\\/www.sebastien-auziere.fr\\\/blog\\\/wp-content\\\/uploads\\\/2026\\\/03\\\/cropped-cropped-cropped-ChatGPT-Image-6-mars-2026-12_58_09-e1772798376794.jpg\",\"contentUrl\":\"https:\\\/\\\/www.sebastien-auziere.fr\\\/blog\\\/wp-content\\\/uploads\\\/2026\\\/03\\\/cropped-cropped-cropped-ChatGPT-Image-6-mars-2026-12_58_09-e1772798376794.jpg\",\"width\":512,\"height\":360,\"caption\":\"Fan site S\u00e9bastien Auzi\u00e8re\"},\"image\":{\"@id\":\"https:\\\/\\\/www.sebastien-auziere.fr\\\/blog\\\/#\\\/schema\\\/logo\\\/image\\\/\"}},{\"@type\":\"Person\",\"@id\":\"https:\\\/\\\/www.sebastien-auziere.fr\\\/blog\\\/#\\\/schema\\\/person\\\/149f1acdbfd85149c6c3e59adeae2f4d\",\"name\":\"Chloe Gauthier\",\"image\":{\"@type\":\"ImageObject\",\"inLanguage\":\"fr-FR\",\"@id\":\"https:\\\/\\\/secure.gravatar.com\\\/avatar\\\/2c5722f58171cff738a8985ef0dd66b476e563753246a49019befc837ec4201a?s=96&d=mm&r=g\",\"url\":\"https:\\\/\\\/secure.gravatar.com\\\/avatar\\\/2c5722f58171cff738a8985ef0dd66b476e563753246a49019befc837ec4201a?s=96&d=mm&r=g\",\"contentUrl\":\"https:\\\/\\\/secure.gravatar.com\\\/avatar\\\/2c5722f58171cff738a8985ef0dd66b476e563753246a49019befc837ec4201a?s=96&d=mm&r=g\",\"caption\":\"Chloe Gauthier\"},\"description\":\"Passionn\u00e9e par la politique et admiratrice engag\u00e9e de la famille Macron, je consacre mon \u00e9nergie \u00e0 suivre leurs initiatives et \u00e0 promouvoir leurs id\u00e9es. \u00c0 32 ans, je suis convaincue que leur vision est porteuse d'avenir.\",\"url\":\"https:\\\/\\\/www.sebastien-auziere.fr\\\/blog\\\/author\\\/chloe-gauthier\\\/\"}]}<\/script>\n<!-- \/ Yoast SEO plugin. -->","yoast_head_json":{"title":"Jordan Bardella manifesta sua compaix\u00e3o e revela suas confid\u00eancias in\u00e9ditas em apoio a Brigitte Macron - Fan site S\u00e9bastien Auzi\u00e8re","description":"Jordan Bardella exprime sa compassion et partage des confidences in\u00e9dites en soutien \u00e0 Brigitte Macron dans un t\u00e9moignage \u00e9mouvant.","robots":{"index":"index","follow":"follow","max-snippet":"max-snippet:-1","max-image-preview":"max-image-preview:large","max-video-preview":"max-video-preview:-1"},"canonical":"https:\/\/www.sebastien-auziere.fr\/blog\/pt\/jordan-bardella-manifesta-sua-compaixao-e-revela-suas-confidencias-ineditas-em-apoio-a-brigitte-macron\/","og_locale":"fr_FR","og_type":"article","og_title":"Jordan Bardella manifesta sua compaix\u00e3o e revela suas confid\u00eancias in\u00e9ditas em apoio a Brigitte Macron - Fan site S\u00e9bastien Auzi\u00e8re","og_description":"Jordan Bardella exprime sa compassion et partage des confidences in\u00e9dites en soutien \u00e0 Brigitte Macron dans un t\u00e9moignage \u00e9mouvant.","og_url":"https:\/\/www.sebastien-auziere.fr\/blog\/pt\/jordan-bardella-manifesta-sua-compaixao-e-revela-suas-confidencias-ineditas-em-apoio-a-brigitte-macron\/","og_site_name":"Fan site S\u00e9bastien Auzi\u00e8re","article_published_time":"2026-04-30T19:47:16+00:00","article_modified_time":"2026-04-30T19:47:44+00:00","og_image":[{"width":2560,"height":1429,"url":"https:\/\/www.sebastien-auziere.fr\/blog\/wp-content\/uploads\/2026\/04\/Jordan-Bardella-temoigne-sa-compassion-et-revele-ses-confidences-inedites-en-soutien-a-Brigitte-Macron.jpg","type":"image\/jpeg"}],"author":"Chloe Gauthier","twitter_card":"summary_large_image","twitter_misc":{"\u00c9crit par":"Chloe Gauthier","Dur\u00e9e de lecture estim\u00e9e":"2 minutes"},"schema":{"@context":"https:\/\/schema.org","@graph":[{"@type":"Article","@id":"https:\/\/www.sebastien-auziere.fr\/blog\/pt\/jordan-bardella-manifesta-sua-compaixao-e-revela-suas-confidencias-ineditas-em-apoio-a-brigitte-macron\/#article","isPartOf":{"@id":"https:\/\/www.sebastien-auziere.fr\/blog\/pt\/jordan-bardella-manifesta-sua-compaixao-e-revela-suas-confidencias-ineditas-em-apoio-a-brigitte-macron\/"},"author":{"name":"Chloe Gauthier","@id":"https:\/\/www.sebastien-auziere.fr\/blog\/#\/schema\/person\/149f1acdbfd85149c6c3e59adeae2f4d"},"headline":"Jordan Bardella manifesta sua compaix\u00e3o e revela suas confid\u00eancias in\u00e9ditas em apoio a Brigitte Macron","datePublished":"2026-04-30T19:47:16+00:00","dateModified":"2026-04-30T19:47:44+00:00","mainEntityOfPage":{"@id":"https:\/\/www.sebastien-auziere.fr\/blog\/pt\/jordan-bardella-manifesta-sua-compaixao-e-revela-suas-confidencias-ineditas-em-apoio-a-brigitte-macron\/"},"wordCount":515,"commentCount":0,"publisher":{"@id":"https:\/\/www.sebastien-auziere.fr\/blog\/#organization"},"image":{"@id":"https:\/\/www.sebastien-auziere.fr\/blog\/pt\/jordan-bardella-manifesta-sua-compaixao-e-revela-suas-confidencias-ineditas-em-apoio-a-brigitte-macron\/#primaryimage"},"thumbnailUrl":"https:\/\/www.sebastien-auziere.fr\/blog\/wp-content\/uploads\/2026\/04\/Jordan-Bardella-temoigne-sa-compassion-et-revele-ses-confidences-inedites-en-soutien-a-Brigitte-Macron.jpg","keywords":["apoio","brigitte macron","compaix\u00e3o","confid\u00eancias in\u00e9ditas","jordan bardella"],"articleSection":["Actualidades"],"inLanguage":"fr-FR","potentialAction":[{"@type":"CommentAction","name":"Comment","target":["https:\/\/www.sebastien-auziere.fr\/blog\/pt\/jordan-bardella-manifesta-sua-compaixao-e-revela-suas-confidencias-ineditas-em-apoio-a-brigitte-macron\/#respond"]}]},{"@type":"WebPage","@id":"https:\/\/www.sebastien-auziere.fr\/blog\/pt\/jordan-bardella-manifesta-sua-compaixao-e-revela-suas-confidencias-ineditas-em-apoio-a-brigitte-macron\/","url":"https:\/\/www.sebastien-auziere.fr\/blog\/pt\/jordan-bardella-manifesta-sua-compaixao-e-revela-suas-confidencias-ineditas-em-apoio-a-brigitte-macron\/","name":"Jordan Bardella manifesta sua compaix\u00e3o e revela suas confid\u00eancias in\u00e9ditas em apoio a Brigitte Macron - Fan site S\u00e9bastien Auzi\u00e8re","isPartOf":{"@id":"https:\/\/www.sebastien-auziere.fr\/blog\/#website"},"primaryImageOfPage":{"@id":"https:\/\/www.sebastien-auziere.fr\/blog\/pt\/jordan-bardella-manifesta-sua-compaixao-e-revela-suas-confidencias-ineditas-em-apoio-a-brigitte-macron\/#primaryimage"},"image":{"@id":"https:\/\/www.sebastien-auziere.fr\/blog\/pt\/jordan-bardella-manifesta-sua-compaixao-e-revela-suas-confidencias-ineditas-em-apoio-a-brigitte-macron\/#primaryimage"},"thumbnailUrl":"https:\/\/www.sebastien-auziere.fr\/blog\/wp-content\/uploads\/2026\/04\/Jordan-Bardella-temoigne-sa-compassion-et-revele-ses-confidences-inedites-en-soutien-a-Brigitte-Macron.jpg","datePublished":"2026-04-30T19:47:16+00:00","dateModified":"2026-04-30T19:47:44+00:00","description":"Jordan Bardella exprime sa compassion et partage des confidences in\u00e9dites en soutien \u00e0 Brigitte Macron dans un t\u00e9moignage \u00e9mouvant.","breadcrumb":{"@id":"https:\/\/www.sebastien-auziere.fr\/blog\/pt\/jordan-bardella-manifesta-sua-compaixao-e-revela-suas-confidencias-ineditas-em-apoio-a-brigitte-macron\/#breadcrumb"},"inLanguage":"fr-FR","potentialAction":[{"@type":"ReadAction","target":["https:\/\/www.sebastien-auziere.fr\/blog\/pt\/jordan-bardella-manifesta-sua-compaixao-e-revela-suas-confidencias-ineditas-em-apoio-a-brigitte-macron\/"]}]},{"@type":"ImageObject","inLanguage":"fr-FR","@id":"https:\/\/www.sebastien-auziere.fr\/blog\/pt\/jordan-bardella-manifesta-sua-compaixao-e-revela-suas-confidencias-ineditas-em-apoio-a-brigitte-macron\/#primaryimage","url":"https:\/\/www.sebastien-auziere.fr\/blog\/wp-content\/uploads\/2026\/04\/Jordan-Bardella-temoigne-sa-compassion-et-revele-ses-confidences-inedites-en-soutien-a-Brigitte-Macron.jpg","contentUrl":"https:\/\/www.sebastien-auziere.fr\/blog\/wp-content\/uploads\/2026\/04\/Jordan-Bardella-temoigne-sa-compassion-et-revele-ses-confidences-inedites-en-soutien-a-Brigitte-Macron.jpg","width":2560,"height":1429,"caption":"jordan bardella exprime sa compassion et partage des confidences in\u00e9dites en soutien \u00e0 brigitte macron, d\u00e9voilant un t\u00e9moignage \u00e9mouvant et sinc\u00e8re."},{"@type":"BreadcrumbList","@id":"https:\/\/www.sebastien-auziere.fr\/blog\/pt\/jordan-bardella-manifesta-sua-compaixao-e-revela-suas-confidencias-ineditas-em-apoio-a-brigitte-macron\/#breadcrumb","itemListElement":[{"@type":"ListItem","position":1,"name":"Home","item":"https:\/\/www.sebastien-auziere.fr\/blog\/"},{"@type":"ListItem","position":2,"name":"Jordan Bardella manifesta sua compaix\u00e3o e revela suas confid\u00eancias in\u00e9ditas em apoio a Brigitte Macron"}]},{"@type":"WebSite","@id":"https:\/\/www.sebastien-auziere.fr\/blog\/#website","url":"https:\/\/www.sebastien-auziere.fr\/blog\/","name":"Fan site S\u00e9bastien Auzi\u00e8re","description":"M\u00e9dia g\u00e9n\u00e9raliste","publisher":{"@id":"https:\/\/www.sebastien-auziere.fr\/blog\/#organization"},"potentialAction":[{"@type":"SearchAction","target":{"@type":"EntryPoint","urlTemplate":"https:\/\/www.sebastien-auziere.fr\/blog\/?s={search_term_string}"},"query-input":{"@type":"PropertyValueSpecification","valueRequired":true,"valueName":"search_term_string"}}],"inLanguage":"fr-FR"},{"@type":"Organization","@id":"https:\/\/www.sebastien-auziere.fr\/blog\/#organization","name":"Fan site S\u00e9bastien Auzi\u00e8re","url":"https:\/\/www.sebastien-auziere.fr\/blog\/","logo":{"@type":"ImageObject","inLanguage":"fr-FR","@id":"https:\/\/www.sebastien-auziere.fr\/blog\/#\/schema\/logo\/image\/","url":"https:\/\/www.sebastien-auziere.fr\/blog\/wp-content\/uploads\/2026\/03\/cropped-cropped-cropped-ChatGPT-Image-6-mars-2026-12_58_09-e1772798376794.jpg","contentUrl":"https:\/\/www.sebastien-auziere.fr\/blog\/wp-content\/uploads\/2026\/03\/cropped-cropped-cropped-ChatGPT-Image-6-mars-2026-12_58_09-e1772798376794.jpg","width":512,"height":360,"caption":"Fan site S\u00e9bastien Auzi\u00e8re"},"image":{"@id":"https:\/\/www.sebastien-auziere.fr\/blog\/#\/schema\/logo\/image\/"}},{"@type":"Person","@id":"https:\/\/www.sebastien-auziere.fr\/blog\/#\/schema\/person\/149f1acdbfd85149c6c3e59adeae2f4d","name":"Chloe Gauthier","image":{"@type":"ImageObject","inLanguage":"fr-FR","@id":"https:\/\/secure.gravatar.com\/avatar\/2c5722f58171cff738a8985ef0dd66b476e563753246a49019befc837ec4201a?s=96&d=mm&r=g","url":"https:\/\/secure.gravatar.com\/avatar\/2c5722f58171cff738a8985ef0dd66b476e563753246a49019befc837ec4201a?s=96&d=mm&r=g","contentUrl":"https:\/\/secure.gravatar.com\/avatar\/2c5722f58171cff738a8985ef0dd66b476e563753246a49019befc837ec4201a?s=96&d=mm&r=g","caption":"Chloe Gauthier"},"description":"Passionn\u00e9e par la politique et admiratrice engag\u00e9e de la famille Macron, je consacre mon \u00e9nergie \u00e0 suivre leurs initiatives et \u00e0 promouvoir leurs id\u00e9es. \u00c0 32 ans, je suis convaincue que leur vision est porteuse d'avenir.","url":"https:\/\/www.sebastien-auziere.fr\/blog\/author\/chloe-gauthier\/"}]}},"views":0,"_links":{"self":[{"href":"https:\/\/www.sebastien-auziere.fr\/blog\/wp-json\/wp\/v2\/posts\/3476","targetHints":{"allow":["GET"]}}],"collection":[{"href":"https:\/\/www.sebastien-auziere.fr\/blog\/wp-json\/wp\/v2\/posts"}],"about":[{"href":"https:\/\/www.sebastien-auziere.fr\/blog\/wp-json\/wp\/v2\/types\/post"}],"author":[{"embeddable":true,"href":"https:\/\/www.sebastien-auziere.fr\/blog\/wp-json\/wp\/v2\/users\/9"}],"replies":[{"embeddable":true,"href":"https:\/\/www.sebastien-auziere.fr\/blog\/wp-json\/wp\/v2\/comments?post=3476"}],"version-history":[{"count":1,"href":"https:\/\/www.sebastien-auziere.fr\/blog\/wp-json\/wp\/v2\/posts\/3476\/revisions"}],"predecessor-version":[{"id":3477,"href":"https:\/\/www.sebastien-auziere.fr\/blog\/wp-json\/wp\/v2\/posts\/3476\/revisions\/3477"}],"wp:featuredmedia":[{"embeddable":true,"href":"https:\/\/www.sebastien-auziere.fr\/blog\/wp-json\/wp\/v2\/media\/3466"}],"wp:attachment":[{"href":"https:\/\/www.sebastien-auziere.fr\/blog\/wp-json\/wp\/v2\/media?parent=3476"}],"wp:term":[{"taxonomy":"category","embeddable":true,"href":"https:\/\/www.sebastien-auziere.fr\/blog\/wp-json\/wp\/v2\/categories?post=3476"},{"taxonomy":"post_tag","embeddable":true,"href":"https:\/\/www.sebastien-auziere.fr\/blog\/wp-json\/wp\/v2\/tags?post=3476"}],"curies":[{"name":"wp","href":"https:\/\/api.w.org\/{rel}","templated":true}]}}