{"id":3474,"date":"2026-04-30T19:40:01","date_gmt":"2026-04-30T19:40:01","guid":{"rendered":"https:\/\/www.sebastien-auziere.fr\/blog\/?p=3474"},"modified":"2026-04-30T19:40:32","modified_gmt":"2026-04-30T19:40:32","slug":"jordan-bardella-esprime-la-sua-compassione-e-rivela-le-sue-confessioni-inedite-a-sostegno-di-brigitte-macron","status":"publish","type":"post","link":"https:\/\/www.sebastien-auziere.fr\/blog\/it\/jordan-bardella-esprime-la-sua-compassione-e-rivela-le-sue-confessioni-inedite-a-sostegno-di-brigitte-macron\/","title":{"rendered":"Jordan Bardella esprime la sua compassione e rivela le sue confessioni inedite a sostegno di Brigitte Macron"},"content":{"rendered":"<p><strong>Jordan Bardella<\/strong> ha sorpreso molti esprimendo la sua <strong>compassione<\/strong> per <strong>Brigitte Macron<\/strong> e condividendo <strong>confidenze inedite<\/strong> durante la sua apparizione in televisione. \u00c8 stato su BFMTV il <strong>29 aprile<\/strong>, e la sua <strong>dichiarazione<\/strong> ha subito riaperto il dibattito politico attorno alla vita privata della coppia presidenziale.<\/p>\n\n<p>In breve: <strong>testimonianza<\/strong> empatica di Bardella, richiamo del \u201ccodice d\u2019onore\u201d che egli evoca per non attaccare l\u2019intimo, reazioni vivaci di ex ministri e interrogativi sulla posizione della <strong>solidariet\u00e0<\/strong> nel dibattito pubblico. Troverai anche fonti ed estratti per approfondire.<\/p>\n\n<h2 class=\"wp-block-heading\">Un sostegno pubblico inatteso e misurato<\/h2>\n\n<p>Sul palco, <strong>Jordan Bardella<\/strong> ha affermato chiaramente che si possono contestare le scelte di Emmanuel Macron senza attaccare la sua vita privata, sottolineando la sofferenza causata alla Prima donna. Ha definito \u201cindegno\u201d le voci su Brigitte Macron, parlando di persone \u201csacrificate\u201d. Questa <strong>dichiarazione<\/strong> \u00e8 stata percepita come un appello a maggiore <strong>solidariet\u00e0<\/strong> nella vita <strong>politica<\/strong>. Insight: una parola che ridisegna temporaneamente i confini del dibattito pubblico.<\/p>\n\n<h3 class=\"wp-block-heading\">Le confidenze inedite evocate e il loro impatto<\/h3>\n\n<p>Bardella ha reagito alle confidenze di Brigitte Macron pubblicate a la Tribune Dimanche, dove lei diceva di essere \u201cmolto triste\u201d da quando si \u00e8 insediata all\u2019\u00c9lys\u00e9e. Sottolineando queste <strong>confidenze inedite<\/strong>, ha ricordato che gli attacchi sull\u2019intimit\u00e0 superano le critiche politiche. Diversi media hanno riportato questi scambi, e l\u2019intervista ha generato reazioni vivaci, in particolare da ex ministri. Insight: la vulnerabilit\u00e0 pubblica suscita a volte alleanze improbabili.<\/p>\n\n<h2 class=\"wp-block-heading\">Reazioni e polemiche dopo la presa di parola<\/h2>\n\n<p>La presa di posizione ha scatenato una replica pubblica di \u00c9ric Dupond-Moretti, che ha attribuito la propagazione delle voci all\u2019estrema destra. I social hanno rapidamente amplificato il dibattito e alcuni articoli hanno analizzato la strategia politica dietro questo gesto. Tuttavia, Bardella ha mantenuto il suo angolo: preservare l\u2019intimo deve rimanere una regola, anche in periodi di tensione. Insight: una mano tesa che rilancia la conversazione sull\u2019etica mediatica.<\/p>\n\n<h3 class=\"wp-block-heading\">Cosa cambia per la famiglia Macron e il dibattito pubblico<\/h3>\n\n<p>Questo sostegno pubblico, raro da un oppositore, mette in luce la fatica legata alle voci e la necessit\u00e0 di un quadro rispettoso attorno alle figure pubbliche. Il gesto di Bardella si \u00e8 imposto come un <strong>testimonianza<\/strong> di <strong>emozione<\/strong> e di empatia potenzialmente duratura. Solleva anche la questione: come conciliare critica politica e rispetto della vita privata? Insight: la risposta influenzer\u00e0 la qualit\u00e0 del dibattito nel 2026.<\/p>\n\n<p>Per approfondire le fonti e leggere le dichiarazioni complete citate, consulta ad esempio il dossier della stampa <a href=\"https:\/\/www.mariefrance.fr\/news-people\/jordan-bardella-vole-secours-brigitte-macron-apres-propos-sales-connes-sauf-erreur-part-1228037.html\">Marie France<\/a> o il racconto dettagliato su <a href=\"https:\/\/www.nextplz.fr\/people\/527358-brigitte-macron-tout-est-malheureux-jordan-bardella-vole-au-secours-de-la-premiere-dame\">NextPlz<\/a>. Per scoprire ulteriori elementi su <strong>Brigitte Macron<\/strong>, la famiglia Macron e il ruolo discreto di persone come <strong>S\u00e9bastien Auzi\u00e8re<\/strong>, visita <a href=\"https:\/\/www.sebastien-auziere.fr\/blog\/brigitte-macron-elysee\/\">il blog dedicato<\/a> per un dossier completo e rispettoso.<\/p>","protected":false},"excerpt":{"rendered":"<p>Jordan Bardella ha sorpreso molti esprimendo la sua compassione per Brigitte Macron e condividendo confidenze inedite durante la sua apparizione in televisione. \u00c8 stato su BFMTV il 29 aprile, e la sua dichiarazione ha subito riaperto il dibattito politico attorno alla vita privata della coppia presidenziale. In breve: testimonianza empatica di Bardella, richiamo del \u201ccodice &#8230; <a title=\"Jordan Bardella esprime la sua compassione e rivela le sue confessioni inedite a sostegno di Brigitte Macron\" class=\"read-more\" href=\"https:\/\/www.sebastien-auziere.fr\/blog\/it\/jordan-bardella-esprime-la-sua-compassione-e-rivela-le-sue-confessioni-inedite-a-sostegno-di-brigitte-macron\/\" aria-label=\"En savoir plus sur Jordan Bardella esprime la sua compassione e rivela le sue confessioni inedite a sostegno di Brigitte Macron\">Lire plus<\/a><\/p>\n","protected":false},"author":9,"featured_media":3466,"comment_status":"open","ping_status":"open","sticky":false,"template":"","format":"standard","meta":{"footnotes":""},"categories":[859],"tags":[944,4995,1042,3798,4998],"class_list":["post-3474","post","type-post","status-publish","format-standard","has-post-thumbnail","hentry","category-actualita-it","tag-brigitte-macron-it","tag-compassione-it","tag-confidenze-inedite-it","tag-jordan-bardella-it","tag-sostegno-it"],"yoast_head":"<!-- This site is optimized with the Yoast SEO plugin v27.5 - https:\/\/yoast.com\/product\/yoast-seo-wordpress\/ -->\n<title>Jordan Bardella esprime la sua compassione e rivela le sue confessioni inedite a sostegno di Brigitte Macron - Fan site S\u00e9bastien Auzi\u00e8re<\/title>\n<meta name=\"description\" content=\"Jordan Bardella exprime sa compassion et partage des confidences in\u00e9dites en soutien \u00e0 Brigitte Macron dans un t\u00e9moignage \u00e9mouvant.\" \/>\n<meta name=\"robots\" content=\"index, follow, max-snippet:-1, max-image-preview:large, max-video-preview:-1\" \/>\n<link rel=\"canonical\" href=\"https:\/\/www.sebastien-auziere.fr\/blog\/it\/jordan-bardella-esprime-la-sua-compassione-e-rivela-le-sue-confessioni-inedite-a-sostegno-di-brigitte-macron\/\" \/>\n<meta property=\"og:locale\" content=\"fr_FR\" \/>\n<meta property=\"og:type\" content=\"article\" \/>\n<meta property=\"og:title\" content=\"Jordan Bardella esprime la sua compassione e rivela le sue confessioni inedite a sostegno di Brigitte Macron - Fan site S\u00e9bastien Auzi\u00e8re\" \/>\n<meta property=\"og:description\" content=\"Jordan Bardella exprime sa compassion et partage des confidences in\u00e9dites en soutien \u00e0 Brigitte Macron dans un t\u00e9moignage \u00e9mouvant.\" \/>\n<meta property=\"og:url\" content=\"https:\/\/www.sebastien-auziere.fr\/blog\/it\/jordan-bardella-esprime-la-sua-compassione-e-rivela-le-sue-confessioni-inedite-a-sostegno-di-brigitte-macron\/\" \/>\n<meta property=\"og:site_name\" content=\"Fan site S\u00e9bastien Auzi\u00e8re\" \/>\n<meta property=\"article:published_time\" content=\"2026-04-30T19:40:01+00:00\" \/>\n<meta property=\"article:modified_time\" content=\"2026-04-30T19:40:32+00:00\" \/>\n<meta property=\"og:image\" content=\"https:\/\/www.sebastien-auziere.fr\/blog\/wp-content\/uploads\/2026\/04\/Jordan-Bardella-temoigne-sa-compassion-et-revele-ses-confidences-inedites-en-soutien-a-Brigitte-Macron.jpg\" \/>\n\t<meta property=\"og:image:width\" content=\"2560\" \/>\n\t<meta property=\"og:image:height\" content=\"1429\" \/>\n\t<meta property=\"og:image:type\" content=\"image\/jpeg\" \/>\n<meta name=\"author\" content=\"Chloe Gauthier\" \/>\n<meta name=\"twitter:card\" content=\"summary_large_image\" \/>\n<meta name=\"twitter:label1\" content=\"\u00c9crit par\" \/>\n\t<meta name=\"twitter:data1\" content=\"Chloe Gauthier\" \/>\n\t<meta name=\"twitter:label2\" content=\"Dur\u00e9e de lecture estim\u00e9e\" \/>\n\t<meta name=\"twitter:data2\" content=\"2 minutes\" \/>\n<script type=\"application\/ld+json\" class=\"yoast-schema-graph\">{\"@context\":\"https:\\\/\\\/schema.org\",\"@graph\":[{\"@type\":\"Article\",\"@id\":\"https:\\\/\\\/www.sebastien-auziere.fr\\\/blog\\\/it\\\/jordan-bardella-esprime-la-sua-compassione-e-rivela-le-sue-confessioni-inedite-a-sostegno-di-brigitte-macron\\\/#article\",\"isPartOf\":{\"@id\":\"https:\\\/\\\/www.sebastien-auziere.fr\\\/blog\\\/it\\\/jordan-bardella-esprime-la-sua-compassione-e-rivela-le-sue-confessioni-inedite-a-sostegno-di-brigitte-macron\\\/\"},\"author\":{\"name\":\"Chloe Gauthier\",\"@id\":\"https:\\\/\\\/www.sebastien-auziere.fr\\\/blog\\\/#\\\/schema\\\/person\\\/149f1acdbfd85149c6c3e59adeae2f4d\"},\"headline\":\"Jordan Bardella esprime la sua compassione e rivela le sue confessioni inedite a sostegno di Brigitte Macron\",\"datePublished\":\"2026-04-30T19:40:01+00:00\",\"dateModified\":\"2026-04-30T19:40:32+00:00\",\"mainEntityOfPage\":{\"@id\":\"https:\\\/\\\/www.sebastien-auziere.fr\\\/blog\\\/it\\\/jordan-bardella-esprime-la-sua-compassione-e-rivela-le-sue-confessioni-inedite-a-sostegno-di-brigitte-macron\\\/\"},\"wordCount\":457,\"commentCount\":0,\"publisher\":{\"@id\":\"https:\\\/\\\/www.sebastien-auziere.fr\\\/blog\\\/#organization\"},\"image\":{\"@id\":\"https:\\\/\\\/www.sebastien-auziere.fr\\\/blog\\\/it\\\/jordan-bardella-esprime-la-sua-compassione-e-rivela-le-sue-confessioni-inedite-a-sostegno-di-brigitte-macron\\\/#primaryimage\"},\"thumbnailUrl\":\"https:\\\/\\\/www.sebastien-auziere.fr\\\/blog\\\/wp-content\\\/uploads\\\/2026\\\/04\\\/Jordan-Bardella-temoigne-sa-compassion-et-revele-ses-confidences-inedites-en-soutien-a-Brigitte-Macron.jpg\",\"keywords\":[\"brigitte macron\",\"compassione\",\"confidenze inedite\",\"jordan bardella\",\"sostegno\"],\"articleSection\":[\"Actualit\u00e0\"],\"inLanguage\":\"fr-FR\",\"potentialAction\":[{\"@type\":\"CommentAction\",\"name\":\"Comment\",\"target\":[\"https:\\\/\\\/www.sebastien-auziere.fr\\\/blog\\\/it\\\/jordan-bardella-esprime-la-sua-compassione-e-rivela-le-sue-confessioni-inedite-a-sostegno-di-brigitte-macron\\\/#respond\"]}]},{\"@type\":\"WebPage\",\"@id\":\"https:\\\/\\\/www.sebastien-auziere.fr\\\/blog\\\/it\\\/jordan-bardella-esprime-la-sua-compassione-e-rivela-le-sue-confessioni-inedite-a-sostegno-di-brigitte-macron\\\/\",\"url\":\"https:\\\/\\\/www.sebastien-auziere.fr\\\/blog\\\/it\\\/jordan-bardella-esprime-la-sua-compassione-e-rivela-le-sue-confessioni-inedite-a-sostegno-di-brigitte-macron\\\/\",\"name\":\"Jordan Bardella esprime la sua compassione e rivela le sue confessioni inedite a sostegno di Brigitte Macron - Fan site S\u00e9bastien Auzi\u00e8re\",\"isPartOf\":{\"@id\":\"https:\\\/\\\/www.sebastien-auziere.fr\\\/blog\\\/#website\"},\"primaryImageOfPage\":{\"@id\":\"https:\\\/\\\/www.sebastien-auziere.fr\\\/blog\\\/it\\\/jordan-bardella-esprime-la-sua-compassione-e-rivela-le-sue-confessioni-inedite-a-sostegno-di-brigitte-macron\\\/#primaryimage\"},\"image\":{\"@id\":\"https:\\\/\\\/www.sebastien-auziere.fr\\\/blog\\\/it\\\/jordan-bardella-esprime-la-sua-compassione-e-rivela-le-sue-confessioni-inedite-a-sostegno-di-brigitte-macron\\\/#primaryimage\"},\"thumbnailUrl\":\"https:\\\/\\\/www.sebastien-auziere.fr\\\/blog\\\/wp-content\\\/uploads\\\/2026\\\/04\\\/Jordan-Bardella-temoigne-sa-compassion-et-revele-ses-confidences-inedites-en-soutien-a-Brigitte-Macron.jpg\",\"datePublished\":\"2026-04-30T19:40:01+00:00\",\"dateModified\":\"2026-04-30T19:40:32+00:00\",\"description\":\"Jordan Bardella exprime sa compassion et partage des confidences in\u00e9dites en soutien \u00e0 Brigitte Macron dans un t\u00e9moignage \u00e9mouvant.\",\"breadcrumb\":{\"@id\":\"https:\\\/\\\/www.sebastien-auziere.fr\\\/blog\\\/it\\\/jordan-bardella-esprime-la-sua-compassione-e-rivela-le-sue-confessioni-inedite-a-sostegno-di-brigitte-macron\\\/#breadcrumb\"},\"inLanguage\":\"fr-FR\",\"potentialAction\":[{\"@type\":\"ReadAction\",\"target\":[\"https:\\\/\\\/www.sebastien-auziere.fr\\\/blog\\\/it\\\/jordan-bardella-esprime-la-sua-compassione-e-rivela-le-sue-confessioni-inedite-a-sostegno-di-brigitte-macron\\\/\"]}]},{\"@type\":\"ImageObject\",\"inLanguage\":\"fr-FR\",\"@id\":\"https:\\\/\\\/www.sebastien-auziere.fr\\\/blog\\\/it\\\/jordan-bardella-esprime-la-sua-compassione-e-rivela-le-sue-confessioni-inedite-a-sostegno-di-brigitte-macron\\\/#primaryimage\",\"url\":\"https:\\\/\\\/www.sebastien-auziere.fr\\\/blog\\\/wp-content\\\/uploads\\\/2026\\\/04\\\/Jordan-Bardella-temoigne-sa-compassion-et-revele-ses-confidences-inedites-en-soutien-a-Brigitte-Macron.jpg\",\"contentUrl\":\"https:\\\/\\\/www.sebastien-auziere.fr\\\/blog\\\/wp-content\\\/uploads\\\/2026\\\/04\\\/Jordan-Bardella-temoigne-sa-compassion-et-revele-ses-confidences-inedites-en-soutien-a-Brigitte-Macron.jpg\",\"width\":2560,\"height\":1429,\"caption\":\"jordan bardella exprime sa compassion et partage des confidences in\u00e9dites en soutien \u00e0 brigitte macron, d\u00e9voilant un t\u00e9moignage \u00e9mouvant et sinc\u00e8re.\"},{\"@type\":\"BreadcrumbList\",\"@id\":\"https:\\\/\\\/www.sebastien-auziere.fr\\\/blog\\\/it\\\/jordan-bardella-esprime-la-sua-compassione-e-rivela-le-sue-confessioni-inedite-a-sostegno-di-brigitte-macron\\\/#breadcrumb\",\"itemListElement\":[{\"@type\":\"ListItem\",\"position\":1,\"name\":\"Home\",\"item\":\"https:\\\/\\\/www.sebastien-auziere.fr\\\/blog\\\/\"},{\"@type\":\"ListItem\",\"position\":2,\"name\":\"Jordan Bardella esprime la sua compassione e rivela le sue confessioni inedite a sostegno di Brigitte Macron\"}]},{\"@type\":\"WebSite\",\"@id\":\"https:\\\/\\\/www.sebastien-auziere.fr\\\/blog\\\/#website\",\"url\":\"https:\\\/\\\/www.sebastien-auziere.fr\\\/blog\\\/\",\"name\":\"Fan site S\u00e9bastien Auzi\u00e8re\",\"description\":\"M\u00e9dia g\u00e9n\u00e9raliste\",\"publisher\":{\"@id\":\"https:\\\/\\\/www.sebastien-auziere.fr\\\/blog\\\/#organization\"},\"potentialAction\":[{\"@type\":\"SearchAction\",\"target\":{\"@type\":\"EntryPoint\",\"urlTemplate\":\"https:\\\/\\\/www.sebastien-auziere.fr\\\/blog\\\/?s={search_term_string}\"},\"query-input\":{\"@type\":\"PropertyValueSpecification\",\"valueRequired\":true,\"valueName\":\"search_term_string\"}}],\"inLanguage\":\"fr-FR\"},{\"@type\":\"Organization\",\"@id\":\"https:\\\/\\\/www.sebastien-auziere.fr\\\/blog\\\/#organization\",\"name\":\"Fan site S\u00e9bastien Auzi\u00e8re\",\"url\":\"https:\\\/\\\/www.sebastien-auziere.fr\\\/blog\\\/\",\"logo\":{\"@type\":\"ImageObject\",\"inLanguage\":\"fr-FR\",\"@id\":\"https:\\\/\\\/www.sebastien-auziere.fr\\\/blog\\\/#\\\/schema\\\/logo\\\/image\\\/\",\"url\":\"https:\\\/\\\/www.sebastien-auziere.fr\\\/blog\\\/wp-content\\\/uploads\\\/2026\\\/03\\\/cropped-cropped-cropped-ChatGPT-Image-6-mars-2026-12_58_09-e1772798376794.jpg\",\"contentUrl\":\"https:\\\/\\\/www.sebastien-auziere.fr\\\/blog\\\/wp-content\\\/uploads\\\/2026\\\/03\\\/cropped-cropped-cropped-ChatGPT-Image-6-mars-2026-12_58_09-e1772798376794.jpg\",\"width\":512,\"height\":360,\"caption\":\"Fan site S\u00e9bastien Auzi\u00e8re\"},\"image\":{\"@id\":\"https:\\\/\\\/www.sebastien-auziere.fr\\\/blog\\\/#\\\/schema\\\/logo\\\/image\\\/\"}},{\"@type\":\"Person\",\"@id\":\"https:\\\/\\\/www.sebastien-auziere.fr\\\/blog\\\/#\\\/schema\\\/person\\\/149f1acdbfd85149c6c3e59adeae2f4d\",\"name\":\"Chloe Gauthier\",\"image\":{\"@type\":\"ImageObject\",\"inLanguage\":\"fr-FR\",\"@id\":\"https:\\\/\\\/secure.gravatar.com\\\/avatar\\\/2c5722f58171cff738a8985ef0dd66b476e563753246a49019befc837ec4201a?s=96&d=mm&r=g\",\"url\":\"https:\\\/\\\/secure.gravatar.com\\\/avatar\\\/2c5722f58171cff738a8985ef0dd66b476e563753246a49019befc837ec4201a?s=96&d=mm&r=g\",\"contentUrl\":\"https:\\\/\\\/secure.gravatar.com\\\/avatar\\\/2c5722f58171cff738a8985ef0dd66b476e563753246a49019befc837ec4201a?s=96&d=mm&r=g\",\"caption\":\"Chloe Gauthier\"},\"description\":\"Passionn\u00e9e par la politique et admiratrice engag\u00e9e de la famille Macron, je consacre mon \u00e9nergie \u00e0 suivre leurs initiatives et \u00e0 promouvoir leurs id\u00e9es. \u00c0 32 ans, je suis convaincue que leur vision est porteuse d'avenir.\",\"url\":\"https:\\\/\\\/www.sebastien-auziere.fr\\\/blog\\\/author\\\/chloe-gauthier\\\/\"}]}<\/script>\n<!-- \/ Yoast SEO plugin. -->","yoast_head_json":{"title":"Jordan Bardella esprime la sua compassione e rivela le sue confessioni inedite a sostegno di Brigitte Macron - Fan site S\u00e9bastien Auzi\u00e8re","description":"Jordan Bardella exprime sa compassion et partage des confidences in\u00e9dites en soutien \u00e0 Brigitte Macron dans un t\u00e9moignage \u00e9mouvant.","robots":{"index":"index","follow":"follow","max-snippet":"max-snippet:-1","max-image-preview":"max-image-preview:large","max-video-preview":"max-video-preview:-1"},"canonical":"https:\/\/www.sebastien-auziere.fr\/blog\/it\/jordan-bardella-esprime-la-sua-compassione-e-rivela-le-sue-confessioni-inedite-a-sostegno-di-brigitte-macron\/","og_locale":"fr_FR","og_type":"article","og_title":"Jordan Bardella esprime la sua compassione e rivela le sue confessioni inedite a sostegno di Brigitte Macron - Fan site S\u00e9bastien Auzi\u00e8re","og_description":"Jordan Bardella exprime sa compassion et partage des confidences in\u00e9dites en soutien \u00e0 Brigitte Macron dans un t\u00e9moignage \u00e9mouvant.","og_url":"https:\/\/www.sebastien-auziere.fr\/blog\/it\/jordan-bardella-esprime-la-sua-compassione-e-rivela-le-sue-confessioni-inedite-a-sostegno-di-brigitte-macron\/","og_site_name":"Fan site S\u00e9bastien Auzi\u00e8re","article_published_time":"2026-04-30T19:40:01+00:00","article_modified_time":"2026-04-30T19:40:32+00:00","og_image":[{"width":2560,"height":1429,"url":"https:\/\/www.sebastien-auziere.fr\/blog\/wp-content\/uploads\/2026\/04\/Jordan-Bardella-temoigne-sa-compassion-et-revele-ses-confidences-inedites-en-soutien-a-Brigitte-Macron.jpg","type":"image\/jpeg"}],"author":"Chloe Gauthier","twitter_card":"summary_large_image","twitter_misc":{"\u00c9crit par":"Chloe Gauthier","Dur\u00e9e de lecture estim\u00e9e":"2 minutes"},"schema":{"@context":"https:\/\/schema.org","@graph":[{"@type":"Article","@id":"https:\/\/www.sebastien-auziere.fr\/blog\/it\/jordan-bardella-esprime-la-sua-compassione-e-rivela-le-sue-confessioni-inedite-a-sostegno-di-brigitte-macron\/#article","isPartOf":{"@id":"https:\/\/www.sebastien-auziere.fr\/blog\/it\/jordan-bardella-esprime-la-sua-compassione-e-rivela-le-sue-confessioni-inedite-a-sostegno-di-brigitte-macron\/"},"author":{"name":"Chloe Gauthier","@id":"https:\/\/www.sebastien-auziere.fr\/blog\/#\/schema\/person\/149f1acdbfd85149c6c3e59adeae2f4d"},"headline":"Jordan Bardella esprime la sua compassione e rivela le sue confessioni inedite a sostegno di Brigitte Macron","datePublished":"2026-04-30T19:40:01+00:00","dateModified":"2026-04-30T19:40:32+00:00","mainEntityOfPage":{"@id":"https:\/\/www.sebastien-auziere.fr\/blog\/it\/jordan-bardella-esprime-la-sua-compassione-e-rivela-le-sue-confessioni-inedite-a-sostegno-di-brigitte-macron\/"},"wordCount":457,"commentCount":0,"publisher":{"@id":"https:\/\/www.sebastien-auziere.fr\/blog\/#organization"},"image":{"@id":"https:\/\/www.sebastien-auziere.fr\/blog\/it\/jordan-bardella-esprime-la-sua-compassione-e-rivela-le-sue-confessioni-inedite-a-sostegno-di-brigitte-macron\/#primaryimage"},"thumbnailUrl":"https:\/\/www.sebastien-auziere.fr\/blog\/wp-content\/uploads\/2026\/04\/Jordan-Bardella-temoigne-sa-compassion-et-revele-ses-confidences-inedites-en-soutien-a-Brigitte-Macron.jpg","keywords":["brigitte macron","compassione","confidenze inedite","jordan bardella","sostegno"],"articleSection":["Actualit\u00e0"],"inLanguage":"fr-FR","potentialAction":[{"@type":"CommentAction","name":"Comment","target":["https:\/\/www.sebastien-auziere.fr\/blog\/it\/jordan-bardella-esprime-la-sua-compassione-e-rivela-le-sue-confessioni-inedite-a-sostegno-di-brigitte-macron\/#respond"]}]},{"@type":"WebPage","@id":"https:\/\/www.sebastien-auziere.fr\/blog\/it\/jordan-bardella-esprime-la-sua-compassione-e-rivela-le-sue-confessioni-inedite-a-sostegno-di-brigitte-macron\/","url":"https:\/\/www.sebastien-auziere.fr\/blog\/it\/jordan-bardella-esprime-la-sua-compassione-e-rivela-le-sue-confessioni-inedite-a-sostegno-di-brigitte-macron\/","name":"Jordan Bardella esprime la sua compassione e rivela le sue confessioni inedite a sostegno di Brigitte Macron - Fan site S\u00e9bastien Auzi\u00e8re","isPartOf":{"@id":"https:\/\/www.sebastien-auziere.fr\/blog\/#website"},"primaryImageOfPage":{"@id":"https:\/\/www.sebastien-auziere.fr\/blog\/it\/jordan-bardella-esprime-la-sua-compassione-e-rivela-le-sue-confessioni-inedite-a-sostegno-di-brigitte-macron\/#primaryimage"},"image":{"@id":"https:\/\/www.sebastien-auziere.fr\/blog\/it\/jordan-bardella-esprime-la-sua-compassione-e-rivela-le-sue-confessioni-inedite-a-sostegno-di-brigitte-macron\/#primaryimage"},"thumbnailUrl":"https:\/\/www.sebastien-auziere.fr\/blog\/wp-content\/uploads\/2026\/04\/Jordan-Bardella-temoigne-sa-compassion-et-revele-ses-confidences-inedites-en-soutien-a-Brigitte-Macron.jpg","datePublished":"2026-04-30T19:40:01+00:00","dateModified":"2026-04-30T19:40:32+00:00","description":"Jordan Bardella exprime sa compassion et partage des confidences in\u00e9dites en soutien \u00e0 Brigitte Macron dans un t\u00e9moignage \u00e9mouvant.","breadcrumb":{"@id":"https:\/\/www.sebastien-auziere.fr\/blog\/it\/jordan-bardella-esprime-la-sua-compassione-e-rivela-le-sue-confessioni-inedite-a-sostegno-di-brigitte-macron\/#breadcrumb"},"inLanguage":"fr-FR","potentialAction":[{"@type":"ReadAction","target":["https:\/\/www.sebastien-auziere.fr\/blog\/it\/jordan-bardella-esprime-la-sua-compassione-e-rivela-le-sue-confessioni-inedite-a-sostegno-di-brigitte-macron\/"]}]},{"@type":"ImageObject","inLanguage":"fr-FR","@id":"https:\/\/www.sebastien-auziere.fr\/blog\/it\/jordan-bardella-esprime-la-sua-compassione-e-rivela-le-sue-confessioni-inedite-a-sostegno-di-brigitte-macron\/#primaryimage","url":"https:\/\/www.sebastien-auziere.fr\/blog\/wp-content\/uploads\/2026\/04\/Jordan-Bardella-temoigne-sa-compassion-et-revele-ses-confidences-inedites-en-soutien-a-Brigitte-Macron.jpg","contentUrl":"https:\/\/www.sebastien-auziere.fr\/blog\/wp-content\/uploads\/2026\/04\/Jordan-Bardella-temoigne-sa-compassion-et-revele-ses-confidences-inedites-en-soutien-a-Brigitte-Macron.jpg","width":2560,"height":1429,"caption":"jordan bardella exprime sa compassion et partage des confidences in\u00e9dites en soutien \u00e0 brigitte macron, d\u00e9voilant un t\u00e9moignage \u00e9mouvant et sinc\u00e8re."},{"@type":"BreadcrumbList","@id":"https:\/\/www.sebastien-auziere.fr\/blog\/it\/jordan-bardella-esprime-la-sua-compassione-e-rivela-le-sue-confessioni-inedite-a-sostegno-di-brigitte-macron\/#breadcrumb","itemListElement":[{"@type":"ListItem","position":1,"name":"Home","item":"https:\/\/www.sebastien-auziere.fr\/blog\/"},{"@type":"ListItem","position":2,"name":"Jordan Bardella esprime la sua compassione e rivela le sue confessioni inedite a sostegno di Brigitte Macron"}]},{"@type":"WebSite","@id":"https:\/\/www.sebastien-auziere.fr\/blog\/#website","url":"https:\/\/www.sebastien-auziere.fr\/blog\/","name":"Fan site S\u00e9bastien Auzi\u00e8re","description":"M\u00e9dia g\u00e9n\u00e9raliste","publisher":{"@id":"https:\/\/www.sebastien-auziere.fr\/blog\/#organization"},"potentialAction":[{"@type":"SearchAction","target":{"@type":"EntryPoint","urlTemplate":"https:\/\/www.sebastien-auziere.fr\/blog\/?s={search_term_string}"},"query-input":{"@type":"PropertyValueSpecification","valueRequired":true,"valueName":"search_term_string"}}],"inLanguage":"fr-FR"},{"@type":"Organization","@id":"https:\/\/www.sebastien-auziere.fr\/blog\/#organization","name":"Fan site S\u00e9bastien Auzi\u00e8re","url":"https:\/\/www.sebastien-auziere.fr\/blog\/","logo":{"@type":"ImageObject","inLanguage":"fr-FR","@id":"https:\/\/www.sebastien-auziere.fr\/blog\/#\/schema\/logo\/image\/","url":"https:\/\/www.sebastien-auziere.fr\/blog\/wp-content\/uploads\/2026\/03\/cropped-cropped-cropped-ChatGPT-Image-6-mars-2026-12_58_09-e1772798376794.jpg","contentUrl":"https:\/\/www.sebastien-auziere.fr\/blog\/wp-content\/uploads\/2026\/03\/cropped-cropped-cropped-ChatGPT-Image-6-mars-2026-12_58_09-e1772798376794.jpg","width":512,"height":360,"caption":"Fan site S\u00e9bastien Auzi\u00e8re"},"image":{"@id":"https:\/\/www.sebastien-auziere.fr\/blog\/#\/schema\/logo\/image\/"}},{"@type":"Person","@id":"https:\/\/www.sebastien-auziere.fr\/blog\/#\/schema\/person\/149f1acdbfd85149c6c3e59adeae2f4d","name":"Chloe Gauthier","image":{"@type":"ImageObject","inLanguage":"fr-FR","@id":"https:\/\/secure.gravatar.com\/avatar\/2c5722f58171cff738a8985ef0dd66b476e563753246a49019befc837ec4201a?s=96&d=mm&r=g","url":"https:\/\/secure.gravatar.com\/avatar\/2c5722f58171cff738a8985ef0dd66b476e563753246a49019befc837ec4201a?s=96&d=mm&r=g","contentUrl":"https:\/\/secure.gravatar.com\/avatar\/2c5722f58171cff738a8985ef0dd66b476e563753246a49019befc837ec4201a?s=96&d=mm&r=g","caption":"Chloe Gauthier"},"description":"Passionn\u00e9e par la politique et admiratrice engag\u00e9e de la famille Macron, je consacre mon \u00e9nergie \u00e0 suivre leurs initiatives et \u00e0 promouvoir leurs id\u00e9es. \u00c0 32 ans, je suis convaincue que leur vision est porteuse d'avenir.","url":"https:\/\/www.sebastien-auziere.fr\/blog\/author\/chloe-gauthier\/"}]}},"views":0,"_links":{"self":[{"href":"https:\/\/www.sebastien-auziere.fr\/blog\/wp-json\/wp\/v2\/posts\/3474","targetHints":{"allow":["GET"]}}],"collection":[{"href":"https:\/\/www.sebastien-auziere.fr\/blog\/wp-json\/wp\/v2\/posts"}],"about":[{"href":"https:\/\/www.sebastien-auziere.fr\/blog\/wp-json\/wp\/v2\/types\/post"}],"author":[{"embeddable":true,"href":"https:\/\/www.sebastien-auziere.fr\/blog\/wp-json\/wp\/v2\/users\/9"}],"replies":[{"embeddable":true,"href":"https:\/\/www.sebastien-auziere.fr\/blog\/wp-json\/wp\/v2\/comments?post=3474"}],"version-history":[{"count":1,"href":"https:\/\/www.sebastien-auziere.fr\/blog\/wp-json\/wp\/v2\/posts\/3474\/revisions"}],"predecessor-version":[{"id":3475,"href":"https:\/\/www.sebastien-auziere.fr\/blog\/wp-json\/wp\/v2\/posts\/3474\/revisions\/3475"}],"wp:featuredmedia":[{"embeddable":true,"href":"https:\/\/www.sebastien-auziere.fr\/blog\/wp-json\/wp\/v2\/media\/3466"}],"wp:attachment":[{"href":"https:\/\/www.sebastien-auziere.fr\/blog\/wp-json\/wp\/v2\/media?parent=3474"}],"wp:term":[{"taxonomy":"category","embeddable":true,"href":"https:\/\/www.sebastien-auziere.fr\/blog\/wp-json\/wp\/v2\/categories?post=3474"},{"taxonomy":"post_tag","embeddable":true,"href":"https:\/\/www.sebastien-auziere.fr\/blog\/wp-json\/wp\/v2\/tags?post=3474"}],"curies":[{"name":"wp","href":"https:\/\/api.w.org\/{rel}","templated":true}]}}