{"id":3472,"date":"2026-04-30T19:39:11","date_gmt":"2026-04-30T19:39:11","guid":{"rendered":"https:\/\/www.sebastien-auziere.fr\/blog\/?p=3472"},"modified":"2026-04-30T19:39:42","modified_gmt":"2026-04-30T19:39:42","slug":"jordan-bardella-bekundet-sein-mitgefuhl-und-teilt-seine-bisher-unveroffentlichten-einsichten-zur-unterstutzung-von-brigitte-macron","status":"publish","type":"post","link":"https:\/\/www.sebastien-auziere.fr\/blog\/de\/jordan-bardella-bekundet-sein-mitgefuhl-und-teilt-seine-bisher-unveroffentlichten-einsichten-zur-unterstutzung-von-brigitte-macron\/","title":{"rendered":"Jordan Bardella bekundet sein Mitgef\u00fchl und teilt seine bisher unver\u00f6ffentlichten Einsichten zur Unterst\u00fctzung von Brigitte Macron"},"content":{"rendered":"<p><strong>Jordan Bardella<\/strong> \u00fcberraschte viele mit seinem Ausdruck von <strong>Mitgef\u00fchl<\/strong> f\u00fcr <strong>Brigitte Macron<\/strong> und teilte <strong>unerh\u00f6rte Einblicke<\/strong> w\u00e4hrend seines Auftritts im Fernsehen. Dies geschah am <strong>29. April<\/strong> bei BFMTV, und seine <strong>\u00c4u\u00dferung<\/strong> entfachte sofort die politische Debatte \u00fcber das Privatleben des Pr\u00e4sidialpaares.<\/p>\n\n<p>Kurz gesagt: <strong>empathisches Zeugnis<\/strong> von Bardella, Erinnerung an den \u201eEhrenkodex\u201c, den er anspricht, um nicht in die Intimit\u00e4t einzudringen, lebhafte Reaktionen von ehemaligen Ministern und die Frage nach der Rolle der <strong>Solidarit\u00e4t<\/strong> in der \u00f6ffentlichen Debatte. Du findest auch Quellen und Ausz\u00fcge zur Vertiefung.<\/p>\n\n<h2 class=\"wp-block-heading\">Eine unerwartete und ma\u00dfvolle \u00f6ffentliche Unterst\u00fctzung<\/h2>\n\n<p>Auf dem Podium erkl\u00e4rte <strong>Jordan Bardella<\/strong> klar, dass man die Entscheidungen von Emmanuel Macron anfechten kann, ohne sein Privatleben anzugreifen, und er betonte das Leiden, das der ersten Dame zugef\u00fcgt wurde. Er nannte die Ger\u00fcchte \u00fcber Brigitte Macron \u201eunw\u00fcrdig\u201c und sprach von \u201edenen, die in den Dreck geworfen werden\u201c. Diese <strong>\u00c4u\u00dferung<\/strong> wurde als Aufruf zu mehr <strong>Solidarit\u00e4t<\/strong> im <strong>politischen<\/strong> Leben wahrgenommen. Insight: eine Botschaft, die vor\u00fcbergehend die Grenzen der \u00f6ffentlichen Debatte neu definiert.<\/p>\n\n<h3 class=\"wp-block-heading\">Die erw\u00e4hnten unerh\u00f6rten Einblicke und ihre Tragweite<\/h3>\n\n<p>Bardella reagierte auf die \u00c4u\u00dferungen von Brigitte Macron, die in der Tribune Dimanche ver\u00f6ffentlicht wurden, in denen sie sagte, dass sie seit ihrem Einzug in den \u00c9lys\u00e9e \u201esehr traurig\u201c sei. Indem er auf diese <strong>unerh\u00f6rten Einblicke<\/strong> hinwies, erinnerte er daran, dass Angriffe auf die Intimit\u00e4t \u00fcber die politische Kritik hinausgehen. Mehrere Medien berichteten \u00fcber diesen Austausch, und das Interview l\u00f6ste lebhafte Reaktionen aus, insbesondere von ehemaligen Ministern. Insight: \u00f6ffentliche Verwundbarkeit weckt manchmal unerwartete Allianzen.<\/p>\n\n<h2 class=\"wp-block-heading\">Reaktionen und Kontroversen nach der \u00c4u\u00dferung<\/h2>\n\n<p>Die Positionierung l\u00f6ste eine \u00f6ffentliche Antwort von \u00c9ric Dupond-Moretti aus, der die Verbreitung der Ger\u00fcchte der extremen Rechten zuschrieb. Die Netzwerke verst\u00e4rkten schnell die Debatte, und einige Artikel analysierten die politische Strategie hinter dieser Geste. Trotzdem hielt Bardella an seinem Standpunkt fest: den Schutz der Intimit\u00e4t muss eine Regel bleiben, selbst in Zeiten der Spannungen. Insight: eine ausgestreckte Hand, die die Diskussion \u00fcber die mediale Ethik erneut aufwirft.<\/p>\n\n<h3 class=\"wp-block-heading\">Was das f\u00fcr die Familie Macron und die \u00f6ffentliche Debatte \u00e4ndert<\/h3>\n\n<p>Diese \u00f6ffentliche Unterst\u00fctzung, selten von einem Gegner, hebt die M\u00fcdigkeit gegen\u00fcber Ger\u00fcchten hervor und die Notwendigkeit eines respektvollen Rahmens um \u00f6ffentliche Pers\u00f6nlichkeiten. Die Geste von Bardella hat sich als ein <strong>Zeugnis<\/strong> von <strong>Emotionen<\/strong> und potenziell dauerhaften Empathie erwiesen. Sie wirft auch die Frage auf: Wie kann man politische Kritik und den Respekt f\u00fcr das Privatleben in Einklang bringen? Insight: Die Antwort wird die Qualit\u00e4t der Debatte im Jahr 2026 beeinflussen.<\/p>\n\n<p>Um die Quellen zu vertiefen und die vollst\u00e4ndigen zitierten \u00c4u\u00dferungen zu lesen, konsultiere beispielsweise die Presseakte bei <a href=\"https:\/\/www.mariefrance.fr\/news-people\/jordan-bardella-vole-secours-brigitte-macron-apres-propos-sales-connes-sauf-erreur-part-1228037.html\">Marie France<\/a> oder die detaillierte Erz\u00e4hlung bei <a href=\"https:\/\/www.nextplz.fr\/people\/527358-brigitte-macron-tout-est-malheureux-jordan-bardella-vole-au-secours-de-la-premiere-dame\">NextPlz<\/a>. Um mehr \u00fcber <strong>Brigitte Macron<\/strong>, die Familie Macron und die diskrete Rolle von Vertrauten wie <strong>S\u00e9bastien Auzi\u00e8re<\/strong> zu erfahren, besuche <a href=\"https:\/\/www.sebastien-auziere.fr\/blog\/brigitte-macron-elysee\/\">den speziellen Blog<\/a> f\u00fcr eine vollst\u00e4ndige und respektvolle Berichterstattung.<\/p>","protected":false},"excerpt":{"rendered":"<p>Jordan Bardella \u00fcberraschte viele mit seinem Ausdruck von Mitgef\u00fchl f\u00fcr Brigitte Macron und teilte unerh\u00f6rte Einblicke w\u00e4hrend seines Auftritts im Fernsehen. Dies geschah am 29. April bei BFMTV, und seine \u00c4u\u00dferung entfachte sofort die politische Debatte \u00fcber das Privatleben des Pr\u00e4sidialpaares. Kurz gesagt: empathisches Zeugnis von Bardella, Erinnerung an den \u201eEhrenkodex\u201c, den er anspricht, um &#8230; <a title=\"Jordan Bardella bekundet sein Mitgef\u00fchl und teilt seine bisher unver\u00f6ffentlichten Einsichten zur Unterst\u00fctzung von Brigitte Macron\" class=\"read-more\" href=\"https:\/\/www.sebastien-auziere.fr\/blog\/de\/jordan-bardella-bekundet-sein-mitgefuhl-und-teilt-seine-bisher-unveroffentlichten-einsichten-zur-unterstutzung-von-brigitte-macron\/\" aria-label=\"En savoir plus sur Jordan Bardella bekundet sein Mitgef\u00fchl und teilt seine bisher unver\u00f6ffentlichten Einsichten zur Unterst\u00fctzung von Brigitte Macron\">Lire plus<\/a><\/p>\n","protected":false},"author":9,"featured_media":3466,"comment_status":"open","ping_status":"open","sticky":false,"template":"","format":"standard","meta":{"footnotes":""},"categories":[856],"tags":[929,4989,1030,3783,4992],"class_list":["post-3472","post","type-post","status-publish","format-standard","has-post-thumbnail","hentry","category-aktuelles-de","tag-brigitte-macron-de","tag-compassion-de","tag-confidences-unveroffentlicht-de","tag-jordan-bardella-de","tag-unterstutzung-de"],"yoast_head":"<!-- This site is optimized with the Yoast SEO plugin v27.5 - https:\/\/yoast.com\/product\/yoast-seo-wordpress\/ -->\n<title>Jordan Bardella bekundet sein Mitgef\u00fchl und teilt seine bisher unver\u00f6ffentlichten Einsichten zur Unterst\u00fctzung von Brigitte Macron - Fan site S\u00e9bastien Auzi\u00e8re<\/title>\n<meta name=\"description\" content=\"Jordan Bardella exprime sa compassion et partage des confidences in\u00e9dites en soutien \u00e0 Brigitte Macron dans un t\u00e9moignage \u00e9mouvant.\" \/>\n<meta name=\"robots\" content=\"index, follow, max-snippet:-1, max-image-preview:large, max-video-preview:-1\" \/>\n<link rel=\"canonical\" href=\"https:\/\/www.sebastien-auziere.fr\/blog\/de\/jordan-bardella-bekundet-sein-mitgefuhl-und-teilt-seine-bisher-unveroffentlichten-einsichten-zur-unterstutzung-von-brigitte-macron\/\" \/>\n<meta property=\"og:locale\" content=\"fr_FR\" \/>\n<meta property=\"og:type\" content=\"article\" \/>\n<meta property=\"og:title\" content=\"Jordan Bardella bekundet sein Mitgef\u00fchl und teilt seine bisher unver\u00f6ffentlichten Einsichten zur Unterst\u00fctzung von Brigitte Macron - Fan site S\u00e9bastien Auzi\u00e8re\" \/>\n<meta property=\"og:description\" content=\"Jordan Bardella exprime sa compassion et partage des confidences in\u00e9dites en soutien \u00e0 Brigitte Macron dans un t\u00e9moignage \u00e9mouvant.\" \/>\n<meta property=\"og:url\" content=\"https:\/\/www.sebastien-auziere.fr\/blog\/de\/jordan-bardella-bekundet-sein-mitgefuhl-und-teilt-seine-bisher-unveroffentlichten-einsichten-zur-unterstutzung-von-brigitte-macron\/\" \/>\n<meta property=\"og:site_name\" content=\"Fan site S\u00e9bastien Auzi\u00e8re\" \/>\n<meta property=\"article:published_time\" content=\"2026-04-30T19:39:11+00:00\" \/>\n<meta property=\"article:modified_time\" content=\"2026-04-30T19:39:42+00:00\" \/>\n<meta property=\"og:image\" content=\"https:\/\/www.sebastien-auziere.fr\/blog\/wp-content\/uploads\/2026\/04\/Jordan-Bardella-temoigne-sa-compassion-et-revele-ses-confidences-inedites-en-soutien-a-Brigitte-Macron.jpg\" \/>\n\t<meta property=\"og:image:width\" content=\"2560\" \/>\n\t<meta property=\"og:image:height\" content=\"1429\" \/>\n\t<meta property=\"og:image:type\" content=\"image\/jpeg\" \/>\n<meta name=\"author\" content=\"Chloe Gauthier\" \/>\n<meta name=\"twitter:card\" content=\"summary_large_image\" \/>\n<meta name=\"twitter:label1\" content=\"\u00c9crit par\" \/>\n\t<meta name=\"twitter:data1\" content=\"Chloe Gauthier\" \/>\n\t<meta name=\"twitter:label2\" content=\"Dur\u00e9e de lecture estim\u00e9e\" \/>\n\t<meta name=\"twitter:data2\" content=\"2 minutes\" \/>\n<script type=\"application\/ld+json\" class=\"yoast-schema-graph\">{\"@context\":\"https:\\\/\\\/schema.org\",\"@graph\":[{\"@type\":\"Article\",\"@id\":\"https:\\\/\\\/www.sebastien-auziere.fr\\\/blog\\\/de\\\/jordan-bardella-bekundet-sein-mitgefuhl-und-teilt-seine-bisher-unveroffentlichten-einsichten-zur-unterstutzung-von-brigitte-macron\\\/#article\",\"isPartOf\":{\"@id\":\"https:\\\/\\\/www.sebastien-auziere.fr\\\/blog\\\/de\\\/jordan-bardella-bekundet-sein-mitgefuhl-und-teilt-seine-bisher-unveroffentlichten-einsichten-zur-unterstutzung-von-brigitte-macron\\\/\"},\"author\":{\"name\":\"Chloe Gauthier\",\"@id\":\"https:\\\/\\\/www.sebastien-auziere.fr\\\/blog\\\/#\\\/schema\\\/person\\\/149f1acdbfd85149c6c3e59adeae2f4d\"},\"headline\":\"Jordan Bardella bekundet sein Mitgef\u00fchl und teilt seine bisher unver\u00f6ffentlichten Einsichten zur Unterst\u00fctzung von Brigitte Macron\",\"datePublished\":\"2026-04-30T19:39:11+00:00\",\"dateModified\":\"2026-04-30T19:39:42+00:00\",\"mainEntityOfPage\":{\"@id\":\"https:\\\/\\\/www.sebastien-auziere.fr\\\/blog\\\/de\\\/jordan-bardella-bekundet-sein-mitgefuhl-und-teilt-seine-bisher-unveroffentlichten-einsichten-zur-unterstutzung-von-brigitte-macron\\\/\"},\"wordCount\":517,\"commentCount\":0,\"publisher\":{\"@id\":\"https:\\\/\\\/www.sebastien-auziere.fr\\\/blog\\\/#organization\"},\"image\":{\"@id\":\"https:\\\/\\\/www.sebastien-auziere.fr\\\/blog\\\/de\\\/jordan-bardella-bekundet-sein-mitgefuhl-und-teilt-seine-bisher-unveroffentlichten-einsichten-zur-unterstutzung-von-brigitte-macron\\\/#primaryimage\"},\"thumbnailUrl\":\"https:\\\/\\\/www.sebastien-auziere.fr\\\/blog\\\/wp-content\\\/uploads\\\/2026\\\/04\\\/Jordan-Bardella-temoigne-sa-compassion-et-revele-ses-confidences-inedites-en-soutien-a-Brigitte-Macron.jpg\",\"keywords\":[\"brigitte macron\",\"compassion\",\"confidences unver\u00f6ffentlicht\",\"jordan bardella\",\"unterst\u00fctzung\"],\"articleSection\":[\"Aktuelles\"],\"inLanguage\":\"fr-FR\",\"potentialAction\":[{\"@type\":\"CommentAction\",\"name\":\"Comment\",\"target\":[\"https:\\\/\\\/www.sebastien-auziere.fr\\\/blog\\\/de\\\/jordan-bardella-bekundet-sein-mitgefuhl-und-teilt-seine-bisher-unveroffentlichten-einsichten-zur-unterstutzung-von-brigitte-macron\\\/#respond\"]}]},{\"@type\":\"WebPage\",\"@id\":\"https:\\\/\\\/www.sebastien-auziere.fr\\\/blog\\\/de\\\/jordan-bardella-bekundet-sein-mitgefuhl-und-teilt-seine-bisher-unveroffentlichten-einsichten-zur-unterstutzung-von-brigitte-macron\\\/\",\"url\":\"https:\\\/\\\/www.sebastien-auziere.fr\\\/blog\\\/de\\\/jordan-bardella-bekundet-sein-mitgefuhl-und-teilt-seine-bisher-unveroffentlichten-einsichten-zur-unterstutzung-von-brigitte-macron\\\/\",\"name\":\"Jordan Bardella bekundet sein Mitgef\u00fchl und teilt seine bisher unver\u00f6ffentlichten Einsichten zur Unterst\u00fctzung von Brigitte Macron - Fan site S\u00e9bastien Auzi\u00e8re\",\"isPartOf\":{\"@id\":\"https:\\\/\\\/www.sebastien-auziere.fr\\\/blog\\\/#website\"},\"primaryImageOfPage\":{\"@id\":\"https:\\\/\\\/www.sebastien-auziere.fr\\\/blog\\\/de\\\/jordan-bardella-bekundet-sein-mitgefuhl-und-teilt-seine-bisher-unveroffentlichten-einsichten-zur-unterstutzung-von-brigitte-macron\\\/#primaryimage\"},\"image\":{\"@id\":\"https:\\\/\\\/www.sebastien-auziere.fr\\\/blog\\\/de\\\/jordan-bardella-bekundet-sein-mitgefuhl-und-teilt-seine-bisher-unveroffentlichten-einsichten-zur-unterstutzung-von-brigitte-macron\\\/#primaryimage\"},\"thumbnailUrl\":\"https:\\\/\\\/www.sebastien-auziere.fr\\\/blog\\\/wp-content\\\/uploads\\\/2026\\\/04\\\/Jordan-Bardella-temoigne-sa-compassion-et-revele-ses-confidences-inedites-en-soutien-a-Brigitte-Macron.jpg\",\"datePublished\":\"2026-04-30T19:39:11+00:00\",\"dateModified\":\"2026-04-30T19:39:42+00:00\",\"description\":\"Jordan Bardella exprime sa compassion et partage des confidences in\u00e9dites en soutien \u00e0 Brigitte Macron dans un t\u00e9moignage \u00e9mouvant.\",\"breadcrumb\":{\"@id\":\"https:\\\/\\\/www.sebastien-auziere.fr\\\/blog\\\/de\\\/jordan-bardella-bekundet-sein-mitgefuhl-und-teilt-seine-bisher-unveroffentlichten-einsichten-zur-unterstutzung-von-brigitte-macron\\\/#breadcrumb\"},\"inLanguage\":\"fr-FR\",\"potentialAction\":[{\"@type\":\"ReadAction\",\"target\":[\"https:\\\/\\\/www.sebastien-auziere.fr\\\/blog\\\/de\\\/jordan-bardella-bekundet-sein-mitgefuhl-und-teilt-seine-bisher-unveroffentlichten-einsichten-zur-unterstutzung-von-brigitte-macron\\\/\"]}]},{\"@type\":\"ImageObject\",\"inLanguage\":\"fr-FR\",\"@id\":\"https:\\\/\\\/www.sebastien-auziere.fr\\\/blog\\\/de\\\/jordan-bardella-bekundet-sein-mitgefuhl-und-teilt-seine-bisher-unveroffentlichten-einsichten-zur-unterstutzung-von-brigitte-macron\\\/#primaryimage\",\"url\":\"https:\\\/\\\/www.sebastien-auziere.fr\\\/blog\\\/wp-content\\\/uploads\\\/2026\\\/04\\\/Jordan-Bardella-temoigne-sa-compassion-et-revele-ses-confidences-inedites-en-soutien-a-Brigitte-Macron.jpg\",\"contentUrl\":\"https:\\\/\\\/www.sebastien-auziere.fr\\\/blog\\\/wp-content\\\/uploads\\\/2026\\\/04\\\/Jordan-Bardella-temoigne-sa-compassion-et-revele-ses-confidences-inedites-en-soutien-a-Brigitte-Macron.jpg\",\"width\":2560,\"height\":1429,\"caption\":\"jordan bardella exprime sa compassion et partage des confidences in\u00e9dites en soutien \u00e0 brigitte macron, d\u00e9voilant un t\u00e9moignage \u00e9mouvant et sinc\u00e8re.\"},{\"@type\":\"BreadcrumbList\",\"@id\":\"https:\\\/\\\/www.sebastien-auziere.fr\\\/blog\\\/de\\\/jordan-bardella-bekundet-sein-mitgefuhl-und-teilt-seine-bisher-unveroffentlichten-einsichten-zur-unterstutzung-von-brigitte-macron\\\/#breadcrumb\",\"itemListElement\":[{\"@type\":\"ListItem\",\"position\":1,\"name\":\"Home\",\"item\":\"https:\\\/\\\/www.sebastien-auziere.fr\\\/blog\\\/\"},{\"@type\":\"ListItem\",\"position\":2,\"name\":\"Jordan Bardella bekundet sein Mitgef\u00fchl und teilt seine bisher unver\u00f6ffentlichten Einsichten zur Unterst\u00fctzung von Brigitte Macron\"}]},{\"@type\":\"WebSite\",\"@id\":\"https:\\\/\\\/www.sebastien-auziere.fr\\\/blog\\\/#website\",\"url\":\"https:\\\/\\\/www.sebastien-auziere.fr\\\/blog\\\/\",\"name\":\"Fan site S\u00e9bastien Auzi\u00e8re\",\"description\":\"M\u00e9dia g\u00e9n\u00e9raliste\",\"publisher\":{\"@id\":\"https:\\\/\\\/www.sebastien-auziere.fr\\\/blog\\\/#organization\"},\"potentialAction\":[{\"@type\":\"SearchAction\",\"target\":{\"@type\":\"EntryPoint\",\"urlTemplate\":\"https:\\\/\\\/www.sebastien-auziere.fr\\\/blog\\\/?s={search_term_string}\"},\"query-input\":{\"@type\":\"PropertyValueSpecification\",\"valueRequired\":true,\"valueName\":\"search_term_string\"}}],\"inLanguage\":\"fr-FR\"},{\"@type\":\"Organization\",\"@id\":\"https:\\\/\\\/www.sebastien-auziere.fr\\\/blog\\\/#organization\",\"name\":\"Fan site S\u00e9bastien Auzi\u00e8re\",\"url\":\"https:\\\/\\\/www.sebastien-auziere.fr\\\/blog\\\/\",\"logo\":{\"@type\":\"ImageObject\",\"inLanguage\":\"fr-FR\",\"@id\":\"https:\\\/\\\/www.sebastien-auziere.fr\\\/blog\\\/#\\\/schema\\\/logo\\\/image\\\/\",\"url\":\"https:\\\/\\\/www.sebastien-auziere.fr\\\/blog\\\/wp-content\\\/uploads\\\/2026\\\/03\\\/cropped-cropped-cropped-ChatGPT-Image-6-mars-2026-12_58_09-e1772798376794.jpg\",\"contentUrl\":\"https:\\\/\\\/www.sebastien-auziere.fr\\\/blog\\\/wp-content\\\/uploads\\\/2026\\\/03\\\/cropped-cropped-cropped-ChatGPT-Image-6-mars-2026-12_58_09-e1772798376794.jpg\",\"width\":512,\"height\":360,\"caption\":\"Fan site S\u00e9bastien Auzi\u00e8re\"},\"image\":{\"@id\":\"https:\\\/\\\/www.sebastien-auziere.fr\\\/blog\\\/#\\\/schema\\\/logo\\\/image\\\/\"}},{\"@type\":\"Person\",\"@id\":\"https:\\\/\\\/www.sebastien-auziere.fr\\\/blog\\\/#\\\/schema\\\/person\\\/149f1acdbfd85149c6c3e59adeae2f4d\",\"name\":\"Chloe Gauthier\",\"image\":{\"@type\":\"ImageObject\",\"inLanguage\":\"fr-FR\",\"@id\":\"https:\\\/\\\/secure.gravatar.com\\\/avatar\\\/2c5722f58171cff738a8985ef0dd66b476e563753246a49019befc837ec4201a?s=96&d=mm&r=g\",\"url\":\"https:\\\/\\\/secure.gravatar.com\\\/avatar\\\/2c5722f58171cff738a8985ef0dd66b476e563753246a49019befc837ec4201a?s=96&d=mm&r=g\",\"contentUrl\":\"https:\\\/\\\/secure.gravatar.com\\\/avatar\\\/2c5722f58171cff738a8985ef0dd66b476e563753246a49019befc837ec4201a?s=96&d=mm&r=g\",\"caption\":\"Chloe Gauthier\"},\"description\":\"Passionn\u00e9e par la politique et admiratrice engag\u00e9e de la famille Macron, je consacre mon \u00e9nergie \u00e0 suivre leurs initiatives et \u00e0 promouvoir leurs id\u00e9es. \u00c0 32 ans, je suis convaincue que leur vision est porteuse d'avenir.\",\"url\":\"https:\\\/\\\/www.sebastien-auziere.fr\\\/blog\\\/author\\\/chloe-gauthier\\\/\"}]}<\/script>\n<!-- \/ Yoast SEO plugin. -->","yoast_head_json":{"title":"Jordan Bardella bekundet sein Mitgef\u00fchl und teilt seine bisher unver\u00f6ffentlichten Einsichten zur Unterst\u00fctzung von Brigitte Macron - Fan site S\u00e9bastien Auzi\u00e8re","description":"Jordan Bardella exprime sa compassion et partage des confidences in\u00e9dites en soutien \u00e0 Brigitte Macron dans un t\u00e9moignage \u00e9mouvant.","robots":{"index":"index","follow":"follow","max-snippet":"max-snippet:-1","max-image-preview":"max-image-preview:large","max-video-preview":"max-video-preview:-1"},"canonical":"https:\/\/www.sebastien-auziere.fr\/blog\/de\/jordan-bardella-bekundet-sein-mitgefuhl-und-teilt-seine-bisher-unveroffentlichten-einsichten-zur-unterstutzung-von-brigitte-macron\/","og_locale":"fr_FR","og_type":"article","og_title":"Jordan Bardella bekundet sein Mitgef\u00fchl und teilt seine bisher unver\u00f6ffentlichten Einsichten zur Unterst\u00fctzung von Brigitte Macron - Fan site S\u00e9bastien Auzi\u00e8re","og_description":"Jordan Bardella exprime sa compassion et partage des confidences in\u00e9dites en soutien \u00e0 Brigitte Macron dans un t\u00e9moignage \u00e9mouvant.","og_url":"https:\/\/www.sebastien-auziere.fr\/blog\/de\/jordan-bardella-bekundet-sein-mitgefuhl-und-teilt-seine-bisher-unveroffentlichten-einsichten-zur-unterstutzung-von-brigitte-macron\/","og_site_name":"Fan site S\u00e9bastien Auzi\u00e8re","article_published_time":"2026-04-30T19:39:11+00:00","article_modified_time":"2026-04-30T19:39:42+00:00","og_image":[{"width":2560,"height":1429,"url":"https:\/\/www.sebastien-auziere.fr\/blog\/wp-content\/uploads\/2026\/04\/Jordan-Bardella-temoigne-sa-compassion-et-revele-ses-confidences-inedites-en-soutien-a-Brigitte-Macron.jpg","type":"image\/jpeg"}],"author":"Chloe Gauthier","twitter_card":"summary_large_image","twitter_misc":{"\u00c9crit par":"Chloe Gauthier","Dur\u00e9e de lecture estim\u00e9e":"2 minutes"},"schema":{"@context":"https:\/\/schema.org","@graph":[{"@type":"Article","@id":"https:\/\/www.sebastien-auziere.fr\/blog\/de\/jordan-bardella-bekundet-sein-mitgefuhl-und-teilt-seine-bisher-unveroffentlichten-einsichten-zur-unterstutzung-von-brigitte-macron\/#article","isPartOf":{"@id":"https:\/\/www.sebastien-auziere.fr\/blog\/de\/jordan-bardella-bekundet-sein-mitgefuhl-und-teilt-seine-bisher-unveroffentlichten-einsichten-zur-unterstutzung-von-brigitte-macron\/"},"author":{"name":"Chloe Gauthier","@id":"https:\/\/www.sebastien-auziere.fr\/blog\/#\/schema\/person\/149f1acdbfd85149c6c3e59adeae2f4d"},"headline":"Jordan Bardella bekundet sein Mitgef\u00fchl und teilt seine bisher unver\u00f6ffentlichten Einsichten zur Unterst\u00fctzung von Brigitte Macron","datePublished":"2026-04-30T19:39:11+00:00","dateModified":"2026-04-30T19:39:42+00:00","mainEntityOfPage":{"@id":"https:\/\/www.sebastien-auziere.fr\/blog\/de\/jordan-bardella-bekundet-sein-mitgefuhl-und-teilt-seine-bisher-unveroffentlichten-einsichten-zur-unterstutzung-von-brigitte-macron\/"},"wordCount":517,"commentCount":0,"publisher":{"@id":"https:\/\/www.sebastien-auziere.fr\/blog\/#organization"},"image":{"@id":"https:\/\/www.sebastien-auziere.fr\/blog\/de\/jordan-bardella-bekundet-sein-mitgefuhl-und-teilt-seine-bisher-unveroffentlichten-einsichten-zur-unterstutzung-von-brigitte-macron\/#primaryimage"},"thumbnailUrl":"https:\/\/www.sebastien-auziere.fr\/blog\/wp-content\/uploads\/2026\/04\/Jordan-Bardella-temoigne-sa-compassion-et-revele-ses-confidences-inedites-en-soutien-a-Brigitte-Macron.jpg","keywords":["brigitte macron","compassion","confidences unver\u00f6ffentlicht","jordan bardella","unterst\u00fctzung"],"articleSection":["Aktuelles"],"inLanguage":"fr-FR","potentialAction":[{"@type":"CommentAction","name":"Comment","target":["https:\/\/www.sebastien-auziere.fr\/blog\/de\/jordan-bardella-bekundet-sein-mitgefuhl-und-teilt-seine-bisher-unveroffentlichten-einsichten-zur-unterstutzung-von-brigitte-macron\/#respond"]}]},{"@type":"WebPage","@id":"https:\/\/www.sebastien-auziere.fr\/blog\/de\/jordan-bardella-bekundet-sein-mitgefuhl-und-teilt-seine-bisher-unveroffentlichten-einsichten-zur-unterstutzung-von-brigitte-macron\/","url":"https:\/\/www.sebastien-auziere.fr\/blog\/de\/jordan-bardella-bekundet-sein-mitgefuhl-und-teilt-seine-bisher-unveroffentlichten-einsichten-zur-unterstutzung-von-brigitte-macron\/","name":"Jordan Bardella bekundet sein Mitgef\u00fchl und teilt seine bisher unver\u00f6ffentlichten Einsichten zur Unterst\u00fctzung von Brigitte Macron - Fan site S\u00e9bastien Auzi\u00e8re","isPartOf":{"@id":"https:\/\/www.sebastien-auziere.fr\/blog\/#website"},"primaryImageOfPage":{"@id":"https:\/\/www.sebastien-auziere.fr\/blog\/de\/jordan-bardella-bekundet-sein-mitgefuhl-und-teilt-seine-bisher-unveroffentlichten-einsichten-zur-unterstutzung-von-brigitte-macron\/#primaryimage"},"image":{"@id":"https:\/\/www.sebastien-auziere.fr\/blog\/de\/jordan-bardella-bekundet-sein-mitgefuhl-und-teilt-seine-bisher-unveroffentlichten-einsichten-zur-unterstutzung-von-brigitte-macron\/#primaryimage"},"thumbnailUrl":"https:\/\/www.sebastien-auziere.fr\/blog\/wp-content\/uploads\/2026\/04\/Jordan-Bardella-temoigne-sa-compassion-et-revele-ses-confidences-inedites-en-soutien-a-Brigitte-Macron.jpg","datePublished":"2026-04-30T19:39:11+00:00","dateModified":"2026-04-30T19:39:42+00:00","description":"Jordan Bardella exprime sa compassion et partage des confidences in\u00e9dites en soutien \u00e0 Brigitte Macron dans un t\u00e9moignage \u00e9mouvant.","breadcrumb":{"@id":"https:\/\/www.sebastien-auziere.fr\/blog\/de\/jordan-bardella-bekundet-sein-mitgefuhl-und-teilt-seine-bisher-unveroffentlichten-einsichten-zur-unterstutzung-von-brigitte-macron\/#breadcrumb"},"inLanguage":"fr-FR","potentialAction":[{"@type":"ReadAction","target":["https:\/\/www.sebastien-auziere.fr\/blog\/de\/jordan-bardella-bekundet-sein-mitgefuhl-und-teilt-seine-bisher-unveroffentlichten-einsichten-zur-unterstutzung-von-brigitte-macron\/"]}]},{"@type":"ImageObject","inLanguage":"fr-FR","@id":"https:\/\/www.sebastien-auziere.fr\/blog\/de\/jordan-bardella-bekundet-sein-mitgefuhl-und-teilt-seine-bisher-unveroffentlichten-einsichten-zur-unterstutzung-von-brigitte-macron\/#primaryimage","url":"https:\/\/www.sebastien-auziere.fr\/blog\/wp-content\/uploads\/2026\/04\/Jordan-Bardella-temoigne-sa-compassion-et-revele-ses-confidences-inedites-en-soutien-a-Brigitte-Macron.jpg","contentUrl":"https:\/\/www.sebastien-auziere.fr\/blog\/wp-content\/uploads\/2026\/04\/Jordan-Bardella-temoigne-sa-compassion-et-revele-ses-confidences-inedites-en-soutien-a-Brigitte-Macron.jpg","width":2560,"height":1429,"caption":"jordan bardella exprime sa compassion et partage des confidences in\u00e9dites en soutien \u00e0 brigitte macron, d\u00e9voilant un t\u00e9moignage \u00e9mouvant et sinc\u00e8re."},{"@type":"BreadcrumbList","@id":"https:\/\/www.sebastien-auziere.fr\/blog\/de\/jordan-bardella-bekundet-sein-mitgefuhl-und-teilt-seine-bisher-unveroffentlichten-einsichten-zur-unterstutzung-von-brigitte-macron\/#breadcrumb","itemListElement":[{"@type":"ListItem","position":1,"name":"Home","item":"https:\/\/www.sebastien-auziere.fr\/blog\/"},{"@type":"ListItem","position":2,"name":"Jordan Bardella bekundet sein Mitgef\u00fchl und teilt seine bisher unver\u00f6ffentlichten Einsichten zur Unterst\u00fctzung von Brigitte Macron"}]},{"@type":"WebSite","@id":"https:\/\/www.sebastien-auziere.fr\/blog\/#website","url":"https:\/\/www.sebastien-auziere.fr\/blog\/","name":"Fan site S\u00e9bastien Auzi\u00e8re","description":"M\u00e9dia g\u00e9n\u00e9raliste","publisher":{"@id":"https:\/\/www.sebastien-auziere.fr\/blog\/#organization"},"potentialAction":[{"@type":"SearchAction","target":{"@type":"EntryPoint","urlTemplate":"https:\/\/www.sebastien-auziere.fr\/blog\/?s={search_term_string}"},"query-input":{"@type":"PropertyValueSpecification","valueRequired":true,"valueName":"search_term_string"}}],"inLanguage":"fr-FR"},{"@type":"Organization","@id":"https:\/\/www.sebastien-auziere.fr\/blog\/#organization","name":"Fan site S\u00e9bastien Auzi\u00e8re","url":"https:\/\/www.sebastien-auziere.fr\/blog\/","logo":{"@type":"ImageObject","inLanguage":"fr-FR","@id":"https:\/\/www.sebastien-auziere.fr\/blog\/#\/schema\/logo\/image\/","url":"https:\/\/www.sebastien-auziere.fr\/blog\/wp-content\/uploads\/2026\/03\/cropped-cropped-cropped-ChatGPT-Image-6-mars-2026-12_58_09-e1772798376794.jpg","contentUrl":"https:\/\/www.sebastien-auziere.fr\/blog\/wp-content\/uploads\/2026\/03\/cropped-cropped-cropped-ChatGPT-Image-6-mars-2026-12_58_09-e1772798376794.jpg","width":512,"height":360,"caption":"Fan site S\u00e9bastien Auzi\u00e8re"},"image":{"@id":"https:\/\/www.sebastien-auziere.fr\/blog\/#\/schema\/logo\/image\/"}},{"@type":"Person","@id":"https:\/\/www.sebastien-auziere.fr\/blog\/#\/schema\/person\/149f1acdbfd85149c6c3e59adeae2f4d","name":"Chloe Gauthier","image":{"@type":"ImageObject","inLanguage":"fr-FR","@id":"https:\/\/secure.gravatar.com\/avatar\/2c5722f58171cff738a8985ef0dd66b476e563753246a49019befc837ec4201a?s=96&d=mm&r=g","url":"https:\/\/secure.gravatar.com\/avatar\/2c5722f58171cff738a8985ef0dd66b476e563753246a49019befc837ec4201a?s=96&d=mm&r=g","contentUrl":"https:\/\/secure.gravatar.com\/avatar\/2c5722f58171cff738a8985ef0dd66b476e563753246a49019befc837ec4201a?s=96&d=mm&r=g","caption":"Chloe Gauthier"},"description":"Passionn\u00e9e par la politique et admiratrice engag\u00e9e de la famille Macron, je consacre mon \u00e9nergie \u00e0 suivre leurs initiatives et \u00e0 promouvoir leurs id\u00e9es. \u00c0 32 ans, je suis convaincue que leur vision est porteuse d'avenir.","url":"https:\/\/www.sebastien-auziere.fr\/blog\/author\/chloe-gauthier\/"}]}},"views":0,"_links":{"self":[{"href":"https:\/\/www.sebastien-auziere.fr\/blog\/wp-json\/wp\/v2\/posts\/3472","targetHints":{"allow":["GET"]}}],"collection":[{"href":"https:\/\/www.sebastien-auziere.fr\/blog\/wp-json\/wp\/v2\/posts"}],"about":[{"href":"https:\/\/www.sebastien-auziere.fr\/blog\/wp-json\/wp\/v2\/types\/post"}],"author":[{"embeddable":true,"href":"https:\/\/www.sebastien-auziere.fr\/blog\/wp-json\/wp\/v2\/users\/9"}],"replies":[{"embeddable":true,"href":"https:\/\/www.sebastien-auziere.fr\/blog\/wp-json\/wp\/v2\/comments?post=3472"}],"version-history":[{"count":1,"href":"https:\/\/www.sebastien-auziere.fr\/blog\/wp-json\/wp\/v2\/posts\/3472\/revisions"}],"predecessor-version":[{"id":3473,"href":"https:\/\/www.sebastien-auziere.fr\/blog\/wp-json\/wp\/v2\/posts\/3472\/revisions\/3473"}],"wp:featuredmedia":[{"embeddable":true,"href":"https:\/\/www.sebastien-auziere.fr\/blog\/wp-json\/wp\/v2\/media\/3466"}],"wp:attachment":[{"href":"https:\/\/www.sebastien-auziere.fr\/blog\/wp-json\/wp\/v2\/media?parent=3472"}],"wp:term":[{"taxonomy":"category","embeddable":true,"href":"https:\/\/www.sebastien-auziere.fr\/blog\/wp-json\/wp\/v2\/categories?post=3472"},{"taxonomy":"post_tag","embeddable":true,"href":"https:\/\/www.sebastien-auziere.fr\/blog\/wp-json\/wp\/v2\/tags?post=3472"}],"curies":[{"name":"wp","href":"https:\/\/api.w.org\/{rel}","templated":true}]}}