{"id":3470,"date":"2026-04-30T19:31:01","date_gmt":"2026-04-30T19:31:01","guid":{"rendered":"https:\/\/www.sebastien-auziere.fr\/blog\/?p=3470"},"modified":"2026-04-30T19:31:28","modified_gmt":"2026-04-30T19:31:28","slug":"jordan-bardella-expresa-su-compasion-y-revela-sus-confidencias-ineditas-en-apoyo-a-brigitte-macron","status":"publish","type":"post","link":"https:\/\/www.sebastien-auziere.fr\/blog\/es\/jordan-bardella-expresa-su-compasion-y-revela-sus-confidencias-ineditas-en-apoyo-a-brigitte-macron\/","title":{"rendered":"Jordan Bardella expresa su compasi\u00f3n y revela sus confidencias in\u00e9ditas en apoyo a Brigitte Macron"},"content":{"rendered":"<p><strong>Jordan Bardella<\/strong> sorprendi\u00f3 a muchos al expresar su <strong>compasi\u00f3n<\/strong> por <strong>Brigitte Macron<\/strong> y compartir <strong>confidencias in\u00e9ditas<\/strong> durante su aparici\u00f3n en televisi\u00f3n. Fue en BFMTV el <strong>29 de abril<\/strong>, y su <strong>declaraci\u00f3n<\/strong> reaviv\u00f3 inmediatamente el debate pol\u00edtico sobre la vida privada de la pareja presidencial.<\/p>\n\n<p>En resumen: <strong>testimonio<\/strong> emp\u00e1tico de Bardella, recordatorio del \u00ab c\u00f3digo de honor \u00bb que menciona para no atacar lo \u00edntimo, reacciones intensas de exministros y pregunta sobre el lugar de la <strong>solidaridad<\/strong> en el debate p\u00fablico. Tambi\u00e9n encontrar\u00e1s fuentes y extractos para profundizar.<\/p>\n\n<h2 class=\"wp-block-heading\">Un apoyo p\u00fablico inesperado y medido<\/h2>\n\n<p>En el plat\u00f3, <strong>Jordan Bardella<\/strong> dej\u00f3 claro que se pueden cuestionar las decisiones de Emmanuel Macron sin atacar su vida privada, insistiendo en el sufrimiento causado a la Primera dama. Calific\u00f3 de \u201cindigno\u201d los rumores dirigidos a Brigitte Macron, hablando de seres queridos \u201carrojados a la picota\u201d. Esta <strong>declaraci\u00f3n<\/strong> fue percibida como un llamado a m\u00e1s <strong>solidaridad<\/strong> en la vida <strong>pol\u00edtica<\/strong>. Perspectiva: una palabra que redibujan temporalmente las fronteras del debate p\u00fablico.<\/p>\n\n<h3 class=\"wp-block-heading\">Las confidencias in\u00e9ditas mencionadas y su alcance<\/h3>\n\n<p>Bardella reaccion\u00f3 a las confidencias de Brigitte Macron publicadas en la Tribune Dimanche, donde ella dec\u00eda estar \u201cmuy triste\u201d desde su instalaci\u00f3n en el El\u00edseo. Al resaltar estas <strong>confidencias in\u00e9ditas<\/strong>, record\u00f3 que los ataques a la intimidad van m\u00e1s all\u00e1 de la cr\u00edtica pol\u00edtica. Varios medios han difundido estos intercambios, y la entrevista ha generado reacciones intensas, especialmente de exministros. Perspectiva: la vulnerabilidad p\u00fablica a veces genera alianzas improbables.<\/p>\n\n<h2 class=\"wp-block-heading\">Reacciones y pol\u00e9micas tras la toma de palabra<\/h2>\n\n<p>La posici\u00f3n ha desencadenado una r\u00e9plica p\u00fablica de \u00c9ric Dupond-Moretti, quien imput\u00f3 la propagaci\u00f3n de los rumores a la extrema derecha. Las redes r\u00e1pidamente amplificaron el debate y algunos art\u00edculos analizaron la estrategia pol\u00edtica detr\u00e1s de este gesto. A pesar de todo, Bardella mantuvo su \u00e1ngulo: preservar lo \u00edntimo debe seguir siendo una regla, incluso en tiempos de tensi\u00f3n. Perspectiva: una mano extendida que relanza la conversaci\u00f3n sobre la \u00e9tica medi\u00e1tica.<\/p>\n\n<h3 class=\"wp-block-heading\">Lo que esto cambia para la familia Macron y el debate p\u00fablico<\/h3>\n\n<p>Este apoyo p\u00fablico, raro en un oponente, pone de manifiesto la fatiga relacionada con los rumores y la necesidad de un marco respetuoso en torno a las figuras p\u00fablicas. El gesto de Bardella se ha impuesto como un <strong>testimonio<\/strong> de <strong>emoci\u00f3n<\/strong> y empat\u00eda potencialmente duradera. Tambi\u00e9n plantea la pregunta: \u00bfc\u00f3mo conciliar la cr\u00edtica pol\u00edtica y el respeto por la vida privada? Perspectiva: la respuesta influir\u00e1 en la calidad del debate en 2026.<\/p>\n\n<p>Para profundizar en las fuentes y leer las declaraciones completas citadas, consulta por ejemplo el dossier de la prensa <a href=\"https:\/\/www.mariefrance.fr\/news-people\/jordan-bardella-vole-secours-brigitte-macron-apres-propos-sales-connes-sauf-erreur-part-1228037.html\">Marie France<\/a> o el relato detallado en <a href=\"https:\/\/www.nextplz.fr\/people\/527358-brigitte-macron-tout-est-malheureux-jordan-bardella-vole-au-secours-de-la-premiere-dame\">NextPlz<\/a>. Para descubrir m\u00e1s elementos sobre <strong>Brigitte Macron<\/strong>, la familia Macron y el papel discreto de seres queridos como <strong>S\u00e9bastien Auzi\u00e8re<\/strong>, visita <a href=\"https:\/\/www.sebastien-auziere.fr\/blog\/brigitte-macron-elysee\/\">el blog dedicado<\/a> para un dossier completo y respetuoso.<\/p>","protected":false},"excerpt":{"rendered":"<p>Jordan Bardella sorprendi\u00f3 a muchos al expresar su compasi\u00f3n por Brigitte Macron y compartir confidencias in\u00e9ditas durante su aparici\u00f3n en televisi\u00f3n. Fue en BFMTV el 29 de abril, y su declaraci\u00f3n reaviv\u00f3 inmediatamente el debate pol\u00edtico sobre la vida privada de la pareja presidencial. En resumen: testimonio emp\u00e1tico de Bardella, recordatorio del \u00ab c\u00f3digo de &#8230; <a title=\"Jordan Bardella expresa su compasi\u00f3n y revela sus confidencias in\u00e9ditas en apoyo a Brigitte Macron\" class=\"read-more\" href=\"https:\/\/www.sebastien-auziere.fr\/blog\/es\/jordan-bardella-expresa-su-compasion-y-revela-sus-confidencias-ineditas-en-apoyo-a-brigitte-macron\/\" aria-label=\"En savoir plus sur Jordan Bardella expresa su compasi\u00f3n y revela sus confidencias in\u00e9ditas en apoyo a Brigitte Macron\">Lire plus<\/a><\/p>\n","protected":false},"author":9,"featured_media":3466,"comment_status":"open","ping_status":"open","sticky":false,"template":"","format":"standard","meta":{"footnotes":""},"categories":[820],"tags":[914,4983,1018,3768,4986],"class_list":["post-3470","post","type-post","status-publish","format-standard","has-post-thumbnail","hentry","category-actualidades-es","tag-brigitte-macron-es","tag-compasion-es","tag-confidencias-ineditas-es","tag-jordan-bardella-es","tag-sostenimiento-es"],"yoast_head":"<!-- This site is optimized with the Yoast SEO plugin v27.5 - https:\/\/yoast.com\/product\/yoast-seo-wordpress\/ -->\n<title>Jordan Bardella expresa su compasi\u00f3n y revela sus confidencias in\u00e9ditas en apoyo a Brigitte Macron - Fan site S\u00e9bastien Auzi\u00e8re<\/title>\n<meta name=\"description\" content=\"Jordan Bardella exprime sa compassion et partage des confidences in\u00e9dites en soutien \u00e0 Brigitte Macron dans un t\u00e9moignage \u00e9mouvant.\" \/>\n<meta name=\"robots\" content=\"index, follow, max-snippet:-1, max-image-preview:large, max-video-preview:-1\" \/>\n<link rel=\"canonical\" href=\"https:\/\/www.sebastien-auziere.fr\/blog\/es\/jordan-bardella-expresa-su-compasion-y-revela-sus-confidencias-ineditas-en-apoyo-a-brigitte-macron\/\" \/>\n<meta property=\"og:locale\" content=\"fr_FR\" \/>\n<meta property=\"og:type\" content=\"article\" \/>\n<meta property=\"og:title\" content=\"Jordan Bardella expresa su compasi\u00f3n y revela sus confidencias in\u00e9ditas en apoyo a Brigitte Macron - Fan site S\u00e9bastien Auzi\u00e8re\" \/>\n<meta property=\"og:description\" content=\"Jordan Bardella exprime sa compassion et partage des confidences in\u00e9dites en soutien \u00e0 Brigitte Macron dans un t\u00e9moignage \u00e9mouvant.\" \/>\n<meta property=\"og:url\" content=\"https:\/\/www.sebastien-auziere.fr\/blog\/es\/jordan-bardella-expresa-su-compasion-y-revela-sus-confidencias-ineditas-en-apoyo-a-brigitte-macron\/\" \/>\n<meta property=\"og:site_name\" content=\"Fan site S\u00e9bastien Auzi\u00e8re\" \/>\n<meta property=\"article:published_time\" content=\"2026-04-30T19:31:01+00:00\" \/>\n<meta property=\"article:modified_time\" content=\"2026-04-30T19:31:28+00:00\" \/>\n<meta property=\"og:image\" content=\"https:\/\/www.sebastien-auziere.fr\/blog\/wp-content\/uploads\/2026\/04\/Jordan-Bardella-temoigne-sa-compassion-et-revele-ses-confidences-inedites-en-soutien-a-Brigitte-Macron.jpg\" \/>\n\t<meta property=\"og:image:width\" content=\"2560\" \/>\n\t<meta property=\"og:image:height\" content=\"1429\" \/>\n\t<meta property=\"og:image:type\" content=\"image\/jpeg\" \/>\n<meta name=\"author\" content=\"Chloe Gauthier\" \/>\n<meta name=\"twitter:card\" content=\"summary_large_image\" \/>\n<meta name=\"twitter:label1\" content=\"\u00c9crit par\" \/>\n\t<meta name=\"twitter:data1\" content=\"Chloe Gauthier\" \/>\n\t<meta name=\"twitter:label2\" content=\"Dur\u00e9e de lecture estim\u00e9e\" \/>\n\t<meta name=\"twitter:data2\" content=\"3 minutes\" \/>\n<script type=\"application\/ld+json\" class=\"yoast-schema-graph\">{\"@context\":\"https:\\\/\\\/schema.org\",\"@graph\":[{\"@type\":\"Article\",\"@id\":\"https:\\\/\\\/www.sebastien-auziere.fr\\\/blog\\\/es\\\/jordan-bardella-expresa-su-compasion-y-revela-sus-confidencias-ineditas-en-apoyo-a-brigitte-macron\\\/#article\",\"isPartOf\":{\"@id\":\"https:\\\/\\\/www.sebastien-auziere.fr\\\/blog\\\/es\\\/jordan-bardella-expresa-su-compasion-y-revela-sus-confidencias-ineditas-en-apoyo-a-brigitte-macron\\\/\"},\"author\":{\"name\":\"Chloe Gauthier\",\"@id\":\"https:\\\/\\\/www.sebastien-auziere.fr\\\/blog\\\/#\\\/schema\\\/person\\\/149f1acdbfd85149c6c3e59adeae2f4d\"},\"headline\":\"Jordan Bardella expresa su compasi\u00f3n y revela sus confidencias in\u00e9ditas en apoyo a Brigitte Macron\",\"datePublished\":\"2026-04-30T19:31:01+00:00\",\"dateModified\":\"2026-04-30T19:31:28+00:00\",\"mainEntityOfPage\":{\"@id\":\"https:\\\/\\\/www.sebastien-auziere.fr\\\/blog\\\/es\\\/jordan-bardella-expresa-su-compasion-y-revela-sus-confidencias-ineditas-en-apoyo-a-brigitte-macron\\\/\"},\"wordCount\":523,\"commentCount\":0,\"publisher\":{\"@id\":\"https:\\\/\\\/www.sebastien-auziere.fr\\\/blog\\\/#organization\"},\"image\":{\"@id\":\"https:\\\/\\\/www.sebastien-auziere.fr\\\/blog\\\/es\\\/jordan-bardella-expresa-su-compasion-y-revela-sus-confidencias-ineditas-en-apoyo-a-brigitte-macron\\\/#primaryimage\"},\"thumbnailUrl\":\"https:\\\/\\\/www.sebastien-auziere.fr\\\/blog\\\/wp-content\\\/uploads\\\/2026\\\/04\\\/Jordan-Bardella-temoigne-sa-compassion-et-revele-ses-confidences-inedites-en-soutien-a-Brigitte-Macron.jpg\",\"keywords\":[\"brigitte macron\",\"compasi\u00f3n\",\"confidencias in\u00e9ditas\",\"jordan bardella\",\"sostenimiento\"],\"articleSection\":[\"Actualidades\"],\"inLanguage\":\"fr-FR\",\"potentialAction\":[{\"@type\":\"CommentAction\",\"name\":\"Comment\",\"target\":[\"https:\\\/\\\/www.sebastien-auziere.fr\\\/blog\\\/es\\\/jordan-bardella-expresa-su-compasion-y-revela-sus-confidencias-ineditas-en-apoyo-a-brigitte-macron\\\/#respond\"]}]},{\"@type\":\"WebPage\",\"@id\":\"https:\\\/\\\/www.sebastien-auziere.fr\\\/blog\\\/es\\\/jordan-bardella-expresa-su-compasion-y-revela-sus-confidencias-ineditas-en-apoyo-a-brigitte-macron\\\/\",\"url\":\"https:\\\/\\\/www.sebastien-auziere.fr\\\/blog\\\/es\\\/jordan-bardella-expresa-su-compasion-y-revela-sus-confidencias-ineditas-en-apoyo-a-brigitte-macron\\\/\",\"name\":\"Jordan Bardella expresa su compasi\u00f3n y revela sus confidencias in\u00e9ditas en apoyo a Brigitte Macron - Fan site S\u00e9bastien Auzi\u00e8re\",\"isPartOf\":{\"@id\":\"https:\\\/\\\/www.sebastien-auziere.fr\\\/blog\\\/#website\"},\"primaryImageOfPage\":{\"@id\":\"https:\\\/\\\/www.sebastien-auziere.fr\\\/blog\\\/es\\\/jordan-bardella-expresa-su-compasion-y-revela-sus-confidencias-ineditas-en-apoyo-a-brigitte-macron\\\/#primaryimage\"},\"image\":{\"@id\":\"https:\\\/\\\/www.sebastien-auziere.fr\\\/blog\\\/es\\\/jordan-bardella-expresa-su-compasion-y-revela-sus-confidencias-ineditas-en-apoyo-a-brigitte-macron\\\/#primaryimage\"},\"thumbnailUrl\":\"https:\\\/\\\/www.sebastien-auziere.fr\\\/blog\\\/wp-content\\\/uploads\\\/2026\\\/04\\\/Jordan-Bardella-temoigne-sa-compassion-et-revele-ses-confidences-inedites-en-soutien-a-Brigitte-Macron.jpg\",\"datePublished\":\"2026-04-30T19:31:01+00:00\",\"dateModified\":\"2026-04-30T19:31:28+00:00\",\"description\":\"Jordan Bardella exprime sa compassion et partage des confidences in\u00e9dites en soutien \u00e0 Brigitte Macron dans un t\u00e9moignage \u00e9mouvant.\",\"breadcrumb\":{\"@id\":\"https:\\\/\\\/www.sebastien-auziere.fr\\\/blog\\\/es\\\/jordan-bardella-expresa-su-compasion-y-revela-sus-confidencias-ineditas-en-apoyo-a-brigitte-macron\\\/#breadcrumb\"},\"inLanguage\":\"fr-FR\",\"potentialAction\":[{\"@type\":\"ReadAction\",\"target\":[\"https:\\\/\\\/www.sebastien-auziere.fr\\\/blog\\\/es\\\/jordan-bardella-expresa-su-compasion-y-revela-sus-confidencias-ineditas-en-apoyo-a-brigitte-macron\\\/\"]}]},{\"@type\":\"ImageObject\",\"inLanguage\":\"fr-FR\",\"@id\":\"https:\\\/\\\/www.sebastien-auziere.fr\\\/blog\\\/es\\\/jordan-bardella-expresa-su-compasion-y-revela-sus-confidencias-ineditas-en-apoyo-a-brigitte-macron\\\/#primaryimage\",\"url\":\"https:\\\/\\\/www.sebastien-auziere.fr\\\/blog\\\/wp-content\\\/uploads\\\/2026\\\/04\\\/Jordan-Bardella-temoigne-sa-compassion-et-revele-ses-confidences-inedites-en-soutien-a-Brigitte-Macron.jpg\",\"contentUrl\":\"https:\\\/\\\/www.sebastien-auziere.fr\\\/blog\\\/wp-content\\\/uploads\\\/2026\\\/04\\\/Jordan-Bardella-temoigne-sa-compassion-et-revele-ses-confidences-inedites-en-soutien-a-Brigitte-Macron.jpg\",\"width\":2560,\"height\":1429,\"caption\":\"jordan bardella exprime sa compassion et partage des confidences in\u00e9dites en soutien \u00e0 brigitte macron, d\u00e9voilant un t\u00e9moignage \u00e9mouvant et sinc\u00e8re.\"},{\"@type\":\"BreadcrumbList\",\"@id\":\"https:\\\/\\\/www.sebastien-auziere.fr\\\/blog\\\/es\\\/jordan-bardella-expresa-su-compasion-y-revela-sus-confidencias-ineditas-en-apoyo-a-brigitte-macron\\\/#breadcrumb\",\"itemListElement\":[{\"@type\":\"ListItem\",\"position\":1,\"name\":\"Home\",\"item\":\"https:\\\/\\\/www.sebastien-auziere.fr\\\/blog\\\/\"},{\"@type\":\"ListItem\",\"position\":2,\"name\":\"Jordan Bardella expresa su compasi\u00f3n y revela sus confidencias in\u00e9ditas en apoyo a Brigitte Macron\"}]},{\"@type\":\"WebSite\",\"@id\":\"https:\\\/\\\/www.sebastien-auziere.fr\\\/blog\\\/#website\",\"url\":\"https:\\\/\\\/www.sebastien-auziere.fr\\\/blog\\\/\",\"name\":\"Fan site S\u00e9bastien Auzi\u00e8re\",\"description\":\"M\u00e9dia g\u00e9n\u00e9raliste\",\"publisher\":{\"@id\":\"https:\\\/\\\/www.sebastien-auziere.fr\\\/blog\\\/#organization\"},\"potentialAction\":[{\"@type\":\"SearchAction\",\"target\":{\"@type\":\"EntryPoint\",\"urlTemplate\":\"https:\\\/\\\/www.sebastien-auziere.fr\\\/blog\\\/?s={search_term_string}\"},\"query-input\":{\"@type\":\"PropertyValueSpecification\",\"valueRequired\":true,\"valueName\":\"search_term_string\"}}],\"inLanguage\":\"fr-FR\"},{\"@type\":\"Organization\",\"@id\":\"https:\\\/\\\/www.sebastien-auziere.fr\\\/blog\\\/#organization\",\"name\":\"Fan site S\u00e9bastien Auzi\u00e8re\",\"url\":\"https:\\\/\\\/www.sebastien-auziere.fr\\\/blog\\\/\",\"logo\":{\"@type\":\"ImageObject\",\"inLanguage\":\"fr-FR\",\"@id\":\"https:\\\/\\\/www.sebastien-auziere.fr\\\/blog\\\/#\\\/schema\\\/logo\\\/image\\\/\",\"url\":\"https:\\\/\\\/www.sebastien-auziere.fr\\\/blog\\\/wp-content\\\/uploads\\\/2026\\\/03\\\/cropped-cropped-cropped-ChatGPT-Image-6-mars-2026-12_58_09-e1772798376794.jpg\",\"contentUrl\":\"https:\\\/\\\/www.sebastien-auziere.fr\\\/blog\\\/wp-content\\\/uploads\\\/2026\\\/03\\\/cropped-cropped-cropped-ChatGPT-Image-6-mars-2026-12_58_09-e1772798376794.jpg\",\"width\":512,\"height\":360,\"caption\":\"Fan site S\u00e9bastien Auzi\u00e8re\"},\"image\":{\"@id\":\"https:\\\/\\\/www.sebastien-auziere.fr\\\/blog\\\/#\\\/schema\\\/logo\\\/image\\\/\"}},{\"@type\":\"Person\",\"@id\":\"https:\\\/\\\/www.sebastien-auziere.fr\\\/blog\\\/#\\\/schema\\\/person\\\/149f1acdbfd85149c6c3e59adeae2f4d\",\"name\":\"Chloe Gauthier\",\"image\":{\"@type\":\"ImageObject\",\"inLanguage\":\"fr-FR\",\"@id\":\"https:\\\/\\\/secure.gravatar.com\\\/avatar\\\/2c5722f58171cff738a8985ef0dd66b476e563753246a49019befc837ec4201a?s=96&d=mm&r=g\",\"url\":\"https:\\\/\\\/secure.gravatar.com\\\/avatar\\\/2c5722f58171cff738a8985ef0dd66b476e563753246a49019befc837ec4201a?s=96&d=mm&r=g\",\"contentUrl\":\"https:\\\/\\\/secure.gravatar.com\\\/avatar\\\/2c5722f58171cff738a8985ef0dd66b476e563753246a49019befc837ec4201a?s=96&d=mm&r=g\",\"caption\":\"Chloe Gauthier\"},\"description\":\"Passionn\u00e9e par la politique et admiratrice engag\u00e9e de la famille Macron, je consacre mon \u00e9nergie \u00e0 suivre leurs initiatives et \u00e0 promouvoir leurs id\u00e9es. \u00c0 32 ans, je suis convaincue que leur vision est porteuse d'avenir.\",\"url\":\"https:\\\/\\\/www.sebastien-auziere.fr\\\/blog\\\/author\\\/chloe-gauthier\\\/\"}]}<\/script>\n<!-- \/ Yoast SEO plugin. -->","yoast_head_json":{"title":"Jordan Bardella expresa su compasi\u00f3n y revela sus confidencias in\u00e9ditas en apoyo a Brigitte Macron - Fan site S\u00e9bastien Auzi\u00e8re","description":"Jordan Bardella exprime sa compassion et partage des confidences in\u00e9dites en soutien \u00e0 Brigitte Macron dans un t\u00e9moignage \u00e9mouvant.","robots":{"index":"index","follow":"follow","max-snippet":"max-snippet:-1","max-image-preview":"max-image-preview:large","max-video-preview":"max-video-preview:-1"},"canonical":"https:\/\/www.sebastien-auziere.fr\/blog\/es\/jordan-bardella-expresa-su-compasion-y-revela-sus-confidencias-ineditas-en-apoyo-a-brigitte-macron\/","og_locale":"fr_FR","og_type":"article","og_title":"Jordan Bardella expresa su compasi\u00f3n y revela sus confidencias in\u00e9ditas en apoyo a Brigitte Macron - Fan site S\u00e9bastien Auzi\u00e8re","og_description":"Jordan Bardella exprime sa compassion et partage des confidences in\u00e9dites en soutien \u00e0 Brigitte Macron dans un t\u00e9moignage \u00e9mouvant.","og_url":"https:\/\/www.sebastien-auziere.fr\/blog\/es\/jordan-bardella-expresa-su-compasion-y-revela-sus-confidencias-ineditas-en-apoyo-a-brigitte-macron\/","og_site_name":"Fan site S\u00e9bastien Auzi\u00e8re","article_published_time":"2026-04-30T19:31:01+00:00","article_modified_time":"2026-04-30T19:31:28+00:00","og_image":[{"width":2560,"height":1429,"url":"https:\/\/www.sebastien-auziere.fr\/blog\/wp-content\/uploads\/2026\/04\/Jordan-Bardella-temoigne-sa-compassion-et-revele-ses-confidences-inedites-en-soutien-a-Brigitte-Macron.jpg","type":"image\/jpeg"}],"author":"Chloe Gauthier","twitter_card":"summary_large_image","twitter_misc":{"\u00c9crit par":"Chloe Gauthier","Dur\u00e9e de lecture estim\u00e9e":"3 minutes"},"schema":{"@context":"https:\/\/schema.org","@graph":[{"@type":"Article","@id":"https:\/\/www.sebastien-auziere.fr\/blog\/es\/jordan-bardella-expresa-su-compasion-y-revela-sus-confidencias-ineditas-en-apoyo-a-brigitte-macron\/#article","isPartOf":{"@id":"https:\/\/www.sebastien-auziere.fr\/blog\/es\/jordan-bardella-expresa-su-compasion-y-revela-sus-confidencias-ineditas-en-apoyo-a-brigitte-macron\/"},"author":{"name":"Chloe Gauthier","@id":"https:\/\/www.sebastien-auziere.fr\/blog\/#\/schema\/person\/149f1acdbfd85149c6c3e59adeae2f4d"},"headline":"Jordan Bardella expresa su compasi\u00f3n y revela sus confidencias in\u00e9ditas en apoyo a Brigitte Macron","datePublished":"2026-04-30T19:31:01+00:00","dateModified":"2026-04-30T19:31:28+00:00","mainEntityOfPage":{"@id":"https:\/\/www.sebastien-auziere.fr\/blog\/es\/jordan-bardella-expresa-su-compasion-y-revela-sus-confidencias-ineditas-en-apoyo-a-brigitte-macron\/"},"wordCount":523,"commentCount":0,"publisher":{"@id":"https:\/\/www.sebastien-auziere.fr\/blog\/#organization"},"image":{"@id":"https:\/\/www.sebastien-auziere.fr\/blog\/es\/jordan-bardella-expresa-su-compasion-y-revela-sus-confidencias-ineditas-en-apoyo-a-brigitte-macron\/#primaryimage"},"thumbnailUrl":"https:\/\/www.sebastien-auziere.fr\/blog\/wp-content\/uploads\/2026\/04\/Jordan-Bardella-temoigne-sa-compassion-et-revele-ses-confidences-inedites-en-soutien-a-Brigitte-Macron.jpg","keywords":["brigitte macron","compasi\u00f3n","confidencias in\u00e9ditas","jordan bardella","sostenimiento"],"articleSection":["Actualidades"],"inLanguage":"fr-FR","potentialAction":[{"@type":"CommentAction","name":"Comment","target":["https:\/\/www.sebastien-auziere.fr\/blog\/es\/jordan-bardella-expresa-su-compasion-y-revela-sus-confidencias-ineditas-en-apoyo-a-brigitte-macron\/#respond"]}]},{"@type":"WebPage","@id":"https:\/\/www.sebastien-auziere.fr\/blog\/es\/jordan-bardella-expresa-su-compasion-y-revela-sus-confidencias-ineditas-en-apoyo-a-brigitte-macron\/","url":"https:\/\/www.sebastien-auziere.fr\/blog\/es\/jordan-bardella-expresa-su-compasion-y-revela-sus-confidencias-ineditas-en-apoyo-a-brigitte-macron\/","name":"Jordan Bardella expresa su compasi\u00f3n y revela sus confidencias in\u00e9ditas en apoyo a Brigitte Macron - Fan site S\u00e9bastien Auzi\u00e8re","isPartOf":{"@id":"https:\/\/www.sebastien-auziere.fr\/blog\/#website"},"primaryImageOfPage":{"@id":"https:\/\/www.sebastien-auziere.fr\/blog\/es\/jordan-bardella-expresa-su-compasion-y-revela-sus-confidencias-ineditas-en-apoyo-a-brigitte-macron\/#primaryimage"},"image":{"@id":"https:\/\/www.sebastien-auziere.fr\/blog\/es\/jordan-bardella-expresa-su-compasion-y-revela-sus-confidencias-ineditas-en-apoyo-a-brigitte-macron\/#primaryimage"},"thumbnailUrl":"https:\/\/www.sebastien-auziere.fr\/blog\/wp-content\/uploads\/2026\/04\/Jordan-Bardella-temoigne-sa-compassion-et-revele-ses-confidences-inedites-en-soutien-a-Brigitte-Macron.jpg","datePublished":"2026-04-30T19:31:01+00:00","dateModified":"2026-04-30T19:31:28+00:00","description":"Jordan Bardella exprime sa compassion et partage des confidences in\u00e9dites en soutien \u00e0 Brigitte Macron dans un t\u00e9moignage \u00e9mouvant.","breadcrumb":{"@id":"https:\/\/www.sebastien-auziere.fr\/blog\/es\/jordan-bardella-expresa-su-compasion-y-revela-sus-confidencias-ineditas-en-apoyo-a-brigitte-macron\/#breadcrumb"},"inLanguage":"fr-FR","potentialAction":[{"@type":"ReadAction","target":["https:\/\/www.sebastien-auziere.fr\/blog\/es\/jordan-bardella-expresa-su-compasion-y-revela-sus-confidencias-ineditas-en-apoyo-a-brigitte-macron\/"]}]},{"@type":"ImageObject","inLanguage":"fr-FR","@id":"https:\/\/www.sebastien-auziere.fr\/blog\/es\/jordan-bardella-expresa-su-compasion-y-revela-sus-confidencias-ineditas-en-apoyo-a-brigitte-macron\/#primaryimage","url":"https:\/\/www.sebastien-auziere.fr\/blog\/wp-content\/uploads\/2026\/04\/Jordan-Bardella-temoigne-sa-compassion-et-revele-ses-confidences-inedites-en-soutien-a-Brigitte-Macron.jpg","contentUrl":"https:\/\/www.sebastien-auziere.fr\/blog\/wp-content\/uploads\/2026\/04\/Jordan-Bardella-temoigne-sa-compassion-et-revele-ses-confidences-inedites-en-soutien-a-Brigitte-Macron.jpg","width":2560,"height":1429,"caption":"jordan bardella exprime sa compassion et partage des confidences in\u00e9dites en soutien \u00e0 brigitte macron, d\u00e9voilant un t\u00e9moignage \u00e9mouvant et sinc\u00e8re."},{"@type":"BreadcrumbList","@id":"https:\/\/www.sebastien-auziere.fr\/blog\/es\/jordan-bardella-expresa-su-compasion-y-revela-sus-confidencias-ineditas-en-apoyo-a-brigitte-macron\/#breadcrumb","itemListElement":[{"@type":"ListItem","position":1,"name":"Home","item":"https:\/\/www.sebastien-auziere.fr\/blog\/"},{"@type":"ListItem","position":2,"name":"Jordan Bardella expresa su compasi\u00f3n y revela sus confidencias in\u00e9ditas en apoyo a Brigitte Macron"}]},{"@type":"WebSite","@id":"https:\/\/www.sebastien-auziere.fr\/blog\/#website","url":"https:\/\/www.sebastien-auziere.fr\/blog\/","name":"Fan site S\u00e9bastien Auzi\u00e8re","description":"M\u00e9dia g\u00e9n\u00e9raliste","publisher":{"@id":"https:\/\/www.sebastien-auziere.fr\/blog\/#organization"},"potentialAction":[{"@type":"SearchAction","target":{"@type":"EntryPoint","urlTemplate":"https:\/\/www.sebastien-auziere.fr\/blog\/?s={search_term_string}"},"query-input":{"@type":"PropertyValueSpecification","valueRequired":true,"valueName":"search_term_string"}}],"inLanguage":"fr-FR"},{"@type":"Organization","@id":"https:\/\/www.sebastien-auziere.fr\/blog\/#organization","name":"Fan site S\u00e9bastien Auzi\u00e8re","url":"https:\/\/www.sebastien-auziere.fr\/blog\/","logo":{"@type":"ImageObject","inLanguage":"fr-FR","@id":"https:\/\/www.sebastien-auziere.fr\/blog\/#\/schema\/logo\/image\/","url":"https:\/\/www.sebastien-auziere.fr\/blog\/wp-content\/uploads\/2026\/03\/cropped-cropped-cropped-ChatGPT-Image-6-mars-2026-12_58_09-e1772798376794.jpg","contentUrl":"https:\/\/www.sebastien-auziere.fr\/blog\/wp-content\/uploads\/2026\/03\/cropped-cropped-cropped-ChatGPT-Image-6-mars-2026-12_58_09-e1772798376794.jpg","width":512,"height":360,"caption":"Fan site S\u00e9bastien Auzi\u00e8re"},"image":{"@id":"https:\/\/www.sebastien-auziere.fr\/blog\/#\/schema\/logo\/image\/"}},{"@type":"Person","@id":"https:\/\/www.sebastien-auziere.fr\/blog\/#\/schema\/person\/149f1acdbfd85149c6c3e59adeae2f4d","name":"Chloe Gauthier","image":{"@type":"ImageObject","inLanguage":"fr-FR","@id":"https:\/\/secure.gravatar.com\/avatar\/2c5722f58171cff738a8985ef0dd66b476e563753246a49019befc837ec4201a?s=96&d=mm&r=g","url":"https:\/\/secure.gravatar.com\/avatar\/2c5722f58171cff738a8985ef0dd66b476e563753246a49019befc837ec4201a?s=96&d=mm&r=g","contentUrl":"https:\/\/secure.gravatar.com\/avatar\/2c5722f58171cff738a8985ef0dd66b476e563753246a49019befc837ec4201a?s=96&d=mm&r=g","caption":"Chloe Gauthier"},"description":"Passionn\u00e9e par la politique et admiratrice engag\u00e9e de la famille Macron, je consacre mon \u00e9nergie \u00e0 suivre leurs initiatives et \u00e0 promouvoir leurs id\u00e9es. \u00c0 32 ans, je suis convaincue que leur vision est porteuse d'avenir.","url":"https:\/\/www.sebastien-auziere.fr\/blog\/author\/chloe-gauthier\/"}]}},"views":0,"_links":{"self":[{"href":"https:\/\/www.sebastien-auziere.fr\/blog\/wp-json\/wp\/v2\/posts\/3470","targetHints":{"allow":["GET"]}}],"collection":[{"href":"https:\/\/www.sebastien-auziere.fr\/blog\/wp-json\/wp\/v2\/posts"}],"about":[{"href":"https:\/\/www.sebastien-auziere.fr\/blog\/wp-json\/wp\/v2\/types\/post"}],"author":[{"embeddable":true,"href":"https:\/\/www.sebastien-auziere.fr\/blog\/wp-json\/wp\/v2\/users\/9"}],"replies":[{"embeddable":true,"href":"https:\/\/www.sebastien-auziere.fr\/blog\/wp-json\/wp\/v2\/comments?post=3470"}],"version-history":[{"count":1,"href":"https:\/\/www.sebastien-auziere.fr\/blog\/wp-json\/wp\/v2\/posts\/3470\/revisions"}],"predecessor-version":[{"id":3471,"href":"https:\/\/www.sebastien-auziere.fr\/blog\/wp-json\/wp\/v2\/posts\/3470\/revisions\/3471"}],"wp:featuredmedia":[{"embeddable":true,"href":"https:\/\/www.sebastien-auziere.fr\/blog\/wp-json\/wp\/v2\/media\/3466"}],"wp:attachment":[{"href":"https:\/\/www.sebastien-auziere.fr\/blog\/wp-json\/wp\/v2\/media?parent=3470"}],"wp:term":[{"taxonomy":"category","embeddable":true,"href":"https:\/\/www.sebastien-auziere.fr\/blog\/wp-json\/wp\/v2\/categories?post=3470"},{"taxonomy":"post_tag","embeddable":true,"href":"https:\/\/www.sebastien-auziere.fr\/blog\/wp-json\/wp\/v2\/tags?post=3470"}],"curies":[{"name":"wp","href":"https:\/\/api.w.org\/{rel}","templated":true}]}}