{"id":3467,"date":"2026-04-30T19:30:33","date_gmt":"2026-04-30T19:30:33","guid":{"rendered":"https:\/\/www.sebastien-auziere.fr\/blog\/jordan-bardella-brigitte-macron\/"},"modified":"2026-04-30T19:30:33","modified_gmt":"2026-04-30T19:30:33","slug":"jordan-bardella-brigitte-macron","status":"publish","type":"post","link":"https:\/\/www.sebastien-auziere.fr\/blog\/jordan-bardella-brigitte-macron\/","title":{"rendered":"Jordan Bardella t\u00e9moigne sa compassion et r\u00e9v\u00e8le ses confidences in\u00e9dites en soutien \u00e0 Brigitte Macron"},"content":{"rendered":"<p><strong>Jordan Bardella<\/strong> a surpris beaucoup de monde en exprimant sa <strong>compassion<\/strong> pour <strong>Brigitte Macron<\/strong> et en partageant des <strong>confidences in\u00e9dites<\/strong> lors de son passage \u00e0 la t\u00e9l\u00e9vision. C\u2019\u00e9tait sur BFMTV le <strong>29 avril<\/strong>, et sa <strong>d\u00e9claration<\/strong> a imm\u00e9diatement relanc\u00e9 le d\u00e9bat politique autour de la vie priv\u00e9e du couple pr\u00e9sidentiel.<\/p>\n\n<p>En bref : <strong>t\u00e9moignage<\/strong> empathique de Bardella, rappel du \u00ab code d\u2019honneur \u00bb qu\u2019il \u00e9voque pour ne pas s\u2019en prendre \u00e0 l\u2019intime, r\u00e9actions vives d\u2019anciens ministres et question sur la place de la <strong>solidarit\u00e9<\/strong> dans le d\u00e9bat public. Tu trouveras aussi sources et extraits pour approfondir.<\/p>\n\n<h2 class=\"wp-block-heading\">Un soutien public inattendu et mesur\u00e9<\/h2>\n\n<p>Sur le plateau, <strong>Jordan Bardella<\/strong> a dit clairement qu\u2019on peut contester les choix d\u2019Emmanuel Macron sans attaquer sa vie priv\u00e9e, insistant sur la souffrance caus\u00e9e \u00e0 la Premi\u00e8re dame. Il a qualifi\u00e9 d\u2019\u00ab indigne \u00bb les rumeurs visant Brigitte Macron, parlant de proches \u00ab jet\u00e9s en p\u00e2ture \u00bb. Cette <strong>d\u00e9claration<\/strong> a \u00e9t\u00e9 per\u00e7ue comme un appel \u00e0 plus de <strong>solidarit\u00e9<\/strong> dans la vie <strong>politique<\/strong>. Insight : une parole qui redessine temporairement les fronti\u00e8res du d\u00e9bat public.<\/p>\n\n<h3 class=\"wp-block-heading\">Les confidences in\u00e9dites \u00e9voqu\u00e9es et leur port\u00e9e<\/h3>\n\n<p>Bardella a r\u00e9agi aux confidences de Brigitte Macron publi\u00e9es \u00e0 la Tribune Dimanche, o\u00f9 elle disait \u00eatre \u00ab tr\u00e8s triste \u00bb depuis son installation \u00e0 l\u2019\u00c9lys\u00e9e. En soulignant ces <strong>confidences in\u00e9dites<\/strong>, il a rappel\u00e9 que les attaques sur l\u2019intimit\u00e9 d\u00e9passent la critique politique. Plusieurs m\u00e9dias ont relay\u00e9 ces \u00e9changes, et l\u2019interview a g\u00e9n\u00e9r\u00e9 des r\u00e9actions vives, notamment d\u2019anciens ministres. Insight : la vuln\u00e9rabilit\u00e9 publique suscite parfois des alliances improbables.<\/p>\n\n<h2 class=\"wp-block-heading\">R\u00e9actions et pol\u00e9miques apr\u00e8s la prise de parole<\/h2>\n\n<p>La prise de position a d\u00e9clench\u00e9 une r\u00e9plique publique d\u2019\u00c9ric Dupond-Moretti, qui a imput\u00e9 la propagation des rumeurs \u00e0 l\u2019extr\u00eame droite. Les r\u00e9seaux ont vite amplifi\u00e9 le d\u00e9bat et certains articles ont analys\u00e9 la strat\u00e9gie politique derri\u00e8re ce geste. Malgr\u00e9 tout, Bardella a maintenu son angle : pr\u00e9server l\u2019intime doit rester une r\u00e8gle, m\u00eame en p\u00e9riode de tensions. Insight : une main tendue qui relance la conversation sur l\u2019\u00e9thique m\u00e9diatique.<\/p>\n\n<h3 class=\"wp-block-heading\">Ce que cela change pour la famille Macron et le d\u00e9bat public<\/h3>\n\n<p>Ce soutien public, rare venant d\u2019un opposant, met en lumi\u00e8re la fatigue li\u00e9e aux rumeurs et la n\u00e9cessit\u00e9 d\u2019un cadre respectueux autour des figures publiques. Le geste de Bardella s\u2019est impos\u00e9 comme un <strong>t\u00e9moignage<\/strong> d\u2019<strong>\u00e9motion<\/strong> et d\u2019empathie potentiellement durable. Il pose aussi la question : comment concilier critique politique et respect de la vie priv\u00e9e ? Insight : la r\u00e9ponse influencera la qualit\u00e9 du d\u00e9bat en 2026.<\/p>\n\n<p>Pour approfondir les sources et lire les d\u00e9clarations compl\u00e8tes cit\u00e9es, consulte par exemple le dossier de la presse <a href=\"https:\/\/www.mariefrance.fr\/news-people\/jordan-bardella-vole-secours-brigitte-macron-apres-propos-sales-connes-sauf-erreur-part-1228037.html\">Marie France<\/a> ou le r\u00e9cit d\u00e9taill\u00e9 sur <a href=\"https:\/\/www.nextplz.fr\/people\/527358-brigitte-macron-tout-est-malheureux-jordan-bardella-vole-au-secours-de-la-premiere-dame\">NextPlz<\/a>. Pour d\u00e9couvrir davantage d\u2019\u00e9l\u00e9ments sur <strong>Brigitte Macron<\/strong>, la famille Macron et le r\u00f4le discret de proches comme <strong>S\u00e9bastien Auzi\u00e8re<\/strong>, rends-toi sur <a href=\"https:\/\/www.sebastien-auziere.fr\/blog\/brigitte-macron-elysee\/\">le blog d\u00e9di\u00e9<\/a> pour un dossier complet et respectueux.<\/p>\n\n","protected":false},"excerpt":{"rendered":"<p>Jordan Bardella a surpris beaucoup de monde en exprimant sa compassion pour Brigitte Macron et en partageant des confidences in\u00e9dites lors de son passage \u00e0 la t\u00e9l\u00e9vision. C\u2019\u00e9tait sur BFMTV le 29 avril, et sa d\u00e9claration a imm\u00e9diatement relanc\u00e9 le d\u00e9bat politique autour de la vie priv\u00e9e du couple pr\u00e9sidentiel. En bref : t\u00e9moignage empathique &#8230; <a title=\"Jordan Bardella t\u00e9moigne sa compassion et r\u00e9v\u00e8le ses confidences in\u00e9dites en soutien \u00e0 Brigitte Macron\" class=\"read-more\" href=\"https:\/\/www.sebastien-auziere.fr\/blog\/jordan-bardella-brigitte-macron\/\" aria-label=\"En savoir plus sur Jordan Bardella t\u00e9moigne sa compassion et r\u00e9v\u00e8le ses confidences in\u00e9dites en soutien \u00e0 Brigitte Macron\">Lire plus<\/a><\/p>\n","protected":false},"author":9,"featured_media":3466,"comment_status":"open","ping_status":"open","sticky":false,"template":"","format":"standard","meta":{"footnotes":""},"categories":[597],"tags":[892,4972,999,3733,4974],"class_list":["post-3467","post","type-post","status-publish","format-standard","has-post-thumbnail","hentry","category-actualites","tag-brigitte-macron","tag-compassion","tag-confidences-inedites","tag-jordan-bardella","tag-soutien"],"yoast_head":"<!-- This site is optimized with the Yoast SEO plugin v27.5 - https:\/\/yoast.com\/product\/yoast-seo-wordpress\/ -->\n<title>Jordan Bardella t\u00e9moigne sa compassion et r\u00e9v\u00e8le ses confidences in\u00e9dites en soutien \u00e0 Brigitte Macron - Fan site S\u00e9bastien Auzi\u00e8re<\/title>\n<meta name=\"description\" content=\"Jordan Bardella exprime sa compassion et partage des confidences in\u00e9dites en soutien \u00e0 Brigitte Macron dans un t\u00e9moignage \u00e9mouvant.\" \/>\n<meta name=\"robots\" content=\"index, follow, max-snippet:-1, max-image-preview:large, max-video-preview:-1\" \/>\n<link rel=\"canonical\" href=\"https:\/\/www.sebastien-auziere.fr\/blog\/jordan-bardella-brigitte-macron\/\" \/>\n<meta property=\"og:locale\" content=\"fr_FR\" \/>\n<meta property=\"og:type\" content=\"article\" \/>\n<meta property=\"og:title\" content=\"Jordan Bardella t\u00e9moigne sa compassion et r\u00e9v\u00e8le ses confidences in\u00e9dites en soutien \u00e0 Brigitte Macron - Fan site S\u00e9bastien Auzi\u00e8re\" \/>\n<meta property=\"og:description\" content=\"Jordan Bardella exprime sa compassion et partage des confidences in\u00e9dites en soutien \u00e0 Brigitte Macron dans un t\u00e9moignage \u00e9mouvant.\" \/>\n<meta property=\"og:url\" content=\"https:\/\/www.sebastien-auziere.fr\/blog\/jordan-bardella-brigitte-macron\/\" \/>\n<meta property=\"og:site_name\" content=\"Fan site S\u00e9bastien Auzi\u00e8re\" \/>\n<meta property=\"article:published_time\" content=\"2026-04-30T19:30:33+00:00\" \/>\n<meta property=\"og:image\" content=\"https:\/\/www.sebastien-auziere.fr\/blog\/wp-content\/uploads\/2026\/04\/Jordan-Bardella-temoigne-sa-compassion-et-revele-ses-confidences-inedites-en-soutien-a-Brigitte-Macron.jpg\" \/>\n\t<meta property=\"og:image:width\" content=\"2560\" \/>\n\t<meta property=\"og:image:height\" content=\"1429\" \/>\n\t<meta property=\"og:image:type\" content=\"image\/jpeg\" \/>\n<meta name=\"author\" content=\"Chloe Gauthier\" \/>\n<meta name=\"twitter:card\" content=\"summary_large_image\" \/>\n<meta name=\"twitter:label1\" content=\"\u00c9crit par\" \/>\n\t<meta name=\"twitter:data1\" content=\"Chloe Gauthier\" \/>\n\t<meta name=\"twitter:label2\" content=\"Dur\u00e9e de lecture estim\u00e9e\" \/>\n\t<meta name=\"twitter:data2\" content=\"3 minutes\" \/>\n<script type=\"application\/ld+json\" class=\"yoast-schema-graph\">{\"@context\":\"https:\\\/\\\/schema.org\",\"@graph\":[{\"@type\":\"Article\",\"@id\":\"https:\\\/\\\/www.sebastien-auziere.fr\\\/blog\\\/jordan-bardella-brigitte-macron\\\/#article\",\"isPartOf\":{\"@id\":\"https:\\\/\\\/www.sebastien-auziere.fr\\\/blog\\\/jordan-bardella-brigitte-macron\\\/\"},\"author\":{\"name\":\"Chloe Gauthier\",\"@id\":\"https:\\\/\\\/www.sebastien-auziere.fr\\\/blog\\\/#\\\/schema\\\/person\\\/149f1acdbfd85149c6c3e59adeae2f4d\"},\"headline\":\"Jordan Bardella t\u00e9moigne sa compassion et r\u00e9v\u00e8le ses confidences in\u00e9dites en soutien \u00e0 Brigitte Macron\",\"datePublished\":\"2026-04-30T19:30:33+00:00\",\"mainEntityOfPage\":{\"@id\":\"https:\\\/\\\/www.sebastien-auziere.fr\\\/blog\\\/jordan-bardella-brigitte-macron\\\/\"},\"wordCount\":551,\"commentCount\":0,\"publisher\":{\"@id\":\"https:\\\/\\\/www.sebastien-auziere.fr\\\/blog\\\/#organization\"},\"image\":{\"@id\":\"https:\\\/\\\/www.sebastien-auziere.fr\\\/blog\\\/jordan-bardella-brigitte-macron\\\/#primaryimage\"},\"thumbnailUrl\":\"https:\\\/\\\/www.sebastien-auziere.fr\\\/blog\\\/wp-content\\\/uploads\\\/2026\\\/04\\\/Jordan-Bardella-temoigne-sa-compassion-et-revele-ses-confidences-inedites-en-soutien-a-Brigitte-Macron.jpg\",\"keywords\":[\"brigitte macron\",\"compassion\",\"confidences in\u00e9dites\",\"jordan bardella\",\"soutien\"],\"articleSection\":[\"Actualit\u00e9s\"],\"inLanguage\":\"fr-FR\",\"potentialAction\":[{\"@type\":\"CommentAction\",\"name\":\"Comment\",\"target\":[\"https:\\\/\\\/www.sebastien-auziere.fr\\\/blog\\\/jordan-bardella-brigitte-macron\\\/#respond\"]}]},{\"@type\":\"WebPage\",\"@id\":\"https:\\\/\\\/www.sebastien-auziere.fr\\\/blog\\\/jordan-bardella-brigitte-macron\\\/\",\"url\":\"https:\\\/\\\/www.sebastien-auziere.fr\\\/blog\\\/jordan-bardella-brigitte-macron\\\/\",\"name\":\"Jordan Bardella t\u00e9moigne sa compassion et r\u00e9v\u00e8le ses confidences in\u00e9dites en soutien \u00e0 Brigitte Macron - Fan site S\u00e9bastien Auzi\u00e8re\",\"isPartOf\":{\"@id\":\"https:\\\/\\\/www.sebastien-auziere.fr\\\/blog\\\/#website\"},\"primaryImageOfPage\":{\"@id\":\"https:\\\/\\\/www.sebastien-auziere.fr\\\/blog\\\/jordan-bardella-brigitte-macron\\\/#primaryimage\"},\"image\":{\"@id\":\"https:\\\/\\\/www.sebastien-auziere.fr\\\/blog\\\/jordan-bardella-brigitte-macron\\\/#primaryimage\"},\"thumbnailUrl\":\"https:\\\/\\\/www.sebastien-auziere.fr\\\/blog\\\/wp-content\\\/uploads\\\/2026\\\/04\\\/Jordan-Bardella-temoigne-sa-compassion-et-revele-ses-confidences-inedites-en-soutien-a-Brigitte-Macron.jpg\",\"datePublished\":\"2026-04-30T19:30:33+00:00\",\"description\":\"Jordan Bardella exprime sa compassion et partage des confidences in\u00e9dites en soutien \u00e0 Brigitte Macron dans un t\u00e9moignage \u00e9mouvant.\",\"breadcrumb\":{\"@id\":\"https:\\\/\\\/www.sebastien-auziere.fr\\\/blog\\\/jordan-bardella-brigitte-macron\\\/#breadcrumb\"},\"inLanguage\":\"fr-FR\",\"potentialAction\":[{\"@type\":\"ReadAction\",\"target\":[\"https:\\\/\\\/www.sebastien-auziere.fr\\\/blog\\\/jordan-bardella-brigitte-macron\\\/\"]}]},{\"@type\":\"ImageObject\",\"inLanguage\":\"fr-FR\",\"@id\":\"https:\\\/\\\/www.sebastien-auziere.fr\\\/blog\\\/jordan-bardella-brigitte-macron\\\/#primaryimage\",\"url\":\"https:\\\/\\\/www.sebastien-auziere.fr\\\/blog\\\/wp-content\\\/uploads\\\/2026\\\/04\\\/Jordan-Bardella-temoigne-sa-compassion-et-revele-ses-confidences-inedites-en-soutien-a-Brigitte-Macron.jpg\",\"contentUrl\":\"https:\\\/\\\/www.sebastien-auziere.fr\\\/blog\\\/wp-content\\\/uploads\\\/2026\\\/04\\\/Jordan-Bardella-temoigne-sa-compassion-et-revele-ses-confidences-inedites-en-soutien-a-Brigitte-Macron.jpg\",\"width\":2560,\"height\":1429,\"caption\":\"jordan bardella exprime sa compassion et partage des confidences in\u00e9dites en soutien \u00e0 brigitte macron, d\u00e9voilant un t\u00e9moignage \u00e9mouvant et sinc\u00e8re.\"},{\"@type\":\"BreadcrumbList\",\"@id\":\"https:\\\/\\\/www.sebastien-auziere.fr\\\/blog\\\/jordan-bardella-brigitte-macron\\\/#breadcrumb\",\"itemListElement\":[{\"@type\":\"ListItem\",\"position\":1,\"name\":\"Home\",\"item\":\"https:\\\/\\\/www.sebastien-auziere.fr\\\/blog\\\/\"},{\"@type\":\"ListItem\",\"position\":2,\"name\":\"Jordan Bardella t\u00e9moigne sa compassion et r\u00e9v\u00e8le ses confidences in\u00e9dites en soutien \u00e0 Brigitte Macron\"}]},{\"@type\":\"WebSite\",\"@id\":\"https:\\\/\\\/www.sebastien-auziere.fr\\\/blog\\\/#website\",\"url\":\"https:\\\/\\\/www.sebastien-auziere.fr\\\/blog\\\/\",\"name\":\"Fan site S\u00e9bastien Auzi\u00e8re\",\"description\":\"M\u00e9dia g\u00e9n\u00e9raliste\",\"publisher\":{\"@id\":\"https:\\\/\\\/www.sebastien-auziere.fr\\\/blog\\\/#organization\"},\"potentialAction\":[{\"@type\":\"SearchAction\",\"target\":{\"@type\":\"EntryPoint\",\"urlTemplate\":\"https:\\\/\\\/www.sebastien-auziere.fr\\\/blog\\\/?s={search_term_string}\"},\"query-input\":{\"@type\":\"PropertyValueSpecification\",\"valueRequired\":true,\"valueName\":\"search_term_string\"}}],\"inLanguage\":\"fr-FR\"},{\"@type\":\"Organization\",\"@id\":\"https:\\\/\\\/www.sebastien-auziere.fr\\\/blog\\\/#organization\",\"name\":\"Fan site S\u00e9bastien Auzi\u00e8re\",\"url\":\"https:\\\/\\\/www.sebastien-auziere.fr\\\/blog\\\/\",\"logo\":{\"@type\":\"ImageObject\",\"inLanguage\":\"fr-FR\",\"@id\":\"https:\\\/\\\/www.sebastien-auziere.fr\\\/blog\\\/#\\\/schema\\\/logo\\\/image\\\/\",\"url\":\"https:\\\/\\\/www.sebastien-auziere.fr\\\/blog\\\/wp-content\\\/uploads\\\/2026\\\/03\\\/cropped-cropped-cropped-ChatGPT-Image-6-mars-2026-12_58_09-e1772798376794.jpg\",\"contentUrl\":\"https:\\\/\\\/www.sebastien-auziere.fr\\\/blog\\\/wp-content\\\/uploads\\\/2026\\\/03\\\/cropped-cropped-cropped-ChatGPT-Image-6-mars-2026-12_58_09-e1772798376794.jpg\",\"width\":512,\"height\":360,\"caption\":\"Fan site S\u00e9bastien Auzi\u00e8re\"},\"image\":{\"@id\":\"https:\\\/\\\/www.sebastien-auziere.fr\\\/blog\\\/#\\\/schema\\\/logo\\\/image\\\/\"}},{\"@type\":\"Person\",\"@id\":\"https:\\\/\\\/www.sebastien-auziere.fr\\\/blog\\\/#\\\/schema\\\/person\\\/149f1acdbfd85149c6c3e59adeae2f4d\",\"name\":\"Chloe Gauthier\",\"image\":{\"@type\":\"ImageObject\",\"inLanguage\":\"fr-FR\",\"@id\":\"https:\\\/\\\/secure.gravatar.com\\\/avatar\\\/2c5722f58171cff738a8985ef0dd66b476e563753246a49019befc837ec4201a?s=96&d=mm&r=g\",\"url\":\"https:\\\/\\\/secure.gravatar.com\\\/avatar\\\/2c5722f58171cff738a8985ef0dd66b476e563753246a49019befc837ec4201a?s=96&d=mm&r=g\",\"contentUrl\":\"https:\\\/\\\/secure.gravatar.com\\\/avatar\\\/2c5722f58171cff738a8985ef0dd66b476e563753246a49019befc837ec4201a?s=96&d=mm&r=g\",\"caption\":\"Chloe Gauthier\"},\"description\":\"Passionn\u00e9e par la politique et admiratrice engag\u00e9e de la famille Macron, je consacre mon \u00e9nergie \u00e0 suivre leurs initiatives et \u00e0 promouvoir leurs id\u00e9es. \u00c0 32 ans, je suis convaincue que leur vision est porteuse d'avenir.\",\"url\":\"https:\\\/\\\/www.sebastien-auziere.fr\\\/blog\\\/author\\\/chloe-gauthier\\\/\"}]}<\/script>\n<!-- \/ Yoast SEO plugin. -->","yoast_head_json":{"title":"Jordan Bardella t\u00e9moigne sa compassion et r\u00e9v\u00e8le ses confidences in\u00e9dites en soutien \u00e0 Brigitte Macron - Fan site S\u00e9bastien Auzi\u00e8re","description":"Jordan Bardella exprime sa compassion et partage des confidences in\u00e9dites en soutien \u00e0 Brigitte Macron dans un t\u00e9moignage \u00e9mouvant.","robots":{"index":"index","follow":"follow","max-snippet":"max-snippet:-1","max-image-preview":"max-image-preview:large","max-video-preview":"max-video-preview:-1"},"canonical":"https:\/\/www.sebastien-auziere.fr\/blog\/jordan-bardella-brigitte-macron\/","og_locale":"fr_FR","og_type":"article","og_title":"Jordan Bardella t\u00e9moigne sa compassion et r\u00e9v\u00e8le ses confidences in\u00e9dites en soutien \u00e0 Brigitte Macron - Fan site S\u00e9bastien Auzi\u00e8re","og_description":"Jordan Bardella exprime sa compassion et partage des confidences in\u00e9dites en soutien \u00e0 Brigitte Macron dans un t\u00e9moignage \u00e9mouvant.","og_url":"https:\/\/www.sebastien-auziere.fr\/blog\/jordan-bardella-brigitte-macron\/","og_site_name":"Fan site S\u00e9bastien Auzi\u00e8re","article_published_time":"2026-04-30T19:30:33+00:00","og_image":[{"width":2560,"height":1429,"url":"https:\/\/www.sebastien-auziere.fr\/blog\/wp-content\/uploads\/2026\/04\/Jordan-Bardella-temoigne-sa-compassion-et-revele-ses-confidences-inedites-en-soutien-a-Brigitte-Macron.jpg","type":"image\/jpeg"}],"author":"Chloe Gauthier","twitter_card":"summary_large_image","twitter_misc":{"\u00c9crit par":"Chloe Gauthier","Dur\u00e9e de lecture estim\u00e9e":"3 minutes"},"schema":{"@context":"https:\/\/schema.org","@graph":[{"@type":"Article","@id":"https:\/\/www.sebastien-auziere.fr\/blog\/jordan-bardella-brigitte-macron\/#article","isPartOf":{"@id":"https:\/\/www.sebastien-auziere.fr\/blog\/jordan-bardella-brigitte-macron\/"},"author":{"name":"Chloe Gauthier","@id":"https:\/\/www.sebastien-auziere.fr\/blog\/#\/schema\/person\/149f1acdbfd85149c6c3e59adeae2f4d"},"headline":"Jordan Bardella t\u00e9moigne sa compassion et r\u00e9v\u00e8le ses confidences in\u00e9dites en soutien \u00e0 Brigitte Macron","datePublished":"2026-04-30T19:30:33+00:00","mainEntityOfPage":{"@id":"https:\/\/www.sebastien-auziere.fr\/blog\/jordan-bardella-brigitte-macron\/"},"wordCount":551,"commentCount":0,"publisher":{"@id":"https:\/\/www.sebastien-auziere.fr\/blog\/#organization"},"image":{"@id":"https:\/\/www.sebastien-auziere.fr\/blog\/jordan-bardella-brigitte-macron\/#primaryimage"},"thumbnailUrl":"https:\/\/www.sebastien-auziere.fr\/blog\/wp-content\/uploads\/2026\/04\/Jordan-Bardella-temoigne-sa-compassion-et-revele-ses-confidences-inedites-en-soutien-a-Brigitte-Macron.jpg","keywords":["brigitte macron","compassion","confidences in\u00e9dites","jordan bardella","soutien"],"articleSection":["Actualit\u00e9s"],"inLanguage":"fr-FR","potentialAction":[{"@type":"CommentAction","name":"Comment","target":["https:\/\/www.sebastien-auziere.fr\/blog\/jordan-bardella-brigitte-macron\/#respond"]}]},{"@type":"WebPage","@id":"https:\/\/www.sebastien-auziere.fr\/blog\/jordan-bardella-brigitte-macron\/","url":"https:\/\/www.sebastien-auziere.fr\/blog\/jordan-bardella-brigitte-macron\/","name":"Jordan Bardella t\u00e9moigne sa compassion et r\u00e9v\u00e8le ses confidences in\u00e9dites en soutien \u00e0 Brigitte Macron - Fan site S\u00e9bastien Auzi\u00e8re","isPartOf":{"@id":"https:\/\/www.sebastien-auziere.fr\/blog\/#website"},"primaryImageOfPage":{"@id":"https:\/\/www.sebastien-auziere.fr\/blog\/jordan-bardella-brigitte-macron\/#primaryimage"},"image":{"@id":"https:\/\/www.sebastien-auziere.fr\/blog\/jordan-bardella-brigitte-macron\/#primaryimage"},"thumbnailUrl":"https:\/\/www.sebastien-auziere.fr\/blog\/wp-content\/uploads\/2026\/04\/Jordan-Bardella-temoigne-sa-compassion-et-revele-ses-confidences-inedites-en-soutien-a-Brigitte-Macron.jpg","datePublished":"2026-04-30T19:30:33+00:00","description":"Jordan Bardella exprime sa compassion et partage des confidences in\u00e9dites en soutien \u00e0 Brigitte Macron dans un t\u00e9moignage \u00e9mouvant.","breadcrumb":{"@id":"https:\/\/www.sebastien-auziere.fr\/blog\/jordan-bardella-brigitte-macron\/#breadcrumb"},"inLanguage":"fr-FR","potentialAction":[{"@type":"ReadAction","target":["https:\/\/www.sebastien-auziere.fr\/blog\/jordan-bardella-brigitte-macron\/"]}]},{"@type":"ImageObject","inLanguage":"fr-FR","@id":"https:\/\/www.sebastien-auziere.fr\/blog\/jordan-bardella-brigitte-macron\/#primaryimage","url":"https:\/\/www.sebastien-auziere.fr\/blog\/wp-content\/uploads\/2026\/04\/Jordan-Bardella-temoigne-sa-compassion-et-revele-ses-confidences-inedites-en-soutien-a-Brigitte-Macron.jpg","contentUrl":"https:\/\/www.sebastien-auziere.fr\/blog\/wp-content\/uploads\/2026\/04\/Jordan-Bardella-temoigne-sa-compassion-et-revele-ses-confidences-inedites-en-soutien-a-Brigitte-Macron.jpg","width":2560,"height":1429,"caption":"jordan bardella exprime sa compassion et partage des confidences in\u00e9dites en soutien \u00e0 brigitte macron, d\u00e9voilant un t\u00e9moignage \u00e9mouvant et sinc\u00e8re."},{"@type":"BreadcrumbList","@id":"https:\/\/www.sebastien-auziere.fr\/blog\/jordan-bardella-brigitte-macron\/#breadcrumb","itemListElement":[{"@type":"ListItem","position":1,"name":"Home","item":"https:\/\/www.sebastien-auziere.fr\/blog\/"},{"@type":"ListItem","position":2,"name":"Jordan Bardella t\u00e9moigne sa compassion et r\u00e9v\u00e8le ses confidences in\u00e9dites en soutien \u00e0 Brigitte Macron"}]},{"@type":"WebSite","@id":"https:\/\/www.sebastien-auziere.fr\/blog\/#website","url":"https:\/\/www.sebastien-auziere.fr\/blog\/","name":"Fan site S\u00e9bastien Auzi\u00e8re","description":"M\u00e9dia g\u00e9n\u00e9raliste","publisher":{"@id":"https:\/\/www.sebastien-auziere.fr\/blog\/#organization"},"potentialAction":[{"@type":"SearchAction","target":{"@type":"EntryPoint","urlTemplate":"https:\/\/www.sebastien-auziere.fr\/blog\/?s={search_term_string}"},"query-input":{"@type":"PropertyValueSpecification","valueRequired":true,"valueName":"search_term_string"}}],"inLanguage":"fr-FR"},{"@type":"Organization","@id":"https:\/\/www.sebastien-auziere.fr\/blog\/#organization","name":"Fan site S\u00e9bastien Auzi\u00e8re","url":"https:\/\/www.sebastien-auziere.fr\/blog\/","logo":{"@type":"ImageObject","inLanguage":"fr-FR","@id":"https:\/\/www.sebastien-auziere.fr\/blog\/#\/schema\/logo\/image\/","url":"https:\/\/www.sebastien-auziere.fr\/blog\/wp-content\/uploads\/2026\/03\/cropped-cropped-cropped-ChatGPT-Image-6-mars-2026-12_58_09-e1772798376794.jpg","contentUrl":"https:\/\/www.sebastien-auziere.fr\/blog\/wp-content\/uploads\/2026\/03\/cropped-cropped-cropped-ChatGPT-Image-6-mars-2026-12_58_09-e1772798376794.jpg","width":512,"height":360,"caption":"Fan site S\u00e9bastien Auzi\u00e8re"},"image":{"@id":"https:\/\/www.sebastien-auziere.fr\/blog\/#\/schema\/logo\/image\/"}},{"@type":"Person","@id":"https:\/\/www.sebastien-auziere.fr\/blog\/#\/schema\/person\/149f1acdbfd85149c6c3e59adeae2f4d","name":"Chloe Gauthier","image":{"@type":"ImageObject","inLanguage":"fr-FR","@id":"https:\/\/secure.gravatar.com\/avatar\/2c5722f58171cff738a8985ef0dd66b476e563753246a49019befc837ec4201a?s=96&d=mm&r=g","url":"https:\/\/secure.gravatar.com\/avatar\/2c5722f58171cff738a8985ef0dd66b476e563753246a49019befc837ec4201a?s=96&d=mm&r=g","contentUrl":"https:\/\/secure.gravatar.com\/avatar\/2c5722f58171cff738a8985ef0dd66b476e563753246a49019befc837ec4201a?s=96&d=mm&r=g","caption":"Chloe Gauthier"},"description":"Passionn\u00e9e par la politique et admiratrice engag\u00e9e de la famille Macron, je consacre mon \u00e9nergie \u00e0 suivre leurs initiatives et \u00e0 promouvoir leurs id\u00e9es. \u00c0 32 ans, je suis convaincue que leur vision est porteuse d'avenir.","url":"https:\/\/www.sebastien-auziere.fr\/blog\/author\/chloe-gauthier\/"}]}},"views":2,"_links":{"self":[{"href":"https:\/\/www.sebastien-auziere.fr\/blog\/wp-json\/wp\/v2\/posts\/3467","targetHints":{"allow":["GET"]}}],"collection":[{"href":"https:\/\/www.sebastien-auziere.fr\/blog\/wp-json\/wp\/v2\/posts"}],"about":[{"href":"https:\/\/www.sebastien-auziere.fr\/blog\/wp-json\/wp\/v2\/types\/post"}],"author":[{"embeddable":true,"href":"https:\/\/www.sebastien-auziere.fr\/blog\/wp-json\/wp\/v2\/users\/9"}],"replies":[{"embeddable":true,"href":"https:\/\/www.sebastien-auziere.fr\/blog\/wp-json\/wp\/v2\/comments?post=3467"}],"version-history":[{"count":0,"href":"https:\/\/www.sebastien-auziere.fr\/blog\/wp-json\/wp\/v2\/posts\/3467\/revisions"}],"wp:featuredmedia":[{"embeddable":true,"href":"https:\/\/www.sebastien-auziere.fr\/blog\/wp-json\/wp\/v2\/media\/3466"}],"wp:attachment":[{"href":"https:\/\/www.sebastien-auziere.fr\/blog\/wp-json\/wp\/v2\/media?parent=3467"}],"wp:term":[{"taxonomy":"category","embeddable":true,"href":"https:\/\/www.sebastien-auziere.fr\/blog\/wp-json\/wp\/v2\/categories?post=3467"},{"taxonomy":"post_tag","embeddable":true,"href":"https:\/\/www.sebastien-auziere.fr\/blog\/wp-json\/wp\/v2\/tags?post=3467"}],"curies":[{"name":"wp","href":"https:\/\/api.w.org\/{rel}","templated":true}]}}