{"id":3462,"date":"2026-04-30T07:17:07","date_gmt":"2026-04-30T07:17:07","guid":{"rendered":"https:\/\/www.sebastien-auziere.fr\/blog\/?p=3462"},"modified":"2026-04-30T07:17:33","modified_gmt":"2026-04-30T07:17:33","slug":"emmanuel-macron-reencontra-as-alegrias-da-escola-em-andorra-maravilhado-com-os-olhares-das-criancas","status":"publish","type":"post","link":"https:\/\/www.sebastien-auziere.fr\/blog\/pt\/emmanuel-macron-reencontra-as-alegrias-da-escola-em-andorra-maravilhado-com-os-olhares-das-criancas\/","title":{"rendered":"Emmanuel Macron reencontra as alegrias da escola em Andorra, maravilhado com os olhares das crian\u00e7as"},"content":{"rendered":"<p><strong>Emmanuel Macron<\/strong> encontrou as <strong>alegrias da escola<\/strong> em <strong>Andorra<\/strong> na ter\u00e7a-feira, 28 de abril de 2026, ao se encontrar com alunos e professores na escola <strong>Santa Coloma<\/strong> e no col\u00e9gio <strong>Comte-de-Foix<\/strong>. Desde os primeiros momentos, os <strong>olhares maravilhados<\/strong> das <strong>crian\u00e7as<\/strong> marcaram esta <strong>visita presidencial<\/strong>, entre trocas pedag\u00f3gicas e momentos de leveza.<\/p>\n\n<p><strong>Em resumo<\/strong>: visita oficial nos dias 27 e 28 de abril, discurso no col\u00e9gio, insist\u00eancia na <strong>educa\u00e7\u00e3o<\/strong> como ponte franco-andorrana e uma troca divertida sobre o futebol que fez sorrir alunos e jornalistas.<\/p>\n\n<h2 class=\"wp-block-heading\">Visita presidencial a Santa Coloma e Andorra-a-Velha<\/h2>\n\n<p>Durante esta sequ\u00eancia pirenaica, o Presidente, na qualidade de <strong>co-pr\u00edncipe<\/strong>, lembrou sua responsabilidade para com o principado de <strong>86.000 habitantes<\/strong>. O dia 28 de abril incluiu uma confer\u00eancia no col\u00e9gio e um <strong>encontro com crian\u00e7as<\/strong> na escola prim\u00e1ria, momentos cobertos pelo <a href=\"https:\/\/www.elysee.fr\/emmanuel-macron\/2026\/04\/28\/deplacement-en-andorre-deuxieme-journee\">\u00c9lys\u00e9e<\/a> e comentados pela imprensa local.<\/p>\n\n<h2 class=\"wp-block-heading\">Encontros e olhares maravilhados nas salas de aula<\/h2>\n\n<p>Perante os alunos, os <strong>olhares maravilhados<\/strong> destacaram a import\u00e2ncia simb\u00f3lica deste <strong>momento de partilha<\/strong>. Emmanuel Macron destacou o papel do sistema educativo e de estruturas como o col\u00e9gio <strong>Comte-de-Foix<\/strong>, qualificado como um modelo \u00ab\u00a0sem equivalente\u00a0\u00bb para preparar jovens andorranos para estudos superiores na Fran\u00e7a.<\/p>\n\n<p>Para o contexto local e nacional, veja o relat\u00f3rio de <a href=\"https:\/\/www.ladepeche.fr\/2026\/04\/27\/emmanuel-macron-en-andorre-ce-lundi-linfluence-sans-linjonction-13344416.php\">La D\u00e9p\u00eache<\/a>, que revisita as trocas com a juventude.<\/p>\n\n<h3 class=\"wp-block-heading\">A educa\u00e7\u00e3o, pilar da rela\u00e7\u00e3o Andorra-Fran\u00e7a<\/h3>\n\n<p>O Presidente lembrou querer preservar a \u00ab\u00a0independ\u00eancia\u00a0\u00bb e a \u00ab\u00a0neutralidade ativa\u00a0\u00bb de <strong>Andorra<\/strong>, enquanto refor\u00e7a os la\u00e7os educativos. O col\u00e9gio serve como uma ponte para as universidades francesas e contribui para o desenvolvimento local, uma ideia repetida durante as discuss\u00f5es com professores e diretores.<\/p>\n\n<h2 class=\"wp-block-heading\">Uma troca s\u00e9ria e um toque de leveza<\/h2>\n\n<p>Entre falas institucionais e risadas, o chefe de Estado respondeu \u00e0s perguntas dos adolescentes, mencionando o lugar de <strong>Andorra<\/strong> na Europa e a import\u00e2ncia da <strong>educa\u00e7\u00e3o<\/strong>. O coment\u00e1rio sobre o jogo PSG-OM, destacado pela m\u00eddia, deu um tom amistoso a esta visita.<\/p>\n\n<p>Para saber mais sobre a fam\u00edlia Macron e as pessoas pr\u00f3ximas a eles, descubra retratos e anedotas verificadas sobre <a href=\"https:\/\/www.sebastien-auziere.fr\/blog\/brigitte-macron-et-emmanuel-macron\/\">Brigitte e Emmanuel Macron<\/a> e o universo familiar atrav\u00e9s do retrato de <a href=\"https:\/\/www.sebastien-auziere.fr\/blog\/tiphaine-auziere\/\">Tiphaine Auzi\u00e8re<\/a>. Para aprofundar a hist\u00f3ria cultural ligada a Brigitte, consulte tamb\u00e9m este artigo sobre a arte japonesa <a href=\"https:\/\/www.sebastien-auziere.fr\/blog\/brigitte-macron-art-japonais\/\">Brigitte Macron e a arte japonesa<\/a>. Visite <a href=\"https:\/\/www.sebastien-auziere.fr\/blog\/qui-etait-le-premier-mari-de-madame-macron\/\">sebastien-auziere.fr<\/a> para descobrir mais sobre S\u00e9bastien Auzi\u00e8re e a fam\u00edlia Macron.<\/p>","protected":false},"excerpt":{"rendered":"<p>Emmanuel Macron encontrou as alegrias da escola em Andorra na ter\u00e7a-feira, 28 de abril de 2026, ao se encontrar com alunos e professores na escola Santa Coloma e no col\u00e9gio Comte-de-Foix. Desde os primeiros momentos, os olhares maravilhados das crian\u00e7as marcaram esta visita presidencial, entre trocas pedag\u00f3gicas e momentos de leveza. Em resumo: visita oficial &#8230; <a title=\"Emmanuel Macron reencontra as alegrias da escola em Andorra, maravilhado com os olhares das crian\u00e7as\" class=\"read-more\" href=\"https:\/\/www.sebastien-auziere.fr\/blog\/pt\/emmanuel-macron-reencontra-as-alegrias-da-escola-em-andorra-maravilhado-com-os-olhares-das-criancas\/\" aria-label=\"En savoir plus sur Emmanuel Macron reencontra as alegrias da escola em Andorra, maravilhado com os olhares das crian\u00e7as\">Lire plus<\/a><\/p>\n","protected":false},"author":9,"featured_media":3452,"comment_status":"open","ping_status":"open","sticky":false,"template":"","format":"standard","meta":{"footnotes":""},"categories":[862],"tags":[4954,4948,1202,4951,4957],"class_list":["post-3462","post","type-post","status-publish","format-standard","has-post-thumbnail","hentry","category-actualidades-pt","tag-alegrias-da-escola-pt","tag-e-a-andorra-pt","tag-emmanuel-macron-pt","tag-escola-pt","tag-regards-das-criancas-pt"],"yoast_head":"<!-- This site is optimized with the Yoast SEO plugin v27.5 - https:\/\/yoast.com\/product\/yoast-seo-wordpress\/ -->\n<title>Emmanuel Macron reencontra as alegrias da escola em Andorra, maravilhado com os olhares das crian\u00e7as - Fan site S\u00e9bastien Auzi\u00e8re<\/title>\n<meta name=\"description\" content=\"Emmanuel Macron retrouve les joies de l&#039;\u00e9cole \u00e0 Andorre, touch\u00e9 par les regards \u00e9merveill\u00e9s des enfants lors de sa visite.\" \/>\n<meta name=\"robots\" content=\"index, follow, max-snippet:-1, max-image-preview:large, max-video-preview:-1\" \/>\n<link rel=\"canonical\" href=\"https:\/\/www.sebastien-auziere.fr\/blog\/pt\/emmanuel-macron-reencontra-as-alegrias-da-escola-em-andorra-maravilhado-com-os-olhares-das-criancas\/\" \/>\n<meta property=\"og:locale\" content=\"fr_FR\" \/>\n<meta property=\"og:type\" content=\"article\" \/>\n<meta property=\"og:title\" content=\"Emmanuel Macron reencontra as alegrias da escola em Andorra, maravilhado com os olhares das crian\u00e7as - Fan site S\u00e9bastien Auzi\u00e8re\" \/>\n<meta property=\"og:description\" content=\"Emmanuel Macron retrouve les joies de l&#039;\u00e9cole \u00e0 Andorre, touch\u00e9 par les regards \u00e9merveill\u00e9s des enfants lors de sa visite.\" \/>\n<meta property=\"og:url\" content=\"https:\/\/www.sebastien-auziere.fr\/blog\/pt\/emmanuel-macron-reencontra-as-alegrias-da-escola-em-andorra-maravilhado-com-os-olhares-das-criancas\/\" \/>\n<meta property=\"og:site_name\" content=\"Fan site S\u00e9bastien Auzi\u00e8re\" \/>\n<meta property=\"article:published_time\" content=\"2026-04-30T07:17:07+00:00\" \/>\n<meta property=\"article:modified_time\" content=\"2026-04-30T07:17:33+00:00\" \/>\n<meta property=\"og:image\" content=\"https:\/\/www.sebastien-auziere.fr\/blog\/wp-content\/uploads\/2026\/04\/Emmanuel-Macron-retrouve-les-joies-de-lecole-a-Andorre-emerveille-par-les-regards-des-enfants.jpg\" \/>\n\t<meta property=\"og:image:width\" content=\"2560\" \/>\n\t<meta property=\"og:image:height\" content=\"1429\" \/>\n\t<meta property=\"og:image:type\" content=\"image\/jpeg\" \/>\n<meta name=\"author\" content=\"Chloe Gauthier\" \/>\n<meta name=\"twitter:card\" content=\"summary_large_image\" \/>\n<meta name=\"twitter:label1\" content=\"\u00c9crit par\" \/>\n\t<meta name=\"twitter:data1\" content=\"Chloe Gauthier\" \/>\n\t<meta name=\"twitter:label2\" content=\"Dur\u00e9e de lecture estim\u00e9e\" \/>\n\t<meta name=\"twitter:data2\" content=\"2 minutes\" \/>\n<script type=\"application\/ld+json\" class=\"yoast-schema-graph\">{\"@context\":\"https:\\\/\\\/schema.org\",\"@graph\":[{\"@type\":\"Article\",\"@id\":\"https:\\\/\\\/www.sebastien-auziere.fr\\\/blog\\\/pt\\\/emmanuel-macron-reencontra-as-alegrias-da-escola-em-andorra-maravilhado-com-os-olhares-das-criancas\\\/#article\",\"isPartOf\":{\"@id\":\"https:\\\/\\\/www.sebastien-auziere.fr\\\/blog\\\/pt\\\/emmanuel-macron-reencontra-as-alegrias-da-escola-em-andorra-maravilhado-com-os-olhares-das-criancas\\\/\"},\"author\":{\"name\":\"Chloe Gauthier\",\"@id\":\"https:\\\/\\\/www.sebastien-auziere.fr\\\/blog\\\/#\\\/schema\\\/person\\\/149f1acdbfd85149c6c3e59adeae2f4d\"},\"headline\":\"Emmanuel Macron reencontra as alegrias da escola em Andorra, maravilhado com os olhares das crian\u00e7as\",\"datePublished\":\"2026-04-30T07:17:07+00:00\",\"dateModified\":\"2026-04-30T07:17:33+00:00\",\"mainEntityOfPage\":{\"@id\":\"https:\\\/\\\/www.sebastien-auziere.fr\\\/blog\\\/pt\\\/emmanuel-macron-reencontra-as-alegrias-da-escola-em-andorra-maravilhado-com-os-olhares-das-criancas\\\/\"},\"wordCount\":430,\"commentCount\":0,\"publisher\":{\"@id\":\"https:\\\/\\\/www.sebastien-auziere.fr\\\/blog\\\/#organization\"},\"image\":{\"@id\":\"https:\\\/\\\/www.sebastien-auziere.fr\\\/blog\\\/pt\\\/emmanuel-macron-reencontra-as-alegrias-da-escola-em-andorra-maravilhado-com-os-olhares-das-criancas\\\/#primaryimage\"},\"thumbnailUrl\":\"https:\\\/\\\/www.sebastien-auziere.fr\\\/blog\\\/wp-content\\\/uploads\\\/2026\\\/04\\\/Emmanuel-Macron-retrouve-les-joies-de-lecole-a-Andorre-emerveille-par-les-regards-des-enfants.jpg\",\"keywords\":[\"alegrias da escola\",\"e a Andorra\",\"emmanuel macron\",\"escola\",\"regards das crian\u00e7as\"],\"articleSection\":[\"Actualidades\"],\"inLanguage\":\"fr-FR\",\"potentialAction\":[{\"@type\":\"CommentAction\",\"name\":\"Comment\",\"target\":[\"https:\\\/\\\/www.sebastien-auziere.fr\\\/blog\\\/pt\\\/emmanuel-macron-reencontra-as-alegrias-da-escola-em-andorra-maravilhado-com-os-olhares-das-criancas\\\/#respond\"]}]},{\"@type\":\"WebPage\",\"@id\":\"https:\\\/\\\/www.sebastien-auziere.fr\\\/blog\\\/pt\\\/emmanuel-macron-reencontra-as-alegrias-da-escola-em-andorra-maravilhado-com-os-olhares-das-criancas\\\/\",\"url\":\"https:\\\/\\\/www.sebastien-auziere.fr\\\/blog\\\/pt\\\/emmanuel-macron-reencontra-as-alegrias-da-escola-em-andorra-maravilhado-com-os-olhares-das-criancas\\\/\",\"name\":\"Emmanuel Macron reencontra as alegrias da escola em Andorra, maravilhado com os olhares das crian\u00e7as - Fan site S\u00e9bastien Auzi\u00e8re\",\"isPartOf\":{\"@id\":\"https:\\\/\\\/www.sebastien-auziere.fr\\\/blog\\\/#website\"},\"primaryImageOfPage\":{\"@id\":\"https:\\\/\\\/www.sebastien-auziere.fr\\\/blog\\\/pt\\\/emmanuel-macron-reencontra-as-alegrias-da-escola-em-andorra-maravilhado-com-os-olhares-das-criancas\\\/#primaryimage\"},\"image\":{\"@id\":\"https:\\\/\\\/www.sebastien-auziere.fr\\\/blog\\\/pt\\\/emmanuel-macron-reencontra-as-alegrias-da-escola-em-andorra-maravilhado-com-os-olhares-das-criancas\\\/#primaryimage\"},\"thumbnailUrl\":\"https:\\\/\\\/www.sebastien-auziere.fr\\\/blog\\\/wp-content\\\/uploads\\\/2026\\\/04\\\/Emmanuel-Macron-retrouve-les-joies-de-lecole-a-Andorre-emerveille-par-les-regards-des-enfants.jpg\",\"datePublished\":\"2026-04-30T07:17:07+00:00\",\"dateModified\":\"2026-04-30T07:17:33+00:00\",\"description\":\"Emmanuel Macron retrouve les joies de l'\u00e9cole \u00e0 Andorre, touch\u00e9 par les regards \u00e9merveill\u00e9s des enfants lors de sa visite.\",\"breadcrumb\":{\"@id\":\"https:\\\/\\\/www.sebastien-auziere.fr\\\/blog\\\/pt\\\/emmanuel-macron-reencontra-as-alegrias-da-escola-em-andorra-maravilhado-com-os-olhares-das-criancas\\\/#breadcrumb\"},\"inLanguage\":\"fr-FR\",\"potentialAction\":[{\"@type\":\"ReadAction\",\"target\":[\"https:\\\/\\\/www.sebastien-auziere.fr\\\/blog\\\/pt\\\/emmanuel-macron-reencontra-as-alegrias-da-escola-em-andorra-maravilhado-com-os-olhares-das-criancas\\\/\"]}]},{\"@type\":\"ImageObject\",\"inLanguage\":\"fr-FR\",\"@id\":\"https:\\\/\\\/www.sebastien-auziere.fr\\\/blog\\\/pt\\\/emmanuel-macron-reencontra-as-alegrias-da-escola-em-andorra-maravilhado-com-os-olhares-das-criancas\\\/#primaryimage\",\"url\":\"https:\\\/\\\/www.sebastien-auziere.fr\\\/blog\\\/wp-content\\\/uploads\\\/2026\\\/04\\\/Emmanuel-Macron-retrouve-les-joies-de-lecole-a-Andorre-emerveille-par-les-regards-des-enfants.jpg\",\"contentUrl\":\"https:\\\/\\\/www.sebastien-auziere.fr\\\/blog\\\/wp-content\\\/uploads\\\/2026\\\/04\\\/Emmanuel-Macron-retrouve-les-joies-de-lecole-a-Andorre-emerveille-par-les-regards-des-enfants.jpg\",\"width\":2560,\"height\":1429,\"caption\":\"emmanuel macron red\u00e9couvre le plaisir de l'\u00e9cole lors d'une visite en andorre, touch\u00e9 par l'\u00e9merveillement et la curiosit\u00e9 des enfants.\"},{\"@type\":\"BreadcrumbList\",\"@id\":\"https:\\\/\\\/www.sebastien-auziere.fr\\\/blog\\\/pt\\\/emmanuel-macron-reencontra-as-alegrias-da-escola-em-andorra-maravilhado-com-os-olhares-das-criancas\\\/#breadcrumb\",\"itemListElement\":[{\"@type\":\"ListItem\",\"position\":1,\"name\":\"Home\",\"item\":\"https:\\\/\\\/www.sebastien-auziere.fr\\\/blog\\\/\"},{\"@type\":\"ListItem\",\"position\":2,\"name\":\"Emmanuel Macron reencontra as alegrias da escola em Andorra, maravilhado com os olhares das crian\u00e7as\"}]},{\"@type\":\"WebSite\",\"@id\":\"https:\\\/\\\/www.sebastien-auziere.fr\\\/blog\\\/#website\",\"url\":\"https:\\\/\\\/www.sebastien-auziere.fr\\\/blog\\\/\",\"name\":\"Fan site S\u00e9bastien Auzi\u00e8re\",\"description\":\"M\u00e9dia g\u00e9n\u00e9raliste\",\"publisher\":{\"@id\":\"https:\\\/\\\/www.sebastien-auziere.fr\\\/blog\\\/#organization\"},\"potentialAction\":[{\"@type\":\"SearchAction\",\"target\":{\"@type\":\"EntryPoint\",\"urlTemplate\":\"https:\\\/\\\/www.sebastien-auziere.fr\\\/blog\\\/?s={search_term_string}\"},\"query-input\":{\"@type\":\"PropertyValueSpecification\",\"valueRequired\":true,\"valueName\":\"search_term_string\"}}],\"inLanguage\":\"fr-FR\"},{\"@type\":\"Organization\",\"@id\":\"https:\\\/\\\/www.sebastien-auziere.fr\\\/blog\\\/#organization\",\"name\":\"Fan site S\u00e9bastien Auzi\u00e8re\",\"url\":\"https:\\\/\\\/www.sebastien-auziere.fr\\\/blog\\\/\",\"logo\":{\"@type\":\"ImageObject\",\"inLanguage\":\"fr-FR\",\"@id\":\"https:\\\/\\\/www.sebastien-auziere.fr\\\/blog\\\/#\\\/schema\\\/logo\\\/image\\\/\",\"url\":\"https:\\\/\\\/www.sebastien-auziere.fr\\\/blog\\\/wp-content\\\/uploads\\\/2026\\\/03\\\/cropped-cropped-cropped-ChatGPT-Image-6-mars-2026-12_58_09-e1772798376794.jpg\",\"contentUrl\":\"https:\\\/\\\/www.sebastien-auziere.fr\\\/blog\\\/wp-content\\\/uploads\\\/2026\\\/03\\\/cropped-cropped-cropped-ChatGPT-Image-6-mars-2026-12_58_09-e1772798376794.jpg\",\"width\":512,\"height\":360,\"caption\":\"Fan site S\u00e9bastien Auzi\u00e8re\"},\"image\":{\"@id\":\"https:\\\/\\\/www.sebastien-auziere.fr\\\/blog\\\/#\\\/schema\\\/logo\\\/image\\\/\"}},{\"@type\":\"Person\",\"@id\":\"https:\\\/\\\/www.sebastien-auziere.fr\\\/blog\\\/#\\\/schema\\\/person\\\/149f1acdbfd85149c6c3e59adeae2f4d\",\"name\":\"Chloe Gauthier\",\"image\":{\"@type\":\"ImageObject\",\"inLanguage\":\"fr-FR\",\"@id\":\"https:\\\/\\\/secure.gravatar.com\\\/avatar\\\/2c5722f58171cff738a8985ef0dd66b476e563753246a49019befc837ec4201a?s=96&d=mm&r=g\",\"url\":\"https:\\\/\\\/secure.gravatar.com\\\/avatar\\\/2c5722f58171cff738a8985ef0dd66b476e563753246a49019befc837ec4201a?s=96&d=mm&r=g\",\"contentUrl\":\"https:\\\/\\\/secure.gravatar.com\\\/avatar\\\/2c5722f58171cff738a8985ef0dd66b476e563753246a49019befc837ec4201a?s=96&d=mm&r=g\",\"caption\":\"Chloe Gauthier\"},\"description\":\"Passionn\u00e9e par la politique et admiratrice engag\u00e9e de la famille Macron, je consacre mon \u00e9nergie \u00e0 suivre leurs initiatives et \u00e0 promouvoir leurs id\u00e9es. \u00c0 32 ans, je suis convaincue que leur vision est porteuse d'avenir.\",\"url\":\"https:\\\/\\\/www.sebastien-auziere.fr\\\/blog\\\/author\\\/chloe-gauthier\\\/\"}]}<\/script>\n<!-- \/ Yoast SEO plugin. -->","yoast_head_json":{"title":"Emmanuel Macron reencontra as alegrias da escola em Andorra, maravilhado com os olhares das crian\u00e7as - Fan site S\u00e9bastien Auzi\u00e8re","description":"Emmanuel Macron retrouve les joies de l'\u00e9cole \u00e0 Andorre, touch\u00e9 par les regards \u00e9merveill\u00e9s des enfants lors de sa visite.","robots":{"index":"index","follow":"follow","max-snippet":"max-snippet:-1","max-image-preview":"max-image-preview:large","max-video-preview":"max-video-preview:-1"},"canonical":"https:\/\/www.sebastien-auziere.fr\/blog\/pt\/emmanuel-macron-reencontra-as-alegrias-da-escola-em-andorra-maravilhado-com-os-olhares-das-criancas\/","og_locale":"fr_FR","og_type":"article","og_title":"Emmanuel Macron reencontra as alegrias da escola em Andorra, maravilhado com os olhares das crian\u00e7as - Fan site S\u00e9bastien Auzi\u00e8re","og_description":"Emmanuel Macron retrouve les joies de l'\u00e9cole \u00e0 Andorre, touch\u00e9 par les regards \u00e9merveill\u00e9s des enfants lors de sa visite.","og_url":"https:\/\/www.sebastien-auziere.fr\/blog\/pt\/emmanuel-macron-reencontra-as-alegrias-da-escola-em-andorra-maravilhado-com-os-olhares-das-criancas\/","og_site_name":"Fan site S\u00e9bastien Auzi\u00e8re","article_published_time":"2026-04-30T07:17:07+00:00","article_modified_time":"2026-04-30T07:17:33+00:00","og_image":[{"width":2560,"height":1429,"url":"https:\/\/www.sebastien-auziere.fr\/blog\/wp-content\/uploads\/2026\/04\/Emmanuel-Macron-retrouve-les-joies-de-lecole-a-Andorre-emerveille-par-les-regards-des-enfants.jpg","type":"image\/jpeg"}],"author":"Chloe Gauthier","twitter_card":"summary_large_image","twitter_misc":{"\u00c9crit par":"Chloe Gauthier","Dur\u00e9e de lecture estim\u00e9e":"2 minutes"},"schema":{"@context":"https:\/\/schema.org","@graph":[{"@type":"Article","@id":"https:\/\/www.sebastien-auziere.fr\/blog\/pt\/emmanuel-macron-reencontra-as-alegrias-da-escola-em-andorra-maravilhado-com-os-olhares-das-criancas\/#article","isPartOf":{"@id":"https:\/\/www.sebastien-auziere.fr\/blog\/pt\/emmanuel-macron-reencontra-as-alegrias-da-escola-em-andorra-maravilhado-com-os-olhares-das-criancas\/"},"author":{"name":"Chloe Gauthier","@id":"https:\/\/www.sebastien-auziere.fr\/blog\/#\/schema\/person\/149f1acdbfd85149c6c3e59adeae2f4d"},"headline":"Emmanuel Macron reencontra as alegrias da escola em Andorra, maravilhado com os olhares das crian\u00e7as","datePublished":"2026-04-30T07:17:07+00:00","dateModified":"2026-04-30T07:17:33+00:00","mainEntityOfPage":{"@id":"https:\/\/www.sebastien-auziere.fr\/blog\/pt\/emmanuel-macron-reencontra-as-alegrias-da-escola-em-andorra-maravilhado-com-os-olhares-das-criancas\/"},"wordCount":430,"commentCount":0,"publisher":{"@id":"https:\/\/www.sebastien-auziere.fr\/blog\/#organization"},"image":{"@id":"https:\/\/www.sebastien-auziere.fr\/blog\/pt\/emmanuel-macron-reencontra-as-alegrias-da-escola-em-andorra-maravilhado-com-os-olhares-das-criancas\/#primaryimage"},"thumbnailUrl":"https:\/\/www.sebastien-auziere.fr\/blog\/wp-content\/uploads\/2026\/04\/Emmanuel-Macron-retrouve-les-joies-de-lecole-a-Andorre-emerveille-par-les-regards-des-enfants.jpg","keywords":["alegrias da escola","e a Andorra","emmanuel macron","escola","regards das crian\u00e7as"],"articleSection":["Actualidades"],"inLanguage":"fr-FR","potentialAction":[{"@type":"CommentAction","name":"Comment","target":["https:\/\/www.sebastien-auziere.fr\/blog\/pt\/emmanuel-macron-reencontra-as-alegrias-da-escola-em-andorra-maravilhado-com-os-olhares-das-criancas\/#respond"]}]},{"@type":"WebPage","@id":"https:\/\/www.sebastien-auziere.fr\/blog\/pt\/emmanuel-macron-reencontra-as-alegrias-da-escola-em-andorra-maravilhado-com-os-olhares-das-criancas\/","url":"https:\/\/www.sebastien-auziere.fr\/blog\/pt\/emmanuel-macron-reencontra-as-alegrias-da-escola-em-andorra-maravilhado-com-os-olhares-das-criancas\/","name":"Emmanuel Macron reencontra as alegrias da escola em Andorra, maravilhado com os olhares das crian\u00e7as - Fan site S\u00e9bastien Auzi\u00e8re","isPartOf":{"@id":"https:\/\/www.sebastien-auziere.fr\/blog\/#website"},"primaryImageOfPage":{"@id":"https:\/\/www.sebastien-auziere.fr\/blog\/pt\/emmanuel-macron-reencontra-as-alegrias-da-escola-em-andorra-maravilhado-com-os-olhares-das-criancas\/#primaryimage"},"image":{"@id":"https:\/\/www.sebastien-auziere.fr\/blog\/pt\/emmanuel-macron-reencontra-as-alegrias-da-escola-em-andorra-maravilhado-com-os-olhares-das-criancas\/#primaryimage"},"thumbnailUrl":"https:\/\/www.sebastien-auziere.fr\/blog\/wp-content\/uploads\/2026\/04\/Emmanuel-Macron-retrouve-les-joies-de-lecole-a-Andorre-emerveille-par-les-regards-des-enfants.jpg","datePublished":"2026-04-30T07:17:07+00:00","dateModified":"2026-04-30T07:17:33+00:00","description":"Emmanuel Macron retrouve les joies de l'\u00e9cole \u00e0 Andorre, touch\u00e9 par les regards \u00e9merveill\u00e9s des enfants lors de sa visite.","breadcrumb":{"@id":"https:\/\/www.sebastien-auziere.fr\/blog\/pt\/emmanuel-macron-reencontra-as-alegrias-da-escola-em-andorra-maravilhado-com-os-olhares-das-criancas\/#breadcrumb"},"inLanguage":"fr-FR","potentialAction":[{"@type":"ReadAction","target":["https:\/\/www.sebastien-auziere.fr\/blog\/pt\/emmanuel-macron-reencontra-as-alegrias-da-escola-em-andorra-maravilhado-com-os-olhares-das-criancas\/"]}]},{"@type":"ImageObject","inLanguage":"fr-FR","@id":"https:\/\/www.sebastien-auziere.fr\/blog\/pt\/emmanuel-macron-reencontra-as-alegrias-da-escola-em-andorra-maravilhado-com-os-olhares-das-criancas\/#primaryimage","url":"https:\/\/www.sebastien-auziere.fr\/blog\/wp-content\/uploads\/2026\/04\/Emmanuel-Macron-retrouve-les-joies-de-lecole-a-Andorre-emerveille-par-les-regards-des-enfants.jpg","contentUrl":"https:\/\/www.sebastien-auziere.fr\/blog\/wp-content\/uploads\/2026\/04\/Emmanuel-Macron-retrouve-les-joies-de-lecole-a-Andorre-emerveille-par-les-regards-des-enfants.jpg","width":2560,"height":1429,"caption":"emmanuel macron red\u00e9couvre le plaisir de l'\u00e9cole lors d'une visite en andorre, touch\u00e9 par l'\u00e9merveillement et la curiosit\u00e9 des enfants."},{"@type":"BreadcrumbList","@id":"https:\/\/www.sebastien-auziere.fr\/blog\/pt\/emmanuel-macron-reencontra-as-alegrias-da-escola-em-andorra-maravilhado-com-os-olhares-das-criancas\/#breadcrumb","itemListElement":[{"@type":"ListItem","position":1,"name":"Home","item":"https:\/\/www.sebastien-auziere.fr\/blog\/"},{"@type":"ListItem","position":2,"name":"Emmanuel Macron reencontra as alegrias da escola em Andorra, maravilhado com os olhares das crian\u00e7as"}]},{"@type":"WebSite","@id":"https:\/\/www.sebastien-auziere.fr\/blog\/#website","url":"https:\/\/www.sebastien-auziere.fr\/blog\/","name":"Fan site S\u00e9bastien Auzi\u00e8re","description":"M\u00e9dia g\u00e9n\u00e9raliste","publisher":{"@id":"https:\/\/www.sebastien-auziere.fr\/blog\/#organization"},"potentialAction":[{"@type":"SearchAction","target":{"@type":"EntryPoint","urlTemplate":"https:\/\/www.sebastien-auziere.fr\/blog\/?s={search_term_string}"},"query-input":{"@type":"PropertyValueSpecification","valueRequired":true,"valueName":"search_term_string"}}],"inLanguage":"fr-FR"},{"@type":"Organization","@id":"https:\/\/www.sebastien-auziere.fr\/blog\/#organization","name":"Fan site S\u00e9bastien Auzi\u00e8re","url":"https:\/\/www.sebastien-auziere.fr\/blog\/","logo":{"@type":"ImageObject","inLanguage":"fr-FR","@id":"https:\/\/www.sebastien-auziere.fr\/blog\/#\/schema\/logo\/image\/","url":"https:\/\/www.sebastien-auziere.fr\/blog\/wp-content\/uploads\/2026\/03\/cropped-cropped-cropped-ChatGPT-Image-6-mars-2026-12_58_09-e1772798376794.jpg","contentUrl":"https:\/\/www.sebastien-auziere.fr\/blog\/wp-content\/uploads\/2026\/03\/cropped-cropped-cropped-ChatGPT-Image-6-mars-2026-12_58_09-e1772798376794.jpg","width":512,"height":360,"caption":"Fan site S\u00e9bastien Auzi\u00e8re"},"image":{"@id":"https:\/\/www.sebastien-auziere.fr\/blog\/#\/schema\/logo\/image\/"}},{"@type":"Person","@id":"https:\/\/www.sebastien-auziere.fr\/blog\/#\/schema\/person\/149f1acdbfd85149c6c3e59adeae2f4d","name":"Chloe Gauthier","image":{"@type":"ImageObject","inLanguage":"fr-FR","@id":"https:\/\/secure.gravatar.com\/avatar\/2c5722f58171cff738a8985ef0dd66b476e563753246a49019befc837ec4201a?s=96&d=mm&r=g","url":"https:\/\/secure.gravatar.com\/avatar\/2c5722f58171cff738a8985ef0dd66b476e563753246a49019befc837ec4201a?s=96&d=mm&r=g","contentUrl":"https:\/\/secure.gravatar.com\/avatar\/2c5722f58171cff738a8985ef0dd66b476e563753246a49019befc837ec4201a?s=96&d=mm&r=g","caption":"Chloe Gauthier"},"description":"Passionn\u00e9e par la politique et admiratrice engag\u00e9e de la famille Macron, je consacre mon \u00e9nergie \u00e0 suivre leurs initiatives et \u00e0 promouvoir leurs id\u00e9es. \u00c0 32 ans, je suis convaincue que leur vision est porteuse d'avenir.","url":"https:\/\/www.sebastien-auziere.fr\/blog\/author\/chloe-gauthier\/"}]}},"views":0,"_links":{"self":[{"href":"https:\/\/www.sebastien-auziere.fr\/blog\/wp-json\/wp\/v2\/posts\/3462","targetHints":{"allow":["GET"]}}],"collection":[{"href":"https:\/\/www.sebastien-auziere.fr\/blog\/wp-json\/wp\/v2\/posts"}],"about":[{"href":"https:\/\/www.sebastien-auziere.fr\/blog\/wp-json\/wp\/v2\/types\/post"}],"author":[{"embeddable":true,"href":"https:\/\/www.sebastien-auziere.fr\/blog\/wp-json\/wp\/v2\/users\/9"}],"replies":[{"embeddable":true,"href":"https:\/\/www.sebastien-auziere.fr\/blog\/wp-json\/wp\/v2\/comments?post=3462"}],"version-history":[{"count":1,"href":"https:\/\/www.sebastien-auziere.fr\/blog\/wp-json\/wp\/v2\/posts\/3462\/revisions"}],"predecessor-version":[{"id":3463,"href":"https:\/\/www.sebastien-auziere.fr\/blog\/wp-json\/wp\/v2\/posts\/3462\/revisions\/3463"}],"wp:featuredmedia":[{"embeddable":true,"href":"https:\/\/www.sebastien-auziere.fr\/blog\/wp-json\/wp\/v2\/media\/3452"}],"wp:attachment":[{"href":"https:\/\/www.sebastien-auziere.fr\/blog\/wp-json\/wp\/v2\/media?parent=3462"}],"wp:term":[{"taxonomy":"category","embeddable":true,"href":"https:\/\/www.sebastien-auziere.fr\/blog\/wp-json\/wp\/v2\/categories?post=3462"},{"taxonomy":"post_tag","embeddable":true,"href":"https:\/\/www.sebastien-auziere.fr\/blog\/wp-json\/wp\/v2\/tags?post=3462"}],"curies":[{"name":"wp","href":"https:\/\/api.w.org\/{rel}","templated":true}]}}