{"id":3460,"date":"2026-04-30T07:16:06","date_gmt":"2026-04-30T07:16:06","guid":{"rendered":"https:\/\/www.sebastien-auziere.fr\/blog\/?p=3460"},"modified":"2026-04-30T07:16:34","modified_gmt":"2026-04-30T07:16:34","slug":"emmanuel-macron-ritrova-le-gioie-della-scuola-ad-andorra-meravigliato-dagli-sguardi-dei-bambini","status":"publish","type":"post","link":"https:\/\/www.sebastien-auziere.fr\/blog\/it\/emmanuel-macron-ritrova-le-gioie-della-scuola-ad-andorra-meravigliato-dagli-sguardi-dei-bambini\/","title":{"rendered":"Emmanuel Macron ritrova le gioie della scuola ad Andorra, meravigliato dagli sguardi dei bambini"},"content":{"rendered":"<p><strong>Emmanuel Macron<\/strong> ha ritrovato le <strong>gioie della scuola<\/strong> a <strong>Andorra<\/strong> marted\u00ec 28 aprile 2026, incontrando alunni e insegnanti presso la scuola di <strong>Santa Coloma<\/strong> e il liceo <strong>Comte-de-Foix<\/strong>. Fin dai primi istanti, i <strong>volti stupiti<\/strong> dei <strong>bambini<\/strong> hanno caratterizzato questa <strong>visita presidenziale<\/strong>, tra scambi pedagogici e momenti di leggerezza.<\/p>\n\n<p><strong>In breve<\/strong>: visita ufficiale il 27 e 28 aprile, discorso al liceo, insistenza sull&rsquo;<strong>istruzione<\/strong> come ponte franco-andorrano, e uno scambio divertente sul calcio che ha fatto sorridere alunni e giornalisti.<\/p>\n\n<h2 class=\"wp-block-heading\">Visita presidenziale a Santa Coloma e Andorra-la-Vieille<\/h2>\n\n<p>Nella sequenza pirenaica, il Presidente, in qualit\u00e0 di <strong>co-principe<\/strong>, ha ricordato la sua responsabilit\u00e0 nei confronti della principato di <strong>86.000 abitanti<\/strong>. La giornata del 28 aprile prevedeva una conferenza al liceo e un <strong>incontro con i bambini<\/strong> nella scuola elementare, momenti coperti dall&rsquo;<a href=\"https:\/\/www.elysee.fr\/emmanuel-macron\/2026\/04\/28\/deplacement-en-andorre-deuxieme-journee\">\u00c9lys\u00e9e<\/a> e commentati dalla stampa locale.<\/p>\n\n<h2 class=\"wp-block-heading\">Incontri e volti stupiti nelle aule<\/h2>\n\n<p>Di fronte agli alunni, i <strong>volti stupiti<\/strong> hanno sottolineato il significato simbolico di questo <strong>momento di condivisione<\/strong>. Emmanuel Macron ha messo in evidenza il ruolo del sistema educativo e di strutture come il liceo <strong>Comte-de-Foix<\/strong>, definito un modello \u00ab senza pari \u00bb per preparare i giovani andorrani a studi superiori in Francia.<\/p>\n\n<p>Per il contesto locale e nazionale, vedere il reportage di <a href=\"https:\/\/www.ladepeche.fr\/2026\/04\/27\/emmanuel-macron-en-andorre-ce-lundi-linfluence-sans-linjonction-13344416.php\">La D\u00e9p\u00eache<\/a>, che ripercorre gli scambi con i giovani.<\/p>\n\n<h3 class=\"wp-block-heading\">L&rsquo;istruzione, pilastro della relazione Andorra-Francia<\/h3>\n\n<p>Il Presidente ha ricordato di voler preservare \u00ab l&rsquo;indipendenza \u00bb e la \u00ab neutralit\u00e0 attiva \u00bb di <strong>Andorra<\/strong>, rafforzando nel contempo i legami educativi. Il liceo funge da ponte verso le universit\u00e0 francesi e contribuisce allo sviluppo locale, un concetto ripetuto durante le discussioni con insegnanti e presidi.<\/p>\n\n<h2 class=\"wp-block-heading\">Uno scambio serio e un tocco di leggerezza<\/h2>\n\n<p>Tra dichiarazioni istituzionali e risate, il capo dello Stato ha risposto alle domande degli adolescenti, evocando il ruolo di <strong>Andorra<\/strong> in Europa e l&rsquo;importanza dell&rsquo;<strong>istruzione<\/strong>. La battuta sul match PSG-OM, ripresa dai media, ha conferito un tono conviviale a questa visita.<\/p>\n\n<p>Per saperne di pi\u00f9 sulla famiglia Macron e sui suoi familiari, scopri ritratti e aneddoti verificati su <a href=\"https:\/\/www.sebastien-auziere.fr\/blog\/brigitte-macron-et-emmanuel-macron\/\">Brigitte ed Emmanuel Macron<\/a> e l&rsquo;universo familiare attraverso il ritratto di <a href=\"https:\/\/www.sebastien-auziere.fr\/blog\/tiphaine-auziere\/\">Tiphaine Auzi\u00e8re<\/a>. Per approfondire la storia culturale legata a Brigitte, consulta anche questo articolo sull&rsquo;arte giapponese <a href=\"https:\/\/www.sebastien-auziere.fr\/blog\/brigitte-macron-art-japonais\/\">Brigitte Macron e l&rsquo;arte giapponese<\/a>. Visita <a href=\"https:\/\/www.sebastien-auziere.fr\/blog\/qui-etait-le-premier-mari-de-madame-macron\/\">sebastien-auziere.fr<\/a> per scoprire di pi\u00f9 su S\u00e9bastien Auzi\u00e8re e la famiglia Macron.<\/p>","protected":false},"excerpt":{"rendered":"<p>Emmanuel Macron ha ritrovato le gioie della scuola a Andorra marted\u00ec 28 aprile 2026, incontrando alunni e insegnanti presso la scuola di Santa Coloma e il liceo Comte-de-Foix. Fin dai primi istanti, i volti stupiti dei bambini hanno caratterizzato questa visita presidenziale, tra scambi pedagogici e momenti di leggerezza. In breve: visita ufficiale il 27 &#8230; <a title=\"Emmanuel Macron ritrova le gioie della scuola ad Andorra, meravigliato dagli sguardi dei bambini\" class=\"read-more\" href=\"https:\/\/www.sebastien-auziere.fr\/blog\/it\/emmanuel-macron-ritrova-le-gioie-della-scuola-ad-andorra-meravigliato-dagli-sguardi-dei-bambini\/\" aria-label=\"En savoir plus sur Emmanuel Macron ritrova le gioie della scuola ad Andorra, meravigliato dagli sguardi dei bambini\">Lire plus<\/a><\/p>\n","protected":false},"author":9,"featured_media":3452,"comment_status":"open","ping_status":"open","sticky":false,"template":"","format":"standard","meta":{"footnotes":""},"categories":[859],"tags":[4936,1190,4942,4945,4939],"class_list":["post-3460","post","type-post","status-publish","format-standard","has-post-thumbnail","hentry","category-actualita-it","tag-andorra-it","tag-emmanuel-macron-it","tag-gioie-della-scuola-it","tag-raggiunge-dei-bambini-it","tag-scuola-it"],"yoast_head":"<!-- This site is optimized with the Yoast SEO plugin v27.5 - https:\/\/yoast.com\/product\/yoast-seo-wordpress\/ -->\n<title>Emmanuel Macron ritrova le gioie della scuola ad Andorra, meravigliato dagli sguardi dei bambini - Fan site S\u00e9bastien Auzi\u00e8re<\/title>\n<meta name=\"description\" content=\"Emmanuel Macron retrouve les joies de l&#039;\u00e9cole \u00e0 Andorre, touch\u00e9 par les regards \u00e9merveill\u00e9s des enfants lors de sa visite.\" \/>\n<meta name=\"robots\" content=\"index, follow, max-snippet:-1, max-image-preview:large, max-video-preview:-1\" \/>\n<link rel=\"canonical\" href=\"https:\/\/www.sebastien-auziere.fr\/blog\/it\/emmanuel-macron-ritrova-le-gioie-della-scuola-ad-andorra-meravigliato-dagli-sguardi-dei-bambini\/\" \/>\n<meta property=\"og:locale\" content=\"fr_FR\" \/>\n<meta property=\"og:type\" content=\"article\" \/>\n<meta property=\"og:title\" content=\"Emmanuel Macron ritrova le gioie della scuola ad Andorra, meravigliato dagli sguardi dei bambini - Fan site S\u00e9bastien Auzi\u00e8re\" \/>\n<meta property=\"og:description\" content=\"Emmanuel Macron retrouve les joies de l&#039;\u00e9cole \u00e0 Andorre, touch\u00e9 par les regards \u00e9merveill\u00e9s des enfants lors de sa visite.\" \/>\n<meta property=\"og:url\" content=\"https:\/\/www.sebastien-auziere.fr\/blog\/it\/emmanuel-macron-ritrova-le-gioie-della-scuola-ad-andorra-meravigliato-dagli-sguardi-dei-bambini\/\" \/>\n<meta property=\"og:site_name\" content=\"Fan site S\u00e9bastien Auzi\u00e8re\" \/>\n<meta property=\"article:published_time\" content=\"2026-04-30T07:16:06+00:00\" \/>\n<meta property=\"article:modified_time\" content=\"2026-04-30T07:16:34+00:00\" \/>\n<meta property=\"og:image\" content=\"https:\/\/www.sebastien-auziere.fr\/blog\/wp-content\/uploads\/2026\/04\/Emmanuel-Macron-retrouve-les-joies-de-lecole-a-Andorre-emerveille-par-les-regards-des-enfants.jpg\" \/>\n\t<meta property=\"og:image:width\" content=\"2560\" \/>\n\t<meta property=\"og:image:height\" content=\"1429\" \/>\n\t<meta property=\"og:image:type\" content=\"image\/jpeg\" \/>\n<meta name=\"author\" content=\"Chloe Gauthier\" \/>\n<meta name=\"twitter:card\" content=\"summary_large_image\" \/>\n<meta name=\"twitter:label1\" content=\"\u00c9crit par\" \/>\n\t<meta name=\"twitter:data1\" content=\"Chloe Gauthier\" \/>\n\t<meta name=\"twitter:label2\" content=\"Dur\u00e9e de lecture estim\u00e9e\" \/>\n\t<meta name=\"twitter:data2\" content=\"2 minutes\" \/>\n<script type=\"application\/ld+json\" class=\"yoast-schema-graph\">{\"@context\":\"https:\\\/\\\/schema.org\",\"@graph\":[{\"@type\":\"Article\",\"@id\":\"https:\\\/\\\/www.sebastien-auziere.fr\\\/blog\\\/it\\\/emmanuel-macron-ritrova-le-gioie-della-scuola-ad-andorra-meravigliato-dagli-sguardi-dei-bambini\\\/#article\",\"isPartOf\":{\"@id\":\"https:\\\/\\\/www.sebastien-auziere.fr\\\/blog\\\/it\\\/emmanuel-macron-ritrova-le-gioie-della-scuola-ad-andorra-meravigliato-dagli-sguardi-dei-bambini\\\/\"},\"author\":{\"name\":\"Chloe Gauthier\",\"@id\":\"https:\\\/\\\/www.sebastien-auziere.fr\\\/blog\\\/#\\\/schema\\\/person\\\/149f1acdbfd85149c6c3e59adeae2f4d\"},\"headline\":\"Emmanuel Macron ritrova le gioie della scuola ad Andorra, meravigliato dagli sguardi dei bambini\",\"datePublished\":\"2026-04-30T07:16:06+00:00\",\"dateModified\":\"2026-04-30T07:16:34+00:00\",\"mainEntityOfPage\":{\"@id\":\"https:\\\/\\\/www.sebastien-auziere.fr\\\/blog\\\/it\\\/emmanuel-macron-ritrova-le-gioie-della-scuola-ad-andorra-meravigliato-dagli-sguardi-dei-bambini\\\/\"},\"wordCount\":385,\"commentCount\":0,\"publisher\":{\"@id\":\"https:\\\/\\\/www.sebastien-auziere.fr\\\/blog\\\/#organization\"},\"image\":{\"@id\":\"https:\\\/\\\/www.sebastien-auziere.fr\\\/blog\\\/it\\\/emmanuel-macron-ritrova-le-gioie-della-scuola-ad-andorra-meravigliato-dagli-sguardi-dei-bambini\\\/#primaryimage\"},\"thumbnailUrl\":\"https:\\\/\\\/www.sebastien-auziere.fr\\\/blog\\\/wp-content\\\/uploads\\\/2026\\\/04\\\/Emmanuel-Macron-retrouve-les-joies-de-lecole-a-Andorre-emerveille-par-les-regards-des-enfants.jpg\",\"keywords\":[\"andorra\",\"emmanuel macron\",\"gioie della scuola\",\"raggiunge dei bambini\",\"scuola\"],\"articleSection\":[\"Actualit\u00e0\"],\"inLanguage\":\"fr-FR\",\"potentialAction\":[{\"@type\":\"CommentAction\",\"name\":\"Comment\",\"target\":[\"https:\\\/\\\/www.sebastien-auziere.fr\\\/blog\\\/it\\\/emmanuel-macron-ritrova-le-gioie-della-scuola-ad-andorra-meravigliato-dagli-sguardi-dei-bambini\\\/#respond\"]}]},{\"@type\":\"WebPage\",\"@id\":\"https:\\\/\\\/www.sebastien-auziere.fr\\\/blog\\\/it\\\/emmanuel-macron-ritrova-le-gioie-della-scuola-ad-andorra-meravigliato-dagli-sguardi-dei-bambini\\\/\",\"url\":\"https:\\\/\\\/www.sebastien-auziere.fr\\\/blog\\\/it\\\/emmanuel-macron-ritrova-le-gioie-della-scuola-ad-andorra-meravigliato-dagli-sguardi-dei-bambini\\\/\",\"name\":\"Emmanuel Macron ritrova le gioie della scuola ad Andorra, meravigliato dagli sguardi dei bambini - Fan site S\u00e9bastien Auzi\u00e8re\",\"isPartOf\":{\"@id\":\"https:\\\/\\\/www.sebastien-auziere.fr\\\/blog\\\/#website\"},\"primaryImageOfPage\":{\"@id\":\"https:\\\/\\\/www.sebastien-auziere.fr\\\/blog\\\/it\\\/emmanuel-macron-ritrova-le-gioie-della-scuola-ad-andorra-meravigliato-dagli-sguardi-dei-bambini\\\/#primaryimage\"},\"image\":{\"@id\":\"https:\\\/\\\/www.sebastien-auziere.fr\\\/blog\\\/it\\\/emmanuel-macron-ritrova-le-gioie-della-scuola-ad-andorra-meravigliato-dagli-sguardi-dei-bambini\\\/#primaryimage\"},\"thumbnailUrl\":\"https:\\\/\\\/www.sebastien-auziere.fr\\\/blog\\\/wp-content\\\/uploads\\\/2026\\\/04\\\/Emmanuel-Macron-retrouve-les-joies-de-lecole-a-Andorre-emerveille-par-les-regards-des-enfants.jpg\",\"datePublished\":\"2026-04-30T07:16:06+00:00\",\"dateModified\":\"2026-04-30T07:16:34+00:00\",\"description\":\"Emmanuel Macron retrouve les joies de l'\u00e9cole \u00e0 Andorre, touch\u00e9 par les regards \u00e9merveill\u00e9s des enfants lors de sa visite.\",\"breadcrumb\":{\"@id\":\"https:\\\/\\\/www.sebastien-auziere.fr\\\/blog\\\/it\\\/emmanuel-macron-ritrova-le-gioie-della-scuola-ad-andorra-meravigliato-dagli-sguardi-dei-bambini\\\/#breadcrumb\"},\"inLanguage\":\"fr-FR\",\"potentialAction\":[{\"@type\":\"ReadAction\",\"target\":[\"https:\\\/\\\/www.sebastien-auziere.fr\\\/blog\\\/it\\\/emmanuel-macron-ritrova-le-gioie-della-scuola-ad-andorra-meravigliato-dagli-sguardi-dei-bambini\\\/\"]}]},{\"@type\":\"ImageObject\",\"inLanguage\":\"fr-FR\",\"@id\":\"https:\\\/\\\/www.sebastien-auziere.fr\\\/blog\\\/it\\\/emmanuel-macron-ritrova-le-gioie-della-scuola-ad-andorra-meravigliato-dagli-sguardi-dei-bambini\\\/#primaryimage\",\"url\":\"https:\\\/\\\/www.sebastien-auziere.fr\\\/blog\\\/wp-content\\\/uploads\\\/2026\\\/04\\\/Emmanuel-Macron-retrouve-les-joies-de-lecole-a-Andorre-emerveille-par-les-regards-des-enfants.jpg\",\"contentUrl\":\"https:\\\/\\\/www.sebastien-auziere.fr\\\/blog\\\/wp-content\\\/uploads\\\/2026\\\/04\\\/Emmanuel-Macron-retrouve-les-joies-de-lecole-a-Andorre-emerveille-par-les-regards-des-enfants.jpg\",\"width\":2560,\"height\":1429,\"caption\":\"emmanuel macron red\u00e9couvre le plaisir de l'\u00e9cole lors d'une visite en andorre, touch\u00e9 par l'\u00e9merveillement et la curiosit\u00e9 des enfants.\"},{\"@type\":\"BreadcrumbList\",\"@id\":\"https:\\\/\\\/www.sebastien-auziere.fr\\\/blog\\\/it\\\/emmanuel-macron-ritrova-le-gioie-della-scuola-ad-andorra-meravigliato-dagli-sguardi-dei-bambini\\\/#breadcrumb\",\"itemListElement\":[{\"@type\":\"ListItem\",\"position\":1,\"name\":\"Home\",\"item\":\"https:\\\/\\\/www.sebastien-auziere.fr\\\/blog\\\/\"},{\"@type\":\"ListItem\",\"position\":2,\"name\":\"Emmanuel Macron ritrova le gioie della scuola ad Andorra, meravigliato dagli sguardi dei bambini\"}]},{\"@type\":\"WebSite\",\"@id\":\"https:\\\/\\\/www.sebastien-auziere.fr\\\/blog\\\/#website\",\"url\":\"https:\\\/\\\/www.sebastien-auziere.fr\\\/blog\\\/\",\"name\":\"Fan site S\u00e9bastien Auzi\u00e8re\",\"description\":\"M\u00e9dia g\u00e9n\u00e9raliste\",\"publisher\":{\"@id\":\"https:\\\/\\\/www.sebastien-auziere.fr\\\/blog\\\/#organization\"},\"potentialAction\":[{\"@type\":\"SearchAction\",\"target\":{\"@type\":\"EntryPoint\",\"urlTemplate\":\"https:\\\/\\\/www.sebastien-auziere.fr\\\/blog\\\/?s={search_term_string}\"},\"query-input\":{\"@type\":\"PropertyValueSpecification\",\"valueRequired\":true,\"valueName\":\"search_term_string\"}}],\"inLanguage\":\"fr-FR\"},{\"@type\":\"Organization\",\"@id\":\"https:\\\/\\\/www.sebastien-auziere.fr\\\/blog\\\/#organization\",\"name\":\"Fan site S\u00e9bastien Auzi\u00e8re\",\"url\":\"https:\\\/\\\/www.sebastien-auziere.fr\\\/blog\\\/\",\"logo\":{\"@type\":\"ImageObject\",\"inLanguage\":\"fr-FR\",\"@id\":\"https:\\\/\\\/www.sebastien-auziere.fr\\\/blog\\\/#\\\/schema\\\/logo\\\/image\\\/\",\"url\":\"https:\\\/\\\/www.sebastien-auziere.fr\\\/blog\\\/wp-content\\\/uploads\\\/2026\\\/03\\\/cropped-cropped-cropped-ChatGPT-Image-6-mars-2026-12_58_09-e1772798376794.jpg\",\"contentUrl\":\"https:\\\/\\\/www.sebastien-auziere.fr\\\/blog\\\/wp-content\\\/uploads\\\/2026\\\/03\\\/cropped-cropped-cropped-ChatGPT-Image-6-mars-2026-12_58_09-e1772798376794.jpg\",\"width\":512,\"height\":360,\"caption\":\"Fan site S\u00e9bastien Auzi\u00e8re\"},\"image\":{\"@id\":\"https:\\\/\\\/www.sebastien-auziere.fr\\\/blog\\\/#\\\/schema\\\/logo\\\/image\\\/\"}},{\"@type\":\"Person\",\"@id\":\"https:\\\/\\\/www.sebastien-auziere.fr\\\/blog\\\/#\\\/schema\\\/person\\\/149f1acdbfd85149c6c3e59adeae2f4d\",\"name\":\"Chloe Gauthier\",\"image\":{\"@type\":\"ImageObject\",\"inLanguage\":\"fr-FR\",\"@id\":\"https:\\\/\\\/secure.gravatar.com\\\/avatar\\\/2c5722f58171cff738a8985ef0dd66b476e563753246a49019befc837ec4201a?s=96&d=mm&r=g\",\"url\":\"https:\\\/\\\/secure.gravatar.com\\\/avatar\\\/2c5722f58171cff738a8985ef0dd66b476e563753246a49019befc837ec4201a?s=96&d=mm&r=g\",\"contentUrl\":\"https:\\\/\\\/secure.gravatar.com\\\/avatar\\\/2c5722f58171cff738a8985ef0dd66b476e563753246a49019befc837ec4201a?s=96&d=mm&r=g\",\"caption\":\"Chloe Gauthier\"},\"description\":\"Passionn\u00e9e par la politique et admiratrice engag\u00e9e de la famille Macron, je consacre mon \u00e9nergie \u00e0 suivre leurs initiatives et \u00e0 promouvoir leurs id\u00e9es. \u00c0 32 ans, je suis convaincue que leur vision est porteuse d'avenir.\",\"url\":\"https:\\\/\\\/www.sebastien-auziere.fr\\\/blog\\\/author\\\/chloe-gauthier\\\/\"}]}<\/script>\n<!-- \/ Yoast SEO plugin. -->","yoast_head_json":{"title":"Emmanuel Macron ritrova le gioie della scuola ad Andorra, meravigliato dagli sguardi dei bambini - Fan site S\u00e9bastien Auzi\u00e8re","description":"Emmanuel Macron retrouve les joies de l'\u00e9cole \u00e0 Andorre, touch\u00e9 par les regards \u00e9merveill\u00e9s des enfants lors de sa visite.","robots":{"index":"index","follow":"follow","max-snippet":"max-snippet:-1","max-image-preview":"max-image-preview:large","max-video-preview":"max-video-preview:-1"},"canonical":"https:\/\/www.sebastien-auziere.fr\/blog\/it\/emmanuel-macron-ritrova-le-gioie-della-scuola-ad-andorra-meravigliato-dagli-sguardi-dei-bambini\/","og_locale":"fr_FR","og_type":"article","og_title":"Emmanuel Macron ritrova le gioie della scuola ad Andorra, meravigliato dagli sguardi dei bambini - Fan site S\u00e9bastien Auzi\u00e8re","og_description":"Emmanuel Macron retrouve les joies de l'\u00e9cole \u00e0 Andorre, touch\u00e9 par les regards \u00e9merveill\u00e9s des enfants lors de sa visite.","og_url":"https:\/\/www.sebastien-auziere.fr\/blog\/it\/emmanuel-macron-ritrova-le-gioie-della-scuola-ad-andorra-meravigliato-dagli-sguardi-dei-bambini\/","og_site_name":"Fan site S\u00e9bastien Auzi\u00e8re","article_published_time":"2026-04-30T07:16:06+00:00","article_modified_time":"2026-04-30T07:16:34+00:00","og_image":[{"width":2560,"height":1429,"url":"https:\/\/www.sebastien-auziere.fr\/blog\/wp-content\/uploads\/2026\/04\/Emmanuel-Macron-retrouve-les-joies-de-lecole-a-Andorre-emerveille-par-les-regards-des-enfants.jpg","type":"image\/jpeg"}],"author":"Chloe Gauthier","twitter_card":"summary_large_image","twitter_misc":{"\u00c9crit par":"Chloe Gauthier","Dur\u00e9e de lecture estim\u00e9e":"2 minutes"},"schema":{"@context":"https:\/\/schema.org","@graph":[{"@type":"Article","@id":"https:\/\/www.sebastien-auziere.fr\/blog\/it\/emmanuel-macron-ritrova-le-gioie-della-scuola-ad-andorra-meravigliato-dagli-sguardi-dei-bambini\/#article","isPartOf":{"@id":"https:\/\/www.sebastien-auziere.fr\/blog\/it\/emmanuel-macron-ritrova-le-gioie-della-scuola-ad-andorra-meravigliato-dagli-sguardi-dei-bambini\/"},"author":{"name":"Chloe Gauthier","@id":"https:\/\/www.sebastien-auziere.fr\/blog\/#\/schema\/person\/149f1acdbfd85149c6c3e59adeae2f4d"},"headline":"Emmanuel Macron ritrova le gioie della scuola ad Andorra, meravigliato dagli sguardi dei bambini","datePublished":"2026-04-30T07:16:06+00:00","dateModified":"2026-04-30T07:16:34+00:00","mainEntityOfPage":{"@id":"https:\/\/www.sebastien-auziere.fr\/blog\/it\/emmanuel-macron-ritrova-le-gioie-della-scuola-ad-andorra-meravigliato-dagli-sguardi-dei-bambini\/"},"wordCount":385,"commentCount":0,"publisher":{"@id":"https:\/\/www.sebastien-auziere.fr\/blog\/#organization"},"image":{"@id":"https:\/\/www.sebastien-auziere.fr\/blog\/it\/emmanuel-macron-ritrova-le-gioie-della-scuola-ad-andorra-meravigliato-dagli-sguardi-dei-bambini\/#primaryimage"},"thumbnailUrl":"https:\/\/www.sebastien-auziere.fr\/blog\/wp-content\/uploads\/2026\/04\/Emmanuel-Macron-retrouve-les-joies-de-lecole-a-Andorre-emerveille-par-les-regards-des-enfants.jpg","keywords":["andorra","emmanuel macron","gioie della scuola","raggiunge dei bambini","scuola"],"articleSection":["Actualit\u00e0"],"inLanguage":"fr-FR","potentialAction":[{"@type":"CommentAction","name":"Comment","target":["https:\/\/www.sebastien-auziere.fr\/blog\/it\/emmanuel-macron-ritrova-le-gioie-della-scuola-ad-andorra-meravigliato-dagli-sguardi-dei-bambini\/#respond"]}]},{"@type":"WebPage","@id":"https:\/\/www.sebastien-auziere.fr\/blog\/it\/emmanuel-macron-ritrova-le-gioie-della-scuola-ad-andorra-meravigliato-dagli-sguardi-dei-bambini\/","url":"https:\/\/www.sebastien-auziere.fr\/blog\/it\/emmanuel-macron-ritrova-le-gioie-della-scuola-ad-andorra-meravigliato-dagli-sguardi-dei-bambini\/","name":"Emmanuel Macron ritrova le gioie della scuola ad Andorra, meravigliato dagli sguardi dei bambini - Fan site S\u00e9bastien Auzi\u00e8re","isPartOf":{"@id":"https:\/\/www.sebastien-auziere.fr\/blog\/#website"},"primaryImageOfPage":{"@id":"https:\/\/www.sebastien-auziere.fr\/blog\/it\/emmanuel-macron-ritrova-le-gioie-della-scuola-ad-andorra-meravigliato-dagli-sguardi-dei-bambini\/#primaryimage"},"image":{"@id":"https:\/\/www.sebastien-auziere.fr\/blog\/it\/emmanuel-macron-ritrova-le-gioie-della-scuola-ad-andorra-meravigliato-dagli-sguardi-dei-bambini\/#primaryimage"},"thumbnailUrl":"https:\/\/www.sebastien-auziere.fr\/blog\/wp-content\/uploads\/2026\/04\/Emmanuel-Macron-retrouve-les-joies-de-lecole-a-Andorre-emerveille-par-les-regards-des-enfants.jpg","datePublished":"2026-04-30T07:16:06+00:00","dateModified":"2026-04-30T07:16:34+00:00","description":"Emmanuel Macron retrouve les joies de l'\u00e9cole \u00e0 Andorre, touch\u00e9 par les regards \u00e9merveill\u00e9s des enfants lors de sa visite.","breadcrumb":{"@id":"https:\/\/www.sebastien-auziere.fr\/blog\/it\/emmanuel-macron-ritrova-le-gioie-della-scuola-ad-andorra-meravigliato-dagli-sguardi-dei-bambini\/#breadcrumb"},"inLanguage":"fr-FR","potentialAction":[{"@type":"ReadAction","target":["https:\/\/www.sebastien-auziere.fr\/blog\/it\/emmanuel-macron-ritrova-le-gioie-della-scuola-ad-andorra-meravigliato-dagli-sguardi-dei-bambini\/"]}]},{"@type":"ImageObject","inLanguage":"fr-FR","@id":"https:\/\/www.sebastien-auziere.fr\/blog\/it\/emmanuel-macron-ritrova-le-gioie-della-scuola-ad-andorra-meravigliato-dagli-sguardi-dei-bambini\/#primaryimage","url":"https:\/\/www.sebastien-auziere.fr\/blog\/wp-content\/uploads\/2026\/04\/Emmanuel-Macron-retrouve-les-joies-de-lecole-a-Andorre-emerveille-par-les-regards-des-enfants.jpg","contentUrl":"https:\/\/www.sebastien-auziere.fr\/blog\/wp-content\/uploads\/2026\/04\/Emmanuel-Macron-retrouve-les-joies-de-lecole-a-Andorre-emerveille-par-les-regards-des-enfants.jpg","width":2560,"height":1429,"caption":"emmanuel macron red\u00e9couvre le plaisir de l'\u00e9cole lors d'une visite en andorre, touch\u00e9 par l'\u00e9merveillement et la curiosit\u00e9 des enfants."},{"@type":"BreadcrumbList","@id":"https:\/\/www.sebastien-auziere.fr\/blog\/it\/emmanuel-macron-ritrova-le-gioie-della-scuola-ad-andorra-meravigliato-dagli-sguardi-dei-bambini\/#breadcrumb","itemListElement":[{"@type":"ListItem","position":1,"name":"Home","item":"https:\/\/www.sebastien-auziere.fr\/blog\/"},{"@type":"ListItem","position":2,"name":"Emmanuel Macron ritrova le gioie della scuola ad Andorra, meravigliato dagli sguardi dei bambini"}]},{"@type":"WebSite","@id":"https:\/\/www.sebastien-auziere.fr\/blog\/#website","url":"https:\/\/www.sebastien-auziere.fr\/blog\/","name":"Fan site S\u00e9bastien Auzi\u00e8re","description":"M\u00e9dia g\u00e9n\u00e9raliste","publisher":{"@id":"https:\/\/www.sebastien-auziere.fr\/blog\/#organization"},"potentialAction":[{"@type":"SearchAction","target":{"@type":"EntryPoint","urlTemplate":"https:\/\/www.sebastien-auziere.fr\/blog\/?s={search_term_string}"},"query-input":{"@type":"PropertyValueSpecification","valueRequired":true,"valueName":"search_term_string"}}],"inLanguage":"fr-FR"},{"@type":"Organization","@id":"https:\/\/www.sebastien-auziere.fr\/blog\/#organization","name":"Fan site S\u00e9bastien Auzi\u00e8re","url":"https:\/\/www.sebastien-auziere.fr\/blog\/","logo":{"@type":"ImageObject","inLanguage":"fr-FR","@id":"https:\/\/www.sebastien-auziere.fr\/blog\/#\/schema\/logo\/image\/","url":"https:\/\/www.sebastien-auziere.fr\/blog\/wp-content\/uploads\/2026\/03\/cropped-cropped-cropped-ChatGPT-Image-6-mars-2026-12_58_09-e1772798376794.jpg","contentUrl":"https:\/\/www.sebastien-auziere.fr\/blog\/wp-content\/uploads\/2026\/03\/cropped-cropped-cropped-ChatGPT-Image-6-mars-2026-12_58_09-e1772798376794.jpg","width":512,"height":360,"caption":"Fan site S\u00e9bastien Auzi\u00e8re"},"image":{"@id":"https:\/\/www.sebastien-auziere.fr\/blog\/#\/schema\/logo\/image\/"}},{"@type":"Person","@id":"https:\/\/www.sebastien-auziere.fr\/blog\/#\/schema\/person\/149f1acdbfd85149c6c3e59adeae2f4d","name":"Chloe Gauthier","image":{"@type":"ImageObject","inLanguage":"fr-FR","@id":"https:\/\/secure.gravatar.com\/avatar\/2c5722f58171cff738a8985ef0dd66b476e563753246a49019befc837ec4201a?s=96&d=mm&r=g","url":"https:\/\/secure.gravatar.com\/avatar\/2c5722f58171cff738a8985ef0dd66b476e563753246a49019befc837ec4201a?s=96&d=mm&r=g","contentUrl":"https:\/\/secure.gravatar.com\/avatar\/2c5722f58171cff738a8985ef0dd66b476e563753246a49019befc837ec4201a?s=96&d=mm&r=g","caption":"Chloe Gauthier"},"description":"Passionn\u00e9e par la politique et admiratrice engag\u00e9e de la famille Macron, je consacre mon \u00e9nergie \u00e0 suivre leurs initiatives et \u00e0 promouvoir leurs id\u00e9es. \u00c0 32 ans, je suis convaincue que leur vision est porteuse d'avenir.","url":"https:\/\/www.sebastien-auziere.fr\/blog\/author\/chloe-gauthier\/"}]}},"views":0,"_links":{"self":[{"href":"https:\/\/www.sebastien-auziere.fr\/blog\/wp-json\/wp\/v2\/posts\/3460","targetHints":{"allow":["GET"]}}],"collection":[{"href":"https:\/\/www.sebastien-auziere.fr\/blog\/wp-json\/wp\/v2\/posts"}],"about":[{"href":"https:\/\/www.sebastien-auziere.fr\/blog\/wp-json\/wp\/v2\/types\/post"}],"author":[{"embeddable":true,"href":"https:\/\/www.sebastien-auziere.fr\/blog\/wp-json\/wp\/v2\/users\/9"}],"replies":[{"embeddable":true,"href":"https:\/\/www.sebastien-auziere.fr\/blog\/wp-json\/wp\/v2\/comments?post=3460"}],"version-history":[{"count":1,"href":"https:\/\/www.sebastien-auziere.fr\/blog\/wp-json\/wp\/v2\/posts\/3460\/revisions"}],"predecessor-version":[{"id":3461,"href":"https:\/\/www.sebastien-auziere.fr\/blog\/wp-json\/wp\/v2\/posts\/3460\/revisions\/3461"}],"wp:featuredmedia":[{"embeddable":true,"href":"https:\/\/www.sebastien-auziere.fr\/blog\/wp-json\/wp\/v2\/media\/3452"}],"wp:attachment":[{"href":"https:\/\/www.sebastien-auziere.fr\/blog\/wp-json\/wp\/v2\/media?parent=3460"}],"wp:term":[{"taxonomy":"category","embeddable":true,"href":"https:\/\/www.sebastien-auziere.fr\/blog\/wp-json\/wp\/v2\/categories?post=3460"},{"taxonomy":"post_tag","embeddable":true,"href":"https:\/\/www.sebastien-auziere.fr\/blog\/wp-json\/wp\/v2\/tags?post=3460"}],"curies":[{"name":"wp","href":"https:\/\/api.w.org\/{rel}","templated":true}]}}