{"id":3458,"date":"2026-04-30T07:15:07","date_gmt":"2026-04-30T07:15:07","guid":{"rendered":"https:\/\/www.sebastien-auziere.fr\/blog\/?p=3458"},"modified":"2026-04-30T07:15:32","modified_gmt":"2026-04-30T07:15:32","slug":"emmanuel-macron-entdeckt-die-freuden-der-schule-in-andorra-verwundert-uber-die-blicke-der-kinder","status":"publish","type":"post","link":"https:\/\/www.sebastien-auziere.fr\/blog\/de\/emmanuel-macron-entdeckt-die-freuden-der-schule-in-andorra-verwundert-uber-die-blicke-der-kinder\/","title":{"rendered":"Emmanuel Macron entdeckt die Freuden der Schule in Andorra, verwundert \u00fcber die Blicke der Kinder"},"content":{"rendered":"<p><strong>Emmanuel Macron<\/strong> hat am Dienstag, den 28. April 2026, in <strong>Andorra<\/strong> wieder die <strong>Freuden der Schule<\/strong> entdeckt, als er Sch\u00fcler und Lehrer an der <strong>Santa Coloma<\/strong> Schule und am Gymnasium <strong>Comte-de-Foix<\/strong> traf. Bereits in diesen ersten Momenten pr\u00e4gten die <strong>staunenden Blicke<\/strong> der <strong>Kinder<\/strong> diesen <strong>Pr\u00e4sidentenbesuch<\/strong>, zwischen p\u00e4dagogischem Austausch und heiteren Momenten.<\/p>\n\n<p><strong>Kurz gesagt<\/strong>: offizielle Besuche am 27. und 28. April, Rede im Gymnasium, Betonung der <strong>Bildung<\/strong> als Br\u00fccke zwischen Frankreich und Andorra, und ein am\u00fcsanter Austausch \u00fcber Fu\u00dfball, der Sch\u00fcler und Journalisten zum L\u00e4cheln brachte.<\/p>\n\n<h2 class=\"wp-block-heading\">Pr\u00e4sidentenbesuch in Santa Coloma und Andorra-la-Vieille<\/h2>\n\n<p>W\u00e4hrend dieser pyren\u00e4ischen Etappe erinnerte sich der Pr\u00e4sident in seiner Funktion als <strong>Co-F\u00fcrst<\/strong> an seine Verantwortung gegen\u00fcber dem F\u00fcrstentum mit <strong>86.000 Einwohnern<\/strong>. Der Tag am 28. April umfasste eine Konferenz im Gymnasium und ein <strong>Treffen mit Kindern<\/strong> in der Grundschule, die Momente, die vom <a href=\"https:\/\/www.elysee.fr\/emmanuel-macron\/2026\/04\/28\/deplacement-en-andorre-deuxieme-journee\">\u00c9lys\u00e9e<\/a> abgedeckt und von der lokalen Presse kommentiert wurden.<\/p>\n\n<h2 class=\"wp-block-heading\">Treffen und staunende Blicke in den Klassen<\/h2>\n\n<p>Vor den Sch\u00fclern hoben die <strong>staunenden Blicke<\/strong> die symbolische Bedeutung dieses <strong>Teilen-Moments<\/strong> hervor. Emmanuel Macron betonte die Rolle des Bildungssystems und von Einrichtungen wie dem Gymnasium <strong>Comte-de-Foix<\/strong>, das als \u201eunvergleichliches\u201c Modell zur Vorbereitung junger Andorraner auf ein Studium in Frankreich angesehen wird.<\/p>\n\n<p>F\u00fcr den lokalen und nationalen Kontext siehe den Bericht von <a href=\"https:\/\/www.ladepeche.fr\/2026\/04\/27\/emmanuel-macron-en-andorre-ce-lundi-linfluence-sans-linjonction-13344416.php\">La D\u00e9p\u00eache<\/a>, der auf die Austausch mit der Jugend zur\u00fcckblickt.<\/p>\n\n<h3 class=\"wp-block-heading\">Bildung, Pfeiler der Beziehung zwischen Andorra und Frankreich<\/h3>\n\n<p>Der Pr\u00e4sident erinnerte daran, die \u201eUnabh\u00e4ngigkeit\u201c und die \u201eaktive Neutralit\u00e4t\u201c von <strong>Andorra<\/strong> wahren zu wollen, w\u00e4hrend er die bildungsbezogenen Bindungen st\u00e4rkt. Das Gymnasium dient als Br\u00fccke zu franz\u00f6sischen Universit\u00e4ten und tr\u00e4gt zur lokalen Entwicklung bei, eine Idee, die w\u00e4hrend der Gespr\u00e4che mit Lehrern und Schulleitern immer wieder wiederholt wurde.<\/p>\n\n<h2 class=\"wp-block-heading\">Ein ernsthafter Austausch und eine Note der Leichtigkeit<\/h2>\n\n<p>Zwischen institutionellen \u00c4u\u00dferungen und Gel\u00e4chter beantwortete der Staatschef die Fragen der Jugendlichen, sprach \u00fcber die Rolle <strong>Andorras<\/strong> in Europa und die Bedeutung der <strong>Bildung<\/strong>. Die Bemerkung \u00fcber das Spiel PSG-OM, die von den Medien aufgegriffen wurde, verlieh diesem Besuch einen freundlichen Ton.<\/p>\n\n<p>Um mehr \u00fcber die Familie Macron und ihre Vertrauten zu erfahren, entdecke Portr\u00e4ts und \u00fcberpr\u00fcfte Anekdoten \u00fcber <a href=\"https:\/\/www.sebastien-auziere.fr\/blog\/brigitte-macron-et-emmanuel-macron\/\">Brigitte und Emmanuel Macron<\/a> und das famili\u00e4re Umfeld durch das Portr\u00e4t von <a href=\"https:\/\/www.sebastien-auziere.fr\/blog\/tiphaine-auziere\/\">Tiphaine Auzi\u00e8re<\/a>. Um die kulturelle Geschichte im Zusammenhang mit Brigitte zu vertiefen, siehe auch diesen Artikel \u00fcber japanische Kunst <a href=\"https:\/\/www.sebastien-auziere.fr\/blog\/brigitte-macron-art-japonais\/\">Brigitte Macron und die japanische Kunst<\/a>. Besuche <a href=\"https:\/\/www.sebastien-auziere.fr\/blog\/qui-etait-le-premier-mari-de-madame-macron\/\">sebastien-auziere.fr<\/a>, um mehr \u00fcber S\u00e9bastien Auzi\u00e8re und die Familie Macron zu erfahren.<\/p>","protected":false},"excerpt":{"rendered":"<p>Emmanuel Macron hat am Dienstag, den 28. April 2026, in Andorra wieder die Freuden der Schule entdeckt, als er Sch\u00fcler und Lehrer an der Santa Coloma Schule und am Gymnasium Comte-de-Foix traf. Bereits in diesen ersten Momenten pr\u00e4gten die staunenden Blicke der Kinder diesen Pr\u00e4sidentenbesuch, zwischen p\u00e4dagogischem Austausch und heiteren Momenten. Kurz gesagt: offizielle Besuche &#8230; <a title=\"Emmanuel Macron entdeckt die Freuden der Schule in Andorra, verwundert \u00fcber die Blicke der Kinder\" class=\"read-more\" href=\"https:\/\/www.sebastien-auziere.fr\/blog\/de\/emmanuel-macron-entdeckt-die-freuden-der-schule-in-andorra-verwundert-uber-die-blicke-der-kinder\/\" aria-label=\"En savoir plus sur Emmanuel Macron entdeckt die Freuden der Schule in Andorra, verwundert \u00fcber die Blicke der Kinder\">Lire plus<\/a><\/p>\n","protected":false},"author":9,"featured_media":3452,"comment_status":"open","ping_status":"open","sticky":false,"template":"","format":"standard","meta":{"footnotes":""},"categories":[856],"tags":[4924,1178,4930,4933,4927],"class_list":["post-3458","post","type-post","status-publish","format-standard","has-post-thumbnail","hentry","category-aktuelles-de","tag-andorra-de","tag-emmanuel-macron-de","tag-freuden-der-schule-de","tag-kinderblick-de","tag-schule-de"],"yoast_head":"<!-- This site is optimized with the Yoast SEO plugin v27.5 - https:\/\/yoast.com\/product\/yoast-seo-wordpress\/ -->\n<title>Emmanuel Macron entdeckt die Freuden der Schule in Andorra, verwundert \u00fcber die Blicke der Kinder - Fan site S\u00e9bastien Auzi\u00e8re<\/title>\n<meta name=\"description\" content=\"Emmanuel Macron retrouve les joies de l&#039;\u00e9cole \u00e0 Andorre, touch\u00e9 par les regards \u00e9merveill\u00e9s des enfants lors de sa visite.\" \/>\n<meta name=\"robots\" content=\"index, follow, max-snippet:-1, max-image-preview:large, max-video-preview:-1\" \/>\n<link rel=\"canonical\" href=\"https:\/\/www.sebastien-auziere.fr\/blog\/de\/emmanuel-macron-entdeckt-die-freuden-der-schule-in-andorra-verwundert-uber-die-blicke-der-kinder\/\" \/>\n<meta property=\"og:locale\" content=\"fr_FR\" \/>\n<meta property=\"og:type\" content=\"article\" \/>\n<meta property=\"og:title\" content=\"Emmanuel Macron entdeckt die Freuden der Schule in Andorra, verwundert \u00fcber die Blicke der Kinder - Fan site S\u00e9bastien Auzi\u00e8re\" \/>\n<meta property=\"og:description\" content=\"Emmanuel Macron retrouve les joies de l&#039;\u00e9cole \u00e0 Andorre, touch\u00e9 par les regards \u00e9merveill\u00e9s des enfants lors de sa visite.\" \/>\n<meta property=\"og:url\" content=\"https:\/\/www.sebastien-auziere.fr\/blog\/de\/emmanuel-macron-entdeckt-die-freuden-der-schule-in-andorra-verwundert-uber-die-blicke-der-kinder\/\" \/>\n<meta property=\"og:site_name\" content=\"Fan site S\u00e9bastien Auzi\u00e8re\" \/>\n<meta property=\"article:published_time\" content=\"2026-04-30T07:15:07+00:00\" \/>\n<meta property=\"article:modified_time\" content=\"2026-04-30T07:15:32+00:00\" \/>\n<meta property=\"og:image\" content=\"https:\/\/www.sebastien-auziere.fr\/blog\/wp-content\/uploads\/2026\/04\/Emmanuel-Macron-retrouve-les-joies-de-lecole-a-Andorre-emerveille-par-les-regards-des-enfants.jpg\" \/>\n\t<meta property=\"og:image:width\" content=\"2560\" \/>\n\t<meta property=\"og:image:height\" content=\"1429\" \/>\n\t<meta property=\"og:image:type\" content=\"image\/jpeg\" \/>\n<meta name=\"author\" content=\"Chloe Gauthier\" \/>\n<meta name=\"twitter:card\" content=\"summary_large_image\" \/>\n<meta name=\"twitter:label1\" content=\"\u00c9crit par\" \/>\n\t<meta name=\"twitter:data1\" content=\"Chloe Gauthier\" \/>\n\t<meta name=\"twitter:label2\" content=\"Dur\u00e9e de lecture estim\u00e9e\" \/>\n\t<meta name=\"twitter:data2\" content=\"2 minutes\" \/>\n<script type=\"application\/ld+json\" class=\"yoast-schema-graph\">{\"@context\":\"https:\\\/\\\/schema.org\",\"@graph\":[{\"@type\":\"Article\",\"@id\":\"https:\\\/\\\/www.sebastien-auziere.fr\\\/blog\\\/de\\\/emmanuel-macron-entdeckt-die-freuden-der-schule-in-andorra-verwundert-uber-die-blicke-der-kinder\\\/#article\",\"isPartOf\":{\"@id\":\"https:\\\/\\\/www.sebastien-auziere.fr\\\/blog\\\/de\\\/emmanuel-macron-entdeckt-die-freuden-der-schule-in-andorra-verwundert-uber-die-blicke-der-kinder\\\/\"},\"author\":{\"name\":\"Chloe Gauthier\",\"@id\":\"https:\\\/\\\/www.sebastien-auziere.fr\\\/blog\\\/#\\\/schema\\\/person\\\/149f1acdbfd85149c6c3e59adeae2f4d\"},\"headline\":\"Emmanuel Macron entdeckt die Freuden der Schule in Andorra, verwundert \u00fcber die Blicke der Kinder\",\"datePublished\":\"2026-04-30T07:15:07+00:00\",\"dateModified\":\"2026-04-30T07:15:32+00:00\",\"mainEntityOfPage\":{\"@id\":\"https:\\\/\\\/www.sebastien-auziere.fr\\\/blog\\\/de\\\/emmanuel-macron-entdeckt-die-freuden-der-schule-in-andorra-verwundert-uber-die-blicke-der-kinder\\\/\"},\"wordCount\":439,\"commentCount\":0,\"publisher\":{\"@id\":\"https:\\\/\\\/www.sebastien-auziere.fr\\\/blog\\\/#organization\"},\"image\":{\"@id\":\"https:\\\/\\\/www.sebastien-auziere.fr\\\/blog\\\/de\\\/emmanuel-macron-entdeckt-die-freuden-der-schule-in-andorra-verwundert-uber-die-blicke-der-kinder\\\/#primaryimage\"},\"thumbnailUrl\":\"https:\\\/\\\/www.sebastien-auziere.fr\\\/blog\\\/wp-content\\\/uploads\\\/2026\\\/04\\\/Emmanuel-Macron-retrouve-les-joies-de-lecole-a-Andorre-emerveille-par-les-regards-des-enfants.jpg\",\"keywords\":[\"andorra\",\"emmanuel macron\",\"freuden der schule\",\"Kinderblick\",\"Schule\"],\"articleSection\":[\"Aktuelles\"],\"inLanguage\":\"fr-FR\",\"potentialAction\":[{\"@type\":\"CommentAction\",\"name\":\"Comment\",\"target\":[\"https:\\\/\\\/www.sebastien-auziere.fr\\\/blog\\\/de\\\/emmanuel-macron-entdeckt-die-freuden-der-schule-in-andorra-verwundert-uber-die-blicke-der-kinder\\\/#respond\"]}]},{\"@type\":\"WebPage\",\"@id\":\"https:\\\/\\\/www.sebastien-auziere.fr\\\/blog\\\/de\\\/emmanuel-macron-entdeckt-die-freuden-der-schule-in-andorra-verwundert-uber-die-blicke-der-kinder\\\/\",\"url\":\"https:\\\/\\\/www.sebastien-auziere.fr\\\/blog\\\/de\\\/emmanuel-macron-entdeckt-die-freuden-der-schule-in-andorra-verwundert-uber-die-blicke-der-kinder\\\/\",\"name\":\"Emmanuel Macron entdeckt die Freuden der Schule in Andorra, verwundert \u00fcber die Blicke der Kinder - Fan site S\u00e9bastien Auzi\u00e8re\",\"isPartOf\":{\"@id\":\"https:\\\/\\\/www.sebastien-auziere.fr\\\/blog\\\/#website\"},\"primaryImageOfPage\":{\"@id\":\"https:\\\/\\\/www.sebastien-auziere.fr\\\/blog\\\/de\\\/emmanuel-macron-entdeckt-die-freuden-der-schule-in-andorra-verwundert-uber-die-blicke-der-kinder\\\/#primaryimage\"},\"image\":{\"@id\":\"https:\\\/\\\/www.sebastien-auziere.fr\\\/blog\\\/de\\\/emmanuel-macron-entdeckt-die-freuden-der-schule-in-andorra-verwundert-uber-die-blicke-der-kinder\\\/#primaryimage\"},\"thumbnailUrl\":\"https:\\\/\\\/www.sebastien-auziere.fr\\\/blog\\\/wp-content\\\/uploads\\\/2026\\\/04\\\/Emmanuel-Macron-retrouve-les-joies-de-lecole-a-Andorre-emerveille-par-les-regards-des-enfants.jpg\",\"datePublished\":\"2026-04-30T07:15:07+00:00\",\"dateModified\":\"2026-04-30T07:15:32+00:00\",\"description\":\"Emmanuel Macron retrouve les joies de l'\u00e9cole \u00e0 Andorre, touch\u00e9 par les regards \u00e9merveill\u00e9s des enfants lors de sa visite.\",\"breadcrumb\":{\"@id\":\"https:\\\/\\\/www.sebastien-auziere.fr\\\/blog\\\/de\\\/emmanuel-macron-entdeckt-die-freuden-der-schule-in-andorra-verwundert-uber-die-blicke-der-kinder\\\/#breadcrumb\"},\"inLanguage\":\"fr-FR\",\"potentialAction\":[{\"@type\":\"ReadAction\",\"target\":[\"https:\\\/\\\/www.sebastien-auziere.fr\\\/blog\\\/de\\\/emmanuel-macron-entdeckt-die-freuden-der-schule-in-andorra-verwundert-uber-die-blicke-der-kinder\\\/\"]}]},{\"@type\":\"ImageObject\",\"inLanguage\":\"fr-FR\",\"@id\":\"https:\\\/\\\/www.sebastien-auziere.fr\\\/blog\\\/de\\\/emmanuel-macron-entdeckt-die-freuden-der-schule-in-andorra-verwundert-uber-die-blicke-der-kinder\\\/#primaryimage\",\"url\":\"https:\\\/\\\/www.sebastien-auziere.fr\\\/blog\\\/wp-content\\\/uploads\\\/2026\\\/04\\\/Emmanuel-Macron-retrouve-les-joies-de-lecole-a-Andorre-emerveille-par-les-regards-des-enfants.jpg\",\"contentUrl\":\"https:\\\/\\\/www.sebastien-auziere.fr\\\/blog\\\/wp-content\\\/uploads\\\/2026\\\/04\\\/Emmanuel-Macron-retrouve-les-joies-de-lecole-a-Andorre-emerveille-par-les-regards-des-enfants.jpg\",\"width\":2560,\"height\":1429,\"caption\":\"emmanuel macron red\u00e9couvre le plaisir de l'\u00e9cole lors d'une visite en andorre, touch\u00e9 par l'\u00e9merveillement et la curiosit\u00e9 des enfants.\"},{\"@type\":\"BreadcrumbList\",\"@id\":\"https:\\\/\\\/www.sebastien-auziere.fr\\\/blog\\\/de\\\/emmanuel-macron-entdeckt-die-freuden-der-schule-in-andorra-verwundert-uber-die-blicke-der-kinder\\\/#breadcrumb\",\"itemListElement\":[{\"@type\":\"ListItem\",\"position\":1,\"name\":\"Home\",\"item\":\"https:\\\/\\\/www.sebastien-auziere.fr\\\/blog\\\/\"},{\"@type\":\"ListItem\",\"position\":2,\"name\":\"Emmanuel Macron entdeckt die Freuden der Schule in Andorra, verwundert \u00fcber die Blicke der Kinder\"}]},{\"@type\":\"WebSite\",\"@id\":\"https:\\\/\\\/www.sebastien-auziere.fr\\\/blog\\\/#website\",\"url\":\"https:\\\/\\\/www.sebastien-auziere.fr\\\/blog\\\/\",\"name\":\"Fan site S\u00e9bastien Auzi\u00e8re\",\"description\":\"M\u00e9dia g\u00e9n\u00e9raliste\",\"publisher\":{\"@id\":\"https:\\\/\\\/www.sebastien-auziere.fr\\\/blog\\\/#organization\"},\"potentialAction\":[{\"@type\":\"SearchAction\",\"target\":{\"@type\":\"EntryPoint\",\"urlTemplate\":\"https:\\\/\\\/www.sebastien-auziere.fr\\\/blog\\\/?s={search_term_string}\"},\"query-input\":{\"@type\":\"PropertyValueSpecification\",\"valueRequired\":true,\"valueName\":\"search_term_string\"}}],\"inLanguage\":\"fr-FR\"},{\"@type\":\"Organization\",\"@id\":\"https:\\\/\\\/www.sebastien-auziere.fr\\\/blog\\\/#organization\",\"name\":\"Fan site S\u00e9bastien Auzi\u00e8re\",\"url\":\"https:\\\/\\\/www.sebastien-auziere.fr\\\/blog\\\/\",\"logo\":{\"@type\":\"ImageObject\",\"inLanguage\":\"fr-FR\",\"@id\":\"https:\\\/\\\/www.sebastien-auziere.fr\\\/blog\\\/#\\\/schema\\\/logo\\\/image\\\/\",\"url\":\"https:\\\/\\\/www.sebastien-auziere.fr\\\/blog\\\/wp-content\\\/uploads\\\/2026\\\/03\\\/cropped-cropped-cropped-ChatGPT-Image-6-mars-2026-12_58_09-e1772798376794.jpg\",\"contentUrl\":\"https:\\\/\\\/www.sebastien-auziere.fr\\\/blog\\\/wp-content\\\/uploads\\\/2026\\\/03\\\/cropped-cropped-cropped-ChatGPT-Image-6-mars-2026-12_58_09-e1772798376794.jpg\",\"width\":512,\"height\":360,\"caption\":\"Fan site S\u00e9bastien Auzi\u00e8re\"},\"image\":{\"@id\":\"https:\\\/\\\/www.sebastien-auziere.fr\\\/blog\\\/#\\\/schema\\\/logo\\\/image\\\/\"}},{\"@type\":\"Person\",\"@id\":\"https:\\\/\\\/www.sebastien-auziere.fr\\\/blog\\\/#\\\/schema\\\/person\\\/149f1acdbfd85149c6c3e59adeae2f4d\",\"name\":\"Chloe Gauthier\",\"image\":{\"@type\":\"ImageObject\",\"inLanguage\":\"fr-FR\",\"@id\":\"https:\\\/\\\/secure.gravatar.com\\\/avatar\\\/2c5722f58171cff738a8985ef0dd66b476e563753246a49019befc837ec4201a?s=96&d=mm&r=g\",\"url\":\"https:\\\/\\\/secure.gravatar.com\\\/avatar\\\/2c5722f58171cff738a8985ef0dd66b476e563753246a49019befc837ec4201a?s=96&d=mm&r=g\",\"contentUrl\":\"https:\\\/\\\/secure.gravatar.com\\\/avatar\\\/2c5722f58171cff738a8985ef0dd66b476e563753246a49019befc837ec4201a?s=96&d=mm&r=g\",\"caption\":\"Chloe Gauthier\"},\"description\":\"Passionn\u00e9e par la politique et admiratrice engag\u00e9e de la famille Macron, je consacre mon \u00e9nergie \u00e0 suivre leurs initiatives et \u00e0 promouvoir leurs id\u00e9es. \u00c0 32 ans, je suis convaincue que leur vision est porteuse d'avenir.\",\"url\":\"https:\\\/\\\/www.sebastien-auziere.fr\\\/blog\\\/author\\\/chloe-gauthier\\\/\"}]}<\/script>\n<!-- \/ Yoast SEO plugin. -->","yoast_head_json":{"title":"Emmanuel Macron entdeckt die Freuden der Schule in Andorra, verwundert \u00fcber die Blicke der Kinder - Fan site S\u00e9bastien Auzi\u00e8re","description":"Emmanuel Macron retrouve les joies de l'\u00e9cole \u00e0 Andorre, touch\u00e9 par les regards \u00e9merveill\u00e9s des enfants lors de sa visite.","robots":{"index":"index","follow":"follow","max-snippet":"max-snippet:-1","max-image-preview":"max-image-preview:large","max-video-preview":"max-video-preview:-1"},"canonical":"https:\/\/www.sebastien-auziere.fr\/blog\/de\/emmanuel-macron-entdeckt-die-freuden-der-schule-in-andorra-verwundert-uber-die-blicke-der-kinder\/","og_locale":"fr_FR","og_type":"article","og_title":"Emmanuel Macron entdeckt die Freuden der Schule in Andorra, verwundert \u00fcber die Blicke der Kinder - Fan site S\u00e9bastien Auzi\u00e8re","og_description":"Emmanuel Macron retrouve les joies de l'\u00e9cole \u00e0 Andorre, touch\u00e9 par les regards \u00e9merveill\u00e9s des enfants lors de sa visite.","og_url":"https:\/\/www.sebastien-auziere.fr\/blog\/de\/emmanuel-macron-entdeckt-die-freuden-der-schule-in-andorra-verwundert-uber-die-blicke-der-kinder\/","og_site_name":"Fan site S\u00e9bastien Auzi\u00e8re","article_published_time":"2026-04-30T07:15:07+00:00","article_modified_time":"2026-04-30T07:15:32+00:00","og_image":[{"width":2560,"height":1429,"url":"https:\/\/www.sebastien-auziere.fr\/blog\/wp-content\/uploads\/2026\/04\/Emmanuel-Macron-retrouve-les-joies-de-lecole-a-Andorre-emerveille-par-les-regards-des-enfants.jpg","type":"image\/jpeg"}],"author":"Chloe Gauthier","twitter_card":"summary_large_image","twitter_misc":{"\u00c9crit par":"Chloe Gauthier","Dur\u00e9e de lecture estim\u00e9e":"2 minutes"},"schema":{"@context":"https:\/\/schema.org","@graph":[{"@type":"Article","@id":"https:\/\/www.sebastien-auziere.fr\/blog\/de\/emmanuel-macron-entdeckt-die-freuden-der-schule-in-andorra-verwundert-uber-die-blicke-der-kinder\/#article","isPartOf":{"@id":"https:\/\/www.sebastien-auziere.fr\/blog\/de\/emmanuel-macron-entdeckt-die-freuden-der-schule-in-andorra-verwundert-uber-die-blicke-der-kinder\/"},"author":{"name":"Chloe Gauthier","@id":"https:\/\/www.sebastien-auziere.fr\/blog\/#\/schema\/person\/149f1acdbfd85149c6c3e59adeae2f4d"},"headline":"Emmanuel Macron entdeckt die Freuden der Schule in Andorra, verwundert \u00fcber die Blicke der Kinder","datePublished":"2026-04-30T07:15:07+00:00","dateModified":"2026-04-30T07:15:32+00:00","mainEntityOfPage":{"@id":"https:\/\/www.sebastien-auziere.fr\/blog\/de\/emmanuel-macron-entdeckt-die-freuden-der-schule-in-andorra-verwundert-uber-die-blicke-der-kinder\/"},"wordCount":439,"commentCount":0,"publisher":{"@id":"https:\/\/www.sebastien-auziere.fr\/blog\/#organization"},"image":{"@id":"https:\/\/www.sebastien-auziere.fr\/blog\/de\/emmanuel-macron-entdeckt-die-freuden-der-schule-in-andorra-verwundert-uber-die-blicke-der-kinder\/#primaryimage"},"thumbnailUrl":"https:\/\/www.sebastien-auziere.fr\/blog\/wp-content\/uploads\/2026\/04\/Emmanuel-Macron-retrouve-les-joies-de-lecole-a-Andorre-emerveille-par-les-regards-des-enfants.jpg","keywords":["andorra","emmanuel macron","freuden der schule","Kinderblick","Schule"],"articleSection":["Aktuelles"],"inLanguage":"fr-FR","potentialAction":[{"@type":"CommentAction","name":"Comment","target":["https:\/\/www.sebastien-auziere.fr\/blog\/de\/emmanuel-macron-entdeckt-die-freuden-der-schule-in-andorra-verwundert-uber-die-blicke-der-kinder\/#respond"]}]},{"@type":"WebPage","@id":"https:\/\/www.sebastien-auziere.fr\/blog\/de\/emmanuel-macron-entdeckt-die-freuden-der-schule-in-andorra-verwundert-uber-die-blicke-der-kinder\/","url":"https:\/\/www.sebastien-auziere.fr\/blog\/de\/emmanuel-macron-entdeckt-die-freuden-der-schule-in-andorra-verwundert-uber-die-blicke-der-kinder\/","name":"Emmanuel Macron entdeckt die Freuden der Schule in Andorra, verwundert \u00fcber die Blicke der Kinder - Fan site S\u00e9bastien Auzi\u00e8re","isPartOf":{"@id":"https:\/\/www.sebastien-auziere.fr\/blog\/#website"},"primaryImageOfPage":{"@id":"https:\/\/www.sebastien-auziere.fr\/blog\/de\/emmanuel-macron-entdeckt-die-freuden-der-schule-in-andorra-verwundert-uber-die-blicke-der-kinder\/#primaryimage"},"image":{"@id":"https:\/\/www.sebastien-auziere.fr\/blog\/de\/emmanuel-macron-entdeckt-die-freuden-der-schule-in-andorra-verwundert-uber-die-blicke-der-kinder\/#primaryimage"},"thumbnailUrl":"https:\/\/www.sebastien-auziere.fr\/blog\/wp-content\/uploads\/2026\/04\/Emmanuel-Macron-retrouve-les-joies-de-lecole-a-Andorre-emerveille-par-les-regards-des-enfants.jpg","datePublished":"2026-04-30T07:15:07+00:00","dateModified":"2026-04-30T07:15:32+00:00","description":"Emmanuel Macron retrouve les joies de l'\u00e9cole \u00e0 Andorre, touch\u00e9 par les regards \u00e9merveill\u00e9s des enfants lors de sa visite.","breadcrumb":{"@id":"https:\/\/www.sebastien-auziere.fr\/blog\/de\/emmanuel-macron-entdeckt-die-freuden-der-schule-in-andorra-verwundert-uber-die-blicke-der-kinder\/#breadcrumb"},"inLanguage":"fr-FR","potentialAction":[{"@type":"ReadAction","target":["https:\/\/www.sebastien-auziere.fr\/blog\/de\/emmanuel-macron-entdeckt-die-freuden-der-schule-in-andorra-verwundert-uber-die-blicke-der-kinder\/"]}]},{"@type":"ImageObject","inLanguage":"fr-FR","@id":"https:\/\/www.sebastien-auziere.fr\/blog\/de\/emmanuel-macron-entdeckt-die-freuden-der-schule-in-andorra-verwundert-uber-die-blicke-der-kinder\/#primaryimage","url":"https:\/\/www.sebastien-auziere.fr\/blog\/wp-content\/uploads\/2026\/04\/Emmanuel-Macron-retrouve-les-joies-de-lecole-a-Andorre-emerveille-par-les-regards-des-enfants.jpg","contentUrl":"https:\/\/www.sebastien-auziere.fr\/blog\/wp-content\/uploads\/2026\/04\/Emmanuel-Macron-retrouve-les-joies-de-lecole-a-Andorre-emerveille-par-les-regards-des-enfants.jpg","width":2560,"height":1429,"caption":"emmanuel macron red\u00e9couvre le plaisir de l'\u00e9cole lors d'une visite en andorre, touch\u00e9 par l'\u00e9merveillement et la curiosit\u00e9 des enfants."},{"@type":"BreadcrumbList","@id":"https:\/\/www.sebastien-auziere.fr\/blog\/de\/emmanuel-macron-entdeckt-die-freuden-der-schule-in-andorra-verwundert-uber-die-blicke-der-kinder\/#breadcrumb","itemListElement":[{"@type":"ListItem","position":1,"name":"Home","item":"https:\/\/www.sebastien-auziere.fr\/blog\/"},{"@type":"ListItem","position":2,"name":"Emmanuel Macron entdeckt die Freuden der Schule in Andorra, verwundert \u00fcber die Blicke der Kinder"}]},{"@type":"WebSite","@id":"https:\/\/www.sebastien-auziere.fr\/blog\/#website","url":"https:\/\/www.sebastien-auziere.fr\/blog\/","name":"Fan site S\u00e9bastien Auzi\u00e8re","description":"M\u00e9dia g\u00e9n\u00e9raliste","publisher":{"@id":"https:\/\/www.sebastien-auziere.fr\/blog\/#organization"},"potentialAction":[{"@type":"SearchAction","target":{"@type":"EntryPoint","urlTemplate":"https:\/\/www.sebastien-auziere.fr\/blog\/?s={search_term_string}"},"query-input":{"@type":"PropertyValueSpecification","valueRequired":true,"valueName":"search_term_string"}}],"inLanguage":"fr-FR"},{"@type":"Organization","@id":"https:\/\/www.sebastien-auziere.fr\/blog\/#organization","name":"Fan site S\u00e9bastien Auzi\u00e8re","url":"https:\/\/www.sebastien-auziere.fr\/blog\/","logo":{"@type":"ImageObject","inLanguage":"fr-FR","@id":"https:\/\/www.sebastien-auziere.fr\/blog\/#\/schema\/logo\/image\/","url":"https:\/\/www.sebastien-auziere.fr\/blog\/wp-content\/uploads\/2026\/03\/cropped-cropped-cropped-ChatGPT-Image-6-mars-2026-12_58_09-e1772798376794.jpg","contentUrl":"https:\/\/www.sebastien-auziere.fr\/blog\/wp-content\/uploads\/2026\/03\/cropped-cropped-cropped-ChatGPT-Image-6-mars-2026-12_58_09-e1772798376794.jpg","width":512,"height":360,"caption":"Fan site S\u00e9bastien Auzi\u00e8re"},"image":{"@id":"https:\/\/www.sebastien-auziere.fr\/blog\/#\/schema\/logo\/image\/"}},{"@type":"Person","@id":"https:\/\/www.sebastien-auziere.fr\/blog\/#\/schema\/person\/149f1acdbfd85149c6c3e59adeae2f4d","name":"Chloe Gauthier","image":{"@type":"ImageObject","inLanguage":"fr-FR","@id":"https:\/\/secure.gravatar.com\/avatar\/2c5722f58171cff738a8985ef0dd66b476e563753246a49019befc837ec4201a?s=96&d=mm&r=g","url":"https:\/\/secure.gravatar.com\/avatar\/2c5722f58171cff738a8985ef0dd66b476e563753246a49019befc837ec4201a?s=96&d=mm&r=g","contentUrl":"https:\/\/secure.gravatar.com\/avatar\/2c5722f58171cff738a8985ef0dd66b476e563753246a49019befc837ec4201a?s=96&d=mm&r=g","caption":"Chloe Gauthier"},"description":"Passionn\u00e9e par la politique et admiratrice engag\u00e9e de la famille Macron, je consacre mon \u00e9nergie \u00e0 suivre leurs initiatives et \u00e0 promouvoir leurs id\u00e9es. \u00c0 32 ans, je suis convaincue que leur vision est porteuse d'avenir.","url":"https:\/\/www.sebastien-auziere.fr\/blog\/author\/chloe-gauthier\/"}]}},"views":0,"_links":{"self":[{"href":"https:\/\/www.sebastien-auziere.fr\/blog\/wp-json\/wp\/v2\/posts\/3458","targetHints":{"allow":["GET"]}}],"collection":[{"href":"https:\/\/www.sebastien-auziere.fr\/blog\/wp-json\/wp\/v2\/posts"}],"about":[{"href":"https:\/\/www.sebastien-auziere.fr\/blog\/wp-json\/wp\/v2\/types\/post"}],"author":[{"embeddable":true,"href":"https:\/\/www.sebastien-auziere.fr\/blog\/wp-json\/wp\/v2\/users\/9"}],"replies":[{"embeddable":true,"href":"https:\/\/www.sebastien-auziere.fr\/blog\/wp-json\/wp\/v2\/comments?post=3458"}],"version-history":[{"count":1,"href":"https:\/\/www.sebastien-auziere.fr\/blog\/wp-json\/wp\/v2\/posts\/3458\/revisions"}],"predecessor-version":[{"id":3459,"href":"https:\/\/www.sebastien-auziere.fr\/blog\/wp-json\/wp\/v2\/posts\/3458\/revisions\/3459"}],"wp:featuredmedia":[{"embeddable":true,"href":"https:\/\/www.sebastien-auziere.fr\/blog\/wp-json\/wp\/v2\/media\/3452"}],"wp:attachment":[{"href":"https:\/\/www.sebastien-auziere.fr\/blog\/wp-json\/wp\/v2\/media?parent=3458"}],"wp:term":[{"taxonomy":"category","embeddable":true,"href":"https:\/\/www.sebastien-auziere.fr\/blog\/wp-json\/wp\/v2\/categories?post=3458"},{"taxonomy":"post_tag","embeddable":true,"href":"https:\/\/www.sebastien-auziere.fr\/blog\/wp-json\/wp\/v2\/tags?post=3458"}],"curies":[{"name":"wp","href":"https:\/\/api.w.org\/{rel}","templated":true}]}}