{"id":3456,"date":"2026-04-30T07:11:57","date_gmt":"2026-04-30T07:11:57","guid":{"rendered":"https:\/\/www.sebastien-auziere.fr\/blog\/?p=3456"},"modified":"2026-04-30T07:12:37","modified_gmt":"2026-04-30T07:12:37","slug":"emmanuel-macron-redescubre-las-alegrias-de-la-escuela-en-andorra-maravillado-por-las-miradas-de-los-ninos","status":"publish","type":"post","link":"https:\/\/www.sebastien-auziere.fr\/blog\/es\/emmanuel-macron-redescubre-las-alegrias-de-la-escuela-en-andorra-maravillado-por-las-miradas-de-los-ninos\/","title":{"rendered":"Emmanuel Macron redescubre las alegr\u00edas de la escuela en Andorra, maravillado por las miradas de los ni\u00f1os"},"content":{"rendered":"<p><strong>Emmanuel Macron<\/strong> volvi\u00f3 a disfrutar de las <strong>alegr\u00edas de la escuela<\/strong> en <strong>Andorra<\/strong> el martes 28 de abril de 2026, al reunirse con alumnos y profesores en la escuela de <strong>Santa Coloma<\/strong> y en el liceo <strong>Comte-de-Foix<\/strong>. Desde esos primeros momentos, las <strong>miradas asombradas<\/strong> de los <strong>ni\u00f1os<\/strong> marcaron esta <strong>visita presidencial<\/strong>, entre intercambios pedag\u00f3gicos y momentos de ligereza.<\/p>\n\n<p><strong>En resumidas cuentas<\/strong>: visita oficial los d\u00edas 27 y 28 de abril, discurso en el liceo, \u00e9nfasis en la <strong>educaci\u00f3n<\/strong> como puente franco-andorrano, y un intercambio divertido sobre el f\u00fatbol que sac\u00f3 sonrisas a alumnos y periodistas.<\/p>\n\n<h2 class=\"wp-block-heading\">Visita presidencial a Santa Coloma y Andorra la Vieja<\/h2>\n\n<p>Durante esta secuencia pirenaica, el Presidente, en su calidad de <strong>co-pr\u00edncipe<\/strong>, record\u00f3 su responsabilidad hacia la principado de <strong>86 000 habitantes<\/strong>. La jornada del 28 de abril inclu\u00eda una conferencia en el liceo y un <strong>encuentro con ni\u00f1os<\/strong> en la escuela primaria, momentos cubiertos por el <a href=\"https:\/\/www.elysee.fr\/emmanuel-macron\/2026\/04\/28\/deplacement-en-andorre-deuxieme-journee\">El\u00edseo<\/a> y comentados por la prensa local.<\/p>\n\n<h2 class=\"wp-block-heading\">Encuentros y miradas asombradas en las aulas<\/h2>\n\n<p>Ante los alumnos, las <strong>miradas asombradas<\/strong> subrayaron la importancia simb\u00f3lica de este <strong>momento de compartir<\/strong>. Emmanuel Macron destac\u00f3 el papel del sistema educativo y de estructuras como el liceo <strong>Comte-de-Foix<\/strong>, calificado como un modelo \u00absin equivalente\u00bb para preparar a los j\u00f3venes andorranos para estudios superiores en Francia.<\/p>\n\n<p>Para el contexto local y nacional, v\u00e9ase el reportaje de <a href=\"https:\/\/www.ladepeche.fr\/2026\/04\/27\/emmanuel-macron-en-andorre-ce-lundi-linfluence-sans-linjonction-13344416.php\">La D\u00e9p\u00eache<\/a>, que vuelve sobre los intercambios con la juventud.<\/p>\n\n<h3 class=\"wp-block-heading\">La educaci\u00f3n, pilar de la relaci\u00f3n Andorra-Francia<\/h3>\n\n<p>El Presidente record\u00f3 su deseo de preservar \u00abla independencia\u00bb y la \u00abneutralidad activa\u00bb de <strong>Andorra<\/strong>, al tiempo que se refuerzan los v\u00ednculos educativos. El liceo sirve de puente hacia las universidades francesas y contribuye al desarrollo local, una idea repetida durante las discusiones con profesores y directores.<\/p>\n\n<h2 class=\"wp-block-heading\">Un intercambio serio y un toque de ligereza<\/h2>\n\n<p>Entre propuestas institucionales y risas, el jefe de Estado respondi\u00f3 a las preguntas de los j\u00f3venes, mencionando el lugar de <strong>Andorra<\/strong> en Europa y la importancia de la <strong>educaci\u00f3n<\/strong>. La observaci\u00f3n sobre el partido PSG-OM, recogida por los medios de comunicaci\u00f3n, dio un tono amistoso a esta visita.<\/p>\n\n<p>Para saber m\u00e1s sobre la familia Macron y los allegados que giran a su alrededor, descubre retratos y an\u00e9cdotas verificadas sobre <a href=\"https:\/\/www.sebastien-auziere.fr\/blog\/brigitte-macron-et-emmanuel-macron\/\">Brigitte y Emmanuel Macron<\/a> y el mundo familiar a trav\u00e9s del retrato de <a href=\"https:\/\/www.sebastien-auziere.fr\/blog\/tiphaine-auziere\/\">Tiphaine Auzi\u00e8re<\/a>. Para profundizar en la historia cultural relacionada con Brigitte, consulta tambi\u00e9n este art\u00edculo sobre el arte japon\u00e9s <a href=\"https:\/\/www.sebastien-auziere.fr\/blog\/brigitte-macron-art-japonais\/\">Brigitte Macron y el arte japon\u00e9s<\/a>. Visita <a href=\"https:\/\/www.sebastien-auziere.fr\/blog\/qui-etait-le-premier-mari-de-madame-macron\/\">sebastien-auziere.fr<\/a> para descubrir m\u00e1s sobre S\u00e9bastien Auzi\u00e8re y la familia Macron.<\/p>","protected":false},"excerpt":{"rendered":"<p>Emmanuel Macron volvi\u00f3 a disfrutar de las alegr\u00edas de la escuela en Andorra el martes 28 de abril de 2026, al reunirse con alumnos y profesores en la escuela de Santa Coloma y en el liceo Comte-de-Foix. Desde esos primeros momentos, las miradas asombradas de los ni\u00f1os marcaron esta visita presidencial, entre intercambios pedag\u00f3gicos y &#8230; <a title=\"Emmanuel Macron redescubre las alegr\u00edas de la escuela en Andorra, maravillado por las miradas de los ni\u00f1os\" class=\"read-more\" href=\"https:\/\/www.sebastien-auziere.fr\/blog\/es\/emmanuel-macron-redescubre-las-alegrias-de-la-escuela-en-andorra-maravillado-por-las-miradas-de-los-ninos\/\" aria-label=\"En savoir plus sur Emmanuel Macron redescubre las alegr\u00edas de la escuela en Andorra, maravillado por las miradas de los ni\u00f1os\">Lire plus<\/a><\/p>\n","protected":false},"author":9,"featured_media":3452,"comment_status":"open","ping_status":"open","sticky":false,"template":"","format":"standard","meta":{"footnotes":""},"categories":[820],"tags":[4918,4912,1166,4915,4921],"class_list":["post-3456","post","type-post","status-publish","format-standard","has-post-thumbnail","hentry","category-actualidades-es","tag-alegrias-de-la-escuela-es","tag-andorra-es","tag-emmanuel-macron-es","tag-escuela-es","tag-regards-de-los-ninos-es"],"yoast_head":"<!-- This site is optimized with the Yoast SEO plugin v27.5 - https:\/\/yoast.com\/product\/yoast-seo-wordpress\/ -->\n<title>Emmanuel Macron redescubre las alegr\u00edas de la escuela en Andorra, maravillado por las miradas de los ni\u00f1os - Fan site S\u00e9bastien Auzi\u00e8re<\/title>\n<meta name=\"description\" content=\"Emmanuel Macron retrouve les joies de l&#039;\u00e9cole \u00e0 Andorre, touch\u00e9 par les regards \u00e9merveill\u00e9s des enfants lors de sa visite.\" \/>\n<meta name=\"robots\" content=\"index, follow, max-snippet:-1, max-image-preview:large, max-video-preview:-1\" \/>\n<link rel=\"canonical\" href=\"https:\/\/www.sebastien-auziere.fr\/blog\/es\/emmanuel-macron-redescubre-las-alegrias-de-la-escuela-en-andorra-maravillado-por-las-miradas-de-los-ninos\/\" \/>\n<meta property=\"og:locale\" content=\"fr_FR\" \/>\n<meta property=\"og:type\" content=\"article\" \/>\n<meta property=\"og:title\" content=\"Emmanuel Macron redescubre las alegr\u00edas de la escuela en Andorra, maravillado por las miradas de los ni\u00f1os - Fan site S\u00e9bastien Auzi\u00e8re\" \/>\n<meta property=\"og:description\" content=\"Emmanuel Macron retrouve les joies de l&#039;\u00e9cole \u00e0 Andorre, touch\u00e9 par les regards \u00e9merveill\u00e9s des enfants lors de sa visite.\" \/>\n<meta property=\"og:url\" content=\"https:\/\/www.sebastien-auziere.fr\/blog\/es\/emmanuel-macron-redescubre-las-alegrias-de-la-escuela-en-andorra-maravillado-por-las-miradas-de-los-ninos\/\" \/>\n<meta property=\"og:site_name\" content=\"Fan site S\u00e9bastien Auzi\u00e8re\" \/>\n<meta property=\"article:published_time\" content=\"2026-04-30T07:11:57+00:00\" \/>\n<meta property=\"article:modified_time\" content=\"2026-04-30T07:12:37+00:00\" \/>\n<meta property=\"og:image\" content=\"https:\/\/www.sebastien-auziere.fr\/blog\/wp-content\/uploads\/2026\/04\/Emmanuel-Macron-retrouve-les-joies-de-lecole-a-Andorre-emerveille-par-les-regards-des-enfants.jpg\" \/>\n\t<meta property=\"og:image:width\" content=\"2560\" \/>\n\t<meta property=\"og:image:height\" content=\"1429\" \/>\n\t<meta property=\"og:image:type\" content=\"image\/jpeg\" \/>\n<meta name=\"author\" content=\"Chloe Gauthier\" \/>\n<meta name=\"twitter:card\" content=\"summary_large_image\" \/>\n<meta name=\"twitter:label1\" content=\"\u00c9crit par\" \/>\n\t<meta name=\"twitter:data1\" content=\"Chloe Gauthier\" \/>\n\t<meta name=\"twitter:label2\" content=\"Dur\u00e9e de lecture estim\u00e9e\" \/>\n\t<meta name=\"twitter:data2\" content=\"2 minutes\" \/>\n<script type=\"application\/ld+json\" class=\"yoast-schema-graph\">{\"@context\":\"https:\\\/\\\/schema.org\",\"@graph\":[{\"@type\":\"Article\",\"@id\":\"https:\\\/\\\/www.sebastien-auziere.fr\\\/blog\\\/es\\\/emmanuel-macron-redescubre-las-alegrias-de-la-escuela-en-andorra-maravillado-por-las-miradas-de-los-ninos\\\/#article\",\"isPartOf\":{\"@id\":\"https:\\\/\\\/www.sebastien-auziere.fr\\\/blog\\\/es\\\/emmanuel-macron-redescubre-las-alegrias-de-la-escuela-en-andorra-maravillado-por-las-miradas-de-los-ninos\\\/\"},\"author\":{\"name\":\"Chloe Gauthier\",\"@id\":\"https:\\\/\\\/www.sebastien-auziere.fr\\\/blog\\\/#\\\/schema\\\/person\\\/149f1acdbfd85149c6c3e59adeae2f4d\"},\"headline\":\"Emmanuel Macron redescubre las alegr\u00edas de la escuela en Andorra, maravillado por las miradas de los ni\u00f1os\",\"datePublished\":\"2026-04-30T07:11:57+00:00\",\"dateModified\":\"2026-04-30T07:12:37+00:00\",\"mainEntityOfPage\":{\"@id\":\"https:\\\/\\\/www.sebastien-auziere.fr\\\/blog\\\/es\\\/emmanuel-macron-redescubre-las-alegrias-de-la-escuela-en-andorra-maravillado-por-las-miradas-de-los-ninos\\\/\"},\"wordCount\":458,\"commentCount\":0,\"publisher\":{\"@id\":\"https:\\\/\\\/www.sebastien-auziere.fr\\\/blog\\\/#organization\"},\"image\":{\"@id\":\"https:\\\/\\\/www.sebastien-auziere.fr\\\/blog\\\/es\\\/emmanuel-macron-redescubre-las-alegrias-de-la-escuela-en-andorra-maravillado-por-las-miradas-de-los-ninos\\\/#primaryimage\"},\"thumbnailUrl\":\"https:\\\/\\\/www.sebastien-auziere.fr\\\/blog\\\/wp-content\\\/uploads\\\/2026\\\/04\\\/Emmanuel-Macron-retrouve-les-joies-de-lecole-a-Andorre-emerveille-par-les-regards-des-enfants.jpg\",\"keywords\":[\"alegr\u00edas de la escuela\",\"andorra\",\"emmanuel macron\",\"escuela\",\"regards de los ni\u00f1os\"],\"articleSection\":[\"Actualidades\"],\"inLanguage\":\"fr-FR\",\"potentialAction\":[{\"@type\":\"CommentAction\",\"name\":\"Comment\",\"target\":[\"https:\\\/\\\/www.sebastien-auziere.fr\\\/blog\\\/es\\\/emmanuel-macron-redescubre-las-alegrias-de-la-escuela-en-andorra-maravillado-por-las-miradas-de-los-ninos\\\/#respond\"]}]},{\"@type\":\"WebPage\",\"@id\":\"https:\\\/\\\/www.sebastien-auziere.fr\\\/blog\\\/es\\\/emmanuel-macron-redescubre-las-alegrias-de-la-escuela-en-andorra-maravillado-por-las-miradas-de-los-ninos\\\/\",\"url\":\"https:\\\/\\\/www.sebastien-auziere.fr\\\/blog\\\/es\\\/emmanuel-macron-redescubre-las-alegrias-de-la-escuela-en-andorra-maravillado-por-las-miradas-de-los-ninos\\\/\",\"name\":\"Emmanuel Macron redescubre las alegr\u00edas de la escuela en Andorra, maravillado por las miradas de los ni\u00f1os - Fan site S\u00e9bastien Auzi\u00e8re\",\"isPartOf\":{\"@id\":\"https:\\\/\\\/www.sebastien-auziere.fr\\\/blog\\\/#website\"},\"primaryImageOfPage\":{\"@id\":\"https:\\\/\\\/www.sebastien-auziere.fr\\\/blog\\\/es\\\/emmanuel-macron-redescubre-las-alegrias-de-la-escuela-en-andorra-maravillado-por-las-miradas-de-los-ninos\\\/#primaryimage\"},\"image\":{\"@id\":\"https:\\\/\\\/www.sebastien-auziere.fr\\\/blog\\\/es\\\/emmanuel-macron-redescubre-las-alegrias-de-la-escuela-en-andorra-maravillado-por-las-miradas-de-los-ninos\\\/#primaryimage\"},\"thumbnailUrl\":\"https:\\\/\\\/www.sebastien-auziere.fr\\\/blog\\\/wp-content\\\/uploads\\\/2026\\\/04\\\/Emmanuel-Macron-retrouve-les-joies-de-lecole-a-Andorre-emerveille-par-les-regards-des-enfants.jpg\",\"datePublished\":\"2026-04-30T07:11:57+00:00\",\"dateModified\":\"2026-04-30T07:12:37+00:00\",\"description\":\"Emmanuel Macron retrouve les joies de l'\u00e9cole \u00e0 Andorre, touch\u00e9 par les regards \u00e9merveill\u00e9s des enfants lors de sa visite.\",\"breadcrumb\":{\"@id\":\"https:\\\/\\\/www.sebastien-auziere.fr\\\/blog\\\/es\\\/emmanuel-macron-redescubre-las-alegrias-de-la-escuela-en-andorra-maravillado-por-las-miradas-de-los-ninos\\\/#breadcrumb\"},\"inLanguage\":\"fr-FR\",\"potentialAction\":[{\"@type\":\"ReadAction\",\"target\":[\"https:\\\/\\\/www.sebastien-auziere.fr\\\/blog\\\/es\\\/emmanuel-macron-redescubre-las-alegrias-de-la-escuela-en-andorra-maravillado-por-las-miradas-de-los-ninos\\\/\"]}]},{\"@type\":\"ImageObject\",\"inLanguage\":\"fr-FR\",\"@id\":\"https:\\\/\\\/www.sebastien-auziere.fr\\\/blog\\\/es\\\/emmanuel-macron-redescubre-las-alegrias-de-la-escuela-en-andorra-maravillado-por-las-miradas-de-los-ninos\\\/#primaryimage\",\"url\":\"https:\\\/\\\/www.sebastien-auziere.fr\\\/blog\\\/wp-content\\\/uploads\\\/2026\\\/04\\\/Emmanuel-Macron-retrouve-les-joies-de-lecole-a-Andorre-emerveille-par-les-regards-des-enfants.jpg\",\"contentUrl\":\"https:\\\/\\\/www.sebastien-auziere.fr\\\/blog\\\/wp-content\\\/uploads\\\/2026\\\/04\\\/Emmanuel-Macron-retrouve-les-joies-de-lecole-a-Andorre-emerveille-par-les-regards-des-enfants.jpg\",\"width\":2560,\"height\":1429,\"caption\":\"emmanuel macron red\u00e9couvre le plaisir de l'\u00e9cole lors d'une visite en andorre, touch\u00e9 par l'\u00e9merveillement et la curiosit\u00e9 des enfants.\"},{\"@type\":\"BreadcrumbList\",\"@id\":\"https:\\\/\\\/www.sebastien-auziere.fr\\\/blog\\\/es\\\/emmanuel-macron-redescubre-las-alegrias-de-la-escuela-en-andorra-maravillado-por-las-miradas-de-los-ninos\\\/#breadcrumb\",\"itemListElement\":[{\"@type\":\"ListItem\",\"position\":1,\"name\":\"Home\",\"item\":\"https:\\\/\\\/www.sebastien-auziere.fr\\\/blog\\\/\"},{\"@type\":\"ListItem\",\"position\":2,\"name\":\"Emmanuel Macron redescubre las alegr\u00edas de la escuela en Andorra, maravillado por las miradas de los ni\u00f1os\"}]},{\"@type\":\"WebSite\",\"@id\":\"https:\\\/\\\/www.sebastien-auziere.fr\\\/blog\\\/#website\",\"url\":\"https:\\\/\\\/www.sebastien-auziere.fr\\\/blog\\\/\",\"name\":\"Fan site S\u00e9bastien Auzi\u00e8re\",\"description\":\"M\u00e9dia g\u00e9n\u00e9raliste\",\"publisher\":{\"@id\":\"https:\\\/\\\/www.sebastien-auziere.fr\\\/blog\\\/#organization\"},\"potentialAction\":[{\"@type\":\"SearchAction\",\"target\":{\"@type\":\"EntryPoint\",\"urlTemplate\":\"https:\\\/\\\/www.sebastien-auziere.fr\\\/blog\\\/?s={search_term_string}\"},\"query-input\":{\"@type\":\"PropertyValueSpecification\",\"valueRequired\":true,\"valueName\":\"search_term_string\"}}],\"inLanguage\":\"fr-FR\"},{\"@type\":\"Organization\",\"@id\":\"https:\\\/\\\/www.sebastien-auziere.fr\\\/blog\\\/#organization\",\"name\":\"Fan site S\u00e9bastien Auzi\u00e8re\",\"url\":\"https:\\\/\\\/www.sebastien-auziere.fr\\\/blog\\\/\",\"logo\":{\"@type\":\"ImageObject\",\"inLanguage\":\"fr-FR\",\"@id\":\"https:\\\/\\\/www.sebastien-auziere.fr\\\/blog\\\/#\\\/schema\\\/logo\\\/image\\\/\",\"url\":\"https:\\\/\\\/www.sebastien-auziere.fr\\\/blog\\\/wp-content\\\/uploads\\\/2026\\\/03\\\/cropped-cropped-cropped-ChatGPT-Image-6-mars-2026-12_58_09-e1772798376794.jpg\",\"contentUrl\":\"https:\\\/\\\/www.sebastien-auziere.fr\\\/blog\\\/wp-content\\\/uploads\\\/2026\\\/03\\\/cropped-cropped-cropped-ChatGPT-Image-6-mars-2026-12_58_09-e1772798376794.jpg\",\"width\":512,\"height\":360,\"caption\":\"Fan site S\u00e9bastien Auzi\u00e8re\"},\"image\":{\"@id\":\"https:\\\/\\\/www.sebastien-auziere.fr\\\/blog\\\/#\\\/schema\\\/logo\\\/image\\\/\"}},{\"@type\":\"Person\",\"@id\":\"https:\\\/\\\/www.sebastien-auziere.fr\\\/blog\\\/#\\\/schema\\\/person\\\/149f1acdbfd85149c6c3e59adeae2f4d\",\"name\":\"Chloe Gauthier\",\"image\":{\"@type\":\"ImageObject\",\"inLanguage\":\"fr-FR\",\"@id\":\"https:\\\/\\\/secure.gravatar.com\\\/avatar\\\/2c5722f58171cff738a8985ef0dd66b476e563753246a49019befc837ec4201a?s=96&d=mm&r=g\",\"url\":\"https:\\\/\\\/secure.gravatar.com\\\/avatar\\\/2c5722f58171cff738a8985ef0dd66b476e563753246a49019befc837ec4201a?s=96&d=mm&r=g\",\"contentUrl\":\"https:\\\/\\\/secure.gravatar.com\\\/avatar\\\/2c5722f58171cff738a8985ef0dd66b476e563753246a49019befc837ec4201a?s=96&d=mm&r=g\",\"caption\":\"Chloe Gauthier\"},\"description\":\"Passionn\u00e9e par la politique et admiratrice engag\u00e9e de la famille Macron, je consacre mon \u00e9nergie \u00e0 suivre leurs initiatives et \u00e0 promouvoir leurs id\u00e9es. \u00c0 32 ans, je suis convaincue que leur vision est porteuse d'avenir.\",\"url\":\"https:\\\/\\\/www.sebastien-auziere.fr\\\/blog\\\/author\\\/chloe-gauthier\\\/\"}]}<\/script>\n<!-- \/ Yoast SEO plugin. -->","yoast_head_json":{"title":"Emmanuel Macron redescubre las alegr\u00edas de la escuela en Andorra, maravillado por las miradas de los ni\u00f1os - Fan site S\u00e9bastien Auzi\u00e8re","description":"Emmanuel Macron retrouve les joies de l'\u00e9cole \u00e0 Andorre, touch\u00e9 par les regards \u00e9merveill\u00e9s des enfants lors de sa visite.","robots":{"index":"index","follow":"follow","max-snippet":"max-snippet:-1","max-image-preview":"max-image-preview:large","max-video-preview":"max-video-preview:-1"},"canonical":"https:\/\/www.sebastien-auziere.fr\/blog\/es\/emmanuel-macron-redescubre-las-alegrias-de-la-escuela-en-andorra-maravillado-por-las-miradas-de-los-ninos\/","og_locale":"fr_FR","og_type":"article","og_title":"Emmanuel Macron redescubre las alegr\u00edas de la escuela en Andorra, maravillado por las miradas de los ni\u00f1os - Fan site S\u00e9bastien Auzi\u00e8re","og_description":"Emmanuel Macron retrouve les joies de l'\u00e9cole \u00e0 Andorre, touch\u00e9 par les regards \u00e9merveill\u00e9s des enfants lors de sa visite.","og_url":"https:\/\/www.sebastien-auziere.fr\/blog\/es\/emmanuel-macron-redescubre-las-alegrias-de-la-escuela-en-andorra-maravillado-por-las-miradas-de-los-ninos\/","og_site_name":"Fan site S\u00e9bastien Auzi\u00e8re","article_published_time":"2026-04-30T07:11:57+00:00","article_modified_time":"2026-04-30T07:12:37+00:00","og_image":[{"width":2560,"height":1429,"url":"https:\/\/www.sebastien-auziere.fr\/blog\/wp-content\/uploads\/2026\/04\/Emmanuel-Macron-retrouve-les-joies-de-lecole-a-Andorre-emerveille-par-les-regards-des-enfants.jpg","type":"image\/jpeg"}],"author":"Chloe Gauthier","twitter_card":"summary_large_image","twitter_misc":{"\u00c9crit par":"Chloe Gauthier","Dur\u00e9e de lecture estim\u00e9e":"2 minutes"},"schema":{"@context":"https:\/\/schema.org","@graph":[{"@type":"Article","@id":"https:\/\/www.sebastien-auziere.fr\/blog\/es\/emmanuel-macron-redescubre-las-alegrias-de-la-escuela-en-andorra-maravillado-por-las-miradas-de-los-ninos\/#article","isPartOf":{"@id":"https:\/\/www.sebastien-auziere.fr\/blog\/es\/emmanuel-macron-redescubre-las-alegrias-de-la-escuela-en-andorra-maravillado-por-las-miradas-de-los-ninos\/"},"author":{"name":"Chloe Gauthier","@id":"https:\/\/www.sebastien-auziere.fr\/blog\/#\/schema\/person\/149f1acdbfd85149c6c3e59adeae2f4d"},"headline":"Emmanuel Macron redescubre las alegr\u00edas de la escuela en Andorra, maravillado por las miradas de los ni\u00f1os","datePublished":"2026-04-30T07:11:57+00:00","dateModified":"2026-04-30T07:12:37+00:00","mainEntityOfPage":{"@id":"https:\/\/www.sebastien-auziere.fr\/blog\/es\/emmanuel-macron-redescubre-las-alegrias-de-la-escuela-en-andorra-maravillado-por-las-miradas-de-los-ninos\/"},"wordCount":458,"commentCount":0,"publisher":{"@id":"https:\/\/www.sebastien-auziere.fr\/blog\/#organization"},"image":{"@id":"https:\/\/www.sebastien-auziere.fr\/blog\/es\/emmanuel-macron-redescubre-las-alegrias-de-la-escuela-en-andorra-maravillado-por-las-miradas-de-los-ninos\/#primaryimage"},"thumbnailUrl":"https:\/\/www.sebastien-auziere.fr\/blog\/wp-content\/uploads\/2026\/04\/Emmanuel-Macron-retrouve-les-joies-de-lecole-a-Andorre-emerveille-par-les-regards-des-enfants.jpg","keywords":["alegr\u00edas de la escuela","andorra","emmanuel macron","escuela","regards de los ni\u00f1os"],"articleSection":["Actualidades"],"inLanguage":"fr-FR","potentialAction":[{"@type":"CommentAction","name":"Comment","target":["https:\/\/www.sebastien-auziere.fr\/blog\/es\/emmanuel-macron-redescubre-las-alegrias-de-la-escuela-en-andorra-maravillado-por-las-miradas-de-los-ninos\/#respond"]}]},{"@type":"WebPage","@id":"https:\/\/www.sebastien-auziere.fr\/blog\/es\/emmanuel-macron-redescubre-las-alegrias-de-la-escuela-en-andorra-maravillado-por-las-miradas-de-los-ninos\/","url":"https:\/\/www.sebastien-auziere.fr\/blog\/es\/emmanuel-macron-redescubre-las-alegrias-de-la-escuela-en-andorra-maravillado-por-las-miradas-de-los-ninos\/","name":"Emmanuel Macron redescubre las alegr\u00edas de la escuela en Andorra, maravillado por las miradas de los ni\u00f1os - Fan site S\u00e9bastien Auzi\u00e8re","isPartOf":{"@id":"https:\/\/www.sebastien-auziere.fr\/blog\/#website"},"primaryImageOfPage":{"@id":"https:\/\/www.sebastien-auziere.fr\/blog\/es\/emmanuel-macron-redescubre-las-alegrias-de-la-escuela-en-andorra-maravillado-por-las-miradas-de-los-ninos\/#primaryimage"},"image":{"@id":"https:\/\/www.sebastien-auziere.fr\/blog\/es\/emmanuel-macron-redescubre-las-alegrias-de-la-escuela-en-andorra-maravillado-por-las-miradas-de-los-ninos\/#primaryimage"},"thumbnailUrl":"https:\/\/www.sebastien-auziere.fr\/blog\/wp-content\/uploads\/2026\/04\/Emmanuel-Macron-retrouve-les-joies-de-lecole-a-Andorre-emerveille-par-les-regards-des-enfants.jpg","datePublished":"2026-04-30T07:11:57+00:00","dateModified":"2026-04-30T07:12:37+00:00","description":"Emmanuel Macron retrouve les joies de l'\u00e9cole \u00e0 Andorre, touch\u00e9 par les regards \u00e9merveill\u00e9s des enfants lors de sa visite.","breadcrumb":{"@id":"https:\/\/www.sebastien-auziere.fr\/blog\/es\/emmanuel-macron-redescubre-las-alegrias-de-la-escuela-en-andorra-maravillado-por-las-miradas-de-los-ninos\/#breadcrumb"},"inLanguage":"fr-FR","potentialAction":[{"@type":"ReadAction","target":["https:\/\/www.sebastien-auziere.fr\/blog\/es\/emmanuel-macron-redescubre-las-alegrias-de-la-escuela-en-andorra-maravillado-por-las-miradas-de-los-ninos\/"]}]},{"@type":"ImageObject","inLanguage":"fr-FR","@id":"https:\/\/www.sebastien-auziere.fr\/blog\/es\/emmanuel-macron-redescubre-las-alegrias-de-la-escuela-en-andorra-maravillado-por-las-miradas-de-los-ninos\/#primaryimage","url":"https:\/\/www.sebastien-auziere.fr\/blog\/wp-content\/uploads\/2026\/04\/Emmanuel-Macron-retrouve-les-joies-de-lecole-a-Andorre-emerveille-par-les-regards-des-enfants.jpg","contentUrl":"https:\/\/www.sebastien-auziere.fr\/blog\/wp-content\/uploads\/2026\/04\/Emmanuel-Macron-retrouve-les-joies-de-lecole-a-Andorre-emerveille-par-les-regards-des-enfants.jpg","width":2560,"height":1429,"caption":"emmanuel macron red\u00e9couvre le plaisir de l'\u00e9cole lors d'une visite en andorre, touch\u00e9 par l'\u00e9merveillement et la curiosit\u00e9 des enfants."},{"@type":"BreadcrumbList","@id":"https:\/\/www.sebastien-auziere.fr\/blog\/es\/emmanuel-macron-redescubre-las-alegrias-de-la-escuela-en-andorra-maravillado-por-las-miradas-de-los-ninos\/#breadcrumb","itemListElement":[{"@type":"ListItem","position":1,"name":"Home","item":"https:\/\/www.sebastien-auziere.fr\/blog\/"},{"@type":"ListItem","position":2,"name":"Emmanuel Macron redescubre las alegr\u00edas de la escuela en Andorra, maravillado por las miradas de los ni\u00f1os"}]},{"@type":"WebSite","@id":"https:\/\/www.sebastien-auziere.fr\/blog\/#website","url":"https:\/\/www.sebastien-auziere.fr\/blog\/","name":"Fan site S\u00e9bastien Auzi\u00e8re","description":"M\u00e9dia g\u00e9n\u00e9raliste","publisher":{"@id":"https:\/\/www.sebastien-auziere.fr\/blog\/#organization"},"potentialAction":[{"@type":"SearchAction","target":{"@type":"EntryPoint","urlTemplate":"https:\/\/www.sebastien-auziere.fr\/blog\/?s={search_term_string}"},"query-input":{"@type":"PropertyValueSpecification","valueRequired":true,"valueName":"search_term_string"}}],"inLanguage":"fr-FR"},{"@type":"Organization","@id":"https:\/\/www.sebastien-auziere.fr\/blog\/#organization","name":"Fan site S\u00e9bastien Auzi\u00e8re","url":"https:\/\/www.sebastien-auziere.fr\/blog\/","logo":{"@type":"ImageObject","inLanguage":"fr-FR","@id":"https:\/\/www.sebastien-auziere.fr\/blog\/#\/schema\/logo\/image\/","url":"https:\/\/www.sebastien-auziere.fr\/blog\/wp-content\/uploads\/2026\/03\/cropped-cropped-cropped-ChatGPT-Image-6-mars-2026-12_58_09-e1772798376794.jpg","contentUrl":"https:\/\/www.sebastien-auziere.fr\/blog\/wp-content\/uploads\/2026\/03\/cropped-cropped-cropped-ChatGPT-Image-6-mars-2026-12_58_09-e1772798376794.jpg","width":512,"height":360,"caption":"Fan site S\u00e9bastien Auzi\u00e8re"},"image":{"@id":"https:\/\/www.sebastien-auziere.fr\/blog\/#\/schema\/logo\/image\/"}},{"@type":"Person","@id":"https:\/\/www.sebastien-auziere.fr\/blog\/#\/schema\/person\/149f1acdbfd85149c6c3e59adeae2f4d","name":"Chloe Gauthier","image":{"@type":"ImageObject","inLanguage":"fr-FR","@id":"https:\/\/secure.gravatar.com\/avatar\/2c5722f58171cff738a8985ef0dd66b476e563753246a49019befc837ec4201a?s=96&d=mm&r=g","url":"https:\/\/secure.gravatar.com\/avatar\/2c5722f58171cff738a8985ef0dd66b476e563753246a49019befc837ec4201a?s=96&d=mm&r=g","contentUrl":"https:\/\/secure.gravatar.com\/avatar\/2c5722f58171cff738a8985ef0dd66b476e563753246a49019befc837ec4201a?s=96&d=mm&r=g","caption":"Chloe Gauthier"},"description":"Passionn\u00e9e par la politique et admiratrice engag\u00e9e de la famille Macron, je consacre mon \u00e9nergie \u00e0 suivre leurs initiatives et \u00e0 promouvoir leurs id\u00e9es. \u00c0 32 ans, je suis convaincue que leur vision est porteuse d'avenir.","url":"https:\/\/www.sebastien-auziere.fr\/blog\/author\/chloe-gauthier\/"}]}},"views":0,"_links":{"self":[{"href":"https:\/\/www.sebastien-auziere.fr\/blog\/wp-json\/wp\/v2\/posts\/3456","targetHints":{"allow":["GET"]}}],"collection":[{"href":"https:\/\/www.sebastien-auziere.fr\/blog\/wp-json\/wp\/v2\/posts"}],"about":[{"href":"https:\/\/www.sebastien-auziere.fr\/blog\/wp-json\/wp\/v2\/types\/post"}],"author":[{"embeddable":true,"href":"https:\/\/www.sebastien-auziere.fr\/blog\/wp-json\/wp\/v2\/users\/9"}],"replies":[{"embeddable":true,"href":"https:\/\/www.sebastien-auziere.fr\/blog\/wp-json\/wp\/v2\/comments?post=3456"}],"version-history":[{"count":1,"href":"https:\/\/www.sebastien-auziere.fr\/blog\/wp-json\/wp\/v2\/posts\/3456\/revisions"}],"predecessor-version":[{"id":3457,"href":"https:\/\/www.sebastien-auziere.fr\/blog\/wp-json\/wp\/v2\/posts\/3456\/revisions\/3457"}],"wp:featuredmedia":[{"embeddable":true,"href":"https:\/\/www.sebastien-auziere.fr\/blog\/wp-json\/wp\/v2\/media\/3452"}],"wp:attachment":[{"href":"https:\/\/www.sebastien-auziere.fr\/blog\/wp-json\/wp\/v2\/media?parent=3456"}],"wp:term":[{"taxonomy":"category","embeddable":true,"href":"https:\/\/www.sebastien-auziere.fr\/blog\/wp-json\/wp\/v2\/categories?post=3456"},{"taxonomy":"post_tag","embeddable":true,"href":"https:\/\/www.sebastien-auziere.fr\/blog\/wp-json\/wp\/v2\/tags?post=3456"}],"curies":[{"name":"wp","href":"https:\/\/api.w.org\/{rel}","templated":true}]}}