{"id":3454,"date":"2026-04-30T07:10:39","date_gmt":"2026-04-30T07:10:39","guid":{"rendered":"https:\/\/www.sebastien-auziere.fr\/blog\/?p=3454"},"modified":"2026-04-30T07:11:27","modified_gmt":"2026-04-30T07:11:27","slug":"emmanuel-macron-rediscovers-the-joys-of-school-in-andorra-amazed-by-the-childrens-gazes","status":"publish","type":"post","link":"https:\/\/www.sebastien-auziere.fr\/blog\/en\/emmanuel-macron-rediscovers-the-joys-of-school-in-andorra-amazed-by-the-childrens-gazes\/","title":{"rendered":"Emmanuel Macron rediscovers the joys of school in Andorra, amazed by the children&rsquo;s gazes"},"content":{"rendered":"<p><strong>Emmanuel Macron<\/strong> rediscovered the <strong>joys of school<\/strong> in <strong>Andorra<\/strong> on Tuesday, April 28, 2026, by meeting students and teachers at the <strong>Santa Coloma<\/strong> school and the <strong>Comte-de-Foix<\/strong> high school. From the very beginning, the <strong>amazed looks<\/strong> of the <strong>children<\/strong> marked this <strong>presidential visit<\/strong>, filled with educational exchanges and moments of lightness.<\/p>\n\n<p><strong>In brief<\/strong>: official visit on April 27 and 28, speeches at the high school, emphasis on <strong>education<\/strong> as a Franco-Andorran bridge, and a fun exchange about football that made students and journalists smile.<\/p>\n\n<h2 class=\"wp-block-heading\">Presidential visit to Santa Coloma and Andorra-la-Vieille<\/h2>\n\n<p>During this Pyrenean sequence, the President, in his capacity as <strong>co-prince<\/strong>, recalled his responsibility towards the principality of <strong>86,000 inhabitants<\/strong>. The day of April 28 included a conference at the high school and a <strong>children&rsquo;s meeting<\/strong> at the primary school, moments covered by the <a href=\"https:\/\/www.elysee.fr\/emmanuel-macron\/2026\/04\/28\/deplacement-en-andorre-deuxieme-journee\">\u00c9lys\u00e9e<\/a> and commented on by the local press.<\/p>\n\n<h2 class=\"wp-block-heading\">Meetings and amazed looks in the classrooms<\/h2>\n\n<p>In front of the students, the <strong>amazed looks<\/strong> highlighted the symbolic importance of this <strong>moment of sharing<\/strong>. Emmanuel Macron emphasized the role of the educational system and structures like the <strong>Comte-de-Foix<\/strong> high school, described as a \u00ab\u00a0unique\u00a0\u00bb model for preparing young Andorrans for higher education in France.<\/p>\n\n<p>For local and national context, see the report from <a href=\"https:\/\/www.ladepeche.fr\/2026\/04\/27\/emmanuel-macron-en-andorre-ce-lundi-linfluence-sans-linjonction-13344416.php\">La D\u00e9p\u00eache<\/a>, which revisits the exchanges with youth.<\/p>\n\n<h3 class=\"wp-block-heading\">Education, a pillar of the Andorra-France relationship<\/h3>\n\n<p>The President reminded that he wants to preserve \u00ab\u00a0the independence\u00a0\u00bb and \u00ab\u00a0active neutrality\u00a0\u00bb of <strong>Andorra<\/strong>, while strengthening educational ties. The high school serves as a bridge to French universities and contributes to local development, an idea reiterated during discussions with teachers and principals.<\/p>\n\n<h2 class=\"wp-block-heading\">A serious exchange and a touch of lightness<\/h2>\n\n<p>Amid institutional remarks and bursts of laughter, the head of state answered questions from the teenagers, discussing <strong>Andorra<\/strong>&lsquo;s place in Europe and the importance of <strong>education<\/strong>. A comment about the PSG-OM match, picked up by the media, gave a friendly tone to this visit.<\/p>\n\n<p>To learn more about the Macron family and those close to them, discover verified portraits and anecdotes about <a href=\"https:\/\/www.sebastien-auziere.fr\/blog\/brigitte-macron-et-emmanuel-macron\/\">Brigitte and Emmanuel Macron<\/a> and the family universe through the portrait of <a href=\"https:\/\/www.sebastien-auziere.fr\/blog\/tiphaine-auziere\/\">Tiphaine Auzi\u00e8re<\/a>. To delve deeper into the cultural history related to Brigitte, also check out this article on Japanese art <a href=\"https:\/\/www.sebastien-auziere.fr\/blog\/brigitte-macron-art-japonais\/\">Brigitte Macron and Japanese Art<\/a>. Visit <a href=\"https:\/\/www.sebastien-auziere.fr\/blog\/qui-etait-le-premier-mari-de-madame-macron\/\">sebastien-auziere.fr<\/a> to discover more about S\u00e9bastien Auzi\u00e8re and the Macron family.<\/p>","protected":false},"excerpt":{"rendered":"<p>Emmanuel Macron rediscovered the joys of school in Andorra on Tuesday, April 28, 2026, by meeting students and teachers at the Santa Coloma school and the Comte-de-Foix high school. From the very beginning, the amazed looks of the children marked this presidential visit, filled with educational exchanges and moments of lightness. In brief: official visit &#8230; <a title=\"Emmanuel Macron rediscovers the joys of school in Andorra, amazed by the children&rsquo;s gazes\" class=\"read-more\" href=\"https:\/\/www.sebastien-auziere.fr\/blog\/en\/emmanuel-macron-rediscovers-the-joys-of-school-in-andorra-amazed-by-the-childrens-gazes\/\" aria-label=\"En savoir plus sur Emmanuel Macron rediscovers the joys of school in Andorra, amazed by the children&rsquo;s gazes\">Lire plus<\/a><\/p>\n","protected":false},"author":9,"featured_media":3452,"comment_status":"open","ping_status":"open","sticky":false,"template":"","format":"standard","meta":{"footnotes":""},"categories":[816],"tags":[4899,1153,4905,4908,4902],"class_list":["post-3454","post","type-post","status-publish","format-standard","has-post-thumbnail","hentry","category-news","tag-andorra-en","tag-emmanuel-macron-en","tag-joys-of-school-en","tag-regards-of-children-en","tag-school-en"],"yoast_head":"<!-- This site is optimized with the Yoast SEO plugin v27.5 - https:\/\/yoast.com\/product\/yoast-seo-wordpress\/ -->\n<title>Emmanuel Macron rediscovers the joys of school in Andorra, amazed by the children&#039;s gazes - Fan site S\u00e9bastien Auzi\u00e8re<\/title>\n<meta name=\"description\" content=\"Emmanuel Macron retrouve les joies de l&#039;\u00e9cole \u00e0 Andorre, touch\u00e9 par les regards \u00e9merveill\u00e9s des enfants lors de sa visite.\" \/>\n<meta name=\"robots\" content=\"index, follow, max-snippet:-1, max-image-preview:large, max-video-preview:-1\" \/>\n<link rel=\"canonical\" href=\"https:\/\/www.sebastien-auziere.fr\/blog\/en\/emmanuel-macron-rediscovers-the-joys-of-school-in-andorra-amazed-by-the-childrens-gazes\/\" \/>\n<meta property=\"og:locale\" content=\"fr_FR\" \/>\n<meta property=\"og:type\" content=\"article\" \/>\n<meta property=\"og:title\" content=\"Emmanuel Macron rediscovers the joys of school in Andorra, amazed by the children&#039;s gazes - Fan site S\u00e9bastien Auzi\u00e8re\" \/>\n<meta property=\"og:description\" content=\"Emmanuel Macron retrouve les joies de l&#039;\u00e9cole \u00e0 Andorre, touch\u00e9 par les regards \u00e9merveill\u00e9s des enfants lors de sa visite.\" \/>\n<meta property=\"og:url\" content=\"https:\/\/www.sebastien-auziere.fr\/blog\/en\/emmanuel-macron-rediscovers-the-joys-of-school-in-andorra-amazed-by-the-childrens-gazes\/\" \/>\n<meta property=\"og:site_name\" content=\"Fan site S\u00e9bastien Auzi\u00e8re\" \/>\n<meta property=\"article:published_time\" content=\"2026-04-30T07:10:39+00:00\" \/>\n<meta property=\"article:modified_time\" content=\"2026-04-30T07:11:27+00:00\" \/>\n<meta property=\"og:image\" content=\"https:\/\/www.sebastien-auziere.fr\/blog\/wp-content\/uploads\/2026\/04\/Emmanuel-Macron-retrouve-les-joies-de-lecole-a-Andorre-emerveille-par-les-regards-des-enfants.jpg\" \/>\n\t<meta property=\"og:image:width\" content=\"2560\" \/>\n\t<meta property=\"og:image:height\" content=\"1429\" \/>\n\t<meta property=\"og:image:type\" content=\"image\/jpeg\" \/>\n<meta name=\"author\" content=\"Chloe Gauthier\" \/>\n<meta name=\"twitter:card\" content=\"summary_large_image\" \/>\n<meta name=\"twitter:label1\" content=\"\u00c9crit par\" \/>\n\t<meta name=\"twitter:data1\" content=\"Chloe Gauthier\" \/>\n\t<meta name=\"twitter:label2\" content=\"Dur\u00e9e de lecture estim\u00e9e\" \/>\n\t<meta name=\"twitter:data2\" content=\"2 minutes\" \/>\n<script type=\"application\/ld+json\" class=\"yoast-schema-graph\">{\"@context\":\"https:\\\/\\\/schema.org\",\"@graph\":[{\"@type\":\"Article\",\"@id\":\"https:\\\/\\\/www.sebastien-auziere.fr\\\/blog\\\/en\\\/emmanuel-macron-rediscovers-the-joys-of-school-in-andorra-amazed-by-the-childrens-gazes\\\/#article\",\"isPartOf\":{\"@id\":\"https:\\\/\\\/www.sebastien-auziere.fr\\\/blog\\\/en\\\/emmanuel-macron-rediscovers-the-joys-of-school-in-andorra-amazed-by-the-childrens-gazes\\\/\"},\"author\":{\"name\":\"Chloe Gauthier\",\"@id\":\"https:\\\/\\\/www.sebastien-auziere.fr\\\/blog\\\/#\\\/schema\\\/person\\\/149f1acdbfd85149c6c3e59adeae2f4d\"},\"headline\":\"Emmanuel Macron rediscovers the joys of school in Andorra, amazed by the children&rsquo;s gazes\",\"datePublished\":\"2026-04-30T07:10:39+00:00\",\"dateModified\":\"2026-04-30T07:11:27+00:00\",\"mainEntityOfPage\":{\"@id\":\"https:\\\/\\\/www.sebastien-auziere.fr\\\/blog\\\/en\\\/emmanuel-macron-rediscovers-the-joys-of-school-in-andorra-amazed-by-the-childrens-gazes\\\/\"},\"wordCount\":398,\"commentCount\":0,\"publisher\":{\"@id\":\"https:\\\/\\\/www.sebastien-auziere.fr\\\/blog\\\/#organization\"},\"image\":{\"@id\":\"https:\\\/\\\/www.sebastien-auziere.fr\\\/blog\\\/en\\\/emmanuel-macron-rediscovers-the-joys-of-school-in-andorra-amazed-by-the-childrens-gazes\\\/#primaryimage\"},\"thumbnailUrl\":\"https:\\\/\\\/www.sebastien-auziere.fr\\\/blog\\\/wp-content\\\/uploads\\\/2026\\\/04\\\/Emmanuel-Macron-retrouve-les-joies-de-lecole-a-Andorre-emerveille-par-les-regards-des-enfants.jpg\",\"keywords\":[\"andorra\",\"emmanuel macron\",\"joys of school\",\"regards of children\",\"school\"],\"articleSection\":[\"News\"],\"inLanguage\":\"fr-FR\",\"potentialAction\":[{\"@type\":\"CommentAction\",\"name\":\"Comment\",\"target\":[\"https:\\\/\\\/www.sebastien-auziere.fr\\\/blog\\\/en\\\/emmanuel-macron-rediscovers-the-joys-of-school-in-andorra-amazed-by-the-childrens-gazes\\\/#respond\"]}]},{\"@type\":\"WebPage\",\"@id\":\"https:\\\/\\\/www.sebastien-auziere.fr\\\/blog\\\/en\\\/emmanuel-macron-rediscovers-the-joys-of-school-in-andorra-amazed-by-the-childrens-gazes\\\/\",\"url\":\"https:\\\/\\\/www.sebastien-auziere.fr\\\/blog\\\/en\\\/emmanuel-macron-rediscovers-the-joys-of-school-in-andorra-amazed-by-the-childrens-gazes\\\/\",\"name\":\"Emmanuel Macron rediscovers the joys of school in Andorra, amazed by the children's gazes - Fan site S\u00e9bastien Auzi\u00e8re\",\"isPartOf\":{\"@id\":\"https:\\\/\\\/www.sebastien-auziere.fr\\\/blog\\\/#website\"},\"primaryImageOfPage\":{\"@id\":\"https:\\\/\\\/www.sebastien-auziere.fr\\\/blog\\\/en\\\/emmanuel-macron-rediscovers-the-joys-of-school-in-andorra-amazed-by-the-childrens-gazes\\\/#primaryimage\"},\"image\":{\"@id\":\"https:\\\/\\\/www.sebastien-auziere.fr\\\/blog\\\/en\\\/emmanuel-macron-rediscovers-the-joys-of-school-in-andorra-amazed-by-the-childrens-gazes\\\/#primaryimage\"},\"thumbnailUrl\":\"https:\\\/\\\/www.sebastien-auziere.fr\\\/blog\\\/wp-content\\\/uploads\\\/2026\\\/04\\\/Emmanuel-Macron-retrouve-les-joies-de-lecole-a-Andorre-emerveille-par-les-regards-des-enfants.jpg\",\"datePublished\":\"2026-04-30T07:10:39+00:00\",\"dateModified\":\"2026-04-30T07:11:27+00:00\",\"description\":\"Emmanuel Macron retrouve les joies de l'\u00e9cole \u00e0 Andorre, touch\u00e9 par les regards \u00e9merveill\u00e9s des enfants lors de sa visite.\",\"breadcrumb\":{\"@id\":\"https:\\\/\\\/www.sebastien-auziere.fr\\\/blog\\\/en\\\/emmanuel-macron-rediscovers-the-joys-of-school-in-andorra-amazed-by-the-childrens-gazes\\\/#breadcrumb\"},\"inLanguage\":\"fr-FR\",\"potentialAction\":[{\"@type\":\"ReadAction\",\"target\":[\"https:\\\/\\\/www.sebastien-auziere.fr\\\/blog\\\/en\\\/emmanuel-macron-rediscovers-the-joys-of-school-in-andorra-amazed-by-the-childrens-gazes\\\/\"]}]},{\"@type\":\"ImageObject\",\"inLanguage\":\"fr-FR\",\"@id\":\"https:\\\/\\\/www.sebastien-auziere.fr\\\/blog\\\/en\\\/emmanuel-macron-rediscovers-the-joys-of-school-in-andorra-amazed-by-the-childrens-gazes\\\/#primaryimage\",\"url\":\"https:\\\/\\\/www.sebastien-auziere.fr\\\/blog\\\/wp-content\\\/uploads\\\/2026\\\/04\\\/Emmanuel-Macron-retrouve-les-joies-de-lecole-a-Andorre-emerveille-par-les-regards-des-enfants.jpg\",\"contentUrl\":\"https:\\\/\\\/www.sebastien-auziere.fr\\\/blog\\\/wp-content\\\/uploads\\\/2026\\\/04\\\/Emmanuel-Macron-retrouve-les-joies-de-lecole-a-Andorre-emerveille-par-les-regards-des-enfants.jpg\",\"width\":2560,\"height\":1429,\"caption\":\"emmanuel macron red\u00e9couvre le plaisir de l'\u00e9cole lors d'une visite en andorre, touch\u00e9 par l'\u00e9merveillement et la curiosit\u00e9 des enfants.\"},{\"@type\":\"BreadcrumbList\",\"@id\":\"https:\\\/\\\/www.sebastien-auziere.fr\\\/blog\\\/en\\\/emmanuel-macron-rediscovers-the-joys-of-school-in-andorra-amazed-by-the-childrens-gazes\\\/#breadcrumb\",\"itemListElement\":[{\"@type\":\"ListItem\",\"position\":1,\"name\":\"Home\",\"item\":\"https:\\\/\\\/www.sebastien-auziere.fr\\\/blog\\\/\"},{\"@type\":\"ListItem\",\"position\":2,\"name\":\"Emmanuel Macron rediscovers the joys of school in Andorra, amazed by the children&rsquo;s gazes\"}]},{\"@type\":\"WebSite\",\"@id\":\"https:\\\/\\\/www.sebastien-auziere.fr\\\/blog\\\/#website\",\"url\":\"https:\\\/\\\/www.sebastien-auziere.fr\\\/blog\\\/\",\"name\":\"Fan site S\u00e9bastien Auzi\u00e8re\",\"description\":\"M\u00e9dia g\u00e9n\u00e9raliste\",\"publisher\":{\"@id\":\"https:\\\/\\\/www.sebastien-auziere.fr\\\/blog\\\/#organization\"},\"potentialAction\":[{\"@type\":\"SearchAction\",\"target\":{\"@type\":\"EntryPoint\",\"urlTemplate\":\"https:\\\/\\\/www.sebastien-auziere.fr\\\/blog\\\/?s={search_term_string}\"},\"query-input\":{\"@type\":\"PropertyValueSpecification\",\"valueRequired\":true,\"valueName\":\"search_term_string\"}}],\"inLanguage\":\"fr-FR\"},{\"@type\":\"Organization\",\"@id\":\"https:\\\/\\\/www.sebastien-auziere.fr\\\/blog\\\/#organization\",\"name\":\"Fan site S\u00e9bastien Auzi\u00e8re\",\"url\":\"https:\\\/\\\/www.sebastien-auziere.fr\\\/blog\\\/\",\"logo\":{\"@type\":\"ImageObject\",\"inLanguage\":\"fr-FR\",\"@id\":\"https:\\\/\\\/www.sebastien-auziere.fr\\\/blog\\\/#\\\/schema\\\/logo\\\/image\\\/\",\"url\":\"https:\\\/\\\/www.sebastien-auziere.fr\\\/blog\\\/wp-content\\\/uploads\\\/2026\\\/03\\\/cropped-cropped-cropped-ChatGPT-Image-6-mars-2026-12_58_09-e1772798376794.jpg\",\"contentUrl\":\"https:\\\/\\\/www.sebastien-auziere.fr\\\/blog\\\/wp-content\\\/uploads\\\/2026\\\/03\\\/cropped-cropped-cropped-ChatGPT-Image-6-mars-2026-12_58_09-e1772798376794.jpg\",\"width\":512,\"height\":360,\"caption\":\"Fan site S\u00e9bastien Auzi\u00e8re\"},\"image\":{\"@id\":\"https:\\\/\\\/www.sebastien-auziere.fr\\\/blog\\\/#\\\/schema\\\/logo\\\/image\\\/\"}},{\"@type\":\"Person\",\"@id\":\"https:\\\/\\\/www.sebastien-auziere.fr\\\/blog\\\/#\\\/schema\\\/person\\\/149f1acdbfd85149c6c3e59adeae2f4d\",\"name\":\"Chloe Gauthier\",\"image\":{\"@type\":\"ImageObject\",\"inLanguage\":\"fr-FR\",\"@id\":\"https:\\\/\\\/secure.gravatar.com\\\/avatar\\\/2c5722f58171cff738a8985ef0dd66b476e563753246a49019befc837ec4201a?s=96&d=mm&r=g\",\"url\":\"https:\\\/\\\/secure.gravatar.com\\\/avatar\\\/2c5722f58171cff738a8985ef0dd66b476e563753246a49019befc837ec4201a?s=96&d=mm&r=g\",\"contentUrl\":\"https:\\\/\\\/secure.gravatar.com\\\/avatar\\\/2c5722f58171cff738a8985ef0dd66b476e563753246a49019befc837ec4201a?s=96&d=mm&r=g\",\"caption\":\"Chloe Gauthier\"},\"description\":\"Passionn\u00e9e par la politique et admiratrice engag\u00e9e de la famille Macron, je consacre mon \u00e9nergie \u00e0 suivre leurs initiatives et \u00e0 promouvoir leurs id\u00e9es. \u00c0 32 ans, je suis convaincue que leur vision est porteuse d'avenir.\",\"url\":\"https:\\\/\\\/www.sebastien-auziere.fr\\\/blog\\\/author\\\/chloe-gauthier\\\/\"}]}<\/script>\n<!-- \/ Yoast SEO plugin. -->","yoast_head_json":{"title":"Emmanuel Macron rediscovers the joys of school in Andorra, amazed by the children's gazes - Fan site S\u00e9bastien Auzi\u00e8re","description":"Emmanuel Macron retrouve les joies de l'\u00e9cole \u00e0 Andorre, touch\u00e9 par les regards \u00e9merveill\u00e9s des enfants lors de sa visite.","robots":{"index":"index","follow":"follow","max-snippet":"max-snippet:-1","max-image-preview":"max-image-preview:large","max-video-preview":"max-video-preview:-1"},"canonical":"https:\/\/www.sebastien-auziere.fr\/blog\/en\/emmanuel-macron-rediscovers-the-joys-of-school-in-andorra-amazed-by-the-childrens-gazes\/","og_locale":"fr_FR","og_type":"article","og_title":"Emmanuel Macron rediscovers the joys of school in Andorra, amazed by the children's gazes - Fan site S\u00e9bastien Auzi\u00e8re","og_description":"Emmanuel Macron retrouve les joies de l'\u00e9cole \u00e0 Andorre, touch\u00e9 par les regards \u00e9merveill\u00e9s des enfants lors de sa visite.","og_url":"https:\/\/www.sebastien-auziere.fr\/blog\/en\/emmanuel-macron-rediscovers-the-joys-of-school-in-andorra-amazed-by-the-childrens-gazes\/","og_site_name":"Fan site S\u00e9bastien Auzi\u00e8re","article_published_time":"2026-04-30T07:10:39+00:00","article_modified_time":"2026-04-30T07:11:27+00:00","og_image":[{"width":2560,"height":1429,"url":"https:\/\/www.sebastien-auziere.fr\/blog\/wp-content\/uploads\/2026\/04\/Emmanuel-Macron-retrouve-les-joies-de-lecole-a-Andorre-emerveille-par-les-regards-des-enfants.jpg","type":"image\/jpeg"}],"author":"Chloe Gauthier","twitter_card":"summary_large_image","twitter_misc":{"\u00c9crit par":"Chloe Gauthier","Dur\u00e9e de lecture estim\u00e9e":"2 minutes"},"schema":{"@context":"https:\/\/schema.org","@graph":[{"@type":"Article","@id":"https:\/\/www.sebastien-auziere.fr\/blog\/en\/emmanuel-macron-rediscovers-the-joys-of-school-in-andorra-amazed-by-the-childrens-gazes\/#article","isPartOf":{"@id":"https:\/\/www.sebastien-auziere.fr\/blog\/en\/emmanuel-macron-rediscovers-the-joys-of-school-in-andorra-amazed-by-the-childrens-gazes\/"},"author":{"name":"Chloe Gauthier","@id":"https:\/\/www.sebastien-auziere.fr\/blog\/#\/schema\/person\/149f1acdbfd85149c6c3e59adeae2f4d"},"headline":"Emmanuel Macron rediscovers the joys of school in Andorra, amazed by the children&rsquo;s gazes","datePublished":"2026-04-30T07:10:39+00:00","dateModified":"2026-04-30T07:11:27+00:00","mainEntityOfPage":{"@id":"https:\/\/www.sebastien-auziere.fr\/blog\/en\/emmanuel-macron-rediscovers-the-joys-of-school-in-andorra-amazed-by-the-childrens-gazes\/"},"wordCount":398,"commentCount":0,"publisher":{"@id":"https:\/\/www.sebastien-auziere.fr\/blog\/#organization"},"image":{"@id":"https:\/\/www.sebastien-auziere.fr\/blog\/en\/emmanuel-macron-rediscovers-the-joys-of-school-in-andorra-amazed-by-the-childrens-gazes\/#primaryimage"},"thumbnailUrl":"https:\/\/www.sebastien-auziere.fr\/blog\/wp-content\/uploads\/2026\/04\/Emmanuel-Macron-retrouve-les-joies-de-lecole-a-Andorre-emerveille-par-les-regards-des-enfants.jpg","keywords":["andorra","emmanuel macron","joys of school","regards of children","school"],"articleSection":["News"],"inLanguage":"fr-FR","potentialAction":[{"@type":"CommentAction","name":"Comment","target":["https:\/\/www.sebastien-auziere.fr\/blog\/en\/emmanuel-macron-rediscovers-the-joys-of-school-in-andorra-amazed-by-the-childrens-gazes\/#respond"]}]},{"@type":"WebPage","@id":"https:\/\/www.sebastien-auziere.fr\/blog\/en\/emmanuel-macron-rediscovers-the-joys-of-school-in-andorra-amazed-by-the-childrens-gazes\/","url":"https:\/\/www.sebastien-auziere.fr\/blog\/en\/emmanuel-macron-rediscovers-the-joys-of-school-in-andorra-amazed-by-the-childrens-gazes\/","name":"Emmanuel Macron rediscovers the joys of school in Andorra, amazed by the children's gazes - Fan site S\u00e9bastien Auzi\u00e8re","isPartOf":{"@id":"https:\/\/www.sebastien-auziere.fr\/blog\/#website"},"primaryImageOfPage":{"@id":"https:\/\/www.sebastien-auziere.fr\/blog\/en\/emmanuel-macron-rediscovers-the-joys-of-school-in-andorra-amazed-by-the-childrens-gazes\/#primaryimage"},"image":{"@id":"https:\/\/www.sebastien-auziere.fr\/blog\/en\/emmanuel-macron-rediscovers-the-joys-of-school-in-andorra-amazed-by-the-childrens-gazes\/#primaryimage"},"thumbnailUrl":"https:\/\/www.sebastien-auziere.fr\/blog\/wp-content\/uploads\/2026\/04\/Emmanuel-Macron-retrouve-les-joies-de-lecole-a-Andorre-emerveille-par-les-regards-des-enfants.jpg","datePublished":"2026-04-30T07:10:39+00:00","dateModified":"2026-04-30T07:11:27+00:00","description":"Emmanuel Macron retrouve les joies de l'\u00e9cole \u00e0 Andorre, touch\u00e9 par les regards \u00e9merveill\u00e9s des enfants lors de sa visite.","breadcrumb":{"@id":"https:\/\/www.sebastien-auziere.fr\/blog\/en\/emmanuel-macron-rediscovers-the-joys-of-school-in-andorra-amazed-by-the-childrens-gazes\/#breadcrumb"},"inLanguage":"fr-FR","potentialAction":[{"@type":"ReadAction","target":["https:\/\/www.sebastien-auziere.fr\/blog\/en\/emmanuel-macron-rediscovers-the-joys-of-school-in-andorra-amazed-by-the-childrens-gazes\/"]}]},{"@type":"ImageObject","inLanguage":"fr-FR","@id":"https:\/\/www.sebastien-auziere.fr\/blog\/en\/emmanuel-macron-rediscovers-the-joys-of-school-in-andorra-amazed-by-the-childrens-gazes\/#primaryimage","url":"https:\/\/www.sebastien-auziere.fr\/blog\/wp-content\/uploads\/2026\/04\/Emmanuel-Macron-retrouve-les-joies-de-lecole-a-Andorre-emerveille-par-les-regards-des-enfants.jpg","contentUrl":"https:\/\/www.sebastien-auziere.fr\/blog\/wp-content\/uploads\/2026\/04\/Emmanuel-Macron-retrouve-les-joies-de-lecole-a-Andorre-emerveille-par-les-regards-des-enfants.jpg","width":2560,"height":1429,"caption":"emmanuel macron red\u00e9couvre le plaisir de l'\u00e9cole lors d'une visite en andorre, touch\u00e9 par l'\u00e9merveillement et la curiosit\u00e9 des enfants."},{"@type":"BreadcrumbList","@id":"https:\/\/www.sebastien-auziere.fr\/blog\/en\/emmanuel-macron-rediscovers-the-joys-of-school-in-andorra-amazed-by-the-childrens-gazes\/#breadcrumb","itemListElement":[{"@type":"ListItem","position":1,"name":"Home","item":"https:\/\/www.sebastien-auziere.fr\/blog\/"},{"@type":"ListItem","position":2,"name":"Emmanuel Macron rediscovers the joys of school in Andorra, amazed by the children&rsquo;s gazes"}]},{"@type":"WebSite","@id":"https:\/\/www.sebastien-auziere.fr\/blog\/#website","url":"https:\/\/www.sebastien-auziere.fr\/blog\/","name":"Fan site S\u00e9bastien Auzi\u00e8re","description":"M\u00e9dia g\u00e9n\u00e9raliste","publisher":{"@id":"https:\/\/www.sebastien-auziere.fr\/blog\/#organization"},"potentialAction":[{"@type":"SearchAction","target":{"@type":"EntryPoint","urlTemplate":"https:\/\/www.sebastien-auziere.fr\/blog\/?s={search_term_string}"},"query-input":{"@type":"PropertyValueSpecification","valueRequired":true,"valueName":"search_term_string"}}],"inLanguage":"fr-FR"},{"@type":"Organization","@id":"https:\/\/www.sebastien-auziere.fr\/blog\/#organization","name":"Fan site S\u00e9bastien Auzi\u00e8re","url":"https:\/\/www.sebastien-auziere.fr\/blog\/","logo":{"@type":"ImageObject","inLanguage":"fr-FR","@id":"https:\/\/www.sebastien-auziere.fr\/blog\/#\/schema\/logo\/image\/","url":"https:\/\/www.sebastien-auziere.fr\/blog\/wp-content\/uploads\/2026\/03\/cropped-cropped-cropped-ChatGPT-Image-6-mars-2026-12_58_09-e1772798376794.jpg","contentUrl":"https:\/\/www.sebastien-auziere.fr\/blog\/wp-content\/uploads\/2026\/03\/cropped-cropped-cropped-ChatGPT-Image-6-mars-2026-12_58_09-e1772798376794.jpg","width":512,"height":360,"caption":"Fan site S\u00e9bastien Auzi\u00e8re"},"image":{"@id":"https:\/\/www.sebastien-auziere.fr\/blog\/#\/schema\/logo\/image\/"}},{"@type":"Person","@id":"https:\/\/www.sebastien-auziere.fr\/blog\/#\/schema\/person\/149f1acdbfd85149c6c3e59adeae2f4d","name":"Chloe Gauthier","image":{"@type":"ImageObject","inLanguage":"fr-FR","@id":"https:\/\/secure.gravatar.com\/avatar\/2c5722f58171cff738a8985ef0dd66b476e563753246a49019befc837ec4201a?s=96&d=mm&r=g","url":"https:\/\/secure.gravatar.com\/avatar\/2c5722f58171cff738a8985ef0dd66b476e563753246a49019befc837ec4201a?s=96&d=mm&r=g","contentUrl":"https:\/\/secure.gravatar.com\/avatar\/2c5722f58171cff738a8985ef0dd66b476e563753246a49019befc837ec4201a?s=96&d=mm&r=g","caption":"Chloe Gauthier"},"description":"Passionn\u00e9e par la politique et admiratrice engag\u00e9e de la famille Macron, je consacre mon \u00e9nergie \u00e0 suivre leurs initiatives et \u00e0 promouvoir leurs id\u00e9es. \u00c0 32 ans, je suis convaincue que leur vision est porteuse d'avenir.","url":"https:\/\/www.sebastien-auziere.fr\/blog\/author\/chloe-gauthier\/"}]}},"views":0,"_links":{"self":[{"href":"https:\/\/www.sebastien-auziere.fr\/blog\/wp-json\/wp\/v2\/posts\/3454","targetHints":{"allow":["GET"]}}],"collection":[{"href":"https:\/\/www.sebastien-auziere.fr\/blog\/wp-json\/wp\/v2\/posts"}],"about":[{"href":"https:\/\/www.sebastien-auziere.fr\/blog\/wp-json\/wp\/v2\/types\/post"}],"author":[{"embeddable":true,"href":"https:\/\/www.sebastien-auziere.fr\/blog\/wp-json\/wp\/v2\/users\/9"}],"replies":[{"embeddable":true,"href":"https:\/\/www.sebastien-auziere.fr\/blog\/wp-json\/wp\/v2\/comments?post=3454"}],"version-history":[{"count":1,"href":"https:\/\/www.sebastien-auziere.fr\/blog\/wp-json\/wp\/v2\/posts\/3454\/revisions"}],"predecessor-version":[{"id":3455,"href":"https:\/\/www.sebastien-auziere.fr\/blog\/wp-json\/wp\/v2\/posts\/3454\/revisions\/3455"}],"wp:featuredmedia":[{"embeddable":true,"href":"https:\/\/www.sebastien-auziere.fr\/blog\/wp-json\/wp\/v2\/media\/3452"}],"wp:attachment":[{"href":"https:\/\/www.sebastien-auziere.fr\/blog\/wp-json\/wp\/v2\/media?parent=3454"}],"wp:term":[{"taxonomy":"category","embeddable":true,"href":"https:\/\/www.sebastien-auziere.fr\/blog\/wp-json\/wp\/v2\/categories?post=3454"},{"taxonomy":"post_tag","embeddable":true,"href":"https:\/\/www.sebastien-auziere.fr\/blog\/wp-json\/wp\/v2\/tags?post=3454"}],"curies":[{"name":"wp","href":"https:\/\/api.w.org\/{rel}","templated":true}]}}