{"id":3453,"date":"2026-04-30T07:10:37","date_gmt":"2026-04-30T07:10:37","guid":{"rendered":"https:\/\/www.sebastien-auziere.fr\/blog\/emmanuel-macron-andorre-ecole\/"},"modified":"2026-04-30T07:10:37","modified_gmt":"2026-04-30T07:10:37","slug":"emmanuel-macron-andorre-ecole","status":"publish","type":"post","link":"https:\/\/www.sebastien-auziere.fr\/blog\/emmanuel-macron-andorre-ecole\/","title":{"rendered":"Emmanuel Macron retrouve les joies de l&rsquo;\u00e9cole \u00e0 Andorre, \u00e9merveill\u00e9 par les regards des enfants"},"content":{"rendered":"<p><strong>Emmanuel Macron<\/strong> a retrouv\u00e9 les <strong>joies de l&rsquo;\u00e9cole<\/strong> \u00e0 <strong>Andorre<\/strong> le mardi 28 avril 2026, en rencontrant \u00e9l\u00e8ves et enseignants \u00e0 l&rsquo;\u00e9cole de <strong>Santa Coloma<\/strong> et au lyc\u00e9e <strong>Comte-de-Foix<\/strong>. D\u00e8s ces premiers instants, les <strong>regards \u00e9merveill\u00e9s<\/strong> des <strong>enfants<\/strong> ont marqu\u00e9 cette <strong>visite pr\u00e9sidentielle<\/strong>, entre \u00e9changes p\u00e9dagogiques et moments de l\u00e9g\u00e8ret\u00e9.<\/p>\n\n<p><strong>En bref<\/strong> : visite officielle les 27 et 28 avril, prise de parole au lyc\u00e9e, insistance sur l&rsquo;<strong>\u00e9ducation<\/strong> comme pont franco-andorran, et un \u00e9change amusant sur le football qui a fait sourire \u00e9l\u00e8ves et journalistes.<\/p>\n\n<h2 class=\"wp-block-heading\">Visite pr\u00e9sidentielle \u00e0 Santa Coloma et Andorre-la-Vieille<\/h2>\n\n<p>Lors de cette s\u00e9quence pyr\u00e9n\u00e9enne, le Pr\u00e9sident, en sa qualit\u00e9 de <strong>co-prince<\/strong>, a rappel\u00e9 sa responsabilit\u00e9 envers la principaut\u00e9 de <strong>86 000 habitants<\/strong>. La journ\u00e9e du 28 avril comprenait une conf\u00e9rence au lyc\u00e9e et une <strong>rencontre enfants<\/strong> \u00e0 l&rsquo;\u00e9cole primaire, moments couverts par l&rsquo;<a href=\"https:\/\/www.elysee.fr\/emmanuel-macron\/2026\/04\/28\/deplacement-en-andorre-deuxieme-journee\">\u00c9lys\u00e9e<\/a> et comment\u00e9s par la presse locale.<\/p>\n\n<h2 class=\"wp-block-heading\">Rencontres et regards \u00e9merveill\u00e9s dans les classes<\/h2>\n\n<p>Face aux \u00e9l\u00e8ves, les <strong>regards \u00e9merveill\u00e9s<\/strong> ont soulign\u00e9 la port\u00e9e symbolique de ce <strong>moment de partage<\/strong>. Emmanuel Macron a mis en avant le r\u00f4le du syst\u00e8me \u00e9ducatif et de structures comme le lyc\u00e9e <strong>Comte-de-Foix<\/strong>, qualifi\u00e9 de mod\u00e8le \u00ab sans \u00e9quivalent \u00bb pour pr\u00e9parer des jeunes Andorrans \u00e0 des \u00e9tudes sup\u00e9rieures en France.<\/p>\n\n<p>Pour le contexte local et national, voir le reportage de <a href=\"https:\/\/www.ladepeche.fr\/2026\/04\/27\/emmanuel-macron-en-andorre-ce-lundi-linfluence-sans-linjonction-13344416.php\">La D\u00e9p\u00eache<\/a>, qui revient sur les \u00e9changes avec la jeunesse.<\/p>\n\n<h3 class=\"wp-block-heading\">L&rsquo;\u00e9ducation, pilier de la relation Andorre\u2011France<\/h3>\n\n<p>Le Pr\u00e9sident a rappel\u00e9 vouloir pr\u00e9server \u00ab l&rsquo;ind\u00e9pendance \u00bb et la \u00ab neutralit\u00e9 active \u00bb d&rsquo;<strong>Andorre<\/strong>, tout en renfor\u00e7ant les liens \u00e9ducatifs. Le lyc\u00e9e sert de passerelle vers les universit\u00e9s fran\u00e7aises et contribue au d\u00e9veloppement local, une id\u00e9e r\u00e9p\u00e9t\u00e9e lors des discussions avec professeurs et proviseurs.<\/p>\n\n<h2 class=\"wp-block-heading\">Un \u00e9change s\u00e9rieux et une touche de l\u00e9g\u00e8ret\u00e9<\/h2>\n\n<p>Entre propos institutionnels et \u00e9clats de rire, le chef de l&rsquo;\u00c9tat a r\u00e9pondu aux questions des adolescents, \u00e9voquant la place d&rsquo;<strong>Andorre<\/strong> en Europe et l&rsquo;importance de l&rsquo;<strong>\u00e9ducation<\/strong>. La remarque sur le match PSG-OM, reprise par les m\u00e9dias, a donn\u00e9 un ton convivial \u00e0 cette visite.<\/p>\n\n<p>Pour en savoir plus sur la famille Macron et les proches qui gravitent autour d&rsquo;eux, d\u00e9couvre des portraits et anecdotes v\u00e9rifi\u00e9es sur <a href=\"https:\/\/www.sebastien-auziere.fr\/blog\/brigitte-macron-et-emmanuel-macron\/\">Brigitte et Emmanuel Macron<\/a> et l&rsquo;univers familial via le portrait de <a href=\"https:\/\/www.sebastien-auziere.fr\/blog\/tiphaine-auziere\/\">Tiphaine Auzi\u00e8re<\/a>. Pour approfondir l&rsquo;histoire culturelle li\u00e9e \u00e0 Brigitte, consulte aussi cet article sur l&rsquo;art japonais <a href=\"https:\/\/www.sebastien-auziere.fr\/blog\/brigitte-macron-art-japonais\/\">Brigitte Macron et l&rsquo;art japonais<\/a>. Visite <a href=\"https:\/\/www.sebastien-auziere.fr\/blog\/qui-etait-le-premier-mari-de-madame-macron\/\">sebastien-auziere.fr<\/a> pour en d\u00e9couvrir davantage sur S\u00e9bastien Auzi\u00e8re et la famille Macron.<\/p>\n\n","protected":false},"excerpt":{"rendered":"<p>Emmanuel Macron a retrouv\u00e9 les joies de l&rsquo;\u00e9cole \u00e0 Andorre le mardi 28 avril 2026, en rencontrant \u00e9l\u00e8ves et enseignants \u00e0 l&rsquo;\u00e9cole de Santa Coloma et au lyc\u00e9e Comte-de-Foix. D\u00e8s ces premiers instants, les regards \u00e9merveill\u00e9s des enfants ont marqu\u00e9 cette visite pr\u00e9sidentielle, entre \u00e9changes p\u00e9dagogiques et moments de l\u00e9g\u00e8ret\u00e9. En bref : visite officielle &#8230; <a title=\"Emmanuel Macron retrouve les joies de l&rsquo;\u00e9cole \u00e0 Andorre, \u00e9merveill\u00e9 par les regards des enfants\" class=\"read-more\" href=\"https:\/\/www.sebastien-auziere.fr\/blog\/emmanuel-macron-andorre-ecole\/\" aria-label=\"En savoir plus sur Emmanuel Macron retrouve les joies de l&rsquo;\u00e9cole \u00e0 Andorre, \u00e9merveill\u00e9 par les regards des enfants\">Lire plus<\/a><\/p>\n","protected":false},"author":9,"featured_media":3452,"comment_status":"open","ping_status":"open","sticky":false,"template":"","format":"standard","meta":{"footnotes":""},"categories":[597],"tags":[4893,4891,1139,4895,4897],"class_list":["post-3453","post","type-post","status-publish","format-standard","has-post-thumbnail","hentry","category-actualites","tag-andorre","tag-ecole","tag-emmanuel-macron","tag-joies-de-lecole","tag-regards-des-enfants"],"yoast_head":"<!-- This site is optimized with the Yoast SEO plugin v27.5 - https:\/\/yoast.com\/product\/yoast-seo-wordpress\/ -->\n<title>Emmanuel Macron retrouve les joies de l&#039;\u00e9cole \u00e0 Andorre, \u00e9merveill\u00e9 par les regards des enfants - Fan site S\u00e9bastien Auzi\u00e8re<\/title>\n<meta name=\"description\" content=\"Emmanuel Macron retrouve les joies de l&#039;\u00e9cole \u00e0 Andorre, touch\u00e9 par les regards \u00e9merveill\u00e9s des enfants lors de sa visite.\" \/>\n<meta name=\"robots\" content=\"index, follow, max-snippet:-1, max-image-preview:large, max-video-preview:-1\" \/>\n<link rel=\"canonical\" href=\"https:\/\/www.sebastien-auziere.fr\/blog\/emmanuel-macron-andorre-ecole\/\" \/>\n<meta property=\"og:locale\" content=\"fr_FR\" \/>\n<meta property=\"og:type\" content=\"article\" \/>\n<meta property=\"og:title\" content=\"Emmanuel Macron retrouve les joies de l&#039;\u00e9cole \u00e0 Andorre, \u00e9merveill\u00e9 par les regards des enfants - Fan site S\u00e9bastien Auzi\u00e8re\" \/>\n<meta property=\"og:description\" content=\"Emmanuel Macron retrouve les joies de l&#039;\u00e9cole \u00e0 Andorre, touch\u00e9 par les regards \u00e9merveill\u00e9s des enfants lors de sa visite.\" \/>\n<meta property=\"og:url\" content=\"https:\/\/www.sebastien-auziere.fr\/blog\/emmanuel-macron-andorre-ecole\/\" \/>\n<meta property=\"og:site_name\" content=\"Fan site S\u00e9bastien Auzi\u00e8re\" \/>\n<meta property=\"article:published_time\" content=\"2026-04-30T07:10:37+00:00\" \/>\n<meta property=\"og:image\" content=\"https:\/\/www.sebastien-auziere.fr\/blog\/wp-content\/uploads\/2026\/04\/Emmanuel-Macron-retrouve-les-joies-de-lecole-a-Andorre-emerveille-par-les-regards-des-enfants.jpg\" \/>\n\t<meta property=\"og:image:width\" content=\"2560\" \/>\n\t<meta property=\"og:image:height\" content=\"1429\" \/>\n\t<meta property=\"og:image:type\" content=\"image\/jpeg\" \/>\n<meta name=\"author\" content=\"Chloe Gauthier\" \/>\n<meta name=\"twitter:card\" content=\"summary_large_image\" \/>\n<meta name=\"twitter:label1\" content=\"\u00c9crit par\" \/>\n\t<meta name=\"twitter:data1\" content=\"Chloe Gauthier\" \/>\n\t<meta name=\"twitter:label2\" content=\"Dur\u00e9e de lecture estim\u00e9e\" \/>\n\t<meta name=\"twitter:data2\" content=\"2 minutes\" \/>\n<script type=\"application\/ld+json\" class=\"yoast-schema-graph\">{\"@context\":\"https:\\\/\\\/schema.org\",\"@graph\":[{\"@type\":\"Article\",\"@id\":\"https:\\\/\\\/www.sebastien-auziere.fr\\\/blog\\\/emmanuel-macron-andorre-ecole\\\/#article\",\"isPartOf\":{\"@id\":\"https:\\\/\\\/www.sebastien-auziere.fr\\\/blog\\\/emmanuel-macron-andorre-ecole\\\/\"},\"author\":{\"name\":\"Chloe Gauthier\",\"@id\":\"https:\\\/\\\/www.sebastien-auziere.fr\\\/blog\\\/#\\\/schema\\\/person\\\/149f1acdbfd85149c6c3e59adeae2f4d\"},\"headline\":\"Emmanuel Macron retrouve les joies de l&rsquo;\u00e9cole \u00e0 Andorre, \u00e9merveill\u00e9 par les regards des enfants\",\"datePublished\":\"2026-04-30T07:10:37+00:00\",\"mainEntityOfPage\":{\"@id\":\"https:\\\/\\\/www.sebastien-auziere.fr\\\/blog\\\/emmanuel-macron-andorre-ecole\\\/\"},\"wordCount\":454,\"commentCount\":0,\"publisher\":{\"@id\":\"https:\\\/\\\/www.sebastien-auziere.fr\\\/blog\\\/#organization\"},\"image\":{\"@id\":\"https:\\\/\\\/www.sebastien-auziere.fr\\\/blog\\\/emmanuel-macron-andorre-ecole\\\/#primaryimage\"},\"thumbnailUrl\":\"https:\\\/\\\/www.sebastien-auziere.fr\\\/blog\\\/wp-content\\\/uploads\\\/2026\\\/04\\\/Emmanuel-Macron-retrouve-les-joies-de-lecole-a-Andorre-emerveille-par-les-regards-des-enfants.jpg\",\"keywords\":[\"andorre\",\"\u00e9cole\",\"emmanuel macron\",\"joies de l'\u00e9cole\",\"regards des enfants\"],\"articleSection\":[\"Actualit\u00e9s\"],\"inLanguage\":\"fr-FR\",\"potentialAction\":[{\"@type\":\"CommentAction\",\"name\":\"Comment\",\"target\":[\"https:\\\/\\\/www.sebastien-auziere.fr\\\/blog\\\/emmanuel-macron-andorre-ecole\\\/#respond\"]}]},{\"@type\":\"WebPage\",\"@id\":\"https:\\\/\\\/www.sebastien-auziere.fr\\\/blog\\\/emmanuel-macron-andorre-ecole\\\/\",\"url\":\"https:\\\/\\\/www.sebastien-auziere.fr\\\/blog\\\/emmanuel-macron-andorre-ecole\\\/\",\"name\":\"Emmanuel Macron retrouve les joies de l'\u00e9cole \u00e0 Andorre, \u00e9merveill\u00e9 par les regards des enfants - Fan site S\u00e9bastien Auzi\u00e8re\",\"isPartOf\":{\"@id\":\"https:\\\/\\\/www.sebastien-auziere.fr\\\/blog\\\/#website\"},\"primaryImageOfPage\":{\"@id\":\"https:\\\/\\\/www.sebastien-auziere.fr\\\/blog\\\/emmanuel-macron-andorre-ecole\\\/#primaryimage\"},\"image\":{\"@id\":\"https:\\\/\\\/www.sebastien-auziere.fr\\\/blog\\\/emmanuel-macron-andorre-ecole\\\/#primaryimage\"},\"thumbnailUrl\":\"https:\\\/\\\/www.sebastien-auziere.fr\\\/blog\\\/wp-content\\\/uploads\\\/2026\\\/04\\\/Emmanuel-Macron-retrouve-les-joies-de-lecole-a-Andorre-emerveille-par-les-regards-des-enfants.jpg\",\"datePublished\":\"2026-04-30T07:10:37+00:00\",\"description\":\"Emmanuel Macron retrouve les joies de l'\u00e9cole \u00e0 Andorre, touch\u00e9 par les regards \u00e9merveill\u00e9s des enfants lors de sa visite.\",\"breadcrumb\":{\"@id\":\"https:\\\/\\\/www.sebastien-auziere.fr\\\/blog\\\/emmanuel-macron-andorre-ecole\\\/#breadcrumb\"},\"inLanguage\":\"fr-FR\",\"potentialAction\":[{\"@type\":\"ReadAction\",\"target\":[\"https:\\\/\\\/www.sebastien-auziere.fr\\\/blog\\\/emmanuel-macron-andorre-ecole\\\/\"]}]},{\"@type\":\"ImageObject\",\"inLanguage\":\"fr-FR\",\"@id\":\"https:\\\/\\\/www.sebastien-auziere.fr\\\/blog\\\/emmanuel-macron-andorre-ecole\\\/#primaryimage\",\"url\":\"https:\\\/\\\/www.sebastien-auziere.fr\\\/blog\\\/wp-content\\\/uploads\\\/2026\\\/04\\\/Emmanuel-Macron-retrouve-les-joies-de-lecole-a-Andorre-emerveille-par-les-regards-des-enfants.jpg\",\"contentUrl\":\"https:\\\/\\\/www.sebastien-auziere.fr\\\/blog\\\/wp-content\\\/uploads\\\/2026\\\/04\\\/Emmanuel-Macron-retrouve-les-joies-de-lecole-a-Andorre-emerveille-par-les-regards-des-enfants.jpg\",\"width\":2560,\"height\":1429,\"caption\":\"emmanuel macron red\u00e9couvre le plaisir de l'\u00e9cole lors d'une visite en andorre, touch\u00e9 par l'\u00e9merveillement et la curiosit\u00e9 des enfants.\"},{\"@type\":\"BreadcrumbList\",\"@id\":\"https:\\\/\\\/www.sebastien-auziere.fr\\\/blog\\\/emmanuel-macron-andorre-ecole\\\/#breadcrumb\",\"itemListElement\":[{\"@type\":\"ListItem\",\"position\":1,\"name\":\"Home\",\"item\":\"https:\\\/\\\/www.sebastien-auziere.fr\\\/blog\\\/\"},{\"@type\":\"ListItem\",\"position\":2,\"name\":\"Emmanuel Macron retrouve les joies de l&rsquo;\u00e9cole \u00e0 Andorre, \u00e9merveill\u00e9 par les regards des enfants\"}]},{\"@type\":\"WebSite\",\"@id\":\"https:\\\/\\\/www.sebastien-auziere.fr\\\/blog\\\/#website\",\"url\":\"https:\\\/\\\/www.sebastien-auziere.fr\\\/blog\\\/\",\"name\":\"Fan site S\u00e9bastien Auzi\u00e8re\",\"description\":\"M\u00e9dia g\u00e9n\u00e9raliste\",\"publisher\":{\"@id\":\"https:\\\/\\\/www.sebastien-auziere.fr\\\/blog\\\/#organization\"},\"potentialAction\":[{\"@type\":\"SearchAction\",\"target\":{\"@type\":\"EntryPoint\",\"urlTemplate\":\"https:\\\/\\\/www.sebastien-auziere.fr\\\/blog\\\/?s={search_term_string}\"},\"query-input\":{\"@type\":\"PropertyValueSpecification\",\"valueRequired\":true,\"valueName\":\"search_term_string\"}}],\"inLanguage\":\"fr-FR\"},{\"@type\":\"Organization\",\"@id\":\"https:\\\/\\\/www.sebastien-auziere.fr\\\/blog\\\/#organization\",\"name\":\"Fan site S\u00e9bastien Auzi\u00e8re\",\"url\":\"https:\\\/\\\/www.sebastien-auziere.fr\\\/blog\\\/\",\"logo\":{\"@type\":\"ImageObject\",\"inLanguage\":\"fr-FR\",\"@id\":\"https:\\\/\\\/www.sebastien-auziere.fr\\\/blog\\\/#\\\/schema\\\/logo\\\/image\\\/\",\"url\":\"https:\\\/\\\/www.sebastien-auziere.fr\\\/blog\\\/wp-content\\\/uploads\\\/2026\\\/03\\\/cropped-cropped-cropped-ChatGPT-Image-6-mars-2026-12_58_09-e1772798376794.jpg\",\"contentUrl\":\"https:\\\/\\\/www.sebastien-auziere.fr\\\/blog\\\/wp-content\\\/uploads\\\/2026\\\/03\\\/cropped-cropped-cropped-ChatGPT-Image-6-mars-2026-12_58_09-e1772798376794.jpg\",\"width\":512,\"height\":360,\"caption\":\"Fan site S\u00e9bastien Auzi\u00e8re\"},\"image\":{\"@id\":\"https:\\\/\\\/www.sebastien-auziere.fr\\\/blog\\\/#\\\/schema\\\/logo\\\/image\\\/\"}},{\"@type\":\"Person\",\"@id\":\"https:\\\/\\\/www.sebastien-auziere.fr\\\/blog\\\/#\\\/schema\\\/person\\\/149f1acdbfd85149c6c3e59adeae2f4d\",\"name\":\"Chloe Gauthier\",\"image\":{\"@type\":\"ImageObject\",\"inLanguage\":\"fr-FR\",\"@id\":\"https:\\\/\\\/secure.gravatar.com\\\/avatar\\\/2c5722f58171cff738a8985ef0dd66b476e563753246a49019befc837ec4201a?s=96&d=mm&r=g\",\"url\":\"https:\\\/\\\/secure.gravatar.com\\\/avatar\\\/2c5722f58171cff738a8985ef0dd66b476e563753246a49019befc837ec4201a?s=96&d=mm&r=g\",\"contentUrl\":\"https:\\\/\\\/secure.gravatar.com\\\/avatar\\\/2c5722f58171cff738a8985ef0dd66b476e563753246a49019befc837ec4201a?s=96&d=mm&r=g\",\"caption\":\"Chloe Gauthier\"},\"description\":\"Passionn\u00e9e par la politique et admiratrice engag\u00e9e de la famille Macron, je consacre mon \u00e9nergie \u00e0 suivre leurs initiatives et \u00e0 promouvoir leurs id\u00e9es. \u00c0 32 ans, je suis convaincue que leur vision est porteuse d'avenir.\",\"url\":\"https:\\\/\\\/www.sebastien-auziere.fr\\\/blog\\\/author\\\/chloe-gauthier\\\/\"}]}<\/script>\n<!-- \/ Yoast SEO plugin. -->","yoast_head_json":{"title":"Emmanuel Macron retrouve les joies de l'\u00e9cole \u00e0 Andorre, \u00e9merveill\u00e9 par les regards des enfants - Fan site S\u00e9bastien Auzi\u00e8re","description":"Emmanuel Macron retrouve les joies de l'\u00e9cole \u00e0 Andorre, touch\u00e9 par les regards \u00e9merveill\u00e9s des enfants lors de sa visite.","robots":{"index":"index","follow":"follow","max-snippet":"max-snippet:-1","max-image-preview":"max-image-preview:large","max-video-preview":"max-video-preview:-1"},"canonical":"https:\/\/www.sebastien-auziere.fr\/blog\/emmanuel-macron-andorre-ecole\/","og_locale":"fr_FR","og_type":"article","og_title":"Emmanuel Macron retrouve les joies de l'\u00e9cole \u00e0 Andorre, \u00e9merveill\u00e9 par les regards des enfants - Fan site S\u00e9bastien Auzi\u00e8re","og_description":"Emmanuel Macron retrouve les joies de l'\u00e9cole \u00e0 Andorre, touch\u00e9 par les regards \u00e9merveill\u00e9s des enfants lors de sa visite.","og_url":"https:\/\/www.sebastien-auziere.fr\/blog\/emmanuel-macron-andorre-ecole\/","og_site_name":"Fan site S\u00e9bastien Auzi\u00e8re","article_published_time":"2026-04-30T07:10:37+00:00","og_image":[{"width":2560,"height":1429,"url":"https:\/\/www.sebastien-auziere.fr\/blog\/wp-content\/uploads\/2026\/04\/Emmanuel-Macron-retrouve-les-joies-de-lecole-a-Andorre-emerveille-par-les-regards-des-enfants.jpg","type":"image\/jpeg"}],"author":"Chloe Gauthier","twitter_card":"summary_large_image","twitter_misc":{"\u00c9crit par":"Chloe Gauthier","Dur\u00e9e de lecture estim\u00e9e":"2 minutes"},"schema":{"@context":"https:\/\/schema.org","@graph":[{"@type":"Article","@id":"https:\/\/www.sebastien-auziere.fr\/blog\/emmanuel-macron-andorre-ecole\/#article","isPartOf":{"@id":"https:\/\/www.sebastien-auziere.fr\/blog\/emmanuel-macron-andorre-ecole\/"},"author":{"name":"Chloe Gauthier","@id":"https:\/\/www.sebastien-auziere.fr\/blog\/#\/schema\/person\/149f1acdbfd85149c6c3e59adeae2f4d"},"headline":"Emmanuel Macron retrouve les joies de l&rsquo;\u00e9cole \u00e0 Andorre, \u00e9merveill\u00e9 par les regards des enfants","datePublished":"2026-04-30T07:10:37+00:00","mainEntityOfPage":{"@id":"https:\/\/www.sebastien-auziere.fr\/blog\/emmanuel-macron-andorre-ecole\/"},"wordCount":454,"commentCount":0,"publisher":{"@id":"https:\/\/www.sebastien-auziere.fr\/blog\/#organization"},"image":{"@id":"https:\/\/www.sebastien-auziere.fr\/blog\/emmanuel-macron-andorre-ecole\/#primaryimage"},"thumbnailUrl":"https:\/\/www.sebastien-auziere.fr\/blog\/wp-content\/uploads\/2026\/04\/Emmanuel-Macron-retrouve-les-joies-de-lecole-a-Andorre-emerveille-par-les-regards-des-enfants.jpg","keywords":["andorre","\u00e9cole","emmanuel macron","joies de l'\u00e9cole","regards des enfants"],"articleSection":["Actualit\u00e9s"],"inLanguage":"fr-FR","potentialAction":[{"@type":"CommentAction","name":"Comment","target":["https:\/\/www.sebastien-auziere.fr\/blog\/emmanuel-macron-andorre-ecole\/#respond"]}]},{"@type":"WebPage","@id":"https:\/\/www.sebastien-auziere.fr\/blog\/emmanuel-macron-andorre-ecole\/","url":"https:\/\/www.sebastien-auziere.fr\/blog\/emmanuel-macron-andorre-ecole\/","name":"Emmanuel Macron retrouve les joies de l'\u00e9cole \u00e0 Andorre, \u00e9merveill\u00e9 par les regards des enfants - Fan site S\u00e9bastien Auzi\u00e8re","isPartOf":{"@id":"https:\/\/www.sebastien-auziere.fr\/blog\/#website"},"primaryImageOfPage":{"@id":"https:\/\/www.sebastien-auziere.fr\/blog\/emmanuel-macron-andorre-ecole\/#primaryimage"},"image":{"@id":"https:\/\/www.sebastien-auziere.fr\/blog\/emmanuel-macron-andorre-ecole\/#primaryimage"},"thumbnailUrl":"https:\/\/www.sebastien-auziere.fr\/blog\/wp-content\/uploads\/2026\/04\/Emmanuel-Macron-retrouve-les-joies-de-lecole-a-Andorre-emerveille-par-les-regards-des-enfants.jpg","datePublished":"2026-04-30T07:10:37+00:00","description":"Emmanuel Macron retrouve les joies de l'\u00e9cole \u00e0 Andorre, touch\u00e9 par les regards \u00e9merveill\u00e9s des enfants lors de sa visite.","breadcrumb":{"@id":"https:\/\/www.sebastien-auziere.fr\/blog\/emmanuel-macron-andorre-ecole\/#breadcrumb"},"inLanguage":"fr-FR","potentialAction":[{"@type":"ReadAction","target":["https:\/\/www.sebastien-auziere.fr\/blog\/emmanuel-macron-andorre-ecole\/"]}]},{"@type":"ImageObject","inLanguage":"fr-FR","@id":"https:\/\/www.sebastien-auziere.fr\/blog\/emmanuel-macron-andorre-ecole\/#primaryimage","url":"https:\/\/www.sebastien-auziere.fr\/blog\/wp-content\/uploads\/2026\/04\/Emmanuel-Macron-retrouve-les-joies-de-lecole-a-Andorre-emerveille-par-les-regards-des-enfants.jpg","contentUrl":"https:\/\/www.sebastien-auziere.fr\/blog\/wp-content\/uploads\/2026\/04\/Emmanuel-Macron-retrouve-les-joies-de-lecole-a-Andorre-emerveille-par-les-regards-des-enfants.jpg","width":2560,"height":1429,"caption":"emmanuel macron red\u00e9couvre le plaisir de l'\u00e9cole lors d'une visite en andorre, touch\u00e9 par l'\u00e9merveillement et la curiosit\u00e9 des enfants."},{"@type":"BreadcrumbList","@id":"https:\/\/www.sebastien-auziere.fr\/blog\/emmanuel-macron-andorre-ecole\/#breadcrumb","itemListElement":[{"@type":"ListItem","position":1,"name":"Home","item":"https:\/\/www.sebastien-auziere.fr\/blog\/"},{"@type":"ListItem","position":2,"name":"Emmanuel Macron retrouve les joies de l&rsquo;\u00e9cole \u00e0 Andorre, \u00e9merveill\u00e9 par les regards des enfants"}]},{"@type":"WebSite","@id":"https:\/\/www.sebastien-auziere.fr\/blog\/#website","url":"https:\/\/www.sebastien-auziere.fr\/blog\/","name":"Fan site S\u00e9bastien Auzi\u00e8re","description":"M\u00e9dia g\u00e9n\u00e9raliste","publisher":{"@id":"https:\/\/www.sebastien-auziere.fr\/blog\/#organization"},"potentialAction":[{"@type":"SearchAction","target":{"@type":"EntryPoint","urlTemplate":"https:\/\/www.sebastien-auziere.fr\/blog\/?s={search_term_string}"},"query-input":{"@type":"PropertyValueSpecification","valueRequired":true,"valueName":"search_term_string"}}],"inLanguage":"fr-FR"},{"@type":"Organization","@id":"https:\/\/www.sebastien-auziere.fr\/blog\/#organization","name":"Fan site S\u00e9bastien Auzi\u00e8re","url":"https:\/\/www.sebastien-auziere.fr\/blog\/","logo":{"@type":"ImageObject","inLanguage":"fr-FR","@id":"https:\/\/www.sebastien-auziere.fr\/blog\/#\/schema\/logo\/image\/","url":"https:\/\/www.sebastien-auziere.fr\/blog\/wp-content\/uploads\/2026\/03\/cropped-cropped-cropped-ChatGPT-Image-6-mars-2026-12_58_09-e1772798376794.jpg","contentUrl":"https:\/\/www.sebastien-auziere.fr\/blog\/wp-content\/uploads\/2026\/03\/cropped-cropped-cropped-ChatGPT-Image-6-mars-2026-12_58_09-e1772798376794.jpg","width":512,"height":360,"caption":"Fan site S\u00e9bastien Auzi\u00e8re"},"image":{"@id":"https:\/\/www.sebastien-auziere.fr\/blog\/#\/schema\/logo\/image\/"}},{"@type":"Person","@id":"https:\/\/www.sebastien-auziere.fr\/blog\/#\/schema\/person\/149f1acdbfd85149c6c3e59adeae2f4d","name":"Chloe Gauthier","image":{"@type":"ImageObject","inLanguage":"fr-FR","@id":"https:\/\/secure.gravatar.com\/avatar\/2c5722f58171cff738a8985ef0dd66b476e563753246a49019befc837ec4201a?s=96&d=mm&r=g","url":"https:\/\/secure.gravatar.com\/avatar\/2c5722f58171cff738a8985ef0dd66b476e563753246a49019befc837ec4201a?s=96&d=mm&r=g","contentUrl":"https:\/\/secure.gravatar.com\/avatar\/2c5722f58171cff738a8985ef0dd66b476e563753246a49019befc837ec4201a?s=96&d=mm&r=g","caption":"Chloe Gauthier"},"description":"Passionn\u00e9e par la politique et admiratrice engag\u00e9e de la famille Macron, je consacre mon \u00e9nergie \u00e0 suivre leurs initiatives et \u00e0 promouvoir leurs id\u00e9es. \u00c0 32 ans, je suis convaincue que leur vision est porteuse d'avenir.","url":"https:\/\/www.sebastien-auziere.fr\/blog\/author\/chloe-gauthier\/"}]}},"views":558,"_links":{"self":[{"href":"https:\/\/www.sebastien-auziere.fr\/blog\/wp-json\/wp\/v2\/posts\/3453","targetHints":{"allow":["GET"]}}],"collection":[{"href":"https:\/\/www.sebastien-auziere.fr\/blog\/wp-json\/wp\/v2\/posts"}],"about":[{"href":"https:\/\/www.sebastien-auziere.fr\/blog\/wp-json\/wp\/v2\/types\/post"}],"author":[{"embeddable":true,"href":"https:\/\/www.sebastien-auziere.fr\/blog\/wp-json\/wp\/v2\/users\/9"}],"replies":[{"embeddable":true,"href":"https:\/\/www.sebastien-auziere.fr\/blog\/wp-json\/wp\/v2\/comments?post=3453"}],"version-history":[{"count":0,"href":"https:\/\/www.sebastien-auziere.fr\/blog\/wp-json\/wp\/v2\/posts\/3453\/revisions"}],"wp:featuredmedia":[{"embeddable":true,"href":"https:\/\/www.sebastien-auziere.fr\/blog\/wp-json\/wp\/v2\/media\/3452"}],"wp:attachment":[{"href":"https:\/\/www.sebastien-auziere.fr\/blog\/wp-json\/wp\/v2\/media?parent=3453"}],"wp:term":[{"taxonomy":"category","embeddable":true,"href":"https:\/\/www.sebastien-auziere.fr\/blog\/wp-json\/wp\/v2\/categories?post=3453"},{"taxonomy":"post_tag","embeddable":true,"href":"https:\/\/www.sebastien-auziere.fr\/blog\/wp-json\/wp\/v2\/tags?post=3453"}],"curies":[{"name":"wp","href":"https:\/\/api.w.org\/{rel}","templated":true}]}}