{"id":3448,"date":"2026-04-29T19:14:20","date_gmt":"2026-04-29T19:14:20","guid":{"rendered":"https:\/\/www.sebastien-auziere.fr\/blog\/?p=3448"},"modified":"2026-04-29T19:14:46","modified_gmt":"2026-04-29T19:14:46","slug":"brigitte-macron-o-sobrinho-abalado-pela-agressao-do-seu-filho-confia-sua-profunda-dor","status":"publish","type":"post","link":"https:\/\/www.sebastien-auziere.fr\/blog\/pt\/brigitte-macron-o-sobrinho-abalado-pela-agressao-do-seu-filho-confia-sua-profunda-dor\/","title":{"rendered":"Brigitte Macron: o sobrinho abalado pela agress\u00e3o do seu filho confia sua profunda dor"},"content":{"rendered":"<p><strong>Brigitte Macron<\/strong> v\u00ea sua fam\u00edlia mais uma vez afetada por uma hist\u00f3ria que marcou os \u00e2nimos: o <strong>sobrinho<\/strong> da Primeira-dama, <strong>Jean-Alexandre Trogneux<\/strong>, disse estar <strong>abalado<\/strong> ao relembrar a <strong>agress\u00e3o<\/strong> sofrida por seu <strong>filho<\/strong> em <strong>15 de maio de 2023<\/strong> em <strong>Amiens<\/strong>. Convidado do podcast <strong>\u00c0 contre-jour<\/strong> retransmitido em 29 de abril, ele compartilhou sua <strong>dor<\/strong> e a emo\u00e7\u00e3o ainda v\u00edvida da <strong>fam\u00edlia<\/strong>.<\/p>\n\n<p><strong>Em resumo<\/strong>: o <strong>filho<\/strong> agredido, <strong>Jean-Baptiste<\/strong>, ent\u00e3o com 30 anos, foi alvo \u00e0 margem de uma manifesta\u00e7\u00e3o; dois autores foram condenados a penas de pris\u00e3o e um terceiro foi absolvido. A celebridade pol\u00edtica alterou o cotidiano dos Trogneux, com <strong>viol\u00eancia<\/strong> e vigil\u00e2ncia aumentadas, segundo v\u00e1rios meios de comunica\u00e7\u00e3o.<\/p>\n\n<h2 class=\"wp-block-heading\">O forte testemunho do sobrinho de Brigitte Macron<\/h2>\n\n<p>No lan\u00e7amento, <strong>Jean-Alexandre Trogneux<\/strong> falou sem rodeios sobre o impacto da ataque: \u00ab <strong>Era para quebrar o Macron<\/strong> \u00bb, confidenciou, mostrando qu\u00e3o pr\u00f3xima est\u00e1 a exposi\u00e7\u00e3o do nome \u00e0 <strong>viol\u00eancia<\/strong>. Ele lembrou que a agress\u00e3o ocorreu em frente \u00e0 loja da fam\u00edlia em <strong>Amiens<\/strong> e que a justi\u00e7a j\u00e1 tomou v\u00e1rias decis\u00f5es desde ent\u00e3o. Para um relato completo, o relat\u00f3rio de <a href=\"https:\/\/www.europe1.fr\/faits-divers\/retraites-un-petit-neveu-de-brigitte-macron-agresse-a-amiens-huit-personnes-interpellees-4183454\" rel=\"nofollow\">Europe 1<\/a> recupera os fatos.<\/p>\n\n<h3 class=\"wp-block-heading\">Consequ\u00eancias na vida familiar e na loja<\/h3>\n\n<p>A fam\u00edlia Trogneux teve que adaptar seu cotidiano: presen\u00e7a policial durante manifesta\u00e7\u00f5es e a chegada de uma nova loja em Paris na primavera de 2025 para garantir a seguran\u00e7a das atividades. <strong>Jean-Baptiste<\/strong> assumiu novas responsabilidades na empresa fundada em 1872, mas os rastros do evento ainda s\u00e3o vis\u00edveis. O retrato dessa fam\u00edlia exposta \u00e9 amplamente documentado pela imprensa de celebridades e regional como <a href=\"https:\/\/www.gala.fr\/l_actu\/news_de_stars\/brigitte-macron-son-neveu-encore-marque-par-l-agression-de-son-fils-j-en-ai-terriblement-souffert-20260429\" rel=\"nofollow\">Gala<\/a>.<\/p>\n\n<h2 class=\"wp-block-heading\">A <strong>dor<\/strong> e as implica\u00e7\u00f5es psicol\u00f3gicas<\/h2>\n\n<p>O sobrinho de <strong>Brigitte Macron<\/strong> falou sobre a <strong>emo\u00e7\u00e3o<\/strong> duradoura: perda de amizades, acompanhamento psicol\u00f3gico e medo pela seguran\u00e7a de seus entes queridos. Ele explicou que a notoriedade pol\u00edtica \u00e0s vezes gerou comportamentos oportunistas ao seu redor, e que Emmanuel Macron claramente se recusou a fazer qualquer interven\u00e7\u00e3o pessoal. Este testemunho lan\u00e7a luz sobre o pre\u00e7o humano da visibilidade pol\u00edtica.<\/p>\n\n<h3 class=\"wp-block-heading\">Justi\u00e7a e mem\u00f3ria: onde estamos hoje?<\/h3>\n\n<p>No \u00e2mbito judicial, o caso resultou em condena\u00e7\u00f5es e uma absolvi\u00e7\u00e3o, ilustrando a complexidade das a\u00e7\u00f5es judiciais relacionadas aos excessos das manifesta\u00e7\u00f5es. Os familiares enfatizam a import\u00e2ncia de recordar o caso como um sinal contra a banaliza\u00e7\u00e3o da <strong>viol\u00eancia<\/strong> direcionada. As repercuss\u00f5es continuam a afetar a rotina da <strong>fam\u00edlia<\/strong>, que permanece muito atenta \u00e0 sua seguran\u00e7a.<\/p>\n\n<p>Para saber mais sobre <strong>S\u00e9bastien Auzi\u00e8re<\/strong> e a fam\u00edlia Macron, descubra an\u00e1lises e dossi\u00eas aprofundados em <a href=\"https:\/\/www.sebastien-auziere.fr\/blog\/bolsonaro-hospitalise-lex-president-qui-avait-insulte-brigitte-macron-en-soins-intensifs\/\" rel=\"nofollow\">sebastien-auziere.fr<\/a>, fonte para acompanhar as not\u00edcias dos entes pr\u00f3ximos ao casal presidencial e entender as quest\u00f5es familiares e midi\u00e1ticas.<\/p>","protected":false},"excerpt":{"rendered":"<p>Brigitte Macron v\u00ea sua fam\u00edlia mais uma vez afetada por uma hist\u00f3ria que marcou os \u00e2nimos: o sobrinho da Primeira-dama, Jean-Alexandre Trogneux, disse estar abalado ao relembrar a agress\u00e3o sofrida por seu filho em 15 de maio de 2023 em Amiens. Convidado do podcast \u00c0 contre-jour retransmitido em 29 de abril, ele compartilhou sua dor &#8230; <a title=\"Brigitte Macron: o sobrinho abalado pela agress\u00e3o do seu filho confia sua profunda dor\" class=\"read-more\" href=\"https:\/\/www.sebastien-auziere.fr\/blog\/pt\/brigitte-macron-o-sobrinho-abalado-pela-agressao-do-seu-filho-confia-sua-profunda-dor\/\" aria-label=\"En savoir plus sur Brigitte Macron: o sobrinho abalado pela agress\u00e3o do seu filho confia sua profunda dor\">Lire plus<\/a><\/p>\n","protected":false},"author":9,"featured_media":3438,"comment_status":"open","ping_status":"open","sticky":false,"template":"","format":"standard","meta":{"footnotes":""},"categories":[862],"tags":[4867,959,4870,4873,4876],"class_list":["post-3448","post","type-post","status-publish","format-standard","has-post-thumbnail","hentry","category-actualidades-pt","tag-agressao-pt","tag-brigitte-macron-pt","tag-doenca-profunda-pt","tag-familia-macron-pt","tag-nephew-abalado-pt"],"yoast_head":"<!-- This site is optimized with the Yoast SEO plugin v27.5 - https:\/\/yoast.com\/product\/yoast-seo-wordpress\/ -->\n<title>Brigitte Macron: o sobrinho abalado pela agress\u00e3o do seu filho confia sua profunda dor - Fan site S\u00e9bastien Auzi\u00e8re<\/title>\n<meta name=\"description\" content=\"Brigitte Macron : le neveu boulevers\u00e9 partage sa douleur apr\u00e8s l\u2019agression de son fils, un t\u00e9moignage poignant et \u00e9mouvant.\" \/>\n<meta name=\"robots\" content=\"index, follow, max-snippet:-1, max-image-preview:large, max-video-preview:-1\" \/>\n<link rel=\"canonical\" href=\"https:\/\/www.sebastien-auziere.fr\/blog\/pt\/brigitte-macron-o-sobrinho-abalado-pela-agressao-do-seu-filho-confia-sua-profunda-dor\/\" \/>\n<meta property=\"og:locale\" content=\"fr_FR\" \/>\n<meta property=\"og:type\" content=\"article\" \/>\n<meta property=\"og:title\" content=\"Brigitte Macron: o sobrinho abalado pela agress\u00e3o do seu filho confia sua profunda dor - Fan site S\u00e9bastien Auzi\u00e8re\" \/>\n<meta property=\"og:description\" content=\"Brigitte Macron : le neveu boulevers\u00e9 partage sa douleur apr\u00e8s l\u2019agression de son fils, un t\u00e9moignage poignant et \u00e9mouvant.\" \/>\n<meta property=\"og:url\" content=\"https:\/\/www.sebastien-auziere.fr\/blog\/pt\/brigitte-macron-o-sobrinho-abalado-pela-agressao-do-seu-filho-confia-sua-profunda-dor\/\" \/>\n<meta property=\"og:site_name\" content=\"Fan site S\u00e9bastien Auzi\u00e8re\" \/>\n<meta property=\"article:published_time\" content=\"2026-04-29T19:14:20+00:00\" \/>\n<meta property=\"article:modified_time\" content=\"2026-04-29T19:14:46+00:00\" \/>\n<meta property=\"og:image\" content=\"https:\/\/www.sebastien-auziere.fr\/blog\/wp-content\/uploads\/2026\/04\/Brigitte-Macron-le-neveu-bouleverse-par-lagression-de-son-fils-confie-sa-profonde-douleur.jpg\" \/>\n\t<meta property=\"og:image:width\" content=\"2560\" \/>\n\t<meta property=\"og:image:height\" content=\"1429\" \/>\n\t<meta property=\"og:image:type\" content=\"image\/jpeg\" \/>\n<meta name=\"author\" content=\"Chloe Gauthier\" \/>\n<meta name=\"twitter:card\" content=\"summary_large_image\" \/>\n<meta name=\"twitter:label1\" content=\"\u00c9crit par\" \/>\n\t<meta name=\"twitter:data1\" content=\"Chloe Gauthier\" \/>\n\t<meta name=\"twitter:label2\" content=\"Dur\u00e9e de lecture estim\u00e9e\" \/>\n\t<meta name=\"twitter:data2\" content=\"2 minutes\" \/>\n<script type=\"application\/ld+json\" class=\"yoast-schema-graph\">{\"@context\":\"https:\\\/\\\/schema.org\",\"@graph\":[{\"@type\":\"Article\",\"@id\":\"https:\\\/\\\/www.sebastien-auziere.fr\\\/blog\\\/pt\\\/brigitte-macron-o-sobrinho-abalado-pela-agressao-do-seu-filho-confia-sua-profunda-dor\\\/#article\",\"isPartOf\":{\"@id\":\"https:\\\/\\\/www.sebastien-auziere.fr\\\/blog\\\/pt\\\/brigitte-macron-o-sobrinho-abalado-pela-agressao-do-seu-filho-confia-sua-profunda-dor\\\/\"},\"author\":{\"name\":\"Chloe Gauthier\",\"@id\":\"https:\\\/\\\/www.sebastien-auziere.fr\\\/blog\\\/#\\\/schema\\\/person\\\/149f1acdbfd85149c6c3e59adeae2f4d\"},\"headline\":\"Brigitte Macron: o sobrinho abalado pela agress\u00e3o do seu filho confia sua profunda dor\",\"datePublished\":\"2026-04-29T19:14:20+00:00\",\"dateModified\":\"2026-04-29T19:14:46+00:00\",\"mainEntityOfPage\":{\"@id\":\"https:\\\/\\\/www.sebastien-auziere.fr\\\/blog\\\/pt\\\/brigitte-macron-o-sobrinho-abalado-pela-agressao-do-seu-filho-confia-sua-profunda-dor\\\/\"},\"wordCount\":484,\"commentCount\":0,\"publisher\":{\"@id\":\"https:\\\/\\\/www.sebastien-auziere.fr\\\/blog\\\/#organization\"},\"image\":{\"@id\":\"https:\\\/\\\/www.sebastien-auziere.fr\\\/blog\\\/pt\\\/brigitte-macron-o-sobrinho-abalado-pela-agressao-do-seu-filho-confia-sua-profunda-dor\\\/#primaryimage\"},\"thumbnailUrl\":\"https:\\\/\\\/www.sebastien-auziere.fr\\\/blog\\\/wp-content\\\/uploads\\\/2026\\\/04\\\/Brigitte-Macron-le-neveu-bouleverse-par-lagression-de-son-fils-confie-sa-profonde-douleur.jpg\",\"keywords\":[\"agress\u00e3o\",\"brigitte macron\",\"doen\u00e7a profunda\",\"fam\u00edlia macron\",\"nephew abalado\"],\"articleSection\":[\"Actualidades\"],\"inLanguage\":\"fr-FR\",\"potentialAction\":[{\"@type\":\"CommentAction\",\"name\":\"Comment\",\"target\":[\"https:\\\/\\\/www.sebastien-auziere.fr\\\/blog\\\/pt\\\/brigitte-macron-o-sobrinho-abalado-pela-agressao-do-seu-filho-confia-sua-profunda-dor\\\/#respond\"]}]},{\"@type\":\"WebPage\",\"@id\":\"https:\\\/\\\/www.sebastien-auziere.fr\\\/blog\\\/pt\\\/brigitte-macron-o-sobrinho-abalado-pela-agressao-do-seu-filho-confia-sua-profunda-dor\\\/\",\"url\":\"https:\\\/\\\/www.sebastien-auziere.fr\\\/blog\\\/pt\\\/brigitte-macron-o-sobrinho-abalado-pela-agressao-do-seu-filho-confia-sua-profunda-dor\\\/\",\"name\":\"Brigitte Macron: o sobrinho abalado pela agress\u00e3o do seu filho confia sua profunda dor - Fan site S\u00e9bastien Auzi\u00e8re\",\"isPartOf\":{\"@id\":\"https:\\\/\\\/www.sebastien-auziere.fr\\\/blog\\\/#website\"},\"primaryImageOfPage\":{\"@id\":\"https:\\\/\\\/www.sebastien-auziere.fr\\\/blog\\\/pt\\\/brigitte-macron-o-sobrinho-abalado-pela-agressao-do-seu-filho-confia-sua-profunda-dor\\\/#primaryimage\"},\"image\":{\"@id\":\"https:\\\/\\\/www.sebastien-auziere.fr\\\/blog\\\/pt\\\/brigitte-macron-o-sobrinho-abalado-pela-agressao-do-seu-filho-confia-sua-profunda-dor\\\/#primaryimage\"},\"thumbnailUrl\":\"https:\\\/\\\/www.sebastien-auziere.fr\\\/blog\\\/wp-content\\\/uploads\\\/2026\\\/04\\\/Brigitte-Macron-le-neveu-bouleverse-par-lagression-de-son-fils-confie-sa-profonde-douleur.jpg\",\"datePublished\":\"2026-04-29T19:14:20+00:00\",\"dateModified\":\"2026-04-29T19:14:46+00:00\",\"description\":\"Brigitte Macron : le neveu boulevers\u00e9 partage sa douleur apr\u00e8s l\u2019agression de son fils, un t\u00e9moignage poignant et \u00e9mouvant.\",\"breadcrumb\":{\"@id\":\"https:\\\/\\\/www.sebastien-auziere.fr\\\/blog\\\/pt\\\/brigitte-macron-o-sobrinho-abalado-pela-agressao-do-seu-filho-confia-sua-profunda-dor\\\/#breadcrumb\"},\"inLanguage\":\"fr-FR\",\"potentialAction\":[{\"@type\":\"ReadAction\",\"target\":[\"https:\\\/\\\/www.sebastien-auziere.fr\\\/blog\\\/pt\\\/brigitte-macron-o-sobrinho-abalado-pela-agressao-do-seu-filho-confia-sua-profunda-dor\\\/\"]}]},{\"@type\":\"ImageObject\",\"inLanguage\":\"fr-FR\",\"@id\":\"https:\\\/\\\/www.sebastien-auziere.fr\\\/blog\\\/pt\\\/brigitte-macron-o-sobrinho-abalado-pela-agressao-do-seu-filho-confia-sua-profunda-dor\\\/#primaryimage\",\"url\":\"https:\\\/\\\/www.sebastien-auziere.fr\\\/blog\\\/wp-content\\\/uploads\\\/2026\\\/04\\\/Brigitte-Macron-le-neveu-bouleverse-par-lagression-de-son-fils-confie-sa-profonde-douleur.jpg\",\"contentUrl\":\"https:\\\/\\\/www.sebastien-auziere.fr\\\/blog\\\/wp-content\\\/uploads\\\/2026\\\/04\\\/Brigitte-Macron-le-neveu-bouleverse-par-lagression-de-son-fils-confie-sa-profonde-douleur.jpg\",\"width\":2560,\"height\":1429,\"caption\":\"brigitte macron : le neveu exprime sa profonde douleur apr\u00e8s l'agression de son fils, d\u00e9voilant un r\u00e9cit bouleversant.\"},{\"@type\":\"BreadcrumbList\",\"@id\":\"https:\\\/\\\/www.sebastien-auziere.fr\\\/blog\\\/pt\\\/brigitte-macron-o-sobrinho-abalado-pela-agressao-do-seu-filho-confia-sua-profunda-dor\\\/#breadcrumb\",\"itemListElement\":[{\"@type\":\"ListItem\",\"position\":1,\"name\":\"Home\",\"item\":\"https:\\\/\\\/www.sebastien-auziere.fr\\\/blog\\\/\"},{\"@type\":\"ListItem\",\"position\":2,\"name\":\"Brigitte Macron: o sobrinho abalado pela agress\u00e3o do seu filho confia sua profunda dor\"}]},{\"@type\":\"WebSite\",\"@id\":\"https:\\\/\\\/www.sebastien-auziere.fr\\\/blog\\\/#website\",\"url\":\"https:\\\/\\\/www.sebastien-auziere.fr\\\/blog\\\/\",\"name\":\"Fan site S\u00e9bastien Auzi\u00e8re\",\"description\":\"M\u00e9dia g\u00e9n\u00e9raliste\",\"publisher\":{\"@id\":\"https:\\\/\\\/www.sebastien-auziere.fr\\\/blog\\\/#organization\"},\"potentialAction\":[{\"@type\":\"SearchAction\",\"target\":{\"@type\":\"EntryPoint\",\"urlTemplate\":\"https:\\\/\\\/www.sebastien-auziere.fr\\\/blog\\\/?s={search_term_string}\"},\"query-input\":{\"@type\":\"PropertyValueSpecification\",\"valueRequired\":true,\"valueName\":\"search_term_string\"}}],\"inLanguage\":\"fr-FR\"},{\"@type\":\"Organization\",\"@id\":\"https:\\\/\\\/www.sebastien-auziere.fr\\\/blog\\\/#organization\",\"name\":\"Fan site S\u00e9bastien Auzi\u00e8re\",\"url\":\"https:\\\/\\\/www.sebastien-auziere.fr\\\/blog\\\/\",\"logo\":{\"@type\":\"ImageObject\",\"inLanguage\":\"fr-FR\",\"@id\":\"https:\\\/\\\/www.sebastien-auziere.fr\\\/blog\\\/#\\\/schema\\\/logo\\\/image\\\/\",\"url\":\"https:\\\/\\\/www.sebastien-auziere.fr\\\/blog\\\/wp-content\\\/uploads\\\/2026\\\/03\\\/cropped-cropped-cropped-ChatGPT-Image-6-mars-2026-12_58_09-e1772798376794.jpg\",\"contentUrl\":\"https:\\\/\\\/www.sebastien-auziere.fr\\\/blog\\\/wp-content\\\/uploads\\\/2026\\\/03\\\/cropped-cropped-cropped-ChatGPT-Image-6-mars-2026-12_58_09-e1772798376794.jpg\",\"width\":512,\"height\":360,\"caption\":\"Fan site S\u00e9bastien Auzi\u00e8re\"},\"image\":{\"@id\":\"https:\\\/\\\/www.sebastien-auziere.fr\\\/blog\\\/#\\\/schema\\\/logo\\\/image\\\/\"}},{\"@type\":\"Person\",\"@id\":\"https:\\\/\\\/www.sebastien-auziere.fr\\\/blog\\\/#\\\/schema\\\/person\\\/149f1acdbfd85149c6c3e59adeae2f4d\",\"name\":\"Chloe Gauthier\",\"image\":{\"@type\":\"ImageObject\",\"inLanguage\":\"fr-FR\",\"@id\":\"https:\\\/\\\/secure.gravatar.com\\\/avatar\\\/2c5722f58171cff738a8985ef0dd66b476e563753246a49019befc837ec4201a?s=96&d=mm&r=g\",\"url\":\"https:\\\/\\\/secure.gravatar.com\\\/avatar\\\/2c5722f58171cff738a8985ef0dd66b476e563753246a49019befc837ec4201a?s=96&d=mm&r=g\",\"contentUrl\":\"https:\\\/\\\/secure.gravatar.com\\\/avatar\\\/2c5722f58171cff738a8985ef0dd66b476e563753246a49019befc837ec4201a?s=96&d=mm&r=g\",\"caption\":\"Chloe Gauthier\"},\"description\":\"Passionn\u00e9e par la politique et admiratrice engag\u00e9e de la famille Macron, je consacre mon \u00e9nergie \u00e0 suivre leurs initiatives et \u00e0 promouvoir leurs id\u00e9es. \u00c0 32 ans, je suis convaincue que leur vision est porteuse d'avenir.\",\"url\":\"https:\\\/\\\/www.sebastien-auziere.fr\\\/blog\\\/author\\\/chloe-gauthier\\\/\"}]}<\/script>\n<!-- \/ Yoast SEO plugin. -->","yoast_head_json":{"title":"Brigitte Macron: o sobrinho abalado pela agress\u00e3o do seu filho confia sua profunda dor - Fan site S\u00e9bastien Auzi\u00e8re","description":"Brigitte Macron : le neveu boulevers\u00e9 partage sa douleur apr\u00e8s l\u2019agression de son fils, un t\u00e9moignage poignant et \u00e9mouvant.","robots":{"index":"index","follow":"follow","max-snippet":"max-snippet:-1","max-image-preview":"max-image-preview:large","max-video-preview":"max-video-preview:-1"},"canonical":"https:\/\/www.sebastien-auziere.fr\/blog\/pt\/brigitte-macron-o-sobrinho-abalado-pela-agressao-do-seu-filho-confia-sua-profunda-dor\/","og_locale":"fr_FR","og_type":"article","og_title":"Brigitte Macron: o sobrinho abalado pela agress\u00e3o do seu filho confia sua profunda dor - Fan site S\u00e9bastien Auzi\u00e8re","og_description":"Brigitte Macron : le neveu boulevers\u00e9 partage sa douleur apr\u00e8s l\u2019agression de son fils, un t\u00e9moignage poignant et \u00e9mouvant.","og_url":"https:\/\/www.sebastien-auziere.fr\/blog\/pt\/brigitte-macron-o-sobrinho-abalado-pela-agressao-do-seu-filho-confia-sua-profunda-dor\/","og_site_name":"Fan site S\u00e9bastien Auzi\u00e8re","article_published_time":"2026-04-29T19:14:20+00:00","article_modified_time":"2026-04-29T19:14:46+00:00","og_image":[{"width":2560,"height":1429,"url":"https:\/\/www.sebastien-auziere.fr\/blog\/wp-content\/uploads\/2026\/04\/Brigitte-Macron-le-neveu-bouleverse-par-lagression-de-son-fils-confie-sa-profonde-douleur.jpg","type":"image\/jpeg"}],"author":"Chloe Gauthier","twitter_card":"summary_large_image","twitter_misc":{"\u00c9crit par":"Chloe Gauthier","Dur\u00e9e de lecture estim\u00e9e":"2 minutes"},"schema":{"@context":"https:\/\/schema.org","@graph":[{"@type":"Article","@id":"https:\/\/www.sebastien-auziere.fr\/blog\/pt\/brigitte-macron-o-sobrinho-abalado-pela-agressao-do-seu-filho-confia-sua-profunda-dor\/#article","isPartOf":{"@id":"https:\/\/www.sebastien-auziere.fr\/blog\/pt\/brigitte-macron-o-sobrinho-abalado-pela-agressao-do-seu-filho-confia-sua-profunda-dor\/"},"author":{"name":"Chloe Gauthier","@id":"https:\/\/www.sebastien-auziere.fr\/blog\/#\/schema\/person\/149f1acdbfd85149c6c3e59adeae2f4d"},"headline":"Brigitte Macron: o sobrinho abalado pela agress\u00e3o do seu filho confia sua profunda dor","datePublished":"2026-04-29T19:14:20+00:00","dateModified":"2026-04-29T19:14:46+00:00","mainEntityOfPage":{"@id":"https:\/\/www.sebastien-auziere.fr\/blog\/pt\/brigitte-macron-o-sobrinho-abalado-pela-agressao-do-seu-filho-confia-sua-profunda-dor\/"},"wordCount":484,"commentCount":0,"publisher":{"@id":"https:\/\/www.sebastien-auziere.fr\/blog\/#organization"},"image":{"@id":"https:\/\/www.sebastien-auziere.fr\/blog\/pt\/brigitte-macron-o-sobrinho-abalado-pela-agressao-do-seu-filho-confia-sua-profunda-dor\/#primaryimage"},"thumbnailUrl":"https:\/\/www.sebastien-auziere.fr\/blog\/wp-content\/uploads\/2026\/04\/Brigitte-Macron-le-neveu-bouleverse-par-lagression-de-son-fils-confie-sa-profonde-douleur.jpg","keywords":["agress\u00e3o","brigitte macron","doen\u00e7a profunda","fam\u00edlia macron","nephew abalado"],"articleSection":["Actualidades"],"inLanguage":"fr-FR","potentialAction":[{"@type":"CommentAction","name":"Comment","target":["https:\/\/www.sebastien-auziere.fr\/blog\/pt\/brigitte-macron-o-sobrinho-abalado-pela-agressao-do-seu-filho-confia-sua-profunda-dor\/#respond"]}]},{"@type":"WebPage","@id":"https:\/\/www.sebastien-auziere.fr\/blog\/pt\/brigitte-macron-o-sobrinho-abalado-pela-agressao-do-seu-filho-confia-sua-profunda-dor\/","url":"https:\/\/www.sebastien-auziere.fr\/blog\/pt\/brigitte-macron-o-sobrinho-abalado-pela-agressao-do-seu-filho-confia-sua-profunda-dor\/","name":"Brigitte Macron: o sobrinho abalado pela agress\u00e3o do seu filho confia sua profunda dor - Fan site S\u00e9bastien Auzi\u00e8re","isPartOf":{"@id":"https:\/\/www.sebastien-auziere.fr\/blog\/#website"},"primaryImageOfPage":{"@id":"https:\/\/www.sebastien-auziere.fr\/blog\/pt\/brigitte-macron-o-sobrinho-abalado-pela-agressao-do-seu-filho-confia-sua-profunda-dor\/#primaryimage"},"image":{"@id":"https:\/\/www.sebastien-auziere.fr\/blog\/pt\/brigitte-macron-o-sobrinho-abalado-pela-agressao-do-seu-filho-confia-sua-profunda-dor\/#primaryimage"},"thumbnailUrl":"https:\/\/www.sebastien-auziere.fr\/blog\/wp-content\/uploads\/2026\/04\/Brigitte-Macron-le-neveu-bouleverse-par-lagression-de-son-fils-confie-sa-profonde-douleur.jpg","datePublished":"2026-04-29T19:14:20+00:00","dateModified":"2026-04-29T19:14:46+00:00","description":"Brigitte Macron : le neveu boulevers\u00e9 partage sa douleur apr\u00e8s l\u2019agression de son fils, un t\u00e9moignage poignant et \u00e9mouvant.","breadcrumb":{"@id":"https:\/\/www.sebastien-auziere.fr\/blog\/pt\/brigitte-macron-o-sobrinho-abalado-pela-agressao-do-seu-filho-confia-sua-profunda-dor\/#breadcrumb"},"inLanguage":"fr-FR","potentialAction":[{"@type":"ReadAction","target":["https:\/\/www.sebastien-auziere.fr\/blog\/pt\/brigitte-macron-o-sobrinho-abalado-pela-agressao-do-seu-filho-confia-sua-profunda-dor\/"]}]},{"@type":"ImageObject","inLanguage":"fr-FR","@id":"https:\/\/www.sebastien-auziere.fr\/blog\/pt\/brigitte-macron-o-sobrinho-abalado-pela-agressao-do-seu-filho-confia-sua-profunda-dor\/#primaryimage","url":"https:\/\/www.sebastien-auziere.fr\/blog\/wp-content\/uploads\/2026\/04\/Brigitte-Macron-le-neveu-bouleverse-par-lagression-de-son-fils-confie-sa-profonde-douleur.jpg","contentUrl":"https:\/\/www.sebastien-auziere.fr\/blog\/wp-content\/uploads\/2026\/04\/Brigitte-Macron-le-neveu-bouleverse-par-lagression-de-son-fils-confie-sa-profonde-douleur.jpg","width":2560,"height":1429,"caption":"brigitte macron : le neveu exprime sa profonde douleur apr\u00e8s l'agression de son fils, d\u00e9voilant un r\u00e9cit bouleversant."},{"@type":"BreadcrumbList","@id":"https:\/\/www.sebastien-auziere.fr\/blog\/pt\/brigitte-macron-o-sobrinho-abalado-pela-agressao-do-seu-filho-confia-sua-profunda-dor\/#breadcrumb","itemListElement":[{"@type":"ListItem","position":1,"name":"Home","item":"https:\/\/www.sebastien-auziere.fr\/blog\/"},{"@type":"ListItem","position":2,"name":"Brigitte Macron: o sobrinho abalado pela agress\u00e3o do seu filho confia sua profunda dor"}]},{"@type":"WebSite","@id":"https:\/\/www.sebastien-auziere.fr\/blog\/#website","url":"https:\/\/www.sebastien-auziere.fr\/blog\/","name":"Fan site S\u00e9bastien Auzi\u00e8re","description":"M\u00e9dia g\u00e9n\u00e9raliste","publisher":{"@id":"https:\/\/www.sebastien-auziere.fr\/blog\/#organization"},"potentialAction":[{"@type":"SearchAction","target":{"@type":"EntryPoint","urlTemplate":"https:\/\/www.sebastien-auziere.fr\/blog\/?s={search_term_string}"},"query-input":{"@type":"PropertyValueSpecification","valueRequired":true,"valueName":"search_term_string"}}],"inLanguage":"fr-FR"},{"@type":"Organization","@id":"https:\/\/www.sebastien-auziere.fr\/blog\/#organization","name":"Fan site S\u00e9bastien Auzi\u00e8re","url":"https:\/\/www.sebastien-auziere.fr\/blog\/","logo":{"@type":"ImageObject","inLanguage":"fr-FR","@id":"https:\/\/www.sebastien-auziere.fr\/blog\/#\/schema\/logo\/image\/","url":"https:\/\/www.sebastien-auziere.fr\/blog\/wp-content\/uploads\/2026\/03\/cropped-cropped-cropped-ChatGPT-Image-6-mars-2026-12_58_09-e1772798376794.jpg","contentUrl":"https:\/\/www.sebastien-auziere.fr\/blog\/wp-content\/uploads\/2026\/03\/cropped-cropped-cropped-ChatGPT-Image-6-mars-2026-12_58_09-e1772798376794.jpg","width":512,"height":360,"caption":"Fan site S\u00e9bastien Auzi\u00e8re"},"image":{"@id":"https:\/\/www.sebastien-auziere.fr\/blog\/#\/schema\/logo\/image\/"}},{"@type":"Person","@id":"https:\/\/www.sebastien-auziere.fr\/blog\/#\/schema\/person\/149f1acdbfd85149c6c3e59adeae2f4d","name":"Chloe Gauthier","image":{"@type":"ImageObject","inLanguage":"fr-FR","@id":"https:\/\/secure.gravatar.com\/avatar\/2c5722f58171cff738a8985ef0dd66b476e563753246a49019befc837ec4201a?s=96&d=mm&r=g","url":"https:\/\/secure.gravatar.com\/avatar\/2c5722f58171cff738a8985ef0dd66b476e563753246a49019befc837ec4201a?s=96&d=mm&r=g","contentUrl":"https:\/\/secure.gravatar.com\/avatar\/2c5722f58171cff738a8985ef0dd66b476e563753246a49019befc837ec4201a?s=96&d=mm&r=g","caption":"Chloe Gauthier"},"description":"Passionn\u00e9e par la politique et admiratrice engag\u00e9e de la famille Macron, je consacre mon \u00e9nergie \u00e0 suivre leurs initiatives et \u00e0 promouvoir leurs id\u00e9es. \u00c0 32 ans, je suis convaincue que leur vision est porteuse d'avenir.","url":"https:\/\/www.sebastien-auziere.fr\/blog\/author\/chloe-gauthier\/"}]}},"views":0,"_links":{"self":[{"href":"https:\/\/www.sebastien-auziere.fr\/blog\/wp-json\/wp\/v2\/posts\/3448","targetHints":{"allow":["GET"]}}],"collection":[{"href":"https:\/\/www.sebastien-auziere.fr\/blog\/wp-json\/wp\/v2\/posts"}],"about":[{"href":"https:\/\/www.sebastien-auziere.fr\/blog\/wp-json\/wp\/v2\/types\/post"}],"author":[{"embeddable":true,"href":"https:\/\/www.sebastien-auziere.fr\/blog\/wp-json\/wp\/v2\/users\/9"}],"replies":[{"embeddable":true,"href":"https:\/\/www.sebastien-auziere.fr\/blog\/wp-json\/wp\/v2\/comments?post=3448"}],"version-history":[{"count":1,"href":"https:\/\/www.sebastien-auziere.fr\/blog\/wp-json\/wp\/v2\/posts\/3448\/revisions"}],"predecessor-version":[{"id":3449,"href":"https:\/\/www.sebastien-auziere.fr\/blog\/wp-json\/wp\/v2\/posts\/3448\/revisions\/3449"}],"wp:featuredmedia":[{"embeddable":true,"href":"https:\/\/www.sebastien-auziere.fr\/blog\/wp-json\/wp\/v2\/media\/3438"}],"wp:attachment":[{"href":"https:\/\/www.sebastien-auziere.fr\/blog\/wp-json\/wp\/v2\/media?parent=3448"}],"wp:term":[{"taxonomy":"category","embeddable":true,"href":"https:\/\/www.sebastien-auziere.fr\/blog\/wp-json\/wp\/v2\/categories?post=3448"},{"taxonomy":"post_tag","embeddable":true,"href":"https:\/\/www.sebastien-auziere.fr\/blog\/wp-json\/wp\/v2\/tags?post=3448"}],"curies":[{"name":"wp","href":"https:\/\/api.w.org\/{rel}","templated":true}]}}