{"id":3446,"date":"2026-04-29T19:13:04","date_gmt":"2026-04-29T19:13:04","guid":{"rendered":"https:\/\/www.sebastien-auziere.fr\/blog\/?p=3446"},"modified":"2026-04-29T19:13:33","modified_gmt":"2026-04-29T19:13:33","slug":"brigitte-macron-il-nipote-turbato-dallaggressione-di-suo-figlio-confida-il-suo-profondo-dolore","status":"publish","type":"post","link":"https:\/\/www.sebastien-auziere.fr\/blog\/it\/brigitte-macron-il-nipote-turbato-dallaggressione-di-suo-figlio-confida-il-suo-profondo-dolore\/","title":{"rendered":"Brigitte Macron: il nipote turbato dall&rsquo;aggressione di suo figlio confida il suo profondo dolore"},"content":{"rendered":"<p><strong>Brigitte Macron<\/strong> vede ancora una volta la sua famiglia colpita da una storia che ha segnato le menti: il <strong>nipote<\/strong> della Prima dama, <strong>Jean-Alexandre Trogneux<\/strong>, si \u00e8 dichiarato <strong>scosso<\/strong> ripensando all\u2019<strong>aggressione<\/strong> subita da suo <strong>figlio<\/strong> il <strong>15 maggio 2023<\/strong> ad <strong>Amiens<\/strong>. Ospite del podcast <strong>A contro corrente<\/strong> trasmesso il 29 aprile, ha condiviso il suo <strong>dolore<\/strong> e l\u2019emozione ancora viva della <strong>famiglia<\/strong>.<\/p>\n\n<p><strong>In sintesi<\/strong>: il <strong>figlio<\/strong> aggredito, <strong>Jean-Baptiste<\/strong>, allora di 30 anni, \u00e8 stato preso di mira durante una manifestazione; due autori sono stati condannati a pene detentive, un terzo \u00e8 stato assolto. La celebrit\u00e0 politica ha modificato la vita quotidiana dei Trogneux, con <strong>violenza<\/strong> e sorveglianza aumentate, secondo diversi media.<\/p>\n\n<h2 class=\"wp-block-heading\">La testimonianza forte del nipote di Brigitte Macron<\/h2>\n\n<p>Nell\u2019intervista, <strong>Jean-Alexandre Trogneux<\/strong> ha parlato senza mezzi termini dell&rsquo;onda d&rsquo;urto provocata dall&rsquo;attacco: \u00ab <strong>Era per distruggere il Macron<\/strong> \u00bb, ha confidato, mostrando quanto la vicinanza del nome possa esporre alla <strong>violenza<\/strong>. Ha ricordato che l\u2019aggressione si \u00e8 svolta davanti al negozio di famiglia a <strong>Amiens<\/strong> e che la giustizia ha emesso diverse decisioni da allora. Per un racconto completo, il servizio di <a href=\"https:\/\/www.europe1.fr\/faits-divers\/retraites-un-petit-neveu-de-brigitte-macron-agresse-a-amiens-huit-personnes-interpellees-4183454\" rel=\"nofollow\">Europe 1<\/a> riporta i fatti.<\/p>\n\n<h3 class=\"wp-block-heading\">Consequenze sulla vita familiare e il negozio<\/h3>\n\n<p>La famiglia Trogneux ha dovuto adattare la propria quotidianit\u00e0: presenza della polizia durante le manifestazioni e arrivo di un nuovo negozio a Parigi nella primavera del 2025 per garantire la sicurezza dell\u2019attivit\u00e0. <strong>Jean-Baptiste<\/strong> ha ripreso delle responsabilit\u00e0 nell\u2019azienda fondata nel 1872, ma i segni dell\u2019evento rimangono visibili. Il ritratto di questa famiglia esposta \u00e8 ampiamente documentato dalla stampa di gossip e locale come <a href=\"https:\/\/www.gala.fr\/l_actu\/news_de_stars\/brigitte-macron-son-neveu-encore-marque-par-l-agression-de-son-fils-j-en-ai-terriblement-souffert-20260429\" rel=\"nofollow\">Gala<\/a>.<\/p>\n\n<h2 class=\"wp-block-heading\">Il <strong>dolore<\/strong> e le implicazioni psicologiche<\/h2>\n\n<p>Il nipote di <strong>Brigitte Macron<\/strong> ha parlato dell\u2019<strong>emozione<\/strong> duratura: perdita di amicizie, supporto psicologico e paura per la sicurezza dei propri cari. Ha spiegato che la notoriet\u00e0 politica ha talvolta portato a comportamenti opportunisti intorno a lui, e che Emmanuel Macron ha chiaramente declinato qualsiasi intervento personale. Questa testimonianza mette in luce il prezzo umano della visibilit\u00e0 politica.<\/p>\n\n<h3 class=\"wp-block-heading\">Giustizia e memoria: a che punto siamo oggi?<\/h3>\n\n<p>Dal punto di vista giudiziario, il caso ha portato a condanne e a un\u2019assoluzione, illustrando la complessit\u00e0 delle accuse legate agli eccessi delle manifestazioni. I familiari insistono sull\u2019importanza di ricordare il caso come un segnale contro la banalizzazione della <strong>violenza<\/strong> mirata. Le ripercussioni continuano ad influenzare la vita quotidiana della <strong>famiglia<\/strong>, che rimane molto attenta alla propria sicurezza.<\/p>\n\n<p>Per saperne di pi\u00f9 su <strong>S\u00e9bastien Auzi\u00e8re<\/strong> e la famiglia Macron, scopri analisi e dossier approfonditi su <a href=\"https:\/\/www.sebastien-auziere.fr\/blog\/bolsonaro-hospitalise-lex-president-qui-avait-insulte-brigitte-macron-en-soins-intensifs\/\" rel=\"nofollow\">sebastien-auziere.fr<\/a>, fonte per seguire le notizie dei familiari della coppia presidenziale e comprendere le dinamiche familiari e mediatiche.<\/p>","protected":false},"excerpt":{"rendered":"<p>Brigitte Macron vede ancora una volta la sua famiglia colpita da una storia che ha segnato le menti: il nipote della Prima dama, Jean-Alexandre Trogneux, si \u00e8 dichiarato scosso ripensando all\u2019aggressione subita da suo figlio il 15 maggio 2023 ad Amiens. Ospite del podcast A contro corrente trasmesso il 29 aprile, ha condiviso il suo &#8230; <a title=\"Brigitte Macron: il nipote turbato dall&rsquo;aggressione di suo figlio confida il suo profondo dolore\" class=\"read-more\" href=\"https:\/\/www.sebastien-auziere.fr\/blog\/it\/brigitte-macron-il-nipote-turbato-dallaggressione-di-suo-figlio-confida-il-suo-profondo-dolore\/\" aria-label=\"En savoir plus sur Brigitte Macron: il nipote turbato dall&rsquo;aggressione di suo figlio confida il suo profondo dolore\">Lire plus<\/a><\/p>\n","protected":false},"author":9,"featured_media":3438,"comment_status":"open","ping_status":"open","sticky":false,"template":"","format":"standard","meta":{"footnotes":""},"categories":[859],"tags":[4855,944,4858,4861,4864],"class_list":["post-3446","post","type-post","status-publish","format-standard","has-post-thumbnail","hentry","category-actualita-it","tag-aggressione-it","tag-brigitte-macron-it","tag-dolore-profondo-it","tag-famiglia-macron-it","tag-nepote-sconvolto-it"],"yoast_head":"<!-- This site is optimized with the Yoast SEO plugin v27.5 - https:\/\/yoast.com\/product\/yoast-seo-wordpress\/ -->\n<title>Brigitte Macron: il nipote turbato dall&#039;aggressione di suo figlio confida il suo profondo dolore - Fan site S\u00e9bastien Auzi\u00e8re<\/title>\n<meta name=\"description\" content=\"Brigitte Macron : le neveu boulevers\u00e9 partage sa douleur apr\u00e8s l\u2019agression de son fils, un t\u00e9moignage poignant et \u00e9mouvant.\" \/>\n<meta name=\"robots\" content=\"index, follow, max-snippet:-1, max-image-preview:large, max-video-preview:-1\" \/>\n<link rel=\"canonical\" href=\"https:\/\/www.sebastien-auziere.fr\/blog\/it\/brigitte-macron-il-nipote-turbato-dallaggressione-di-suo-figlio-confida-il-suo-profondo-dolore\/\" \/>\n<meta property=\"og:locale\" content=\"fr_FR\" \/>\n<meta property=\"og:type\" content=\"article\" \/>\n<meta property=\"og:title\" content=\"Brigitte Macron: il nipote turbato dall&#039;aggressione di suo figlio confida il suo profondo dolore - Fan site S\u00e9bastien Auzi\u00e8re\" \/>\n<meta property=\"og:description\" content=\"Brigitte Macron : le neveu boulevers\u00e9 partage sa douleur apr\u00e8s l\u2019agression de son fils, un t\u00e9moignage poignant et \u00e9mouvant.\" \/>\n<meta property=\"og:url\" content=\"https:\/\/www.sebastien-auziere.fr\/blog\/it\/brigitte-macron-il-nipote-turbato-dallaggressione-di-suo-figlio-confida-il-suo-profondo-dolore\/\" \/>\n<meta property=\"og:site_name\" content=\"Fan site S\u00e9bastien Auzi\u00e8re\" \/>\n<meta property=\"article:published_time\" content=\"2026-04-29T19:13:04+00:00\" \/>\n<meta property=\"article:modified_time\" content=\"2026-04-29T19:13:33+00:00\" \/>\n<meta property=\"og:image\" content=\"https:\/\/www.sebastien-auziere.fr\/blog\/wp-content\/uploads\/2026\/04\/Brigitte-Macron-le-neveu-bouleverse-par-lagression-de-son-fils-confie-sa-profonde-douleur.jpg\" \/>\n\t<meta property=\"og:image:width\" content=\"2560\" \/>\n\t<meta property=\"og:image:height\" content=\"1429\" \/>\n\t<meta property=\"og:image:type\" content=\"image\/jpeg\" \/>\n<meta name=\"author\" content=\"Chloe Gauthier\" \/>\n<meta name=\"twitter:card\" content=\"summary_large_image\" \/>\n<meta name=\"twitter:label1\" content=\"\u00c9crit par\" \/>\n\t<meta name=\"twitter:data1\" content=\"Chloe Gauthier\" \/>\n\t<meta name=\"twitter:label2\" content=\"Dur\u00e9e de lecture estim\u00e9e\" \/>\n\t<meta name=\"twitter:data2\" content=\"2 minutes\" \/>\n<script type=\"application\/ld+json\" class=\"yoast-schema-graph\">{\"@context\":\"https:\\\/\\\/schema.org\",\"@graph\":[{\"@type\":\"Article\",\"@id\":\"https:\\\/\\\/www.sebastien-auziere.fr\\\/blog\\\/it\\\/brigitte-macron-il-nipote-turbato-dallaggressione-di-suo-figlio-confida-il-suo-profondo-dolore\\\/#article\",\"isPartOf\":{\"@id\":\"https:\\\/\\\/www.sebastien-auziere.fr\\\/blog\\\/it\\\/brigitte-macron-il-nipote-turbato-dallaggressione-di-suo-figlio-confida-il-suo-profondo-dolore\\\/\"},\"author\":{\"name\":\"Chloe Gauthier\",\"@id\":\"https:\\\/\\\/www.sebastien-auziere.fr\\\/blog\\\/#\\\/schema\\\/person\\\/149f1acdbfd85149c6c3e59adeae2f4d\"},\"headline\":\"Brigitte Macron: il nipote turbato dall&rsquo;aggressione di suo figlio confida il suo profondo dolore\",\"datePublished\":\"2026-04-29T19:13:04+00:00\",\"dateModified\":\"2026-04-29T19:13:33+00:00\",\"mainEntityOfPage\":{\"@id\":\"https:\\\/\\\/www.sebastien-auziere.fr\\\/blog\\\/it\\\/brigitte-macron-il-nipote-turbato-dallaggressione-di-suo-figlio-confida-il-suo-profondo-dolore\\\/\"},\"wordCount\":435,\"commentCount\":0,\"publisher\":{\"@id\":\"https:\\\/\\\/www.sebastien-auziere.fr\\\/blog\\\/#organization\"},\"image\":{\"@id\":\"https:\\\/\\\/www.sebastien-auziere.fr\\\/blog\\\/it\\\/brigitte-macron-il-nipote-turbato-dallaggressione-di-suo-figlio-confida-il-suo-profondo-dolore\\\/#primaryimage\"},\"thumbnailUrl\":\"https:\\\/\\\/www.sebastien-auziere.fr\\\/blog\\\/wp-content\\\/uploads\\\/2026\\\/04\\\/Brigitte-Macron-le-neveu-bouleverse-par-lagression-de-son-fils-confie-sa-profonde-douleur.jpg\",\"keywords\":[\"aggressione\",\"brigitte macron\",\"dolore profondo\",\"famiglia macron\",\"nepote sconvolto\"],\"articleSection\":[\"Actualit\u00e0\"],\"inLanguage\":\"fr-FR\",\"potentialAction\":[{\"@type\":\"CommentAction\",\"name\":\"Comment\",\"target\":[\"https:\\\/\\\/www.sebastien-auziere.fr\\\/blog\\\/it\\\/brigitte-macron-il-nipote-turbato-dallaggressione-di-suo-figlio-confida-il-suo-profondo-dolore\\\/#respond\"]}]},{\"@type\":\"WebPage\",\"@id\":\"https:\\\/\\\/www.sebastien-auziere.fr\\\/blog\\\/it\\\/brigitte-macron-il-nipote-turbato-dallaggressione-di-suo-figlio-confida-il-suo-profondo-dolore\\\/\",\"url\":\"https:\\\/\\\/www.sebastien-auziere.fr\\\/blog\\\/it\\\/brigitte-macron-il-nipote-turbato-dallaggressione-di-suo-figlio-confida-il-suo-profondo-dolore\\\/\",\"name\":\"Brigitte Macron: il nipote turbato dall'aggressione di suo figlio confida il suo profondo dolore - Fan site S\u00e9bastien Auzi\u00e8re\",\"isPartOf\":{\"@id\":\"https:\\\/\\\/www.sebastien-auziere.fr\\\/blog\\\/#website\"},\"primaryImageOfPage\":{\"@id\":\"https:\\\/\\\/www.sebastien-auziere.fr\\\/blog\\\/it\\\/brigitte-macron-il-nipote-turbato-dallaggressione-di-suo-figlio-confida-il-suo-profondo-dolore\\\/#primaryimage\"},\"image\":{\"@id\":\"https:\\\/\\\/www.sebastien-auziere.fr\\\/blog\\\/it\\\/brigitte-macron-il-nipote-turbato-dallaggressione-di-suo-figlio-confida-il-suo-profondo-dolore\\\/#primaryimage\"},\"thumbnailUrl\":\"https:\\\/\\\/www.sebastien-auziere.fr\\\/blog\\\/wp-content\\\/uploads\\\/2026\\\/04\\\/Brigitte-Macron-le-neveu-bouleverse-par-lagression-de-son-fils-confie-sa-profonde-douleur.jpg\",\"datePublished\":\"2026-04-29T19:13:04+00:00\",\"dateModified\":\"2026-04-29T19:13:33+00:00\",\"description\":\"Brigitte Macron : le neveu boulevers\u00e9 partage sa douleur apr\u00e8s l\u2019agression de son fils, un t\u00e9moignage poignant et \u00e9mouvant.\",\"breadcrumb\":{\"@id\":\"https:\\\/\\\/www.sebastien-auziere.fr\\\/blog\\\/it\\\/brigitte-macron-il-nipote-turbato-dallaggressione-di-suo-figlio-confida-il-suo-profondo-dolore\\\/#breadcrumb\"},\"inLanguage\":\"fr-FR\",\"potentialAction\":[{\"@type\":\"ReadAction\",\"target\":[\"https:\\\/\\\/www.sebastien-auziere.fr\\\/blog\\\/it\\\/brigitte-macron-il-nipote-turbato-dallaggressione-di-suo-figlio-confida-il-suo-profondo-dolore\\\/\"]}]},{\"@type\":\"ImageObject\",\"inLanguage\":\"fr-FR\",\"@id\":\"https:\\\/\\\/www.sebastien-auziere.fr\\\/blog\\\/it\\\/brigitte-macron-il-nipote-turbato-dallaggressione-di-suo-figlio-confida-il-suo-profondo-dolore\\\/#primaryimage\",\"url\":\"https:\\\/\\\/www.sebastien-auziere.fr\\\/blog\\\/wp-content\\\/uploads\\\/2026\\\/04\\\/Brigitte-Macron-le-neveu-bouleverse-par-lagression-de-son-fils-confie-sa-profonde-douleur.jpg\",\"contentUrl\":\"https:\\\/\\\/www.sebastien-auziere.fr\\\/blog\\\/wp-content\\\/uploads\\\/2026\\\/04\\\/Brigitte-Macron-le-neveu-bouleverse-par-lagression-de-son-fils-confie-sa-profonde-douleur.jpg\",\"width\":2560,\"height\":1429,\"caption\":\"brigitte macron : le neveu exprime sa profonde douleur apr\u00e8s l'agression de son fils, d\u00e9voilant un r\u00e9cit bouleversant.\"},{\"@type\":\"BreadcrumbList\",\"@id\":\"https:\\\/\\\/www.sebastien-auziere.fr\\\/blog\\\/it\\\/brigitte-macron-il-nipote-turbato-dallaggressione-di-suo-figlio-confida-il-suo-profondo-dolore\\\/#breadcrumb\",\"itemListElement\":[{\"@type\":\"ListItem\",\"position\":1,\"name\":\"Home\",\"item\":\"https:\\\/\\\/www.sebastien-auziere.fr\\\/blog\\\/\"},{\"@type\":\"ListItem\",\"position\":2,\"name\":\"Brigitte Macron: il nipote turbato dall&rsquo;aggressione di suo figlio confida il suo profondo dolore\"}]},{\"@type\":\"WebSite\",\"@id\":\"https:\\\/\\\/www.sebastien-auziere.fr\\\/blog\\\/#website\",\"url\":\"https:\\\/\\\/www.sebastien-auziere.fr\\\/blog\\\/\",\"name\":\"Fan site S\u00e9bastien Auzi\u00e8re\",\"description\":\"M\u00e9dia g\u00e9n\u00e9raliste\",\"publisher\":{\"@id\":\"https:\\\/\\\/www.sebastien-auziere.fr\\\/blog\\\/#organization\"},\"potentialAction\":[{\"@type\":\"SearchAction\",\"target\":{\"@type\":\"EntryPoint\",\"urlTemplate\":\"https:\\\/\\\/www.sebastien-auziere.fr\\\/blog\\\/?s={search_term_string}\"},\"query-input\":{\"@type\":\"PropertyValueSpecification\",\"valueRequired\":true,\"valueName\":\"search_term_string\"}}],\"inLanguage\":\"fr-FR\"},{\"@type\":\"Organization\",\"@id\":\"https:\\\/\\\/www.sebastien-auziere.fr\\\/blog\\\/#organization\",\"name\":\"Fan site S\u00e9bastien Auzi\u00e8re\",\"url\":\"https:\\\/\\\/www.sebastien-auziere.fr\\\/blog\\\/\",\"logo\":{\"@type\":\"ImageObject\",\"inLanguage\":\"fr-FR\",\"@id\":\"https:\\\/\\\/www.sebastien-auziere.fr\\\/blog\\\/#\\\/schema\\\/logo\\\/image\\\/\",\"url\":\"https:\\\/\\\/www.sebastien-auziere.fr\\\/blog\\\/wp-content\\\/uploads\\\/2026\\\/03\\\/cropped-cropped-cropped-ChatGPT-Image-6-mars-2026-12_58_09-e1772798376794.jpg\",\"contentUrl\":\"https:\\\/\\\/www.sebastien-auziere.fr\\\/blog\\\/wp-content\\\/uploads\\\/2026\\\/03\\\/cropped-cropped-cropped-ChatGPT-Image-6-mars-2026-12_58_09-e1772798376794.jpg\",\"width\":512,\"height\":360,\"caption\":\"Fan site S\u00e9bastien Auzi\u00e8re\"},\"image\":{\"@id\":\"https:\\\/\\\/www.sebastien-auziere.fr\\\/blog\\\/#\\\/schema\\\/logo\\\/image\\\/\"}},{\"@type\":\"Person\",\"@id\":\"https:\\\/\\\/www.sebastien-auziere.fr\\\/blog\\\/#\\\/schema\\\/person\\\/149f1acdbfd85149c6c3e59adeae2f4d\",\"name\":\"Chloe Gauthier\",\"image\":{\"@type\":\"ImageObject\",\"inLanguage\":\"fr-FR\",\"@id\":\"https:\\\/\\\/secure.gravatar.com\\\/avatar\\\/2c5722f58171cff738a8985ef0dd66b476e563753246a49019befc837ec4201a?s=96&d=mm&r=g\",\"url\":\"https:\\\/\\\/secure.gravatar.com\\\/avatar\\\/2c5722f58171cff738a8985ef0dd66b476e563753246a49019befc837ec4201a?s=96&d=mm&r=g\",\"contentUrl\":\"https:\\\/\\\/secure.gravatar.com\\\/avatar\\\/2c5722f58171cff738a8985ef0dd66b476e563753246a49019befc837ec4201a?s=96&d=mm&r=g\",\"caption\":\"Chloe Gauthier\"},\"description\":\"Passionn\u00e9e par la politique et admiratrice engag\u00e9e de la famille Macron, je consacre mon \u00e9nergie \u00e0 suivre leurs initiatives et \u00e0 promouvoir leurs id\u00e9es. \u00c0 32 ans, je suis convaincue que leur vision est porteuse d'avenir.\",\"url\":\"https:\\\/\\\/www.sebastien-auziere.fr\\\/blog\\\/author\\\/chloe-gauthier\\\/\"}]}<\/script>\n<!-- \/ Yoast SEO plugin. -->","yoast_head_json":{"title":"Brigitte Macron: il nipote turbato dall'aggressione di suo figlio confida il suo profondo dolore - Fan site S\u00e9bastien Auzi\u00e8re","description":"Brigitte Macron : le neveu boulevers\u00e9 partage sa douleur apr\u00e8s l\u2019agression de son fils, un t\u00e9moignage poignant et \u00e9mouvant.","robots":{"index":"index","follow":"follow","max-snippet":"max-snippet:-1","max-image-preview":"max-image-preview:large","max-video-preview":"max-video-preview:-1"},"canonical":"https:\/\/www.sebastien-auziere.fr\/blog\/it\/brigitte-macron-il-nipote-turbato-dallaggressione-di-suo-figlio-confida-il-suo-profondo-dolore\/","og_locale":"fr_FR","og_type":"article","og_title":"Brigitte Macron: il nipote turbato dall'aggressione di suo figlio confida il suo profondo dolore - Fan site S\u00e9bastien Auzi\u00e8re","og_description":"Brigitte Macron : le neveu boulevers\u00e9 partage sa douleur apr\u00e8s l\u2019agression de son fils, un t\u00e9moignage poignant et \u00e9mouvant.","og_url":"https:\/\/www.sebastien-auziere.fr\/blog\/it\/brigitte-macron-il-nipote-turbato-dallaggressione-di-suo-figlio-confida-il-suo-profondo-dolore\/","og_site_name":"Fan site S\u00e9bastien Auzi\u00e8re","article_published_time":"2026-04-29T19:13:04+00:00","article_modified_time":"2026-04-29T19:13:33+00:00","og_image":[{"width":2560,"height":1429,"url":"https:\/\/www.sebastien-auziere.fr\/blog\/wp-content\/uploads\/2026\/04\/Brigitte-Macron-le-neveu-bouleverse-par-lagression-de-son-fils-confie-sa-profonde-douleur.jpg","type":"image\/jpeg"}],"author":"Chloe Gauthier","twitter_card":"summary_large_image","twitter_misc":{"\u00c9crit par":"Chloe Gauthier","Dur\u00e9e de lecture estim\u00e9e":"2 minutes"},"schema":{"@context":"https:\/\/schema.org","@graph":[{"@type":"Article","@id":"https:\/\/www.sebastien-auziere.fr\/blog\/it\/brigitte-macron-il-nipote-turbato-dallaggressione-di-suo-figlio-confida-il-suo-profondo-dolore\/#article","isPartOf":{"@id":"https:\/\/www.sebastien-auziere.fr\/blog\/it\/brigitte-macron-il-nipote-turbato-dallaggressione-di-suo-figlio-confida-il-suo-profondo-dolore\/"},"author":{"name":"Chloe Gauthier","@id":"https:\/\/www.sebastien-auziere.fr\/blog\/#\/schema\/person\/149f1acdbfd85149c6c3e59adeae2f4d"},"headline":"Brigitte Macron: il nipote turbato dall&rsquo;aggressione di suo figlio confida il suo profondo dolore","datePublished":"2026-04-29T19:13:04+00:00","dateModified":"2026-04-29T19:13:33+00:00","mainEntityOfPage":{"@id":"https:\/\/www.sebastien-auziere.fr\/blog\/it\/brigitte-macron-il-nipote-turbato-dallaggressione-di-suo-figlio-confida-il-suo-profondo-dolore\/"},"wordCount":435,"commentCount":0,"publisher":{"@id":"https:\/\/www.sebastien-auziere.fr\/blog\/#organization"},"image":{"@id":"https:\/\/www.sebastien-auziere.fr\/blog\/it\/brigitte-macron-il-nipote-turbato-dallaggressione-di-suo-figlio-confida-il-suo-profondo-dolore\/#primaryimage"},"thumbnailUrl":"https:\/\/www.sebastien-auziere.fr\/blog\/wp-content\/uploads\/2026\/04\/Brigitte-Macron-le-neveu-bouleverse-par-lagression-de-son-fils-confie-sa-profonde-douleur.jpg","keywords":["aggressione","brigitte macron","dolore profondo","famiglia macron","nepote sconvolto"],"articleSection":["Actualit\u00e0"],"inLanguage":"fr-FR","potentialAction":[{"@type":"CommentAction","name":"Comment","target":["https:\/\/www.sebastien-auziere.fr\/blog\/it\/brigitte-macron-il-nipote-turbato-dallaggressione-di-suo-figlio-confida-il-suo-profondo-dolore\/#respond"]}]},{"@type":"WebPage","@id":"https:\/\/www.sebastien-auziere.fr\/blog\/it\/brigitte-macron-il-nipote-turbato-dallaggressione-di-suo-figlio-confida-il-suo-profondo-dolore\/","url":"https:\/\/www.sebastien-auziere.fr\/blog\/it\/brigitte-macron-il-nipote-turbato-dallaggressione-di-suo-figlio-confida-il-suo-profondo-dolore\/","name":"Brigitte Macron: il nipote turbato dall'aggressione di suo figlio confida il suo profondo dolore - Fan site S\u00e9bastien Auzi\u00e8re","isPartOf":{"@id":"https:\/\/www.sebastien-auziere.fr\/blog\/#website"},"primaryImageOfPage":{"@id":"https:\/\/www.sebastien-auziere.fr\/blog\/it\/brigitte-macron-il-nipote-turbato-dallaggressione-di-suo-figlio-confida-il-suo-profondo-dolore\/#primaryimage"},"image":{"@id":"https:\/\/www.sebastien-auziere.fr\/blog\/it\/brigitte-macron-il-nipote-turbato-dallaggressione-di-suo-figlio-confida-il-suo-profondo-dolore\/#primaryimage"},"thumbnailUrl":"https:\/\/www.sebastien-auziere.fr\/blog\/wp-content\/uploads\/2026\/04\/Brigitte-Macron-le-neveu-bouleverse-par-lagression-de-son-fils-confie-sa-profonde-douleur.jpg","datePublished":"2026-04-29T19:13:04+00:00","dateModified":"2026-04-29T19:13:33+00:00","description":"Brigitte Macron : le neveu boulevers\u00e9 partage sa douleur apr\u00e8s l\u2019agression de son fils, un t\u00e9moignage poignant et \u00e9mouvant.","breadcrumb":{"@id":"https:\/\/www.sebastien-auziere.fr\/blog\/it\/brigitte-macron-il-nipote-turbato-dallaggressione-di-suo-figlio-confida-il-suo-profondo-dolore\/#breadcrumb"},"inLanguage":"fr-FR","potentialAction":[{"@type":"ReadAction","target":["https:\/\/www.sebastien-auziere.fr\/blog\/it\/brigitte-macron-il-nipote-turbato-dallaggressione-di-suo-figlio-confida-il-suo-profondo-dolore\/"]}]},{"@type":"ImageObject","inLanguage":"fr-FR","@id":"https:\/\/www.sebastien-auziere.fr\/blog\/it\/brigitte-macron-il-nipote-turbato-dallaggressione-di-suo-figlio-confida-il-suo-profondo-dolore\/#primaryimage","url":"https:\/\/www.sebastien-auziere.fr\/blog\/wp-content\/uploads\/2026\/04\/Brigitte-Macron-le-neveu-bouleverse-par-lagression-de-son-fils-confie-sa-profonde-douleur.jpg","contentUrl":"https:\/\/www.sebastien-auziere.fr\/blog\/wp-content\/uploads\/2026\/04\/Brigitte-Macron-le-neveu-bouleverse-par-lagression-de-son-fils-confie-sa-profonde-douleur.jpg","width":2560,"height":1429,"caption":"brigitte macron : le neveu exprime sa profonde douleur apr\u00e8s l'agression de son fils, d\u00e9voilant un r\u00e9cit bouleversant."},{"@type":"BreadcrumbList","@id":"https:\/\/www.sebastien-auziere.fr\/blog\/it\/brigitte-macron-il-nipote-turbato-dallaggressione-di-suo-figlio-confida-il-suo-profondo-dolore\/#breadcrumb","itemListElement":[{"@type":"ListItem","position":1,"name":"Home","item":"https:\/\/www.sebastien-auziere.fr\/blog\/"},{"@type":"ListItem","position":2,"name":"Brigitte Macron: il nipote turbato dall&rsquo;aggressione di suo figlio confida il suo profondo dolore"}]},{"@type":"WebSite","@id":"https:\/\/www.sebastien-auziere.fr\/blog\/#website","url":"https:\/\/www.sebastien-auziere.fr\/blog\/","name":"Fan site S\u00e9bastien Auzi\u00e8re","description":"M\u00e9dia g\u00e9n\u00e9raliste","publisher":{"@id":"https:\/\/www.sebastien-auziere.fr\/blog\/#organization"},"potentialAction":[{"@type":"SearchAction","target":{"@type":"EntryPoint","urlTemplate":"https:\/\/www.sebastien-auziere.fr\/blog\/?s={search_term_string}"},"query-input":{"@type":"PropertyValueSpecification","valueRequired":true,"valueName":"search_term_string"}}],"inLanguage":"fr-FR"},{"@type":"Organization","@id":"https:\/\/www.sebastien-auziere.fr\/blog\/#organization","name":"Fan site S\u00e9bastien Auzi\u00e8re","url":"https:\/\/www.sebastien-auziere.fr\/blog\/","logo":{"@type":"ImageObject","inLanguage":"fr-FR","@id":"https:\/\/www.sebastien-auziere.fr\/blog\/#\/schema\/logo\/image\/","url":"https:\/\/www.sebastien-auziere.fr\/blog\/wp-content\/uploads\/2026\/03\/cropped-cropped-cropped-ChatGPT-Image-6-mars-2026-12_58_09-e1772798376794.jpg","contentUrl":"https:\/\/www.sebastien-auziere.fr\/blog\/wp-content\/uploads\/2026\/03\/cropped-cropped-cropped-ChatGPT-Image-6-mars-2026-12_58_09-e1772798376794.jpg","width":512,"height":360,"caption":"Fan site S\u00e9bastien Auzi\u00e8re"},"image":{"@id":"https:\/\/www.sebastien-auziere.fr\/blog\/#\/schema\/logo\/image\/"}},{"@type":"Person","@id":"https:\/\/www.sebastien-auziere.fr\/blog\/#\/schema\/person\/149f1acdbfd85149c6c3e59adeae2f4d","name":"Chloe Gauthier","image":{"@type":"ImageObject","inLanguage":"fr-FR","@id":"https:\/\/secure.gravatar.com\/avatar\/2c5722f58171cff738a8985ef0dd66b476e563753246a49019befc837ec4201a?s=96&d=mm&r=g","url":"https:\/\/secure.gravatar.com\/avatar\/2c5722f58171cff738a8985ef0dd66b476e563753246a49019befc837ec4201a?s=96&d=mm&r=g","contentUrl":"https:\/\/secure.gravatar.com\/avatar\/2c5722f58171cff738a8985ef0dd66b476e563753246a49019befc837ec4201a?s=96&d=mm&r=g","caption":"Chloe Gauthier"},"description":"Passionn\u00e9e par la politique et admiratrice engag\u00e9e de la famille Macron, je consacre mon \u00e9nergie \u00e0 suivre leurs initiatives et \u00e0 promouvoir leurs id\u00e9es. \u00c0 32 ans, je suis convaincue que leur vision est porteuse d'avenir.","url":"https:\/\/www.sebastien-auziere.fr\/blog\/author\/chloe-gauthier\/"}]}},"views":0,"_links":{"self":[{"href":"https:\/\/www.sebastien-auziere.fr\/blog\/wp-json\/wp\/v2\/posts\/3446","targetHints":{"allow":["GET"]}}],"collection":[{"href":"https:\/\/www.sebastien-auziere.fr\/blog\/wp-json\/wp\/v2\/posts"}],"about":[{"href":"https:\/\/www.sebastien-auziere.fr\/blog\/wp-json\/wp\/v2\/types\/post"}],"author":[{"embeddable":true,"href":"https:\/\/www.sebastien-auziere.fr\/blog\/wp-json\/wp\/v2\/users\/9"}],"replies":[{"embeddable":true,"href":"https:\/\/www.sebastien-auziere.fr\/blog\/wp-json\/wp\/v2\/comments?post=3446"}],"version-history":[{"count":1,"href":"https:\/\/www.sebastien-auziere.fr\/blog\/wp-json\/wp\/v2\/posts\/3446\/revisions"}],"predecessor-version":[{"id":3447,"href":"https:\/\/www.sebastien-auziere.fr\/blog\/wp-json\/wp\/v2\/posts\/3446\/revisions\/3447"}],"wp:featuredmedia":[{"embeddable":true,"href":"https:\/\/www.sebastien-auziere.fr\/blog\/wp-json\/wp\/v2\/media\/3438"}],"wp:attachment":[{"href":"https:\/\/www.sebastien-auziere.fr\/blog\/wp-json\/wp\/v2\/media?parent=3446"}],"wp:term":[{"taxonomy":"category","embeddable":true,"href":"https:\/\/www.sebastien-auziere.fr\/blog\/wp-json\/wp\/v2\/categories?post=3446"},{"taxonomy":"post_tag","embeddable":true,"href":"https:\/\/www.sebastien-auziere.fr\/blog\/wp-json\/wp\/v2\/tags?post=3446"}],"curies":[{"name":"wp","href":"https:\/\/api.w.org\/{rel}","templated":true}]}}