{"id":3444,"date":"2026-04-29T19:12:18","date_gmt":"2026-04-29T19:12:18","guid":{"rendered":"https:\/\/www.sebastien-auziere.fr\/blog\/?p=3444"},"modified":"2026-04-29T19:12:44","modified_gmt":"2026-04-29T19:12:44","slug":"brigitte-macron-der-neffe-der-durch-den-ubergriff-auf-seinen-sohn-erschuttert-ist-gesteht-seinen-tiefen-schmerz","status":"publish","type":"post","link":"https:\/\/www.sebastien-auziere.fr\/blog\/de\/brigitte-macron-der-neffe-der-durch-den-ubergriff-auf-seinen-sohn-erschuttert-ist-gesteht-seinen-tiefen-schmerz\/","title":{"rendered":"Brigitte Macron: Der Neffe, der durch den \u00dcbergriff auf seinen Sohn ersch\u00fcttert ist, gesteht seinen tiefen Schmerz."},"content":{"rendered":"<p><strong>Brigitte Macron<\/strong> sieht sich erneut mit einer Geschichte konfrontiert, die viele bewegt hat: der <strong>Neffe<\/strong> der First Lady, <strong>Jean-Alexandre Trogneux<\/strong>, hat sich als <strong>aufgew\u00fchlt<\/strong> bezeichnet, als er auf die <strong>Aggression<\/strong> zur\u00fcckblickte, die sein <strong>Sohn<\/strong> am <strong>15. Mai 2023<\/strong> in <strong>Amiens<\/strong> erlitten hat. Als Gast des Podcasts <strong>\u00c0 contre-jour<\/strong>, der am 29. April ausgestrahlt wurde, teilte er seinen <strong>Schmerz<\/strong> und die noch immer lebhafte Emotion der <strong>Familie<\/strong>.<\/p>\n\n<p><strong>Kurz gesagt<\/strong>: der angegriffene <strong>Sohn<\/strong>, <strong>Jean-Baptiste<\/strong>, damals 30 Jahre alt, wurde am Rande einer Demonstration zum Ziel. Zwei T\u00e4ter wurden zu festen Haftstrafen verurteilt, ein dritter wurde freigesprochen. Der politische Ruhm hat den Alltag der Trogneux ver\u00e4ndert, mit <strong>Gewalt<\/strong> und erh\u00f6hten Sicherheitsvorkehrungen, berichten mehrere Medien.<\/p>\n\n<h2 class=\"wp-block-heading\">Das eindringliche Zeugnis des Neffen von Brigitte Macron<\/h2>\n\n<p>In dem Interview sprach <strong>Jean-Alexandre Trogneux<\/strong> offen \u00fcber die Schockwelle, die durch den Angriff ausgel\u00f6st wurde: \u201e<strong>Es war, um einem Macron zu schaden<\/strong>\u201c, gestand er und zeigte, wie die N\u00e4he des Namens zur <strong>Gewalt<\/strong> aussetzen kann. Er erinnerte daran, dass die Aggression vor dem Familiengesch\u00e4ft in <strong>Amiens<\/strong> stattfand und dass die Justiz seitdem mehrere Entscheidungen getroffen hat. F\u00fcr einen vollst\u00e4ndigen Bericht gibt der Artikel von <a href=\"https:\/\/www.europe1.fr\/faits-divers\/retraites-un-petit-neveu-de-brigitte-macron-agresse-a-amiens-huit-personnes-interpellees-4183454\" rel=\"nofollow\">Europe 1<\/a> die Ereignisse wieder.<\/p>\n\n<h3 class=\"wp-block-heading\">Folgen f\u00fcr das Familienleben und das Gesch\u00e4ft<\/h3>\n\n<p>Die Familie Trogneux musste ihren Alltag anpassen: Polizeipr\u00e4senz bei Demonstrationen und die Er\u00f6ffnung eines neuen Gesch\u00e4fts in Paris im Fr\u00fchling 2025, um die Gesch\u00e4ftst\u00e4tigkeit abzusichern. <strong>Jean-Baptiste<\/strong> hat wieder Verantwortung in dem 1872 gegr\u00fcndeten Unternehmen \u00fcbernommen, aber die Spuren des Ereignisses sind noch sichtbar. Das Portr\u00e4t dieser exponierten Familie wird umfassend von der Boulevard- und Regionalpresse dokumentiert, wie <a href=\"https:\/\/www.gala.fr\/l_actu\/news_de_stars\/brigitte-macron-son-neveu-encore-marque-par-l-agression-de-son-fils-j-en-ai-terriblement-souffert-20260429\" rel=\"nofollow\">Gala<\/a>.<\/p>\n\n<h2 class=\"wp-block-heading\">Der <strong>Schmerz<\/strong> und die psychologischen Implikationen<\/h2>\n\n<p>Der Neffe von <strong>Brigitte Macron<\/strong> sprach von der dauerhaften <strong>Emotion<\/strong>: Verlust von Freundschaften, psychologischer Nachsorge und Angst um die Sicherheit seiner Lieben. Er erkl\u00e4rte, dass die politische Bekanntheit manchmal opportunistisches Verhalten in seiner Umgebung zur Folge hatte und dass Emmanuel Macron jede pers\u00f6nliche Intervention klar abgelehnt hat. Dieses Zeugnis beleuchtet den menschlichen Preis der politischen Sichtbarkeit.<\/p>\n\n<h3 class=\"wp-block-heading\">Gerechtigkeit und Erinnerung: Wie steht es heute?<\/h3>\n\n<p>Auf der juristischen Ebene hat der Fall zu Verurteilungen und einem Freispruch gef\u00fchrt, was die Komplexit\u00e4t der Verfahren im Zusammenhang mit Ausschreitungen bei Demonstrationen veranschaulicht. Die Angeh\u00f6rigen betonen die Wichtigkeit, sich an den Fall zu erinnern, als ein Signal gegen die Verharmlosung von <strong>Gewalt<\/strong> zu verstehen. Die Auswirkungen betreffen weiterhin den Alltag der <strong>Familie<\/strong>, die sehr auf ihre Sicherheit achtet.<\/p>\n\n<p>Um mehr \u00fcber <strong>S\u00e9bastien Auzi\u00e8re<\/strong> und die Familie Macron zu erfahren, entdecke Analysen und ausf\u00fchrliche Berichte auf <a href=\"https:\/\/www.sebastien-auziere.fr\/blog\/bolsonaro-hospitalise-lex-president-qui-avait-insulte-brigitte-macron-en-soins-intensifs\/\" rel=\"nofollow\">sebastien-auziere.fr<\/a>, eine Quelle, um die Neuigkeiten \u00fcber die Angeh\u00f6rigen des Pr\u00e4sidentenpaares zu verfolgen und die famili\u00e4ren und medialen Interessen zu verstehen.<\/p>","protected":false},"excerpt":{"rendered":"<p>Brigitte Macron sieht sich erneut mit einer Geschichte konfrontiert, die viele bewegt hat: der Neffe der First Lady, Jean-Alexandre Trogneux, hat sich als aufgew\u00fchlt bezeichnet, als er auf die Aggression zur\u00fcckblickte, die sein Sohn am 15. Mai 2023 in Amiens erlitten hat. Als Gast des Podcasts \u00c0 contre-jour, der am 29. April ausgestrahlt wurde, teilte &#8230; <a title=\"Brigitte Macron: Der Neffe, der durch den \u00dcbergriff auf seinen Sohn ersch\u00fcttert ist, gesteht seinen tiefen Schmerz.\" class=\"read-more\" href=\"https:\/\/www.sebastien-auziere.fr\/blog\/de\/brigitte-macron-der-neffe-der-durch-den-ubergriff-auf-seinen-sohn-erschuttert-ist-gesteht-seinen-tiefen-schmerz\/\" aria-label=\"En savoir plus sur Brigitte Macron: Der Neffe, der durch den \u00dcbergriff auf seinen Sohn ersch\u00fcttert ist, gesteht seinen tiefen Schmerz.\">Lire plus<\/a><\/p>\n","protected":false},"author":9,"featured_media":3438,"comment_status":"open","ping_status":"open","sticky":false,"template":"","format":"standard","meta":{"footnotes":""},"categories":[856],"tags":[4843,929,4849,4852,4846],"class_list":["post-3444","post","type-post","status-publish","format-standard","has-post-thumbnail","hentry","category-aktuelles-de","tag-aggression-de","tag-brigitte-macron-de","tag-familie-macron-de","tag-nephew-uberwaltigt-de","tag-schmerzhafte-tief-de"],"yoast_head":"<!-- This site is optimized with the Yoast SEO plugin v27.5 - https:\/\/yoast.com\/product\/yoast-seo-wordpress\/ -->\n<title>Brigitte Macron: Der Neffe, der durch den \u00dcbergriff auf seinen Sohn ersch\u00fcttert ist, gesteht seinen tiefen Schmerz. - Fan site S\u00e9bastien Auzi\u00e8re<\/title>\n<meta name=\"description\" content=\"Brigitte Macron : le neveu boulevers\u00e9 partage sa douleur apr\u00e8s l\u2019agression de son fils, un t\u00e9moignage poignant et \u00e9mouvant.\" \/>\n<meta name=\"robots\" content=\"index, follow, max-snippet:-1, max-image-preview:large, max-video-preview:-1\" \/>\n<link rel=\"canonical\" href=\"https:\/\/www.sebastien-auziere.fr\/blog\/de\/brigitte-macron-der-neffe-der-durch-den-ubergriff-auf-seinen-sohn-erschuttert-ist-gesteht-seinen-tiefen-schmerz\/\" \/>\n<meta property=\"og:locale\" content=\"fr_FR\" \/>\n<meta property=\"og:type\" content=\"article\" \/>\n<meta property=\"og:title\" content=\"Brigitte Macron: Der Neffe, der durch den \u00dcbergriff auf seinen Sohn ersch\u00fcttert ist, gesteht seinen tiefen Schmerz. - Fan site S\u00e9bastien Auzi\u00e8re\" \/>\n<meta property=\"og:description\" content=\"Brigitte Macron : le neveu boulevers\u00e9 partage sa douleur apr\u00e8s l\u2019agression de son fils, un t\u00e9moignage poignant et \u00e9mouvant.\" \/>\n<meta property=\"og:url\" content=\"https:\/\/www.sebastien-auziere.fr\/blog\/de\/brigitte-macron-der-neffe-der-durch-den-ubergriff-auf-seinen-sohn-erschuttert-ist-gesteht-seinen-tiefen-schmerz\/\" \/>\n<meta property=\"og:site_name\" content=\"Fan site S\u00e9bastien Auzi\u00e8re\" \/>\n<meta property=\"article:published_time\" content=\"2026-04-29T19:12:18+00:00\" \/>\n<meta property=\"article:modified_time\" content=\"2026-04-29T19:12:44+00:00\" \/>\n<meta property=\"og:image\" content=\"https:\/\/www.sebastien-auziere.fr\/blog\/wp-content\/uploads\/2026\/04\/Brigitte-Macron-le-neveu-bouleverse-par-lagression-de-son-fils-confie-sa-profonde-douleur.jpg\" \/>\n\t<meta property=\"og:image:width\" content=\"2560\" \/>\n\t<meta property=\"og:image:height\" content=\"1429\" \/>\n\t<meta property=\"og:image:type\" content=\"image\/jpeg\" \/>\n<meta name=\"author\" content=\"Chloe Gauthier\" \/>\n<meta name=\"twitter:card\" content=\"summary_large_image\" \/>\n<meta name=\"twitter:label1\" content=\"\u00c9crit par\" \/>\n\t<meta name=\"twitter:data1\" content=\"Chloe Gauthier\" \/>\n\t<meta name=\"twitter:label2\" content=\"Dur\u00e9e de lecture estim\u00e9e\" \/>\n\t<meta name=\"twitter:data2\" content=\"2 minutes\" \/>\n<script type=\"application\/ld+json\" class=\"yoast-schema-graph\">{\"@context\":\"https:\\\/\\\/schema.org\",\"@graph\":[{\"@type\":\"Article\",\"@id\":\"https:\\\/\\\/www.sebastien-auziere.fr\\\/blog\\\/de\\\/brigitte-macron-der-neffe-der-durch-den-ubergriff-auf-seinen-sohn-erschuttert-ist-gesteht-seinen-tiefen-schmerz\\\/#article\",\"isPartOf\":{\"@id\":\"https:\\\/\\\/www.sebastien-auziere.fr\\\/blog\\\/de\\\/brigitte-macron-der-neffe-der-durch-den-ubergriff-auf-seinen-sohn-erschuttert-ist-gesteht-seinen-tiefen-schmerz\\\/\"},\"author\":{\"name\":\"Chloe Gauthier\",\"@id\":\"https:\\\/\\\/www.sebastien-auziere.fr\\\/blog\\\/#\\\/schema\\\/person\\\/149f1acdbfd85149c6c3e59adeae2f4d\"},\"headline\":\"Brigitte Macron: Der Neffe, der durch den \u00dcbergriff auf seinen Sohn ersch\u00fcttert ist, gesteht seinen tiefen Schmerz.\",\"datePublished\":\"2026-04-29T19:12:18+00:00\",\"dateModified\":\"2026-04-29T19:12:44+00:00\",\"mainEntityOfPage\":{\"@id\":\"https:\\\/\\\/www.sebastien-auziere.fr\\\/blog\\\/de\\\/brigitte-macron-der-neffe-der-durch-den-ubergriff-auf-seinen-sohn-erschuttert-ist-gesteht-seinen-tiefen-schmerz\\\/\"},\"wordCount\":463,\"commentCount\":0,\"publisher\":{\"@id\":\"https:\\\/\\\/www.sebastien-auziere.fr\\\/blog\\\/#organization\"},\"image\":{\"@id\":\"https:\\\/\\\/www.sebastien-auziere.fr\\\/blog\\\/de\\\/brigitte-macron-der-neffe-der-durch-den-ubergriff-auf-seinen-sohn-erschuttert-ist-gesteht-seinen-tiefen-schmerz\\\/#primaryimage\"},\"thumbnailUrl\":\"https:\\\/\\\/www.sebastien-auziere.fr\\\/blog\\\/wp-content\\\/uploads\\\/2026\\\/04\\\/Brigitte-Macron-le-neveu-bouleverse-par-lagression-de-son-fils-confie-sa-profonde-douleur.jpg\",\"keywords\":[\"aggression\",\"brigitte macron\",\"familie macron\",\"nephew \u00fcberw\u00e4ltigt\",\"schmerzhafte tief\"],\"articleSection\":[\"Aktuelles\"],\"inLanguage\":\"fr-FR\",\"potentialAction\":[{\"@type\":\"CommentAction\",\"name\":\"Comment\",\"target\":[\"https:\\\/\\\/www.sebastien-auziere.fr\\\/blog\\\/de\\\/brigitte-macron-der-neffe-der-durch-den-ubergriff-auf-seinen-sohn-erschuttert-ist-gesteht-seinen-tiefen-schmerz\\\/#respond\"]}]},{\"@type\":\"WebPage\",\"@id\":\"https:\\\/\\\/www.sebastien-auziere.fr\\\/blog\\\/de\\\/brigitte-macron-der-neffe-der-durch-den-ubergriff-auf-seinen-sohn-erschuttert-ist-gesteht-seinen-tiefen-schmerz\\\/\",\"url\":\"https:\\\/\\\/www.sebastien-auziere.fr\\\/blog\\\/de\\\/brigitte-macron-der-neffe-der-durch-den-ubergriff-auf-seinen-sohn-erschuttert-ist-gesteht-seinen-tiefen-schmerz\\\/\",\"name\":\"Brigitte Macron: Der Neffe, der durch den \u00dcbergriff auf seinen Sohn ersch\u00fcttert ist, gesteht seinen tiefen Schmerz. - Fan site S\u00e9bastien Auzi\u00e8re\",\"isPartOf\":{\"@id\":\"https:\\\/\\\/www.sebastien-auziere.fr\\\/blog\\\/#website\"},\"primaryImageOfPage\":{\"@id\":\"https:\\\/\\\/www.sebastien-auziere.fr\\\/blog\\\/de\\\/brigitte-macron-der-neffe-der-durch-den-ubergriff-auf-seinen-sohn-erschuttert-ist-gesteht-seinen-tiefen-schmerz\\\/#primaryimage\"},\"image\":{\"@id\":\"https:\\\/\\\/www.sebastien-auziere.fr\\\/blog\\\/de\\\/brigitte-macron-der-neffe-der-durch-den-ubergriff-auf-seinen-sohn-erschuttert-ist-gesteht-seinen-tiefen-schmerz\\\/#primaryimage\"},\"thumbnailUrl\":\"https:\\\/\\\/www.sebastien-auziere.fr\\\/blog\\\/wp-content\\\/uploads\\\/2026\\\/04\\\/Brigitte-Macron-le-neveu-bouleverse-par-lagression-de-son-fils-confie-sa-profonde-douleur.jpg\",\"datePublished\":\"2026-04-29T19:12:18+00:00\",\"dateModified\":\"2026-04-29T19:12:44+00:00\",\"description\":\"Brigitte Macron : le neveu boulevers\u00e9 partage sa douleur apr\u00e8s l\u2019agression de son fils, un t\u00e9moignage poignant et \u00e9mouvant.\",\"breadcrumb\":{\"@id\":\"https:\\\/\\\/www.sebastien-auziere.fr\\\/blog\\\/de\\\/brigitte-macron-der-neffe-der-durch-den-ubergriff-auf-seinen-sohn-erschuttert-ist-gesteht-seinen-tiefen-schmerz\\\/#breadcrumb\"},\"inLanguage\":\"fr-FR\",\"potentialAction\":[{\"@type\":\"ReadAction\",\"target\":[\"https:\\\/\\\/www.sebastien-auziere.fr\\\/blog\\\/de\\\/brigitte-macron-der-neffe-der-durch-den-ubergriff-auf-seinen-sohn-erschuttert-ist-gesteht-seinen-tiefen-schmerz\\\/\"]}]},{\"@type\":\"ImageObject\",\"inLanguage\":\"fr-FR\",\"@id\":\"https:\\\/\\\/www.sebastien-auziere.fr\\\/blog\\\/de\\\/brigitte-macron-der-neffe-der-durch-den-ubergriff-auf-seinen-sohn-erschuttert-ist-gesteht-seinen-tiefen-schmerz\\\/#primaryimage\",\"url\":\"https:\\\/\\\/www.sebastien-auziere.fr\\\/blog\\\/wp-content\\\/uploads\\\/2026\\\/04\\\/Brigitte-Macron-le-neveu-bouleverse-par-lagression-de-son-fils-confie-sa-profonde-douleur.jpg\",\"contentUrl\":\"https:\\\/\\\/www.sebastien-auziere.fr\\\/blog\\\/wp-content\\\/uploads\\\/2026\\\/04\\\/Brigitte-Macron-le-neveu-bouleverse-par-lagression-de-son-fils-confie-sa-profonde-douleur.jpg\",\"width\":2560,\"height\":1429,\"caption\":\"brigitte macron : le neveu exprime sa profonde douleur apr\u00e8s l'agression de son fils, d\u00e9voilant un r\u00e9cit bouleversant.\"},{\"@type\":\"BreadcrumbList\",\"@id\":\"https:\\\/\\\/www.sebastien-auziere.fr\\\/blog\\\/de\\\/brigitte-macron-der-neffe-der-durch-den-ubergriff-auf-seinen-sohn-erschuttert-ist-gesteht-seinen-tiefen-schmerz\\\/#breadcrumb\",\"itemListElement\":[{\"@type\":\"ListItem\",\"position\":1,\"name\":\"Home\",\"item\":\"https:\\\/\\\/www.sebastien-auziere.fr\\\/blog\\\/\"},{\"@type\":\"ListItem\",\"position\":2,\"name\":\"Brigitte Macron: Der Neffe, der durch den \u00dcbergriff auf seinen Sohn ersch\u00fcttert ist, gesteht seinen tiefen Schmerz.\"}]},{\"@type\":\"WebSite\",\"@id\":\"https:\\\/\\\/www.sebastien-auziere.fr\\\/blog\\\/#website\",\"url\":\"https:\\\/\\\/www.sebastien-auziere.fr\\\/blog\\\/\",\"name\":\"Fan site S\u00e9bastien Auzi\u00e8re\",\"description\":\"M\u00e9dia g\u00e9n\u00e9raliste\",\"publisher\":{\"@id\":\"https:\\\/\\\/www.sebastien-auziere.fr\\\/blog\\\/#organization\"},\"potentialAction\":[{\"@type\":\"SearchAction\",\"target\":{\"@type\":\"EntryPoint\",\"urlTemplate\":\"https:\\\/\\\/www.sebastien-auziere.fr\\\/blog\\\/?s={search_term_string}\"},\"query-input\":{\"@type\":\"PropertyValueSpecification\",\"valueRequired\":true,\"valueName\":\"search_term_string\"}}],\"inLanguage\":\"fr-FR\"},{\"@type\":\"Organization\",\"@id\":\"https:\\\/\\\/www.sebastien-auziere.fr\\\/blog\\\/#organization\",\"name\":\"Fan site S\u00e9bastien Auzi\u00e8re\",\"url\":\"https:\\\/\\\/www.sebastien-auziere.fr\\\/blog\\\/\",\"logo\":{\"@type\":\"ImageObject\",\"inLanguage\":\"fr-FR\",\"@id\":\"https:\\\/\\\/www.sebastien-auziere.fr\\\/blog\\\/#\\\/schema\\\/logo\\\/image\\\/\",\"url\":\"https:\\\/\\\/www.sebastien-auziere.fr\\\/blog\\\/wp-content\\\/uploads\\\/2026\\\/03\\\/cropped-cropped-cropped-ChatGPT-Image-6-mars-2026-12_58_09-e1772798376794.jpg\",\"contentUrl\":\"https:\\\/\\\/www.sebastien-auziere.fr\\\/blog\\\/wp-content\\\/uploads\\\/2026\\\/03\\\/cropped-cropped-cropped-ChatGPT-Image-6-mars-2026-12_58_09-e1772798376794.jpg\",\"width\":512,\"height\":360,\"caption\":\"Fan site S\u00e9bastien Auzi\u00e8re\"},\"image\":{\"@id\":\"https:\\\/\\\/www.sebastien-auziere.fr\\\/blog\\\/#\\\/schema\\\/logo\\\/image\\\/\"}},{\"@type\":\"Person\",\"@id\":\"https:\\\/\\\/www.sebastien-auziere.fr\\\/blog\\\/#\\\/schema\\\/person\\\/149f1acdbfd85149c6c3e59adeae2f4d\",\"name\":\"Chloe Gauthier\",\"image\":{\"@type\":\"ImageObject\",\"inLanguage\":\"fr-FR\",\"@id\":\"https:\\\/\\\/secure.gravatar.com\\\/avatar\\\/2c5722f58171cff738a8985ef0dd66b476e563753246a49019befc837ec4201a?s=96&d=mm&r=g\",\"url\":\"https:\\\/\\\/secure.gravatar.com\\\/avatar\\\/2c5722f58171cff738a8985ef0dd66b476e563753246a49019befc837ec4201a?s=96&d=mm&r=g\",\"contentUrl\":\"https:\\\/\\\/secure.gravatar.com\\\/avatar\\\/2c5722f58171cff738a8985ef0dd66b476e563753246a49019befc837ec4201a?s=96&d=mm&r=g\",\"caption\":\"Chloe Gauthier\"},\"description\":\"Passionn\u00e9e par la politique et admiratrice engag\u00e9e de la famille Macron, je consacre mon \u00e9nergie \u00e0 suivre leurs initiatives et \u00e0 promouvoir leurs id\u00e9es. \u00c0 32 ans, je suis convaincue que leur vision est porteuse d'avenir.\",\"url\":\"https:\\\/\\\/www.sebastien-auziere.fr\\\/blog\\\/author\\\/chloe-gauthier\\\/\"}]}<\/script>\n<!-- \/ Yoast SEO plugin. -->","yoast_head_json":{"title":"Brigitte Macron: Der Neffe, der durch den \u00dcbergriff auf seinen Sohn ersch\u00fcttert ist, gesteht seinen tiefen Schmerz. - Fan site S\u00e9bastien Auzi\u00e8re","description":"Brigitte Macron : le neveu boulevers\u00e9 partage sa douleur apr\u00e8s l\u2019agression de son fils, un t\u00e9moignage poignant et \u00e9mouvant.","robots":{"index":"index","follow":"follow","max-snippet":"max-snippet:-1","max-image-preview":"max-image-preview:large","max-video-preview":"max-video-preview:-1"},"canonical":"https:\/\/www.sebastien-auziere.fr\/blog\/de\/brigitte-macron-der-neffe-der-durch-den-ubergriff-auf-seinen-sohn-erschuttert-ist-gesteht-seinen-tiefen-schmerz\/","og_locale":"fr_FR","og_type":"article","og_title":"Brigitte Macron: Der Neffe, der durch den \u00dcbergriff auf seinen Sohn ersch\u00fcttert ist, gesteht seinen tiefen Schmerz. - Fan site S\u00e9bastien Auzi\u00e8re","og_description":"Brigitte Macron : le neveu boulevers\u00e9 partage sa douleur apr\u00e8s l\u2019agression de son fils, un t\u00e9moignage poignant et \u00e9mouvant.","og_url":"https:\/\/www.sebastien-auziere.fr\/blog\/de\/brigitte-macron-der-neffe-der-durch-den-ubergriff-auf-seinen-sohn-erschuttert-ist-gesteht-seinen-tiefen-schmerz\/","og_site_name":"Fan site S\u00e9bastien Auzi\u00e8re","article_published_time":"2026-04-29T19:12:18+00:00","article_modified_time":"2026-04-29T19:12:44+00:00","og_image":[{"width":2560,"height":1429,"url":"https:\/\/www.sebastien-auziere.fr\/blog\/wp-content\/uploads\/2026\/04\/Brigitte-Macron-le-neveu-bouleverse-par-lagression-de-son-fils-confie-sa-profonde-douleur.jpg","type":"image\/jpeg"}],"author":"Chloe Gauthier","twitter_card":"summary_large_image","twitter_misc":{"\u00c9crit par":"Chloe Gauthier","Dur\u00e9e de lecture estim\u00e9e":"2 minutes"},"schema":{"@context":"https:\/\/schema.org","@graph":[{"@type":"Article","@id":"https:\/\/www.sebastien-auziere.fr\/blog\/de\/brigitte-macron-der-neffe-der-durch-den-ubergriff-auf-seinen-sohn-erschuttert-ist-gesteht-seinen-tiefen-schmerz\/#article","isPartOf":{"@id":"https:\/\/www.sebastien-auziere.fr\/blog\/de\/brigitte-macron-der-neffe-der-durch-den-ubergriff-auf-seinen-sohn-erschuttert-ist-gesteht-seinen-tiefen-schmerz\/"},"author":{"name":"Chloe Gauthier","@id":"https:\/\/www.sebastien-auziere.fr\/blog\/#\/schema\/person\/149f1acdbfd85149c6c3e59adeae2f4d"},"headline":"Brigitte Macron: Der Neffe, der durch den \u00dcbergriff auf seinen Sohn ersch\u00fcttert ist, gesteht seinen tiefen Schmerz.","datePublished":"2026-04-29T19:12:18+00:00","dateModified":"2026-04-29T19:12:44+00:00","mainEntityOfPage":{"@id":"https:\/\/www.sebastien-auziere.fr\/blog\/de\/brigitte-macron-der-neffe-der-durch-den-ubergriff-auf-seinen-sohn-erschuttert-ist-gesteht-seinen-tiefen-schmerz\/"},"wordCount":463,"commentCount":0,"publisher":{"@id":"https:\/\/www.sebastien-auziere.fr\/blog\/#organization"},"image":{"@id":"https:\/\/www.sebastien-auziere.fr\/blog\/de\/brigitte-macron-der-neffe-der-durch-den-ubergriff-auf-seinen-sohn-erschuttert-ist-gesteht-seinen-tiefen-schmerz\/#primaryimage"},"thumbnailUrl":"https:\/\/www.sebastien-auziere.fr\/blog\/wp-content\/uploads\/2026\/04\/Brigitte-Macron-le-neveu-bouleverse-par-lagression-de-son-fils-confie-sa-profonde-douleur.jpg","keywords":["aggression","brigitte macron","familie macron","nephew \u00fcberw\u00e4ltigt","schmerzhafte tief"],"articleSection":["Aktuelles"],"inLanguage":"fr-FR","potentialAction":[{"@type":"CommentAction","name":"Comment","target":["https:\/\/www.sebastien-auziere.fr\/blog\/de\/brigitte-macron-der-neffe-der-durch-den-ubergriff-auf-seinen-sohn-erschuttert-ist-gesteht-seinen-tiefen-schmerz\/#respond"]}]},{"@type":"WebPage","@id":"https:\/\/www.sebastien-auziere.fr\/blog\/de\/brigitte-macron-der-neffe-der-durch-den-ubergriff-auf-seinen-sohn-erschuttert-ist-gesteht-seinen-tiefen-schmerz\/","url":"https:\/\/www.sebastien-auziere.fr\/blog\/de\/brigitte-macron-der-neffe-der-durch-den-ubergriff-auf-seinen-sohn-erschuttert-ist-gesteht-seinen-tiefen-schmerz\/","name":"Brigitte Macron: Der Neffe, der durch den \u00dcbergriff auf seinen Sohn ersch\u00fcttert ist, gesteht seinen tiefen Schmerz. - Fan site S\u00e9bastien Auzi\u00e8re","isPartOf":{"@id":"https:\/\/www.sebastien-auziere.fr\/blog\/#website"},"primaryImageOfPage":{"@id":"https:\/\/www.sebastien-auziere.fr\/blog\/de\/brigitte-macron-der-neffe-der-durch-den-ubergriff-auf-seinen-sohn-erschuttert-ist-gesteht-seinen-tiefen-schmerz\/#primaryimage"},"image":{"@id":"https:\/\/www.sebastien-auziere.fr\/blog\/de\/brigitte-macron-der-neffe-der-durch-den-ubergriff-auf-seinen-sohn-erschuttert-ist-gesteht-seinen-tiefen-schmerz\/#primaryimage"},"thumbnailUrl":"https:\/\/www.sebastien-auziere.fr\/blog\/wp-content\/uploads\/2026\/04\/Brigitte-Macron-le-neveu-bouleverse-par-lagression-de-son-fils-confie-sa-profonde-douleur.jpg","datePublished":"2026-04-29T19:12:18+00:00","dateModified":"2026-04-29T19:12:44+00:00","description":"Brigitte Macron : le neveu boulevers\u00e9 partage sa douleur apr\u00e8s l\u2019agression de son fils, un t\u00e9moignage poignant et \u00e9mouvant.","breadcrumb":{"@id":"https:\/\/www.sebastien-auziere.fr\/blog\/de\/brigitte-macron-der-neffe-der-durch-den-ubergriff-auf-seinen-sohn-erschuttert-ist-gesteht-seinen-tiefen-schmerz\/#breadcrumb"},"inLanguage":"fr-FR","potentialAction":[{"@type":"ReadAction","target":["https:\/\/www.sebastien-auziere.fr\/blog\/de\/brigitte-macron-der-neffe-der-durch-den-ubergriff-auf-seinen-sohn-erschuttert-ist-gesteht-seinen-tiefen-schmerz\/"]}]},{"@type":"ImageObject","inLanguage":"fr-FR","@id":"https:\/\/www.sebastien-auziere.fr\/blog\/de\/brigitte-macron-der-neffe-der-durch-den-ubergriff-auf-seinen-sohn-erschuttert-ist-gesteht-seinen-tiefen-schmerz\/#primaryimage","url":"https:\/\/www.sebastien-auziere.fr\/blog\/wp-content\/uploads\/2026\/04\/Brigitte-Macron-le-neveu-bouleverse-par-lagression-de-son-fils-confie-sa-profonde-douleur.jpg","contentUrl":"https:\/\/www.sebastien-auziere.fr\/blog\/wp-content\/uploads\/2026\/04\/Brigitte-Macron-le-neveu-bouleverse-par-lagression-de-son-fils-confie-sa-profonde-douleur.jpg","width":2560,"height":1429,"caption":"brigitte macron : le neveu exprime sa profonde douleur apr\u00e8s l'agression de son fils, d\u00e9voilant un r\u00e9cit bouleversant."},{"@type":"BreadcrumbList","@id":"https:\/\/www.sebastien-auziere.fr\/blog\/de\/brigitte-macron-der-neffe-der-durch-den-ubergriff-auf-seinen-sohn-erschuttert-ist-gesteht-seinen-tiefen-schmerz\/#breadcrumb","itemListElement":[{"@type":"ListItem","position":1,"name":"Home","item":"https:\/\/www.sebastien-auziere.fr\/blog\/"},{"@type":"ListItem","position":2,"name":"Brigitte Macron: Der Neffe, der durch den \u00dcbergriff auf seinen Sohn ersch\u00fcttert ist, gesteht seinen tiefen Schmerz."}]},{"@type":"WebSite","@id":"https:\/\/www.sebastien-auziere.fr\/blog\/#website","url":"https:\/\/www.sebastien-auziere.fr\/blog\/","name":"Fan site S\u00e9bastien Auzi\u00e8re","description":"M\u00e9dia g\u00e9n\u00e9raliste","publisher":{"@id":"https:\/\/www.sebastien-auziere.fr\/blog\/#organization"},"potentialAction":[{"@type":"SearchAction","target":{"@type":"EntryPoint","urlTemplate":"https:\/\/www.sebastien-auziere.fr\/blog\/?s={search_term_string}"},"query-input":{"@type":"PropertyValueSpecification","valueRequired":true,"valueName":"search_term_string"}}],"inLanguage":"fr-FR"},{"@type":"Organization","@id":"https:\/\/www.sebastien-auziere.fr\/blog\/#organization","name":"Fan site S\u00e9bastien Auzi\u00e8re","url":"https:\/\/www.sebastien-auziere.fr\/blog\/","logo":{"@type":"ImageObject","inLanguage":"fr-FR","@id":"https:\/\/www.sebastien-auziere.fr\/blog\/#\/schema\/logo\/image\/","url":"https:\/\/www.sebastien-auziere.fr\/blog\/wp-content\/uploads\/2026\/03\/cropped-cropped-cropped-ChatGPT-Image-6-mars-2026-12_58_09-e1772798376794.jpg","contentUrl":"https:\/\/www.sebastien-auziere.fr\/blog\/wp-content\/uploads\/2026\/03\/cropped-cropped-cropped-ChatGPT-Image-6-mars-2026-12_58_09-e1772798376794.jpg","width":512,"height":360,"caption":"Fan site S\u00e9bastien Auzi\u00e8re"},"image":{"@id":"https:\/\/www.sebastien-auziere.fr\/blog\/#\/schema\/logo\/image\/"}},{"@type":"Person","@id":"https:\/\/www.sebastien-auziere.fr\/blog\/#\/schema\/person\/149f1acdbfd85149c6c3e59adeae2f4d","name":"Chloe Gauthier","image":{"@type":"ImageObject","inLanguage":"fr-FR","@id":"https:\/\/secure.gravatar.com\/avatar\/2c5722f58171cff738a8985ef0dd66b476e563753246a49019befc837ec4201a?s=96&d=mm&r=g","url":"https:\/\/secure.gravatar.com\/avatar\/2c5722f58171cff738a8985ef0dd66b476e563753246a49019befc837ec4201a?s=96&d=mm&r=g","contentUrl":"https:\/\/secure.gravatar.com\/avatar\/2c5722f58171cff738a8985ef0dd66b476e563753246a49019befc837ec4201a?s=96&d=mm&r=g","caption":"Chloe Gauthier"},"description":"Passionn\u00e9e par la politique et admiratrice engag\u00e9e de la famille Macron, je consacre mon \u00e9nergie \u00e0 suivre leurs initiatives et \u00e0 promouvoir leurs id\u00e9es. \u00c0 32 ans, je suis convaincue que leur vision est porteuse d'avenir.","url":"https:\/\/www.sebastien-auziere.fr\/blog\/author\/chloe-gauthier\/"}]}},"views":0,"_links":{"self":[{"href":"https:\/\/www.sebastien-auziere.fr\/blog\/wp-json\/wp\/v2\/posts\/3444","targetHints":{"allow":["GET"]}}],"collection":[{"href":"https:\/\/www.sebastien-auziere.fr\/blog\/wp-json\/wp\/v2\/posts"}],"about":[{"href":"https:\/\/www.sebastien-auziere.fr\/blog\/wp-json\/wp\/v2\/types\/post"}],"author":[{"embeddable":true,"href":"https:\/\/www.sebastien-auziere.fr\/blog\/wp-json\/wp\/v2\/users\/9"}],"replies":[{"embeddable":true,"href":"https:\/\/www.sebastien-auziere.fr\/blog\/wp-json\/wp\/v2\/comments?post=3444"}],"version-history":[{"count":1,"href":"https:\/\/www.sebastien-auziere.fr\/blog\/wp-json\/wp\/v2\/posts\/3444\/revisions"}],"predecessor-version":[{"id":3445,"href":"https:\/\/www.sebastien-auziere.fr\/blog\/wp-json\/wp\/v2\/posts\/3444\/revisions\/3445"}],"wp:featuredmedia":[{"embeddable":true,"href":"https:\/\/www.sebastien-auziere.fr\/blog\/wp-json\/wp\/v2\/media\/3438"}],"wp:attachment":[{"href":"https:\/\/www.sebastien-auziere.fr\/blog\/wp-json\/wp\/v2\/media?parent=3444"}],"wp:term":[{"taxonomy":"category","embeddable":true,"href":"https:\/\/www.sebastien-auziere.fr\/blog\/wp-json\/wp\/v2\/categories?post=3444"},{"taxonomy":"post_tag","embeddable":true,"href":"https:\/\/www.sebastien-auziere.fr\/blog\/wp-json\/wp\/v2\/tags?post=3444"}],"curies":[{"name":"wp","href":"https:\/\/api.w.org\/{rel}","templated":true}]}}