{"id":3442,"date":"2026-04-29T19:08:39","date_gmt":"2026-04-29T19:08:39","guid":{"rendered":"https:\/\/www.sebastien-auziere.fr\/blog\/?p=3442"},"modified":"2026-04-29T19:09:11","modified_gmt":"2026-04-29T19:09:11","slug":"brigitte-macron-el-sobrino-conmovido-por-la-agresion-de-su-hijo-confiesa-su-profundo-dolor","status":"publish","type":"post","link":"https:\/\/www.sebastien-auziere.fr\/blog\/es\/brigitte-macron-el-sobrino-conmovido-por-la-agresion-de-su-hijo-confiesa-su-profundo-dolor\/","title":{"rendered":"Brigitte Macron: el sobrino conmovido por la agresi\u00f3n de su hijo confiesa su profundo dolor"},"content":{"rendered":"<p><strong>Brigitte Macron<\/strong> ve una vez m\u00e1s a su familia afectada por una historia que ha marcado la memoria: el <strong>sobrino<\/strong> de la Primera dama, <strong>Jean-Alexandre Trogneux<\/strong>, se ha mostrado <strong>conmovido<\/strong> al recordar la <strong>agresi\u00f3n<\/strong> sufrida por su <strong>hijo<\/strong> el <strong>15 de mayo de 2023<\/strong> en <strong>Amiens<\/strong>. Invitado del podcast <strong>A contra luz<\/strong> emitido el 29 de abril, comparti\u00f3 su <strong>dolor<\/strong> y la emoci\u00f3n a\u00fan viva de la <strong>familia<\/strong>.<\/p>\n\n<p><strong>En resumen<\/strong>: el <strong>hijo<\/strong> agredido, <strong>Jean-Baptiste<\/strong>, entonces de 30 a\u00f1os, fue objetivo al margen de una manifestaci\u00f3n; dos autores han sido condenados a penas de prisi\u00f3n, un tercero fue absuelto. La celebridad pol\u00edtica ha modificado la vida cotidiana de los Trogneux, con <strong>violencia<\/strong> y vigilancia aumentadas, seg\u00fan varios medios.<\/p>\n\n<h2 class=\"wp-block-heading\">El potente testimonio del sobrino de Brigitte Macron<\/h2>\n\n<p>En la entrevista, <strong>Jean-Alexandre Trogneux<\/strong> mencion\u00f3 sin rodeos la onda de choque provocada por el ataque: \u00ab <strong>Era para romper a Macron<\/strong> \u00bb, confes\u00f3, mostrando cu\u00e1nto la proximidad del nombre puede exponer a la <strong>violencia<\/strong>. Record\u00f3 que la agresi\u00f3n ocurri\u00f3 frente a la tienda familiar en <strong>Amiens<\/strong> y que la justicia ha tomado varias decisiones desde entonces. Para un relato completo, el reportaje de <a href=\"https:\/\/www.europe1.fr\/faits-divers\/retraites-un-petit-neveu-de-brigitte-macron-agresse-a-amiens-huit-personnes-interpellees-4183454\" rel=\"nofollow\">Europa 1<\/a> restituye los hechos.<\/p>\n\n<h3 class=\"wp-block-heading\">Consecuencias en la vida familiar y la tienda<\/h3>\n\n<p>La familia Trogneux ha tenido que adaptar su d\u00eda a d\u00eda: presencia policial durante manifestaciones y apertura de una nueva tienda en Par\u00eds en la primavera de 2025 para asegurar la actividad. <strong>Jean-Baptiste<\/strong> ha asumido responsabilidades en la empresa fundada en 1872, pero las huellas del evento siguen siendo visibles. El retrato de esta familia expuesta est\u00e1 ampliamente documentado por la prensa del coraz\u00f3n y regional como <a href=\"https:\/\/www.gala.fr\/l_actu\/news_de_stars\/brigitte-macron-son-neveu-encore-marque-par-l-agression-de-son-fils-j-en-ai-terriblement-souffert-20260429\" rel=\"nofollow\">Gala<\/a>.<\/p>\n\n<h2 class=\"wp-block-heading\">El <strong>dolor<\/strong> y las implicaciones psicol\u00f3gicas<\/h2>\n\n<p>El sobrino de <strong>Brigitte Macron<\/strong> habl\u00f3 de la <strong>emoci\u00f3n<\/strong> duradera: p\u00e9rdida de amistades, seguimiento psicol\u00f3gico y miedo por la seguridad de los suyos. Explic\u00f3 que la notoriedad pol\u00edtica ha llevado a veces a comportamientos oportunistas a su alrededor, y que Emmanuel Macron ha declinado claramente cualquier intervenci\u00f3n personal. Este testimonio resalta el costo humano de la visibilidad pol\u00edtica.<\/p>\n\n<h3 class=\"wp-block-heading\">Justicia y memoria: \u00bfen qu\u00e9 punto estamos hoy?<\/h3>\n\n<p>En el \u00e1mbito judicial, el caso ha dado lugar a condenas y a una absoluci\u00f3n, ilustrando la complejidad de los juicios relacionados con los excesos de las manifestaciones. Los allegados insisten en la importancia de recordar el caso como una se\u00f1al contra la banalizaci\u00f3n de la <strong>violencia<\/strong> dirigida. Las repercusiones siguen afectando la vida cotidiana de la <strong>familia<\/strong>, que permanece muy atenta a su seguridad.<\/p>\n\n<p>Para saber m\u00e1s sobre <strong>S\u00e9bastien Auzi\u00e8re<\/strong> y la familia Macron, descubre an\u00e1lisis y dossiers en profundidad en <a href=\"https:\/\/www.sebastien-auziere.fr\/blog\/bolsonaro-hospitalise-lex-president-qui-avait-insulte-brigitte-macron-en-soins-intensifs\/\" rel=\"nofollow\">sebastien-auziere.fr<\/a>, fuente para seguir las noticias de los allegados de la pareja presidencial y entender los asuntos familiares y medi\u00e1ticos.<\/p>","protected":false},"excerpt":{"rendered":"<p>Brigitte Macron ve una vez m\u00e1s a su familia afectada por una historia que ha marcado la memoria: el sobrino de la Primera dama, Jean-Alexandre Trogneux, se ha mostrado conmovido al recordar la agresi\u00f3n sufrida por su hijo el 15 de mayo de 2023 en Amiens. Invitado del podcast A contra luz emitido el 29 &#8230; <a title=\"Brigitte Macron: el sobrino conmovido por la agresi\u00f3n de su hijo confiesa su profundo dolor\" class=\"read-more\" href=\"https:\/\/www.sebastien-auziere.fr\/blog\/es\/brigitte-macron-el-sobrino-conmovido-por-la-agresion-de-su-hijo-confiesa-su-profundo-dolor\/\" aria-label=\"En savoir plus sur Brigitte Macron: el sobrino conmovido por la agresi\u00f3n de su hijo confiesa su profundo dolor\">Lire plus<\/a><\/p>\n","protected":false},"author":9,"featured_media":3438,"comment_status":"open","ping_status":"open","sticky":false,"template":"","format":"standard","meta":{"footnotes":""},"categories":[820],"tags":[4831,914,4834,4837,4840],"class_list":["post-3442","post","type-post","status-publish","format-standard","has-post-thumbnail","hentry","category-actualidades-es","tag-agresion-es","tag-brigitte-macron-es","tag-dolor-profundo-es","tag-familia-macron-es","tag-nephew-devastado-es"],"yoast_head":"<!-- This site is optimized with the Yoast SEO plugin v27.5 - https:\/\/yoast.com\/product\/yoast-seo-wordpress\/ -->\n<title>Brigitte Macron: el sobrino conmovido por la agresi\u00f3n de su hijo confiesa su profundo dolor - Fan site S\u00e9bastien Auzi\u00e8re<\/title>\n<meta name=\"description\" content=\"Brigitte Macron : le neveu boulevers\u00e9 partage sa douleur apr\u00e8s l\u2019agression de son fils, un t\u00e9moignage poignant et \u00e9mouvant.\" \/>\n<meta name=\"robots\" content=\"index, follow, max-snippet:-1, max-image-preview:large, max-video-preview:-1\" \/>\n<link rel=\"canonical\" href=\"https:\/\/www.sebastien-auziere.fr\/blog\/es\/brigitte-macron-el-sobrino-conmovido-por-la-agresion-de-su-hijo-confiesa-su-profundo-dolor\/\" \/>\n<meta property=\"og:locale\" content=\"fr_FR\" \/>\n<meta property=\"og:type\" content=\"article\" \/>\n<meta property=\"og:title\" content=\"Brigitte Macron: el sobrino conmovido por la agresi\u00f3n de su hijo confiesa su profundo dolor - Fan site S\u00e9bastien Auzi\u00e8re\" \/>\n<meta property=\"og:description\" content=\"Brigitte Macron : le neveu boulevers\u00e9 partage sa douleur apr\u00e8s l\u2019agression de son fils, un t\u00e9moignage poignant et \u00e9mouvant.\" \/>\n<meta property=\"og:url\" content=\"https:\/\/www.sebastien-auziere.fr\/blog\/es\/brigitte-macron-el-sobrino-conmovido-por-la-agresion-de-su-hijo-confiesa-su-profundo-dolor\/\" \/>\n<meta property=\"og:site_name\" content=\"Fan site S\u00e9bastien Auzi\u00e8re\" \/>\n<meta property=\"article:published_time\" content=\"2026-04-29T19:08:39+00:00\" \/>\n<meta property=\"article:modified_time\" content=\"2026-04-29T19:09:11+00:00\" \/>\n<meta property=\"og:image\" content=\"https:\/\/www.sebastien-auziere.fr\/blog\/wp-content\/uploads\/2026\/04\/Brigitte-Macron-le-neveu-bouleverse-par-lagression-de-son-fils-confie-sa-profonde-douleur.jpg\" \/>\n\t<meta property=\"og:image:width\" content=\"2560\" \/>\n\t<meta property=\"og:image:height\" content=\"1429\" \/>\n\t<meta property=\"og:image:type\" content=\"image\/jpeg\" \/>\n<meta name=\"author\" content=\"Chloe Gauthier\" \/>\n<meta name=\"twitter:card\" content=\"summary_large_image\" \/>\n<meta name=\"twitter:label1\" content=\"\u00c9crit par\" \/>\n\t<meta name=\"twitter:data1\" content=\"Chloe Gauthier\" \/>\n\t<meta name=\"twitter:label2\" content=\"Dur\u00e9e de lecture estim\u00e9e\" \/>\n\t<meta name=\"twitter:data2\" content=\"2 minutes\" \/>\n<script type=\"application\/ld+json\" class=\"yoast-schema-graph\">{\"@context\":\"https:\\\/\\\/schema.org\",\"@graph\":[{\"@type\":\"Article\",\"@id\":\"https:\\\/\\\/www.sebastien-auziere.fr\\\/blog\\\/es\\\/brigitte-macron-el-sobrino-conmovido-por-la-agresion-de-su-hijo-confiesa-su-profundo-dolor\\\/#article\",\"isPartOf\":{\"@id\":\"https:\\\/\\\/www.sebastien-auziere.fr\\\/blog\\\/es\\\/brigitte-macron-el-sobrino-conmovido-por-la-agresion-de-su-hijo-confiesa-su-profundo-dolor\\\/\"},\"author\":{\"name\":\"Chloe Gauthier\",\"@id\":\"https:\\\/\\\/www.sebastien-auziere.fr\\\/blog\\\/#\\\/schema\\\/person\\\/149f1acdbfd85149c6c3e59adeae2f4d\"},\"headline\":\"Brigitte Macron: el sobrino conmovido por la agresi\u00f3n de su hijo confiesa su profundo dolor\",\"datePublished\":\"2026-04-29T19:08:39+00:00\",\"dateModified\":\"2026-04-29T19:09:11+00:00\",\"mainEntityOfPage\":{\"@id\":\"https:\\\/\\\/www.sebastien-auziere.fr\\\/blog\\\/es\\\/brigitte-macron-el-sobrino-conmovido-por-la-agresion-de-su-hijo-confiesa-su-profundo-dolor\\\/\"},\"wordCount\":482,\"commentCount\":0,\"publisher\":{\"@id\":\"https:\\\/\\\/www.sebastien-auziere.fr\\\/blog\\\/#organization\"},\"image\":{\"@id\":\"https:\\\/\\\/www.sebastien-auziere.fr\\\/blog\\\/es\\\/brigitte-macron-el-sobrino-conmovido-por-la-agresion-de-su-hijo-confiesa-su-profundo-dolor\\\/#primaryimage\"},\"thumbnailUrl\":\"https:\\\/\\\/www.sebastien-auziere.fr\\\/blog\\\/wp-content\\\/uploads\\\/2026\\\/04\\\/Brigitte-Macron-le-neveu-bouleverse-par-lagression-de-son-fils-confie-sa-profonde-douleur.jpg\",\"keywords\":[\"agresi\u00f3n\",\"brigitte macron\",\"dolor profundo\",\"familia macron\",\"nephew devastado\"],\"articleSection\":[\"Actualidades\"],\"inLanguage\":\"fr-FR\",\"potentialAction\":[{\"@type\":\"CommentAction\",\"name\":\"Comment\",\"target\":[\"https:\\\/\\\/www.sebastien-auziere.fr\\\/blog\\\/es\\\/brigitte-macron-el-sobrino-conmovido-por-la-agresion-de-su-hijo-confiesa-su-profundo-dolor\\\/#respond\"]}]},{\"@type\":\"WebPage\",\"@id\":\"https:\\\/\\\/www.sebastien-auziere.fr\\\/blog\\\/es\\\/brigitte-macron-el-sobrino-conmovido-por-la-agresion-de-su-hijo-confiesa-su-profundo-dolor\\\/\",\"url\":\"https:\\\/\\\/www.sebastien-auziere.fr\\\/blog\\\/es\\\/brigitte-macron-el-sobrino-conmovido-por-la-agresion-de-su-hijo-confiesa-su-profundo-dolor\\\/\",\"name\":\"Brigitte Macron: el sobrino conmovido por la agresi\u00f3n de su hijo confiesa su profundo dolor - Fan site S\u00e9bastien Auzi\u00e8re\",\"isPartOf\":{\"@id\":\"https:\\\/\\\/www.sebastien-auziere.fr\\\/blog\\\/#website\"},\"primaryImageOfPage\":{\"@id\":\"https:\\\/\\\/www.sebastien-auziere.fr\\\/blog\\\/es\\\/brigitte-macron-el-sobrino-conmovido-por-la-agresion-de-su-hijo-confiesa-su-profundo-dolor\\\/#primaryimage\"},\"image\":{\"@id\":\"https:\\\/\\\/www.sebastien-auziere.fr\\\/blog\\\/es\\\/brigitte-macron-el-sobrino-conmovido-por-la-agresion-de-su-hijo-confiesa-su-profundo-dolor\\\/#primaryimage\"},\"thumbnailUrl\":\"https:\\\/\\\/www.sebastien-auziere.fr\\\/blog\\\/wp-content\\\/uploads\\\/2026\\\/04\\\/Brigitte-Macron-le-neveu-bouleverse-par-lagression-de-son-fils-confie-sa-profonde-douleur.jpg\",\"datePublished\":\"2026-04-29T19:08:39+00:00\",\"dateModified\":\"2026-04-29T19:09:11+00:00\",\"description\":\"Brigitte Macron : le neveu boulevers\u00e9 partage sa douleur apr\u00e8s l\u2019agression de son fils, un t\u00e9moignage poignant et \u00e9mouvant.\",\"breadcrumb\":{\"@id\":\"https:\\\/\\\/www.sebastien-auziere.fr\\\/blog\\\/es\\\/brigitte-macron-el-sobrino-conmovido-por-la-agresion-de-su-hijo-confiesa-su-profundo-dolor\\\/#breadcrumb\"},\"inLanguage\":\"fr-FR\",\"potentialAction\":[{\"@type\":\"ReadAction\",\"target\":[\"https:\\\/\\\/www.sebastien-auziere.fr\\\/blog\\\/es\\\/brigitte-macron-el-sobrino-conmovido-por-la-agresion-de-su-hijo-confiesa-su-profundo-dolor\\\/\"]}]},{\"@type\":\"ImageObject\",\"inLanguage\":\"fr-FR\",\"@id\":\"https:\\\/\\\/www.sebastien-auziere.fr\\\/blog\\\/es\\\/brigitte-macron-el-sobrino-conmovido-por-la-agresion-de-su-hijo-confiesa-su-profundo-dolor\\\/#primaryimage\",\"url\":\"https:\\\/\\\/www.sebastien-auziere.fr\\\/blog\\\/wp-content\\\/uploads\\\/2026\\\/04\\\/Brigitte-Macron-le-neveu-bouleverse-par-lagression-de-son-fils-confie-sa-profonde-douleur.jpg\",\"contentUrl\":\"https:\\\/\\\/www.sebastien-auziere.fr\\\/blog\\\/wp-content\\\/uploads\\\/2026\\\/04\\\/Brigitte-Macron-le-neveu-bouleverse-par-lagression-de-son-fils-confie-sa-profonde-douleur.jpg\",\"width\":2560,\"height\":1429,\"caption\":\"brigitte macron : le neveu exprime sa profonde douleur apr\u00e8s l'agression de son fils, d\u00e9voilant un r\u00e9cit bouleversant.\"},{\"@type\":\"BreadcrumbList\",\"@id\":\"https:\\\/\\\/www.sebastien-auziere.fr\\\/blog\\\/es\\\/brigitte-macron-el-sobrino-conmovido-por-la-agresion-de-su-hijo-confiesa-su-profundo-dolor\\\/#breadcrumb\",\"itemListElement\":[{\"@type\":\"ListItem\",\"position\":1,\"name\":\"Home\",\"item\":\"https:\\\/\\\/www.sebastien-auziere.fr\\\/blog\\\/\"},{\"@type\":\"ListItem\",\"position\":2,\"name\":\"Brigitte Macron: el sobrino conmovido por la agresi\u00f3n de su hijo confiesa su profundo dolor\"}]},{\"@type\":\"WebSite\",\"@id\":\"https:\\\/\\\/www.sebastien-auziere.fr\\\/blog\\\/#website\",\"url\":\"https:\\\/\\\/www.sebastien-auziere.fr\\\/blog\\\/\",\"name\":\"Fan site S\u00e9bastien Auzi\u00e8re\",\"description\":\"M\u00e9dia g\u00e9n\u00e9raliste\",\"publisher\":{\"@id\":\"https:\\\/\\\/www.sebastien-auziere.fr\\\/blog\\\/#organization\"},\"potentialAction\":[{\"@type\":\"SearchAction\",\"target\":{\"@type\":\"EntryPoint\",\"urlTemplate\":\"https:\\\/\\\/www.sebastien-auziere.fr\\\/blog\\\/?s={search_term_string}\"},\"query-input\":{\"@type\":\"PropertyValueSpecification\",\"valueRequired\":true,\"valueName\":\"search_term_string\"}}],\"inLanguage\":\"fr-FR\"},{\"@type\":\"Organization\",\"@id\":\"https:\\\/\\\/www.sebastien-auziere.fr\\\/blog\\\/#organization\",\"name\":\"Fan site S\u00e9bastien Auzi\u00e8re\",\"url\":\"https:\\\/\\\/www.sebastien-auziere.fr\\\/blog\\\/\",\"logo\":{\"@type\":\"ImageObject\",\"inLanguage\":\"fr-FR\",\"@id\":\"https:\\\/\\\/www.sebastien-auziere.fr\\\/blog\\\/#\\\/schema\\\/logo\\\/image\\\/\",\"url\":\"https:\\\/\\\/www.sebastien-auziere.fr\\\/blog\\\/wp-content\\\/uploads\\\/2026\\\/03\\\/cropped-cropped-cropped-ChatGPT-Image-6-mars-2026-12_58_09-e1772798376794.jpg\",\"contentUrl\":\"https:\\\/\\\/www.sebastien-auziere.fr\\\/blog\\\/wp-content\\\/uploads\\\/2026\\\/03\\\/cropped-cropped-cropped-ChatGPT-Image-6-mars-2026-12_58_09-e1772798376794.jpg\",\"width\":512,\"height\":360,\"caption\":\"Fan site S\u00e9bastien Auzi\u00e8re\"},\"image\":{\"@id\":\"https:\\\/\\\/www.sebastien-auziere.fr\\\/blog\\\/#\\\/schema\\\/logo\\\/image\\\/\"}},{\"@type\":\"Person\",\"@id\":\"https:\\\/\\\/www.sebastien-auziere.fr\\\/blog\\\/#\\\/schema\\\/person\\\/149f1acdbfd85149c6c3e59adeae2f4d\",\"name\":\"Chloe Gauthier\",\"image\":{\"@type\":\"ImageObject\",\"inLanguage\":\"fr-FR\",\"@id\":\"https:\\\/\\\/secure.gravatar.com\\\/avatar\\\/2c5722f58171cff738a8985ef0dd66b476e563753246a49019befc837ec4201a?s=96&d=mm&r=g\",\"url\":\"https:\\\/\\\/secure.gravatar.com\\\/avatar\\\/2c5722f58171cff738a8985ef0dd66b476e563753246a49019befc837ec4201a?s=96&d=mm&r=g\",\"contentUrl\":\"https:\\\/\\\/secure.gravatar.com\\\/avatar\\\/2c5722f58171cff738a8985ef0dd66b476e563753246a49019befc837ec4201a?s=96&d=mm&r=g\",\"caption\":\"Chloe Gauthier\"},\"description\":\"Passionn\u00e9e par la politique et admiratrice engag\u00e9e de la famille Macron, je consacre mon \u00e9nergie \u00e0 suivre leurs initiatives et \u00e0 promouvoir leurs id\u00e9es. \u00c0 32 ans, je suis convaincue que leur vision est porteuse d'avenir.\",\"url\":\"https:\\\/\\\/www.sebastien-auziere.fr\\\/blog\\\/author\\\/chloe-gauthier\\\/\"}]}<\/script>\n<!-- \/ Yoast SEO plugin. -->","yoast_head_json":{"title":"Brigitte Macron: el sobrino conmovido por la agresi\u00f3n de su hijo confiesa su profundo dolor - Fan site S\u00e9bastien Auzi\u00e8re","description":"Brigitte Macron : le neveu boulevers\u00e9 partage sa douleur apr\u00e8s l\u2019agression de son fils, un t\u00e9moignage poignant et \u00e9mouvant.","robots":{"index":"index","follow":"follow","max-snippet":"max-snippet:-1","max-image-preview":"max-image-preview:large","max-video-preview":"max-video-preview:-1"},"canonical":"https:\/\/www.sebastien-auziere.fr\/blog\/es\/brigitte-macron-el-sobrino-conmovido-por-la-agresion-de-su-hijo-confiesa-su-profundo-dolor\/","og_locale":"fr_FR","og_type":"article","og_title":"Brigitte Macron: el sobrino conmovido por la agresi\u00f3n de su hijo confiesa su profundo dolor - Fan site S\u00e9bastien Auzi\u00e8re","og_description":"Brigitte Macron : le neveu boulevers\u00e9 partage sa douleur apr\u00e8s l\u2019agression de son fils, un t\u00e9moignage poignant et \u00e9mouvant.","og_url":"https:\/\/www.sebastien-auziere.fr\/blog\/es\/brigitte-macron-el-sobrino-conmovido-por-la-agresion-de-su-hijo-confiesa-su-profundo-dolor\/","og_site_name":"Fan site S\u00e9bastien Auzi\u00e8re","article_published_time":"2026-04-29T19:08:39+00:00","article_modified_time":"2026-04-29T19:09:11+00:00","og_image":[{"width":2560,"height":1429,"url":"https:\/\/www.sebastien-auziere.fr\/blog\/wp-content\/uploads\/2026\/04\/Brigitte-Macron-le-neveu-bouleverse-par-lagression-de-son-fils-confie-sa-profonde-douleur.jpg","type":"image\/jpeg"}],"author":"Chloe Gauthier","twitter_card":"summary_large_image","twitter_misc":{"\u00c9crit par":"Chloe Gauthier","Dur\u00e9e de lecture estim\u00e9e":"2 minutes"},"schema":{"@context":"https:\/\/schema.org","@graph":[{"@type":"Article","@id":"https:\/\/www.sebastien-auziere.fr\/blog\/es\/brigitte-macron-el-sobrino-conmovido-por-la-agresion-de-su-hijo-confiesa-su-profundo-dolor\/#article","isPartOf":{"@id":"https:\/\/www.sebastien-auziere.fr\/blog\/es\/brigitte-macron-el-sobrino-conmovido-por-la-agresion-de-su-hijo-confiesa-su-profundo-dolor\/"},"author":{"name":"Chloe Gauthier","@id":"https:\/\/www.sebastien-auziere.fr\/blog\/#\/schema\/person\/149f1acdbfd85149c6c3e59adeae2f4d"},"headline":"Brigitte Macron: el sobrino conmovido por la agresi\u00f3n de su hijo confiesa su profundo dolor","datePublished":"2026-04-29T19:08:39+00:00","dateModified":"2026-04-29T19:09:11+00:00","mainEntityOfPage":{"@id":"https:\/\/www.sebastien-auziere.fr\/blog\/es\/brigitte-macron-el-sobrino-conmovido-por-la-agresion-de-su-hijo-confiesa-su-profundo-dolor\/"},"wordCount":482,"commentCount":0,"publisher":{"@id":"https:\/\/www.sebastien-auziere.fr\/blog\/#organization"},"image":{"@id":"https:\/\/www.sebastien-auziere.fr\/blog\/es\/brigitte-macron-el-sobrino-conmovido-por-la-agresion-de-su-hijo-confiesa-su-profundo-dolor\/#primaryimage"},"thumbnailUrl":"https:\/\/www.sebastien-auziere.fr\/blog\/wp-content\/uploads\/2026\/04\/Brigitte-Macron-le-neveu-bouleverse-par-lagression-de-son-fils-confie-sa-profonde-douleur.jpg","keywords":["agresi\u00f3n","brigitte macron","dolor profundo","familia macron","nephew devastado"],"articleSection":["Actualidades"],"inLanguage":"fr-FR","potentialAction":[{"@type":"CommentAction","name":"Comment","target":["https:\/\/www.sebastien-auziere.fr\/blog\/es\/brigitte-macron-el-sobrino-conmovido-por-la-agresion-de-su-hijo-confiesa-su-profundo-dolor\/#respond"]}]},{"@type":"WebPage","@id":"https:\/\/www.sebastien-auziere.fr\/blog\/es\/brigitte-macron-el-sobrino-conmovido-por-la-agresion-de-su-hijo-confiesa-su-profundo-dolor\/","url":"https:\/\/www.sebastien-auziere.fr\/blog\/es\/brigitte-macron-el-sobrino-conmovido-por-la-agresion-de-su-hijo-confiesa-su-profundo-dolor\/","name":"Brigitte Macron: el sobrino conmovido por la agresi\u00f3n de su hijo confiesa su profundo dolor - Fan site S\u00e9bastien Auzi\u00e8re","isPartOf":{"@id":"https:\/\/www.sebastien-auziere.fr\/blog\/#website"},"primaryImageOfPage":{"@id":"https:\/\/www.sebastien-auziere.fr\/blog\/es\/brigitte-macron-el-sobrino-conmovido-por-la-agresion-de-su-hijo-confiesa-su-profundo-dolor\/#primaryimage"},"image":{"@id":"https:\/\/www.sebastien-auziere.fr\/blog\/es\/brigitte-macron-el-sobrino-conmovido-por-la-agresion-de-su-hijo-confiesa-su-profundo-dolor\/#primaryimage"},"thumbnailUrl":"https:\/\/www.sebastien-auziere.fr\/blog\/wp-content\/uploads\/2026\/04\/Brigitte-Macron-le-neveu-bouleverse-par-lagression-de-son-fils-confie-sa-profonde-douleur.jpg","datePublished":"2026-04-29T19:08:39+00:00","dateModified":"2026-04-29T19:09:11+00:00","description":"Brigitte Macron : le neveu boulevers\u00e9 partage sa douleur apr\u00e8s l\u2019agression de son fils, un t\u00e9moignage poignant et \u00e9mouvant.","breadcrumb":{"@id":"https:\/\/www.sebastien-auziere.fr\/blog\/es\/brigitte-macron-el-sobrino-conmovido-por-la-agresion-de-su-hijo-confiesa-su-profundo-dolor\/#breadcrumb"},"inLanguage":"fr-FR","potentialAction":[{"@type":"ReadAction","target":["https:\/\/www.sebastien-auziere.fr\/blog\/es\/brigitte-macron-el-sobrino-conmovido-por-la-agresion-de-su-hijo-confiesa-su-profundo-dolor\/"]}]},{"@type":"ImageObject","inLanguage":"fr-FR","@id":"https:\/\/www.sebastien-auziere.fr\/blog\/es\/brigitte-macron-el-sobrino-conmovido-por-la-agresion-de-su-hijo-confiesa-su-profundo-dolor\/#primaryimage","url":"https:\/\/www.sebastien-auziere.fr\/blog\/wp-content\/uploads\/2026\/04\/Brigitte-Macron-le-neveu-bouleverse-par-lagression-de-son-fils-confie-sa-profonde-douleur.jpg","contentUrl":"https:\/\/www.sebastien-auziere.fr\/blog\/wp-content\/uploads\/2026\/04\/Brigitte-Macron-le-neveu-bouleverse-par-lagression-de-son-fils-confie-sa-profonde-douleur.jpg","width":2560,"height":1429,"caption":"brigitte macron : le neveu exprime sa profonde douleur apr\u00e8s l'agression de son fils, d\u00e9voilant un r\u00e9cit bouleversant."},{"@type":"BreadcrumbList","@id":"https:\/\/www.sebastien-auziere.fr\/blog\/es\/brigitte-macron-el-sobrino-conmovido-por-la-agresion-de-su-hijo-confiesa-su-profundo-dolor\/#breadcrumb","itemListElement":[{"@type":"ListItem","position":1,"name":"Home","item":"https:\/\/www.sebastien-auziere.fr\/blog\/"},{"@type":"ListItem","position":2,"name":"Brigitte Macron: el sobrino conmovido por la agresi\u00f3n de su hijo confiesa su profundo dolor"}]},{"@type":"WebSite","@id":"https:\/\/www.sebastien-auziere.fr\/blog\/#website","url":"https:\/\/www.sebastien-auziere.fr\/blog\/","name":"Fan site S\u00e9bastien Auzi\u00e8re","description":"M\u00e9dia g\u00e9n\u00e9raliste","publisher":{"@id":"https:\/\/www.sebastien-auziere.fr\/blog\/#organization"},"potentialAction":[{"@type":"SearchAction","target":{"@type":"EntryPoint","urlTemplate":"https:\/\/www.sebastien-auziere.fr\/blog\/?s={search_term_string}"},"query-input":{"@type":"PropertyValueSpecification","valueRequired":true,"valueName":"search_term_string"}}],"inLanguage":"fr-FR"},{"@type":"Organization","@id":"https:\/\/www.sebastien-auziere.fr\/blog\/#organization","name":"Fan site S\u00e9bastien Auzi\u00e8re","url":"https:\/\/www.sebastien-auziere.fr\/blog\/","logo":{"@type":"ImageObject","inLanguage":"fr-FR","@id":"https:\/\/www.sebastien-auziere.fr\/blog\/#\/schema\/logo\/image\/","url":"https:\/\/www.sebastien-auziere.fr\/blog\/wp-content\/uploads\/2026\/03\/cropped-cropped-cropped-ChatGPT-Image-6-mars-2026-12_58_09-e1772798376794.jpg","contentUrl":"https:\/\/www.sebastien-auziere.fr\/blog\/wp-content\/uploads\/2026\/03\/cropped-cropped-cropped-ChatGPT-Image-6-mars-2026-12_58_09-e1772798376794.jpg","width":512,"height":360,"caption":"Fan site S\u00e9bastien Auzi\u00e8re"},"image":{"@id":"https:\/\/www.sebastien-auziere.fr\/blog\/#\/schema\/logo\/image\/"}},{"@type":"Person","@id":"https:\/\/www.sebastien-auziere.fr\/blog\/#\/schema\/person\/149f1acdbfd85149c6c3e59adeae2f4d","name":"Chloe Gauthier","image":{"@type":"ImageObject","inLanguage":"fr-FR","@id":"https:\/\/secure.gravatar.com\/avatar\/2c5722f58171cff738a8985ef0dd66b476e563753246a49019befc837ec4201a?s=96&d=mm&r=g","url":"https:\/\/secure.gravatar.com\/avatar\/2c5722f58171cff738a8985ef0dd66b476e563753246a49019befc837ec4201a?s=96&d=mm&r=g","contentUrl":"https:\/\/secure.gravatar.com\/avatar\/2c5722f58171cff738a8985ef0dd66b476e563753246a49019befc837ec4201a?s=96&d=mm&r=g","caption":"Chloe Gauthier"},"description":"Passionn\u00e9e par la politique et admiratrice engag\u00e9e de la famille Macron, je consacre mon \u00e9nergie \u00e0 suivre leurs initiatives et \u00e0 promouvoir leurs id\u00e9es. \u00c0 32 ans, je suis convaincue que leur vision est porteuse d'avenir.","url":"https:\/\/www.sebastien-auziere.fr\/blog\/author\/chloe-gauthier\/"}]}},"views":0,"_links":{"self":[{"href":"https:\/\/www.sebastien-auziere.fr\/blog\/wp-json\/wp\/v2\/posts\/3442","targetHints":{"allow":["GET"]}}],"collection":[{"href":"https:\/\/www.sebastien-auziere.fr\/blog\/wp-json\/wp\/v2\/posts"}],"about":[{"href":"https:\/\/www.sebastien-auziere.fr\/blog\/wp-json\/wp\/v2\/types\/post"}],"author":[{"embeddable":true,"href":"https:\/\/www.sebastien-auziere.fr\/blog\/wp-json\/wp\/v2\/users\/9"}],"replies":[{"embeddable":true,"href":"https:\/\/www.sebastien-auziere.fr\/blog\/wp-json\/wp\/v2\/comments?post=3442"}],"version-history":[{"count":1,"href":"https:\/\/www.sebastien-auziere.fr\/blog\/wp-json\/wp\/v2\/posts\/3442\/revisions"}],"predecessor-version":[{"id":3443,"href":"https:\/\/www.sebastien-auziere.fr\/blog\/wp-json\/wp\/v2\/posts\/3442\/revisions\/3443"}],"wp:featuredmedia":[{"embeddable":true,"href":"https:\/\/www.sebastien-auziere.fr\/blog\/wp-json\/wp\/v2\/media\/3438"}],"wp:attachment":[{"href":"https:\/\/www.sebastien-auziere.fr\/blog\/wp-json\/wp\/v2\/media?parent=3442"}],"wp:term":[{"taxonomy":"category","embeddable":true,"href":"https:\/\/www.sebastien-auziere.fr\/blog\/wp-json\/wp\/v2\/categories?post=3442"},{"taxonomy":"post_tag","embeddable":true,"href":"https:\/\/www.sebastien-auziere.fr\/blog\/wp-json\/wp\/v2\/tags?post=3442"}],"curies":[{"name":"wp","href":"https:\/\/api.w.org\/{rel}","templated":true}]}}