{"id":3440,"date":"2026-04-29T19:08:06","date_gmt":"2026-04-29T19:08:06","guid":{"rendered":"https:\/\/www.sebastien-auziere.fr\/blog\/?p=3440"},"modified":"2026-04-29T19:08:38","modified_gmt":"2026-04-29T19:08:38","slug":"brigitte-macron-the-nephew-devastated-by-the-attack-on-his-son-confides-his-deep-pain","status":"publish","type":"post","link":"https:\/\/www.sebastien-auziere.fr\/blog\/en\/brigitte-macron-the-nephew-devastated-by-the-attack-on-his-son-confides-his-deep-pain\/","title":{"rendered":"Brigitte Macron: the nephew devastated by the attack on his son confides his deep pain"},"content":{"rendered":"<p><strong>Brigitte Macron<\/strong> once again sees her family affected by a story that has left a mark on people&rsquo;s minds: the <strong>nephew<\/strong> of the First Lady, <strong>Jean-Alexandre Trogneux<\/strong>, expressed how <strong>overwhelmed<\/strong> he felt when reflecting on the <strong>attack<\/strong> suffered by his <strong>son<\/strong> on <strong>May 15, 2023<\/strong> in <strong>Amiens<\/strong>. Invited to the podcast <strong>\u00c0 contre-jour<\/strong> aired on April 29, he shared his <strong>pain<\/strong> and the still vivid emotion of the <strong>family<\/strong>.<\/p>\n\n<p><strong>In brief<\/strong>: the attacked <strong>son<\/strong>, <strong>Jean-Baptiste<\/strong>, then aged 30, was targeted during a demonstration; two offenders were sentenced to prison terms, while a third was acquitted. The political celebrity has altered the daily life of the Trogneux family, with increased <strong>violence<\/strong> and surveillance, according to several media reports.<\/p>\n\n<h2 class=\"wp-block-heading\">The Strong Testimony of Brigitte Macron&rsquo;s Nephew<\/h2>\n\n<p>In the interview, <strong>Jean-Alexandre Trogneux<\/strong> spoke candidly about the shockwave caused by the attack: \u201c<strong>It was to break Macron<\/strong>,\u201d he confided, showing how the proximity of the name can expose one to <strong>violence<\/strong>. He recalled that the assault took place in front of the family shop in <strong>Amiens<\/strong> and that justice has made several rulings since. For a complete account, the report by <a href=\"https:\/\/www.europe1.fr\/faits-divers\/retraites-un-petit-neveu-de-brigitte-macron-agresse-a-amiens-huit-personnes-interpellees-4183454\" rel=\"nofollow\">Europe 1<\/a> recounts the facts.<\/p>\n\n<h3 class=\"wp-block-heading\">Consequences on Family Life and the Shop<\/h3>\n\n<p>The Trogneux family has had to adapt its daily life: police presence during demonstrations and the arrival of a new shop in Paris in spring 2025 to secure their business. <strong>Jean-Baptiste<\/strong> has taken on responsibilities in the company founded in 1872, but the marks of the event remain visible. The portrait of this exposed family is extensively documented by the celebrity and regional press, such as <a href=\"https:\/\/www.gala.fr\/l_actu\/news_de_stars\/brigitte-macron-son-neveu-encore-marque-par-l-agression-de-son-fils-j-en-ai-terriblement-souffert-20260429\" rel=\"nofollow\">Gala<\/a>.<\/p>\n\n<h2 class=\"wp-block-heading\">The <strong>Pain<\/strong> and Psychological Implications<\/h2>\n\n<p>Brigitte Macron&rsquo;s <strong>nephew<\/strong> spoke of the lasting <strong>emotion<\/strong>: loss of friendships, psychological support, and fear for the safety of his loved ones. He explained that political notoriety has sometimes led to opportunistic behavior around him, and that Emmanuel Macron has clearly declined any personal intervention. This testimony highlights the human cost of political visibility.<\/p>\n\n<h3 class=\"wp-block-heading\">Justice and Memory: Where Do We Stand Today?<\/h3>\n\n<p>Judicially, the case has led to convictions and an acquittal, illustrating the complexity of prosecutions related to the excesses of demonstrations. Family members emphasize the importance of remembering the case as a signal against the normalization of targeted <strong>violence<\/strong>. The repercussions continue to affect the daily life of the <strong>family<\/strong>, which remains very attentive to its safety.<\/p>\n\n<p>To learn more about <strong>S\u00e9bastien Auzi\u00e8re<\/strong> and the Macron family, discover analyses and in-depth reports on <a href=\"https:\/\/www.sebastien-auziere.fr\/blog\/bolsonaro-hospitalise-lex-president-qui-avait-insulte-brigitte-macron-en-soins-intensifs\/\" rel=\"nofollow\">sebastien-auziere.fr<\/a>, a source for following the news of the presidential couple&rsquo;s relatives and understanding the family and media stakes.<\/p>","protected":false},"excerpt":{"rendered":"<p>Brigitte Macron once again sees her family affected by a story that has left a mark on people&rsquo;s minds: the nephew of the First Lady, Jean-Alexandre Trogneux, expressed how overwhelmed he felt when reflecting on the attack suffered by his son on May 15, 2023 in Amiens. Invited to the podcast \u00c0 contre-jour aired on &#8230; <a title=\"Brigitte Macron: the nephew devastated by the attack on his son confides his deep pain\" class=\"read-more\" href=\"https:\/\/www.sebastien-auziere.fr\/blog\/en\/brigitte-macron-the-nephew-devastated-by-the-attack-on-his-son-confides-his-deep-pain\/\" aria-label=\"En savoir plus sur Brigitte Macron: the nephew devastated by the attack on his son confides his deep pain\">Lire plus<\/a><\/p>\n","protected":false},"author":9,"featured_media":3438,"comment_status":"open","ping_status":"open","sticky":false,"template":"","format":"standard","meta":{"footnotes":""},"categories":[816],"tags":[4818,898,4821,4824,4827],"class_list":["post-3440","post","type-post","status-publish","format-standard","has-post-thumbnail","hentry","category-news","tag-aggression-en","tag-brigitte-macron-en","tag-deep-pain-en","tag-family-macron-en","tag-nephew-overwhelmed-en"],"yoast_head":"<!-- This site is optimized with the Yoast SEO plugin v27.5 - https:\/\/yoast.com\/product\/yoast-seo-wordpress\/ -->\n<title>Brigitte Macron: the nephew devastated by the attack on his son confides his deep pain - Fan site S\u00e9bastien Auzi\u00e8re<\/title>\n<meta name=\"description\" content=\"Brigitte Macron : le neveu boulevers\u00e9 partage sa douleur apr\u00e8s l\u2019agression de son fils, un t\u00e9moignage poignant et \u00e9mouvant.\" \/>\n<meta name=\"robots\" content=\"index, follow, max-snippet:-1, max-image-preview:large, max-video-preview:-1\" \/>\n<link rel=\"canonical\" href=\"https:\/\/www.sebastien-auziere.fr\/blog\/en\/brigitte-macron-the-nephew-devastated-by-the-attack-on-his-son-confides-his-deep-pain\/\" \/>\n<meta property=\"og:locale\" content=\"fr_FR\" \/>\n<meta property=\"og:type\" content=\"article\" \/>\n<meta property=\"og:title\" content=\"Brigitte Macron: the nephew devastated by the attack on his son confides his deep pain - Fan site S\u00e9bastien Auzi\u00e8re\" \/>\n<meta property=\"og:description\" content=\"Brigitte Macron : le neveu boulevers\u00e9 partage sa douleur apr\u00e8s l\u2019agression de son fils, un t\u00e9moignage poignant et \u00e9mouvant.\" \/>\n<meta property=\"og:url\" content=\"https:\/\/www.sebastien-auziere.fr\/blog\/en\/brigitte-macron-the-nephew-devastated-by-the-attack-on-his-son-confides-his-deep-pain\/\" \/>\n<meta property=\"og:site_name\" content=\"Fan site S\u00e9bastien Auzi\u00e8re\" \/>\n<meta property=\"article:published_time\" content=\"2026-04-29T19:08:06+00:00\" \/>\n<meta property=\"article:modified_time\" content=\"2026-04-29T19:08:38+00:00\" \/>\n<meta property=\"og:image\" content=\"https:\/\/www.sebastien-auziere.fr\/blog\/wp-content\/uploads\/2026\/04\/Brigitte-Macron-le-neveu-bouleverse-par-lagression-de-son-fils-confie-sa-profonde-douleur.jpg\" \/>\n\t<meta property=\"og:image:width\" content=\"2560\" \/>\n\t<meta property=\"og:image:height\" content=\"1429\" \/>\n\t<meta property=\"og:image:type\" content=\"image\/jpeg\" \/>\n<meta name=\"author\" content=\"Chloe Gauthier\" \/>\n<meta name=\"twitter:card\" content=\"summary_large_image\" \/>\n<meta name=\"twitter:label1\" content=\"\u00c9crit par\" \/>\n\t<meta name=\"twitter:data1\" content=\"Chloe Gauthier\" \/>\n\t<meta name=\"twitter:label2\" content=\"Dur\u00e9e de lecture estim\u00e9e\" \/>\n\t<meta name=\"twitter:data2\" content=\"2 minutes\" \/>\n<script type=\"application\/ld+json\" class=\"yoast-schema-graph\">{\"@context\":\"https:\\\/\\\/schema.org\",\"@graph\":[{\"@type\":\"Article\",\"@id\":\"https:\\\/\\\/www.sebastien-auziere.fr\\\/blog\\\/en\\\/brigitte-macron-the-nephew-devastated-by-the-attack-on-his-son-confides-his-deep-pain\\\/#article\",\"isPartOf\":{\"@id\":\"https:\\\/\\\/www.sebastien-auziere.fr\\\/blog\\\/en\\\/brigitte-macron-the-nephew-devastated-by-the-attack-on-his-son-confides-his-deep-pain\\\/\"},\"author\":{\"name\":\"Chloe Gauthier\",\"@id\":\"https:\\\/\\\/www.sebastien-auziere.fr\\\/blog\\\/#\\\/schema\\\/person\\\/149f1acdbfd85149c6c3e59adeae2f4d\"},\"headline\":\"Brigitte Macron: the nephew devastated by the attack on his son confides his deep pain\",\"datePublished\":\"2026-04-29T19:08:06+00:00\",\"dateModified\":\"2026-04-29T19:08:38+00:00\",\"mainEntityOfPage\":{\"@id\":\"https:\\\/\\\/www.sebastien-auziere.fr\\\/blog\\\/en\\\/brigitte-macron-the-nephew-devastated-by-the-attack-on-his-son-confides-his-deep-pain\\\/\"},\"wordCount\":435,\"commentCount\":0,\"publisher\":{\"@id\":\"https:\\\/\\\/www.sebastien-auziere.fr\\\/blog\\\/#organization\"},\"image\":{\"@id\":\"https:\\\/\\\/www.sebastien-auziere.fr\\\/blog\\\/en\\\/brigitte-macron-the-nephew-devastated-by-the-attack-on-his-son-confides-his-deep-pain\\\/#primaryimage\"},\"thumbnailUrl\":\"https:\\\/\\\/www.sebastien-auziere.fr\\\/blog\\\/wp-content\\\/uploads\\\/2026\\\/04\\\/Brigitte-Macron-le-neveu-bouleverse-par-lagression-de-son-fils-confie-sa-profonde-douleur.jpg\",\"keywords\":[\"aggression\",\"brigitte macron\",\"deep pain\",\"family macron\",\"nephew overwhelmed\"],\"articleSection\":[\"News\"],\"inLanguage\":\"fr-FR\",\"potentialAction\":[{\"@type\":\"CommentAction\",\"name\":\"Comment\",\"target\":[\"https:\\\/\\\/www.sebastien-auziere.fr\\\/blog\\\/en\\\/brigitte-macron-the-nephew-devastated-by-the-attack-on-his-son-confides-his-deep-pain\\\/#respond\"]}]},{\"@type\":\"WebPage\",\"@id\":\"https:\\\/\\\/www.sebastien-auziere.fr\\\/blog\\\/en\\\/brigitte-macron-the-nephew-devastated-by-the-attack-on-his-son-confides-his-deep-pain\\\/\",\"url\":\"https:\\\/\\\/www.sebastien-auziere.fr\\\/blog\\\/en\\\/brigitte-macron-the-nephew-devastated-by-the-attack-on-his-son-confides-his-deep-pain\\\/\",\"name\":\"Brigitte Macron: the nephew devastated by the attack on his son confides his deep pain - Fan site S\u00e9bastien Auzi\u00e8re\",\"isPartOf\":{\"@id\":\"https:\\\/\\\/www.sebastien-auziere.fr\\\/blog\\\/#website\"},\"primaryImageOfPage\":{\"@id\":\"https:\\\/\\\/www.sebastien-auziere.fr\\\/blog\\\/en\\\/brigitte-macron-the-nephew-devastated-by-the-attack-on-his-son-confides-his-deep-pain\\\/#primaryimage\"},\"image\":{\"@id\":\"https:\\\/\\\/www.sebastien-auziere.fr\\\/blog\\\/en\\\/brigitte-macron-the-nephew-devastated-by-the-attack-on-his-son-confides-his-deep-pain\\\/#primaryimage\"},\"thumbnailUrl\":\"https:\\\/\\\/www.sebastien-auziere.fr\\\/blog\\\/wp-content\\\/uploads\\\/2026\\\/04\\\/Brigitte-Macron-le-neveu-bouleverse-par-lagression-de-son-fils-confie-sa-profonde-douleur.jpg\",\"datePublished\":\"2026-04-29T19:08:06+00:00\",\"dateModified\":\"2026-04-29T19:08:38+00:00\",\"description\":\"Brigitte Macron : le neveu boulevers\u00e9 partage sa douleur apr\u00e8s l\u2019agression de son fils, un t\u00e9moignage poignant et \u00e9mouvant.\",\"breadcrumb\":{\"@id\":\"https:\\\/\\\/www.sebastien-auziere.fr\\\/blog\\\/en\\\/brigitte-macron-the-nephew-devastated-by-the-attack-on-his-son-confides-his-deep-pain\\\/#breadcrumb\"},\"inLanguage\":\"fr-FR\",\"potentialAction\":[{\"@type\":\"ReadAction\",\"target\":[\"https:\\\/\\\/www.sebastien-auziere.fr\\\/blog\\\/en\\\/brigitte-macron-the-nephew-devastated-by-the-attack-on-his-son-confides-his-deep-pain\\\/\"]}]},{\"@type\":\"ImageObject\",\"inLanguage\":\"fr-FR\",\"@id\":\"https:\\\/\\\/www.sebastien-auziere.fr\\\/blog\\\/en\\\/brigitte-macron-the-nephew-devastated-by-the-attack-on-his-son-confides-his-deep-pain\\\/#primaryimage\",\"url\":\"https:\\\/\\\/www.sebastien-auziere.fr\\\/blog\\\/wp-content\\\/uploads\\\/2026\\\/04\\\/Brigitte-Macron-le-neveu-bouleverse-par-lagression-de-son-fils-confie-sa-profonde-douleur.jpg\",\"contentUrl\":\"https:\\\/\\\/www.sebastien-auziere.fr\\\/blog\\\/wp-content\\\/uploads\\\/2026\\\/04\\\/Brigitte-Macron-le-neveu-bouleverse-par-lagression-de-son-fils-confie-sa-profonde-douleur.jpg\",\"width\":2560,\"height\":1429,\"caption\":\"brigitte macron : le neveu exprime sa profonde douleur apr\u00e8s l'agression de son fils, d\u00e9voilant un r\u00e9cit bouleversant.\"},{\"@type\":\"BreadcrumbList\",\"@id\":\"https:\\\/\\\/www.sebastien-auziere.fr\\\/blog\\\/en\\\/brigitte-macron-the-nephew-devastated-by-the-attack-on-his-son-confides-his-deep-pain\\\/#breadcrumb\",\"itemListElement\":[{\"@type\":\"ListItem\",\"position\":1,\"name\":\"Home\",\"item\":\"https:\\\/\\\/www.sebastien-auziere.fr\\\/blog\\\/\"},{\"@type\":\"ListItem\",\"position\":2,\"name\":\"Brigitte Macron: the nephew devastated by the attack on his son confides his deep pain\"}]},{\"@type\":\"WebSite\",\"@id\":\"https:\\\/\\\/www.sebastien-auziere.fr\\\/blog\\\/#website\",\"url\":\"https:\\\/\\\/www.sebastien-auziere.fr\\\/blog\\\/\",\"name\":\"Fan site S\u00e9bastien Auzi\u00e8re\",\"description\":\"M\u00e9dia g\u00e9n\u00e9raliste\",\"publisher\":{\"@id\":\"https:\\\/\\\/www.sebastien-auziere.fr\\\/blog\\\/#organization\"},\"potentialAction\":[{\"@type\":\"SearchAction\",\"target\":{\"@type\":\"EntryPoint\",\"urlTemplate\":\"https:\\\/\\\/www.sebastien-auziere.fr\\\/blog\\\/?s={search_term_string}\"},\"query-input\":{\"@type\":\"PropertyValueSpecification\",\"valueRequired\":true,\"valueName\":\"search_term_string\"}}],\"inLanguage\":\"fr-FR\"},{\"@type\":\"Organization\",\"@id\":\"https:\\\/\\\/www.sebastien-auziere.fr\\\/blog\\\/#organization\",\"name\":\"Fan site S\u00e9bastien Auzi\u00e8re\",\"url\":\"https:\\\/\\\/www.sebastien-auziere.fr\\\/blog\\\/\",\"logo\":{\"@type\":\"ImageObject\",\"inLanguage\":\"fr-FR\",\"@id\":\"https:\\\/\\\/www.sebastien-auziere.fr\\\/blog\\\/#\\\/schema\\\/logo\\\/image\\\/\",\"url\":\"https:\\\/\\\/www.sebastien-auziere.fr\\\/blog\\\/wp-content\\\/uploads\\\/2026\\\/03\\\/cropped-cropped-cropped-ChatGPT-Image-6-mars-2026-12_58_09-e1772798376794.jpg\",\"contentUrl\":\"https:\\\/\\\/www.sebastien-auziere.fr\\\/blog\\\/wp-content\\\/uploads\\\/2026\\\/03\\\/cropped-cropped-cropped-ChatGPT-Image-6-mars-2026-12_58_09-e1772798376794.jpg\",\"width\":512,\"height\":360,\"caption\":\"Fan site S\u00e9bastien Auzi\u00e8re\"},\"image\":{\"@id\":\"https:\\\/\\\/www.sebastien-auziere.fr\\\/blog\\\/#\\\/schema\\\/logo\\\/image\\\/\"}},{\"@type\":\"Person\",\"@id\":\"https:\\\/\\\/www.sebastien-auziere.fr\\\/blog\\\/#\\\/schema\\\/person\\\/149f1acdbfd85149c6c3e59adeae2f4d\",\"name\":\"Chloe Gauthier\",\"image\":{\"@type\":\"ImageObject\",\"inLanguage\":\"fr-FR\",\"@id\":\"https:\\\/\\\/secure.gravatar.com\\\/avatar\\\/2c5722f58171cff738a8985ef0dd66b476e563753246a49019befc837ec4201a?s=96&d=mm&r=g\",\"url\":\"https:\\\/\\\/secure.gravatar.com\\\/avatar\\\/2c5722f58171cff738a8985ef0dd66b476e563753246a49019befc837ec4201a?s=96&d=mm&r=g\",\"contentUrl\":\"https:\\\/\\\/secure.gravatar.com\\\/avatar\\\/2c5722f58171cff738a8985ef0dd66b476e563753246a49019befc837ec4201a?s=96&d=mm&r=g\",\"caption\":\"Chloe Gauthier\"},\"description\":\"Passionn\u00e9e par la politique et admiratrice engag\u00e9e de la famille Macron, je consacre mon \u00e9nergie \u00e0 suivre leurs initiatives et \u00e0 promouvoir leurs id\u00e9es. \u00c0 32 ans, je suis convaincue que leur vision est porteuse d'avenir.\",\"url\":\"https:\\\/\\\/www.sebastien-auziere.fr\\\/blog\\\/author\\\/chloe-gauthier\\\/\"}]}<\/script>\n<!-- \/ Yoast SEO plugin. -->","yoast_head_json":{"title":"Brigitte Macron: the nephew devastated by the attack on his son confides his deep pain - Fan site S\u00e9bastien Auzi\u00e8re","description":"Brigitte Macron : le neveu boulevers\u00e9 partage sa douleur apr\u00e8s l\u2019agression de son fils, un t\u00e9moignage poignant et \u00e9mouvant.","robots":{"index":"index","follow":"follow","max-snippet":"max-snippet:-1","max-image-preview":"max-image-preview:large","max-video-preview":"max-video-preview:-1"},"canonical":"https:\/\/www.sebastien-auziere.fr\/blog\/en\/brigitte-macron-the-nephew-devastated-by-the-attack-on-his-son-confides-his-deep-pain\/","og_locale":"fr_FR","og_type":"article","og_title":"Brigitte Macron: the nephew devastated by the attack on his son confides his deep pain - Fan site S\u00e9bastien Auzi\u00e8re","og_description":"Brigitte Macron : le neveu boulevers\u00e9 partage sa douleur apr\u00e8s l\u2019agression de son fils, un t\u00e9moignage poignant et \u00e9mouvant.","og_url":"https:\/\/www.sebastien-auziere.fr\/blog\/en\/brigitte-macron-the-nephew-devastated-by-the-attack-on-his-son-confides-his-deep-pain\/","og_site_name":"Fan site S\u00e9bastien Auzi\u00e8re","article_published_time":"2026-04-29T19:08:06+00:00","article_modified_time":"2026-04-29T19:08:38+00:00","og_image":[{"width":2560,"height":1429,"url":"https:\/\/www.sebastien-auziere.fr\/blog\/wp-content\/uploads\/2026\/04\/Brigitte-Macron-le-neveu-bouleverse-par-lagression-de-son-fils-confie-sa-profonde-douleur.jpg","type":"image\/jpeg"}],"author":"Chloe Gauthier","twitter_card":"summary_large_image","twitter_misc":{"\u00c9crit par":"Chloe Gauthier","Dur\u00e9e de lecture estim\u00e9e":"2 minutes"},"schema":{"@context":"https:\/\/schema.org","@graph":[{"@type":"Article","@id":"https:\/\/www.sebastien-auziere.fr\/blog\/en\/brigitte-macron-the-nephew-devastated-by-the-attack-on-his-son-confides-his-deep-pain\/#article","isPartOf":{"@id":"https:\/\/www.sebastien-auziere.fr\/blog\/en\/brigitte-macron-the-nephew-devastated-by-the-attack-on-his-son-confides-his-deep-pain\/"},"author":{"name":"Chloe Gauthier","@id":"https:\/\/www.sebastien-auziere.fr\/blog\/#\/schema\/person\/149f1acdbfd85149c6c3e59adeae2f4d"},"headline":"Brigitte Macron: the nephew devastated by the attack on his son confides his deep pain","datePublished":"2026-04-29T19:08:06+00:00","dateModified":"2026-04-29T19:08:38+00:00","mainEntityOfPage":{"@id":"https:\/\/www.sebastien-auziere.fr\/blog\/en\/brigitte-macron-the-nephew-devastated-by-the-attack-on-his-son-confides-his-deep-pain\/"},"wordCount":435,"commentCount":0,"publisher":{"@id":"https:\/\/www.sebastien-auziere.fr\/blog\/#organization"},"image":{"@id":"https:\/\/www.sebastien-auziere.fr\/blog\/en\/brigitte-macron-the-nephew-devastated-by-the-attack-on-his-son-confides-his-deep-pain\/#primaryimage"},"thumbnailUrl":"https:\/\/www.sebastien-auziere.fr\/blog\/wp-content\/uploads\/2026\/04\/Brigitte-Macron-le-neveu-bouleverse-par-lagression-de-son-fils-confie-sa-profonde-douleur.jpg","keywords":["aggression","brigitte macron","deep pain","family macron","nephew overwhelmed"],"articleSection":["News"],"inLanguage":"fr-FR","potentialAction":[{"@type":"CommentAction","name":"Comment","target":["https:\/\/www.sebastien-auziere.fr\/blog\/en\/brigitte-macron-the-nephew-devastated-by-the-attack-on-his-son-confides-his-deep-pain\/#respond"]}]},{"@type":"WebPage","@id":"https:\/\/www.sebastien-auziere.fr\/blog\/en\/brigitte-macron-the-nephew-devastated-by-the-attack-on-his-son-confides-his-deep-pain\/","url":"https:\/\/www.sebastien-auziere.fr\/blog\/en\/brigitte-macron-the-nephew-devastated-by-the-attack-on-his-son-confides-his-deep-pain\/","name":"Brigitte Macron: the nephew devastated by the attack on his son confides his deep pain - Fan site S\u00e9bastien Auzi\u00e8re","isPartOf":{"@id":"https:\/\/www.sebastien-auziere.fr\/blog\/#website"},"primaryImageOfPage":{"@id":"https:\/\/www.sebastien-auziere.fr\/blog\/en\/brigitte-macron-the-nephew-devastated-by-the-attack-on-his-son-confides-his-deep-pain\/#primaryimage"},"image":{"@id":"https:\/\/www.sebastien-auziere.fr\/blog\/en\/brigitte-macron-the-nephew-devastated-by-the-attack-on-his-son-confides-his-deep-pain\/#primaryimage"},"thumbnailUrl":"https:\/\/www.sebastien-auziere.fr\/blog\/wp-content\/uploads\/2026\/04\/Brigitte-Macron-le-neveu-bouleverse-par-lagression-de-son-fils-confie-sa-profonde-douleur.jpg","datePublished":"2026-04-29T19:08:06+00:00","dateModified":"2026-04-29T19:08:38+00:00","description":"Brigitte Macron : le neveu boulevers\u00e9 partage sa douleur apr\u00e8s l\u2019agression de son fils, un t\u00e9moignage poignant et \u00e9mouvant.","breadcrumb":{"@id":"https:\/\/www.sebastien-auziere.fr\/blog\/en\/brigitte-macron-the-nephew-devastated-by-the-attack-on-his-son-confides-his-deep-pain\/#breadcrumb"},"inLanguage":"fr-FR","potentialAction":[{"@type":"ReadAction","target":["https:\/\/www.sebastien-auziere.fr\/blog\/en\/brigitte-macron-the-nephew-devastated-by-the-attack-on-his-son-confides-his-deep-pain\/"]}]},{"@type":"ImageObject","inLanguage":"fr-FR","@id":"https:\/\/www.sebastien-auziere.fr\/blog\/en\/brigitte-macron-the-nephew-devastated-by-the-attack-on-his-son-confides-his-deep-pain\/#primaryimage","url":"https:\/\/www.sebastien-auziere.fr\/blog\/wp-content\/uploads\/2026\/04\/Brigitte-Macron-le-neveu-bouleverse-par-lagression-de-son-fils-confie-sa-profonde-douleur.jpg","contentUrl":"https:\/\/www.sebastien-auziere.fr\/blog\/wp-content\/uploads\/2026\/04\/Brigitte-Macron-le-neveu-bouleverse-par-lagression-de-son-fils-confie-sa-profonde-douleur.jpg","width":2560,"height":1429,"caption":"brigitte macron : le neveu exprime sa profonde douleur apr\u00e8s l'agression de son fils, d\u00e9voilant un r\u00e9cit bouleversant."},{"@type":"BreadcrumbList","@id":"https:\/\/www.sebastien-auziere.fr\/blog\/en\/brigitte-macron-the-nephew-devastated-by-the-attack-on-his-son-confides-his-deep-pain\/#breadcrumb","itemListElement":[{"@type":"ListItem","position":1,"name":"Home","item":"https:\/\/www.sebastien-auziere.fr\/blog\/"},{"@type":"ListItem","position":2,"name":"Brigitte Macron: the nephew devastated by the attack on his son confides his deep pain"}]},{"@type":"WebSite","@id":"https:\/\/www.sebastien-auziere.fr\/blog\/#website","url":"https:\/\/www.sebastien-auziere.fr\/blog\/","name":"Fan site S\u00e9bastien Auzi\u00e8re","description":"M\u00e9dia g\u00e9n\u00e9raliste","publisher":{"@id":"https:\/\/www.sebastien-auziere.fr\/blog\/#organization"},"potentialAction":[{"@type":"SearchAction","target":{"@type":"EntryPoint","urlTemplate":"https:\/\/www.sebastien-auziere.fr\/blog\/?s={search_term_string}"},"query-input":{"@type":"PropertyValueSpecification","valueRequired":true,"valueName":"search_term_string"}}],"inLanguage":"fr-FR"},{"@type":"Organization","@id":"https:\/\/www.sebastien-auziere.fr\/blog\/#organization","name":"Fan site S\u00e9bastien Auzi\u00e8re","url":"https:\/\/www.sebastien-auziere.fr\/blog\/","logo":{"@type":"ImageObject","inLanguage":"fr-FR","@id":"https:\/\/www.sebastien-auziere.fr\/blog\/#\/schema\/logo\/image\/","url":"https:\/\/www.sebastien-auziere.fr\/blog\/wp-content\/uploads\/2026\/03\/cropped-cropped-cropped-ChatGPT-Image-6-mars-2026-12_58_09-e1772798376794.jpg","contentUrl":"https:\/\/www.sebastien-auziere.fr\/blog\/wp-content\/uploads\/2026\/03\/cropped-cropped-cropped-ChatGPT-Image-6-mars-2026-12_58_09-e1772798376794.jpg","width":512,"height":360,"caption":"Fan site S\u00e9bastien Auzi\u00e8re"},"image":{"@id":"https:\/\/www.sebastien-auziere.fr\/blog\/#\/schema\/logo\/image\/"}},{"@type":"Person","@id":"https:\/\/www.sebastien-auziere.fr\/blog\/#\/schema\/person\/149f1acdbfd85149c6c3e59adeae2f4d","name":"Chloe Gauthier","image":{"@type":"ImageObject","inLanguage":"fr-FR","@id":"https:\/\/secure.gravatar.com\/avatar\/2c5722f58171cff738a8985ef0dd66b476e563753246a49019befc837ec4201a?s=96&d=mm&r=g","url":"https:\/\/secure.gravatar.com\/avatar\/2c5722f58171cff738a8985ef0dd66b476e563753246a49019befc837ec4201a?s=96&d=mm&r=g","contentUrl":"https:\/\/secure.gravatar.com\/avatar\/2c5722f58171cff738a8985ef0dd66b476e563753246a49019befc837ec4201a?s=96&d=mm&r=g","caption":"Chloe Gauthier"},"description":"Passionn\u00e9e par la politique et admiratrice engag\u00e9e de la famille Macron, je consacre mon \u00e9nergie \u00e0 suivre leurs initiatives et \u00e0 promouvoir leurs id\u00e9es. \u00c0 32 ans, je suis convaincue que leur vision est porteuse d'avenir.","url":"https:\/\/www.sebastien-auziere.fr\/blog\/author\/chloe-gauthier\/"}]}},"views":0,"_links":{"self":[{"href":"https:\/\/www.sebastien-auziere.fr\/blog\/wp-json\/wp\/v2\/posts\/3440","targetHints":{"allow":["GET"]}}],"collection":[{"href":"https:\/\/www.sebastien-auziere.fr\/blog\/wp-json\/wp\/v2\/posts"}],"about":[{"href":"https:\/\/www.sebastien-auziere.fr\/blog\/wp-json\/wp\/v2\/types\/post"}],"author":[{"embeddable":true,"href":"https:\/\/www.sebastien-auziere.fr\/blog\/wp-json\/wp\/v2\/users\/9"}],"replies":[{"embeddable":true,"href":"https:\/\/www.sebastien-auziere.fr\/blog\/wp-json\/wp\/v2\/comments?post=3440"}],"version-history":[{"count":1,"href":"https:\/\/www.sebastien-auziere.fr\/blog\/wp-json\/wp\/v2\/posts\/3440\/revisions"}],"predecessor-version":[{"id":3441,"href":"https:\/\/www.sebastien-auziere.fr\/blog\/wp-json\/wp\/v2\/posts\/3440\/revisions\/3441"}],"wp:featuredmedia":[{"embeddable":true,"href":"https:\/\/www.sebastien-auziere.fr\/blog\/wp-json\/wp\/v2\/media\/3438"}],"wp:attachment":[{"href":"https:\/\/www.sebastien-auziere.fr\/blog\/wp-json\/wp\/v2\/media?parent=3440"}],"wp:term":[{"taxonomy":"category","embeddable":true,"href":"https:\/\/www.sebastien-auziere.fr\/blog\/wp-json\/wp\/v2\/categories?post=3440"},{"taxonomy":"post_tag","embeddable":true,"href":"https:\/\/www.sebastien-auziere.fr\/blog\/wp-json\/wp\/v2\/tags?post=3440"}],"curies":[{"name":"wp","href":"https:\/\/api.w.org\/{rel}","templated":true}]}}