{"id":3434,"date":"2026-04-29T07:19:28","date_gmt":"2026-04-29T07:19:28","guid":{"rendered":"https:\/\/www.sebastien-auziere.fr\/blog\/?p=3434"},"modified":"2026-04-29T07:19:50","modified_gmt":"2026-04-29T07:19:50","slug":"brigitte-macron-confrontada-com-insultos-durante-o-funeral-de-nathalie-baye-em-paris","status":"publish","type":"post","link":"https:\/\/www.sebastien-auziere.fr\/blog\/pt\/brigitte-macron-confrontada-com-insultos-durante-o-funeral-de-nathalie-baye-em-paris\/","title":{"rendered":"Brigitte Macron confrontada com insultos durante o funeral de Nathalie Baye em Paris"},"content":{"rendered":"<p><strong>Brigitte Macron<\/strong> foi alvo de cr\u00edticas em sua chegada ao funeral de <strong>Nathalie Baye<\/strong> em <strong>Paris<\/strong> na sexta-feira, 24 de abril de 2026, segundo v\u00e1rios v\u00eddeos e testemunhos. A cena, filmada na frente da igreja Saint-Sulpice, mostra gritos e <strong>insultos<\/strong> dirigidos \u00e0 Primeira Dama, alimentando uma intensa <strong>controversia<\/strong> sobre o comportamento do p\u00fablico durante um <strong>evento p\u00fablico<\/strong>.<\/p>\n\n<p><strong>Em resumo<\/strong>: chegada de <strong>Brigitte Macron<\/strong> ao funeral de <strong>Nathalie Baye<\/strong>, gritos capturados e compartilhados nas redes sociais, rea\u00e7\u00f5es da m\u00eddia e debate sobre o respeito aos <strong>funerais<\/strong> e \u00e0 figura p\u00fablica. A cerim\u00f4nia, marcada por uma emocionante <strong>homenagem<\/strong>, rapidamente se transformou em uma confronta\u00e7\u00e3o divulgada pela imprensa nacional.<\/p>\n\n<h2 class=\"wp-block-heading\">Chegada a Saint-Sulpice: insultos contra Brigitte Macron durante os funerais<\/h2>\n\n<p>Na sua chegada \u00e0 igreja Saint-Sulpice, a presen\u00e7a de <strong>Brigitte Macron<\/strong> provocou gritos hostis, incluindo um \u00ab\u00a0\u2009<em>casse-toi<\/em>\u2009\u00a0\u00bb amplamente divulgado. As imagens veiculadas pela imprensa mostram um ataque verbal, apesar da presen\u00e7a de sua seguran\u00e7a. M\u00eddias como <a href=\"https:\/\/www.femmeactuelle.fr\/actu\/news-actu\/casse-toi-brigitte-macron-insultee-a-son-arrivee-aux-obseques-de-nathalie-baye-2206846\" rel=\"nofollow\">Femme Actuelle<\/a> descreveram a cena, confirmando o impacto imediato na atmosfera da homenagem.<\/p>\n\n<h2 class=\"wp-block-heading\">Divulga\u00e7\u00e3o e rea\u00e7\u00f5es da m\u00eddia: a controv\u00e9rsia nas redes<\/h2>\n\n<p>A sequ\u00eancia rapidamente circulou e gerou coment\u00e1rios fervorosos nas redes sociais, com v\u00eddeos compartilhados no Dailymotion e trechos divulgados por ag\u00eancias de not\u00edcias. O tratamento midi\u00e1tico op\u00f4s respeito pela cerim\u00f4nia e cr\u00edticas \u00e0 atitude dos manifestantes. Um artigo de <a href=\"https:\/\/www.msn.com\/fr-fr\/actualite\/other\/brigitte-macron-vis%C3%A9e-par-des-insultes-lors-des-obs%C3%A8ques-de-nathalie-baye-%C3%A0-paris\/ar-AA21WdYk\" rel=\"nofollow\">MSN<\/a> analisa a repercuss\u00e3o do incidente na esfera p\u00fablica e a <strong>sociedade<\/strong>.<\/p>\n\n<h3 class=\"wp-block-heading\">Homenagem e debate: a mem\u00f3ria de Nathalie Baye diante da confronta\u00e7\u00e3o<\/h3>\n\n<p>A cerim\u00f4nia dedicada a <strong>Nathalie Baye<\/strong>, que faleceu aos 77 anos, visava inicialmente honrar sua carreira e sua fam\u00edlia. Apesar da emo\u00e7\u00e3o, o incidente desviou a aten\u00e7\u00e3o para a conduta do p\u00fablico durante uma <strong>homenagem<\/strong> solene. Os artigos de imprensa e os v\u00eddeos, como os reproduzidos por <a href=\"https:\/\/toptenplay.com\/obseques-de-nathalie-baye-un-hommage-emouvant-terni-par-lincident-brigitte-macron\/2\/\" rel=\"nofollow\">TopTenPlay<\/a>, alimentam uma reflex\u00e3o sobre o respeito aos rituais funer\u00e1rios e os limites da express\u00e3o p\u00fablica em espa\u00e7os fechados.<\/p>\n\n<p>Para melhor compreender o contexto familiar e p\u00fablico envolvendo <strong>Brigitte Macron<\/strong> e as rea\u00e7\u00f5es que ela suscita, descubra biografias e an\u00e1lises detalhadas em <a href=\"https:\/\/www.sebastien-auziere.fr\/blog\/brigitte-macron-tristesse\/\" rel=\"nofollow\">Brigitte Macron e a tristeza<\/a> e sobre o casal presidencial atrav\u00e9s de <a href=\"https:\/\/www.sebastien-auziere.fr\/blog\/brigitte-macron-et-emmanuel-macron\/\" rel=\"nofollow\">Brigitte e Emmanuel Macron<\/a>. Para saber mais sobre <strong>S\u00e9bastien Auzi\u00e8re<\/strong> e a fam\u00edlia Macron, visite <a href=\"https:\/\/www.sebastien-auziere.fr\/blog\/brigitte-macron-tristesse-elysee\/\" rel=\"nofollow\">sebastien-auziere.fr<\/a> e continue a explorar esses momentos p\u00fablicos e privados.<\/p>","protected":false},"excerpt":{"rendered":"<p>Brigitte Macron foi alvo de cr\u00edticas em sua chegada ao funeral de Nathalie Baye em Paris na sexta-feira, 24 de abril de 2026, segundo v\u00e1rios v\u00eddeos e testemunhos. A cena, filmada na frente da igreja Saint-Sulpice, mostra gritos e insultos dirigidos \u00e0 Primeira Dama, alimentando uma intensa controversia sobre o comportamento do p\u00fablico durante um &#8230; <a title=\"Brigitte Macron confrontada com insultos durante o funeral de Nathalie Baye em Paris\" class=\"read-more\" href=\"https:\/\/www.sebastien-auziere.fr\/blog\/pt\/brigitte-macron-confrontada-com-insultos-durante-o-funeral-de-nathalie-baye-em-paris\/\" aria-label=\"En savoir plus sur Brigitte Macron confrontada com insultos durante o funeral de Nathalie Baye em Paris\">Lire plus<\/a><\/p>\n","protected":false},"author":9,"featured_media":3424,"comment_status":"open","ping_status":"open","sticky":false,"template":"","format":"standard","meta":{"footnotes":""},"categories":[862],"tags":[959,4786,4789,4792,4795],"class_list":["post-3434","post","type-post","status-publish","format-standard","has-post-thumbnail","hentry","category-actualidades-pt","tag-brigitte-macron-pt","tag-funerais-pt","tag-insultos-pt","tag-nathalie-baye-pt","tag-paris-pt"],"yoast_head":"<!-- This site is optimized with the Yoast SEO plugin v27.5 - https:\/\/yoast.com\/product\/yoast-seo-wordpress\/ -->\n<title>Brigitte Macron confrontada com insultos durante o funeral de Nathalie Baye em Paris - Fan site S\u00e9bastien Auzi\u00e8re<\/title>\n<meta name=\"description\" content=\"Brigitte Macron vis\u00e9e par des insultes lors des fun\u00e9railles de Nathalie Baye \u00e0 Paris, un moment charg\u00e9 d&#039;\u00e9motion et de tensions.\" \/>\n<meta name=\"robots\" content=\"index, follow, max-snippet:-1, max-image-preview:large, max-video-preview:-1\" \/>\n<link rel=\"canonical\" href=\"https:\/\/www.sebastien-auziere.fr\/blog\/pt\/brigitte-macron-confrontada-com-insultos-durante-o-funeral-de-nathalie-baye-em-paris\/\" \/>\n<meta property=\"og:locale\" content=\"fr_FR\" \/>\n<meta property=\"og:type\" content=\"article\" \/>\n<meta property=\"og:title\" content=\"Brigitte Macron confrontada com insultos durante o funeral de Nathalie Baye em Paris - Fan site S\u00e9bastien Auzi\u00e8re\" \/>\n<meta property=\"og:description\" content=\"Brigitte Macron vis\u00e9e par des insultes lors des fun\u00e9railles de Nathalie Baye \u00e0 Paris, un moment charg\u00e9 d&#039;\u00e9motion et de tensions.\" \/>\n<meta property=\"og:url\" content=\"https:\/\/www.sebastien-auziere.fr\/blog\/pt\/brigitte-macron-confrontada-com-insultos-durante-o-funeral-de-nathalie-baye-em-paris\/\" \/>\n<meta property=\"og:site_name\" content=\"Fan site S\u00e9bastien Auzi\u00e8re\" \/>\n<meta property=\"article:published_time\" content=\"2026-04-29T07:19:28+00:00\" \/>\n<meta property=\"article:modified_time\" content=\"2026-04-29T07:19:50+00:00\" \/>\n<meta property=\"og:image\" content=\"https:\/\/www.sebastien-auziere.fr\/blog\/wp-content\/uploads\/2026\/04\/Brigitte-Macron-confrontee-a-des-insultes-lors-des-funerailles-de-Nathalie-Baye-a-Paris.jpg\" \/>\n\t<meta property=\"og:image:width\" content=\"2560\" \/>\n\t<meta property=\"og:image:height\" content=\"1429\" \/>\n\t<meta property=\"og:image:type\" content=\"image\/jpeg\" \/>\n<meta name=\"author\" content=\"Chloe Gauthier\" \/>\n<meta name=\"twitter:card\" content=\"summary_large_image\" \/>\n<meta name=\"twitter:label1\" content=\"\u00c9crit par\" \/>\n\t<meta name=\"twitter:data1\" content=\"Chloe Gauthier\" \/>\n\t<meta name=\"twitter:label2\" content=\"Dur\u00e9e de lecture estim\u00e9e\" \/>\n\t<meta name=\"twitter:data2\" content=\"2 minutes\" \/>\n<script type=\"application\/ld+json\" class=\"yoast-schema-graph\">{\"@context\":\"https:\\\/\\\/schema.org\",\"@graph\":[{\"@type\":\"Article\",\"@id\":\"https:\\\/\\\/www.sebastien-auziere.fr\\\/blog\\\/pt\\\/brigitte-macron-confrontada-com-insultos-durante-o-funeral-de-nathalie-baye-em-paris\\\/#article\",\"isPartOf\":{\"@id\":\"https:\\\/\\\/www.sebastien-auziere.fr\\\/blog\\\/pt\\\/brigitte-macron-confrontada-com-insultos-durante-o-funeral-de-nathalie-baye-em-paris\\\/\"},\"author\":{\"name\":\"Chloe Gauthier\",\"@id\":\"https:\\\/\\\/www.sebastien-auziere.fr\\\/blog\\\/#\\\/schema\\\/person\\\/149f1acdbfd85149c6c3e59adeae2f4d\"},\"headline\":\"Brigitte Macron confrontada com insultos durante o funeral de Nathalie Baye em Paris\",\"datePublished\":\"2026-04-29T07:19:28+00:00\",\"dateModified\":\"2026-04-29T07:19:50+00:00\",\"mainEntityOfPage\":{\"@id\":\"https:\\\/\\\/www.sebastien-auziere.fr\\\/blog\\\/pt\\\/brigitte-macron-confrontada-com-insultos-durante-o-funeral-de-nathalie-baye-em-paris\\\/\"},\"wordCount\":419,\"commentCount\":0,\"publisher\":{\"@id\":\"https:\\\/\\\/www.sebastien-auziere.fr\\\/blog\\\/#organization\"},\"image\":{\"@id\":\"https:\\\/\\\/www.sebastien-auziere.fr\\\/blog\\\/pt\\\/brigitte-macron-confrontada-com-insultos-durante-o-funeral-de-nathalie-baye-em-paris\\\/#primaryimage\"},\"thumbnailUrl\":\"https:\\\/\\\/www.sebastien-auziere.fr\\\/blog\\\/wp-content\\\/uploads\\\/2026\\\/04\\\/Brigitte-Macron-confrontee-a-des-insultes-lors-des-funerailles-de-Nathalie-Baye-a-Paris.jpg\",\"keywords\":[\"brigitte macron\",\"funerais\",\"insultos\",\"nathalie baye\",\"paris\"],\"articleSection\":[\"Actualidades\"],\"inLanguage\":\"fr-FR\",\"potentialAction\":[{\"@type\":\"CommentAction\",\"name\":\"Comment\",\"target\":[\"https:\\\/\\\/www.sebastien-auziere.fr\\\/blog\\\/pt\\\/brigitte-macron-confrontada-com-insultos-durante-o-funeral-de-nathalie-baye-em-paris\\\/#respond\"]}]},{\"@type\":\"WebPage\",\"@id\":\"https:\\\/\\\/www.sebastien-auziere.fr\\\/blog\\\/pt\\\/brigitte-macron-confrontada-com-insultos-durante-o-funeral-de-nathalie-baye-em-paris\\\/\",\"url\":\"https:\\\/\\\/www.sebastien-auziere.fr\\\/blog\\\/pt\\\/brigitte-macron-confrontada-com-insultos-durante-o-funeral-de-nathalie-baye-em-paris\\\/\",\"name\":\"Brigitte Macron confrontada com insultos durante o funeral de Nathalie Baye em Paris - Fan site S\u00e9bastien Auzi\u00e8re\",\"isPartOf\":{\"@id\":\"https:\\\/\\\/www.sebastien-auziere.fr\\\/blog\\\/#website\"},\"primaryImageOfPage\":{\"@id\":\"https:\\\/\\\/www.sebastien-auziere.fr\\\/blog\\\/pt\\\/brigitte-macron-confrontada-com-insultos-durante-o-funeral-de-nathalie-baye-em-paris\\\/#primaryimage\"},\"image\":{\"@id\":\"https:\\\/\\\/www.sebastien-auziere.fr\\\/blog\\\/pt\\\/brigitte-macron-confrontada-com-insultos-durante-o-funeral-de-nathalie-baye-em-paris\\\/#primaryimage\"},\"thumbnailUrl\":\"https:\\\/\\\/www.sebastien-auziere.fr\\\/blog\\\/wp-content\\\/uploads\\\/2026\\\/04\\\/Brigitte-Macron-confrontee-a-des-insultes-lors-des-funerailles-de-Nathalie-Baye-a-Paris.jpg\",\"datePublished\":\"2026-04-29T07:19:28+00:00\",\"dateModified\":\"2026-04-29T07:19:50+00:00\",\"description\":\"Brigitte Macron vis\u00e9e par des insultes lors des fun\u00e9railles de Nathalie Baye \u00e0 Paris, un moment charg\u00e9 d'\u00e9motion et de tensions.\",\"breadcrumb\":{\"@id\":\"https:\\\/\\\/www.sebastien-auziere.fr\\\/blog\\\/pt\\\/brigitte-macron-confrontada-com-insultos-durante-o-funeral-de-nathalie-baye-em-paris\\\/#breadcrumb\"},\"inLanguage\":\"fr-FR\",\"potentialAction\":[{\"@type\":\"ReadAction\",\"target\":[\"https:\\\/\\\/www.sebastien-auziere.fr\\\/blog\\\/pt\\\/brigitte-macron-confrontada-com-insultos-durante-o-funeral-de-nathalie-baye-em-paris\\\/\"]}]},{\"@type\":\"ImageObject\",\"inLanguage\":\"fr-FR\",\"@id\":\"https:\\\/\\\/www.sebastien-auziere.fr\\\/blog\\\/pt\\\/brigitte-macron-confrontada-com-insultos-durante-o-funeral-de-nathalie-baye-em-paris\\\/#primaryimage\",\"url\":\"https:\\\/\\\/www.sebastien-auziere.fr\\\/blog\\\/wp-content\\\/uploads\\\/2026\\\/04\\\/Brigitte-Macron-confrontee-a-des-insultes-lors-des-funerailles-de-Nathalie-Baye-a-Paris.jpg\",\"contentUrl\":\"https:\\\/\\\/www.sebastien-auziere.fr\\\/blog\\\/wp-content\\\/uploads\\\/2026\\\/04\\\/Brigitte-Macron-confrontee-a-des-insultes-lors-des-funerailles-de-Nathalie-Baye-a-Paris.jpg\",\"width\":2560,\"height\":1429,\"caption\":\"brigitte macron victime d'insultes lors des fun\u00e9railles de nathalie baye \u00e0 paris, un moment de tension in\u00e9dit et bouleversant.\"},{\"@type\":\"BreadcrumbList\",\"@id\":\"https:\\\/\\\/www.sebastien-auziere.fr\\\/blog\\\/pt\\\/brigitte-macron-confrontada-com-insultos-durante-o-funeral-de-nathalie-baye-em-paris\\\/#breadcrumb\",\"itemListElement\":[{\"@type\":\"ListItem\",\"position\":1,\"name\":\"Home\",\"item\":\"https:\\\/\\\/www.sebastien-auziere.fr\\\/blog\\\/\"},{\"@type\":\"ListItem\",\"position\":2,\"name\":\"Brigitte Macron confrontada com insultos durante o funeral de Nathalie Baye em Paris\"}]},{\"@type\":\"WebSite\",\"@id\":\"https:\\\/\\\/www.sebastien-auziere.fr\\\/blog\\\/#website\",\"url\":\"https:\\\/\\\/www.sebastien-auziere.fr\\\/blog\\\/\",\"name\":\"Fan site S\u00e9bastien Auzi\u00e8re\",\"description\":\"M\u00e9dia g\u00e9n\u00e9raliste\",\"publisher\":{\"@id\":\"https:\\\/\\\/www.sebastien-auziere.fr\\\/blog\\\/#organization\"},\"potentialAction\":[{\"@type\":\"SearchAction\",\"target\":{\"@type\":\"EntryPoint\",\"urlTemplate\":\"https:\\\/\\\/www.sebastien-auziere.fr\\\/blog\\\/?s={search_term_string}\"},\"query-input\":{\"@type\":\"PropertyValueSpecification\",\"valueRequired\":true,\"valueName\":\"search_term_string\"}}],\"inLanguage\":\"fr-FR\"},{\"@type\":\"Organization\",\"@id\":\"https:\\\/\\\/www.sebastien-auziere.fr\\\/blog\\\/#organization\",\"name\":\"Fan site S\u00e9bastien Auzi\u00e8re\",\"url\":\"https:\\\/\\\/www.sebastien-auziere.fr\\\/blog\\\/\",\"logo\":{\"@type\":\"ImageObject\",\"inLanguage\":\"fr-FR\",\"@id\":\"https:\\\/\\\/www.sebastien-auziere.fr\\\/blog\\\/#\\\/schema\\\/logo\\\/image\\\/\",\"url\":\"https:\\\/\\\/www.sebastien-auziere.fr\\\/blog\\\/wp-content\\\/uploads\\\/2026\\\/03\\\/cropped-cropped-cropped-ChatGPT-Image-6-mars-2026-12_58_09-e1772798376794.jpg\",\"contentUrl\":\"https:\\\/\\\/www.sebastien-auziere.fr\\\/blog\\\/wp-content\\\/uploads\\\/2026\\\/03\\\/cropped-cropped-cropped-ChatGPT-Image-6-mars-2026-12_58_09-e1772798376794.jpg\",\"width\":512,\"height\":360,\"caption\":\"Fan site S\u00e9bastien Auzi\u00e8re\"},\"image\":{\"@id\":\"https:\\\/\\\/www.sebastien-auziere.fr\\\/blog\\\/#\\\/schema\\\/logo\\\/image\\\/\"}},{\"@type\":\"Person\",\"@id\":\"https:\\\/\\\/www.sebastien-auziere.fr\\\/blog\\\/#\\\/schema\\\/person\\\/149f1acdbfd85149c6c3e59adeae2f4d\",\"name\":\"Chloe Gauthier\",\"image\":{\"@type\":\"ImageObject\",\"inLanguage\":\"fr-FR\",\"@id\":\"https:\\\/\\\/secure.gravatar.com\\\/avatar\\\/2c5722f58171cff738a8985ef0dd66b476e563753246a49019befc837ec4201a?s=96&d=mm&r=g\",\"url\":\"https:\\\/\\\/secure.gravatar.com\\\/avatar\\\/2c5722f58171cff738a8985ef0dd66b476e563753246a49019befc837ec4201a?s=96&d=mm&r=g\",\"contentUrl\":\"https:\\\/\\\/secure.gravatar.com\\\/avatar\\\/2c5722f58171cff738a8985ef0dd66b476e563753246a49019befc837ec4201a?s=96&d=mm&r=g\",\"caption\":\"Chloe Gauthier\"},\"description\":\"Passionn\u00e9e par la politique et admiratrice engag\u00e9e de la famille Macron, je consacre mon \u00e9nergie \u00e0 suivre leurs initiatives et \u00e0 promouvoir leurs id\u00e9es. \u00c0 32 ans, je suis convaincue que leur vision est porteuse d'avenir.\",\"url\":\"https:\\\/\\\/www.sebastien-auziere.fr\\\/blog\\\/author\\\/chloe-gauthier\\\/\"}]}<\/script>\n<!-- \/ Yoast SEO plugin. -->","yoast_head_json":{"title":"Brigitte Macron confrontada com insultos durante o funeral de Nathalie Baye em Paris - Fan site S\u00e9bastien Auzi\u00e8re","description":"Brigitte Macron vis\u00e9e par des insultes lors des fun\u00e9railles de Nathalie Baye \u00e0 Paris, un moment charg\u00e9 d'\u00e9motion et de tensions.","robots":{"index":"index","follow":"follow","max-snippet":"max-snippet:-1","max-image-preview":"max-image-preview:large","max-video-preview":"max-video-preview:-1"},"canonical":"https:\/\/www.sebastien-auziere.fr\/blog\/pt\/brigitte-macron-confrontada-com-insultos-durante-o-funeral-de-nathalie-baye-em-paris\/","og_locale":"fr_FR","og_type":"article","og_title":"Brigitte Macron confrontada com insultos durante o funeral de Nathalie Baye em Paris - Fan site S\u00e9bastien Auzi\u00e8re","og_description":"Brigitte Macron vis\u00e9e par des insultes lors des fun\u00e9railles de Nathalie Baye \u00e0 Paris, un moment charg\u00e9 d'\u00e9motion et de tensions.","og_url":"https:\/\/www.sebastien-auziere.fr\/blog\/pt\/brigitte-macron-confrontada-com-insultos-durante-o-funeral-de-nathalie-baye-em-paris\/","og_site_name":"Fan site S\u00e9bastien Auzi\u00e8re","article_published_time":"2026-04-29T07:19:28+00:00","article_modified_time":"2026-04-29T07:19:50+00:00","og_image":[{"width":2560,"height":1429,"url":"https:\/\/www.sebastien-auziere.fr\/blog\/wp-content\/uploads\/2026\/04\/Brigitte-Macron-confrontee-a-des-insultes-lors-des-funerailles-de-Nathalie-Baye-a-Paris.jpg","type":"image\/jpeg"}],"author":"Chloe Gauthier","twitter_card":"summary_large_image","twitter_misc":{"\u00c9crit par":"Chloe Gauthier","Dur\u00e9e de lecture estim\u00e9e":"2 minutes"},"schema":{"@context":"https:\/\/schema.org","@graph":[{"@type":"Article","@id":"https:\/\/www.sebastien-auziere.fr\/blog\/pt\/brigitte-macron-confrontada-com-insultos-durante-o-funeral-de-nathalie-baye-em-paris\/#article","isPartOf":{"@id":"https:\/\/www.sebastien-auziere.fr\/blog\/pt\/brigitte-macron-confrontada-com-insultos-durante-o-funeral-de-nathalie-baye-em-paris\/"},"author":{"name":"Chloe Gauthier","@id":"https:\/\/www.sebastien-auziere.fr\/blog\/#\/schema\/person\/149f1acdbfd85149c6c3e59adeae2f4d"},"headline":"Brigitte Macron confrontada com insultos durante o funeral de Nathalie Baye em Paris","datePublished":"2026-04-29T07:19:28+00:00","dateModified":"2026-04-29T07:19:50+00:00","mainEntityOfPage":{"@id":"https:\/\/www.sebastien-auziere.fr\/blog\/pt\/brigitte-macron-confrontada-com-insultos-durante-o-funeral-de-nathalie-baye-em-paris\/"},"wordCount":419,"commentCount":0,"publisher":{"@id":"https:\/\/www.sebastien-auziere.fr\/blog\/#organization"},"image":{"@id":"https:\/\/www.sebastien-auziere.fr\/blog\/pt\/brigitte-macron-confrontada-com-insultos-durante-o-funeral-de-nathalie-baye-em-paris\/#primaryimage"},"thumbnailUrl":"https:\/\/www.sebastien-auziere.fr\/blog\/wp-content\/uploads\/2026\/04\/Brigitte-Macron-confrontee-a-des-insultes-lors-des-funerailles-de-Nathalie-Baye-a-Paris.jpg","keywords":["brigitte macron","funerais","insultos","nathalie baye","paris"],"articleSection":["Actualidades"],"inLanguage":"fr-FR","potentialAction":[{"@type":"CommentAction","name":"Comment","target":["https:\/\/www.sebastien-auziere.fr\/blog\/pt\/brigitte-macron-confrontada-com-insultos-durante-o-funeral-de-nathalie-baye-em-paris\/#respond"]}]},{"@type":"WebPage","@id":"https:\/\/www.sebastien-auziere.fr\/blog\/pt\/brigitte-macron-confrontada-com-insultos-durante-o-funeral-de-nathalie-baye-em-paris\/","url":"https:\/\/www.sebastien-auziere.fr\/blog\/pt\/brigitte-macron-confrontada-com-insultos-durante-o-funeral-de-nathalie-baye-em-paris\/","name":"Brigitte Macron confrontada com insultos durante o funeral de Nathalie Baye em Paris - Fan site S\u00e9bastien Auzi\u00e8re","isPartOf":{"@id":"https:\/\/www.sebastien-auziere.fr\/blog\/#website"},"primaryImageOfPage":{"@id":"https:\/\/www.sebastien-auziere.fr\/blog\/pt\/brigitte-macron-confrontada-com-insultos-durante-o-funeral-de-nathalie-baye-em-paris\/#primaryimage"},"image":{"@id":"https:\/\/www.sebastien-auziere.fr\/blog\/pt\/brigitte-macron-confrontada-com-insultos-durante-o-funeral-de-nathalie-baye-em-paris\/#primaryimage"},"thumbnailUrl":"https:\/\/www.sebastien-auziere.fr\/blog\/wp-content\/uploads\/2026\/04\/Brigitte-Macron-confrontee-a-des-insultes-lors-des-funerailles-de-Nathalie-Baye-a-Paris.jpg","datePublished":"2026-04-29T07:19:28+00:00","dateModified":"2026-04-29T07:19:50+00:00","description":"Brigitte Macron vis\u00e9e par des insultes lors des fun\u00e9railles de Nathalie Baye \u00e0 Paris, un moment charg\u00e9 d'\u00e9motion et de tensions.","breadcrumb":{"@id":"https:\/\/www.sebastien-auziere.fr\/blog\/pt\/brigitte-macron-confrontada-com-insultos-durante-o-funeral-de-nathalie-baye-em-paris\/#breadcrumb"},"inLanguage":"fr-FR","potentialAction":[{"@type":"ReadAction","target":["https:\/\/www.sebastien-auziere.fr\/blog\/pt\/brigitte-macron-confrontada-com-insultos-durante-o-funeral-de-nathalie-baye-em-paris\/"]}]},{"@type":"ImageObject","inLanguage":"fr-FR","@id":"https:\/\/www.sebastien-auziere.fr\/blog\/pt\/brigitte-macron-confrontada-com-insultos-durante-o-funeral-de-nathalie-baye-em-paris\/#primaryimage","url":"https:\/\/www.sebastien-auziere.fr\/blog\/wp-content\/uploads\/2026\/04\/Brigitte-Macron-confrontee-a-des-insultes-lors-des-funerailles-de-Nathalie-Baye-a-Paris.jpg","contentUrl":"https:\/\/www.sebastien-auziere.fr\/blog\/wp-content\/uploads\/2026\/04\/Brigitte-Macron-confrontee-a-des-insultes-lors-des-funerailles-de-Nathalie-Baye-a-Paris.jpg","width":2560,"height":1429,"caption":"brigitte macron victime d'insultes lors des fun\u00e9railles de nathalie baye \u00e0 paris, un moment de tension in\u00e9dit et bouleversant."},{"@type":"BreadcrumbList","@id":"https:\/\/www.sebastien-auziere.fr\/blog\/pt\/brigitte-macron-confrontada-com-insultos-durante-o-funeral-de-nathalie-baye-em-paris\/#breadcrumb","itemListElement":[{"@type":"ListItem","position":1,"name":"Home","item":"https:\/\/www.sebastien-auziere.fr\/blog\/"},{"@type":"ListItem","position":2,"name":"Brigitte Macron confrontada com insultos durante o funeral de Nathalie Baye em Paris"}]},{"@type":"WebSite","@id":"https:\/\/www.sebastien-auziere.fr\/blog\/#website","url":"https:\/\/www.sebastien-auziere.fr\/blog\/","name":"Fan site S\u00e9bastien Auzi\u00e8re","description":"M\u00e9dia g\u00e9n\u00e9raliste","publisher":{"@id":"https:\/\/www.sebastien-auziere.fr\/blog\/#organization"},"potentialAction":[{"@type":"SearchAction","target":{"@type":"EntryPoint","urlTemplate":"https:\/\/www.sebastien-auziere.fr\/blog\/?s={search_term_string}"},"query-input":{"@type":"PropertyValueSpecification","valueRequired":true,"valueName":"search_term_string"}}],"inLanguage":"fr-FR"},{"@type":"Organization","@id":"https:\/\/www.sebastien-auziere.fr\/blog\/#organization","name":"Fan site S\u00e9bastien Auzi\u00e8re","url":"https:\/\/www.sebastien-auziere.fr\/blog\/","logo":{"@type":"ImageObject","inLanguage":"fr-FR","@id":"https:\/\/www.sebastien-auziere.fr\/blog\/#\/schema\/logo\/image\/","url":"https:\/\/www.sebastien-auziere.fr\/blog\/wp-content\/uploads\/2026\/03\/cropped-cropped-cropped-ChatGPT-Image-6-mars-2026-12_58_09-e1772798376794.jpg","contentUrl":"https:\/\/www.sebastien-auziere.fr\/blog\/wp-content\/uploads\/2026\/03\/cropped-cropped-cropped-ChatGPT-Image-6-mars-2026-12_58_09-e1772798376794.jpg","width":512,"height":360,"caption":"Fan site S\u00e9bastien Auzi\u00e8re"},"image":{"@id":"https:\/\/www.sebastien-auziere.fr\/blog\/#\/schema\/logo\/image\/"}},{"@type":"Person","@id":"https:\/\/www.sebastien-auziere.fr\/blog\/#\/schema\/person\/149f1acdbfd85149c6c3e59adeae2f4d","name":"Chloe Gauthier","image":{"@type":"ImageObject","inLanguage":"fr-FR","@id":"https:\/\/secure.gravatar.com\/avatar\/2c5722f58171cff738a8985ef0dd66b476e563753246a49019befc837ec4201a?s=96&d=mm&r=g","url":"https:\/\/secure.gravatar.com\/avatar\/2c5722f58171cff738a8985ef0dd66b476e563753246a49019befc837ec4201a?s=96&d=mm&r=g","contentUrl":"https:\/\/secure.gravatar.com\/avatar\/2c5722f58171cff738a8985ef0dd66b476e563753246a49019befc837ec4201a?s=96&d=mm&r=g","caption":"Chloe Gauthier"},"description":"Passionn\u00e9e par la politique et admiratrice engag\u00e9e de la famille Macron, je consacre mon \u00e9nergie \u00e0 suivre leurs initiatives et \u00e0 promouvoir leurs id\u00e9es. \u00c0 32 ans, je suis convaincue que leur vision est porteuse d'avenir.","url":"https:\/\/www.sebastien-auziere.fr\/blog\/author\/chloe-gauthier\/"}]}},"views":0,"_links":{"self":[{"href":"https:\/\/www.sebastien-auziere.fr\/blog\/wp-json\/wp\/v2\/posts\/3434","targetHints":{"allow":["GET"]}}],"collection":[{"href":"https:\/\/www.sebastien-auziere.fr\/blog\/wp-json\/wp\/v2\/posts"}],"about":[{"href":"https:\/\/www.sebastien-auziere.fr\/blog\/wp-json\/wp\/v2\/types\/post"}],"author":[{"embeddable":true,"href":"https:\/\/www.sebastien-auziere.fr\/blog\/wp-json\/wp\/v2\/users\/9"}],"replies":[{"embeddable":true,"href":"https:\/\/www.sebastien-auziere.fr\/blog\/wp-json\/wp\/v2\/comments?post=3434"}],"version-history":[{"count":1,"href":"https:\/\/www.sebastien-auziere.fr\/blog\/wp-json\/wp\/v2\/posts\/3434\/revisions"}],"predecessor-version":[{"id":3435,"href":"https:\/\/www.sebastien-auziere.fr\/blog\/wp-json\/wp\/v2\/posts\/3434\/revisions\/3435"}],"wp:featuredmedia":[{"embeddable":true,"href":"https:\/\/www.sebastien-auziere.fr\/blog\/wp-json\/wp\/v2\/media\/3424"}],"wp:attachment":[{"href":"https:\/\/www.sebastien-auziere.fr\/blog\/wp-json\/wp\/v2\/media?parent=3434"}],"wp:term":[{"taxonomy":"category","embeddable":true,"href":"https:\/\/www.sebastien-auziere.fr\/blog\/wp-json\/wp\/v2\/categories?post=3434"},{"taxonomy":"post_tag","embeddable":true,"href":"https:\/\/www.sebastien-auziere.fr\/blog\/wp-json\/wp\/v2\/tags?post=3434"}],"curies":[{"name":"wp","href":"https:\/\/api.w.org\/{rel}","templated":true}]}}