{"id":3432,"date":"2026-04-29T07:18:50","date_gmt":"2026-04-29T07:18:50","guid":{"rendered":"https:\/\/www.sebastien-auziere.fr\/blog\/?p=3432"},"modified":"2026-04-29T07:19:16","modified_gmt":"2026-04-29T07:19:16","slug":"brigitte-macron-confrontata-da-insulti-durante-i-funerali-di-nathalie-baye-a-parigi","status":"publish","type":"post","link":"https:\/\/www.sebastien-auziere.fr\/blog\/it\/brigitte-macron-confrontata-da-insulti-durante-i-funerali-di-nathalie-baye-a-parigi\/","title":{"rendered":"Brigitte Macron confrontata da insulti durante i funerali di Nathalie Baye a Parigi"},"content":{"rendered":"<p><strong>Brigitte Macron<\/strong> \u00e8 stata presa a parte al suo arrivo ai funerali di <strong>Nathalie Baye<\/strong> a <strong>Parigi<\/strong> venerd\u00ec 24 aprile 2026, secondo numerosi video e testimonianze. La scena, filmata davanti alla chiesa di Saint-Sulpice, mostra urla e <strong>insulti<\/strong> diretti verso la Prima donna, alimentando una accesa <strong>controversia<\/strong> sul comportamento del pubblico durante un <strong>evento pubblico<\/strong>.<\/p>\n\n<p><strong>In breve<\/strong>: arrivo di <strong>Brigitte Macron<\/strong> ai funerali di <strong>Nathalie Baye<\/strong>, urla catturate e condivise sui social, reazioni mediatiche e dibattito sul rispetto dei <strong>funerali<\/strong> e della figura pubblica. La cerimonia, caratterizzata da un toccante <strong>omaggio<\/strong>, \u00e8 rapidamente sfociata in una confronto rilanciato dalla stampa nazionale.<\/p>\n\n<h2 class=\"wp-block-heading\">Arrivo a Saint-Sulpice: insulti contro Brigitte Macron durante i funerali<\/h2>\n\n<p>Al suo arrivo alla chiesa di Saint-Sulpice, la presenza di <strong>Brigitte Macron<\/strong> ha scatenato urla ostili, tra cui un \u00ab\u2009<em>vattene<\/em>\u2009\u00bb ampiamente rilanciato. Le immagini diffuse dalla stampa mostrano un&rsquo;aggressione verbale, nonostante la presenza del suo entourage. Media come <a href=\"https:\/\/www.femmeactuelle.fr\/actu\/news-actu\/casse-toi-brigitte-macron-insultee-a-son-arrivee-aux-obseques-de-nathalie-baye-2206846\" rel=\"nofollow\">Femme Actuelle<\/a> hanno descritto la scena, confermando l&rsquo;impatto immediato sulla atmosfera dell&rsquo;omaggio.<\/p>\n\n<h2 class=\"wp-block-heading\">Diffusione e reazioni mediatiche: la controversia sui social<\/h2>\n\n<p>Il segmento \u00e8 rapidamente circolato e ha generato commenti infuocati sui social media, con video condivisi su Dailymotion e estratti rilanciati da agenzie di informazione. Il trattamento mediatico ha contrapposto rispetto per la cerimonia e critica per l&rsquo;attitudine dei manifestanti. Un articolo di <a href=\"https:\/\/www.msn.com\/fr-fr\/actualite\/other\/brigitte-macron-vis%C3%A9e-par-des-insultes-lors-des-obs%C3%A8ques-de-nathalie-baye-%C3%A0-paris\/ar-AA21WdYk\" rel=\"nofollow\">MSN<\/a> analizza la portata dell&rsquo;incidente per la sfera pubblica e la <strong>societ\u00e0<\/strong>.<\/p>\n\n<h3 class=\"wp-block-heading\">Omaggio e dibattito: la memoria di Nathalie Baye di fronte alla confrontazione<\/h3>\n\n<p>La cerimonia dedicata a <strong>Nathalie Baye<\/strong>, deceduta a 77 anni, mirava prima di tutto a onorare la sua carriera e la sua famiglia. Nonostante l&#8217;emozione, l&rsquo;incidente ha spostato l&rsquo;attenzione sulla condotta del pubblico durante un <strong>omaggio<\/strong> solenne. Gli articoli di stampa e i video, come quelli riportati da <a href=\"https:\/\/toptenplay.com\/obseques-de-nathalie-baye-un-hommage-emouvant-terni-par-lincident-brigitte-macron\/2\/\" rel=\"nofollow\">TopTenPlay<\/a>, alimentano una riflessione sul rispetto dei riti funebri e sui limiti dell&rsquo;espressione pubblica in spazi chiusi.<\/p>\n\n<p>Per comprendere meglio il contesto familiare e pubblico che circonda <strong>Brigitte Macron<\/strong> e le reazioni che suscita, scopri biografie e analisi dettagliate su <a href=\"https:\/\/www.sebastien-auziere.fr\/blog\/brigitte-macron-tristesse\/\" rel=\"nofollow\">Brigitte Macron e la tristezza<\/a> e sulla coppia presidenziale tramite <a href=\"https:\/\/www.sebastien-auziere.fr\/blog\/brigitte-macron-et-emmanuel-macron\/\" rel=\"nofollow\">Brigitte ed Emmanuel Macron<\/a>. Per saperne di pi\u00f9 su <strong>S\u00e9bastien Auzi\u00e8re<\/strong> e la famiglia Macron, visita <a href=\"https:\/\/www.sebastien-auziere.fr\/blog\/brigitte-macron-tristesse-elysee\/\" rel=\"nofollow\">sebastien-auziere.fr<\/a> e continua ad esplorare questi momenti pubblici e privati.<\/p>","protected":false},"excerpt":{"rendered":"<p>Brigitte Macron \u00e8 stata presa a parte al suo arrivo ai funerali di Nathalie Baye a Parigi venerd\u00ec 24 aprile 2026, secondo numerosi video e testimonianze. La scena, filmata davanti alla chiesa di Saint-Sulpice, mostra urla e insulti diretti verso la Prima donna, alimentando una accesa controversia sul comportamento del pubblico durante un evento pubblico. &#8230; <a title=\"Brigitte Macron confrontata da insulti durante i funerali di Nathalie Baye a Parigi\" class=\"read-more\" href=\"https:\/\/www.sebastien-auziere.fr\/blog\/it\/brigitte-macron-confrontata-da-insulti-durante-i-funerali-di-nathalie-baye-a-parigi\/\" aria-label=\"En savoir plus sur Brigitte Macron confrontata da insulti durante i funerali di Nathalie Baye a Parigi\">Lire plus<\/a><\/p>\n","protected":false},"author":9,"featured_media":3424,"comment_status":"open","ping_status":"open","sticky":false,"template":"","format":"standard","meta":{"footnotes":""},"categories":[859],"tags":[944,4774,4777,4780,4783],"class_list":["post-3432","post","type-post","status-publish","format-standard","has-post-thumbnail","hentry","category-actualita-it","tag-brigitte-macron-it","tag-funerali-it","tag-insulti-it","tag-nathalie-baye-it","tag-parigi-it"],"yoast_head":"<!-- This site is optimized with the Yoast SEO plugin v27.5 - https:\/\/yoast.com\/product\/yoast-seo-wordpress\/ -->\n<title>Brigitte Macron confrontata da insulti durante i funerali di Nathalie Baye a Parigi - Fan site S\u00e9bastien Auzi\u00e8re<\/title>\n<meta name=\"description\" content=\"Brigitte Macron vis\u00e9e par des insultes lors des fun\u00e9railles de Nathalie Baye \u00e0 Paris, un moment charg\u00e9 d&#039;\u00e9motion et de tensions.\" \/>\n<meta name=\"robots\" content=\"index, follow, max-snippet:-1, max-image-preview:large, max-video-preview:-1\" \/>\n<link rel=\"canonical\" href=\"https:\/\/www.sebastien-auziere.fr\/blog\/it\/brigitte-macron-confrontata-da-insulti-durante-i-funerali-di-nathalie-baye-a-parigi\/\" \/>\n<meta property=\"og:locale\" content=\"fr_FR\" \/>\n<meta property=\"og:type\" content=\"article\" \/>\n<meta property=\"og:title\" content=\"Brigitte Macron confrontata da insulti durante i funerali di Nathalie Baye a Parigi - Fan site S\u00e9bastien Auzi\u00e8re\" \/>\n<meta property=\"og:description\" content=\"Brigitte Macron vis\u00e9e par des insultes lors des fun\u00e9railles de Nathalie Baye \u00e0 Paris, un moment charg\u00e9 d&#039;\u00e9motion et de tensions.\" \/>\n<meta property=\"og:url\" content=\"https:\/\/www.sebastien-auziere.fr\/blog\/it\/brigitte-macron-confrontata-da-insulti-durante-i-funerali-di-nathalie-baye-a-parigi\/\" \/>\n<meta property=\"og:site_name\" content=\"Fan site S\u00e9bastien Auzi\u00e8re\" \/>\n<meta property=\"article:published_time\" content=\"2026-04-29T07:18:50+00:00\" \/>\n<meta property=\"article:modified_time\" content=\"2026-04-29T07:19:16+00:00\" \/>\n<meta property=\"og:image\" content=\"https:\/\/www.sebastien-auziere.fr\/blog\/wp-content\/uploads\/2026\/04\/Brigitte-Macron-confrontee-a-des-insultes-lors-des-funerailles-de-Nathalie-Baye-a-Paris.jpg\" \/>\n\t<meta property=\"og:image:width\" content=\"2560\" \/>\n\t<meta property=\"og:image:height\" content=\"1429\" \/>\n\t<meta property=\"og:image:type\" content=\"image\/jpeg\" \/>\n<meta name=\"author\" content=\"Chloe Gauthier\" \/>\n<meta name=\"twitter:card\" content=\"summary_large_image\" \/>\n<meta name=\"twitter:label1\" content=\"\u00c9crit par\" \/>\n\t<meta name=\"twitter:data1\" content=\"Chloe Gauthier\" \/>\n\t<meta name=\"twitter:label2\" content=\"Dur\u00e9e de lecture estim\u00e9e\" \/>\n\t<meta name=\"twitter:data2\" content=\"2 minutes\" \/>\n<script type=\"application\/ld+json\" class=\"yoast-schema-graph\">{\"@context\":\"https:\\\/\\\/schema.org\",\"@graph\":[{\"@type\":\"Article\",\"@id\":\"https:\\\/\\\/www.sebastien-auziere.fr\\\/blog\\\/it\\\/brigitte-macron-confrontata-da-insulti-durante-i-funerali-di-nathalie-baye-a-parigi\\\/#article\",\"isPartOf\":{\"@id\":\"https:\\\/\\\/www.sebastien-auziere.fr\\\/blog\\\/it\\\/brigitte-macron-confrontata-da-insulti-durante-i-funerali-di-nathalie-baye-a-parigi\\\/\"},\"author\":{\"name\":\"Chloe Gauthier\",\"@id\":\"https:\\\/\\\/www.sebastien-auziere.fr\\\/blog\\\/#\\\/schema\\\/person\\\/149f1acdbfd85149c6c3e59adeae2f4d\"},\"headline\":\"Brigitte Macron confrontata da insulti durante i funerali di Nathalie Baye a Parigi\",\"datePublished\":\"2026-04-29T07:18:50+00:00\",\"dateModified\":\"2026-04-29T07:19:16+00:00\",\"mainEntityOfPage\":{\"@id\":\"https:\\\/\\\/www.sebastien-auziere.fr\\\/blog\\\/it\\\/brigitte-macron-confrontata-da-insulti-durante-i-funerali-di-nathalie-baye-a-parigi\\\/\"},\"wordCount\":370,\"commentCount\":0,\"publisher\":{\"@id\":\"https:\\\/\\\/www.sebastien-auziere.fr\\\/blog\\\/#organization\"},\"image\":{\"@id\":\"https:\\\/\\\/www.sebastien-auziere.fr\\\/blog\\\/it\\\/brigitte-macron-confrontata-da-insulti-durante-i-funerali-di-nathalie-baye-a-parigi\\\/#primaryimage\"},\"thumbnailUrl\":\"https:\\\/\\\/www.sebastien-auziere.fr\\\/blog\\\/wp-content\\\/uploads\\\/2026\\\/04\\\/Brigitte-Macron-confrontee-a-des-insultes-lors-des-funerailles-de-Nathalie-Baye-a-Paris.jpg\",\"keywords\":[\"brigitte macron\",\"funerali\",\"insulti\",\"nathalie baye\",\"parigi\"],\"articleSection\":[\"Actualit\u00e0\"],\"inLanguage\":\"fr-FR\",\"potentialAction\":[{\"@type\":\"CommentAction\",\"name\":\"Comment\",\"target\":[\"https:\\\/\\\/www.sebastien-auziere.fr\\\/blog\\\/it\\\/brigitte-macron-confrontata-da-insulti-durante-i-funerali-di-nathalie-baye-a-parigi\\\/#respond\"]}]},{\"@type\":\"WebPage\",\"@id\":\"https:\\\/\\\/www.sebastien-auziere.fr\\\/blog\\\/it\\\/brigitte-macron-confrontata-da-insulti-durante-i-funerali-di-nathalie-baye-a-parigi\\\/\",\"url\":\"https:\\\/\\\/www.sebastien-auziere.fr\\\/blog\\\/it\\\/brigitte-macron-confrontata-da-insulti-durante-i-funerali-di-nathalie-baye-a-parigi\\\/\",\"name\":\"Brigitte Macron confrontata da insulti durante i funerali di Nathalie Baye a Parigi - Fan site S\u00e9bastien Auzi\u00e8re\",\"isPartOf\":{\"@id\":\"https:\\\/\\\/www.sebastien-auziere.fr\\\/blog\\\/#website\"},\"primaryImageOfPage\":{\"@id\":\"https:\\\/\\\/www.sebastien-auziere.fr\\\/blog\\\/it\\\/brigitte-macron-confrontata-da-insulti-durante-i-funerali-di-nathalie-baye-a-parigi\\\/#primaryimage\"},\"image\":{\"@id\":\"https:\\\/\\\/www.sebastien-auziere.fr\\\/blog\\\/it\\\/brigitte-macron-confrontata-da-insulti-durante-i-funerali-di-nathalie-baye-a-parigi\\\/#primaryimage\"},\"thumbnailUrl\":\"https:\\\/\\\/www.sebastien-auziere.fr\\\/blog\\\/wp-content\\\/uploads\\\/2026\\\/04\\\/Brigitte-Macron-confrontee-a-des-insultes-lors-des-funerailles-de-Nathalie-Baye-a-Paris.jpg\",\"datePublished\":\"2026-04-29T07:18:50+00:00\",\"dateModified\":\"2026-04-29T07:19:16+00:00\",\"description\":\"Brigitte Macron vis\u00e9e par des insultes lors des fun\u00e9railles de Nathalie Baye \u00e0 Paris, un moment charg\u00e9 d'\u00e9motion et de tensions.\",\"breadcrumb\":{\"@id\":\"https:\\\/\\\/www.sebastien-auziere.fr\\\/blog\\\/it\\\/brigitte-macron-confrontata-da-insulti-durante-i-funerali-di-nathalie-baye-a-parigi\\\/#breadcrumb\"},\"inLanguage\":\"fr-FR\",\"potentialAction\":[{\"@type\":\"ReadAction\",\"target\":[\"https:\\\/\\\/www.sebastien-auziere.fr\\\/blog\\\/it\\\/brigitte-macron-confrontata-da-insulti-durante-i-funerali-di-nathalie-baye-a-parigi\\\/\"]}]},{\"@type\":\"ImageObject\",\"inLanguage\":\"fr-FR\",\"@id\":\"https:\\\/\\\/www.sebastien-auziere.fr\\\/blog\\\/it\\\/brigitte-macron-confrontata-da-insulti-durante-i-funerali-di-nathalie-baye-a-parigi\\\/#primaryimage\",\"url\":\"https:\\\/\\\/www.sebastien-auziere.fr\\\/blog\\\/wp-content\\\/uploads\\\/2026\\\/04\\\/Brigitte-Macron-confrontee-a-des-insultes-lors-des-funerailles-de-Nathalie-Baye-a-Paris.jpg\",\"contentUrl\":\"https:\\\/\\\/www.sebastien-auziere.fr\\\/blog\\\/wp-content\\\/uploads\\\/2026\\\/04\\\/Brigitte-Macron-confrontee-a-des-insultes-lors-des-funerailles-de-Nathalie-Baye-a-Paris.jpg\",\"width\":2560,\"height\":1429,\"caption\":\"brigitte macron victime d'insultes lors des fun\u00e9railles de nathalie baye \u00e0 paris, un moment de tension in\u00e9dit et bouleversant.\"},{\"@type\":\"BreadcrumbList\",\"@id\":\"https:\\\/\\\/www.sebastien-auziere.fr\\\/blog\\\/it\\\/brigitte-macron-confrontata-da-insulti-durante-i-funerali-di-nathalie-baye-a-parigi\\\/#breadcrumb\",\"itemListElement\":[{\"@type\":\"ListItem\",\"position\":1,\"name\":\"Home\",\"item\":\"https:\\\/\\\/www.sebastien-auziere.fr\\\/blog\\\/\"},{\"@type\":\"ListItem\",\"position\":2,\"name\":\"Brigitte Macron confrontata da insulti durante i funerali di Nathalie Baye a Parigi\"}]},{\"@type\":\"WebSite\",\"@id\":\"https:\\\/\\\/www.sebastien-auziere.fr\\\/blog\\\/#website\",\"url\":\"https:\\\/\\\/www.sebastien-auziere.fr\\\/blog\\\/\",\"name\":\"Fan site S\u00e9bastien Auzi\u00e8re\",\"description\":\"M\u00e9dia g\u00e9n\u00e9raliste\",\"publisher\":{\"@id\":\"https:\\\/\\\/www.sebastien-auziere.fr\\\/blog\\\/#organization\"},\"potentialAction\":[{\"@type\":\"SearchAction\",\"target\":{\"@type\":\"EntryPoint\",\"urlTemplate\":\"https:\\\/\\\/www.sebastien-auziere.fr\\\/blog\\\/?s={search_term_string}\"},\"query-input\":{\"@type\":\"PropertyValueSpecification\",\"valueRequired\":true,\"valueName\":\"search_term_string\"}}],\"inLanguage\":\"fr-FR\"},{\"@type\":\"Organization\",\"@id\":\"https:\\\/\\\/www.sebastien-auziere.fr\\\/blog\\\/#organization\",\"name\":\"Fan site S\u00e9bastien Auzi\u00e8re\",\"url\":\"https:\\\/\\\/www.sebastien-auziere.fr\\\/blog\\\/\",\"logo\":{\"@type\":\"ImageObject\",\"inLanguage\":\"fr-FR\",\"@id\":\"https:\\\/\\\/www.sebastien-auziere.fr\\\/blog\\\/#\\\/schema\\\/logo\\\/image\\\/\",\"url\":\"https:\\\/\\\/www.sebastien-auziere.fr\\\/blog\\\/wp-content\\\/uploads\\\/2026\\\/03\\\/cropped-cropped-cropped-ChatGPT-Image-6-mars-2026-12_58_09-e1772798376794.jpg\",\"contentUrl\":\"https:\\\/\\\/www.sebastien-auziere.fr\\\/blog\\\/wp-content\\\/uploads\\\/2026\\\/03\\\/cropped-cropped-cropped-ChatGPT-Image-6-mars-2026-12_58_09-e1772798376794.jpg\",\"width\":512,\"height\":360,\"caption\":\"Fan site S\u00e9bastien Auzi\u00e8re\"},\"image\":{\"@id\":\"https:\\\/\\\/www.sebastien-auziere.fr\\\/blog\\\/#\\\/schema\\\/logo\\\/image\\\/\"}},{\"@type\":\"Person\",\"@id\":\"https:\\\/\\\/www.sebastien-auziere.fr\\\/blog\\\/#\\\/schema\\\/person\\\/149f1acdbfd85149c6c3e59adeae2f4d\",\"name\":\"Chloe Gauthier\",\"image\":{\"@type\":\"ImageObject\",\"inLanguage\":\"fr-FR\",\"@id\":\"https:\\\/\\\/secure.gravatar.com\\\/avatar\\\/2c5722f58171cff738a8985ef0dd66b476e563753246a49019befc837ec4201a?s=96&d=mm&r=g\",\"url\":\"https:\\\/\\\/secure.gravatar.com\\\/avatar\\\/2c5722f58171cff738a8985ef0dd66b476e563753246a49019befc837ec4201a?s=96&d=mm&r=g\",\"contentUrl\":\"https:\\\/\\\/secure.gravatar.com\\\/avatar\\\/2c5722f58171cff738a8985ef0dd66b476e563753246a49019befc837ec4201a?s=96&d=mm&r=g\",\"caption\":\"Chloe Gauthier\"},\"description\":\"Passionn\u00e9e par la politique et admiratrice engag\u00e9e de la famille Macron, je consacre mon \u00e9nergie \u00e0 suivre leurs initiatives et \u00e0 promouvoir leurs id\u00e9es. \u00c0 32 ans, je suis convaincue que leur vision est porteuse d'avenir.\",\"url\":\"https:\\\/\\\/www.sebastien-auziere.fr\\\/blog\\\/author\\\/chloe-gauthier\\\/\"}]}<\/script>\n<!-- \/ Yoast SEO plugin. -->","yoast_head_json":{"title":"Brigitte Macron confrontata da insulti durante i funerali di Nathalie Baye a Parigi - Fan site S\u00e9bastien Auzi\u00e8re","description":"Brigitte Macron vis\u00e9e par des insultes lors des fun\u00e9railles de Nathalie Baye \u00e0 Paris, un moment charg\u00e9 d'\u00e9motion et de tensions.","robots":{"index":"index","follow":"follow","max-snippet":"max-snippet:-1","max-image-preview":"max-image-preview:large","max-video-preview":"max-video-preview:-1"},"canonical":"https:\/\/www.sebastien-auziere.fr\/blog\/it\/brigitte-macron-confrontata-da-insulti-durante-i-funerali-di-nathalie-baye-a-parigi\/","og_locale":"fr_FR","og_type":"article","og_title":"Brigitte Macron confrontata da insulti durante i funerali di Nathalie Baye a Parigi - Fan site S\u00e9bastien Auzi\u00e8re","og_description":"Brigitte Macron vis\u00e9e par des insultes lors des fun\u00e9railles de Nathalie Baye \u00e0 Paris, un moment charg\u00e9 d'\u00e9motion et de tensions.","og_url":"https:\/\/www.sebastien-auziere.fr\/blog\/it\/brigitte-macron-confrontata-da-insulti-durante-i-funerali-di-nathalie-baye-a-parigi\/","og_site_name":"Fan site S\u00e9bastien Auzi\u00e8re","article_published_time":"2026-04-29T07:18:50+00:00","article_modified_time":"2026-04-29T07:19:16+00:00","og_image":[{"width":2560,"height":1429,"url":"https:\/\/www.sebastien-auziere.fr\/blog\/wp-content\/uploads\/2026\/04\/Brigitte-Macron-confrontee-a-des-insultes-lors-des-funerailles-de-Nathalie-Baye-a-Paris.jpg","type":"image\/jpeg"}],"author":"Chloe Gauthier","twitter_card":"summary_large_image","twitter_misc":{"\u00c9crit par":"Chloe Gauthier","Dur\u00e9e de lecture estim\u00e9e":"2 minutes"},"schema":{"@context":"https:\/\/schema.org","@graph":[{"@type":"Article","@id":"https:\/\/www.sebastien-auziere.fr\/blog\/it\/brigitte-macron-confrontata-da-insulti-durante-i-funerali-di-nathalie-baye-a-parigi\/#article","isPartOf":{"@id":"https:\/\/www.sebastien-auziere.fr\/blog\/it\/brigitte-macron-confrontata-da-insulti-durante-i-funerali-di-nathalie-baye-a-parigi\/"},"author":{"name":"Chloe Gauthier","@id":"https:\/\/www.sebastien-auziere.fr\/blog\/#\/schema\/person\/149f1acdbfd85149c6c3e59adeae2f4d"},"headline":"Brigitte Macron confrontata da insulti durante i funerali di Nathalie Baye a Parigi","datePublished":"2026-04-29T07:18:50+00:00","dateModified":"2026-04-29T07:19:16+00:00","mainEntityOfPage":{"@id":"https:\/\/www.sebastien-auziere.fr\/blog\/it\/brigitte-macron-confrontata-da-insulti-durante-i-funerali-di-nathalie-baye-a-parigi\/"},"wordCount":370,"commentCount":0,"publisher":{"@id":"https:\/\/www.sebastien-auziere.fr\/blog\/#organization"},"image":{"@id":"https:\/\/www.sebastien-auziere.fr\/blog\/it\/brigitte-macron-confrontata-da-insulti-durante-i-funerali-di-nathalie-baye-a-parigi\/#primaryimage"},"thumbnailUrl":"https:\/\/www.sebastien-auziere.fr\/blog\/wp-content\/uploads\/2026\/04\/Brigitte-Macron-confrontee-a-des-insultes-lors-des-funerailles-de-Nathalie-Baye-a-Paris.jpg","keywords":["brigitte macron","funerali","insulti","nathalie baye","parigi"],"articleSection":["Actualit\u00e0"],"inLanguage":"fr-FR","potentialAction":[{"@type":"CommentAction","name":"Comment","target":["https:\/\/www.sebastien-auziere.fr\/blog\/it\/brigitte-macron-confrontata-da-insulti-durante-i-funerali-di-nathalie-baye-a-parigi\/#respond"]}]},{"@type":"WebPage","@id":"https:\/\/www.sebastien-auziere.fr\/blog\/it\/brigitte-macron-confrontata-da-insulti-durante-i-funerali-di-nathalie-baye-a-parigi\/","url":"https:\/\/www.sebastien-auziere.fr\/blog\/it\/brigitte-macron-confrontata-da-insulti-durante-i-funerali-di-nathalie-baye-a-parigi\/","name":"Brigitte Macron confrontata da insulti durante i funerali di Nathalie Baye a Parigi - Fan site S\u00e9bastien Auzi\u00e8re","isPartOf":{"@id":"https:\/\/www.sebastien-auziere.fr\/blog\/#website"},"primaryImageOfPage":{"@id":"https:\/\/www.sebastien-auziere.fr\/blog\/it\/brigitte-macron-confrontata-da-insulti-durante-i-funerali-di-nathalie-baye-a-parigi\/#primaryimage"},"image":{"@id":"https:\/\/www.sebastien-auziere.fr\/blog\/it\/brigitte-macron-confrontata-da-insulti-durante-i-funerali-di-nathalie-baye-a-parigi\/#primaryimage"},"thumbnailUrl":"https:\/\/www.sebastien-auziere.fr\/blog\/wp-content\/uploads\/2026\/04\/Brigitte-Macron-confrontee-a-des-insultes-lors-des-funerailles-de-Nathalie-Baye-a-Paris.jpg","datePublished":"2026-04-29T07:18:50+00:00","dateModified":"2026-04-29T07:19:16+00:00","description":"Brigitte Macron vis\u00e9e par des insultes lors des fun\u00e9railles de Nathalie Baye \u00e0 Paris, un moment charg\u00e9 d'\u00e9motion et de tensions.","breadcrumb":{"@id":"https:\/\/www.sebastien-auziere.fr\/blog\/it\/brigitte-macron-confrontata-da-insulti-durante-i-funerali-di-nathalie-baye-a-parigi\/#breadcrumb"},"inLanguage":"fr-FR","potentialAction":[{"@type":"ReadAction","target":["https:\/\/www.sebastien-auziere.fr\/blog\/it\/brigitte-macron-confrontata-da-insulti-durante-i-funerali-di-nathalie-baye-a-parigi\/"]}]},{"@type":"ImageObject","inLanguage":"fr-FR","@id":"https:\/\/www.sebastien-auziere.fr\/blog\/it\/brigitte-macron-confrontata-da-insulti-durante-i-funerali-di-nathalie-baye-a-parigi\/#primaryimage","url":"https:\/\/www.sebastien-auziere.fr\/blog\/wp-content\/uploads\/2026\/04\/Brigitte-Macron-confrontee-a-des-insultes-lors-des-funerailles-de-Nathalie-Baye-a-Paris.jpg","contentUrl":"https:\/\/www.sebastien-auziere.fr\/blog\/wp-content\/uploads\/2026\/04\/Brigitte-Macron-confrontee-a-des-insultes-lors-des-funerailles-de-Nathalie-Baye-a-Paris.jpg","width":2560,"height":1429,"caption":"brigitte macron victime d'insultes lors des fun\u00e9railles de nathalie baye \u00e0 paris, un moment de tension in\u00e9dit et bouleversant."},{"@type":"BreadcrumbList","@id":"https:\/\/www.sebastien-auziere.fr\/blog\/it\/brigitte-macron-confrontata-da-insulti-durante-i-funerali-di-nathalie-baye-a-parigi\/#breadcrumb","itemListElement":[{"@type":"ListItem","position":1,"name":"Home","item":"https:\/\/www.sebastien-auziere.fr\/blog\/"},{"@type":"ListItem","position":2,"name":"Brigitte Macron confrontata da insulti durante i funerali di Nathalie Baye a Parigi"}]},{"@type":"WebSite","@id":"https:\/\/www.sebastien-auziere.fr\/blog\/#website","url":"https:\/\/www.sebastien-auziere.fr\/blog\/","name":"Fan site S\u00e9bastien Auzi\u00e8re","description":"M\u00e9dia g\u00e9n\u00e9raliste","publisher":{"@id":"https:\/\/www.sebastien-auziere.fr\/blog\/#organization"},"potentialAction":[{"@type":"SearchAction","target":{"@type":"EntryPoint","urlTemplate":"https:\/\/www.sebastien-auziere.fr\/blog\/?s={search_term_string}"},"query-input":{"@type":"PropertyValueSpecification","valueRequired":true,"valueName":"search_term_string"}}],"inLanguage":"fr-FR"},{"@type":"Organization","@id":"https:\/\/www.sebastien-auziere.fr\/blog\/#organization","name":"Fan site S\u00e9bastien Auzi\u00e8re","url":"https:\/\/www.sebastien-auziere.fr\/blog\/","logo":{"@type":"ImageObject","inLanguage":"fr-FR","@id":"https:\/\/www.sebastien-auziere.fr\/blog\/#\/schema\/logo\/image\/","url":"https:\/\/www.sebastien-auziere.fr\/blog\/wp-content\/uploads\/2026\/03\/cropped-cropped-cropped-ChatGPT-Image-6-mars-2026-12_58_09-e1772798376794.jpg","contentUrl":"https:\/\/www.sebastien-auziere.fr\/blog\/wp-content\/uploads\/2026\/03\/cropped-cropped-cropped-ChatGPT-Image-6-mars-2026-12_58_09-e1772798376794.jpg","width":512,"height":360,"caption":"Fan site S\u00e9bastien Auzi\u00e8re"},"image":{"@id":"https:\/\/www.sebastien-auziere.fr\/blog\/#\/schema\/logo\/image\/"}},{"@type":"Person","@id":"https:\/\/www.sebastien-auziere.fr\/blog\/#\/schema\/person\/149f1acdbfd85149c6c3e59adeae2f4d","name":"Chloe Gauthier","image":{"@type":"ImageObject","inLanguage":"fr-FR","@id":"https:\/\/secure.gravatar.com\/avatar\/2c5722f58171cff738a8985ef0dd66b476e563753246a49019befc837ec4201a?s=96&d=mm&r=g","url":"https:\/\/secure.gravatar.com\/avatar\/2c5722f58171cff738a8985ef0dd66b476e563753246a49019befc837ec4201a?s=96&d=mm&r=g","contentUrl":"https:\/\/secure.gravatar.com\/avatar\/2c5722f58171cff738a8985ef0dd66b476e563753246a49019befc837ec4201a?s=96&d=mm&r=g","caption":"Chloe Gauthier"},"description":"Passionn\u00e9e par la politique et admiratrice engag\u00e9e de la famille Macron, je consacre mon \u00e9nergie \u00e0 suivre leurs initiatives et \u00e0 promouvoir leurs id\u00e9es. \u00c0 32 ans, je suis convaincue que leur vision est porteuse d'avenir.","url":"https:\/\/www.sebastien-auziere.fr\/blog\/author\/chloe-gauthier\/"}]}},"views":0,"_links":{"self":[{"href":"https:\/\/www.sebastien-auziere.fr\/blog\/wp-json\/wp\/v2\/posts\/3432","targetHints":{"allow":["GET"]}}],"collection":[{"href":"https:\/\/www.sebastien-auziere.fr\/blog\/wp-json\/wp\/v2\/posts"}],"about":[{"href":"https:\/\/www.sebastien-auziere.fr\/blog\/wp-json\/wp\/v2\/types\/post"}],"author":[{"embeddable":true,"href":"https:\/\/www.sebastien-auziere.fr\/blog\/wp-json\/wp\/v2\/users\/9"}],"replies":[{"embeddable":true,"href":"https:\/\/www.sebastien-auziere.fr\/blog\/wp-json\/wp\/v2\/comments?post=3432"}],"version-history":[{"count":1,"href":"https:\/\/www.sebastien-auziere.fr\/blog\/wp-json\/wp\/v2\/posts\/3432\/revisions"}],"predecessor-version":[{"id":3433,"href":"https:\/\/www.sebastien-auziere.fr\/blog\/wp-json\/wp\/v2\/posts\/3432\/revisions\/3433"}],"wp:featuredmedia":[{"embeddable":true,"href":"https:\/\/www.sebastien-auziere.fr\/blog\/wp-json\/wp\/v2\/media\/3424"}],"wp:attachment":[{"href":"https:\/\/www.sebastien-auziere.fr\/blog\/wp-json\/wp\/v2\/media?parent=3432"}],"wp:term":[{"taxonomy":"category","embeddable":true,"href":"https:\/\/www.sebastien-auziere.fr\/blog\/wp-json\/wp\/v2\/categories?post=3432"},{"taxonomy":"post_tag","embeddable":true,"href":"https:\/\/www.sebastien-auziere.fr\/blog\/wp-json\/wp\/v2\/tags?post=3432"}],"curies":[{"name":"wp","href":"https:\/\/api.w.org\/{rel}","templated":true}]}}