{"id":3430,"date":"2026-04-29T07:16:25","date_gmt":"2026-04-29T07:16:25","guid":{"rendered":"https:\/\/www.sebastien-auziere.fr\/blog\/?p=3430"},"modified":"2026-04-29T07:16:52","modified_gmt":"2026-04-29T07:16:52","slug":"brigitte-macron-sieht-sich-bei-den-beerdigungen-von-nathalie-baye-in-paris-beleidigungen-ausgesetzt","status":"publish","type":"post","link":"https:\/\/www.sebastien-auziere.fr\/blog\/de\/brigitte-macron-sieht-sich-bei-den-beerdigungen-von-nathalie-baye-in-paris-beleidigungen-ausgesetzt\/","title":{"rendered":"Brigitte Macron sieht sich bei den Beerdigungen von Nathalie Baye in Paris Beleidigungen ausgesetzt"},"content":{"rendered":"<p><strong>Brigitte Macron<\/strong> wurde beim Eintreffen zu den Beerdigungen von <strong>Nathalie Baye<\/strong> in <strong>Paris<\/strong> am Freitag, den 24. April 2026, von mehreren Videos und Zeugen aufgezeichnet, angegangen. Die Szene, die vor der Kirche Saint-Sulpice gefilmt wurde, zeigt Schreie und <strong>Beleidigungen<\/strong>, die gegen die Erste Dame gerichtet waren, und entfacht eine heftige <strong>Kontroverse<\/strong> \u00fcber das Verhalten der \u00d6ffentlichkeit bei einem <strong>\u00d6ffentlichen Ereignis<\/strong>.<\/p>\n\n<p><strong>Kurz gesagt<\/strong> : Ankunft von <strong>Brigitte Macron<\/strong> bei den Beerdigungen von <strong>Nathalie Baye<\/strong>, aufgezeichnete Schreie, die in sozialen Medien geteilt wurden, Medienreaktionen und eine Debatte \u00fcber den Respekt vor den <strong>Beerdigungen<\/strong> und der \u00f6ffentlichen Person. Die Zeremonie, gekennzeichnet durch ein bewegendes <strong>Tribut<\/strong>, wandelte sich schnell zu einer Konfrontation, die von der nationalen Presse aufgegriffen wurde.<\/p>\n\n<h2 class=\"wp-block-heading\">Ankunft in Saint-Sulpice: Beleidigungen gegen Brigitte Macron w\u00e4hrend der Beerdigungen<\/h2>\n\n<p>Bei ihrer Ankunft in der Kirche Saint-Sulpice l\u00f6ste die Pr\u00e4senz von <strong>Brigitte Macron<\/strong> feindliche Rufe aus, darunter ein weit verbreitetes \u201e<em>Verpiss dich<\/em>\u201c. Die von der Presse verbreiteten Bilder zeigen einen verbalen Angriff, trotz der Anwesenheit ihrer Eskorte. Medien wie <a href=\"https:\/\/www.femmeactuelle.fr\/actu\/news-actu\/casse-toi-brigitte-macron-insultee-a-son-arrivee-aux-obseques-de-nathalie-baye-2206846\" rel=\"nofollow\">Femme Actuelle<\/a> beschrieben die Szene und best\u00e4tigten die sofortige Auswirkung auf die Atmosph\u00e4re des Tributs.<\/p>\n\n<h2 class=\"wp-block-heading\">Verbreitung und Medienreaktionen: die Kontroverse in den Netzwerken<\/h2>\n\n<p>Die Sequenz verbreitete sich schnell und erzeugte heftige Kommentare in den sozialen Medien, mit Videos, die auf Dailymotion geteilt und Ausz\u00fcge, die von Nachrichtenagenturen weiterverbreitet wurden. Die Medienberichterstattung gegen\u00fcber dem Respekt f\u00fcr die Zeremonie und der Kritik an der Haltung der Demonstranten stand im Fokus. Ein Artikel von <a href=\"https:\/\/www.msn.com\/fr-fr\/actualite\/other\/brigitte-macron-vis%C3%A9e-par-des-insultes-lors-des-obs%C3%A8ques-de-nathalie-baye-%C3%A0-paris\/ar-AA21WdYk\" rel=\"nofollow\">MSN<\/a> analysiert die Reichweite des Vorfalls f\u00fcr den \u00f6ffentlichen Raum und die <strong>Gesellschaft<\/strong>.<\/p>\n\n<h3 class=\"wp-block-heading\">Tribut und Debatte: das Ged\u00e4chtnis von Nathalie Baye angesichts der Konfrontation<\/h3>\n\n<p>Die Zeremonie zu Ehren von <strong>Nathalie Baye<\/strong>, die im Alter von 77 Jahren gestorben ist, sollte in erster Linie ihrer Karriere und ihrer Familie Tribut zollen. Trotz der Emotion lenkte der Vorfall die Aufmerksamkeit auf das Verhalten der \u00d6ffentlichkeit w\u00e4hrend eines <strong>feierlichen Tributs<\/strong>. Presseartikel und Videos, wie die von <a href=\"https:\/\/toptenplay.com\/obseques-de-nathalie-baye-un-hommage-emouvant-terni-par-lincident-brigitte-macron\/2\/\" rel=\"nofollow\">TopTenPlay<\/a>, regen zur Reflexion \u00fcber den Respekt vor bestattungsriten und die Grenzen des \u00f6ffentlichen Ausdrucks an einem geschlossenen Ort an.<\/p>\n\n<p>Um den famili\u00e4ren und \u00f6ffentlichen Kontext um <strong>Brigitte Macron<\/strong> und die Reaktionen, die sie hervorruft, besser zu verstehen, entdecke detaillierte Biografien und Analysen auf <a href=\"https:\/\/www.sebastien-auziere.fr\/blog\/brigitte-macron-tristesse\/\" rel=\"nofollow\">Brigitte Macron und die Traurigkeit<\/a> und \u00fcber das Pr\u00e4sidialpaar auf <a href=\"https:\/\/www.sebastien-auziere.fr\/blog\/brigitte-macron-et-emmanuel-macron\/\" rel=\"nofollow\">Brigitte und Emmanuel Macron<\/a>. Um mehr \u00fcber <strong>S\u00e9bastien Auzi\u00e8re<\/strong> und die Familie Macron zu erfahren, besuche <a href=\"https:\/\/www.sebastien-auziere.fr\/blog\/brigitte-macron-tristesse-elysee\/\" rel=\"nofollow\">sebastien-auziere.fr<\/a> und setze die Erkundung dieser \u00f6ffentlichen und privaten Momente fort.<\/p>","protected":false},"excerpt":{"rendered":"<p>Brigitte Macron wurde beim Eintreffen zu den Beerdigungen von Nathalie Baye in Paris am Freitag, den 24. April 2026, von mehreren Videos und Zeugen aufgezeichnet, angegangen. Die Szene, die vor der Kirche Saint-Sulpice gefilmt wurde, zeigt Schreie und Beleidigungen, die gegen die Erste Dame gerichtet waren, und entfacht eine heftige Kontroverse \u00fcber das Verhalten der &#8230; <a title=\"Brigitte Macron sieht sich bei den Beerdigungen von Nathalie Baye in Paris Beleidigungen ausgesetzt\" class=\"read-more\" href=\"https:\/\/www.sebastien-auziere.fr\/blog\/de\/brigitte-macron-sieht-sich-bei-den-beerdigungen-von-nathalie-baye-in-paris-beleidigungen-ausgesetzt\/\" aria-label=\"En savoir plus sur Brigitte Macron sieht sich bei den Beerdigungen von Nathalie Baye in Paris Beleidigungen ausgesetzt\">Lire plus<\/a><\/p>\n","protected":false},"author":9,"featured_media":3424,"comment_status":"open","ping_status":"open","sticky":false,"template":"","format":"standard","meta":{"footnotes":""},"categories":[856],"tags":[4762,929,4765,4768,4771],"class_list":["post-3430","post","type-post","status-publish","format-standard","has-post-thumbnail","hentry","category-aktuelles-de","tag-beerdigungen-de","tag-brigitte-macron-de","tag-insulte-de","tag-nathalie-baye-de","tag-paris-de"],"yoast_head":"<!-- This site is optimized with the Yoast SEO plugin v27.5 - https:\/\/yoast.com\/product\/yoast-seo-wordpress\/ -->\n<title>Brigitte Macron sieht sich bei den Beerdigungen von Nathalie Baye in Paris Beleidigungen ausgesetzt - Fan site S\u00e9bastien Auzi\u00e8re<\/title>\n<meta name=\"description\" content=\"Brigitte Macron vis\u00e9e par des insultes lors des fun\u00e9railles de Nathalie Baye \u00e0 Paris, un moment charg\u00e9 d&#039;\u00e9motion et de tensions.\" \/>\n<meta name=\"robots\" content=\"index, follow, max-snippet:-1, max-image-preview:large, max-video-preview:-1\" \/>\n<link rel=\"canonical\" href=\"https:\/\/www.sebastien-auziere.fr\/blog\/de\/brigitte-macron-sieht-sich-bei-den-beerdigungen-von-nathalie-baye-in-paris-beleidigungen-ausgesetzt\/\" \/>\n<meta property=\"og:locale\" content=\"fr_FR\" \/>\n<meta property=\"og:type\" content=\"article\" \/>\n<meta property=\"og:title\" content=\"Brigitte Macron sieht sich bei den Beerdigungen von Nathalie Baye in Paris Beleidigungen ausgesetzt - Fan site S\u00e9bastien Auzi\u00e8re\" \/>\n<meta property=\"og:description\" content=\"Brigitte Macron vis\u00e9e par des insultes lors des fun\u00e9railles de Nathalie Baye \u00e0 Paris, un moment charg\u00e9 d&#039;\u00e9motion et de tensions.\" \/>\n<meta property=\"og:url\" content=\"https:\/\/www.sebastien-auziere.fr\/blog\/de\/brigitte-macron-sieht-sich-bei-den-beerdigungen-von-nathalie-baye-in-paris-beleidigungen-ausgesetzt\/\" \/>\n<meta property=\"og:site_name\" content=\"Fan site S\u00e9bastien Auzi\u00e8re\" \/>\n<meta property=\"article:published_time\" content=\"2026-04-29T07:16:25+00:00\" \/>\n<meta property=\"article:modified_time\" content=\"2026-04-29T07:16:52+00:00\" \/>\n<meta property=\"og:image\" content=\"https:\/\/www.sebastien-auziere.fr\/blog\/wp-content\/uploads\/2026\/04\/Brigitte-Macron-confrontee-a-des-insultes-lors-des-funerailles-de-Nathalie-Baye-a-Paris.jpg\" \/>\n\t<meta property=\"og:image:width\" content=\"2560\" \/>\n\t<meta property=\"og:image:height\" content=\"1429\" \/>\n\t<meta property=\"og:image:type\" content=\"image\/jpeg\" \/>\n<meta name=\"author\" content=\"Chloe Gauthier\" \/>\n<meta name=\"twitter:card\" content=\"summary_large_image\" \/>\n<meta name=\"twitter:label1\" content=\"\u00c9crit par\" \/>\n\t<meta name=\"twitter:data1\" content=\"Chloe Gauthier\" \/>\n\t<meta name=\"twitter:label2\" content=\"Dur\u00e9e de lecture estim\u00e9e\" \/>\n\t<meta name=\"twitter:data2\" content=\"2 minutes\" \/>\n<script type=\"application\/ld+json\" class=\"yoast-schema-graph\">{\"@context\":\"https:\\\/\\\/schema.org\",\"@graph\":[{\"@type\":\"Article\",\"@id\":\"https:\\\/\\\/www.sebastien-auziere.fr\\\/blog\\\/de\\\/brigitte-macron-sieht-sich-bei-den-beerdigungen-von-nathalie-baye-in-paris-beleidigungen-ausgesetzt\\\/#article\",\"isPartOf\":{\"@id\":\"https:\\\/\\\/www.sebastien-auziere.fr\\\/blog\\\/de\\\/brigitte-macron-sieht-sich-bei-den-beerdigungen-von-nathalie-baye-in-paris-beleidigungen-ausgesetzt\\\/\"},\"author\":{\"name\":\"Chloe Gauthier\",\"@id\":\"https:\\\/\\\/www.sebastien-auziere.fr\\\/blog\\\/#\\\/schema\\\/person\\\/149f1acdbfd85149c6c3e59adeae2f4d\"},\"headline\":\"Brigitte Macron sieht sich bei den Beerdigungen von Nathalie Baye in Paris Beleidigungen ausgesetzt\",\"datePublished\":\"2026-04-29T07:16:25+00:00\",\"dateModified\":\"2026-04-29T07:16:52+00:00\",\"mainEntityOfPage\":{\"@id\":\"https:\\\/\\\/www.sebastien-auziere.fr\\\/blog\\\/de\\\/brigitte-macron-sieht-sich-bei-den-beerdigungen-von-nathalie-baye-in-paris-beleidigungen-ausgesetzt\\\/\"},\"wordCount\":415,\"commentCount\":0,\"publisher\":{\"@id\":\"https:\\\/\\\/www.sebastien-auziere.fr\\\/blog\\\/#organization\"},\"image\":{\"@id\":\"https:\\\/\\\/www.sebastien-auziere.fr\\\/blog\\\/de\\\/brigitte-macron-sieht-sich-bei-den-beerdigungen-von-nathalie-baye-in-paris-beleidigungen-ausgesetzt\\\/#primaryimage\"},\"thumbnailUrl\":\"https:\\\/\\\/www.sebastien-auziere.fr\\\/blog\\\/wp-content\\\/uploads\\\/2026\\\/04\\\/Brigitte-Macron-confrontee-a-des-insultes-lors-des-funerailles-de-Nathalie-Baye-a-Paris.jpg\",\"keywords\":[\"Beerdigungen\",\"brigitte macron\",\"insulte\",\"nathalie baye\",\"paris\"],\"articleSection\":[\"Aktuelles\"],\"inLanguage\":\"fr-FR\",\"potentialAction\":[{\"@type\":\"CommentAction\",\"name\":\"Comment\",\"target\":[\"https:\\\/\\\/www.sebastien-auziere.fr\\\/blog\\\/de\\\/brigitte-macron-sieht-sich-bei-den-beerdigungen-von-nathalie-baye-in-paris-beleidigungen-ausgesetzt\\\/#respond\"]}]},{\"@type\":\"WebPage\",\"@id\":\"https:\\\/\\\/www.sebastien-auziere.fr\\\/blog\\\/de\\\/brigitte-macron-sieht-sich-bei-den-beerdigungen-von-nathalie-baye-in-paris-beleidigungen-ausgesetzt\\\/\",\"url\":\"https:\\\/\\\/www.sebastien-auziere.fr\\\/blog\\\/de\\\/brigitte-macron-sieht-sich-bei-den-beerdigungen-von-nathalie-baye-in-paris-beleidigungen-ausgesetzt\\\/\",\"name\":\"Brigitte Macron sieht sich bei den Beerdigungen von Nathalie Baye in Paris Beleidigungen ausgesetzt - Fan site S\u00e9bastien Auzi\u00e8re\",\"isPartOf\":{\"@id\":\"https:\\\/\\\/www.sebastien-auziere.fr\\\/blog\\\/#website\"},\"primaryImageOfPage\":{\"@id\":\"https:\\\/\\\/www.sebastien-auziere.fr\\\/blog\\\/de\\\/brigitte-macron-sieht-sich-bei-den-beerdigungen-von-nathalie-baye-in-paris-beleidigungen-ausgesetzt\\\/#primaryimage\"},\"image\":{\"@id\":\"https:\\\/\\\/www.sebastien-auziere.fr\\\/blog\\\/de\\\/brigitte-macron-sieht-sich-bei-den-beerdigungen-von-nathalie-baye-in-paris-beleidigungen-ausgesetzt\\\/#primaryimage\"},\"thumbnailUrl\":\"https:\\\/\\\/www.sebastien-auziere.fr\\\/blog\\\/wp-content\\\/uploads\\\/2026\\\/04\\\/Brigitte-Macron-confrontee-a-des-insultes-lors-des-funerailles-de-Nathalie-Baye-a-Paris.jpg\",\"datePublished\":\"2026-04-29T07:16:25+00:00\",\"dateModified\":\"2026-04-29T07:16:52+00:00\",\"description\":\"Brigitte Macron vis\u00e9e par des insultes lors des fun\u00e9railles de Nathalie Baye \u00e0 Paris, un moment charg\u00e9 d'\u00e9motion et de tensions.\",\"breadcrumb\":{\"@id\":\"https:\\\/\\\/www.sebastien-auziere.fr\\\/blog\\\/de\\\/brigitte-macron-sieht-sich-bei-den-beerdigungen-von-nathalie-baye-in-paris-beleidigungen-ausgesetzt\\\/#breadcrumb\"},\"inLanguage\":\"fr-FR\",\"potentialAction\":[{\"@type\":\"ReadAction\",\"target\":[\"https:\\\/\\\/www.sebastien-auziere.fr\\\/blog\\\/de\\\/brigitte-macron-sieht-sich-bei-den-beerdigungen-von-nathalie-baye-in-paris-beleidigungen-ausgesetzt\\\/\"]}]},{\"@type\":\"ImageObject\",\"inLanguage\":\"fr-FR\",\"@id\":\"https:\\\/\\\/www.sebastien-auziere.fr\\\/blog\\\/de\\\/brigitte-macron-sieht-sich-bei-den-beerdigungen-von-nathalie-baye-in-paris-beleidigungen-ausgesetzt\\\/#primaryimage\",\"url\":\"https:\\\/\\\/www.sebastien-auziere.fr\\\/blog\\\/wp-content\\\/uploads\\\/2026\\\/04\\\/Brigitte-Macron-confrontee-a-des-insultes-lors-des-funerailles-de-Nathalie-Baye-a-Paris.jpg\",\"contentUrl\":\"https:\\\/\\\/www.sebastien-auziere.fr\\\/blog\\\/wp-content\\\/uploads\\\/2026\\\/04\\\/Brigitte-Macron-confrontee-a-des-insultes-lors-des-funerailles-de-Nathalie-Baye-a-Paris.jpg\",\"width\":2560,\"height\":1429,\"caption\":\"brigitte macron victime d'insultes lors des fun\u00e9railles de nathalie baye \u00e0 paris, un moment de tension in\u00e9dit et bouleversant.\"},{\"@type\":\"BreadcrumbList\",\"@id\":\"https:\\\/\\\/www.sebastien-auziere.fr\\\/blog\\\/de\\\/brigitte-macron-sieht-sich-bei-den-beerdigungen-von-nathalie-baye-in-paris-beleidigungen-ausgesetzt\\\/#breadcrumb\",\"itemListElement\":[{\"@type\":\"ListItem\",\"position\":1,\"name\":\"Home\",\"item\":\"https:\\\/\\\/www.sebastien-auziere.fr\\\/blog\\\/\"},{\"@type\":\"ListItem\",\"position\":2,\"name\":\"Brigitte Macron sieht sich bei den Beerdigungen von Nathalie Baye in Paris Beleidigungen ausgesetzt\"}]},{\"@type\":\"WebSite\",\"@id\":\"https:\\\/\\\/www.sebastien-auziere.fr\\\/blog\\\/#website\",\"url\":\"https:\\\/\\\/www.sebastien-auziere.fr\\\/blog\\\/\",\"name\":\"Fan site S\u00e9bastien Auzi\u00e8re\",\"description\":\"M\u00e9dia g\u00e9n\u00e9raliste\",\"publisher\":{\"@id\":\"https:\\\/\\\/www.sebastien-auziere.fr\\\/blog\\\/#organization\"},\"potentialAction\":[{\"@type\":\"SearchAction\",\"target\":{\"@type\":\"EntryPoint\",\"urlTemplate\":\"https:\\\/\\\/www.sebastien-auziere.fr\\\/blog\\\/?s={search_term_string}\"},\"query-input\":{\"@type\":\"PropertyValueSpecification\",\"valueRequired\":true,\"valueName\":\"search_term_string\"}}],\"inLanguage\":\"fr-FR\"},{\"@type\":\"Organization\",\"@id\":\"https:\\\/\\\/www.sebastien-auziere.fr\\\/blog\\\/#organization\",\"name\":\"Fan site S\u00e9bastien Auzi\u00e8re\",\"url\":\"https:\\\/\\\/www.sebastien-auziere.fr\\\/blog\\\/\",\"logo\":{\"@type\":\"ImageObject\",\"inLanguage\":\"fr-FR\",\"@id\":\"https:\\\/\\\/www.sebastien-auziere.fr\\\/blog\\\/#\\\/schema\\\/logo\\\/image\\\/\",\"url\":\"https:\\\/\\\/www.sebastien-auziere.fr\\\/blog\\\/wp-content\\\/uploads\\\/2026\\\/03\\\/cropped-cropped-cropped-ChatGPT-Image-6-mars-2026-12_58_09-e1772798376794.jpg\",\"contentUrl\":\"https:\\\/\\\/www.sebastien-auziere.fr\\\/blog\\\/wp-content\\\/uploads\\\/2026\\\/03\\\/cropped-cropped-cropped-ChatGPT-Image-6-mars-2026-12_58_09-e1772798376794.jpg\",\"width\":512,\"height\":360,\"caption\":\"Fan site S\u00e9bastien Auzi\u00e8re\"},\"image\":{\"@id\":\"https:\\\/\\\/www.sebastien-auziere.fr\\\/blog\\\/#\\\/schema\\\/logo\\\/image\\\/\"}},{\"@type\":\"Person\",\"@id\":\"https:\\\/\\\/www.sebastien-auziere.fr\\\/blog\\\/#\\\/schema\\\/person\\\/149f1acdbfd85149c6c3e59adeae2f4d\",\"name\":\"Chloe Gauthier\",\"image\":{\"@type\":\"ImageObject\",\"inLanguage\":\"fr-FR\",\"@id\":\"https:\\\/\\\/secure.gravatar.com\\\/avatar\\\/2c5722f58171cff738a8985ef0dd66b476e563753246a49019befc837ec4201a?s=96&d=mm&r=g\",\"url\":\"https:\\\/\\\/secure.gravatar.com\\\/avatar\\\/2c5722f58171cff738a8985ef0dd66b476e563753246a49019befc837ec4201a?s=96&d=mm&r=g\",\"contentUrl\":\"https:\\\/\\\/secure.gravatar.com\\\/avatar\\\/2c5722f58171cff738a8985ef0dd66b476e563753246a49019befc837ec4201a?s=96&d=mm&r=g\",\"caption\":\"Chloe Gauthier\"},\"description\":\"Passionn\u00e9e par la politique et admiratrice engag\u00e9e de la famille Macron, je consacre mon \u00e9nergie \u00e0 suivre leurs initiatives et \u00e0 promouvoir leurs id\u00e9es. \u00c0 32 ans, je suis convaincue que leur vision est porteuse d'avenir.\",\"url\":\"https:\\\/\\\/www.sebastien-auziere.fr\\\/blog\\\/author\\\/chloe-gauthier\\\/\"}]}<\/script>\n<!-- \/ Yoast SEO plugin. -->","yoast_head_json":{"title":"Brigitte Macron sieht sich bei den Beerdigungen von Nathalie Baye in Paris Beleidigungen ausgesetzt - Fan site S\u00e9bastien Auzi\u00e8re","description":"Brigitte Macron vis\u00e9e par des insultes lors des fun\u00e9railles de Nathalie Baye \u00e0 Paris, un moment charg\u00e9 d'\u00e9motion et de tensions.","robots":{"index":"index","follow":"follow","max-snippet":"max-snippet:-1","max-image-preview":"max-image-preview:large","max-video-preview":"max-video-preview:-1"},"canonical":"https:\/\/www.sebastien-auziere.fr\/blog\/de\/brigitte-macron-sieht-sich-bei-den-beerdigungen-von-nathalie-baye-in-paris-beleidigungen-ausgesetzt\/","og_locale":"fr_FR","og_type":"article","og_title":"Brigitte Macron sieht sich bei den Beerdigungen von Nathalie Baye in Paris Beleidigungen ausgesetzt - Fan site S\u00e9bastien Auzi\u00e8re","og_description":"Brigitte Macron vis\u00e9e par des insultes lors des fun\u00e9railles de Nathalie Baye \u00e0 Paris, un moment charg\u00e9 d'\u00e9motion et de tensions.","og_url":"https:\/\/www.sebastien-auziere.fr\/blog\/de\/brigitte-macron-sieht-sich-bei-den-beerdigungen-von-nathalie-baye-in-paris-beleidigungen-ausgesetzt\/","og_site_name":"Fan site S\u00e9bastien Auzi\u00e8re","article_published_time":"2026-04-29T07:16:25+00:00","article_modified_time":"2026-04-29T07:16:52+00:00","og_image":[{"width":2560,"height":1429,"url":"https:\/\/www.sebastien-auziere.fr\/blog\/wp-content\/uploads\/2026\/04\/Brigitte-Macron-confrontee-a-des-insultes-lors-des-funerailles-de-Nathalie-Baye-a-Paris.jpg","type":"image\/jpeg"}],"author":"Chloe Gauthier","twitter_card":"summary_large_image","twitter_misc":{"\u00c9crit par":"Chloe Gauthier","Dur\u00e9e de lecture estim\u00e9e":"2 minutes"},"schema":{"@context":"https:\/\/schema.org","@graph":[{"@type":"Article","@id":"https:\/\/www.sebastien-auziere.fr\/blog\/de\/brigitte-macron-sieht-sich-bei-den-beerdigungen-von-nathalie-baye-in-paris-beleidigungen-ausgesetzt\/#article","isPartOf":{"@id":"https:\/\/www.sebastien-auziere.fr\/blog\/de\/brigitte-macron-sieht-sich-bei-den-beerdigungen-von-nathalie-baye-in-paris-beleidigungen-ausgesetzt\/"},"author":{"name":"Chloe Gauthier","@id":"https:\/\/www.sebastien-auziere.fr\/blog\/#\/schema\/person\/149f1acdbfd85149c6c3e59adeae2f4d"},"headline":"Brigitte Macron sieht sich bei den Beerdigungen von Nathalie Baye in Paris Beleidigungen ausgesetzt","datePublished":"2026-04-29T07:16:25+00:00","dateModified":"2026-04-29T07:16:52+00:00","mainEntityOfPage":{"@id":"https:\/\/www.sebastien-auziere.fr\/blog\/de\/brigitte-macron-sieht-sich-bei-den-beerdigungen-von-nathalie-baye-in-paris-beleidigungen-ausgesetzt\/"},"wordCount":415,"commentCount":0,"publisher":{"@id":"https:\/\/www.sebastien-auziere.fr\/blog\/#organization"},"image":{"@id":"https:\/\/www.sebastien-auziere.fr\/blog\/de\/brigitte-macron-sieht-sich-bei-den-beerdigungen-von-nathalie-baye-in-paris-beleidigungen-ausgesetzt\/#primaryimage"},"thumbnailUrl":"https:\/\/www.sebastien-auziere.fr\/blog\/wp-content\/uploads\/2026\/04\/Brigitte-Macron-confrontee-a-des-insultes-lors-des-funerailles-de-Nathalie-Baye-a-Paris.jpg","keywords":["Beerdigungen","brigitte macron","insulte","nathalie baye","paris"],"articleSection":["Aktuelles"],"inLanguage":"fr-FR","potentialAction":[{"@type":"CommentAction","name":"Comment","target":["https:\/\/www.sebastien-auziere.fr\/blog\/de\/brigitte-macron-sieht-sich-bei-den-beerdigungen-von-nathalie-baye-in-paris-beleidigungen-ausgesetzt\/#respond"]}]},{"@type":"WebPage","@id":"https:\/\/www.sebastien-auziere.fr\/blog\/de\/brigitte-macron-sieht-sich-bei-den-beerdigungen-von-nathalie-baye-in-paris-beleidigungen-ausgesetzt\/","url":"https:\/\/www.sebastien-auziere.fr\/blog\/de\/brigitte-macron-sieht-sich-bei-den-beerdigungen-von-nathalie-baye-in-paris-beleidigungen-ausgesetzt\/","name":"Brigitte Macron sieht sich bei den Beerdigungen von Nathalie Baye in Paris Beleidigungen ausgesetzt - Fan site S\u00e9bastien Auzi\u00e8re","isPartOf":{"@id":"https:\/\/www.sebastien-auziere.fr\/blog\/#website"},"primaryImageOfPage":{"@id":"https:\/\/www.sebastien-auziere.fr\/blog\/de\/brigitte-macron-sieht-sich-bei-den-beerdigungen-von-nathalie-baye-in-paris-beleidigungen-ausgesetzt\/#primaryimage"},"image":{"@id":"https:\/\/www.sebastien-auziere.fr\/blog\/de\/brigitte-macron-sieht-sich-bei-den-beerdigungen-von-nathalie-baye-in-paris-beleidigungen-ausgesetzt\/#primaryimage"},"thumbnailUrl":"https:\/\/www.sebastien-auziere.fr\/blog\/wp-content\/uploads\/2026\/04\/Brigitte-Macron-confrontee-a-des-insultes-lors-des-funerailles-de-Nathalie-Baye-a-Paris.jpg","datePublished":"2026-04-29T07:16:25+00:00","dateModified":"2026-04-29T07:16:52+00:00","description":"Brigitte Macron vis\u00e9e par des insultes lors des fun\u00e9railles de Nathalie Baye \u00e0 Paris, un moment charg\u00e9 d'\u00e9motion et de tensions.","breadcrumb":{"@id":"https:\/\/www.sebastien-auziere.fr\/blog\/de\/brigitte-macron-sieht-sich-bei-den-beerdigungen-von-nathalie-baye-in-paris-beleidigungen-ausgesetzt\/#breadcrumb"},"inLanguage":"fr-FR","potentialAction":[{"@type":"ReadAction","target":["https:\/\/www.sebastien-auziere.fr\/blog\/de\/brigitte-macron-sieht-sich-bei-den-beerdigungen-von-nathalie-baye-in-paris-beleidigungen-ausgesetzt\/"]}]},{"@type":"ImageObject","inLanguage":"fr-FR","@id":"https:\/\/www.sebastien-auziere.fr\/blog\/de\/brigitte-macron-sieht-sich-bei-den-beerdigungen-von-nathalie-baye-in-paris-beleidigungen-ausgesetzt\/#primaryimage","url":"https:\/\/www.sebastien-auziere.fr\/blog\/wp-content\/uploads\/2026\/04\/Brigitte-Macron-confrontee-a-des-insultes-lors-des-funerailles-de-Nathalie-Baye-a-Paris.jpg","contentUrl":"https:\/\/www.sebastien-auziere.fr\/blog\/wp-content\/uploads\/2026\/04\/Brigitte-Macron-confrontee-a-des-insultes-lors-des-funerailles-de-Nathalie-Baye-a-Paris.jpg","width":2560,"height":1429,"caption":"brigitte macron victime d'insultes lors des fun\u00e9railles de nathalie baye \u00e0 paris, un moment de tension in\u00e9dit et bouleversant."},{"@type":"BreadcrumbList","@id":"https:\/\/www.sebastien-auziere.fr\/blog\/de\/brigitte-macron-sieht-sich-bei-den-beerdigungen-von-nathalie-baye-in-paris-beleidigungen-ausgesetzt\/#breadcrumb","itemListElement":[{"@type":"ListItem","position":1,"name":"Home","item":"https:\/\/www.sebastien-auziere.fr\/blog\/"},{"@type":"ListItem","position":2,"name":"Brigitte Macron sieht sich bei den Beerdigungen von Nathalie Baye in Paris Beleidigungen ausgesetzt"}]},{"@type":"WebSite","@id":"https:\/\/www.sebastien-auziere.fr\/blog\/#website","url":"https:\/\/www.sebastien-auziere.fr\/blog\/","name":"Fan site S\u00e9bastien Auzi\u00e8re","description":"M\u00e9dia g\u00e9n\u00e9raliste","publisher":{"@id":"https:\/\/www.sebastien-auziere.fr\/blog\/#organization"},"potentialAction":[{"@type":"SearchAction","target":{"@type":"EntryPoint","urlTemplate":"https:\/\/www.sebastien-auziere.fr\/blog\/?s={search_term_string}"},"query-input":{"@type":"PropertyValueSpecification","valueRequired":true,"valueName":"search_term_string"}}],"inLanguage":"fr-FR"},{"@type":"Organization","@id":"https:\/\/www.sebastien-auziere.fr\/blog\/#organization","name":"Fan site S\u00e9bastien Auzi\u00e8re","url":"https:\/\/www.sebastien-auziere.fr\/blog\/","logo":{"@type":"ImageObject","inLanguage":"fr-FR","@id":"https:\/\/www.sebastien-auziere.fr\/blog\/#\/schema\/logo\/image\/","url":"https:\/\/www.sebastien-auziere.fr\/blog\/wp-content\/uploads\/2026\/03\/cropped-cropped-cropped-ChatGPT-Image-6-mars-2026-12_58_09-e1772798376794.jpg","contentUrl":"https:\/\/www.sebastien-auziere.fr\/blog\/wp-content\/uploads\/2026\/03\/cropped-cropped-cropped-ChatGPT-Image-6-mars-2026-12_58_09-e1772798376794.jpg","width":512,"height":360,"caption":"Fan site S\u00e9bastien Auzi\u00e8re"},"image":{"@id":"https:\/\/www.sebastien-auziere.fr\/blog\/#\/schema\/logo\/image\/"}},{"@type":"Person","@id":"https:\/\/www.sebastien-auziere.fr\/blog\/#\/schema\/person\/149f1acdbfd85149c6c3e59adeae2f4d","name":"Chloe Gauthier","image":{"@type":"ImageObject","inLanguage":"fr-FR","@id":"https:\/\/secure.gravatar.com\/avatar\/2c5722f58171cff738a8985ef0dd66b476e563753246a49019befc837ec4201a?s=96&d=mm&r=g","url":"https:\/\/secure.gravatar.com\/avatar\/2c5722f58171cff738a8985ef0dd66b476e563753246a49019befc837ec4201a?s=96&d=mm&r=g","contentUrl":"https:\/\/secure.gravatar.com\/avatar\/2c5722f58171cff738a8985ef0dd66b476e563753246a49019befc837ec4201a?s=96&d=mm&r=g","caption":"Chloe Gauthier"},"description":"Passionn\u00e9e par la politique et admiratrice engag\u00e9e de la famille Macron, je consacre mon \u00e9nergie \u00e0 suivre leurs initiatives et \u00e0 promouvoir leurs id\u00e9es. \u00c0 32 ans, je suis convaincue que leur vision est porteuse d'avenir.","url":"https:\/\/www.sebastien-auziere.fr\/blog\/author\/chloe-gauthier\/"}]}},"views":0,"_links":{"self":[{"href":"https:\/\/www.sebastien-auziere.fr\/blog\/wp-json\/wp\/v2\/posts\/3430","targetHints":{"allow":["GET"]}}],"collection":[{"href":"https:\/\/www.sebastien-auziere.fr\/blog\/wp-json\/wp\/v2\/posts"}],"about":[{"href":"https:\/\/www.sebastien-auziere.fr\/blog\/wp-json\/wp\/v2\/types\/post"}],"author":[{"embeddable":true,"href":"https:\/\/www.sebastien-auziere.fr\/blog\/wp-json\/wp\/v2\/users\/9"}],"replies":[{"embeddable":true,"href":"https:\/\/www.sebastien-auziere.fr\/blog\/wp-json\/wp\/v2\/comments?post=3430"}],"version-history":[{"count":1,"href":"https:\/\/www.sebastien-auziere.fr\/blog\/wp-json\/wp\/v2\/posts\/3430\/revisions"}],"predecessor-version":[{"id":3431,"href":"https:\/\/www.sebastien-auziere.fr\/blog\/wp-json\/wp\/v2\/posts\/3430\/revisions\/3431"}],"wp:featuredmedia":[{"embeddable":true,"href":"https:\/\/www.sebastien-auziere.fr\/blog\/wp-json\/wp\/v2\/media\/3424"}],"wp:attachment":[{"href":"https:\/\/www.sebastien-auziere.fr\/blog\/wp-json\/wp\/v2\/media?parent=3430"}],"wp:term":[{"taxonomy":"category","embeddable":true,"href":"https:\/\/www.sebastien-auziere.fr\/blog\/wp-json\/wp\/v2\/categories?post=3430"},{"taxonomy":"post_tag","embeddable":true,"href":"https:\/\/www.sebastien-auziere.fr\/blog\/wp-json\/wp\/v2\/tags?post=3430"}],"curies":[{"name":"wp","href":"https:\/\/api.w.org\/{rel}","templated":true}]}}