{"id":3428,"date":"2026-04-29T07:15:06","date_gmt":"2026-04-29T07:15:06","guid":{"rendered":"https:\/\/www.sebastien-auziere.fr\/blog\/?p=3428"},"modified":"2026-04-29T07:15:30","modified_gmt":"2026-04-29T07:15:30","slug":"brigitte-macron-enfrento-insultos-durante-el-funeral-de-nathalie-baye-en-paris","status":"publish","type":"post","link":"https:\/\/www.sebastien-auziere.fr\/blog\/es\/brigitte-macron-enfrento-insultos-durante-el-funeral-de-nathalie-baye-en-paris\/","title":{"rendered":"Brigitte Macron enfrent\u00f3 insultos durante el funeral de Nathalie Baye en Par\u00eds"},"content":{"rendered":"<p><strong>Brigitte Macron<\/strong> fue objeto de cr\u00edticas a su llegada al funeral de <strong>Nathalie Baye<\/strong> en <strong>Par\u00eds<\/strong> el viernes 24 de abril de 2026, seg\u00fan varios videos y testimonios. La escena, filmada frente a la iglesia de Saint-Sulpice, muestra gritos e <strong>insultos<\/strong> dirigidos hacia la Primera dama, alimentando una intensa <strong>controversia<\/strong> sobre el comportamiento del p\u00fablico durante un <strong>evento p\u00fablico<\/strong>.<\/p>\n\n<p><strong>En resumen<\/strong>: llegada de <strong>Brigitte Macron<\/strong> a los funerales de <strong>Nathalie Baye<\/strong>, gritos captados y compartidos en redes, reacciones medi\u00e1ticas y debate sobre el respeto a las <strong>funerales<\/strong> y la figura p\u00fablica. La ceremonia, marcada por un emotivo <strong>homenaje<\/strong>, r\u00e1pidamente se convirti\u00f3 en una confrontaci\u00f3n retransmitida por la prensa nacional.<\/p>\n\n<h2 class=\"wp-block-heading\">Llegada a Saint-Sulpice: insultos contra Brigitte Macron durante los funerales<\/h2>\n\n<p>Al llegar a la iglesia de Saint-Sulpice, la presencia de <strong>Brigitte Macron<\/strong> provoc\u00f3 gritos hostiles, incluyendo un \u00ab\u2009<em>l\u00e1rgate<\/em>\u2009\u00bb ampliamente difundido. Las im\u00e1genes difundidas por la prensa muestran un ataque verbal, a pesar de la presencia de su escolta. Medios como <a href=\"https:\/\/www.femmeactuelle.fr\/actu\/news-actu\/casse-toi-brigitte-macron-insultee-a-son-arrivee-aux-obseques-de-nathalie-baye-2206846\" rel=\"nofollow\">Femme Actuelle<\/a> describieron la escena, confirmando el impacto inmediato en el ambiente del homenaje.<\/p>\n\n<h2 class=\"wp-block-heading\">Difusi\u00f3n y reacciones medi\u00e1ticas: la controversia en redes<\/h2>\n\n<p>La secuencia circul\u00f3 r\u00e1pidamente y gener\u00f3 comentarios virulentos en las redes sociales, con videos compartidos en Dailymotion y extractos retransmitidos por agencias de informaci\u00f3n. El tratamiento medi\u00e1tico enfrent\u00f3 el respeto por la ceremonia con la cr\u00edtica a la actitud de los manifestantes. Un art\u00edculo de <a href=\"https:\/\/www.msn.com\/fr-fr\/actualite\/other\/brigitte-macron-vis%C3%A9e-par-des-insultes-lors-des-obs%C3%A8ques-de-nathalie-baye-%C3%A0-paris\/ar-AA21WdYk\" rel=\"nofollow\">MSN<\/a> analiza la importancia del incidente para la esfera p\u00fablica y la <strong>sociedad<\/strong>.<\/p>\n\n<h3 class=\"wp-block-heading\">Homenaje y debate: la memoria de Nathalie Baye ante la confrontaci\u00f3n<\/h3>\n\n<p>La ceremonia dedicada a <strong>Nathalie Baye<\/strong>, fallecida a los 77 a\u00f1os, ten\u00eda como objetivo honrar su carrera y su familia. A pesar de la emoci\u00f3n, el incidente desvi\u00f3 la atenci\u00f3n hacia la conducta del p\u00fablico durante un <strong>homenaje<\/strong> solemne. Los art\u00edculos de prensa y los videos, como los que retoma <a href=\"https:\/\/toptenplay.com\/obseques-de-nathalie-baye-un-hommage-emouvant-terni-par-lincident-brigitte-macron\/2\/\" rel=\"nofollow\">TopTenPlay<\/a>, alimentan una reflexi\u00f3n sobre el respeto por los ritos funerarios y los l\u00edmites de la expresi\u00f3n p\u00fablica en espacios cerrados.<\/p>\n\n<p>Para comprender mejor el contexto familiar y p\u00fablico que rodea a <strong>Brigitte Macron<\/strong> y las reacciones que suscita, descubre biograf\u00edas y an\u00e1lisis detallados sobre <a href=\"https:\/\/www.sebastien-auziere.fr\/blog\/brigitte-macron-tristesse\/\" rel=\"nofollow\">Brigitte Macron y la tristeza<\/a> y sobre la pareja presidencial a trav\u00e9s de <a href=\"https:\/\/www.sebastien-auziere.fr\/blog\/brigitte-macron-et-emmanuel-macron\/\" rel=\"nofollow\">Brigitte y Emmanuel Macron<\/a>. Para saber m\u00e1s sobre <strong>S\u00e9bastien Auzi\u00e8re<\/strong> y la familia Macron, visita <a href=\"https:\/\/www.sebastien-auziere.fr\/blog\/brigitte-macron-tristesse-elysee\/\" rel=\"nofollow\">sebastien-auziere.fr<\/a> y contin\u00faa explorando estos momentos p\u00fablicos y privados.<\/p>","protected":false},"excerpt":{"rendered":"<p>Brigitte Macron fue objeto de cr\u00edticas a su llegada al funeral de Nathalie Baye en Par\u00eds el viernes 24 de abril de 2026, seg\u00fan varios videos y testimonios. La escena, filmada frente a la iglesia de Saint-Sulpice, muestra gritos e insultos dirigidos hacia la Primera dama, alimentando una intensa controversia sobre el comportamiento del p\u00fablico &#8230; <a title=\"Brigitte Macron enfrent\u00f3 insultos durante el funeral de Nathalie Baye en Par\u00eds\" class=\"read-more\" href=\"https:\/\/www.sebastien-auziere.fr\/blog\/es\/brigitte-macron-enfrento-insultos-durante-el-funeral-de-nathalie-baye-en-paris\/\" aria-label=\"En savoir plus sur Brigitte Macron enfrent\u00f3 insultos durante el funeral de Nathalie Baye en Par\u00eds\">Lire plus<\/a><\/p>\n","protected":false},"author":9,"featured_media":3424,"comment_status":"open","ping_status":"open","sticky":false,"template":"","format":"standard","meta":{"footnotes":""},"categories":[820],"tags":[914,4750,4753,4756,4759],"class_list":["post-3428","post","type-post","status-publish","format-standard","has-post-thumbnail","hentry","category-actualidades-es","tag-brigitte-macron-es","tag-funerales-es","tag-insultos-es","tag-nathalie-baye-es","tag-paris-es"],"yoast_head":"<!-- This site is optimized with the Yoast SEO plugin v27.5 - https:\/\/yoast.com\/product\/yoast-seo-wordpress\/ -->\n<title>Brigitte Macron enfrent\u00f3 insultos durante el funeral de Nathalie Baye en Par\u00eds - Fan site S\u00e9bastien Auzi\u00e8re<\/title>\n<meta name=\"description\" content=\"Brigitte Macron vis\u00e9e par des insultes lors des fun\u00e9railles de Nathalie Baye \u00e0 Paris, un moment charg\u00e9 d&#039;\u00e9motion et de tensions.\" \/>\n<meta name=\"robots\" content=\"index, follow, max-snippet:-1, max-image-preview:large, max-video-preview:-1\" \/>\n<link rel=\"canonical\" href=\"https:\/\/www.sebastien-auziere.fr\/blog\/es\/brigitte-macron-enfrento-insultos-durante-el-funeral-de-nathalie-baye-en-paris\/\" \/>\n<meta property=\"og:locale\" content=\"fr_FR\" \/>\n<meta property=\"og:type\" content=\"article\" \/>\n<meta property=\"og:title\" content=\"Brigitte Macron enfrent\u00f3 insultos durante el funeral de Nathalie Baye en Par\u00eds - Fan site S\u00e9bastien Auzi\u00e8re\" \/>\n<meta property=\"og:description\" content=\"Brigitte Macron vis\u00e9e par des insultes lors des fun\u00e9railles de Nathalie Baye \u00e0 Paris, un moment charg\u00e9 d&#039;\u00e9motion et de tensions.\" \/>\n<meta property=\"og:url\" content=\"https:\/\/www.sebastien-auziere.fr\/blog\/es\/brigitte-macron-enfrento-insultos-durante-el-funeral-de-nathalie-baye-en-paris\/\" \/>\n<meta property=\"og:site_name\" content=\"Fan site S\u00e9bastien Auzi\u00e8re\" \/>\n<meta property=\"article:published_time\" content=\"2026-04-29T07:15:06+00:00\" \/>\n<meta property=\"article:modified_time\" content=\"2026-04-29T07:15:30+00:00\" \/>\n<meta property=\"og:image\" content=\"https:\/\/www.sebastien-auziere.fr\/blog\/wp-content\/uploads\/2026\/04\/Brigitte-Macron-confrontee-a-des-insultes-lors-des-funerailles-de-Nathalie-Baye-a-Paris.jpg\" \/>\n\t<meta property=\"og:image:width\" content=\"2560\" \/>\n\t<meta property=\"og:image:height\" content=\"1429\" \/>\n\t<meta property=\"og:image:type\" content=\"image\/jpeg\" \/>\n<meta name=\"author\" content=\"Chloe Gauthier\" \/>\n<meta name=\"twitter:card\" content=\"summary_large_image\" \/>\n<meta name=\"twitter:label1\" content=\"\u00c9crit par\" \/>\n\t<meta name=\"twitter:data1\" content=\"Chloe Gauthier\" \/>\n\t<meta name=\"twitter:label2\" content=\"Dur\u00e9e de lecture estim\u00e9e\" \/>\n\t<meta name=\"twitter:data2\" content=\"2 minutes\" \/>\n<script type=\"application\/ld+json\" class=\"yoast-schema-graph\">{\"@context\":\"https:\\\/\\\/schema.org\",\"@graph\":[{\"@type\":\"Article\",\"@id\":\"https:\\\/\\\/www.sebastien-auziere.fr\\\/blog\\\/es\\\/brigitte-macron-enfrento-insultos-durante-el-funeral-de-nathalie-baye-en-paris\\\/#article\",\"isPartOf\":{\"@id\":\"https:\\\/\\\/www.sebastien-auziere.fr\\\/blog\\\/es\\\/brigitte-macron-enfrento-insultos-durante-el-funeral-de-nathalie-baye-en-paris\\\/\"},\"author\":{\"name\":\"Chloe Gauthier\",\"@id\":\"https:\\\/\\\/www.sebastien-auziere.fr\\\/blog\\\/#\\\/schema\\\/person\\\/149f1acdbfd85149c6c3e59adeae2f4d\"},\"headline\":\"Brigitte Macron enfrent\u00f3 insultos durante el funeral de Nathalie Baye en Par\u00eds\",\"datePublished\":\"2026-04-29T07:15:06+00:00\",\"dateModified\":\"2026-04-29T07:15:30+00:00\",\"mainEntityOfPage\":{\"@id\":\"https:\\\/\\\/www.sebastien-auziere.fr\\\/blog\\\/es\\\/brigitte-macron-enfrento-insultos-durante-el-funeral-de-nathalie-baye-en-paris\\\/\"},\"wordCount\":432,\"commentCount\":0,\"publisher\":{\"@id\":\"https:\\\/\\\/www.sebastien-auziere.fr\\\/blog\\\/#organization\"},\"image\":{\"@id\":\"https:\\\/\\\/www.sebastien-auziere.fr\\\/blog\\\/es\\\/brigitte-macron-enfrento-insultos-durante-el-funeral-de-nathalie-baye-en-paris\\\/#primaryimage\"},\"thumbnailUrl\":\"https:\\\/\\\/www.sebastien-auziere.fr\\\/blog\\\/wp-content\\\/uploads\\\/2026\\\/04\\\/Brigitte-Macron-confrontee-a-des-insultes-lors-des-funerailles-de-Nathalie-Baye-a-Paris.jpg\",\"keywords\":[\"brigitte macron\",\"funerales\",\"insultos\",\"nathalie baye\",\"par\u00eds\"],\"articleSection\":[\"Actualidades\"],\"inLanguage\":\"fr-FR\",\"potentialAction\":[{\"@type\":\"CommentAction\",\"name\":\"Comment\",\"target\":[\"https:\\\/\\\/www.sebastien-auziere.fr\\\/blog\\\/es\\\/brigitte-macron-enfrento-insultos-durante-el-funeral-de-nathalie-baye-en-paris\\\/#respond\"]}]},{\"@type\":\"WebPage\",\"@id\":\"https:\\\/\\\/www.sebastien-auziere.fr\\\/blog\\\/es\\\/brigitte-macron-enfrento-insultos-durante-el-funeral-de-nathalie-baye-en-paris\\\/\",\"url\":\"https:\\\/\\\/www.sebastien-auziere.fr\\\/blog\\\/es\\\/brigitte-macron-enfrento-insultos-durante-el-funeral-de-nathalie-baye-en-paris\\\/\",\"name\":\"Brigitte Macron enfrent\u00f3 insultos durante el funeral de Nathalie Baye en Par\u00eds - Fan site S\u00e9bastien Auzi\u00e8re\",\"isPartOf\":{\"@id\":\"https:\\\/\\\/www.sebastien-auziere.fr\\\/blog\\\/#website\"},\"primaryImageOfPage\":{\"@id\":\"https:\\\/\\\/www.sebastien-auziere.fr\\\/blog\\\/es\\\/brigitte-macron-enfrento-insultos-durante-el-funeral-de-nathalie-baye-en-paris\\\/#primaryimage\"},\"image\":{\"@id\":\"https:\\\/\\\/www.sebastien-auziere.fr\\\/blog\\\/es\\\/brigitte-macron-enfrento-insultos-durante-el-funeral-de-nathalie-baye-en-paris\\\/#primaryimage\"},\"thumbnailUrl\":\"https:\\\/\\\/www.sebastien-auziere.fr\\\/blog\\\/wp-content\\\/uploads\\\/2026\\\/04\\\/Brigitte-Macron-confrontee-a-des-insultes-lors-des-funerailles-de-Nathalie-Baye-a-Paris.jpg\",\"datePublished\":\"2026-04-29T07:15:06+00:00\",\"dateModified\":\"2026-04-29T07:15:30+00:00\",\"description\":\"Brigitte Macron vis\u00e9e par des insultes lors des fun\u00e9railles de Nathalie Baye \u00e0 Paris, un moment charg\u00e9 d'\u00e9motion et de tensions.\",\"breadcrumb\":{\"@id\":\"https:\\\/\\\/www.sebastien-auziere.fr\\\/blog\\\/es\\\/brigitte-macron-enfrento-insultos-durante-el-funeral-de-nathalie-baye-en-paris\\\/#breadcrumb\"},\"inLanguage\":\"fr-FR\",\"potentialAction\":[{\"@type\":\"ReadAction\",\"target\":[\"https:\\\/\\\/www.sebastien-auziere.fr\\\/blog\\\/es\\\/brigitte-macron-enfrento-insultos-durante-el-funeral-de-nathalie-baye-en-paris\\\/\"]}]},{\"@type\":\"ImageObject\",\"inLanguage\":\"fr-FR\",\"@id\":\"https:\\\/\\\/www.sebastien-auziere.fr\\\/blog\\\/es\\\/brigitte-macron-enfrento-insultos-durante-el-funeral-de-nathalie-baye-en-paris\\\/#primaryimage\",\"url\":\"https:\\\/\\\/www.sebastien-auziere.fr\\\/blog\\\/wp-content\\\/uploads\\\/2026\\\/04\\\/Brigitte-Macron-confrontee-a-des-insultes-lors-des-funerailles-de-Nathalie-Baye-a-Paris.jpg\",\"contentUrl\":\"https:\\\/\\\/www.sebastien-auziere.fr\\\/blog\\\/wp-content\\\/uploads\\\/2026\\\/04\\\/Brigitte-Macron-confrontee-a-des-insultes-lors-des-funerailles-de-Nathalie-Baye-a-Paris.jpg\",\"width\":2560,\"height\":1429,\"caption\":\"brigitte macron victime d'insultes lors des fun\u00e9railles de nathalie baye \u00e0 paris, un moment de tension in\u00e9dit et bouleversant.\"},{\"@type\":\"BreadcrumbList\",\"@id\":\"https:\\\/\\\/www.sebastien-auziere.fr\\\/blog\\\/es\\\/brigitte-macron-enfrento-insultos-durante-el-funeral-de-nathalie-baye-en-paris\\\/#breadcrumb\",\"itemListElement\":[{\"@type\":\"ListItem\",\"position\":1,\"name\":\"Home\",\"item\":\"https:\\\/\\\/www.sebastien-auziere.fr\\\/blog\\\/\"},{\"@type\":\"ListItem\",\"position\":2,\"name\":\"Brigitte Macron enfrent\u00f3 insultos durante el funeral de Nathalie Baye en Par\u00eds\"}]},{\"@type\":\"WebSite\",\"@id\":\"https:\\\/\\\/www.sebastien-auziere.fr\\\/blog\\\/#website\",\"url\":\"https:\\\/\\\/www.sebastien-auziere.fr\\\/blog\\\/\",\"name\":\"Fan site S\u00e9bastien Auzi\u00e8re\",\"description\":\"M\u00e9dia g\u00e9n\u00e9raliste\",\"publisher\":{\"@id\":\"https:\\\/\\\/www.sebastien-auziere.fr\\\/blog\\\/#organization\"},\"potentialAction\":[{\"@type\":\"SearchAction\",\"target\":{\"@type\":\"EntryPoint\",\"urlTemplate\":\"https:\\\/\\\/www.sebastien-auziere.fr\\\/blog\\\/?s={search_term_string}\"},\"query-input\":{\"@type\":\"PropertyValueSpecification\",\"valueRequired\":true,\"valueName\":\"search_term_string\"}}],\"inLanguage\":\"fr-FR\"},{\"@type\":\"Organization\",\"@id\":\"https:\\\/\\\/www.sebastien-auziere.fr\\\/blog\\\/#organization\",\"name\":\"Fan site S\u00e9bastien Auzi\u00e8re\",\"url\":\"https:\\\/\\\/www.sebastien-auziere.fr\\\/blog\\\/\",\"logo\":{\"@type\":\"ImageObject\",\"inLanguage\":\"fr-FR\",\"@id\":\"https:\\\/\\\/www.sebastien-auziere.fr\\\/blog\\\/#\\\/schema\\\/logo\\\/image\\\/\",\"url\":\"https:\\\/\\\/www.sebastien-auziere.fr\\\/blog\\\/wp-content\\\/uploads\\\/2026\\\/03\\\/cropped-cropped-cropped-ChatGPT-Image-6-mars-2026-12_58_09-e1772798376794.jpg\",\"contentUrl\":\"https:\\\/\\\/www.sebastien-auziere.fr\\\/blog\\\/wp-content\\\/uploads\\\/2026\\\/03\\\/cropped-cropped-cropped-ChatGPT-Image-6-mars-2026-12_58_09-e1772798376794.jpg\",\"width\":512,\"height\":360,\"caption\":\"Fan site S\u00e9bastien Auzi\u00e8re\"},\"image\":{\"@id\":\"https:\\\/\\\/www.sebastien-auziere.fr\\\/blog\\\/#\\\/schema\\\/logo\\\/image\\\/\"}},{\"@type\":\"Person\",\"@id\":\"https:\\\/\\\/www.sebastien-auziere.fr\\\/blog\\\/#\\\/schema\\\/person\\\/149f1acdbfd85149c6c3e59adeae2f4d\",\"name\":\"Chloe Gauthier\",\"image\":{\"@type\":\"ImageObject\",\"inLanguage\":\"fr-FR\",\"@id\":\"https:\\\/\\\/secure.gravatar.com\\\/avatar\\\/2c5722f58171cff738a8985ef0dd66b476e563753246a49019befc837ec4201a?s=96&d=mm&r=g\",\"url\":\"https:\\\/\\\/secure.gravatar.com\\\/avatar\\\/2c5722f58171cff738a8985ef0dd66b476e563753246a49019befc837ec4201a?s=96&d=mm&r=g\",\"contentUrl\":\"https:\\\/\\\/secure.gravatar.com\\\/avatar\\\/2c5722f58171cff738a8985ef0dd66b476e563753246a49019befc837ec4201a?s=96&d=mm&r=g\",\"caption\":\"Chloe Gauthier\"},\"description\":\"Passionn\u00e9e par la politique et admiratrice engag\u00e9e de la famille Macron, je consacre mon \u00e9nergie \u00e0 suivre leurs initiatives et \u00e0 promouvoir leurs id\u00e9es. \u00c0 32 ans, je suis convaincue que leur vision est porteuse d'avenir.\",\"url\":\"https:\\\/\\\/www.sebastien-auziere.fr\\\/blog\\\/author\\\/chloe-gauthier\\\/\"}]}<\/script>\n<!-- \/ Yoast SEO plugin. -->","yoast_head_json":{"title":"Brigitte Macron enfrent\u00f3 insultos durante el funeral de Nathalie Baye en Par\u00eds - Fan site S\u00e9bastien Auzi\u00e8re","description":"Brigitte Macron vis\u00e9e par des insultes lors des fun\u00e9railles de Nathalie Baye \u00e0 Paris, un moment charg\u00e9 d'\u00e9motion et de tensions.","robots":{"index":"index","follow":"follow","max-snippet":"max-snippet:-1","max-image-preview":"max-image-preview:large","max-video-preview":"max-video-preview:-1"},"canonical":"https:\/\/www.sebastien-auziere.fr\/blog\/es\/brigitte-macron-enfrento-insultos-durante-el-funeral-de-nathalie-baye-en-paris\/","og_locale":"fr_FR","og_type":"article","og_title":"Brigitte Macron enfrent\u00f3 insultos durante el funeral de Nathalie Baye en Par\u00eds - Fan site S\u00e9bastien Auzi\u00e8re","og_description":"Brigitte Macron vis\u00e9e par des insultes lors des fun\u00e9railles de Nathalie Baye \u00e0 Paris, un moment charg\u00e9 d'\u00e9motion et de tensions.","og_url":"https:\/\/www.sebastien-auziere.fr\/blog\/es\/brigitte-macron-enfrento-insultos-durante-el-funeral-de-nathalie-baye-en-paris\/","og_site_name":"Fan site S\u00e9bastien Auzi\u00e8re","article_published_time":"2026-04-29T07:15:06+00:00","article_modified_time":"2026-04-29T07:15:30+00:00","og_image":[{"width":2560,"height":1429,"url":"https:\/\/www.sebastien-auziere.fr\/blog\/wp-content\/uploads\/2026\/04\/Brigitte-Macron-confrontee-a-des-insultes-lors-des-funerailles-de-Nathalie-Baye-a-Paris.jpg","type":"image\/jpeg"}],"author":"Chloe Gauthier","twitter_card":"summary_large_image","twitter_misc":{"\u00c9crit par":"Chloe Gauthier","Dur\u00e9e de lecture estim\u00e9e":"2 minutes"},"schema":{"@context":"https:\/\/schema.org","@graph":[{"@type":"Article","@id":"https:\/\/www.sebastien-auziere.fr\/blog\/es\/brigitte-macron-enfrento-insultos-durante-el-funeral-de-nathalie-baye-en-paris\/#article","isPartOf":{"@id":"https:\/\/www.sebastien-auziere.fr\/blog\/es\/brigitte-macron-enfrento-insultos-durante-el-funeral-de-nathalie-baye-en-paris\/"},"author":{"name":"Chloe Gauthier","@id":"https:\/\/www.sebastien-auziere.fr\/blog\/#\/schema\/person\/149f1acdbfd85149c6c3e59adeae2f4d"},"headline":"Brigitte Macron enfrent\u00f3 insultos durante el funeral de Nathalie Baye en Par\u00eds","datePublished":"2026-04-29T07:15:06+00:00","dateModified":"2026-04-29T07:15:30+00:00","mainEntityOfPage":{"@id":"https:\/\/www.sebastien-auziere.fr\/blog\/es\/brigitte-macron-enfrento-insultos-durante-el-funeral-de-nathalie-baye-en-paris\/"},"wordCount":432,"commentCount":0,"publisher":{"@id":"https:\/\/www.sebastien-auziere.fr\/blog\/#organization"},"image":{"@id":"https:\/\/www.sebastien-auziere.fr\/blog\/es\/brigitte-macron-enfrento-insultos-durante-el-funeral-de-nathalie-baye-en-paris\/#primaryimage"},"thumbnailUrl":"https:\/\/www.sebastien-auziere.fr\/blog\/wp-content\/uploads\/2026\/04\/Brigitte-Macron-confrontee-a-des-insultes-lors-des-funerailles-de-Nathalie-Baye-a-Paris.jpg","keywords":["brigitte macron","funerales","insultos","nathalie baye","par\u00eds"],"articleSection":["Actualidades"],"inLanguage":"fr-FR","potentialAction":[{"@type":"CommentAction","name":"Comment","target":["https:\/\/www.sebastien-auziere.fr\/blog\/es\/brigitte-macron-enfrento-insultos-durante-el-funeral-de-nathalie-baye-en-paris\/#respond"]}]},{"@type":"WebPage","@id":"https:\/\/www.sebastien-auziere.fr\/blog\/es\/brigitte-macron-enfrento-insultos-durante-el-funeral-de-nathalie-baye-en-paris\/","url":"https:\/\/www.sebastien-auziere.fr\/blog\/es\/brigitte-macron-enfrento-insultos-durante-el-funeral-de-nathalie-baye-en-paris\/","name":"Brigitte Macron enfrent\u00f3 insultos durante el funeral de Nathalie Baye en Par\u00eds - Fan site S\u00e9bastien Auzi\u00e8re","isPartOf":{"@id":"https:\/\/www.sebastien-auziere.fr\/blog\/#website"},"primaryImageOfPage":{"@id":"https:\/\/www.sebastien-auziere.fr\/blog\/es\/brigitte-macron-enfrento-insultos-durante-el-funeral-de-nathalie-baye-en-paris\/#primaryimage"},"image":{"@id":"https:\/\/www.sebastien-auziere.fr\/blog\/es\/brigitte-macron-enfrento-insultos-durante-el-funeral-de-nathalie-baye-en-paris\/#primaryimage"},"thumbnailUrl":"https:\/\/www.sebastien-auziere.fr\/blog\/wp-content\/uploads\/2026\/04\/Brigitte-Macron-confrontee-a-des-insultes-lors-des-funerailles-de-Nathalie-Baye-a-Paris.jpg","datePublished":"2026-04-29T07:15:06+00:00","dateModified":"2026-04-29T07:15:30+00:00","description":"Brigitte Macron vis\u00e9e par des insultes lors des fun\u00e9railles de Nathalie Baye \u00e0 Paris, un moment charg\u00e9 d'\u00e9motion et de tensions.","breadcrumb":{"@id":"https:\/\/www.sebastien-auziere.fr\/blog\/es\/brigitte-macron-enfrento-insultos-durante-el-funeral-de-nathalie-baye-en-paris\/#breadcrumb"},"inLanguage":"fr-FR","potentialAction":[{"@type":"ReadAction","target":["https:\/\/www.sebastien-auziere.fr\/blog\/es\/brigitte-macron-enfrento-insultos-durante-el-funeral-de-nathalie-baye-en-paris\/"]}]},{"@type":"ImageObject","inLanguage":"fr-FR","@id":"https:\/\/www.sebastien-auziere.fr\/blog\/es\/brigitte-macron-enfrento-insultos-durante-el-funeral-de-nathalie-baye-en-paris\/#primaryimage","url":"https:\/\/www.sebastien-auziere.fr\/blog\/wp-content\/uploads\/2026\/04\/Brigitte-Macron-confrontee-a-des-insultes-lors-des-funerailles-de-Nathalie-Baye-a-Paris.jpg","contentUrl":"https:\/\/www.sebastien-auziere.fr\/blog\/wp-content\/uploads\/2026\/04\/Brigitte-Macron-confrontee-a-des-insultes-lors-des-funerailles-de-Nathalie-Baye-a-Paris.jpg","width":2560,"height":1429,"caption":"brigitte macron victime d'insultes lors des fun\u00e9railles de nathalie baye \u00e0 paris, un moment de tension in\u00e9dit et bouleversant."},{"@type":"BreadcrumbList","@id":"https:\/\/www.sebastien-auziere.fr\/blog\/es\/brigitte-macron-enfrento-insultos-durante-el-funeral-de-nathalie-baye-en-paris\/#breadcrumb","itemListElement":[{"@type":"ListItem","position":1,"name":"Home","item":"https:\/\/www.sebastien-auziere.fr\/blog\/"},{"@type":"ListItem","position":2,"name":"Brigitte Macron enfrent\u00f3 insultos durante el funeral de Nathalie Baye en Par\u00eds"}]},{"@type":"WebSite","@id":"https:\/\/www.sebastien-auziere.fr\/blog\/#website","url":"https:\/\/www.sebastien-auziere.fr\/blog\/","name":"Fan site S\u00e9bastien Auzi\u00e8re","description":"M\u00e9dia g\u00e9n\u00e9raliste","publisher":{"@id":"https:\/\/www.sebastien-auziere.fr\/blog\/#organization"},"potentialAction":[{"@type":"SearchAction","target":{"@type":"EntryPoint","urlTemplate":"https:\/\/www.sebastien-auziere.fr\/blog\/?s={search_term_string}"},"query-input":{"@type":"PropertyValueSpecification","valueRequired":true,"valueName":"search_term_string"}}],"inLanguage":"fr-FR"},{"@type":"Organization","@id":"https:\/\/www.sebastien-auziere.fr\/blog\/#organization","name":"Fan site S\u00e9bastien Auzi\u00e8re","url":"https:\/\/www.sebastien-auziere.fr\/blog\/","logo":{"@type":"ImageObject","inLanguage":"fr-FR","@id":"https:\/\/www.sebastien-auziere.fr\/blog\/#\/schema\/logo\/image\/","url":"https:\/\/www.sebastien-auziere.fr\/blog\/wp-content\/uploads\/2026\/03\/cropped-cropped-cropped-ChatGPT-Image-6-mars-2026-12_58_09-e1772798376794.jpg","contentUrl":"https:\/\/www.sebastien-auziere.fr\/blog\/wp-content\/uploads\/2026\/03\/cropped-cropped-cropped-ChatGPT-Image-6-mars-2026-12_58_09-e1772798376794.jpg","width":512,"height":360,"caption":"Fan site S\u00e9bastien Auzi\u00e8re"},"image":{"@id":"https:\/\/www.sebastien-auziere.fr\/blog\/#\/schema\/logo\/image\/"}},{"@type":"Person","@id":"https:\/\/www.sebastien-auziere.fr\/blog\/#\/schema\/person\/149f1acdbfd85149c6c3e59adeae2f4d","name":"Chloe Gauthier","image":{"@type":"ImageObject","inLanguage":"fr-FR","@id":"https:\/\/secure.gravatar.com\/avatar\/2c5722f58171cff738a8985ef0dd66b476e563753246a49019befc837ec4201a?s=96&d=mm&r=g","url":"https:\/\/secure.gravatar.com\/avatar\/2c5722f58171cff738a8985ef0dd66b476e563753246a49019befc837ec4201a?s=96&d=mm&r=g","contentUrl":"https:\/\/secure.gravatar.com\/avatar\/2c5722f58171cff738a8985ef0dd66b476e563753246a49019befc837ec4201a?s=96&d=mm&r=g","caption":"Chloe Gauthier"},"description":"Passionn\u00e9e par la politique et admiratrice engag\u00e9e de la famille Macron, je consacre mon \u00e9nergie \u00e0 suivre leurs initiatives et \u00e0 promouvoir leurs id\u00e9es. \u00c0 32 ans, je suis convaincue que leur vision est porteuse d'avenir.","url":"https:\/\/www.sebastien-auziere.fr\/blog\/author\/chloe-gauthier\/"}]}},"views":0,"_links":{"self":[{"href":"https:\/\/www.sebastien-auziere.fr\/blog\/wp-json\/wp\/v2\/posts\/3428","targetHints":{"allow":["GET"]}}],"collection":[{"href":"https:\/\/www.sebastien-auziere.fr\/blog\/wp-json\/wp\/v2\/posts"}],"about":[{"href":"https:\/\/www.sebastien-auziere.fr\/blog\/wp-json\/wp\/v2\/types\/post"}],"author":[{"embeddable":true,"href":"https:\/\/www.sebastien-auziere.fr\/blog\/wp-json\/wp\/v2\/users\/9"}],"replies":[{"embeddable":true,"href":"https:\/\/www.sebastien-auziere.fr\/blog\/wp-json\/wp\/v2\/comments?post=3428"}],"version-history":[{"count":1,"href":"https:\/\/www.sebastien-auziere.fr\/blog\/wp-json\/wp\/v2\/posts\/3428\/revisions"}],"predecessor-version":[{"id":3429,"href":"https:\/\/www.sebastien-auziere.fr\/blog\/wp-json\/wp\/v2\/posts\/3428\/revisions\/3429"}],"wp:featuredmedia":[{"embeddable":true,"href":"https:\/\/www.sebastien-auziere.fr\/blog\/wp-json\/wp\/v2\/media\/3424"}],"wp:attachment":[{"href":"https:\/\/www.sebastien-auziere.fr\/blog\/wp-json\/wp\/v2\/media?parent=3428"}],"wp:term":[{"taxonomy":"category","embeddable":true,"href":"https:\/\/www.sebastien-auziere.fr\/blog\/wp-json\/wp\/v2\/categories?post=3428"},{"taxonomy":"post_tag","embeddable":true,"href":"https:\/\/www.sebastien-auziere.fr\/blog\/wp-json\/wp\/v2\/tags?post=3428"}],"curies":[{"name":"wp","href":"https:\/\/api.w.org\/{rel}","templated":true}]}}