{"id":3426,"date":"2026-04-29T07:14:42","date_gmt":"2026-04-29T07:14:42","guid":{"rendered":"https:\/\/www.sebastien-auziere.fr\/blog\/?p=3426"},"modified":"2026-04-29T07:15:05","modified_gmt":"2026-04-29T07:15:05","slug":"brigitte-macron-confronted-with-insults-during-nathalie-bayes-funeral-in-paris","status":"publish","type":"post","link":"https:\/\/www.sebastien-auziere.fr\/blog\/en\/brigitte-macron-confronted-with-insults-during-nathalie-bayes-funeral-in-paris\/","title":{"rendered":"Brigitte Macron confronted with insults during Nathalie Baye&rsquo;s funeral in Paris"},"content":{"rendered":"<p><strong>Brigitte Macron<\/strong> was confronted upon her arrival at the funeral of <strong>Nathalie Baye<\/strong> in <strong>Paris<\/strong> on Friday, April 24, 2026, according to several videos and testimonies. The scene, filmed outside the Saint-Sulpice church, shows shouts and <strong>insults<\/strong> directed at the First Lady, fueling a fierce <strong>controversy<\/strong> over public behavior during a <strong>public event<\/strong>.<\/p>\n\n<p><strong>In brief<\/strong> : arrival of <strong>Brigitte Macron<\/strong> at the funeral of <strong>Nathalie Baye<\/strong>, shouts captured and shared on social media, media reactions, and debate on the respect for <strong>funerals<\/strong> and public figures. The ceremony, marked by an emotional <strong>homage<\/strong>, quickly turned into a confrontation relayed by the national press.<\/p>\n\n<h2 class=\"wp-block-heading\">Arrival at Saint-Sulpice: insults against Brigitte Macron during the funeral<\/h2>\n\n<p>Upon her arrival at the Saint-Sulpice church, the presence of <strong>Brigitte Macron<\/strong> triggered hostile shouts, including a widely relayed \u201c<em>get lost<\/em>.\u201d Footage broadcast by the press shows a verbal confrontation, despite the presence of her escort. Media outlets such as <a href=\"https:\/\/www.femmeactuelle.fr\/actu\/news-actu\/casse-toi-brigitte-macron-insultee-a-son-arrivee-aux-obseques-de-nathalie-baye-2206846\" rel=\"nofollow\">Femme Actuelle<\/a> described the scene, confirming the immediate impact on the atmosphere of the tribute.<\/p>\n\n<h2 class=\"wp-block-heading\">Broadcast and media reactions: the controversy on social media<\/h2>\n\n<p>The sequence quickly circulated and generated virulent comments on social media, with videos shared on Dailymotion and clips relayed by news agencies. The media coverage juxtaposed respect for the ceremony with criticism of the protesters&rsquo; behavior. An article from <a href=\"https:\/\/www.msn.com\/fr-fr\/actualite\/other\/brigitte-macron-vis%C3%A9e-par-des-insultes-lors-des-obs%C3%A8ques-de-nathalie-baye-%C3%A0-paris\/ar-AA21WdYk\" rel=\"nofollow\">MSN<\/a> analyzes the significance of the incident for the public sphere and <strong>society<\/strong>.<\/p>\n\n<h3 class=\"wp-block-heading\">Tribute and debate: the memory of Nathalie Baye facing the confrontation<\/h3>\n\n<p>The ceremony held for <strong>Nathalie Baye<\/strong>, who passed away at 77, aimed first to honor her career and her family. Despite the emotion, the incident shifted the focus onto the public&rsquo;s conduct during a <strong>solemn tribute<\/strong>. Press articles and videos, like those featured by <a href=\"https:\/\/toptenplay.com\/obseques-de-nathalie-baye-un-hommage-emouvant-terni-par-lincident-brigitte-macron\/2\/\" rel=\"nofollow\">TopTenPlay<\/a>, fuel a reflection on the respect for funeral rites and the limits of public expression in enclosed spaces.<\/p>\n\n<p>To better understand the family and public context surrounding <strong>Brigitte Macron<\/strong> and the reactions she provokes, discover detailed biographies and analyses on <a href=\"https:\/\/www.sebastien-auziere.fr\/blog\/brigitte-macron-tristesse\/\" rel=\"nofollow\">Brigitte Macron and sadness<\/a> and on the presidential couple via <a href=\"https:\/\/www.sebastien-auziere.fr\/blog\/brigitte-macron-et-emmanuel-macron\/\" rel=\"nofollow\">Brigitte and Emmanuel Macron<\/a>. To learn more about <strong>S\u00e9bastien Auzi\u00e8re<\/strong> and the Macron family, visit <a href=\"https:\/\/www.sebastien-auziere.fr\/blog\/brigitte-macron-tristesse-elysee\/\" rel=\"nofollow\">sebastien-auziere.fr<\/a> and continue exploring these public and private moments.<\/p>","protected":false},"excerpt":{"rendered":"<p>Brigitte Macron was confronted upon her arrival at the funeral of Nathalie Baye in Paris on Friday, April 24, 2026, according to several videos and testimonies. The scene, filmed outside the Saint-Sulpice church, shows shouts and insults directed at the First Lady, fueling a fierce controversy over public behavior during a public event. In brief &#8230; <a title=\"Brigitte Macron confronted with insults during Nathalie Baye&rsquo;s funeral in Paris\" class=\"read-more\" href=\"https:\/\/www.sebastien-auziere.fr\/blog\/en\/brigitte-macron-confronted-with-insults-during-nathalie-bayes-funeral-in-paris\/\" aria-label=\"En savoir plus sur Brigitte Macron confronted with insults during Nathalie Baye&rsquo;s funeral in Paris\">Lire plus<\/a><\/p>\n","protected":false},"author":9,"featured_media":3424,"comment_status":"open","ping_status":"open","sticky":false,"template":"","format":"standard","meta":{"footnotes":""},"categories":[816],"tags":[898,4737,4740,4743,4746],"class_list":["post-3426","post","type-post","status-publish","format-standard","has-post-thumbnail","hentry","category-news","tag-brigitte-macron-en","tag-funerals-en","tag-insults-en","tag-nathalie-baye-en","tag-paris-en"],"yoast_head":"<!-- This site is optimized with the Yoast SEO plugin v27.5 - https:\/\/yoast.com\/product\/yoast-seo-wordpress\/ -->\n<title>Brigitte Macron confronted with insults during Nathalie Baye&#039;s funeral in Paris - Fan site S\u00e9bastien Auzi\u00e8re<\/title>\n<meta name=\"description\" content=\"Brigitte Macron vis\u00e9e par des insultes lors des fun\u00e9railles de Nathalie Baye \u00e0 Paris, un moment charg\u00e9 d&#039;\u00e9motion et de tensions.\" \/>\n<meta name=\"robots\" content=\"index, follow, max-snippet:-1, max-image-preview:large, max-video-preview:-1\" \/>\n<link rel=\"canonical\" href=\"https:\/\/www.sebastien-auziere.fr\/blog\/en\/brigitte-macron-confronted-with-insults-during-nathalie-bayes-funeral-in-paris\/\" \/>\n<meta property=\"og:locale\" content=\"fr_FR\" \/>\n<meta property=\"og:type\" content=\"article\" \/>\n<meta property=\"og:title\" content=\"Brigitte Macron confronted with insults during Nathalie Baye&#039;s funeral in Paris - Fan site S\u00e9bastien Auzi\u00e8re\" \/>\n<meta property=\"og:description\" content=\"Brigitte Macron vis\u00e9e par des insultes lors des fun\u00e9railles de Nathalie Baye \u00e0 Paris, un moment charg\u00e9 d&#039;\u00e9motion et de tensions.\" \/>\n<meta property=\"og:url\" content=\"https:\/\/www.sebastien-auziere.fr\/blog\/en\/brigitte-macron-confronted-with-insults-during-nathalie-bayes-funeral-in-paris\/\" \/>\n<meta property=\"og:site_name\" content=\"Fan site S\u00e9bastien Auzi\u00e8re\" \/>\n<meta property=\"article:published_time\" content=\"2026-04-29T07:14:42+00:00\" \/>\n<meta property=\"article:modified_time\" content=\"2026-04-29T07:15:05+00:00\" \/>\n<meta property=\"og:image\" content=\"https:\/\/www.sebastien-auziere.fr\/blog\/wp-content\/uploads\/2026\/04\/Brigitte-Macron-confrontee-a-des-insultes-lors-des-funerailles-de-Nathalie-Baye-a-Paris.jpg\" \/>\n\t<meta property=\"og:image:width\" content=\"2560\" \/>\n\t<meta property=\"og:image:height\" content=\"1429\" \/>\n\t<meta property=\"og:image:type\" content=\"image\/jpeg\" \/>\n<meta name=\"author\" content=\"Chloe Gauthier\" \/>\n<meta name=\"twitter:card\" content=\"summary_large_image\" \/>\n<meta name=\"twitter:label1\" content=\"\u00c9crit par\" \/>\n\t<meta name=\"twitter:data1\" content=\"Chloe Gauthier\" \/>\n\t<meta name=\"twitter:label2\" content=\"Dur\u00e9e de lecture estim\u00e9e\" \/>\n\t<meta name=\"twitter:data2\" content=\"2 minutes\" \/>\n<script type=\"application\/ld+json\" class=\"yoast-schema-graph\">{\"@context\":\"https:\\\/\\\/schema.org\",\"@graph\":[{\"@type\":\"Article\",\"@id\":\"https:\\\/\\\/www.sebastien-auziere.fr\\\/blog\\\/en\\\/brigitte-macron-confronted-with-insults-during-nathalie-bayes-funeral-in-paris\\\/#article\",\"isPartOf\":{\"@id\":\"https:\\\/\\\/www.sebastien-auziere.fr\\\/blog\\\/en\\\/brigitte-macron-confronted-with-insults-during-nathalie-bayes-funeral-in-paris\\\/\"},\"author\":{\"name\":\"Chloe Gauthier\",\"@id\":\"https:\\\/\\\/www.sebastien-auziere.fr\\\/blog\\\/#\\\/schema\\\/person\\\/149f1acdbfd85149c6c3e59adeae2f4d\"},\"headline\":\"Brigitte Macron confronted with insults during Nathalie Baye&rsquo;s funeral in Paris\",\"datePublished\":\"2026-04-29T07:14:42+00:00\",\"dateModified\":\"2026-04-29T07:15:05+00:00\",\"mainEntityOfPage\":{\"@id\":\"https:\\\/\\\/www.sebastien-auziere.fr\\\/blog\\\/en\\\/brigitte-macron-confronted-with-insults-during-nathalie-bayes-funeral-in-paris\\\/\"},\"wordCount\":368,\"commentCount\":0,\"publisher\":{\"@id\":\"https:\\\/\\\/www.sebastien-auziere.fr\\\/blog\\\/#organization\"},\"image\":{\"@id\":\"https:\\\/\\\/www.sebastien-auziere.fr\\\/blog\\\/en\\\/brigitte-macron-confronted-with-insults-during-nathalie-bayes-funeral-in-paris\\\/#primaryimage\"},\"thumbnailUrl\":\"https:\\\/\\\/www.sebastien-auziere.fr\\\/blog\\\/wp-content\\\/uploads\\\/2026\\\/04\\\/Brigitte-Macron-confrontee-a-des-insultes-lors-des-funerailles-de-Nathalie-Baye-a-Paris.jpg\",\"keywords\":[\"brigitte macron\",\"funerals\",\"insults\",\"nathalie baye\",\"paris\"],\"articleSection\":[\"News\"],\"inLanguage\":\"fr-FR\",\"potentialAction\":[{\"@type\":\"CommentAction\",\"name\":\"Comment\",\"target\":[\"https:\\\/\\\/www.sebastien-auziere.fr\\\/blog\\\/en\\\/brigitte-macron-confronted-with-insults-during-nathalie-bayes-funeral-in-paris\\\/#respond\"]}]},{\"@type\":\"WebPage\",\"@id\":\"https:\\\/\\\/www.sebastien-auziere.fr\\\/blog\\\/en\\\/brigitte-macron-confronted-with-insults-during-nathalie-bayes-funeral-in-paris\\\/\",\"url\":\"https:\\\/\\\/www.sebastien-auziere.fr\\\/blog\\\/en\\\/brigitte-macron-confronted-with-insults-during-nathalie-bayes-funeral-in-paris\\\/\",\"name\":\"Brigitte Macron confronted with insults during Nathalie Baye's funeral in Paris - Fan site S\u00e9bastien Auzi\u00e8re\",\"isPartOf\":{\"@id\":\"https:\\\/\\\/www.sebastien-auziere.fr\\\/blog\\\/#website\"},\"primaryImageOfPage\":{\"@id\":\"https:\\\/\\\/www.sebastien-auziere.fr\\\/blog\\\/en\\\/brigitte-macron-confronted-with-insults-during-nathalie-bayes-funeral-in-paris\\\/#primaryimage\"},\"image\":{\"@id\":\"https:\\\/\\\/www.sebastien-auziere.fr\\\/blog\\\/en\\\/brigitte-macron-confronted-with-insults-during-nathalie-bayes-funeral-in-paris\\\/#primaryimage\"},\"thumbnailUrl\":\"https:\\\/\\\/www.sebastien-auziere.fr\\\/blog\\\/wp-content\\\/uploads\\\/2026\\\/04\\\/Brigitte-Macron-confrontee-a-des-insultes-lors-des-funerailles-de-Nathalie-Baye-a-Paris.jpg\",\"datePublished\":\"2026-04-29T07:14:42+00:00\",\"dateModified\":\"2026-04-29T07:15:05+00:00\",\"description\":\"Brigitte Macron vis\u00e9e par des insultes lors des fun\u00e9railles de Nathalie Baye \u00e0 Paris, un moment charg\u00e9 d'\u00e9motion et de tensions.\",\"breadcrumb\":{\"@id\":\"https:\\\/\\\/www.sebastien-auziere.fr\\\/blog\\\/en\\\/brigitte-macron-confronted-with-insults-during-nathalie-bayes-funeral-in-paris\\\/#breadcrumb\"},\"inLanguage\":\"fr-FR\",\"potentialAction\":[{\"@type\":\"ReadAction\",\"target\":[\"https:\\\/\\\/www.sebastien-auziere.fr\\\/blog\\\/en\\\/brigitte-macron-confronted-with-insults-during-nathalie-bayes-funeral-in-paris\\\/\"]}]},{\"@type\":\"ImageObject\",\"inLanguage\":\"fr-FR\",\"@id\":\"https:\\\/\\\/www.sebastien-auziere.fr\\\/blog\\\/en\\\/brigitte-macron-confronted-with-insults-during-nathalie-bayes-funeral-in-paris\\\/#primaryimage\",\"url\":\"https:\\\/\\\/www.sebastien-auziere.fr\\\/blog\\\/wp-content\\\/uploads\\\/2026\\\/04\\\/Brigitte-Macron-confrontee-a-des-insultes-lors-des-funerailles-de-Nathalie-Baye-a-Paris.jpg\",\"contentUrl\":\"https:\\\/\\\/www.sebastien-auziere.fr\\\/blog\\\/wp-content\\\/uploads\\\/2026\\\/04\\\/Brigitte-Macron-confrontee-a-des-insultes-lors-des-funerailles-de-Nathalie-Baye-a-Paris.jpg\",\"width\":2560,\"height\":1429,\"caption\":\"brigitte macron victime d'insultes lors des fun\u00e9railles de nathalie baye \u00e0 paris, un moment de tension in\u00e9dit et bouleversant.\"},{\"@type\":\"BreadcrumbList\",\"@id\":\"https:\\\/\\\/www.sebastien-auziere.fr\\\/blog\\\/en\\\/brigitte-macron-confronted-with-insults-during-nathalie-bayes-funeral-in-paris\\\/#breadcrumb\",\"itemListElement\":[{\"@type\":\"ListItem\",\"position\":1,\"name\":\"Home\",\"item\":\"https:\\\/\\\/www.sebastien-auziere.fr\\\/blog\\\/\"},{\"@type\":\"ListItem\",\"position\":2,\"name\":\"Brigitte Macron confronted with insults during Nathalie Baye&rsquo;s funeral in Paris\"}]},{\"@type\":\"WebSite\",\"@id\":\"https:\\\/\\\/www.sebastien-auziere.fr\\\/blog\\\/#website\",\"url\":\"https:\\\/\\\/www.sebastien-auziere.fr\\\/blog\\\/\",\"name\":\"Fan site S\u00e9bastien Auzi\u00e8re\",\"description\":\"M\u00e9dia g\u00e9n\u00e9raliste\",\"publisher\":{\"@id\":\"https:\\\/\\\/www.sebastien-auziere.fr\\\/blog\\\/#organization\"},\"potentialAction\":[{\"@type\":\"SearchAction\",\"target\":{\"@type\":\"EntryPoint\",\"urlTemplate\":\"https:\\\/\\\/www.sebastien-auziere.fr\\\/blog\\\/?s={search_term_string}\"},\"query-input\":{\"@type\":\"PropertyValueSpecification\",\"valueRequired\":true,\"valueName\":\"search_term_string\"}}],\"inLanguage\":\"fr-FR\"},{\"@type\":\"Organization\",\"@id\":\"https:\\\/\\\/www.sebastien-auziere.fr\\\/blog\\\/#organization\",\"name\":\"Fan site S\u00e9bastien Auzi\u00e8re\",\"url\":\"https:\\\/\\\/www.sebastien-auziere.fr\\\/blog\\\/\",\"logo\":{\"@type\":\"ImageObject\",\"inLanguage\":\"fr-FR\",\"@id\":\"https:\\\/\\\/www.sebastien-auziere.fr\\\/blog\\\/#\\\/schema\\\/logo\\\/image\\\/\",\"url\":\"https:\\\/\\\/www.sebastien-auziere.fr\\\/blog\\\/wp-content\\\/uploads\\\/2026\\\/03\\\/cropped-cropped-cropped-ChatGPT-Image-6-mars-2026-12_58_09-e1772798376794.jpg\",\"contentUrl\":\"https:\\\/\\\/www.sebastien-auziere.fr\\\/blog\\\/wp-content\\\/uploads\\\/2026\\\/03\\\/cropped-cropped-cropped-ChatGPT-Image-6-mars-2026-12_58_09-e1772798376794.jpg\",\"width\":512,\"height\":360,\"caption\":\"Fan site S\u00e9bastien Auzi\u00e8re\"},\"image\":{\"@id\":\"https:\\\/\\\/www.sebastien-auziere.fr\\\/blog\\\/#\\\/schema\\\/logo\\\/image\\\/\"}},{\"@type\":\"Person\",\"@id\":\"https:\\\/\\\/www.sebastien-auziere.fr\\\/blog\\\/#\\\/schema\\\/person\\\/149f1acdbfd85149c6c3e59adeae2f4d\",\"name\":\"Chloe Gauthier\",\"image\":{\"@type\":\"ImageObject\",\"inLanguage\":\"fr-FR\",\"@id\":\"https:\\\/\\\/secure.gravatar.com\\\/avatar\\\/2c5722f58171cff738a8985ef0dd66b476e563753246a49019befc837ec4201a?s=96&d=mm&r=g\",\"url\":\"https:\\\/\\\/secure.gravatar.com\\\/avatar\\\/2c5722f58171cff738a8985ef0dd66b476e563753246a49019befc837ec4201a?s=96&d=mm&r=g\",\"contentUrl\":\"https:\\\/\\\/secure.gravatar.com\\\/avatar\\\/2c5722f58171cff738a8985ef0dd66b476e563753246a49019befc837ec4201a?s=96&d=mm&r=g\",\"caption\":\"Chloe Gauthier\"},\"description\":\"Passionn\u00e9e par la politique et admiratrice engag\u00e9e de la famille Macron, je consacre mon \u00e9nergie \u00e0 suivre leurs initiatives et \u00e0 promouvoir leurs id\u00e9es. \u00c0 32 ans, je suis convaincue que leur vision est porteuse d'avenir.\",\"url\":\"https:\\\/\\\/www.sebastien-auziere.fr\\\/blog\\\/author\\\/chloe-gauthier\\\/\"}]}<\/script>\n<!-- \/ Yoast SEO plugin. -->","yoast_head_json":{"title":"Brigitte Macron confronted with insults during Nathalie Baye's funeral in Paris - Fan site S\u00e9bastien Auzi\u00e8re","description":"Brigitte Macron vis\u00e9e par des insultes lors des fun\u00e9railles de Nathalie Baye \u00e0 Paris, un moment charg\u00e9 d'\u00e9motion et de tensions.","robots":{"index":"index","follow":"follow","max-snippet":"max-snippet:-1","max-image-preview":"max-image-preview:large","max-video-preview":"max-video-preview:-1"},"canonical":"https:\/\/www.sebastien-auziere.fr\/blog\/en\/brigitte-macron-confronted-with-insults-during-nathalie-bayes-funeral-in-paris\/","og_locale":"fr_FR","og_type":"article","og_title":"Brigitte Macron confronted with insults during Nathalie Baye's funeral in Paris - Fan site S\u00e9bastien Auzi\u00e8re","og_description":"Brigitte Macron vis\u00e9e par des insultes lors des fun\u00e9railles de Nathalie Baye \u00e0 Paris, un moment charg\u00e9 d'\u00e9motion et de tensions.","og_url":"https:\/\/www.sebastien-auziere.fr\/blog\/en\/brigitte-macron-confronted-with-insults-during-nathalie-bayes-funeral-in-paris\/","og_site_name":"Fan site S\u00e9bastien Auzi\u00e8re","article_published_time":"2026-04-29T07:14:42+00:00","article_modified_time":"2026-04-29T07:15:05+00:00","og_image":[{"width":2560,"height":1429,"url":"https:\/\/www.sebastien-auziere.fr\/blog\/wp-content\/uploads\/2026\/04\/Brigitte-Macron-confrontee-a-des-insultes-lors-des-funerailles-de-Nathalie-Baye-a-Paris.jpg","type":"image\/jpeg"}],"author":"Chloe Gauthier","twitter_card":"summary_large_image","twitter_misc":{"\u00c9crit par":"Chloe Gauthier","Dur\u00e9e de lecture estim\u00e9e":"2 minutes"},"schema":{"@context":"https:\/\/schema.org","@graph":[{"@type":"Article","@id":"https:\/\/www.sebastien-auziere.fr\/blog\/en\/brigitte-macron-confronted-with-insults-during-nathalie-bayes-funeral-in-paris\/#article","isPartOf":{"@id":"https:\/\/www.sebastien-auziere.fr\/blog\/en\/brigitte-macron-confronted-with-insults-during-nathalie-bayes-funeral-in-paris\/"},"author":{"name":"Chloe Gauthier","@id":"https:\/\/www.sebastien-auziere.fr\/blog\/#\/schema\/person\/149f1acdbfd85149c6c3e59adeae2f4d"},"headline":"Brigitte Macron confronted with insults during Nathalie Baye&rsquo;s funeral in Paris","datePublished":"2026-04-29T07:14:42+00:00","dateModified":"2026-04-29T07:15:05+00:00","mainEntityOfPage":{"@id":"https:\/\/www.sebastien-auziere.fr\/blog\/en\/brigitte-macron-confronted-with-insults-during-nathalie-bayes-funeral-in-paris\/"},"wordCount":368,"commentCount":0,"publisher":{"@id":"https:\/\/www.sebastien-auziere.fr\/blog\/#organization"},"image":{"@id":"https:\/\/www.sebastien-auziere.fr\/blog\/en\/brigitte-macron-confronted-with-insults-during-nathalie-bayes-funeral-in-paris\/#primaryimage"},"thumbnailUrl":"https:\/\/www.sebastien-auziere.fr\/blog\/wp-content\/uploads\/2026\/04\/Brigitte-Macron-confrontee-a-des-insultes-lors-des-funerailles-de-Nathalie-Baye-a-Paris.jpg","keywords":["brigitte macron","funerals","insults","nathalie baye","paris"],"articleSection":["News"],"inLanguage":"fr-FR","potentialAction":[{"@type":"CommentAction","name":"Comment","target":["https:\/\/www.sebastien-auziere.fr\/blog\/en\/brigitte-macron-confronted-with-insults-during-nathalie-bayes-funeral-in-paris\/#respond"]}]},{"@type":"WebPage","@id":"https:\/\/www.sebastien-auziere.fr\/blog\/en\/brigitte-macron-confronted-with-insults-during-nathalie-bayes-funeral-in-paris\/","url":"https:\/\/www.sebastien-auziere.fr\/blog\/en\/brigitte-macron-confronted-with-insults-during-nathalie-bayes-funeral-in-paris\/","name":"Brigitte Macron confronted with insults during Nathalie Baye's funeral in Paris - Fan site S\u00e9bastien Auzi\u00e8re","isPartOf":{"@id":"https:\/\/www.sebastien-auziere.fr\/blog\/#website"},"primaryImageOfPage":{"@id":"https:\/\/www.sebastien-auziere.fr\/blog\/en\/brigitte-macron-confronted-with-insults-during-nathalie-bayes-funeral-in-paris\/#primaryimage"},"image":{"@id":"https:\/\/www.sebastien-auziere.fr\/blog\/en\/brigitte-macron-confronted-with-insults-during-nathalie-bayes-funeral-in-paris\/#primaryimage"},"thumbnailUrl":"https:\/\/www.sebastien-auziere.fr\/blog\/wp-content\/uploads\/2026\/04\/Brigitte-Macron-confrontee-a-des-insultes-lors-des-funerailles-de-Nathalie-Baye-a-Paris.jpg","datePublished":"2026-04-29T07:14:42+00:00","dateModified":"2026-04-29T07:15:05+00:00","description":"Brigitte Macron vis\u00e9e par des insultes lors des fun\u00e9railles de Nathalie Baye \u00e0 Paris, un moment charg\u00e9 d'\u00e9motion et de tensions.","breadcrumb":{"@id":"https:\/\/www.sebastien-auziere.fr\/blog\/en\/brigitte-macron-confronted-with-insults-during-nathalie-bayes-funeral-in-paris\/#breadcrumb"},"inLanguage":"fr-FR","potentialAction":[{"@type":"ReadAction","target":["https:\/\/www.sebastien-auziere.fr\/blog\/en\/brigitte-macron-confronted-with-insults-during-nathalie-bayes-funeral-in-paris\/"]}]},{"@type":"ImageObject","inLanguage":"fr-FR","@id":"https:\/\/www.sebastien-auziere.fr\/blog\/en\/brigitte-macron-confronted-with-insults-during-nathalie-bayes-funeral-in-paris\/#primaryimage","url":"https:\/\/www.sebastien-auziere.fr\/blog\/wp-content\/uploads\/2026\/04\/Brigitte-Macron-confrontee-a-des-insultes-lors-des-funerailles-de-Nathalie-Baye-a-Paris.jpg","contentUrl":"https:\/\/www.sebastien-auziere.fr\/blog\/wp-content\/uploads\/2026\/04\/Brigitte-Macron-confrontee-a-des-insultes-lors-des-funerailles-de-Nathalie-Baye-a-Paris.jpg","width":2560,"height":1429,"caption":"brigitte macron victime d'insultes lors des fun\u00e9railles de nathalie baye \u00e0 paris, un moment de tension in\u00e9dit et bouleversant."},{"@type":"BreadcrumbList","@id":"https:\/\/www.sebastien-auziere.fr\/blog\/en\/brigitte-macron-confronted-with-insults-during-nathalie-bayes-funeral-in-paris\/#breadcrumb","itemListElement":[{"@type":"ListItem","position":1,"name":"Home","item":"https:\/\/www.sebastien-auziere.fr\/blog\/"},{"@type":"ListItem","position":2,"name":"Brigitte Macron confronted with insults during Nathalie Baye&rsquo;s funeral in Paris"}]},{"@type":"WebSite","@id":"https:\/\/www.sebastien-auziere.fr\/blog\/#website","url":"https:\/\/www.sebastien-auziere.fr\/blog\/","name":"Fan site S\u00e9bastien Auzi\u00e8re","description":"M\u00e9dia g\u00e9n\u00e9raliste","publisher":{"@id":"https:\/\/www.sebastien-auziere.fr\/blog\/#organization"},"potentialAction":[{"@type":"SearchAction","target":{"@type":"EntryPoint","urlTemplate":"https:\/\/www.sebastien-auziere.fr\/blog\/?s={search_term_string}"},"query-input":{"@type":"PropertyValueSpecification","valueRequired":true,"valueName":"search_term_string"}}],"inLanguage":"fr-FR"},{"@type":"Organization","@id":"https:\/\/www.sebastien-auziere.fr\/blog\/#organization","name":"Fan site S\u00e9bastien Auzi\u00e8re","url":"https:\/\/www.sebastien-auziere.fr\/blog\/","logo":{"@type":"ImageObject","inLanguage":"fr-FR","@id":"https:\/\/www.sebastien-auziere.fr\/blog\/#\/schema\/logo\/image\/","url":"https:\/\/www.sebastien-auziere.fr\/blog\/wp-content\/uploads\/2026\/03\/cropped-cropped-cropped-ChatGPT-Image-6-mars-2026-12_58_09-e1772798376794.jpg","contentUrl":"https:\/\/www.sebastien-auziere.fr\/blog\/wp-content\/uploads\/2026\/03\/cropped-cropped-cropped-ChatGPT-Image-6-mars-2026-12_58_09-e1772798376794.jpg","width":512,"height":360,"caption":"Fan site S\u00e9bastien Auzi\u00e8re"},"image":{"@id":"https:\/\/www.sebastien-auziere.fr\/blog\/#\/schema\/logo\/image\/"}},{"@type":"Person","@id":"https:\/\/www.sebastien-auziere.fr\/blog\/#\/schema\/person\/149f1acdbfd85149c6c3e59adeae2f4d","name":"Chloe Gauthier","image":{"@type":"ImageObject","inLanguage":"fr-FR","@id":"https:\/\/secure.gravatar.com\/avatar\/2c5722f58171cff738a8985ef0dd66b476e563753246a49019befc837ec4201a?s=96&d=mm&r=g","url":"https:\/\/secure.gravatar.com\/avatar\/2c5722f58171cff738a8985ef0dd66b476e563753246a49019befc837ec4201a?s=96&d=mm&r=g","contentUrl":"https:\/\/secure.gravatar.com\/avatar\/2c5722f58171cff738a8985ef0dd66b476e563753246a49019befc837ec4201a?s=96&d=mm&r=g","caption":"Chloe Gauthier"},"description":"Passionn\u00e9e par la politique et admiratrice engag\u00e9e de la famille Macron, je consacre mon \u00e9nergie \u00e0 suivre leurs initiatives et \u00e0 promouvoir leurs id\u00e9es. \u00c0 32 ans, je suis convaincue que leur vision est porteuse d'avenir.","url":"https:\/\/www.sebastien-auziere.fr\/blog\/author\/chloe-gauthier\/"}]}},"views":0,"_links":{"self":[{"href":"https:\/\/www.sebastien-auziere.fr\/blog\/wp-json\/wp\/v2\/posts\/3426","targetHints":{"allow":["GET"]}}],"collection":[{"href":"https:\/\/www.sebastien-auziere.fr\/blog\/wp-json\/wp\/v2\/posts"}],"about":[{"href":"https:\/\/www.sebastien-auziere.fr\/blog\/wp-json\/wp\/v2\/types\/post"}],"author":[{"embeddable":true,"href":"https:\/\/www.sebastien-auziere.fr\/blog\/wp-json\/wp\/v2\/users\/9"}],"replies":[{"embeddable":true,"href":"https:\/\/www.sebastien-auziere.fr\/blog\/wp-json\/wp\/v2\/comments?post=3426"}],"version-history":[{"count":1,"href":"https:\/\/www.sebastien-auziere.fr\/blog\/wp-json\/wp\/v2\/posts\/3426\/revisions"}],"predecessor-version":[{"id":3427,"href":"https:\/\/www.sebastien-auziere.fr\/blog\/wp-json\/wp\/v2\/posts\/3426\/revisions\/3427"}],"wp:featuredmedia":[{"embeddable":true,"href":"https:\/\/www.sebastien-auziere.fr\/blog\/wp-json\/wp\/v2\/media\/3424"}],"wp:attachment":[{"href":"https:\/\/www.sebastien-auziere.fr\/blog\/wp-json\/wp\/v2\/media?parent=3426"}],"wp:term":[{"taxonomy":"category","embeddable":true,"href":"https:\/\/www.sebastien-auziere.fr\/blog\/wp-json\/wp\/v2\/categories?post=3426"},{"taxonomy":"post_tag","embeddable":true,"href":"https:\/\/www.sebastien-auziere.fr\/blog\/wp-json\/wp\/v2\/tags?post=3426"}],"curies":[{"name":"wp","href":"https:\/\/api.w.org\/{rel}","templated":true}]}}