{"id":3425,"date":"2026-04-29T07:14:39","date_gmt":"2026-04-29T07:14:39","guid":{"rendered":"https:\/\/www.sebastien-auziere.fr\/blog\/brigitte-macron-insultes-funerailles\/"},"modified":"2026-04-29T07:14:39","modified_gmt":"2026-04-29T07:14:39","slug":"brigitte-macron-insultes-funerailles","status":"publish","type":"post","link":"https:\/\/www.sebastien-auziere.fr\/blog\/brigitte-macron-insultes-funerailles\/","title":{"rendered":"Brigitte Macron confront\u00e9e \u00e0 des insultes lors des fun\u00e9railles de Nathalie Baye \u00e0 Paris"},"content":{"rendered":"<p><strong>Brigitte Macron<\/strong> a \u00e9t\u00e9 prise \u00e0 partie \u00e0 son arriv\u00e9e aux fun\u00e9railles de <strong>Nathalie Baye<\/strong> \u00e0 <strong>Paris<\/strong> le vendredi 24 avril 2026, selon plusieurs vid\u00e9os et t\u00e9moignages. La sc\u00e8ne, film\u00e9e devant l&rsquo;\u00e9glise Saint-Sulpice, montre des cris et des <strong>insultes<\/strong> dirig\u00e9es vers la Premi\u00e8re dame, alimentant une vive <strong>controverse<\/strong> sur le comportement du public lors d\u2019un <strong>\u00e9v\u00e9nement public<\/strong>.<\/p>\n\n<p><strong>En bref<\/strong> : arriv\u00e9e de <strong>Brigitte Macron<\/strong> aux obs\u00e8ques de <strong>Nathalie Baye<\/strong>, cris capt\u00e9s et partag\u00e9s sur les r\u00e9seaux, r\u00e9actions m\u00e9diatiques et d\u00e9bat sur le respect des <strong>fun\u00e9railles<\/strong> et de la figure publique. La c\u00e9r\u00e9monie, marqu\u00e9e par un \u00e9mouvant <strong>hommage<\/strong>, a rapidement bascul\u00e9 vers une confrontation relay\u00e9e par la presse nationale.<\/p>\n\n<h2 class=\"wp-block-heading\">Arriv\u00e9e \u00e0 Saint-Sulpice : insultes contre Brigitte Macron lors des fun\u00e9railles<\/h2>\n\n<p>\u00c0 son arriv\u00e9e \u00e0 l\u2019\u00e9glise Saint-Sulpice, la pr\u00e9sence de <strong>Brigitte Macron<\/strong> a d\u00e9clench\u00e9 des cris hostiles, dont un \u00ab\u2009<em>casse-toi<\/em>\u2009\u00bb largement relay\u00e9. Les images diffus\u00e9es par la presse montrent une prise \u00e0 partie verbale, malgr\u00e9 la pr\u00e9sence de son escorte. Des m\u00e9dias comme <a href=\"https:\/\/www.femmeactuelle.fr\/actu\/news-actu\/casse-toi-brigitte-macron-insultee-a-son-arrivee-aux-obseques-de-nathalie-baye-2206846\" rel=\"nofollow\">Femme Actuelle<\/a> ont d\u00e9crit la sc\u00e8ne, confirmant l&rsquo;impact imm\u00e9diat sur l&rsquo;ambiance de l&rsquo;hommage.<\/p>\n\n<h2 class=\"wp-block-heading\">Diffusion et r\u00e9actions m\u00e9diatiques : la controverse sur les r\u00e9seaux<\/h2>\n\n<p>La s\u00e9quence a rapidement circul\u00e9 et g\u00e9n\u00e9r\u00e9 des commentaires virulents sur les r\u00e9seaux sociaux, avec des vid\u00e9os partag\u00e9es sur Dailymotion et des extraits relay\u00e9s par des agences d\u2019information. Le traitement m\u00e9diatique a oppos\u00e9 respect pour la c\u00e9r\u00e9monie et critique de l\u2019attitude des manifestants. Un article de <a href=\"https:\/\/www.msn.com\/fr-fr\/actualite\/other\/brigitte-macron-vis%C3%A9e-par-des-insultes-lors-des-obs%C3%A8ques-de-nathalie-baye-%C3%A0-paris\/ar-AA21WdYk\" rel=\"nofollow\">MSN<\/a> analyse la port\u00e9e de l\u2019incident pour la sph\u00e8re publique et la <strong>soci\u00e9t\u00e9<\/strong>.<\/p>\n\n<h3 class=\"wp-block-heading\">Hommage et d\u00e9bat : la m\u00e9moire de Nathalie Baye face \u00e0 la confrontation<\/h3>\n\n<p>La c\u00e9r\u00e9monie rendue \u00e0 <strong>Nathalie Baye<\/strong>, d\u00e9c\u00e9d\u00e9e \u00e0 77 ans, visait d&rsquo;abord \u00e0 honorer sa carri\u00e8re et sa famille. Malgr\u00e9 l\u2019\u00e9motion, l\u2019incident a d\u00e9plac\u00e9 le regard sur la conduite du public lors d\u2019un <strong>hommage<\/strong> solennel. Les articles de presse et les vid\u00e9os, comme ceux repris par <a href=\"https:\/\/toptenplay.com\/obseques-de-nathalie-baye-un-hommage-emouvant-terni-par-lincident-brigitte-macron\/2\/\" rel=\"nofollow\">TopTenPlay<\/a>, alimentent une r\u00e9flexion sur le respect des rites fun\u00e9raires et les limites de l\u2019expression publique en espace clos.<\/p>\n\n<p>Pour mieux comprendre le contexte familial et public entourant <strong>Brigitte Macron<\/strong> et les r\u00e9actions qu\u2019elle suscite, d\u00e9couvre des biographies et analyses d\u00e9taill\u00e9es sur <a href=\"https:\/\/www.sebastien-auziere.fr\/blog\/brigitte-macron-tristesse\/\" rel=\"nofollow\">Brigitte Macron et la tristesse<\/a> et sur le couple pr\u00e9sidentiel via <a href=\"https:\/\/www.sebastien-auziere.fr\/blog\/brigitte-macron-et-emmanuel-macron\/\" rel=\"nofollow\">Brigitte et Emmanuel Macron<\/a>. Pour en savoir davantage sur <strong>S\u00e9bastien Auzi\u00e8re<\/strong> et la famille Macron, visite <a href=\"https:\/\/www.sebastien-auziere.fr\/blog\/brigitte-macron-tristesse-elysee\/\" rel=\"nofollow\">sebastien-auziere.fr<\/a> et poursuis l\u2019exploration de ces moments publics et priv\u00e9s.<\/p>\n\n","protected":false},"excerpt":{"rendered":"<p>Brigitte Macron a \u00e9t\u00e9 prise \u00e0 partie \u00e0 son arriv\u00e9e aux fun\u00e9railles de Nathalie Baye \u00e0 Paris le vendredi 24 avril 2026, selon plusieurs vid\u00e9os et t\u00e9moignages. La sc\u00e8ne, film\u00e9e devant l&rsquo;\u00e9glise Saint-Sulpice, montre des cris et des insultes dirig\u00e9es vers la Premi\u00e8re dame, alimentant une vive controverse sur le comportement du public lors d\u2019un &#8230; <a title=\"Brigitte Macron confront\u00e9e \u00e0 des insultes lors des fun\u00e9railles de Nathalie Baye \u00e0 Paris\" class=\"read-more\" href=\"https:\/\/www.sebastien-auziere.fr\/blog\/brigitte-macron-insultes-funerailles\/\" aria-label=\"En savoir plus sur Brigitte Macron confront\u00e9e \u00e0 des insultes lors des fun\u00e9railles de Nathalie Baye \u00e0 Paris\">Lire plus<\/a><\/p>\n","protected":false},"author":9,"featured_media":3424,"comment_status":"open","ping_status":"open","sticky":false,"template":"","format":"standard","meta":{"footnotes":""},"categories":[597],"tags":[892,4731,4729,4733,4735],"class_list":["post-3425","post","type-post","status-publish","format-standard","has-post-thumbnail","hentry","category-actualites","tag-brigitte-macron","tag-funerailles","tag-insultes","tag-nathalie-baye","tag-paris"],"yoast_head":"<!-- This site is optimized with the Yoast SEO plugin v27.5 - https:\/\/yoast.com\/product\/yoast-seo-wordpress\/ -->\n<title>Brigitte Macron confront\u00e9e \u00e0 des insultes lors des fun\u00e9railles de Nathalie Baye \u00e0 Paris - Fan site S\u00e9bastien Auzi\u00e8re<\/title>\n<meta name=\"description\" content=\"Brigitte Macron vis\u00e9e par des insultes lors des fun\u00e9railles de Nathalie Baye \u00e0 Paris, un moment charg\u00e9 d&#039;\u00e9motion et de tensions.\" \/>\n<meta name=\"robots\" content=\"index, follow, max-snippet:-1, max-image-preview:large, max-video-preview:-1\" \/>\n<link rel=\"canonical\" href=\"https:\/\/www.sebastien-auziere.fr\/blog\/brigitte-macron-insultes-funerailles\/\" \/>\n<meta property=\"og:locale\" content=\"fr_FR\" \/>\n<meta property=\"og:type\" content=\"article\" \/>\n<meta property=\"og:title\" content=\"Brigitte Macron confront\u00e9e \u00e0 des insultes lors des fun\u00e9railles de Nathalie Baye \u00e0 Paris - Fan site S\u00e9bastien Auzi\u00e8re\" \/>\n<meta property=\"og:description\" content=\"Brigitte Macron vis\u00e9e par des insultes lors des fun\u00e9railles de Nathalie Baye \u00e0 Paris, un moment charg\u00e9 d&#039;\u00e9motion et de tensions.\" \/>\n<meta property=\"og:url\" content=\"https:\/\/www.sebastien-auziere.fr\/blog\/brigitte-macron-insultes-funerailles\/\" \/>\n<meta property=\"og:site_name\" content=\"Fan site S\u00e9bastien Auzi\u00e8re\" \/>\n<meta property=\"article:published_time\" content=\"2026-04-29T07:14:39+00:00\" \/>\n<meta property=\"og:image\" content=\"https:\/\/www.sebastien-auziere.fr\/blog\/wp-content\/uploads\/2026\/04\/Brigitte-Macron-confrontee-a-des-insultes-lors-des-funerailles-de-Nathalie-Baye-a-Paris.jpg\" \/>\n\t<meta property=\"og:image:width\" content=\"2560\" \/>\n\t<meta property=\"og:image:height\" content=\"1429\" \/>\n\t<meta property=\"og:image:type\" content=\"image\/jpeg\" \/>\n<meta name=\"author\" content=\"Chloe Gauthier\" \/>\n<meta name=\"twitter:card\" content=\"summary_large_image\" \/>\n<meta name=\"twitter:label1\" content=\"\u00c9crit par\" \/>\n\t<meta name=\"twitter:data1\" content=\"Chloe Gauthier\" \/>\n\t<meta name=\"twitter:label2\" content=\"Dur\u00e9e de lecture estim\u00e9e\" \/>\n\t<meta name=\"twitter:data2\" content=\"2 minutes\" \/>\n<script type=\"application\/ld+json\" class=\"yoast-schema-graph\">{\"@context\":\"https:\\\/\\\/schema.org\",\"@graph\":[{\"@type\":\"Article\",\"@id\":\"https:\\\/\\\/www.sebastien-auziere.fr\\\/blog\\\/brigitte-macron-insultes-funerailles\\\/#article\",\"isPartOf\":{\"@id\":\"https:\\\/\\\/www.sebastien-auziere.fr\\\/blog\\\/brigitte-macron-insultes-funerailles\\\/\"},\"author\":{\"name\":\"Chloe Gauthier\",\"@id\":\"https:\\\/\\\/www.sebastien-auziere.fr\\\/blog\\\/#\\\/schema\\\/person\\\/149f1acdbfd85149c6c3e59adeae2f4d\"},\"headline\":\"Brigitte Macron confront\u00e9e \u00e0 des insultes lors des fun\u00e9railles de Nathalie Baye \u00e0 Paris\",\"datePublished\":\"2026-04-29T07:14:39+00:00\",\"mainEntityOfPage\":{\"@id\":\"https:\\\/\\\/www.sebastien-auziere.fr\\\/blog\\\/brigitte-macron-insultes-funerailles\\\/\"},\"wordCount\":459,\"commentCount\":0,\"publisher\":{\"@id\":\"https:\\\/\\\/www.sebastien-auziere.fr\\\/blog\\\/#organization\"},\"image\":{\"@id\":\"https:\\\/\\\/www.sebastien-auziere.fr\\\/blog\\\/brigitte-macron-insultes-funerailles\\\/#primaryimage\"},\"thumbnailUrl\":\"https:\\\/\\\/www.sebastien-auziere.fr\\\/blog\\\/wp-content\\\/uploads\\\/2026\\\/04\\\/Brigitte-Macron-confrontee-a-des-insultes-lors-des-funerailles-de-Nathalie-Baye-a-Paris.jpg\",\"keywords\":[\"brigitte macron\",\"fun\u00e9railles\",\"insultes\",\"nathalie baye\",\"paris\"],\"articleSection\":[\"Actualit\u00e9s\"],\"inLanguage\":\"fr-FR\",\"potentialAction\":[{\"@type\":\"CommentAction\",\"name\":\"Comment\",\"target\":[\"https:\\\/\\\/www.sebastien-auziere.fr\\\/blog\\\/brigitte-macron-insultes-funerailles\\\/#respond\"]}]},{\"@type\":\"WebPage\",\"@id\":\"https:\\\/\\\/www.sebastien-auziere.fr\\\/blog\\\/brigitte-macron-insultes-funerailles\\\/\",\"url\":\"https:\\\/\\\/www.sebastien-auziere.fr\\\/blog\\\/brigitte-macron-insultes-funerailles\\\/\",\"name\":\"Brigitte Macron confront\u00e9e \u00e0 des insultes lors des fun\u00e9railles de Nathalie Baye \u00e0 Paris - Fan site S\u00e9bastien Auzi\u00e8re\",\"isPartOf\":{\"@id\":\"https:\\\/\\\/www.sebastien-auziere.fr\\\/blog\\\/#website\"},\"primaryImageOfPage\":{\"@id\":\"https:\\\/\\\/www.sebastien-auziere.fr\\\/blog\\\/brigitte-macron-insultes-funerailles\\\/#primaryimage\"},\"image\":{\"@id\":\"https:\\\/\\\/www.sebastien-auziere.fr\\\/blog\\\/brigitte-macron-insultes-funerailles\\\/#primaryimage\"},\"thumbnailUrl\":\"https:\\\/\\\/www.sebastien-auziere.fr\\\/blog\\\/wp-content\\\/uploads\\\/2026\\\/04\\\/Brigitte-Macron-confrontee-a-des-insultes-lors-des-funerailles-de-Nathalie-Baye-a-Paris.jpg\",\"datePublished\":\"2026-04-29T07:14:39+00:00\",\"description\":\"Brigitte Macron vis\u00e9e par des insultes lors des fun\u00e9railles de Nathalie Baye \u00e0 Paris, un moment charg\u00e9 d'\u00e9motion et de tensions.\",\"breadcrumb\":{\"@id\":\"https:\\\/\\\/www.sebastien-auziere.fr\\\/blog\\\/brigitte-macron-insultes-funerailles\\\/#breadcrumb\"},\"inLanguage\":\"fr-FR\",\"potentialAction\":[{\"@type\":\"ReadAction\",\"target\":[\"https:\\\/\\\/www.sebastien-auziere.fr\\\/blog\\\/brigitte-macron-insultes-funerailles\\\/\"]}]},{\"@type\":\"ImageObject\",\"inLanguage\":\"fr-FR\",\"@id\":\"https:\\\/\\\/www.sebastien-auziere.fr\\\/blog\\\/brigitte-macron-insultes-funerailles\\\/#primaryimage\",\"url\":\"https:\\\/\\\/www.sebastien-auziere.fr\\\/blog\\\/wp-content\\\/uploads\\\/2026\\\/04\\\/Brigitte-Macron-confrontee-a-des-insultes-lors-des-funerailles-de-Nathalie-Baye-a-Paris.jpg\",\"contentUrl\":\"https:\\\/\\\/www.sebastien-auziere.fr\\\/blog\\\/wp-content\\\/uploads\\\/2026\\\/04\\\/Brigitte-Macron-confrontee-a-des-insultes-lors-des-funerailles-de-Nathalie-Baye-a-Paris.jpg\",\"width\":2560,\"height\":1429,\"caption\":\"brigitte macron victime d'insultes lors des fun\u00e9railles de nathalie baye \u00e0 paris, un moment de tension in\u00e9dit et bouleversant.\"},{\"@type\":\"BreadcrumbList\",\"@id\":\"https:\\\/\\\/www.sebastien-auziere.fr\\\/blog\\\/brigitte-macron-insultes-funerailles\\\/#breadcrumb\",\"itemListElement\":[{\"@type\":\"ListItem\",\"position\":1,\"name\":\"Home\",\"item\":\"https:\\\/\\\/www.sebastien-auziere.fr\\\/blog\\\/\"},{\"@type\":\"ListItem\",\"position\":2,\"name\":\"Brigitte Macron confront\u00e9e \u00e0 des insultes lors des fun\u00e9railles de Nathalie Baye \u00e0 Paris\"}]},{\"@type\":\"WebSite\",\"@id\":\"https:\\\/\\\/www.sebastien-auziere.fr\\\/blog\\\/#website\",\"url\":\"https:\\\/\\\/www.sebastien-auziere.fr\\\/blog\\\/\",\"name\":\"Fan site S\u00e9bastien Auzi\u00e8re\",\"description\":\"M\u00e9dia g\u00e9n\u00e9raliste\",\"publisher\":{\"@id\":\"https:\\\/\\\/www.sebastien-auziere.fr\\\/blog\\\/#organization\"},\"potentialAction\":[{\"@type\":\"SearchAction\",\"target\":{\"@type\":\"EntryPoint\",\"urlTemplate\":\"https:\\\/\\\/www.sebastien-auziere.fr\\\/blog\\\/?s={search_term_string}\"},\"query-input\":{\"@type\":\"PropertyValueSpecification\",\"valueRequired\":true,\"valueName\":\"search_term_string\"}}],\"inLanguage\":\"fr-FR\"},{\"@type\":\"Organization\",\"@id\":\"https:\\\/\\\/www.sebastien-auziere.fr\\\/blog\\\/#organization\",\"name\":\"Fan site S\u00e9bastien Auzi\u00e8re\",\"url\":\"https:\\\/\\\/www.sebastien-auziere.fr\\\/blog\\\/\",\"logo\":{\"@type\":\"ImageObject\",\"inLanguage\":\"fr-FR\",\"@id\":\"https:\\\/\\\/www.sebastien-auziere.fr\\\/blog\\\/#\\\/schema\\\/logo\\\/image\\\/\",\"url\":\"https:\\\/\\\/www.sebastien-auziere.fr\\\/blog\\\/wp-content\\\/uploads\\\/2026\\\/03\\\/cropped-cropped-cropped-ChatGPT-Image-6-mars-2026-12_58_09-e1772798376794.jpg\",\"contentUrl\":\"https:\\\/\\\/www.sebastien-auziere.fr\\\/blog\\\/wp-content\\\/uploads\\\/2026\\\/03\\\/cropped-cropped-cropped-ChatGPT-Image-6-mars-2026-12_58_09-e1772798376794.jpg\",\"width\":512,\"height\":360,\"caption\":\"Fan site S\u00e9bastien Auzi\u00e8re\"},\"image\":{\"@id\":\"https:\\\/\\\/www.sebastien-auziere.fr\\\/blog\\\/#\\\/schema\\\/logo\\\/image\\\/\"}},{\"@type\":\"Person\",\"@id\":\"https:\\\/\\\/www.sebastien-auziere.fr\\\/blog\\\/#\\\/schema\\\/person\\\/149f1acdbfd85149c6c3e59adeae2f4d\",\"name\":\"Chloe Gauthier\",\"image\":{\"@type\":\"ImageObject\",\"inLanguage\":\"fr-FR\",\"@id\":\"https:\\\/\\\/secure.gravatar.com\\\/avatar\\\/2c5722f58171cff738a8985ef0dd66b476e563753246a49019befc837ec4201a?s=96&d=mm&r=g\",\"url\":\"https:\\\/\\\/secure.gravatar.com\\\/avatar\\\/2c5722f58171cff738a8985ef0dd66b476e563753246a49019befc837ec4201a?s=96&d=mm&r=g\",\"contentUrl\":\"https:\\\/\\\/secure.gravatar.com\\\/avatar\\\/2c5722f58171cff738a8985ef0dd66b476e563753246a49019befc837ec4201a?s=96&d=mm&r=g\",\"caption\":\"Chloe Gauthier\"},\"description\":\"Passionn\u00e9e par la politique et admiratrice engag\u00e9e de la famille Macron, je consacre mon \u00e9nergie \u00e0 suivre leurs initiatives et \u00e0 promouvoir leurs id\u00e9es. \u00c0 32 ans, je suis convaincue que leur vision est porteuse d'avenir.\",\"url\":\"https:\\\/\\\/www.sebastien-auziere.fr\\\/blog\\\/author\\\/chloe-gauthier\\\/\"}]}<\/script>\n<!-- \/ Yoast SEO plugin. -->","yoast_head_json":{"title":"Brigitte Macron confront\u00e9e \u00e0 des insultes lors des fun\u00e9railles de Nathalie Baye \u00e0 Paris - Fan site S\u00e9bastien Auzi\u00e8re","description":"Brigitte Macron vis\u00e9e par des insultes lors des fun\u00e9railles de Nathalie Baye \u00e0 Paris, un moment charg\u00e9 d'\u00e9motion et de tensions.","robots":{"index":"index","follow":"follow","max-snippet":"max-snippet:-1","max-image-preview":"max-image-preview:large","max-video-preview":"max-video-preview:-1"},"canonical":"https:\/\/www.sebastien-auziere.fr\/blog\/brigitte-macron-insultes-funerailles\/","og_locale":"fr_FR","og_type":"article","og_title":"Brigitte Macron confront\u00e9e \u00e0 des insultes lors des fun\u00e9railles de Nathalie Baye \u00e0 Paris - Fan site S\u00e9bastien Auzi\u00e8re","og_description":"Brigitte Macron vis\u00e9e par des insultes lors des fun\u00e9railles de Nathalie Baye \u00e0 Paris, un moment charg\u00e9 d'\u00e9motion et de tensions.","og_url":"https:\/\/www.sebastien-auziere.fr\/blog\/brigitte-macron-insultes-funerailles\/","og_site_name":"Fan site S\u00e9bastien Auzi\u00e8re","article_published_time":"2026-04-29T07:14:39+00:00","og_image":[{"width":2560,"height":1429,"url":"https:\/\/www.sebastien-auziere.fr\/blog\/wp-content\/uploads\/2026\/04\/Brigitte-Macron-confrontee-a-des-insultes-lors-des-funerailles-de-Nathalie-Baye-a-Paris.jpg","type":"image\/jpeg"}],"author":"Chloe Gauthier","twitter_card":"summary_large_image","twitter_misc":{"\u00c9crit par":"Chloe Gauthier","Dur\u00e9e de lecture estim\u00e9e":"2 minutes"},"schema":{"@context":"https:\/\/schema.org","@graph":[{"@type":"Article","@id":"https:\/\/www.sebastien-auziere.fr\/blog\/brigitte-macron-insultes-funerailles\/#article","isPartOf":{"@id":"https:\/\/www.sebastien-auziere.fr\/blog\/brigitte-macron-insultes-funerailles\/"},"author":{"name":"Chloe Gauthier","@id":"https:\/\/www.sebastien-auziere.fr\/blog\/#\/schema\/person\/149f1acdbfd85149c6c3e59adeae2f4d"},"headline":"Brigitte Macron confront\u00e9e \u00e0 des insultes lors des fun\u00e9railles de Nathalie Baye \u00e0 Paris","datePublished":"2026-04-29T07:14:39+00:00","mainEntityOfPage":{"@id":"https:\/\/www.sebastien-auziere.fr\/blog\/brigitte-macron-insultes-funerailles\/"},"wordCount":459,"commentCount":0,"publisher":{"@id":"https:\/\/www.sebastien-auziere.fr\/blog\/#organization"},"image":{"@id":"https:\/\/www.sebastien-auziere.fr\/blog\/brigitte-macron-insultes-funerailles\/#primaryimage"},"thumbnailUrl":"https:\/\/www.sebastien-auziere.fr\/blog\/wp-content\/uploads\/2026\/04\/Brigitte-Macron-confrontee-a-des-insultes-lors-des-funerailles-de-Nathalie-Baye-a-Paris.jpg","keywords":["brigitte macron","fun\u00e9railles","insultes","nathalie baye","paris"],"articleSection":["Actualit\u00e9s"],"inLanguage":"fr-FR","potentialAction":[{"@type":"CommentAction","name":"Comment","target":["https:\/\/www.sebastien-auziere.fr\/blog\/brigitte-macron-insultes-funerailles\/#respond"]}]},{"@type":"WebPage","@id":"https:\/\/www.sebastien-auziere.fr\/blog\/brigitte-macron-insultes-funerailles\/","url":"https:\/\/www.sebastien-auziere.fr\/blog\/brigitte-macron-insultes-funerailles\/","name":"Brigitte Macron confront\u00e9e \u00e0 des insultes lors des fun\u00e9railles de Nathalie Baye \u00e0 Paris - Fan site S\u00e9bastien Auzi\u00e8re","isPartOf":{"@id":"https:\/\/www.sebastien-auziere.fr\/blog\/#website"},"primaryImageOfPage":{"@id":"https:\/\/www.sebastien-auziere.fr\/blog\/brigitte-macron-insultes-funerailles\/#primaryimage"},"image":{"@id":"https:\/\/www.sebastien-auziere.fr\/blog\/brigitte-macron-insultes-funerailles\/#primaryimage"},"thumbnailUrl":"https:\/\/www.sebastien-auziere.fr\/blog\/wp-content\/uploads\/2026\/04\/Brigitte-Macron-confrontee-a-des-insultes-lors-des-funerailles-de-Nathalie-Baye-a-Paris.jpg","datePublished":"2026-04-29T07:14:39+00:00","description":"Brigitte Macron vis\u00e9e par des insultes lors des fun\u00e9railles de Nathalie Baye \u00e0 Paris, un moment charg\u00e9 d'\u00e9motion et de tensions.","breadcrumb":{"@id":"https:\/\/www.sebastien-auziere.fr\/blog\/brigitte-macron-insultes-funerailles\/#breadcrumb"},"inLanguage":"fr-FR","potentialAction":[{"@type":"ReadAction","target":["https:\/\/www.sebastien-auziere.fr\/blog\/brigitte-macron-insultes-funerailles\/"]}]},{"@type":"ImageObject","inLanguage":"fr-FR","@id":"https:\/\/www.sebastien-auziere.fr\/blog\/brigitte-macron-insultes-funerailles\/#primaryimage","url":"https:\/\/www.sebastien-auziere.fr\/blog\/wp-content\/uploads\/2026\/04\/Brigitte-Macron-confrontee-a-des-insultes-lors-des-funerailles-de-Nathalie-Baye-a-Paris.jpg","contentUrl":"https:\/\/www.sebastien-auziere.fr\/blog\/wp-content\/uploads\/2026\/04\/Brigitte-Macron-confrontee-a-des-insultes-lors-des-funerailles-de-Nathalie-Baye-a-Paris.jpg","width":2560,"height":1429,"caption":"brigitte macron victime d'insultes lors des fun\u00e9railles de nathalie baye \u00e0 paris, un moment de tension in\u00e9dit et bouleversant."},{"@type":"BreadcrumbList","@id":"https:\/\/www.sebastien-auziere.fr\/blog\/brigitte-macron-insultes-funerailles\/#breadcrumb","itemListElement":[{"@type":"ListItem","position":1,"name":"Home","item":"https:\/\/www.sebastien-auziere.fr\/blog\/"},{"@type":"ListItem","position":2,"name":"Brigitte Macron confront\u00e9e \u00e0 des insultes lors des fun\u00e9railles de Nathalie Baye \u00e0 Paris"}]},{"@type":"WebSite","@id":"https:\/\/www.sebastien-auziere.fr\/blog\/#website","url":"https:\/\/www.sebastien-auziere.fr\/blog\/","name":"Fan site S\u00e9bastien Auzi\u00e8re","description":"M\u00e9dia g\u00e9n\u00e9raliste","publisher":{"@id":"https:\/\/www.sebastien-auziere.fr\/blog\/#organization"},"potentialAction":[{"@type":"SearchAction","target":{"@type":"EntryPoint","urlTemplate":"https:\/\/www.sebastien-auziere.fr\/blog\/?s={search_term_string}"},"query-input":{"@type":"PropertyValueSpecification","valueRequired":true,"valueName":"search_term_string"}}],"inLanguage":"fr-FR"},{"@type":"Organization","@id":"https:\/\/www.sebastien-auziere.fr\/blog\/#organization","name":"Fan site S\u00e9bastien Auzi\u00e8re","url":"https:\/\/www.sebastien-auziere.fr\/blog\/","logo":{"@type":"ImageObject","inLanguage":"fr-FR","@id":"https:\/\/www.sebastien-auziere.fr\/blog\/#\/schema\/logo\/image\/","url":"https:\/\/www.sebastien-auziere.fr\/blog\/wp-content\/uploads\/2026\/03\/cropped-cropped-cropped-ChatGPT-Image-6-mars-2026-12_58_09-e1772798376794.jpg","contentUrl":"https:\/\/www.sebastien-auziere.fr\/blog\/wp-content\/uploads\/2026\/03\/cropped-cropped-cropped-ChatGPT-Image-6-mars-2026-12_58_09-e1772798376794.jpg","width":512,"height":360,"caption":"Fan site S\u00e9bastien Auzi\u00e8re"},"image":{"@id":"https:\/\/www.sebastien-auziere.fr\/blog\/#\/schema\/logo\/image\/"}},{"@type":"Person","@id":"https:\/\/www.sebastien-auziere.fr\/blog\/#\/schema\/person\/149f1acdbfd85149c6c3e59adeae2f4d","name":"Chloe Gauthier","image":{"@type":"ImageObject","inLanguage":"fr-FR","@id":"https:\/\/secure.gravatar.com\/avatar\/2c5722f58171cff738a8985ef0dd66b476e563753246a49019befc837ec4201a?s=96&d=mm&r=g","url":"https:\/\/secure.gravatar.com\/avatar\/2c5722f58171cff738a8985ef0dd66b476e563753246a49019befc837ec4201a?s=96&d=mm&r=g","contentUrl":"https:\/\/secure.gravatar.com\/avatar\/2c5722f58171cff738a8985ef0dd66b476e563753246a49019befc837ec4201a?s=96&d=mm&r=g","caption":"Chloe Gauthier"},"description":"Passionn\u00e9e par la politique et admiratrice engag\u00e9e de la famille Macron, je consacre mon \u00e9nergie \u00e0 suivre leurs initiatives et \u00e0 promouvoir leurs id\u00e9es. \u00c0 32 ans, je suis convaincue que leur vision est porteuse d'avenir.","url":"https:\/\/www.sebastien-auziere.fr\/blog\/author\/chloe-gauthier\/"}]}},"views":549,"_links":{"self":[{"href":"https:\/\/www.sebastien-auziere.fr\/blog\/wp-json\/wp\/v2\/posts\/3425","targetHints":{"allow":["GET"]}}],"collection":[{"href":"https:\/\/www.sebastien-auziere.fr\/blog\/wp-json\/wp\/v2\/posts"}],"about":[{"href":"https:\/\/www.sebastien-auziere.fr\/blog\/wp-json\/wp\/v2\/types\/post"}],"author":[{"embeddable":true,"href":"https:\/\/www.sebastien-auziere.fr\/blog\/wp-json\/wp\/v2\/users\/9"}],"replies":[{"embeddable":true,"href":"https:\/\/www.sebastien-auziere.fr\/blog\/wp-json\/wp\/v2\/comments?post=3425"}],"version-history":[{"count":0,"href":"https:\/\/www.sebastien-auziere.fr\/blog\/wp-json\/wp\/v2\/posts\/3425\/revisions"}],"wp:featuredmedia":[{"embeddable":true,"href":"https:\/\/www.sebastien-auziere.fr\/blog\/wp-json\/wp\/v2\/media\/3424"}],"wp:attachment":[{"href":"https:\/\/www.sebastien-auziere.fr\/blog\/wp-json\/wp\/v2\/media?parent=3425"}],"wp:term":[{"taxonomy":"category","embeddable":true,"href":"https:\/\/www.sebastien-auziere.fr\/blog\/wp-json\/wp\/v2\/categories?post=3425"},{"taxonomy":"post_tag","embeddable":true,"href":"https:\/\/www.sebastien-auziere.fr\/blog\/wp-json\/wp\/v2\/tags?post=3425"}],"curies":[{"name":"wp","href":"https:\/\/api.w.org\/{rel}","templated":true}]}}