{"id":3420,"date":"2026-04-28T19:25:02","date_gmt":"2026-04-28T19:25:02","guid":{"rendered":"https:\/\/www.sebastien-auziere.fr\/blog\/?p=3420"},"modified":"2026-04-28T19:25:30","modified_gmt":"2026-04-28T19:25:30","slug":"brigitte-macron-revela-os-bastidores-do-seu-cotidiano-no-palacio-do-eliseu-e-os-pesados-fardos-do-poder-e-de-uma-indecencia","status":"publish","type":"post","link":"https:\/\/www.sebastien-auziere.fr\/blog\/pt\/brigitte-macron-revela-os-bastidores-do-seu-cotidiano-no-palacio-do-eliseu-e-os-pesados-fardos-do-poder-e-de-uma-indecencia\/","title":{"rendered":"Brigitte Macron revela os bastidores do seu cotidiano no Pal\u00e1cio do Eliseu e os pesados fardos do poder: \u00ab \u00c9 de uma indec\u00eancia\u2026 \u00bb"},"content":{"rendered":"<p><strong>Brigitte Macron<\/strong> escolheu a franqueza: ap\u00f3s quase uma d\u00e9cada no <strong>Pal\u00e1cio do Eliseu<\/strong>, ela confia a dureza do seu <strong>dia a dia<\/strong> e a \u00ab <strong>escurid\u00e3o<\/strong> do mundo \u00bb que descobriu l\u00e1. Essas confiss\u00f5es, publicadas no La Tribune Dimanche, evocam o ciberass\u00e9dio, a fadiga moral e a dificuldade de conciliar a vida privada e o dever de representa\u00e7\u00e3o.<\/p>\n\n<p><strong>Em resumo<\/strong>: Brigitte Macron fala de uma tristeza sem precedentes, de campanhas de difama\u00e7\u00e3o online condenadas pela justi\u00e7a em janeiro, e questiona o lugar e a <strong>transpar\u00eancia<\/strong> da fun\u00e7\u00e3o de Primeira Dama.<\/p>\n\n<h2 class=\"wp-block-heading\">Os bastidores de um <strong>dia a dia<\/strong> desgastante no <strong>Pal\u00e1cio do Eliseu<\/strong><\/h2>\n\n<p>Voc\u00ea descobre aqui os aspectos humanos do papel de Primeira Dama: entre compromissos oficiais, gestos diplom\u00e1ticos e uma vida familiar tumultuada, Brigitte Macron descreve uma intensidade que n\u00e3o poupa ningu\u00e9m. Ela evoca ter visto \u00ab a estupidez, a maldade \u00bb e admite que \u00ab <strong>\u00e0s vezes \u00e9 dif\u00edcil ver o c\u00e9u azul<\/strong> \u00bb, afirma\u00e7\u00e3o repassada por v\u00e1rios meios de comunica\u00e7\u00e3o nacionais.<\/p>\n\n<p>Esse testemunho ancla a realidade do poder na emo\u00e7\u00e3o e lembra que a imagem p\u00fablica esconde fardos di\u00e1rios. \u00c9 uma ilumina\u00e7\u00e3o valiosa sobre a <strong>presid\u00eancia<\/strong> em pr\u00e1tica.<\/p>\n\n<h3 class=\"wp-block-heading\">A viol\u00eancia do ciberass\u00e9dio e suas repercuss\u00f5es<\/h3>\n\n<p>Desde 2017, as campanhas de \u00f3dio visaram o casal presidencial; condena\u00e7\u00f5es seguiram em janeiro de 2026 para v\u00e1rios infratores. Brigitte Macron relata o impacto direto dessas fofocas em sua moral e em seu c\u00edrculo, levando o casal a apresentar queixa na Fran\u00e7a e nos Estados Unidos.<\/p>\n\n<p>Esse lembrete judicial mostra que a <strong>vida pol\u00edtica<\/strong> moderna tamb\u00e9m envolve uma luta jur\u00eddica contra a desinforma\u00e7\u00e3o. O efeito permanece profundo e duradouro.<\/p>\n\n<h2 class=\"wp-block-heading\">Debate p\u00fablico: empatia, cr\u00edtica e acusa\u00e7\u00e3o de <strong>indec\u00eancia<\/strong><\/h2>\n\n<p>As rea\u00e7\u00f5es foram intensas: alguns meios de comunica\u00e7\u00e3o saudaram a sinceridade e a <strong>transpar\u00eancia<\/strong>, outros denunciaram uma forma de \u00ab <strong>indec\u00eancia<\/strong> \u00bb diante das dificuldades sociais do pa\u00eds. Yael Mellul e Charles Consigny lembraram que a busca pelo poder inevitavelmente vem acompanhada de uma exposi\u00e7\u00e3o aumentada.<\/p>\n\n<p>Esse compartilhamento destaca a tens\u00e3o entre compreens\u00e3o humana e exig\u00eancia pol\u00edtica. A opini\u00e3o permanece dividida, mas o debate ressalta uma realidade institucional muitas vezes esquecida.<\/p>\n\n<h3 class=\"wp-block-heading\">Uma leitura humanizada da fun\u00e7\u00e3o e suas consequ\u00eancias<\/h3>\n\n<p>Para ilustrar, imagine Camille, volunt\u00e1ria em uma associa\u00e7\u00e3o parisiense, testemunha das duas realidades: a compaix\u00e3o pela dor de uma esposa exposta e a raiva dos cidad\u00e3os em dificuldades. Esse paralelo ajuda a entender por que as declara\u00e7\u00f5es de Brigitte Macron geram tantas emo\u00e7\u00f5es.<\/p>\n\n<p>O veredicto final \u00e9 claro: a <strong>presid\u00eancia<\/strong> \u00e9 um palco p\u00fablico onde a vida privada esbarra nos fardos do poder.<\/p>\n\n<p>Para saber mais sobre as confiss\u00f5es de Brigitte Macron, suas implica\u00e7\u00f5es e o contexto familiar, consulte os arquivos detalhados e as an\u00e1lises publicadas aqui: <a href=\"https:\/\/www.lemonde.fr\/politique\/article\/2026\/04\/26\/brigitte-macron-se-confie-sur-ses-annees-passees-a-l-elysee-et-affirme-y-avoir-vu-la-noirceur-du-monde-la-betise-la-mechancete_6683439_823448.html\">Le Monde<\/a> e o relato completo em <a href=\"https:\/\/www.leparisien.fr\/politique\/je-suis-parfois-triste-comme-jamais-je-ne-lavais-ete-brigitte-macron-se-confie-sur-ses-neuf-annees-a-lelysee-25-04-2026-2SUGOK4MHJABTK6R7MMOVDVN4I.php\">Le Parisien<\/a>.<\/p>\n\n<p>Para explorar mais sobre a vida no <strong>Pal\u00e1cio do Eliseu<\/strong>, os <strong>bastidores<\/strong> e as dificuldades enfrentadas pela fam\u00edlia, visite <a href=\"https:\/\/www.sebastien-auziere.fr\/blog\/brigitte-macron-epreuves-elysee\/\">os retratos e an\u00e1lises<\/a> e descubra informa\u00e7\u00f5es complementares sobre <a href=\"https:\/\/www.sebastien-auziere.fr\/blog\/brigitte-macron-tristesse\/\">a tristeza mencionada por Brigitte Macron<\/a>. Essas p\u00e1ginas oferecem uma imers\u00e3o documentada e respeitosa para entender melhor os fardos do <strong>poder<\/strong>.<\/p>","protected":false},"excerpt":{"rendered":"<p>Brigitte Macron escolheu a franqueza: ap\u00f3s quase uma d\u00e9cada no Pal\u00e1cio do Eliseu, ela confia a dureza do seu dia a dia e a \u00ab escurid\u00e3o do mundo \u00bb que descobriu l\u00e1. Essas confiss\u00f5es, publicadas no La Tribune Dimanche, evocam o ciberass\u00e9dio, a fadiga moral e a dificuldade de conciliar a vida privada e o &#8230; <a title=\"Brigitte Macron revela os bastidores do seu cotidiano no Pal\u00e1cio do Eliseu e os pesados fardos do poder: \u00ab \u00c9 de uma indec\u00eancia\u2026 \u00bb\" class=\"read-more\" href=\"https:\/\/www.sebastien-auziere.fr\/blog\/pt\/brigitte-macron-revela-os-bastidores-do-seu-cotidiano-no-palacio-do-eliseu-e-os-pesados-fardos-do-poder-e-de-uma-indecencia\/\" aria-label=\"En savoir plus sur Brigitte Macron revela os bastidores do seu cotidiano no Pal\u00e1cio do Eliseu e os pesados fardos do poder: \u00ab \u00c9 de uma indec\u00eancia\u2026 \u00bb\">Lire plus<\/a><\/p>\n","protected":false},"author":9,"featured_media":3410,"comment_status":"open","ping_status":"open","sticky":false,"template":"","format":"standard","meta":{"footnotes":""},"categories":[862],"tags":[959,4705,4708,4711,4714],"class_list":["post-3420","post","type-post","status-publish","format-standard","has-post-thumbnail","hentry","category-actualidades-pt","tag-brigitte-macron-pt","tag-coulisses-do-poder-pt","tag-pesos-do-poder-pt","tag-quotidiano-no-elisio-pt","tag-vida-no-elysee-pt"],"yoast_head":"<!-- This site is optimized with the Yoast SEO plugin v27.5 - https:\/\/yoast.com\/product\/yoast-seo-wordpress\/ -->\n<title>Brigitte Macron revela os bastidores do seu cotidiano no Pal\u00e1cio do Eliseu e os pesados fardos do poder: \u00ab \u00c9 de uma indec\u00eancia\u2026 \u00bb - Fan site S\u00e9bastien Auzi\u00e8re<\/title>\n<meta name=\"description\" content=\"Brigitte Macron r\u00e9v\u00e8le les coulisses de son quotidien \u00e0 l&#039;\u00c9lys\u00e9e et les d\u00e9fis du pouvoir : \u00ab C\u2019est d\u2019une ind\u00e9cence\u2026 \u00bb \u00e0 d\u00e9couvrir ici.\" \/>\n<meta name=\"robots\" content=\"index, follow, max-snippet:-1, max-image-preview:large, max-video-preview:-1\" \/>\n<link rel=\"canonical\" href=\"https:\/\/www.sebastien-auziere.fr\/blog\/pt\/brigitte-macron-revela-os-bastidores-do-seu-cotidiano-no-palacio-do-eliseu-e-os-pesados-fardos-do-poder-e-de-uma-indecencia\/\" \/>\n<meta property=\"og:locale\" content=\"fr_FR\" \/>\n<meta property=\"og:type\" content=\"article\" \/>\n<meta property=\"og:title\" content=\"Brigitte Macron revela os bastidores do seu cotidiano no Pal\u00e1cio do Eliseu e os pesados fardos do poder: \u00ab \u00c9 de uma indec\u00eancia\u2026 \u00bb - Fan site S\u00e9bastien Auzi\u00e8re\" \/>\n<meta property=\"og:description\" content=\"Brigitte Macron r\u00e9v\u00e8le les coulisses de son quotidien \u00e0 l&#039;\u00c9lys\u00e9e et les d\u00e9fis du pouvoir : \u00ab C\u2019est d\u2019une ind\u00e9cence\u2026 \u00bb \u00e0 d\u00e9couvrir ici.\" \/>\n<meta property=\"og:url\" content=\"https:\/\/www.sebastien-auziere.fr\/blog\/pt\/brigitte-macron-revela-os-bastidores-do-seu-cotidiano-no-palacio-do-eliseu-e-os-pesados-fardos-do-poder-e-de-uma-indecencia\/\" \/>\n<meta property=\"og:site_name\" content=\"Fan site S\u00e9bastien Auzi\u00e8re\" \/>\n<meta property=\"article:published_time\" content=\"2026-04-28T19:25:02+00:00\" \/>\n<meta property=\"article:modified_time\" content=\"2026-04-28T19:25:30+00:00\" \/>\n<meta property=\"og:image\" content=\"https:\/\/www.sebastien-auziere.fr\/blog\/wp-content\/uploads\/2026\/04\/Brigitte-Macron-devoile-les-coulisses-de-son-quotidien-a-lElysee-et-les-lourdeurs-du-pouvoir-Cest-dune-indecence\u2026-.jpg\" \/>\n\t<meta property=\"og:image:width\" content=\"2560\" \/>\n\t<meta property=\"og:image:height\" content=\"1429\" \/>\n\t<meta property=\"og:image:type\" content=\"image\/jpeg\" \/>\n<meta name=\"author\" content=\"Chloe Gauthier\" \/>\n<meta name=\"twitter:card\" content=\"summary_large_image\" \/>\n<meta name=\"twitter:label1\" content=\"\u00c9crit par\" \/>\n\t<meta name=\"twitter:data1\" content=\"Chloe Gauthier\" \/>\n\t<meta name=\"twitter:label2\" content=\"Dur\u00e9e de lecture estim\u00e9e\" \/>\n\t<meta name=\"twitter:data2\" content=\"3 minutes\" \/>\n<script type=\"application\/ld+json\" class=\"yoast-schema-graph\">{\"@context\":\"https:\\\/\\\/schema.org\",\"@graph\":[{\"@type\":\"Article\",\"@id\":\"https:\\\/\\\/www.sebastien-auziere.fr\\\/blog\\\/pt\\\/brigitte-macron-revela-os-bastidores-do-seu-cotidiano-no-palacio-do-eliseu-e-os-pesados-fardos-do-poder-e-de-uma-indecencia\\\/#article\",\"isPartOf\":{\"@id\":\"https:\\\/\\\/www.sebastien-auziere.fr\\\/blog\\\/pt\\\/brigitte-macron-revela-os-bastidores-do-seu-cotidiano-no-palacio-do-eliseu-e-os-pesados-fardos-do-poder-e-de-uma-indecencia\\\/\"},\"author\":{\"name\":\"Chloe Gauthier\",\"@id\":\"https:\\\/\\\/www.sebastien-auziere.fr\\\/blog\\\/#\\\/schema\\\/person\\\/149f1acdbfd85149c6c3e59adeae2f4d\"},\"headline\":\"Brigitte Macron revela os bastidores do seu cotidiano no Pal\u00e1cio do Eliseu e os pesados fardos do poder: \u00ab \u00c9 de uma indec\u00eancia\u2026 \u00bb\",\"datePublished\":\"2026-04-28T19:25:02+00:00\",\"dateModified\":\"2026-04-28T19:25:30+00:00\",\"mainEntityOfPage\":{\"@id\":\"https:\\\/\\\/www.sebastien-auziere.fr\\\/blog\\\/pt\\\/brigitte-macron-revela-os-bastidores-do-seu-cotidiano-no-palacio-do-eliseu-e-os-pesados-fardos-do-poder-e-de-uma-indecencia\\\/\"},\"wordCount\":578,\"commentCount\":0,\"publisher\":{\"@id\":\"https:\\\/\\\/www.sebastien-auziere.fr\\\/blog\\\/#organization\"},\"image\":{\"@id\":\"https:\\\/\\\/www.sebastien-auziere.fr\\\/blog\\\/pt\\\/brigitte-macron-revela-os-bastidores-do-seu-cotidiano-no-palacio-do-eliseu-e-os-pesados-fardos-do-poder-e-de-uma-indecencia\\\/#primaryimage\"},\"thumbnailUrl\":\"https:\\\/\\\/www.sebastien-auziere.fr\\\/blog\\\/wp-content\\\/uploads\\\/2026\\\/04\\\/Brigitte-Macron-devoile-les-coulisses-de-son-quotidien-a-lElysee-et-les-lourdeurs-du-pouvoir-Cest-dune-indecence\u2026-.jpg\",\"keywords\":[\"brigitte macron\",\"coulisses do poder\",\"pesos do poder\",\"quotidiano no el\u00edsio\",\"vida no elys\u00e9e\"],\"articleSection\":[\"Actualidades\"],\"inLanguage\":\"fr-FR\",\"potentialAction\":[{\"@type\":\"CommentAction\",\"name\":\"Comment\",\"target\":[\"https:\\\/\\\/www.sebastien-auziere.fr\\\/blog\\\/pt\\\/brigitte-macron-revela-os-bastidores-do-seu-cotidiano-no-palacio-do-eliseu-e-os-pesados-fardos-do-poder-e-de-uma-indecencia\\\/#respond\"]}]},{\"@type\":\"WebPage\",\"@id\":\"https:\\\/\\\/www.sebastien-auziere.fr\\\/blog\\\/pt\\\/brigitte-macron-revela-os-bastidores-do-seu-cotidiano-no-palacio-do-eliseu-e-os-pesados-fardos-do-poder-e-de-uma-indecencia\\\/\",\"url\":\"https:\\\/\\\/www.sebastien-auziere.fr\\\/blog\\\/pt\\\/brigitte-macron-revela-os-bastidores-do-seu-cotidiano-no-palacio-do-eliseu-e-os-pesados-fardos-do-poder-e-de-uma-indecencia\\\/\",\"name\":\"Brigitte Macron revela os bastidores do seu cotidiano no Pal\u00e1cio do Eliseu e os pesados fardos do poder: \u00ab \u00c9 de uma indec\u00eancia\u2026 \u00bb - Fan site S\u00e9bastien Auzi\u00e8re\",\"isPartOf\":{\"@id\":\"https:\\\/\\\/www.sebastien-auziere.fr\\\/blog\\\/#website\"},\"primaryImageOfPage\":{\"@id\":\"https:\\\/\\\/www.sebastien-auziere.fr\\\/blog\\\/pt\\\/brigitte-macron-revela-os-bastidores-do-seu-cotidiano-no-palacio-do-eliseu-e-os-pesados-fardos-do-poder-e-de-uma-indecencia\\\/#primaryimage\"},\"image\":{\"@id\":\"https:\\\/\\\/www.sebastien-auziere.fr\\\/blog\\\/pt\\\/brigitte-macron-revela-os-bastidores-do-seu-cotidiano-no-palacio-do-eliseu-e-os-pesados-fardos-do-poder-e-de-uma-indecencia\\\/#primaryimage\"},\"thumbnailUrl\":\"https:\\\/\\\/www.sebastien-auziere.fr\\\/blog\\\/wp-content\\\/uploads\\\/2026\\\/04\\\/Brigitte-Macron-devoile-les-coulisses-de-son-quotidien-a-lElysee-et-les-lourdeurs-du-pouvoir-Cest-dune-indecence\u2026-.jpg\",\"datePublished\":\"2026-04-28T19:25:02+00:00\",\"dateModified\":\"2026-04-28T19:25:30+00:00\",\"description\":\"Brigitte Macron r\u00e9v\u00e8le les coulisses de son quotidien \u00e0 l'\u00c9lys\u00e9e et les d\u00e9fis du pouvoir : \u00ab C\u2019est d\u2019une ind\u00e9cence\u2026 \u00bb \u00e0 d\u00e9couvrir ici.\",\"breadcrumb\":{\"@id\":\"https:\\\/\\\/www.sebastien-auziere.fr\\\/blog\\\/pt\\\/brigitte-macron-revela-os-bastidores-do-seu-cotidiano-no-palacio-do-eliseu-e-os-pesados-fardos-do-poder-e-de-uma-indecencia\\\/#breadcrumb\"},\"inLanguage\":\"fr-FR\",\"potentialAction\":[{\"@type\":\"ReadAction\",\"target\":[\"https:\\\/\\\/www.sebastien-auziere.fr\\\/blog\\\/pt\\\/brigitte-macron-revela-os-bastidores-do-seu-cotidiano-no-palacio-do-eliseu-e-os-pesados-fardos-do-poder-e-de-uma-indecencia\\\/\"]}]},{\"@type\":\"ImageObject\",\"inLanguage\":\"fr-FR\",\"@id\":\"https:\\\/\\\/www.sebastien-auziere.fr\\\/blog\\\/pt\\\/brigitte-macron-revela-os-bastidores-do-seu-cotidiano-no-palacio-do-eliseu-e-os-pesados-fardos-do-poder-e-de-uma-indecencia\\\/#primaryimage\",\"url\":\"https:\\\/\\\/www.sebastien-auziere.fr\\\/blog\\\/wp-content\\\/uploads\\\/2026\\\/04\\\/Brigitte-Macron-devoile-les-coulisses-de-son-quotidien-a-lElysee-et-les-lourdeurs-du-pouvoir-Cest-dune-indecence\u2026-.jpg\",\"contentUrl\":\"https:\\\/\\\/www.sebastien-auziere.fr\\\/blog\\\/wp-content\\\/uploads\\\/2026\\\/04\\\/Brigitte-Macron-devoile-les-coulisses-de-son-quotidien-a-lElysee-et-les-lourdeurs-du-pouvoir-Cest-dune-indecence\u2026-.jpg\",\"width\":2560,\"height\":1429,\"caption\":\"brigitte macron r\u00e9v\u00e8le les coulisses de son quotidien \u00e0 l'\u00e9lys\u00e9e et partage ses r\u00e9flexions sur les lourdeurs du pouvoir, \u00e9voquant une situation qualifi\u00e9e d'ind\u00e9cence.\"},{\"@type\":\"BreadcrumbList\",\"@id\":\"https:\\\/\\\/www.sebastien-auziere.fr\\\/blog\\\/pt\\\/brigitte-macron-revela-os-bastidores-do-seu-cotidiano-no-palacio-do-eliseu-e-os-pesados-fardos-do-poder-e-de-uma-indecencia\\\/#breadcrumb\",\"itemListElement\":[{\"@type\":\"ListItem\",\"position\":1,\"name\":\"Home\",\"item\":\"https:\\\/\\\/www.sebastien-auziere.fr\\\/blog\\\/\"},{\"@type\":\"ListItem\",\"position\":2,\"name\":\"Brigitte Macron revela os bastidores do seu cotidiano no Pal\u00e1cio do Eliseu e os pesados fardos do poder: \u00ab \u00c9 de uma indec\u00eancia\u2026 \u00bb\"}]},{\"@type\":\"WebSite\",\"@id\":\"https:\\\/\\\/www.sebastien-auziere.fr\\\/blog\\\/#website\",\"url\":\"https:\\\/\\\/www.sebastien-auziere.fr\\\/blog\\\/\",\"name\":\"Fan site S\u00e9bastien Auzi\u00e8re\",\"description\":\"M\u00e9dia g\u00e9n\u00e9raliste\",\"publisher\":{\"@id\":\"https:\\\/\\\/www.sebastien-auziere.fr\\\/blog\\\/#organization\"},\"potentialAction\":[{\"@type\":\"SearchAction\",\"target\":{\"@type\":\"EntryPoint\",\"urlTemplate\":\"https:\\\/\\\/www.sebastien-auziere.fr\\\/blog\\\/?s={search_term_string}\"},\"query-input\":{\"@type\":\"PropertyValueSpecification\",\"valueRequired\":true,\"valueName\":\"search_term_string\"}}],\"inLanguage\":\"fr-FR\"},{\"@type\":\"Organization\",\"@id\":\"https:\\\/\\\/www.sebastien-auziere.fr\\\/blog\\\/#organization\",\"name\":\"Fan site S\u00e9bastien Auzi\u00e8re\",\"url\":\"https:\\\/\\\/www.sebastien-auziere.fr\\\/blog\\\/\",\"logo\":{\"@type\":\"ImageObject\",\"inLanguage\":\"fr-FR\",\"@id\":\"https:\\\/\\\/www.sebastien-auziere.fr\\\/blog\\\/#\\\/schema\\\/logo\\\/image\\\/\",\"url\":\"https:\\\/\\\/www.sebastien-auziere.fr\\\/blog\\\/wp-content\\\/uploads\\\/2026\\\/03\\\/cropped-cropped-cropped-ChatGPT-Image-6-mars-2026-12_58_09-e1772798376794.jpg\",\"contentUrl\":\"https:\\\/\\\/www.sebastien-auziere.fr\\\/blog\\\/wp-content\\\/uploads\\\/2026\\\/03\\\/cropped-cropped-cropped-ChatGPT-Image-6-mars-2026-12_58_09-e1772798376794.jpg\",\"width\":512,\"height\":360,\"caption\":\"Fan site S\u00e9bastien Auzi\u00e8re\"},\"image\":{\"@id\":\"https:\\\/\\\/www.sebastien-auziere.fr\\\/blog\\\/#\\\/schema\\\/logo\\\/image\\\/\"}},{\"@type\":\"Person\",\"@id\":\"https:\\\/\\\/www.sebastien-auziere.fr\\\/blog\\\/#\\\/schema\\\/person\\\/149f1acdbfd85149c6c3e59adeae2f4d\",\"name\":\"Chloe Gauthier\",\"image\":{\"@type\":\"ImageObject\",\"inLanguage\":\"fr-FR\",\"@id\":\"https:\\\/\\\/secure.gravatar.com\\\/avatar\\\/2c5722f58171cff738a8985ef0dd66b476e563753246a49019befc837ec4201a?s=96&d=mm&r=g\",\"url\":\"https:\\\/\\\/secure.gravatar.com\\\/avatar\\\/2c5722f58171cff738a8985ef0dd66b476e563753246a49019befc837ec4201a?s=96&d=mm&r=g\",\"contentUrl\":\"https:\\\/\\\/secure.gravatar.com\\\/avatar\\\/2c5722f58171cff738a8985ef0dd66b476e563753246a49019befc837ec4201a?s=96&d=mm&r=g\",\"caption\":\"Chloe Gauthier\"},\"description\":\"Passionn\u00e9e par la politique et admiratrice engag\u00e9e de la famille Macron, je consacre mon \u00e9nergie \u00e0 suivre leurs initiatives et \u00e0 promouvoir leurs id\u00e9es. \u00c0 32 ans, je suis convaincue que leur vision est porteuse d'avenir.\",\"url\":\"https:\\\/\\\/www.sebastien-auziere.fr\\\/blog\\\/author\\\/chloe-gauthier\\\/\"}]}<\/script>\n<!-- \/ Yoast SEO plugin. -->","yoast_head_json":{"title":"Brigitte Macron revela os bastidores do seu cotidiano no Pal\u00e1cio do Eliseu e os pesados fardos do poder: \u00ab \u00c9 de uma indec\u00eancia\u2026 \u00bb - Fan site S\u00e9bastien Auzi\u00e8re","description":"Brigitte Macron r\u00e9v\u00e8le les coulisses de son quotidien \u00e0 l'\u00c9lys\u00e9e et les d\u00e9fis du pouvoir : \u00ab C\u2019est d\u2019une ind\u00e9cence\u2026 \u00bb \u00e0 d\u00e9couvrir ici.","robots":{"index":"index","follow":"follow","max-snippet":"max-snippet:-1","max-image-preview":"max-image-preview:large","max-video-preview":"max-video-preview:-1"},"canonical":"https:\/\/www.sebastien-auziere.fr\/blog\/pt\/brigitte-macron-revela-os-bastidores-do-seu-cotidiano-no-palacio-do-eliseu-e-os-pesados-fardos-do-poder-e-de-uma-indecencia\/","og_locale":"fr_FR","og_type":"article","og_title":"Brigitte Macron revela os bastidores do seu cotidiano no Pal\u00e1cio do Eliseu e os pesados fardos do poder: \u00ab \u00c9 de uma indec\u00eancia\u2026 \u00bb - Fan site S\u00e9bastien Auzi\u00e8re","og_description":"Brigitte Macron r\u00e9v\u00e8le les coulisses de son quotidien \u00e0 l'\u00c9lys\u00e9e et les d\u00e9fis du pouvoir : \u00ab C\u2019est d\u2019une ind\u00e9cence\u2026 \u00bb \u00e0 d\u00e9couvrir ici.","og_url":"https:\/\/www.sebastien-auziere.fr\/blog\/pt\/brigitte-macron-revela-os-bastidores-do-seu-cotidiano-no-palacio-do-eliseu-e-os-pesados-fardos-do-poder-e-de-uma-indecencia\/","og_site_name":"Fan site S\u00e9bastien Auzi\u00e8re","article_published_time":"2026-04-28T19:25:02+00:00","article_modified_time":"2026-04-28T19:25:30+00:00","og_image":[{"width":2560,"height":1429,"url":"https:\/\/www.sebastien-auziere.fr\/blog\/wp-content\/uploads\/2026\/04\/Brigitte-Macron-devoile-les-coulisses-de-son-quotidien-a-lElysee-et-les-lourdeurs-du-pouvoir-Cest-dune-indecence\u2026-.jpg","type":"image\/jpeg"}],"author":"Chloe Gauthier","twitter_card":"summary_large_image","twitter_misc":{"\u00c9crit par":"Chloe Gauthier","Dur\u00e9e de lecture estim\u00e9e":"3 minutes"},"schema":{"@context":"https:\/\/schema.org","@graph":[{"@type":"Article","@id":"https:\/\/www.sebastien-auziere.fr\/blog\/pt\/brigitte-macron-revela-os-bastidores-do-seu-cotidiano-no-palacio-do-eliseu-e-os-pesados-fardos-do-poder-e-de-uma-indecencia\/#article","isPartOf":{"@id":"https:\/\/www.sebastien-auziere.fr\/blog\/pt\/brigitte-macron-revela-os-bastidores-do-seu-cotidiano-no-palacio-do-eliseu-e-os-pesados-fardos-do-poder-e-de-uma-indecencia\/"},"author":{"name":"Chloe Gauthier","@id":"https:\/\/www.sebastien-auziere.fr\/blog\/#\/schema\/person\/149f1acdbfd85149c6c3e59adeae2f4d"},"headline":"Brigitte Macron revela os bastidores do seu cotidiano no Pal\u00e1cio do Eliseu e os pesados fardos do poder: \u00ab \u00c9 de uma indec\u00eancia\u2026 \u00bb","datePublished":"2026-04-28T19:25:02+00:00","dateModified":"2026-04-28T19:25:30+00:00","mainEntityOfPage":{"@id":"https:\/\/www.sebastien-auziere.fr\/blog\/pt\/brigitte-macron-revela-os-bastidores-do-seu-cotidiano-no-palacio-do-eliseu-e-os-pesados-fardos-do-poder-e-de-uma-indecencia\/"},"wordCount":578,"commentCount":0,"publisher":{"@id":"https:\/\/www.sebastien-auziere.fr\/blog\/#organization"},"image":{"@id":"https:\/\/www.sebastien-auziere.fr\/blog\/pt\/brigitte-macron-revela-os-bastidores-do-seu-cotidiano-no-palacio-do-eliseu-e-os-pesados-fardos-do-poder-e-de-uma-indecencia\/#primaryimage"},"thumbnailUrl":"https:\/\/www.sebastien-auziere.fr\/blog\/wp-content\/uploads\/2026\/04\/Brigitte-Macron-devoile-les-coulisses-de-son-quotidien-a-lElysee-et-les-lourdeurs-du-pouvoir-Cest-dune-indecence\u2026-.jpg","keywords":["brigitte macron","coulisses do poder","pesos do poder","quotidiano no el\u00edsio","vida no elys\u00e9e"],"articleSection":["Actualidades"],"inLanguage":"fr-FR","potentialAction":[{"@type":"CommentAction","name":"Comment","target":["https:\/\/www.sebastien-auziere.fr\/blog\/pt\/brigitte-macron-revela-os-bastidores-do-seu-cotidiano-no-palacio-do-eliseu-e-os-pesados-fardos-do-poder-e-de-uma-indecencia\/#respond"]}]},{"@type":"WebPage","@id":"https:\/\/www.sebastien-auziere.fr\/blog\/pt\/brigitte-macron-revela-os-bastidores-do-seu-cotidiano-no-palacio-do-eliseu-e-os-pesados-fardos-do-poder-e-de-uma-indecencia\/","url":"https:\/\/www.sebastien-auziere.fr\/blog\/pt\/brigitte-macron-revela-os-bastidores-do-seu-cotidiano-no-palacio-do-eliseu-e-os-pesados-fardos-do-poder-e-de-uma-indecencia\/","name":"Brigitte Macron revela os bastidores do seu cotidiano no Pal\u00e1cio do Eliseu e os pesados fardos do poder: \u00ab \u00c9 de uma indec\u00eancia\u2026 \u00bb - Fan site S\u00e9bastien Auzi\u00e8re","isPartOf":{"@id":"https:\/\/www.sebastien-auziere.fr\/blog\/#website"},"primaryImageOfPage":{"@id":"https:\/\/www.sebastien-auziere.fr\/blog\/pt\/brigitte-macron-revela-os-bastidores-do-seu-cotidiano-no-palacio-do-eliseu-e-os-pesados-fardos-do-poder-e-de-uma-indecencia\/#primaryimage"},"image":{"@id":"https:\/\/www.sebastien-auziere.fr\/blog\/pt\/brigitte-macron-revela-os-bastidores-do-seu-cotidiano-no-palacio-do-eliseu-e-os-pesados-fardos-do-poder-e-de-uma-indecencia\/#primaryimage"},"thumbnailUrl":"https:\/\/www.sebastien-auziere.fr\/blog\/wp-content\/uploads\/2026\/04\/Brigitte-Macron-devoile-les-coulisses-de-son-quotidien-a-lElysee-et-les-lourdeurs-du-pouvoir-Cest-dune-indecence\u2026-.jpg","datePublished":"2026-04-28T19:25:02+00:00","dateModified":"2026-04-28T19:25:30+00:00","description":"Brigitte Macron r\u00e9v\u00e8le les coulisses de son quotidien \u00e0 l'\u00c9lys\u00e9e et les d\u00e9fis du pouvoir : \u00ab C\u2019est d\u2019une ind\u00e9cence\u2026 \u00bb \u00e0 d\u00e9couvrir ici.","breadcrumb":{"@id":"https:\/\/www.sebastien-auziere.fr\/blog\/pt\/brigitte-macron-revela-os-bastidores-do-seu-cotidiano-no-palacio-do-eliseu-e-os-pesados-fardos-do-poder-e-de-uma-indecencia\/#breadcrumb"},"inLanguage":"fr-FR","potentialAction":[{"@type":"ReadAction","target":["https:\/\/www.sebastien-auziere.fr\/blog\/pt\/brigitte-macron-revela-os-bastidores-do-seu-cotidiano-no-palacio-do-eliseu-e-os-pesados-fardos-do-poder-e-de-uma-indecencia\/"]}]},{"@type":"ImageObject","inLanguage":"fr-FR","@id":"https:\/\/www.sebastien-auziere.fr\/blog\/pt\/brigitte-macron-revela-os-bastidores-do-seu-cotidiano-no-palacio-do-eliseu-e-os-pesados-fardos-do-poder-e-de-uma-indecencia\/#primaryimage","url":"https:\/\/www.sebastien-auziere.fr\/blog\/wp-content\/uploads\/2026\/04\/Brigitte-Macron-devoile-les-coulisses-de-son-quotidien-a-lElysee-et-les-lourdeurs-du-pouvoir-Cest-dune-indecence\u2026-.jpg","contentUrl":"https:\/\/www.sebastien-auziere.fr\/blog\/wp-content\/uploads\/2026\/04\/Brigitte-Macron-devoile-les-coulisses-de-son-quotidien-a-lElysee-et-les-lourdeurs-du-pouvoir-Cest-dune-indecence\u2026-.jpg","width":2560,"height":1429,"caption":"brigitte macron r\u00e9v\u00e8le les coulisses de son quotidien \u00e0 l'\u00e9lys\u00e9e et partage ses r\u00e9flexions sur les lourdeurs du pouvoir, \u00e9voquant une situation qualifi\u00e9e d'ind\u00e9cence."},{"@type":"BreadcrumbList","@id":"https:\/\/www.sebastien-auziere.fr\/blog\/pt\/brigitte-macron-revela-os-bastidores-do-seu-cotidiano-no-palacio-do-eliseu-e-os-pesados-fardos-do-poder-e-de-uma-indecencia\/#breadcrumb","itemListElement":[{"@type":"ListItem","position":1,"name":"Home","item":"https:\/\/www.sebastien-auziere.fr\/blog\/"},{"@type":"ListItem","position":2,"name":"Brigitte Macron revela os bastidores do seu cotidiano no Pal\u00e1cio do Eliseu e os pesados fardos do poder: \u00ab \u00c9 de uma indec\u00eancia\u2026 \u00bb"}]},{"@type":"WebSite","@id":"https:\/\/www.sebastien-auziere.fr\/blog\/#website","url":"https:\/\/www.sebastien-auziere.fr\/blog\/","name":"Fan site S\u00e9bastien Auzi\u00e8re","description":"M\u00e9dia g\u00e9n\u00e9raliste","publisher":{"@id":"https:\/\/www.sebastien-auziere.fr\/blog\/#organization"},"potentialAction":[{"@type":"SearchAction","target":{"@type":"EntryPoint","urlTemplate":"https:\/\/www.sebastien-auziere.fr\/blog\/?s={search_term_string}"},"query-input":{"@type":"PropertyValueSpecification","valueRequired":true,"valueName":"search_term_string"}}],"inLanguage":"fr-FR"},{"@type":"Organization","@id":"https:\/\/www.sebastien-auziere.fr\/blog\/#organization","name":"Fan site S\u00e9bastien Auzi\u00e8re","url":"https:\/\/www.sebastien-auziere.fr\/blog\/","logo":{"@type":"ImageObject","inLanguage":"fr-FR","@id":"https:\/\/www.sebastien-auziere.fr\/blog\/#\/schema\/logo\/image\/","url":"https:\/\/www.sebastien-auziere.fr\/blog\/wp-content\/uploads\/2026\/03\/cropped-cropped-cropped-ChatGPT-Image-6-mars-2026-12_58_09-e1772798376794.jpg","contentUrl":"https:\/\/www.sebastien-auziere.fr\/blog\/wp-content\/uploads\/2026\/03\/cropped-cropped-cropped-ChatGPT-Image-6-mars-2026-12_58_09-e1772798376794.jpg","width":512,"height":360,"caption":"Fan site S\u00e9bastien Auzi\u00e8re"},"image":{"@id":"https:\/\/www.sebastien-auziere.fr\/blog\/#\/schema\/logo\/image\/"}},{"@type":"Person","@id":"https:\/\/www.sebastien-auziere.fr\/blog\/#\/schema\/person\/149f1acdbfd85149c6c3e59adeae2f4d","name":"Chloe Gauthier","image":{"@type":"ImageObject","inLanguage":"fr-FR","@id":"https:\/\/secure.gravatar.com\/avatar\/2c5722f58171cff738a8985ef0dd66b476e563753246a49019befc837ec4201a?s=96&d=mm&r=g","url":"https:\/\/secure.gravatar.com\/avatar\/2c5722f58171cff738a8985ef0dd66b476e563753246a49019befc837ec4201a?s=96&d=mm&r=g","contentUrl":"https:\/\/secure.gravatar.com\/avatar\/2c5722f58171cff738a8985ef0dd66b476e563753246a49019befc837ec4201a?s=96&d=mm&r=g","caption":"Chloe Gauthier"},"description":"Passionn\u00e9e par la politique et admiratrice engag\u00e9e de la famille Macron, je consacre mon \u00e9nergie \u00e0 suivre leurs initiatives et \u00e0 promouvoir leurs id\u00e9es. \u00c0 32 ans, je suis convaincue que leur vision est porteuse d'avenir.","url":"https:\/\/www.sebastien-auziere.fr\/blog\/author\/chloe-gauthier\/"}]}},"views":0,"_links":{"self":[{"href":"https:\/\/www.sebastien-auziere.fr\/blog\/wp-json\/wp\/v2\/posts\/3420","targetHints":{"allow":["GET"]}}],"collection":[{"href":"https:\/\/www.sebastien-auziere.fr\/blog\/wp-json\/wp\/v2\/posts"}],"about":[{"href":"https:\/\/www.sebastien-auziere.fr\/blog\/wp-json\/wp\/v2\/types\/post"}],"author":[{"embeddable":true,"href":"https:\/\/www.sebastien-auziere.fr\/blog\/wp-json\/wp\/v2\/users\/9"}],"replies":[{"embeddable":true,"href":"https:\/\/www.sebastien-auziere.fr\/blog\/wp-json\/wp\/v2\/comments?post=3420"}],"version-history":[{"count":1,"href":"https:\/\/www.sebastien-auziere.fr\/blog\/wp-json\/wp\/v2\/posts\/3420\/revisions"}],"predecessor-version":[{"id":3421,"href":"https:\/\/www.sebastien-auziere.fr\/blog\/wp-json\/wp\/v2\/posts\/3420\/revisions\/3421"}],"wp:featuredmedia":[{"embeddable":true,"href":"https:\/\/www.sebastien-auziere.fr\/blog\/wp-json\/wp\/v2\/media\/3410"}],"wp:attachment":[{"href":"https:\/\/www.sebastien-auziere.fr\/blog\/wp-json\/wp\/v2\/media?parent=3420"}],"wp:term":[{"taxonomy":"category","embeddable":true,"href":"https:\/\/www.sebastien-auziere.fr\/blog\/wp-json\/wp\/v2\/categories?post=3420"},{"taxonomy":"post_tag","embeddable":true,"href":"https:\/\/www.sebastien-auziere.fr\/blog\/wp-json\/wp\/v2\/tags?post=3420"}],"curies":[{"name":"wp","href":"https:\/\/api.w.org\/{rel}","templated":true}]}}