{"id":3418,"date":"2026-04-28T19:24:18","date_gmt":"2026-04-28T19:24:18","guid":{"rendered":"https:\/\/www.sebastien-auziere.fr\/blog\/?p=3418"},"modified":"2026-04-28T19:24:47","modified_gmt":"2026-04-28T19:24:47","slug":"brigitte-macron-svela-i-retroscena-della-sua-vita-quotidiana-allelysee-e-i-pesi-del-potere-e-di-una-indecenza","status":"publish","type":"post","link":"https:\/\/www.sebastien-auziere.fr\/blog\/it\/brigitte-macron-svela-i-retroscena-della-sua-vita-quotidiana-allelysee-e-i-pesi-del-potere-e-di-una-indecenza\/","title":{"rendered":"Brigitte Macron svela i retroscena della sua vita quotidiana all&rsquo;\u00c9lys\u00e9e e i pesi del potere: \u00ab\u00c8 di una indecenza\u2026\u00bb"},"content":{"rendered":"<p><strong>Brigitte Macron<\/strong> ha scelto la franchezza: dopo quasi un decennio all&rsquo;<strong>\u00c9lys\u00e9e<\/strong>, confida la durezza del suo <strong>quotidiano<\/strong> e la \u00ab <strong>oscurit\u00e0<\/strong> del mondo \u00bb che ha scoperto l\u00ec. Queste confidenze, pubblicate in La Tribune Dimanche, evocano il cyberbullismo, la fatica morale e la difficolt\u00e0 di conciliare vita privata e dovere di rappresentanza.<\/p>\n\n<p><strong>In breve<\/strong> : Brigitte Macron parla di tristezza inedita, di campagne di denigrazione online condannate dalla giustizia a gennaio, e interroga il posto e la <strong>trasparenza<\/strong> della funzione di Prima donna.<\/p>\n\n<h2 class=\"wp-block-heading\">Le quinte di un <strong>quotidiano<\/strong> difficile all&rsquo;<strong>\u00c9lys\u00e9e<\/strong><\/h2>\n\n<p>Qui scopri gli aspetti umani del ruolo di Prima donna: tra incontri ufficiali, gesti diplomatici e vita familiare sconvolta, Brigitte Macron descrive un&rsquo;intensit\u00e0 che non risparmia nessuno. Riferisce di aver visto \u00ab la stupidit\u00e0, la cattiveria \u00bb e ammette che \u00ab <strong>a volte mi \u00e8 difficile vedere il cielo blu<\/strong> \u00bb, affermazioni riportate da diversi media nazionali.<\/p>\n\n<p>Questa testimonianza radica la realt\u00e0 del potere nell&#8217;emozione e ricorda che l&rsquo;immagine pubblica nasconde pesi quotidiani. \u00c8 un&rsquo;illuminazione preziosa sulla <strong>presidenza<\/strong> in pratica.<\/p>\n\n<h3 class=\"wp-block-heading\">La violenza del cyberbullismo e le sue ripercussioni<\/h3>\n\n<p>Dal 2017, le campagne di odio hanno preso di mira la coppia presidenziale; sono seguite condanne a gennaio 2026 per vari trasgressori. Brigitte Macron racconta l&rsquo;impatto diretto di queste voci sul suo morale e su quello del suo entourage, spingendo la coppia a presentare denuncia in Francia e negli Stati Uniti.<\/p>\n\n<p>Questo richiamo giudiziario mostra che la <strong>vita politica<\/strong> moderna implica anche una lotta legale contro la disinformazione. L&rsquo;effetto rimane profondo e duraturo.<\/p>\n\n<h2 class=\"wp-block-heading\">Debato pubblico: empatia, critica e accusa di <strong>indecenza<\/strong><\/h2>\n\n<p>Le reazioni sono state vive: alcuni media lodano la sincerit\u00e0 e la <strong>trasparenza<\/strong>, altri denunciano una forma di \u00ab <strong>indecenza<\/strong> \u00bb di fronte alle difficolt\u00e0 sociali del paese. Yael Mellul e Charles Consigny hanno ricordato che la ricerca del potere comporta inevitabilmente una maggiore esposizione.<\/p>\n\n<p>Questo scambio mette in luce la tensione tra comprensione umana ed esigenza politica. L&rsquo;opinione resta divisa, ma il dibattito sottolinea una realt\u00e0 istituzionale spesso dimenticata.<\/p>\n\n<h3 class=\"wp-block-heading\">Una lettura umanizzata della funzione e le sue conseguenze<\/h3>\n\n<p>Per illustrare, immagina Camille, volontaria in un&rsquo;associazione parigina, testimone delle due realt\u00e0: la compassione per la sofferenza di una moglie esposta e la rabbia dei cittadini in difficolt\u00e0. Questo parallelo aiuta a capire perch\u00e9 le parole di Brigitte Macron suscitino tante emozioni.<\/p>\n\n<p>Il riscontro finale \u00e8 chiaro: la <strong>presidenza<\/strong> \u00e8 una scena pubblica dove la vita privata si scontra con i pesi del potere.<\/p>\n\n<p>Per saperne di pi\u00f9 sulle confidenze di Brigitte Macron, le loro implicazioni e il contesto familiare, consulta i dossier dettagliati e le analisi pubblicate qui: <a href=\"https:\/\/www.lemonde.fr\/politique\/article\/2026\/04\/26\/brigitte-macron-se-confie-sur-ses-annees-passees-a-l-elysee-et-affirme-y-avoir-vu-la-noirceur-du-monde-la-betise-la-mechancete_6683439_823448.html\">Le Monde<\/a> e il racconto completo in <a href=\"https:\/\/www.leparisien.fr\/politique\/je-suis-parfois-triste-comme-jamais-je-ne-lavais-ete-brigitte-macron-se-confie-sur-ses-neuf-annees-a-lelysee-25-04-2026-2SUGOK4MHJABTK6R7MMOVDVN4I.php\">Le Parisien<\/a>.<\/p>\n\n<p>Per esplorare ulteriormente la vita all&rsquo;<strong>\u00c9lys\u00e9e<\/strong>, le <strong>quinte<\/strong> e le prove affrontate dalla famiglia, visita <a href=\"https:\/\/www.sebastien-auziere.fr\/blog\/brigitte-macron-epreuves-elysee\/\">i ritratti e le analisi<\/a> e scopri ulteriori illuminazioni su <a href=\"https:\/\/www.sebastien-auziere.fr\/blog\/brigitte-macron-tristesse\/\">la tristezza evocata da Brigitte Macron<\/a>. Queste pagine offrono un&rsquo;immersione documentata e rispettosa per comprendere meglio i pesi del <strong>potere<\/strong>.<\/p>","protected":false},"excerpt":{"rendered":"<p>Brigitte Macron ha scelto la franchezza: dopo quasi un decennio all&rsquo;\u00c9lys\u00e9e, confida la durezza del suo quotidiano e la \u00ab oscurit\u00e0 del mondo \u00bb che ha scoperto l\u00ec. Queste confidenze, pubblicate in La Tribune Dimanche, evocano il cyberbullismo, la fatica morale e la difficolt\u00e0 di conciliare vita privata e dovere di rappresentanza. In breve : &#8230; <a title=\"Brigitte Macron svela i retroscena della sua vita quotidiana all&rsquo;\u00c9lys\u00e9e e i pesi del potere: \u00ab\u00c8 di una indecenza\u2026\u00bb\" class=\"read-more\" href=\"https:\/\/www.sebastien-auziere.fr\/blog\/it\/brigitte-macron-svela-i-retroscena-della-sua-vita-quotidiana-allelysee-e-i-pesi-del-potere-e-di-una-indecenza\/\" aria-label=\"En savoir plus sur Brigitte Macron svela i retroscena della sua vita quotidiana all&rsquo;\u00c9lys\u00e9e e i pesi del potere: \u00ab\u00c8 di una indecenza\u2026\u00bb\">Lire plus<\/a><\/p>\n","protected":false},"author":9,"featured_media":3410,"comment_status":"open","ping_status":"open","sticky":false,"template":"","format":"standard","meta":{"footnotes":""},"categories":[859],"tags":[944,4693,4696,4699,4702],"class_list":["post-3418","post","type-post","status-publish","format-standard","has-post-thumbnail","hentry","category-actualita-it","tag-brigitte-macron-it","tag-coulisses-del-potere-it","tag-lourdezze-del-potere-it","tag-quotidiano-allelysee-it","tag-vita-allelysee-it"],"yoast_head":"<!-- This site is optimized with the Yoast SEO plugin v27.5 - https:\/\/yoast.com\/product\/yoast-seo-wordpress\/ -->\n<title>Brigitte Macron svela i retroscena della sua vita quotidiana all&#039;\u00c9lys\u00e9e e i pesi del potere: \u00ab\u00c8 di una indecenza\u2026\u00bb - Fan site S\u00e9bastien Auzi\u00e8re<\/title>\n<meta name=\"description\" content=\"Brigitte Macron r\u00e9v\u00e8le les coulisses de son quotidien \u00e0 l&#039;\u00c9lys\u00e9e et les d\u00e9fis du pouvoir : \u00ab C\u2019est d\u2019une ind\u00e9cence\u2026 \u00bb \u00e0 d\u00e9couvrir ici.\" \/>\n<meta name=\"robots\" content=\"index, follow, max-snippet:-1, max-image-preview:large, max-video-preview:-1\" \/>\n<link rel=\"canonical\" href=\"https:\/\/www.sebastien-auziere.fr\/blog\/it\/brigitte-macron-svela-i-retroscena-della-sua-vita-quotidiana-allelysee-e-i-pesi-del-potere-e-di-una-indecenza\/\" \/>\n<meta property=\"og:locale\" content=\"fr_FR\" \/>\n<meta property=\"og:type\" content=\"article\" \/>\n<meta property=\"og:title\" content=\"Brigitte Macron svela i retroscena della sua vita quotidiana all&#039;\u00c9lys\u00e9e e i pesi del potere: \u00ab\u00c8 di una indecenza\u2026\u00bb - Fan site S\u00e9bastien Auzi\u00e8re\" \/>\n<meta property=\"og:description\" content=\"Brigitte Macron r\u00e9v\u00e8le les coulisses de son quotidien \u00e0 l&#039;\u00c9lys\u00e9e et les d\u00e9fis du pouvoir : \u00ab C\u2019est d\u2019une ind\u00e9cence\u2026 \u00bb \u00e0 d\u00e9couvrir ici.\" \/>\n<meta property=\"og:url\" content=\"https:\/\/www.sebastien-auziere.fr\/blog\/it\/brigitte-macron-svela-i-retroscena-della-sua-vita-quotidiana-allelysee-e-i-pesi-del-potere-e-di-una-indecenza\/\" \/>\n<meta property=\"og:site_name\" content=\"Fan site S\u00e9bastien Auzi\u00e8re\" \/>\n<meta property=\"article:published_time\" content=\"2026-04-28T19:24:18+00:00\" \/>\n<meta property=\"article:modified_time\" content=\"2026-04-28T19:24:47+00:00\" \/>\n<meta property=\"og:image\" content=\"https:\/\/www.sebastien-auziere.fr\/blog\/wp-content\/uploads\/2026\/04\/Brigitte-Macron-devoile-les-coulisses-de-son-quotidien-a-lElysee-et-les-lourdeurs-du-pouvoir-Cest-dune-indecence\u2026-.jpg\" \/>\n\t<meta property=\"og:image:width\" content=\"2560\" \/>\n\t<meta property=\"og:image:height\" content=\"1429\" \/>\n\t<meta property=\"og:image:type\" content=\"image\/jpeg\" \/>\n<meta name=\"author\" content=\"Chloe Gauthier\" \/>\n<meta name=\"twitter:card\" content=\"summary_large_image\" \/>\n<meta name=\"twitter:label1\" content=\"\u00c9crit par\" \/>\n\t<meta name=\"twitter:data1\" content=\"Chloe Gauthier\" \/>\n\t<meta name=\"twitter:label2\" content=\"Dur\u00e9e de lecture estim\u00e9e\" \/>\n\t<meta name=\"twitter:data2\" content=\"2 minutes\" \/>\n<script type=\"application\/ld+json\" class=\"yoast-schema-graph\">{\"@context\":\"https:\\\/\\\/schema.org\",\"@graph\":[{\"@type\":\"Article\",\"@id\":\"https:\\\/\\\/www.sebastien-auziere.fr\\\/blog\\\/it\\\/brigitte-macron-svela-i-retroscena-della-sua-vita-quotidiana-allelysee-e-i-pesi-del-potere-e-di-una-indecenza\\\/#article\",\"isPartOf\":{\"@id\":\"https:\\\/\\\/www.sebastien-auziere.fr\\\/blog\\\/it\\\/brigitte-macron-svela-i-retroscena-della-sua-vita-quotidiana-allelysee-e-i-pesi-del-potere-e-di-una-indecenza\\\/\"},\"author\":{\"name\":\"Chloe Gauthier\",\"@id\":\"https:\\\/\\\/www.sebastien-auziere.fr\\\/blog\\\/#\\\/schema\\\/person\\\/149f1acdbfd85149c6c3e59adeae2f4d\"},\"headline\":\"Brigitte Macron svela i retroscena della sua vita quotidiana all&rsquo;\u00c9lys\u00e9e e i pesi del potere: \u00ab\u00c8 di una indecenza\u2026\u00bb\",\"datePublished\":\"2026-04-28T19:24:18+00:00\",\"dateModified\":\"2026-04-28T19:24:47+00:00\",\"mainEntityOfPage\":{\"@id\":\"https:\\\/\\\/www.sebastien-auziere.fr\\\/blog\\\/it\\\/brigitte-macron-svela-i-retroscena-della-sua-vita-quotidiana-allelysee-e-i-pesi-del-potere-e-di-una-indecenza\\\/\"},\"wordCount\":492,\"commentCount\":0,\"publisher\":{\"@id\":\"https:\\\/\\\/www.sebastien-auziere.fr\\\/blog\\\/#organization\"},\"image\":{\"@id\":\"https:\\\/\\\/www.sebastien-auziere.fr\\\/blog\\\/it\\\/brigitte-macron-svela-i-retroscena-della-sua-vita-quotidiana-allelysee-e-i-pesi-del-potere-e-di-una-indecenza\\\/#primaryimage\"},\"thumbnailUrl\":\"https:\\\/\\\/www.sebastien-auziere.fr\\\/blog\\\/wp-content\\\/uploads\\\/2026\\\/04\\\/Brigitte-Macron-devoile-les-coulisses-de-son-quotidien-a-lElysee-et-les-lourdeurs-du-pouvoir-Cest-dune-indecence\u2026-.jpg\",\"keywords\":[\"brigitte macron\",\"coulisses del potere\",\"lourdezze del potere\",\"quotidiano all'elys\u00e9e\",\"vita all'elys\u00e9e\"],\"articleSection\":[\"Actualit\u00e0\"],\"inLanguage\":\"fr-FR\",\"potentialAction\":[{\"@type\":\"CommentAction\",\"name\":\"Comment\",\"target\":[\"https:\\\/\\\/www.sebastien-auziere.fr\\\/blog\\\/it\\\/brigitte-macron-svela-i-retroscena-della-sua-vita-quotidiana-allelysee-e-i-pesi-del-potere-e-di-una-indecenza\\\/#respond\"]}]},{\"@type\":\"WebPage\",\"@id\":\"https:\\\/\\\/www.sebastien-auziere.fr\\\/blog\\\/it\\\/brigitte-macron-svela-i-retroscena-della-sua-vita-quotidiana-allelysee-e-i-pesi-del-potere-e-di-una-indecenza\\\/\",\"url\":\"https:\\\/\\\/www.sebastien-auziere.fr\\\/blog\\\/it\\\/brigitte-macron-svela-i-retroscena-della-sua-vita-quotidiana-allelysee-e-i-pesi-del-potere-e-di-una-indecenza\\\/\",\"name\":\"Brigitte Macron svela i retroscena della sua vita quotidiana all'\u00c9lys\u00e9e e i pesi del potere: \u00ab\u00c8 di una indecenza\u2026\u00bb - Fan site S\u00e9bastien Auzi\u00e8re\",\"isPartOf\":{\"@id\":\"https:\\\/\\\/www.sebastien-auziere.fr\\\/blog\\\/#website\"},\"primaryImageOfPage\":{\"@id\":\"https:\\\/\\\/www.sebastien-auziere.fr\\\/blog\\\/it\\\/brigitte-macron-svela-i-retroscena-della-sua-vita-quotidiana-allelysee-e-i-pesi-del-potere-e-di-una-indecenza\\\/#primaryimage\"},\"image\":{\"@id\":\"https:\\\/\\\/www.sebastien-auziere.fr\\\/blog\\\/it\\\/brigitte-macron-svela-i-retroscena-della-sua-vita-quotidiana-allelysee-e-i-pesi-del-potere-e-di-una-indecenza\\\/#primaryimage\"},\"thumbnailUrl\":\"https:\\\/\\\/www.sebastien-auziere.fr\\\/blog\\\/wp-content\\\/uploads\\\/2026\\\/04\\\/Brigitte-Macron-devoile-les-coulisses-de-son-quotidien-a-lElysee-et-les-lourdeurs-du-pouvoir-Cest-dune-indecence\u2026-.jpg\",\"datePublished\":\"2026-04-28T19:24:18+00:00\",\"dateModified\":\"2026-04-28T19:24:47+00:00\",\"description\":\"Brigitte Macron r\u00e9v\u00e8le les coulisses de son quotidien \u00e0 l'\u00c9lys\u00e9e et les d\u00e9fis du pouvoir : \u00ab C\u2019est d\u2019une ind\u00e9cence\u2026 \u00bb \u00e0 d\u00e9couvrir ici.\",\"breadcrumb\":{\"@id\":\"https:\\\/\\\/www.sebastien-auziere.fr\\\/blog\\\/it\\\/brigitte-macron-svela-i-retroscena-della-sua-vita-quotidiana-allelysee-e-i-pesi-del-potere-e-di-una-indecenza\\\/#breadcrumb\"},\"inLanguage\":\"fr-FR\",\"potentialAction\":[{\"@type\":\"ReadAction\",\"target\":[\"https:\\\/\\\/www.sebastien-auziere.fr\\\/blog\\\/it\\\/brigitte-macron-svela-i-retroscena-della-sua-vita-quotidiana-allelysee-e-i-pesi-del-potere-e-di-una-indecenza\\\/\"]}]},{\"@type\":\"ImageObject\",\"inLanguage\":\"fr-FR\",\"@id\":\"https:\\\/\\\/www.sebastien-auziere.fr\\\/blog\\\/it\\\/brigitte-macron-svela-i-retroscena-della-sua-vita-quotidiana-allelysee-e-i-pesi-del-potere-e-di-una-indecenza\\\/#primaryimage\",\"url\":\"https:\\\/\\\/www.sebastien-auziere.fr\\\/blog\\\/wp-content\\\/uploads\\\/2026\\\/04\\\/Brigitte-Macron-devoile-les-coulisses-de-son-quotidien-a-lElysee-et-les-lourdeurs-du-pouvoir-Cest-dune-indecence\u2026-.jpg\",\"contentUrl\":\"https:\\\/\\\/www.sebastien-auziere.fr\\\/blog\\\/wp-content\\\/uploads\\\/2026\\\/04\\\/Brigitte-Macron-devoile-les-coulisses-de-son-quotidien-a-lElysee-et-les-lourdeurs-du-pouvoir-Cest-dune-indecence\u2026-.jpg\",\"width\":2560,\"height\":1429,\"caption\":\"brigitte macron r\u00e9v\u00e8le les coulisses de son quotidien \u00e0 l'\u00e9lys\u00e9e et partage ses r\u00e9flexions sur les lourdeurs du pouvoir, \u00e9voquant une situation qualifi\u00e9e d'ind\u00e9cence.\"},{\"@type\":\"BreadcrumbList\",\"@id\":\"https:\\\/\\\/www.sebastien-auziere.fr\\\/blog\\\/it\\\/brigitte-macron-svela-i-retroscena-della-sua-vita-quotidiana-allelysee-e-i-pesi-del-potere-e-di-una-indecenza\\\/#breadcrumb\",\"itemListElement\":[{\"@type\":\"ListItem\",\"position\":1,\"name\":\"Home\",\"item\":\"https:\\\/\\\/www.sebastien-auziere.fr\\\/blog\\\/\"},{\"@type\":\"ListItem\",\"position\":2,\"name\":\"Brigitte Macron svela i retroscena della sua vita quotidiana all&rsquo;\u00c9lys\u00e9e e i pesi del potere: \u00ab\u00c8 di una indecenza\u2026\u00bb\"}]},{\"@type\":\"WebSite\",\"@id\":\"https:\\\/\\\/www.sebastien-auziere.fr\\\/blog\\\/#website\",\"url\":\"https:\\\/\\\/www.sebastien-auziere.fr\\\/blog\\\/\",\"name\":\"Fan site S\u00e9bastien Auzi\u00e8re\",\"description\":\"M\u00e9dia g\u00e9n\u00e9raliste\",\"publisher\":{\"@id\":\"https:\\\/\\\/www.sebastien-auziere.fr\\\/blog\\\/#organization\"},\"potentialAction\":[{\"@type\":\"SearchAction\",\"target\":{\"@type\":\"EntryPoint\",\"urlTemplate\":\"https:\\\/\\\/www.sebastien-auziere.fr\\\/blog\\\/?s={search_term_string}\"},\"query-input\":{\"@type\":\"PropertyValueSpecification\",\"valueRequired\":true,\"valueName\":\"search_term_string\"}}],\"inLanguage\":\"fr-FR\"},{\"@type\":\"Organization\",\"@id\":\"https:\\\/\\\/www.sebastien-auziere.fr\\\/blog\\\/#organization\",\"name\":\"Fan site S\u00e9bastien Auzi\u00e8re\",\"url\":\"https:\\\/\\\/www.sebastien-auziere.fr\\\/blog\\\/\",\"logo\":{\"@type\":\"ImageObject\",\"inLanguage\":\"fr-FR\",\"@id\":\"https:\\\/\\\/www.sebastien-auziere.fr\\\/blog\\\/#\\\/schema\\\/logo\\\/image\\\/\",\"url\":\"https:\\\/\\\/www.sebastien-auziere.fr\\\/blog\\\/wp-content\\\/uploads\\\/2026\\\/03\\\/cropped-cropped-cropped-ChatGPT-Image-6-mars-2026-12_58_09-e1772798376794.jpg\",\"contentUrl\":\"https:\\\/\\\/www.sebastien-auziere.fr\\\/blog\\\/wp-content\\\/uploads\\\/2026\\\/03\\\/cropped-cropped-cropped-ChatGPT-Image-6-mars-2026-12_58_09-e1772798376794.jpg\",\"width\":512,\"height\":360,\"caption\":\"Fan site S\u00e9bastien Auzi\u00e8re\"},\"image\":{\"@id\":\"https:\\\/\\\/www.sebastien-auziere.fr\\\/blog\\\/#\\\/schema\\\/logo\\\/image\\\/\"}},{\"@type\":\"Person\",\"@id\":\"https:\\\/\\\/www.sebastien-auziere.fr\\\/blog\\\/#\\\/schema\\\/person\\\/149f1acdbfd85149c6c3e59adeae2f4d\",\"name\":\"Chloe Gauthier\",\"image\":{\"@type\":\"ImageObject\",\"inLanguage\":\"fr-FR\",\"@id\":\"https:\\\/\\\/secure.gravatar.com\\\/avatar\\\/2c5722f58171cff738a8985ef0dd66b476e563753246a49019befc837ec4201a?s=96&d=mm&r=g\",\"url\":\"https:\\\/\\\/secure.gravatar.com\\\/avatar\\\/2c5722f58171cff738a8985ef0dd66b476e563753246a49019befc837ec4201a?s=96&d=mm&r=g\",\"contentUrl\":\"https:\\\/\\\/secure.gravatar.com\\\/avatar\\\/2c5722f58171cff738a8985ef0dd66b476e563753246a49019befc837ec4201a?s=96&d=mm&r=g\",\"caption\":\"Chloe Gauthier\"},\"description\":\"Passionn\u00e9e par la politique et admiratrice engag\u00e9e de la famille Macron, je consacre mon \u00e9nergie \u00e0 suivre leurs initiatives et \u00e0 promouvoir leurs id\u00e9es. \u00c0 32 ans, je suis convaincue que leur vision est porteuse d'avenir.\",\"url\":\"https:\\\/\\\/www.sebastien-auziere.fr\\\/blog\\\/author\\\/chloe-gauthier\\\/\"}]}<\/script>\n<!-- \/ Yoast SEO plugin. -->","yoast_head_json":{"title":"Brigitte Macron svela i retroscena della sua vita quotidiana all'\u00c9lys\u00e9e e i pesi del potere: \u00ab\u00c8 di una indecenza\u2026\u00bb - Fan site S\u00e9bastien Auzi\u00e8re","description":"Brigitte Macron r\u00e9v\u00e8le les coulisses de son quotidien \u00e0 l'\u00c9lys\u00e9e et les d\u00e9fis du pouvoir : \u00ab C\u2019est d\u2019une ind\u00e9cence\u2026 \u00bb \u00e0 d\u00e9couvrir ici.","robots":{"index":"index","follow":"follow","max-snippet":"max-snippet:-1","max-image-preview":"max-image-preview:large","max-video-preview":"max-video-preview:-1"},"canonical":"https:\/\/www.sebastien-auziere.fr\/blog\/it\/brigitte-macron-svela-i-retroscena-della-sua-vita-quotidiana-allelysee-e-i-pesi-del-potere-e-di-una-indecenza\/","og_locale":"fr_FR","og_type":"article","og_title":"Brigitte Macron svela i retroscena della sua vita quotidiana all'\u00c9lys\u00e9e e i pesi del potere: \u00ab\u00c8 di una indecenza\u2026\u00bb - Fan site S\u00e9bastien Auzi\u00e8re","og_description":"Brigitte Macron r\u00e9v\u00e8le les coulisses de son quotidien \u00e0 l'\u00c9lys\u00e9e et les d\u00e9fis du pouvoir : \u00ab C\u2019est d\u2019une ind\u00e9cence\u2026 \u00bb \u00e0 d\u00e9couvrir ici.","og_url":"https:\/\/www.sebastien-auziere.fr\/blog\/it\/brigitte-macron-svela-i-retroscena-della-sua-vita-quotidiana-allelysee-e-i-pesi-del-potere-e-di-una-indecenza\/","og_site_name":"Fan site S\u00e9bastien Auzi\u00e8re","article_published_time":"2026-04-28T19:24:18+00:00","article_modified_time":"2026-04-28T19:24:47+00:00","og_image":[{"width":2560,"height":1429,"url":"https:\/\/www.sebastien-auziere.fr\/blog\/wp-content\/uploads\/2026\/04\/Brigitte-Macron-devoile-les-coulisses-de-son-quotidien-a-lElysee-et-les-lourdeurs-du-pouvoir-Cest-dune-indecence\u2026-.jpg","type":"image\/jpeg"}],"author":"Chloe Gauthier","twitter_card":"summary_large_image","twitter_misc":{"\u00c9crit par":"Chloe Gauthier","Dur\u00e9e de lecture estim\u00e9e":"2 minutes"},"schema":{"@context":"https:\/\/schema.org","@graph":[{"@type":"Article","@id":"https:\/\/www.sebastien-auziere.fr\/blog\/it\/brigitte-macron-svela-i-retroscena-della-sua-vita-quotidiana-allelysee-e-i-pesi-del-potere-e-di-una-indecenza\/#article","isPartOf":{"@id":"https:\/\/www.sebastien-auziere.fr\/blog\/it\/brigitte-macron-svela-i-retroscena-della-sua-vita-quotidiana-allelysee-e-i-pesi-del-potere-e-di-una-indecenza\/"},"author":{"name":"Chloe Gauthier","@id":"https:\/\/www.sebastien-auziere.fr\/blog\/#\/schema\/person\/149f1acdbfd85149c6c3e59adeae2f4d"},"headline":"Brigitte Macron svela i retroscena della sua vita quotidiana all&rsquo;\u00c9lys\u00e9e e i pesi del potere: \u00ab\u00c8 di una indecenza\u2026\u00bb","datePublished":"2026-04-28T19:24:18+00:00","dateModified":"2026-04-28T19:24:47+00:00","mainEntityOfPage":{"@id":"https:\/\/www.sebastien-auziere.fr\/blog\/it\/brigitte-macron-svela-i-retroscena-della-sua-vita-quotidiana-allelysee-e-i-pesi-del-potere-e-di-una-indecenza\/"},"wordCount":492,"commentCount":0,"publisher":{"@id":"https:\/\/www.sebastien-auziere.fr\/blog\/#organization"},"image":{"@id":"https:\/\/www.sebastien-auziere.fr\/blog\/it\/brigitte-macron-svela-i-retroscena-della-sua-vita-quotidiana-allelysee-e-i-pesi-del-potere-e-di-una-indecenza\/#primaryimage"},"thumbnailUrl":"https:\/\/www.sebastien-auziere.fr\/blog\/wp-content\/uploads\/2026\/04\/Brigitte-Macron-devoile-les-coulisses-de-son-quotidien-a-lElysee-et-les-lourdeurs-du-pouvoir-Cest-dune-indecence\u2026-.jpg","keywords":["brigitte macron","coulisses del potere","lourdezze del potere","quotidiano all'elys\u00e9e","vita all'elys\u00e9e"],"articleSection":["Actualit\u00e0"],"inLanguage":"fr-FR","potentialAction":[{"@type":"CommentAction","name":"Comment","target":["https:\/\/www.sebastien-auziere.fr\/blog\/it\/brigitte-macron-svela-i-retroscena-della-sua-vita-quotidiana-allelysee-e-i-pesi-del-potere-e-di-una-indecenza\/#respond"]}]},{"@type":"WebPage","@id":"https:\/\/www.sebastien-auziere.fr\/blog\/it\/brigitte-macron-svela-i-retroscena-della-sua-vita-quotidiana-allelysee-e-i-pesi-del-potere-e-di-una-indecenza\/","url":"https:\/\/www.sebastien-auziere.fr\/blog\/it\/brigitte-macron-svela-i-retroscena-della-sua-vita-quotidiana-allelysee-e-i-pesi-del-potere-e-di-una-indecenza\/","name":"Brigitte Macron svela i retroscena della sua vita quotidiana all'\u00c9lys\u00e9e e i pesi del potere: \u00ab\u00c8 di una indecenza\u2026\u00bb - Fan site S\u00e9bastien Auzi\u00e8re","isPartOf":{"@id":"https:\/\/www.sebastien-auziere.fr\/blog\/#website"},"primaryImageOfPage":{"@id":"https:\/\/www.sebastien-auziere.fr\/blog\/it\/brigitte-macron-svela-i-retroscena-della-sua-vita-quotidiana-allelysee-e-i-pesi-del-potere-e-di-una-indecenza\/#primaryimage"},"image":{"@id":"https:\/\/www.sebastien-auziere.fr\/blog\/it\/brigitte-macron-svela-i-retroscena-della-sua-vita-quotidiana-allelysee-e-i-pesi-del-potere-e-di-una-indecenza\/#primaryimage"},"thumbnailUrl":"https:\/\/www.sebastien-auziere.fr\/blog\/wp-content\/uploads\/2026\/04\/Brigitte-Macron-devoile-les-coulisses-de-son-quotidien-a-lElysee-et-les-lourdeurs-du-pouvoir-Cest-dune-indecence\u2026-.jpg","datePublished":"2026-04-28T19:24:18+00:00","dateModified":"2026-04-28T19:24:47+00:00","description":"Brigitte Macron r\u00e9v\u00e8le les coulisses de son quotidien \u00e0 l'\u00c9lys\u00e9e et les d\u00e9fis du pouvoir : \u00ab C\u2019est d\u2019une ind\u00e9cence\u2026 \u00bb \u00e0 d\u00e9couvrir ici.","breadcrumb":{"@id":"https:\/\/www.sebastien-auziere.fr\/blog\/it\/brigitte-macron-svela-i-retroscena-della-sua-vita-quotidiana-allelysee-e-i-pesi-del-potere-e-di-una-indecenza\/#breadcrumb"},"inLanguage":"fr-FR","potentialAction":[{"@type":"ReadAction","target":["https:\/\/www.sebastien-auziere.fr\/blog\/it\/brigitte-macron-svela-i-retroscena-della-sua-vita-quotidiana-allelysee-e-i-pesi-del-potere-e-di-una-indecenza\/"]}]},{"@type":"ImageObject","inLanguage":"fr-FR","@id":"https:\/\/www.sebastien-auziere.fr\/blog\/it\/brigitte-macron-svela-i-retroscena-della-sua-vita-quotidiana-allelysee-e-i-pesi-del-potere-e-di-una-indecenza\/#primaryimage","url":"https:\/\/www.sebastien-auziere.fr\/blog\/wp-content\/uploads\/2026\/04\/Brigitte-Macron-devoile-les-coulisses-de-son-quotidien-a-lElysee-et-les-lourdeurs-du-pouvoir-Cest-dune-indecence\u2026-.jpg","contentUrl":"https:\/\/www.sebastien-auziere.fr\/blog\/wp-content\/uploads\/2026\/04\/Brigitte-Macron-devoile-les-coulisses-de-son-quotidien-a-lElysee-et-les-lourdeurs-du-pouvoir-Cest-dune-indecence\u2026-.jpg","width":2560,"height":1429,"caption":"brigitte macron r\u00e9v\u00e8le les coulisses de son quotidien \u00e0 l'\u00e9lys\u00e9e et partage ses r\u00e9flexions sur les lourdeurs du pouvoir, \u00e9voquant une situation qualifi\u00e9e d'ind\u00e9cence."},{"@type":"BreadcrumbList","@id":"https:\/\/www.sebastien-auziere.fr\/blog\/it\/brigitte-macron-svela-i-retroscena-della-sua-vita-quotidiana-allelysee-e-i-pesi-del-potere-e-di-una-indecenza\/#breadcrumb","itemListElement":[{"@type":"ListItem","position":1,"name":"Home","item":"https:\/\/www.sebastien-auziere.fr\/blog\/"},{"@type":"ListItem","position":2,"name":"Brigitte Macron svela i retroscena della sua vita quotidiana all&rsquo;\u00c9lys\u00e9e e i pesi del potere: \u00ab\u00c8 di una indecenza\u2026\u00bb"}]},{"@type":"WebSite","@id":"https:\/\/www.sebastien-auziere.fr\/blog\/#website","url":"https:\/\/www.sebastien-auziere.fr\/blog\/","name":"Fan site S\u00e9bastien Auzi\u00e8re","description":"M\u00e9dia g\u00e9n\u00e9raliste","publisher":{"@id":"https:\/\/www.sebastien-auziere.fr\/blog\/#organization"},"potentialAction":[{"@type":"SearchAction","target":{"@type":"EntryPoint","urlTemplate":"https:\/\/www.sebastien-auziere.fr\/blog\/?s={search_term_string}"},"query-input":{"@type":"PropertyValueSpecification","valueRequired":true,"valueName":"search_term_string"}}],"inLanguage":"fr-FR"},{"@type":"Organization","@id":"https:\/\/www.sebastien-auziere.fr\/blog\/#organization","name":"Fan site S\u00e9bastien Auzi\u00e8re","url":"https:\/\/www.sebastien-auziere.fr\/blog\/","logo":{"@type":"ImageObject","inLanguage":"fr-FR","@id":"https:\/\/www.sebastien-auziere.fr\/blog\/#\/schema\/logo\/image\/","url":"https:\/\/www.sebastien-auziere.fr\/blog\/wp-content\/uploads\/2026\/03\/cropped-cropped-cropped-ChatGPT-Image-6-mars-2026-12_58_09-e1772798376794.jpg","contentUrl":"https:\/\/www.sebastien-auziere.fr\/blog\/wp-content\/uploads\/2026\/03\/cropped-cropped-cropped-ChatGPT-Image-6-mars-2026-12_58_09-e1772798376794.jpg","width":512,"height":360,"caption":"Fan site S\u00e9bastien Auzi\u00e8re"},"image":{"@id":"https:\/\/www.sebastien-auziere.fr\/blog\/#\/schema\/logo\/image\/"}},{"@type":"Person","@id":"https:\/\/www.sebastien-auziere.fr\/blog\/#\/schema\/person\/149f1acdbfd85149c6c3e59adeae2f4d","name":"Chloe Gauthier","image":{"@type":"ImageObject","inLanguage":"fr-FR","@id":"https:\/\/secure.gravatar.com\/avatar\/2c5722f58171cff738a8985ef0dd66b476e563753246a49019befc837ec4201a?s=96&d=mm&r=g","url":"https:\/\/secure.gravatar.com\/avatar\/2c5722f58171cff738a8985ef0dd66b476e563753246a49019befc837ec4201a?s=96&d=mm&r=g","contentUrl":"https:\/\/secure.gravatar.com\/avatar\/2c5722f58171cff738a8985ef0dd66b476e563753246a49019befc837ec4201a?s=96&d=mm&r=g","caption":"Chloe Gauthier"},"description":"Passionn\u00e9e par la politique et admiratrice engag\u00e9e de la famille Macron, je consacre mon \u00e9nergie \u00e0 suivre leurs initiatives et \u00e0 promouvoir leurs id\u00e9es. \u00c0 32 ans, je suis convaincue que leur vision est porteuse d'avenir.","url":"https:\/\/www.sebastien-auziere.fr\/blog\/author\/chloe-gauthier\/"}]}},"views":0,"_links":{"self":[{"href":"https:\/\/www.sebastien-auziere.fr\/blog\/wp-json\/wp\/v2\/posts\/3418","targetHints":{"allow":["GET"]}}],"collection":[{"href":"https:\/\/www.sebastien-auziere.fr\/blog\/wp-json\/wp\/v2\/posts"}],"about":[{"href":"https:\/\/www.sebastien-auziere.fr\/blog\/wp-json\/wp\/v2\/types\/post"}],"author":[{"embeddable":true,"href":"https:\/\/www.sebastien-auziere.fr\/blog\/wp-json\/wp\/v2\/users\/9"}],"replies":[{"embeddable":true,"href":"https:\/\/www.sebastien-auziere.fr\/blog\/wp-json\/wp\/v2\/comments?post=3418"}],"version-history":[{"count":1,"href":"https:\/\/www.sebastien-auziere.fr\/blog\/wp-json\/wp\/v2\/posts\/3418\/revisions"}],"predecessor-version":[{"id":3419,"href":"https:\/\/www.sebastien-auziere.fr\/blog\/wp-json\/wp\/v2\/posts\/3418\/revisions\/3419"}],"wp:featuredmedia":[{"embeddable":true,"href":"https:\/\/www.sebastien-auziere.fr\/blog\/wp-json\/wp\/v2\/media\/3410"}],"wp:attachment":[{"href":"https:\/\/www.sebastien-auziere.fr\/blog\/wp-json\/wp\/v2\/media?parent=3418"}],"wp:term":[{"taxonomy":"category","embeddable":true,"href":"https:\/\/www.sebastien-auziere.fr\/blog\/wp-json\/wp\/v2\/categories?post=3418"},{"taxonomy":"post_tag","embeddable":true,"href":"https:\/\/www.sebastien-auziere.fr\/blog\/wp-json\/wp\/v2\/tags?post=3418"}],"curies":[{"name":"wp","href":"https:\/\/api.w.org\/{rel}","templated":true}]}}