{"id":3416,"date":"2026-04-28T19:23:27","date_gmt":"2026-04-28T19:23:27","guid":{"rendered":"https:\/\/www.sebastien-auziere.fr\/blog\/?p=3416"},"modified":"2026-04-28T19:23:57","modified_gmt":"2026-04-28T19:23:57","slug":"brigitte-macron-enthullt-die-hintergrunde-ihres-alltags-im-elysee-und-die-schwerfalligkeit-der-macht-es-ist-eine-unverschamtheit","status":"publish","type":"post","link":"https:\/\/www.sebastien-auziere.fr\/blog\/de\/brigitte-macron-enthullt-die-hintergrunde-ihres-alltags-im-elysee-und-die-schwerfalligkeit-der-macht-es-ist-eine-unverschamtheit\/","title":{"rendered":"Brigitte Macron enth\u00fcllt die Hintergr\u00fcnde ihres Alltags im \u00c9lys\u00e9e und die Schwerf\u00e4lligkeit der Macht: \u201eEs ist eine Unversch\u00e4mtheit\u2026\u201c"},"content":{"rendered":"<p><strong>Brigitte Macron<\/strong> hat die Offenheit gew\u00e4hlt: nach fast einem Jahrzehnt im <strong>\u00c9lys\u00e9e<\/strong> gesteht sie die H\u00e4rte ihres <strong>Alltags<\/strong> und die \u201e<strong>Dunkelheit<\/strong> der Welt\u201c, die sie dort entdeckt hat. Diese Gest\u00e4ndnisse, ver\u00f6ffentlicht in La Tribune Dimanche, thematisieren Cyber-Mobbing, psychische Ersch\u00f6pfung und die Schwierigkeit, Privatleben und repr\u00e4sentative Pflichten unter einen Hut zu bringen.<\/p>\n\n<p><strong>Kurz gesagt<\/strong>: Brigitte Macron spricht von nie dagewesener Traurigkeit, von Online-Kampagnen der Verleumdung, die im Januar gerichtlich verurteilt wurden, und hinterfragt den Platz sowie die <strong>Transparenz<\/strong> der Rolle der Premi\u00e8re dame.<\/p>\n\n<h2 class=\"wp-block-heading\">Die Kulissen eines <strong>beanspruchenden<\/strong> Alltags im <strong>\u00c9lys\u00e9e<\/strong><\/h2>\n\n<p>Hier erf\u00e4hrst du die menschlichen Aspekte des Amtes der Premi\u00e8re dame: zwischen offiziellen Terminen, diplomatischen Gesten und einer durcheinandergeratenen Familienleben beschreibt Brigitte Macron eine Intensit\u00e4t, die niemanden verschont. Sie berichtet davon, \u201edie Dummheit und die Bosheit\u201c gesehen zu haben und gibt zu, dass \u201e<strong>es mir manchmal schwerf\u00e4llt, den blauen Himmel zu sehen<\/strong>\u201c, \u00c4u\u00dferungen, die mehrere nationale Medien aufgegriffen haben.<\/p>\n\n<p>Dieses Zeugnis verankert die Realit\u00e4t der Macht in Emotionen und erinnert daran, dass das \u00f6ffentliche Bild mit t\u00e4glichen Lasten verborgen bleibt. Es ist ein wertvoller Einblick in die <strong>Pr\u00e4sidentschaft<\/strong> in der Praxis.<\/p>\n\n<h3 class=\"wp-block-heading\">Die Gewalt des Cybermobbings und ihre Folgen<\/h3>\n\n<p>Seit 2017 haben die Hasskampagnen das Pr\u00e4sidentenpaar ins Visier genommen; im Januar 2026 folgten Verurteilungen f\u00fcr mehrere St\u00f6rer. Brigitte Macron berichtet von der direkten Auswirkung dieser Ger\u00fcchte auf ihr Gem\u00fct und ihre Umgebung, was das Paar dazu brachte, in Frankreich und den USA Klage zu erheben.<\/p>\n\n<p>Diese juristische Erinnerung zeigt, dass das <strong>moderne politische Leben<\/strong> auch einen rechtlichen Kampf gegen Falschinformationen beinhaltet. Der Effekt bleibt tief und nachhaltig.<\/p>\n\n<h2 class=\"wp-block-heading\">\u00d6ffentliche Debatte: Empathie, Kritik und Vorw\u00fcrfe der <strong>Unanst\u00e4ndigkeit<\/strong><\/h2>\n\n<p>Die Reaktionen waren heftig: Einige Medien loben die Ehrlichkeit und die <strong>Transparenz<\/strong>, andere prangern eine Form von \u201e<strong>Unanst\u00e4ndigkeit<\/strong>\u201c angesichts der sozialen Schwierigkeiten des Landes an. Yael Mellul und Charles Consigny erinnerten daran, dass die Machtstreben zwangsl\u00e4ufig mit einer erh\u00f6hten Sichtbarkeit einhergeht.<\/p>\n\n<p>Dieser Austausch beleuchtet die Spannung zwischen menschlichem Verst\u00e4ndnis und politischen Anforderungen. Die Meinungen bleiben gespalten, doch die Debatte hebt eine institutionelle Realit\u00e4t hervor, die oft vergessen wird.<\/p>\n\n<h3 class=\"wp-block-heading\">Eine humanisierte Sicht auf das Amt und seine Konsequenzen<\/h3>\n\n<p>Um dies zu veranschaulichen, stelle dir Camille vor, eine Ehrenamtliche in einem Pariser Verein, Zeugin der beiden Realit\u00e4ten: das Mitgef\u00fchl f\u00fcr das Leiden einer exponierten Ehefrau und die Wut der B\u00fcrger in Not. Dieser Vergleich hilft zu verstehen, warum die \u00c4u\u00dferungen von Brigitte Macron so viele Emotionen hervorrufen.<\/p>\n\n<p>Das abschlie\u00dfende Fazit ist eindeutig: die <strong>Pr\u00e4sidentschaft<\/strong> ist eine \u00f6ffentliche B\u00fchne, auf der das Privatleben auf die Lasten der Macht trifft.<\/p>\n\n<p>F\u00fcr weitere Informationen \u00fcber die Gest\u00e4ndnisse von Brigitte Macron, deren Bedeutung und den famili\u00e4ren Kontext, konsultiere die detaillierten Dossiers und Analysen, die hier ver\u00f6ffentlicht sind: <a href=\"https:\/\/www.lemonde.fr\/politique\/article\/2026\/04\/26\/brigitte-macron-se-confie-sur-ses-annees-passees-a-l-elysee-et-affirme-y-avoir-vu-la-noirceur-du-monde-la-betise-la-mechancete_6683439_823448.html\">Le Monde<\/a> und die vollst\u00e4ndige Erz\u00e4hlung in <a href=\"https:\/\/www.leparisien.fr\/politique\/je-suis-parfois-triste-comme-jamais-je-ne-lavais-ete-brigitte-macron-se-confie-sur-ses-neuf-annees-a-lelysee-25-04-2026-2SUGOK4MHJABTK6R7MMOVDVN4I.php\">Le Parisien<\/a>.<\/p>\n\n<p>Um mehr \u00fcber das Leben im <strong>\u00c9lys\u00e9e<\/strong>, die <strong>Kulissen<\/strong> und die Herausforderungen der Familie zu erfahren, besuche <a href=\"https:\/\/www.sebastien-auziere.fr\/blog\/brigitte-macron-epreuves-elysee\/\">die Portraits und Analysen<\/a> und entdecke zus\u00e4tzliche Einblicke zu <a href=\"https:\/\/www.sebastien-auziere.fr\/blog\/brigitte-macron-tristesse\/\">der von Brigitte Macron angesprochenen Traurigkeit<\/a>. Diese Seiten bieten eine dokumentierte und respektvolle Einsicht, um die Lasten der <strong>Macht<\/strong> besser zu verstehen.<\/p>","protected":false},"excerpt":{"rendered":"<p>Brigitte Macron hat die Offenheit gew\u00e4hlt: nach fast einem Jahrzehnt im \u00c9lys\u00e9e gesteht sie die H\u00e4rte ihres Alltags und die \u201eDunkelheit der Welt\u201c, die sie dort entdeckt hat. Diese Gest\u00e4ndnisse, ver\u00f6ffentlicht in La Tribune Dimanche, thematisieren Cyber-Mobbing, psychische Ersch\u00f6pfung und die Schwierigkeit, Privatleben und repr\u00e4sentative Pflichten unter einen Hut zu bringen. Kurz gesagt: Brigitte Macron &#8230; <a title=\"Brigitte Macron enth\u00fcllt die Hintergr\u00fcnde ihres Alltags im \u00c9lys\u00e9e und die Schwerf\u00e4lligkeit der Macht: \u201eEs ist eine Unversch\u00e4mtheit\u2026\u201c\" class=\"read-more\" href=\"https:\/\/www.sebastien-auziere.fr\/blog\/de\/brigitte-macron-enthullt-die-hintergrunde-ihres-alltags-im-elysee-und-die-schwerfalligkeit-der-macht-es-ist-eine-unverschamtheit\/\" aria-label=\"En savoir plus sur Brigitte Macron enth\u00fcllt die Hintergr\u00fcnde ihres Alltags im \u00c9lys\u00e9e und die Schwerf\u00e4lligkeit der Macht: \u201eEs ist eine Unversch\u00e4mtheit\u2026\u201c\">Lire plus<\/a><\/p>\n","protected":false},"author":9,"featured_media":3410,"comment_status":"open","ping_status":"open","sticky":false,"template":"","format":"standard","meta":{"footnotes":""},"categories":[856],"tags":[929,4681,4690,4684,4687],"class_list":["post-3416","post","type-post","status-publish","format-standard","has-post-thumbnail","hentry","category-aktuelles-de","tag-brigitte-macron-de","tag-die-kulissen-der-macht-de","tag-leben-im-elysee-de","tag-schwerheiten-der-macht-de","tag-taglich-im-elysee-de"],"yoast_head":"<!-- This site is optimized with the Yoast SEO plugin v27.5 - https:\/\/yoast.com\/product\/yoast-seo-wordpress\/ -->\n<title>Brigitte Macron enth\u00fcllt die Hintergr\u00fcnde ihres Alltags im \u00c9lys\u00e9e und die Schwerf\u00e4lligkeit der Macht: \u201eEs ist eine Unversch\u00e4mtheit\u2026\u201c - Fan site S\u00e9bastien Auzi\u00e8re<\/title>\n<meta name=\"description\" content=\"Brigitte Macron r\u00e9v\u00e8le les coulisses de son quotidien \u00e0 l&#039;\u00c9lys\u00e9e et les d\u00e9fis du pouvoir : \u00ab C\u2019est d\u2019une ind\u00e9cence\u2026 \u00bb \u00e0 d\u00e9couvrir ici.\" \/>\n<meta name=\"robots\" content=\"index, follow, max-snippet:-1, max-image-preview:large, max-video-preview:-1\" \/>\n<link rel=\"canonical\" href=\"https:\/\/www.sebastien-auziere.fr\/blog\/de\/brigitte-macron-enthullt-die-hintergrunde-ihres-alltags-im-elysee-und-die-schwerfalligkeit-der-macht-es-ist-eine-unverschamtheit\/\" \/>\n<meta property=\"og:locale\" content=\"fr_FR\" \/>\n<meta property=\"og:type\" content=\"article\" \/>\n<meta property=\"og:title\" content=\"Brigitte Macron enth\u00fcllt die Hintergr\u00fcnde ihres Alltags im \u00c9lys\u00e9e und die Schwerf\u00e4lligkeit der Macht: \u201eEs ist eine Unversch\u00e4mtheit\u2026\u201c - Fan site S\u00e9bastien Auzi\u00e8re\" \/>\n<meta property=\"og:description\" content=\"Brigitte Macron r\u00e9v\u00e8le les coulisses de son quotidien \u00e0 l&#039;\u00c9lys\u00e9e et les d\u00e9fis du pouvoir : \u00ab C\u2019est d\u2019une ind\u00e9cence\u2026 \u00bb \u00e0 d\u00e9couvrir ici.\" \/>\n<meta property=\"og:url\" content=\"https:\/\/www.sebastien-auziere.fr\/blog\/de\/brigitte-macron-enthullt-die-hintergrunde-ihres-alltags-im-elysee-und-die-schwerfalligkeit-der-macht-es-ist-eine-unverschamtheit\/\" \/>\n<meta property=\"og:site_name\" content=\"Fan site S\u00e9bastien Auzi\u00e8re\" \/>\n<meta property=\"article:published_time\" content=\"2026-04-28T19:23:27+00:00\" \/>\n<meta property=\"article:modified_time\" content=\"2026-04-28T19:23:57+00:00\" \/>\n<meta property=\"og:image\" content=\"https:\/\/www.sebastien-auziere.fr\/blog\/wp-content\/uploads\/2026\/04\/Brigitte-Macron-devoile-les-coulisses-de-son-quotidien-a-lElysee-et-les-lourdeurs-du-pouvoir-Cest-dune-indecence\u2026-.jpg\" \/>\n\t<meta property=\"og:image:width\" content=\"2560\" \/>\n\t<meta property=\"og:image:height\" content=\"1429\" \/>\n\t<meta property=\"og:image:type\" content=\"image\/jpeg\" \/>\n<meta name=\"author\" content=\"Chloe Gauthier\" \/>\n<meta name=\"twitter:card\" content=\"summary_large_image\" \/>\n<meta name=\"twitter:label1\" content=\"\u00c9crit par\" \/>\n\t<meta name=\"twitter:data1\" content=\"Chloe Gauthier\" \/>\n\t<meta name=\"twitter:label2\" content=\"Dur\u00e9e de lecture estim\u00e9e\" \/>\n\t<meta name=\"twitter:data2\" content=\"3 minutes\" \/>\n<script type=\"application\/ld+json\" class=\"yoast-schema-graph\">{\"@context\":\"https:\\\/\\\/schema.org\",\"@graph\":[{\"@type\":\"Article\",\"@id\":\"https:\\\/\\\/www.sebastien-auziere.fr\\\/blog\\\/de\\\/brigitte-macron-enthullt-die-hintergrunde-ihres-alltags-im-elysee-und-die-schwerfalligkeit-der-macht-es-ist-eine-unverschamtheit\\\/#article\",\"isPartOf\":{\"@id\":\"https:\\\/\\\/www.sebastien-auziere.fr\\\/blog\\\/de\\\/brigitte-macron-enthullt-die-hintergrunde-ihres-alltags-im-elysee-und-die-schwerfalligkeit-der-macht-es-ist-eine-unverschamtheit\\\/\"},\"author\":{\"name\":\"Chloe Gauthier\",\"@id\":\"https:\\\/\\\/www.sebastien-auziere.fr\\\/blog\\\/#\\\/schema\\\/person\\\/149f1acdbfd85149c6c3e59adeae2f4d\"},\"headline\":\"Brigitte Macron enth\u00fcllt die Hintergr\u00fcnde ihres Alltags im \u00c9lys\u00e9e und die Schwerf\u00e4lligkeit der Macht: \u201eEs ist eine Unversch\u00e4mtheit\u2026\u201c\",\"datePublished\":\"2026-04-28T19:23:27+00:00\",\"dateModified\":\"2026-04-28T19:23:57+00:00\",\"mainEntityOfPage\":{\"@id\":\"https:\\\/\\\/www.sebastien-auziere.fr\\\/blog\\\/de\\\/brigitte-macron-enthullt-die-hintergrunde-ihres-alltags-im-elysee-und-die-schwerfalligkeit-der-macht-es-ist-eine-unverschamtheit\\\/\"},\"wordCount\":557,\"commentCount\":0,\"publisher\":{\"@id\":\"https:\\\/\\\/www.sebastien-auziere.fr\\\/blog\\\/#organization\"},\"image\":{\"@id\":\"https:\\\/\\\/www.sebastien-auziere.fr\\\/blog\\\/de\\\/brigitte-macron-enthullt-die-hintergrunde-ihres-alltags-im-elysee-und-die-schwerfalligkeit-der-macht-es-ist-eine-unverschamtheit\\\/#primaryimage\"},\"thumbnailUrl\":\"https:\\\/\\\/www.sebastien-auziere.fr\\\/blog\\\/wp-content\\\/uploads\\\/2026\\\/04\\\/Brigitte-Macron-devoile-les-coulisses-de-son-quotidien-a-lElysee-et-les-lourdeurs-du-pouvoir-Cest-dune-indecence\u2026-.jpg\",\"keywords\":[\"brigitte macron\",\"die Kulissen der Macht\",\"leben im \u00c9lys\u00e9e\",\"schwerheiten der macht\",\"t\u00e4glich im \u00c9lys\u00e9e\"],\"articleSection\":[\"Aktuelles\"],\"inLanguage\":\"fr-FR\",\"potentialAction\":[{\"@type\":\"CommentAction\",\"name\":\"Comment\",\"target\":[\"https:\\\/\\\/www.sebastien-auziere.fr\\\/blog\\\/de\\\/brigitte-macron-enthullt-die-hintergrunde-ihres-alltags-im-elysee-und-die-schwerfalligkeit-der-macht-es-ist-eine-unverschamtheit\\\/#respond\"]}]},{\"@type\":\"WebPage\",\"@id\":\"https:\\\/\\\/www.sebastien-auziere.fr\\\/blog\\\/de\\\/brigitte-macron-enthullt-die-hintergrunde-ihres-alltags-im-elysee-und-die-schwerfalligkeit-der-macht-es-ist-eine-unverschamtheit\\\/\",\"url\":\"https:\\\/\\\/www.sebastien-auziere.fr\\\/blog\\\/de\\\/brigitte-macron-enthullt-die-hintergrunde-ihres-alltags-im-elysee-und-die-schwerfalligkeit-der-macht-es-ist-eine-unverschamtheit\\\/\",\"name\":\"Brigitte Macron enth\u00fcllt die Hintergr\u00fcnde ihres Alltags im \u00c9lys\u00e9e und die Schwerf\u00e4lligkeit der Macht: \u201eEs ist eine Unversch\u00e4mtheit\u2026\u201c - Fan site S\u00e9bastien Auzi\u00e8re\",\"isPartOf\":{\"@id\":\"https:\\\/\\\/www.sebastien-auziere.fr\\\/blog\\\/#website\"},\"primaryImageOfPage\":{\"@id\":\"https:\\\/\\\/www.sebastien-auziere.fr\\\/blog\\\/de\\\/brigitte-macron-enthullt-die-hintergrunde-ihres-alltags-im-elysee-und-die-schwerfalligkeit-der-macht-es-ist-eine-unverschamtheit\\\/#primaryimage\"},\"image\":{\"@id\":\"https:\\\/\\\/www.sebastien-auziere.fr\\\/blog\\\/de\\\/brigitte-macron-enthullt-die-hintergrunde-ihres-alltags-im-elysee-und-die-schwerfalligkeit-der-macht-es-ist-eine-unverschamtheit\\\/#primaryimage\"},\"thumbnailUrl\":\"https:\\\/\\\/www.sebastien-auziere.fr\\\/blog\\\/wp-content\\\/uploads\\\/2026\\\/04\\\/Brigitte-Macron-devoile-les-coulisses-de-son-quotidien-a-lElysee-et-les-lourdeurs-du-pouvoir-Cest-dune-indecence\u2026-.jpg\",\"datePublished\":\"2026-04-28T19:23:27+00:00\",\"dateModified\":\"2026-04-28T19:23:57+00:00\",\"description\":\"Brigitte Macron r\u00e9v\u00e8le les coulisses de son quotidien \u00e0 l'\u00c9lys\u00e9e et les d\u00e9fis du pouvoir : \u00ab C\u2019est d\u2019une ind\u00e9cence\u2026 \u00bb \u00e0 d\u00e9couvrir ici.\",\"breadcrumb\":{\"@id\":\"https:\\\/\\\/www.sebastien-auziere.fr\\\/blog\\\/de\\\/brigitte-macron-enthullt-die-hintergrunde-ihres-alltags-im-elysee-und-die-schwerfalligkeit-der-macht-es-ist-eine-unverschamtheit\\\/#breadcrumb\"},\"inLanguage\":\"fr-FR\",\"potentialAction\":[{\"@type\":\"ReadAction\",\"target\":[\"https:\\\/\\\/www.sebastien-auziere.fr\\\/blog\\\/de\\\/brigitte-macron-enthullt-die-hintergrunde-ihres-alltags-im-elysee-und-die-schwerfalligkeit-der-macht-es-ist-eine-unverschamtheit\\\/\"]}]},{\"@type\":\"ImageObject\",\"inLanguage\":\"fr-FR\",\"@id\":\"https:\\\/\\\/www.sebastien-auziere.fr\\\/blog\\\/de\\\/brigitte-macron-enthullt-die-hintergrunde-ihres-alltags-im-elysee-und-die-schwerfalligkeit-der-macht-es-ist-eine-unverschamtheit\\\/#primaryimage\",\"url\":\"https:\\\/\\\/www.sebastien-auziere.fr\\\/blog\\\/wp-content\\\/uploads\\\/2026\\\/04\\\/Brigitte-Macron-devoile-les-coulisses-de-son-quotidien-a-lElysee-et-les-lourdeurs-du-pouvoir-Cest-dune-indecence\u2026-.jpg\",\"contentUrl\":\"https:\\\/\\\/www.sebastien-auziere.fr\\\/blog\\\/wp-content\\\/uploads\\\/2026\\\/04\\\/Brigitte-Macron-devoile-les-coulisses-de-son-quotidien-a-lElysee-et-les-lourdeurs-du-pouvoir-Cest-dune-indecence\u2026-.jpg\",\"width\":2560,\"height\":1429,\"caption\":\"brigitte macron r\u00e9v\u00e8le les coulisses de son quotidien \u00e0 l'\u00e9lys\u00e9e et partage ses r\u00e9flexions sur les lourdeurs du pouvoir, \u00e9voquant une situation qualifi\u00e9e d'ind\u00e9cence.\"},{\"@type\":\"BreadcrumbList\",\"@id\":\"https:\\\/\\\/www.sebastien-auziere.fr\\\/blog\\\/de\\\/brigitte-macron-enthullt-die-hintergrunde-ihres-alltags-im-elysee-und-die-schwerfalligkeit-der-macht-es-ist-eine-unverschamtheit\\\/#breadcrumb\",\"itemListElement\":[{\"@type\":\"ListItem\",\"position\":1,\"name\":\"Home\",\"item\":\"https:\\\/\\\/www.sebastien-auziere.fr\\\/blog\\\/\"},{\"@type\":\"ListItem\",\"position\":2,\"name\":\"Brigitte Macron enth\u00fcllt die Hintergr\u00fcnde ihres Alltags im \u00c9lys\u00e9e und die Schwerf\u00e4lligkeit der Macht: \u201eEs ist eine Unversch\u00e4mtheit\u2026\u201c\"}]},{\"@type\":\"WebSite\",\"@id\":\"https:\\\/\\\/www.sebastien-auziere.fr\\\/blog\\\/#website\",\"url\":\"https:\\\/\\\/www.sebastien-auziere.fr\\\/blog\\\/\",\"name\":\"Fan site S\u00e9bastien Auzi\u00e8re\",\"description\":\"M\u00e9dia g\u00e9n\u00e9raliste\",\"publisher\":{\"@id\":\"https:\\\/\\\/www.sebastien-auziere.fr\\\/blog\\\/#organization\"},\"potentialAction\":[{\"@type\":\"SearchAction\",\"target\":{\"@type\":\"EntryPoint\",\"urlTemplate\":\"https:\\\/\\\/www.sebastien-auziere.fr\\\/blog\\\/?s={search_term_string}\"},\"query-input\":{\"@type\":\"PropertyValueSpecification\",\"valueRequired\":true,\"valueName\":\"search_term_string\"}}],\"inLanguage\":\"fr-FR\"},{\"@type\":\"Organization\",\"@id\":\"https:\\\/\\\/www.sebastien-auziere.fr\\\/blog\\\/#organization\",\"name\":\"Fan site S\u00e9bastien Auzi\u00e8re\",\"url\":\"https:\\\/\\\/www.sebastien-auziere.fr\\\/blog\\\/\",\"logo\":{\"@type\":\"ImageObject\",\"inLanguage\":\"fr-FR\",\"@id\":\"https:\\\/\\\/www.sebastien-auziere.fr\\\/blog\\\/#\\\/schema\\\/logo\\\/image\\\/\",\"url\":\"https:\\\/\\\/www.sebastien-auziere.fr\\\/blog\\\/wp-content\\\/uploads\\\/2026\\\/03\\\/cropped-cropped-cropped-ChatGPT-Image-6-mars-2026-12_58_09-e1772798376794.jpg\",\"contentUrl\":\"https:\\\/\\\/www.sebastien-auziere.fr\\\/blog\\\/wp-content\\\/uploads\\\/2026\\\/03\\\/cropped-cropped-cropped-ChatGPT-Image-6-mars-2026-12_58_09-e1772798376794.jpg\",\"width\":512,\"height\":360,\"caption\":\"Fan site S\u00e9bastien Auzi\u00e8re\"},\"image\":{\"@id\":\"https:\\\/\\\/www.sebastien-auziere.fr\\\/blog\\\/#\\\/schema\\\/logo\\\/image\\\/\"}},{\"@type\":\"Person\",\"@id\":\"https:\\\/\\\/www.sebastien-auziere.fr\\\/blog\\\/#\\\/schema\\\/person\\\/149f1acdbfd85149c6c3e59adeae2f4d\",\"name\":\"Chloe Gauthier\",\"image\":{\"@type\":\"ImageObject\",\"inLanguage\":\"fr-FR\",\"@id\":\"https:\\\/\\\/secure.gravatar.com\\\/avatar\\\/2c5722f58171cff738a8985ef0dd66b476e563753246a49019befc837ec4201a?s=96&d=mm&r=g\",\"url\":\"https:\\\/\\\/secure.gravatar.com\\\/avatar\\\/2c5722f58171cff738a8985ef0dd66b476e563753246a49019befc837ec4201a?s=96&d=mm&r=g\",\"contentUrl\":\"https:\\\/\\\/secure.gravatar.com\\\/avatar\\\/2c5722f58171cff738a8985ef0dd66b476e563753246a49019befc837ec4201a?s=96&d=mm&r=g\",\"caption\":\"Chloe Gauthier\"},\"description\":\"Passionn\u00e9e par la politique et admiratrice engag\u00e9e de la famille Macron, je consacre mon \u00e9nergie \u00e0 suivre leurs initiatives et \u00e0 promouvoir leurs id\u00e9es. \u00c0 32 ans, je suis convaincue que leur vision est porteuse d'avenir.\",\"url\":\"https:\\\/\\\/www.sebastien-auziere.fr\\\/blog\\\/author\\\/chloe-gauthier\\\/\"}]}<\/script>\n<!-- \/ Yoast SEO plugin. -->","yoast_head_json":{"title":"Brigitte Macron enth\u00fcllt die Hintergr\u00fcnde ihres Alltags im \u00c9lys\u00e9e und die Schwerf\u00e4lligkeit der Macht: \u201eEs ist eine Unversch\u00e4mtheit\u2026\u201c - Fan site S\u00e9bastien Auzi\u00e8re","description":"Brigitte Macron r\u00e9v\u00e8le les coulisses de son quotidien \u00e0 l'\u00c9lys\u00e9e et les d\u00e9fis du pouvoir : \u00ab C\u2019est d\u2019une ind\u00e9cence\u2026 \u00bb \u00e0 d\u00e9couvrir ici.","robots":{"index":"index","follow":"follow","max-snippet":"max-snippet:-1","max-image-preview":"max-image-preview:large","max-video-preview":"max-video-preview:-1"},"canonical":"https:\/\/www.sebastien-auziere.fr\/blog\/de\/brigitte-macron-enthullt-die-hintergrunde-ihres-alltags-im-elysee-und-die-schwerfalligkeit-der-macht-es-ist-eine-unverschamtheit\/","og_locale":"fr_FR","og_type":"article","og_title":"Brigitte Macron enth\u00fcllt die Hintergr\u00fcnde ihres Alltags im \u00c9lys\u00e9e und die Schwerf\u00e4lligkeit der Macht: \u201eEs ist eine Unversch\u00e4mtheit\u2026\u201c - Fan site S\u00e9bastien Auzi\u00e8re","og_description":"Brigitte Macron r\u00e9v\u00e8le les coulisses de son quotidien \u00e0 l'\u00c9lys\u00e9e et les d\u00e9fis du pouvoir : \u00ab C\u2019est d\u2019une ind\u00e9cence\u2026 \u00bb \u00e0 d\u00e9couvrir ici.","og_url":"https:\/\/www.sebastien-auziere.fr\/blog\/de\/brigitte-macron-enthullt-die-hintergrunde-ihres-alltags-im-elysee-und-die-schwerfalligkeit-der-macht-es-ist-eine-unverschamtheit\/","og_site_name":"Fan site S\u00e9bastien Auzi\u00e8re","article_published_time":"2026-04-28T19:23:27+00:00","article_modified_time":"2026-04-28T19:23:57+00:00","og_image":[{"width":2560,"height":1429,"url":"https:\/\/www.sebastien-auziere.fr\/blog\/wp-content\/uploads\/2026\/04\/Brigitte-Macron-devoile-les-coulisses-de-son-quotidien-a-lElysee-et-les-lourdeurs-du-pouvoir-Cest-dune-indecence\u2026-.jpg","type":"image\/jpeg"}],"author":"Chloe Gauthier","twitter_card":"summary_large_image","twitter_misc":{"\u00c9crit par":"Chloe Gauthier","Dur\u00e9e de lecture estim\u00e9e":"3 minutes"},"schema":{"@context":"https:\/\/schema.org","@graph":[{"@type":"Article","@id":"https:\/\/www.sebastien-auziere.fr\/blog\/de\/brigitte-macron-enthullt-die-hintergrunde-ihres-alltags-im-elysee-und-die-schwerfalligkeit-der-macht-es-ist-eine-unverschamtheit\/#article","isPartOf":{"@id":"https:\/\/www.sebastien-auziere.fr\/blog\/de\/brigitte-macron-enthullt-die-hintergrunde-ihres-alltags-im-elysee-und-die-schwerfalligkeit-der-macht-es-ist-eine-unverschamtheit\/"},"author":{"name":"Chloe Gauthier","@id":"https:\/\/www.sebastien-auziere.fr\/blog\/#\/schema\/person\/149f1acdbfd85149c6c3e59adeae2f4d"},"headline":"Brigitte Macron enth\u00fcllt die Hintergr\u00fcnde ihres Alltags im \u00c9lys\u00e9e und die Schwerf\u00e4lligkeit der Macht: \u201eEs ist eine Unversch\u00e4mtheit\u2026\u201c","datePublished":"2026-04-28T19:23:27+00:00","dateModified":"2026-04-28T19:23:57+00:00","mainEntityOfPage":{"@id":"https:\/\/www.sebastien-auziere.fr\/blog\/de\/brigitte-macron-enthullt-die-hintergrunde-ihres-alltags-im-elysee-und-die-schwerfalligkeit-der-macht-es-ist-eine-unverschamtheit\/"},"wordCount":557,"commentCount":0,"publisher":{"@id":"https:\/\/www.sebastien-auziere.fr\/blog\/#organization"},"image":{"@id":"https:\/\/www.sebastien-auziere.fr\/blog\/de\/brigitte-macron-enthullt-die-hintergrunde-ihres-alltags-im-elysee-und-die-schwerfalligkeit-der-macht-es-ist-eine-unverschamtheit\/#primaryimage"},"thumbnailUrl":"https:\/\/www.sebastien-auziere.fr\/blog\/wp-content\/uploads\/2026\/04\/Brigitte-Macron-devoile-les-coulisses-de-son-quotidien-a-lElysee-et-les-lourdeurs-du-pouvoir-Cest-dune-indecence\u2026-.jpg","keywords":["brigitte macron","die Kulissen der Macht","leben im \u00c9lys\u00e9e","schwerheiten der macht","t\u00e4glich im \u00c9lys\u00e9e"],"articleSection":["Aktuelles"],"inLanguage":"fr-FR","potentialAction":[{"@type":"CommentAction","name":"Comment","target":["https:\/\/www.sebastien-auziere.fr\/blog\/de\/brigitte-macron-enthullt-die-hintergrunde-ihres-alltags-im-elysee-und-die-schwerfalligkeit-der-macht-es-ist-eine-unverschamtheit\/#respond"]}]},{"@type":"WebPage","@id":"https:\/\/www.sebastien-auziere.fr\/blog\/de\/brigitte-macron-enthullt-die-hintergrunde-ihres-alltags-im-elysee-und-die-schwerfalligkeit-der-macht-es-ist-eine-unverschamtheit\/","url":"https:\/\/www.sebastien-auziere.fr\/blog\/de\/brigitte-macron-enthullt-die-hintergrunde-ihres-alltags-im-elysee-und-die-schwerfalligkeit-der-macht-es-ist-eine-unverschamtheit\/","name":"Brigitte Macron enth\u00fcllt die Hintergr\u00fcnde ihres Alltags im \u00c9lys\u00e9e und die Schwerf\u00e4lligkeit der Macht: \u201eEs ist eine Unversch\u00e4mtheit\u2026\u201c - Fan site S\u00e9bastien Auzi\u00e8re","isPartOf":{"@id":"https:\/\/www.sebastien-auziere.fr\/blog\/#website"},"primaryImageOfPage":{"@id":"https:\/\/www.sebastien-auziere.fr\/blog\/de\/brigitte-macron-enthullt-die-hintergrunde-ihres-alltags-im-elysee-und-die-schwerfalligkeit-der-macht-es-ist-eine-unverschamtheit\/#primaryimage"},"image":{"@id":"https:\/\/www.sebastien-auziere.fr\/blog\/de\/brigitte-macron-enthullt-die-hintergrunde-ihres-alltags-im-elysee-und-die-schwerfalligkeit-der-macht-es-ist-eine-unverschamtheit\/#primaryimage"},"thumbnailUrl":"https:\/\/www.sebastien-auziere.fr\/blog\/wp-content\/uploads\/2026\/04\/Brigitte-Macron-devoile-les-coulisses-de-son-quotidien-a-lElysee-et-les-lourdeurs-du-pouvoir-Cest-dune-indecence\u2026-.jpg","datePublished":"2026-04-28T19:23:27+00:00","dateModified":"2026-04-28T19:23:57+00:00","description":"Brigitte Macron r\u00e9v\u00e8le les coulisses de son quotidien \u00e0 l'\u00c9lys\u00e9e et les d\u00e9fis du pouvoir : \u00ab C\u2019est d\u2019une ind\u00e9cence\u2026 \u00bb \u00e0 d\u00e9couvrir ici.","breadcrumb":{"@id":"https:\/\/www.sebastien-auziere.fr\/blog\/de\/brigitte-macron-enthullt-die-hintergrunde-ihres-alltags-im-elysee-und-die-schwerfalligkeit-der-macht-es-ist-eine-unverschamtheit\/#breadcrumb"},"inLanguage":"fr-FR","potentialAction":[{"@type":"ReadAction","target":["https:\/\/www.sebastien-auziere.fr\/blog\/de\/brigitte-macron-enthullt-die-hintergrunde-ihres-alltags-im-elysee-und-die-schwerfalligkeit-der-macht-es-ist-eine-unverschamtheit\/"]}]},{"@type":"ImageObject","inLanguage":"fr-FR","@id":"https:\/\/www.sebastien-auziere.fr\/blog\/de\/brigitte-macron-enthullt-die-hintergrunde-ihres-alltags-im-elysee-und-die-schwerfalligkeit-der-macht-es-ist-eine-unverschamtheit\/#primaryimage","url":"https:\/\/www.sebastien-auziere.fr\/blog\/wp-content\/uploads\/2026\/04\/Brigitte-Macron-devoile-les-coulisses-de-son-quotidien-a-lElysee-et-les-lourdeurs-du-pouvoir-Cest-dune-indecence\u2026-.jpg","contentUrl":"https:\/\/www.sebastien-auziere.fr\/blog\/wp-content\/uploads\/2026\/04\/Brigitte-Macron-devoile-les-coulisses-de-son-quotidien-a-lElysee-et-les-lourdeurs-du-pouvoir-Cest-dune-indecence\u2026-.jpg","width":2560,"height":1429,"caption":"brigitte macron r\u00e9v\u00e8le les coulisses de son quotidien \u00e0 l'\u00e9lys\u00e9e et partage ses r\u00e9flexions sur les lourdeurs du pouvoir, \u00e9voquant une situation qualifi\u00e9e d'ind\u00e9cence."},{"@type":"BreadcrumbList","@id":"https:\/\/www.sebastien-auziere.fr\/blog\/de\/brigitte-macron-enthullt-die-hintergrunde-ihres-alltags-im-elysee-und-die-schwerfalligkeit-der-macht-es-ist-eine-unverschamtheit\/#breadcrumb","itemListElement":[{"@type":"ListItem","position":1,"name":"Home","item":"https:\/\/www.sebastien-auziere.fr\/blog\/"},{"@type":"ListItem","position":2,"name":"Brigitte Macron enth\u00fcllt die Hintergr\u00fcnde ihres Alltags im \u00c9lys\u00e9e und die Schwerf\u00e4lligkeit der Macht: \u201eEs ist eine Unversch\u00e4mtheit\u2026\u201c"}]},{"@type":"WebSite","@id":"https:\/\/www.sebastien-auziere.fr\/blog\/#website","url":"https:\/\/www.sebastien-auziere.fr\/blog\/","name":"Fan site S\u00e9bastien Auzi\u00e8re","description":"M\u00e9dia g\u00e9n\u00e9raliste","publisher":{"@id":"https:\/\/www.sebastien-auziere.fr\/blog\/#organization"},"potentialAction":[{"@type":"SearchAction","target":{"@type":"EntryPoint","urlTemplate":"https:\/\/www.sebastien-auziere.fr\/blog\/?s={search_term_string}"},"query-input":{"@type":"PropertyValueSpecification","valueRequired":true,"valueName":"search_term_string"}}],"inLanguage":"fr-FR"},{"@type":"Organization","@id":"https:\/\/www.sebastien-auziere.fr\/blog\/#organization","name":"Fan site S\u00e9bastien Auzi\u00e8re","url":"https:\/\/www.sebastien-auziere.fr\/blog\/","logo":{"@type":"ImageObject","inLanguage":"fr-FR","@id":"https:\/\/www.sebastien-auziere.fr\/blog\/#\/schema\/logo\/image\/","url":"https:\/\/www.sebastien-auziere.fr\/blog\/wp-content\/uploads\/2026\/03\/cropped-cropped-cropped-ChatGPT-Image-6-mars-2026-12_58_09-e1772798376794.jpg","contentUrl":"https:\/\/www.sebastien-auziere.fr\/blog\/wp-content\/uploads\/2026\/03\/cropped-cropped-cropped-ChatGPT-Image-6-mars-2026-12_58_09-e1772798376794.jpg","width":512,"height":360,"caption":"Fan site S\u00e9bastien Auzi\u00e8re"},"image":{"@id":"https:\/\/www.sebastien-auziere.fr\/blog\/#\/schema\/logo\/image\/"}},{"@type":"Person","@id":"https:\/\/www.sebastien-auziere.fr\/blog\/#\/schema\/person\/149f1acdbfd85149c6c3e59adeae2f4d","name":"Chloe Gauthier","image":{"@type":"ImageObject","inLanguage":"fr-FR","@id":"https:\/\/secure.gravatar.com\/avatar\/2c5722f58171cff738a8985ef0dd66b476e563753246a49019befc837ec4201a?s=96&d=mm&r=g","url":"https:\/\/secure.gravatar.com\/avatar\/2c5722f58171cff738a8985ef0dd66b476e563753246a49019befc837ec4201a?s=96&d=mm&r=g","contentUrl":"https:\/\/secure.gravatar.com\/avatar\/2c5722f58171cff738a8985ef0dd66b476e563753246a49019befc837ec4201a?s=96&d=mm&r=g","caption":"Chloe Gauthier"},"description":"Passionn\u00e9e par la politique et admiratrice engag\u00e9e de la famille Macron, je consacre mon \u00e9nergie \u00e0 suivre leurs initiatives et \u00e0 promouvoir leurs id\u00e9es. \u00c0 32 ans, je suis convaincue que leur vision est porteuse d'avenir.","url":"https:\/\/www.sebastien-auziere.fr\/blog\/author\/chloe-gauthier\/"}]}},"views":1,"_links":{"self":[{"href":"https:\/\/www.sebastien-auziere.fr\/blog\/wp-json\/wp\/v2\/posts\/3416","targetHints":{"allow":["GET"]}}],"collection":[{"href":"https:\/\/www.sebastien-auziere.fr\/blog\/wp-json\/wp\/v2\/posts"}],"about":[{"href":"https:\/\/www.sebastien-auziere.fr\/blog\/wp-json\/wp\/v2\/types\/post"}],"author":[{"embeddable":true,"href":"https:\/\/www.sebastien-auziere.fr\/blog\/wp-json\/wp\/v2\/users\/9"}],"replies":[{"embeddable":true,"href":"https:\/\/www.sebastien-auziere.fr\/blog\/wp-json\/wp\/v2\/comments?post=3416"}],"version-history":[{"count":1,"href":"https:\/\/www.sebastien-auziere.fr\/blog\/wp-json\/wp\/v2\/posts\/3416\/revisions"}],"predecessor-version":[{"id":3417,"href":"https:\/\/www.sebastien-auziere.fr\/blog\/wp-json\/wp\/v2\/posts\/3416\/revisions\/3417"}],"wp:featuredmedia":[{"embeddable":true,"href":"https:\/\/www.sebastien-auziere.fr\/blog\/wp-json\/wp\/v2\/media\/3410"}],"wp:attachment":[{"href":"https:\/\/www.sebastien-auziere.fr\/blog\/wp-json\/wp\/v2\/media?parent=3416"}],"wp:term":[{"taxonomy":"category","embeddable":true,"href":"https:\/\/www.sebastien-auziere.fr\/blog\/wp-json\/wp\/v2\/categories?post=3416"},{"taxonomy":"post_tag","embeddable":true,"href":"https:\/\/www.sebastien-auziere.fr\/blog\/wp-json\/wp\/v2\/tags?post=3416"}],"curies":[{"name":"wp","href":"https:\/\/api.w.org\/{rel}","templated":true}]}}