{"id":3414,"date":"2026-04-28T19:20:46","date_gmt":"2026-04-28T19:20:46","guid":{"rendered":"https:\/\/www.sebastien-auziere.fr\/blog\/?p=3414"},"modified":"2026-04-28T19:21:15","modified_gmt":"2026-04-28T19:21:15","slug":"brigitte-macron-revela-los-entresijos-de-su-vida-cotidiana-en-el-eliseo-y-las-pesadeces-del-poder-es-de-una-indecencia","status":"publish","type":"post","link":"https:\/\/www.sebastien-auziere.fr\/blog\/es\/brigitte-macron-revela-los-entresijos-de-su-vida-cotidiana-en-el-eliseo-y-las-pesadeces-del-poder-es-de-una-indecencia\/","title":{"rendered":"Brigitte Macron revela los entresijos de su vida cotidiana en el El\u00edseo y las pesadeces del poder: \u00abEs de una indecencia\u2026\u00bb"},"content":{"rendered":"<p><strong>Brigitte Macron<\/strong> ha elegido la franqueza: tras casi una d\u00e9cada en el <strong>El\u00edseo<\/strong>, confiesa la dureza de su <strong>cotidiano<\/strong> y la \u00ab <strong>oscuridad<\/strong> del mundo \u00bb que all\u00ed ha descubierto. Estas confidencias, publicadas en La Tribune Dimanche, evocan el ciberacoso, la fatiga moral y la dificultad de conciliar la vida privada y el deber de representaci\u00f3n.<\/p>\n\n<p><strong>En resumen<\/strong> : Brigitte Macron habla de una tristeza sin precedentes, de campa\u00f1as de desprestigio en l\u00ednea condenadas por la justicia en enero, y cuestiona el lugar y la <strong>transparencia<\/strong> de la funci\u00f3n de Primera dama.<\/p>\n\n<h2 class=\"wp-block-heading\">Las entra\u00f1as de un <strong>cotidiano<\/strong> desgastante en el <strong>El\u00edseo<\/strong><\/h2>\n\n<p>Aqu\u00ed descubres los aspectos humanos del rol de Primera dama: entre citas oficiales, gestos diplom\u00e1ticos y una vida familiar alterada, Brigitte Macron describe una intensidad que no perdona a nadie. Ella menciona haber visto \u00ab la necedad, la maldad \u00bb y admite que \u00ab <strong>a veces me cuesta ver el cielo azul<\/strong> \u00bb, declaraciones recogidas por varios medios nacionales.<\/p>\n\n<p>Este testimonio ancla la realidad del poder en la emoci\u00f3n y recuerda que la imagen p\u00fablica oculta cargas cotidianas. Es una iluminaci\u00f3n valiosa sobre la <strong>presidencia<\/strong> en la pr\u00e1ctica.<\/p>\n\n<h3 class=\"wp-block-heading\">La violencia del ciberacoso y sus repercusiones<\/h3>\n\n<p>Desde 2017, las campa\u00f1as de odio han apuntado a la pareja presidencial; se han seguido condenas en enero de 2026 para varios alborotadores. Brigitte Macron cuenta el impacto directo de esos rumores en su moral y en su entorno, llevando a la pareja a presentar una denuncia en Francia y en Estados Unidos.<\/p>\n\n<p>Este recordatorio judicial muestra que la <strong>vida pol\u00edtica<\/strong> moderna tambi\u00e9n implica una lucha jur\u00eddica contra la desinformaci\u00f3n. El efecto es profundo y duradero.<\/p>\n\n<h2 class=\"wp-block-heading\">Debate p\u00fablico: empat\u00eda, cr\u00edtica y acusaci\u00f3n de <strong>indecencia<\/strong><\/h2>\n\n<p>Las reacciones han sido r\u00e1pidas: algunos medios celebran la sinceridad y la <strong>transparencia<\/strong>, otros denuncian una forma de \u00ab <strong>indecencia<\/strong> \u00bb ante las dificultades sociales del pa\u00eds. Yael Mellul y Charles Consigny han recordado que la b\u00fasqueda del poder conlleva inevitablemente una exposici\u00f3n creciente.<\/p>\n\n<p>Este compartir pone de relieve la tensi\u00f3n entre la comprensi\u00f3n humana y la exigencia pol\u00edtica. La opini\u00f3n permanece dividida, pero el debate subraya una realidad institucional a menudo olvidada.<\/p>\n\n<h3 class=\"wp-block-heading\">Una lectura humanizada de la funci\u00f3n y sus consecuencias<\/h3>\n\n<p>Para ilustrar, imagina a Camille, voluntaria en una asociaci\u00f3n parisina, testigo de las dos realidades: la compasi\u00f3n por el sufrimiento de una esposa expuesta y la ira de los ciudadanos en dificultad. Este paralelo ayuda a comprender por qu\u00e9 las palabras de Brigitte Macron suscitan tantas emociones.<\/p>\n\n<p>La conclusi\u00f3n final es clara: la <strong>presidencia<\/strong> es una escena p\u00fablica donde la vida privada se enfrenta a las cargas del poder.<\/p>\n\n<p>Para saber m\u00e1s sobre las confidencias de Brigitte Macron, sus implicaciones y el contexto familiar, consulta los expedientes detallados y los an\u00e1lisis publicados aqu\u00ed: <a href=\"https:\/\/www.lemonde.fr\/politique\/article\/2026\/04\/26\/brigitte-macron-se-confie-sur-ses-annees-passees-a-l-elysee-et-affirme-y-avoir-vu-la-noirceur-du-monde-la-betise-la-mechancete_6683439_823448.html\">Le Monde<\/a> y el relato completo en <a href=\"https:\/\/www.leparisien.fr\/politique\/je-suis-parfois-triste-comme-jamais-je-ne-lavais-ete-brigitte-macron-se-confie-sur-ses-neuf-annees-a-lelysee-25-04-2026-2SUGOK4MHJABTK6R7MMOVDVN4I.php\">Le Parisien<\/a>.<\/p>\n\n<p>Para explorar m\u00e1s sobre la vida en el <strong>El\u00edseo<\/strong>, los <strong>entresijos<\/strong> y las pruebas vividas por la familia, dir\u00edgete a <a href=\"https:\/\/www.sebastien-auziere.fr\/blog\/brigitte-macron-epreuves-elysee\/\">los retratos y an\u00e1lisis<\/a> y descubre m\u00e1s sobre <a href=\"https:\/\/www.sebastien-auziere.fr\/blog\/brigitte-macron-tristesse\/\">la tristeza mencionada por Brigitte Macron<\/a>. Estas p\u00e1ginas ofrecen una inmersi\u00f3n documentada y respetuosa para comprender mejor las cargas del <strong>poder<\/strong>.<\/p>","protected":false},"excerpt":{"rendered":"<p>Brigitte Macron ha elegido la franqueza: tras casi una d\u00e9cada en el El\u00edseo, confiesa la dureza de su cotidiano y la \u00ab oscuridad del mundo \u00bb que all\u00ed ha descubierto. Estas confidencias, publicadas en La Tribune Dimanche, evocan el ciberacoso, la fatiga moral y la dificultad de conciliar la vida privada y el deber de &#8230; <a title=\"Brigitte Macron revela los entresijos de su vida cotidiana en el El\u00edseo y las pesadeces del poder: \u00abEs de una indecencia\u2026\u00bb\" class=\"read-more\" href=\"https:\/\/www.sebastien-auziere.fr\/blog\/es\/brigitte-macron-revela-los-entresijos-de-su-vida-cotidiana-en-el-eliseo-y-las-pesadeces-del-poder-es-de-una-indecencia\/\" aria-label=\"En savoir plus sur Brigitte Macron revela los entresijos de su vida cotidiana en el El\u00edseo y las pesadeces del poder: \u00abEs de una indecencia\u2026\u00bb\">Lire plus<\/a><\/p>\n","protected":false},"author":9,"featured_media":3410,"comment_status":"open","ping_status":"open","sticky":false,"template":"","format":"standard","meta":{"footnotes":""},"categories":[820],"tags":[914,4669,4675,4672,4678],"class_list":["post-3414","post","type-post","status-publish","format-standard","has-post-thumbnail","hentry","category-actualidades-es","tag-brigitte-macron-es","tag-coulisses-del-poder-es","tag-diario-en-el-eliseo-es","tag-pesadez-del-poder-es","tag-vida-en-el-eliseo-es"],"yoast_head":"<!-- This site is optimized with the Yoast SEO plugin v27.5 - https:\/\/yoast.com\/product\/yoast-seo-wordpress\/ -->\n<title>Brigitte Macron revela los entresijos de su vida cotidiana en el El\u00edseo y las pesadeces del poder: \u00abEs de una indecencia\u2026\u00bb - Fan site S\u00e9bastien Auzi\u00e8re<\/title>\n<meta name=\"description\" content=\"Brigitte Macron r\u00e9v\u00e8le les coulisses de son quotidien \u00e0 l&#039;\u00c9lys\u00e9e et les d\u00e9fis du pouvoir : \u00ab C\u2019est d\u2019une ind\u00e9cence\u2026 \u00bb \u00e0 d\u00e9couvrir ici.\" \/>\n<meta name=\"robots\" content=\"index, follow, max-snippet:-1, max-image-preview:large, max-video-preview:-1\" \/>\n<link rel=\"canonical\" href=\"https:\/\/www.sebastien-auziere.fr\/blog\/es\/brigitte-macron-revela-los-entresijos-de-su-vida-cotidiana-en-el-eliseo-y-las-pesadeces-del-poder-es-de-una-indecencia\/\" \/>\n<meta property=\"og:locale\" content=\"fr_FR\" \/>\n<meta property=\"og:type\" content=\"article\" \/>\n<meta property=\"og:title\" content=\"Brigitte Macron revela los entresijos de su vida cotidiana en el El\u00edseo y las pesadeces del poder: \u00abEs de una indecencia\u2026\u00bb - Fan site S\u00e9bastien Auzi\u00e8re\" \/>\n<meta property=\"og:description\" content=\"Brigitte Macron r\u00e9v\u00e8le les coulisses de son quotidien \u00e0 l&#039;\u00c9lys\u00e9e et les d\u00e9fis du pouvoir : \u00ab C\u2019est d\u2019une ind\u00e9cence\u2026 \u00bb \u00e0 d\u00e9couvrir ici.\" \/>\n<meta property=\"og:url\" content=\"https:\/\/www.sebastien-auziere.fr\/blog\/es\/brigitte-macron-revela-los-entresijos-de-su-vida-cotidiana-en-el-eliseo-y-las-pesadeces-del-poder-es-de-una-indecencia\/\" \/>\n<meta property=\"og:site_name\" content=\"Fan site S\u00e9bastien Auzi\u00e8re\" \/>\n<meta property=\"article:published_time\" content=\"2026-04-28T19:20:46+00:00\" \/>\n<meta property=\"article:modified_time\" content=\"2026-04-28T19:21:15+00:00\" \/>\n<meta property=\"og:image\" content=\"https:\/\/www.sebastien-auziere.fr\/blog\/wp-content\/uploads\/2026\/04\/Brigitte-Macron-devoile-les-coulisses-de-son-quotidien-a-lElysee-et-les-lourdeurs-du-pouvoir-Cest-dune-indecence\u2026-.jpg\" \/>\n\t<meta property=\"og:image:width\" content=\"2560\" \/>\n\t<meta property=\"og:image:height\" content=\"1429\" \/>\n\t<meta property=\"og:image:type\" content=\"image\/jpeg\" \/>\n<meta name=\"author\" content=\"Chloe Gauthier\" \/>\n<meta name=\"twitter:card\" content=\"summary_large_image\" \/>\n<meta name=\"twitter:label1\" content=\"\u00c9crit par\" \/>\n\t<meta name=\"twitter:data1\" content=\"Chloe Gauthier\" \/>\n\t<meta name=\"twitter:label2\" content=\"Dur\u00e9e de lecture estim\u00e9e\" \/>\n\t<meta name=\"twitter:data2\" content=\"3 minutes\" \/>\n<script type=\"application\/ld+json\" class=\"yoast-schema-graph\">{\"@context\":\"https:\\\/\\\/schema.org\",\"@graph\":[{\"@type\":\"Article\",\"@id\":\"https:\\\/\\\/www.sebastien-auziere.fr\\\/blog\\\/es\\\/brigitte-macron-revela-los-entresijos-de-su-vida-cotidiana-en-el-eliseo-y-las-pesadeces-del-poder-es-de-una-indecencia\\\/#article\",\"isPartOf\":{\"@id\":\"https:\\\/\\\/www.sebastien-auziere.fr\\\/blog\\\/es\\\/brigitte-macron-revela-los-entresijos-de-su-vida-cotidiana-en-el-eliseo-y-las-pesadeces-del-poder-es-de-una-indecencia\\\/\"},\"author\":{\"name\":\"Chloe Gauthier\",\"@id\":\"https:\\\/\\\/www.sebastien-auziere.fr\\\/blog\\\/#\\\/schema\\\/person\\\/149f1acdbfd85149c6c3e59adeae2f4d\"},\"headline\":\"Brigitte Macron revela los entresijos de su vida cotidiana en el El\u00edseo y las pesadeces del poder: \u00abEs de una indecencia\u2026\u00bb\",\"datePublished\":\"2026-04-28T19:20:46+00:00\",\"dateModified\":\"2026-04-28T19:21:15+00:00\",\"mainEntityOfPage\":{\"@id\":\"https:\\\/\\\/www.sebastien-auziere.fr\\\/blog\\\/es\\\/brigitte-macron-revela-los-entresijos-de-su-vida-cotidiana-en-el-eliseo-y-las-pesadeces-del-poder-es-de-una-indecencia\\\/\"},\"wordCount\":568,\"commentCount\":0,\"publisher\":{\"@id\":\"https:\\\/\\\/www.sebastien-auziere.fr\\\/blog\\\/#organization\"},\"image\":{\"@id\":\"https:\\\/\\\/www.sebastien-auziere.fr\\\/blog\\\/es\\\/brigitte-macron-revela-los-entresijos-de-su-vida-cotidiana-en-el-eliseo-y-las-pesadeces-del-poder-es-de-una-indecencia\\\/#primaryimage\"},\"thumbnailUrl\":\"https:\\\/\\\/www.sebastien-auziere.fr\\\/blog\\\/wp-content\\\/uploads\\\/2026\\\/04\\\/Brigitte-Macron-devoile-les-coulisses-de-son-quotidien-a-lElysee-et-les-lourdeurs-du-pouvoir-Cest-dune-indecence\u2026-.jpg\",\"keywords\":[\"brigitte macron\",\"coulisses del poder\",\"diario en el el\u00edseo\",\"pesadez del poder\",\"vida en el el\u00edseo\"],\"articleSection\":[\"Actualidades\"],\"inLanguage\":\"fr-FR\",\"potentialAction\":[{\"@type\":\"CommentAction\",\"name\":\"Comment\",\"target\":[\"https:\\\/\\\/www.sebastien-auziere.fr\\\/blog\\\/es\\\/brigitte-macron-revela-los-entresijos-de-su-vida-cotidiana-en-el-eliseo-y-las-pesadeces-del-poder-es-de-una-indecencia\\\/#respond\"]}]},{\"@type\":\"WebPage\",\"@id\":\"https:\\\/\\\/www.sebastien-auziere.fr\\\/blog\\\/es\\\/brigitte-macron-revela-los-entresijos-de-su-vida-cotidiana-en-el-eliseo-y-las-pesadeces-del-poder-es-de-una-indecencia\\\/\",\"url\":\"https:\\\/\\\/www.sebastien-auziere.fr\\\/blog\\\/es\\\/brigitte-macron-revela-los-entresijos-de-su-vida-cotidiana-en-el-eliseo-y-las-pesadeces-del-poder-es-de-una-indecencia\\\/\",\"name\":\"Brigitte Macron revela los entresijos de su vida cotidiana en el El\u00edseo y las pesadeces del poder: \u00abEs de una indecencia\u2026\u00bb - Fan site S\u00e9bastien Auzi\u00e8re\",\"isPartOf\":{\"@id\":\"https:\\\/\\\/www.sebastien-auziere.fr\\\/blog\\\/#website\"},\"primaryImageOfPage\":{\"@id\":\"https:\\\/\\\/www.sebastien-auziere.fr\\\/blog\\\/es\\\/brigitte-macron-revela-los-entresijos-de-su-vida-cotidiana-en-el-eliseo-y-las-pesadeces-del-poder-es-de-una-indecencia\\\/#primaryimage\"},\"image\":{\"@id\":\"https:\\\/\\\/www.sebastien-auziere.fr\\\/blog\\\/es\\\/brigitte-macron-revela-los-entresijos-de-su-vida-cotidiana-en-el-eliseo-y-las-pesadeces-del-poder-es-de-una-indecencia\\\/#primaryimage\"},\"thumbnailUrl\":\"https:\\\/\\\/www.sebastien-auziere.fr\\\/blog\\\/wp-content\\\/uploads\\\/2026\\\/04\\\/Brigitte-Macron-devoile-les-coulisses-de-son-quotidien-a-lElysee-et-les-lourdeurs-du-pouvoir-Cest-dune-indecence\u2026-.jpg\",\"datePublished\":\"2026-04-28T19:20:46+00:00\",\"dateModified\":\"2026-04-28T19:21:15+00:00\",\"description\":\"Brigitte Macron r\u00e9v\u00e8le les coulisses de son quotidien \u00e0 l'\u00c9lys\u00e9e et les d\u00e9fis du pouvoir : \u00ab C\u2019est d\u2019une ind\u00e9cence\u2026 \u00bb \u00e0 d\u00e9couvrir ici.\",\"breadcrumb\":{\"@id\":\"https:\\\/\\\/www.sebastien-auziere.fr\\\/blog\\\/es\\\/brigitte-macron-revela-los-entresijos-de-su-vida-cotidiana-en-el-eliseo-y-las-pesadeces-del-poder-es-de-una-indecencia\\\/#breadcrumb\"},\"inLanguage\":\"fr-FR\",\"potentialAction\":[{\"@type\":\"ReadAction\",\"target\":[\"https:\\\/\\\/www.sebastien-auziere.fr\\\/blog\\\/es\\\/brigitte-macron-revela-los-entresijos-de-su-vida-cotidiana-en-el-eliseo-y-las-pesadeces-del-poder-es-de-una-indecencia\\\/\"]}]},{\"@type\":\"ImageObject\",\"inLanguage\":\"fr-FR\",\"@id\":\"https:\\\/\\\/www.sebastien-auziere.fr\\\/blog\\\/es\\\/brigitte-macron-revela-los-entresijos-de-su-vida-cotidiana-en-el-eliseo-y-las-pesadeces-del-poder-es-de-una-indecencia\\\/#primaryimage\",\"url\":\"https:\\\/\\\/www.sebastien-auziere.fr\\\/blog\\\/wp-content\\\/uploads\\\/2026\\\/04\\\/Brigitte-Macron-devoile-les-coulisses-de-son-quotidien-a-lElysee-et-les-lourdeurs-du-pouvoir-Cest-dune-indecence\u2026-.jpg\",\"contentUrl\":\"https:\\\/\\\/www.sebastien-auziere.fr\\\/blog\\\/wp-content\\\/uploads\\\/2026\\\/04\\\/Brigitte-Macron-devoile-les-coulisses-de-son-quotidien-a-lElysee-et-les-lourdeurs-du-pouvoir-Cest-dune-indecence\u2026-.jpg\",\"width\":2560,\"height\":1429,\"caption\":\"brigitte macron r\u00e9v\u00e8le les coulisses de son quotidien \u00e0 l'\u00e9lys\u00e9e et partage ses r\u00e9flexions sur les lourdeurs du pouvoir, \u00e9voquant une situation qualifi\u00e9e d'ind\u00e9cence.\"},{\"@type\":\"BreadcrumbList\",\"@id\":\"https:\\\/\\\/www.sebastien-auziere.fr\\\/blog\\\/es\\\/brigitte-macron-revela-los-entresijos-de-su-vida-cotidiana-en-el-eliseo-y-las-pesadeces-del-poder-es-de-una-indecencia\\\/#breadcrumb\",\"itemListElement\":[{\"@type\":\"ListItem\",\"position\":1,\"name\":\"Home\",\"item\":\"https:\\\/\\\/www.sebastien-auziere.fr\\\/blog\\\/\"},{\"@type\":\"ListItem\",\"position\":2,\"name\":\"Brigitte Macron revela los entresijos de su vida cotidiana en el El\u00edseo y las pesadeces del poder: \u00abEs de una indecencia\u2026\u00bb\"}]},{\"@type\":\"WebSite\",\"@id\":\"https:\\\/\\\/www.sebastien-auziere.fr\\\/blog\\\/#website\",\"url\":\"https:\\\/\\\/www.sebastien-auziere.fr\\\/blog\\\/\",\"name\":\"Fan site S\u00e9bastien Auzi\u00e8re\",\"description\":\"M\u00e9dia g\u00e9n\u00e9raliste\",\"publisher\":{\"@id\":\"https:\\\/\\\/www.sebastien-auziere.fr\\\/blog\\\/#organization\"},\"potentialAction\":[{\"@type\":\"SearchAction\",\"target\":{\"@type\":\"EntryPoint\",\"urlTemplate\":\"https:\\\/\\\/www.sebastien-auziere.fr\\\/blog\\\/?s={search_term_string}\"},\"query-input\":{\"@type\":\"PropertyValueSpecification\",\"valueRequired\":true,\"valueName\":\"search_term_string\"}}],\"inLanguage\":\"fr-FR\"},{\"@type\":\"Organization\",\"@id\":\"https:\\\/\\\/www.sebastien-auziere.fr\\\/blog\\\/#organization\",\"name\":\"Fan site S\u00e9bastien Auzi\u00e8re\",\"url\":\"https:\\\/\\\/www.sebastien-auziere.fr\\\/blog\\\/\",\"logo\":{\"@type\":\"ImageObject\",\"inLanguage\":\"fr-FR\",\"@id\":\"https:\\\/\\\/www.sebastien-auziere.fr\\\/blog\\\/#\\\/schema\\\/logo\\\/image\\\/\",\"url\":\"https:\\\/\\\/www.sebastien-auziere.fr\\\/blog\\\/wp-content\\\/uploads\\\/2026\\\/03\\\/cropped-cropped-cropped-ChatGPT-Image-6-mars-2026-12_58_09-e1772798376794.jpg\",\"contentUrl\":\"https:\\\/\\\/www.sebastien-auziere.fr\\\/blog\\\/wp-content\\\/uploads\\\/2026\\\/03\\\/cropped-cropped-cropped-ChatGPT-Image-6-mars-2026-12_58_09-e1772798376794.jpg\",\"width\":512,\"height\":360,\"caption\":\"Fan site S\u00e9bastien Auzi\u00e8re\"},\"image\":{\"@id\":\"https:\\\/\\\/www.sebastien-auziere.fr\\\/blog\\\/#\\\/schema\\\/logo\\\/image\\\/\"}},{\"@type\":\"Person\",\"@id\":\"https:\\\/\\\/www.sebastien-auziere.fr\\\/blog\\\/#\\\/schema\\\/person\\\/149f1acdbfd85149c6c3e59adeae2f4d\",\"name\":\"Chloe Gauthier\",\"image\":{\"@type\":\"ImageObject\",\"inLanguage\":\"fr-FR\",\"@id\":\"https:\\\/\\\/secure.gravatar.com\\\/avatar\\\/2c5722f58171cff738a8985ef0dd66b476e563753246a49019befc837ec4201a?s=96&d=mm&r=g\",\"url\":\"https:\\\/\\\/secure.gravatar.com\\\/avatar\\\/2c5722f58171cff738a8985ef0dd66b476e563753246a49019befc837ec4201a?s=96&d=mm&r=g\",\"contentUrl\":\"https:\\\/\\\/secure.gravatar.com\\\/avatar\\\/2c5722f58171cff738a8985ef0dd66b476e563753246a49019befc837ec4201a?s=96&d=mm&r=g\",\"caption\":\"Chloe Gauthier\"},\"description\":\"Passionn\u00e9e par la politique et admiratrice engag\u00e9e de la famille Macron, je consacre mon \u00e9nergie \u00e0 suivre leurs initiatives et \u00e0 promouvoir leurs id\u00e9es. \u00c0 32 ans, je suis convaincue que leur vision est porteuse d'avenir.\",\"url\":\"https:\\\/\\\/www.sebastien-auziere.fr\\\/blog\\\/author\\\/chloe-gauthier\\\/\"}]}<\/script>\n<!-- \/ Yoast SEO plugin. -->","yoast_head_json":{"title":"Brigitte Macron revela los entresijos de su vida cotidiana en el El\u00edseo y las pesadeces del poder: \u00abEs de una indecencia\u2026\u00bb - Fan site S\u00e9bastien Auzi\u00e8re","description":"Brigitte Macron r\u00e9v\u00e8le les coulisses de son quotidien \u00e0 l'\u00c9lys\u00e9e et les d\u00e9fis du pouvoir : \u00ab C\u2019est d\u2019une ind\u00e9cence\u2026 \u00bb \u00e0 d\u00e9couvrir ici.","robots":{"index":"index","follow":"follow","max-snippet":"max-snippet:-1","max-image-preview":"max-image-preview:large","max-video-preview":"max-video-preview:-1"},"canonical":"https:\/\/www.sebastien-auziere.fr\/blog\/es\/brigitte-macron-revela-los-entresijos-de-su-vida-cotidiana-en-el-eliseo-y-las-pesadeces-del-poder-es-de-una-indecencia\/","og_locale":"fr_FR","og_type":"article","og_title":"Brigitte Macron revela los entresijos de su vida cotidiana en el El\u00edseo y las pesadeces del poder: \u00abEs de una indecencia\u2026\u00bb - Fan site S\u00e9bastien Auzi\u00e8re","og_description":"Brigitte Macron r\u00e9v\u00e8le les coulisses de son quotidien \u00e0 l'\u00c9lys\u00e9e et les d\u00e9fis du pouvoir : \u00ab C\u2019est d\u2019une ind\u00e9cence\u2026 \u00bb \u00e0 d\u00e9couvrir ici.","og_url":"https:\/\/www.sebastien-auziere.fr\/blog\/es\/brigitte-macron-revela-los-entresijos-de-su-vida-cotidiana-en-el-eliseo-y-las-pesadeces-del-poder-es-de-una-indecencia\/","og_site_name":"Fan site S\u00e9bastien Auzi\u00e8re","article_published_time":"2026-04-28T19:20:46+00:00","article_modified_time":"2026-04-28T19:21:15+00:00","og_image":[{"width":2560,"height":1429,"url":"https:\/\/www.sebastien-auziere.fr\/blog\/wp-content\/uploads\/2026\/04\/Brigitte-Macron-devoile-les-coulisses-de-son-quotidien-a-lElysee-et-les-lourdeurs-du-pouvoir-Cest-dune-indecence\u2026-.jpg","type":"image\/jpeg"}],"author":"Chloe Gauthier","twitter_card":"summary_large_image","twitter_misc":{"\u00c9crit par":"Chloe Gauthier","Dur\u00e9e de lecture estim\u00e9e":"3 minutes"},"schema":{"@context":"https:\/\/schema.org","@graph":[{"@type":"Article","@id":"https:\/\/www.sebastien-auziere.fr\/blog\/es\/brigitte-macron-revela-los-entresijos-de-su-vida-cotidiana-en-el-eliseo-y-las-pesadeces-del-poder-es-de-una-indecencia\/#article","isPartOf":{"@id":"https:\/\/www.sebastien-auziere.fr\/blog\/es\/brigitte-macron-revela-los-entresijos-de-su-vida-cotidiana-en-el-eliseo-y-las-pesadeces-del-poder-es-de-una-indecencia\/"},"author":{"name":"Chloe Gauthier","@id":"https:\/\/www.sebastien-auziere.fr\/blog\/#\/schema\/person\/149f1acdbfd85149c6c3e59adeae2f4d"},"headline":"Brigitte Macron revela los entresijos de su vida cotidiana en el El\u00edseo y las pesadeces del poder: \u00abEs de una indecencia\u2026\u00bb","datePublished":"2026-04-28T19:20:46+00:00","dateModified":"2026-04-28T19:21:15+00:00","mainEntityOfPage":{"@id":"https:\/\/www.sebastien-auziere.fr\/blog\/es\/brigitte-macron-revela-los-entresijos-de-su-vida-cotidiana-en-el-eliseo-y-las-pesadeces-del-poder-es-de-una-indecencia\/"},"wordCount":568,"commentCount":0,"publisher":{"@id":"https:\/\/www.sebastien-auziere.fr\/blog\/#organization"},"image":{"@id":"https:\/\/www.sebastien-auziere.fr\/blog\/es\/brigitte-macron-revela-los-entresijos-de-su-vida-cotidiana-en-el-eliseo-y-las-pesadeces-del-poder-es-de-una-indecencia\/#primaryimage"},"thumbnailUrl":"https:\/\/www.sebastien-auziere.fr\/blog\/wp-content\/uploads\/2026\/04\/Brigitte-Macron-devoile-les-coulisses-de-son-quotidien-a-lElysee-et-les-lourdeurs-du-pouvoir-Cest-dune-indecence\u2026-.jpg","keywords":["brigitte macron","coulisses del poder","diario en el el\u00edseo","pesadez del poder","vida en el el\u00edseo"],"articleSection":["Actualidades"],"inLanguage":"fr-FR","potentialAction":[{"@type":"CommentAction","name":"Comment","target":["https:\/\/www.sebastien-auziere.fr\/blog\/es\/brigitte-macron-revela-los-entresijos-de-su-vida-cotidiana-en-el-eliseo-y-las-pesadeces-del-poder-es-de-una-indecencia\/#respond"]}]},{"@type":"WebPage","@id":"https:\/\/www.sebastien-auziere.fr\/blog\/es\/brigitte-macron-revela-los-entresijos-de-su-vida-cotidiana-en-el-eliseo-y-las-pesadeces-del-poder-es-de-una-indecencia\/","url":"https:\/\/www.sebastien-auziere.fr\/blog\/es\/brigitte-macron-revela-los-entresijos-de-su-vida-cotidiana-en-el-eliseo-y-las-pesadeces-del-poder-es-de-una-indecencia\/","name":"Brigitte Macron revela los entresijos de su vida cotidiana en el El\u00edseo y las pesadeces del poder: \u00abEs de una indecencia\u2026\u00bb - Fan site S\u00e9bastien Auzi\u00e8re","isPartOf":{"@id":"https:\/\/www.sebastien-auziere.fr\/blog\/#website"},"primaryImageOfPage":{"@id":"https:\/\/www.sebastien-auziere.fr\/blog\/es\/brigitte-macron-revela-los-entresijos-de-su-vida-cotidiana-en-el-eliseo-y-las-pesadeces-del-poder-es-de-una-indecencia\/#primaryimage"},"image":{"@id":"https:\/\/www.sebastien-auziere.fr\/blog\/es\/brigitte-macron-revela-los-entresijos-de-su-vida-cotidiana-en-el-eliseo-y-las-pesadeces-del-poder-es-de-una-indecencia\/#primaryimage"},"thumbnailUrl":"https:\/\/www.sebastien-auziere.fr\/blog\/wp-content\/uploads\/2026\/04\/Brigitte-Macron-devoile-les-coulisses-de-son-quotidien-a-lElysee-et-les-lourdeurs-du-pouvoir-Cest-dune-indecence\u2026-.jpg","datePublished":"2026-04-28T19:20:46+00:00","dateModified":"2026-04-28T19:21:15+00:00","description":"Brigitte Macron r\u00e9v\u00e8le les coulisses de son quotidien \u00e0 l'\u00c9lys\u00e9e et les d\u00e9fis du pouvoir : \u00ab C\u2019est d\u2019une ind\u00e9cence\u2026 \u00bb \u00e0 d\u00e9couvrir ici.","breadcrumb":{"@id":"https:\/\/www.sebastien-auziere.fr\/blog\/es\/brigitte-macron-revela-los-entresijos-de-su-vida-cotidiana-en-el-eliseo-y-las-pesadeces-del-poder-es-de-una-indecencia\/#breadcrumb"},"inLanguage":"fr-FR","potentialAction":[{"@type":"ReadAction","target":["https:\/\/www.sebastien-auziere.fr\/blog\/es\/brigitte-macron-revela-los-entresijos-de-su-vida-cotidiana-en-el-eliseo-y-las-pesadeces-del-poder-es-de-una-indecencia\/"]}]},{"@type":"ImageObject","inLanguage":"fr-FR","@id":"https:\/\/www.sebastien-auziere.fr\/blog\/es\/brigitte-macron-revela-los-entresijos-de-su-vida-cotidiana-en-el-eliseo-y-las-pesadeces-del-poder-es-de-una-indecencia\/#primaryimage","url":"https:\/\/www.sebastien-auziere.fr\/blog\/wp-content\/uploads\/2026\/04\/Brigitte-Macron-devoile-les-coulisses-de-son-quotidien-a-lElysee-et-les-lourdeurs-du-pouvoir-Cest-dune-indecence\u2026-.jpg","contentUrl":"https:\/\/www.sebastien-auziere.fr\/blog\/wp-content\/uploads\/2026\/04\/Brigitte-Macron-devoile-les-coulisses-de-son-quotidien-a-lElysee-et-les-lourdeurs-du-pouvoir-Cest-dune-indecence\u2026-.jpg","width":2560,"height":1429,"caption":"brigitte macron r\u00e9v\u00e8le les coulisses de son quotidien \u00e0 l'\u00e9lys\u00e9e et partage ses r\u00e9flexions sur les lourdeurs du pouvoir, \u00e9voquant une situation qualifi\u00e9e d'ind\u00e9cence."},{"@type":"BreadcrumbList","@id":"https:\/\/www.sebastien-auziere.fr\/blog\/es\/brigitte-macron-revela-los-entresijos-de-su-vida-cotidiana-en-el-eliseo-y-las-pesadeces-del-poder-es-de-una-indecencia\/#breadcrumb","itemListElement":[{"@type":"ListItem","position":1,"name":"Home","item":"https:\/\/www.sebastien-auziere.fr\/blog\/"},{"@type":"ListItem","position":2,"name":"Brigitte Macron revela los entresijos de su vida cotidiana en el El\u00edseo y las pesadeces del poder: \u00abEs de una indecencia\u2026\u00bb"}]},{"@type":"WebSite","@id":"https:\/\/www.sebastien-auziere.fr\/blog\/#website","url":"https:\/\/www.sebastien-auziere.fr\/blog\/","name":"Fan site S\u00e9bastien Auzi\u00e8re","description":"M\u00e9dia g\u00e9n\u00e9raliste","publisher":{"@id":"https:\/\/www.sebastien-auziere.fr\/blog\/#organization"},"potentialAction":[{"@type":"SearchAction","target":{"@type":"EntryPoint","urlTemplate":"https:\/\/www.sebastien-auziere.fr\/blog\/?s={search_term_string}"},"query-input":{"@type":"PropertyValueSpecification","valueRequired":true,"valueName":"search_term_string"}}],"inLanguage":"fr-FR"},{"@type":"Organization","@id":"https:\/\/www.sebastien-auziere.fr\/blog\/#organization","name":"Fan site S\u00e9bastien Auzi\u00e8re","url":"https:\/\/www.sebastien-auziere.fr\/blog\/","logo":{"@type":"ImageObject","inLanguage":"fr-FR","@id":"https:\/\/www.sebastien-auziere.fr\/blog\/#\/schema\/logo\/image\/","url":"https:\/\/www.sebastien-auziere.fr\/blog\/wp-content\/uploads\/2026\/03\/cropped-cropped-cropped-ChatGPT-Image-6-mars-2026-12_58_09-e1772798376794.jpg","contentUrl":"https:\/\/www.sebastien-auziere.fr\/blog\/wp-content\/uploads\/2026\/03\/cropped-cropped-cropped-ChatGPT-Image-6-mars-2026-12_58_09-e1772798376794.jpg","width":512,"height":360,"caption":"Fan site S\u00e9bastien Auzi\u00e8re"},"image":{"@id":"https:\/\/www.sebastien-auziere.fr\/blog\/#\/schema\/logo\/image\/"}},{"@type":"Person","@id":"https:\/\/www.sebastien-auziere.fr\/blog\/#\/schema\/person\/149f1acdbfd85149c6c3e59adeae2f4d","name":"Chloe Gauthier","image":{"@type":"ImageObject","inLanguage":"fr-FR","@id":"https:\/\/secure.gravatar.com\/avatar\/2c5722f58171cff738a8985ef0dd66b476e563753246a49019befc837ec4201a?s=96&d=mm&r=g","url":"https:\/\/secure.gravatar.com\/avatar\/2c5722f58171cff738a8985ef0dd66b476e563753246a49019befc837ec4201a?s=96&d=mm&r=g","contentUrl":"https:\/\/secure.gravatar.com\/avatar\/2c5722f58171cff738a8985ef0dd66b476e563753246a49019befc837ec4201a?s=96&d=mm&r=g","caption":"Chloe Gauthier"},"description":"Passionn\u00e9e par la politique et admiratrice engag\u00e9e de la famille Macron, je consacre mon \u00e9nergie \u00e0 suivre leurs initiatives et \u00e0 promouvoir leurs id\u00e9es. \u00c0 32 ans, je suis convaincue que leur vision est porteuse d'avenir.","url":"https:\/\/www.sebastien-auziere.fr\/blog\/author\/chloe-gauthier\/"}]}},"views":0,"_links":{"self":[{"href":"https:\/\/www.sebastien-auziere.fr\/blog\/wp-json\/wp\/v2\/posts\/3414","targetHints":{"allow":["GET"]}}],"collection":[{"href":"https:\/\/www.sebastien-auziere.fr\/blog\/wp-json\/wp\/v2\/posts"}],"about":[{"href":"https:\/\/www.sebastien-auziere.fr\/blog\/wp-json\/wp\/v2\/types\/post"}],"author":[{"embeddable":true,"href":"https:\/\/www.sebastien-auziere.fr\/blog\/wp-json\/wp\/v2\/users\/9"}],"replies":[{"embeddable":true,"href":"https:\/\/www.sebastien-auziere.fr\/blog\/wp-json\/wp\/v2\/comments?post=3414"}],"version-history":[{"count":1,"href":"https:\/\/www.sebastien-auziere.fr\/blog\/wp-json\/wp\/v2\/posts\/3414\/revisions"}],"predecessor-version":[{"id":3415,"href":"https:\/\/www.sebastien-auziere.fr\/blog\/wp-json\/wp\/v2\/posts\/3414\/revisions\/3415"}],"wp:featuredmedia":[{"embeddable":true,"href":"https:\/\/www.sebastien-auziere.fr\/blog\/wp-json\/wp\/v2\/media\/3410"}],"wp:attachment":[{"href":"https:\/\/www.sebastien-auziere.fr\/blog\/wp-json\/wp\/v2\/media?parent=3414"}],"wp:term":[{"taxonomy":"category","embeddable":true,"href":"https:\/\/www.sebastien-auziere.fr\/blog\/wp-json\/wp\/v2\/categories?post=3414"},{"taxonomy":"post_tag","embeddable":true,"href":"https:\/\/www.sebastien-auziere.fr\/blog\/wp-json\/wp\/v2\/tags?post=3414"}],"curies":[{"name":"wp","href":"https:\/\/api.w.org\/{rel}","templated":true}]}}