{"id":3412,"date":"2026-04-28T19:20:16","date_gmt":"2026-04-28T19:20:16","guid":{"rendered":"https:\/\/www.sebastien-auziere.fr\/blog\/?p=3412"},"modified":"2026-04-28T19:20:45","modified_gmt":"2026-04-28T19:20:45","slug":"brigitte-macron-reveals-the-behind-the-scenes-of-her-daily-life-at-the-elysee-and-the-burdens-of-power-its-indecent","status":"publish","type":"post","link":"https:\/\/www.sebastien-auziere.fr\/blog\/en\/brigitte-macron-reveals-the-behind-the-scenes-of-her-daily-life-at-the-elysee-and-the-burdens-of-power-its-indecent\/","title":{"rendered":"Brigitte Macron reveals the behind-the-scenes of her daily life at the \u00c9lys\u00e9e and the burdens of power: \u201cIt&rsquo;s indecent&#8230;\u201d"},"content":{"rendered":"<p><strong>Brigitte Macron<\/strong> has chosen frankness: after nearly a decade at the <strong>\u00c9lys\u00e9e<\/strong>, she reveals the harshness of her <strong>daily life<\/strong> and the \u201c<strong>darker<\/strong> side of the world\u201d she discovered there. These revelations, published in La Tribune Dimanche, discuss cyber harassment, moral fatigue, and the difficulty of balancing private life with the duty of representation.<\/p>\n\n<p><strong>In brief<\/strong>: Brigitte Macron talks about unprecedented sadness, online defamation campaigns condemned by the courts in January, and questions the place and <strong>transparency<\/strong> of the role of First Lady.<\/p>\n\n<h2 class=\"wp-block-heading\">The behind-the-scenes of a challenging <strong>daily life<\/strong> at the <strong>\u00c9lys\u00e9e<\/strong><\/h2>\n\n<p>You will discover here the human aspects of the role of First Lady: between official appointments, diplomatic gestures, and a disrupted family life, Brigitte Macron describes an intensity that spares no one. She mentions having seen \u201cstupidity, malice\u201d and admits that \u201c<strong>it is sometimes difficult for me to see the blue sky<\/strong>,\u201d remarks echoed by several national media.<\/p>\n\n<p>This testimony anchors the reality of power in emotion and reminds us that the public image conceals heavy daily burdens. It provides valuable insight into the <strong>presidency<\/strong> in practice.<\/p>\n\n<h3 class=\"wp-block-heading\">The violence of cyber harassment and its repercussions<\/h3>\n\n<p>Since 2017, hate campaigns have targeted the presidential couple; convictions followed in January 2026 for several troublemakers. Brigitte Macron recounts the direct impact of these rumors on her morale and her entourage, prompting the couple to file complaints in France and the United States.<\/p>\n\n<p>This judicial reminder shows that modern <strong>political life<\/strong> also involves a legal battle against misinformation. The effect remains deep and lasting.<\/p>\n\n<h2 class=\"wp-block-heading\">Public debate: empathy, criticism, and accusations of <strong>indecency<\/strong><\/h2>\n\n<p>Reactions have been strong: some media praise the sincerity and <strong>transparency<\/strong>, while others denounce a form of \u201c<strong>indecency<\/strong>\u201d in light of the country\u2019s social difficulties. Yael Mellul and Charles Consigny reminded that the pursuit of power inevitably comes with increased exposure.<\/p>\n\n<p>This sharing highlights the tension between human understanding and political demands. Public opinion remains divided, but the debate underscores an institutional reality often forgotten.<\/p>\n\n<h3 class=\"wp-block-heading\">A humanized reading of the role and its consequences<\/h3>\n\n<p>To illustrate, imagine Camille, a volunteer in a Parisian association, a witness to both realities: compassion for the suffering of an exposed wife and anger from citizens in distress. This parallel helps to understand why Brigitte Macron&rsquo;s remarks evoke such strong emotions.<\/p>\n\n<p>The final observation is clear: the <strong>presidency<\/strong> is a public stage where private life collides with the burdens of power.<\/p>\n\n<p>To learn more about Brigitte Macron&rsquo;s revelations, their stakes, and the family context, check the detailed files and analyses published here: <a href=\"https:\/\/www.lemonde.fr\/politique\/article\/2026\/04\/26\/brigitte-macron-se-confie-sur-ses-annees-passees-a-l-elysee-et-affirme-y-avoir-vu-la-noirceur-du-monde-la-betise-la-mechancete_6683439_823448.html\">Le Monde<\/a> and the complete story in <a href=\"https:\/\/www.leparisien.fr\/politique\/je-suis-parfois-triste-comme-jamais-je-ne-lavais-ete-brigitte-macron-se-confie-sur-ses-neuf-annees-a-lelysee-25-04-2026-2SUGOK4MHJABTK6R7MMOVDVN4I.php\">Le Parisien<\/a>.<\/p>\n\n<p>To further explore life at the <strong>\u00c9lys\u00e9e<\/strong>, the <strong>behind-the-scenes<\/strong>, and the challenges faced by the family, visit <a href=\"https:\/\/www.sebastien-auziere.fr\/blog\/brigitte-macron-epreuves-elysee\/\">the portraits and analyses<\/a> and discover complementary insights on <a href=\"https:\/\/www.sebastien-auziere.fr\/blog\/brigitte-macron-tristesse\/\">the sadness mentioned by Brigitte Macron<\/a>. These pages offer a documented and respectful dive to better understand the burdens of <strong>power<\/strong>.<\/p>","protected":false},"excerpt":{"rendered":"<p>Brigitte Macron has chosen frankness: after nearly a decade at the \u00c9lys\u00e9e, she reveals the harshness of her daily life and the \u201cdarker side of the world\u201d she discovered there. These revelations, published in La Tribune Dimanche, discuss cyber harassment, moral fatigue, and the difficulty of balancing private life with the duty of representation. In &#8230; <a title=\"Brigitte Macron reveals the behind-the-scenes of her daily life at the \u00c9lys\u00e9e and the burdens of power: \u201cIt&rsquo;s indecent&#8230;\u201d\" class=\"read-more\" href=\"https:\/\/www.sebastien-auziere.fr\/blog\/en\/brigitte-macron-reveals-the-behind-the-scenes-of-her-daily-life-at-the-elysee-and-the-burdens-of-power-its-indecent\/\" aria-label=\"En savoir plus sur Brigitte Macron reveals the behind-the-scenes of her daily life at the \u00c9lys\u00e9e and the burdens of power: \u201cIt&rsquo;s indecent&#8230;\u201d\">Lire plus<\/a><\/p>\n","protected":false},"author":9,"featured_media":3410,"comment_status":"open","ping_status":"open","sticky":false,"template":"","format":"standard","meta":{"footnotes":""},"categories":[816],"tags":[4656,898,4662,4665,4659],"class_list":["post-3412","post","type-post","status-publish","format-standard","has-post-thumbnail","hentry","category-news","tag-backstage-of-power-en","tag-brigitte-macron-en","tag-daily-at-the-elysee-en","tag-life-at-the-elysee-en","tag-power-struggles-en"],"yoast_head":"<!-- This site is optimized with the Yoast SEO plugin v27.5 - https:\/\/yoast.com\/product\/yoast-seo-wordpress\/ -->\n<title>Brigitte Macron reveals the behind-the-scenes of her daily life at the \u00c9lys\u00e9e and the burdens of power: \u201cIt&#039;s indecent...\u201d - Fan site S\u00e9bastien Auzi\u00e8re<\/title>\n<meta name=\"description\" content=\"Brigitte Macron r\u00e9v\u00e8le les coulisses de son quotidien \u00e0 l&#039;\u00c9lys\u00e9e et les d\u00e9fis du pouvoir : \u00ab C\u2019est d\u2019une ind\u00e9cence\u2026 \u00bb \u00e0 d\u00e9couvrir ici.\" \/>\n<meta name=\"robots\" content=\"index, follow, max-snippet:-1, max-image-preview:large, max-video-preview:-1\" \/>\n<link rel=\"canonical\" href=\"https:\/\/www.sebastien-auziere.fr\/blog\/en\/brigitte-macron-reveals-the-behind-the-scenes-of-her-daily-life-at-the-elysee-and-the-burdens-of-power-its-indecent\/\" \/>\n<meta property=\"og:locale\" content=\"fr_FR\" \/>\n<meta property=\"og:type\" content=\"article\" \/>\n<meta property=\"og:title\" content=\"Brigitte Macron reveals the behind-the-scenes of her daily life at the \u00c9lys\u00e9e and the burdens of power: \u201cIt&#039;s indecent...\u201d - Fan site S\u00e9bastien Auzi\u00e8re\" \/>\n<meta property=\"og:description\" content=\"Brigitte Macron r\u00e9v\u00e8le les coulisses de son quotidien \u00e0 l&#039;\u00c9lys\u00e9e et les d\u00e9fis du pouvoir : \u00ab C\u2019est d\u2019une ind\u00e9cence\u2026 \u00bb \u00e0 d\u00e9couvrir ici.\" \/>\n<meta property=\"og:url\" content=\"https:\/\/www.sebastien-auziere.fr\/blog\/en\/brigitte-macron-reveals-the-behind-the-scenes-of-her-daily-life-at-the-elysee-and-the-burdens-of-power-its-indecent\/\" \/>\n<meta property=\"og:site_name\" content=\"Fan site S\u00e9bastien Auzi\u00e8re\" \/>\n<meta property=\"article:published_time\" content=\"2026-04-28T19:20:16+00:00\" \/>\n<meta property=\"article:modified_time\" content=\"2026-04-28T19:20:45+00:00\" \/>\n<meta property=\"og:image\" content=\"https:\/\/www.sebastien-auziere.fr\/blog\/wp-content\/uploads\/2026\/04\/Brigitte-Macron-devoile-les-coulisses-de-son-quotidien-a-lElysee-et-les-lourdeurs-du-pouvoir-Cest-dune-indecence\u2026-.jpg\" \/>\n\t<meta property=\"og:image:width\" content=\"2560\" \/>\n\t<meta property=\"og:image:height\" content=\"1429\" \/>\n\t<meta property=\"og:image:type\" content=\"image\/jpeg\" \/>\n<meta name=\"author\" content=\"Chloe Gauthier\" \/>\n<meta name=\"twitter:card\" content=\"summary_large_image\" \/>\n<meta name=\"twitter:label1\" content=\"\u00c9crit par\" \/>\n\t<meta name=\"twitter:data1\" content=\"Chloe Gauthier\" \/>\n\t<meta name=\"twitter:label2\" content=\"Dur\u00e9e de lecture estim\u00e9e\" \/>\n\t<meta name=\"twitter:data2\" content=\"2 minutes\" \/>\n<script type=\"application\/ld+json\" class=\"yoast-schema-graph\">{\"@context\":\"https:\\\/\\\/schema.org\",\"@graph\":[{\"@type\":\"Article\",\"@id\":\"https:\\\/\\\/www.sebastien-auziere.fr\\\/blog\\\/en\\\/brigitte-macron-reveals-the-behind-the-scenes-of-her-daily-life-at-the-elysee-and-the-burdens-of-power-its-indecent\\\/#article\",\"isPartOf\":{\"@id\":\"https:\\\/\\\/www.sebastien-auziere.fr\\\/blog\\\/en\\\/brigitte-macron-reveals-the-behind-the-scenes-of-her-daily-life-at-the-elysee-and-the-burdens-of-power-its-indecent\\\/\"},\"author\":{\"name\":\"Chloe Gauthier\",\"@id\":\"https:\\\/\\\/www.sebastien-auziere.fr\\\/blog\\\/#\\\/schema\\\/person\\\/149f1acdbfd85149c6c3e59adeae2f4d\"},\"headline\":\"Brigitte Macron reveals the behind-the-scenes of her daily life at the \u00c9lys\u00e9e and the burdens of power: \u201cIt&rsquo;s indecent&#8230;\u201d\",\"datePublished\":\"2026-04-28T19:20:16+00:00\",\"dateModified\":\"2026-04-28T19:20:45+00:00\",\"mainEntityOfPage\":{\"@id\":\"https:\\\/\\\/www.sebastien-auziere.fr\\\/blog\\\/en\\\/brigitte-macron-reveals-the-behind-the-scenes-of-her-daily-life-at-the-elysee-and-the-burdens-of-power-its-indecent\\\/\"},\"wordCount\":496,\"commentCount\":0,\"publisher\":{\"@id\":\"https:\\\/\\\/www.sebastien-auziere.fr\\\/blog\\\/#organization\"},\"image\":{\"@id\":\"https:\\\/\\\/www.sebastien-auziere.fr\\\/blog\\\/en\\\/brigitte-macron-reveals-the-behind-the-scenes-of-her-daily-life-at-the-elysee-and-the-burdens-of-power-its-indecent\\\/#primaryimage\"},\"thumbnailUrl\":\"https:\\\/\\\/www.sebastien-auziere.fr\\\/blog\\\/wp-content\\\/uploads\\\/2026\\\/04\\\/Brigitte-Macron-devoile-les-coulisses-de-son-quotidien-a-lElysee-et-les-lourdeurs-du-pouvoir-Cest-dune-indecence\u2026-.jpg\",\"keywords\":[\"backstage of power\",\"brigitte macron\",\"daily at the \u00c9lys\u00e9e\",\"life at the \u00c9lys\u00e9e\",\"power struggles\"],\"articleSection\":[\"News\"],\"inLanguage\":\"fr-FR\",\"potentialAction\":[{\"@type\":\"CommentAction\",\"name\":\"Comment\",\"target\":[\"https:\\\/\\\/www.sebastien-auziere.fr\\\/blog\\\/en\\\/brigitte-macron-reveals-the-behind-the-scenes-of-her-daily-life-at-the-elysee-and-the-burdens-of-power-its-indecent\\\/#respond\"]}]},{\"@type\":\"WebPage\",\"@id\":\"https:\\\/\\\/www.sebastien-auziere.fr\\\/blog\\\/en\\\/brigitte-macron-reveals-the-behind-the-scenes-of-her-daily-life-at-the-elysee-and-the-burdens-of-power-its-indecent\\\/\",\"url\":\"https:\\\/\\\/www.sebastien-auziere.fr\\\/blog\\\/en\\\/brigitte-macron-reveals-the-behind-the-scenes-of-her-daily-life-at-the-elysee-and-the-burdens-of-power-its-indecent\\\/\",\"name\":\"Brigitte Macron reveals the behind-the-scenes of her daily life at the \u00c9lys\u00e9e and the burdens of power: \u201cIt's indecent...\u201d - Fan site S\u00e9bastien Auzi\u00e8re\",\"isPartOf\":{\"@id\":\"https:\\\/\\\/www.sebastien-auziere.fr\\\/blog\\\/#website\"},\"primaryImageOfPage\":{\"@id\":\"https:\\\/\\\/www.sebastien-auziere.fr\\\/blog\\\/en\\\/brigitte-macron-reveals-the-behind-the-scenes-of-her-daily-life-at-the-elysee-and-the-burdens-of-power-its-indecent\\\/#primaryimage\"},\"image\":{\"@id\":\"https:\\\/\\\/www.sebastien-auziere.fr\\\/blog\\\/en\\\/brigitte-macron-reveals-the-behind-the-scenes-of-her-daily-life-at-the-elysee-and-the-burdens-of-power-its-indecent\\\/#primaryimage\"},\"thumbnailUrl\":\"https:\\\/\\\/www.sebastien-auziere.fr\\\/blog\\\/wp-content\\\/uploads\\\/2026\\\/04\\\/Brigitte-Macron-devoile-les-coulisses-de-son-quotidien-a-lElysee-et-les-lourdeurs-du-pouvoir-Cest-dune-indecence\u2026-.jpg\",\"datePublished\":\"2026-04-28T19:20:16+00:00\",\"dateModified\":\"2026-04-28T19:20:45+00:00\",\"description\":\"Brigitte Macron r\u00e9v\u00e8le les coulisses de son quotidien \u00e0 l'\u00c9lys\u00e9e et les d\u00e9fis du pouvoir : \u00ab C\u2019est d\u2019une ind\u00e9cence\u2026 \u00bb \u00e0 d\u00e9couvrir ici.\",\"breadcrumb\":{\"@id\":\"https:\\\/\\\/www.sebastien-auziere.fr\\\/blog\\\/en\\\/brigitte-macron-reveals-the-behind-the-scenes-of-her-daily-life-at-the-elysee-and-the-burdens-of-power-its-indecent\\\/#breadcrumb\"},\"inLanguage\":\"fr-FR\",\"potentialAction\":[{\"@type\":\"ReadAction\",\"target\":[\"https:\\\/\\\/www.sebastien-auziere.fr\\\/blog\\\/en\\\/brigitte-macron-reveals-the-behind-the-scenes-of-her-daily-life-at-the-elysee-and-the-burdens-of-power-its-indecent\\\/\"]}]},{\"@type\":\"ImageObject\",\"inLanguage\":\"fr-FR\",\"@id\":\"https:\\\/\\\/www.sebastien-auziere.fr\\\/blog\\\/en\\\/brigitte-macron-reveals-the-behind-the-scenes-of-her-daily-life-at-the-elysee-and-the-burdens-of-power-its-indecent\\\/#primaryimage\",\"url\":\"https:\\\/\\\/www.sebastien-auziere.fr\\\/blog\\\/wp-content\\\/uploads\\\/2026\\\/04\\\/Brigitte-Macron-devoile-les-coulisses-de-son-quotidien-a-lElysee-et-les-lourdeurs-du-pouvoir-Cest-dune-indecence\u2026-.jpg\",\"contentUrl\":\"https:\\\/\\\/www.sebastien-auziere.fr\\\/blog\\\/wp-content\\\/uploads\\\/2026\\\/04\\\/Brigitte-Macron-devoile-les-coulisses-de-son-quotidien-a-lElysee-et-les-lourdeurs-du-pouvoir-Cest-dune-indecence\u2026-.jpg\",\"width\":2560,\"height\":1429,\"caption\":\"brigitte macron r\u00e9v\u00e8le les coulisses de son quotidien \u00e0 l'\u00e9lys\u00e9e et partage ses r\u00e9flexions sur les lourdeurs du pouvoir, \u00e9voquant une situation qualifi\u00e9e d'ind\u00e9cence.\"},{\"@type\":\"BreadcrumbList\",\"@id\":\"https:\\\/\\\/www.sebastien-auziere.fr\\\/blog\\\/en\\\/brigitte-macron-reveals-the-behind-the-scenes-of-her-daily-life-at-the-elysee-and-the-burdens-of-power-its-indecent\\\/#breadcrumb\",\"itemListElement\":[{\"@type\":\"ListItem\",\"position\":1,\"name\":\"Home\",\"item\":\"https:\\\/\\\/www.sebastien-auziere.fr\\\/blog\\\/\"},{\"@type\":\"ListItem\",\"position\":2,\"name\":\"Brigitte Macron reveals the behind-the-scenes of her daily life at the \u00c9lys\u00e9e and the burdens of power: \u201cIt&rsquo;s indecent&#8230;\u201d\"}]},{\"@type\":\"WebSite\",\"@id\":\"https:\\\/\\\/www.sebastien-auziere.fr\\\/blog\\\/#website\",\"url\":\"https:\\\/\\\/www.sebastien-auziere.fr\\\/blog\\\/\",\"name\":\"Fan site S\u00e9bastien Auzi\u00e8re\",\"description\":\"M\u00e9dia g\u00e9n\u00e9raliste\",\"publisher\":{\"@id\":\"https:\\\/\\\/www.sebastien-auziere.fr\\\/blog\\\/#organization\"},\"potentialAction\":[{\"@type\":\"SearchAction\",\"target\":{\"@type\":\"EntryPoint\",\"urlTemplate\":\"https:\\\/\\\/www.sebastien-auziere.fr\\\/blog\\\/?s={search_term_string}\"},\"query-input\":{\"@type\":\"PropertyValueSpecification\",\"valueRequired\":true,\"valueName\":\"search_term_string\"}}],\"inLanguage\":\"fr-FR\"},{\"@type\":\"Organization\",\"@id\":\"https:\\\/\\\/www.sebastien-auziere.fr\\\/blog\\\/#organization\",\"name\":\"Fan site S\u00e9bastien Auzi\u00e8re\",\"url\":\"https:\\\/\\\/www.sebastien-auziere.fr\\\/blog\\\/\",\"logo\":{\"@type\":\"ImageObject\",\"inLanguage\":\"fr-FR\",\"@id\":\"https:\\\/\\\/www.sebastien-auziere.fr\\\/blog\\\/#\\\/schema\\\/logo\\\/image\\\/\",\"url\":\"https:\\\/\\\/www.sebastien-auziere.fr\\\/blog\\\/wp-content\\\/uploads\\\/2026\\\/03\\\/cropped-cropped-cropped-ChatGPT-Image-6-mars-2026-12_58_09-e1772798376794.jpg\",\"contentUrl\":\"https:\\\/\\\/www.sebastien-auziere.fr\\\/blog\\\/wp-content\\\/uploads\\\/2026\\\/03\\\/cropped-cropped-cropped-ChatGPT-Image-6-mars-2026-12_58_09-e1772798376794.jpg\",\"width\":512,\"height\":360,\"caption\":\"Fan site S\u00e9bastien Auzi\u00e8re\"},\"image\":{\"@id\":\"https:\\\/\\\/www.sebastien-auziere.fr\\\/blog\\\/#\\\/schema\\\/logo\\\/image\\\/\"}},{\"@type\":\"Person\",\"@id\":\"https:\\\/\\\/www.sebastien-auziere.fr\\\/blog\\\/#\\\/schema\\\/person\\\/149f1acdbfd85149c6c3e59adeae2f4d\",\"name\":\"Chloe Gauthier\",\"image\":{\"@type\":\"ImageObject\",\"inLanguage\":\"fr-FR\",\"@id\":\"https:\\\/\\\/secure.gravatar.com\\\/avatar\\\/2c5722f58171cff738a8985ef0dd66b476e563753246a49019befc837ec4201a?s=96&d=mm&r=g\",\"url\":\"https:\\\/\\\/secure.gravatar.com\\\/avatar\\\/2c5722f58171cff738a8985ef0dd66b476e563753246a49019befc837ec4201a?s=96&d=mm&r=g\",\"contentUrl\":\"https:\\\/\\\/secure.gravatar.com\\\/avatar\\\/2c5722f58171cff738a8985ef0dd66b476e563753246a49019befc837ec4201a?s=96&d=mm&r=g\",\"caption\":\"Chloe Gauthier\"},\"description\":\"Passionn\u00e9e par la politique et admiratrice engag\u00e9e de la famille Macron, je consacre mon \u00e9nergie \u00e0 suivre leurs initiatives et \u00e0 promouvoir leurs id\u00e9es. \u00c0 32 ans, je suis convaincue que leur vision est porteuse d'avenir.\",\"url\":\"https:\\\/\\\/www.sebastien-auziere.fr\\\/blog\\\/author\\\/chloe-gauthier\\\/\"}]}<\/script>\n<!-- \/ Yoast SEO plugin. -->","yoast_head_json":{"title":"Brigitte Macron reveals the behind-the-scenes of her daily life at the \u00c9lys\u00e9e and the burdens of power: \u201cIt's indecent...\u201d - Fan site S\u00e9bastien Auzi\u00e8re","description":"Brigitte Macron r\u00e9v\u00e8le les coulisses de son quotidien \u00e0 l'\u00c9lys\u00e9e et les d\u00e9fis du pouvoir : \u00ab C\u2019est d\u2019une ind\u00e9cence\u2026 \u00bb \u00e0 d\u00e9couvrir ici.","robots":{"index":"index","follow":"follow","max-snippet":"max-snippet:-1","max-image-preview":"max-image-preview:large","max-video-preview":"max-video-preview:-1"},"canonical":"https:\/\/www.sebastien-auziere.fr\/blog\/en\/brigitte-macron-reveals-the-behind-the-scenes-of-her-daily-life-at-the-elysee-and-the-burdens-of-power-its-indecent\/","og_locale":"fr_FR","og_type":"article","og_title":"Brigitte Macron reveals the behind-the-scenes of her daily life at the \u00c9lys\u00e9e and the burdens of power: \u201cIt's indecent...\u201d - Fan site S\u00e9bastien Auzi\u00e8re","og_description":"Brigitte Macron r\u00e9v\u00e8le les coulisses de son quotidien \u00e0 l'\u00c9lys\u00e9e et les d\u00e9fis du pouvoir : \u00ab C\u2019est d\u2019une ind\u00e9cence\u2026 \u00bb \u00e0 d\u00e9couvrir ici.","og_url":"https:\/\/www.sebastien-auziere.fr\/blog\/en\/brigitte-macron-reveals-the-behind-the-scenes-of-her-daily-life-at-the-elysee-and-the-burdens-of-power-its-indecent\/","og_site_name":"Fan site S\u00e9bastien Auzi\u00e8re","article_published_time":"2026-04-28T19:20:16+00:00","article_modified_time":"2026-04-28T19:20:45+00:00","og_image":[{"width":2560,"height":1429,"url":"https:\/\/www.sebastien-auziere.fr\/blog\/wp-content\/uploads\/2026\/04\/Brigitte-Macron-devoile-les-coulisses-de-son-quotidien-a-lElysee-et-les-lourdeurs-du-pouvoir-Cest-dune-indecence\u2026-.jpg","type":"image\/jpeg"}],"author":"Chloe Gauthier","twitter_card":"summary_large_image","twitter_misc":{"\u00c9crit par":"Chloe Gauthier","Dur\u00e9e de lecture estim\u00e9e":"2 minutes"},"schema":{"@context":"https:\/\/schema.org","@graph":[{"@type":"Article","@id":"https:\/\/www.sebastien-auziere.fr\/blog\/en\/brigitte-macron-reveals-the-behind-the-scenes-of-her-daily-life-at-the-elysee-and-the-burdens-of-power-its-indecent\/#article","isPartOf":{"@id":"https:\/\/www.sebastien-auziere.fr\/blog\/en\/brigitte-macron-reveals-the-behind-the-scenes-of-her-daily-life-at-the-elysee-and-the-burdens-of-power-its-indecent\/"},"author":{"name":"Chloe Gauthier","@id":"https:\/\/www.sebastien-auziere.fr\/blog\/#\/schema\/person\/149f1acdbfd85149c6c3e59adeae2f4d"},"headline":"Brigitte Macron reveals the behind-the-scenes of her daily life at the \u00c9lys\u00e9e and the burdens of power: \u201cIt&rsquo;s indecent&#8230;\u201d","datePublished":"2026-04-28T19:20:16+00:00","dateModified":"2026-04-28T19:20:45+00:00","mainEntityOfPage":{"@id":"https:\/\/www.sebastien-auziere.fr\/blog\/en\/brigitte-macron-reveals-the-behind-the-scenes-of-her-daily-life-at-the-elysee-and-the-burdens-of-power-its-indecent\/"},"wordCount":496,"commentCount":0,"publisher":{"@id":"https:\/\/www.sebastien-auziere.fr\/blog\/#organization"},"image":{"@id":"https:\/\/www.sebastien-auziere.fr\/blog\/en\/brigitte-macron-reveals-the-behind-the-scenes-of-her-daily-life-at-the-elysee-and-the-burdens-of-power-its-indecent\/#primaryimage"},"thumbnailUrl":"https:\/\/www.sebastien-auziere.fr\/blog\/wp-content\/uploads\/2026\/04\/Brigitte-Macron-devoile-les-coulisses-de-son-quotidien-a-lElysee-et-les-lourdeurs-du-pouvoir-Cest-dune-indecence\u2026-.jpg","keywords":["backstage of power","brigitte macron","daily at the \u00c9lys\u00e9e","life at the \u00c9lys\u00e9e","power struggles"],"articleSection":["News"],"inLanguage":"fr-FR","potentialAction":[{"@type":"CommentAction","name":"Comment","target":["https:\/\/www.sebastien-auziere.fr\/blog\/en\/brigitte-macron-reveals-the-behind-the-scenes-of-her-daily-life-at-the-elysee-and-the-burdens-of-power-its-indecent\/#respond"]}]},{"@type":"WebPage","@id":"https:\/\/www.sebastien-auziere.fr\/blog\/en\/brigitte-macron-reveals-the-behind-the-scenes-of-her-daily-life-at-the-elysee-and-the-burdens-of-power-its-indecent\/","url":"https:\/\/www.sebastien-auziere.fr\/blog\/en\/brigitte-macron-reveals-the-behind-the-scenes-of-her-daily-life-at-the-elysee-and-the-burdens-of-power-its-indecent\/","name":"Brigitte Macron reveals the behind-the-scenes of her daily life at the \u00c9lys\u00e9e and the burdens of power: \u201cIt's indecent...\u201d - Fan site S\u00e9bastien Auzi\u00e8re","isPartOf":{"@id":"https:\/\/www.sebastien-auziere.fr\/blog\/#website"},"primaryImageOfPage":{"@id":"https:\/\/www.sebastien-auziere.fr\/blog\/en\/brigitte-macron-reveals-the-behind-the-scenes-of-her-daily-life-at-the-elysee-and-the-burdens-of-power-its-indecent\/#primaryimage"},"image":{"@id":"https:\/\/www.sebastien-auziere.fr\/blog\/en\/brigitte-macron-reveals-the-behind-the-scenes-of-her-daily-life-at-the-elysee-and-the-burdens-of-power-its-indecent\/#primaryimage"},"thumbnailUrl":"https:\/\/www.sebastien-auziere.fr\/blog\/wp-content\/uploads\/2026\/04\/Brigitte-Macron-devoile-les-coulisses-de-son-quotidien-a-lElysee-et-les-lourdeurs-du-pouvoir-Cest-dune-indecence\u2026-.jpg","datePublished":"2026-04-28T19:20:16+00:00","dateModified":"2026-04-28T19:20:45+00:00","description":"Brigitte Macron r\u00e9v\u00e8le les coulisses de son quotidien \u00e0 l'\u00c9lys\u00e9e et les d\u00e9fis du pouvoir : \u00ab C\u2019est d\u2019une ind\u00e9cence\u2026 \u00bb \u00e0 d\u00e9couvrir ici.","breadcrumb":{"@id":"https:\/\/www.sebastien-auziere.fr\/blog\/en\/brigitte-macron-reveals-the-behind-the-scenes-of-her-daily-life-at-the-elysee-and-the-burdens-of-power-its-indecent\/#breadcrumb"},"inLanguage":"fr-FR","potentialAction":[{"@type":"ReadAction","target":["https:\/\/www.sebastien-auziere.fr\/blog\/en\/brigitte-macron-reveals-the-behind-the-scenes-of-her-daily-life-at-the-elysee-and-the-burdens-of-power-its-indecent\/"]}]},{"@type":"ImageObject","inLanguage":"fr-FR","@id":"https:\/\/www.sebastien-auziere.fr\/blog\/en\/brigitte-macron-reveals-the-behind-the-scenes-of-her-daily-life-at-the-elysee-and-the-burdens-of-power-its-indecent\/#primaryimage","url":"https:\/\/www.sebastien-auziere.fr\/blog\/wp-content\/uploads\/2026\/04\/Brigitte-Macron-devoile-les-coulisses-de-son-quotidien-a-lElysee-et-les-lourdeurs-du-pouvoir-Cest-dune-indecence\u2026-.jpg","contentUrl":"https:\/\/www.sebastien-auziere.fr\/blog\/wp-content\/uploads\/2026\/04\/Brigitte-Macron-devoile-les-coulisses-de-son-quotidien-a-lElysee-et-les-lourdeurs-du-pouvoir-Cest-dune-indecence\u2026-.jpg","width":2560,"height":1429,"caption":"brigitte macron r\u00e9v\u00e8le les coulisses de son quotidien \u00e0 l'\u00e9lys\u00e9e et partage ses r\u00e9flexions sur les lourdeurs du pouvoir, \u00e9voquant une situation qualifi\u00e9e d'ind\u00e9cence."},{"@type":"BreadcrumbList","@id":"https:\/\/www.sebastien-auziere.fr\/blog\/en\/brigitte-macron-reveals-the-behind-the-scenes-of-her-daily-life-at-the-elysee-and-the-burdens-of-power-its-indecent\/#breadcrumb","itemListElement":[{"@type":"ListItem","position":1,"name":"Home","item":"https:\/\/www.sebastien-auziere.fr\/blog\/"},{"@type":"ListItem","position":2,"name":"Brigitte Macron reveals the behind-the-scenes of her daily life at the \u00c9lys\u00e9e and the burdens of power: \u201cIt&rsquo;s indecent&#8230;\u201d"}]},{"@type":"WebSite","@id":"https:\/\/www.sebastien-auziere.fr\/blog\/#website","url":"https:\/\/www.sebastien-auziere.fr\/blog\/","name":"Fan site S\u00e9bastien Auzi\u00e8re","description":"M\u00e9dia g\u00e9n\u00e9raliste","publisher":{"@id":"https:\/\/www.sebastien-auziere.fr\/blog\/#organization"},"potentialAction":[{"@type":"SearchAction","target":{"@type":"EntryPoint","urlTemplate":"https:\/\/www.sebastien-auziere.fr\/blog\/?s={search_term_string}"},"query-input":{"@type":"PropertyValueSpecification","valueRequired":true,"valueName":"search_term_string"}}],"inLanguage":"fr-FR"},{"@type":"Organization","@id":"https:\/\/www.sebastien-auziere.fr\/blog\/#organization","name":"Fan site S\u00e9bastien Auzi\u00e8re","url":"https:\/\/www.sebastien-auziere.fr\/blog\/","logo":{"@type":"ImageObject","inLanguage":"fr-FR","@id":"https:\/\/www.sebastien-auziere.fr\/blog\/#\/schema\/logo\/image\/","url":"https:\/\/www.sebastien-auziere.fr\/blog\/wp-content\/uploads\/2026\/03\/cropped-cropped-cropped-ChatGPT-Image-6-mars-2026-12_58_09-e1772798376794.jpg","contentUrl":"https:\/\/www.sebastien-auziere.fr\/blog\/wp-content\/uploads\/2026\/03\/cropped-cropped-cropped-ChatGPT-Image-6-mars-2026-12_58_09-e1772798376794.jpg","width":512,"height":360,"caption":"Fan site S\u00e9bastien Auzi\u00e8re"},"image":{"@id":"https:\/\/www.sebastien-auziere.fr\/blog\/#\/schema\/logo\/image\/"}},{"@type":"Person","@id":"https:\/\/www.sebastien-auziere.fr\/blog\/#\/schema\/person\/149f1acdbfd85149c6c3e59adeae2f4d","name":"Chloe Gauthier","image":{"@type":"ImageObject","inLanguage":"fr-FR","@id":"https:\/\/secure.gravatar.com\/avatar\/2c5722f58171cff738a8985ef0dd66b476e563753246a49019befc837ec4201a?s=96&d=mm&r=g","url":"https:\/\/secure.gravatar.com\/avatar\/2c5722f58171cff738a8985ef0dd66b476e563753246a49019befc837ec4201a?s=96&d=mm&r=g","contentUrl":"https:\/\/secure.gravatar.com\/avatar\/2c5722f58171cff738a8985ef0dd66b476e563753246a49019befc837ec4201a?s=96&d=mm&r=g","caption":"Chloe Gauthier"},"description":"Passionn\u00e9e par la politique et admiratrice engag\u00e9e de la famille Macron, je consacre mon \u00e9nergie \u00e0 suivre leurs initiatives et \u00e0 promouvoir leurs id\u00e9es. \u00c0 32 ans, je suis convaincue que leur vision est porteuse d'avenir.","url":"https:\/\/www.sebastien-auziere.fr\/blog\/author\/chloe-gauthier\/"}]}},"views":0,"_links":{"self":[{"href":"https:\/\/www.sebastien-auziere.fr\/blog\/wp-json\/wp\/v2\/posts\/3412","targetHints":{"allow":["GET"]}}],"collection":[{"href":"https:\/\/www.sebastien-auziere.fr\/blog\/wp-json\/wp\/v2\/posts"}],"about":[{"href":"https:\/\/www.sebastien-auziere.fr\/blog\/wp-json\/wp\/v2\/types\/post"}],"author":[{"embeddable":true,"href":"https:\/\/www.sebastien-auziere.fr\/blog\/wp-json\/wp\/v2\/users\/9"}],"replies":[{"embeddable":true,"href":"https:\/\/www.sebastien-auziere.fr\/blog\/wp-json\/wp\/v2\/comments?post=3412"}],"version-history":[{"count":1,"href":"https:\/\/www.sebastien-auziere.fr\/blog\/wp-json\/wp\/v2\/posts\/3412\/revisions"}],"predecessor-version":[{"id":3413,"href":"https:\/\/www.sebastien-auziere.fr\/blog\/wp-json\/wp\/v2\/posts\/3412\/revisions\/3413"}],"wp:featuredmedia":[{"embeddable":true,"href":"https:\/\/www.sebastien-auziere.fr\/blog\/wp-json\/wp\/v2\/media\/3410"}],"wp:attachment":[{"href":"https:\/\/www.sebastien-auziere.fr\/blog\/wp-json\/wp\/v2\/media?parent=3412"}],"wp:term":[{"taxonomy":"category","embeddable":true,"href":"https:\/\/www.sebastien-auziere.fr\/blog\/wp-json\/wp\/v2\/categories?post=3412"},{"taxonomy":"post_tag","embeddable":true,"href":"https:\/\/www.sebastien-auziere.fr\/blog\/wp-json\/wp\/v2\/tags?post=3412"}],"curies":[{"name":"wp","href":"https:\/\/api.w.org\/{rel}","templated":true}]}}