{"id":3411,"date":"2026-04-28T19:20:14","date_gmt":"2026-04-28T19:20:14","guid":{"rendered":"https:\/\/www.sebastien-auziere.fr\/blog\/brigitte-macron-elysee\/"},"modified":"2026-04-28T19:20:14","modified_gmt":"2026-04-28T19:20:14","slug":"brigitte-macron-elysee","status":"publish","type":"post","link":"https:\/\/www.sebastien-auziere.fr\/blog\/brigitte-macron-elysee\/","title":{"rendered":"Brigitte Macron d\u00e9voile les coulisses de son quotidien \u00e0 l&rsquo;\u00c9lys\u00e9e et les lourdeurs du pouvoir : \u00ab C\u2019est d\u2019une ind\u00e9cence\u2026 \u00bb"},"content":{"rendered":"<p><strong>Brigitte Macron<\/strong> a choisi la franchise: apr\u00e8s pr\u00e8s d&rsquo;une d\u00e9cennie \u00e0 l&rsquo;<strong>\u00c9lys\u00e9e<\/strong>, elle confie la duret\u00e9 de son <strong>quotidien<\/strong> et la \u00ab <strong>noirceur<\/strong> du monde \u00bb qu&rsquo;elle y a d\u00e9couverte. Ces confidences, publi\u00e9es dans La Tribune Dimanche, \u00e9voquent le cyberharc\u00e8lement, la fatigue morale et la difficult\u00e9 de concilier vie priv\u00e9e et devoir de repr\u00e9sentation.<\/p>\n\n<p><strong>En bref<\/strong> : Brigitte Macron parle de tristesse in\u00e9dite, de campagnes de d\u00e9nigrement en ligne condamn\u00e9es par la justice en janvier, et interroge la place et la <strong>transparence<\/strong> de la fonction de Premi\u00e8re dame.<\/p>\n\n<h2 class=\"wp-block-heading\">Les coulisses d&rsquo;un <strong>quotidien<\/strong> \u00e9prouvant \u00e0 l&rsquo;<strong>\u00c9lys\u00e9e<\/strong><\/h2>\n\n<p>Tu d\u00e9couvres ici les aspects humains du r\u00f4le de Premi\u00e8re dame: entre rendez-vous officiels, gestes diplomatiques et vie familiale bouscul\u00e9e, Brigitte Macron d\u00e9crit une intensit\u00e9 qui n&rsquo;\u00e9pargne personne. Elle \u00e9voque avoir vu \u00ab la b\u00eatise, la m\u00e9chancet\u00e9 \u00bb et admet que \u00ab <strong>il m\u2019est parfois difficile de voir le ciel bleu<\/strong> \u00bb, propos relay\u00e9s par plusieurs m\u00e9dias nationaux.<\/p>\n\n<p>Ce t\u00e9moignage ancre la r\u00e9alit\u00e9 du pouvoir dans l&rsquo;\u00e9motion et rappelle que l&rsquo;image publique cache des lourdeurs quotidiennes. C&rsquo;est un \u00e9clairage pr\u00e9cieux sur la <strong>pr\u00e9sidence<\/strong> en pratique.<\/p>\n\n<h3 class=\"wp-block-heading\">La violence du cyberharc\u00e8lement et ses r\u00e9percussions<\/h3>\n\n<p>Depuis 2017, les campagnes de haine ont vis\u00e9 le couple pr\u00e9sidentiel; des condamnations ont suivi en janvier 2026 pour plusieurs fauteurs de trouble. Brigitte Macron raconte l&rsquo;impact direct de ces rumeurs sur son moral et son entourage, poussant le couple \u00e0 porter plainte en France et aux \u00c9tats-Unis.<\/p>\n\n<p>Ce rappel judiciaire montre que la <strong>vie politique<\/strong> moderne implique aussi une lutte juridique contre la d\u00e9sinformation. L&rsquo;effet reste profond et durable.<\/p>\n\n<h2 class=\"wp-block-heading\">D\u00e9bat public : empathie, critique et accusation d&rsquo;<strong>ind\u00e9cence<\/strong><\/h2>\n\n<p>Les r\u00e9actions ont \u00e9t\u00e9 vives: certains m\u00e9dias saluent la sinc\u00e9rit\u00e9 et la <strong>transparence<\/strong>, d&rsquo;autres d\u00e9noncent une forme d&rsquo;\u00ab <strong>ind\u00e9cence<\/strong> \u00bb face aux difficult\u00e9s sociales du pays. Yael Mellul et Charles Consigny ont rappel\u00e9 que la recherche du pouvoir s&rsquo;accompagne in\u00e9vitablement d&rsquo;une exposition accrue.<\/p>\n\n<p>Ce partage met en lumi\u00e8re la tension entre compr\u00e9hension humaine et exigence politique. L&rsquo;opinion reste divis\u00e9e, mais le d\u00e9bat souligne une r\u00e9alit\u00e9 institutionnelle souvent oubli\u00e9e.<\/p>\n\n<h3 class=\"wp-block-heading\">Une lecture humanis\u00e9e de la fonction et ses cons\u00e9quences<\/h3>\n\n<p>Pour illustrer, imagine Camille, b\u00e9n\u00e9vole dans une association parisienne, t\u00e9moin des deux r\u00e9alit\u00e9s: la compassion pour la souffrance d&rsquo;une \u00e9pouse expos\u00e9e et la col\u00e8re des citoyens en difficult\u00e9. Ce parall\u00e8le aide \u00e0 comprendre pourquoi les propos de Brigitte Macron suscitent tant d&rsquo;\u00e9motions.<\/p>\n\n<p>Le constat final est net: la <strong>pr\u00e9sidence<\/strong> est une sc\u00e8ne publique o\u00f9 la vie priv\u00e9e se heurte aux lourdeurs du pouvoir.<\/p>\n\n<p>Pour en savoir plus sur les confidences de Brigitte Macron, leurs enjeux et le contexte familial, consulte les dossiers d\u00e9taill\u00e9s et les analyses publi\u00e9s ici: <a href=\"https:\/\/www.lemonde.fr\/politique\/article\/2026\/04\/26\/brigitte-macron-se-confie-sur-ses-annees-passees-a-l-elysee-et-affirme-y-avoir-vu-la-noirceur-du-monde-la-betise-la-mechancete_6683439_823448.html\">Le Monde<\/a> et le r\u00e9cit complet dans <a href=\"https:\/\/www.leparisien.fr\/politique\/je-suis-parfois-triste-comme-jamais-je-ne-lavais-ete-brigitte-macron-se-confie-sur-ses-neuf-annees-a-lelysee-25-04-2026-2SUGOK4MHJABTK6R7MMOVDVN4I.php\">Le Parisien<\/a>.<\/p>\n\n<p>Pour explorer davantage la vie \u00e0 l&rsquo;<strong>\u00c9lys\u00e9e<\/strong>, les <strong>coulisses<\/strong> et les \u00e9preuves v\u00e9cues par la famille, rends-toi sur <a href=\"https:\/\/www.sebastien-auziere.fr\/blog\/brigitte-macron-epreuves-elysee\/\">les portraits et analyses<\/a> et d\u00e9couvre des \u00e9clairages compl\u00e9mentaires sur <a href=\"https:\/\/www.sebastien-auziere.fr\/blog\/brigitte-macron-tristesse\/\">la tristesse \u00e9voqu\u00e9e par Brigitte Macron<\/a>. Ces pages offrent une plong\u00e9e document\u00e9e et respectueuse pour mieux comprendre les lourdeurs du <strong>pouvoir<\/strong>.<\/p>\n\n","protected":false},"excerpt":{"rendered":"<p>Brigitte Macron a choisi la franchise: apr\u00e8s pr\u00e8s d&rsquo;une d\u00e9cennie \u00e0 l&rsquo;\u00c9lys\u00e9e, elle confie la duret\u00e9 de son quotidien et la \u00ab noirceur du monde \u00bb qu&rsquo;elle y a d\u00e9couverte. Ces confidences, publi\u00e9es dans La Tribune Dimanche, \u00e9voquent le cyberharc\u00e8lement, la fatigue morale et la difficult\u00e9 de concilier vie priv\u00e9e et devoir de repr\u00e9sentation. En &#8230; <a title=\"Brigitte Macron d\u00e9voile les coulisses de son quotidien \u00e0 l&rsquo;\u00c9lys\u00e9e et les lourdeurs du pouvoir : \u00ab C\u2019est d\u2019une ind\u00e9cence\u2026 \u00bb\" class=\"read-more\" href=\"https:\/\/www.sebastien-auziere.fr\/blog\/brigitte-macron-elysee\/\" aria-label=\"En savoir plus sur Brigitte Macron d\u00e9voile les coulisses de son quotidien \u00e0 l&rsquo;\u00c9lys\u00e9e et les lourdeurs du pouvoir : \u00ab C\u2019est d\u2019une ind\u00e9cence\u2026 \u00bb\">Lire plus<\/a><\/p>\n","protected":false},"author":9,"featured_media":3410,"comment_status":"open","ping_status":"open","sticky":false,"template":"","format":"standard","meta":{"footnotes":""},"categories":[597],"tags":[892,4650,4654,4648,4652],"class_list":["post-3411","post","type-post","status-publish","format-standard","has-post-thumbnail","hentry","category-actualites","tag-brigitte-macron","tag-coulisses-du-pouvoir","tag-lourdeurs-du-pouvoir","tag-quotidien-a-lelysee","tag-vie-a-lelysee"],"yoast_head":"<!-- This site is optimized with the Yoast SEO plugin v27.5 - https:\/\/yoast.com\/product\/yoast-seo-wordpress\/ -->\n<title>Brigitte Macron d\u00e9voile les coulisses de son quotidien \u00e0 l&#039;\u00c9lys\u00e9e et les lourdeurs du pouvoir : \u00ab C\u2019est d\u2019une ind\u00e9cence\u2026 \u00bb - Fan site S\u00e9bastien Auzi\u00e8re<\/title>\n<meta name=\"description\" content=\"Brigitte Macron r\u00e9v\u00e8le les coulisses de son quotidien \u00e0 l&#039;\u00c9lys\u00e9e et les d\u00e9fis du pouvoir : \u00ab C\u2019est d\u2019une ind\u00e9cence\u2026 \u00bb \u00e0 d\u00e9couvrir ici.\" \/>\n<meta name=\"robots\" content=\"index, follow, max-snippet:-1, max-image-preview:large, max-video-preview:-1\" \/>\n<link rel=\"canonical\" href=\"https:\/\/www.sebastien-auziere.fr\/blog\/brigitte-macron-elysee\/\" \/>\n<meta property=\"og:locale\" content=\"fr_FR\" \/>\n<meta property=\"og:type\" content=\"article\" \/>\n<meta property=\"og:title\" content=\"Brigitte Macron d\u00e9voile les coulisses de son quotidien \u00e0 l&#039;\u00c9lys\u00e9e et les lourdeurs du pouvoir : \u00ab C\u2019est d\u2019une ind\u00e9cence\u2026 \u00bb - Fan site S\u00e9bastien Auzi\u00e8re\" \/>\n<meta property=\"og:description\" content=\"Brigitte Macron r\u00e9v\u00e8le les coulisses de son quotidien \u00e0 l&#039;\u00c9lys\u00e9e et les d\u00e9fis du pouvoir : \u00ab C\u2019est d\u2019une ind\u00e9cence\u2026 \u00bb \u00e0 d\u00e9couvrir ici.\" \/>\n<meta property=\"og:url\" content=\"https:\/\/www.sebastien-auziere.fr\/blog\/brigitte-macron-elysee\/\" \/>\n<meta property=\"og:site_name\" content=\"Fan site S\u00e9bastien Auzi\u00e8re\" \/>\n<meta property=\"article:published_time\" content=\"2026-04-28T19:20:14+00:00\" \/>\n<meta property=\"og:image\" content=\"https:\/\/www.sebastien-auziere.fr\/blog\/wp-content\/uploads\/2026\/04\/Brigitte-Macron-devoile-les-coulisses-de-son-quotidien-a-lElysee-et-les-lourdeurs-du-pouvoir-Cest-dune-indecence\u2026-.jpg\" \/>\n\t<meta property=\"og:image:width\" content=\"2560\" \/>\n\t<meta property=\"og:image:height\" content=\"1429\" \/>\n\t<meta property=\"og:image:type\" content=\"image\/jpeg\" \/>\n<meta name=\"author\" content=\"Chloe Gauthier\" \/>\n<meta name=\"twitter:card\" content=\"summary_large_image\" \/>\n<meta name=\"twitter:label1\" content=\"\u00c9crit par\" \/>\n\t<meta name=\"twitter:data1\" content=\"Chloe Gauthier\" \/>\n\t<meta name=\"twitter:label2\" content=\"Dur\u00e9e de lecture estim\u00e9e\" \/>\n\t<meta name=\"twitter:data2\" content=\"3 minutes\" \/>\n<script type=\"application\/ld+json\" class=\"yoast-schema-graph\">{\"@context\":\"https:\\\/\\\/schema.org\",\"@graph\":[{\"@type\":\"Article\",\"@id\":\"https:\\\/\\\/www.sebastien-auziere.fr\\\/blog\\\/brigitte-macron-elysee\\\/#article\",\"isPartOf\":{\"@id\":\"https:\\\/\\\/www.sebastien-auziere.fr\\\/blog\\\/brigitte-macron-elysee\\\/\"},\"author\":{\"name\":\"Chloe Gauthier\",\"@id\":\"https:\\\/\\\/www.sebastien-auziere.fr\\\/blog\\\/#\\\/schema\\\/person\\\/149f1acdbfd85149c6c3e59adeae2f4d\"},\"headline\":\"Brigitte Macron d\u00e9voile les coulisses de son quotidien \u00e0 l&rsquo;\u00c9lys\u00e9e et les lourdeurs du pouvoir : \u00ab C\u2019est d\u2019une ind\u00e9cence\u2026 \u00bb\",\"datePublished\":\"2026-04-28T19:20:14+00:00\",\"mainEntityOfPage\":{\"@id\":\"https:\\\/\\\/www.sebastien-auziere.fr\\\/blog\\\/brigitte-macron-elysee\\\/\"},\"wordCount\":572,\"commentCount\":0,\"publisher\":{\"@id\":\"https:\\\/\\\/www.sebastien-auziere.fr\\\/blog\\\/#organization\"},\"image\":{\"@id\":\"https:\\\/\\\/www.sebastien-auziere.fr\\\/blog\\\/brigitte-macron-elysee\\\/#primaryimage\"},\"thumbnailUrl\":\"https:\\\/\\\/www.sebastien-auziere.fr\\\/blog\\\/wp-content\\\/uploads\\\/2026\\\/04\\\/Brigitte-Macron-devoile-les-coulisses-de-son-quotidien-a-lElysee-et-les-lourdeurs-du-pouvoir-Cest-dune-indecence\u2026-.jpg\",\"keywords\":[\"brigitte macron\",\"coulisses du pouvoir\",\"lourdeurs du pouvoir\",\"quotidien \u00e0 l'\u00e9lys\u00e9e\",\"vie \u00e0 l'\u00e9lys\u00e9e\"],\"articleSection\":[\"Actualit\u00e9s\"],\"inLanguage\":\"fr-FR\",\"potentialAction\":[{\"@type\":\"CommentAction\",\"name\":\"Comment\",\"target\":[\"https:\\\/\\\/www.sebastien-auziere.fr\\\/blog\\\/brigitte-macron-elysee\\\/#respond\"]}]},{\"@type\":\"WebPage\",\"@id\":\"https:\\\/\\\/www.sebastien-auziere.fr\\\/blog\\\/brigitte-macron-elysee\\\/\",\"url\":\"https:\\\/\\\/www.sebastien-auziere.fr\\\/blog\\\/brigitte-macron-elysee\\\/\",\"name\":\"Brigitte Macron d\u00e9voile les coulisses de son quotidien \u00e0 l'\u00c9lys\u00e9e et les lourdeurs du pouvoir : \u00ab C\u2019est d\u2019une ind\u00e9cence\u2026 \u00bb - Fan site S\u00e9bastien Auzi\u00e8re\",\"isPartOf\":{\"@id\":\"https:\\\/\\\/www.sebastien-auziere.fr\\\/blog\\\/#website\"},\"primaryImageOfPage\":{\"@id\":\"https:\\\/\\\/www.sebastien-auziere.fr\\\/blog\\\/brigitte-macron-elysee\\\/#primaryimage\"},\"image\":{\"@id\":\"https:\\\/\\\/www.sebastien-auziere.fr\\\/blog\\\/brigitte-macron-elysee\\\/#primaryimage\"},\"thumbnailUrl\":\"https:\\\/\\\/www.sebastien-auziere.fr\\\/blog\\\/wp-content\\\/uploads\\\/2026\\\/04\\\/Brigitte-Macron-devoile-les-coulisses-de-son-quotidien-a-lElysee-et-les-lourdeurs-du-pouvoir-Cest-dune-indecence\u2026-.jpg\",\"datePublished\":\"2026-04-28T19:20:14+00:00\",\"description\":\"Brigitte Macron r\u00e9v\u00e8le les coulisses de son quotidien \u00e0 l'\u00c9lys\u00e9e et les d\u00e9fis du pouvoir : \u00ab C\u2019est d\u2019une ind\u00e9cence\u2026 \u00bb \u00e0 d\u00e9couvrir ici.\",\"breadcrumb\":{\"@id\":\"https:\\\/\\\/www.sebastien-auziere.fr\\\/blog\\\/brigitte-macron-elysee\\\/#breadcrumb\"},\"inLanguage\":\"fr-FR\",\"potentialAction\":[{\"@type\":\"ReadAction\",\"target\":[\"https:\\\/\\\/www.sebastien-auziere.fr\\\/blog\\\/brigitte-macron-elysee\\\/\"]}]},{\"@type\":\"ImageObject\",\"inLanguage\":\"fr-FR\",\"@id\":\"https:\\\/\\\/www.sebastien-auziere.fr\\\/blog\\\/brigitte-macron-elysee\\\/#primaryimage\",\"url\":\"https:\\\/\\\/www.sebastien-auziere.fr\\\/blog\\\/wp-content\\\/uploads\\\/2026\\\/04\\\/Brigitte-Macron-devoile-les-coulisses-de-son-quotidien-a-lElysee-et-les-lourdeurs-du-pouvoir-Cest-dune-indecence\u2026-.jpg\",\"contentUrl\":\"https:\\\/\\\/www.sebastien-auziere.fr\\\/blog\\\/wp-content\\\/uploads\\\/2026\\\/04\\\/Brigitte-Macron-devoile-les-coulisses-de-son-quotidien-a-lElysee-et-les-lourdeurs-du-pouvoir-Cest-dune-indecence\u2026-.jpg\",\"width\":2560,\"height\":1429,\"caption\":\"brigitte macron r\u00e9v\u00e8le les coulisses de son quotidien \u00e0 l'\u00e9lys\u00e9e et partage ses r\u00e9flexions sur les lourdeurs du pouvoir, \u00e9voquant une situation qualifi\u00e9e d'ind\u00e9cence.\"},{\"@type\":\"BreadcrumbList\",\"@id\":\"https:\\\/\\\/www.sebastien-auziere.fr\\\/blog\\\/brigitte-macron-elysee\\\/#breadcrumb\",\"itemListElement\":[{\"@type\":\"ListItem\",\"position\":1,\"name\":\"Home\",\"item\":\"https:\\\/\\\/www.sebastien-auziere.fr\\\/blog\\\/\"},{\"@type\":\"ListItem\",\"position\":2,\"name\":\"Brigitte Macron d\u00e9voile les coulisses de son quotidien \u00e0 l&rsquo;\u00c9lys\u00e9e et les lourdeurs du pouvoir : \u00ab C\u2019est d\u2019une ind\u00e9cence\u2026 \u00bb\"}]},{\"@type\":\"WebSite\",\"@id\":\"https:\\\/\\\/www.sebastien-auziere.fr\\\/blog\\\/#website\",\"url\":\"https:\\\/\\\/www.sebastien-auziere.fr\\\/blog\\\/\",\"name\":\"Fan site S\u00e9bastien Auzi\u00e8re\",\"description\":\"M\u00e9dia g\u00e9n\u00e9raliste\",\"publisher\":{\"@id\":\"https:\\\/\\\/www.sebastien-auziere.fr\\\/blog\\\/#organization\"},\"potentialAction\":[{\"@type\":\"SearchAction\",\"target\":{\"@type\":\"EntryPoint\",\"urlTemplate\":\"https:\\\/\\\/www.sebastien-auziere.fr\\\/blog\\\/?s={search_term_string}\"},\"query-input\":{\"@type\":\"PropertyValueSpecification\",\"valueRequired\":true,\"valueName\":\"search_term_string\"}}],\"inLanguage\":\"fr-FR\"},{\"@type\":\"Organization\",\"@id\":\"https:\\\/\\\/www.sebastien-auziere.fr\\\/blog\\\/#organization\",\"name\":\"Fan site S\u00e9bastien Auzi\u00e8re\",\"url\":\"https:\\\/\\\/www.sebastien-auziere.fr\\\/blog\\\/\",\"logo\":{\"@type\":\"ImageObject\",\"inLanguage\":\"fr-FR\",\"@id\":\"https:\\\/\\\/www.sebastien-auziere.fr\\\/blog\\\/#\\\/schema\\\/logo\\\/image\\\/\",\"url\":\"https:\\\/\\\/www.sebastien-auziere.fr\\\/blog\\\/wp-content\\\/uploads\\\/2026\\\/03\\\/cropped-cropped-cropped-ChatGPT-Image-6-mars-2026-12_58_09-e1772798376794.jpg\",\"contentUrl\":\"https:\\\/\\\/www.sebastien-auziere.fr\\\/blog\\\/wp-content\\\/uploads\\\/2026\\\/03\\\/cropped-cropped-cropped-ChatGPT-Image-6-mars-2026-12_58_09-e1772798376794.jpg\",\"width\":512,\"height\":360,\"caption\":\"Fan site S\u00e9bastien Auzi\u00e8re\"},\"image\":{\"@id\":\"https:\\\/\\\/www.sebastien-auziere.fr\\\/blog\\\/#\\\/schema\\\/logo\\\/image\\\/\"}},{\"@type\":\"Person\",\"@id\":\"https:\\\/\\\/www.sebastien-auziere.fr\\\/blog\\\/#\\\/schema\\\/person\\\/149f1acdbfd85149c6c3e59adeae2f4d\",\"name\":\"Chloe Gauthier\",\"image\":{\"@type\":\"ImageObject\",\"inLanguage\":\"fr-FR\",\"@id\":\"https:\\\/\\\/secure.gravatar.com\\\/avatar\\\/2c5722f58171cff738a8985ef0dd66b476e563753246a49019befc837ec4201a?s=96&d=mm&r=g\",\"url\":\"https:\\\/\\\/secure.gravatar.com\\\/avatar\\\/2c5722f58171cff738a8985ef0dd66b476e563753246a49019befc837ec4201a?s=96&d=mm&r=g\",\"contentUrl\":\"https:\\\/\\\/secure.gravatar.com\\\/avatar\\\/2c5722f58171cff738a8985ef0dd66b476e563753246a49019befc837ec4201a?s=96&d=mm&r=g\",\"caption\":\"Chloe Gauthier\"},\"description\":\"Passionn\u00e9e par la politique et admiratrice engag\u00e9e de la famille Macron, je consacre mon \u00e9nergie \u00e0 suivre leurs initiatives et \u00e0 promouvoir leurs id\u00e9es. \u00c0 32 ans, je suis convaincue que leur vision est porteuse d'avenir.\",\"url\":\"https:\\\/\\\/www.sebastien-auziere.fr\\\/blog\\\/author\\\/chloe-gauthier\\\/\"}]}<\/script>\n<!-- \/ Yoast SEO plugin. -->","yoast_head_json":{"title":"Brigitte Macron d\u00e9voile les coulisses de son quotidien \u00e0 l'\u00c9lys\u00e9e et les lourdeurs du pouvoir : \u00ab C\u2019est d\u2019une ind\u00e9cence\u2026 \u00bb - Fan site S\u00e9bastien Auzi\u00e8re","description":"Brigitte Macron r\u00e9v\u00e8le les coulisses de son quotidien \u00e0 l'\u00c9lys\u00e9e et les d\u00e9fis du pouvoir : \u00ab C\u2019est d\u2019une ind\u00e9cence\u2026 \u00bb \u00e0 d\u00e9couvrir ici.","robots":{"index":"index","follow":"follow","max-snippet":"max-snippet:-1","max-image-preview":"max-image-preview:large","max-video-preview":"max-video-preview:-1"},"canonical":"https:\/\/www.sebastien-auziere.fr\/blog\/brigitte-macron-elysee\/","og_locale":"fr_FR","og_type":"article","og_title":"Brigitte Macron d\u00e9voile les coulisses de son quotidien \u00e0 l'\u00c9lys\u00e9e et les lourdeurs du pouvoir : \u00ab C\u2019est d\u2019une ind\u00e9cence\u2026 \u00bb - Fan site S\u00e9bastien Auzi\u00e8re","og_description":"Brigitte Macron r\u00e9v\u00e8le les coulisses de son quotidien \u00e0 l'\u00c9lys\u00e9e et les d\u00e9fis du pouvoir : \u00ab C\u2019est d\u2019une ind\u00e9cence\u2026 \u00bb \u00e0 d\u00e9couvrir ici.","og_url":"https:\/\/www.sebastien-auziere.fr\/blog\/brigitte-macron-elysee\/","og_site_name":"Fan site S\u00e9bastien Auzi\u00e8re","article_published_time":"2026-04-28T19:20:14+00:00","og_image":[{"width":2560,"height":1429,"url":"https:\/\/www.sebastien-auziere.fr\/blog\/wp-content\/uploads\/2026\/04\/Brigitte-Macron-devoile-les-coulisses-de-son-quotidien-a-lElysee-et-les-lourdeurs-du-pouvoir-Cest-dune-indecence\u2026-.jpg","type":"image\/jpeg"}],"author":"Chloe Gauthier","twitter_card":"summary_large_image","twitter_misc":{"\u00c9crit par":"Chloe Gauthier","Dur\u00e9e de lecture estim\u00e9e":"3 minutes"},"schema":{"@context":"https:\/\/schema.org","@graph":[{"@type":"Article","@id":"https:\/\/www.sebastien-auziere.fr\/blog\/brigitte-macron-elysee\/#article","isPartOf":{"@id":"https:\/\/www.sebastien-auziere.fr\/blog\/brigitte-macron-elysee\/"},"author":{"name":"Chloe Gauthier","@id":"https:\/\/www.sebastien-auziere.fr\/blog\/#\/schema\/person\/149f1acdbfd85149c6c3e59adeae2f4d"},"headline":"Brigitte Macron d\u00e9voile les coulisses de son quotidien \u00e0 l&rsquo;\u00c9lys\u00e9e et les lourdeurs du pouvoir : \u00ab C\u2019est d\u2019une ind\u00e9cence\u2026 \u00bb","datePublished":"2026-04-28T19:20:14+00:00","mainEntityOfPage":{"@id":"https:\/\/www.sebastien-auziere.fr\/blog\/brigitte-macron-elysee\/"},"wordCount":572,"commentCount":0,"publisher":{"@id":"https:\/\/www.sebastien-auziere.fr\/blog\/#organization"},"image":{"@id":"https:\/\/www.sebastien-auziere.fr\/blog\/brigitte-macron-elysee\/#primaryimage"},"thumbnailUrl":"https:\/\/www.sebastien-auziere.fr\/blog\/wp-content\/uploads\/2026\/04\/Brigitte-Macron-devoile-les-coulisses-de-son-quotidien-a-lElysee-et-les-lourdeurs-du-pouvoir-Cest-dune-indecence\u2026-.jpg","keywords":["brigitte macron","coulisses du pouvoir","lourdeurs du pouvoir","quotidien \u00e0 l'\u00e9lys\u00e9e","vie \u00e0 l'\u00e9lys\u00e9e"],"articleSection":["Actualit\u00e9s"],"inLanguage":"fr-FR","potentialAction":[{"@type":"CommentAction","name":"Comment","target":["https:\/\/www.sebastien-auziere.fr\/blog\/brigitte-macron-elysee\/#respond"]}]},{"@type":"WebPage","@id":"https:\/\/www.sebastien-auziere.fr\/blog\/brigitte-macron-elysee\/","url":"https:\/\/www.sebastien-auziere.fr\/blog\/brigitte-macron-elysee\/","name":"Brigitte Macron d\u00e9voile les coulisses de son quotidien \u00e0 l'\u00c9lys\u00e9e et les lourdeurs du pouvoir : \u00ab C\u2019est d\u2019une ind\u00e9cence\u2026 \u00bb - Fan site S\u00e9bastien Auzi\u00e8re","isPartOf":{"@id":"https:\/\/www.sebastien-auziere.fr\/blog\/#website"},"primaryImageOfPage":{"@id":"https:\/\/www.sebastien-auziere.fr\/blog\/brigitte-macron-elysee\/#primaryimage"},"image":{"@id":"https:\/\/www.sebastien-auziere.fr\/blog\/brigitte-macron-elysee\/#primaryimage"},"thumbnailUrl":"https:\/\/www.sebastien-auziere.fr\/blog\/wp-content\/uploads\/2026\/04\/Brigitte-Macron-devoile-les-coulisses-de-son-quotidien-a-lElysee-et-les-lourdeurs-du-pouvoir-Cest-dune-indecence\u2026-.jpg","datePublished":"2026-04-28T19:20:14+00:00","description":"Brigitte Macron r\u00e9v\u00e8le les coulisses de son quotidien \u00e0 l'\u00c9lys\u00e9e et les d\u00e9fis du pouvoir : \u00ab C\u2019est d\u2019une ind\u00e9cence\u2026 \u00bb \u00e0 d\u00e9couvrir ici.","breadcrumb":{"@id":"https:\/\/www.sebastien-auziere.fr\/blog\/brigitte-macron-elysee\/#breadcrumb"},"inLanguage":"fr-FR","potentialAction":[{"@type":"ReadAction","target":["https:\/\/www.sebastien-auziere.fr\/blog\/brigitte-macron-elysee\/"]}]},{"@type":"ImageObject","inLanguage":"fr-FR","@id":"https:\/\/www.sebastien-auziere.fr\/blog\/brigitte-macron-elysee\/#primaryimage","url":"https:\/\/www.sebastien-auziere.fr\/blog\/wp-content\/uploads\/2026\/04\/Brigitte-Macron-devoile-les-coulisses-de-son-quotidien-a-lElysee-et-les-lourdeurs-du-pouvoir-Cest-dune-indecence\u2026-.jpg","contentUrl":"https:\/\/www.sebastien-auziere.fr\/blog\/wp-content\/uploads\/2026\/04\/Brigitte-Macron-devoile-les-coulisses-de-son-quotidien-a-lElysee-et-les-lourdeurs-du-pouvoir-Cest-dune-indecence\u2026-.jpg","width":2560,"height":1429,"caption":"brigitte macron r\u00e9v\u00e8le les coulisses de son quotidien \u00e0 l'\u00e9lys\u00e9e et partage ses r\u00e9flexions sur les lourdeurs du pouvoir, \u00e9voquant une situation qualifi\u00e9e d'ind\u00e9cence."},{"@type":"BreadcrumbList","@id":"https:\/\/www.sebastien-auziere.fr\/blog\/brigitte-macron-elysee\/#breadcrumb","itemListElement":[{"@type":"ListItem","position":1,"name":"Home","item":"https:\/\/www.sebastien-auziere.fr\/blog\/"},{"@type":"ListItem","position":2,"name":"Brigitte Macron d\u00e9voile les coulisses de son quotidien \u00e0 l&rsquo;\u00c9lys\u00e9e et les lourdeurs du pouvoir : \u00ab C\u2019est d\u2019une ind\u00e9cence\u2026 \u00bb"}]},{"@type":"WebSite","@id":"https:\/\/www.sebastien-auziere.fr\/blog\/#website","url":"https:\/\/www.sebastien-auziere.fr\/blog\/","name":"Fan site S\u00e9bastien Auzi\u00e8re","description":"M\u00e9dia g\u00e9n\u00e9raliste","publisher":{"@id":"https:\/\/www.sebastien-auziere.fr\/blog\/#organization"},"potentialAction":[{"@type":"SearchAction","target":{"@type":"EntryPoint","urlTemplate":"https:\/\/www.sebastien-auziere.fr\/blog\/?s={search_term_string}"},"query-input":{"@type":"PropertyValueSpecification","valueRequired":true,"valueName":"search_term_string"}}],"inLanguage":"fr-FR"},{"@type":"Organization","@id":"https:\/\/www.sebastien-auziere.fr\/blog\/#organization","name":"Fan site S\u00e9bastien Auzi\u00e8re","url":"https:\/\/www.sebastien-auziere.fr\/blog\/","logo":{"@type":"ImageObject","inLanguage":"fr-FR","@id":"https:\/\/www.sebastien-auziere.fr\/blog\/#\/schema\/logo\/image\/","url":"https:\/\/www.sebastien-auziere.fr\/blog\/wp-content\/uploads\/2026\/03\/cropped-cropped-cropped-ChatGPT-Image-6-mars-2026-12_58_09-e1772798376794.jpg","contentUrl":"https:\/\/www.sebastien-auziere.fr\/blog\/wp-content\/uploads\/2026\/03\/cropped-cropped-cropped-ChatGPT-Image-6-mars-2026-12_58_09-e1772798376794.jpg","width":512,"height":360,"caption":"Fan site S\u00e9bastien Auzi\u00e8re"},"image":{"@id":"https:\/\/www.sebastien-auziere.fr\/blog\/#\/schema\/logo\/image\/"}},{"@type":"Person","@id":"https:\/\/www.sebastien-auziere.fr\/blog\/#\/schema\/person\/149f1acdbfd85149c6c3e59adeae2f4d","name":"Chloe Gauthier","image":{"@type":"ImageObject","inLanguage":"fr-FR","@id":"https:\/\/secure.gravatar.com\/avatar\/2c5722f58171cff738a8985ef0dd66b476e563753246a49019befc837ec4201a?s=96&d=mm&r=g","url":"https:\/\/secure.gravatar.com\/avatar\/2c5722f58171cff738a8985ef0dd66b476e563753246a49019befc837ec4201a?s=96&d=mm&r=g","contentUrl":"https:\/\/secure.gravatar.com\/avatar\/2c5722f58171cff738a8985ef0dd66b476e563753246a49019befc837ec4201a?s=96&d=mm&r=g","caption":"Chloe Gauthier"},"description":"Passionn\u00e9e par la politique et admiratrice engag\u00e9e de la famille Macron, je consacre mon \u00e9nergie \u00e0 suivre leurs initiatives et \u00e0 promouvoir leurs id\u00e9es. \u00c0 32 ans, je suis convaincue que leur vision est porteuse d'avenir.","url":"https:\/\/www.sebastien-auziere.fr\/blog\/author\/chloe-gauthier\/"}]}},"views":1,"_links":{"self":[{"href":"https:\/\/www.sebastien-auziere.fr\/blog\/wp-json\/wp\/v2\/posts\/3411","targetHints":{"allow":["GET"]}}],"collection":[{"href":"https:\/\/www.sebastien-auziere.fr\/blog\/wp-json\/wp\/v2\/posts"}],"about":[{"href":"https:\/\/www.sebastien-auziere.fr\/blog\/wp-json\/wp\/v2\/types\/post"}],"author":[{"embeddable":true,"href":"https:\/\/www.sebastien-auziere.fr\/blog\/wp-json\/wp\/v2\/users\/9"}],"replies":[{"embeddable":true,"href":"https:\/\/www.sebastien-auziere.fr\/blog\/wp-json\/wp\/v2\/comments?post=3411"}],"version-history":[{"count":0,"href":"https:\/\/www.sebastien-auziere.fr\/blog\/wp-json\/wp\/v2\/posts\/3411\/revisions"}],"wp:featuredmedia":[{"embeddable":true,"href":"https:\/\/www.sebastien-auziere.fr\/blog\/wp-json\/wp\/v2\/media\/3410"}],"wp:attachment":[{"href":"https:\/\/www.sebastien-auziere.fr\/blog\/wp-json\/wp\/v2\/media?parent=3411"}],"wp:term":[{"taxonomy":"category","embeddable":true,"href":"https:\/\/www.sebastien-auziere.fr\/blog\/wp-json\/wp\/v2\/categories?post=3411"},{"taxonomy":"post_tag","embeddable":true,"href":"https:\/\/www.sebastien-auziere.fr\/blog\/wp-json\/wp\/v2\/tags?post=3411"}],"curies":[{"name":"wp","href":"https:\/\/api.w.org\/{rel}","templated":true}]}}