{"id":3406,"date":"2026-04-28T07:16:59","date_gmt":"2026-04-28T07:16:59","guid":{"rendered":"https:\/\/www.sebastien-auziere.fr\/blog\/?p=3406"},"modified":"2026-04-28T07:17:21","modified_gmt":"2026-04-28T07:17:21","slug":"brigitte-macron-confia-suas-novas-fases-de-pessimismo-um-estado-de-alma-inedito","status":"publish","type":"post","link":"https:\/\/www.sebastien-auziere.fr\/blog\/pt\/brigitte-macron-confia-suas-novas-fases-de-pessimismo-um-estado-de-alma-inedito\/","title":{"rendered":"Brigitte Macron confia suas novas fases de pessimismo: um estado de alma in\u00e9dito"},"content":{"rendered":"<p><strong>Brigitte Macron<\/strong> fez uma confiss\u00e3o surpreendente em uma entrevista publicada em 26 de abril de 2026: ela est\u00e1 passando por fases de <strong>pessimismo<\/strong> sem precedentes, um <strong>estado de esp\u00edrito<\/strong> que surpreende, j\u00e1 que a imagem p\u00fablica est\u00e1 cuidadosamente calibrada. Voc\u00ea descobrir\u00e1 aqui os eventos reais mencionados, os depoimentos e o que isso revela sobre sua <strong>psicologia<\/strong> ap\u00f3s quase dez anos no \u00c9lys\u00e9e.<\/p>\n\n<p><strong>Em resumo<\/strong>: aos 73 anos, a ex-professora fala de uma vida anterior mais simples, ataques repetidos e uma disciplina di\u00e1ria para se manter firme. Esta <strong>revela\u00e7\u00e3o<\/strong> devolve um tom humano \u00e0 <strong>atualidade<\/strong> pol\u00edtica e ilumina a fronteira entre o papel p\u00fablico e a <strong>vida privada<\/strong>.<\/p>\n\n<h2 class=\"wp-block-heading\">Uma confiss\u00e3o que se tornou palavra p\u00fablica<\/h2>\n\n<p>Na entrevista concedida ao La Tribune Dimanche, <strong>Brigitte Macron<\/strong> confia: \u00ab \u00c0s vezes \u00e9 dif\u00edcil para mim ver o c\u00e9u azul \u00bb, e reconhece ter \u00ab momentos de pessimismo que n\u00e3o tinha antes \u00bb. Essas palavras, proferidas em 26 de abril de 2026, ocupam seu lugar nas primeiras linhas de sua <strong>confiss\u00e3o<\/strong> e foram divulgadas por v\u00e1rios meios de comunica\u00e7\u00e3o nacionais, que corroboram a cita\u00e7\u00e3o e o contexto. Esta desnudez \u00e9 in\u00e9dita para uma primeira-dama sempre muito protegida pelo protocolo. Insight: a palavra privada torna-se ato p\u00fablico.<\/p>\n\n<h3 class=\"wp-block-heading\">A <strong>vida privada<\/strong> perturbada pela exposi\u00e7\u00e3o<\/h3>\n\n<p>Ela evoca a nostalgia de uma \u00ab vida normal \u00bb: filhos, profiss\u00e3o de professora, altos e baixos comuns. Desde a elei\u00e7\u00e3o de Emmanuel Macron em 2017 e seu segundo mandato, o casal viu a esfera privada se esvanecer. As zombarias, a difama\u00e7\u00e3o e o cyberbullying pesaram: v\u00e1rios autores foram condenados em janeiro, de acordo com a imprensa. Esses ataques explicam, em parte, a <strong>emo\u00e7\u00e3o<\/strong> contida em seu testemunho. Insight: a notoriedade transforma feridas em quest\u00f5es p\u00fablicas.<\/p>\n\n<p>A sequ\u00eancia de v\u00eddeo acima retoma trechos da entrevista e contextualiza os coment\u00e1rios relatados.<\/p>\n\n<h2 class=\"wp-block-heading\">Rotinas e resist\u00eancias para se manter firme<\/h2>\n\n<p>Para manter o equil\u00edbrio, a primeira-dama tem uma disciplina r\u00edgida: academia matinal, uma hora de caminhada e bicicleta ao redor da Lanterne. Pessoas pr\u00f3ximas, como H\u00e9l\u00e8ne Arnault, notam uma solidez recuperada, mas uma ingenuidade perdida. Sibeth Ndiaye lembra que Brigitte \u00ab j\u00e1 incomodava \u00bb no in\u00edcio e enfrentou um sexismo violento. Esses h\u00e1bitos f\u00edsicos s\u00e3o apresentados como estados de resist\u00eancia diante do des\u00e2nimo. Insight: o gesto cotidiano torna-se uma terapia silenciosa.<\/p>\n\n<p>O v\u00eddeo prop\u00f5e uma perspectiva mais ampla sobre sua vida no pal\u00e1cio e os testemunhos de amigos e ex-colaboradores.<\/p>\n\n<h3 class=\"wp-block-heading\">O que a psicologia diz sobre este testemunho<\/h3>\n\n<p>Dizer publicamente seu <strong>pessimismo<\/strong> \u00e9 tamb\u00e9m uma estrat\u00e9gia: admitir a vulnerabilidade desdramatiza e humaniza. Diante da escurid\u00e3o denunciada \u2014 \u00ab a tolice, a maldade \u00bb \u2014 a <strong>psicologia<\/strong> do papel muda, transformando um status em exposi\u00e7\u00e3o permanente. Esta <strong>revela\u00e7\u00e3o<\/strong> inscreve a atualidade em uma reflex\u00e3o sobre a resili\u00eancia e a prote\u00e7\u00e3o das figuras p\u00fablicas. Insight: confiar seu desconforto torna-se um ato pol\u00edtico.<\/p>\n\n<p>Para saber mais sobre Brigitte Macron, sua trajet\u00f3ria e os la\u00e7os familiares que cercam o \u00c9lys\u00e9e, consulte as an\u00e1lises detalhadas sobre <a href=\"https:\/\/www.sebastien-auziere.fr\/blog\/brigitte-macron-tristesse\/\">os dossi\u00eas dedicados a Brigitte<\/a> e os relatos da imprensa, incluindo <a href=\"https:\/\/www.marieclaire.fr\/parfois-triste-comme-jamais-la-premiere-dame-brigitte-macron-confie-son-desarroi-apres-10-ans-a-l-elysee,1513426.asp\">os artigos que repercutiram a entrevista<\/a>.<\/p>","protected":false},"excerpt":{"rendered":"<p>Brigitte Macron fez uma confiss\u00e3o surpreendente em uma entrevista publicada em 26 de abril de 2026: ela est\u00e1 passando por fases de pessimismo sem precedentes, um estado de esp\u00edrito que surpreende, j\u00e1 que a imagem p\u00fablica est\u00e1 cuidadosamente calibrada. Voc\u00ea descobrir\u00e1 aqui os eventos reais mencionados, os depoimentos e o que isso revela sobre sua &#8230; <a title=\"Brigitte Macron confia suas novas fases de pessimismo: um estado de alma in\u00e9dito\" class=\"read-more\" href=\"https:\/\/www.sebastien-auziere.fr\/blog\/pt\/brigitte-macron-confia-suas-novas-fases-de-pessimismo-um-estado-de-alma-inedito\/\" aria-label=\"En savoir plus sur Brigitte Macron confia suas novas fases de pessimismo: um estado de alma in\u00e9dito\">Lire plus<\/a><\/p>\n","protected":false},"author":9,"featured_media":3396,"comment_status":"open","ping_status":"open","sticky":false,"template":"","format":"standard","meta":{"footnotes":""},"categories":[862],"tags":[2068,959,4630,4633,4636],"class_list":["post-3406","post","type-post","status-publish","format-standard","has-post-thumbnail","hentry","category-actualidades-pt","tag-atualidade-politica-pt","tag-brigitte-macron-pt","tag-comunicacao-presidencial-pt","tag-estado-de-espirito-pt","tag-pessimismo-pt"],"yoast_head":"<!-- This site is optimized with the Yoast SEO plugin v27.5 - https:\/\/yoast.com\/product\/yoast-seo-wordpress\/ -->\n<title>Brigitte Macron confia suas novas fases de pessimismo: um estado de alma in\u00e9dito - Fan site S\u00e9bastien Auzi\u00e8re<\/title>\n<meta name=\"description\" content=\"Brigitte Macron partage ses nouvelles phases de pessimisme, r\u00e9v\u00e9lant un \u00e9tat d&#039;\u00e2me in\u00e9dit et profond. D\u00e9couvrez ses confessions exclusives.\" \/>\n<meta name=\"robots\" content=\"index, follow, max-snippet:-1, max-image-preview:large, max-video-preview:-1\" \/>\n<link rel=\"canonical\" href=\"https:\/\/www.sebastien-auziere.fr\/blog\/pt\/brigitte-macron-confia-suas-novas-fases-de-pessimismo-um-estado-de-alma-inedito\/\" \/>\n<meta property=\"og:locale\" content=\"fr_FR\" \/>\n<meta property=\"og:type\" content=\"article\" \/>\n<meta property=\"og:title\" content=\"Brigitte Macron confia suas novas fases de pessimismo: um estado de alma in\u00e9dito - Fan site S\u00e9bastien Auzi\u00e8re\" \/>\n<meta property=\"og:description\" content=\"Brigitte Macron partage ses nouvelles phases de pessimisme, r\u00e9v\u00e9lant un \u00e9tat d&#039;\u00e2me in\u00e9dit et profond. D\u00e9couvrez ses confessions exclusives.\" \/>\n<meta property=\"og:url\" content=\"https:\/\/www.sebastien-auziere.fr\/blog\/pt\/brigitte-macron-confia-suas-novas-fases-de-pessimismo-um-estado-de-alma-inedito\/\" \/>\n<meta property=\"og:site_name\" content=\"Fan site S\u00e9bastien Auzi\u00e8re\" \/>\n<meta property=\"article:published_time\" content=\"2026-04-28T07:16:59+00:00\" \/>\n<meta property=\"article:modified_time\" content=\"2026-04-28T07:17:21+00:00\" \/>\n<meta property=\"og:image\" content=\"https:\/\/www.sebastien-auziere.fr\/blog\/wp-content\/uploads\/2026\/04\/Brigitte-Macron-confie-ses-nouvelles-phases-de-pessimisme-un-etat-dame-inedit.jpg\" \/>\n\t<meta property=\"og:image:width\" content=\"2560\" \/>\n\t<meta property=\"og:image:height\" content=\"1429\" \/>\n\t<meta property=\"og:image:type\" content=\"image\/jpeg\" \/>\n<meta name=\"author\" content=\"Chloe Gauthier\" \/>\n<meta name=\"twitter:card\" content=\"summary_large_image\" \/>\n<meta name=\"twitter:label1\" content=\"\u00c9crit par\" \/>\n\t<meta name=\"twitter:data1\" content=\"Chloe Gauthier\" \/>\n\t<meta name=\"twitter:label2\" content=\"Dur\u00e9e de lecture estim\u00e9e\" \/>\n\t<meta name=\"twitter:data2\" content=\"3 minutes\" \/>\n<script type=\"application\/ld+json\" class=\"yoast-schema-graph\">{\"@context\":\"https:\\\/\\\/schema.org\",\"@graph\":[{\"@type\":\"Article\",\"@id\":\"https:\\\/\\\/www.sebastien-auziere.fr\\\/blog\\\/pt\\\/brigitte-macron-confia-suas-novas-fases-de-pessimismo-um-estado-de-alma-inedito\\\/#article\",\"isPartOf\":{\"@id\":\"https:\\\/\\\/www.sebastien-auziere.fr\\\/blog\\\/pt\\\/brigitte-macron-confia-suas-novas-fases-de-pessimismo-um-estado-de-alma-inedito\\\/\"},\"author\":{\"name\":\"Chloe Gauthier\",\"@id\":\"https:\\\/\\\/www.sebastien-auziere.fr\\\/blog\\\/#\\\/schema\\\/person\\\/149f1acdbfd85149c6c3e59adeae2f4d\"},\"headline\":\"Brigitte Macron confia suas novas fases de pessimismo: um estado de alma in\u00e9dito\",\"datePublished\":\"2026-04-28T07:16:59+00:00\",\"dateModified\":\"2026-04-28T07:17:21+00:00\",\"mainEntityOfPage\":{\"@id\":\"https:\\\/\\\/www.sebastien-auziere.fr\\\/blog\\\/pt\\\/brigitte-macron-confia-suas-novas-fases-de-pessimismo-um-estado-de-alma-inedito\\\/\"},\"wordCount\":555,\"commentCount\":0,\"publisher\":{\"@id\":\"https:\\\/\\\/www.sebastien-auziere.fr\\\/blog\\\/#organization\"},\"image\":{\"@id\":\"https:\\\/\\\/www.sebastien-auziere.fr\\\/blog\\\/pt\\\/brigitte-macron-confia-suas-novas-fases-de-pessimismo-um-estado-de-alma-inedito\\\/#primaryimage\"},\"thumbnailUrl\":\"https:\\\/\\\/www.sebastien-auziere.fr\\\/blog\\\/wp-content\\\/uploads\\\/2026\\\/04\\\/Brigitte-Macron-confie-ses-nouvelles-phases-de-pessimisme-un-etat-dame-inedit.jpg\",\"keywords\":[\"atualidade pol\u00edtica\",\"brigitte macron\",\"comunica\u00e7\u00e3o presidencial\",\"estado de esp\u00edrito\",\"pessimismo\"],\"articleSection\":[\"Actualidades\"],\"inLanguage\":\"fr-FR\",\"potentialAction\":[{\"@type\":\"CommentAction\",\"name\":\"Comment\",\"target\":[\"https:\\\/\\\/www.sebastien-auziere.fr\\\/blog\\\/pt\\\/brigitte-macron-confia-suas-novas-fases-de-pessimismo-um-estado-de-alma-inedito\\\/#respond\"]}]},{\"@type\":\"WebPage\",\"@id\":\"https:\\\/\\\/www.sebastien-auziere.fr\\\/blog\\\/pt\\\/brigitte-macron-confia-suas-novas-fases-de-pessimismo-um-estado-de-alma-inedito\\\/\",\"url\":\"https:\\\/\\\/www.sebastien-auziere.fr\\\/blog\\\/pt\\\/brigitte-macron-confia-suas-novas-fases-de-pessimismo-um-estado-de-alma-inedito\\\/\",\"name\":\"Brigitte Macron confia suas novas fases de pessimismo: um estado de alma in\u00e9dito - Fan site S\u00e9bastien Auzi\u00e8re\",\"isPartOf\":{\"@id\":\"https:\\\/\\\/www.sebastien-auziere.fr\\\/blog\\\/#website\"},\"primaryImageOfPage\":{\"@id\":\"https:\\\/\\\/www.sebastien-auziere.fr\\\/blog\\\/pt\\\/brigitte-macron-confia-suas-novas-fases-de-pessimismo-um-estado-de-alma-inedito\\\/#primaryimage\"},\"image\":{\"@id\":\"https:\\\/\\\/www.sebastien-auziere.fr\\\/blog\\\/pt\\\/brigitte-macron-confia-suas-novas-fases-de-pessimismo-um-estado-de-alma-inedito\\\/#primaryimage\"},\"thumbnailUrl\":\"https:\\\/\\\/www.sebastien-auziere.fr\\\/blog\\\/wp-content\\\/uploads\\\/2026\\\/04\\\/Brigitte-Macron-confie-ses-nouvelles-phases-de-pessimisme-un-etat-dame-inedit.jpg\",\"datePublished\":\"2026-04-28T07:16:59+00:00\",\"dateModified\":\"2026-04-28T07:17:21+00:00\",\"description\":\"Brigitte Macron partage ses nouvelles phases de pessimisme, r\u00e9v\u00e9lant un \u00e9tat d'\u00e2me in\u00e9dit et profond. D\u00e9couvrez ses confessions exclusives.\",\"breadcrumb\":{\"@id\":\"https:\\\/\\\/www.sebastien-auziere.fr\\\/blog\\\/pt\\\/brigitte-macron-confia-suas-novas-fases-de-pessimismo-um-estado-de-alma-inedito\\\/#breadcrumb\"},\"inLanguage\":\"fr-FR\",\"potentialAction\":[{\"@type\":\"ReadAction\",\"target\":[\"https:\\\/\\\/www.sebastien-auziere.fr\\\/blog\\\/pt\\\/brigitte-macron-confia-suas-novas-fases-de-pessimismo-um-estado-de-alma-inedito\\\/\"]}]},{\"@type\":\"ImageObject\",\"inLanguage\":\"fr-FR\",\"@id\":\"https:\\\/\\\/www.sebastien-auziere.fr\\\/blog\\\/pt\\\/brigitte-macron-confia-suas-novas-fases-de-pessimismo-um-estado-de-alma-inedito\\\/#primaryimage\",\"url\":\"https:\\\/\\\/www.sebastien-auziere.fr\\\/blog\\\/wp-content\\\/uploads\\\/2026\\\/04\\\/Brigitte-Macron-confie-ses-nouvelles-phases-de-pessimisme-un-etat-dame-inedit.jpg\",\"contentUrl\":\"https:\\\/\\\/www.sebastien-auziere.fr\\\/blog\\\/wp-content\\\/uploads\\\/2026\\\/04\\\/Brigitte-Macron-confie-ses-nouvelles-phases-de-pessimisme-un-etat-dame-inedit.jpg\",\"width\":2560,\"height\":1429,\"caption\":\"brigitte macron partage ses phases in\u00e9dites de pessimisme, d\u00e9voilant un \u00e9tat d'\u00e2me profond et rare.\"},{\"@type\":\"BreadcrumbList\",\"@id\":\"https:\\\/\\\/www.sebastien-auziere.fr\\\/blog\\\/pt\\\/brigitte-macron-confia-suas-novas-fases-de-pessimismo-um-estado-de-alma-inedito\\\/#breadcrumb\",\"itemListElement\":[{\"@type\":\"ListItem\",\"position\":1,\"name\":\"Home\",\"item\":\"https:\\\/\\\/www.sebastien-auziere.fr\\\/blog\\\/\"},{\"@type\":\"ListItem\",\"position\":2,\"name\":\"Brigitte Macron confia suas novas fases de pessimismo: um estado de alma in\u00e9dito\"}]},{\"@type\":\"WebSite\",\"@id\":\"https:\\\/\\\/www.sebastien-auziere.fr\\\/blog\\\/#website\",\"url\":\"https:\\\/\\\/www.sebastien-auziere.fr\\\/blog\\\/\",\"name\":\"Fan site S\u00e9bastien Auzi\u00e8re\",\"description\":\"M\u00e9dia g\u00e9n\u00e9raliste\",\"publisher\":{\"@id\":\"https:\\\/\\\/www.sebastien-auziere.fr\\\/blog\\\/#organization\"},\"potentialAction\":[{\"@type\":\"SearchAction\",\"target\":{\"@type\":\"EntryPoint\",\"urlTemplate\":\"https:\\\/\\\/www.sebastien-auziere.fr\\\/blog\\\/?s={search_term_string}\"},\"query-input\":{\"@type\":\"PropertyValueSpecification\",\"valueRequired\":true,\"valueName\":\"search_term_string\"}}],\"inLanguage\":\"fr-FR\"},{\"@type\":\"Organization\",\"@id\":\"https:\\\/\\\/www.sebastien-auziere.fr\\\/blog\\\/#organization\",\"name\":\"Fan site S\u00e9bastien Auzi\u00e8re\",\"url\":\"https:\\\/\\\/www.sebastien-auziere.fr\\\/blog\\\/\",\"logo\":{\"@type\":\"ImageObject\",\"inLanguage\":\"fr-FR\",\"@id\":\"https:\\\/\\\/www.sebastien-auziere.fr\\\/blog\\\/#\\\/schema\\\/logo\\\/image\\\/\",\"url\":\"https:\\\/\\\/www.sebastien-auziere.fr\\\/blog\\\/wp-content\\\/uploads\\\/2026\\\/03\\\/cropped-cropped-cropped-ChatGPT-Image-6-mars-2026-12_58_09-e1772798376794.jpg\",\"contentUrl\":\"https:\\\/\\\/www.sebastien-auziere.fr\\\/blog\\\/wp-content\\\/uploads\\\/2026\\\/03\\\/cropped-cropped-cropped-ChatGPT-Image-6-mars-2026-12_58_09-e1772798376794.jpg\",\"width\":512,\"height\":360,\"caption\":\"Fan site S\u00e9bastien Auzi\u00e8re\"},\"image\":{\"@id\":\"https:\\\/\\\/www.sebastien-auziere.fr\\\/blog\\\/#\\\/schema\\\/logo\\\/image\\\/\"}},{\"@type\":\"Person\",\"@id\":\"https:\\\/\\\/www.sebastien-auziere.fr\\\/blog\\\/#\\\/schema\\\/person\\\/149f1acdbfd85149c6c3e59adeae2f4d\",\"name\":\"Chloe Gauthier\",\"image\":{\"@type\":\"ImageObject\",\"inLanguage\":\"fr-FR\",\"@id\":\"https:\\\/\\\/secure.gravatar.com\\\/avatar\\\/2c5722f58171cff738a8985ef0dd66b476e563753246a49019befc837ec4201a?s=96&d=mm&r=g\",\"url\":\"https:\\\/\\\/secure.gravatar.com\\\/avatar\\\/2c5722f58171cff738a8985ef0dd66b476e563753246a49019befc837ec4201a?s=96&d=mm&r=g\",\"contentUrl\":\"https:\\\/\\\/secure.gravatar.com\\\/avatar\\\/2c5722f58171cff738a8985ef0dd66b476e563753246a49019befc837ec4201a?s=96&d=mm&r=g\",\"caption\":\"Chloe Gauthier\"},\"description\":\"Passionn\u00e9e par la politique et admiratrice engag\u00e9e de la famille Macron, je consacre mon \u00e9nergie \u00e0 suivre leurs initiatives et \u00e0 promouvoir leurs id\u00e9es. \u00c0 32 ans, je suis convaincue que leur vision est porteuse d'avenir.\",\"url\":\"https:\\\/\\\/www.sebastien-auziere.fr\\\/blog\\\/author\\\/chloe-gauthier\\\/\"}]}<\/script>\n<!-- \/ Yoast SEO plugin. -->","yoast_head_json":{"title":"Brigitte Macron confia suas novas fases de pessimismo: um estado de alma in\u00e9dito - Fan site S\u00e9bastien Auzi\u00e8re","description":"Brigitte Macron partage ses nouvelles phases de pessimisme, r\u00e9v\u00e9lant un \u00e9tat d'\u00e2me in\u00e9dit et profond. D\u00e9couvrez ses confessions exclusives.","robots":{"index":"index","follow":"follow","max-snippet":"max-snippet:-1","max-image-preview":"max-image-preview:large","max-video-preview":"max-video-preview:-1"},"canonical":"https:\/\/www.sebastien-auziere.fr\/blog\/pt\/brigitte-macron-confia-suas-novas-fases-de-pessimismo-um-estado-de-alma-inedito\/","og_locale":"fr_FR","og_type":"article","og_title":"Brigitte Macron confia suas novas fases de pessimismo: um estado de alma in\u00e9dito - Fan site S\u00e9bastien Auzi\u00e8re","og_description":"Brigitte Macron partage ses nouvelles phases de pessimisme, r\u00e9v\u00e9lant un \u00e9tat d'\u00e2me in\u00e9dit et profond. D\u00e9couvrez ses confessions exclusives.","og_url":"https:\/\/www.sebastien-auziere.fr\/blog\/pt\/brigitte-macron-confia-suas-novas-fases-de-pessimismo-um-estado-de-alma-inedito\/","og_site_name":"Fan site S\u00e9bastien Auzi\u00e8re","article_published_time":"2026-04-28T07:16:59+00:00","article_modified_time":"2026-04-28T07:17:21+00:00","og_image":[{"width":2560,"height":1429,"url":"https:\/\/www.sebastien-auziere.fr\/blog\/wp-content\/uploads\/2026\/04\/Brigitte-Macron-confie-ses-nouvelles-phases-de-pessimisme-un-etat-dame-inedit.jpg","type":"image\/jpeg"}],"author":"Chloe Gauthier","twitter_card":"summary_large_image","twitter_misc":{"\u00c9crit par":"Chloe Gauthier","Dur\u00e9e de lecture estim\u00e9e":"3 minutes"},"schema":{"@context":"https:\/\/schema.org","@graph":[{"@type":"Article","@id":"https:\/\/www.sebastien-auziere.fr\/blog\/pt\/brigitte-macron-confia-suas-novas-fases-de-pessimismo-um-estado-de-alma-inedito\/#article","isPartOf":{"@id":"https:\/\/www.sebastien-auziere.fr\/blog\/pt\/brigitte-macron-confia-suas-novas-fases-de-pessimismo-um-estado-de-alma-inedito\/"},"author":{"name":"Chloe Gauthier","@id":"https:\/\/www.sebastien-auziere.fr\/blog\/#\/schema\/person\/149f1acdbfd85149c6c3e59adeae2f4d"},"headline":"Brigitte Macron confia suas novas fases de pessimismo: um estado de alma in\u00e9dito","datePublished":"2026-04-28T07:16:59+00:00","dateModified":"2026-04-28T07:17:21+00:00","mainEntityOfPage":{"@id":"https:\/\/www.sebastien-auziere.fr\/blog\/pt\/brigitte-macron-confia-suas-novas-fases-de-pessimismo-um-estado-de-alma-inedito\/"},"wordCount":555,"commentCount":0,"publisher":{"@id":"https:\/\/www.sebastien-auziere.fr\/blog\/#organization"},"image":{"@id":"https:\/\/www.sebastien-auziere.fr\/blog\/pt\/brigitte-macron-confia-suas-novas-fases-de-pessimismo-um-estado-de-alma-inedito\/#primaryimage"},"thumbnailUrl":"https:\/\/www.sebastien-auziere.fr\/blog\/wp-content\/uploads\/2026\/04\/Brigitte-Macron-confie-ses-nouvelles-phases-de-pessimisme-un-etat-dame-inedit.jpg","keywords":["atualidade pol\u00edtica","brigitte macron","comunica\u00e7\u00e3o presidencial","estado de esp\u00edrito","pessimismo"],"articleSection":["Actualidades"],"inLanguage":"fr-FR","potentialAction":[{"@type":"CommentAction","name":"Comment","target":["https:\/\/www.sebastien-auziere.fr\/blog\/pt\/brigitte-macron-confia-suas-novas-fases-de-pessimismo-um-estado-de-alma-inedito\/#respond"]}]},{"@type":"WebPage","@id":"https:\/\/www.sebastien-auziere.fr\/blog\/pt\/brigitte-macron-confia-suas-novas-fases-de-pessimismo-um-estado-de-alma-inedito\/","url":"https:\/\/www.sebastien-auziere.fr\/blog\/pt\/brigitte-macron-confia-suas-novas-fases-de-pessimismo-um-estado-de-alma-inedito\/","name":"Brigitte Macron confia suas novas fases de pessimismo: um estado de alma in\u00e9dito - Fan site S\u00e9bastien Auzi\u00e8re","isPartOf":{"@id":"https:\/\/www.sebastien-auziere.fr\/blog\/#website"},"primaryImageOfPage":{"@id":"https:\/\/www.sebastien-auziere.fr\/blog\/pt\/brigitte-macron-confia-suas-novas-fases-de-pessimismo-um-estado-de-alma-inedito\/#primaryimage"},"image":{"@id":"https:\/\/www.sebastien-auziere.fr\/blog\/pt\/brigitte-macron-confia-suas-novas-fases-de-pessimismo-um-estado-de-alma-inedito\/#primaryimage"},"thumbnailUrl":"https:\/\/www.sebastien-auziere.fr\/blog\/wp-content\/uploads\/2026\/04\/Brigitte-Macron-confie-ses-nouvelles-phases-de-pessimisme-un-etat-dame-inedit.jpg","datePublished":"2026-04-28T07:16:59+00:00","dateModified":"2026-04-28T07:17:21+00:00","description":"Brigitte Macron partage ses nouvelles phases de pessimisme, r\u00e9v\u00e9lant un \u00e9tat d'\u00e2me in\u00e9dit et profond. D\u00e9couvrez ses confessions exclusives.","breadcrumb":{"@id":"https:\/\/www.sebastien-auziere.fr\/blog\/pt\/brigitte-macron-confia-suas-novas-fases-de-pessimismo-um-estado-de-alma-inedito\/#breadcrumb"},"inLanguage":"fr-FR","potentialAction":[{"@type":"ReadAction","target":["https:\/\/www.sebastien-auziere.fr\/blog\/pt\/brigitte-macron-confia-suas-novas-fases-de-pessimismo-um-estado-de-alma-inedito\/"]}]},{"@type":"ImageObject","inLanguage":"fr-FR","@id":"https:\/\/www.sebastien-auziere.fr\/blog\/pt\/brigitte-macron-confia-suas-novas-fases-de-pessimismo-um-estado-de-alma-inedito\/#primaryimage","url":"https:\/\/www.sebastien-auziere.fr\/blog\/wp-content\/uploads\/2026\/04\/Brigitte-Macron-confie-ses-nouvelles-phases-de-pessimisme-un-etat-dame-inedit.jpg","contentUrl":"https:\/\/www.sebastien-auziere.fr\/blog\/wp-content\/uploads\/2026\/04\/Brigitte-Macron-confie-ses-nouvelles-phases-de-pessimisme-un-etat-dame-inedit.jpg","width":2560,"height":1429,"caption":"brigitte macron partage ses phases in\u00e9dites de pessimisme, d\u00e9voilant un \u00e9tat d'\u00e2me profond et rare."},{"@type":"BreadcrumbList","@id":"https:\/\/www.sebastien-auziere.fr\/blog\/pt\/brigitte-macron-confia-suas-novas-fases-de-pessimismo-um-estado-de-alma-inedito\/#breadcrumb","itemListElement":[{"@type":"ListItem","position":1,"name":"Home","item":"https:\/\/www.sebastien-auziere.fr\/blog\/"},{"@type":"ListItem","position":2,"name":"Brigitte Macron confia suas novas fases de pessimismo: um estado de alma in\u00e9dito"}]},{"@type":"WebSite","@id":"https:\/\/www.sebastien-auziere.fr\/blog\/#website","url":"https:\/\/www.sebastien-auziere.fr\/blog\/","name":"Fan site S\u00e9bastien Auzi\u00e8re","description":"M\u00e9dia g\u00e9n\u00e9raliste","publisher":{"@id":"https:\/\/www.sebastien-auziere.fr\/blog\/#organization"},"potentialAction":[{"@type":"SearchAction","target":{"@type":"EntryPoint","urlTemplate":"https:\/\/www.sebastien-auziere.fr\/blog\/?s={search_term_string}"},"query-input":{"@type":"PropertyValueSpecification","valueRequired":true,"valueName":"search_term_string"}}],"inLanguage":"fr-FR"},{"@type":"Organization","@id":"https:\/\/www.sebastien-auziere.fr\/blog\/#organization","name":"Fan site S\u00e9bastien Auzi\u00e8re","url":"https:\/\/www.sebastien-auziere.fr\/blog\/","logo":{"@type":"ImageObject","inLanguage":"fr-FR","@id":"https:\/\/www.sebastien-auziere.fr\/blog\/#\/schema\/logo\/image\/","url":"https:\/\/www.sebastien-auziere.fr\/blog\/wp-content\/uploads\/2026\/03\/cropped-cropped-cropped-ChatGPT-Image-6-mars-2026-12_58_09-e1772798376794.jpg","contentUrl":"https:\/\/www.sebastien-auziere.fr\/blog\/wp-content\/uploads\/2026\/03\/cropped-cropped-cropped-ChatGPT-Image-6-mars-2026-12_58_09-e1772798376794.jpg","width":512,"height":360,"caption":"Fan site S\u00e9bastien Auzi\u00e8re"},"image":{"@id":"https:\/\/www.sebastien-auziere.fr\/blog\/#\/schema\/logo\/image\/"}},{"@type":"Person","@id":"https:\/\/www.sebastien-auziere.fr\/blog\/#\/schema\/person\/149f1acdbfd85149c6c3e59adeae2f4d","name":"Chloe Gauthier","image":{"@type":"ImageObject","inLanguage":"fr-FR","@id":"https:\/\/secure.gravatar.com\/avatar\/2c5722f58171cff738a8985ef0dd66b476e563753246a49019befc837ec4201a?s=96&d=mm&r=g","url":"https:\/\/secure.gravatar.com\/avatar\/2c5722f58171cff738a8985ef0dd66b476e563753246a49019befc837ec4201a?s=96&d=mm&r=g","contentUrl":"https:\/\/secure.gravatar.com\/avatar\/2c5722f58171cff738a8985ef0dd66b476e563753246a49019befc837ec4201a?s=96&d=mm&r=g","caption":"Chloe Gauthier"},"description":"Passionn\u00e9e par la politique et admiratrice engag\u00e9e de la famille Macron, je consacre mon \u00e9nergie \u00e0 suivre leurs initiatives et \u00e0 promouvoir leurs id\u00e9es. \u00c0 32 ans, je suis convaincue que leur vision est porteuse d'avenir.","url":"https:\/\/www.sebastien-auziere.fr\/blog\/author\/chloe-gauthier\/"}]}},"views":0,"_links":{"self":[{"href":"https:\/\/www.sebastien-auziere.fr\/blog\/wp-json\/wp\/v2\/posts\/3406","targetHints":{"allow":["GET"]}}],"collection":[{"href":"https:\/\/www.sebastien-auziere.fr\/blog\/wp-json\/wp\/v2\/posts"}],"about":[{"href":"https:\/\/www.sebastien-auziere.fr\/blog\/wp-json\/wp\/v2\/types\/post"}],"author":[{"embeddable":true,"href":"https:\/\/www.sebastien-auziere.fr\/blog\/wp-json\/wp\/v2\/users\/9"}],"replies":[{"embeddable":true,"href":"https:\/\/www.sebastien-auziere.fr\/blog\/wp-json\/wp\/v2\/comments?post=3406"}],"version-history":[{"count":1,"href":"https:\/\/www.sebastien-auziere.fr\/blog\/wp-json\/wp\/v2\/posts\/3406\/revisions"}],"predecessor-version":[{"id":3407,"href":"https:\/\/www.sebastien-auziere.fr\/blog\/wp-json\/wp\/v2\/posts\/3406\/revisions\/3407"}],"wp:featuredmedia":[{"embeddable":true,"href":"https:\/\/www.sebastien-auziere.fr\/blog\/wp-json\/wp\/v2\/media\/3396"}],"wp:attachment":[{"href":"https:\/\/www.sebastien-auziere.fr\/blog\/wp-json\/wp\/v2\/media?parent=3406"}],"wp:term":[{"taxonomy":"category","embeddable":true,"href":"https:\/\/www.sebastien-auziere.fr\/blog\/wp-json\/wp\/v2\/categories?post=3406"},{"taxonomy":"post_tag","embeddable":true,"href":"https:\/\/www.sebastien-auziere.fr\/blog\/wp-json\/wp\/v2\/tags?post=3406"}],"curies":[{"name":"wp","href":"https:\/\/api.w.org\/{rel}","templated":true}]}}