{"id":3404,"date":"2026-04-28T07:16:20","date_gmt":"2026-04-28T07:16:20","guid":{"rendered":"https:\/\/www.sebastien-auziere.fr\/blog\/?p=3404"},"modified":"2026-04-28T07:16:44","modified_gmt":"2026-04-28T07:16:44","slug":"brigitte-macron-condivide-le-sue-nuove-fasi-di-pessimismo-uno-stato-danimo-inedito","status":"publish","type":"post","link":"https:\/\/www.sebastien-auziere.fr\/blog\/it\/brigitte-macron-condivide-le-sue-nuove-fasi-di-pessimismo-uno-stato-danimo-inedito\/","title":{"rendered":"Brigitte Macron condivide le sue nuove fasi di pessimismo: uno stato d&rsquo;animo inedito"},"content":{"rendered":"<p><strong>Brigitte Macron<\/strong> ha rilasciato una confessione sorprendente in un&rsquo;intervista pubblicata il 26 aprile 2026: sta attraversando fasi di <strong>pessimismo<\/strong> senza precedenti, uno <strong>stato d&rsquo;animo<\/strong> che sorprende poich\u00e9 l&rsquo;immagine pubblica \u00e8 calibrata. Qui scoprirai gli eventi reali menzionati, le testimonianze e cosa questo rivela sulla sua <strong>psicologia<\/strong> dopo quasi dieci anni all&rsquo;\u00c9lys\u00e9e.<\/p>\n\n<p><strong>In breve<\/strong>: a 73 anni, l&rsquo;ex professoressa parla di una vita passata pi\u00f9 semplice, di attacchi ripetuti e di una disciplina quotidiana per resistere. Questa <strong>rivelazione<\/strong> restituisce una dimensione umana all&rsquo;<strong>attualit\u00e0<\/strong> politica e mette in luce il confine tra ruolo pubblico e <strong>vita privata<\/strong>.<\/p>\n\n<h2 class=\"wp-block-heading\">Un&rsquo;ammissione diventata parola pubblica<\/h2>\n\n<p>Nell&rsquo;intervista concessa a La Tribune Dimanche, <strong>Brigitte Macron<\/strong> confida: \u00ab A volte mi risulta difficile vedere il cielo blu \u00bb, e riconosce di avere \u00ab momenti di pessimismo che non avevo prima \u00bb. Queste parole, pronunciate il 26 aprile 2026, hanno trovato posto fin dalle prime righe della sua <strong>confessione<\/strong> e sono state riprese da diversi media nazionali, che confermano la citazione e il contesto. Questa sua esposizione \u00e8 senza precedenti per una First Lady sempre molto protetta dal protocollo. Insight: la parola privata diventa atto pubblico.<\/p>\n\n<h3 class=\"wp-block-heading\">La <strong>vita privata<\/strong> scossa dall&rsquo;esposizione<\/h3>\n\n<p>Parla della nostalgia per una \u00ab vita normale \u00bb: bambini, mestiere di professoressa, alti e bassi ordinari. Dalla elezione di Emmanuel Macron nel 2017 e il suo secondo mandato, la coppia ha visto scomparire la sfera privata. Le derisioni, la diffamazione e il cyberbullismo hanno pesato: diversi autori sono stati condannati a gennaio, secondo la stampa. Questi attacchi spiegano in parte l&rsquo;<strong>emozione<\/strong> contenuta nella sua testimonianza. Insight: la notoriet\u00e0 trasforma le ferite in questioni pubbliche.<\/p>\n\n<p>Il video sopra riprende estratti dell&rsquo;intervista e contestualizza le dichiarazioni riportate.<\/p>\n\n<h2 class=\"wp-block-heading\">Routine e resistenza per resistere<\/h2>\n\n<p>Per mantenere l&rsquo;equilibrio, la First Lady segue una disciplina rigorosa: ginnastica mattutina, un&rsquo;ora di camminata e bicicletta intorno alla Lanterne. Persone vicine come H\u00e9l\u00e8ne Arnault notano una ritrovata solidit\u00e0 ma una perduta innocenza. Sibeth Ndiaye ricorda che Brigitte \u00ab disturbava gi\u00e0 \u00bb all&rsquo;inizio e subiva un sessismo violento. Queste abitudini fisiche sono presentate come stati di resistenza di fronte allo scoraggiamento. Insight: il gesto quotidiano diventa una terapia silenziosa.<\/p>\n\n<p>Il video offre un inquadramento pi\u00f9 ampio sulla sua vita al palazzo e le testimonianze di amici e ex collaboratori.<\/p>\n\n<h3 class=\"wp-block-heading\">Cosa dice la psicologia di questa testimonianza<\/h3>\n\n<p>Dire pubblicamente il proprio <strong>pessimismo<\/strong> \u00e8 anche una strategia: ammettere la vulnerabilit\u00e0 depersonalizza e umanizza. Di fronte all&rsquo;oscurit\u00e0 denunciata \u2014 \u00ab la stupidit\u00e0, la malvagit\u00e0 \u00bb \u2014 la <strong>psicologia<\/strong> del ruolo cambia, trasformando uno stato in un&rsquo;esposizione permanente. Questa <strong>rivelazione<\/strong> inserisce l&rsquo;attualit\u00e0 in una riflessione sulla resilienza e la protezione delle figure pubbliche. Insight: confidare il proprio malessere diventa un atto politico.<\/p>\n\n<p>Per saperne di pi\u00f9 su Brigitte Macron, il suo percorso e i legami familiari che circondano l&rsquo;\u00c9lys\u00e9e, consulta le analisi dettagliate sui <a href=\"https:\/\/www.sebastien-auziere.fr\/blog\/brigitte-macron-tristesse\/\">dossier dedicati a Brigitte<\/a> e i resoconti della stampa, in particolare <a href=\"https:\/\/www.marieclaire.fr\/parfois-triste-comme-jamais-la-premiere-dame-brigitte-macron-confie-son-desarroi-apres-10-ans-a-l-elysee,1513426.asp\">gli articoli che hanno ripreso l&rsquo;intervista<\/a>.<\/p>","protected":false},"excerpt":{"rendered":"<p>Brigitte Macron ha rilasciato una confessione sorprendente in un&rsquo;intervista pubblicata il 26 aprile 2026: sta attraversando fasi di pessimismo senza precedenti, uno stato d&rsquo;animo che sorprende poich\u00e9 l&rsquo;immagine pubblica \u00e8 calibrata. Qui scoprirai gli eventi reali menzionati, le testimonianze e cosa questo rivela sulla sua psicologia dopo quasi dieci anni all&rsquo;\u00c9lys\u00e9e. In breve: a 73 &#8230; <a title=\"Brigitte Macron condivide le sue nuove fasi di pessimismo: uno stato d&rsquo;animo inedito\" class=\"read-more\" href=\"https:\/\/www.sebastien-auziere.fr\/blog\/it\/brigitte-macron-condivide-le-sue-nuove-fasi-di-pessimismo-uno-stato-danimo-inedito\/\" aria-label=\"En savoir plus sur Brigitte Macron condivide le sue nuove fasi di pessimismo: uno stato d&rsquo;animo inedito\">Lire plus<\/a><\/p>\n","protected":false},"author":9,"featured_media":3396,"comment_status":"open","ping_status":"open","sticky":false,"template":"","format":"standard","meta":{"footnotes":""},"categories":[859],"tags":[2056,944,4621,4627,4624],"class_list":["post-3404","post","type-post","status-publish","format-standard","has-post-thumbnail","hentry","category-actualita-it","tag-attualita-politica-it","tag-brigitte-macron-it","tag-comunicazione-presidenziale-it","tag-pessimismo-it","tag-stato-danimo-it"],"yoast_head":"<!-- This site is optimized with the Yoast SEO plugin v27.5 - https:\/\/yoast.com\/product\/yoast-seo-wordpress\/ -->\n<title>Brigitte Macron condivide le sue nuove fasi di pessimismo: uno stato d&#039;animo inedito - Fan site S\u00e9bastien Auzi\u00e8re<\/title>\n<meta name=\"description\" content=\"Brigitte Macron partage ses nouvelles phases de pessimisme, r\u00e9v\u00e9lant un \u00e9tat d&#039;\u00e2me in\u00e9dit et profond. D\u00e9couvrez ses confessions exclusives.\" \/>\n<meta name=\"robots\" content=\"index, follow, max-snippet:-1, max-image-preview:large, max-video-preview:-1\" \/>\n<link rel=\"canonical\" href=\"https:\/\/www.sebastien-auziere.fr\/blog\/it\/brigitte-macron-condivide-le-sue-nuove-fasi-di-pessimismo-uno-stato-danimo-inedito\/\" \/>\n<meta property=\"og:locale\" content=\"fr_FR\" \/>\n<meta property=\"og:type\" content=\"article\" \/>\n<meta property=\"og:title\" content=\"Brigitte Macron condivide le sue nuove fasi di pessimismo: uno stato d&#039;animo inedito - Fan site S\u00e9bastien Auzi\u00e8re\" \/>\n<meta property=\"og:description\" content=\"Brigitte Macron partage ses nouvelles phases de pessimisme, r\u00e9v\u00e9lant un \u00e9tat d&#039;\u00e2me in\u00e9dit et profond. D\u00e9couvrez ses confessions exclusives.\" \/>\n<meta property=\"og:url\" content=\"https:\/\/www.sebastien-auziere.fr\/blog\/it\/brigitte-macron-condivide-le-sue-nuove-fasi-di-pessimismo-uno-stato-danimo-inedito\/\" \/>\n<meta property=\"og:site_name\" content=\"Fan site S\u00e9bastien Auzi\u00e8re\" \/>\n<meta property=\"article:published_time\" content=\"2026-04-28T07:16:20+00:00\" \/>\n<meta property=\"article:modified_time\" content=\"2026-04-28T07:16:44+00:00\" \/>\n<meta property=\"og:image\" content=\"https:\/\/www.sebastien-auziere.fr\/blog\/wp-content\/uploads\/2026\/04\/Brigitte-Macron-confie-ses-nouvelles-phases-de-pessimisme-un-etat-dame-inedit.jpg\" \/>\n\t<meta property=\"og:image:width\" content=\"2560\" \/>\n\t<meta property=\"og:image:height\" content=\"1429\" \/>\n\t<meta property=\"og:image:type\" content=\"image\/jpeg\" \/>\n<meta name=\"author\" content=\"Chloe Gauthier\" \/>\n<meta name=\"twitter:card\" content=\"summary_large_image\" \/>\n<meta name=\"twitter:label1\" content=\"\u00c9crit par\" \/>\n\t<meta name=\"twitter:data1\" content=\"Chloe Gauthier\" \/>\n\t<meta name=\"twitter:label2\" content=\"Dur\u00e9e de lecture estim\u00e9e\" \/>\n\t<meta name=\"twitter:data2\" content=\"2 minutes\" \/>\n<script type=\"application\/ld+json\" class=\"yoast-schema-graph\">{\"@context\":\"https:\\\/\\\/schema.org\",\"@graph\":[{\"@type\":\"Article\",\"@id\":\"https:\\\/\\\/www.sebastien-auziere.fr\\\/blog\\\/it\\\/brigitte-macron-condivide-le-sue-nuove-fasi-di-pessimismo-uno-stato-danimo-inedito\\\/#article\",\"isPartOf\":{\"@id\":\"https:\\\/\\\/www.sebastien-auziere.fr\\\/blog\\\/it\\\/brigitte-macron-condivide-le-sue-nuove-fasi-di-pessimismo-uno-stato-danimo-inedito\\\/\"},\"author\":{\"name\":\"Chloe Gauthier\",\"@id\":\"https:\\\/\\\/www.sebastien-auziere.fr\\\/blog\\\/#\\\/schema\\\/person\\\/149f1acdbfd85149c6c3e59adeae2f4d\"},\"headline\":\"Brigitte Macron condivide le sue nuove fasi di pessimismo: uno stato d&rsquo;animo inedito\",\"datePublished\":\"2026-04-28T07:16:20+00:00\",\"dateModified\":\"2026-04-28T07:16:44+00:00\",\"mainEntityOfPage\":{\"@id\":\"https:\\\/\\\/www.sebastien-auziere.fr\\\/blog\\\/it\\\/brigitte-macron-condivide-le-sue-nuove-fasi-di-pessimismo-uno-stato-danimo-inedito\\\/\"},\"wordCount\":477,\"commentCount\":0,\"publisher\":{\"@id\":\"https:\\\/\\\/www.sebastien-auziere.fr\\\/blog\\\/#organization\"},\"image\":{\"@id\":\"https:\\\/\\\/www.sebastien-auziere.fr\\\/blog\\\/it\\\/brigitte-macron-condivide-le-sue-nuove-fasi-di-pessimismo-uno-stato-danimo-inedito\\\/#primaryimage\"},\"thumbnailUrl\":\"https:\\\/\\\/www.sebastien-auziere.fr\\\/blog\\\/wp-content\\\/uploads\\\/2026\\\/04\\\/Brigitte-Macron-confie-ses-nouvelles-phases-de-pessimisme-un-etat-dame-inedit.jpg\",\"keywords\":[\"attualit\u00e0 politica\",\"brigitte macron\",\"comunicazione presidenziale\",\"pessimismo\",\"stato d'animo\"],\"articleSection\":[\"Actualit\u00e0\"],\"inLanguage\":\"fr-FR\",\"potentialAction\":[{\"@type\":\"CommentAction\",\"name\":\"Comment\",\"target\":[\"https:\\\/\\\/www.sebastien-auziere.fr\\\/blog\\\/it\\\/brigitte-macron-condivide-le-sue-nuove-fasi-di-pessimismo-uno-stato-danimo-inedito\\\/#respond\"]}]},{\"@type\":\"WebPage\",\"@id\":\"https:\\\/\\\/www.sebastien-auziere.fr\\\/blog\\\/it\\\/brigitte-macron-condivide-le-sue-nuove-fasi-di-pessimismo-uno-stato-danimo-inedito\\\/\",\"url\":\"https:\\\/\\\/www.sebastien-auziere.fr\\\/blog\\\/it\\\/brigitte-macron-condivide-le-sue-nuove-fasi-di-pessimismo-uno-stato-danimo-inedito\\\/\",\"name\":\"Brigitte Macron condivide le sue nuove fasi di pessimismo: uno stato d'animo inedito - Fan site S\u00e9bastien Auzi\u00e8re\",\"isPartOf\":{\"@id\":\"https:\\\/\\\/www.sebastien-auziere.fr\\\/blog\\\/#website\"},\"primaryImageOfPage\":{\"@id\":\"https:\\\/\\\/www.sebastien-auziere.fr\\\/blog\\\/it\\\/brigitte-macron-condivide-le-sue-nuove-fasi-di-pessimismo-uno-stato-danimo-inedito\\\/#primaryimage\"},\"image\":{\"@id\":\"https:\\\/\\\/www.sebastien-auziere.fr\\\/blog\\\/it\\\/brigitte-macron-condivide-le-sue-nuove-fasi-di-pessimismo-uno-stato-danimo-inedito\\\/#primaryimage\"},\"thumbnailUrl\":\"https:\\\/\\\/www.sebastien-auziere.fr\\\/blog\\\/wp-content\\\/uploads\\\/2026\\\/04\\\/Brigitte-Macron-confie-ses-nouvelles-phases-de-pessimisme-un-etat-dame-inedit.jpg\",\"datePublished\":\"2026-04-28T07:16:20+00:00\",\"dateModified\":\"2026-04-28T07:16:44+00:00\",\"description\":\"Brigitte Macron partage ses nouvelles phases de pessimisme, r\u00e9v\u00e9lant un \u00e9tat d'\u00e2me in\u00e9dit et profond. D\u00e9couvrez ses confessions exclusives.\",\"breadcrumb\":{\"@id\":\"https:\\\/\\\/www.sebastien-auziere.fr\\\/blog\\\/it\\\/brigitte-macron-condivide-le-sue-nuove-fasi-di-pessimismo-uno-stato-danimo-inedito\\\/#breadcrumb\"},\"inLanguage\":\"fr-FR\",\"potentialAction\":[{\"@type\":\"ReadAction\",\"target\":[\"https:\\\/\\\/www.sebastien-auziere.fr\\\/blog\\\/it\\\/brigitte-macron-condivide-le-sue-nuove-fasi-di-pessimismo-uno-stato-danimo-inedito\\\/\"]}]},{\"@type\":\"ImageObject\",\"inLanguage\":\"fr-FR\",\"@id\":\"https:\\\/\\\/www.sebastien-auziere.fr\\\/blog\\\/it\\\/brigitte-macron-condivide-le-sue-nuove-fasi-di-pessimismo-uno-stato-danimo-inedito\\\/#primaryimage\",\"url\":\"https:\\\/\\\/www.sebastien-auziere.fr\\\/blog\\\/wp-content\\\/uploads\\\/2026\\\/04\\\/Brigitte-Macron-confie-ses-nouvelles-phases-de-pessimisme-un-etat-dame-inedit.jpg\",\"contentUrl\":\"https:\\\/\\\/www.sebastien-auziere.fr\\\/blog\\\/wp-content\\\/uploads\\\/2026\\\/04\\\/Brigitte-Macron-confie-ses-nouvelles-phases-de-pessimisme-un-etat-dame-inedit.jpg\",\"width\":2560,\"height\":1429,\"caption\":\"brigitte macron partage ses phases in\u00e9dites de pessimisme, d\u00e9voilant un \u00e9tat d'\u00e2me profond et rare.\"},{\"@type\":\"BreadcrumbList\",\"@id\":\"https:\\\/\\\/www.sebastien-auziere.fr\\\/blog\\\/it\\\/brigitte-macron-condivide-le-sue-nuove-fasi-di-pessimismo-uno-stato-danimo-inedito\\\/#breadcrumb\",\"itemListElement\":[{\"@type\":\"ListItem\",\"position\":1,\"name\":\"Home\",\"item\":\"https:\\\/\\\/www.sebastien-auziere.fr\\\/blog\\\/\"},{\"@type\":\"ListItem\",\"position\":2,\"name\":\"Brigitte Macron condivide le sue nuove fasi di pessimismo: uno stato d&rsquo;animo inedito\"}]},{\"@type\":\"WebSite\",\"@id\":\"https:\\\/\\\/www.sebastien-auziere.fr\\\/blog\\\/#website\",\"url\":\"https:\\\/\\\/www.sebastien-auziere.fr\\\/blog\\\/\",\"name\":\"Fan site S\u00e9bastien Auzi\u00e8re\",\"description\":\"M\u00e9dia g\u00e9n\u00e9raliste\",\"publisher\":{\"@id\":\"https:\\\/\\\/www.sebastien-auziere.fr\\\/blog\\\/#organization\"},\"potentialAction\":[{\"@type\":\"SearchAction\",\"target\":{\"@type\":\"EntryPoint\",\"urlTemplate\":\"https:\\\/\\\/www.sebastien-auziere.fr\\\/blog\\\/?s={search_term_string}\"},\"query-input\":{\"@type\":\"PropertyValueSpecification\",\"valueRequired\":true,\"valueName\":\"search_term_string\"}}],\"inLanguage\":\"fr-FR\"},{\"@type\":\"Organization\",\"@id\":\"https:\\\/\\\/www.sebastien-auziere.fr\\\/blog\\\/#organization\",\"name\":\"Fan site S\u00e9bastien Auzi\u00e8re\",\"url\":\"https:\\\/\\\/www.sebastien-auziere.fr\\\/blog\\\/\",\"logo\":{\"@type\":\"ImageObject\",\"inLanguage\":\"fr-FR\",\"@id\":\"https:\\\/\\\/www.sebastien-auziere.fr\\\/blog\\\/#\\\/schema\\\/logo\\\/image\\\/\",\"url\":\"https:\\\/\\\/www.sebastien-auziere.fr\\\/blog\\\/wp-content\\\/uploads\\\/2026\\\/03\\\/cropped-cropped-cropped-ChatGPT-Image-6-mars-2026-12_58_09-e1772798376794.jpg\",\"contentUrl\":\"https:\\\/\\\/www.sebastien-auziere.fr\\\/blog\\\/wp-content\\\/uploads\\\/2026\\\/03\\\/cropped-cropped-cropped-ChatGPT-Image-6-mars-2026-12_58_09-e1772798376794.jpg\",\"width\":512,\"height\":360,\"caption\":\"Fan site S\u00e9bastien Auzi\u00e8re\"},\"image\":{\"@id\":\"https:\\\/\\\/www.sebastien-auziere.fr\\\/blog\\\/#\\\/schema\\\/logo\\\/image\\\/\"}},{\"@type\":\"Person\",\"@id\":\"https:\\\/\\\/www.sebastien-auziere.fr\\\/blog\\\/#\\\/schema\\\/person\\\/149f1acdbfd85149c6c3e59adeae2f4d\",\"name\":\"Chloe Gauthier\",\"image\":{\"@type\":\"ImageObject\",\"inLanguage\":\"fr-FR\",\"@id\":\"https:\\\/\\\/secure.gravatar.com\\\/avatar\\\/2c5722f58171cff738a8985ef0dd66b476e563753246a49019befc837ec4201a?s=96&d=mm&r=g\",\"url\":\"https:\\\/\\\/secure.gravatar.com\\\/avatar\\\/2c5722f58171cff738a8985ef0dd66b476e563753246a49019befc837ec4201a?s=96&d=mm&r=g\",\"contentUrl\":\"https:\\\/\\\/secure.gravatar.com\\\/avatar\\\/2c5722f58171cff738a8985ef0dd66b476e563753246a49019befc837ec4201a?s=96&d=mm&r=g\",\"caption\":\"Chloe Gauthier\"},\"description\":\"Passionn\u00e9e par la politique et admiratrice engag\u00e9e de la famille Macron, je consacre mon \u00e9nergie \u00e0 suivre leurs initiatives et \u00e0 promouvoir leurs id\u00e9es. \u00c0 32 ans, je suis convaincue que leur vision est porteuse d'avenir.\",\"url\":\"https:\\\/\\\/www.sebastien-auziere.fr\\\/blog\\\/author\\\/chloe-gauthier\\\/\"}]}<\/script>\n<!-- \/ Yoast SEO plugin. -->","yoast_head_json":{"title":"Brigitte Macron condivide le sue nuove fasi di pessimismo: uno stato d'animo inedito - Fan site S\u00e9bastien Auzi\u00e8re","description":"Brigitte Macron partage ses nouvelles phases de pessimisme, r\u00e9v\u00e9lant un \u00e9tat d'\u00e2me in\u00e9dit et profond. D\u00e9couvrez ses confessions exclusives.","robots":{"index":"index","follow":"follow","max-snippet":"max-snippet:-1","max-image-preview":"max-image-preview:large","max-video-preview":"max-video-preview:-1"},"canonical":"https:\/\/www.sebastien-auziere.fr\/blog\/it\/brigitte-macron-condivide-le-sue-nuove-fasi-di-pessimismo-uno-stato-danimo-inedito\/","og_locale":"fr_FR","og_type":"article","og_title":"Brigitte Macron condivide le sue nuove fasi di pessimismo: uno stato d'animo inedito - Fan site S\u00e9bastien Auzi\u00e8re","og_description":"Brigitte Macron partage ses nouvelles phases de pessimisme, r\u00e9v\u00e9lant un \u00e9tat d'\u00e2me in\u00e9dit et profond. D\u00e9couvrez ses confessions exclusives.","og_url":"https:\/\/www.sebastien-auziere.fr\/blog\/it\/brigitte-macron-condivide-le-sue-nuove-fasi-di-pessimismo-uno-stato-danimo-inedito\/","og_site_name":"Fan site S\u00e9bastien Auzi\u00e8re","article_published_time":"2026-04-28T07:16:20+00:00","article_modified_time":"2026-04-28T07:16:44+00:00","og_image":[{"width":2560,"height":1429,"url":"https:\/\/www.sebastien-auziere.fr\/blog\/wp-content\/uploads\/2026\/04\/Brigitte-Macron-confie-ses-nouvelles-phases-de-pessimisme-un-etat-dame-inedit.jpg","type":"image\/jpeg"}],"author":"Chloe Gauthier","twitter_card":"summary_large_image","twitter_misc":{"\u00c9crit par":"Chloe Gauthier","Dur\u00e9e de lecture estim\u00e9e":"2 minutes"},"schema":{"@context":"https:\/\/schema.org","@graph":[{"@type":"Article","@id":"https:\/\/www.sebastien-auziere.fr\/blog\/it\/brigitte-macron-condivide-le-sue-nuove-fasi-di-pessimismo-uno-stato-danimo-inedito\/#article","isPartOf":{"@id":"https:\/\/www.sebastien-auziere.fr\/blog\/it\/brigitte-macron-condivide-le-sue-nuove-fasi-di-pessimismo-uno-stato-danimo-inedito\/"},"author":{"name":"Chloe Gauthier","@id":"https:\/\/www.sebastien-auziere.fr\/blog\/#\/schema\/person\/149f1acdbfd85149c6c3e59adeae2f4d"},"headline":"Brigitte Macron condivide le sue nuove fasi di pessimismo: uno stato d&rsquo;animo inedito","datePublished":"2026-04-28T07:16:20+00:00","dateModified":"2026-04-28T07:16:44+00:00","mainEntityOfPage":{"@id":"https:\/\/www.sebastien-auziere.fr\/blog\/it\/brigitte-macron-condivide-le-sue-nuove-fasi-di-pessimismo-uno-stato-danimo-inedito\/"},"wordCount":477,"commentCount":0,"publisher":{"@id":"https:\/\/www.sebastien-auziere.fr\/blog\/#organization"},"image":{"@id":"https:\/\/www.sebastien-auziere.fr\/blog\/it\/brigitte-macron-condivide-le-sue-nuove-fasi-di-pessimismo-uno-stato-danimo-inedito\/#primaryimage"},"thumbnailUrl":"https:\/\/www.sebastien-auziere.fr\/blog\/wp-content\/uploads\/2026\/04\/Brigitte-Macron-confie-ses-nouvelles-phases-de-pessimisme-un-etat-dame-inedit.jpg","keywords":["attualit\u00e0 politica","brigitte macron","comunicazione presidenziale","pessimismo","stato d'animo"],"articleSection":["Actualit\u00e0"],"inLanguage":"fr-FR","potentialAction":[{"@type":"CommentAction","name":"Comment","target":["https:\/\/www.sebastien-auziere.fr\/blog\/it\/brigitte-macron-condivide-le-sue-nuove-fasi-di-pessimismo-uno-stato-danimo-inedito\/#respond"]}]},{"@type":"WebPage","@id":"https:\/\/www.sebastien-auziere.fr\/blog\/it\/brigitte-macron-condivide-le-sue-nuove-fasi-di-pessimismo-uno-stato-danimo-inedito\/","url":"https:\/\/www.sebastien-auziere.fr\/blog\/it\/brigitte-macron-condivide-le-sue-nuove-fasi-di-pessimismo-uno-stato-danimo-inedito\/","name":"Brigitte Macron condivide le sue nuove fasi di pessimismo: uno stato d'animo inedito - Fan site S\u00e9bastien Auzi\u00e8re","isPartOf":{"@id":"https:\/\/www.sebastien-auziere.fr\/blog\/#website"},"primaryImageOfPage":{"@id":"https:\/\/www.sebastien-auziere.fr\/blog\/it\/brigitte-macron-condivide-le-sue-nuove-fasi-di-pessimismo-uno-stato-danimo-inedito\/#primaryimage"},"image":{"@id":"https:\/\/www.sebastien-auziere.fr\/blog\/it\/brigitte-macron-condivide-le-sue-nuove-fasi-di-pessimismo-uno-stato-danimo-inedito\/#primaryimage"},"thumbnailUrl":"https:\/\/www.sebastien-auziere.fr\/blog\/wp-content\/uploads\/2026\/04\/Brigitte-Macron-confie-ses-nouvelles-phases-de-pessimisme-un-etat-dame-inedit.jpg","datePublished":"2026-04-28T07:16:20+00:00","dateModified":"2026-04-28T07:16:44+00:00","description":"Brigitte Macron partage ses nouvelles phases de pessimisme, r\u00e9v\u00e9lant un \u00e9tat d'\u00e2me in\u00e9dit et profond. D\u00e9couvrez ses confessions exclusives.","breadcrumb":{"@id":"https:\/\/www.sebastien-auziere.fr\/blog\/it\/brigitte-macron-condivide-le-sue-nuove-fasi-di-pessimismo-uno-stato-danimo-inedito\/#breadcrumb"},"inLanguage":"fr-FR","potentialAction":[{"@type":"ReadAction","target":["https:\/\/www.sebastien-auziere.fr\/blog\/it\/brigitte-macron-condivide-le-sue-nuove-fasi-di-pessimismo-uno-stato-danimo-inedito\/"]}]},{"@type":"ImageObject","inLanguage":"fr-FR","@id":"https:\/\/www.sebastien-auziere.fr\/blog\/it\/brigitte-macron-condivide-le-sue-nuove-fasi-di-pessimismo-uno-stato-danimo-inedito\/#primaryimage","url":"https:\/\/www.sebastien-auziere.fr\/blog\/wp-content\/uploads\/2026\/04\/Brigitte-Macron-confie-ses-nouvelles-phases-de-pessimisme-un-etat-dame-inedit.jpg","contentUrl":"https:\/\/www.sebastien-auziere.fr\/blog\/wp-content\/uploads\/2026\/04\/Brigitte-Macron-confie-ses-nouvelles-phases-de-pessimisme-un-etat-dame-inedit.jpg","width":2560,"height":1429,"caption":"brigitte macron partage ses phases in\u00e9dites de pessimisme, d\u00e9voilant un \u00e9tat d'\u00e2me profond et rare."},{"@type":"BreadcrumbList","@id":"https:\/\/www.sebastien-auziere.fr\/blog\/it\/brigitte-macron-condivide-le-sue-nuove-fasi-di-pessimismo-uno-stato-danimo-inedito\/#breadcrumb","itemListElement":[{"@type":"ListItem","position":1,"name":"Home","item":"https:\/\/www.sebastien-auziere.fr\/blog\/"},{"@type":"ListItem","position":2,"name":"Brigitte Macron condivide le sue nuove fasi di pessimismo: uno stato d&rsquo;animo inedito"}]},{"@type":"WebSite","@id":"https:\/\/www.sebastien-auziere.fr\/blog\/#website","url":"https:\/\/www.sebastien-auziere.fr\/blog\/","name":"Fan site S\u00e9bastien Auzi\u00e8re","description":"M\u00e9dia g\u00e9n\u00e9raliste","publisher":{"@id":"https:\/\/www.sebastien-auziere.fr\/blog\/#organization"},"potentialAction":[{"@type":"SearchAction","target":{"@type":"EntryPoint","urlTemplate":"https:\/\/www.sebastien-auziere.fr\/blog\/?s={search_term_string}"},"query-input":{"@type":"PropertyValueSpecification","valueRequired":true,"valueName":"search_term_string"}}],"inLanguage":"fr-FR"},{"@type":"Organization","@id":"https:\/\/www.sebastien-auziere.fr\/blog\/#organization","name":"Fan site S\u00e9bastien Auzi\u00e8re","url":"https:\/\/www.sebastien-auziere.fr\/blog\/","logo":{"@type":"ImageObject","inLanguage":"fr-FR","@id":"https:\/\/www.sebastien-auziere.fr\/blog\/#\/schema\/logo\/image\/","url":"https:\/\/www.sebastien-auziere.fr\/blog\/wp-content\/uploads\/2026\/03\/cropped-cropped-cropped-ChatGPT-Image-6-mars-2026-12_58_09-e1772798376794.jpg","contentUrl":"https:\/\/www.sebastien-auziere.fr\/blog\/wp-content\/uploads\/2026\/03\/cropped-cropped-cropped-ChatGPT-Image-6-mars-2026-12_58_09-e1772798376794.jpg","width":512,"height":360,"caption":"Fan site S\u00e9bastien Auzi\u00e8re"},"image":{"@id":"https:\/\/www.sebastien-auziere.fr\/blog\/#\/schema\/logo\/image\/"}},{"@type":"Person","@id":"https:\/\/www.sebastien-auziere.fr\/blog\/#\/schema\/person\/149f1acdbfd85149c6c3e59adeae2f4d","name":"Chloe Gauthier","image":{"@type":"ImageObject","inLanguage":"fr-FR","@id":"https:\/\/secure.gravatar.com\/avatar\/2c5722f58171cff738a8985ef0dd66b476e563753246a49019befc837ec4201a?s=96&d=mm&r=g","url":"https:\/\/secure.gravatar.com\/avatar\/2c5722f58171cff738a8985ef0dd66b476e563753246a49019befc837ec4201a?s=96&d=mm&r=g","contentUrl":"https:\/\/secure.gravatar.com\/avatar\/2c5722f58171cff738a8985ef0dd66b476e563753246a49019befc837ec4201a?s=96&d=mm&r=g","caption":"Chloe Gauthier"},"description":"Passionn\u00e9e par la politique et admiratrice engag\u00e9e de la famille Macron, je consacre mon \u00e9nergie \u00e0 suivre leurs initiatives et \u00e0 promouvoir leurs id\u00e9es. \u00c0 32 ans, je suis convaincue que leur vision est porteuse d'avenir.","url":"https:\/\/www.sebastien-auziere.fr\/blog\/author\/chloe-gauthier\/"}]}},"views":0,"_links":{"self":[{"href":"https:\/\/www.sebastien-auziere.fr\/blog\/wp-json\/wp\/v2\/posts\/3404","targetHints":{"allow":["GET"]}}],"collection":[{"href":"https:\/\/www.sebastien-auziere.fr\/blog\/wp-json\/wp\/v2\/posts"}],"about":[{"href":"https:\/\/www.sebastien-auziere.fr\/blog\/wp-json\/wp\/v2\/types\/post"}],"author":[{"embeddable":true,"href":"https:\/\/www.sebastien-auziere.fr\/blog\/wp-json\/wp\/v2\/users\/9"}],"replies":[{"embeddable":true,"href":"https:\/\/www.sebastien-auziere.fr\/blog\/wp-json\/wp\/v2\/comments?post=3404"}],"version-history":[{"count":1,"href":"https:\/\/www.sebastien-auziere.fr\/blog\/wp-json\/wp\/v2\/posts\/3404\/revisions"}],"predecessor-version":[{"id":3405,"href":"https:\/\/www.sebastien-auziere.fr\/blog\/wp-json\/wp\/v2\/posts\/3404\/revisions\/3405"}],"wp:featuredmedia":[{"embeddable":true,"href":"https:\/\/www.sebastien-auziere.fr\/blog\/wp-json\/wp\/v2\/media\/3396"}],"wp:attachment":[{"href":"https:\/\/www.sebastien-auziere.fr\/blog\/wp-json\/wp\/v2\/media?parent=3404"}],"wp:term":[{"taxonomy":"category","embeddable":true,"href":"https:\/\/www.sebastien-auziere.fr\/blog\/wp-json\/wp\/v2\/categories?post=3404"},{"taxonomy":"post_tag","embeddable":true,"href":"https:\/\/www.sebastien-auziere.fr\/blog\/wp-json\/wp\/v2\/tags?post=3404"}],"curies":[{"name":"wp","href":"https:\/\/api.w.org\/{rel}","templated":true}]}}