{"id":3400,"date":"2026-04-28T07:13:50","date_gmt":"2026-04-28T07:13:50","guid":{"rendered":"https:\/\/www.sebastien-auziere.fr\/blog\/?p=3400"},"modified":"2026-04-28T07:14:15","modified_gmt":"2026-04-28T07:14:15","slug":"brigitte-macron-confia-sus-nuevas-fases-de-pesimismo-un-estado-de-animo-inedito","status":"publish","type":"post","link":"https:\/\/www.sebastien-auziere.fr\/blog\/es\/brigitte-macron-confia-sus-nuevas-fases-de-pesimismo-un-estado-de-animo-inedito\/","title":{"rendered":"Brigitte Macron conf\u00eda sus nuevas fases de pesimismo: un estado de \u00e1nimo in\u00e9dito"},"content":{"rendered":"<p><strong>Brigitte Macron<\/strong> hizo una asombrosa confesi\u00f3n en una entrevista publicada el 26 de abril de 2026: est\u00e1 atravesando fases de <strong>pesimismo<\/strong> in\u00e9dito, un <strong>estado de \u00e1nimo<\/strong> que sorprende dado que la imagen p\u00fablica est\u00e1 calibrada. Aqu\u00ed descubrir\u00e1s los eventos reales mencionados, los testimonios y lo que esto revela sobre su <strong>psicolog\u00eda<\/strong> despu\u00e9s de casi diez a\u00f1os en el El\u00edseo.<\/p>\n\n<p><strong>En resumen<\/strong>: a los 73 a\u00f1os, la exprofesora menciona una vida anterior m\u00e1s simple, ataques repetidos y una disciplina diaria para mantenerse. Esta <strong>revelaci\u00f3n<\/strong> devuelve un matiz humano a la <strong>actualidad<\/strong> pol\u00edtica y pone de relieve la frontera entre el rol p\u00fablico y la <strong>vida privada<\/strong>.<\/p>\n\n<h2 class=\"wp-block-heading\">Una confesi\u00f3n convertida en palabra p\u00fablica<\/h2>\n\n<p>En la entrevista concedida a La Tribune Dimanche, <strong>Brigitte Macron<\/strong> confiesa: \u00abA veces me resulta dif\u00edcil ver el cielo azul\u00bb, y reconoce tener \u00abmomentos de pesimismo que no ten\u00eda antes\u00bb. Estas palabras, pronunciadas el 26 de abril de 2026, ocupan su lugar desde las primeras l\u00edneas de su <strong>confesi\u00f3n<\/strong> y han sido divulgadas por varios medios nacionales, que corroboran la cita y el contexto. Esta exposici\u00f3n es inusual para una Primera Dama siempre muy protegida por el protocolo. Insight: la palabra privada se convierte en acto p\u00fablico.<\/p>\n\n<h3 class=\"wp-block-heading\">La <strong>vida privada<\/strong> alterada por la exposici\u00f3n<\/h3>\n\n<p>Ella evoca la nostalgia de una \u00abvida normal\u00bb: hijos, profesi\u00f3n de profesora, altibajos ordinarios. Desde la elecci\u00f3n de Emmanuel Macron en 2017 y su segundo mandato, la pareja ha visto desvanecerse su esfera privada. Las burlas, la difamaci\u00f3n y el ciberacoso han pesado: varios autores fueron condenados en enero, seg\u00fan la prensa. Estos ataques explican en parte la <strong>emoci\u00f3n<\/strong> contenida en su testimonio. Insight: la notoriedad transforma las heridas en asuntos p\u00fablicos.<\/p>\n\n<p>El video anterior retoma extractos de la entrevista y contextualiza las declaraciones reportadas.<\/p>\n\n<h2 class=\"wp-block-heading\">Rutinas y resistencias para mantenerse<\/h2>\n\n<p>Para mantener el equilibrio, la Primera Dama tiene una disciplina estricta: gimnasio matutino, una hora de caminata y bicicleta alrededor de La Lanterne. Personas cercanas como H\u00e9l\u00e8ne Arnault destacan una solidez recuperada pero una ingenuidad perdida. Sibeth Ndiaye recuerda que Brigitte \u00abya incomodaba\u00bb al principio y sufri\u00f3 un sexismo violento. Estos h\u00e1bitos f\u00edsicos se presentan como estados de resistencia frente al des\u00e1nimo. Insight: el gesto cotidiano se convierte en una terapia silenciosa.<\/p>\n\n<p>El video ofrece un encuadre m\u00e1s amplio sobre su vida en el palacio y los testimonios de amigos y antiguos colaboradores.<\/p>\n\n<h3 class=\"wp-block-heading\">Lo que dice la psicolog\u00eda de este testimonio<\/h3>\n\n<p>Decir p\u00fablicamente su <strong>pesimismo<\/strong> es tambi\u00e9n una estrategia: admitir la vulnerabilidad desdramatiza y humaniza. Frente a la oscuridad denunciada \u2014\u00abla estupidez, la maldad\u00bb\u2014 la <strong>psicolog\u00eda<\/strong> del rol cambia, transformando un estatus en exposici\u00f3n permanente. Esta <strong>revelaci\u00f3n<\/strong> inscribe la actualidad en una reflexi\u00f3n sobre la resiliencia y la protecci\u00f3n de figuras p\u00fablicas. Insight: confiar su malestar se convierte en un acto pol\u00edtico.<\/p>\n\n<p>Para saber m\u00e1s sobre Brigitte Macron, su trayectoria y los v\u00ednculos familiares que rodean el El\u00edseo, consulta los an\u00e1lisis detallados en <a href=\"https:\/\/www.sebastien-auziere.fr\/blog\/brigitte-macron-tristesse\/\">los dossiers dedicados a Brigitte<\/a> y los informes de prensa, en particular <a href=\"https:\/\/www.marieclaire.fr\/parfois-triste-comme-jamais-la-premiere-dame-brigitte-macron-confie-son-desarroi-apres-10-ans-a-l-elysee,1513426.asp\">los art\u00edculos que han vuelto a relatar la entrevista<\/a>.<\/p>","protected":false},"excerpt":{"rendered":"<p>Brigitte Macron hizo una asombrosa confesi\u00f3n en una entrevista publicada el 26 de abril de 2026: est\u00e1 atravesando fases de pesimismo in\u00e9dito, un estado de \u00e1nimo que sorprende dado que la imagen p\u00fablica est\u00e1 calibrada. Aqu\u00ed descubrir\u00e1s los eventos reales mencionados, los testimonios y lo que esto revela sobre su psicolog\u00eda despu\u00e9s de casi diez &#8230; <a title=\"Brigitte Macron conf\u00eda sus nuevas fases de pesimismo: un estado de \u00e1nimo in\u00e9dito\" class=\"read-more\" href=\"https:\/\/www.sebastien-auziere.fr\/blog\/es\/brigitte-macron-confia-sus-nuevas-fases-de-pesimismo-un-estado-de-animo-inedito\/\" aria-label=\"En savoir plus sur Brigitte Macron conf\u00eda sus nuevas fases de pesimismo: un estado de \u00e1nimo in\u00e9dito\">Lire plus<\/a><\/p>\n","protected":false},"author":9,"featured_media":3396,"comment_status":"open","ping_status":"open","sticky":false,"template":"","format":"standard","meta":{"footnotes":""},"categories":[820],"tags":[2032,914,4603,4606,4609],"class_list":["post-3400","post","type-post","status-publish","format-standard","has-post-thumbnail","hentry","category-actualidades-es","tag-actualite-politica-es","tag-brigitte-macron-es","tag-comunicacion-presidencial-es","tag-estado-de-animo-es","tag-pesimismo-es"],"yoast_head":"<!-- This site is optimized with the Yoast SEO plugin v27.5 - https:\/\/yoast.com\/product\/yoast-seo-wordpress\/ -->\n<title>Brigitte Macron conf\u00eda sus nuevas fases de pesimismo: un estado de \u00e1nimo in\u00e9dito - Fan site S\u00e9bastien Auzi\u00e8re<\/title>\n<meta name=\"description\" content=\"Brigitte Macron partage ses nouvelles phases de pessimisme, r\u00e9v\u00e9lant un \u00e9tat d&#039;\u00e2me in\u00e9dit et profond. D\u00e9couvrez ses confessions exclusives.\" \/>\n<meta name=\"robots\" content=\"index, follow, max-snippet:-1, max-image-preview:large, max-video-preview:-1\" \/>\n<link rel=\"canonical\" href=\"https:\/\/www.sebastien-auziere.fr\/blog\/es\/brigitte-macron-confia-sus-nuevas-fases-de-pesimismo-un-estado-de-animo-inedito\/\" \/>\n<meta property=\"og:locale\" content=\"fr_FR\" \/>\n<meta property=\"og:type\" content=\"article\" \/>\n<meta property=\"og:title\" content=\"Brigitte Macron conf\u00eda sus nuevas fases de pesimismo: un estado de \u00e1nimo in\u00e9dito - Fan site S\u00e9bastien Auzi\u00e8re\" \/>\n<meta property=\"og:description\" content=\"Brigitte Macron partage ses nouvelles phases de pessimisme, r\u00e9v\u00e9lant un \u00e9tat d&#039;\u00e2me in\u00e9dit et profond. D\u00e9couvrez ses confessions exclusives.\" \/>\n<meta property=\"og:url\" content=\"https:\/\/www.sebastien-auziere.fr\/blog\/es\/brigitte-macron-confia-sus-nuevas-fases-de-pesimismo-un-estado-de-animo-inedito\/\" \/>\n<meta property=\"og:site_name\" content=\"Fan site S\u00e9bastien Auzi\u00e8re\" \/>\n<meta property=\"article:published_time\" content=\"2026-04-28T07:13:50+00:00\" \/>\n<meta property=\"article:modified_time\" content=\"2026-04-28T07:14:15+00:00\" \/>\n<meta property=\"og:image\" content=\"https:\/\/www.sebastien-auziere.fr\/blog\/wp-content\/uploads\/2026\/04\/Brigitte-Macron-confie-ses-nouvelles-phases-de-pessimisme-un-etat-dame-inedit.jpg\" \/>\n\t<meta property=\"og:image:width\" content=\"2560\" \/>\n\t<meta property=\"og:image:height\" content=\"1429\" \/>\n\t<meta property=\"og:image:type\" content=\"image\/jpeg\" \/>\n<meta name=\"author\" content=\"Chloe Gauthier\" \/>\n<meta name=\"twitter:card\" content=\"summary_large_image\" \/>\n<meta name=\"twitter:label1\" content=\"\u00c9crit par\" \/>\n\t<meta name=\"twitter:data1\" content=\"Chloe Gauthier\" \/>\n\t<meta name=\"twitter:label2\" content=\"Dur\u00e9e de lecture estim\u00e9e\" \/>\n\t<meta name=\"twitter:data2\" content=\"3 minutes\" \/>\n<script type=\"application\/ld+json\" class=\"yoast-schema-graph\">{\"@context\":\"https:\\\/\\\/schema.org\",\"@graph\":[{\"@type\":\"Article\",\"@id\":\"https:\\\/\\\/www.sebastien-auziere.fr\\\/blog\\\/es\\\/brigitte-macron-confia-sus-nuevas-fases-de-pesimismo-un-estado-de-animo-inedito\\\/#article\",\"isPartOf\":{\"@id\":\"https:\\\/\\\/www.sebastien-auziere.fr\\\/blog\\\/es\\\/brigitte-macron-confia-sus-nuevas-fases-de-pesimismo-un-estado-de-animo-inedito\\\/\"},\"author\":{\"name\":\"Chloe Gauthier\",\"@id\":\"https:\\\/\\\/www.sebastien-auziere.fr\\\/blog\\\/#\\\/schema\\\/person\\\/149f1acdbfd85149c6c3e59adeae2f4d\"},\"headline\":\"Brigitte Macron conf\u00eda sus nuevas fases de pesimismo: un estado de \u00e1nimo in\u00e9dito\",\"datePublished\":\"2026-04-28T07:13:50+00:00\",\"dateModified\":\"2026-04-28T07:14:15+00:00\",\"mainEntityOfPage\":{\"@id\":\"https:\\\/\\\/www.sebastien-auziere.fr\\\/blog\\\/es\\\/brigitte-macron-confia-sus-nuevas-fases-de-pesimismo-un-estado-de-animo-inedito\\\/\"},\"wordCount\":557,\"commentCount\":0,\"publisher\":{\"@id\":\"https:\\\/\\\/www.sebastien-auziere.fr\\\/blog\\\/#organization\"},\"image\":{\"@id\":\"https:\\\/\\\/www.sebastien-auziere.fr\\\/blog\\\/es\\\/brigitte-macron-confia-sus-nuevas-fases-de-pesimismo-un-estado-de-animo-inedito\\\/#primaryimage\"},\"thumbnailUrl\":\"https:\\\/\\\/www.sebastien-auziere.fr\\\/blog\\\/wp-content\\\/uploads\\\/2026\\\/04\\\/Brigitte-Macron-confie-ses-nouvelles-phases-de-pessimisme-un-etat-dame-inedit.jpg\",\"keywords\":[\"actualit\u00e9 pol\u00edtica\",\"brigitte macron\",\"comunicaci\u00f3n presidencial\",\"estado de \u00e1nimo\",\"pesimismo\"],\"articleSection\":[\"Actualidades\"],\"inLanguage\":\"fr-FR\",\"potentialAction\":[{\"@type\":\"CommentAction\",\"name\":\"Comment\",\"target\":[\"https:\\\/\\\/www.sebastien-auziere.fr\\\/blog\\\/es\\\/brigitte-macron-confia-sus-nuevas-fases-de-pesimismo-un-estado-de-animo-inedito\\\/#respond\"]}]},{\"@type\":\"WebPage\",\"@id\":\"https:\\\/\\\/www.sebastien-auziere.fr\\\/blog\\\/es\\\/brigitte-macron-confia-sus-nuevas-fases-de-pesimismo-un-estado-de-animo-inedito\\\/\",\"url\":\"https:\\\/\\\/www.sebastien-auziere.fr\\\/blog\\\/es\\\/brigitte-macron-confia-sus-nuevas-fases-de-pesimismo-un-estado-de-animo-inedito\\\/\",\"name\":\"Brigitte Macron conf\u00eda sus nuevas fases de pesimismo: un estado de \u00e1nimo in\u00e9dito - Fan site S\u00e9bastien Auzi\u00e8re\",\"isPartOf\":{\"@id\":\"https:\\\/\\\/www.sebastien-auziere.fr\\\/blog\\\/#website\"},\"primaryImageOfPage\":{\"@id\":\"https:\\\/\\\/www.sebastien-auziere.fr\\\/blog\\\/es\\\/brigitte-macron-confia-sus-nuevas-fases-de-pesimismo-un-estado-de-animo-inedito\\\/#primaryimage\"},\"image\":{\"@id\":\"https:\\\/\\\/www.sebastien-auziere.fr\\\/blog\\\/es\\\/brigitte-macron-confia-sus-nuevas-fases-de-pesimismo-un-estado-de-animo-inedito\\\/#primaryimage\"},\"thumbnailUrl\":\"https:\\\/\\\/www.sebastien-auziere.fr\\\/blog\\\/wp-content\\\/uploads\\\/2026\\\/04\\\/Brigitte-Macron-confie-ses-nouvelles-phases-de-pessimisme-un-etat-dame-inedit.jpg\",\"datePublished\":\"2026-04-28T07:13:50+00:00\",\"dateModified\":\"2026-04-28T07:14:15+00:00\",\"description\":\"Brigitte Macron partage ses nouvelles phases de pessimisme, r\u00e9v\u00e9lant un \u00e9tat d'\u00e2me in\u00e9dit et profond. D\u00e9couvrez ses confessions exclusives.\",\"breadcrumb\":{\"@id\":\"https:\\\/\\\/www.sebastien-auziere.fr\\\/blog\\\/es\\\/brigitte-macron-confia-sus-nuevas-fases-de-pesimismo-un-estado-de-animo-inedito\\\/#breadcrumb\"},\"inLanguage\":\"fr-FR\",\"potentialAction\":[{\"@type\":\"ReadAction\",\"target\":[\"https:\\\/\\\/www.sebastien-auziere.fr\\\/blog\\\/es\\\/brigitte-macron-confia-sus-nuevas-fases-de-pesimismo-un-estado-de-animo-inedito\\\/\"]}]},{\"@type\":\"ImageObject\",\"inLanguage\":\"fr-FR\",\"@id\":\"https:\\\/\\\/www.sebastien-auziere.fr\\\/blog\\\/es\\\/brigitte-macron-confia-sus-nuevas-fases-de-pesimismo-un-estado-de-animo-inedito\\\/#primaryimage\",\"url\":\"https:\\\/\\\/www.sebastien-auziere.fr\\\/blog\\\/wp-content\\\/uploads\\\/2026\\\/04\\\/Brigitte-Macron-confie-ses-nouvelles-phases-de-pessimisme-un-etat-dame-inedit.jpg\",\"contentUrl\":\"https:\\\/\\\/www.sebastien-auziere.fr\\\/blog\\\/wp-content\\\/uploads\\\/2026\\\/04\\\/Brigitte-Macron-confie-ses-nouvelles-phases-de-pessimisme-un-etat-dame-inedit.jpg\",\"width\":2560,\"height\":1429,\"caption\":\"brigitte macron partage ses phases in\u00e9dites de pessimisme, d\u00e9voilant un \u00e9tat d'\u00e2me profond et rare.\"},{\"@type\":\"BreadcrumbList\",\"@id\":\"https:\\\/\\\/www.sebastien-auziere.fr\\\/blog\\\/es\\\/brigitte-macron-confia-sus-nuevas-fases-de-pesimismo-un-estado-de-animo-inedito\\\/#breadcrumb\",\"itemListElement\":[{\"@type\":\"ListItem\",\"position\":1,\"name\":\"Home\",\"item\":\"https:\\\/\\\/www.sebastien-auziere.fr\\\/blog\\\/\"},{\"@type\":\"ListItem\",\"position\":2,\"name\":\"Brigitte Macron conf\u00eda sus nuevas fases de pesimismo: un estado de \u00e1nimo in\u00e9dito\"}]},{\"@type\":\"WebSite\",\"@id\":\"https:\\\/\\\/www.sebastien-auziere.fr\\\/blog\\\/#website\",\"url\":\"https:\\\/\\\/www.sebastien-auziere.fr\\\/blog\\\/\",\"name\":\"Fan site S\u00e9bastien Auzi\u00e8re\",\"description\":\"M\u00e9dia g\u00e9n\u00e9raliste\",\"publisher\":{\"@id\":\"https:\\\/\\\/www.sebastien-auziere.fr\\\/blog\\\/#organization\"},\"potentialAction\":[{\"@type\":\"SearchAction\",\"target\":{\"@type\":\"EntryPoint\",\"urlTemplate\":\"https:\\\/\\\/www.sebastien-auziere.fr\\\/blog\\\/?s={search_term_string}\"},\"query-input\":{\"@type\":\"PropertyValueSpecification\",\"valueRequired\":true,\"valueName\":\"search_term_string\"}}],\"inLanguage\":\"fr-FR\"},{\"@type\":\"Organization\",\"@id\":\"https:\\\/\\\/www.sebastien-auziere.fr\\\/blog\\\/#organization\",\"name\":\"Fan site S\u00e9bastien Auzi\u00e8re\",\"url\":\"https:\\\/\\\/www.sebastien-auziere.fr\\\/blog\\\/\",\"logo\":{\"@type\":\"ImageObject\",\"inLanguage\":\"fr-FR\",\"@id\":\"https:\\\/\\\/www.sebastien-auziere.fr\\\/blog\\\/#\\\/schema\\\/logo\\\/image\\\/\",\"url\":\"https:\\\/\\\/www.sebastien-auziere.fr\\\/blog\\\/wp-content\\\/uploads\\\/2026\\\/03\\\/cropped-cropped-cropped-ChatGPT-Image-6-mars-2026-12_58_09-e1772798376794.jpg\",\"contentUrl\":\"https:\\\/\\\/www.sebastien-auziere.fr\\\/blog\\\/wp-content\\\/uploads\\\/2026\\\/03\\\/cropped-cropped-cropped-ChatGPT-Image-6-mars-2026-12_58_09-e1772798376794.jpg\",\"width\":512,\"height\":360,\"caption\":\"Fan site S\u00e9bastien Auzi\u00e8re\"},\"image\":{\"@id\":\"https:\\\/\\\/www.sebastien-auziere.fr\\\/blog\\\/#\\\/schema\\\/logo\\\/image\\\/\"}},{\"@type\":\"Person\",\"@id\":\"https:\\\/\\\/www.sebastien-auziere.fr\\\/blog\\\/#\\\/schema\\\/person\\\/149f1acdbfd85149c6c3e59adeae2f4d\",\"name\":\"Chloe Gauthier\",\"image\":{\"@type\":\"ImageObject\",\"inLanguage\":\"fr-FR\",\"@id\":\"https:\\\/\\\/secure.gravatar.com\\\/avatar\\\/2c5722f58171cff738a8985ef0dd66b476e563753246a49019befc837ec4201a?s=96&d=mm&r=g\",\"url\":\"https:\\\/\\\/secure.gravatar.com\\\/avatar\\\/2c5722f58171cff738a8985ef0dd66b476e563753246a49019befc837ec4201a?s=96&d=mm&r=g\",\"contentUrl\":\"https:\\\/\\\/secure.gravatar.com\\\/avatar\\\/2c5722f58171cff738a8985ef0dd66b476e563753246a49019befc837ec4201a?s=96&d=mm&r=g\",\"caption\":\"Chloe Gauthier\"},\"description\":\"Passionn\u00e9e par la politique et admiratrice engag\u00e9e de la famille Macron, je consacre mon \u00e9nergie \u00e0 suivre leurs initiatives et \u00e0 promouvoir leurs id\u00e9es. \u00c0 32 ans, je suis convaincue que leur vision est porteuse d'avenir.\",\"url\":\"https:\\\/\\\/www.sebastien-auziere.fr\\\/blog\\\/author\\\/chloe-gauthier\\\/\"}]}<\/script>\n<!-- \/ Yoast SEO plugin. -->","yoast_head_json":{"title":"Brigitte Macron conf\u00eda sus nuevas fases de pesimismo: un estado de \u00e1nimo in\u00e9dito - Fan site S\u00e9bastien Auzi\u00e8re","description":"Brigitte Macron partage ses nouvelles phases de pessimisme, r\u00e9v\u00e9lant un \u00e9tat d'\u00e2me in\u00e9dit et profond. D\u00e9couvrez ses confessions exclusives.","robots":{"index":"index","follow":"follow","max-snippet":"max-snippet:-1","max-image-preview":"max-image-preview:large","max-video-preview":"max-video-preview:-1"},"canonical":"https:\/\/www.sebastien-auziere.fr\/blog\/es\/brigitte-macron-confia-sus-nuevas-fases-de-pesimismo-un-estado-de-animo-inedito\/","og_locale":"fr_FR","og_type":"article","og_title":"Brigitte Macron conf\u00eda sus nuevas fases de pesimismo: un estado de \u00e1nimo in\u00e9dito - Fan site S\u00e9bastien Auzi\u00e8re","og_description":"Brigitte Macron partage ses nouvelles phases de pessimisme, r\u00e9v\u00e9lant un \u00e9tat d'\u00e2me in\u00e9dit et profond. D\u00e9couvrez ses confessions exclusives.","og_url":"https:\/\/www.sebastien-auziere.fr\/blog\/es\/brigitte-macron-confia-sus-nuevas-fases-de-pesimismo-un-estado-de-animo-inedito\/","og_site_name":"Fan site S\u00e9bastien Auzi\u00e8re","article_published_time":"2026-04-28T07:13:50+00:00","article_modified_time":"2026-04-28T07:14:15+00:00","og_image":[{"width":2560,"height":1429,"url":"https:\/\/www.sebastien-auziere.fr\/blog\/wp-content\/uploads\/2026\/04\/Brigitte-Macron-confie-ses-nouvelles-phases-de-pessimisme-un-etat-dame-inedit.jpg","type":"image\/jpeg"}],"author":"Chloe Gauthier","twitter_card":"summary_large_image","twitter_misc":{"\u00c9crit par":"Chloe Gauthier","Dur\u00e9e de lecture estim\u00e9e":"3 minutes"},"schema":{"@context":"https:\/\/schema.org","@graph":[{"@type":"Article","@id":"https:\/\/www.sebastien-auziere.fr\/blog\/es\/brigitte-macron-confia-sus-nuevas-fases-de-pesimismo-un-estado-de-animo-inedito\/#article","isPartOf":{"@id":"https:\/\/www.sebastien-auziere.fr\/blog\/es\/brigitte-macron-confia-sus-nuevas-fases-de-pesimismo-un-estado-de-animo-inedito\/"},"author":{"name":"Chloe Gauthier","@id":"https:\/\/www.sebastien-auziere.fr\/blog\/#\/schema\/person\/149f1acdbfd85149c6c3e59adeae2f4d"},"headline":"Brigitte Macron conf\u00eda sus nuevas fases de pesimismo: un estado de \u00e1nimo in\u00e9dito","datePublished":"2026-04-28T07:13:50+00:00","dateModified":"2026-04-28T07:14:15+00:00","mainEntityOfPage":{"@id":"https:\/\/www.sebastien-auziere.fr\/blog\/es\/brigitte-macron-confia-sus-nuevas-fases-de-pesimismo-un-estado-de-animo-inedito\/"},"wordCount":557,"commentCount":0,"publisher":{"@id":"https:\/\/www.sebastien-auziere.fr\/blog\/#organization"},"image":{"@id":"https:\/\/www.sebastien-auziere.fr\/blog\/es\/brigitte-macron-confia-sus-nuevas-fases-de-pesimismo-un-estado-de-animo-inedito\/#primaryimage"},"thumbnailUrl":"https:\/\/www.sebastien-auziere.fr\/blog\/wp-content\/uploads\/2026\/04\/Brigitte-Macron-confie-ses-nouvelles-phases-de-pessimisme-un-etat-dame-inedit.jpg","keywords":["actualit\u00e9 pol\u00edtica","brigitte macron","comunicaci\u00f3n presidencial","estado de \u00e1nimo","pesimismo"],"articleSection":["Actualidades"],"inLanguage":"fr-FR","potentialAction":[{"@type":"CommentAction","name":"Comment","target":["https:\/\/www.sebastien-auziere.fr\/blog\/es\/brigitte-macron-confia-sus-nuevas-fases-de-pesimismo-un-estado-de-animo-inedito\/#respond"]}]},{"@type":"WebPage","@id":"https:\/\/www.sebastien-auziere.fr\/blog\/es\/brigitte-macron-confia-sus-nuevas-fases-de-pesimismo-un-estado-de-animo-inedito\/","url":"https:\/\/www.sebastien-auziere.fr\/blog\/es\/brigitte-macron-confia-sus-nuevas-fases-de-pesimismo-un-estado-de-animo-inedito\/","name":"Brigitte Macron conf\u00eda sus nuevas fases de pesimismo: un estado de \u00e1nimo in\u00e9dito - Fan site S\u00e9bastien Auzi\u00e8re","isPartOf":{"@id":"https:\/\/www.sebastien-auziere.fr\/blog\/#website"},"primaryImageOfPage":{"@id":"https:\/\/www.sebastien-auziere.fr\/blog\/es\/brigitte-macron-confia-sus-nuevas-fases-de-pesimismo-un-estado-de-animo-inedito\/#primaryimage"},"image":{"@id":"https:\/\/www.sebastien-auziere.fr\/blog\/es\/brigitte-macron-confia-sus-nuevas-fases-de-pesimismo-un-estado-de-animo-inedito\/#primaryimage"},"thumbnailUrl":"https:\/\/www.sebastien-auziere.fr\/blog\/wp-content\/uploads\/2026\/04\/Brigitte-Macron-confie-ses-nouvelles-phases-de-pessimisme-un-etat-dame-inedit.jpg","datePublished":"2026-04-28T07:13:50+00:00","dateModified":"2026-04-28T07:14:15+00:00","description":"Brigitte Macron partage ses nouvelles phases de pessimisme, r\u00e9v\u00e9lant un \u00e9tat d'\u00e2me in\u00e9dit et profond. D\u00e9couvrez ses confessions exclusives.","breadcrumb":{"@id":"https:\/\/www.sebastien-auziere.fr\/blog\/es\/brigitte-macron-confia-sus-nuevas-fases-de-pesimismo-un-estado-de-animo-inedito\/#breadcrumb"},"inLanguage":"fr-FR","potentialAction":[{"@type":"ReadAction","target":["https:\/\/www.sebastien-auziere.fr\/blog\/es\/brigitte-macron-confia-sus-nuevas-fases-de-pesimismo-un-estado-de-animo-inedito\/"]}]},{"@type":"ImageObject","inLanguage":"fr-FR","@id":"https:\/\/www.sebastien-auziere.fr\/blog\/es\/brigitte-macron-confia-sus-nuevas-fases-de-pesimismo-un-estado-de-animo-inedito\/#primaryimage","url":"https:\/\/www.sebastien-auziere.fr\/blog\/wp-content\/uploads\/2026\/04\/Brigitte-Macron-confie-ses-nouvelles-phases-de-pessimisme-un-etat-dame-inedit.jpg","contentUrl":"https:\/\/www.sebastien-auziere.fr\/blog\/wp-content\/uploads\/2026\/04\/Brigitte-Macron-confie-ses-nouvelles-phases-de-pessimisme-un-etat-dame-inedit.jpg","width":2560,"height":1429,"caption":"brigitte macron partage ses phases in\u00e9dites de pessimisme, d\u00e9voilant un \u00e9tat d'\u00e2me profond et rare."},{"@type":"BreadcrumbList","@id":"https:\/\/www.sebastien-auziere.fr\/blog\/es\/brigitte-macron-confia-sus-nuevas-fases-de-pesimismo-un-estado-de-animo-inedito\/#breadcrumb","itemListElement":[{"@type":"ListItem","position":1,"name":"Home","item":"https:\/\/www.sebastien-auziere.fr\/blog\/"},{"@type":"ListItem","position":2,"name":"Brigitte Macron conf\u00eda sus nuevas fases de pesimismo: un estado de \u00e1nimo in\u00e9dito"}]},{"@type":"WebSite","@id":"https:\/\/www.sebastien-auziere.fr\/blog\/#website","url":"https:\/\/www.sebastien-auziere.fr\/blog\/","name":"Fan site S\u00e9bastien Auzi\u00e8re","description":"M\u00e9dia g\u00e9n\u00e9raliste","publisher":{"@id":"https:\/\/www.sebastien-auziere.fr\/blog\/#organization"},"potentialAction":[{"@type":"SearchAction","target":{"@type":"EntryPoint","urlTemplate":"https:\/\/www.sebastien-auziere.fr\/blog\/?s={search_term_string}"},"query-input":{"@type":"PropertyValueSpecification","valueRequired":true,"valueName":"search_term_string"}}],"inLanguage":"fr-FR"},{"@type":"Organization","@id":"https:\/\/www.sebastien-auziere.fr\/blog\/#organization","name":"Fan site S\u00e9bastien Auzi\u00e8re","url":"https:\/\/www.sebastien-auziere.fr\/blog\/","logo":{"@type":"ImageObject","inLanguage":"fr-FR","@id":"https:\/\/www.sebastien-auziere.fr\/blog\/#\/schema\/logo\/image\/","url":"https:\/\/www.sebastien-auziere.fr\/blog\/wp-content\/uploads\/2026\/03\/cropped-cropped-cropped-ChatGPT-Image-6-mars-2026-12_58_09-e1772798376794.jpg","contentUrl":"https:\/\/www.sebastien-auziere.fr\/blog\/wp-content\/uploads\/2026\/03\/cropped-cropped-cropped-ChatGPT-Image-6-mars-2026-12_58_09-e1772798376794.jpg","width":512,"height":360,"caption":"Fan site S\u00e9bastien Auzi\u00e8re"},"image":{"@id":"https:\/\/www.sebastien-auziere.fr\/blog\/#\/schema\/logo\/image\/"}},{"@type":"Person","@id":"https:\/\/www.sebastien-auziere.fr\/blog\/#\/schema\/person\/149f1acdbfd85149c6c3e59adeae2f4d","name":"Chloe Gauthier","image":{"@type":"ImageObject","inLanguage":"fr-FR","@id":"https:\/\/secure.gravatar.com\/avatar\/2c5722f58171cff738a8985ef0dd66b476e563753246a49019befc837ec4201a?s=96&d=mm&r=g","url":"https:\/\/secure.gravatar.com\/avatar\/2c5722f58171cff738a8985ef0dd66b476e563753246a49019befc837ec4201a?s=96&d=mm&r=g","contentUrl":"https:\/\/secure.gravatar.com\/avatar\/2c5722f58171cff738a8985ef0dd66b476e563753246a49019befc837ec4201a?s=96&d=mm&r=g","caption":"Chloe Gauthier"},"description":"Passionn\u00e9e par la politique et admiratrice engag\u00e9e de la famille Macron, je consacre mon \u00e9nergie \u00e0 suivre leurs initiatives et \u00e0 promouvoir leurs id\u00e9es. \u00c0 32 ans, je suis convaincue que leur vision est porteuse d'avenir.","url":"https:\/\/www.sebastien-auziere.fr\/blog\/author\/chloe-gauthier\/"}]}},"views":0,"_links":{"self":[{"href":"https:\/\/www.sebastien-auziere.fr\/blog\/wp-json\/wp\/v2\/posts\/3400","targetHints":{"allow":["GET"]}}],"collection":[{"href":"https:\/\/www.sebastien-auziere.fr\/blog\/wp-json\/wp\/v2\/posts"}],"about":[{"href":"https:\/\/www.sebastien-auziere.fr\/blog\/wp-json\/wp\/v2\/types\/post"}],"author":[{"embeddable":true,"href":"https:\/\/www.sebastien-auziere.fr\/blog\/wp-json\/wp\/v2\/users\/9"}],"replies":[{"embeddable":true,"href":"https:\/\/www.sebastien-auziere.fr\/blog\/wp-json\/wp\/v2\/comments?post=3400"}],"version-history":[{"count":1,"href":"https:\/\/www.sebastien-auziere.fr\/blog\/wp-json\/wp\/v2\/posts\/3400\/revisions"}],"predecessor-version":[{"id":3401,"href":"https:\/\/www.sebastien-auziere.fr\/blog\/wp-json\/wp\/v2\/posts\/3400\/revisions\/3401"}],"wp:featuredmedia":[{"embeddable":true,"href":"https:\/\/www.sebastien-auziere.fr\/blog\/wp-json\/wp\/v2\/media\/3396"}],"wp:attachment":[{"href":"https:\/\/www.sebastien-auziere.fr\/blog\/wp-json\/wp\/v2\/media?parent=3400"}],"wp:term":[{"taxonomy":"category","embeddable":true,"href":"https:\/\/www.sebastien-auziere.fr\/blog\/wp-json\/wp\/v2\/categories?post=3400"},{"taxonomy":"post_tag","embeddable":true,"href":"https:\/\/www.sebastien-auziere.fr\/blog\/wp-json\/wp\/v2\/tags?post=3400"}],"curies":[{"name":"wp","href":"https:\/\/api.w.org\/{rel}","templated":true}]}}