{"id":3398,"date":"2026-04-28T07:13:19","date_gmt":"2026-04-28T07:13:19","guid":{"rendered":"https:\/\/www.sebastien-auziere.fr\/blog\/?p=3398"},"modified":"2026-04-28T07:13:50","modified_gmt":"2026-04-28T07:13:50","slug":"brigitte-macron-shares-her-new-phases-of-pessimism-an-unprecedented-state-of-mind","status":"publish","type":"post","link":"https:\/\/www.sebastien-auziere.fr\/blog\/en\/brigitte-macron-shares-her-new-phases-of-pessimism-an-unprecedented-state-of-mind\/","title":{"rendered":"Brigitte Macron shares her new phases of pessimism: an unprecedented state of mind"},"content":{"rendered":"<p><strong>Brigitte Macron<\/strong> made a surprising confession in an interview published on April 26, 2026: she is going through unprecedented phases of <strong>pessimism<\/strong>, a <strong>state of mind<\/strong> that is surprising given how carefully calibrated her public image is. Here you will discover the actual events mentioned, testimonies, and what this reveals about her <strong>psychology<\/strong> after nearly ten years at the \u00c9lys\u00e9e.<\/p>\n\n<p><strong>In brief<\/strong>: at 73, the former teacher reflects on a simpler life before, repeated attacks, and a daily discipline to cope. This <strong>revelation<\/strong> lends a human color to political <strong>news<\/strong> and highlights the line between public role and <strong>private life<\/strong>.<\/p>\n\n<h2 class=\"wp-block-heading\">A confession that became public speech<\/h2>\n\n<p>In the interview granted to La Tribune Dimanche, <strong>Brigitte Macron<\/strong> confides: \u201cI sometimes find it difficult to see the blue sky,\u201d and admits to having \u201cmoments of pessimism that I did not have before.\u201d These words, spoken on April 26, 2026, hold their place from the very first lines of her <strong>confession<\/strong> and have been relayed by several national media, which corroborate the quote and the context. This unveiling is unprecedented for a First Lady who has always been very protected by protocol. Insight: private speech becomes public act.<\/p>\n\n<h3 class=\"wp-block-heading\">The <strong>private life<\/strong> shaken by exposure<\/h3>\n\n<p>She evokes nostalgia for a \u00ab\u00a0normal life\u00a0\u00bb: children, teaching profession, ordinary ups and downs. Since Emmanuel Macron&rsquo;s election in 2017 and his second term, the couple has seen their private sphere fade away. Mockery, defamation, and cyberbullying have weighed heavily: several authors were convicted in January, according to the press. These attacks partly explain the <strong>emotion<\/strong> contained in her testimony. Insight: fame turns wounds into public affairs.<\/p>\n\n<p>The video sequence above includes excerpts from the interview and contextualizes the reported statements.<\/p>\n\n<h2 class=\"wp-block-heading\">Routines and resistances to endure<\/h2>\n\n<p>To maintain balance, the First Lady has a strict routine: morning gym, an hour of walking, and cycling around La Lanterne. Close friends like H\u00e9l\u00e8ne Arnault note a regained strength but a lost na\u00efvet\u00e9. Sibeth Ndiaye recalls that Brigitte \u201cwas already a disturbance\u201d at the beginning and endured violent sexism. These physical habits are presented as states of resistance against discouragement. Insight: the daily gesture becomes silent therapy.<\/p>\n\n<p>The video provides a broader framing of her life at the palace and the testimonies of friends and former collaborators.<\/p>\n\n<h3 class=\"wp-block-heading\">What psychology reveals from this testimony<\/h3>\n\n<p>Publicly expressing her <strong>pessimism<\/strong> is also a strategy: admitting vulnerability de-dramatizes and humanizes. In the face of the darkness denounced \u2014 \u201cstupidity, malice\u201d \u2014 the <strong>psychology<\/strong> of the role shifts, transforming a status into a permanent exposure. This <strong>revelation<\/strong> places current events within a reflection on resilience and the protection of public figures. Insight: confiding one\u2019s discomfort becomes a political act.<\/p>\n\n<p>To learn more about Brigitte Macron, her background, and the family ties surrounding the \u00c9lys\u00e9e, check out the detailed analyses on <a href=\"https:\/\/www.sebastien-auziere.fr\/blog\/brigitte-macron-tristesse\/\">the files dedicated to Brigitte<\/a> and the press releases, especially <a href=\"https:\/\/www.marieclaire.fr\/parfois-triste-comme-jamais-la-premiere-dame-brigitte-macron-confie-son-desarroi-apres-10-ans-a-l-elysee,1513426.asp\">the articles that covered the interview<\/a>.<\/p>","protected":false},"excerpt":{"rendered":"<p>Brigitte Macron made a surprising confession in an interview published on April 26, 2026: she is going through unprecedented phases of pessimism, a state of mind that is surprising given how carefully calibrated her public image is. Here you will discover the actual events mentioned, testimonies, and what this reveals about her psychology after nearly &#8230; <a title=\"Brigitte Macron shares her new phases of pessimism: an unprecedented state of mind\" class=\"read-more\" href=\"https:\/\/www.sebastien-auziere.fr\/blog\/en\/brigitte-macron-shares-her-new-phases-of-pessimism-an-unprecedented-state-of-mind\/\" aria-label=\"En savoir plus sur Brigitte Macron shares her new phases of pessimism: an unprecedented state of mind\">Lire plus<\/a><\/p>\n","protected":false},"author":9,"featured_media":3396,"comment_status":"open","ping_status":"open","sticky":false,"template":"","format":"standard","meta":{"footnotes":""},"categories":[816],"tags":[2019,898,4593,4599,4596],"class_list":["post-3398","post","type-post","status-publish","format-standard","has-post-thumbnail","hentry","category-news","tag-actualite-politique-en","tag-brigitte-macron-en","tag-communication-presidential-en","tag-pessimism-en","tag-state-of-mind-en"],"yoast_head":"<!-- This site is optimized with the Yoast SEO plugin v27.5 - https:\/\/yoast.com\/product\/yoast-seo-wordpress\/ -->\n<title>Brigitte Macron shares her new phases of pessimism: an unprecedented state of mind - Fan site S\u00e9bastien Auzi\u00e8re<\/title>\n<meta name=\"description\" content=\"Brigitte Macron partage ses nouvelles phases de pessimisme, r\u00e9v\u00e9lant un \u00e9tat d&#039;\u00e2me in\u00e9dit et profond. D\u00e9couvrez ses confessions exclusives.\" \/>\n<meta name=\"robots\" content=\"index, follow, max-snippet:-1, max-image-preview:large, max-video-preview:-1\" \/>\n<link rel=\"canonical\" href=\"https:\/\/www.sebastien-auziere.fr\/blog\/en\/brigitte-macron-shares-her-new-phases-of-pessimism-an-unprecedented-state-of-mind\/\" \/>\n<meta property=\"og:locale\" content=\"fr_FR\" \/>\n<meta property=\"og:type\" content=\"article\" \/>\n<meta property=\"og:title\" content=\"Brigitte Macron shares her new phases of pessimism: an unprecedented state of mind - Fan site S\u00e9bastien Auzi\u00e8re\" \/>\n<meta property=\"og:description\" content=\"Brigitte Macron partage ses nouvelles phases de pessimisme, r\u00e9v\u00e9lant un \u00e9tat d&#039;\u00e2me in\u00e9dit et profond. D\u00e9couvrez ses confessions exclusives.\" \/>\n<meta property=\"og:url\" content=\"https:\/\/www.sebastien-auziere.fr\/blog\/en\/brigitte-macron-shares-her-new-phases-of-pessimism-an-unprecedented-state-of-mind\/\" \/>\n<meta property=\"og:site_name\" content=\"Fan site S\u00e9bastien Auzi\u00e8re\" \/>\n<meta property=\"article:published_time\" content=\"2026-04-28T07:13:19+00:00\" \/>\n<meta property=\"article:modified_time\" content=\"2026-04-28T07:13:50+00:00\" \/>\n<meta property=\"og:image\" content=\"https:\/\/www.sebastien-auziere.fr\/blog\/wp-content\/uploads\/2026\/04\/Brigitte-Macron-confie-ses-nouvelles-phases-de-pessimisme-un-etat-dame-inedit.jpg\" \/>\n\t<meta property=\"og:image:width\" content=\"2560\" \/>\n\t<meta property=\"og:image:height\" content=\"1429\" \/>\n\t<meta property=\"og:image:type\" content=\"image\/jpeg\" \/>\n<meta name=\"author\" content=\"Chloe Gauthier\" \/>\n<meta name=\"twitter:card\" content=\"summary_large_image\" \/>\n<meta name=\"twitter:label1\" content=\"\u00c9crit par\" \/>\n\t<meta name=\"twitter:data1\" content=\"Chloe Gauthier\" \/>\n\t<meta name=\"twitter:label2\" content=\"Dur\u00e9e de lecture estim\u00e9e\" \/>\n\t<meta name=\"twitter:data2\" content=\"2 minutes\" \/>\n<script type=\"application\/ld+json\" class=\"yoast-schema-graph\">{\"@context\":\"https:\\\/\\\/schema.org\",\"@graph\":[{\"@type\":\"Article\",\"@id\":\"https:\\\/\\\/www.sebastien-auziere.fr\\\/blog\\\/en\\\/brigitte-macron-shares-her-new-phases-of-pessimism-an-unprecedented-state-of-mind\\\/#article\",\"isPartOf\":{\"@id\":\"https:\\\/\\\/www.sebastien-auziere.fr\\\/blog\\\/en\\\/brigitte-macron-shares-her-new-phases-of-pessimism-an-unprecedented-state-of-mind\\\/\"},\"author\":{\"name\":\"Chloe Gauthier\",\"@id\":\"https:\\\/\\\/www.sebastien-auziere.fr\\\/blog\\\/#\\\/schema\\\/person\\\/149f1acdbfd85149c6c3e59adeae2f4d\"},\"headline\":\"Brigitte Macron shares her new phases of pessimism: an unprecedented state of mind\",\"datePublished\":\"2026-04-28T07:13:19+00:00\",\"dateModified\":\"2026-04-28T07:13:50+00:00\",\"mainEntityOfPage\":{\"@id\":\"https:\\\/\\\/www.sebastien-auziere.fr\\\/blog\\\/en\\\/brigitte-macron-shares-her-new-phases-of-pessimism-an-unprecedented-state-of-mind\\\/\"},\"wordCount\":490,\"commentCount\":0,\"publisher\":{\"@id\":\"https:\\\/\\\/www.sebastien-auziere.fr\\\/blog\\\/#organization\"},\"image\":{\"@id\":\"https:\\\/\\\/www.sebastien-auziere.fr\\\/blog\\\/en\\\/brigitte-macron-shares-her-new-phases-of-pessimism-an-unprecedented-state-of-mind\\\/#primaryimage\"},\"thumbnailUrl\":\"https:\\\/\\\/www.sebastien-auziere.fr\\\/blog\\\/wp-content\\\/uploads\\\/2026\\\/04\\\/Brigitte-Macron-confie-ses-nouvelles-phases-de-pessimisme-un-etat-dame-inedit.jpg\",\"keywords\":[\"actualit\u00e9 politique\",\"brigitte macron\",\"communication presidential\",\"pessimism\",\"state of mind\"],\"articleSection\":[\"News\"],\"inLanguage\":\"fr-FR\",\"potentialAction\":[{\"@type\":\"CommentAction\",\"name\":\"Comment\",\"target\":[\"https:\\\/\\\/www.sebastien-auziere.fr\\\/blog\\\/en\\\/brigitte-macron-shares-her-new-phases-of-pessimism-an-unprecedented-state-of-mind\\\/#respond\"]}]},{\"@type\":\"WebPage\",\"@id\":\"https:\\\/\\\/www.sebastien-auziere.fr\\\/blog\\\/en\\\/brigitte-macron-shares-her-new-phases-of-pessimism-an-unprecedented-state-of-mind\\\/\",\"url\":\"https:\\\/\\\/www.sebastien-auziere.fr\\\/blog\\\/en\\\/brigitte-macron-shares-her-new-phases-of-pessimism-an-unprecedented-state-of-mind\\\/\",\"name\":\"Brigitte Macron shares her new phases of pessimism: an unprecedented state of mind - Fan site S\u00e9bastien Auzi\u00e8re\",\"isPartOf\":{\"@id\":\"https:\\\/\\\/www.sebastien-auziere.fr\\\/blog\\\/#website\"},\"primaryImageOfPage\":{\"@id\":\"https:\\\/\\\/www.sebastien-auziere.fr\\\/blog\\\/en\\\/brigitte-macron-shares-her-new-phases-of-pessimism-an-unprecedented-state-of-mind\\\/#primaryimage\"},\"image\":{\"@id\":\"https:\\\/\\\/www.sebastien-auziere.fr\\\/blog\\\/en\\\/brigitte-macron-shares-her-new-phases-of-pessimism-an-unprecedented-state-of-mind\\\/#primaryimage\"},\"thumbnailUrl\":\"https:\\\/\\\/www.sebastien-auziere.fr\\\/blog\\\/wp-content\\\/uploads\\\/2026\\\/04\\\/Brigitte-Macron-confie-ses-nouvelles-phases-de-pessimisme-un-etat-dame-inedit.jpg\",\"datePublished\":\"2026-04-28T07:13:19+00:00\",\"dateModified\":\"2026-04-28T07:13:50+00:00\",\"description\":\"Brigitte Macron partage ses nouvelles phases de pessimisme, r\u00e9v\u00e9lant un \u00e9tat d'\u00e2me in\u00e9dit et profond. D\u00e9couvrez ses confessions exclusives.\",\"breadcrumb\":{\"@id\":\"https:\\\/\\\/www.sebastien-auziere.fr\\\/blog\\\/en\\\/brigitte-macron-shares-her-new-phases-of-pessimism-an-unprecedented-state-of-mind\\\/#breadcrumb\"},\"inLanguage\":\"fr-FR\",\"potentialAction\":[{\"@type\":\"ReadAction\",\"target\":[\"https:\\\/\\\/www.sebastien-auziere.fr\\\/blog\\\/en\\\/brigitte-macron-shares-her-new-phases-of-pessimism-an-unprecedented-state-of-mind\\\/\"]}]},{\"@type\":\"ImageObject\",\"inLanguage\":\"fr-FR\",\"@id\":\"https:\\\/\\\/www.sebastien-auziere.fr\\\/blog\\\/en\\\/brigitte-macron-shares-her-new-phases-of-pessimism-an-unprecedented-state-of-mind\\\/#primaryimage\",\"url\":\"https:\\\/\\\/www.sebastien-auziere.fr\\\/blog\\\/wp-content\\\/uploads\\\/2026\\\/04\\\/Brigitte-Macron-confie-ses-nouvelles-phases-de-pessimisme-un-etat-dame-inedit.jpg\",\"contentUrl\":\"https:\\\/\\\/www.sebastien-auziere.fr\\\/blog\\\/wp-content\\\/uploads\\\/2026\\\/04\\\/Brigitte-Macron-confie-ses-nouvelles-phases-de-pessimisme-un-etat-dame-inedit.jpg\",\"width\":2560,\"height\":1429,\"caption\":\"brigitte macron partage ses phases in\u00e9dites de pessimisme, d\u00e9voilant un \u00e9tat d'\u00e2me profond et rare.\"},{\"@type\":\"BreadcrumbList\",\"@id\":\"https:\\\/\\\/www.sebastien-auziere.fr\\\/blog\\\/en\\\/brigitte-macron-shares-her-new-phases-of-pessimism-an-unprecedented-state-of-mind\\\/#breadcrumb\",\"itemListElement\":[{\"@type\":\"ListItem\",\"position\":1,\"name\":\"Home\",\"item\":\"https:\\\/\\\/www.sebastien-auziere.fr\\\/blog\\\/\"},{\"@type\":\"ListItem\",\"position\":2,\"name\":\"Brigitte Macron shares her new phases of pessimism: an unprecedented state of mind\"}]},{\"@type\":\"WebSite\",\"@id\":\"https:\\\/\\\/www.sebastien-auziere.fr\\\/blog\\\/#website\",\"url\":\"https:\\\/\\\/www.sebastien-auziere.fr\\\/blog\\\/\",\"name\":\"Fan site S\u00e9bastien Auzi\u00e8re\",\"description\":\"M\u00e9dia g\u00e9n\u00e9raliste\",\"publisher\":{\"@id\":\"https:\\\/\\\/www.sebastien-auziere.fr\\\/blog\\\/#organization\"},\"potentialAction\":[{\"@type\":\"SearchAction\",\"target\":{\"@type\":\"EntryPoint\",\"urlTemplate\":\"https:\\\/\\\/www.sebastien-auziere.fr\\\/blog\\\/?s={search_term_string}\"},\"query-input\":{\"@type\":\"PropertyValueSpecification\",\"valueRequired\":true,\"valueName\":\"search_term_string\"}}],\"inLanguage\":\"fr-FR\"},{\"@type\":\"Organization\",\"@id\":\"https:\\\/\\\/www.sebastien-auziere.fr\\\/blog\\\/#organization\",\"name\":\"Fan site S\u00e9bastien Auzi\u00e8re\",\"url\":\"https:\\\/\\\/www.sebastien-auziere.fr\\\/blog\\\/\",\"logo\":{\"@type\":\"ImageObject\",\"inLanguage\":\"fr-FR\",\"@id\":\"https:\\\/\\\/www.sebastien-auziere.fr\\\/blog\\\/#\\\/schema\\\/logo\\\/image\\\/\",\"url\":\"https:\\\/\\\/www.sebastien-auziere.fr\\\/blog\\\/wp-content\\\/uploads\\\/2026\\\/03\\\/cropped-cropped-cropped-ChatGPT-Image-6-mars-2026-12_58_09-e1772798376794.jpg\",\"contentUrl\":\"https:\\\/\\\/www.sebastien-auziere.fr\\\/blog\\\/wp-content\\\/uploads\\\/2026\\\/03\\\/cropped-cropped-cropped-ChatGPT-Image-6-mars-2026-12_58_09-e1772798376794.jpg\",\"width\":512,\"height\":360,\"caption\":\"Fan site S\u00e9bastien Auzi\u00e8re\"},\"image\":{\"@id\":\"https:\\\/\\\/www.sebastien-auziere.fr\\\/blog\\\/#\\\/schema\\\/logo\\\/image\\\/\"}},{\"@type\":\"Person\",\"@id\":\"https:\\\/\\\/www.sebastien-auziere.fr\\\/blog\\\/#\\\/schema\\\/person\\\/149f1acdbfd85149c6c3e59adeae2f4d\",\"name\":\"Chloe Gauthier\",\"image\":{\"@type\":\"ImageObject\",\"inLanguage\":\"fr-FR\",\"@id\":\"https:\\\/\\\/secure.gravatar.com\\\/avatar\\\/2c5722f58171cff738a8985ef0dd66b476e563753246a49019befc837ec4201a?s=96&d=mm&r=g\",\"url\":\"https:\\\/\\\/secure.gravatar.com\\\/avatar\\\/2c5722f58171cff738a8985ef0dd66b476e563753246a49019befc837ec4201a?s=96&d=mm&r=g\",\"contentUrl\":\"https:\\\/\\\/secure.gravatar.com\\\/avatar\\\/2c5722f58171cff738a8985ef0dd66b476e563753246a49019befc837ec4201a?s=96&d=mm&r=g\",\"caption\":\"Chloe Gauthier\"},\"description\":\"Passionn\u00e9e par la politique et admiratrice engag\u00e9e de la famille Macron, je consacre mon \u00e9nergie \u00e0 suivre leurs initiatives et \u00e0 promouvoir leurs id\u00e9es. \u00c0 32 ans, je suis convaincue que leur vision est porteuse d'avenir.\",\"url\":\"https:\\\/\\\/www.sebastien-auziere.fr\\\/blog\\\/author\\\/chloe-gauthier\\\/\"}]}<\/script>\n<!-- \/ Yoast SEO plugin. -->","yoast_head_json":{"title":"Brigitte Macron shares her new phases of pessimism: an unprecedented state of mind - Fan site S\u00e9bastien Auzi\u00e8re","description":"Brigitte Macron partage ses nouvelles phases de pessimisme, r\u00e9v\u00e9lant un \u00e9tat d'\u00e2me in\u00e9dit et profond. D\u00e9couvrez ses confessions exclusives.","robots":{"index":"index","follow":"follow","max-snippet":"max-snippet:-1","max-image-preview":"max-image-preview:large","max-video-preview":"max-video-preview:-1"},"canonical":"https:\/\/www.sebastien-auziere.fr\/blog\/en\/brigitte-macron-shares-her-new-phases-of-pessimism-an-unprecedented-state-of-mind\/","og_locale":"fr_FR","og_type":"article","og_title":"Brigitte Macron shares her new phases of pessimism: an unprecedented state of mind - Fan site S\u00e9bastien Auzi\u00e8re","og_description":"Brigitte Macron partage ses nouvelles phases de pessimisme, r\u00e9v\u00e9lant un \u00e9tat d'\u00e2me in\u00e9dit et profond. D\u00e9couvrez ses confessions exclusives.","og_url":"https:\/\/www.sebastien-auziere.fr\/blog\/en\/brigitte-macron-shares-her-new-phases-of-pessimism-an-unprecedented-state-of-mind\/","og_site_name":"Fan site S\u00e9bastien Auzi\u00e8re","article_published_time":"2026-04-28T07:13:19+00:00","article_modified_time":"2026-04-28T07:13:50+00:00","og_image":[{"width":2560,"height":1429,"url":"https:\/\/www.sebastien-auziere.fr\/blog\/wp-content\/uploads\/2026\/04\/Brigitte-Macron-confie-ses-nouvelles-phases-de-pessimisme-un-etat-dame-inedit.jpg","type":"image\/jpeg"}],"author":"Chloe Gauthier","twitter_card":"summary_large_image","twitter_misc":{"\u00c9crit par":"Chloe Gauthier","Dur\u00e9e de lecture estim\u00e9e":"2 minutes"},"schema":{"@context":"https:\/\/schema.org","@graph":[{"@type":"Article","@id":"https:\/\/www.sebastien-auziere.fr\/blog\/en\/brigitte-macron-shares-her-new-phases-of-pessimism-an-unprecedented-state-of-mind\/#article","isPartOf":{"@id":"https:\/\/www.sebastien-auziere.fr\/blog\/en\/brigitte-macron-shares-her-new-phases-of-pessimism-an-unprecedented-state-of-mind\/"},"author":{"name":"Chloe Gauthier","@id":"https:\/\/www.sebastien-auziere.fr\/blog\/#\/schema\/person\/149f1acdbfd85149c6c3e59adeae2f4d"},"headline":"Brigitte Macron shares her new phases of pessimism: an unprecedented state of mind","datePublished":"2026-04-28T07:13:19+00:00","dateModified":"2026-04-28T07:13:50+00:00","mainEntityOfPage":{"@id":"https:\/\/www.sebastien-auziere.fr\/blog\/en\/brigitte-macron-shares-her-new-phases-of-pessimism-an-unprecedented-state-of-mind\/"},"wordCount":490,"commentCount":0,"publisher":{"@id":"https:\/\/www.sebastien-auziere.fr\/blog\/#organization"},"image":{"@id":"https:\/\/www.sebastien-auziere.fr\/blog\/en\/brigitte-macron-shares-her-new-phases-of-pessimism-an-unprecedented-state-of-mind\/#primaryimage"},"thumbnailUrl":"https:\/\/www.sebastien-auziere.fr\/blog\/wp-content\/uploads\/2026\/04\/Brigitte-Macron-confie-ses-nouvelles-phases-de-pessimisme-un-etat-dame-inedit.jpg","keywords":["actualit\u00e9 politique","brigitte macron","communication presidential","pessimism","state of mind"],"articleSection":["News"],"inLanguage":"fr-FR","potentialAction":[{"@type":"CommentAction","name":"Comment","target":["https:\/\/www.sebastien-auziere.fr\/blog\/en\/brigitte-macron-shares-her-new-phases-of-pessimism-an-unprecedented-state-of-mind\/#respond"]}]},{"@type":"WebPage","@id":"https:\/\/www.sebastien-auziere.fr\/blog\/en\/brigitte-macron-shares-her-new-phases-of-pessimism-an-unprecedented-state-of-mind\/","url":"https:\/\/www.sebastien-auziere.fr\/blog\/en\/brigitte-macron-shares-her-new-phases-of-pessimism-an-unprecedented-state-of-mind\/","name":"Brigitte Macron shares her new phases of pessimism: an unprecedented state of mind - Fan site S\u00e9bastien Auzi\u00e8re","isPartOf":{"@id":"https:\/\/www.sebastien-auziere.fr\/blog\/#website"},"primaryImageOfPage":{"@id":"https:\/\/www.sebastien-auziere.fr\/blog\/en\/brigitte-macron-shares-her-new-phases-of-pessimism-an-unprecedented-state-of-mind\/#primaryimage"},"image":{"@id":"https:\/\/www.sebastien-auziere.fr\/blog\/en\/brigitte-macron-shares-her-new-phases-of-pessimism-an-unprecedented-state-of-mind\/#primaryimage"},"thumbnailUrl":"https:\/\/www.sebastien-auziere.fr\/blog\/wp-content\/uploads\/2026\/04\/Brigitte-Macron-confie-ses-nouvelles-phases-de-pessimisme-un-etat-dame-inedit.jpg","datePublished":"2026-04-28T07:13:19+00:00","dateModified":"2026-04-28T07:13:50+00:00","description":"Brigitte Macron partage ses nouvelles phases de pessimisme, r\u00e9v\u00e9lant un \u00e9tat d'\u00e2me in\u00e9dit et profond. D\u00e9couvrez ses confessions exclusives.","breadcrumb":{"@id":"https:\/\/www.sebastien-auziere.fr\/blog\/en\/brigitte-macron-shares-her-new-phases-of-pessimism-an-unprecedented-state-of-mind\/#breadcrumb"},"inLanguage":"fr-FR","potentialAction":[{"@type":"ReadAction","target":["https:\/\/www.sebastien-auziere.fr\/blog\/en\/brigitte-macron-shares-her-new-phases-of-pessimism-an-unprecedented-state-of-mind\/"]}]},{"@type":"ImageObject","inLanguage":"fr-FR","@id":"https:\/\/www.sebastien-auziere.fr\/blog\/en\/brigitte-macron-shares-her-new-phases-of-pessimism-an-unprecedented-state-of-mind\/#primaryimage","url":"https:\/\/www.sebastien-auziere.fr\/blog\/wp-content\/uploads\/2026\/04\/Brigitte-Macron-confie-ses-nouvelles-phases-de-pessimisme-un-etat-dame-inedit.jpg","contentUrl":"https:\/\/www.sebastien-auziere.fr\/blog\/wp-content\/uploads\/2026\/04\/Brigitte-Macron-confie-ses-nouvelles-phases-de-pessimisme-un-etat-dame-inedit.jpg","width":2560,"height":1429,"caption":"brigitte macron partage ses phases in\u00e9dites de pessimisme, d\u00e9voilant un \u00e9tat d'\u00e2me profond et rare."},{"@type":"BreadcrumbList","@id":"https:\/\/www.sebastien-auziere.fr\/blog\/en\/brigitte-macron-shares-her-new-phases-of-pessimism-an-unprecedented-state-of-mind\/#breadcrumb","itemListElement":[{"@type":"ListItem","position":1,"name":"Home","item":"https:\/\/www.sebastien-auziere.fr\/blog\/"},{"@type":"ListItem","position":2,"name":"Brigitte Macron shares her new phases of pessimism: an unprecedented state of mind"}]},{"@type":"WebSite","@id":"https:\/\/www.sebastien-auziere.fr\/blog\/#website","url":"https:\/\/www.sebastien-auziere.fr\/blog\/","name":"Fan site S\u00e9bastien Auzi\u00e8re","description":"M\u00e9dia g\u00e9n\u00e9raliste","publisher":{"@id":"https:\/\/www.sebastien-auziere.fr\/blog\/#organization"},"potentialAction":[{"@type":"SearchAction","target":{"@type":"EntryPoint","urlTemplate":"https:\/\/www.sebastien-auziere.fr\/blog\/?s={search_term_string}"},"query-input":{"@type":"PropertyValueSpecification","valueRequired":true,"valueName":"search_term_string"}}],"inLanguage":"fr-FR"},{"@type":"Organization","@id":"https:\/\/www.sebastien-auziere.fr\/blog\/#organization","name":"Fan site S\u00e9bastien Auzi\u00e8re","url":"https:\/\/www.sebastien-auziere.fr\/blog\/","logo":{"@type":"ImageObject","inLanguage":"fr-FR","@id":"https:\/\/www.sebastien-auziere.fr\/blog\/#\/schema\/logo\/image\/","url":"https:\/\/www.sebastien-auziere.fr\/blog\/wp-content\/uploads\/2026\/03\/cropped-cropped-cropped-ChatGPT-Image-6-mars-2026-12_58_09-e1772798376794.jpg","contentUrl":"https:\/\/www.sebastien-auziere.fr\/blog\/wp-content\/uploads\/2026\/03\/cropped-cropped-cropped-ChatGPT-Image-6-mars-2026-12_58_09-e1772798376794.jpg","width":512,"height":360,"caption":"Fan site S\u00e9bastien Auzi\u00e8re"},"image":{"@id":"https:\/\/www.sebastien-auziere.fr\/blog\/#\/schema\/logo\/image\/"}},{"@type":"Person","@id":"https:\/\/www.sebastien-auziere.fr\/blog\/#\/schema\/person\/149f1acdbfd85149c6c3e59adeae2f4d","name":"Chloe Gauthier","image":{"@type":"ImageObject","inLanguage":"fr-FR","@id":"https:\/\/secure.gravatar.com\/avatar\/2c5722f58171cff738a8985ef0dd66b476e563753246a49019befc837ec4201a?s=96&d=mm&r=g","url":"https:\/\/secure.gravatar.com\/avatar\/2c5722f58171cff738a8985ef0dd66b476e563753246a49019befc837ec4201a?s=96&d=mm&r=g","contentUrl":"https:\/\/secure.gravatar.com\/avatar\/2c5722f58171cff738a8985ef0dd66b476e563753246a49019befc837ec4201a?s=96&d=mm&r=g","caption":"Chloe Gauthier"},"description":"Passionn\u00e9e par la politique et admiratrice engag\u00e9e de la famille Macron, je consacre mon \u00e9nergie \u00e0 suivre leurs initiatives et \u00e0 promouvoir leurs id\u00e9es. \u00c0 32 ans, je suis convaincue que leur vision est porteuse d'avenir.","url":"https:\/\/www.sebastien-auziere.fr\/blog\/author\/chloe-gauthier\/"}]}},"views":0,"_links":{"self":[{"href":"https:\/\/www.sebastien-auziere.fr\/blog\/wp-json\/wp\/v2\/posts\/3398","targetHints":{"allow":["GET"]}}],"collection":[{"href":"https:\/\/www.sebastien-auziere.fr\/blog\/wp-json\/wp\/v2\/posts"}],"about":[{"href":"https:\/\/www.sebastien-auziere.fr\/blog\/wp-json\/wp\/v2\/types\/post"}],"author":[{"embeddable":true,"href":"https:\/\/www.sebastien-auziere.fr\/blog\/wp-json\/wp\/v2\/users\/9"}],"replies":[{"embeddable":true,"href":"https:\/\/www.sebastien-auziere.fr\/blog\/wp-json\/wp\/v2\/comments?post=3398"}],"version-history":[{"count":1,"href":"https:\/\/www.sebastien-auziere.fr\/blog\/wp-json\/wp\/v2\/posts\/3398\/revisions"}],"predecessor-version":[{"id":3399,"href":"https:\/\/www.sebastien-auziere.fr\/blog\/wp-json\/wp\/v2\/posts\/3398\/revisions\/3399"}],"wp:featuredmedia":[{"embeddable":true,"href":"https:\/\/www.sebastien-auziere.fr\/blog\/wp-json\/wp\/v2\/media\/3396"}],"wp:attachment":[{"href":"https:\/\/www.sebastien-auziere.fr\/blog\/wp-json\/wp\/v2\/media?parent=3398"}],"wp:term":[{"taxonomy":"category","embeddable":true,"href":"https:\/\/www.sebastien-auziere.fr\/blog\/wp-json\/wp\/v2\/categories?post=3398"},{"taxonomy":"post_tag","embeddable":true,"href":"https:\/\/www.sebastien-auziere.fr\/blog\/wp-json\/wp\/v2\/tags?post=3398"}],"curies":[{"name":"wp","href":"https:\/\/api.w.org\/{rel}","templated":true}]}}