{"id":3397,"date":"2026-04-28T07:13:17","date_gmt":"2026-04-28T07:13:17","guid":{"rendered":"https:\/\/www.sebastien-auziere.fr\/blog\/brigitte-macron-pessimisme\/"},"modified":"2026-04-28T07:13:17","modified_gmt":"2026-04-28T07:13:17","slug":"brigitte-macron-pessimisme","status":"publish","type":"post","link":"https:\/\/www.sebastien-auziere.fr\/blog\/brigitte-macron-pessimisme\/","title":{"rendered":"Brigitte Macron confie ses nouvelles phases de pessimisme : un \u00e9tat d&rsquo;\u00e2me in\u00e9dit"},"content":{"rendered":"<p><strong>Brigitte Macron<\/strong> a livr\u00e9 une confession \u00e9tonnante dans un entretien paru le 26 avril 2026 : elle traverse des phases de <strong>pessimisme<\/strong> in\u00e9dit, un <strong>\u00e9tat d&rsquo;\u00e2me<\/strong> qui surprend tant l&rsquo;image publique est calibr\u00e9e. Tu d\u00e9couvriras ici les \u00e9v\u00e9nements r\u00e9els \u00e9voqu\u00e9s, les t\u00e9moignages et ce que cela r\u00e9v\u00e8le sur sa <strong>psychologie<\/strong> apr\u00e8s presque dix ans \u00e0 l&rsquo;\u00c9lys\u00e9e.<\/p>\n\n<p><strong>En bref<\/strong> : \u00e0 73 ans, l&rsquo;ancienne professeure \u00e9voque une vie d&rsquo;avant plus simple, des attaques r\u00e9p\u00e9t\u00e9es et une discipline quotidienne pour tenir. Cette <strong>r\u00e9v\u00e9lation<\/strong> redonne une couleur humaine \u00e0 l&rsquo;<strong>actualit\u00e9<\/strong> politique et met en lumi\u00e8re la fronti\u00e8re entre r\u00f4le public et <strong>vie priv\u00e9e<\/strong>.<\/p>\n\n<h2 class=\"wp-block-heading\">Un aveu devenu parole publique<\/h2>\n\n<p>Dans l&rsquo;entretien accord\u00e9 \u00e0 La Tribune Dimanche, <strong>Brigitte Macron<\/strong> confie : \u00ab Il m&rsquo;est parfois difficile de voir le ciel bleu \u00bb, et reconna\u00eet avoir \u00ab des moments de pessimisme que je n&rsquo;avais pas avant \u00bb. Ces mots, prononc\u00e9s le 26 avril 2026, tiennent leur place d\u00e8s les premi\u00e8res lignes de sa <strong>confession<\/strong> et ont \u00e9t\u00e9 relay\u00e9s par plusieurs m\u00e9dias nationaux, qui corroborent la citation et le contexte. Cette mise \u00e0 nu est in\u00e9dite pour une Premi\u00e8re dame toujours tr\u00e8s prot\u00e9g\u00e9e par le protocole. Insight : la parole priv\u00e9e devient acte public.<\/p>\n\n<h3 class=\"wp-block-heading\">La <strong>vie priv\u00e9e<\/strong> bouscul\u00e9e par l&rsquo;exposition<\/h3>\n\n<p>Elle \u00e9voque la nostalgie d&rsquo;une \u00ab vie normale \u00bb : enfants, m\u00e9tier de professeure, hauts et bas ordinaires. Depuis l&rsquo;\u00e9lection d&rsquo;Emmanuel Macron en 2017 et son second mandat, le couple a vu la sph\u00e8re priv\u00e9e s&rsquo;effacer. Les moqueries, la diffamation et le cyberharc\u00e8lement ont pes\u00e9 : plusieurs auteurs ont \u00e9t\u00e9 condamn\u00e9s en janvier, selon la presse. Ces attaques expliquent en partie l&rsquo;<strong>\u00e9motion<\/strong> contenue dans son t\u00e9moignage. Insight : la notori\u00e9t\u00e9 transforme les blessures en affaires publiques.<\/p>\n\n<p>La s\u00e9quence vid\u00e9o ci-dessus reprend des extraits de l&rsquo;entretien et contextualise les propos rapport\u00e9s.<\/p>\n\n<h2 class=\"wp-block-heading\">Routines et r\u00e9sistances pour tenir<\/h2>\n\n<p>Pour garder l&rsquo;\u00e9quilibre, la Premi\u00e8re dame a une discipline stricte : gym matinale, une heure de marche et v\u00e9lo autour de la Lanterne. Des proches comme H\u00e9l\u00e8ne Arnault notent une solidit\u00e9 retrouv\u00e9e mais une na\u00efvet\u00e9 perdue. Sibeth Ndiaye rappelle que Brigitte \u00ab d\u00e9rangeait d\u00e9j\u00e0 \u00bb \u00e0 ses d\u00e9buts et subit un sexisme violent. Ces habitudes physiques sont pr\u00e9sent\u00e9es comme des \u00e9tats de r\u00e9sistance face au d\u00e9couragement. Insight : le geste quotidien devient une th\u00e9rapie silencieuse.<\/p>\n\n<p>La vid\u00e9o propose un cadrage plus large sur sa vie au palais et les t\u00e9moignages d&rsquo;amis et d&rsquo;anciens collaborateurs.<\/p>\n\n<h3 class=\"wp-block-heading\">Ce que dit la psychologie de ce t\u00e9moignage<\/h3>\n\n<p>Dire publiquement son <strong>pessimisme<\/strong> est aussi une strat\u00e9gie : admettre la vuln\u00e9rabilit\u00e9 d\u00e9dramatise et humanise. Face \u00e0 la noirceur d\u00e9nonc\u00e9e \u2014 \u00ab la b\u00eatise, la m\u00e9chancet\u00e9 \u00bb \u2014 la <strong>psychologie<\/strong> du r\u00f4le change, transformant un statut en exposition permanente. Cette <strong>r\u00e9v\u00e9lation<\/strong> inscrit l&rsquo;actualit\u00e9 dans une r\u00e9flexion sur la r\u00e9silience et la protection des figures publiques. Insight : confier son malaise devient acte politique.<\/p>\n\n<p>Pour en savoir plus sur Brigitte Macron, son parcours et les liens familiaux qui entourent l&rsquo;\u00c9lys\u00e9e, consulte les analyses d\u00e9taill\u00e9es sur <a href=\"https:\/\/www.sebastien-auziere.fr\/blog\/brigitte-macron-tristesse\/\">les dossiers consacr\u00e9s \u00e0 Brigitte<\/a> et les comptes-rendus de presse, notamment <a href=\"https:\/\/www.marieclaire.fr\/parfois-triste-comme-jamais-la-premiere-dame-brigitte-macron-confie-son-desarroi-apres-10-ans-a-l-elysee,1513426.asp\">les articles qui ont repris l&rsquo;entretien<\/a>.<\/p>\n\n","protected":false},"excerpt":{"rendered":"<p>Brigitte Macron a livr\u00e9 une confession \u00e9tonnante dans un entretien paru le 26 avril 2026 : elle traverse des phases de pessimisme in\u00e9dit, un \u00e9tat d&rsquo;\u00e2me qui surprend tant l&rsquo;image publique est calibr\u00e9e. Tu d\u00e9couvriras ici les \u00e9v\u00e9nements r\u00e9els \u00e9voqu\u00e9s, les t\u00e9moignages et ce que cela r\u00e9v\u00e8le sur sa psychologie apr\u00e8s presque dix ans \u00e0 &#8230; <a title=\"Brigitte Macron confie ses nouvelles phases de pessimisme : un \u00e9tat d&rsquo;\u00e2me in\u00e9dit\" class=\"read-more\" href=\"https:\/\/www.sebastien-auziere.fr\/blog\/brigitte-macron-pessimisme\/\" aria-label=\"En savoir plus sur Brigitte Macron confie ses nouvelles phases de pessimisme : un \u00e9tat d&rsquo;\u00e2me in\u00e9dit\">Lire plus<\/a><\/p>\n","protected":false},"author":9,"featured_media":3396,"comment_status":"open","ping_status":"open","sticky":false,"template":"","format":"standard","meta":{"footnotes":""},"categories":[597],"tags":[2017,892,4591,4589,4587],"class_list":["post-3397","post","type-post","status-publish","format-standard","has-post-thumbnail","hentry","category-actualites","tag-actualite-politique","tag-brigitte-macron","tag-communication-presidentielle","tag-etat-dame","tag-pessimisme"],"yoast_head":"<!-- This site is optimized with the Yoast SEO plugin v27.5 - https:\/\/yoast.com\/product\/yoast-seo-wordpress\/ -->\n<title>Brigitte Macron confie ses nouvelles phases de pessimisme : un \u00e9tat d&#039;\u00e2me in\u00e9dit - Fan site S\u00e9bastien Auzi\u00e8re<\/title>\n<meta name=\"description\" content=\"Brigitte Macron partage ses nouvelles phases de pessimisme, r\u00e9v\u00e9lant un \u00e9tat d&#039;\u00e2me in\u00e9dit et profond. D\u00e9couvrez ses confessions exclusives.\" \/>\n<meta name=\"robots\" content=\"index, follow, max-snippet:-1, max-image-preview:large, max-video-preview:-1\" \/>\n<link rel=\"canonical\" href=\"https:\/\/www.sebastien-auziere.fr\/blog\/brigitte-macron-pessimisme\/\" \/>\n<meta property=\"og:locale\" content=\"fr_FR\" \/>\n<meta property=\"og:type\" content=\"article\" \/>\n<meta property=\"og:title\" content=\"Brigitte Macron confie ses nouvelles phases de pessimisme : un \u00e9tat d&#039;\u00e2me in\u00e9dit - Fan site S\u00e9bastien Auzi\u00e8re\" \/>\n<meta property=\"og:description\" content=\"Brigitte Macron partage ses nouvelles phases de pessimisme, r\u00e9v\u00e9lant un \u00e9tat d&#039;\u00e2me in\u00e9dit et profond. D\u00e9couvrez ses confessions exclusives.\" \/>\n<meta property=\"og:url\" content=\"https:\/\/www.sebastien-auziere.fr\/blog\/brigitte-macron-pessimisme\/\" \/>\n<meta property=\"og:site_name\" content=\"Fan site S\u00e9bastien Auzi\u00e8re\" \/>\n<meta property=\"article:published_time\" content=\"2026-04-28T07:13:17+00:00\" \/>\n<meta property=\"og:image\" content=\"https:\/\/www.sebastien-auziere.fr\/blog\/wp-content\/uploads\/2026\/04\/Brigitte-Macron-confie-ses-nouvelles-phases-de-pessimisme-un-etat-dame-inedit.jpg\" \/>\n\t<meta property=\"og:image:width\" content=\"2560\" \/>\n\t<meta property=\"og:image:height\" content=\"1429\" \/>\n\t<meta property=\"og:image:type\" content=\"image\/jpeg\" \/>\n<meta name=\"author\" content=\"Chloe Gauthier\" \/>\n<meta name=\"twitter:card\" content=\"summary_large_image\" \/>\n<meta name=\"twitter:label1\" content=\"\u00c9crit par\" \/>\n\t<meta name=\"twitter:data1\" content=\"Chloe Gauthier\" \/>\n\t<meta name=\"twitter:label2\" content=\"Dur\u00e9e de lecture estim\u00e9e\" \/>\n\t<meta name=\"twitter:data2\" content=\"3 minutes\" \/>\n<script type=\"application\/ld+json\" class=\"yoast-schema-graph\">{\"@context\":\"https:\\\/\\\/schema.org\",\"@graph\":[{\"@type\":\"Article\",\"@id\":\"https:\\\/\\\/www.sebastien-auziere.fr\\\/blog\\\/brigitte-macron-pessimisme\\\/#article\",\"isPartOf\":{\"@id\":\"https:\\\/\\\/www.sebastien-auziere.fr\\\/blog\\\/brigitte-macron-pessimisme\\\/\"},\"author\":{\"name\":\"Chloe Gauthier\",\"@id\":\"https:\\\/\\\/www.sebastien-auziere.fr\\\/blog\\\/#\\\/schema\\\/person\\\/149f1acdbfd85149c6c3e59adeae2f4d\"},\"headline\":\"Brigitte Macron confie ses nouvelles phases de pessimisme : un \u00e9tat d&rsquo;\u00e2me in\u00e9dit\",\"datePublished\":\"2026-04-28T07:13:17+00:00\",\"mainEntityOfPage\":{\"@id\":\"https:\\\/\\\/www.sebastien-auziere.fr\\\/blog\\\/brigitte-macron-pessimisme\\\/\"},\"wordCount\":562,\"commentCount\":0,\"publisher\":{\"@id\":\"https:\\\/\\\/www.sebastien-auziere.fr\\\/blog\\\/#organization\"},\"image\":{\"@id\":\"https:\\\/\\\/www.sebastien-auziere.fr\\\/blog\\\/brigitte-macron-pessimisme\\\/#primaryimage\"},\"thumbnailUrl\":\"https:\\\/\\\/www.sebastien-auziere.fr\\\/blog\\\/wp-content\\\/uploads\\\/2026\\\/04\\\/Brigitte-Macron-confie-ses-nouvelles-phases-de-pessimisme-un-etat-dame-inedit.jpg\",\"keywords\":[\"actualit\u00e9 politique\",\"brigitte macron\",\"communication pr\u00e9sidentielle\",\"\u00e9tat d'\u00e2me\",\"pessimisme\"],\"articleSection\":[\"Actualit\u00e9s\"],\"inLanguage\":\"fr-FR\",\"potentialAction\":[{\"@type\":\"CommentAction\",\"name\":\"Comment\",\"target\":[\"https:\\\/\\\/www.sebastien-auziere.fr\\\/blog\\\/brigitte-macron-pessimisme\\\/#respond\"]}]},{\"@type\":\"WebPage\",\"@id\":\"https:\\\/\\\/www.sebastien-auziere.fr\\\/blog\\\/brigitte-macron-pessimisme\\\/\",\"url\":\"https:\\\/\\\/www.sebastien-auziere.fr\\\/blog\\\/brigitte-macron-pessimisme\\\/\",\"name\":\"Brigitte Macron confie ses nouvelles phases de pessimisme : un \u00e9tat d'\u00e2me in\u00e9dit - Fan site S\u00e9bastien Auzi\u00e8re\",\"isPartOf\":{\"@id\":\"https:\\\/\\\/www.sebastien-auziere.fr\\\/blog\\\/#website\"},\"primaryImageOfPage\":{\"@id\":\"https:\\\/\\\/www.sebastien-auziere.fr\\\/blog\\\/brigitte-macron-pessimisme\\\/#primaryimage\"},\"image\":{\"@id\":\"https:\\\/\\\/www.sebastien-auziere.fr\\\/blog\\\/brigitte-macron-pessimisme\\\/#primaryimage\"},\"thumbnailUrl\":\"https:\\\/\\\/www.sebastien-auziere.fr\\\/blog\\\/wp-content\\\/uploads\\\/2026\\\/04\\\/Brigitte-Macron-confie-ses-nouvelles-phases-de-pessimisme-un-etat-dame-inedit.jpg\",\"datePublished\":\"2026-04-28T07:13:17+00:00\",\"description\":\"Brigitte Macron partage ses nouvelles phases de pessimisme, r\u00e9v\u00e9lant un \u00e9tat d'\u00e2me in\u00e9dit et profond. D\u00e9couvrez ses confessions exclusives.\",\"breadcrumb\":{\"@id\":\"https:\\\/\\\/www.sebastien-auziere.fr\\\/blog\\\/brigitte-macron-pessimisme\\\/#breadcrumb\"},\"inLanguage\":\"fr-FR\",\"potentialAction\":[{\"@type\":\"ReadAction\",\"target\":[\"https:\\\/\\\/www.sebastien-auziere.fr\\\/blog\\\/brigitte-macron-pessimisme\\\/\"]}]},{\"@type\":\"ImageObject\",\"inLanguage\":\"fr-FR\",\"@id\":\"https:\\\/\\\/www.sebastien-auziere.fr\\\/blog\\\/brigitte-macron-pessimisme\\\/#primaryimage\",\"url\":\"https:\\\/\\\/www.sebastien-auziere.fr\\\/blog\\\/wp-content\\\/uploads\\\/2026\\\/04\\\/Brigitte-Macron-confie-ses-nouvelles-phases-de-pessimisme-un-etat-dame-inedit.jpg\",\"contentUrl\":\"https:\\\/\\\/www.sebastien-auziere.fr\\\/blog\\\/wp-content\\\/uploads\\\/2026\\\/04\\\/Brigitte-Macron-confie-ses-nouvelles-phases-de-pessimisme-un-etat-dame-inedit.jpg\",\"width\":2560,\"height\":1429,\"caption\":\"brigitte macron partage ses phases in\u00e9dites de pessimisme, d\u00e9voilant un \u00e9tat d'\u00e2me profond et rare.\"},{\"@type\":\"BreadcrumbList\",\"@id\":\"https:\\\/\\\/www.sebastien-auziere.fr\\\/blog\\\/brigitte-macron-pessimisme\\\/#breadcrumb\",\"itemListElement\":[{\"@type\":\"ListItem\",\"position\":1,\"name\":\"Home\",\"item\":\"https:\\\/\\\/www.sebastien-auziere.fr\\\/blog\\\/\"},{\"@type\":\"ListItem\",\"position\":2,\"name\":\"Brigitte Macron confie ses nouvelles phases de pessimisme : un \u00e9tat d&rsquo;\u00e2me in\u00e9dit\"}]},{\"@type\":\"WebSite\",\"@id\":\"https:\\\/\\\/www.sebastien-auziere.fr\\\/blog\\\/#website\",\"url\":\"https:\\\/\\\/www.sebastien-auziere.fr\\\/blog\\\/\",\"name\":\"Fan site S\u00e9bastien Auzi\u00e8re\",\"description\":\"M\u00e9dia g\u00e9n\u00e9raliste\",\"publisher\":{\"@id\":\"https:\\\/\\\/www.sebastien-auziere.fr\\\/blog\\\/#organization\"},\"potentialAction\":[{\"@type\":\"SearchAction\",\"target\":{\"@type\":\"EntryPoint\",\"urlTemplate\":\"https:\\\/\\\/www.sebastien-auziere.fr\\\/blog\\\/?s={search_term_string}\"},\"query-input\":{\"@type\":\"PropertyValueSpecification\",\"valueRequired\":true,\"valueName\":\"search_term_string\"}}],\"inLanguage\":\"fr-FR\"},{\"@type\":\"Organization\",\"@id\":\"https:\\\/\\\/www.sebastien-auziere.fr\\\/blog\\\/#organization\",\"name\":\"Fan site S\u00e9bastien Auzi\u00e8re\",\"url\":\"https:\\\/\\\/www.sebastien-auziere.fr\\\/blog\\\/\",\"logo\":{\"@type\":\"ImageObject\",\"inLanguage\":\"fr-FR\",\"@id\":\"https:\\\/\\\/www.sebastien-auziere.fr\\\/blog\\\/#\\\/schema\\\/logo\\\/image\\\/\",\"url\":\"https:\\\/\\\/www.sebastien-auziere.fr\\\/blog\\\/wp-content\\\/uploads\\\/2026\\\/03\\\/cropped-cropped-cropped-ChatGPT-Image-6-mars-2026-12_58_09-e1772798376794.jpg\",\"contentUrl\":\"https:\\\/\\\/www.sebastien-auziere.fr\\\/blog\\\/wp-content\\\/uploads\\\/2026\\\/03\\\/cropped-cropped-cropped-ChatGPT-Image-6-mars-2026-12_58_09-e1772798376794.jpg\",\"width\":512,\"height\":360,\"caption\":\"Fan site S\u00e9bastien Auzi\u00e8re\"},\"image\":{\"@id\":\"https:\\\/\\\/www.sebastien-auziere.fr\\\/blog\\\/#\\\/schema\\\/logo\\\/image\\\/\"}},{\"@type\":\"Person\",\"@id\":\"https:\\\/\\\/www.sebastien-auziere.fr\\\/blog\\\/#\\\/schema\\\/person\\\/149f1acdbfd85149c6c3e59adeae2f4d\",\"name\":\"Chloe Gauthier\",\"image\":{\"@type\":\"ImageObject\",\"inLanguage\":\"fr-FR\",\"@id\":\"https:\\\/\\\/secure.gravatar.com\\\/avatar\\\/2c5722f58171cff738a8985ef0dd66b476e563753246a49019befc837ec4201a?s=96&d=mm&r=g\",\"url\":\"https:\\\/\\\/secure.gravatar.com\\\/avatar\\\/2c5722f58171cff738a8985ef0dd66b476e563753246a49019befc837ec4201a?s=96&d=mm&r=g\",\"contentUrl\":\"https:\\\/\\\/secure.gravatar.com\\\/avatar\\\/2c5722f58171cff738a8985ef0dd66b476e563753246a49019befc837ec4201a?s=96&d=mm&r=g\",\"caption\":\"Chloe Gauthier\"},\"description\":\"Passionn\u00e9e par la politique et admiratrice engag\u00e9e de la famille Macron, je consacre mon \u00e9nergie \u00e0 suivre leurs initiatives et \u00e0 promouvoir leurs id\u00e9es. \u00c0 32 ans, je suis convaincue que leur vision est porteuse d'avenir.\",\"url\":\"https:\\\/\\\/www.sebastien-auziere.fr\\\/blog\\\/author\\\/chloe-gauthier\\\/\"}]}<\/script>\n<!-- \/ Yoast SEO plugin. -->","yoast_head_json":{"title":"Brigitte Macron confie ses nouvelles phases de pessimisme : un \u00e9tat d'\u00e2me in\u00e9dit - Fan site S\u00e9bastien Auzi\u00e8re","description":"Brigitte Macron partage ses nouvelles phases de pessimisme, r\u00e9v\u00e9lant un \u00e9tat d'\u00e2me in\u00e9dit et profond. D\u00e9couvrez ses confessions exclusives.","robots":{"index":"index","follow":"follow","max-snippet":"max-snippet:-1","max-image-preview":"max-image-preview:large","max-video-preview":"max-video-preview:-1"},"canonical":"https:\/\/www.sebastien-auziere.fr\/blog\/brigitte-macron-pessimisme\/","og_locale":"fr_FR","og_type":"article","og_title":"Brigitte Macron confie ses nouvelles phases de pessimisme : un \u00e9tat d'\u00e2me in\u00e9dit - Fan site S\u00e9bastien Auzi\u00e8re","og_description":"Brigitte Macron partage ses nouvelles phases de pessimisme, r\u00e9v\u00e9lant un \u00e9tat d'\u00e2me in\u00e9dit et profond. D\u00e9couvrez ses confessions exclusives.","og_url":"https:\/\/www.sebastien-auziere.fr\/blog\/brigitte-macron-pessimisme\/","og_site_name":"Fan site S\u00e9bastien Auzi\u00e8re","article_published_time":"2026-04-28T07:13:17+00:00","og_image":[{"width":2560,"height":1429,"url":"https:\/\/www.sebastien-auziere.fr\/blog\/wp-content\/uploads\/2026\/04\/Brigitte-Macron-confie-ses-nouvelles-phases-de-pessimisme-un-etat-dame-inedit.jpg","type":"image\/jpeg"}],"author":"Chloe Gauthier","twitter_card":"summary_large_image","twitter_misc":{"\u00c9crit par":"Chloe Gauthier","Dur\u00e9e de lecture estim\u00e9e":"3 minutes"},"schema":{"@context":"https:\/\/schema.org","@graph":[{"@type":"Article","@id":"https:\/\/www.sebastien-auziere.fr\/blog\/brigitte-macron-pessimisme\/#article","isPartOf":{"@id":"https:\/\/www.sebastien-auziere.fr\/blog\/brigitte-macron-pessimisme\/"},"author":{"name":"Chloe Gauthier","@id":"https:\/\/www.sebastien-auziere.fr\/blog\/#\/schema\/person\/149f1acdbfd85149c6c3e59adeae2f4d"},"headline":"Brigitte Macron confie ses nouvelles phases de pessimisme : un \u00e9tat d&rsquo;\u00e2me in\u00e9dit","datePublished":"2026-04-28T07:13:17+00:00","mainEntityOfPage":{"@id":"https:\/\/www.sebastien-auziere.fr\/blog\/brigitte-macron-pessimisme\/"},"wordCount":562,"commentCount":0,"publisher":{"@id":"https:\/\/www.sebastien-auziere.fr\/blog\/#organization"},"image":{"@id":"https:\/\/www.sebastien-auziere.fr\/blog\/brigitte-macron-pessimisme\/#primaryimage"},"thumbnailUrl":"https:\/\/www.sebastien-auziere.fr\/blog\/wp-content\/uploads\/2026\/04\/Brigitte-Macron-confie-ses-nouvelles-phases-de-pessimisme-un-etat-dame-inedit.jpg","keywords":["actualit\u00e9 politique","brigitte macron","communication pr\u00e9sidentielle","\u00e9tat d'\u00e2me","pessimisme"],"articleSection":["Actualit\u00e9s"],"inLanguage":"fr-FR","potentialAction":[{"@type":"CommentAction","name":"Comment","target":["https:\/\/www.sebastien-auziere.fr\/blog\/brigitte-macron-pessimisme\/#respond"]}]},{"@type":"WebPage","@id":"https:\/\/www.sebastien-auziere.fr\/blog\/brigitte-macron-pessimisme\/","url":"https:\/\/www.sebastien-auziere.fr\/blog\/brigitte-macron-pessimisme\/","name":"Brigitte Macron confie ses nouvelles phases de pessimisme : un \u00e9tat d'\u00e2me in\u00e9dit - Fan site S\u00e9bastien Auzi\u00e8re","isPartOf":{"@id":"https:\/\/www.sebastien-auziere.fr\/blog\/#website"},"primaryImageOfPage":{"@id":"https:\/\/www.sebastien-auziere.fr\/blog\/brigitte-macron-pessimisme\/#primaryimage"},"image":{"@id":"https:\/\/www.sebastien-auziere.fr\/blog\/brigitte-macron-pessimisme\/#primaryimage"},"thumbnailUrl":"https:\/\/www.sebastien-auziere.fr\/blog\/wp-content\/uploads\/2026\/04\/Brigitte-Macron-confie-ses-nouvelles-phases-de-pessimisme-un-etat-dame-inedit.jpg","datePublished":"2026-04-28T07:13:17+00:00","description":"Brigitte Macron partage ses nouvelles phases de pessimisme, r\u00e9v\u00e9lant un \u00e9tat d'\u00e2me in\u00e9dit et profond. D\u00e9couvrez ses confessions exclusives.","breadcrumb":{"@id":"https:\/\/www.sebastien-auziere.fr\/blog\/brigitte-macron-pessimisme\/#breadcrumb"},"inLanguage":"fr-FR","potentialAction":[{"@type":"ReadAction","target":["https:\/\/www.sebastien-auziere.fr\/blog\/brigitte-macron-pessimisme\/"]}]},{"@type":"ImageObject","inLanguage":"fr-FR","@id":"https:\/\/www.sebastien-auziere.fr\/blog\/brigitte-macron-pessimisme\/#primaryimage","url":"https:\/\/www.sebastien-auziere.fr\/blog\/wp-content\/uploads\/2026\/04\/Brigitte-Macron-confie-ses-nouvelles-phases-de-pessimisme-un-etat-dame-inedit.jpg","contentUrl":"https:\/\/www.sebastien-auziere.fr\/blog\/wp-content\/uploads\/2026\/04\/Brigitte-Macron-confie-ses-nouvelles-phases-de-pessimisme-un-etat-dame-inedit.jpg","width":2560,"height":1429,"caption":"brigitte macron partage ses phases in\u00e9dites de pessimisme, d\u00e9voilant un \u00e9tat d'\u00e2me profond et rare."},{"@type":"BreadcrumbList","@id":"https:\/\/www.sebastien-auziere.fr\/blog\/brigitte-macron-pessimisme\/#breadcrumb","itemListElement":[{"@type":"ListItem","position":1,"name":"Home","item":"https:\/\/www.sebastien-auziere.fr\/blog\/"},{"@type":"ListItem","position":2,"name":"Brigitte Macron confie ses nouvelles phases de pessimisme : un \u00e9tat d&rsquo;\u00e2me in\u00e9dit"}]},{"@type":"WebSite","@id":"https:\/\/www.sebastien-auziere.fr\/blog\/#website","url":"https:\/\/www.sebastien-auziere.fr\/blog\/","name":"Fan site S\u00e9bastien Auzi\u00e8re","description":"M\u00e9dia g\u00e9n\u00e9raliste","publisher":{"@id":"https:\/\/www.sebastien-auziere.fr\/blog\/#organization"},"potentialAction":[{"@type":"SearchAction","target":{"@type":"EntryPoint","urlTemplate":"https:\/\/www.sebastien-auziere.fr\/blog\/?s={search_term_string}"},"query-input":{"@type":"PropertyValueSpecification","valueRequired":true,"valueName":"search_term_string"}}],"inLanguage":"fr-FR"},{"@type":"Organization","@id":"https:\/\/www.sebastien-auziere.fr\/blog\/#organization","name":"Fan site S\u00e9bastien Auzi\u00e8re","url":"https:\/\/www.sebastien-auziere.fr\/blog\/","logo":{"@type":"ImageObject","inLanguage":"fr-FR","@id":"https:\/\/www.sebastien-auziere.fr\/blog\/#\/schema\/logo\/image\/","url":"https:\/\/www.sebastien-auziere.fr\/blog\/wp-content\/uploads\/2026\/03\/cropped-cropped-cropped-ChatGPT-Image-6-mars-2026-12_58_09-e1772798376794.jpg","contentUrl":"https:\/\/www.sebastien-auziere.fr\/blog\/wp-content\/uploads\/2026\/03\/cropped-cropped-cropped-ChatGPT-Image-6-mars-2026-12_58_09-e1772798376794.jpg","width":512,"height":360,"caption":"Fan site S\u00e9bastien Auzi\u00e8re"},"image":{"@id":"https:\/\/www.sebastien-auziere.fr\/blog\/#\/schema\/logo\/image\/"}},{"@type":"Person","@id":"https:\/\/www.sebastien-auziere.fr\/blog\/#\/schema\/person\/149f1acdbfd85149c6c3e59adeae2f4d","name":"Chloe Gauthier","image":{"@type":"ImageObject","inLanguage":"fr-FR","@id":"https:\/\/secure.gravatar.com\/avatar\/2c5722f58171cff738a8985ef0dd66b476e563753246a49019befc837ec4201a?s=96&d=mm&r=g","url":"https:\/\/secure.gravatar.com\/avatar\/2c5722f58171cff738a8985ef0dd66b476e563753246a49019befc837ec4201a?s=96&d=mm&r=g","contentUrl":"https:\/\/secure.gravatar.com\/avatar\/2c5722f58171cff738a8985ef0dd66b476e563753246a49019befc837ec4201a?s=96&d=mm&r=g","caption":"Chloe Gauthier"},"description":"Passionn\u00e9e par la politique et admiratrice engag\u00e9e de la famille Macron, je consacre mon \u00e9nergie \u00e0 suivre leurs initiatives et \u00e0 promouvoir leurs id\u00e9es. \u00c0 32 ans, je suis convaincue que leur vision est porteuse d'avenir.","url":"https:\/\/www.sebastien-auziere.fr\/blog\/author\/chloe-gauthier\/"}]}},"views":1186,"_links":{"self":[{"href":"https:\/\/www.sebastien-auziere.fr\/blog\/wp-json\/wp\/v2\/posts\/3397","targetHints":{"allow":["GET"]}}],"collection":[{"href":"https:\/\/www.sebastien-auziere.fr\/blog\/wp-json\/wp\/v2\/posts"}],"about":[{"href":"https:\/\/www.sebastien-auziere.fr\/blog\/wp-json\/wp\/v2\/types\/post"}],"author":[{"embeddable":true,"href":"https:\/\/www.sebastien-auziere.fr\/blog\/wp-json\/wp\/v2\/users\/9"}],"replies":[{"embeddable":true,"href":"https:\/\/www.sebastien-auziere.fr\/blog\/wp-json\/wp\/v2\/comments?post=3397"}],"version-history":[{"count":0,"href":"https:\/\/www.sebastien-auziere.fr\/blog\/wp-json\/wp\/v2\/posts\/3397\/revisions"}],"wp:featuredmedia":[{"embeddable":true,"href":"https:\/\/www.sebastien-auziere.fr\/blog\/wp-json\/wp\/v2\/media\/3396"}],"wp:attachment":[{"href":"https:\/\/www.sebastien-auziere.fr\/blog\/wp-json\/wp\/v2\/media?parent=3397"}],"wp:term":[{"taxonomy":"category","embeddable":true,"href":"https:\/\/www.sebastien-auziere.fr\/blog\/wp-json\/wp\/v2\/categories?post=3397"},{"taxonomy":"post_tag","embeddable":true,"href":"https:\/\/www.sebastien-auziere.fr\/blog\/wp-json\/wp\/v2\/tags?post=3397"}],"curies":[{"name":"wp","href":"https:\/\/api.w.org\/{rel}","templated":true}]}}