{"id":3392,"date":"2026-04-27T19:19:46","date_gmt":"2026-04-27T19:19:46","guid":{"rendered":"https:\/\/www.sebastien-auziere.fr\/blog\/?p=3392"},"modified":"2026-04-27T19:20:04","modified_gmt":"2026-04-27T19:20:04","slug":"brigitte-macron-revela-seus-momentos-de-profunda-tristeza-no-coracao-do-elysee","status":"publish","type":"post","link":"https:\/\/www.sebastien-auziere.fr\/blog\/pt\/brigitte-macron-revela-seus-momentos-de-profunda-tristeza-no-coracao-do-elysee\/","title":{"rendered":"Brigitte Macron revela seus momentos de profunda tristeza no cora\u00e7\u00e3o do \u00c9lys\u00e9e"},"content":{"rendered":"<p><strong>Brigitte Macron<\/strong> admitiu sentir-se \u00ab<strong>\u00e0s vezes triste como nunca<\/strong>\u00bb ap\u00f3s nove anos no <strong>Pal\u00e1cio El\u00edsio<\/strong>, revelando um <strong>sentimento<\/strong> \u00edntimo j\u00e1 relatado pelos meios de comunica\u00e7\u00e3o. Voc\u00ea descobrir\u00e1 aqui como essas <strong>emo\u00e7\u00f5es<\/strong> se manifestaram publicamente e quais estrat\u00e9gias a Primeira-dama implementou para preservar sua <strong>intimidade<\/strong> no centro da <strong>vida pol\u00edtica<\/strong>.<\/p>\n\n<p><strong>Em resumo<\/strong>: Brigitte Macron falou sobre seus <strong>momentos dif\u00edceis<\/strong> no Pal\u00e1cio El\u00edsio, citando a caminhada di\u00e1ria e a escrita como formas de escapismo; ela foi v\u00edtima de um grande ciberass\u00e9dio, v\u00e1rias condena\u00e7\u00f5es se seguiram em 2026; seu depoimento, dado ao La Tribune, ilumina a realidade da <strong>fam\u00edlia presidencial<\/strong>.<\/p>\n\n<h2 class=\"wp-block-heading\">Confiss\u00e3o p\u00fablica: \u00ab\u00e0s vezes triste como nunca\u00bb no cora\u00e7\u00e3o do Pal\u00e1cio El\u00edsio<\/h2>\n\n<p>Em uma entrevista ao La Tribune, <strong>Brigitte Macron<\/strong> reconheceu que est\u00e1 passando por per\u00edodos de <strong>tristeza<\/strong> in\u00e9ditos desde sua instala\u00e7\u00e3o no <strong>Pal\u00e1cio El\u00edsio<\/strong>. Ela explica que caminha por uma hora ao dia para n\u00e3o \u00abse sentir presa\u00bb e mant\u00e9m um di\u00e1rio que a ajuda \u00abmuito\u00bb. Este depoimento, republicado por v\u00e1rios ve\u00edculos nacionais, confirma um <strong>momento dif\u00edcil<\/strong> vivido ao longo dos mandatos, e marca uma <strong>revela\u00e7\u00e3o<\/strong> pessoal clara.<\/p>\n\n<h2 class=\"wp-block-heading\">Ciberass\u00e9dio: o impacto na intimidade e no sentimento<\/h2>\n\n<p>A Primeira-dama tamb\u00e9m mencionou o peso dos ataques online: qualificada por alguns meios de comunica\u00e7\u00e3o como \u00aba mulher mais ciberassediada da Fran\u00e7a\u00bb, ela sofreu com rumores e insultos amplamente divulgados. Em janeiro de 2026, v\u00e1rios r\u00e9us foram condenados, com penas de at\u00e9 seis meses de pris\u00e3o por dissemina\u00e7\u00e3o de informa\u00e7\u00f5es falsas. Esta sequ\u00eancia judicial ilustra como a <strong>vida pol\u00edtica<\/strong> pode invadir a vida privada.<\/p>\n\n<h3 class=\"wp-block-heading\">As consequ\u00eancias para a fam\u00edlia presidencial e a postura p\u00fablica<\/h3>\n\n<p>O depoimento destaca a liga\u00e7\u00e3o entre a exposi\u00e7\u00e3o midi\u00e1tica e a fadiga emocional dentro da <strong>fam\u00edlia presidencial<\/strong>. Pierre-Olivier Costa expressou sua decep\u00e7\u00e3o com a pouca manifesta\u00e7\u00e3o p\u00fablica de apoio. Brigitte Macron sublinha que ela \u00abviu a escurid\u00e3o do mundo\u00bb, uma frase que demonstra o quanto o exerc\u00edcio do poder transforma as rela\u00e7\u00f5es sociais e o <strong>sentimento<\/strong> di\u00e1rio. Insight: a notoriedade exige fragilidades assumidas.<\/p>\n\n<h2 class=\"wp-block-heading\">Preservar a intimidade: caminhada, escrita e resist\u00eancia<\/h2>\n\n<p>Para lidar com essas <strong>emo\u00e7\u00f5es<\/strong>, Brigitte Macron encontrou duas sa\u00eddas concretas: a caminhada di\u00e1ria e a escrita de seu di\u00e1rio pessoal. Ela confidencia que esses rituais lhe permitem manter uma certa forma de equil\u00edbrio, apesar da intensidade dos dez anos no Pal\u00e1cio El\u00edsio e da dificuldade \u00e0s vezes de \u00abver o c\u00e9u azul\u00bb. Essa estrat\u00e9gia destaca uma capacidade de adapta\u00e7\u00e3o diante de um papel p\u00fablico exigente. \u00c9 um ensinamento sobre resili\u00eancia.<\/p>\n\n<p>Para aprofundar este retrato de <strong>Brigitte Macron<\/strong> e entender melhor os bastidores da <strong>fam\u00edlia presidencial<\/strong>, consulte as an\u00e1lises e depoimentos detalhados sobre <a href=\"https:\/\/www.sebastien-auziere.fr\/blog\/brigitte-macron-epreuves-elysee\/\">as prova\u00e7\u00f5es no Pal\u00e1cio El\u00edsio<\/a> e sobre <a href=\"https:\/\/www.sebastien-auziere.fr\/blog\/brigitte-macron-tristesse\/\">a dimens\u00e3o \u00edntima de sua tristeza<\/a>. Para saber mais sobre S\u00e9bastien Auzi\u00e8re e a fam\u00edlia Macron, descubra mais em <a href=\"https:\/\/www.sebastien-auziere.fr\/blog\/brigitte-macron-tristesse\/\">sebastien-auziere.fr<\/a>.<\/p>","protected":false},"excerpt":{"rendered":"<p>Brigitte Macron admitiu sentir-se \u00ab\u00e0s vezes triste como nunca\u00bb ap\u00f3s nove anos no Pal\u00e1cio El\u00edsio, revelando um sentimento \u00edntimo j\u00e1 relatado pelos meios de comunica\u00e7\u00e3o. Voc\u00ea descobrir\u00e1 aqui como essas emo\u00e7\u00f5es se manifestaram publicamente e quais estrat\u00e9gias a Primeira-dama implementou para preservar sua intimidade no centro da vida pol\u00edtica. Em resumo: Brigitte Macron falou sobre &#8230; <a title=\"Brigitte Macron revela seus momentos de profunda tristeza no cora\u00e7\u00e3o do \u00c9lys\u00e9e\" class=\"read-more\" href=\"https:\/\/www.sebastien-auziere.fr\/blog\/pt\/brigitte-macron-revela-seus-momentos-de-profunda-tristeza-no-coracao-do-elysee\/\" aria-label=\"En savoir plus sur Brigitte Macron revela seus momentos de profunda tristeza no cora\u00e7\u00e3o do \u00c9lys\u00e9e\">Lire plus<\/a><\/p>\n","protected":false},"author":9,"featured_media":3382,"comment_status":"open","ping_status":"open","sticky":false,"template":"","format":"standard","meta":{"footnotes":""},"categories":[862],"tags":[959,3384,4581,1932,4554],"class_list":["post-3392","post","type-post","status-publish","format-standard","has-post-thumbnail","hentry","category-actualidades-pt","tag-brigitte-macron-pt","tag-elysee-pt","tag-momentos-de-tristeza-pt","tag-primeira-dama-pt","tag-vida-pessoal-pt"],"yoast_head":"<!-- This site is optimized with the Yoast SEO plugin v27.5 - https:\/\/yoast.com\/product\/yoast-seo-wordpress\/ -->\n<title>Brigitte Macron revela seus momentos de profunda tristeza no cora\u00e7\u00e3o do \u00c9lys\u00e9e - Fan site S\u00e9bastien Auzi\u00e8re<\/title>\n<meta name=\"description\" content=\"Brigitte Macron d\u00e9voile ses instants de grande tristesse v\u00e9cus au c\u0153ur de l&#039;\u00c9lys\u00e9e, entre \u00e9motions et coulisses in\u00e9dites.\" \/>\n<meta name=\"robots\" content=\"index, follow, max-snippet:-1, max-image-preview:large, max-video-preview:-1\" \/>\n<link rel=\"canonical\" href=\"https:\/\/www.sebastien-auziere.fr\/blog\/pt\/brigitte-macron-revela-seus-momentos-de-profunda-tristeza-no-coracao-do-elysee\/\" \/>\n<meta property=\"og:locale\" content=\"fr_FR\" \/>\n<meta property=\"og:type\" content=\"article\" \/>\n<meta property=\"og:title\" content=\"Brigitte Macron revela seus momentos de profunda tristeza no cora\u00e7\u00e3o do \u00c9lys\u00e9e - Fan site S\u00e9bastien Auzi\u00e8re\" \/>\n<meta property=\"og:description\" content=\"Brigitte Macron d\u00e9voile ses instants de grande tristesse v\u00e9cus au c\u0153ur de l&#039;\u00c9lys\u00e9e, entre \u00e9motions et coulisses in\u00e9dites.\" \/>\n<meta property=\"og:url\" content=\"https:\/\/www.sebastien-auziere.fr\/blog\/pt\/brigitte-macron-revela-seus-momentos-de-profunda-tristeza-no-coracao-do-elysee\/\" \/>\n<meta property=\"og:site_name\" content=\"Fan site S\u00e9bastien Auzi\u00e8re\" \/>\n<meta property=\"article:published_time\" content=\"2026-04-27T19:19:46+00:00\" \/>\n<meta property=\"article:modified_time\" content=\"2026-04-27T19:20:04+00:00\" \/>\n<meta property=\"og:image\" content=\"https:\/\/www.sebastien-auziere.fr\/blog\/wp-content\/uploads\/2026\/04\/Brigitte-Macron-revele-ses-moments-de-profonde-tristesse-au-coeur-de-lElysee.jpg\" \/>\n\t<meta property=\"og:image:width\" content=\"2560\" \/>\n\t<meta property=\"og:image:height\" content=\"1429\" \/>\n\t<meta property=\"og:image:type\" content=\"image\/jpeg\" \/>\n<meta name=\"author\" content=\"Chloe Gauthier\" \/>\n<meta name=\"twitter:card\" content=\"summary_large_image\" \/>\n<meta name=\"twitter:label1\" content=\"\u00c9crit par\" \/>\n\t<meta name=\"twitter:data1\" content=\"Chloe Gauthier\" \/>\n\t<meta name=\"twitter:label2\" content=\"Dur\u00e9e de lecture estim\u00e9e\" \/>\n\t<meta name=\"twitter:data2\" content=\"3 minutes\" \/>\n<script type=\"application\/ld+json\" class=\"yoast-schema-graph\">{\"@context\":\"https:\\\/\\\/schema.org\",\"@graph\":[{\"@type\":\"Article\",\"@id\":\"https:\\\/\\\/www.sebastien-auziere.fr\\\/blog\\\/pt\\\/brigitte-macron-revela-seus-momentos-de-profunda-tristeza-no-coracao-do-elysee\\\/#article\",\"isPartOf\":{\"@id\":\"https:\\\/\\\/www.sebastien-auziere.fr\\\/blog\\\/pt\\\/brigitte-macron-revela-seus-momentos-de-profunda-tristeza-no-coracao-do-elysee\\\/\"},\"author\":{\"name\":\"Chloe Gauthier\",\"@id\":\"https:\\\/\\\/www.sebastien-auziere.fr\\\/blog\\\/#\\\/schema\\\/person\\\/149f1acdbfd85149c6c3e59adeae2f4d\"},\"headline\":\"Brigitte Macron revela seus momentos de profunda tristeza no cora\u00e7\u00e3o do \u00c9lys\u00e9e\",\"datePublished\":\"2026-04-27T19:19:46+00:00\",\"dateModified\":\"2026-04-27T19:20:04+00:00\",\"mainEntityOfPage\":{\"@id\":\"https:\\\/\\\/www.sebastien-auziere.fr\\\/blog\\\/pt\\\/brigitte-macron-revela-seus-momentos-de-profunda-tristeza-no-coracao-do-elysee\\\/\"},\"wordCount\":540,\"commentCount\":0,\"publisher\":{\"@id\":\"https:\\\/\\\/www.sebastien-auziere.fr\\\/blog\\\/#organization\"},\"image\":{\"@id\":\"https:\\\/\\\/www.sebastien-auziere.fr\\\/blog\\\/pt\\\/brigitte-macron-revela-seus-momentos-de-profunda-tristeza-no-coracao-do-elysee\\\/#primaryimage\"},\"thumbnailUrl\":\"https:\\\/\\\/www.sebastien-auziere.fr\\\/blog\\\/wp-content\\\/uploads\\\/2026\\\/04\\\/Brigitte-Macron-revele-ses-moments-de-profonde-tristesse-au-coeur-de-lElysee.jpg\",\"keywords\":[\"brigitte macron\",\"\u00e9lys\u00e9e\",\"momentos de tristeza\",\"primeira dama\",\"vida pessoal\"],\"articleSection\":[\"Actualidades\"],\"inLanguage\":\"fr-FR\",\"potentialAction\":[{\"@type\":\"CommentAction\",\"name\":\"Comment\",\"target\":[\"https:\\\/\\\/www.sebastien-auziere.fr\\\/blog\\\/pt\\\/brigitte-macron-revela-seus-momentos-de-profunda-tristeza-no-coracao-do-elysee\\\/#respond\"]}]},{\"@type\":\"WebPage\",\"@id\":\"https:\\\/\\\/www.sebastien-auziere.fr\\\/blog\\\/pt\\\/brigitte-macron-revela-seus-momentos-de-profunda-tristeza-no-coracao-do-elysee\\\/\",\"url\":\"https:\\\/\\\/www.sebastien-auziere.fr\\\/blog\\\/pt\\\/brigitte-macron-revela-seus-momentos-de-profunda-tristeza-no-coracao-do-elysee\\\/\",\"name\":\"Brigitte Macron revela seus momentos de profunda tristeza no cora\u00e7\u00e3o do \u00c9lys\u00e9e - Fan site S\u00e9bastien Auzi\u00e8re\",\"isPartOf\":{\"@id\":\"https:\\\/\\\/www.sebastien-auziere.fr\\\/blog\\\/#website\"},\"primaryImageOfPage\":{\"@id\":\"https:\\\/\\\/www.sebastien-auziere.fr\\\/blog\\\/pt\\\/brigitte-macron-revela-seus-momentos-de-profunda-tristeza-no-coracao-do-elysee\\\/#primaryimage\"},\"image\":{\"@id\":\"https:\\\/\\\/www.sebastien-auziere.fr\\\/blog\\\/pt\\\/brigitte-macron-revela-seus-momentos-de-profunda-tristeza-no-coracao-do-elysee\\\/#primaryimage\"},\"thumbnailUrl\":\"https:\\\/\\\/www.sebastien-auziere.fr\\\/blog\\\/wp-content\\\/uploads\\\/2026\\\/04\\\/Brigitte-Macron-revele-ses-moments-de-profonde-tristesse-au-coeur-de-lElysee.jpg\",\"datePublished\":\"2026-04-27T19:19:46+00:00\",\"dateModified\":\"2026-04-27T19:20:04+00:00\",\"description\":\"Brigitte Macron d\u00e9voile ses instants de grande tristesse v\u00e9cus au c\u0153ur de l'\u00c9lys\u00e9e, entre \u00e9motions et coulisses in\u00e9dites.\",\"breadcrumb\":{\"@id\":\"https:\\\/\\\/www.sebastien-auziere.fr\\\/blog\\\/pt\\\/brigitte-macron-revela-seus-momentos-de-profunda-tristeza-no-coracao-do-elysee\\\/#breadcrumb\"},\"inLanguage\":\"fr-FR\",\"potentialAction\":[{\"@type\":\"ReadAction\",\"target\":[\"https:\\\/\\\/www.sebastien-auziere.fr\\\/blog\\\/pt\\\/brigitte-macron-revela-seus-momentos-de-profunda-tristeza-no-coracao-do-elysee\\\/\"]}]},{\"@type\":\"ImageObject\",\"inLanguage\":\"fr-FR\",\"@id\":\"https:\\\/\\\/www.sebastien-auziere.fr\\\/blog\\\/pt\\\/brigitte-macron-revela-seus-momentos-de-profunda-tristeza-no-coracao-do-elysee\\\/#primaryimage\",\"url\":\"https:\\\/\\\/www.sebastien-auziere.fr\\\/blog\\\/wp-content\\\/uploads\\\/2026\\\/04\\\/Brigitte-Macron-revele-ses-moments-de-profonde-tristesse-au-coeur-de-lElysee.jpg\",\"contentUrl\":\"https:\\\/\\\/www.sebastien-auziere.fr\\\/blog\\\/wp-content\\\/uploads\\\/2026\\\/04\\\/Brigitte-Macron-revele-ses-moments-de-profonde-tristesse-au-coeur-de-lElysee.jpg\",\"width\":2560,\"height\":1429,\"caption\":\"d\u00e9couvrez les confidences in\u00e9dites de brigitte macron sur ses instants de grande tristesse v\u00e9cus au palais de l'\u00e9lys\u00e9e, plongeant au c\u0153ur de ses \u00e9motions personnelles.\"},{\"@type\":\"BreadcrumbList\",\"@id\":\"https:\\\/\\\/www.sebastien-auziere.fr\\\/blog\\\/pt\\\/brigitte-macron-revela-seus-momentos-de-profunda-tristeza-no-coracao-do-elysee\\\/#breadcrumb\",\"itemListElement\":[{\"@type\":\"ListItem\",\"position\":1,\"name\":\"Home\",\"item\":\"https:\\\/\\\/www.sebastien-auziere.fr\\\/blog\\\/\"},{\"@type\":\"ListItem\",\"position\":2,\"name\":\"Brigitte Macron revela seus momentos de profunda tristeza no cora\u00e7\u00e3o do \u00c9lys\u00e9e\"}]},{\"@type\":\"WebSite\",\"@id\":\"https:\\\/\\\/www.sebastien-auziere.fr\\\/blog\\\/#website\",\"url\":\"https:\\\/\\\/www.sebastien-auziere.fr\\\/blog\\\/\",\"name\":\"Fan site S\u00e9bastien Auzi\u00e8re\",\"description\":\"M\u00e9dia g\u00e9n\u00e9raliste\",\"publisher\":{\"@id\":\"https:\\\/\\\/www.sebastien-auziere.fr\\\/blog\\\/#organization\"},\"potentialAction\":[{\"@type\":\"SearchAction\",\"target\":{\"@type\":\"EntryPoint\",\"urlTemplate\":\"https:\\\/\\\/www.sebastien-auziere.fr\\\/blog\\\/?s={search_term_string}\"},\"query-input\":{\"@type\":\"PropertyValueSpecification\",\"valueRequired\":true,\"valueName\":\"search_term_string\"}}],\"inLanguage\":\"fr-FR\"},{\"@type\":\"Organization\",\"@id\":\"https:\\\/\\\/www.sebastien-auziere.fr\\\/blog\\\/#organization\",\"name\":\"Fan site S\u00e9bastien Auzi\u00e8re\",\"url\":\"https:\\\/\\\/www.sebastien-auziere.fr\\\/blog\\\/\",\"logo\":{\"@type\":\"ImageObject\",\"inLanguage\":\"fr-FR\",\"@id\":\"https:\\\/\\\/www.sebastien-auziere.fr\\\/blog\\\/#\\\/schema\\\/logo\\\/image\\\/\",\"url\":\"https:\\\/\\\/www.sebastien-auziere.fr\\\/blog\\\/wp-content\\\/uploads\\\/2026\\\/03\\\/cropped-cropped-cropped-ChatGPT-Image-6-mars-2026-12_58_09-e1772798376794.jpg\",\"contentUrl\":\"https:\\\/\\\/www.sebastien-auziere.fr\\\/blog\\\/wp-content\\\/uploads\\\/2026\\\/03\\\/cropped-cropped-cropped-ChatGPT-Image-6-mars-2026-12_58_09-e1772798376794.jpg\",\"width\":512,\"height\":360,\"caption\":\"Fan site S\u00e9bastien Auzi\u00e8re\"},\"image\":{\"@id\":\"https:\\\/\\\/www.sebastien-auziere.fr\\\/blog\\\/#\\\/schema\\\/logo\\\/image\\\/\"}},{\"@type\":\"Person\",\"@id\":\"https:\\\/\\\/www.sebastien-auziere.fr\\\/blog\\\/#\\\/schema\\\/person\\\/149f1acdbfd85149c6c3e59adeae2f4d\",\"name\":\"Chloe Gauthier\",\"image\":{\"@type\":\"ImageObject\",\"inLanguage\":\"fr-FR\",\"@id\":\"https:\\\/\\\/secure.gravatar.com\\\/avatar\\\/2c5722f58171cff738a8985ef0dd66b476e563753246a49019befc837ec4201a?s=96&d=mm&r=g\",\"url\":\"https:\\\/\\\/secure.gravatar.com\\\/avatar\\\/2c5722f58171cff738a8985ef0dd66b476e563753246a49019befc837ec4201a?s=96&d=mm&r=g\",\"contentUrl\":\"https:\\\/\\\/secure.gravatar.com\\\/avatar\\\/2c5722f58171cff738a8985ef0dd66b476e563753246a49019befc837ec4201a?s=96&d=mm&r=g\",\"caption\":\"Chloe Gauthier\"},\"description\":\"Passionn\u00e9e par la politique et admiratrice engag\u00e9e de la famille Macron, je consacre mon \u00e9nergie \u00e0 suivre leurs initiatives et \u00e0 promouvoir leurs id\u00e9es. \u00c0 32 ans, je suis convaincue que leur vision est porteuse d'avenir.\",\"url\":\"https:\\\/\\\/www.sebastien-auziere.fr\\\/blog\\\/author\\\/chloe-gauthier\\\/\"}]}<\/script>\n<!-- \/ Yoast SEO plugin. -->","yoast_head_json":{"title":"Brigitte Macron revela seus momentos de profunda tristeza no cora\u00e7\u00e3o do \u00c9lys\u00e9e - Fan site S\u00e9bastien Auzi\u00e8re","description":"Brigitte Macron d\u00e9voile ses instants de grande tristesse v\u00e9cus au c\u0153ur de l'\u00c9lys\u00e9e, entre \u00e9motions et coulisses in\u00e9dites.","robots":{"index":"index","follow":"follow","max-snippet":"max-snippet:-1","max-image-preview":"max-image-preview:large","max-video-preview":"max-video-preview:-1"},"canonical":"https:\/\/www.sebastien-auziere.fr\/blog\/pt\/brigitte-macron-revela-seus-momentos-de-profunda-tristeza-no-coracao-do-elysee\/","og_locale":"fr_FR","og_type":"article","og_title":"Brigitte Macron revela seus momentos de profunda tristeza no cora\u00e7\u00e3o do \u00c9lys\u00e9e - Fan site S\u00e9bastien Auzi\u00e8re","og_description":"Brigitte Macron d\u00e9voile ses instants de grande tristesse v\u00e9cus au c\u0153ur de l'\u00c9lys\u00e9e, entre \u00e9motions et coulisses in\u00e9dites.","og_url":"https:\/\/www.sebastien-auziere.fr\/blog\/pt\/brigitte-macron-revela-seus-momentos-de-profunda-tristeza-no-coracao-do-elysee\/","og_site_name":"Fan site S\u00e9bastien Auzi\u00e8re","article_published_time":"2026-04-27T19:19:46+00:00","article_modified_time":"2026-04-27T19:20:04+00:00","og_image":[{"width":2560,"height":1429,"url":"https:\/\/www.sebastien-auziere.fr\/blog\/wp-content\/uploads\/2026\/04\/Brigitte-Macron-revele-ses-moments-de-profonde-tristesse-au-coeur-de-lElysee.jpg","type":"image\/jpeg"}],"author":"Chloe Gauthier","twitter_card":"summary_large_image","twitter_misc":{"\u00c9crit par":"Chloe Gauthier","Dur\u00e9e de lecture estim\u00e9e":"3 minutes"},"schema":{"@context":"https:\/\/schema.org","@graph":[{"@type":"Article","@id":"https:\/\/www.sebastien-auziere.fr\/blog\/pt\/brigitte-macron-revela-seus-momentos-de-profunda-tristeza-no-coracao-do-elysee\/#article","isPartOf":{"@id":"https:\/\/www.sebastien-auziere.fr\/blog\/pt\/brigitte-macron-revela-seus-momentos-de-profunda-tristeza-no-coracao-do-elysee\/"},"author":{"name":"Chloe Gauthier","@id":"https:\/\/www.sebastien-auziere.fr\/blog\/#\/schema\/person\/149f1acdbfd85149c6c3e59adeae2f4d"},"headline":"Brigitte Macron revela seus momentos de profunda tristeza no cora\u00e7\u00e3o do \u00c9lys\u00e9e","datePublished":"2026-04-27T19:19:46+00:00","dateModified":"2026-04-27T19:20:04+00:00","mainEntityOfPage":{"@id":"https:\/\/www.sebastien-auziere.fr\/blog\/pt\/brigitte-macron-revela-seus-momentos-de-profunda-tristeza-no-coracao-do-elysee\/"},"wordCount":540,"commentCount":0,"publisher":{"@id":"https:\/\/www.sebastien-auziere.fr\/blog\/#organization"},"image":{"@id":"https:\/\/www.sebastien-auziere.fr\/blog\/pt\/brigitte-macron-revela-seus-momentos-de-profunda-tristeza-no-coracao-do-elysee\/#primaryimage"},"thumbnailUrl":"https:\/\/www.sebastien-auziere.fr\/blog\/wp-content\/uploads\/2026\/04\/Brigitte-Macron-revele-ses-moments-de-profonde-tristesse-au-coeur-de-lElysee.jpg","keywords":["brigitte macron","\u00e9lys\u00e9e","momentos de tristeza","primeira dama","vida pessoal"],"articleSection":["Actualidades"],"inLanguage":"fr-FR","potentialAction":[{"@type":"CommentAction","name":"Comment","target":["https:\/\/www.sebastien-auziere.fr\/blog\/pt\/brigitte-macron-revela-seus-momentos-de-profunda-tristeza-no-coracao-do-elysee\/#respond"]}]},{"@type":"WebPage","@id":"https:\/\/www.sebastien-auziere.fr\/blog\/pt\/brigitte-macron-revela-seus-momentos-de-profunda-tristeza-no-coracao-do-elysee\/","url":"https:\/\/www.sebastien-auziere.fr\/blog\/pt\/brigitte-macron-revela-seus-momentos-de-profunda-tristeza-no-coracao-do-elysee\/","name":"Brigitte Macron revela seus momentos de profunda tristeza no cora\u00e7\u00e3o do \u00c9lys\u00e9e - Fan site S\u00e9bastien Auzi\u00e8re","isPartOf":{"@id":"https:\/\/www.sebastien-auziere.fr\/blog\/#website"},"primaryImageOfPage":{"@id":"https:\/\/www.sebastien-auziere.fr\/blog\/pt\/brigitte-macron-revela-seus-momentos-de-profunda-tristeza-no-coracao-do-elysee\/#primaryimage"},"image":{"@id":"https:\/\/www.sebastien-auziere.fr\/blog\/pt\/brigitte-macron-revela-seus-momentos-de-profunda-tristeza-no-coracao-do-elysee\/#primaryimage"},"thumbnailUrl":"https:\/\/www.sebastien-auziere.fr\/blog\/wp-content\/uploads\/2026\/04\/Brigitte-Macron-revele-ses-moments-de-profonde-tristesse-au-coeur-de-lElysee.jpg","datePublished":"2026-04-27T19:19:46+00:00","dateModified":"2026-04-27T19:20:04+00:00","description":"Brigitte Macron d\u00e9voile ses instants de grande tristesse v\u00e9cus au c\u0153ur de l'\u00c9lys\u00e9e, entre \u00e9motions et coulisses in\u00e9dites.","breadcrumb":{"@id":"https:\/\/www.sebastien-auziere.fr\/blog\/pt\/brigitte-macron-revela-seus-momentos-de-profunda-tristeza-no-coracao-do-elysee\/#breadcrumb"},"inLanguage":"fr-FR","potentialAction":[{"@type":"ReadAction","target":["https:\/\/www.sebastien-auziere.fr\/blog\/pt\/brigitte-macron-revela-seus-momentos-de-profunda-tristeza-no-coracao-do-elysee\/"]}]},{"@type":"ImageObject","inLanguage":"fr-FR","@id":"https:\/\/www.sebastien-auziere.fr\/blog\/pt\/brigitte-macron-revela-seus-momentos-de-profunda-tristeza-no-coracao-do-elysee\/#primaryimage","url":"https:\/\/www.sebastien-auziere.fr\/blog\/wp-content\/uploads\/2026\/04\/Brigitte-Macron-revele-ses-moments-de-profonde-tristesse-au-coeur-de-lElysee.jpg","contentUrl":"https:\/\/www.sebastien-auziere.fr\/blog\/wp-content\/uploads\/2026\/04\/Brigitte-Macron-revele-ses-moments-de-profonde-tristesse-au-coeur-de-lElysee.jpg","width":2560,"height":1429,"caption":"d\u00e9couvrez les confidences in\u00e9dites de brigitte macron sur ses instants de grande tristesse v\u00e9cus au palais de l'\u00e9lys\u00e9e, plongeant au c\u0153ur de ses \u00e9motions personnelles."},{"@type":"BreadcrumbList","@id":"https:\/\/www.sebastien-auziere.fr\/blog\/pt\/brigitte-macron-revela-seus-momentos-de-profunda-tristeza-no-coracao-do-elysee\/#breadcrumb","itemListElement":[{"@type":"ListItem","position":1,"name":"Home","item":"https:\/\/www.sebastien-auziere.fr\/blog\/"},{"@type":"ListItem","position":2,"name":"Brigitte Macron revela seus momentos de profunda tristeza no cora\u00e7\u00e3o do \u00c9lys\u00e9e"}]},{"@type":"WebSite","@id":"https:\/\/www.sebastien-auziere.fr\/blog\/#website","url":"https:\/\/www.sebastien-auziere.fr\/blog\/","name":"Fan site S\u00e9bastien Auzi\u00e8re","description":"M\u00e9dia g\u00e9n\u00e9raliste","publisher":{"@id":"https:\/\/www.sebastien-auziere.fr\/blog\/#organization"},"potentialAction":[{"@type":"SearchAction","target":{"@type":"EntryPoint","urlTemplate":"https:\/\/www.sebastien-auziere.fr\/blog\/?s={search_term_string}"},"query-input":{"@type":"PropertyValueSpecification","valueRequired":true,"valueName":"search_term_string"}}],"inLanguage":"fr-FR"},{"@type":"Organization","@id":"https:\/\/www.sebastien-auziere.fr\/blog\/#organization","name":"Fan site S\u00e9bastien Auzi\u00e8re","url":"https:\/\/www.sebastien-auziere.fr\/blog\/","logo":{"@type":"ImageObject","inLanguage":"fr-FR","@id":"https:\/\/www.sebastien-auziere.fr\/blog\/#\/schema\/logo\/image\/","url":"https:\/\/www.sebastien-auziere.fr\/blog\/wp-content\/uploads\/2026\/03\/cropped-cropped-cropped-ChatGPT-Image-6-mars-2026-12_58_09-e1772798376794.jpg","contentUrl":"https:\/\/www.sebastien-auziere.fr\/blog\/wp-content\/uploads\/2026\/03\/cropped-cropped-cropped-ChatGPT-Image-6-mars-2026-12_58_09-e1772798376794.jpg","width":512,"height":360,"caption":"Fan site S\u00e9bastien Auzi\u00e8re"},"image":{"@id":"https:\/\/www.sebastien-auziere.fr\/blog\/#\/schema\/logo\/image\/"}},{"@type":"Person","@id":"https:\/\/www.sebastien-auziere.fr\/blog\/#\/schema\/person\/149f1acdbfd85149c6c3e59adeae2f4d","name":"Chloe Gauthier","image":{"@type":"ImageObject","inLanguage":"fr-FR","@id":"https:\/\/secure.gravatar.com\/avatar\/2c5722f58171cff738a8985ef0dd66b476e563753246a49019befc837ec4201a?s=96&d=mm&r=g","url":"https:\/\/secure.gravatar.com\/avatar\/2c5722f58171cff738a8985ef0dd66b476e563753246a49019befc837ec4201a?s=96&d=mm&r=g","contentUrl":"https:\/\/secure.gravatar.com\/avatar\/2c5722f58171cff738a8985ef0dd66b476e563753246a49019befc837ec4201a?s=96&d=mm&r=g","caption":"Chloe Gauthier"},"description":"Passionn\u00e9e par la politique et admiratrice engag\u00e9e de la famille Macron, je consacre mon \u00e9nergie \u00e0 suivre leurs initiatives et \u00e0 promouvoir leurs id\u00e9es. \u00c0 32 ans, je suis convaincue que leur vision est porteuse d'avenir.","url":"https:\/\/www.sebastien-auziere.fr\/blog\/author\/chloe-gauthier\/"}]}},"views":0,"_links":{"self":[{"href":"https:\/\/www.sebastien-auziere.fr\/blog\/wp-json\/wp\/v2\/posts\/3392","targetHints":{"allow":["GET"]}}],"collection":[{"href":"https:\/\/www.sebastien-auziere.fr\/blog\/wp-json\/wp\/v2\/posts"}],"about":[{"href":"https:\/\/www.sebastien-auziere.fr\/blog\/wp-json\/wp\/v2\/types\/post"}],"author":[{"embeddable":true,"href":"https:\/\/www.sebastien-auziere.fr\/blog\/wp-json\/wp\/v2\/users\/9"}],"replies":[{"embeddable":true,"href":"https:\/\/www.sebastien-auziere.fr\/blog\/wp-json\/wp\/v2\/comments?post=3392"}],"version-history":[{"count":1,"href":"https:\/\/www.sebastien-auziere.fr\/blog\/wp-json\/wp\/v2\/posts\/3392\/revisions"}],"predecessor-version":[{"id":3393,"href":"https:\/\/www.sebastien-auziere.fr\/blog\/wp-json\/wp\/v2\/posts\/3392\/revisions\/3393"}],"wp:featuredmedia":[{"embeddable":true,"href":"https:\/\/www.sebastien-auziere.fr\/blog\/wp-json\/wp\/v2\/media\/3382"}],"wp:attachment":[{"href":"https:\/\/www.sebastien-auziere.fr\/blog\/wp-json\/wp\/v2\/media?parent=3392"}],"wp:term":[{"taxonomy":"category","embeddable":true,"href":"https:\/\/www.sebastien-auziere.fr\/blog\/wp-json\/wp\/v2\/categories?post=3392"},{"taxonomy":"post_tag","embeddable":true,"href":"https:\/\/www.sebastien-auziere.fr\/blog\/wp-json\/wp\/v2\/tags?post=3392"}],"curies":[{"name":"wp","href":"https:\/\/api.w.org\/{rel}","templated":true}]}}